{"id":2093906,"date":"2026-08-14T14:38:19","date_gmt":"2026-08-14T11:38:19","guid":{"rendered":"https:\/\/analyse.optim.biz\/?p=2093906"},"modified":"2026-08-14T14:38:19","modified_gmt":"2026-08-14T11:38:19","slug":"exclusiv-a-aparut-motivarea-in-procesul-politiei-locale-din-2016-primarul-toma-a-mintit-cand-a-spus-ca-reducerea-posturilor-i-a-fost-impusa-de-curtea-de-conturi","status":"publish","type":"post","link":"https:\/\/analyse.optim.biz\/?p=2093906","title":{"rendered":"EXCLUSIV | A ap\u0103rut motivarea \u00een procesul Poli\u021biei Locale din 2016! Primarul Toma a min\u021bit c\u00e2nd a spus c\u0103 reducerea posturilor i-a fost impus\u0103 de Curtea de Conturi"},"content":{"rendered":"<p>[analyse_image type=&#8221;featured&#8221; src=&#8221;https:\/\/gazetabuzoiana.ro\/wp-content\/uploads\/2026\/03\/tomaaaaaaaaaaaaaaa.jpg&#8221;]<\/p>\n<div class=\"entry-content entry clearfix\">\n<p class=\"wp-block-paragraph\">Motivarea instan\u021bei de fond, publicat\u0103 vineri de Tribunalul Buz\u0103u \u00een procesul privind reorganizarea Poli\u021biei Locale din 2016, aduce \u00een prim-plan un aspect esen\u021bial al \u00eentregului demers prin care administra\u021bia Toma a \u00eencercat s\u0103 reduc\u0103 num\u0103rul poli\u021bi\u0219tilor locali \u0219i s\u0103 desfiin\u021beze sute de posturi. Constantin Toma \u0219i-a justificat \u00een mod repetat aceste m\u0103suri sus\u021bin\u00e2nd c\u0103 era obligat s\u0103 le ia de constat\u0103rile Cur\u021bii de Conturi,\u00eens\u0103 motivarea Tribunalului arat\u0103 c\u0103 lucrurile nu au stat deloc a\u0219a. Aveti documentul mai jos!<\/p>\n<div data-wp-interactive=\"core\/file\" class=\"wp-block-file\"><a id=\"wp-block-file--media-fc87e9de-704d-4bc6-ac4e-1bce389aa17d\" href=\"https:\/\/gazetabuzoiana.ro\/wp-content\/uploads\/2026\/08\/114_29331142016-11400000001354022-1.pdf\">114_29331142016-11400000001354022 (1)<\/a><a href=\"https:\/\/gazetabuzoiana.ro\/wp-content\/uploads\/2026\/08\/114_29331142016-11400000001354022-1.pdf\" class=\"wp-block-file__button wp-element-button\" download aria-describedby=\"wp-block-file--media-fc87e9de-704d-4bc6-ac4e-1bce389aa17d\">Descarc\u0103<\/a><\/div>\n<p class=\"wp-block-paragraph\">Curtea de Conturi constatase o problem\u0103 privind num\u0103rul de posturi \u0219i cheltuielile de personal, \u00eens\u0103 nu \u00eei impusese lui primarului solu\u021bia de a desfiin\u021ba peste 300 de posturi din Poli\u021bia Local\u0103. Aceasta a fost solu\u021bia aleas\u0103 de administra\u021bie, iar instan\u021ba constat\u0103 c\u0103 Prim\u0103ria nu a justificat corespunz\u0103tor de ce tocmai aceast\u0103 variant\u0103 era necesar\u0103.<\/p>\n<p class=\"wp-block-paragraph\">Mai mult de at\u00e2t, atunci c\u00e2nd reorganizarea a fost contestat\u0103 \u00een instan\u021b\u0103, administra\u021bia a invocat decizia Cur\u021bii de Conturi \u0219i raportul de audit pentru a-\u0219i sus\u021bine m\u0103sura. Tribunalul precizeaz\u0103 \u00eens\u0103 c\u0103 motivarea unui act administrativ trebuie s\u0103 existe la momentul adopt\u0103rii sale \u0219i nu poate fi completat\u0103 ulterior, \u00een timpul procesului, prin argumente pe care Prim\u0103ria nu le-a prezentat \u00een fundamentarea hot\u0103r\u00e2rii.<\/p>\n<p class=\"wp-block-paragraph\">Cu alte cuvinte, Curtea de Conturi a constatat problema, dar nu a stabilit \u0219i nu i-a impus absolut deloc solu\u021bia pe care administra\u021bia Toma a ales-o pentru Poli\u021bia Local\u0103. Aceasta este una dintre concluziile importante care se desprind din motivarea Tribunalului Buz\u0103u.<\/p>\n<p class=\"wp-block-paragraph\">\u0218i mai important, Tribunalul a ar\u0103tat c\u0103 Prim\u0103ria nu a explicat suficient de ce trebuia s\u0103 ajung\u0103 la reducerea drastic\u0103 a num\u0103rului de posturi \u0219i nici nu a prezentat o analiz\u0103 privind impactul m\u0103surii asupra siguran\u021bei cet\u0103\u021benilor, economiile rezultate sau posibilitatea unor variante de reorganizare mai pu\u021bin drastice. Din nou o observa\u021bie a unei instan\u021be care \u00eei repro\u0219eaz\u0103 administra\u021biei Toma c\u0103 nu a evaluat suficient consecin\u021bele deciziilor sale asupra cet\u0103\u021benilor. \u00cen cazul de fa\u021b\u0103, \u00eenainte de a decide eliminarea a sute de poli\u021bi\u0219ti locali, Prim\u0103ria trebuia s\u0103 demonstreze ce efect va avea m\u0103sura asupra siguran\u021bei publice \u0219i dac\u0103 solu\u021bia aleas\u0103 era \u00eentr-adev\u0103r cea mai potrivit\u0103.<\/p>\n<p class=\"wp-block-paragraph\">\u00cen aceea\u0219i logic\u0103 trebuie privit\u0103 \u0219i inten\u021bia administra\u021biei de a \u00eenlocui, \u00een \u0219coli, prezen\u021ba poli\u021bi\u0219tilor locali cu firme private de paz\u0103 \u0219i camere de supraveghere. Toma nu a mai apucat s\u0103 pun\u0103 \u00een practic\u0103 aceast\u0103 m\u0103sur\u0103, \u00eens\u0103 direc\u021bia era reducerea rolului Poli\u021biei Locale \u0219i transferarea unor atribu\u021bii c\u0103tre servicii private \u0219i tehnologie, f\u0103r\u0103 o evaluare public\u0103 suficient\u0103 a efectelor asupra siguran\u021bei elevilor.<\/p>\n<p class=\"wp-block-paragraph\">\u00cen timpul procesului, administra\u021bia a \u00eencercat s\u0103 foloseasc\u0103 Decizia Cur\u021bii de Conturi \u0219i raportul de audit pentru a-\u0219i sus\u021bine reorganizarea. Tribunalul a respins \u00eens\u0103 aceast\u0103 justificare ulterioar\u0103 \u0219i a stabilit c\u0103 motivarea unui act administrativ trebuie s\u0103 existe la momentul adopt\u0103rii sale \u0219i nu poate fi completat\u0103 ulterior, prin argumentele formulate de Prim\u0103rie \u00een timpul procesului.<\/p>\n<p class=\"wp-block-paragraph\">Tribunalul a considerat c\u0103 motivarea HCL 193\/2016 a fost insuficient\u0103 \u0219i c\u0103 administra\u021bia nu a demonstrat de ce desfiin\u021barea masiv\u0103 a posturilor era necesar\u0103 \u0219i de ce nu puteau fi g\u0103site alte variante.<\/p>\n<p class=\"wp-block-paragraph\">\u00cen concluzie, nu Curtea de Conturi i-a spus lui Toma s\u0103 dea afar\u0103 peste 300 de poli\u021bi\u0219ti locali. Curtea a constatat o situa\u021bie, iar administra\u021bia Toma a ales solu\u021bia disponibiliz\u0103rii poli\u021bi\u0219tilor locali, iar Tribunalul spune c\u0103 nu a f\u0103cut-o corespunz\u0103tor.<\/p>\n<p class=\"wp-block-paragraph\">\u00cen aceea\u0219i motivare, instan\u021ba a identificat \u0219i alte probleme de legalitate, inclusiv lipsa documenta\u021biei necesare pentru adoptarea hot\u0103r\u00e2rii \u0219i lipsa avizului ANFP pentru reorganizarea efectiv realizat\u0103.<\/p>\n<p class=\"wp-block-paragraph\">Prin urmare, Tribunalul a anulat HCL 193\/2016 \u0219i anexele acesteia \u0219i a acordat, pentru reclaman\u021bii c\u0103rora le-a admis cererea, daune morale de c\u00e2te 2.500 de lei, plata fiind stabilit\u0103 \u00een solidar pentru Municipiul Buz\u0103u, Consiliul Local \u0219i Constantin Toma.<\/p>\n<p class=\"wp-block-paragraph\">Sentin\u021ba nu este definitiv\u0103, iar Prim\u0103ria poate formula recurs.<\/p>\n<p class=\"wp-block-paragraph\">Dosarul din 2016 vine dup\u0103 o serie de litigii \u00een care poli\u021bi\u0219tii locali au contestat m\u0103suri ale administra\u021biei Toma.<\/p>\n<p class=\"wp-block-paragraph\">\u00centr-un alt proces, deschis \u00een 2021, privind cele patru zile f\u0103r\u0103 plat\u0103 impuse poli\u021bi\u0219tilor locali, ace\u0219tia au c\u00e2\u0219tigat pe fond, iar Prim\u0103ria a formulat deja recurs.<\/p>\n<p class=\"wp-block-paragraph\">Exist\u0103 \u0219i un al treilea dosar, privind organigrama din 2023\u20132024, \u00een care solu\u021bia de fond a fost favorabil\u0103 poli\u021bi\u0219tilor locali. Motivarea nu a fost \u00eenc\u0103 transmis\u0103.<\/p>\n<div class=\"post-bottom-meta post-bottom-tags post-tags-modern\">\n<div class=\"post-bottom-meta-title\"> Etichete<\/div>\n<p><span class=\"tagcloud\"><a href=\"https:\/\/gazetabuzoiana.ro\/tag\/administratia-toma-2\/\" rel=\"tag\">administra\u021bia Toma<\/a><a href=\"https:\/\/gazetabuzoiana.ro\/tag\/concedieri-politia-locala\/\" rel=\"tag\">concedieri Poli\u021bia Local\u0103<\/a><a href=\"https:\/\/gazetabuzoiana.ro\/tag\/constantin-toma\/\" rel=\"tag\">constantin toma<\/a><a href=\"https:\/\/gazetabuzoiana.ro\/tag\/curtea-de-conturi\/\" rel=\"tag\">CURTEA DE CONTURI<\/a><a href=\"https:\/\/gazetabuzoiana.ro\/tag\/hcl-193-2016\/\" rel=\"tag\">HCL 193\/2016<\/a><a href=\"https:\/\/gazetabuzoiana.ro\/tag\/instanta-2\/\" rel=\"tag\">instan\u021b\u0103<\/a><a href=\"https:\/\/gazetabuzoiana.ro\/tag\/litigiu-primaria-buzau\/\" rel=\"tag\">litigiu Prim\u0103ria Buz\u0103u<\/a><a href=\"https:\/\/gazetabuzoiana.ro\/tag\/motivare-tribunalul-buzau\/\" rel=\"tag\">motivare Tribunalul Buz\u0103u<\/a><a href=\"https:\/\/gazetabuzoiana.ro\/tag\/organigrama-2016\/\" rel=\"tag\">organigram\u0103 2016<\/a><a href=\"https:\/\/gazetabuzoiana.ro\/tag\/politia-locala-buzau-2\/\" rel=\"tag\">Poli\u021bia Local\u0103 Buz\u0103u<\/a><a href=\"https:\/\/gazetabuzoiana.ro\/tag\/politisti-locali-2\/\" rel=\"tag\">poli\u021bi\u0219ti locali<\/a><a href=\"https:\/\/gazetabuzoiana.ro\/tag\/primaria-buzau\/\" rel=\"tag\">Prim\u0103ria Buz\u0103u<\/a><a href=\"https:\/\/gazetabuzoiana.ro\/tag\/reorganizare-politia-locala\/\" rel=\"tag\">reorganizare Poli\u021bia Local\u0103<\/a><a href=\"https:\/\/gazetabuzoiana.ro\/tag\/tribunalul-buzau-2\/\" rel=\"tag\">Tribunalul Buz\u0103u<\/a><\/span><\/div>\n<\/div>\n<p>[analyse_source url=&#8221;https:\/\/gazetabuzoiana.ro\/2026\/08\/14\/exclusiv-a-aparut-motivarea-in-procesul-politiei-locale-din-2016-primarul-toma-a-mintit-cand-a-spus-ca-reducerea-posturilor-i-a-fost-impusa-de-curtea-de-conturi\/&#8221;]<\/p>\n","protected":false},"excerpt":{"rendered":"<p>[analyse_image type=&#8221;featured&#8221; src=&#8221;https:\/\/gazetabuzoiana.ro\/wp-content\/uploads\/2026\/03\/tomaaaaaaaaaaaaaaa.jpg&#8221;] Motivarea instan\u021bei de fond, publicat\u0103 vineri de Tribunalul Buz\u0103u \u00een procesul privind reorganizarea Poli\u021biei Locale din 2016, aduce \u00een prim-plan un aspect esen\u021bial al \u00eentregului demers prin care administra\u021bia Toma a \u00eencercat s\u0103 reduc\u0103 num\u0103rul poli\u021bi\u0219tilor locali \u0219i s\u0103 desfiin\u021beze sute de posturi. Constantin Toma \u0219i-a justificat \u00een mod repetat aceste m\u0103suri [&hellip;]<\/p>\n","protected":false},"author":1,"featured_media":0,"comment_status":"open","ping_status":"","sticky":false,"template":"","format":"standard","meta":{"footnotes":""},"categories":[2],"tags":[226,38],"class_list":["post-2093906","post","type-post","status-publish","format-standard","hentry","category-politics","tag-crawlmanager","tag-gazetabuzoiana-ro"],"_links":{"self":[{"href":"https:\/\/analyse.optim.biz\/index.php?rest_route=\/wp\/v2\/posts\/2093906","targetHints":{"allow":["GET"]}}],"collection":[{"href":"https:\/\/analyse.optim.biz\/index.php?rest_route=\/wp\/v2\/posts"}],"about":[{"href":"https:\/\/analyse.optim.biz\/index.php?rest_route=\/wp\/v2\/types\/post"}],"author":[{"embeddable":true,"href":"https:\/\/analyse.optim.biz\/index.php?rest_route=\/wp\/v2\/users\/1"}],"replies":[{"embeddable":true,"href":"https:\/\/analyse.optim.biz\/index.php?rest_route=%2Fwp%2Fv2%2Fcomments&post=2093906"}],"version-history":[{"count":0,"href":"https:\/\/analyse.optim.biz\/index.php?rest_route=\/wp\/v2\/posts\/2093906\/revisions"}],"wp:attachment":[{"href":"https:\/\/analyse.optim.biz\/index.php?rest_route=%2Fwp%2Fv2%2Fmedia&parent=2093906"}],"wp:term":[{"taxonomy":"category","embeddable":true,"href":"https:\/\/analyse.optim.biz\/index.php?rest_route=%2Fwp%2Fv2%2Fcategories&post=2093906"},{"taxonomy":"post_tag","embeddable":true,"href":"https:\/\/analyse.optim.biz\/index.php?rest_route=%2Fwp%2Fv2%2Ftags&post=2093906"}],"curies":[{"name":"wp","href":"https:\/\/api.w.org\/{rel}","templated":true}]}}