{"id":2093669,"date":"2026-08-05T00:00:00","date_gmt":"2026-08-04T21:00:00","guid":{"rendered":"https:\/\/analyse.optim.biz\/?p=2093669"},"modified":"2026-08-05T00:00:00","modified_gmt":"2026-08-04T21:00:00","slug":"vrancea-se-pregateste-pentru-comemorarea-eroilor-de-la-marasesti-si-focsani","status":"publish","type":"post","link":"https:\/\/analyse.optim.biz\/?p=2093669","title":{"rendered":"Vrancea se preg\u0103te\u0219te pentru comemorarea eroilor de la M\u0103r\u0103\u0219e\u0219ti \u0219i Foc\u0219ani"},"content":{"rendered":"<p>[analyse_image type=&#8221;featured&#8221; src=&#8221;https:\/\/zdvi.cname.ro\/_\/vrancea-se-pregateste-pentru-comemorarea-eroilor-de-la-marasesti-si-focsani\/mediaPool\/uiRozVg.jpg&#8221;]<\/p>\n<div class=\"main-content detaliu-articol\"><a class=\"titlu-cat-list\" href=\"https:\/\/ziaruldevrancea.ro\/promo\/evenimente-speciale\">Evenimente speciale<\/a><\/p>\n<h1>Vrancea se preg\u0103te\u0219te pentru comemorarea eroilor de la M\u0103r\u0103\u0219e\u0219ti \u0219i Foc\u0219ani<\/h1>\n<div class=\"date-articol clearfix\">\n<div class=\"distribuie-articol dropdown\">\n    Distribuie: \u00a0<br \/>\n    <em>|<\/em><\/div>\n<div class=\"autor-articol\"><a href=\"https:\/\/ziaruldevrancea.ro\/autor\/mircea-pavel\/\"><img decoding=\"async\" class=\"img-circle\" src=\"https:\/\/zdvi.cname.ro\/50_50\/articleAuthor\/mircea-pavel\/articleAuthor\/uqcCx6q.jpg\" alt><\/a><\/p>\n<h5><a href=\"https:\/\/ziaruldevrancea.ro\/autor\/mircea-pavel\/\">Mircea Pavel<\/a><\/h5>\n<div class=\"grup-spatiere\"><span class=\"cu-spatiere\"> 5 aug 2026<\/span><span class=\"cu-spatiere\">623 vizualiz\u0103ri<\/span><\/div>\n<\/div>\n<\/div>\n<div class=\"poza-mare\">\n<div class=\"poza-mare galerie-detaliu\">\n<div id=\"carousel-poza-mare\" class=\"carousel slide carusel-poza\" data-ride=\"carousel\" data-interval=\"0\">\n<div class=\"carousel-inner\" role=\"listbox\">\n<div class=\"item imagine-carusel active\"><a href class=\"openGallery\"><img decoding=\"async\" class=\"img-responsive\" src=\"https:\/\/zdvi.cname.ro\/850_530\/vrancea-se-pregateste-pentru-comemorarea-eroilor-de-la-marasesti-si-focsani\/article\/mediaPool\/uiRozVg.jpg\" alt><\/a><\/div>\n<div class=\"item imagine-carusel \"><a href class=\"openGallery\"><img decoding=\"async\" class=\"img-responsive\" src=\"https:\/\/zdvi.cname.ro\/850_530\/vrancea-se-pregateste-pentru-comemorarea-eroilor-de-la-marasesti-si-focsani\/article\/mediaPool\/u6o9TdA.jpeg\" alt><\/a><\/div>\n<div class=\"item imagine-carusel \"><a href class=\"openGallery\"><img decoding=\"async\" class=\"img-responsive\" src=\"https:\/\/zdvi.cname.ro\/850_530\/vrancea-se-pregateste-pentru-comemorarea-eroilor-de-la-marasesti-si-focsani\/article\/mediaPool\/uGZmhXf.jpeg\" alt><\/a><\/div>\n<div class=\"item imagine-carusel \"><a href class=\"openGallery\"><img decoding=\"async\" class=\"img-responsive\" src=\"https:\/\/zdvi.cname.ro\/850_530\/vrancea-se-pregateste-pentru-comemorarea-eroilor-de-la-marasesti-si-focsani\/article\/mediaPool\/uirHHGV.jpeg\" alt><\/a><\/div>\n<div class=\"item imagine-carusel \"><a href class=\"openGallery\"><img decoding=\"async\" class=\"img-responsive\" src=\"https:\/\/zdvi.cname.ro\/850_530\/vrancea-se-pregateste-pentru-comemorarea-eroilor-de-la-marasesti-si-focsani\/article\/mediaPool\/uu84aqB.jpeg\" alt><\/a><\/div>\n<\/div>\n<\/div>\n<div id=\"carousel-poze-mici\" class=\"carousel slide carusel-mici\" data-ride=\"carousel\" data-interval=\"0\">\n<div class=\"carousel-inner\" role=\"listbox\">\n<div class=\"item active\">\n<ul class=\"navigare-carusel-imagini\">\n<li data-target=\"#carousel-poza-mare\" data-slide-to=\"0\"><img decoding=\"async\" class=\"img-responsive\" src=\"https:\/\/zdvi.cname.ro\/_90\/vrancea-se-pregateste-pentru-comemorarea-eroilor-de-la-marasesti-si-focsani\/article\/mediaPool\/uiRozVg.jpg\" alt><\/li>\n<li data-target=\"#carousel-poza-mare\" data-slide-to=\"1\"><img decoding=\"async\" class=\"img-responsive\" src=\"https:\/\/zdvi.cname.ro\/_90\/vrancea-se-pregateste-pentru-comemorarea-eroilor-de-la-marasesti-si-focsani\/article\/mediaPool\/u6o9TdA.jpeg\" alt><\/li>\n<li data-target=\"#carousel-poza-mare\" data-slide-to=\"2\"><img decoding=\"async\" class=\"img-responsive\" src=\"https:\/\/zdvi.cname.ro\/_90\/vrancea-se-pregateste-pentru-comemorarea-eroilor-de-la-marasesti-si-focsani\/article\/mediaPool\/uGZmhXf.jpeg\" alt><\/li>\n<li data-target=\"#carousel-poza-mare\" data-slide-to=\"3\"><img decoding=\"async\" class=\"img-responsive\" src=\"https:\/\/zdvi.cname.ro\/_90\/vrancea-se-pregateste-pentru-comemorarea-eroilor-de-la-marasesti-si-focsani\/article\/mediaPool\/uirHHGV.jpeg\" alt><\/li>\n<li data-target=\"#carousel-poza-mare\" data-slide-to=\"4\"><img decoding=\"async\" class=\"img-responsive\" src=\"https:\/\/zdvi.cname.ro\/_90\/vrancea-se-pregateste-pentru-comemorarea-eroilor-de-la-marasesti-si-focsani\/article\/mediaPool\/uu84aqB.jpeg\" alt><\/li>\n<\/ul>\n<\/div>\n<\/div>\n<\/div>\n<\/div>\n<\/div>\n<p><strong>Jandarmeria anun\u021b\u0103 m\u0103suri speciale de ordine public\u0103 pentru 6 august.<\/strong><\/p>\n<p><strong>Accesul publicului la ceremoniile dedicate eroilor Primului R\u0103zboi Mondial se va face prin filtre de control, iar utilizarea dronelor f\u0103r\u0103 autoriza\u021bie este interzis\u0103. Autorit\u0103\u021bile fac apel la respectarea recomand\u0103rilor privind siguran\u021ba \u0219i solemnitatea manifest\u0103rilor.<\/strong><\/p>\n<hr>\n<p><strong>Vrancea se preg\u0103te\u0219te pentru comemorarea eroilor de la M\u0103r\u0103\u0219e\u0219ti \u0219i Foc\u0219ani. Jandarmeria anun\u021b\u0103 m\u0103suri speciale de ordine public\u0103 pentru 6 august<\/strong><\/p>\n<p>Jandarmeria Vrancea a anun\u021bat m\u0103surile de ordine \u0219i siguran\u021b\u0103 public\u0103 ce vor fi aplicate joi, <strong>6 august 2026<\/strong>, cu prilejul manifest\u0103rilor comemorative organizate la <strong>Mausoleul Eroilor de la M\u0103r\u0103\u0219e\u0219ti<\/strong> \u0219i la <strong>Mausoleul Sud al Eroilor din Foc\u0219ani<\/strong>, evenimente dedicate cinstirii memoriei militarilor c\u0103zu\u021bi \u00een Primul R\u0103zboi Mondial.<\/p>\n<p>Potrivit unei inform\u0103ri de pres\u0103 transmise miercuri, 5 august, la ora 16:07, jandarmii vr\u00e2nceni vor ac\u021biona \u00eempreun\u0103 cu efective ale <strong>Grup\u0103rii de Jandarmi Mobile Bac\u0103u<\/strong>, Poli\u021biei Rom\u00e2ne, Inspectoratului pentru Situa\u021bii de Urgen\u021b\u0103, Poli\u021biei Locale \u0219i Serviciului de Ambulan\u021b\u0103 Jude\u021bean Vrancea pentru asigurarea unui climat de ordine \u0219i siguran\u021b\u0103 pe \u00eentreaga durat\u0103 a ceremoniilor.<\/p>\n<p><strong>Accesul participan\u021bilor se va realiza prin filtre de control<\/strong><\/p>\n<p>Autorit\u0103\u021bile precizeaz\u0103 c\u0103 persoanele care doresc s\u0103 participe la manifest\u0103rile comemorative vor intra \u00een zonele de desf\u0103\u0219urare <strong>prin filtrele organizate de organizatori \u0219i for\u021bele de ordine<\/strong>, m\u0103sur\u0103 menit\u0103 s\u0103 contribuie la desf\u0103\u0219urarea \u00een condi\u021bii de siguran\u021b\u0103 a evenimentelor.<\/p>\n<p>\u00cen contextul num\u0103rului mare de participan\u021bi a\u0219tepta\u021bi la M\u0103r\u0103\u0219e\u0219ti \u0219i Foc\u0219ani, Jandarmeria recomand\u0103 respectarea indica\u021biilor personalului aflat \u00een teren \u0219i cooperarea cu for\u021bele de ordine.<\/p>\n<p><strong>Recomand\u0103rile adresate participan\u021bilor<\/strong><\/p>\n<p>Av\u00e2nd \u00een vedere caracterul solemn al ceremoniilor, Jandarmeria Vrancea le recomand\u0103 participan\u021bilor:<\/p>\n<ul>\n<li>s\u0103 manifeste un comportament civilizat \u0219i respectuos fa\u021b\u0103 de memoria eroilor;<\/li>\n<li>s\u0103 evite orice conflict \u0219i s\u0103 anun\u021be imediat for\u021bele de ordine dac\u0103 observ\u0103 situa\u021bii suspecte;<\/li>\n<li>s\u0103 respecte indica\u021biile organizatorilor \u0219i ale echipajelor de interven\u021bie;<\/li>\n<li>s\u0103 nu blocheze c\u0103ile de acces \u0219i evacuare \u0219i s\u0103 parcheze doar \u00een spa\u021biile special amenajate;<\/li>\n<li>s\u0103 supravegheze permanent copiii \u0219i bunurile personale;<\/li>\n<li>s\u0103 evite aducerea bagajelor voluminoase sau a obiectelor care nu au leg\u0103tur\u0103 cu evenimentul;<\/li>\n<li>s\u0103 solicite sprijinul echipajelor de jandarmi sau s\u0103 apeleze num\u0103rul unic de urgen\u021b\u0103 <strong>112<\/strong> \u00een cazul \u00een care observ\u0103 persoane aflate \u00een dificultate.<\/li>\n<\/ul>\n<p><strong>Zborurile cu drone sunt interzise f\u0103r\u0103 autoriza\u021bie<\/strong><\/p>\n<p>Un aspect asupra c\u0103ruia Jandarmeria atrage \u00een mod special aten\u021bia \u00eel reprezint\u0103 utilizarea aeronavelor f\u0103r\u0103 pilot la bord.<\/p>\n<p>Conform prevederilor <strong>Hot\u0103r\u00e2rii Guvernului nr. 859\/2021<\/strong>, efectuarea de zboruri cu drone f\u0103r\u0103 ob\u021binerea autoriza\u021biilor necesare este <strong>interzis\u0103<\/strong> \u00een zona manifest\u0103rilor.<\/p>\n<p>M\u0103sura are ca scop protejarea participan\u021bilor \u0219i desf\u0103\u0219urarea \u00een condi\u021bii de siguran\u021b\u0103 a ceremonialelor oficiale.<\/p>\n<p><strong>Ceremonii dedicate eroilor Primului R\u0103zboi Mondial<\/strong><\/p>\n<p>Manifest\u0103rile din 6 august marcheaz\u0103 unul dintre cele mai importante momente din istoria na\u021bional\u0103, fiind dedicate eroilor care au luptat \u00een <strong>B\u0103t\u0103lia de la M\u0103r\u0103\u0219e\u0219ti<\/strong> \u0219i \u00een campaniile Primului R\u0103zboi Mondial.<\/p>\n<p>Autorit\u0103\u021bile subliniaz\u0103 c\u0103 \u00eentreaga mobilizare a structurilor de ordine public\u0103 urm\u0103re\u0219te desf\u0103\u0219urarea comemor\u0103rilor \u00eentr-un climat de siguran\u021b\u0103, respect \u0219i recuno\u0219tin\u021b\u0103 fa\u021b\u0103 de sacrificiul celor care au ap\u0103rat Rom\u00e2nia.<\/p>\n<p><strong>Mircea Pavel<\/strong>\u00a0<\/p>\n<hr>\n<div class=\"bloc-widget widget-rosu\">\n<p>\u00cen lipsa unui acord scris din partea Ziarului de Vrancea, pute\u0163i prelua maxim 500 de caractere din acest articol dac\u0103 preciza\u0163i sursa \u015fi insera\u0163i vizibil link-ul articolului:\u00a0<span>#insertcurrentlinkhere<\/span><\/p>\n<\/div>\n<div class=\"extra-articol listing-anunturi\">\n<h6>Anun\u021buri <span class=\"text-primary\">ZdV<\/span> Premium<\/h6>\n<div class=\"row\">\n<div class=\"col-lg-4 col-md-6 bloc-egal\"><a class=\"card-anunt\" href=\"https:\/\/ziaruldevrancea.ro\/anunturi\/necrolog\/condoleante\/dumnezeu-sa-o-ierte-si-sa-o-odihneasca-in-pacea-sa\"><strong class=\"titlu\">Condolean\u021be<\/strong><span class=\"text-anunt\">Cu deosebit\u0103 triste\u021be anun\u021b\u0103m trecerea la&#8230;<\/span><span class=\"data-anunt\">14.08.2026  <\/span><\/a><\/div>\n<div class=\"col-lg-4 col-md-6 bloc-egal\"><a class=\"card-anunt\" href=\"https:\/\/ziaruldevrancea.ro\/anunturi\/imobiliare\/vanzari-garsoniere\/vand-garsoniera-pe-strada-pictor-grigorescu-nr-29\"><strong class=\"titlu\">V\u00e2nz\u0103ri garsoniere<\/strong><span class=\"text-anunt\">Vand garsoniera pe strada Pictor Grigorescu nr 29&#8230;<\/span><span class=\"data-anunt\">12.08.2026 , Vrancea , Foc\u0219ani<\/span><\/a><\/div>\n<div class=\"col-lg-4 col-md-6 bloc-egal\"><a class=\"card-anunt\" href=\"https:\/\/ziaruldevrancea.ro\/anunturi\/necrolog\/condoleante\/dumnezeu-sa-il-odihneasca-in-pace-anunt-72838\"><strong class=\"titlu\">Condolean\u021be<\/strong><span class=\"text-anunt\">Sindicatul Finan\u021be Vrancea al salaria\u021bilor&#8230;<\/span><span class=\"data-anunt\">12.08.2026  <\/span><\/a><\/div>\n<\/div>\n<\/div>\n<div class=\"extra-articol alte-articole\">\n<div class=\"row\">\n<div class=\"col-lg-6 bloc-egal\">\n<div class=\"card articol-listing\">\n<h6>\u00cen categoria <a href=\"https:\/\/ziaruldevrancea.ro\/promo\/evenimente-speciale\">Evenimente speciale<\/a><\/h6>\n<div class=\"grup-articol-listing\">\n<div class=\"cont-pils\"><a href=\"https:\/\/ziaruldevrancea.ro\/promo\/evenimente-speciale\/varsta-de-aur-pentru-un-vrancean-respectat-emanoil-gaspar-fost-sef-de-post-in-bordesti-a-implinit-100-de-ani\"><img decoding=\"async\" src=\"https:\/\/zdvi.cname.ro\/180_135\/promo\/evenimente-speciale\/varsta-de-aur-pentru-un-vrancean-respectat-emanoil-gaspar-fost-sef-de-post-in-bordesti-a-implinit-100-de-ani\/mediaPool\/uSCQBZM.jpeg\" class=\"img-responsive img-180\" alt><\/a><\/div>\n<h2><a class=\"link-titlu\" href=\"https:\/\/ziaruldevrancea.ro\/promo\/evenimente-speciale\/varsta-de-aur-pentru-un-vrancean-respectat-emanoil-gaspar-fost-sef-de-post-in-bordesti-a-implinit-100-de-ani\">V\u00e2rst\u0103 de aur pentru un vr\u00e2ncean respectat: Emanoil Ga\u0219par, fost \u0219ef de post \u00een Borde\u0219ti, a \u00eemplinit 100 de ani<\/a><\/h2>\n<div class=\"date-post\"><a href=\"https:\/\/ziaruldevrancea.ro\/autor\/radu-tomescu\">Radu Tomescu<\/a>, 12 aug 2026  <\/div>\n<\/div>\n<div class=\"grup-articol-listing\">\n<div class=\"cont-pils\"><a href=\"https:\/\/ziaruldevrancea.ro\/promo\/evenimente-speciale\/video-glasul-buciumului-rasuna-din-nou-in-vrancea.-festival-folcloric-la-spulber-pe-15-si-16-august-2026\"><img decoding=\"async\" src=\"https:\/\/zdvi.cname.ro\/180_135\/promo\/evenimente-speciale\/video-glasul-buciumului-rasuna-din-nou-in-vrancea.-festival-folcloric-la-spulber-pe-15-si-16-august-2026\/mediaPool\/uZQ9I5r.jpg\" class=\"img-responsive img-180\" alt><\/a><\/div>\n<h2><a class=\"link-titlu\" href=\"https:\/\/ziaruldevrancea.ro\/promo\/evenimente-speciale\/video-glasul-buciumului-rasuna-din-nou-in-vrancea.-festival-folcloric-la-spulber-pe-15-si-16-august-2026\">VIDEO | \u201eGlasul Buciumului\u201d r\u0103sun\u0103 din nou \u00een Vrancea. Festival folcloric la Spulber, pe 15 \u0219i 16 august 2026<\/a><\/h2>\n<div class=\"date-post\"><a href=\"https:\/\/ziaruldevrancea.ro\/autor\/camelia-marin\">Camelia Marin<\/a>, 10 aug 2026  <\/div>\n<\/div>\n<div class=\"grup-articol-listing\">\n<div class=\"cont-pils\"><a href=\"https:\/\/ziaruldevrancea.ro\/promo\/evenimente-speciale\/miorita-la-180-de-ani-soveja-devine-pe-14-si-15-august-locul-intalnirii-dintre-balada-traditie-si-memoria-vrancei\"><img decoding=\"async\" src=\"https:\/\/zdvi.cname.ro\/180_135\/promo\/evenimente-speciale\/miorita-la-180-de-ani-soveja-devine-pe-14-si-15-august-locul-intalnirii-dintre-balada-traditie-si-memoria-vrancei\/mediaPool\/udG4gZP.jpg\" class=\"img-responsive img-180\" alt><\/a><\/div>\n<h2><a class=\"link-titlu\" href=\"https:\/\/ziaruldevrancea.ro\/promo\/evenimente-speciale\/miorita-la-180-de-ani-soveja-devine-pe-14-si-15-august-locul-intalnirii-dintre-balada-traditie-si-memoria-vrancei\">Miori\u021ba, la 180 de ani: Soveja devine, pe 14 \u0219i 15 august, locul \u00eent\u00e2lnirii dintre balad\u0103, tradi\u021bie \u0219i memoria Vrancei<\/a><\/h2>\n<div class=\"date-post\"><a href=\"https:\/\/ziaruldevrancea.ro\/autor\/camelia-marin\">Camelia Marin<\/a>,  8 aug 2026  <\/div>\n<\/div>\n<\/div>\n<\/div>\n<div class=\"col-lg-6 bloc-egal\">\n<div class=\"card articol-listing\">\n<h6>De acela\u0219i <a href=\"https:\/\/ziaruldevrancea.ro\/autor\/mircea-pavel\/\">autor<\/a><\/h6>\n<div class=\"grup-articol-listing\">\n<div class=\"cont-pils\"><a href=\"https:\/\/ziaruldevrancea.ro\/promo\/avocatul-poporului-vine-la-focsani.-audiente-pentru-vranceni-pe-19-august-cine-poate-cere-sprijin-si-cum-se-face-inscrierea\"><img decoding=\"async\" src=\"https:\/\/zdvi.cname.ro\/180_135\/promo\/avocatul-poporului-vine-la-focsani.-audiente-pentru-vranceni-pe-19-august-cine-poate-cere-sprijin-si-cum-se-face-inscrierea\/mediaPool\/uyiu3DN.jpeg\" class=\"img-responsive img-180\" alt><\/a><\/div>\n<h2><a class=\"link-titlu\" href=\"https:\/\/ziaruldevrancea.ro\/promo\/avocatul-poporului-vine-la-focsani.-audiente-pentru-vranceni-pe-19-august-cine-poate-cere-sprijin-si-cum-se-face-inscrierea\">Avocatul Poporului vine la Foc\u0219ani. Audien\u021be pentru vr\u00e2nceni pe 19 august: cine poate cere sprijin \u0219i cum se face \u00eenscrierea<\/a><\/h2>\n<div class=\"date-post\"><a href=\"https:\/\/ziaruldevrancea.ro\/autor\/mircea-pavel\">Mircea Pavel<\/a>, 14 aug 2026  <\/div>\n<\/div>\n<div class=\"grup-articol-listing\">\n<div class=\"cont-pils\"><a href=\"https:\/\/ziaruldevrancea.ro\/promo\/brand-voice\/focsani-centrul-de-zi-pentru-varstnici-de-pe-strada-fraternitatii-se-apropie-de-receptia-tehnica\"><img decoding=\"async\" src=\"https:\/\/zdvi.cname.ro\/180_135\/promo\/brand-voice\/focsani-centrul-de-zi-pentru-varstnici-de-pe-strada-fraternitatii-se-apropie-de-receptia-tehnica\/mediaPool\/u3nCvZj.png\" class=\"img-responsive img-180\" alt><\/a><\/div>\n<h2><a class=\"link-titlu\" href=\"https:\/\/ziaruldevrancea.ro\/promo\/brand-voice\/focsani-centrul-de-zi-pentru-varstnici-de-pe-strada-fraternitatii-se-apropie-de-receptia-tehnica\">Foc\u0219ani: Centrul de zi pentru v\u00e2rstnici de pe strada Fraternit\u0103\u021bii se apropie de recep\u021bia tehnic\u0103<\/a><\/h2>\n<div class=\"date-post\"><a href=\"https:\/\/ziaruldevrancea.ro\/autor\/mircea-pavel\">Mircea Pavel<\/a>, 14 aug 2026  <\/div>\n<\/div>\n<div class=\"grup-articol-listing\">\n<div class=\"cont-pils\"><a href=\"https:\/\/ziaruldevrancea.ro\/actualitatea\/stiri-locale\/focsani-portofel-cu-bani-si-documente-gasit-si-predat-politiei-locale.-proprietarul-a-fost-identificat-si-si-a-recuperat-bunurile\"><img decoding=\"async\" src=\"https:\/\/zdvi.cname.ro\/180_135\/actualitatea\/stiri-locale\/focsani-portofel-cu-bani-si-documente-gasit-si-predat-politiei-locale.-proprietarul-a-fost-identificat-si-si-a-recuperat-bunurile\/mediaPool\/uTjLZJS.png\" class=\"img-responsive img-180\" alt><\/a><\/div>\n<h2><a class=\"link-titlu\" href=\"https:\/\/ziaruldevrancea.ro\/actualitatea\/stiri-locale\/focsani-portofel-cu-bani-si-documente-gasit-si-predat-politiei-locale.-proprietarul-a-fost-identificat-si-si-a-recuperat-bunurile\">Foc\u0219ani: Portofel cu bani \u0219i documente, g\u0103sit \u0219i predat Poli\u021biei Locale. Proprietarul a fost identificat \u0219i \u0219i-a recuperat bunurile<\/a><\/h2>\n<div class=\"date-post\"><a href=\"https:\/\/ziaruldevrancea.ro\/autor\/mircea-pavel\">Mircea Pavel<\/a>, 13 aug 2026  <\/div>\n<\/div>\n<\/div>\n<\/div>\n<\/div>\n<\/div>\n<div class=\"extra-articol listing-anunturi\">\n<h6>Anun\u021buri <span class=\"text-primary\">ZdV<\/span> Premium<\/h6>\n<div class=\"row\">\n<div class=\"col-lg-4 col-md-6 bloc-egal\"><a class=\"card-anunt\" href=\"https:\/\/ziaruldevrancea.ro\/anunturi\/necrolog\/condoleante\/dumnezeu-sa-l-odihneasca-in-pace\"><strong class=\"titlu\">Condolean\u021be<\/strong><span class=\"text-anunt\">Comunitatea noastr\u0103 \u00ee\u0219i ia ast\u0103zi&#8230;<\/span><span class=\"data-anunt\">12.08.2026  <\/span><\/a><\/div>\n<div class=\"col-lg-4 col-md-6 bloc-egal\"><a class=\"card-anunt\" href=\"https:\/\/ziaruldevrancea.ro\/anunturi\/auto\/utilaje-camioane\/vand-combina-agricola\"><strong class=\"titlu\">Utilaje-Camioane<\/strong><span class=\"text-anunt\">V\u00e2nd combin\u0103 agricol\u0103 Claas Dominator 85&#8230;<\/span><span class=\"data-anunt\">11.08.2026  <\/span><\/a><\/div>\n<div class=\"col-lg-4 col-md-6 bloc-egal\"><a class=\"card-anunt\" href=\"https:\/\/ziaruldevrancea.ro\/anunturi\/altele\/aniversari\/un-secol-de-viata-pentru-emanoil-gaspar-fost-sef-de-post-in-comuna-bordesti-la-multi-ani-tata\"><strong class=\"titlu\">Anivers\u0103ri<\/strong><span class=\"text-anunt\">Aniversare deosebit\u0103 \u00een Vrancea | Emanoil&#8230;<\/span><span class=\"data-anunt\">12.08.2026  <\/span><\/a><\/div>\n<\/div>\n<\/div>\n<div class=\"bloc-widget widget-albastru\">\n    Ziarul de Vrancea \u00a0nu este responsabil juridic pentru con\u0163inutul textelor din comentariile de mai jos. Responsabilitatea pentru mesajele dumneavoastra v\u0103 revine \u00een exclusivitate.\n<\/div>\n<div class=\"comentarii-articol\" id=\"comentarii\">\n<h3>Comentarii: <span class=\"text-primary\">0<\/span><\/h3>\n<p><a href=\"https:\/\/ziaruldevrancea.ro\/promo\/evenimente-speciale\/vrancea-se-pregateste-pentru-comemorarea-eroilor-de-la-marasesti-si-focsani\" class=\"btn btn-success btn-adauga-com\" data-toggle=\"modal\" data-parent=\"0\" data-target=\"#commentModal\">Adaug\u0103 comentariu<\/a><\/p>\n<div class=\"loadMask comments-mask\"><img decoding=\"async\" src=\"https:\/\/zdvs.cname.ro\/images\/loader_40.gif\"><\/div>\n<div class=\"comenteaza-jos\">Trebuie s\u0103 fii <a href=\"https:\/\/ziaruldevrancea.ro\/account\">autentificat<\/a> pentru a putea <a href=\"https:\/\/ziaruldevrancea.ro\/promo\/evenimente-speciale\/vrancea-se-pregateste-pentru-comemorarea-eroilor-de-la-marasesti-si-focsani\" class data-toggle=\"modal\" data-parent=\"0\" data-target=\"#commentModal\">posta un comentariu<\/a>.<\/div>\n<\/div>\n<div class=\"modal fade\" id=\"commentModal\" role=\"dialog\" aria-labelledby=\"commentModalLabel\">\n<div class=\"modal-dialog modal-lg\" role=\"document\">\n<div class=\"modal-content\">\n<div class=\"modal-header\">\n<h3 class=\"modal-title\" id=\"commentModalLabel\">Comenteaz\u0103<\/h3>\n<\/div>\n<div class=\"modal-body\">\n<div class=\"tabel tabel-full\">\n<div class=\"celula\">\n              Trebuie s\u0103 fii <a href=\"https:\/\/ziaruldevrancea.ro\/account\">autentificat<\/a> pentru a putea posta un comentariu.\n            <\/div>\n<\/div>\n<\/div>\n<div class=\"modal-footer\">\n<div id=\"commentPending\" class=\"formPending pull-left\"><img decoding=\"async\" src=\"https:\/\/zdvs.cname.ro\/images\/loader_40.gif\"> In curs de procesare&#8230;<\/div>\n<p><a href=\"https:\/\/ziaruldevrancea.ro\/promo\/evenimente-speciale\/vrancea-se-pregateste-pentru-comemorarea-eroilor-de-la-marasesti-si-focsani\" class=\"btn btn-default\" data-dismiss=\"modal\">Anuleaz\u0103<\/a><\/div>\n<\/div>\n<\/div>\n<\/div>\n<div class=\"modal fade\" id=\"commentReportModal\" role=\"dialog\" aria-labelledby=\"commentReportModalLabel\">\n<div class=\"modal-dialog modal-lg\" role=\"document\">\n<div class=\"modal-content\">\n<div class=\"modal-header\">\n<h3 class=\"modal-title\" id=\"commentReportModalLabel\">Raporteaza comentariu<\/h3>\n<\/div>\n<div class=\"modal-body\">\n<div class=\"tabel tabel-full\">\n<div class=\"celula\">\n              Trebuie s\u0103 fii <a href=\"https:\/\/ziaruldevrancea.ro\/account\">autentificat<\/a> pentru a putea raporta un comentariu.\n            <\/div>\n<\/div>\n<\/div>\n<div class=\"modal-footer\">\n<div id=\"commentReportPending\" class=\"formPending pull-left\"><img decoding=\"async\" src=\"https:\/\/zdvs.cname.ro\/images\/loader_40.gif\"> In curs de procesare&#8230;<\/div>\n<p><a href=\"https:\/\/ziaruldevrancea.ro\/promo\/evenimente-speciale\/vrancea-se-pregateste-pentru-comemorarea-eroilor-de-la-marasesti-si-focsani\" class=\"btn btn-default\" data-dismiss=\"modal\">Anuleaz\u0103<\/a><\/div>\n<\/div>\n<\/div>\n<\/div>\n<div class=\"modal fade\" id=\"commentLikeModal\" role=\"dialog\" aria-labelledby=\"commentLikeModalLabel\">\n<div class=\"modal-dialog modal-lg\" role=\"document\">\n<div class=\"modal-content\">\n<div class=\"modal-header\">\n<h3 class=\"modal-title\" id=\"commentReportModalLabel\">Apreciaza comentariu<\/h3>\n<\/div>\n<div class=\"modal-body\">\n<div class=\"tabel tabel-full\">\n<div class=\"celula\">\n            Trebuie s\u0103 fii <a href=\"https:\/\/ziaruldevrancea.ro\/account\">autentificat<\/a> pentru a putea aprecia un comentariu.\n          <\/div>\n<\/div>\n<\/div>\n<div class=\"modal-footer\"><a href=\"https:\/\/ziaruldevrancea.ro\/promo\/evenimente-speciale\/vrancea-se-pregateste-pentru-comemorarea-eroilor-de-la-marasesti-si-focsani\" class=\"btn btn-default\" data-dismiss=\"modal\">Anuleaz\u0103<\/a><\/div>\n<\/div>\n<\/div>\n<\/div>\n<div class=\"bloc-widget widget-rosu\"><span><small>Ziarul de Vrancea doreste ca acest site sa fie un spatiu al discutiilor civilizate, al comentariilor de bun simt. Din acest motiv, cei care posteaza comentarii la articole trebuie sa respecte urmatoarele reguli:<br \/>\n1. Sa se refere doar la articolul la care posteaza comentarii.<br \/>\n2. Sa foloseasca un limbaj civilizat, fara injurii, calomnii, comentarii antisemite, xenofobe sau rasiste.<br \/>\n3. Sunt interzise atacurile la adresa autorilor, daca acestea nu au legatura cu textul.<br \/>\n4. Username-ul sa nu fie nume de personalitati ale vietii publice sau parodieri ale acestora.<br \/>\nAutorul unui articol poate fi criticat pentru eventuale greseli, incoerenta, lipsa de documentare etc.<br \/>\nNerespectarea regulilor mentionate mai sus va duce la stergerea comentariilor, fara avertisment si fara explicatii.<br \/>\nAbaterile repetate vor avea drept consecinta interdictia accesului la aceasta facilitate a site-ului.<\/small><\/span><\/div>\n<\/div>\n<p>[analyse_source url=&#8221;https:\/\/ziaruldevrancea.ro\/promo\/evenimente-speciale\/vrancea-se-pregateste-pentru-comemorarea-eroilor-de-la-marasesti-si-focsani&#8221;]<\/p>\n","protected":false},"excerpt":{"rendered":"<p>[analyse_image type=&#8221;featured&#8221; src=&#8221;https:\/\/zdvi.cname.ro\/_\/vrancea-se-pregateste-pentru-comemorarea-eroilor-de-la-marasesti-si-focsani\/mediaPool\/uiRozVg.jpg&#8221;] Evenimente speciale Vrancea se preg\u0103te\u0219te pentru comemorarea eroilor de la M\u0103r\u0103\u0219e\u0219ti \u0219i Foc\u0219ani Distribuie: \u00a0 | Mircea Pavel 5 aug 2026623 vizualiz\u0103ri Jandarmeria anun\u021b\u0103 m\u0103suri speciale de ordine public\u0103 pentru 6 august. Accesul publicului la ceremoniile dedicate eroilor Primului R\u0103zboi Mondial se va face prin filtre de control, iar utilizarea dronelor f\u0103r\u0103 [&hellip;]<\/p>\n","protected":false},"author":1,"featured_media":0,"comment_status":"open","ping_status":"","sticky":false,"template":"","format":"standard","meta":{"footnotes":""},"categories":[89],"tags":[226,208],"class_list":["post-2093669","post","type-post","status-publish","format-standard","hentry","category-romania","tag-crawlmanager","tag-ziaruldevrancea-ro"],"_links":{"self":[{"href":"https:\/\/analyse.optim.biz\/index.php?rest_route=\/wp\/v2\/posts\/2093669","targetHints":{"allow":["GET"]}}],"collection":[{"href":"https:\/\/analyse.optim.biz\/index.php?rest_route=\/wp\/v2\/posts"}],"about":[{"href":"https:\/\/analyse.optim.biz\/index.php?rest_route=\/wp\/v2\/types\/post"}],"author":[{"embeddable":true,"href":"https:\/\/analyse.optim.biz\/index.php?rest_route=\/wp\/v2\/users\/1"}],"replies":[{"embeddable":true,"href":"https:\/\/analyse.optim.biz\/index.php?rest_route=%2Fwp%2Fv2%2Fcomments&post=2093669"}],"version-history":[{"count":0,"href":"https:\/\/analyse.optim.biz\/index.php?rest_route=\/wp\/v2\/posts\/2093669\/revisions"}],"wp:attachment":[{"href":"https:\/\/analyse.optim.biz\/index.php?rest_route=%2Fwp%2Fv2%2Fmedia&parent=2093669"}],"wp:term":[{"taxonomy":"category","embeddable":true,"href":"https:\/\/analyse.optim.biz\/index.php?rest_route=%2Fwp%2Fv2%2Fcategories&post=2093669"},{"taxonomy":"post_tag","embeddable":true,"href":"https:\/\/analyse.optim.biz\/index.php?rest_route=%2Fwp%2Fv2%2Ftags&post=2093669"}],"curies":[{"name":"wp","href":"https:\/\/api.w.org\/{rel}","templated":true}]}}