{"id":2093650,"date":"2026-07-31T00:00:00","date_gmt":"2026-07-30T21:00:00","guid":{"rendered":"https:\/\/analyse.optim.biz\/?p=2093650"},"modified":"2026-07-31T00:00:00","modified_gmt":"2026-07-30T21:00:00","slug":"premiera-in-vrancea-festivalul-florentin-delmar-se-muta-in-piata-unirii-din-focsani-pentru-editia-cu-numarul-51","status":"publish","type":"post","link":"https:\/\/analyse.optim.biz\/?p=2093650","title":{"rendered":"Premier\u0103 \u00een Vrancea: Festivalul \u201eFlorentin Delmar\u201d se mut\u0103 \u00een Pia\u021ba Unirii din Foc\u0219ani pentru edi\u021bia cu num\u0103rul 51"},"content":{"rendered":"<p>[analyse_image type=&#8221;featured&#8221; src=&#8221;https:\/\/zdvi.cname.ro\/_\/premiera-in-vrancea-festivalul-florentin-delmar-se-muta-in-piata-unirii-din-focsani-pentru-editia-cu-numarul-51\/mediaPool\/uoGexif.jpg&#8221;]<\/p>\n<div class=\"main-content detaliu-articol\"><a class=\"titlu-cat-list\" href=\"https:\/\/ziaruldevrancea.ro\/promo\/evenimente-speciale\">Evenimente speciale<\/a><\/p>\n<h1>Premier\u0103 \u00een Vrancea: Festivalul \u201eFlorentin Delmar\u201d se mut\u0103 \u00een Pia\u021ba Unirii din Foc\u0219ani pentru edi\u021bia cu num\u0103rul 51<\/h1>\n<div class=\"date-articol clearfix\">\n<div class=\"distribuie-articol dropdown\">\n    Distribuie: \u00a0<br \/>\n    <em>|<\/em><\/div>\n<div class=\"autor-articol\"><a href=\"https:\/\/ziaruldevrancea.ro\/autor\/camelia-marin\/\"><img decoding=\"async\" class=\"img-circle\" src=\"https:\/\/zdvi.cname.ro\/50_50\/articleAuthor\/camelia-marin\/articleAuthor\/u9DOVkc.jpg\" alt><\/a><\/p>\n<h5><a href=\"https:\/\/ziaruldevrancea.ro\/autor\/camelia-marin\/\">Camelia Marin<\/a><\/h5>\n<div class=\"grup-spatiere\"><span class=\"cu-spatiere\">31 iul 2026<\/span><span class=\"cu-spatiere\">1089 vizualiz\u0103ri<\/span><\/div>\n<\/div>\n<\/div>\n<div class=\"poza-mare\"><a href class=\"openGallery\"><img decoding=\"async\" class=\"img-responsive\" src=\"https:\/\/zdvi.cname.ro\/850_530\/premiera-in-vrancea-festivalul-florentin-delmar-se-muta-in-piata-unirii-din-focsani-pentru-editia-cu-numarul-51\/article\/mediaPool\/uoGexif.jpg\" alt><\/a><\/div>\n<p><strong>Una dintre cele mai importante manifest\u0103ri dedicate muzicii u\u0219oare rom\u00e2ne\u0219ti din Vrancea \u00ee\u0219i schimb\u0103 formatul \u00een 2026. Festivalul-Concurs Na\u021bional de Interpretare a Muzicii U\u0219oare \u201eFlorentin Delmar\u201d va avea loc, pentru prima dat\u0103, \u00een aer liber, \u00een Pia\u021ba Unirii din Foc\u0219ani, \u00eentre 28 \u0219i 30 august, cu recitaluri sus\u021binute de Corina Chiriac \u0219i Ozana Barabancea.<\/strong><\/p>\n<p><strong>Festivalul \u201eFlorentin Delmar\u201d deschide un nou capitol la Foc\u0219ani. Edi\u021bia din acest an se va desf\u0103\u0219ura \u00een Pia\u021ba Unirii<\/strong><\/p>\n<p>Festivalul-Concurs Na\u021bional de Interpretare a Muzicii U\u0219oare \u201eFlorentin Delmar\u201d, unul dintre cele mai longevive evenimente culturale dedicate muzicii u\u0219oare rom\u00e2ne\u0219ti, va aduce \u00een acest an o schimbare important\u0103 pentru publicul din Foc\u0219ani \u0219i din jude\u021bul Vrancea.<\/p>\n<p>Potrivit unei inform\u0103ri publicate joi, 30 iulie 2026, pe pagina de Facebook a Ateneului Popular \u201eMr. Gh. Pastia\u201d Foc\u0219ani, cea de-a 51-a edi\u021bie a festivalului va avea loc pentru prima dat\u0103 \u00een aer liber, \u00een Pia\u021ba Unirii, marc\u00e2nd o nou\u0103 etap\u0103 \u00een evolu\u021bia acestui eveniment de tradi\u021bie.<\/p>\n<p>Organizatorii precizeaz\u0103 c\u0103 mutarea festivalului \u00een centrul municipiului urm\u0103re\u0219te apropierea muzicii u\u0219oare rom\u00e2ne\u0219ti de public \u0219i crearea unui spa\u021biu cultural accesibil unui num\u0103r c\u00e2t mai mare de spectatori. Evenimentul este organizat de Prim\u0103ria Municipiului Foc\u0219ani, prin Teatrul \u201eMr. Gh. Pastia\u201d.<\/p>\n<p><strong>Programul edi\u021biei din 2026<\/strong><\/p>\n<p>Festivalul se va desf\u0103\u0219ura \u00een perioada <strong>28\u201330 august<\/strong>, iar programul anun\u021bat cuprinde:<\/p>\n<ul>\n<li><strong>28 august<\/strong> \u2013 repeti\u021bii desf\u0103\u0219urate cu public;<\/li>\n<li><strong>29 august<\/strong> \u2013 concursul propriu-zis al festivalului, urmat de recitalul sus\u021binut de <strong>Corina Chiriac<\/strong>, acompaniat\u0103 de Orchestra Festivalului, dirijat\u0103 de maestrul <strong>Viorel Gavril\u0103<\/strong>;<\/li>\n<li><strong>30 august<\/strong> \u2013 Gala laurea\u021bilor, urmat\u0103 de concertul extraordinar sus\u021binut de <strong>Ozana Barabancea<\/strong>, al\u0103turi de Corul Pastia \u0219i Orchestra Festivalului, sub bagheta aceluia\u0219i dirijor.<\/li>\n<\/ul>\n<p>Organizatorii apreciaz\u0103 c\u0103 noul format ofer\u0103 concuren\u021bilor posibilitatea de a evolua \u00een fa\u021ba unui public numeros \u0219i contribuie la transformarea Pie\u021bei Unirii \u00eentr-un spa\u021biu dedicat spectacolelor culturale de amploare.<\/p>\n<p><strong>Un festival cu peste jum\u0103tate de secol de tradi\u021bie<\/strong><\/p>\n<p>Ajuns la edi\u021bia cu num\u0103rul 51, Festivalul \u201eFlorentin Delmar\u201d reprezint\u0103 unul dintre reperele culturale ale municipiului Foc\u0219ani \u0219i ale jude\u021bului Vrancea, reunind anual tineri interpre\u021bi din \u00eentreaga \u021bar\u0103.<\/p>\n<p>Prin mutarea \u00een aer liber, edi\u021bia din acest an propune un format diferit fa\u021b\u0103 de anii preceden\u021bi, \u00een \u00eencercarea de a atrage un public mai numeros \u0219i de a transforma festivalul \u00eentr-un eveniment accesibil \u00eentregii comunit\u0103\u021bi.<\/p>\n<p>Potrivit mesajului transmis de organizatori, publicul este invitat s\u0103 participe la cele trei seri de spectacole programate \u00een Pia\u021ba Unirii, unde muzica live, recitalurile invita\u021bilor \u0219i presta\u021biile concuren\u021bilor vor marca desf\u0103\u0219urarea edi\u021biei din 2026.<\/p>\n<p>Dac\u0103 programul va fi men\u021binut conform calendarului anun\u021bat, foc\u0219\u0103nenii \u0219i vizitatorii municipiului vor avea ocazia s\u0103 urm\u0103reasc\u0103, \u00eentre 28 \u0219i 30 august, una dintre cele mai importante manifest\u0103ri muzicale organizate \u00een aceast\u0103 var\u0103 \u00een Vrancea.<\/p>\n<p><strong>Camelia Marin\u00a0<\/strong><\/p>\n<hr>\n<div class=\"bloc-widget widget-rosu\">\n<p>\u00cen lipsa unui acord scris din partea Ziarului de Vrancea, pute\u0163i prelua maxim 500 de caractere din acest articol dac\u0103 preciza\u0163i sursa \u015fi insera\u0163i vizibil link-ul articolului:\u00a0<span>#insertcurrentlinkhere<\/span><\/p>\n<\/div>\n<div class=\"extra-articol listing-anunturi\">\n<h6>Anun\u021buri <span class=\"text-primary\">ZdV<\/span> Premium<\/h6>\n<div class=\"row\">\n<div class=\"col-lg-4 col-md-6 bloc-egal\"><a class=\"card-anunt\" href=\"https:\/\/ziaruldevrancea.ro\/anunturi\/necrolog\/condoleante\/dumnezeu-sa-o-ierte-si-sa-o-odihneasca-in-pacea-sa\"><strong class=\"titlu\">Condolean\u021be<\/strong><span class=\"text-anunt\">Cu deosebit\u0103 triste\u021be anun\u021b\u0103m trecerea la&#8230;<\/span><span class=\"data-anunt\">14.08.2026  <\/span><\/a><\/div>\n<div class=\"col-lg-4 col-md-6 bloc-egal\"><a class=\"card-anunt\" href=\"https:\/\/ziaruldevrancea.ro\/anunturi\/imobiliare\/vanzari-garsoniere\/vand-garsoniera-pe-strada-pictor-grigorescu-nr-29\"><strong class=\"titlu\">V\u00e2nz\u0103ri garsoniere<\/strong><span class=\"text-anunt\">Vand garsoniera pe strada Pictor Grigorescu nr 29&#8230;<\/span><span class=\"data-anunt\">12.08.2026 , Vrancea , Foc\u0219ani<\/span><\/a><\/div>\n<div class=\"col-lg-4 col-md-6 bloc-egal\"><a class=\"card-anunt\" href=\"https:\/\/ziaruldevrancea.ro\/anunturi\/necrolog\/condoleante\/dumnezeu-sa-il-odihneasca-in-pace-anunt-72838\"><strong class=\"titlu\">Condolean\u021be<\/strong><span class=\"text-anunt\">Sindicatul Finan\u021be Vrancea al salaria\u021bilor&#8230;<\/span><span class=\"data-anunt\">12.08.2026  <\/span><\/a><\/div>\n<\/div>\n<\/div>\n<div class=\"extra-articol alte-articole\">\n<div class=\"row\">\n<div class=\"col-lg-6 bloc-egal\">\n<div class=\"card articol-listing\">\n<h6>\u00cen categoria <a href=\"https:\/\/ziaruldevrancea.ro\/promo\/evenimente-speciale\">Evenimente speciale<\/a><\/h6>\n<div class=\"grup-articol-listing\">\n<div class=\"cont-pils\"><a href=\"https:\/\/ziaruldevrancea.ro\/promo\/evenimente-speciale\/varsta-de-aur-pentru-un-vrancean-respectat-emanoil-gaspar-fost-sef-de-post-in-bordesti-a-implinit-100-de-ani\"><img decoding=\"async\" src=\"https:\/\/zdvi.cname.ro\/180_135\/promo\/evenimente-speciale\/varsta-de-aur-pentru-un-vrancean-respectat-emanoil-gaspar-fost-sef-de-post-in-bordesti-a-implinit-100-de-ani\/mediaPool\/uSCQBZM.jpeg\" class=\"img-responsive img-180\" alt><\/a><\/div>\n<h2><a class=\"link-titlu\" href=\"https:\/\/ziaruldevrancea.ro\/promo\/evenimente-speciale\/varsta-de-aur-pentru-un-vrancean-respectat-emanoil-gaspar-fost-sef-de-post-in-bordesti-a-implinit-100-de-ani\">V\u00e2rst\u0103 de aur pentru un vr\u00e2ncean respectat: Emanoil Ga\u0219par, fost \u0219ef de post \u00een Borde\u0219ti, a \u00eemplinit 100 de ani<\/a><\/h2>\n<div class=\"date-post\"><a href=\"https:\/\/ziaruldevrancea.ro\/autor\/radu-tomescu\">Radu Tomescu<\/a>, 12 aug 2026  <\/div>\n<\/div>\n<div class=\"grup-articol-listing\">\n<div class=\"cont-pils\"><a href=\"https:\/\/ziaruldevrancea.ro\/promo\/evenimente-speciale\/video-glasul-buciumului-rasuna-din-nou-in-vrancea.-festival-folcloric-la-spulber-pe-15-si-16-august-2026\"><img decoding=\"async\" src=\"https:\/\/zdvi.cname.ro\/180_135\/promo\/evenimente-speciale\/video-glasul-buciumului-rasuna-din-nou-in-vrancea.-festival-folcloric-la-spulber-pe-15-si-16-august-2026\/mediaPool\/uZQ9I5r.jpg\" class=\"img-responsive img-180\" alt><\/a><\/div>\n<h2><a class=\"link-titlu\" href=\"https:\/\/ziaruldevrancea.ro\/promo\/evenimente-speciale\/video-glasul-buciumului-rasuna-din-nou-in-vrancea.-festival-folcloric-la-spulber-pe-15-si-16-august-2026\">VIDEO | \u201eGlasul Buciumului\u201d r\u0103sun\u0103 din nou \u00een Vrancea. Festival folcloric la Spulber, pe 15 \u0219i 16 august 2026<\/a><\/h2>\n<div class=\"date-post\"><a href=\"https:\/\/ziaruldevrancea.ro\/autor\/camelia-marin\">Camelia Marin<\/a>, 10 aug 2026  <\/div>\n<\/div>\n<div class=\"grup-articol-listing\">\n<div class=\"cont-pils\"><a href=\"https:\/\/ziaruldevrancea.ro\/promo\/evenimente-speciale\/miorita-la-180-de-ani-soveja-devine-pe-14-si-15-august-locul-intalnirii-dintre-balada-traditie-si-memoria-vrancei\"><img decoding=\"async\" src=\"https:\/\/zdvi.cname.ro\/180_135\/promo\/evenimente-speciale\/miorita-la-180-de-ani-soveja-devine-pe-14-si-15-august-locul-intalnirii-dintre-balada-traditie-si-memoria-vrancei\/mediaPool\/udG4gZP.jpg\" class=\"img-responsive img-180\" alt><\/a><\/div>\n<h2><a class=\"link-titlu\" href=\"https:\/\/ziaruldevrancea.ro\/promo\/evenimente-speciale\/miorita-la-180-de-ani-soveja-devine-pe-14-si-15-august-locul-intalnirii-dintre-balada-traditie-si-memoria-vrancei\">Miori\u021ba, la 180 de ani: Soveja devine, pe 14 \u0219i 15 august, locul \u00eent\u00e2lnirii dintre balad\u0103, tradi\u021bie \u0219i memoria Vrancei<\/a><\/h2>\n<div class=\"date-post\"><a href=\"https:\/\/ziaruldevrancea.ro\/autor\/camelia-marin\">Camelia Marin<\/a>,  8 aug 2026  <\/div>\n<\/div>\n<\/div>\n<\/div>\n<div class=\"col-lg-6 bloc-egal\">\n<div class=\"card articol-listing\">\n<h6>De acela\u0219i <a href=\"https:\/\/ziaruldevrancea.ro\/autor\/camelia-marin\/\">autor<\/a><\/h6>\n<div class=\"grup-articol-listing\">\n<div class=\"cont-pils\"><a href=\"https:\/\/ziaruldevrancea.ro\/promo\/brand-voice\/educatie-timpurie-in-vrancea-aproape-1.200-de-copii-din-42-de-comunitati-vulnerabile-inclusi-in-programul-start-in-educatie\"><img decoding=\"async\" src=\"https:\/\/zdvi.cname.ro\/180_135\/promo\/brand-voice\/educatie-timpurie-in-vrancea-aproape-1.200-de-copii-din-42-de-comunitati-vulnerabile-inclusi-in-programul-start-in-educatie\/mediaPool\/uylrdSw.jpg\" class=\"img-responsive img-180\" alt><\/a><\/div>\n<h2><a class=\"link-titlu\" href=\"https:\/\/ziaruldevrancea.ro\/promo\/brand-voice\/educatie-timpurie-in-vrancea-aproape-1.200-de-copii-din-42-de-comunitati-vulnerabile-inclusi-in-programul-start-in-educatie\">Educa\u021bie timpurie \u00een Vrancea: aproape 1.200 de copii din 42 de comunit\u0103\u021bi vulnerabile, inclu\u0219i \u00een programul \u201eStart \u00een educa\u021bie\u201d<\/a><\/h2>\n<div class=\"date-post\"><a href=\"https:\/\/ziaruldevrancea.ro\/autor\/camelia-marin\">Camelia Marin<\/a>, 14 aug 2026  <\/div>\n<\/div>\n<div class=\"grup-articol-listing\">\n<div class=\"cont-pils\"><a href=\"https:\/\/ziaruldevrancea.ro\/timp-liber\/vrancea-culturala-expozitia-personala-a-pictoritei-iuliana-cucu-se-deschide-vineri-la-focsani\"><img decoding=\"async\" src=\"https:\/\/zdvi.cname.ro\/180_135\/timp-liber\/vrancea-culturala-expozitia-personala-a-pictoritei-iuliana-cucu-se-deschide-vineri-la-focsani\/mediaPool\/uyERGYu.jpg\" class=\"img-responsive img-180\" alt><\/a><\/div>\n<h2><a class=\"link-titlu\" href=\"https:\/\/ziaruldevrancea.ro\/timp-liber\/vrancea-culturala-expozitia-personala-a-pictoritei-iuliana-cucu-se-deschide-vineri-la-focsani\">Vrancea cultural\u0103 | Expozi\u021bia personal\u0103 a pictori\u021bei Iuliana Cucu se deschide vineri la Foc\u0219ani<\/a><\/h2>\n<div class=\"date-post\"><a href=\"https:\/\/ziaruldevrancea.ro\/autor\/camelia-marin\">Camelia Marin<\/a>, 12 aug 2026  <\/div>\n<\/div>\n<div class=\"grup-articol-listing\">\n<div class=\"cont-pils\"><a href=\"https:\/\/ziaruldevrancea.ro\/timp-liber\/festivalul-glasul-buciumului-revine-la-spulber-angela-rusu-si-ansambluri-din-vrancea-pe-scena-editiei-a-v-a\"><img decoding=\"async\" src=\"https:\/\/zdvi.cname.ro\/180_135\/timp-liber\/festivalul-glasul-buciumului-revine-la-spulber-angela-rusu-si-ansambluri-din-vrancea-pe-scena-editiei-a-v-a\/mediaPool\/uYLFz25.jpg\" class=\"img-responsive img-180\" alt><\/a><\/div>\n<h2><a class=\"link-titlu\" href=\"https:\/\/ziaruldevrancea.ro\/timp-liber\/festivalul-glasul-buciumului-revine-la-spulber-angela-rusu-si-ansambluri-din-vrancea-pe-scena-editiei-a-v-a\">Festivalul \u201eGlasul Buciumului\u201d revine la Spulber: Angela Rusu \u0219i ansambluri din Vrancea, pe scena edi\u021biei a V-a<\/a><\/h2>\n<div class=\"date-post\"><a href=\"https:\/\/ziaruldevrancea.ro\/autor\/camelia-marin\">Camelia Marin<\/a>, 11 aug 2026  <\/div>\n<\/div>\n<\/div>\n<\/div>\n<\/div>\n<\/div>\n<div class=\"extra-articol listing-anunturi\">\n<h6>Anun\u021buri <span class=\"text-primary\">ZdV<\/span> Premium<\/h6>\n<div class=\"row\">\n<div class=\"col-lg-4 col-md-6 bloc-egal\"><a class=\"card-anunt\" href=\"https:\/\/ziaruldevrancea.ro\/anunturi\/necrolog\/condoleante\/dumnezeu-sa-l-odihneasca-in-pace\"><strong class=\"titlu\">Condolean\u021be<\/strong><span class=\"text-anunt\">Comunitatea noastr\u0103 \u00ee\u0219i ia ast\u0103zi&#8230;<\/span><span class=\"data-anunt\">12.08.2026  <\/span><\/a><\/div>\n<div class=\"col-lg-4 col-md-6 bloc-egal\"><a class=\"card-anunt\" href=\"https:\/\/ziaruldevrancea.ro\/anunturi\/auto\/utilaje-camioane\/vand-combina-agricola\"><strong class=\"titlu\">Utilaje-Camioane<\/strong><span class=\"text-anunt\">V\u00e2nd combin\u0103 agricol\u0103 Claas Dominator 85&#8230;<\/span><span class=\"data-anunt\">11.08.2026  <\/span><\/a><\/div>\n<div class=\"col-lg-4 col-md-6 bloc-egal\"><a class=\"card-anunt\" href=\"https:\/\/ziaruldevrancea.ro\/anunturi\/altele\/aniversari\/un-secol-de-viata-pentru-emanoil-gaspar-fost-sef-de-post-in-comuna-bordesti-la-multi-ani-tata\"><strong class=\"titlu\">Anivers\u0103ri<\/strong><span class=\"text-anunt\">Aniversare deosebit\u0103 \u00een Vrancea | Emanoil&#8230;<\/span><span class=\"data-anunt\">12.08.2026  <\/span><\/a><\/div>\n<\/div>\n<\/div>\n<div class=\"bloc-widget widget-albastru\">\n    Ziarul de Vrancea \u00a0nu este responsabil juridic pentru con\u0163inutul textelor din comentariile de mai jos. Responsabilitatea pentru mesajele dumneavoastra v\u0103 revine \u00een exclusivitate.\n<\/div>\n<div class=\"comentarii-articol\" id=\"comentarii\">\n<h3>Comentarii: <span class=\"text-primary\">0<\/span><\/h3>\n<p><a href=\"https:\/\/ziaruldevrancea.ro\/promo\/evenimente-speciale\/premiera-in-vrancea-festivalul-florentin-delmar-se-muta-in-piata-unirii-din-focsani-pentru-editia-cu-numarul-51\" class=\"btn btn-success btn-adauga-com\" data-toggle=\"modal\" data-parent=\"0\" data-target=\"#commentModal\">Adaug\u0103 comentariu<\/a><\/p>\n<div class=\"loadMask comments-mask\"><img decoding=\"async\" src=\"https:\/\/zdvs.cname.ro\/images\/loader_40.gif\"><\/div>\n<div class=\"comenteaza-jos\">Trebuie s\u0103 fii <a href=\"https:\/\/ziaruldevrancea.ro\/account\">autentificat<\/a> pentru a putea <a href=\"https:\/\/ziaruldevrancea.ro\/promo\/evenimente-speciale\/premiera-in-vrancea-festivalul-florentin-delmar-se-muta-in-piata-unirii-din-focsani-pentru-editia-cu-numarul-51\" class data-toggle=\"modal\" data-parent=\"0\" data-target=\"#commentModal\">posta un comentariu<\/a>.<\/div>\n<\/div>\n<div class=\"modal fade\" id=\"commentModal\" role=\"dialog\" aria-labelledby=\"commentModalLabel\">\n<div class=\"modal-dialog modal-lg\" role=\"document\">\n<div class=\"modal-content\">\n<div class=\"modal-header\">\n<h3 class=\"modal-title\" id=\"commentModalLabel\">Comenteaz\u0103<\/h3>\n<\/div>\n<div class=\"modal-body\">\n<div class=\"tabel tabel-full\">\n<div class=\"celula\">\n              Trebuie s\u0103 fii <a href=\"https:\/\/ziaruldevrancea.ro\/account\">autentificat<\/a> pentru a putea posta un comentariu.\n            <\/div>\n<\/div>\n<\/div>\n<div class=\"modal-footer\">\n<div id=\"commentPending\" class=\"formPending pull-left\"><img decoding=\"async\" src=\"https:\/\/zdvs.cname.ro\/images\/loader_40.gif\"> In curs de procesare&#8230;<\/div>\n<p><a href=\"https:\/\/ziaruldevrancea.ro\/promo\/evenimente-speciale\/premiera-in-vrancea-festivalul-florentin-delmar-se-muta-in-piata-unirii-din-focsani-pentru-editia-cu-numarul-51\" class=\"btn btn-default\" data-dismiss=\"modal\">Anuleaz\u0103<\/a><\/div>\n<\/div>\n<\/div>\n<\/div>\n<div class=\"modal fade\" id=\"commentReportModal\" role=\"dialog\" aria-labelledby=\"commentReportModalLabel\">\n<div class=\"modal-dialog modal-lg\" role=\"document\">\n<div class=\"modal-content\">\n<div class=\"modal-header\">\n<h3 class=\"modal-title\" id=\"commentReportModalLabel\">Raporteaza comentariu<\/h3>\n<\/div>\n<div class=\"modal-body\">\n<div class=\"tabel tabel-full\">\n<div class=\"celula\">\n              Trebuie s\u0103 fii <a href=\"https:\/\/ziaruldevrancea.ro\/account\">autentificat<\/a> pentru a putea raporta un comentariu.\n            <\/div>\n<\/div>\n<\/div>\n<div class=\"modal-footer\">\n<div id=\"commentReportPending\" class=\"formPending pull-left\"><img decoding=\"async\" src=\"https:\/\/zdvs.cname.ro\/images\/loader_40.gif\"> In curs de procesare&#8230;<\/div>\n<p><a href=\"https:\/\/ziaruldevrancea.ro\/promo\/evenimente-speciale\/premiera-in-vrancea-festivalul-florentin-delmar-se-muta-in-piata-unirii-din-focsani-pentru-editia-cu-numarul-51\" class=\"btn btn-default\" data-dismiss=\"modal\">Anuleaz\u0103<\/a><\/div>\n<\/div>\n<\/div>\n<\/div>\n<div class=\"modal fade\" id=\"commentLikeModal\" role=\"dialog\" aria-labelledby=\"commentLikeModalLabel\">\n<div class=\"modal-dialog modal-lg\" role=\"document\">\n<div class=\"modal-content\">\n<div class=\"modal-header\">\n<h3 class=\"modal-title\" id=\"commentReportModalLabel\">Apreciaza comentariu<\/h3>\n<\/div>\n<div class=\"modal-body\">\n<div class=\"tabel tabel-full\">\n<div class=\"celula\">\n            Trebuie s\u0103 fii <a href=\"https:\/\/ziaruldevrancea.ro\/account\">autentificat<\/a> pentru a putea aprecia un comentariu.\n          <\/div>\n<\/div>\n<\/div>\n<div class=\"modal-footer\"><a href=\"https:\/\/ziaruldevrancea.ro\/promo\/evenimente-speciale\/premiera-in-vrancea-festivalul-florentin-delmar-se-muta-in-piata-unirii-din-focsani-pentru-editia-cu-numarul-51\" class=\"btn btn-default\" data-dismiss=\"modal\">Anuleaz\u0103<\/a><\/div>\n<\/div>\n<\/div>\n<\/div>\n<div class=\"bloc-widget widget-rosu\"><span><small>Ziarul de Vrancea doreste ca acest site sa fie un spatiu al discutiilor civilizate, al comentariilor de bun simt. Din acest motiv, cei care posteaza comentarii la articole trebuie sa respecte urmatoarele reguli:<br \/>\n1. Sa se refere doar la articolul la care posteaza comentarii.<br \/>\n2. Sa foloseasca un limbaj civilizat, fara injurii, calomnii, comentarii antisemite, xenofobe sau rasiste.<br \/>\n3. Sunt interzise atacurile la adresa autorilor, daca acestea nu au legatura cu textul.<br \/>\n4. Username-ul sa nu fie nume de personalitati ale vietii publice sau parodieri ale acestora.<br \/>\nAutorul unui articol poate fi criticat pentru eventuale greseli, incoerenta, lipsa de documentare etc.<br \/>\nNerespectarea regulilor mentionate mai sus va duce la stergerea comentariilor, fara avertisment si fara explicatii.<br \/>\nAbaterile repetate vor avea drept consecinta interdictia accesului la aceasta facilitate a site-ului.<\/small><\/span><\/div>\n<\/div>\n<p>[analyse_source url=&#8221;https:\/\/ziaruldevrancea.ro\/promo\/evenimente-speciale\/premiera-in-vrancea-festivalul-florentin-delmar-se-muta-in-piata-unirii-din-focsani-pentru-editia-cu-numarul-51&#8243;]<\/p>\n","protected":false},"excerpt":{"rendered":"<p>[analyse_image type=&#8221;featured&#8221; src=&#8221;https:\/\/zdvi.cname.ro\/_\/premiera-in-vrancea-festivalul-florentin-delmar-se-muta-in-piata-unirii-din-focsani-pentru-editia-cu-numarul-51\/mediaPool\/uoGexif.jpg&#8221;] Evenimente speciale Premier\u0103 \u00een Vrancea: Festivalul \u201eFlorentin Delmar\u201d se mut\u0103 \u00een Pia\u021ba Unirii din Foc\u0219ani pentru edi\u021bia cu num\u0103rul 51 Distribuie: \u00a0 | Camelia Marin 31 iul 20261089 vizualiz\u0103ri Una dintre cele mai importante manifest\u0103ri dedicate muzicii u\u0219oare rom\u00e2ne\u0219ti din Vrancea \u00ee\u0219i schimb\u0103 formatul \u00een 2026. Festivalul-Concurs Na\u021bional de Interpretare a Muzicii [&hellip;]<\/p>\n","protected":false},"author":1,"featured_media":0,"comment_status":"open","ping_status":"","sticky":false,"template":"","format":"standard","meta":{"footnotes":""},"categories":[89],"tags":[226,208],"class_list":["post-2093650","post","type-post","status-publish","format-standard","hentry","category-romania","tag-crawlmanager","tag-ziaruldevrancea-ro"],"_links":{"self":[{"href":"https:\/\/analyse.optim.biz\/index.php?rest_route=\/wp\/v2\/posts\/2093650","targetHints":{"allow":["GET"]}}],"collection":[{"href":"https:\/\/analyse.optim.biz\/index.php?rest_route=\/wp\/v2\/posts"}],"about":[{"href":"https:\/\/analyse.optim.biz\/index.php?rest_route=\/wp\/v2\/types\/post"}],"author":[{"embeddable":true,"href":"https:\/\/analyse.optim.biz\/index.php?rest_route=\/wp\/v2\/users\/1"}],"replies":[{"embeddable":true,"href":"https:\/\/analyse.optim.biz\/index.php?rest_route=%2Fwp%2Fv2%2Fcomments&post=2093650"}],"version-history":[{"count":0,"href":"https:\/\/analyse.optim.biz\/index.php?rest_route=\/wp\/v2\/posts\/2093650\/revisions"}],"wp:attachment":[{"href":"https:\/\/analyse.optim.biz\/index.php?rest_route=%2Fwp%2Fv2%2Fmedia&parent=2093650"}],"wp:term":[{"taxonomy":"category","embeddable":true,"href":"https:\/\/analyse.optim.biz\/index.php?rest_route=%2Fwp%2Fv2%2Fcategories&post=2093650"},{"taxonomy":"post_tag","embeddable":true,"href":"https:\/\/analyse.optim.biz\/index.php?rest_route=%2Fwp%2Fv2%2Ftags&post=2093650"}],"curies":[{"name":"wp","href":"https:\/\/api.w.org\/{rel}","templated":true}]}}