{"id":2093645,"date":"2026-08-14T14:09:08","date_gmt":"2026-08-14T11:09:08","guid":{"rendered":"https:\/\/analyse.optim.biz\/?p=2093645"},"modified":"2026-08-14T14:09:08","modified_gmt":"2026-08-14T11:09:08","slug":"gigacaloria-se-scumpeste-la-ramnicu-valcea-primaria-majoreaza-subventia-noua-centrala-este-asteptata-inaintea-sezonului-rece","status":"publish","type":"post","link":"https:\/\/analyse.optim.biz\/?p=2093645","title":{"rendered":"Gigacaloria se scumpe\u0219te la R\u00e2mnicu V\u00e2lcea: Prim\u0103ria majoreaz\u0103 subven\u021bia, noua central\u0103 este a\u0219teptat\u0103 \u00eenaintea sezonului rece"},"content":{"rendered":"<p>[analyse_image type=&#8221;featured&#8221; src=&#8221;https:\/\/www.impactreal.ro\/wp-content\/uploads\/2026\/08\/primaria-ramnicului.jpg&#8221;]<\/p>\n<div class=\"single-news-content\">\n<div class=\"news-image\"><img loading=\"lazy\" decoding=\"async\" width=\"2048\" height=\"1224\" src=\"https:\/\/www.impactreal.ro\/wp-content\/uploads\/2026\/08\/primaria-ramnicului.jpg\" class=\"img-responsive wp-post-image\" alt=\"Gigacaloria se scumpe\u0219te la R\u00e2mnicu V\u00e2lcea: Prim\u0103ria majoreaz\u0103 subven\u021bia, noua central\u0103 este a\u0219teptat\u0103 \u00eenaintea sezonului rece\"><\/div>\n<div class=\"news-detail clearfix\">\n<div class=\"entry-meta\"><span class=\"posted-date\"><a href=\"https:\/\/www.impactreal.ro\/2026\/08\/14\/gigacaloria-se-scumpeste-la-ramnicu-valcea-primaria-majoreaza-subventia-noua-centrala-este-asteptata-inaintea-sezonului-rece\/\" rel=\"bookmark\"><time class=\"entry-date published\" datetime=\"2026-08-14T17:09:08+03:00\">14 august 2026<\/time><time class=\"updated\" datetime=\"2026-08-14T17:10:53+03:00\">14 august 2026<\/time><\/a><\/span><span class=\"author vcard\"><a href=\"https:\/\/www.impactreal.ro\/author\/claudia-schiopu\/\">Claudia Schiopu<\/a><\/span><span class=\"cat-links\"><a href=\"https:\/\/www.impactreal.ro\/category\/actualitate\/\" rel=\"category tag\">Actual<\/a><a href=\"https:\/\/www.impactreal.ro\/category\/local\/\" rel=\"category tag\">Local<\/a><\/span><\/div>\n<div class=\"news-content editor-content-entry\">\n<p>Consilierii locali din R\u00e2mnicu V\u00e2lcea au aprobat majorarea subven\u021biei acordate popula\u021biei pentru energia termic\u0103, dup\u0103 stabilirea unui tarif mai mare pentru producerea, transportul, distribu\u021bia \u0219i furnizarea c\u0103ldurii. Primarul Mircia Gut\u0103u sus\u021bine c\u0103 m\u0103sura va reduce presiunea asupra facturilor \u0219i anun\u021b\u0103 c\u0103, din toamn\u0103, sprijinul financiar ar trebui completat de Consiliul Jude\u021bean V\u00e2lcea.<\/p>\n<p><strong><u>Subven\u021bia cre\u0219te<\/u><\/strong><\/p>\n<p>Noul tarif al gigacaloriei este mai mare cu 78,67 lei. Pentru a reduce suma care ajunge \u00een facturile r\u00e2mnicenilor racorda\u021bi la sistemul centralizat, Consiliul Local a aprobat cre\u0219terea subven\u021biei de la 52 de lei la 128,67 lei.<\/p>\n<p>Hot\u0103r\u00e2rea a fost adoptat\u0103 vineri, dup\u0103 ce \u0219edin\u021ba programat\u0103 mar\u021bi, 11 august, fusese am\u00e2nat\u0103 din cauza lipsei de cvorum \u00een Comisia nr. 1.<\/p>\n<p>Primarul Mircia Gut\u0103u sus\u021bine c\u0103 m\u0103sura respect\u0103 angajamentul asumat fa\u021b\u0103 de consumatori. Acesta afirm\u0103 c\u0103, \u00eencep\u00e2nd din octombrie, Consiliul Jude\u021bean V\u00e2lcea ar urma s\u0103 acorde o subven\u021bie suplimentar\u0103 de 125 de lei pentru fiecare gigacalorie.<\/p>\n<p><strong><u>Agent termic cump\u0103rat de la un produc\u0103tor privat<\/u><\/strong><\/p>\n<p>Consilierii locali au modificat \u0219i Hot\u0103r\u00e2rea Consiliului Local nr. 226 din 30 iunie 2026. Schimbarea permite CET Govora s\u0103 cumpere agent termic de la al\u021bi produc\u0103tori autoriza\u021bi, chiar dac\u0103 societatea nu mai dispune de produc\u021bie proprie.<\/p>\n<p>Solu\u021bia aleas\u0103 pentru lunile urm\u0103toare este achizi\u021bionarea agentului termic de la o firm\u0103 privat\u0103 care produce energie prin cogenerare. \u00a0Pre\u021bul aprobat de Autoritatea Na\u021bional\u0103 de Reglementare pentru Serviciile Comunitare de Utilit\u0103\u021bi Publice este mai mic dec\u00e2t costul ob\u021binut prin folosirea gazului.<\/p>\n<p>Produc\u0103torul privat poate furniza \u00eens\u0103 numai agentul termic necesar pentru apa cald\u0103. Capacitatea disponibil\u0103 nu este suficient\u0103 pentru asigurarea \u00eenc\u0103lzirii pe durata sezonului rece.<\/p>\n<p><strong><u>Noua central\u0103, a\u0219teptat\u0103 \u00een octombrie<\/u><\/strong><\/p>\n<p>Retragerea grupurilor pe lignit oblig\u0103 autorit\u0103\u021bile s\u0103 g\u0103seasc\u0103 o solu\u021bie pentru continuitatea serviciului de termoficare. Noua central\u0103 construit\u0103 de Consiliul Jude\u021bean V\u00e2lcea ar urma s\u0103 devin\u0103 func\u021bional\u0103 \u00een a doua parte a lunii octombrie.<\/p>\n<p>Costul energiei termice produse cu gaz va depinde direct de pre\u021bul combustibilului. O cre\u0219tere a pre\u021bului gazului va duce la o gigacalorie mai scump\u0103, dup\u0103 cum o eventual\u0103 ieftinire ar putea reduce costurile.<\/p>\n<p><strong><em><u>Mircia Gut\u0103u: \u201eMi-am onorat promisiunea pe care am f\u0103cut-o fa\u021b\u0103 de cet\u0103\u021beni\u201d<\/u><\/em><\/strong><\/p>\n<p>Primarul municipiului R\u00e2mnicu V\u00e2lcea, Mircia Gut\u0103u, afirm\u0103 c\u0103 folosirea temporar\u0103 a agentului termic produs prin cogenerare este cea mai avantajoas\u0103 solu\u021bie disponibil\u0103<em><strong>: <\/strong><\/em>\u201e<em>Cu siguran\u021b\u0103, pre\u021bul gigacaloriei pe gaz este mai mare dec\u00e2t pre\u021bul gigacaloriei ob\u021binute dintr-o central\u0103 de cogenerare. \u0218i atunci noi am c\u0103utat, din punct de vedere economic, \u0219i mul\u021bumim lui Dumnezeu c\u0103 exist\u0103 o firm\u0103 privat\u0103 care ne poate da acest agent termic la un pre\u021b aprobat de ANRSC, care este mai mic dec\u00e2t cel pe gaz. \u0218i atunci interesul nostru este s\u0103 pl\u0103tim c\u00e2t mai pu\u021bin p\u00e2n\u0103 \u00een sezonul rece, pentru c\u0103 aceast\u0103 firm\u0103 nu poate asigura agentul termic dec\u00e2t pentru ap\u0103 cald\u0103. Pentru iarn\u0103 nu are capacitate suficient\u0103 s\u0103 ne asigure \u0219i c\u0103ldura. Deci este normal s\u0103 mergem la pre\u021bul mai mic, care se ob\u021bine pe centrala de cogenerare, \u0219i s\u0103 nu folosim \u00eenc\u0103 cazanul pe gaz al CET pe care \u00eel avem noi \u00een dotare, pentru c\u0103 acolo tot ce este pe gaz este mult mai scump.<\/em><\/p>\n<p><em>\u00cencep\u00e2nd din octombrie, CAV-urile vor intra \u00een func\u021biune. Pre\u021bul gigacaloriei, a\u0219a cum am mai spus, rezultat din folosirea gazului va fi mai ridicat \u0219i depinde foarte mult de gaz. Dac\u0103 pre\u021bul gazului scade, va fi mai mic, dac\u0103 acesta cre\u0219te, va fi mai ridicat. \u0218i atunci am luat aceast\u0103 decizie \u0219i mi-am onorat promisiunea pe care am f\u0103cut-o fa\u021b\u0103 de cet\u0103\u021beni, s\u0103 asigur o subven\u021bie, s\u0103 m\u0103resc subven\u021bia la 125 plus TVA. De fapt, s-a f\u0103cut 128 plus TVA, urm\u00e2nd ca, \u00een toamn\u0103, din octombrie, s\u0103 \u00ee\u0219i onoreze promisiunea \u0219i Consiliul Jude\u021bean, cu \u00eenc\u0103 125 de lei. Am promis atunci, acum c\u00e2teva luni, c\u0103 vom asigura subven\u021bii de 250 de lei pe gigacalorie<\/em>\u201d, a declarat Mircia Gut\u0103u.<\/p>\n<\/div>\n<\/div>\n<\/div>\n<div class=\"news-content editor-content-entry\">\n<p>Consilierii locali din R\u00e2mnicu V\u00e2lcea au aprobat majorarea subven\u021biei acordate popula\u021biei pentru energia termic\u0103, dup\u0103 stabilirea unui tarif mai mare pentru producerea, transportul, distribu\u021bia \u0219i furnizarea c\u0103ldurii. Primarul Mircia Gut\u0103u sus\u021bine c\u0103 m\u0103sura va reduce presiunea asupra facturilor \u0219i anun\u021b\u0103 c\u0103, din toamn\u0103, sprijinul financiar ar trebui completat de Consiliul Jude\u021bean V\u00e2lcea.<\/p>\n<p><strong><u>Subven\u021bia cre\u0219te<\/u><\/strong><\/p>\n<p>Noul tarif al gigacaloriei este mai mare cu 78,67 lei. Pentru a reduce suma care ajunge \u00een facturile r\u00e2mnicenilor racorda\u021bi la sistemul centralizat, Consiliul Local a aprobat cre\u0219terea subven\u021biei de la 52 de lei la 128,67 lei.<\/p>\n<p>Hot\u0103r\u00e2rea a fost adoptat\u0103 vineri, dup\u0103 ce \u0219edin\u021ba programat\u0103 mar\u021bi, 11 august, fusese am\u00e2nat\u0103 din cauza lipsei de cvorum \u00een Comisia nr. 1.<\/p>\n<p>Primarul Mircia Gut\u0103u sus\u021bine c\u0103 m\u0103sura respect\u0103 angajamentul asumat fa\u021b\u0103 de consumatori. Acesta afirm\u0103 c\u0103, \u00eencep\u00e2nd din octombrie, Consiliul Jude\u021bean V\u00e2lcea ar urma s\u0103 acorde o subven\u021bie suplimentar\u0103 de 125 de lei pentru fiecare gigacalorie.<\/p>\n<p><strong><u>Agent termic cump\u0103rat de la un produc\u0103tor privat<\/u><\/strong><\/p>\n<p>Consilierii locali au modificat \u0219i Hot\u0103r\u00e2rea Consiliului Local nr. 226 din 30 iunie 2026. Schimbarea permite CET Govora s\u0103 cumpere agent termic de la al\u021bi produc\u0103tori autoriza\u021bi, chiar dac\u0103 societatea nu mai dispune de produc\u021bie proprie.<\/p>\n<p>Solu\u021bia aleas\u0103 pentru lunile urm\u0103toare este achizi\u021bionarea agentului termic de la o firm\u0103 privat\u0103 care produce energie prin cogenerare. \u00a0Pre\u021bul aprobat de Autoritatea Na\u021bional\u0103 de Reglementare pentru Serviciile Comunitare de Utilit\u0103\u021bi Publice este mai mic dec\u00e2t costul ob\u021binut prin folosirea gazului.<\/p>\n<p>Produc\u0103torul privat poate furniza \u00eens\u0103 numai agentul termic necesar pentru apa cald\u0103. Capacitatea disponibil\u0103 nu este suficient\u0103 pentru asigurarea \u00eenc\u0103lzirii pe durata sezonului rece.<\/p>\n<p><strong><u>Noua central\u0103, a\u0219teptat\u0103 \u00een octombrie<\/u><\/strong><\/p>\n<p>Retragerea grupurilor pe lignit oblig\u0103 autorit\u0103\u021bile s\u0103 g\u0103seasc\u0103 o solu\u021bie pentru continuitatea serviciului de termoficare. Noua central\u0103 construit\u0103 de Consiliul Jude\u021bean V\u00e2lcea ar urma s\u0103 devin\u0103 func\u021bional\u0103 \u00een a doua parte a lunii octombrie.<\/p>\n<p>Costul energiei termice produse cu gaz va depinde direct de pre\u021bul combustibilului. O cre\u0219tere a pre\u021bului gazului va duce la o gigacalorie mai scump\u0103, dup\u0103 cum o eventual\u0103 ieftinire ar putea reduce costurile.<\/p>\n<p><strong><em><u>Mircia Gut\u0103u: \u201eMi-am onorat promisiunea pe care am f\u0103cut-o fa\u021b\u0103 de cet\u0103\u021beni\u201d<\/u><\/em><\/strong><\/p>\n<p>Primarul municipiului R\u00e2mnicu V\u00e2lcea, Mircia Gut\u0103u, afirm\u0103 c\u0103 folosirea temporar\u0103 a agentului termic produs prin cogenerare este cea mai avantajoas\u0103 solu\u021bie disponibil\u0103<em><strong>: <\/strong><\/em>\u201e<em>Cu siguran\u021b\u0103, pre\u021bul gigacaloriei pe gaz este mai mare dec\u00e2t pre\u021bul gigacaloriei ob\u021binute dintr-o central\u0103 de cogenerare. \u0218i atunci noi am c\u0103utat, din punct de vedere economic, \u0219i mul\u021bumim lui Dumnezeu c\u0103 exist\u0103 o firm\u0103 privat\u0103 care ne poate da acest agent termic la un pre\u021b aprobat de ANRSC, care este mai mic dec\u00e2t cel pe gaz. \u0218i atunci interesul nostru este s\u0103 pl\u0103tim c\u00e2t mai pu\u021bin p\u00e2n\u0103 \u00een sezonul rece, pentru c\u0103 aceast\u0103 firm\u0103 nu poate asigura agentul termic dec\u00e2t pentru ap\u0103 cald\u0103. Pentru iarn\u0103 nu are capacitate suficient\u0103 s\u0103 ne asigure \u0219i c\u0103ldura. Deci este normal s\u0103 mergem la pre\u021bul mai mic, care se ob\u021bine pe centrala de cogenerare, \u0219i s\u0103 nu folosim \u00eenc\u0103 cazanul pe gaz al CET pe care \u00eel avem noi \u00een dotare, pentru c\u0103 acolo tot ce este pe gaz este mult mai scump.<\/em><\/p>\n<p><em>\u00cencep\u00e2nd din octombrie, CAV-urile vor intra \u00een func\u021biune. Pre\u021bul gigacaloriei, a\u0219a cum am mai spus, rezultat din folosirea gazului va fi mai ridicat \u0219i depinde foarte mult de gaz. Dac\u0103 pre\u021bul gazului scade, va fi mai mic, dac\u0103 acesta cre\u0219te, va fi mai ridicat. \u0218i atunci am luat aceast\u0103 decizie \u0219i mi-am onorat promisiunea pe care am f\u0103cut-o fa\u021b\u0103 de cet\u0103\u021beni, s\u0103 asigur o subven\u021bie, s\u0103 m\u0103resc subven\u021bia la 125 plus TVA. De fapt, s-a f\u0103cut 128 plus TVA, urm\u00e2nd ca, \u00een toamn\u0103, din octombrie, s\u0103 \u00ee\u0219i onoreze promisiunea \u0219i Consiliul Jude\u021bean, cu \u00eenc\u0103 125 de lei. Am promis atunci, acum c\u00e2teva luni, c\u0103 vom asigura subven\u021bii de 250 de lei pe gigacalorie<\/em>\u201d, a declarat Mircia Gut\u0103u.<\/p>\n<\/div>\n<div class=\"news-content editor-content-entry\">\n<p>Consilierii locali din R\u00e2mnicu V\u00e2lcea au aprobat majorarea subven\u021biei acordate popula\u021biei pentru energia termic\u0103, dup\u0103 stabilirea unui tarif mai mare pentru producerea, transportul, distribu\u021bia \u0219i furnizarea c\u0103ldurii. Primarul Mircia Gut\u0103u sus\u021bine c\u0103 m\u0103sura va reduce presiunea asupra facturilor \u0219i anun\u021b\u0103 c\u0103, din toamn\u0103, sprijinul financiar ar trebui completat de Consiliul Jude\u021bean V\u00e2lcea.<\/p>\n<p><strong><u>Subven\u021bia cre\u0219te<\/u><\/strong><\/p>\n<p>Noul tarif al gigacaloriei este mai mare cu 78,67 lei. Pentru a reduce suma care ajunge \u00een facturile r\u00e2mnicenilor racorda\u021bi la sistemul centralizat, Consiliul Local a aprobat cre\u0219terea subven\u021biei de la 52 de lei la 128,67 lei.<\/p>\n<p>Hot\u0103r\u00e2rea a fost adoptat\u0103 vineri, dup\u0103 ce \u0219edin\u021ba programat\u0103 mar\u021bi, 11 august, fusese am\u00e2nat\u0103 din cauza lipsei de cvorum \u00een Comisia nr. 1.<\/p>\n<p>Primarul Mircia Gut\u0103u sus\u021bine c\u0103 m\u0103sura respect\u0103 angajamentul asumat fa\u021b\u0103 de consumatori. Acesta afirm\u0103 c\u0103, \u00eencep\u00e2nd din octombrie, Consiliul Jude\u021bean V\u00e2lcea ar urma s\u0103 acorde o subven\u021bie suplimentar\u0103 de 125 de lei pentru fiecare gigacalorie.<\/p>\n<p><strong><u>Agent termic cump\u0103rat de la un produc\u0103tor privat<\/u><\/strong><\/p>\n<p>Consilierii locali au modificat \u0219i Hot\u0103r\u00e2rea Consiliului Local nr. 226 din 30 iunie 2026. Schimbarea permite CET Govora s\u0103 cumpere agent termic de la al\u021bi produc\u0103tori autoriza\u021bi, chiar dac\u0103 societatea nu mai dispune de produc\u021bie proprie.<\/p>\n<p>Solu\u021bia aleas\u0103 pentru lunile urm\u0103toare este achizi\u021bionarea agentului termic de la o firm\u0103 privat\u0103 care produce energie prin cogenerare. \u00a0Pre\u021bul aprobat de Autoritatea Na\u021bional\u0103 de Reglementare pentru Serviciile Comunitare de Utilit\u0103\u021bi Publice este mai mic dec\u00e2t costul ob\u021binut prin folosirea gazului.<\/p>\n<p>Produc\u0103torul privat poate furniza \u00eens\u0103 numai agentul termic necesar pentru apa cald\u0103. Capacitatea disponibil\u0103 nu este suficient\u0103 pentru asigurarea \u00eenc\u0103lzirii pe durata sezonului rece.<\/p>\n<p><strong><u>Noua central\u0103, a\u0219teptat\u0103 \u00een octombrie<\/u><\/strong><\/p>\n<p>Retragerea grupurilor pe lignit oblig\u0103 autorit\u0103\u021bile s\u0103 g\u0103seasc\u0103 o solu\u021bie pentru continuitatea serviciului de termoficare. Noua central\u0103 construit\u0103 de Consiliul Jude\u021bean V\u00e2lcea ar urma s\u0103 devin\u0103 func\u021bional\u0103 \u00een a doua parte a lunii octombrie.<\/p>\n<p>Costul energiei termice produse cu gaz va depinde direct de pre\u021bul combustibilului. O cre\u0219tere a pre\u021bului gazului va duce la o gigacalorie mai scump\u0103, dup\u0103 cum o eventual\u0103 ieftinire ar putea reduce costurile.<\/p>\n<p><strong><em><u>Mircia Gut\u0103u: \u201eMi-am onorat promisiunea pe care am f\u0103cut-o fa\u021b\u0103 de cet\u0103\u021beni\u201d<\/u><\/em><\/strong><\/p>\n<p>Primarul municipiului R\u00e2mnicu V\u00e2lcea, Mircia Gut\u0103u, afirm\u0103 c\u0103 folosirea temporar\u0103 a agentului termic produs prin cogenerare este cea mai avantajoas\u0103 solu\u021bie disponibil\u0103<em><strong>: <\/strong><\/em>\u201e<em>Cu siguran\u021b\u0103, pre\u021bul gigacaloriei pe gaz este mai mare dec\u00e2t pre\u021bul gigacaloriei ob\u021binute dintr-o central\u0103 de cogenerare. \u0218i atunci noi am c\u0103utat, din punct de vedere economic, \u0219i mul\u021bumim lui Dumnezeu c\u0103 exist\u0103 o firm\u0103 privat\u0103 care ne poate da acest agent termic la un pre\u021b aprobat de ANRSC, care este mai mic dec\u00e2t cel pe gaz. \u0218i atunci interesul nostru este s\u0103 pl\u0103tim c\u00e2t mai pu\u021bin p\u00e2n\u0103 \u00een sezonul rece, pentru c\u0103 aceast\u0103 firm\u0103 nu poate asigura agentul termic dec\u00e2t pentru ap\u0103 cald\u0103. Pentru iarn\u0103 nu are capacitate suficient\u0103 s\u0103 ne asigure \u0219i c\u0103ldura. Deci este normal s\u0103 mergem la pre\u021bul mai mic, care se ob\u021bine pe centrala de cogenerare, \u0219i s\u0103 nu folosim \u00eenc\u0103 cazanul pe gaz al CET pe care \u00eel avem noi \u00een dotare, pentru c\u0103 acolo tot ce este pe gaz este mult mai scump.<\/em><\/p>\n<p><em>\u00cencep\u00e2nd din octombrie, CAV-urile vor intra \u00een func\u021biune. Pre\u021bul gigacaloriei, a\u0219a cum am mai spus, rezultat din folosirea gazului va fi mai ridicat \u0219i depinde foarte mult de gaz. Dac\u0103 pre\u021bul gazului scade, va fi mai mic, dac\u0103 acesta cre\u0219te, va fi mai ridicat. \u0218i atunci am luat aceast\u0103 decizie \u0219i mi-am onorat promisiunea pe care am f\u0103cut-o fa\u021b\u0103 de cet\u0103\u021beni, s\u0103 asigur o subven\u021bie, s\u0103 m\u0103resc subven\u021bia la 125 plus TVA. De fapt, s-a f\u0103cut 128 plus TVA, urm\u00e2nd ca, \u00een toamn\u0103, din octombrie, s\u0103 \u00ee\u0219i onoreze promisiunea \u0219i Consiliul Jude\u021bean, cu \u00eenc\u0103 125 de lei. Am promis atunci, acum c\u00e2teva luni, c\u0103 vom asigura subven\u021bii de 250 de lei pe gigacalorie<\/em>\u201d, a declarat Mircia Gut\u0103u.<\/p>\n<\/div>\n<p>[analyse_source url=&#8221;https:\/\/www.impactreal.ro\/2026\/08\/14\/gigacaloria-se-scumpeste-la-ramnicu-valcea-primaria-majoreaza-subventia-noua-centrala-este-asteptata-inaintea-sezonului-rece\/&#8221;]<\/p>\n","protected":false},"excerpt":{"rendered":"<p>[analyse_image type=&#8221;featured&#8221; src=&#8221;https:\/\/www.impactreal.ro\/wp-content\/uploads\/2026\/08\/primaria-ramnicului.jpg&#8221;] 14 august 202614 august 2026Claudia SchiopuActualLocal Consilierii locali din R\u00e2mnicu V\u00e2lcea au aprobat majorarea subven\u021biei acordate popula\u021biei pentru energia termic\u0103, dup\u0103 stabilirea unui tarif mai mare pentru producerea, transportul, distribu\u021bia \u0219i furnizarea c\u0103ldurii. Primarul Mircia Gut\u0103u sus\u021bine c\u0103 m\u0103sura va reduce presiunea asupra facturilor \u0219i anun\u021b\u0103 c\u0103, din toamn\u0103, sprijinul financiar ar [&hellip;]<\/p>\n","protected":false},"author":1,"featured_media":0,"comment_status":"open","ping_status":"","sticky":false,"template":"","format":"standard","meta":{"footnotes":""},"categories":[89],"tags":[226,212],"class_list":["post-2093645","post","type-post","status-publish","format-standard","hentry","category-romania","tag-crawlmanager","tag-impactreal-ro"],"_links":{"self":[{"href":"https:\/\/analyse.optim.biz\/index.php?rest_route=\/wp\/v2\/posts\/2093645","targetHints":{"allow":["GET"]}}],"collection":[{"href":"https:\/\/analyse.optim.biz\/index.php?rest_route=\/wp\/v2\/posts"}],"about":[{"href":"https:\/\/analyse.optim.biz\/index.php?rest_route=\/wp\/v2\/types\/post"}],"author":[{"embeddable":true,"href":"https:\/\/analyse.optim.biz\/index.php?rest_route=\/wp\/v2\/users\/1"}],"replies":[{"embeddable":true,"href":"https:\/\/analyse.optim.biz\/index.php?rest_route=%2Fwp%2Fv2%2Fcomments&post=2093645"}],"version-history":[{"count":0,"href":"https:\/\/analyse.optim.biz\/index.php?rest_route=\/wp\/v2\/posts\/2093645\/revisions"}],"wp:attachment":[{"href":"https:\/\/analyse.optim.biz\/index.php?rest_route=%2Fwp%2Fv2%2Fmedia&parent=2093645"}],"wp:term":[{"taxonomy":"category","embeddable":true,"href":"https:\/\/analyse.optim.biz\/index.php?rest_route=%2Fwp%2Fv2%2Fcategories&post=2093645"},{"taxonomy":"post_tag","embeddable":true,"href":"https:\/\/analyse.optim.biz\/index.php?rest_route=%2Fwp%2Fv2%2Ftags&post=2093645"}],"curies":[{"name":"wp","href":"https:\/\/api.w.org\/{rel}","templated":true}]}}