{"id":209364,"date":"2014-03-17T16:40:14","date_gmt":"2014-03-17T13:40:14","guid":{"rendered":"https:\/\/analyse.optim.biz\/?p=209364"},"modified":"2014-03-17T16:40:14","modified_gmt":"2014-03-17T13:40:14","slug":"victor-ponta-intrebat-despre-o-posibila-candidatura-la-prezidentiale-mi-as-dori-sa-raman-premier","status":"publish","type":"post","link":"https:\/\/analyse.optim.biz\/?p=209364","title":{"rendered":"Victor Ponta, \u00eentrebat despre o posibil\u0103 candidatur\u0103 la preziden\u021biale: Mi-a\u0219 dori s\u0103 r\u0103m\u00e2n premier"},"content":{"rendered":"<div class=\"entry data-app-meta data-app-meta-article\" data-embed-base-url-canonical=\"https:\/\/www.digi24.ro\/embed\/stiri\/actualitate\/politica\/victor-ponta-intrebat-despre-o-posibila-candidatura-la-prezidentiale-mi-as-dori-sa-raman-premier-215754\">\n<p data-index=\"1\"><strong>\u201e<\/strong><span><em><strong>Nu, nu e a\u0219a simplu. Cred c\u0103 \u0219i azi sunt pe primul loc<\/strong><\/em>\u201d, a spus Victor Ponta, c\u00e2nd a fost \u00eentrebat dac\u0103 va candida la preziden\u021biale \u00een cazul \u00een care va fi cel mai bine plasat \u00een sondaje.<\/span><\/p>\n<p data-index=\"2\">\u201e<em><strong>Dac\u0103 exist\u0103 o formul\u0103 de tandem cu un pre\u0219edinte cu care sa lucrez foarte bine, nu, de ce s\u0103 candidez?<\/strong><\/em>Vreau s\u0103 vad \u0219i eu cum e s\u0103 fii premier cu un pre\u0219edinte care te ajut\u0103\u201d, a ad\u0103ugat premierul.<\/p>\n<p data-index=\"3\">El a ad\u0103ugat c\u0103 formulele de tandem pre\u0219edinte-premier vor fi discutate dup\u0103 data de 25 mai, c\u00e2nd sunt programate alegerile preziden\u021biale.<\/p>\n<p data-index=\"4\">\u201eNu cred \u00een decizii personale. Deciziile politice se iau numai \u00een echip\u0103. P\u00e2n\u0103 pe 25 mai, la cele 100.000 de \u00eentreb\u0103ri pe aceea\u0219i v\u0103 spun c\u0103 discut\u0103m dup\u0103 25 mai. <em><strong>Mi-a\u0219 dori s\u0103 r\u0103m\u00e2n premier, dar cel mai important pentru Rom\u00e2nia e ca, dup\u0103 noiembrie, s\u0103 aib\u0103 o echip\u0103 de oameni care s\u0103 trag\u0103 \u021bara \u00een aceea\u0219i direc\u021bie<\/strong><\/em>\u201d, a precizat Victor Ponta. \u00a0<\/p>\n<\/div>\n<p> Source URL: https:\/\/www.digi24.ro\/stiri\/actualitate\/politica\/victor-ponta-intrebat-despre-o-posibila-candidatura-la-prezidentiale-mi-as-dori-sa-raman-premier-215754<\/p>\n","protected":false},"excerpt":{"rendered":"<p>\u201eNu, nu e a\u0219a simplu. Cred c\u0103 \u0219i azi sunt pe primul loc\u201d, a spus Victor Ponta, c\u00e2nd a fost \u00eentrebat dac\u0103 va candida la preziden\u021biale \u00een cazul \u00een care va fi cel mai bine plasat \u00een sondaje. \u201eDac\u0103 exist\u0103 o formul\u0103 de tandem cu un pre\u0219edinte cu care sa lucrez foarte bine, nu, de [&hellip;]<\/p>\n","protected":false},"author":1,"featured_media":209365,"comment_status":"open","ping_status":"","sticky":false,"template":"","format":"standard","meta":{"footnotes":""},"categories":[2],"tags":[11],"class_list":["post-209364","post","type-post","status-publish","format-standard","has-post-thumbnail","hentry","category-politics","tag-digi24"],"_links":{"self":[{"href":"https:\/\/analyse.optim.biz\/index.php?rest_route=\/wp\/v2\/posts\/209364","targetHints":{"allow":["GET"]}}],"collection":[{"href":"https:\/\/analyse.optim.biz\/index.php?rest_route=\/wp\/v2\/posts"}],"about":[{"href":"https:\/\/analyse.optim.biz\/index.php?rest_route=\/wp\/v2\/types\/post"}],"author":[{"embeddable":true,"href":"https:\/\/analyse.optim.biz\/index.php?rest_route=\/wp\/v2\/users\/1"}],"replies":[{"embeddable":true,"href":"https:\/\/analyse.optim.biz\/index.php?rest_route=%2Fwp%2Fv2%2Fcomments&post=209364"}],"version-history":[{"count":0,"href":"https:\/\/analyse.optim.biz\/index.php?rest_route=\/wp\/v2\/posts\/209364\/revisions"}],"wp:featuredmedia":[{"embeddable":true,"href":"https:\/\/analyse.optim.biz\/index.php?rest_route=\/wp\/v2\/media\/209365"}],"wp:attachment":[{"href":"https:\/\/analyse.optim.biz\/index.php?rest_route=%2Fwp%2Fv2%2Fmedia&parent=209364"}],"wp:term":[{"taxonomy":"category","embeddable":true,"href":"https:\/\/analyse.optim.biz\/index.php?rest_route=%2Fwp%2Fv2%2Fcategories&post=209364"},{"taxonomy":"post_tag","embeddable":true,"href":"https:\/\/analyse.optim.biz\/index.php?rest_route=%2Fwp%2Fv2%2Ftags&post=209364"}],"curies":[{"name":"wp","href":"https:\/\/api.w.org\/{rel}","templated":true}]}}