{"id":2093541,"date":"2026-08-14T14:00:25","date_gmt":"2026-08-14T11:00:25","guid":{"rendered":"https:\/\/analyse.optim.biz\/?p=2093541"},"modified":"2026-08-14T14:00:25","modified_gmt":"2026-08-14T11:00:25","slug":"un-tanar-beat-a-fugit-de-la-locul-accidentului-pe-care-l-a-produs-cu-o-masina-fara-itp-sau-asigurare-si-si-a","status":"publish","type":"post","link":"https:\/\/analyse.optim.biz\/?p=2093541","title":{"rendered":"Un t\u00e2n\u0103r beat a fugit de la locul accidentului pe care l-a produs cu o ma\u0219in\u0103 f\u0103r\u0103 ITP sau asigurare \u0219i \u0219i-a"},"content":{"rendered":"<p>[analyse_image type=&#8221;featured&#8221; src=&#8221;https:\/\/www.informatiata.ro\/wp-content\/uploads\/2026\/08\/straja-768&#215;1024.png&#8221;]<\/p>\n<div class=\"td-post-content tagdiv-type\">\n<div class=\"td-post-featured-image\"><a href=\"https:\/\/www.informatiata.ro\/wp-content\/uploads\/2026\/08\/straja-scaled.png\" data-caption><img loading=\"lazy\" decoding=\"async\" width=\"696\" height=\"928\" class=\"entry-thumb td-modal-image\" src=\"https:\/\/www.informatiata.ro\/wp-content\/uploads\/2026\/08\/straja-696x928.png\" alt title=\"straja\"><img loading=\"lazy\" decoding=\"async\" width=\"696\" height=\"928\" class=\"entry-thumb td-modal-image\" src=\"https:\/\/www.informatiata.ro\/wp-content\/uploads\/2026\/08\/straja-696x928.png\" alt title=\"straja\"><\/a><\/div>\n<p>Un t\u00e2n\u0103r beat a fugit de la locul accidentului pe care l-a produs cu o ma\u0219in\u0103 f\u0103r\u0103 ITP sau asigurare. Este vorba despre un t\u00e2n\u0103r de 19 ani, din Vicovu de Sus.<\/p>\n<p>Poli\u021bia ora\u0219ului Vicovu de Sus a fost sesizat\u0103, la data de 13 august, \u00een jurul orei 21.30, prin num\u0103rul unic de urgen\u021b\u0103 112, prin intermediul sistemului e-CALL, cu privire la producerea unui accident rutier pe raza comunei Straja. Evenimentul fusese raportat ini\u021bial ca unul soldat doar cu pagube materiale.<\/p>\n<div class=\"td-a-rec td-a-rec-id-content_inlineright  tdi_7 td_block_template_1\"><img loading=\"lazy\" decoding=\"async\" class=\"aligncenter size-full wp-image-65868\" src=\"https:\/\/www.informatiata.ro\/wp-content\/uploads\/2026\/08\/SAVCOM-5.gif\" alt width=\"299\" height=\"250\"><img loading=\"lazy\" decoding=\"async\" class=\"aligncenter size-full wp-image-65868\" src=\"https:\/\/www.informatiata.ro\/wp-content\/uploads\/2026\/08\/SAVCOM-5.gif\" alt width=\"299\" height=\"250\"><img loading=\"lazy\" decoding=\"async\" class=\"aligncenter size-full wp-image-65869\" src=\"https:\/\/www.informatiata.ro\/wp-content\/uploads\/2026\/08\/FACOS-4.gif\" alt width=\"300\" height=\"250\"><img loading=\"lazy\" decoding=\"async\" class=\"aligncenter size-full wp-image-65869\" src=\"https:\/\/www.informatiata.ro\/wp-content\/uploads\/2026\/08\/FACOS-4.gif\" alt width=\"300\" height=\"250\"><\/div>\n<p>Potrivit verific\u0103rilor efectuate de poli\u021bi\u0219ti, accidentul s-ar fi produs \u00een jurul orei 21.25, pe DJ 209G, \u00een comuna Straja.<\/p>\n<p>Din primele cercet\u0103ri, rezult\u0103 c\u0103 un autoturism care circula din direc\u021bia Vicovu de Sus c\u0103tre Brodina ar fi pierdut controlul direc\u021biei \u0219i ar fi intrat \u00een coliziune cu un alt autoturism, care circula din sens opus.<\/p>\n<p>Dup\u0103 impact, conduc\u0103torul primului autoturism ar fi \u00eencercat s\u0103 \u00eentoarc\u0103 ma\u0219ina pentru a se deplasa din nou spre Vicovu de Sus. Din cauza avariilor suferite, acesta ar fi pierdut din nou controlul \u0219i a ajuns \u00een \u0219an\u021bul de pe partea dreapt\u0103 a drumului.<\/p>\n<p>Ulterior, conduc\u0103torul auto ar fi cobor\u00e2t din ma\u0219in\u0103 \u0219i ar fi p\u0103r\u0103sit locul accidentului f\u0103r\u0103 \u00eencuviin\u021barea poli\u021biei, modific\u00e2nd astfel \u0219i pozi\u021bia ini\u021bial\u0103 a autoturismului.<\/p>\n<p>La locul accidentului a fost identificat un t\u00e2n\u0103r de 19 ani, din Vicovu de Sus, care a declarat c\u0103 se afla pe scaunul din st\u00e2nga fa\u021b\u0103 al autoturismului implicat \u00een accident.<\/p>\n<p><strong>Pasagerul abandonat la fa\u021ba locului a recunoscut c\u0103 a consumat alcool \u00eempreun\u0103 cu \u0219oferul\u00a0<\/strong><\/p>\n<p>Potrivit declara\u021biei sale, la volan s-ar fi aflat un alt t\u00e2n\u0103r, tot \u00een v\u00e2rst\u0103 de 19 ani, din Vicovu de Sus, care ar fi fugit de la fa\u021ba locului \u00eentr-o direc\u021bie necunoscut\u0103, \u00een zona cunoscut\u0103 local sub denumirea \u201e\u00cen Bahn\u0103\u201d, din comuna Straja.<\/p>\n<p>T\u00e2n\u0103rul g\u0103sit de poli\u021bi\u0219ti a mai declarat c\u0103, \u00eenainte de deplasarea c\u0103tre Straja, el \u0219i presupusul conduc\u0103tor auto ar fi consumat b\u0103uturi alcoolice la locuin\u021ba sa din Vicovu de Sus.<\/p>\n<p>Pasagerul a fost testat cu aparatul alcooltest, rezultatul indic\u00e2nd 0,45 mg\/l alcool pur \u00een aerul expirat. Acesta a fost transportat la Spitalul Municipal R\u0103d\u0103u\u021bi, unde i-au fost recoltate, cu consim\u021b\u0103m\u00e2ntul s\u0103u, probe biologice pentru stabilirea alcoolemiei.<\/p>\n<p>Testarea cu aparatul pentru depistarea substan\u021belor psihoactive a avut rezultat negativ.<\/p>\n<p>\u00cen cel\u0103lalt autoturism implicat \u00een accident se aflau, pe l\u00e2ng\u0103 conduc\u0103toarea auto, mai mul\u021bi pasageri. Conduc\u0103toarea auto a fost testat\u0103 cu aparatul alcooltest, rezultatul fiind negativ.<\/p>\n<p>Trei dintre persoanele aflate \u00een autoturism au fost transportate la Spitalul Municipal R\u0103d\u0103u\u021bi pentru evaluare medical\u0103.<\/p>\n<p><strong>Autoturismul \u0219oferului fugar este f\u0103r\u0103 RCA \u0219i ITP<\/strong><\/p>\n<p>\u00cen urma verific\u0103rilor efectuate de poli\u021bi\u0219ti s-a stabilit c\u0103 autoturismul condus de presupusul \u0219ofer nu avea poli\u021b\u0103 RCA \u0219i nici inspec\u021bia tehnic\u0103 periodic\u0103 valabil\u0103.<br \/>\n\u00cen baza unei ordonan\u021be emise la data de 13 august, autoturismul a fost indisponibilizat la sediul Poli\u021biei ora\u0219ului Vicovu de Sus.<\/p>\n<p>Poli\u021bi\u0219tii continu\u0103 cercet\u0103rile pentru stabilirea cu exactitate a \u00eemprejur\u0103rilor \u00een care s-a produs accidentul \u0219i pentru identificarea \u0219i tragerea la r\u0103spundere a persoanei care s-ar fi aflat la volan.<\/p>\n<p>\u00cen cauz\u0103 a fost \u00eentocmit dosar de cercetare penal\u0103 pentru v\u0103t\u0103mare( corporal\u0103 din culp\u0103 \u0219i p\u0103r\u0103sirea locului accidentului ori modificarea sau \u0219tergerea urmelor acestuia, urm\u00e2nd ca ancheta s\u0103 stabileasc\u0103 toate circumstan\u021bele producerii evenimentului.<\/p>\n<p>\u00a0<\/p>\n<div class=\"td-a-rec td-a-rec-id-content_bottom  td-rec-hide-on-m tdi_8 td_block_template_1\"><img loading=\"lazy\" decoding=\"async\" class=\"aligncenter size-full wp-image-65603\" src=\"https:\/\/www.informatiata.ro\/wp-content\/uploads\/2026\/07\/SAVCOM-19.gif\" alt width=\"299\" height=\"250\"><img loading=\"lazy\" decoding=\"async\" class=\"aligncenter size-full wp-image-65603\" src=\"https:\/\/www.informatiata.ro\/wp-content\/uploads\/2026\/07\/SAVCOM-19.gif\" alt width=\"299\" height=\"250\"><img loading=\"lazy\" decoding=\"async\" class=\"aligncenter size-full wp-image-65604\" src=\"https:\/\/www.informatiata.ro\/wp-content\/uploads\/2026\/07\/FACOS-16.gif\" alt width=\"300\" height=\"250\"><img loading=\"lazy\" decoding=\"async\" class=\"aligncenter size-full wp-image-65604\" src=\"https:\/\/www.informatiata.ro\/wp-content\/uploads\/2026\/07\/FACOS-16.gif\" alt width=\"300\" height=\"250\"><\/div>\n<\/div>\n<p>[analyse_source url=&#8221;https:\/\/www.informatiata.ro\/tanar-beat-a-fugit-de-la-locul-accidentului-straja\/&#8221;]<\/p>\n","protected":false},"excerpt":{"rendered":"<p>[analyse_image type=&#8221;featured&#8221; src=&#8221;https:\/\/www.informatiata.ro\/wp-content\/uploads\/2026\/08\/straja-768&#215;1024.png&#8221;] Un t\u00e2n\u0103r beat a fugit de la locul accidentului pe care l-a produs cu o ma\u0219in\u0103 f\u0103r\u0103 ITP sau asigurare. Este vorba despre un t\u00e2n\u0103r de 19 ani, din Vicovu de Sus. Poli\u021bia ora\u0219ului Vicovu de Sus a fost sesizat\u0103, la data de 13 august, \u00een jurul orei 21.30, prin num\u0103rul unic [&hellip;]<\/p>\n","protected":false},"author":1,"featured_media":0,"comment_status":"open","ping_status":"","sticky":false,"template":"","format":"standard","meta":{"footnotes":""},"categories":[89],"tags":[226,167],"class_list":["post-2093541","post","type-post","status-publish","format-standard","hentry","category-romania","tag-crawlmanager","tag-informatiata-ro"],"_links":{"self":[{"href":"https:\/\/analyse.optim.biz\/index.php?rest_route=\/wp\/v2\/posts\/2093541","targetHints":{"allow":["GET"]}}],"collection":[{"href":"https:\/\/analyse.optim.biz\/index.php?rest_route=\/wp\/v2\/posts"}],"about":[{"href":"https:\/\/analyse.optim.biz\/index.php?rest_route=\/wp\/v2\/types\/post"}],"author":[{"embeddable":true,"href":"https:\/\/analyse.optim.biz\/index.php?rest_route=\/wp\/v2\/users\/1"}],"replies":[{"embeddable":true,"href":"https:\/\/analyse.optim.biz\/index.php?rest_route=%2Fwp%2Fv2%2Fcomments&post=2093541"}],"version-history":[{"count":0,"href":"https:\/\/analyse.optim.biz\/index.php?rest_route=\/wp\/v2\/posts\/2093541\/revisions"}],"wp:attachment":[{"href":"https:\/\/analyse.optim.biz\/index.php?rest_route=%2Fwp%2Fv2%2Fmedia&parent=2093541"}],"wp:term":[{"taxonomy":"category","embeddable":true,"href":"https:\/\/analyse.optim.biz\/index.php?rest_route=%2Fwp%2Fv2%2Fcategories&post=2093541"},{"taxonomy":"post_tag","embeddable":true,"href":"https:\/\/analyse.optim.biz\/index.php?rest_route=%2Fwp%2Fv2%2Ftags&post=2093541"}],"curies":[{"name":"wp","href":"https:\/\/api.w.org\/{rel}","templated":true}]}}