{"id":2093312,"date":"2026-08-13T10:54:20","date_gmt":"2026-08-13T07:54:20","guid":{"rendered":"https:\/\/analyse.optim.biz\/?p=2093312"},"modified":"2026-08-13T10:54:20","modified_gmt":"2026-08-13T07:54:20","slug":"turista-din-hunedoara-ranita-pe-via-transilvanica-la-vatra-moldovitei","status":"publish","type":"post","link":"https:\/\/analyse.optim.biz\/?p=2093312","title":{"rendered":"Turist\u0103 din Hunedoara, r\u0103nit\u0103 pe Via Transilvanica, la Vatra Moldovi\u021bei"},"content":{"rendered":"<p>[analyse_image type=&#8221;featured&#8221; src=&#8221;https:\/\/ziardesuceava.ro\/wp-content\/uploads\/2026\/08\/773555989_1672885991015406_5811901192864976685_n-1024&#215;768.jpg&#8221;]<\/p>\n<div class=\"post-content clearfix\">\n<div class=\"blog-post-thumb\"><img loading=\"lazy\" decoding=\"async\" width=\"1140\" height=\"694\" src=\"https:\/\/ziardesuceava.ro\/wp-content\/uploads\/2026\/08\/773555989_1672885991015406_5811901192864976685_n-1140x694.jpg\" class=\"attachment-inhype-blog-thumb size-inhype-blog-thumb wp-post-image\" alt><\/div>\n<div class=\"entry-content\">\n<p>\u00a0<\/p>\n<div data-td-block-uid=\"tdi_88\">\n<div class=\"tdb-block-inner td-fix-index\">\n<p data-path-to-node=\"1\"><span>O drume\u021bie pe traseul Via Transilvanica s-a \u00eencheiat la spital pentru o femeie de 46 de ani, din municipiul Hunedoara, dup\u0103 ce aceasta s-a accidentat mar\u021bi sear\u0103, 11 august, \u00een jurul orei 20:00, pe raza localit\u0103\u021bii Vatra Moldovi\u021bei.<\/span><\/p>\n<p data-path-to-node=\"2\"><span>Aflat\u0103 \u00een drume\u021bie al\u0103turi de sora sa \u00eentr-o zon\u0103 \u00eemp\u0103durit\u0103 a traseului montan, femeia a alunecat \u0219i a c\u0103zut pe o por\u021biune \u00een cobor\u00e2re acoperit\u0103 cu pietri\u0219. \u00cen urma c\u0103z\u0103turii, doamna a suferit o fractur\u0103 la tibie \u0219i peroneu.<\/span><\/p>\n<p data-path-to-node=\"3\"><span>Echipa de salvamonti\u0219ti din cadrul Salvamont Suceava a fost prima care a intervenit la fa\u021ba locului, oferindu-i pacientei primul ajutor \u0219i transport\u00e2nd-o din zona greu accesibil\u0103 c\u0103tre un punct stabilizat. De acolo, turista a fost preluat\u0103 de un echipaj al Serviciului de Ambulan\u021b\u0103 Jude\u021bean (SAJ) Suceava \u0219i transportat\u0103 la Centrul de Primiri Urgen\u021be din cadrul Spitalului Municipal C\u00e2mpulung Moldovenesc.<\/span><\/p>\n<p data-path-to-node=\"4\"><span>Dup\u0103 investiga\u021biile medicale efectuate, pacienta a r\u0103mas internat\u0103 la spitalul din C\u00e2mpulung Moldovenesc, urm\u00e2nd s\u0103 fie transferat\u0103 la Spitalul de Urgen\u021b\u0103 din Hunedoara pentru \u00eengrijiri de specialitate.<\/span><\/p>\n<p data-path-to-node=\"5\"><span>Poli\u021bi\u0219tii din cadrul Biroului Ordine Public\u0103 C\u00e2mpulung Moldovenesc au fost sesiza\u021bi de cadrele medicale \u00een jurul orei 22:40. Turista a declarat oamenilor legii c\u0103 s-a accidentat singur\u0103, c\u0103 nu dore\u0219te s\u0103 depun\u0103 pl\u00e2ngere \u0219i c\u0103 nu a fost victima vreunei infrac\u021biuni. Cu toate acestea, conform procedurilor, poli\u021bi\u0219tii au \u00eentocmit un dosar penal pentru v\u0103t\u0103mare corporal\u0103 din culp\u0103 (art. 196 alin. 2 din Codul Penal), cercet\u0103rile fiind continuate de Postul de Poli\u021bie Vatra Moldovi\u021bei sub supravegherea procurorului de caz.<\/span><\/p>\n<p>\u00a0<\/p>\n<\/div>\n<\/div>\n<\/div>\n<div class=\"inhype-social-share-fixed sidebar-position-right\">\n<div class=\"post-social-wrapper\">\n<div class=\"post-social-title\"><span class=\"post-social-title-text\">Share<\/span><\/div>\n<\/div>\n<\/div>\n<\/div>\n<p>[analyse_source url=&#8221;https:\/\/ziardesuceava.ro\/turista-din-hunedoara-ranita-pe-via-transilvanica-la-vatra-moldovitei\/&#8221;]<\/p>\n","protected":false},"excerpt":{"rendered":"<p>[analyse_image type=&#8221;featured&#8221; src=&#8221;https:\/\/ziardesuceava.ro\/wp-content\/uploads\/2026\/08\/773555989_1672885991015406_5811901192864976685_n-1024&#215;768.jpg&#8221;] \u00a0 O drume\u021bie pe traseul Via Transilvanica s-a \u00eencheiat la spital pentru o femeie de 46 de ani, din municipiul Hunedoara, dup\u0103 ce aceasta s-a accidentat mar\u021bi sear\u0103, 11 august, \u00een jurul orei 20:00, pe raza localit\u0103\u021bii Vatra Moldovi\u021bei. Aflat\u0103 \u00een drume\u021bie al\u0103turi de sora sa \u00eentr-o zon\u0103 \u00eemp\u0103durit\u0103 a traseului montan, [&hellip;]<\/p>\n","protected":false},"author":1,"featured_media":0,"comment_status":"open","ping_status":"","sticky":false,"template":"","format":"standard","meta":{"footnotes":""},"categories":[89],"tags":[226,171],"class_list":["post-2093312","post","type-post","status-publish","format-standard","hentry","category-romania","tag-crawlmanager","tag-ziardesuceava-ro"],"_links":{"self":[{"href":"https:\/\/analyse.optim.biz\/index.php?rest_route=\/wp\/v2\/posts\/2093312","targetHints":{"allow":["GET"]}}],"collection":[{"href":"https:\/\/analyse.optim.biz\/index.php?rest_route=\/wp\/v2\/posts"}],"about":[{"href":"https:\/\/analyse.optim.biz\/index.php?rest_route=\/wp\/v2\/types\/post"}],"author":[{"embeddable":true,"href":"https:\/\/analyse.optim.biz\/index.php?rest_route=\/wp\/v2\/users\/1"}],"replies":[{"embeddable":true,"href":"https:\/\/analyse.optim.biz\/index.php?rest_route=%2Fwp%2Fv2%2Fcomments&post=2093312"}],"version-history":[{"count":0,"href":"https:\/\/analyse.optim.biz\/index.php?rest_route=\/wp\/v2\/posts\/2093312\/revisions"}],"wp:attachment":[{"href":"https:\/\/analyse.optim.biz\/index.php?rest_route=%2Fwp%2Fv2%2Fmedia&parent=2093312"}],"wp:term":[{"taxonomy":"category","embeddable":true,"href":"https:\/\/analyse.optim.biz\/index.php?rest_route=%2Fwp%2Fv2%2Fcategories&post=2093312"},{"taxonomy":"post_tag","embeddable":true,"href":"https:\/\/analyse.optim.biz\/index.php?rest_route=%2Fwp%2Fv2%2Ftags&post=2093312"}],"curies":[{"name":"wp","href":"https:\/\/api.w.org\/{rel}","templated":true}]}}