{"id":2093301,"date":"2026-08-14T07:35:32","date_gmt":"2026-08-14T04:35:32","guid":{"rendered":"https:\/\/analyse.optim.biz\/?p=2093301"},"modified":"2026-08-14T07:35:32","modified_gmt":"2026-08-14T04:35:32","slug":"ungaria-a-cumparat-26-de-cladiri-istorice-in-romania-in-timpul-guvernarii-orban-25-au-ramas-in-paragina-budapesta-taie-finantarea","status":"publish","type":"post","link":"https:\/\/analyse.optim.biz\/?p=2093301","title":{"rendered":"Ungaria a cump\u0103rat 26 de cl\u0103diri istorice \u00een Rom\u00e2nia, \u00een timpul guvern\u0103rii Orban. 25 au r\u0103mas \u00een paragin\u0103. Budapesta taie finan\u021barea"},"content":{"rendered":"<p>[analyse_image type=&#8221;featured&#8221; src=&#8221;https:\/\/ortodoxinfo.ro\/wp-content\/uploads\/2026\/08\/viktor-orban.jpghttps:\/\/ortodoxinfo.ro\/wp-content\/uploads\/2026\/08\/viktor-orban.jpg&#8221;]<\/p>\n<article id=\"post-257987\" class=\"post-257987 post type-post status-publish format-standard has-post-thumbnail category-iredentism\">\n<header class=\"single-header\">\n<aside class=\"breadcrumb-wrap breadcrumb-yoast s-breadcrumb\">\n<div class=\"breadcrumb-inner\"><span><span><a href=\"https:\/\/ortodoxinfo.ro\/\">Prima pagin\u0103<\/a><\/span> \u00bb <span><a href=\"https:\/\/ortodoxinfo.ro\/blog\/\">Blog<\/a><\/span> \u00bb <span class=\"breadcrumb_last\" aria-current=\"page\">Ungaria a cump\u0103rat 26 de cl\u0103diri istorice \u00een Rom\u00e2nia, \u00een timpul guvern\u0103rii Orban. 25 au r\u0103mas \u00een paragin\u0103. Budapesta taie finan\u021barea<\/span><\/span><\/div>\n<\/aside>\n<h1 class=\"s-title fw-headline\">Ungaria a cump\u0103rat 26 de cl\u0103diri istorice \u00een Rom\u00e2nia, \u00een timpul guvern\u0103rii Orban. 25 au r\u0103mas \u00een paragin\u0103. Budapesta taie finan\u021barea<\/h1>\n<div class=\"single-meta meta-s-default yes-0\">\n<div class=\"smeta-in\"><a class=\"meta-el meta-avatar\" href=\"https:\/\/ortodoxinfo.ro\/author\/redactor\/\"><img loading=\"lazy\" decoding=\"async\" alt=\"OrtodoxINFO\" src=\"https:\/\/secure.gravatar.com\/avatar\/21010332354a182ce4de6016685c5586f21c51866d0ec5bc8ef383240b3c3e02?s=120&amp;r=g\" class=\"avatar avatar-120 photo\" height=\"120\" width=\"120\"><\/a><\/p>\n<div class=\"smeta-sec\">\n<div class=\"p-meta\">\n<div class=\"meta-inner is-meta\"><span class=\"meta-el meta-date\"><time datetime=\"2026-08-14T09:39:44+03:00\">14 august 2026<\/time><\/span><span class=\"meta-el meta-category meta-bold\"><a class=\"meta-separate category-1535\" href=\"https:\/\/ortodoxinfo.ro\/category\/anti-sistem\/anti-romanism\/iredentism\/\">Iredentism<\/a><\/span><span class=\"meta-el meta-view\">2.9k vizualiz\u0103ri\t\t<\/span><span class=\"meta-el meta-comment mobile-last-meta tablet-last-meta\"><a href=\"https:\/\/ortodoxinfo.ro\/2026\/08\/14\/ungaria-a-cumparat-26-de-cladiri-istorice-in-romania-in-timpul-guvernarii-orban-25-au-ramas-in-paragina-budapesta-taie-finantarea\/#respond\">Comentarii<\/a><\/span><\/div>\n<\/div>\n<\/div>\n<\/div>\n<div class=\"smeta-extra\">\n<div class=\"t-shared-sec tooltips-n has-read-meta is-color\">\n<div class=\"t-shared-header is-meta\"><span class=\"share-label\">Share<\/span><\/div>\n<\/div>\n<div class=\"single-right-meta single-time-read is-meta\"><span class=\"meta-el meta-read\">5 Min Read<\/span><\/div>\n<\/div>\n<\/div>\n<\/header>\n<div class=\"grid-container\">\n<div class=\"s-ct\">\n<div class=\"s-feat-outer\">\n<div class=\"s-feat\">\n<div class=\"featured-lightbox-trigger\" data-source=\"https:\/\/ortodoxinfo.ro\/wp-content\/uploads\/2026\/08\/viktor-orban.jpg\" data-caption data-attribution><img fetchpriority=\"high\" decoding=\"async\" width=\"860\" height=\"573\" src=\"https:\/\/ortodoxinfo.ro\/wp-content\/uploads\/2026\/08\/viktor-orban-860x573.jpg\" class=\"attachment-foxiz_crop_o1 size-foxiz_crop_o1 wp-post-image\" alt loading=\"eager\"><\/div>\n<\/div>\n<\/div>\n<div class=\"s-ct-wrap has-lsl\">\n<div class=\"s-ct-inner\">\n<div class=\"l-shared-sec-outer show-mobile\">\n<div class=\"l-shared-sec\">\n<div class=\"l-shared-header meta-text\"><span class=\"share-label\">SHARE<\/span><\/div>\n<\/div>\n<\/div>\n<div class=\"e-ct-outer\">\n<div class=\"entry-top\">\n<div id=\"custom_html-3\" class=\"widget_text widget entry-widget clearfix widget_custom_html\">\n<div class=\"textwidget custom-html-widget\">\n<div><small><br \/>\n    OrtodoxINFO este supus unui sabotaj sistematic din partea reprezentan\u021bilor Google Rom\u00e2nia, at\u00e2t la afi\u0219\u0103ri c\u00e2t \u0219i \u00een rezultatele de c\u0103utare.<br \/>\n        Astfel c\u0103 veniturile din publicitate au sc\u0103zut de p\u00e2n\u0103 la <strong>10 ori<\/strong>. Situa\u021bia este similar\u0103 \u0219i pe Facebook.<\/p>\n<p>        V\u0103 invit\u0103m s\u0103 accesa\u021bi direct site-ul \u0219i s\u0103 v\u0103 abona\u021bi la notific\u0103ri.<\/p>\n<p>    Dac\u0103 dori\u021bi s\u0103 ne sus\u021bine\u021bi \u00een aceast\u0103 perioad\u0103 dificil\u0103, orice <a href=\"https:\/\/ortodoxinfo.ro\/donatii\/\">dona\u021bie<\/a> este binevenit\u0103.<br \/>\n    Dumnezeu s\u0103 v\u0103 r\u0103spl\u0103teasc\u0103!<br \/>\n<\/small><\/div>\n<\/div>\n<\/div>\n<\/div>\n<div class=\"entry-content rbct clearfix is-highlight-shares\">\n<div class=\"ruby-table-contents rbtoc table-left table-fw-single-col\">\n<div class=\"toc-header\"><span class=\"h3\">Sumar<\/span><\/div>\n<div class=\"toc-content h5\"><a href=\"https:\/\/ortodoxinfo.ro\/2026\/08\/14\/ungaria-a-cumparat-26-de-cladiri-istorice-in-romania-in-timpul-guvernarii-orban-25-au-ramas-in-paragina-budapesta-taie-finantarea\/#zeci-de-miliarde-de-forinti-cheltuite-pentru-cumpararea-cladirilor-dar-renovarile-au-intarziat\" class=\"table-link no-link anchor-link\" data-index=\"rb-heading-index-0\">Zeci de miliarde de forin\u021bi cheltuite pentru cump\u0103rarea cl\u0103dirilor, dar renov\u0103rile au \u00eent\u00e2rziat<\/a><a href=\"https:\/\/ortodoxinfo.ro\/2026\/08\/14\/ungaria-a-cumparat-26-de-cladiri-istorice-in-romania-in-timpul-guvernarii-orban-25-au-ramas-in-paragina-budapesta-taie-finantarea\/#romania-concentreaza-26-dintre-proprietati-o-singura-cladire-ar-fi-fost-renovata-in-cinci-ani\" class=\"table-link no-link anchor-link\" data-index=\"rb-heading-index-1\">Rom\u00e2nia concentreaz\u0103 26 dintre propriet\u0103\u021bi. O singur\u0103 cl\u0103dire ar fi fost renovat\u0103 \u00een cinci ani<\/a><\/div>\n<\/div>\n<p>\u00a0<\/p>\n<p id=\"p-0\"><strong>O funda\u021bie creat\u0103 \u00een timpul guvern\u0103rii Viktor Orb\u00e1n a cump\u0103rat zeci de imobile istorice \u00een Bazinul Carpatic, inclusiv 26 \u00een Rom\u00e2nia. Multe dintre acestea au fost lasate \u00een paragin\u0103. Noul Executiv de la Budapesta a t\u0103iat finan\u021barea programului.<\/strong><\/p>\n<p id=\"p-1\">Un amplu program de <a href=\"https:\/\/www.gandul.ro\/actualitate\/sindromul-trianon-monumentele-istorice-nationaliste-ale-lui-viktor-orban-sunt-contestate-dar-peter-magyar-continua-politica-sa-revizionista-20963885\">achizi\u021bii imobiliare derulat de Ungaria din mandatul lui Viktor Orban<\/a> \u00een ultimii ani las\u0103 \u00een urm\u0103 zeci de cl\u0103diri istorice, multe dintre ele degradate \u0219i f\u0103r\u0103 un plan clar de restaurare. Nu mai pu\u021bin de 26 dintre propriet\u0103\u021bi se afl\u0103 \u00een Rom\u00e2nia.<\/p>\n<p id=\"p-3\">Funda\u021bia pentru Conservarea Patrimoniului Construit din Europa Central\u0103 (KEOMA), \u00eenfiin\u021bat\u0103 \u00een 2021 \u0219i folosit\u0103 pentru cump\u0103rarea unor propriet\u0103\u021bi \u00een \u00eentreg Bazinul Carpatic, urmeaz\u0103 s\u0103 fie dizolvat\u0103 la sf\u00e2r\u0219itul lunii august.<\/p>\n<p id=\"p-4\">Decizia face parte dintr-un proces mai amplu prin care noul guvern de la Budapesta desfiin\u021beaz\u0103 funda\u021biile de management al activelor de interes public care nu administreaz\u0103 universit\u0103\u021bi.<\/p>\n<p id=\"p-5\">Problema care r\u0103m\u00e2ne este \u00eens\u0103 una costisitoare: ce se va \u00eent\u00e2mpla cu patrimoniul imobiliar acumulat \u00een ultimii ani, pentru achizi\u021bia c\u0103ruia au fost cheltuite zeci de miliarde de forin\u021bi?<\/p>\n<p id=\"p-6\">Multe dintre cl\u0103diri necesit\u0103 investi\u021bii majore pentru restaurare, iar \u00een acest moment nu exist\u0103 nici un concept clar privind viitorul lor \u0219i nici finan\u021barea necesar\u0103 lucr\u0103rilor, potrivit informa\u021biilor publicate de portalul ungar HVG \u0219i citate de ziarul <a href=\"https:\/\/nepszava.hu\/3330852_hataron-tul-ingatlanvasarlasok-felujitas-keoma\">N\u00e9pszava<\/a>.<\/p>\n<h3 id=\"zeci-de-miliarde-de-forinti-cheltuite-pentru-cumpararea-cladirilor-dar-renovarile-au-intarziat\" class=\"rb-heading-index-0\">Zeci de miliarde de forin\u021bi cheltuite pentru cump\u0103rarea cl\u0103dirilor, dar renov\u0103rile au \u00eent\u00e2rziat<\/h3>\n<p id=\"p-7\">KEOMA a fost creat\u0103 cu obiectivul declarat de a contribui la conservarea patrimoniului construit din Europa Central\u0103. \u00cen practic\u0103, funda\u021bia a acumulat \u00eentr-un ritm rapid un portofoliu imobiliar uria\u0219, r\u0103sp\u00e2ndit \u00een mai multe state din regiune.<\/p>\n<p id=\"p-8\">Zolt\u00e1n Tarr, ministrul ungar al Culturii \u0219i Rela\u021biilor Sociale, a explicat pentru HVG c\u0103 legisla\u021bia privind reorganizarea funda\u021biilor de management al activelor de interes public atribuise ini\u021bial KEOMA ministerului pe care \u00eel conduce.<\/p>\n<div class=\"inline-single-ad ad_single_3_index alignfull\">\n<div class=\"ad-wrap ad-script-wrap\">\n<div class=\"ad-script non-adsense edge-padding\">\n<div>\n\u203c\ufe0f\u203c\ufe0f NU recunoa\u0219tem ca pre\u0219edinte al Rom\u00e2niei pe marioneta retard\u0103 Nicu\u0219or Dan! Rom\u00e2ni, boicota\u021bi aceast\u0103 f\u0103c\u0103tur\u0103, care ne face \u021bara de r\u00e2s! NU rom\u00e2nii l-au votat pe Nicusoro\u0219 &#8211; cu unele excep\u021bii de persoane infantile, manipulabile \u0219i chiar idioate &#8211; ci l-au ajutat Maia Soro\u0219, Emanuel Macrou \u0219i tr\u0103d\u0103torii de la B.E.C. \u0219i CCR!<br \/>\n La \u00eenchisoare cu cei care au fraudat alegerile!\n<\/div>\n<\/div>\n<\/div>\n<\/div>\n<p id=\"p-9\">Funda\u021bia a fost \u00eens\u0103 transferat\u0103 ulterior Ministerului Transporturilor \u0219i Investi\u021biilor, motivul fiind c\u0103 aceasta nu desf\u0103\u0219ura, \u00een fapt, activit\u0103\u021bi culturale, ci acumulase \u00een principal un patrimoniu imobiliar considerabil.<\/p>\n<p id=\"p-10\">Ministerul Culturii a atras aten\u021bia, printr-o not\u0103, asupra necesit\u0103\u021bii conserv\u0103rii \u0219i dezvolt\u0103rii cl\u0103dirilor importante pentru protejarea patrimoniului. Aceste imobile reprezint\u0103 \u00eens\u0103 doar aproximativ un sfert din \u00eentregul portofoliu.<\/p>\n<p id=\"p-11\">Una dintre marile probleme ale programului a fost ritmul achizi\u021biilor. Potrivit HVG, propriet\u0103\u021bile au fost cump\u0103rate pentru zeci de miliarde de forin\u021bi, \u00eens\u0103 readucerea lor la o stare corespunz\u0103toare ar necesita investi\u021bii suplimentare de cel pu\u021bin aceea\u0219i amploare.<\/p>\n<p id=\"p-12\">Achizi\u021biile s-au f\u0103cut at\u00e2t de rapid \u00eenc\u00e2t resursele financiare \u0219i timpul necesar renov\u0103rii \u0219i g\u0103sirii unei utiliz\u0103ri pentru cl\u0103diri nu au \u021binut pasul cu extinderea portofoliului.<\/p>\n<p id=\"p-13\">Rezultatul este c\u0103, dup\u0103 mai mul\u021bi ani, numeroase imobile se afl\u0103 \u00eenc\u0103 \u00een fazele de preg\u0103tire sau proiectare, f\u0103r\u0103 ca lucr\u0103rile propriu-zise s\u0103 fi \u00eenceput.<\/p>\n<h3 id=\"romania-concentreaza-26-dintre-proprietati-o-singura-cladire-ar-fi-fost-renovata-in-cinci-ani\" class=\"rb-heading-index-1\">Rom\u00e2nia concentreaz\u0103 26 dintre propriet\u0103\u021bi. O singur\u0103 cl\u0103dire ar fi fost renovat\u0103 \u00een cinci ani<\/h3>\n<p id=\"p-14\">O list\u0103 oficial\u0103 ob\u021binut\u0103 de HVG \u0219i \u00eentocmit\u0103 \u00een urm\u0103 cu aproximativ doi ani indic\u0103 existen\u021ba a aproximativ 41 de cl\u0103diriachizi\u021bionate prin acest program \u00een afara Ungariei.<\/p>\n<p id=\"p-15\">Cea mai mare parte se afl\u0103 \u00een Rom\u00e2nia: 26 de propriet\u0103\u021bi. Alte 11 sunt \u00een Slovacia, dou\u0103 \u00een Croa\u021bia, una \u00een Slovenia \u0219i una \u00een Serbia.<\/p>\n<p id=\"p-16\">Situa\u021bia lucr\u0103rilor arat\u0103 c\u00e2t de pu\u021bin a avansat proiectul dup\u0103 valul de achizi\u021bii.<\/p>\n<p id=\"p-17\">\u00cen cazul cl\u0103dirii \u00een stil clasicist de pe strada Nyerges din Bratislava, care a g\u0103zduit ambasada Ungariei p\u00e2n\u0103 \u00een 2018, \u0219i al fostului Hotel Pann\u00f3nia din Tren\u010dianske Teplice, proiectele ajunseser\u0103 \u00een etapa \u00een care execu\u021bia putea fi scoas\u0103 la licita\u021bie.<\/p>\n<p id=\"p-18\">Pentru celelalte propriet\u0103\u021bi, procedurile nu ajunseser\u0103 nici m\u0103car \u00een acest punct, acestea figur\u00e2nd \u00een diferite faze de \u201epreg\u0103tire\u201d sau \u201eproiectare\u201d.<\/p>\n<p id=\"p-19\">Potrivit HVG, \u00een aproximativ cinci ani o singur\u0103 proprietate din portofoliu a fost renovat\u0103 \u0219i predat\u0103: Hotelul Pann\u00f3nia din Satu Mare, una dintre primele cl\u0103diri cump\u0103rate \u00een cadrul programului.<\/p>\n<p id=\"p-21\">Desfiin\u021barea KEOMA las\u0103 acum noul guvern de la Budapesta \u00een fa\u021ba unei decizii dificile. Cl\u0103dirile nu dispar odat\u0103 cu funda\u021bia, iar unele dintre ele au nevoie de investi\u021bii substan\u021biale pentru a nu continua s\u0103 se degradeze.<\/p>\n<p id=\"p-22\">\u00cen lipsa unei noi surse de finan\u021bare \u0219i a unui plan pentru fiecare proprietate, costurile necesare restaur\u0103rii ar putea deveni o problem\u0103 important\u0103 pentru administra\u021bia care preia patrimoniul acumulat \u00een anii preceden\u021bi.<\/p>\n<p id=\"p-23\">KEOMA a fost condus\u0103 de Levente Magyar, fost secretar de stat \u00een Ministerul Afacerilor Externe al Ungariei \u0219i fost adjunct al ministrului de Externe P\u00e9ter Szijj\u00e1rt\u00f3.<\/p>\n<\/div>\n<div class=\"entry-bottom\">\n<div id=\"block-9\" class=\"widget entry-widget clearfix widget_block\">\n<div><a href=\"https:\/\/suspend.ro\" target=\"_blank\" rel=\"noopener noreferrer\"><img decoding=\"async\" src=\"https:\/\/ortodoxinfo.ro\/wp-content\/uploads\/2026\/08\/FB_IMG_1786185261439.jpg\" alt=\"Verific\u0103 pe suspend.ro \u2013 Parlamentarii din jude\u021bul t\u0103u sus\u021bin suspendarea lui Nicu\u0219or Dan?\"><\/a><\/div>\n<\/div>\n<\/div>\n<\/div>\n<\/div>\n<div class=\"e-shared-sec entry-sec\">\n<div class=\"e-shared-header h4\"><span>Distribuie<\/span><\/div>\n<div class=\"rbbsl tooltips-n effect-fadeout is-bg\"><a class=\"share-action share-trigger icon-facebook\" aria-label=\"Share on Facebook\" href=\"https:\/\/www.facebook.com\/sharer.php?u=https%3A%2F%2Fortodoxinfo.ro%2F2026%2F08%2F14%2Fungaria-a-cumparat-26-de-cladiri-istorice-in-romania-in-timpul-guvernarii-orban-25-au-ramas-in-paragina-budapesta-taie-finantarea%2F\" data-title=\"Facebook\" rel=\"nofollow\"><span>Facebook<\/span><\/a><a class=\"share-action share-trigger icon-twitter\" aria-label=\"Share on X\" href=\"https:\/\/twitter.com\/intent\/tweet?text=Ungaria+a+cump%C4%83rat+26+de+cl%C4%83diri+istorice+%C3%AEn+Rom%C3%A2nia%2C+%C3%AEn+timpul+guvern%C4%83rii+Orban.+25+au+r%C4%83mas+%C3%AEn+paragin%C4%83.+Budapesta+taie+finan%C8%9Barea&amp;url=https%3A%2F%2Fortodoxinfo.ro%2F2026%2F08%2F14%2Fungaria-a-cumparat-26-de-cladiri-istorice-in-romania-in-timpul-guvernarii-orban-25-au-ramas-in-paragina-budapesta-taie-finantarea%2F&amp;via=ortodoxinforo\" data-title=\"X\" rel=\"nofollow\"><span>X<\/span><\/a><a class=\"share-action icon-whatsapp is-web\" aria-label=\"Share on Whatsapp\" href=\"https:\/\/web.whatsapp.com\/send?text=Ungaria+a+cump%C4%83rat+26+de+cl%C4%83diri+istorice+%C3%AEn+Rom%C3%A2nia%2C+%C3%AEn+timpul+guvern%C4%83rii+Orban.+25+au+r%C4%83mas+%C3%AEn+paragin%C4%83.+Budapesta+taie+finan%C8%9Barea%20%E2%98%9E%20https%3A%2F%2Fortodoxinfo.ro%2F2026%2F08%2F14%2Fungaria-a-cumparat-26-de-cladiri-istorice-in-romania-in-timpul-guvernarii-orban-25-au-ramas-in-paragina-budapesta-taie-finantarea%2F\" target=\"_blank\" data-title=\"WhatsApp\" rel=\"nofollow\"><span>Whatsapp<\/span><\/a><a class=\"share-action icon-whatsapp is-mobile\" aria-label=\"Share on Whatsapp\" href=\"\/\/send?text=Ungaria+a+cump%C4%83rat+26+de+cl%C4%83diri+istorice+%C3%AEn+Rom%C3%A2nia%2C+%C3%AEn+timpul+guvern%C4%83rii+Orban.+25+au+r%C4%83mas+%C3%AEn+paragin%C4%83.+Budapesta+taie+finan%C8%9Barea%20%E2%98%9E%20https%3A%2F%2Fortodoxinfo.ro%2F2026%2F08%2F14%2Fungaria-a-cumparat-26-de-cladiri-istorice-in-romania-in-timpul-guvernarii-orban-25-au-ramas-in-paragina-budapesta-taie-finantarea%2F\" target=\"_blank\" data-title=\"WhatsApp\" rel=\"nofollow\"><span>Whatsapp<\/span><\/a><a class=\"share-action share-trigger icon-telegram\" aria-label=\"Share on Telegram\" href=\"https:\/\/t.me\/share\/?url=https%3A%2F%2Fortodoxinfo.ro%2F2026%2F08%2F14%2Fungaria-a-cumparat-26-de-cladiri-istorice-in-romania-in-timpul-guvernarii-orban-25-au-ramas-in-paragina-budapesta-taie-finantarea%2F&amp;text=Ungaria+a+cump%C4%83rat+26+de+cl%C4%83diri+istorice+%C3%AEn+Rom%C3%A2nia%2C+%C3%AEn+timpul+guvern%C4%83rii+Orban.+25+au+r%C4%83mas+%C3%AEn+paragin%C4%83.+Budapesta+taie+finan%C8%9Barea\" data-title=\"Telegram\" rel=\"nofollow\"><span>Telegram<\/span><\/a><a class=\"share-action icon-copy copy-trigger\" aria-label=\"Copy Link\" href=\"https:\/\/ortodoxinfo.ro\/2026\/08\/14\/ungaria-a-cumparat-26-de-cladiri-istorice-in-romania-in-timpul-guvernarii-orban-25-au-ramas-in-paragina-budapesta-taie-finantarea\/\" data-copied=\"Copied!\" data-link=\"https:\/\/ortodoxinfo.ro\/2026\/08\/14\/ungaria-a-cumparat-26-de-cladiri-istorice-in-romania-in-timpul-guvernarii-orban-25-au-ramas-in-paragina-budapesta-taie-finantarea\/\" rel=\"nofollow\" data-copy=\"Copy Link\"><span>Copy Link<\/span><\/a><a class=\"share-action icon-print\" aria-label=\"Print\" rel=\"nofollow\" data-title=\"Print\"><span>Print<\/span><\/a><\/div>\n<\/div>\n<\/div>\n<div id=\"tabs\" class=\"dntplgn_form_wrapper\"><span><\/p>\n<h2>\u0218tirile sunt sub cenzur\u0103! Sprijini\u021bi OrtodoxINFO!<\/h2>\n<p>Guvernul nu dore\u0219te aflarea adev\u0103rului despre lovitura de stat \u0219i \u00eengenuncherea Rom\u00e2niei. \u00cencerc\u0103m s\u0103 men\u021binem viu acest site \u0219i s\u0103 v\u0103 punem la dispozi\u021bie informa\u021bii care s\u0103 fac\u0103 lumin\u0103 \u00een cea mai mare provocare pe care o tr\u0103im. Jurnalismul independent al portalului OrtodoxINFO func\u021bioneaz\u0103 strict cu ajutorul cititorilor.<br \/>\nNe pute\u021bi sprijini printr-o <b><a href=\"https:\/\/ortodoxinfo.ro\/donatii\/\">dona\u021bie bancar\u0103<\/a> sau prin PayPal, complet\u00e2nd formularul de mai jos.<\/b><\/span><\/p>\n<ul>\n<li><a href=\"https:\/\/ortodoxinfo.ro\/2026\/08\/14\/ungaria-a-cumparat-26-de-cladiri-istorice-in-romania-in-timpul-guvernarii-orban-25-au-ramas-in-paragina-budapesta-taie-finantarea\/#tabs-1\">Dona\u021bie lunar\u0103<\/a><\/li>\n<li><a href=\"https:\/\/ortodoxinfo.ro\/2026\/08\/14\/ungaria-a-cumparat-26-de-cladiri-istorice-in-romania-in-timpul-guvernarii-orban-25-au-ramas-in-paragina-budapesta-taie-finantarea\/#tabs-2\">Doar acum<\/a><\/li>\n<\/ul>\n<div id=\"tabs-1\"><img loading=\"lazy\" decoding=\"async\" alt border=\"0\" src=\"https:\/\/www.paypalobjects.com\/en_US\/i\/scr\/pixel.gif\" width=\"1\" height=\"1\"><\/div>\n<div id=\"tabs-2\">\n<p>\t\t     \u20ac<\/p>\n<p>\t\t    <img loading=\"lazy\" decoding=\"async\" alt border=\"0\" src=\"https:\/\/www.paypalobjects.com\/en_US\/i\/scr\/pixel.gif\" width=\"1\" height=\"1\"><\/div>\n<p>Mul\u021bumim celor care ne-au ajutat p\u00e2n\u0103 acum!\n\t<\/p><\/div>\n<div class=\"comment-box-wrap entry-sec\">\n<div class=\"comment-box-header\"><span class=\"h3\">Las\u0103 un comentariu<\/span><\/div>\n<div class=\"comment-holder no-comment\">\n<div id=\"comments\" class=\"comments-area\">\n<div id=\"respond\" class=\"comment-respond\">\n<h3 id=\"reply-title\" class=\"comment-reply-title\">Las\u0103 un r\u0103spuns <small><a rel=\"nofollow\" id=\"cancel-comment-reply-link\" href=\"https:\/\/ortodoxinfo.ro\/2026\/08\/14\/ungaria-a-cumparat-26-de-cladiri-istorice-in-romania-in-timpul-guvernarii-orban-25-au-ramas-in-paragina-budapesta-taie-finantarea\/#respond\">Anuleaz\u0103 r\u0103spunsul<\/a><\/small><\/h3>\n<p class=\"comment-notes\"><span id=\"email-notes\">Adresa ta de email nu va fi publicat\u0103.<\/span><span class=\"required-field-message\">C\u00e2mpurile obligatorii sunt marcate cu <span class=\"required\">*<\/span><\/span><\/p>\n<\/div>\n<\/div>\n<\/div>\n<\/div>\n<\/div>\n<div class=\"sidebar-wrap single-sidebar\">\n<div class=\"sidebar-inner clearfix\">\n<div id=\"widget-post-2\" class=\"widget rb-section w-sidebar clearfix widget-post\">\n<div class=\"block-h widget-heading heading-layout-1\">\n<div class=\"heading-inner\">\n<h4 class=\"heading-title\"><span>Articole recente<\/span><\/h4>\n<\/div>\n<\/div>\n<div class=\"widget-p-listing\">\n<div class=\"p-wrap p-small p-list-small-2\" data-pid=\"257904\">\n<div class=\"feat-holder\">\n<div class=\"p-featured ratio-v1\"><a class=\"p-flink\" href=\"https:\/\/ortodoxinfo.ro\/2026\/08\/14\/gigantul-media-msn-a-preluat-articolul-despre-calin-georgescu-care-aparuse-initial-pe-newsweek-america\/\" title=\"Gigantul media MSN a preluat articolul despre C\u0103lin Georgescu, care ap\u0103ruse ini\u021bial pe Newsweek America\"><img decoding=\"async\" width=\"150\" height=\"150\" src=\"https:\/\/ortodoxinfo.ro\/wp-content\/uploads\/2026\/08\/calin567-150x150.png\" class=\"featured-img wp-post-image\" alt loading=\"lazy\"><\/a><\/div>\n<\/div>\n<div class=\"p-content\">\n<h5 class=\"entry-title\"><a class=\"p-url\" href=\"https:\/\/ortodoxinfo.ro\/2026\/08\/14\/gigantul-media-msn-a-preluat-articolul-despre-calin-georgescu-care-aparuse-initial-pe-newsweek-america\/\" rel=\"bookmark\">Gigantul media MSN a preluat articolul despre C\u0103lin Georgescu, care ap\u0103ruse ini\u021bial pe Newsweek America<\/a><\/h5>\n<div class=\"p-meta\">\n<div class=\"meta-inner is-meta\"><span class=\"meta-el meta-date\"><time datetime=\"2026-08-14T15:54:44+03:00\">14 august 2026<\/time><\/span><span class=\"meta-el meta-category meta-bold\"><a class=\"meta-separate category-19866\" href=\"https:\/\/ortodoxinfo.ro\/category\/lupta-pentru-romania\/\">Lupt\u0103 pentru Rom\u00e2nia<\/a><\/span><span class=\"meta-el meta-view\">2.5k vizualiz\u0103ri\t\t<\/span><\/div>\n<\/div>\n<\/div>\n<\/div>\n<div class=\"p-wrap p-small p-list-small-2\" data-pid=\"257927\">\n<div class=\"feat-holder\">\n<div class=\"p-featured ratio-v1\"><a class=\"p-flink\" href=\"https:\/\/ortodoxinfo.ro\/2026\/08\/14\/planul-mafiei-proueropene-bolojan-mana-cu-care-nicusor-dan-si-grindeanu-executa-slugarnic-directivele-antiromanesti-ale-ue\/\" title=\"PLANUL mafiei proUEropene: Bolojan, m\u00e2na prin care Nicu\u0219or Dan \u0219i Grindeanu execut\u0103 slugarnic directivele antirom\u00e2ne\u0219ti ale UE\"><img decoding=\"async\" width=\"150\" height=\"150\" src=\"https:\/\/ortodoxinfo.ro\/wp-content\/uploads\/2026\/08\/grindeanu-nicusor-bolo-150x150.jpg\" class=\"featured-img wp-post-image\" alt loading=\"lazy\"><\/a><\/div>\n<\/div>\n<div class=\"p-content\">\n<h5 class=\"entry-title\"><a class=\"p-url\" href=\"https:\/\/ortodoxinfo.ro\/2026\/08\/14\/planul-mafiei-proueropene-bolojan-mana-cu-care-nicusor-dan-si-grindeanu-executa-slugarnic-directivele-antiromanesti-ale-ue\/\" rel=\"bookmark\">PLANUL mafiei proUEropene: Bolojan, m\u00e2na prin care Nicu\u0219or Dan \u0219i Grindeanu execut\u0103 slugarnic directivele antirom\u00e2ne\u0219ti ale UE<\/a><\/h5>\n<div class=\"p-meta\">\n<div class=\"meta-inner is-meta\"><span class=\"meta-el meta-date\"><time datetime=\"2026-08-14T11:21:24+03:00\">14 august 2026<\/time><\/span><span class=\"meta-el meta-category meta-bold\"><a class=\"meta-separate category-19885\" href=\"https:\/\/ortodoxinfo.ro\/category\/anti-sistem\/anti-romanism\/asasinii-tarii\/\">Asasinii \u021b\u0103rii<\/a><\/span><span class=\"meta-el meta-view\">6.7k vizualiz\u0103ri\t\t<\/span><\/div>\n<\/div>\n<\/div>\n<\/div>\n<div class=\"p-wrap p-small p-list-small-2\" data-pid=\"257941\">\n<div class=\"feat-holder\">\n<div class=\"p-featured ratio-v1\"><a class=\"p-flink\" href=\"https:\/\/ortodoxinfo.ro\/2026\/08\/14\/sua-o-ciudatenie-politica-progresisto-lgbtisto-socialista-pe-cale-sa-preia-partidul-democrat\/\" title=\"SUA: O ciud\u0103\u021benie politic\u0103, progresisto-lgbtisto-socialist\u0103, pe cale s\u0103 preia Partidul Democrat\"><img decoding=\"async\" width=\"150\" height=\"150\" src=\"https:\/\/ortodoxinfo.ro\/wp-content\/uploads\/2026\/08\/sua-valul-socialist-american-pe-cale-sa-preia-partidul-democrat-84136-150x150.jpg\" class=\"featured-img wp-post-image\" alt loading=\"lazy\"><\/a><\/div>\n<\/div>\n<div class=\"p-content\">\n<h5 class=\"entry-title\"><a class=\"p-url\" href=\"https:\/\/ortodoxinfo.ro\/2026\/08\/14\/sua-o-ciudatenie-politica-progresisto-lgbtisto-socialista-pe-cale-sa-preia-partidul-democrat\/\" rel=\"bookmark\">SUA: O ciud\u0103\u021benie politic\u0103, progresisto-lgbtisto-socialist\u0103, pe cale s\u0103 preia Partidul Democrat<\/a><\/h5>\n<div class=\"p-meta\">\n<div class=\"meta-inner is-meta\"><span class=\"meta-el meta-date\"><time datetime=\"2026-08-14T09:27:27+03:00\">14 august 2026<\/time><\/span><span class=\"meta-el meta-category meta-bold\"><a class=\"meta-separate category-1542\" href=\"https:\/\/ortodoxinfo.ro\/category\/anti-sistem\/sionism\/comunism\/\">Comunism<\/a><\/span><span class=\"meta-el meta-view\">4.3k vizualiz\u0103ri\t\t<\/span><\/div>\n<\/div>\n<\/div>\n<\/div>\n<div class=\"p-wrap p-small p-list-small-2\" data-pid=\"257805\">\n<div class=\"feat-holder\">\n<div class=\"p-featured ratio-v1\"><a class=\"p-flink\" href=\"https:\/\/ortodoxinfo.ro\/2026\/08\/13\/cum-a-ajuns-energia-romaniei-pe-mainile-unei-carpe-a-bruxelles-ului-cu-zero-pregatire-in-domeniu\/\" title=\"Cum a ajuns energia Rom\u00e2niei pe m\u00e2inile unei c\u00e2rpe a Bruxelles-ului, cu zero preg\u0103tire \u00een domeniu\"><img decoding=\"async\" width=\"150\" height=\"150\" src=\"https:\/\/ortodoxinfo.ro\/wp-content\/uploads\/2026\/08\/61688612-150x150.jpg\" class=\"featured-img wp-post-image\" alt loading=\"lazy\"><\/a><\/div>\n<\/div>\n<div class=\"p-content\">\n<h5 class=\"entry-title\"><a class=\"p-url\" href=\"https:\/\/ortodoxinfo.ro\/2026\/08\/13\/cum-a-ajuns-energia-romaniei-pe-mainile-unei-carpe-a-bruxelles-ului-cu-zero-pregatire-in-domeniu\/\" rel=\"bookmark\">Cum a ajuns energia Rom\u00e2niei pe m\u00e2inile unei c\u00e2rpe a Bruxelles-ului, cu zero preg\u0103tire \u00een domeniu<\/a><\/h5>\n<div class=\"p-meta\">\n<div class=\"meta-inner is-meta\"><span class=\"meta-el meta-date\"><time datetime=\"2026-08-13T22:01:26+03:00\">13 august 2026<\/time><\/span><span class=\"meta-el meta-category meta-bold\"><a class=\"meta-separate category-19885\" href=\"https:\/\/ortodoxinfo.ro\/category\/anti-sistem\/anti-romanism\/asasinii-tarii\/\">Asasinii \u021b\u0103rii<\/a><\/span><span class=\"meta-el meta-view\">12.9k vizualiz\u0103ri\t\t<\/span><\/div>\n<\/div>\n<\/div>\n<\/div>\n<\/div>\n<\/div>\n<div id=\"custom_html-2\" class=\"widget_text widget rb-section w-sidebar clearfix widget_custom_html\">\n<div class=\"block-h widget-heading heading-layout-1\">\n<div class=\"heading-inner\">\n<h4 class=\"heading-title\"><span>DONA\u021aII \u00een cont bancar<\/span><\/h4>\n<\/div>\n<\/div>\n<div class=\"textwidget custom-html-widget\">\n<table class=\"donatii\">\n<tbody>\n<tr>\n<th colspan=\"2\"><strong><span>Asicia\u021bia SMI-B<\/span><\/strong><\/th>\n<\/tr>\n<tr>\n<th>Cont LEI<\/th>\n<td>RO67CECEB00030RON2081955<\/td>\n<\/tr>\n<tr>\n<th>Cont EURO<\/th>\n<td>RO33CECEB000C1EUR2081978<\/td>\n<\/tr>\n<tr>\n<th>Cod SWIFT<\/th>\n<td>CECEROBU<\/td>\n<\/tr>\n<tr>\n<th colspan=\"2\"><strong>CEC BANK SA<\/strong><\/th>\n<\/tr>\n<\/tbody>\n<\/table>\n<\/div>\n<\/div>\n<\/div>\n<\/div>\n<\/div>\n<\/article>\n<div class=\"entry-content rbct clearfix is-highlight-shares\">\n<div class=\"ruby-table-contents rbtoc table-left table-fw-single-col\">\n<div class=\"toc-header\"><span class=\"h3\">Sumar<\/span><\/div>\n<div class=\"toc-content h5\"><a href=\"https:\/\/ortodoxinfo.ro\/2026\/08\/14\/ungaria-a-cumparat-26-de-cladiri-istorice-in-romania-in-timpul-guvernarii-orban-25-au-ramas-in-paragina-budapesta-taie-finantarea\/#zeci-de-miliarde-de-forinti-cheltuite-pentru-cumpararea-cladirilor-dar-renovarile-au-intarziat\" class=\"table-link no-link anchor-link\" data-index=\"rb-heading-index-0\">Zeci de miliarde de forin\u021bi cheltuite pentru cump\u0103rarea cl\u0103dirilor, dar renov\u0103rile au \u00eent\u00e2rziat<\/a><a href=\"https:\/\/ortodoxinfo.ro\/2026\/08\/14\/ungaria-a-cumparat-26-de-cladiri-istorice-in-romania-in-timpul-guvernarii-orban-25-au-ramas-in-paragina-budapesta-taie-finantarea\/#romania-concentreaza-26-dintre-proprietati-o-singura-cladire-ar-fi-fost-renovata-in-cinci-ani\" class=\"table-link no-link anchor-link\" data-index=\"rb-heading-index-1\">Rom\u00e2nia concentreaz\u0103 26 dintre propriet\u0103\u021bi. O singur\u0103 cl\u0103dire ar fi fost renovat\u0103 \u00een cinci ani<\/a><\/div>\n<\/div>\n<p>\u00a0<\/p>\n<p id=\"p-0\"><strong>O funda\u021bie creat\u0103 \u00een timpul guvern\u0103rii Viktor Orb\u00e1n a cump\u0103rat zeci de imobile istorice \u00een Bazinul Carpatic, inclusiv 26 \u00een Rom\u00e2nia. Multe dintre acestea au fost lasate \u00een paragin\u0103. Noul Executiv de la Budapesta a t\u0103iat finan\u021barea programului.<\/strong><\/p>\n<p id=\"p-1\">Un amplu program de <a href=\"https:\/\/www.gandul.ro\/actualitate\/sindromul-trianon-monumentele-istorice-nationaliste-ale-lui-viktor-orban-sunt-contestate-dar-peter-magyar-continua-politica-sa-revizionista-20963885\">achizi\u021bii imobiliare derulat de Ungaria din mandatul lui Viktor Orban<\/a> \u00een ultimii ani las\u0103 \u00een urm\u0103 zeci de cl\u0103diri istorice, multe dintre ele degradate \u0219i f\u0103r\u0103 un plan clar de restaurare. Nu mai pu\u021bin de 26 dintre propriet\u0103\u021bi se afl\u0103 \u00een Rom\u00e2nia.<\/p>\n<p id=\"p-3\">Funda\u021bia pentru Conservarea Patrimoniului Construit din Europa Central\u0103 (KEOMA), \u00eenfiin\u021bat\u0103 \u00een 2021 \u0219i folosit\u0103 pentru cump\u0103rarea unor propriet\u0103\u021bi \u00een \u00eentreg Bazinul Carpatic, urmeaz\u0103 s\u0103 fie dizolvat\u0103 la sf\u00e2r\u0219itul lunii august.<\/p>\n<p id=\"p-4\">Decizia face parte dintr-un proces mai amplu prin care noul guvern de la Budapesta desfiin\u021beaz\u0103 funda\u021biile de management al activelor de interes public care nu administreaz\u0103 universit\u0103\u021bi.<\/p>\n<p id=\"p-5\">Problema care r\u0103m\u00e2ne este \u00eens\u0103 una costisitoare: ce se va \u00eent\u00e2mpla cu patrimoniul imobiliar acumulat \u00een ultimii ani, pentru achizi\u021bia c\u0103ruia au fost cheltuite zeci de miliarde de forin\u021bi?<\/p>\n<p id=\"p-6\">Multe dintre cl\u0103diri necesit\u0103 investi\u021bii majore pentru restaurare, iar \u00een acest moment nu exist\u0103 nici un concept clar privind viitorul lor \u0219i nici finan\u021barea necesar\u0103 lucr\u0103rilor, potrivit informa\u021biilor publicate de portalul ungar HVG \u0219i citate de ziarul <a href=\"https:\/\/nepszava.hu\/3330852_hataron-tul-ingatlanvasarlasok-felujitas-keoma\">N\u00e9pszava<\/a>.<\/p>\n<h3 id=\"zeci-de-miliarde-de-forinti-cheltuite-pentru-cumpararea-cladirilor-dar-renovarile-au-intarziat\" class=\"rb-heading-index-0\">Zeci de miliarde de forin\u021bi cheltuite pentru cump\u0103rarea cl\u0103dirilor, dar renov\u0103rile au \u00eent\u00e2rziat<\/h3>\n<p id=\"p-7\">KEOMA a fost creat\u0103 cu obiectivul declarat de a contribui la conservarea patrimoniului construit din Europa Central\u0103. \u00cen practic\u0103, funda\u021bia a acumulat \u00eentr-un ritm rapid un portofoliu imobiliar uria\u0219, r\u0103sp\u00e2ndit \u00een mai multe state din regiune.<\/p>\n<p id=\"p-8\">Zolt\u00e1n Tarr, ministrul ungar al Culturii \u0219i Rela\u021biilor Sociale, a explicat pentru HVG c\u0103 legisla\u021bia privind reorganizarea funda\u021biilor de management al activelor de interes public atribuise ini\u021bial KEOMA ministerului pe care \u00eel conduce.<\/p>\n<div class=\"inline-single-ad ad_single_3_index alignfull\">\n<div class=\"ad-wrap ad-script-wrap\">\n<div class=\"ad-script non-adsense edge-padding\">\n<div>\n\u203c\ufe0f\u203c\ufe0f NU recunoa\u0219tem ca pre\u0219edinte al Rom\u00e2niei pe marioneta retard\u0103 Nicu\u0219or Dan! Rom\u00e2ni, boicota\u021bi aceast\u0103 f\u0103c\u0103tur\u0103, care ne face \u021bara de r\u00e2s! NU rom\u00e2nii l-au votat pe Nicusoro\u0219 &#8211; cu unele excep\u021bii de persoane infantile, manipulabile \u0219i chiar idioate &#8211; ci l-au ajutat Maia Soro\u0219, Emanuel Macrou \u0219i tr\u0103d\u0103torii de la B.E.C. \u0219i CCR!<br \/>\n La \u00eenchisoare cu cei care au fraudat alegerile!\n<\/div>\n<\/div>\n<\/div>\n<\/div>\n<p id=\"p-9\">Funda\u021bia a fost \u00eens\u0103 transferat\u0103 ulterior Ministerului Transporturilor \u0219i Investi\u021biilor, motivul fiind c\u0103 aceasta nu desf\u0103\u0219ura, \u00een fapt, activit\u0103\u021bi culturale, ci acumulase \u00een principal un patrimoniu imobiliar considerabil.<\/p>\n<p id=\"p-10\">Ministerul Culturii a atras aten\u021bia, printr-o not\u0103, asupra necesit\u0103\u021bii conserv\u0103rii \u0219i dezvolt\u0103rii cl\u0103dirilor importante pentru protejarea patrimoniului. Aceste imobile reprezint\u0103 \u00eens\u0103 doar aproximativ un sfert din \u00eentregul portofoliu.<\/p>\n<p id=\"p-11\">Una dintre marile probleme ale programului a fost ritmul achizi\u021biilor. Potrivit HVG, propriet\u0103\u021bile au fost cump\u0103rate pentru zeci de miliarde de forin\u021bi, \u00eens\u0103 readucerea lor la o stare corespunz\u0103toare ar necesita investi\u021bii suplimentare de cel pu\u021bin aceea\u0219i amploare.<\/p>\n<p id=\"p-12\">Achizi\u021biile s-au f\u0103cut at\u00e2t de rapid \u00eenc\u00e2t resursele financiare \u0219i timpul necesar renov\u0103rii \u0219i g\u0103sirii unei utiliz\u0103ri pentru cl\u0103diri nu au \u021binut pasul cu extinderea portofoliului.<\/p>\n<p id=\"p-13\">Rezultatul este c\u0103, dup\u0103 mai mul\u021bi ani, numeroase imobile se afl\u0103 \u00eenc\u0103 \u00een fazele de preg\u0103tire sau proiectare, f\u0103r\u0103 ca lucr\u0103rile propriu-zise s\u0103 fi \u00eenceput.<\/p>\n<h3 id=\"romania-concentreaza-26-dintre-proprietati-o-singura-cladire-ar-fi-fost-renovata-in-cinci-ani\" class=\"rb-heading-index-1\">Rom\u00e2nia concentreaz\u0103 26 dintre propriet\u0103\u021bi. O singur\u0103 cl\u0103dire ar fi fost renovat\u0103 \u00een cinci ani<\/h3>\n<p id=\"p-14\">O list\u0103 oficial\u0103 ob\u021binut\u0103 de HVG \u0219i \u00eentocmit\u0103 \u00een urm\u0103 cu aproximativ doi ani indic\u0103 existen\u021ba a aproximativ 41 de cl\u0103diriachizi\u021bionate prin acest program \u00een afara Ungariei.<\/p>\n<p id=\"p-15\">Cea mai mare parte se afl\u0103 \u00een Rom\u00e2nia: 26 de propriet\u0103\u021bi. Alte 11 sunt \u00een Slovacia, dou\u0103 \u00een Croa\u021bia, una \u00een Slovenia \u0219i una \u00een Serbia.<\/p>\n<p id=\"p-16\">Situa\u021bia lucr\u0103rilor arat\u0103 c\u00e2t de pu\u021bin a avansat proiectul dup\u0103 valul de achizi\u021bii.<\/p>\n<p id=\"p-17\">\u00cen cazul cl\u0103dirii \u00een stil clasicist de pe strada Nyerges din Bratislava, care a g\u0103zduit ambasada Ungariei p\u00e2n\u0103 \u00een 2018, \u0219i al fostului Hotel Pann\u00f3nia din Tren\u010dianske Teplice, proiectele ajunseser\u0103 \u00een etapa \u00een care execu\u021bia putea fi scoas\u0103 la licita\u021bie.<\/p>\n<p id=\"p-18\">Pentru celelalte propriet\u0103\u021bi, procedurile nu ajunseser\u0103 nici m\u0103car \u00een acest punct, acestea figur\u00e2nd \u00een diferite faze de \u201epreg\u0103tire\u201d sau \u201eproiectare\u201d.<\/p>\n<p id=\"p-19\">Potrivit HVG, \u00een aproximativ cinci ani o singur\u0103 proprietate din portofoliu a fost renovat\u0103 \u0219i predat\u0103: Hotelul Pann\u00f3nia din Satu Mare, una dintre primele cl\u0103diri cump\u0103rate \u00een cadrul programului.<\/p>\n<p id=\"p-21\">Desfiin\u021barea KEOMA las\u0103 acum noul guvern de la Budapesta \u00een fa\u021ba unei decizii dificile. Cl\u0103dirile nu dispar odat\u0103 cu funda\u021bia, iar unele dintre ele au nevoie de investi\u021bii substan\u021biale pentru a nu continua s\u0103 se degradeze.<\/p>\n<p id=\"p-22\">\u00cen lipsa unei noi surse de finan\u021bare \u0219i a unui plan pentru fiecare proprietate, costurile necesare restaur\u0103rii ar putea deveni o problem\u0103 important\u0103 pentru administra\u021bia care preia patrimoniul acumulat \u00een anii preceden\u021bi.<\/p>\n<p id=\"p-23\">KEOMA a fost condus\u0103 de Levente Magyar, fost secretar de stat \u00een Ministerul Afacerilor Externe al Ungariei \u0219i fost adjunct al ministrului de Externe P\u00e9ter Szijj\u00e1rt\u00f3.<\/p>\n<\/div>\n<p>[analyse_source url=&#8221;https:\/\/ortodoxinfo.ro\/2026\/08\/14\/ungaria-a-cumparat-26-de-cladiri-istorice-in-romania-in-timpul-guvernarii-orban-25-au-ramas-in-paragina-budapesta-taie-finantarea\/&#8221;]<\/p>\n","protected":false},"excerpt":{"rendered":"<p>[analyse_image type=&#8221;featured&#8221; src=&#8221;https:\/\/ortodoxinfo.ro\/wp-content\/uploads\/2026\/08\/viktor-orban.jpghttps:\/\/ortodoxinfo.ro\/wp-content\/uploads\/2026\/08\/viktor-orban.jpg&#8221;] Prima pagin\u0103 \u00bb Blog \u00bb Ungaria a cump\u0103rat 26 de cl\u0103diri istorice \u00een Rom\u00e2nia, \u00een timpul guvern\u0103rii Orban. 25 au r\u0103mas \u00een paragin\u0103. Budapesta taie finan\u021barea Ungaria a cump\u0103rat 26 de cl\u0103diri istorice \u00een Rom\u00e2nia, \u00een timpul guvern\u0103rii Orban. 25 au r\u0103mas \u00een paragin\u0103. Budapesta taie finan\u021barea 14 august 2026Iredentism2.9k vizualiz\u0103ri Comentarii [&hellip;]<\/p>\n","protected":false},"author":1,"featured_media":0,"comment_status":"open","ping_status":"","sticky":false,"template":"","format":"standard","meta":{"footnotes":""},"categories":[89],"tags":[226,94],"class_list":["post-2093301","post","type-post","status-publish","format-standard","hentry","category-romania","tag-crawlmanager","tag-ortodoxinfo-ro"],"_links":{"self":[{"href":"https:\/\/analyse.optim.biz\/index.php?rest_route=\/wp\/v2\/posts\/2093301","targetHints":{"allow":["GET"]}}],"collection":[{"href":"https:\/\/analyse.optim.biz\/index.php?rest_route=\/wp\/v2\/posts"}],"about":[{"href":"https:\/\/analyse.optim.biz\/index.php?rest_route=\/wp\/v2\/types\/post"}],"author":[{"embeddable":true,"href":"https:\/\/analyse.optim.biz\/index.php?rest_route=\/wp\/v2\/users\/1"}],"replies":[{"embeddable":true,"href":"https:\/\/analyse.optim.biz\/index.php?rest_route=%2Fwp%2Fv2%2Fcomments&post=2093301"}],"version-history":[{"count":0,"href":"https:\/\/analyse.optim.biz\/index.php?rest_route=\/wp\/v2\/posts\/2093301\/revisions"}],"wp:attachment":[{"href":"https:\/\/analyse.optim.biz\/index.php?rest_route=%2Fwp%2Fv2%2Fmedia&parent=2093301"}],"wp:term":[{"taxonomy":"category","embeddable":true,"href":"https:\/\/analyse.optim.biz\/index.php?rest_route=%2Fwp%2Fv2%2Fcategories&post=2093301"},{"taxonomy":"post_tag","embeddable":true,"href":"https:\/\/analyse.optim.biz\/index.php?rest_route=%2Fwp%2Fv2%2Ftags&post=2093301"}],"curies":[{"name":"wp","href":"https:\/\/api.w.org\/{rel}","templated":true}]}}