{"id":2093300,"date":"2026-08-14T06:27:27","date_gmt":"2026-08-14T03:27:27","guid":{"rendered":"https:\/\/analyse.optim.biz\/?p=2093300"},"modified":"2026-08-14T06:27:27","modified_gmt":"2026-08-14T03:27:27","slug":"sua-o-ciudatenie-politica-progresisto-lgbtisto-socialista-pe-cale-sa-preia-partidul-democrat","status":"publish","type":"post","link":"https:\/\/analyse.optim.biz\/?p=2093300","title":{"rendered":"SUA: O ciud\u0103\u021benie politic\u0103, progresisto-lgbtisto-socialist\u0103, pe cale s\u0103 preia Partidul Democrat"},"content":{"rendered":"<p>[analyse_image type=&#8221;featured&#8221; src=&#8221;https:\/\/ortodoxinfo.ro\/wp-content\/uploads\/2026\/08\/sua-valul-socialist-american-pe-cale-sa-preia-partidul-democrat-84136.jpghttps:\/\/ortodoxinfo.ro\/wp-content\/uploads\/2026\/08\/sua-valul-socialist-american-pe-cale-sa-preia-partidul-democrat-84136.jpg&#8221;]<\/p>\n<article id=\"post-257941\" class=\"post-257941 post type-post status-publish format-standard has-post-thumbnail category-comunism\">\n<header class=\"single-header\">\n<aside class=\"breadcrumb-wrap breadcrumb-yoast s-breadcrumb\">\n<div class=\"breadcrumb-inner\"><span><span><a href=\"https:\/\/ortodoxinfo.ro\/\">Prima pagin\u0103<\/a><\/span> \u00bb <span><a href=\"https:\/\/ortodoxinfo.ro\/blog\/\">Blog<\/a><\/span> \u00bb <span class=\"breadcrumb_last\" aria-current=\"page\">SUA: O ciud\u0103\u021benie politic\u0103, progresisto-lgbtisto-socialist\u0103, pe cale s\u0103 preia Partidul Democrat<\/span><\/span><\/div>\n<\/aside>\n<h1 class=\"s-title fw-headline\">SUA: O ciud\u0103\u021benie politic\u0103, progresisto-lgbtisto-socialist\u0103, pe cale s\u0103 preia Partidul Democrat<\/h1>\n<div class=\"single-meta meta-s-default yes-0\">\n<div class=\"smeta-in\"><a class=\"meta-el meta-avatar\" href=\"https:\/\/ortodoxinfo.ro\/author\/redactor\/\"><img loading=\"lazy\" decoding=\"async\" alt=\"OrtodoxINFO\" src=\"https:\/\/secure.gravatar.com\/avatar\/21010332354a182ce4de6016685c5586f21c51866d0ec5bc8ef383240b3c3e02?s=120&amp;r=g\" class=\"avatar avatar-120 photo\" height=\"120\" width=\"120\"><\/a><\/p>\n<div class=\"smeta-sec\">\n<div class=\"p-meta\">\n<div class=\"meta-inner is-meta\"><span class=\"meta-el meta-date\"><time datetime=\"2026-08-14T09:27:27+03:00\">14 august 2026<\/time><\/span><span class=\"meta-el meta-category meta-bold\"><a class=\"meta-separate category-1542\" href=\"https:\/\/ortodoxinfo.ro\/category\/anti-sistem\/sionism\/comunism\/\">Comunism<\/a><\/span><span class=\"meta-el meta-view\">4.3k vizualiz\u0103ri\t\t<\/span><span class=\"meta-el meta-comment mobile-last-meta tablet-last-meta\"><a href=\"https:\/\/ortodoxinfo.ro\/2026\/08\/14\/sua-o-ciudatenie-politica-progresisto-lgbtisto-socialista-pe-cale-sa-preia-partidul-democrat\/#comments\">1 comentariu<\/a><\/span><\/div>\n<\/div>\n<\/div>\n<\/div>\n<div class=\"smeta-extra\">\n<div class=\"t-shared-sec tooltips-n has-read-meta is-color\">\n<div class=\"t-shared-header is-meta\"><span class=\"share-label\">Share<\/span><\/div>\n<\/div>\n<div class=\"single-right-meta single-time-read is-meta\"><span class=\"meta-el meta-read\">12 Min Read<\/span><\/div>\n<\/div>\n<\/div>\n<\/header>\n<div class=\"grid-container\">\n<div class=\"s-ct\">\n<div class=\"s-feat-outer\">\n<div class=\"s-feat\">\n<div class=\"featured-lightbox-trigger\" data-source=\"https:\/\/ortodoxinfo.ro\/wp-content\/uploads\/2026\/08\/sua-valul-socialist-american-pe-cale-sa-preia-partidul-democrat-84136.jpg\" data-caption data-attribution><img fetchpriority=\"high\" decoding=\"async\" width=\"860\" height=\"452\" src=\"https:\/\/ortodoxinfo.ro\/wp-content\/uploads\/2026\/08\/sua-valul-socialist-american-pe-cale-sa-preia-partidul-democrat-84136-860x452.jpg\" class=\"attachment-foxiz_crop_o1 size-foxiz_crop_o1 wp-post-image\" alt loading=\"eager\"><\/div>\n<\/div>\n<\/div>\n<div class=\"s-ct-wrap has-lsl\">\n<div class=\"s-ct-inner\">\n<div class=\"l-shared-sec-outer show-mobile\">\n<div class=\"l-shared-sec\">\n<div class=\"l-shared-header meta-text\"><span class=\"share-label\">SHARE<\/span><\/div>\n<\/div>\n<\/div>\n<div class=\"e-ct-outer\">\n<div class=\"entry-top\">\n<div id=\"custom_html-3\" class=\"widget_text widget entry-widget clearfix widget_custom_html\">\n<div class=\"textwidget custom-html-widget\">\n<div><small><br \/>\n    OrtodoxINFO este supus unui sabotaj sistematic din partea reprezentan\u021bilor Google Rom\u00e2nia, at\u00e2t la afi\u0219\u0103ri c\u00e2t \u0219i \u00een rezultatele de c\u0103utare.<br \/>\n        Astfel c\u0103 veniturile din publicitate au sc\u0103zut de p\u00e2n\u0103 la <strong>10 ori<\/strong>. Situa\u021bia este similar\u0103 \u0219i pe Facebook.<\/p>\n<p>        V\u0103 invit\u0103m s\u0103 accesa\u021bi direct site-ul \u0219i s\u0103 v\u0103 abona\u021bi la notific\u0103ri.<\/p>\n<p>    Dac\u0103 dori\u021bi s\u0103 ne sus\u021bine\u021bi \u00een aceast\u0103 perioad\u0103 dificil\u0103, orice <a href=\"https:\/\/ortodoxinfo.ro\/donatii\/\">dona\u021bie<\/a> este binevenit\u0103.<br \/>\n    Dumnezeu s\u0103 v\u0103 r\u0103spl\u0103teasc\u0103!<br \/>\n<\/small><\/div>\n<\/div>\n<\/div>\n<\/div>\n<div class=\"entry-content rbct clearfix is-highlight-shares\">\n<p id=\"p-rc_3a3a63ee6c858221-50\" data-path-to-node=\"1\"><strong>Pe m\u0103sur\u0103 ce alegerile de la jum\u0103tatea mandatului din Statele Unite se apropie, aripa st\u00e2ng\u0103 a progresismului american \u00ee\u0219i asum\u0103 riscuri tot mai mari \u00een \u00eencercarea de a redefini identitatea politic\u0103 a \u021b\u0103rii. \u00cen mijlocul acestei mi\u0219c\u0103ri se afl\u0103 organiza\u021bia Sociali\u0219tii Democratici din America (DSA), o structur\u0103 politic\u0103 bazat\u0103 pe voluntariat \u0219i activism sindical care \u00ee\u0219i trimite candida\u021bii pe listele Partidului Democrat pentru a schimba sistemul din interior. Cu victorii tot mai vizibile \u00een alegerile primare \u0219i o prezen\u021b\u0103 consolidat\u0103 \u00een consiliile locale ale unor ora\u0219e precum New York sau Los Angeles, mi\u0219carea socialist\u0103 pare s\u0103 c\u00e2\u0219tige teren. Cu toate acestea, dincolo de fervoarea electoral\u0103 se ascunde un paradox demografic \u0219i ideologic profund. De\u0219i se prezint\u0103 ca un ap\u0103r\u0103tor al clasei muncitoare, baza activ\u0103 a DSA este format\u0103 predominant din tineri urbani cu studii superioare, un profil sociologic foarte diferit de cel al muncitorilor tradi\u021bionali. Testul din alegerile generale va ar\u0103ta dac\u0103 aceast\u0103 viziune colectivist\u0103 va reu\u0219i s\u0103 conving\u0103 majoritatea electoratului sau dac\u0103 se va lovi de pragmatismul tradi\u021bional al societ\u0103\u021bii americane, scrie o analiza<a href=\"https:\/\/www.ilfoglio.it\/en\/world\/2026\/08\/13\/news\/the-socialist-wave-seeking-to-take-over-the-us-democratic-party--404741\" target=\"_blank\" rel=\"noopener\"> Il Foglio<\/a>.<\/strong><\/p>\n<p data-path-to-node=\"0\">.\u00cen cadrul acestei aripi a progresismului transatlantic, cre\u0219te speran\u021ba c\u0103 \u021bara \u2014 sau cel pu\u021bin o parte semnificativ\u0103 a ei \u2014 este preg\u0103tit\u0103 s\u0103 mearg\u0103 mai departe ca niciodat\u0103 \u00een imaginarea unei na\u021biuni revizuite, corectate \u0219i chiar \u201edezinfectate\u201d dup\u0103 <em>traumatismul<\/em> erei Trump.<\/p>\n<p>Toate acestea se bazeaz\u0103 pe credin\u021ba discutabil\u0103 c\u0103 un sentiment colectivist este pe cale s\u0103 \u00eenlocuiasc\u0103 etosul individualist profund ancorat \u00een cultura american\u0103, ca parte a unei reg\u00e2ndiri fundamentale a platformei pe care s\u0103 se reconstruiasc\u0103 o identitate na\u021bional\u0103. O ipotez\u0103 fascinant\u0103 dac\u0103 este analizat\u0103 \u00eentr-un <i data-index-in-node=\"318\" data-path-to-node=\"6\">think tank<\/i>, dar r\u0103m\u00e2ne de v\u0103zut dac\u0103 va rezista testului urnelor la alegerile generale.<\/p>\n<p>\u0218i totu\u0219i, acest miros <em>exotic<\/em> de socialism este \u00een aer \u0219i \u00een conversa\u021biile oamenilor; se simte \u00een campusurile universitare \u0219i \u00een dezbaterile televizate. Primele date statistice ofer\u0103 o anumit\u0103 credibilitate acestei ipoteze, oric\u00e2t de greu ar fi de acceptat.<\/p>\n<p>Politica american\u0103 a cunoscut mereu veri vizionare \u2013 momente \u00een care o minoritate pasionat\u0103 devine convins\u0103, iar timp de c\u00e2teva luni \u00eei convinge \u0219i pe al\u021bii, c\u0103 \u021bara se afl\u0103 \u00een pragul unei convertiri \u00een mas\u0103. Acesta este \u0219i cazul ascensiunii treptate a Sociali\u0219tilor Democratici din America (DSA), care se afl\u0103 deja la putere \u00een New York, vor fi \u00een cur\u00e2nd la putere \u00een Washington \u0219i testeaz\u0103 terenul \u00een Michigan \u0219i Wisconsin \u2014 cu rezultate mixte \u2014 pentru a vedea dac\u0103 aceast\u0103 fervoare este ceva mai mult dec\u00e2t o reac\u021bie de moment alimentat\u0103 de furie.<\/p>\n<p>Rezultatele din ultimele s\u0103pt\u0103m\u00e2ni sunt totu\u0219i surprinz\u0103toare pentru un grup care, acum patru ani, era considerat condamnat la un purgatoriu etern. \u00cen anii 2020, dac\u0103 un democrat trebuia s\u0103 cucereasc\u0103 America, acesta putea ar\u0103ta, cel mult, ca Joe Biden. Apoi Trump a revenit \u00een for\u021b\u0103 pe scen\u0103, cu tot ce a presupus asta. Iar acum ne trezim cu Zohran Mamdani primar al ora\u0219ului New York, cu Janeese Lewis George \u2014 o candidat\u0103 sus\u021binut\u0103 de DSA \u2014 favorit\u0103 s\u0103 devin\u0103 primar \u00een Washington, \u0219i cu al\u021bi politicieni sprijini\u021bi de aceast\u0103 organiza\u021bie care \u0219i-au f\u0103cut auzit\u0103 vocea \u00een diverse alegeri primare pentru Congres.<\/p>\n<p>La 4 august, Abdul El-Sayed a \u00eenvins-o pe centrista Haley Stevens \u00een Michigan, asigur\u00e2ndu-\u0219i nominalizarea democrat\u0103 pentru Senat. Lucrurile nu au mers la fel de bine pentru favorita Francesca Hong, reprezentant\u0103 DSA \u00een cursa primar\u0103 democrat\u0103 pentru func\u021bia de guvernator din Wisconsin, care a fost \u00eenvins\u0103 la limit\u0103 de mai moderatul David Crowley \u2014 o dovad\u0103 \u00een plus c\u0103 mandatul oferit de electorat candida\u021bilor pozi\u021biona\u021bi puternic la st\u00e2nga r\u0103m\u00e2ne, deocamdat\u0103, ambiguu.<\/p>\n<p><strong>Schimbarea din interior \u0219i avantajul organizatoric<\/strong><\/p>\n<p>Aceasta r\u0103m\u00e2ne o noutate pe scena politic\u0103 american\u0103: DSA nu este un partid propriu-zis, ci o organiza\u021bie care \u00ee\u0219i trimite propriii candida\u021bi pe listele Partidului Democrat, cu scopul de a schimba partidul din interior, mai degrab\u0103 dec\u00e2t de a-i face concuren\u021b\u0103 direct\u0103. \u00cen cadrul grupului, deciziile sunt votate de membri, nu impuse de comitetul executiv, iar activismul se extinde la organizarea sindical\u0103, ceea ce men\u021bine grupul mobilizat chiar \u0219i \u00een afara ciclurilor electorale.<\/p>\n<div class=\"inline-single-ad ad_single_3_index alignfull\">\n<div class=\"ad-wrap ad-script-wrap\">\n<div class=\"ad-script non-adsense edge-padding\">\n<div>\n\u203c\ufe0f\u203c\ufe0f NU recunoa\u0219tem ca pre\u0219edinte al Rom\u00e2niei pe marioneta retard\u0103 Nicu\u0219or Dan! Rom\u00e2ni, boicota\u021bi aceast\u0103 f\u0103c\u0103tur\u0103, care ne face \u021bara de r\u00e2s! NU rom\u00e2nii l-au votat pe Nicusoro\u0219 &#8211; cu unele excep\u021bii de persoane infantile, manipulabile \u0219i chiar idioate &#8211; ci l-au ajutat Maia Soro\u0219, Emanuel Macrou \u0219i tr\u0103d\u0103torii de la B.E.C. \u0219i CCR!<br \/>\n La \u00eenchisoare cu cei care au fraudat alegerile!\n<\/div>\n<\/div>\n<\/div>\n<\/div>\n<p>\u00centr-o er\u0103 \u00een care marile partide au \u00eenlocuit vechiul sistem al campaniilor din u\u0219\u0103 \u00een u\u0219\u0103 cu reclame pl\u0103tite, DSA dispune \u00een continuare de o armat\u0103 de voluntari dispu\u0219i s\u0103 bat\u0103 la u\u0219ile americanilor: un avantaj structural real, <strong>nu doar retoric.<\/strong><\/p>\n<p><strong>Paradoxul demografic: Cine sunt sociali\u0219tii americani?<\/strong><\/p>\n<p>Aici intervine paradoxul, iar acesta este unul demografic, nu politic. DSA se prezint\u0103 ca fiind partidul clasei muncitoare, dar profilul membrilor s\u0103i nu seam\u0103n\u0103 deloc cu cel al muncitorilor.<\/p>\n<p>Conform celui mai recent studiu din 2021:<\/p>\n<ul data-path-to-node=\"18\">\n<li>\n<ul data-path-to-node=\"18\">\n<li><b data-index-in-node=\"0\" data-path-to-node=\"18,0,0\">Studii superioare:<\/b> 4 din 5 membri cu v\u00e2rsta de peste 25 de ani au o diplom\u0103 universitar\u0103 (dublu fa\u021b\u0103 de media popula\u021biei adulte din SUA).<\/li>\n<\/ul>\n<\/li>\n<\/ul>\n<ul data-path-to-node=\"18\">\n<li>\n<ul data-path-to-node=\"18\">\n<li><b data-index-in-node=\"0\" data-path-to-node=\"18,1,0\">Nivel academic ridicat:<\/b> O treime de\u021bin un doctorat sau un masterat.<\/li>\n<\/ul>\n<\/li>\n<\/ul>\n<ul data-path-to-node=\"18\">\n<li>\n<ul data-path-to-node=\"18\">\n<li><b data-index-in-node=\"0\" data-path-to-node=\"18,2,0\">Diversitate:<\/b> O treime se identific\u0103 ca fiind homosexuali.<\/li>\n<\/ul>\n<\/li>\n<\/ul>\n<ul data-path-to-node=\"18\">\n<li>\n<ul data-path-to-node=\"18\">\n<li><b data-index-in-node=\"0\" data-path-to-node=\"18,3,0\">Excluderi:<\/b> Cei care lucreaz\u0103 ca ofi\u021beri de poli\u021bie sunt exclu\u0219i din strategiile de activism.<\/li>\n<\/ul>\n<\/li>\n<\/ul>\n<p>Simpatizantul mediu se identific\u0103 printr-o caracteristic\u0103 de baz\u0103: are sub cincizeci de ani \u0219i nu de\u021bine o locuin\u021b\u0103 proprie \u2014 elementul definitoriu al identit\u0103\u021bii americane clasice. Pe scurt: \u201ese caut\u0103 aleg\u0103tori tineri\u201d, \u00eentr-o \u00eencercare de a-i implica \u00een sf\u00e2r\u0219it pe cei r\u0103ma\u0219i \u00een urm\u0103 \u00een chestiunile politice \u2014 o categorie marginalizat\u0103 prea mult timp, dar adus\u0103 acum \u00een prim-plan prin mobiliz\u0103ri \u00een jurul marilor crize interna\u021bionale. Rezult\u0103 astfel profilul <i data-index-in-node=\"461\" data-path-to-node=\"19\">millennial<\/i>-ului bine informat, aflat pe o traiectorie social\u0103 descendent\u0103, \u0219i nicidecum cel al muncitorului sindicalizat.<\/p>\n<blockquote data-path-to-node=\"20\">\n<p><b data-index-in-node=\"0\" data-path-to-node=\"20,0\">Ce spun sondajele na\u021bionale Pew Research:<\/b><\/p>\n<ul data-path-to-node=\"20,1\">\n<li>\n<ul data-path-to-node=\"20,1\">\n<li>Doar <b data-index-in-node=\"5\" data-path-to-node=\"20,1,0,0\">32% dintre democra\u021bi<\/b> sus\u021bin lideri care se descriu drept sociali\u0219ti democratici.<\/li>\n<\/ul>\n<\/li>\n<\/ul>\n<ul data-path-to-node=\"20,1\">\n<li>\n<ul data-path-to-node=\"20,1\">\n<li>Profilul sus\u021bin\u0103torilor: alb (40%, comparativ cu 21% dintre afro-americani \u0219i 20% dintre hispanici), t\u00e2n\u0103r, cu studii superioare (41% fa\u021b\u0103 de 26% dintre cei f\u0103r\u0103 studii) \u0219i cu venituri medii spre mari (40% fa\u021b\u0103 de 24% \u00een categoriile cu venituri mici).<\/li>\n<\/ul>\n<\/li>\n<\/ul>\n<\/blockquote>\n<p>Suntem departe de coali\u021bia pe care Bernie Sanders o construise \u00een 2020, c\u00e2nd era popular \u00een r\u00e2ndul popula\u021biei albe f\u0103r\u0103 studii superioare \u0219i str\u00e2ngea mai mult sprijin din partea latino-americanilor dec\u00e2t din partea afro-americanilor. Socialismul american de ast\u0103zi, de\u0219i a c\u00e2\u0219tigat \u00een vizibilitate, \u0219i-a reconfigurat complet structura social\u0103.<\/p>\n<p><strong>Pr\u0103pastia dintre ideologie \u0219i agenda aleg\u0103torilor<\/strong><\/p>\n<p>Pr\u0103pastia este frapant\u0103 c\u00e2nd vine vorba despre priorit\u0103\u021bile de pe agend\u0103. De exemplu, doar jum\u0103tate din clasa muncitoare consider\u0103 c\u0103 concedierea sau evacuarea unei persoane transgender este ilegal\u0103, comparativ cu 82% dintre absolven\u021bii de studii superioare cu convingeri de st\u00e2nga. De asemenea, \u201eimpozitarea boga\u021bilor\u201d figureaz\u0103 printre primele zece priorit\u0103\u021bi doar pentru absolven\u021bii albi de st\u00e2nga, nu \u0219i pentru aleg\u0103torii din clasa muncitoare, care r\u0103m\u00e2n reticen\u021bi la extinderea statului providen\u021b\u0103 (<i data-index-in-node=\"504\" data-path-to-node=\"24\">welfare state<\/i>) \u0219i ata\u0219a\u021bi de o etic\u0103 meritocratic\u0103.<\/p>\n<p>Platforma grupului, cu o nuan\u021b\u0103 vag leninist\u0103, merge p\u00e2n\u0103 acolo \u00eenc\u00e2t vorbe\u0219te despre necesitatea de a \u201ecultiva con\u0219tiin\u021ba de clas\u0103\u201d:<\/p>\n<ul data-path-to-node=\"26\">\n<li>\n<ul data-path-to-node=\"26\">\n<li><b data-index-in-node=\"0\" data-path-to-node=\"26,0,0\">Los Angeles:<\/b> Filiala local\u0103 a DSA a crescut de la 1.000 de membri \u00een 2018 la peste 5.000 \u0219i de\u021bine 4 din cele 15 locuri din consiliul local. \u00cen California, grupul tocmai \u0219i-a exprimat prima sus\u021binere deschis socialist\u0103 pentru o func\u021bie la nivel de stat, prin candidatura lui Oliver Ma pentru func\u021bia de viceguvernator.<\/li>\n<\/ul>\n<\/li>\n<\/ul>\n<ul data-path-to-node=\"26\">\n<li>\n<ul data-path-to-node=\"26\">\n<li><b data-index-in-node=\"0\" data-path-to-node=\"26,1,0\">Pittsburgh (Pennsylvania):<\/b> Cazul reprezentantei Summer Lee este oarecum diferit: \u00eentr-o circumscrip\u021bie post-industrial\u0103, mai s\u0103rac\u0103 \u0219i mai muncitoreasc\u0103 dec\u00e2t media zonelor urbane progresiste, Lee este prima femeie de culoare care reprezint\u0103 statul \u00een Congres, de\u0219i din partea partidului moderat <i data-index-in-node=\"296\" data-path-to-node=\"26,1,0\">Working Families Party<\/i> \u2014 o arip\u0103 desprins\u0103 din Democra\u021bi a c\u0103rei baz\u0103 de membri seam\u0103n\u0103 mai mult cu clasa muncitoare real\u0103.<\/li>\n<\/ul>\n<\/li>\n<\/ul>\n<ul data-path-to-node=\"26\">\n<li>\n<ul data-path-to-node=\"26\">\n<li><b data-index-in-node=\"0\" data-path-to-node=\"26,2,0\">San Francisco:<\/b> Limitele acestei extinderi sunt evidente: moderatul Daniel Lurie a fost ales primar, dovedind c\u0103 nici m\u0103car ora\u0219ul simbol al st\u00e2ngii californiene nu este o certitudine pentru DSA.<\/li>\n<\/ul>\n<\/li>\n<\/ul>\n<p data-path-to-node=\"28\"><strong>Paralela cu Verzii europeni \u0219i perspectiva anului 2028<\/strong><\/p>\n<p>Unii anali\u0219ti \u00eencearc\u0103 deja o compara\u021bie \u00eentre DSA \u0219i Partidele Verzi din Europa, deoarece profilul tipic al aleg\u0103torului Verzilor \u2014 t\u00e2n\u0103r, cu studii superioare, urban, cu venituri medii spre mari \u2014 seam\u0103n\u0103 cu cel al simpatizantului socialist american. Ambele categorii apar\u021bin a ceea ce politologii numesc \u201enoua clas\u0103 de mijloc\u201d: oameni cu o securitate financiar\u0103 suficient\u0103 pentru a se putea dedica unor cauze pe termen lung.<\/p>\n<p>Verzii au avut momentul lor de v\u00e2rf (la alegerile europene din 2019), urmat de un recul la alegerile din 2024, unde au pierdut mandate importante \u00een Fran\u021ba \u0219i Germania. Aceast\u0103 sc\u0103dere s-a datorat pierderii din importan\u021b\u0103 a temei climatice \u00een fa\u021ba infla\u021biei, a r\u0103zboiului din Ucraina \u0219i a crizei energetice, dar \u0219i ascensiunii dreptei populiste.<\/p>\n<p>Exist\u0103 \u00eens\u0103 o diferen\u021b\u0103 major\u0103: Ververzii europeni candideaz\u0103 ca partide separate \u00een sisteme de reprezentare propor\u021bional\u0103, fiind condamna\u021bi s\u0103 r\u0103m\u00e2n\u0103 for\u021be minoritare. \u00cen schimb, DSA de\u021bine deja locuri \u00een Congresul de la Washington, chiar dac\u0103 este vorba doar de o m\u00e2n\u0103 de mandate din cele peste dou\u0103 sute ale Partidului Democrat \u00een Camera Reprezentan\u021bilor. Strategia lor este una de infiltrare \u0219i preluare, nu de secesiune. Din acest motiv, perspectiva unei nominaliz\u0103ri preziden\u021biale din partea DSA pentru 2028 (Alexandria Ocasio-Cortez?) nu este at\u00e2t de fantezist\u0103 pe c\u00e2t ar putea p\u0103rea.<\/p>\n<p><strong>Testul din noiembrie<\/strong><\/p>\n<p>Este adev\u0103rat c\u0103 DSA poate cre\u0219te doar at\u00e2t c\u00e2t \u00eei permite Partidul Democrat. \u00cens\u0103, \u00een sistemul electoral american, un candidat la pre\u0219edin\u021bie trebuie doar s\u0103 se asigure c\u0103 baza sa minoritar\u0103 este suficient de bine organizat\u0103 \u0219i motivat\u0103 pentru a tran\u0219a alegerile primare \u00een c\u00e2teva state-cheie. Acesta este mecanismul care a func\u021bionat \u00een New York \u0219i pe care DSA mizeaz\u0103 pentru o ascensiune la nivel na\u021bional.<\/p>\n<p>\u00centre timp, urmeaz\u0103 testul din noiembrie. Chiar \u0219i ast\u0103zi, pare pu\u021bin probabil ca electoratul democrat s\u0103 decid\u0103 \u00een final s\u0103 se alinieze la anumite snobisme socio-culturale ale propunerii DSA, g\u0103sindu-le compatibile cu pragmatismul tradi\u021bional american.<\/p>\n<p>Cu toate acestea, r\u0103m\u00e2ne un fapt: ajutat\u0103 de starea de urgen\u021b\u0103 psihologic\u0103 provocat\u0103 de al doilea mandat al lui Trump, o viziune socialist\u0103 nu a fost niciodat\u0103 at\u00e2t de aproape de a deveni cu adev\u0103rat competitiv\u0103.<\/p>\n<\/div>\n<div class=\"entry-bottom\">\n<div id=\"block-9\" class=\"widget entry-widget clearfix widget_block\">\n<div><a href=\"https:\/\/suspend.ro\" target=\"_blank\" rel=\"noopener noreferrer\"><img decoding=\"async\" src=\"https:\/\/ortodoxinfo.ro\/wp-content\/uploads\/2026\/08\/FB_IMG_1786185261439.jpg\" alt=\"Verific\u0103 pe suspend.ro \u2013 Parlamentarii din jude\u021bul t\u0103u sus\u021bin suspendarea lui Nicu\u0219or Dan?\"><\/a><\/div>\n<\/div>\n<\/div>\n<\/div>\n<\/div>\n<div class=\"e-shared-sec entry-sec\">\n<div class=\"e-shared-header h4\"><span>Distribuie<\/span><\/div>\n<div class=\"rbbsl tooltips-n effect-fadeout is-bg\"><a class=\"share-action share-trigger icon-facebook\" aria-label=\"Share on Facebook\" href=\"https:\/\/www.facebook.com\/sharer.php?u=https%3A%2F%2Fortodoxinfo.ro%2F2026%2F08%2F14%2Fsua-o-ciudatenie-politica-progresisto-lgbtisto-socialista-pe-cale-sa-preia-partidul-democrat%2F\" data-title=\"Facebook\" rel=\"nofollow\"><span>Facebook<\/span><\/a><a class=\"share-action share-trigger icon-twitter\" aria-label=\"Share on X\" href=\"https:\/\/twitter.com\/intent\/tweet?text=SUA%3A+O+ciud%C4%83%C8%9Benie+politic%C4%83%2C+progresisto-lgbtisto-socialist%C4%83%2C+pe+cale+s%C4%83+preia+Partidul+Democrat&amp;url=https%3A%2F%2Fortodoxinfo.ro%2F2026%2F08%2F14%2Fsua-o-ciudatenie-politica-progresisto-lgbtisto-socialista-pe-cale-sa-preia-partidul-democrat%2F&amp;via=ortodoxinforo\" data-title=\"X\" rel=\"nofollow\"><span>X<\/span><\/a><a class=\"share-action icon-whatsapp is-web\" aria-label=\"Share on Whatsapp\" href=\"https:\/\/web.whatsapp.com\/send?text=SUA%3A+O+ciud%C4%83%C8%9Benie+politic%C4%83%2C+progresisto-lgbtisto-socialist%C4%83%2C+pe+cale+s%C4%83+preia+Partidul+Democrat%20%E2%98%9E%20https%3A%2F%2Fortodoxinfo.ro%2F2026%2F08%2F14%2Fsua-o-ciudatenie-politica-progresisto-lgbtisto-socialista-pe-cale-sa-preia-partidul-democrat%2F\" target=\"_blank\" data-title=\"WhatsApp\" rel=\"nofollow\"><span>Whatsapp<\/span><\/a><a class=\"share-action icon-whatsapp is-mobile\" aria-label=\"Share on Whatsapp\" href=\"\/\/send?text=SUA%3A+O+ciud%C4%83%C8%9Benie+politic%C4%83%2C+progresisto-lgbtisto-socialist%C4%83%2C+pe+cale+s%C4%83+preia+Partidul+Democrat%20%E2%98%9E%20https%3A%2F%2Fortodoxinfo.ro%2F2026%2F08%2F14%2Fsua-o-ciudatenie-politica-progresisto-lgbtisto-socialista-pe-cale-sa-preia-partidul-democrat%2F\" target=\"_blank\" data-title=\"WhatsApp\" rel=\"nofollow\"><span>Whatsapp<\/span><\/a><a class=\"share-action share-trigger icon-telegram\" aria-label=\"Share on Telegram\" href=\"https:\/\/t.me\/share\/?url=https%3A%2F%2Fortodoxinfo.ro%2F2026%2F08%2F14%2Fsua-o-ciudatenie-politica-progresisto-lgbtisto-socialista-pe-cale-sa-preia-partidul-democrat%2F&amp;text=SUA%3A+O+ciud%C4%83%C8%9Benie+politic%C4%83%2C+progresisto-lgbtisto-socialist%C4%83%2C+pe+cale+s%C4%83+preia+Partidul+Democrat\" data-title=\"Telegram\" rel=\"nofollow\"><span>Telegram<\/span><\/a><a class=\"share-action icon-copy copy-trigger\" aria-label=\"Copy Link\" href=\"https:\/\/ortodoxinfo.ro\/2026\/08\/14\/sua-o-ciudatenie-politica-progresisto-lgbtisto-socialista-pe-cale-sa-preia-partidul-democrat\/\" data-copied=\"Copied!\" data-link=\"https:\/\/ortodoxinfo.ro\/2026\/08\/14\/sua-o-ciudatenie-politica-progresisto-lgbtisto-socialista-pe-cale-sa-preia-partidul-democrat\/\" rel=\"nofollow\" data-copy=\"Copy Link\"><span>Copy Link<\/span><\/a><a class=\"share-action icon-print\" aria-label=\"Print\" rel=\"nofollow\" data-title=\"Print\"><span>Print<\/span><\/a><\/div>\n<\/div>\n<\/div>\n<div id=\"tabs\" class=\"dntplgn_form_wrapper\"><span><\/p>\n<h2>\u0218tirile sunt sub cenzur\u0103! Sprijini\u021bi OrtodoxINFO!<\/h2>\n<p>Guvernul nu dore\u0219te aflarea adev\u0103rului despre lovitura de stat \u0219i \u00eengenuncherea Rom\u00e2niei. \u00cencerc\u0103m s\u0103 men\u021binem viu acest site \u0219i s\u0103 v\u0103 punem la dispozi\u021bie informa\u021bii care s\u0103 fac\u0103 lumin\u0103 \u00een cea mai mare provocare pe care o tr\u0103im. Jurnalismul independent al portalului OrtodoxINFO func\u021bioneaz\u0103 strict cu ajutorul cititorilor.<br \/>\nNe pute\u021bi sprijini printr-o <b><a href=\"https:\/\/ortodoxinfo.ro\/donatii\/\">dona\u021bie bancar\u0103<\/a> sau prin PayPal, complet\u00e2nd formularul de mai jos.<\/b><\/span><\/p>\n<ul>\n<li><a href=\"https:\/\/ortodoxinfo.ro\/2026\/08\/14\/sua-o-ciudatenie-politica-progresisto-lgbtisto-socialista-pe-cale-sa-preia-partidul-democrat\/#tabs-1\">Dona\u021bie lunar\u0103<\/a><\/li>\n<li><a href=\"https:\/\/ortodoxinfo.ro\/2026\/08\/14\/sua-o-ciudatenie-politica-progresisto-lgbtisto-socialista-pe-cale-sa-preia-partidul-democrat\/#tabs-2\">Doar acum<\/a><\/li>\n<\/ul>\n<div id=\"tabs-1\"><img loading=\"lazy\" decoding=\"async\" alt border=\"0\" src=\"https:\/\/www.paypalobjects.com\/en_US\/i\/scr\/pixel.gif\" width=\"1\" height=\"1\"><\/div>\n<div id=\"tabs-2\">\n<p>\t\t     \u20ac<\/p>\n<p>\t\t    <img loading=\"lazy\" decoding=\"async\" alt border=\"0\" src=\"https:\/\/www.paypalobjects.com\/en_US\/i\/scr\/pixel.gif\" width=\"1\" height=\"1\"><\/div>\n<p>Mul\u021bumim celor care ne-au ajutat p\u00e2n\u0103 acum!\n\t<\/p><\/div>\n<div class=\"comment-box-wrap entry-sec\">\n<div class=\"comment-box-header\"><span class=\"h3\">1 comentariu<\/span><\/div>\n<div class=\"comment-holder\">\n<div id=\"comments\" class=\"comments-area\">\n<div class=\"rb-section\">\n<ul class=\"comment-list entry\">\n<li id=\"comment-250921\" class=\"comment even thread-even depth-1\">\n<article id=\"div-comment-250921\" class=\"comment-body\">\n<footer class=\"comment-meta\">\n<div class=\"comment-author vcard\"><img loading=\"lazy\" decoding=\"async\" alt src=\"https:\/\/secure.gravatar.com\/avatar\/78772c1e2117705810895623015bab4ceaed9e556fb005e6d8b31a1d37c8509f?s=100&amp;r=g\" class=\"avatar avatar-100 photo\" height=\"100\" width=\"100\"><b class=\"fn\">Dictatura Macronian\u0103<\/b><span class=\"says\">spune:<\/span><\/div>\n<div class=\"comment-metadata\"><a href=\"https:\/\/ortodoxinfo.ro\/2026\/08\/14\/sua-o-ciudatenie-politica-progresisto-lgbtisto-socialista-pe-cale-sa-preia-partidul-democrat\/#comment-250921\"><time datetime=\"2026-08-14T14:41:19+03:00\">14 august 2026 la 14:41<\/time><\/a><\/div>\n<\/footer>\n<div class=\"comment-content\">\n<p>A\u021bi uitat de soro\u0219isto-globalisto-sexomarxisto \u0219i alte asemenea \u201esto\u201d.<\/p>\n<\/div>\n<div class=\"reply\"><a rel=\"nofollow\" class=\"comment-reply-link\" href=\"https:\/\/ortodoxinfo.ro\/2026\/08\/14\/sua-o-ciudatenie-politica-progresisto-lgbtisto-socialista-pe-cale-sa-preia-partidul-democrat\/#comment-250921\" data-commentid=\"250921\" data-postid=\"257941\" data-belowelement=\"div-comment-250921\" data-respondelement=\"respond\" data-replyto=\"R\u0103spunde-i lui Dictatura Macronian\u0103\" aria-label=\"R\u0103spunde-i lui Dictatura Macronian\u0103\">R\u0103spunde<\/a><\/div>\n<\/article>\n<\/li>\n<\/ul>\n<\/div>\n<div id=\"respond\" class=\"comment-respond\">\n<h3 id=\"reply-title\" class=\"comment-reply-title\">Las\u0103 un r\u0103spuns <small><a rel=\"nofollow\" id=\"cancel-comment-reply-link\" href=\"https:\/\/ortodoxinfo.ro\/2026\/08\/14\/sua-o-ciudatenie-politica-progresisto-lgbtisto-socialista-pe-cale-sa-preia-partidul-democrat\/#respond\">Anuleaz\u0103 r\u0103spunsul<\/a><\/small><\/h3>\n<p class=\"comment-notes\"><span id=\"email-notes\">Adresa ta de email nu va fi publicat\u0103.<\/span><span class=\"required-field-message\">C\u00e2mpurile obligatorii sunt marcate cu <span class=\"required\">*<\/span><\/span><\/p>\n<\/div>\n<\/div>\n<\/div>\n<\/div>\n<\/div>\n<div class=\"sidebar-wrap single-sidebar\">\n<div class=\"sidebar-inner clearfix\">\n<div id=\"widget-post-2\" class=\"widget rb-section w-sidebar clearfix widget-post\">\n<div class=\"block-h widget-heading heading-layout-1\">\n<div class=\"heading-inner\">\n<h4 class=\"heading-title\"><span>Articole recente<\/span><\/h4>\n<\/div>\n<\/div>\n<div class=\"widget-p-listing\">\n<div class=\"p-wrap p-small p-list-small-2\" data-pid=\"257904\">\n<div class=\"feat-holder\">\n<div class=\"p-featured ratio-v1\"><a class=\"p-flink\" href=\"https:\/\/ortodoxinfo.ro\/2026\/08\/14\/gigantul-media-msn-a-preluat-articolul-despre-calin-georgescu-care-aparuse-initial-pe-newsweek-america\/\" title=\"Gigantul media MSN a preluat articolul despre C\u0103lin Georgescu, care ap\u0103ruse ini\u021bial pe Newsweek America\"><img decoding=\"async\" width=\"150\" height=\"150\" src=\"https:\/\/ortodoxinfo.ro\/wp-content\/uploads\/2026\/08\/calin567-150x150.png\" class=\"featured-img wp-post-image\" alt loading=\"lazy\"><\/a><\/div>\n<\/div>\n<div class=\"p-content\">\n<h5 class=\"entry-title\"><a class=\"p-url\" href=\"https:\/\/ortodoxinfo.ro\/2026\/08\/14\/gigantul-media-msn-a-preluat-articolul-despre-calin-georgescu-care-aparuse-initial-pe-newsweek-america\/\" rel=\"bookmark\">Gigantul media MSN a preluat articolul despre C\u0103lin Georgescu, care ap\u0103ruse ini\u021bial pe Newsweek America<\/a><\/h5>\n<div class=\"p-meta\">\n<div class=\"meta-inner is-meta\"><span class=\"meta-el meta-date\"><time datetime=\"2026-08-14T15:54:44+03:00\">14 august 2026<\/time><\/span><span class=\"meta-el meta-category meta-bold\"><a class=\"meta-separate category-19866\" href=\"https:\/\/ortodoxinfo.ro\/category\/lupta-pentru-romania\/\">Lupt\u0103 pentru Rom\u00e2nia<\/a><\/span><span class=\"meta-el meta-view\">2.5k vizualiz\u0103ri\t\t<\/span><\/div>\n<\/div>\n<\/div>\n<\/div>\n<div class=\"p-wrap p-small p-list-small-2\" data-pid=\"257927\">\n<div class=\"feat-holder\">\n<div class=\"p-featured ratio-v1\"><a class=\"p-flink\" href=\"https:\/\/ortodoxinfo.ro\/2026\/08\/14\/planul-mafiei-proueropene-bolojan-mana-cu-care-nicusor-dan-si-grindeanu-executa-slugarnic-directivele-antiromanesti-ale-ue\/\" title=\"PLANUL mafiei proUEropene: Bolojan, m\u00e2na prin care Nicu\u0219or Dan \u0219i Grindeanu execut\u0103 slugarnic directivele antirom\u00e2ne\u0219ti ale UE\"><img decoding=\"async\" width=\"150\" height=\"150\" src=\"https:\/\/ortodoxinfo.ro\/wp-content\/uploads\/2026\/08\/grindeanu-nicusor-bolo-150x150.jpg\" class=\"featured-img wp-post-image\" alt loading=\"lazy\"><\/a><\/div>\n<\/div>\n<div class=\"p-content\">\n<h5 class=\"entry-title\"><a class=\"p-url\" href=\"https:\/\/ortodoxinfo.ro\/2026\/08\/14\/planul-mafiei-proueropene-bolojan-mana-cu-care-nicusor-dan-si-grindeanu-executa-slugarnic-directivele-antiromanesti-ale-ue\/\" rel=\"bookmark\">PLANUL mafiei proUEropene: Bolojan, m\u00e2na prin care Nicu\u0219or Dan \u0219i Grindeanu execut\u0103 slugarnic directivele antirom\u00e2ne\u0219ti ale UE<\/a><\/h5>\n<div class=\"p-meta\">\n<div class=\"meta-inner is-meta\"><span class=\"meta-el meta-date\"><time datetime=\"2026-08-14T11:21:24+03:00\">14 august 2026<\/time><\/span><span class=\"meta-el meta-category meta-bold\"><a class=\"meta-separate category-19885\" href=\"https:\/\/ortodoxinfo.ro\/category\/anti-sistem\/anti-romanism\/asasinii-tarii\/\">Asasinii \u021b\u0103rii<\/a><\/span><span class=\"meta-el meta-view\">6.7k vizualiz\u0103ri\t\t<\/span><\/div>\n<\/div>\n<\/div>\n<\/div>\n<div class=\"p-wrap p-small p-list-small-2\" data-pid=\"257987\">\n<div class=\"feat-holder\">\n<div class=\"p-featured ratio-v1\"><a class=\"p-flink\" href=\"https:\/\/ortodoxinfo.ro\/2026\/08\/14\/ungaria-a-cumparat-26-de-cladiri-istorice-in-romania-in-timpul-guvernarii-orban-25-au-ramas-in-paragina-budapesta-taie-finantarea\/\" title=\"Ungaria a cump\u0103rat 26 de cl\u0103diri istorice \u00een Rom\u00e2nia, \u00een timpul guvern\u0103rii Orban. 25 au r\u0103mas \u00een paragin\u0103. Budapesta taie finan\u021barea\"><img decoding=\"async\" width=\"150\" height=\"150\" src=\"https:\/\/ortodoxinfo.ro\/wp-content\/uploads\/2026\/08\/viktor-orban-150x150.jpg\" class=\"featured-img wp-post-image\" alt loading=\"lazy\"><\/a><\/div>\n<\/div>\n<div class=\"p-content\">\n<h5 class=\"entry-title\"><a class=\"p-url\" href=\"https:\/\/ortodoxinfo.ro\/2026\/08\/14\/ungaria-a-cumparat-26-de-cladiri-istorice-in-romania-in-timpul-guvernarii-orban-25-au-ramas-in-paragina-budapesta-taie-finantarea\/\" rel=\"bookmark\">Ungaria a cump\u0103rat 26 de cl\u0103diri istorice \u00een Rom\u00e2nia, \u00een timpul guvern\u0103rii Orban. 25 au r\u0103mas \u00een paragin\u0103. Budapesta taie finan\u021barea<\/a><\/h5>\n<div class=\"p-meta\">\n<div class=\"meta-inner is-meta\"><span class=\"meta-el meta-date\"><time datetime=\"2026-08-14T09:39:44+03:00\">14 august 2026<\/time><\/span><span class=\"meta-el meta-category meta-bold\"><a class=\"meta-separate category-1535\" href=\"https:\/\/ortodoxinfo.ro\/category\/anti-sistem\/anti-romanism\/iredentism\/\">Iredentism<\/a><\/span><span class=\"meta-el meta-view\">2.8k vizualiz\u0103ri\t\t<\/span><\/div>\n<\/div>\n<\/div>\n<\/div>\n<div class=\"p-wrap p-small p-list-small-2\" data-pid=\"257805\">\n<div class=\"feat-holder\">\n<div class=\"p-featured ratio-v1\"><a class=\"p-flink\" href=\"https:\/\/ortodoxinfo.ro\/2026\/08\/13\/cum-a-ajuns-energia-romaniei-pe-mainile-unei-carpe-a-bruxelles-ului-cu-zero-pregatire-in-domeniu\/\" title=\"Cum a ajuns energia Rom\u00e2niei pe m\u00e2inile unei c\u00e2rpe a Bruxelles-ului, cu zero preg\u0103tire \u00een domeniu\"><img decoding=\"async\" width=\"150\" height=\"150\" src=\"https:\/\/ortodoxinfo.ro\/wp-content\/uploads\/2026\/08\/61688612-150x150.jpg\" class=\"featured-img wp-post-image\" alt loading=\"lazy\"><\/a><\/div>\n<\/div>\n<div class=\"p-content\">\n<h5 class=\"entry-title\"><a class=\"p-url\" href=\"https:\/\/ortodoxinfo.ro\/2026\/08\/13\/cum-a-ajuns-energia-romaniei-pe-mainile-unei-carpe-a-bruxelles-ului-cu-zero-pregatire-in-domeniu\/\" rel=\"bookmark\">Cum a ajuns energia Rom\u00e2niei pe m\u00e2inile unei c\u00e2rpe a Bruxelles-ului, cu zero preg\u0103tire \u00een domeniu<\/a><\/h5>\n<div class=\"p-meta\">\n<div class=\"meta-inner is-meta\"><span class=\"meta-el meta-date\"><time datetime=\"2026-08-13T22:01:26+03:00\">13 august 2026<\/time><\/span><span class=\"meta-el meta-category meta-bold\"><a class=\"meta-separate category-19885\" href=\"https:\/\/ortodoxinfo.ro\/category\/anti-sistem\/anti-romanism\/asasinii-tarii\/\">Asasinii \u021b\u0103rii<\/a><\/span><span class=\"meta-el meta-view\">12.9k vizualiz\u0103ri\t\t<\/span><\/div>\n<\/div>\n<\/div>\n<\/div>\n<\/div>\n<\/div>\n<div id=\"custom_html-2\" class=\"widget_text widget rb-section w-sidebar clearfix widget_custom_html\">\n<div class=\"block-h widget-heading heading-layout-1\">\n<div class=\"heading-inner\">\n<h4 class=\"heading-title\"><span>DONA\u021aII \u00een cont bancar<\/span><\/h4>\n<\/div>\n<\/div>\n<div class=\"textwidget custom-html-widget\">\n<table class=\"donatii\">\n<tbody>\n<tr>\n<th colspan=\"2\"><strong><span>Asicia\u021bia SMI-B<\/span><\/strong><\/th>\n<\/tr>\n<tr>\n<th>Cont LEI<\/th>\n<td>RO67CECEB00030RON2081955<\/td>\n<\/tr>\n<tr>\n<th>Cont EURO<\/th>\n<td>RO33CECEB000C1EUR2081978<\/td>\n<\/tr>\n<tr>\n<th>Cod SWIFT<\/th>\n<td>CECEROBU<\/td>\n<\/tr>\n<tr>\n<th colspan=\"2\"><strong>CEC BANK SA<\/strong><\/th>\n<\/tr>\n<\/tbody>\n<\/table>\n<\/div>\n<\/div>\n<\/div>\n<\/div>\n<\/div>\n<\/article>\n<div class=\"entry-content rbct clearfix is-highlight-shares\">\n<p id=\"p-rc_3a3a63ee6c858221-50\" data-path-to-node=\"1\"><strong>Pe m\u0103sur\u0103 ce alegerile de la jum\u0103tatea mandatului din Statele Unite se apropie, aripa st\u00e2ng\u0103 a progresismului american \u00ee\u0219i asum\u0103 riscuri tot mai mari \u00een \u00eencercarea de a redefini identitatea politic\u0103 a \u021b\u0103rii. \u00cen mijlocul acestei mi\u0219c\u0103ri se afl\u0103 organiza\u021bia Sociali\u0219tii Democratici din America (DSA), o structur\u0103 politic\u0103 bazat\u0103 pe voluntariat \u0219i activism sindical care \u00ee\u0219i trimite candida\u021bii pe listele Partidului Democrat pentru a schimba sistemul din interior. Cu victorii tot mai vizibile \u00een alegerile primare \u0219i o prezen\u021b\u0103 consolidat\u0103 \u00een consiliile locale ale unor ora\u0219e precum New York sau Los Angeles, mi\u0219carea socialist\u0103 pare s\u0103 c\u00e2\u0219tige teren. Cu toate acestea, dincolo de fervoarea electoral\u0103 se ascunde un paradox demografic \u0219i ideologic profund. De\u0219i se prezint\u0103 ca un ap\u0103r\u0103tor al clasei muncitoare, baza activ\u0103 a DSA este format\u0103 predominant din tineri urbani cu studii superioare, un profil sociologic foarte diferit de cel al muncitorilor tradi\u021bionali. Testul din alegerile generale va ar\u0103ta dac\u0103 aceast\u0103 viziune colectivist\u0103 va reu\u0219i s\u0103 conving\u0103 majoritatea electoratului sau dac\u0103 se va lovi de pragmatismul tradi\u021bional al societ\u0103\u021bii americane, scrie o analiza<a href=\"https:\/\/www.ilfoglio.it\/en\/world\/2026\/08\/13\/news\/the-socialist-wave-seeking-to-take-over-the-us-democratic-party--404741\" target=\"_blank\" rel=\"noopener\"> Il Foglio<\/a>.<\/strong><\/p>\n<p data-path-to-node=\"0\">.\u00cen cadrul acestei aripi a progresismului transatlantic, cre\u0219te speran\u021ba c\u0103 \u021bara \u2014 sau cel pu\u021bin o parte semnificativ\u0103 a ei \u2014 este preg\u0103tit\u0103 s\u0103 mearg\u0103 mai departe ca niciodat\u0103 \u00een imaginarea unei na\u021biuni revizuite, corectate \u0219i chiar \u201edezinfectate\u201d dup\u0103 <em>traumatismul<\/em> erei Trump.<\/p>\n<p>Toate acestea se bazeaz\u0103 pe credin\u021ba discutabil\u0103 c\u0103 un sentiment colectivist este pe cale s\u0103 \u00eenlocuiasc\u0103 etosul individualist profund ancorat \u00een cultura american\u0103, ca parte a unei reg\u00e2ndiri fundamentale a platformei pe care s\u0103 se reconstruiasc\u0103 o identitate na\u021bional\u0103. O ipotez\u0103 fascinant\u0103 dac\u0103 este analizat\u0103 \u00eentr-un <i data-index-in-node=\"318\" data-path-to-node=\"6\">think tank<\/i>, dar r\u0103m\u00e2ne de v\u0103zut dac\u0103 va rezista testului urnelor la alegerile generale.<\/p>\n<p>\u0218i totu\u0219i, acest miros <em>exotic<\/em> de socialism este \u00een aer \u0219i \u00een conversa\u021biile oamenilor; se simte \u00een campusurile universitare \u0219i \u00een dezbaterile televizate. Primele date statistice ofer\u0103 o anumit\u0103 credibilitate acestei ipoteze, oric\u00e2t de greu ar fi de acceptat.<\/p>\n<p>Politica american\u0103 a cunoscut mereu veri vizionare \u2013 momente \u00een care o minoritate pasionat\u0103 devine convins\u0103, iar timp de c\u00e2teva luni \u00eei convinge \u0219i pe al\u021bii, c\u0103 \u021bara se afl\u0103 \u00een pragul unei convertiri \u00een mas\u0103. Acesta este \u0219i cazul ascensiunii treptate a Sociali\u0219tilor Democratici din America (DSA), care se afl\u0103 deja la putere \u00een New York, vor fi \u00een cur\u00e2nd la putere \u00een Washington \u0219i testeaz\u0103 terenul \u00een Michigan \u0219i Wisconsin \u2014 cu rezultate mixte \u2014 pentru a vedea dac\u0103 aceast\u0103 fervoare este ceva mai mult dec\u00e2t o reac\u021bie de moment alimentat\u0103 de furie.<\/p>\n<p>Rezultatele din ultimele s\u0103pt\u0103m\u00e2ni sunt totu\u0219i surprinz\u0103toare pentru un grup care, acum patru ani, era considerat condamnat la un purgatoriu etern. \u00cen anii 2020, dac\u0103 un democrat trebuia s\u0103 cucereasc\u0103 America, acesta putea ar\u0103ta, cel mult, ca Joe Biden. Apoi Trump a revenit \u00een for\u021b\u0103 pe scen\u0103, cu tot ce a presupus asta. Iar acum ne trezim cu Zohran Mamdani primar al ora\u0219ului New York, cu Janeese Lewis George \u2014 o candidat\u0103 sus\u021binut\u0103 de DSA \u2014 favorit\u0103 s\u0103 devin\u0103 primar \u00een Washington, \u0219i cu al\u021bi politicieni sprijini\u021bi de aceast\u0103 organiza\u021bie care \u0219i-au f\u0103cut auzit\u0103 vocea \u00een diverse alegeri primare pentru Congres.<\/p>\n<p>La 4 august, Abdul El-Sayed a \u00eenvins-o pe centrista Haley Stevens \u00een Michigan, asigur\u00e2ndu-\u0219i nominalizarea democrat\u0103 pentru Senat. Lucrurile nu au mers la fel de bine pentru favorita Francesca Hong, reprezentant\u0103 DSA \u00een cursa primar\u0103 democrat\u0103 pentru func\u021bia de guvernator din Wisconsin, care a fost \u00eenvins\u0103 la limit\u0103 de mai moderatul David Crowley \u2014 o dovad\u0103 \u00een plus c\u0103 mandatul oferit de electorat candida\u021bilor pozi\u021biona\u021bi puternic la st\u00e2nga r\u0103m\u00e2ne, deocamdat\u0103, ambiguu.<\/p>\n<p><strong>Schimbarea din interior \u0219i avantajul organizatoric<\/strong><\/p>\n<p>Aceasta r\u0103m\u00e2ne o noutate pe scena politic\u0103 american\u0103: DSA nu este un partid propriu-zis, ci o organiza\u021bie care \u00ee\u0219i trimite propriii candida\u021bi pe listele Partidului Democrat, cu scopul de a schimba partidul din interior, mai degrab\u0103 dec\u00e2t de a-i face concuren\u021b\u0103 direct\u0103. \u00cen cadrul grupului, deciziile sunt votate de membri, nu impuse de comitetul executiv, iar activismul se extinde la organizarea sindical\u0103, ceea ce men\u021bine grupul mobilizat chiar \u0219i \u00een afara ciclurilor electorale.<\/p>\n<div class=\"inline-single-ad ad_single_3_index alignfull\">\n<div class=\"ad-wrap ad-script-wrap\">\n<div class=\"ad-script non-adsense edge-padding\">\n<div>\n\u203c\ufe0f\u203c\ufe0f NU recunoa\u0219tem ca pre\u0219edinte al Rom\u00e2niei pe marioneta retard\u0103 Nicu\u0219or Dan! Rom\u00e2ni, boicota\u021bi aceast\u0103 f\u0103c\u0103tur\u0103, care ne face \u021bara de r\u00e2s! NU rom\u00e2nii l-au votat pe Nicusoro\u0219 &#8211; cu unele excep\u021bii de persoane infantile, manipulabile \u0219i chiar idioate &#8211; ci l-au ajutat Maia Soro\u0219, Emanuel Macrou \u0219i tr\u0103d\u0103torii de la B.E.C. \u0219i CCR!<br \/>\n La \u00eenchisoare cu cei care au fraudat alegerile!\n<\/div>\n<\/div>\n<\/div>\n<\/div>\n<p>\u00centr-o er\u0103 \u00een care marile partide au \u00eenlocuit vechiul sistem al campaniilor din u\u0219\u0103 \u00een u\u0219\u0103 cu reclame pl\u0103tite, DSA dispune \u00een continuare de o armat\u0103 de voluntari dispu\u0219i s\u0103 bat\u0103 la u\u0219ile americanilor: un avantaj structural real, <strong>nu doar retoric.<\/strong><\/p>\n<p><strong>Paradoxul demografic: Cine sunt sociali\u0219tii americani?<\/strong><\/p>\n<p>Aici intervine paradoxul, iar acesta este unul demografic, nu politic. DSA se prezint\u0103 ca fiind partidul clasei muncitoare, dar profilul membrilor s\u0103i nu seam\u0103n\u0103 deloc cu cel al muncitorilor.<\/p>\n<p>Conform celui mai recent studiu din 2021:<\/p>\n<ul data-path-to-node=\"18\">\n<li>\n<ul data-path-to-node=\"18\">\n<li><b data-index-in-node=\"0\" data-path-to-node=\"18,0,0\">Studii superioare:<\/b> 4 din 5 membri cu v\u00e2rsta de peste 25 de ani au o diplom\u0103 universitar\u0103 (dublu fa\u021b\u0103 de media popula\u021biei adulte din SUA).<\/li>\n<\/ul>\n<\/li>\n<\/ul>\n<ul data-path-to-node=\"18\">\n<li>\n<ul data-path-to-node=\"18\">\n<li><b data-index-in-node=\"0\" data-path-to-node=\"18,1,0\">Nivel academic ridicat:<\/b> O treime de\u021bin un doctorat sau un masterat.<\/li>\n<\/ul>\n<\/li>\n<\/ul>\n<ul data-path-to-node=\"18\">\n<li>\n<ul data-path-to-node=\"18\">\n<li><b data-index-in-node=\"0\" data-path-to-node=\"18,2,0\">Diversitate:<\/b> O treime se identific\u0103 ca fiind homosexuali.<\/li>\n<\/ul>\n<\/li>\n<\/ul>\n<ul data-path-to-node=\"18\">\n<li>\n<ul data-path-to-node=\"18\">\n<li><b data-index-in-node=\"0\" data-path-to-node=\"18,3,0\">Excluderi:<\/b> Cei care lucreaz\u0103 ca ofi\u021beri de poli\u021bie sunt exclu\u0219i din strategiile de activism.<\/li>\n<\/ul>\n<\/li>\n<\/ul>\n<p>Simpatizantul mediu se identific\u0103 printr-o caracteristic\u0103 de baz\u0103: are sub cincizeci de ani \u0219i nu de\u021bine o locuin\u021b\u0103 proprie \u2014 elementul definitoriu al identit\u0103\u021bii americane clasice. Pe scurt: \u201ese caut\u0103 aleg\u0103tori tineri\u201d, \u00eentr-o \u00eencercare de a-i implica \u00een sf\u00e2r\u0219it pe cei r\u0103ma\u0219i \u00een urm\u0103 \u00een chestiunile politice \u2014 o categorie marginalizat\u0103 prea mult timp, dar adus\u0103 acum \u00een prim-plan prin mobiliz\u0103ri \u00een jurul marilor crize interna\u021bionale. Rezult\u0103 astfel profilul <i data-index-in-node=\"461\" data-path-to-node=\"19\">millennial<\/i>-ului bine informat, aflat pe o traiectorie social\u0103 descendent\u0103, \u0219i nicidecum cel al muncitorului sindicalizat.<\/p>\n<blockquote data-path-to-node=\"20\">\n<p><b data-index-in-node=\"0\" data-path-to-node=\"20,0\">Ce spun sondajele na\u021bionale Pew Research:<\/b><\/p>\n<ul data-path-to-node=\"20,1\">\n<li>\n<ul data-path-to-node=\"20,1\">\n<li>Doar <b data-index-in-node=\"5\" data-path-to-node=\"20,1,0,0\">32% dintre democra\u021bi<\/b> sus\u021bin lideri care se descriu drept sociali\u0219ti democratici.<\/li>\n<\/ul>\n<\/li>\n<\/ul>\n<ul data-path-to-node=\"20,1\">\n<li>\n<ul data-path-to-node=\"20,1\">\n<li>Profilul sus\u021bin\u0103torilor: alb (40%, comparativ cu 21% dintre afro-americani \u0219i 20% dintre hispanici), t\u00e2n\u0103r, cu studii superioare (41% fa\u021b\u0103 de 26% dintre cei f\u0103r\u0103 studii) \u0219i cu venituri medii spre mari (40% fa\u021b\u0103 de 24% \u00een categoriile cu venituri mici).<\/li>\n<\/ul>\n<\/li>\n<\/ul>\n<\/blockquote>\n<p>Suntem departe de coali\u021bia pe care Bernie Sanders o construise \u00een 2020, c\u00e2nd era popular \u00een r\u00e2ndul popula\u021biei albe f\u0103r\u0103 studii superioare \u0219i str\u00e2ngea mai mult sprijin din partea latino-americanilor dec\u00e2t din partea afro-americanilor. Socialismul american de ast\u0103zi, de\u0219i a c\u00e2\u0219tigat \u00een vizibilitate, \u0219i-a reconfigurat complet structura social\u0103.<\/p>\n<p><strong>Pr\u0103pastia dintre ideologie \u0219i agenda aleg\u0103torilor<\/strong><\/p>\n<p>Pr\u0103pastia este frapant\u0103 c\u00e2nd vine vorba despre priorit\u0103\u021bile de pe agend\u0103. De exemplu, doar jum\u0103tate din clasa muncitoare consider\u0103 c\u0103 concedierea sau evacuarea unei persoane transgender este ilegal\u0103, comparativ cu 82% dintre absolven\u021bii de studii superioare cu convingeri de st\u00e2nga. De asemenea, \u201eimpozitarea boga\u021bilor\u201d figureaz\u0103 printre primele zece priorit\u0103\u021bi doar pentru absolven\u021bii albi de st\u00e2nga, nu \u0219i pentru aleg\u0103torii din clasa muncitoare, care r\u0103m\u00e2n reticen\u021bi la extinderea statului providen\u021b\u0103 (<i data-index-in-node=\"504\" data-path-to-node=\"24\">welfare state<\/i>) \u0219i ata\u0219a\u021bi de o etic\u0103 meritocratic\u0103.<\/p>\n<p>Platforma grupului, cu o nuan\u021b\u0103 vag leninist\u0103, merge p\u00e2n\u0103 acolo \u00eenc\u00e2t vorbe\u0219te despre necesitatea de a \u201ecultiva con\u0219tiin\u021ba de clas\u0103\u201d:<\/p>\n<ul data-path-to-node=\"26\">\n<li>\n<ul data-path-to-node=\"26\">\n<li><b data-index-in-node=\"0\" data-path-to-node=\"26,0,0\">Los Angeles:<\/b> Filiala local\u0103 a DSA a crescut de la 1.000 de membri \u00een 2018 la peste 5.000 \u0219i de\u021bine 4 din cele 15 locuri din consiliul local. \u00cen California, grupul tocmai \u0219i-a exprimat prima sus\u021binere deschis socialist\u0103 pentru o func\u021bie la nivel de stat, prin candidatura lui Oliver Ma pentru func\u021bia de viceguvernator.<\/li>\n<\/ul>\n<\/li>\n<\/ul>\n<ul data-path-to-node=\"26\">\n<li>\n<ul data-path-to-node=\"26\">\n<li><b data-index-in-node=\"0\" data-path-to-node=\"26,1,0\">Pittsburgh (Pennsylvania):<\/b> Cazul reprezentantei Summer Lee este oarecum diferit: \u00eentr-o circumscrip\u021bie post-industrial\u0103, mai s\u0103rac\u0103 \u0219i mai muncitoreasc\u0103 dec\u00e2t media zonelor urbane progresiste, Lee este prima femeie de culoare care reprezint\u0103 statul \u00een Congres, de\u0219i din partea partidului moderat <i data-index-in-node=\"296\" data-path-to-node=\"26,1,0\">Working Families Party<\/i> \u2014 o arip\u0103 desprins\u0103 din Democra\u021bi a c\u0103rei baz\u0103 de membri seam\u0103n\u0103 mai mult cu clasa muncitoare real\u0103.<\/li>\n<\/ul>\n<\/li>\n<\/ul>\n<ul data-path-to-node=\"26\">\n<li>\n<ul data-path-to-node=\"26\">\n<li><b data-index-in-node=\"0\" data-path-to-node=\"26,2,0\">San Francisco:<\/b> Limitele acestei extinderi sunt evidente: moderatul Daniel Lurie a fost ales primar, dovedind c\u0103 nici m\u0103car ora\u0219ul simbol al st\u00e2ngii californiene nu este o certitudine pentru DSA.<\/li>\n<\/ul>\n<\/li>\n<\/ul>\n<p data-path-to-node=\"28\"><strong>Paralela cu Verzii europeni \u0219i perspectiva anului 2028<\/strong><\/p>\n<p>Unii anali\u0219ti \u00eencearc\u0103 deja o compara\u021bie \u00eentre DSA \u0219i Partidele Verzi din Europa, deoarece profilul tipic al aleg\u0103torului Verzilor \u2014 t\u00e2n\u0103r, cu studii superioare, urban, cu venituri medii spre mari \u2014 seam\u0103n\u0103 cu cel al simpatizantului socialist american. Ambele categorii apar\u021bin a ceea ce politologii numesc \u201enoua clas\u0103 de mijloc\u201d: oameni cu o securitate financiar\u0103 suficient\u0103 pentru a se putea dedica unor cauze pe termen lung.<\/p>\n<p>Verzii au avut momentul lor de v\u00e2rf (la alegerile europene din 2019), urmat de un recul la alegerile din 2024, unde au pierdut mandate importante \u00een Fran\u021ba \u0219i Germania. Aceast\u0103 sc\u0103dere s-a datorat pierderii din importan\u021b\u0103 a temei climatice \u00een fa\u021ba infla\u021biei, a r\u0103zboiului din Ucraina \u0219i a crizei energetice, dar \u0219i ascensiunii dreptei populiste.<\/p>\n<p>Exist\u0103 \u00eens\u0103 o diferen\u021b\u0103 major\u0103: Ververzii europeni candideaz\u0103 ca partide separate \u00een sisteme de reprezentare propor\u021bional\u0103, fiind condamna\u021bi s\u0103 r\u0103m\u00e2n\u0103 for\u021be minoritare. \u00cen schimb, DSA de\u021bine deja locuri \u00een Congresul de la Washington, chiar dac\u0103 este vorba doar de o m\u00e2n\u0103 de mandate din cele peste dou\u0103 sute ale Partidului Democrat \u00een Camera Reprezentan\u021bilor. Strategia lor este una de infiltrare \u0219i preluare, nu de secesiune. Din acest motiv, perspectiva unei nominaliz\u0103ri preziden\u021biale din partea DSA pentru 2028 (Alexandria Ocasio-Cortez?) nu este at\u00e2t de fantezist\u0103 pe c\u00e2t ar putea p\u0103rea.<\/p>\n<p><strong>Testul din noiembrie<\/strong><\/p>\n<p>Este adev\u0103rat c\u0103 DSA poate cre\u0219te doar at\u00e2t c\u00e2t \u00eei permite Partidul Democrat. \u00cens\u0103, \u00een sistemul electoral american, un candidat la pre\u0219edin\u021bie trebuie doar s\u0103 se asigure c\u0103 baza sa minoritar\u0103 este suficient de bine organizat\u0103 \u0219i motivat\u0103 pentru a tran\u0219a alegerile primare \u00een c\u00e2teva state-cheie. Acesta este mecanismul care a func\u021bionat \u00een New York \u0219i pe care DSA mizeaz\u0103 pentru o ascensiune la nivel na\u021bional.<\/p>\n<p>\u00centre timp, urmeaz\u0103 testul din noiembrie. Chiar \u0219i ast\u0103zi, pare pu\u021bin probabil ca electoratul democrat s\u0103 decid\u0103 \u00een final s\u0103 se alinieze la anumite snobisme socio-culturale ale propunerii DSA, g\u0103sindu-le compatibile cu pragmatismul tradi\u021bional american.<\/p>\n<p>Cu toate acestea, r\u0103m\u00e2ne un fapt: ajutat\u0103 de starea de urgen\u021b\u0103 psihologic\u0103 provocat\u0103 de al doilea mandat al lui Trump, o viziune socialist\u0103 nu a fost niciodat\u0103 at\u00e2t de aproape de a deveni cu adev\u0103rat competitiv\u0103.<\/p>\n<\/div>\n<p>[analyse_source url=&#8221;https:\/\/ortodoxinfo.ro\/2026\/08\/14\/sua-o-ciudatenie-politica-progresisto-lgbtisto-socialista-pe-cale-sa-preia-partidul-democrat\/&#8221;]<\/p>\n","protected":false},"excerpt":{"rendered":"<p>[analyse_image type=&#8221;featured&#8221; src=&#8221;https:\/\/ortodoxinfo.ro\/wp-content\/uploads\/2026\/08\/sua-valul-socialist-american-pe-cale-sa-preia-partidul-democrat-84136.jpghttps:\/\/ortodoxinfo.ro\/wp-content\/uploads\/2026\/08\/sua-valul-socialist-american-pe-cale-sa-preia-partidul-democrat-84136.jpg&#8221;] Prima pagin\u0103 \u00bb Blog \u00bb SUA: O ciud\u0103\u021benie politic\u0103, progresisto-lgbtisto-socialist\u0103, pe cale s\u0103 preia Partidul Democrat SUA: O ciud\u0103\u021benie politic\u0103, progresisto-lgbtisto-socialist\u0103, pe cale s\u0103 preia Partidul Democrat 14 august 2026Comunism4.3k vizualiz\u0103ri 1 comentariu Share 12 Min Read SHARE OrtodoxINFO este supus unui sabotaj sistematic din partea reprezentan\u021bilor Google Rom\u00e2nia, at\u00e2t la afi\u0219\u0103ri [&hellip;]<\/p>\n","protected":false},"author":1,"featured_media":0,"comment_status":"open","ping_status":"","sticky":false,"template":"","format":"standard","meta":{"footnotes":""},"categories":[89],"tags":[226,94],"class_list":["post-2093300","post","type-post","status-publish","format-standard","hentry","category-romania","tag-crawlmanager","tag-ortodoxinfo-ro"],"_links":{"self":[{"href":"https:\/\/analyse.optim.biz\/index.php?rest_route=\/wp\/v2\/posts\/2093300","targetHints":{"allow":["GET"]}}],"collection":[{"href":"https:\/\/analyse.optim.biz\/index.php?rest_route=\/wp\/v2\/posts"}],"about":[{"href":"https:\/\/analyse.optim.biz\/index.php?rest_route=\/wp\/v2\/types\/post"}],"author":[{"embeddable":true,"href":"https:\/\/analyse.optim.biz\/index.php?rest_route=\/wp\/v2\/users\/1"}],"replies":[{"embeddable":true,"href":"https:\/\/analyse.optim.biz\/index.php?rest_route=%2Fwp%2Fv2%2Fcomments&post=2093300"}],"version-history":[{"count":0,"href":"https:\/\/analyse.optim.biz\/index.php?rest_route=\/wp\/v2\/posts\/2093300\/revisions"}],"wp:attachment":[{"href":"https:\/\/analyse.optim.biz\/index.php?rest_route=%2Fwp%2Fv2%2Fmedia&parent=2093300"}],"wp:term":[{"taxonomy":"category","embeddable":true,"href":"https:\/\/analyse.optim.biz\/index.php?rest_route=%2Fwp%2Fv2%2Fcategories&post=2093300"},{"taxonomy":"post_tag","embeddable":true,"href":"https:\/\/analyse.optim.biz\/index.php?rest_route=%2Fwp%2Fv2%2Ftags&post=2093300"}],"curies":[{"name":"wp","href":"https:\/\/api.w.org\/{rel}","templated":true}]}}