{"id":2093299,"date":"2026-08-14T08:17:40","date_gmt":"2026-08-14T05:17:40","guid":{"rendered":"https:\/\/analyse.optim.biz\/?p=2093299"},"modified":"2026-08-14T08:17:40","modified_gmt":"2026-08-14T05:17:40","slug":"planul-mafiei-proueropene-bolojan-mana-prin-care-nicusor-dan-si-grindeanu-executa-slugarnic-directivele-antiromanesti-ale-ue","status":"publish","type":"post","link":"https:\/\/analyse.optim.biz\/?p=2093299","title":{"rendered":"PLANUL mafiei proUEropene: Bolojan, m\u00e2na prin care Nicu\u0219or Dan \u0219i Grindeanu execut\u0103 slugarnic directivele antirom\u00e2ne\u0219ti ale UE"},"content":{"rendered":"<p>[analyse_image type=&#8221;featured&#8221; src=&#8221;https:\/\/ortodoxinfo.ro\/wp-content\/uploads\/2026\/08\/grindeanu-nicusor-bolo.jpghttps:\/\/ortodoxinfo.ro\/wp-content\/uploads\/2026\/08\/grindeanu-nicusor-bolo.jpg&#8221;]<\/p>\n<article id=\"post-257927\" class=\"post-257927 post type-post status-publish format-standard has-post-thumbnail category-asasinii-tarii\">\n<header class=\"single-header\">\n<aside class=\"breadcrumb-wrap breadcrumb-yoast s-breadcrumb\">\n<div class=\"breadcrumb-inner\"><span><span><a href=\"https:\/\/ortodoxinfo.ro\/\">Prima pagin\u0103<\/a><\/span> \u00bb <span><a href=\"https:\/\/ortodoxinfo.ro\/blog\/\">Blog<\/a><\/span> \u00bb <span class=\"breadcrumb_last\" aria-current=\"page\">PLANUL mafiei proUEropene: Bolojan, m\u00e2na prin care Nicu\u0219or Dan \u0219i Grindeanu execut\u0103 slugarnic directivele antirom\u00e2ne\u0219ti ale UE<\/span><\/span><\/div>\n<\/aside>\n<h1 class=\"s-title fw-headline\">PLANUL mafiei proUEropene: Bolojan, m\u00e2na prin care Nicu\u0219or Dan \u0219i Grindeanu execut\u0103 slugarnic directivele antirom\u00e2ne\u0219ti ale UE<\/h1>\n<div class=\"single-meta meta-s-default yes-0\">\n<div class=\"smeta-in\"><a class=\"meta-el meta-avatar\" href=\"https:\/\/ortodoxinfo.ro\/author\/redactor\/\"><img loading=\"lazy\" decoding=\"async\" alt=\"OrtodoxINFO\" src=\"https:\/\/secure.gravatar.com\/avatar\/21010332354a182ce4de6016685c5586f21c51866d0ec5bc8ef383240b3c3e02?s=120&amp;r=g\" class=\"avatar avatar-120 photo\" height=\"120\" width=\"120\"><\/a><\/p>\n<div class=\"smeta-sec\">\n<div class=\"p-meta\">\n<div class=\"meta-inner is-meta\"><span class=\"meta-el meta-date\"><time datetime=\"2026-08-14T11:21:24+03:00\">14 august 2026<\/time><\/span><span class=\"meta-el meta-category meta-bold\"><a class=\"meta-separate category-19885\" href=\"https:\/\/ortodoxinfo.ro\/category\/anti-sistem\/anti-romanism\/asasinii-tarii\/\">Asasinii \u021b\u0103rii<\/a><\/span><span class=\"meta-el meta-view\">6.7k vizualiz\u0103ri\t\t<\/span><span class=\"meta-el meta-comment mobile-last-meta tablet-last-meta\"><a href=\"https:\/\/ortodoxinfo.ro\/2026\/08\/14\/planul-mafiei-proueropene-bolojan-mana-cu-care-nicusor-dan-si-grindeanu-executa-slugarnic-directivele-antiromanesti-ale-ue\/#comments\">1 comentariu<\/a><\/span><\/div>\n<\/div>\n<\/div>\n<\/div>\n<div class=\"smeta-extra\">\n<div class=\"t-shared-sec tooltips-n has-read-meta is-color\">\n<div class=\"t-shared-header is-meta\"><span class=\"share-label\">Share<\/span><\/div>\n<\/div>\n<div class=\"single-right-meta single-time-read is-meta\"><span class=\"meta-el meta-read\">4 Min Read<\/span><\/div>\n<\/div>\n<\/div>\n<\/header>\n<div class=\"grid-container\">\n<div class=\"s-ct\">\n<div class=\"s-feat-outer\">\n<div class=\"s-feat\">\n<div class=\"featured-lightbox-trigger\" data-source=\"https:\/\/ortodoxinfo.ro\/wp-content\/uploads\/2026\/08\/grindeanu-nicusor-bolo.jpg\" data-caption data-attribution><img fetchpriority=\"high\" decoding=\"async\" width=\"860\" height=\"484\" src=\"https:\/\/ortodoxinfo.ro\/wp-content\/uploads\/2026\/08\/grindeanu-nicusor-bolo-860x484.jpg\" class=\"attachment-foxiz_crop_o1 size-foxiz_crop_o1 wp-post-image\" alt loading=\"eager\"><\/div>\n<\/div>\n<\/div>\n<div class=\"s-ct-wrap has-lsl\">\n<div class=\"s-ct-inner\">\n<div class=\"l-shared-sec-outer show-mobile\">\n<div class=\"l-shared-sec\">\n<div class=\"l-shared-header meta-text\"><span class=\"share-label\">SHARE<\/span><\/div>\n<\/div>\n<\/div>\n<div class=\"e-ct-outer\">\n<div class=\"entry-top\">\n<div id=\"custom_html-3\" class=\"widget_text widget entry-widget clearfix widget_custom_html\">\n<div class=\"textwidget custom-html-widget\">\n<div><small><br \/>\n    OrtodoxINFO este supus unui sabotaj sistematic din partea reprezentan\u021bilor Google Rom\u00e2nia, at\u00e2t la afi\u0219\u0103ri c\u00e2t \u0219i \u00een rezultatele de c\u0103utare.<br \/>\n        Astfel c\u0103 veniturile din publicitate au sc\u0103zut de p\u00e2n\u0103 la <strong>10 ori<\/strong>. Situa\u021bia este similar\u0103 \u0219i pe Facebook.<\/p>\n<p>        V\u0103 invit\u0103m s\u0103 accesa\u021bi direct site-ul \u0219i s\u0103 v\u0103 abona\u021bi la notific\u0103ri.<\/p>\n<p>    Dac\u0103 dori\u021bi s\u0103 ne sus\u021bine\u021bi \u00een aceast\u0103 perioad\u0103 dificil\u0103, orice <a href=\"https:\/\/ortodoxinfo.ro\/donatii\/\">dona\u021bie<\/a> este binevenit\u0103.<br \/>\n    Dumnezeu s\u0103 v\u0103 r\u0103spl\u0103teasc\u0103!<br \/>\n<\/small><\/div>\n<\/div>\n<\/div>\n<\/div>\n<div class=\"entry-content rbct clearfix is-highlight-shares\">\n<p>Guvernul demis al lui Ilie Bolojan nu este \u021binut la guvernare din gre\u0219eal\u0103 sau din \u201eblocaj politic\u201d. Este \u021binut inten\u021bionat de individul Nicu\u0219or Dan, de Sorin Grindeanu, de to\u021bi cei care se pretind \u201epro-europeni\u201d \u0219i \u201eresponsabili\u201d. Nu pentru c\u0103 ar vrea binele Rom\u00e2niei, ci pentru ca lui Bolojan s\u0103 i se pun\u0103 \u00een c\u00e2rc\u0103 tot se \u00eent\u00e2mpl\u0103 p\u00e2n\u0103 pe 31 august.<\/p>\n<p>La acea dat\u0103 expir\u0103 termenul final al jaloanelor din PNRR. Toate reformele grele, toate legile care lovesc \u00een suveranitatea economic\u0103, \u00een proprietate, \u00een sistemul de pensii, \u00een administra\u021bie, \u00een energie \u0219i \u00een capacitatea statului rom\u00e2n de a decide pentru el \u00eensu\u0219i trebuie for\u021bate acum, pe ultima sut\u0103 de metri. Banii europeni mai pot fi \u00eencasa\u021bi doar dac\u0103 aceste condi\u021bii sunt bifate. Iar dup\u0103 31 august, jocul se schimb\u0103.<\/p>\n<p>\u00cen acest joc, PSD joac\u0103 un rol esen\u021bial \u0219i constant. Voteaz\u0103 \u0219i sus\u021bine \u00een totalitate proiectele de lege propuse de guvernul lui Bolojan. PSD asigur\u0103 voturile necesare, d\u0103 aparen\u021ba de consens \u0219i acoper\u0103 deciziile grele sub o mantie de \u201eresponsabilitate\u201d.<\/p>\n<p>Mai mult, \u00een aceast\u0103 construc\u021bie, PSD \u2013 prin liderii s\u0103i \u2013 joac\u0103 \u0219i rolul de intermediar \u0219i de supraveghetor. Nu doar c\u0103 voteaz\u0103, ci vegheaz\u0103 ca execu\u021bia s\u0103 se fac\u0103 punct cu punct. Planul de subjugare a Rom\u00e2niei prin PNRR trebuie dus p\u00e2n\u0103 la cap\u0103t. Iar PNRR nu \u00eenseamn\u0103 bani cadou. O parte important\u0103 sunt \u00eemprumuturi. Banii vin, dar pre\u021bul este acceptarea unor condi\u021bii care \u0219ubrezesc \u0219i mai mult suveranitatea: reforme care transfer\u0103 controlul, reguli care limiteaz\u0103 marja de manevr\u0103 a statului rom\u00e2n, mecanisme care leag\u0103 deciziile interne de aprob\u0103rile de la Bruxelles.<\/p>\n<p>Din 1 septembrie, scenariul se poate schimba. Apare un prim-ministru \u201ecurat\u201d, unul care n-a semnat nimic din ce trebuia semnat. Atunci Dan \u0219i Grindeanu vor pretinde c\u0103 au salvat \u021bara de excesele lui Bolojan. C\u0103 au pus cap\u0103t unei guvern\u0103ri toxice. C\u0103 ei sunt factorii de echilibru.<\/p>\n<p>\u00cen realitate, Bolojan, Dan \u0219i Grindeanu joac\u0103 roluri complementare \u00een acela\u0219i mecanism. Unul execut\u0103 la vedere, ceilal\u021bi gestioneaz\u0103 scena, asigur\u0103 voturile \u0219i supravegheaz\u0103 ca planul s\u0103 nu deraieze. To\u021bi ac\u021bioneaz\u0103 \u00een logica acceptat\u0103 de Bruxelles. Ultimul val de condi\u021bionalit\u0103\u021bi din PNRR este \u00eempins acum, pe final, sub pretextul atragerii \u00eemprumuturilor din PNNR.<\/p>\n<p>La\u0219itatea lui Grindeanu va face ca PSD s\u0103 pl\u0103teasc\u0103 pre\u021bul. El a dat \u021bara pe m\u00e2na progresi\u0219tilor, fiind el \u00eensu\u0219i un progresist, iar m\u0103surile nepopulare, pe care le-a votat \u0219i le-a acoperit, vor l\u0103sa urme grele \u00een sondaje. Poporul nu mai merge la fel de u\u0219or dup\u0103 manipul\u0103rile de la televizor \u0219i din publica\u021biile pl\u0103tite. La urm\u0103toarele alegeri, PSD va cobor\u00ee \u00een jurul a 10%. O pr\u0103bu\u0219ire pe care Grindeanu \u0219i-a asumat-o \u00een acest joc de tr\u0103dare na\u021bional\u0103. Probabil face parte dintr-un plan mai amplu de scoatere a PSD din scena politic\u0103 (nu c\u0103 ar fi ceva r\u0103u, dar nu cu pre\u021bul s\u0103r\u0103cirii rom\u00e2nilor).<\/p>\n<p>Din aceast\u0103 manevr\u0103, \u00eens\u0103, Bolojan iese c\u00e2\u0219tig\u0103tor \u00een tab\u0103ra lui progresist\u0103, USR-PNL \u2013 cea pe care o reprezint\u0103 \u0219i o protejeaz\u0103 \u2013 \u0219i nu este afectat\u0103 \u00een mod real de m\u0103surile de austeritate. Oamenii s\u0103i sunt plasa\u021bi \u00een func\u021bii-cheie ale statului, \u00een categorii de bugetari privilegiate, pe care Bolojan le-a ferit \u0219i le-a favorizat. Sacrificiile cad pe omul simplu \u0219i pe antreprenorii rom\u00e2ni. \u00cen aceste condi\u021bii, tab\u0103ra progresist\u0103 se \u00eent\u0103re\u0219te \u0219i se coaguleaz\u0103 \u0219i mai mult \u00een jurul lui. El devine polul de atrac\u021bie al unei elite care iese din criz\u0103 relativ neatins\u0103 \u0219i care dore\u0219te s\u0103-\u0219i p\u0103streze privilegiile. Va fi lupt\u0103 cr\u00e2ncen\u0103 pentru destructurarea ei.<\/p>\n<\/div>\n<div class=\"entry-bottom\">\n<div id=\"block-9\" class=\"widget entry-widget clearfix widget_block\">\n<div><a href=\"https:\/\/suspend.ro\" target=\"_blank\" rel=\"noopener noreferrer\"><img decoding=\"async\" src=\"https:\/\/ortodoxinfo.ro\/wp-content\/uploads\/2026\/08\/FB_IMG_1786185261439.jpg\" alt=\"Verific\u0103 pe suspend.ro \u2013 Parlamentarii din jude\u021bul t\u0103u sus\u021bin suspendarea lui Nicu\u0219or Dan?\"><\/a><\/div>\n<\/div>\n<\/div>\n<\/div>\n<\/div>\n<div class=\"e-shared-sec entry-sec\">\n<div class=\"e-shared-header h4\"><span>Distribuie<\/span><\/div>\n<div class=\"rbbsl tooltips-n effect-fadeout is-bg\"><a class=\"share-action share-trigger icon-facebook\" aria-label=\"Share on Facebook\" href=\"https:\/\/www.facebook.com\/sharer.php?u=https%3A%2F%2Fortodoxinfo.ro%2F2026%2F08%2F14%2Fplanul-mafiei-proueropene-bolojan-mana-cu-care-nicusor-dan-si-grindeanu-executa-slugarnic-directivele-antiromanesti-ale-ue%2F\" data-title=\"Facebook\" rel=\"nofollow\"><span>Facebook<\/span><\/a><a class=\"share-action share-trigger icon-twitter\" aria-label=\"Share on X\" href=\"https:\/\/twitter.com\/intent\/tweet?text=PLANUL+mafiei+proUEropene%3A+Bolojan%2C+m%C3%A2na+prin+care+Nicu%C8%99or+Dan+%C8%99i+Grindeanu+execut%C4%83+slugarnic+directivele+antirom%C3%A2ne%C8%99ti+ale+UE&amp;url=https%3A%2F%2Fortodoxinfo.ro%2F2026%2F08%2F14%2Fplanul-mafiei-proueropene-bolojan-mana-cu-care-nicusor-dan-si-grindeanu-executa-slugarnic-directivele-antiromanesti-ale-ue%2F&amp;via=ortodoxinforo\" data-title=\"X\" rel=\"nofollow\"><span>X<\/span><\/a><a class=\"share-action icon-whatsapp is-web\" aria-label=\"Share on Whatsapp\" href=\"https:\/\/web.whatsapp.com\/send?text=PLANUL+mafiei+proUEropene%3A+Bolojan%2C+m%C3%A2na+prin+care+Nicu%C8%99or+Dan+%C8%99i+Grindeanu+execut%C4%83+slugarnic+directivele+antirom%C3%A2ne%C8%99ti+ale+UE%20%E2%98%9E%20https%3A%2F%2Fortodoxinfo.ro%2F2026%2F08%2F14%2Fplanul-mafiei-proueropene-bolojan-mana-cu-care-nicusor-dan-si-grindeanu-executa-slugarnic-directivele-antiromanesti-ale-ue%2F\" target=\"_blank\" data-title=\"WhatsApp\" rel=\"nofollow\"><span>Whatsapp<\/span><\/a><a class=\"share-action icon-whatsapp is-mobile\" aria-label=\"Share on Whatsapp\" href=\"\/\/send?text=PLANUL+mafiei+proUEropene%3A+Bolojan%2C+m%C3%A2na+prin+care+Nicu%C8%99or+Dan+%C8%99i+Grindeanu+execut%C4%83+slugarnic+directivele+antirom%C3%A2ne%C8%99ti+ale+UE%20%E2%98%9E%20https%3A%2F%2Fortodoxinfo.ro%2F2026%2F08%2F14%2Fplanul-mafiei-proueropene-bolojan-mana-cu-care-nicusor-dan-si-grindeanu-executa-slugarnic-directivele-antiromanesti-ale-ue%2F\" target=\"_blank\" data-title=\"WhatsApp\" rel=\"nofollow\"><span>Whatsapp<\/span><\/a><a class=\"share-action share-trigger icon-telegram\" aria-label=\"Share on Telegram\" href=\"https:\/\/t.me\/share\/?url=https%3A%2F%2Fortodoxinfo.ro%2F2026%2F08%2F14%2Fplanul-mafiei-proueropene-bolojan-mana-cu-care-nicusor-dan-si-grindeanu-executa-slugarnic-directivele-antiromanesti-ale-ue%2F&amp;text=PLANUL+mafiei+proUEropene%3A+Bolojan%2C+m%C3%A2na+prin+care+Nicu%C8%99or+Dan+%C8%99i+Grindeanu+execut%C4%83+slugarnic+directivele+antirom%C3%A2ne%C8%99ti+ale+UE\" data-title=\"Telegram\" rel=\"nofollow\"><span>Telegram<\/span><\/a><a class=\"share-action icon-copy copy-trigger\" aria-label=\"Copy Link\" href=\"https:\/\/ortodoxinfo.ro\/2026\/08\/14\/planul-mafiei-proueropene-bolojan-mana-cu-care-nicusor-dan-si-grindeanu-executa-slugarnic-directivele-antiromanesti-ale-ue\/\" data-copied=\"Copied!\" data-link=\"https:\/\/ortodoxinfo.ro\/2026\/08\/14\/planul-mafiei-proueropene-bolojan-mana-cu-care-nicusor-dan-si-grindeanu-executa-slugarnic-directivele-antiromanesti-ale-ue\/\" rel=\"nofollow\" data-copy=\"Copy Link\"><span>Copy Link<\/span><\/a><a class=\"share-action icon-print\" aria-label=\"Print\" rel=\"nofollow\" data-title=\"Print\"><span>Print<\/span><\/a><\/div>\n<\/div>\n<\/div>\n<div id=\"tabs\" class=\"dntplgn_form_wrapper\"><span><\/p>\n<h2>\u0218tirile sunt sub cenzur\u0103! Sprijini\u021bi OrtodoxINFO!<\/h2>\n<p>Guvernul nu dore\u0219te aflarea adev\u0103rului despre lovitura de stat \u0219i \u00eengenuncherea Rom\u00e2niei. \u00cencerc\u0103m s\u0103 men\u021binem viu acest site \u0219i s\u0103 v\u0103 punem la dispozi\u021bie informa\u021bii care s\u0103 fac\u0103 lumin\u0103 \u00een cea mai mare provocare pe care o tr\u0103im. Jurnalismul independent al portalului OrtodoxINFO func\u021bioneaz\u0103 strict cu ajutorul cititorilor.<br \/>\nNe pute\u021bi sprijini printr-o <b><a href=\"https:\/\/ortodoxinfo.ro\/donatii\/\">dona\u021bie bancar\u0103<\/a> sau prin PayPal, complet\u00e2nd formularul de mai jos.<\/b><\/span><\/p>\n<ul>\n<li><a href=\"https:\/\/ortodoxinfo.ro\/2026\/08\/14\/planul-mafiei-proueropene-bolojan-mana-cu-care-nicusor-dan-si-grindeanu-executa-slugarnic-directivele-antiromanesti-ale-ue\/#tabs-1\">Dona\u021bie lunar\u0103<\/a><\/li>\n<li><a href=\"https:\/\/ortodoxinfo.ro\/2026\/08\/14\/planul-mafiei-proueropene-bolojan-mana-cu-care-nicusor-dan-si-grindeanu-executa-slugarnic-directivele-antiromanesti-ale-ue\/#tabs-2\">Doar acum<\/a><\/li>\n<\/ul>\n<div id=\"tabs-1\"><img loading=\"lazy\" decoding=\"async\" alt border=\"0\" src=\"https:\/\/www.paypalobjects.com\/en_US\/i\/scr\/pixel.gif\" width=\"1\" height=\"1\"><\/div>\n<div id=\"tabs-2\">\n<p>\t\t     \u20ac<\/p>\n<p>\t\t    <img loading=\"lazy\" decoding=\"async\" alt border=\"0\" src=\"https:\/\/www.paypalobjects.com\/en_US\/i\/scr\/pixel.gif\" width=\"1\" height=\"1\"><\/div>\n<p>Mul\u021bumim celor care ne-au ajutat p\u00e2n\u0103 acum!\n\t<\/p><\/div>\n<div class=\"comment-box-wrap entry-sec\">\n<div class=\"comment-box-header\"><span class=\"h3\">1 comentariu<\/span><\/div>\n<div class=\"comment-holder\">\n<div id=\"comments\" class=\"comments-area\">\n<div class=\"rb-section\">\n<ul class=\"comment-list entry\">\n<li id=\"comment-250919\" class=\"comment even thread-even depth-1\">\n<article id=\"div-comment-250919\" class=\"comment-body\">\n<footer class=\"comment-meta\">\n<div class=\"comment-author vcard\"><img loading=\"lazy\" decoding=\"async\" alt src=\"https:\/\/secure.gravatar.com\/avatar\/132fd989bad4ee2d55aa9692aa73d0475d12ca598eaa976fcddf813d6586cb5e?s=100&amp;r=g\" class=\"avatar avatar-100 photo\" height=\"100\" width=\"100\"><b class=\"fn\">Magda<\/b><span class=\"says\">spune:<\/span><\/div>\n<div class=\"comment-metadata\"><a href=\"https:\/\/ortodoxinfo.ro\/2026\/08\/14\/planul-mafiei-proueropene-bolojan-mana-cu-care-nicusor-dan-si-grindeanu-executa-slugarnic-directivele-antiromanesti-ale-ue\/#comment-250919\"><time datetime=\"2026-08-14T11:56:46+03:00\">14 august 2026 la 11:56<\/time><\/a><\/div>\n<\/footer>\n<div class=\"comment-content\">\n<p>Rom\u00e2nii \u0219i-au f\u0103cut-o cu m\u00e2na lor \u0219i de data asta. Au avut 2 alternative, care ii puteau salva de acest calvar \u0219i dezastru social, financiar, economic, dar ei au ales, din nou, varianta gre\u0219it\u0103, mafia psd pnl usr udmr \u0219i Nicu Dan pre\u0219. Deci \u0219i-au pecetluit singuri soarta. Asta fac de 35 de ani, dup\u0103 ce l-au votat de 2 ori pe \u021biganul Iliescu, care le-a ucis fra\u021bii la lovitura de stat, i-a  asasinat pe Nicolae \u0219i Elena Ceau\u0219escu \u0219i a creat instrumentul satanic opresiv fsn-psdr-psd. Vorba proverbului :  \u021biganul \u00eemp\u0103rat \u00eel sp\u00e2nzur\u0103 pe tac-su !! Nu \u00een\u021beleg ce este \u00een capul lor, de ce aleg tot timpul aceast\u0103 plag\u0103 satanic\u0103, psdpnl usr udmr, s\u0103 le conduc\u0103 \u021bara \u0219i numai idio\u021bi, satani\u0219ti, criminali \u0219i tr\u0103d\u0103tori,  pre\u0219edin\u021bi.<\/p>\n<\/div>\n<div class=\"reply\"><a rel=\"nofollow\" class=\"comment-reply-link\" href=\"https:\/\/ortodoxinfo.ro\/2026\/08\/14\/planul-mafiei-proueropene-bolojan-mana-cu-care-nicusor-dan-si-grindeanu-executa-slugarnic-directivele-antiromanesti-ale-ue\/#comment-250919\" data-commentid=\"250919\" data-postid=\"257927\" data-belowelement=\"div-comment-250919\" data-respondelement=\"respond\" data-replyto=\"R\u0103spunde-i lui Magda\" aria-label=\"R\u0103spunde-i lui Magda\">R\u0103spunde<\/a><\/div>\n<\/article>\n<\/li>\n<\/ul>\n<\/div>\n<div id=\"respond\" class=\"comment-respond\">\n<h3 id=\"reply-title\" class=\"comment-reply-title\">Las\u0103 un r\u0103spuns <small><a rel=\"nofollow\" id=\"cancel-comment-reply-link\" href=\"https:\/\/ortodoxinfo.ro\/2026\/08\/14\/planul-mafiei-proueropene-bolojan-mana-cu-care-nicusor-dan-si-grindeanu-executa-slugarnic-directivele-antiromanesti-ale-ue\/#respond\">Anuleaz\u0103 r\u0103spunsul<\/a><\/small><\/h3>\n<p class=\"comment-notes\"><span id=\"email-notes\">Adresa ta de email nu va fi publicat\u0103.<\/span><span class=\"required-field-message\">C\u00e2mpurile obligatorii sunt marcate cu <span class=\"required\">*<\/span><\/span><\/p>\n<\/div>\n<\/div>\n<\/div>\n<\/div>\n<\/div>\n<div class=\"sidebar-wrap single-sidebar\">\n<div class=\"sidebar-inner clearfix\">\n<div id=\"widget-post-2\" class=\"widget rb-section w-sidebar clearfix widget-post\">\n<div class=\"block-h widget-heading heading-layout-1\">\n<div class=\"heading-inner\">\n<h4 class=\"heading-title\"><span>Articole recente<\/span><\/h4>\n<\/div>\n<\/div>\n<div class=\"widget-p-listing\">\n<div class=\"p-wrap p-small p-list-small-2\" data-pid=\"257904\">\n<div class=\"feat-holder\">\n<div class=\"p-featured ratio-v1\"><a class=\"p-flink\" href=\"https:\/\/ortodoxinfo.ro\/2026\/08\/14\/gigantul-media-msn-a-preluat-articolul-despre-calin-georgescu-care-aparuse-initial-pe-newsweek-america\/\" title=\"Gigantul media MSN a preluat articolul despre C\u0103lin Georgescu, care ap\u0103ruse ini\u021bial pe Newsweek America\"><img decoding=\"async\" width=\"150\" height=\"150\" src=\"https:\/\/ortodoxinfo.ro\/wp-content\/uploads\/2026\/08\/calin567-150x150.png\" class=\"featured-img wp-post-image\" alt loading=\"lazy\"><\/a><\/div>\n<\/div>\n<div class=\"p-content\">\n<h5 class=\"entry-title\"><a class=\"p-url\" href=\"https:\/\/ortodoxinfo.ro\/2026\/08\/14\/gigantul-media-msn-a-preluat-articolul-despre-calin-georgescu-care-aparuse-initial-pe-newsweek-america\/\" rel=\"bookmark\">Gigantul media MSN a preluat articolul despre C\u0103lin Georgescu, care ap\u0103ruse ini\u021bial pe Newsweek America<\/a><\/h5>\n<div class=\"p-meta\">\n<div class=\"meta-inner is-meta\"><span class=\"meta-el meta-date\"><time datetime=\"2026-08-14T15:54:44+03:00\">14 august 2026<\/time><\/span><span class=\"meta-el meta-category meta-bold\"><a class=\"meta-separate category-19866\" href=\"https:\/\/ortodoxinfo.ro\/category\/lupta-pentru-romania\/\">Lupt\u0103 pentru Rom\u00e2nia<\/a><\/span><span class=\"meta-el meta-view\">2.4k vizualiz\u0103ri\t\t<\/span><\/div>\n<\/div>\n<\/div>\n<\/div>\n<div class=\"p-wrap p-small p-list-small-2\" data-pid=\"257987\">\n<div class=\"feat-holder\">\n<div class=\"p-featured ratio-v1\"><a class=\"p-flink\" href=\"https:\/\/ortodoxinfo.ro\/2026\/08\/14\/ungaria-a-cumparat-26-de-cladiri-istorice-in-romania-in-timpul-guvernarii-orban-25-au-ramas-in-paragina-budapesta-taie-finantarea\/\" title=\"Ungaria a cump\u0103rat 26 de cl\u0103diri istorice \u00een Rom\u00e2nia, \u00een timpul guvern\u0103rii Orban. 25 au r\u0103mas \u00een paragin\u0103. Budapesta taie finan\u021barea\"><img decoding=\"async\" width=\"150\" height=\"150\" src=\"https:\/\/ortodoxinfo.ro\/wp-content\/uploads\/2026\/08\/viktor-orban-150x150.jpg\" class=\"featured-img wp-post-image\" alt loading=\"lazy\"><\/a><\/div>\n<\/div>\n<div class=\"p-content\">\n<h5 class=\"entry-title\"><a class=\"p-url\" href=\"https:\/\/ortodoxinfo.ro\/2026\/08\/14\/ungaria-a-cumparat-26-de-cladiri-istorice-in-romania-in-timpul-guvernarii-orban-25-au-ramas-in-paragina-budapesta-taie-finantarea\/\" rel=\"bookmark\">Ungaria a cump\u0103rat 26 de cl\u0103diri istorice \u00een Rom\u00e2nia, \u00een timpul guvern\u0103rii Orban. 25 au r\u0103mas \u00een paragin\u0103. Budapesta taie finan\u021barea<\/a><\/h5>\n<div class=\"p-meta\">\n<div class=\"meta-inner is-meta\"><span class=\"meta-el meta-date\"><time datetime=\"2026-08-14T09:39:44+03:00\">14 august 2026<\/time><\/span><span class=\"meta-el meta-category meta-bold\"><a class=\"meta-separate category-1535\" href=\"https:\/\/ortodoxinfo.ro\/category\/anti-sistem\/anti-romanism\/iredentism\/\">Iredentism<\/a><\/span><span class=\"meta-el meta-view\">2.8k vizualiz\u0103ri\t\t<\/span><\/div>\n<\/div>\n<\/div>\n<\/div>\n<div class=\"p-wrap p-small p-list-small-2\" data-pid=\"257941\">\n<div class=\"feat-holder\">\n<div class=\"p-featured ratio-v1\"><a class=\"p-flink\" href=\"https:\/\/ortodoxinfo.ro\/2026\/08\/14\/sua-o-ciudatenie-politica-progresisto-lgbtisto-socialista-pe-cale-sa-preia-partidul-democrat\/\" title=\"SUA: O ciud\u0103\u021benie politic\u0103, progresisto-lgbtisto-socialist\u0103, pe cale s\u0103 preia Partidul Democrat\"><img decoding=\"async\" width=\"150\" height=\"150\" src=\"https:\/\/ortodoxinfo.ro\/wp-content\/uploads\/2026\/08\/sua-valul-socialist-american-pe-cale-sa-preia-partidul-democrat-84136-150x150.jpg\" class=\"featured-img wp-post-image\" alt loading=\"lazy\"><\/a><\/div>\n<\/div>\n<div class=\"p-content\">\n<h5 class=\"entry-title\"><a class=\"p-url\" href=\"https:\/\/ortodoxinfo.ro\/2026\/08\/14\/sua-o-ciudatenie-politica-progresisto-lgbtisto-socialista-pe-cale-sa-preia-partidul-democrat\/\" rel=\"bookmark\">SUA: O ciud\u0103\u021benie politic\u0103, progresisto-lgbtisto-socialist\u0103, pe cale s\u0103 preia Partidul Democrat<\/a><\/h5>\n<div class=\"p-meta\">\n<div class=\"meta-inner is-meta\"><span class=\"meta-el meta-date\"><time datetime=\"2026-08-14T09:27:27+03:00\">14 august 2026<\/time><\/span><span class=\"meta-el meta-category meta-bold\"><a class=\"meta-separate category-1542\" href=\"https:\/\/ortodoxinfo.ro\/category\/anti-sistem\/sionism\/comunism\/\">Comunism<\/a><\/span><span class=\"meta-el meta-view\">4.3k vizualiz\u0103ri\t\t<\/span><\/div>\n<\/div>\n<\/div>\n<\/div>\n<div class=\"p-wrap p-small p-list-small-2\" data-pid=\"257805\">\n<div class=\"feat-holder\">\n<div class=\"p-featured ratio-v1\"><a class=\"p-flink\" href=\"https:\/\/ortodoxinfo.ro\/2026\/08\/13\/cum-a-ajuns-energia-romaniei-pe-mainile-unei-carpe-a-bruxelles-ului-cu-zero-pregatire-in-domeniu\/\" title=\"Cum a ajuns energia Rom\u00e2niei pe m\u00e2inile unei c\u00e2rpe a Bruxelles-ului, cu zero preg\u0103tire \u00een domeniu\"><img decoding=\"async\" width=\"150\" height=\"150\" src=\"https:\/\/ortodoxinfo.ro\/wp-content\/uploads\/2026\/08\/61688612-150x150.jpg\" class=\"featured-img wp-post-image\" alt loading=\"lazy\"><\/a><\/div>\n<\/div>\n<div class=\"p-content\">\n<h5 class=\"entry-title\"><a class=\"p-url\" href=\"https:\/\/ortodoxinfo.ro\/2026\/08\/13\/cum-a-ajuns-energia-romaniei-pe-mainile-unei-carpe-a-bruxelles-ului-cu-zero-pregatire-in-domeniu\/\" rel=\"bookmark\">Cum a ajuns energia Rom\u00e2niei pe m\u00e2inile unei c\u00e2rpe a Bruxelles-ului, cu zero preg\u0103tire \u00een domeniu<\/a><\/h5>\n<div class=\"p-meta\">\n<div class=\"meta-inner is-meta\"><span class=\"meta-el meta-date\"><time datetime=\"2026-08-13T22:01:26+03:00\">13 august 2026<\/time><\/span><span class=\"meta-el meta-category meta-bold\"><a class=\"meta-separate category-19885\" href=\"https:\/\/ortodoxinfo.ro\/category\/anti-sistem\/anti-romanism\/asasinii-tarii\/\">Asasinii \u021b\u0103rii<\/a><\/span><span class=\"meta-el meta-view\">12.9k vizualiz\u0103ri\t\t<\/span><\/div>\n<\/div>\n<\/div>\n<\/div>\n<\/div>\n<\/div>\n<div id=\"custom_html-2\" class=\"widget_text widget rb-section w-sidebar clearfix widget_custom_html\">\n<div class=\"block-h widget-heading heading-layout-1\">\n<div class=\"heading-inner\">\n<h4 class=\"heading-title\"><span>DONA\u021aII \u00een cont bancar<\/span><\/h4>\n<\/div>\n<\/div>\n<div class=\"textwidget custom-html-widget\">\n<table class=\"donatii\">\n<tbody>\n<tr>\n<th colspan=\"2\"><strong><span>Asicia\u021bia SMI-B<\/span><\/strong><\/th>\n<\/tr>\n<tr>\n<th>Cont LEI<\/th>\n<td>RO67CECEB00030RON2081955<\/td>\n<\/tr>\n<tr>\n<th>Cont EURO<\/th>\n<td>RO33CECEB000C1EUR2081978<\/td>\n<\/tr>\n<tr>\n<th>Cod SWIFT<\/th>\n<td>CECEROBU<\/td>\n<\/tr>\n<tr>\n<th colspan=\"2\"><strong>CEC BANK SA<\/strong><\/th>\n<\/tr>\n<\/tbody>\n<\/table>\n<\/div>\n<\/div>\n<\/div>\n<\/div>\n<\/div>\n<\/article>\n<div class=\"entry-content rbct clearfix is-highlight-shares\">\n<p>Guvernul demis al lui Ilie Bolojan nu este \u021binut la guvernare din gre\u0219eal\u0103 sau din \u201eblocaj politic\u201d. Este \u021binut inten\u021bionat de individul Nicu\u0219or Dan, de Sorin Grindeanu, de to\u021bi cei care se pretind \u201epro-europeni\u201d \u0219i \u201eresponsabili\u201d. Nu pentru c\u0103 ar vrea binele Rom\u00e2niei, ci pentru ca lui Bolojan s\u0103 i se pun\u0103 \u00een c\u00e2rc\u0103 tot se \u00eent\u00e2mpl\u0103 p\u00e2n\u0103 pe 31 august.<\/p>\n<p>La acea dat\u0103 expir\u0103 termenul final al jaloanelor din PNRR. Toate reformele grele, toate legile care lovesc \u00een suveranitatea economic\u0103, \u00een proprietate, \u00een sistemul de pensii, \u00een administra\u021bie, \u00een energie \u0219i \u00een capacitatea statului rom\u00e2n de a decide pentru el \u00eensu\u0219i trebuie for\u021bate acum, pe ultima sut\u0103 de metri. Banii europeni mai pot fi \u00eencasa\u021bi doar dac\u0103 aceste condi\u021bii sunt bifate. Iar dup\u0103 31 august, jocul se schimb\u0103.<\/p>\n<p>\u00cen acest joc, PSD joac\u0103 un rol esen\u021bial \u0219i constant. Voteaz\u0103 \u0219i sus\u021bine \u00een totalitate proiectele de lege propuse de guvernul lui Bolojan. PSD asigur\u0103 voturile necesare, d\u0103 aparen\u021ba de consens \u0219i acoper\u0103 deciziile grele sub o mantie de \u201eresponsabilitate\u201d.<\/p>\n<p>Mai mult, \u00een aceast\u0103 construc\u021bie, PSD \u2013 prin liderii s\u0103i \u2013 joac\u0103 \u0219i rolul de intermediar \u0219i de supraveghetor. Nu doar c\u0103 voteaz\u0103, ci vegheaz\u0103 ca execu\u021bia s\u0103 se fac\u0103 punct cu punct. Planul de subjugare a Rom\u00e2niei prin PNRR trebuie dus p\u00e2n\u0103 la cap\u0103t. Iar PNRR nu \u00eenseamn\u0103 bani cadou. O parte important\u0103 sunt \u00eemprumuturi. Banii vin, dar pre\u021bul este acceptarea unor condi\u021bii care \u0219ubrezesc \u0219i mai mult suveranitatea: reforme care transfer\u0103 controlul, reguli care limiteaz\u0103 marja de manevr\u0103 a statului rom\u00e2n, mecanisme care leag\u0103 deciziile interne de aprob\u0103rile de la Bruxelles.<\/p>\n<p>Din 1 septembrie, scenariul se poate schimba. Apare un prim-ministru \u201ecurat\u201d, unul care n-a semnat nimic din ce trebuia semnat. Atunci Dan \u0219i Grindeanu vor pretinde c\u0103 au salvat \u021bara de excesele lui Bolojan. C\u0103 au pus cap\u0103t unei guvern\u0103ri toxice. C\u0103 ei sunt factorii de echilibru.<\/p>\n<p>\u00cen realitate, Bolojan, Dan \u0219i Grindeanu joac\u0103 roluri complementare \u00een acela\u0219i mecanism. Unul execut\u0103 la vedere, ceilal\u021bi gestioneaz\u0103 scena, asigur\u0103 voturile \u0219i supravegheaz\u0103 ca planul s\u0103 nu deraieze. To\u021bi ac\u021bioneaz\u0103 \u00een logica acceptat\u0103 de Bruxelles. Ultimul val de condi\u021bionalit\u0103\u021bi din PNRR este \u00eempins acum, pe final, sub pretextul atragerii \u00eemprumuturilor din PNNR.<\/p>\n<p>La\u0219itatea lui Grindeanu va face ca PSD s\u0103 pl\u0103teasc\u0103 pre\u021bul. El a dat \u021bara pe m\u00e2na progresi\u0219tilor, fiind el \u00eensu\u0219i un progresist, iar m\u0103surile nepopulare, pe care le-a votat \u0219i le-a acoperit, vor l\u0103sa urme grele \u00een sondaje. Poporul nu mai merge la fel de u\u0219or dup\u0103 manipul\u0103rile de la televizor \u0219i din publica\u021biile pl\u0103tite. La urm\u0103toarele alegeri, PSD va cobor\u00ee \u00een jurul a 10%. O pr\u0103bu\u0219ire pe care Grindeanu \u0219i-a asumat-o \u00een acest joc de tr\u0103dare na\u021bional\u0103. Probabil face parte dintr-un plan mai amplu de scoatere a PSD din scena politic\u0103 (nu c\u0103 ar fi ceva r\u0103u, dar nu cu pre\u021bul s\u0103r\u0103cirii rom\u00e2nilor).<\/p>\n<p>Din aceast\u0103 manevr\u0103, \u00eens\u0103, Bolojan iese c\u00e2\u0219tig\u0103tor \u00een tab\u0103ra lui progresist\u0103, USR-PNL \u2013 cea pe care o reprezint\u0103 \u0219i o protejeaz\u0103 \u2013 \u0219i nu este afectat\u0103 \u00een mod real de m\u0103surile de austeritate. Oamenii s\u0103i sunt plasa\u021bi \u00een func\u021bii-cheie ale statului, \u00een categorii de bugetari privilegiate, pe care Bolojan le-a ferit \u0219i le-a favorizat. Sacrificiile cad pe omul simplu \u0219i pe antreprenorii rom\u00e2ni. \u00cen aceste condi\u021bii, tab\u0103ra progresist\u0103 se \u00eent\u0103re\u0219te \u0219i se coaguleaz\u0103 \u0219i mai mult \u00een jurul lui. El devine polul de atrac\u021bie al unei elite care iese din criz\u0103 relativ neatins\u0103 \u0219i care dore\u0219te s\u0103-\u0219i p\u0103streze privilegiile. Va fi lupt\u0103 cr\u00e2ncen\u0103 pentru destructurarea ei.<\/p>\n<\/div>\n<p>[analyse_source url=&#8221;https:\/\/ortodoxinfo.ro\/2026\/08\/14\/planul-mafiei-proueropene-bolojan-mana-cu-care-nicusor-dan-si-grindeanu-executa-slugarnic-directivele-antiromanesti-ale-ue\/&#8221;]<\/p>\n","protected":false},"excerpt":{"rendered":"<p>[analyse_image type=&#8221;featured&#8221; src=&#8221;https:\/\/ortodoxinfo.ro\/wp-content\/uploads\/2026\/08\/grindeanu-nicusor-bolo.jpghttps:\/\/ortodoxinfo.ro\/wp-content\/uploads\/2026\/08\/grindeanu-nicusor-bolo.jpg&#8221;] Prima pagin\u0103 \u00bb Blog \u00bb PLANUL mafiei proUEropene: Bolojan, m\u00e2na prin care Nicu\u0219or Dan \u0219i Grindeanu execut\u0103 slugarnic directivele antirom\u00e2ne\u0219ti ale UE PLANUL mafiei proUEropene: Bolojan, m\u00e2na prin care Nicu\u0219or Dan \u0219i Grindeanu execut\u0103 slugarnic directivele antirom\u00e2ne\u0219ti ale UE 14 august 2026Asasinii \u021b\u0103rii6.7k vizualiz\u0103ri 1 comentariu Share 4 Min Read SHARE OrtodoxINFO [&hellip;]<\/p>\n","protected":false},"author":1,"featured_media":0,"comment_status":"open","ping_status":"","sticky":false,"template":"","format":"standard","meta":{"footnotes":""},"categories":[89],"tags":[226,94],"class_list":["post-2093299","post","type-post","status-publish","format-standard","hentry","category-romania","tag-crawlmanager","tag-ortodoxinfo-ro"],"_links":{"self":[{"href":"https:\/\/analyse.optim.biz\/index.php?rest_route=\/wp\/v2\/posts\/2093299","targetHints":{"allow":["GET"]}}],"collection":[{"href":"https:\/\/analyse.optim.biz\/index.php?rest_route=\/wp\/v2\/posts"}],"about":[{"href":"https:\/\/analyse.optim.biz\/index.php?rest_route=\/wp\/v2\/types\/post"}],"author":[{"embeddable":true,"href":"https:\/\/analyse.optim.biz\/index.php?rest_route=\/wp\/v2\/users\/1"}],"replies":[{"embeddable":true,"href":"https:\/\/analyse.optim.biz\/index.php?rest_route=%2Fwp%2Fv2%2Fcomments&post=2093299"}],"version-history":[{"count":0,"href":"https:\/\/analyse.optim.biz\/index.php?rest_route=\/wp\/v2\/posts\/2093299\/revisions"}],"wp:attachment":[{"href":"https:\/\/analyse.optim.biz\/index.php?rest_route=%2Fwp%2Fv2%2Fmedia&parent=2093299"}],"wp:term":[{"taxonomy":"category","embeddable":true,"href":"https:\/\/analyse.optim.biz\/index.php?rest_route=%2Fwp%2Fv2%2Fcategories&post=2093299"},{"taxonomy":"post_tag","embeddable":true,"href":"https:\/\/analyse.optim.biz\/index.php?rest_route=%2Fwp%2Fv2%2Ftags&post=2093299"}],"curies":[{"name":"wp","href":"https:\/\/api.w.org\/{rel}","templated":true}]}}