{"id":2093298,"date":"2026-08-14T12:38:48","date_gmt":"2026-08-14T09:38:48","guid":{"rendered":"https:\/\/analyse.optim.biz\/?p=2093298"},"modified":"2026-08-14T12:38:48","modified_gmt":"2026-08-14T09:38:48","slug":"victorie-in-justitie-inginerul-nationalist-alexandru-balcu-a-castigat-apelul-se-renunta-la-condamnarea-la-inchisoare","status":"publish","type":"post","link":"https:\/\/analyse.optim.biz\/?p=2093298","title":{"rendered":"VICTORIE \u00een justi\u021bie! Inginerul na\u021bionalist Alexandru Balcu a c\u00e2\u0219tigat apelul! Se renun\u021b\u0103 la condamnarea la \u00eenchisoare!"},"content":{"rendered":"<p>[analyse_image type=&#8221;featured&#8221; src=&#8221;https:\/\/www.incorectpolitic.com\/wp-content\/uploads\/2026\/08\/balcu-caveler-cruciat.jpeg&#8221;]<\/p>\n<div class=\"entry\">\n<p>Sterie Ciumetti<strong><br \/>\nIncorect Politic<\/strong><br \/>\nAugust 11, 2026<\/p>\n<p><a href=\"https:\/\/www.incorectpolitic.com\/victorie-in-justitie-inginerul-nationalist-alexandru-balcu-a-castigat-apelul-se-renunta-la-condamnarea-la-inchisoare\/balcu-caveler-cruciat\/\" rel=\"attachment wp-att-82239\"><img loading=\"lazy\" decoding=\"async\" class=\"aligncenter wp-image-82239\" src=\"https:\/\/www.incorectpolitic.com\/wp-content\/uploads\/2026\/08\/balcu-caveler-cruciat.jpeg\" alt width=\"724\" height=\"1086\"><\/a><\/p>\n<h2><strong>VICTORIE \u00een justi\u021bie! Inginerul na\u021bionalist Alexandru Balcu a c\u00e2\u0219tigat apelul! Se renun\u021b\u0103 la condamnarea la \u00eenchisoare!<\/strong><\/h2>\n<p>Inginerul Alexandru Balcu, na\u021bionalist din Noua Dreapt\u0103, a fost trimis \u00een judecat\u0103 pentru marea crim\u0103 de a fi lipit trei ab\u021bibilduri pe o sinagog\u0103 din Bucure\u0219ti. Cum sinagoga este obiectiv anti-tero \u0219i p\u0103zit\u0103 non-stop de autorit\u0103\u021bile pl\u0103tite din banii no\u0219tri, s-a \u00eenceput un dosar penal pe OUG 31\/2002 \u0219i Alexandru Balcu a fost t\u00e2r\u00e2t prin tribunale.<\/p>\n<p>Alexandru Balcu a fost ini\u021bial condamnat la \u00eenchisoare cu suspendare, dar acesta a f\u0103cut apel \u0219i, \u00eentr-un final, justi\u021bia din Rom\u00e2nia a emis o decizie similar\u0103 cu cea din cazul colonelului Vasile Z\u0103rnescu, \u201eiert\u00e2ndu-l\u201d pe inculpat \u0219i aplic\u00e2nd un avertisment. Sigur c\u0103 drept \u0219i corect ar fi fost o achitare complet\u0103, dar oricum aceast\u0103 decizie reprezint\u0103 o victorie pentru Alexandru Balcu.<\/p>\n<p>\u00a0<\/p>\n<p><a href=\"https:\/\/www.incorectpolitic.com\/victorie-in-justitie-inginerul-nationalist-alexandru-balcu-a-castigat-apelul-se-renunta-la-condamnarea-la-inchisoare\/balcu-achitat\/\" rel=\"attachment wp-att-82234\"><img loading=\"lazy\" decoding=\"async\" class=\"size-full wp-image-82234 aligncenter lazyload\" src=\"https:\/\/www.incorectpolitic.com\/wp-content\/uploads\/2026\/08\/balcu-achitat.png\" alt width=\"878\" height=\"703\"><\/a><\/p>\n<p><img loading=\"lazy\" decoding=\"async\" class=\"size-full wp-image-82234 aligncenter\" src=\"https:\/\/www.incorectpolitic.com\/wp-content\/uploads\/2026\/08\/balcu-achitat.png\" alt width=\"878\" height=\"703\" data-eio=\"l\"><\/p>\n<p>\u00cen urma acestei decizii importante, Redac\u021bia Incorect Politic l-a contactat pe inginerul Alexandru Balcu pentru un punct de vedere.<\/p>\n<h2><strong>INTERVIU INCORECT POLITIC CU ALEXANDRU BALCU<\/strong><\/h2>\n<p><strong>Sterie Ciumetti:<\/strong> Cum v-a\u021bi comportat pe parcursul acestei anchete \u0219i acestui proces?<\/p>\n<p><strong>Ing. Alexandru Balcu:<\/strong> Vorbind normal, dar ferm, clar, cu con\u0219tiin\u021ba curat\u0103 c\u0103 nu am f\u0103cut r\u0103u nim\u0103nui, f\u0103r\u0103 s\u0103 m\u0103 dezic, cu ajutorul avocatului din oficiu strict c\u00e2nd am avut nevoie (redactarea Contesta\u021biei la CCR). \u0218i am mers pe ideea c\u0103 e bine totu\u0219i s\u0103 avem \u00eencredere \u00een Justi\u021bie. Uite c\u0103 se poate!<\/p>\n<p>Totodat\u0103, este foarte important ce am zis \u0219i la emisiunile Serafim TV: eu privesc \u0219i etnic problema, cred \u0219i am sim\u021bit c\u0103 cei cu care am interac\u021bionat (poli\u021bie, jandarmerie, procurori, avocat oficiu, judec\u0103toare mai ales) sunt rom\u00e2ni, ca \u0219i mine, etnici rom\u00e2ni.<\/p>\n<p><strong>S.C.:<\/strong> Mass-media a publicat articole \u00een care v-a acuzat de sfidare pentru c\u0103 v-a\u021bi cerut \u00eenapoi bunurile confiscate. Cum comenta\u021bi?<\/p>\n<p><strong>A.B.:<\/strong> Practic, eu nu am sfidat, cum a zis media progresist\u0103 (Libertatea, Rom\u00e2nia TV), ci am cerut, de exemplu, insigna \u00eenapoi, ar\u0103t\u00e2nd c\u0103 am \u00eencredere \u00een Justi\u021bia Rom\u00e2n\u0103. Aceea\u0219i atitudine o am \u00een al doilea dosar (Lotul Eminescu). Nu m\u0103 dezic, dar nici nu sfidez. Totul se bazeaz\u0103 pe faptul c\u0103 OUG este, mai \u00eent\u00e2i de toate, o abera\u021bie. Am utilizat des cuv\u00e2ntul \u201edistopie\u201d \u0219i \u00een fa\u021ba procurorilor, \u0219i \u00een fa\u021ba judec\u0103torilor.<\/p>\n<p><strong>S.C.<\/strong> Cum au reac\u021bionat prietenii \u0219i apropia\u021bii la h\u0103r\u021buirea ta politic\u0103?<\/p>\n<p><strong>A.B.:<\/strong> P\u0103i atitudinea a fost diferit\u0103, f\u0103r\u0103 s\u0103 dau nume, a mers de la \u201evai, ce-ai f\u0103cut, acum o s\u0103 \u00eenceap\u0103 cu adev\u0103rat prigoana, wieselii at\u00e2ta a\u0219teptau\u201d, trec\u00e2nd prin \u201elucrurile nu se rezolv\u0103 a\u0219a (las\u0103 c\u0103 \u0219tim noi, \u00een\u021belep\u021bii, cum e mai bine)\u201d, curiozitate (b\u0103i, \u0103sta chiar e s\u0103rit de pe fix), indiferen\u021b\u0103, p\u00e2n\u0103 la felicit\u0103ri, \u00eencuraj\u0103ri, solidaritate real\u0103.<\/p>\n<p><strong>S.C.:<\/strong> Ce pedeaps\u0103 crezi c\u0103 merit\u0103 cei ce au prigonit oameni pentru opiniile lor?<\/p>\n<p><strong>A.B.:<\/strong> Politicienii mai mult sau mai pu\u021bin rom\u00e2ni (m\u0103 refer c\u0103 unii au nume rom\u00e2ne\u0219ti, dar nu \u0219tim exact dac\u0103 sunt \u0219i etnic rom\u00e2ni) ar trebui s\u0103 r\u0103spund\u0103 pentru tr\u0103dare de \u021bar\u0103 \u0219i de neam. Avem articole \u00een Constitu\u021bie \u0219i Codul Penal pentru asta. Pe de-alde Vexler sau Florian i-a\u0219 declara persona non grata. Retras\u0103 cet\u0103\u021benia rom\u00e2n\u0103, pur \u0219i simplu, cu consecin\u021bele de rigoare pentru ei. Apoi, merg\u00e2nd la cei mai \u201emici\u201d: jandarmi, procurori, judec\u0103tori, poli\u021bi\u0219ti\u2026 de la caz la caz. Care a f\u0103cut exces de zel, care a \u00een\u021beles absurdul situa\u021biei, care a dat dovad\u0103 de empatie, care s-a dovedit rom\u00e2n neaplic\u00e2nd legea-f\u0103r\u0103delege (eu nu \u0219tiu, din p\u0103cate, niciun astfel de caz), de la eliberare din func\u021bie p\u00e2n\u0103 la felicit\u0103ri \u0219i chiar avansare. \u0218i anchet\u0103 \u0219i dosar penal, dac\u0103 e cazul.<\/p>\n<p>O men\u021biune pentru CCR: Aici e grav, la fel ca la politruci. Faptul c\u0103 au considerat constitu\u021bional\u0103 o lege profund antirom\u00e2neasc\u0103 \u00eei face pasibili de \u00eenalt\u0103 tr\u0103dare de \u021bar\u0103. Oricum, politicienii care au promovat \u0219i\/sau votat pentru aceste legi antirom\u00e2ne\u0219ti \u0219i liberticide se fac sigur vinova\u021bi \u0219i de alte acte de tr\u0103dare fa\u021b\u0103 de \u021bar\u0103 \u0219i Neam. Am mai spus-o, \u00een procesele-verbale \u0219i \u00een fa\u021ba instan\u021belor, dac\u0103 ajungem, s\u0103 specific\u0103m clar c\u0103 aceste procese sunt politice \u0219i nu de drept comun.<\/p>\n<p>Referitor la Decizia Cur\u021bii de Apel: Dosarul va ajunge la Judec\u0103toria Sectorului 1, unde am fost judecat prima dat\u0103, anul trecut. Am avut camer\u0103 preliminar\u0103 la Judec\u0103torie (iunie); cu acest nou dosar (dosarul de contesta\u021bie \u0219i solicitare achitare), s-a am\u00e2nat p\u00e2n\u0103 pe 22 septembrie. Deci dosarul meu va ajunge acum de la Curtea de Apel la Judec\u0103torie unde (cred) c\u0103 se va da verdictul final. Am \u00een\u021beles c\u0103 Parchetul poate face apel la decizia Cur\u021bii de Apel. Mai multe nu \u0219tiu \u00een acest moment, dar nu m\u0103 stresez, sunt destul de \u201eocupat\u201d cu cel de-al doilea dosar penal (lotul Eminescu).<\/p>\n<p><strong>S.C.:<\/strong> Care este mesajul dvs.\u00a0 pentru cititorii INCORECT POLITIC?<\/p>\n<p><strong>A.B.:<\/strong> Nu trebuie s\u0103 t\u0103cem. S\u0103 alung\u0103m ideea p\u0103guboas\u0103 c\u0103 \u201edegeaba protest\u0103m\u201d.<\/p>\n<p>\u00a0<\/p>\n<p>*<\/p>\n<p>Iat\u0103 un om care, chiar dac\u0103 are al doilea dosar penal pentru antisemitism \u00een cadrul Lotului Eminescu, nu se dezice, nu d\u0103 \u00eenapoi, nu face compromisuri. Aceste procese politice vor fi \u00eentr-o bun\u0103 zi analizate de istorici, iar \u00een vremurile grele pe care le tr\u0103im, modelele de demnitate \u0219i verticalitate sunt cele ale colonelului Vasile Z\u0103rnescu, ale inginerului Alexandru Balcu \u0219i ale altora care, indiferent ce p\u0103\u021besc, continu\u0103 s\u0103 \u00ee\u0219i afirme crezul cu onoare.<\/p>\n<p>\u00a0<\/p>\n<\/div>\n<div class=\"entry\">\n<p>Sterie Ciumetti<strong><br \/>\nIncorect Politic<\/strong><br \/>\nAugust 11, 2026<\/p>\n<p><a href=\"https:\/\/www.incorectpolitic.com\/victorie-in-justitie-inginerul-nationalist-alexandru-balcu-a-castigat-apelul-se-renunta-la-condamnarea-la-inchisoare\/balcu-caveler-cruciat\/\" rel=\"attachment wp-att-82239\"><img loading=\"lazy\" decoding=\"async\" class=\"aligncenter wp-image-82239\" src=\"https:\/\/www.incorectpolitic.com\/wp-content\/uploads\/2026\/08\/balcu-caveler-cruciat.jpeg\" alt width=\"724\" height=\"1086\"><\/a><\/p>\n<h2><strong>VICTORIE \u00een justi\u021bie! Inginerul na\u021bionalist Alexandru Balcu a c\u00e2\u0219tigat apelul! Se renun\u021b\u0103 la condamnarea la \u00eenchisoare!<\/strong><\/h2>\n<p>Inginerul Alexandru Balcu, na\u021bionalist din Noua Dreapt\u0103, a fost trimis \u00een judecat\u0103 pentru marea crim\u0103 de a fi lipit trei ab\u021bibilduri pe o sinagog\u0103 din Bucure\u0219ti. Cum sinagoga este obiectiv anti-tero \u0219i p\u0103zit\u0103 non-stop de autorit\u0103\u021bile pl\u0103tite din banii no\u0219tri, s-a \u00eenceput un dosar penal pe OUG 31\/2002 \u0219i Alexandru Balcu a fost t\u00e2r\u00e2t prin tribunale.<\/p>\n<p>Alexandru Balcu a fost ini\u021bial condamnat la \u00eenchisoare cu suspendare, dar acesta a f\u0103cut apel \u0219i, \u00eentr-un final, justi\u021bia din Rom\u00e2nia a emis o decizie similar\u0103 cu cea din cazul colonelului Vasile Z\u0103rnescu, \u201eiert\u00e2ndu-l\u201d pe inculpat \u0219i aplic\u00e2nd un avertisment. Sigur c\u0103 drept \u0219i corect ar fi fost o achitare complet\u0103, dar oricum aceast\u0103 decizie reprezint\u0103 o victorie pentru Alexandru Balcu.<\/p>\n<p>\u00a0<\/p>\n<p><a href=\"https:\/\/www.incorectpolitic.com\/victorie-in-justitie-inginerul-nationalist-alexandru-balcu-a-castigat-apelul-se-renunta-la-condamnarea-la-inchisoare\/balcu-achitat\/\" rel=\"attachment wp-att-82234\"><img loading=\"lazy\" decoding=\"async\" class=\"size-full wp-image-82234 aligncenter lazyload\" src=\"https:\/\/www.incorectpolitic.com\/wp-content\/uploads\/2026\/08\/balcu-achitat.png\" alt width=\"878\" height=\"703\"><\/a><\/p>\n<p><img loading=\"lazy\" decoding=\"async\" class=\"size-full wp-image-82234 aligncenter\" src=\"https:\/\/www.incorectpolitic.com\/wp-content\/uploads\/2026\/08\/balcu-achitat.png\" alt width=\"878\" height=\"703\" data-eio=\"l\"><\/p>\n<p>\u00cen urma acestei decizii importante, Redac\u021bia Incorect Politic l-a contactat pe inginerul Alexandru Balcu pentru un punct de vedere.<\/p>\n<h2><strong>INTERVIU INCORECT POLITIC CU ALEXANDRU BALCU<\/strong><\/h2>\n<p><strong>Sterie Ciumetti:<\/strong> Cum v-a\u021bi comportat pe parcursul acestei anchete \u0219i acestui proces?<\/p>\n<p><strong>Ing. Alexandru Balcu:<\/strong> Vorbind normal, dar ferm, clar, cu con\u0219tiin\u021ba curat\u0103 c\u0103 nu am f\u0103cut r\u0103u nim\u0103nui, f\u0103r\u0103 s\u0103 m\u0103 dezic, cu ajutorul avocatului din oficiu strict c\u00e2nd am avut nevoie (redactarea Contesta\u021biei la CCR). \u0218i am mers pe ideea c\u0103 e bine totu\u0219i s\u0103 avem \u00eencredere \u00een Justi\u021bie. Uite c\u0103 se poate!<\/p>\n<p>Totodat\u0103, este foarte important ce am zis \u0219i la emisiunile Serafim TV: eu privesc \u0219i etnic problema, cred \u0219i am sim\u021bit c\u0103 cei cu care am interac\u021bionat (poli\u021bie, jandarmerie, procurori, avocat oficiu, judec\u0103toare mai ales) sunt rom\u00e2ni, ca \u0219i mine, etnici rom\u00e2ni.<\/p>\n<p><strong>S.C.:<\/strong> Mass-media a publicat articole \u00een care v-a acuzat de sfidare pentru c\u0103 v-a\u021bi cerut \u00eenapoi bunurile confiscate. Cum comenta\u021bi?<\/p>\n<p><strong>A.B.:<\/strong> Practic, eu nu am sfidat, cum a zis media progresist\u0103 (Libertatea, Rom\u00e2nia TV), ci am cerut, de exemplu, insigna \u00eenapoi, ar\u0103t\u00e2nd c\u0103 am \u00eencredere \u00een Justi\u021bia Rom\u00e2n\u0103. Aceea\u0219i atitudine o am \u00een al doilea dosar (Lotul Eminescu). Nu m\u0103 dezic, dar nici nu sfidez. Totul se bazeaz\u0103 pe faptul c\u0103 OUG este, mai \u00eent\u00e2i de toate, o abera\u021bie. Am utilizat des cuv\u00e2ntul \u201edistopie\u201d \u0219i \u00een fa\u021ba procurorilor, \u0219i \u00een fa\u021ba judec\u0103torilor.<\/p>\n<p><strong>S.C.<\/strong> Cum au reac\u021bionat prietenii \u0219i apropia\u021bii la h\u0103r\u021buirea ta politic\u0103?<\/p>\n<p><strong>A.B.:<\/strong> P\u0103i atitudinea a fost diferit\u0103, f\u0103r\u0103 s\u0103 dau nume, a mers de la \u201evai, ce-ai f\u0103cut, acum o s\u0103 \u00eenceap\u0103 cu adev\u0103rat prigoana, wieselii at\u00e2ta a\u0219teptau\u201d, trec\u00e2nd prin \u201elucrurile nu se rezolv\u0103 a\u0219a (las\u0103 c\u0103 \u0219tim noi, \u00een\u021belep\u021bii, cum e mai bine)\u201d, curiozitate (b\u0103i, \u0103sta chiar e s\u0103rit de pe fix), indiferen\u021b\u0103, p\u00e2n\u0103 la felicit\u0103ri, \u00eencuraj\u0103ri, solidaritate real\u0103.<\/p>\n<p><strong>S.C.:<\/strong> Ce pedeaps\u0103 crezi c\u0103 merit\u0103 cei ce au prigonit oameni pentru opiniile lor?<\/p>\n<p><strong>A.B.:<\/strong> Politicienii mai mult sau mai pu\u021bin rom\u00e2ni (m\u0103 refer c\u0103 unii au nume rom\u00e2ne\u0219ti, dar nu \u0219tim exact dac\u0103 sunt \u0219i etnic rom\u00e2ni) ar trebui s\u0103 r\u0103spund\u0103 pentru tr\u0103dare de \u021bar\u0103 \u0219i de neam. Avem articole \u00een Constitu\u021bie \u0219i Codul Penal pentru asta. Pe de-alde Vexler sau Florian i-a\u0219 declara persona non grata. Retras\u0103 cet\u0103\u021benia rom\u00e2n\u0103, pur \u0219i simplu, cu consecin\u021bele de rigoare pentru ei. Apoi, merg\u00e2nd la cei mai \u201emici\u201d: jandarmi, procurori, judec\u0103tori, poli\u021bi\u0219ti\u2026 de la caz la caz. Care a f\u0103cut exces de zel, care a \u00een\u021beles absurdul situa\u021biei, care a dat dovad\u0103 de empatie, care s-a dovedit rom\u00e2n neaplic\u00e2nd legea-f\u0103r\u0103delege (eu nu \u0219tiu, din p\u0103cate, niciun astfel de caz), de la eliberare din func\u021bie p\u00e2n\u0103 la felicit\u0103ri \u0219i chiar avansare. \u0218i anchet\u0103 \u0219i dosar penal, dac\u0103 e cazul.<\/p>\n<p>O men\u021biune pentru CCR: Aici e grav, la fel ca la politruci. Faptul c\u0103 au considerat constitu\u021bional\u0103 o lege profund antirom\u00e2neasc\u0103 \u00eei face pasibili de \u00eenalt\u0103 tr\u0103dare de \u021bar\u0103. Oricum, politicienii care au promovat \u0219i\/sau votat pentru aceste legi antirom\u00e2ne\u0219ti \u0219i liberticide se fac sigur vinova\u021bi \u0219i de alte acte de tr\u0103dare fa\u021b\u0103 de \u021bar\u0103 \u0219i Neam. Am mai spus-o, \u00een procesele-verbale \u0219i \u00een fa\u021ba instan\u021belor, dac\u0103 ajungem, s\u0103 specific\u0103m clar c\u0103 aceste procese sunt politice \u0219i nu de drept comun.<\/p>\n<p>Referitor la Decizia Cur\u021bii de Apel: Dosarul va ajunge la Judec\u0103toria Sectorului 1, unde am fost judecat prima dat\u0103, anul trecut. Am avut camer\u0103 preliminar\u0103 la Judec\u0103torie (iunie); cu acest nou dosar (dosarul de contesta\u021bie \u0219i solicitare achitare), s-a am\u00e2nat p\u00e2n\u0103 pe 22 septembrie. Deci dosarul meu va ajunge acum de la Curtea de Apel la Judec\u0103torie unde (cred) c\u0103 se va da verdictul final. Am \u00een\u021beles c\u0103 Parchetul poate face apel la decizia Cur\u021bii de Apel. Mai multe nu \u0219tiu \u00een acest moment, dar nu m\u0103 stresez, sunt destul de \u201eocupat\u201d cu cel de-al doilea dosar penal (lotul Eminescu).<\/p>\n<p><strong>S.C.:<\/strong> Care este mesajul dvs.\u00a0 pentru cititorii INCORECT POLITIC?<\/p>\n<p><strong>A.B.:<\/strong> Nu trebuie s\u0103 t\u0103cem. S\u0103 alung\u0103m ideea p\u0103guboas\u0103 c\u0103 \u201edegeaba protest\u0103m\u201d.<\/p>\n<p>\u00a0<\/p>\n<p>*<\/p>\n<p>Iat\u0103 un om care, chiar dac\u0103 are al doilea dosar penal pentru antisemitism \u00een cadrul Lotului Eminescu, nu se dezice, nu d\u0103 \u00eenapoi, nu face compromisuri. Aceste procese politice vor fi \u00eentr-o bun\u0103 zi analizate de istorici, iar \u00een vremurile grele pe care le tr\u0103im, modelele de demnitate \u0219i verticalitate sunt cele ale colonelului Vasile Z\u0103rnescu, ale inginerului Alexandru Balcu \u0219i ale altora care, indiferent ce p\u0103\u021besc, continu\u0103 s\u0103 \u00ee\u0219i afirme crezul cu onoare.<\/p>\n<p>\u00a0<\/p>\n<\/div>\n<article class=\"post-81436 post type-post status-publish entry includes-feat-image\">\n<div class=\"featured-image alignleft\"><a class=\"featured_post_link\" href=\"https:\/\/www.incorectpolitic.com\/curaj-adevar-si-libertate-senatorul-miron-manega-s-o-s-a-propus-abrogarea-legilor-delictului-de-opinie\/\" title=\"CURAJ, ADEV\u0102R \u0218I LIBERTATE! Senatorul Miron Manega (S.O.S.) a propus abrogarea legilor delictului de opinie!\"><img loading=\"lazy\" decoding=\"async\" width=\"150\" height=\"150\" src=\"https:\/\/www.incorectpolitic.com\/wp-content\/uploads\/2019\/04\/manega-150x150.png\" class=\"attachment-thumbnail size-thumbnail wp-post-image lazyload\" alt><img loading=\"lazy\" decoding=\"async\" width=\"150\" height=\"150\" src=\"https:\/\/www.incorectpolitic.com\/wp-content\/uploads\/2019\/04\/manega-150x150.png\" class=\"attachment-thumbnail size-thumbnail wp-post-image\" alt data-eio=\"l\"><\/a><\/div>\n<div class=\"entry-title\"><a class=\"featured_post_link\" href=\"https:\/\/www.incorectpolitic.com\/curaj-adevar-si-libertate-senatorul-miron-manega-s-o-s-a-propus-abrogarea-legilor-delictului-de-opinie\/\" title=\"CURAJ, ADEV\u0102R \u0218I LIBERTATE! Senatorul Miron Manega (S.O.S.) a propus abrogarea legilor delictului de opinie!\">CURAJ, ADEV\u0102R \u0218I LIBERTATE! Senatorul Miron Manega (S.O.S.) a propus abrogarea legilor delictului de opinie!<\/a><\/div>\n<\/article>\n<article class=\"post-80361 post type-post status-publish entry includes-feat-image\">\n<div class=\"featured-image alignleft\"><a class=\"featured_post_link\" href=\"https:\/\/www.incorectpolitic.com\/ultimul-fiu-al-daciei\/\" title=\"Ultimul Fiu al Daciei\"><img loading=\"lazy\" decoding=\"async\" width=\"100\" height=\"150\" src=\"https:\/\/www.incorectpolitic.com\/wp-content\/uploads\/2025\/10\/dac.jpeg\" class=\"attachment-thumbnail size-thumbnail wp-post-image lazyload\" alt><img loading=\"lazy\" decoding=\"async\" width=\"100\" height=\"150\" src=\"https:\/\/www.incorectpolitic.com\/wp-content\/uploads\/2025\/10\/dac.jpeg\" class=\"attachment-thumbnail size-thumbnail wp-post-image\" alt data-eio=\"l\"><\/a><\/div>\n<div class=\"entry-title\"><a class=\"featured_post_link\" href=\"https:\/\/www.incorectpolitic.com\/ultimul-fiu-al-daciei\/\" title=\"Ultimul Fiu al Daciei\">Ultimul Fiu al Daciei<\/a><\/div>\n<\/article>\n<article class=\"post-73927 post type-post status-publish entry includes-feat-image\">\n<div class=\"featured-image alignleft\"><a class=\"featured_post_link\" href=\"https:\/\/www.incorectpolitic.com\/cauzele-si-dinamica-antisemitismului\/\" title=\"Cauzele \u0219i Dinamica Antisemitismului\"><img loading=\"lazy\" decoding=\"async\" width=\"150\" height=\"150\" src=\"https:\/\/www.incorectpolitic.com\/wp-content\/uploads\/2018\/09\/bolshevik-jews-150x150.jpg\" class=\"attachment-thumbnail size-thumbnail wp-post-image lazyload\" alt><img loading=\"lazy\" decoding=\"async\" width=\"150\" height=\"150\" src=\"https:\/\/www.incorectpolitic.com\/wp-content\/uploads\/2018\/09\/bolshevik-jews-150x150.jpg\" class=\"attachment-thumbnail size-thumbnail wp-post-image\" alt data-eio=\"l\"><\/a><\/div>\n<div class=\"entry-title\"><a class=\"featured_post_link\" href=\"https:\/\/www.incorectpolitic.com\/cauzele-si-dinamica-antisemitismului\/\" title=\"Cauzele \u0219i Dinamica Antisemitismului\">Cauzele \u0219i Dinamica Antisemitismului<\/a><\/div>\n<\/article>\n<article class=\"post-72974 post type-post status-publish entry includes-feat-image\">\n<div class=\"featured-image alignleft\"><a class=\"featured_post_link\" href=\"https:\/\/www.incorectpolitic.com\/navalirea-jidanilor-de-vasile-alecsandri-piesa-interzisa\/\" title=\"N\u0103v\u0103lirea Jidanilor \u2013 de Vasile Alecsandri (Pies\u0103 interzis\u0103)\"><img loading=\"lazy\" decoding=\"async\" width=\"150\" height=\"150\" src=\"https:\/\/www.incorectpolitic.com\/wp-content\/uploads\/2024\/02\/jidani-navalire-2.png\" class=\"attachment-thumbnail size-thumbnail wp-post-image lazyload\" alt><img loading=\"lazy\" decoding=\"async\" width=\"150\" height=\"150\" src=\"https:\/\/www.incorectpolitic.com\/wp-content\/uploads\/2024\/02\/jidani-navalire-2.png\" class=\"attachment-thumbnail size-thumbnail wp-post-image\" alt data-eio=\"l\"><\/a><\/div>\n<div class=\"entry-title\"><a class=\"featured_post_link\" href=\"https:\/\/www.incorectpolitic.com\/navalirea-jidanilor-de-vasile-alecsandri-piesa-interzisa\/\" title=\"N\u0103v\u0103lirea Jidanilor \u2013 de Vasile Alecsandri (Pies\u0103 interzis\u0103)\">N\u0103v\u0103lirea Jidanilor \u2013 de Vasile Alecsandri (Pies\u0103 interzis\u0103)<\/a><\/div>\n<\/article>\n<article class=\"post-71879 post type-post status-publish entry includes-feat-image\">\n<div class=\"featured-image alignleft\"><a class=\"featured_post_link\" href=\"https:\/\/www.incorectpolitic.com\/europa-si-romania-in-anul-2050\/\" title=\"Europa \u0219i Rom\u00e2nia \u00een anul 2050\"><img loading=\"lazy\" decoding=\"async\" width=\"147\" height=\"150\" src=\"https:\/\/www.incorectpolitic.com\/wp-content\/uploads\/2024\/01\/Romania-2050-2.png\" class=\"attachment-thumbnail size-thumbnail wp-post-image lazyload\" alt><img loading=\"lazy\" decoding=\"async\" width=\"147\" height=\"150\" src=\"https:\/\/www.incorectpolitic.com\/wp-content\/uploads\/2024\/01\/Romania-2050-2.png\" class=\"attachment-thumbnail size-thumbnail wp-post-image\" alt data-eio=\"l\"><\/a><\/div>\n<div class=\"entry-title\"><a class=\"featured_post_link\" href=\"https:\/\/www.incorectpolitic.com\/europa-si-romania-in-anul-2050\/\" title=\"Europa \u0219i Rom\u00e2nia \u00een anul 2050\">Europa \u0219i Rom\u00e2nia \u00een anul 2050<\/a><\/div>\n<\/article>\n<article class=\"post-23854 post type-post status-publish entry includes-feat-image\">\n<div class=\"featured-image alignleft\"><a class=\"featured_post_link\" href=\"https:\/\/www.incorectpolitic.com\/vizita-papei-autonomie-alternativa\/\" title=\"Vizita Papei \u2013 Autonomie Alternativ\u0103\"><img loading=\"lazy\" decoding=\"async\" width=\"150\" height=\"150\" class=\"attachment-thumbnail size-thumbnail wp-post-image lazyload\" alt src=\"https:\/\/www.incorectpolitic.com\/wp-content\/uploads\/2019\/06\/uI2HFtR-150x150.jpg\"><img loading=\"lazy\" decoding=\"async\" width=\"150\" height=\"150\" src=\"https:\/\/www.incorectpolitic.com\/wp-content\/uploads\/2019\/06\/uI2HFtR-150x150.jpg\" class=\"attachment-thumbnail size-thumbnail wp-post-image\" alt data-eio=\"l\"><\/a><\/div>\n<div class=\"entry-title\"><a class=\"featured_post_link\" href=\"https:\/\/www.incorectpolitic.com\/vizita-papei-autonomie-alternativa\/\" title=\"Vizita Papei \u2013 Autonomie Alternativ\u0103\">Vizita Papei \u2013 Autonomie Alternativ\u0103<\/a><\/div>\n<\/article>\n<article class=\"post-72111 post type-post status-publish entry includes-feat-image\">\n<div class=\"featured-image alignleft\"><a class=\"featured_post_link\" href=\"https:\/\/www.incorectpolitic.com\/revelion-2023-2024-vine-anul-biruintei\/\" title=\"Revelion 2023 \u2013 2024 vine ANUL BIRUIN\u021aEI\"><img loading=\"lazy\" decoding=\"async\" width=\"150\" height=\"150\" src=\"https:\/\/www.incorectpolitic.com\/wp-content\/uploads\/2023\/12\/anul-biruintei.png\" class=\"attachment-thumbnail size-thumbnail wp-post-image lazyload\" alt><img loading=\"lazy\" decoding=\"async\" width=\"150\" height=\"150\" src=\"https:\/\/www.incorectpolitic.com\/wp-content\/uploads\/2023\/12\/anul-biruintei.png\" class=\"attachment-thumbnail size-thumbnail wp-post-image\" alt data-eio=\"l\"><\/a><\/div>\n<div class=\"entry-title\"><a class=\"featured_post_link\" href=\"https:\/\/www.incorectpolitic.com\/revelion-2023-2024-vine-anul-biruintei\/\" title=\"Revelion 2023 \u2013 2024 vine ANUL BIRUIN\u021aEI\">Revelion 2023 \u2013 2024 vine ANUL BIRUIN\u021aEI<\/a><\/div>\n<\/article>\n<article class=\"post-50139 post type-post status-publish entry includes-feat-image\">\n<div class=\"featured-image alignleft\"><a class=\"featured_post_link\" href=\"https:\/\/www.incorectpolitic.com\/analiza-strategiei-adoptata-de-guvern-pentru-combaterea-antisemitismului-xenofobiei-si-discursului-instigator-la-ura-2021-2023\/\" title=\"Analiza Strategiei Adoptat\u0103 de Guvern Pentru Combaterea \u201cantisemitismului, xenofobiei \u0219i discursului instigator la ur\u0103 2021-2023\u201d\"><img loading=\"lazy\" decoding=\"async\" width=\"150\" height=\"150\" src=\"https:\/\/www.incorectpolitic.com\/wp-content\/uploads\/2019\/08\/Jewish-censorship-e1421273251759-2-150x150.jpg\" class=\"attachment-thumbnail size-thumbnail wp-post-image lazyload\" alt><img loading=\"lazy\" decoding=\"async\" width=\"150\" height=\"150\" src=\"https:\/\/www.incorectpolitic.com\/wp-content\/uploads\/2019\/08\/Jewish-censorship-e1421273251759-2-150x150.jpg\" class=\"attachment-thumbnail size-thumbnail wp-post-image\" alt data-eio=\"l\"><\/a><\/div>\n<div class=\"entry-title\"><a class=\"featured_post_link\" href=\"https:\/\/www.incorectpolitic.com\/analiza-strategiei-adoptata-de-guvern-pentru-combaterea-antisemitismului-xenofobiei-si-discursului-instigator-la-ura-2021-2023\/\" title=\"Analiza Strategiei Adoptat\u0103 de Guvern Pentru Combaterea \u201cantisemitismului, xenofobiei \u0219i discursului instigator la ur\u0103 2021-2023\u201d\">Analiza Strategiei Adoptat\u0103 de Guvern Pentru Combaterea \u201cantisemitismului, xenofobiei \u0219i discursului instigator la ur\u0103 2021-2023\u201d<\/a><\/div>\n<\/article>\n<article class=\"post-70829 post type-post status-publish entry includes-feat-image\">\n<div class=\"featured-image alignleft\"><a class=\"featured_post_link\" href=\"https:\/\/www.incorectpolitic.com\/pozitia-unilaterala-a-pseudo-politicienilor-din-romania-si-a-bor-in-sustinerea-israelului-singurul-stat-terorist-din-lume-arata-ca-acestia-nu-au-o-fibra-cu-adevarat-nationala\/\" title=\"Pozi\u021bia unilateral\u0103 a pseudo politicienilor din Rom\u00e2nia \u0219i a BOR \u00een sus\u021binerea Israelului, singurul stat terorist din lume, arat\u0103 c\u0103 ace\u0219tia nu au o fibr\u0103 cu adev\u0103rat na\u021bional\u0103\"><img loading=\"lazy\" decoding=\"async\" width=\"150\" height=\"89\" src=\"https:\/\/www.incorectpolitic.com\/wp-content\/uploads\/2023\/08\/circumcision.png\" class=\"attachment-thumbnail size-thumbnail wp-post-image lazyload\" alt><img loading=\"lazy\" decoding=\"async\" width=\"150\" height=\"89\" src=\"https:\/\/www.incorectpolitic.com\/wp-content\/uploads\/2023\/08\/circumcision.png\" class=\"attachment-thumbnail size-thumbnail wp-post-image\" alt data-eio=\"l\"><\/a><\/div>\n<div class=\"entry-title\"><a class=\"featured_post_link\" href=\"https:\/\/www.incorectpolitic.com\/pozitia-unilaterala-a-pseudo-politicienilor-din-romania-si-a-bor-in-sustinerea-israelului-singurul-stat-terorist-din-lume-arata-ca-acestia-nu-au-o-fibra-cu-adevarat-nationala\/\" title=\"Pozi\u021bia unilateral\u0103 a pseudo politicienilor din Rom\u00e2nia \u0219i a BOR \u00een sus\u021binerea Israelului, singurul stat terorist din lume, arat\u0103 c\u0103 ace\u0219tia nu au o fibr\u0103 cu adev\u0103rat na\u021bional\u0103\">Pozi\u021bia unilateral\u0103 a pseudo politicienilor din Rom\u00e2nia \u0219i a BOR \u00een sus\u021binerea Israelului, singurul stat terorist din lume, arat\u0103 c\u0103 ace\u0219tia nu au o fibr\u0103 cu adev\u0103rat na\u021bional\u0103<\/a><\/div>\n<\/article>\n<article class=\"post-66937 post type-post status-publish entry includes-feat-image\">\n<div class=\"featured-image alignleft\"><a class=\"featured_post_link\" href=\"https:\/\/www.incorectpolitic.com\/agresiunea-impotriva-revizionistilor-istorici-si-efectele-linsajului-judiciar-de-la-nuremberg\/\" title=\"Agresiunea \u00eempotriva Revizioni\u0219tilor Istorici \u0219i efectele lin\u0219ajului judiciar de la Nurnberg\"><img loading=\"lazy\" decoding=\"async\" width=\"150\" height=\"100\" src=\"https:\/\/www.incorectpolitic.com\/wp-content\/uploads\/2023\/04\/image_2023-04-30_134634134.png\" class=\"attachment-thumbnail size-thumbnail wp-post-image lazyload\" alt><img loading=\"lazy\" decoding=\"async\" width=\"150\" height=\"100\" src=\"https:\/\/www.incorectpolitic.com\/wp-content\/uploads\/2023\/04\/image_2023-04-30_134634134.png\" class=\"attachment-thumbnail size-thumbnail wp-post-image\" alt data-eio=\"l\"><\/a><\/div>\n<div class=\"entry-title\"><a class=\"featured_post_link\" href=\"https:\/\/www.incorectpolitic.com\/agresiunea-impotriva-revizionistilor-istorici-si-efectele-linsajului-judiciar-de-la-nuremberg\/\" title=\"Agresiunea \u00eempotriva Revizioni\u0219tilor Istorici \u0219i efectele lin\u0219ajului judiciar de la Nurnberg\">Agresiunea \u00eempotriva Revizioni\u0219tilor Istorici \u0219i efectele lin\u0219ajului judiciar de la Nurnberg<\/a><\/div>\n<\/article>\n<article class=\"post-19111 post type-post status-publish entry includes-feat-image\">\n<div class=\"featured-image alignleft\"><a class=\"featured_post_link\" href=\"https:\/\/www.incorectpolitic.com\/despre-adevar\/\" title=\"Despre Adev\u0103r\"><img loading=\"lazy\" decoding=\"async\" width=\"150\" height=\"150\" src=\"https:\/\/www.incorectpolitic.com\/wp-content\/uploads\/2019\/02\/freedomfromchain-150x150.jpg\" class=\"attachment-thumbnail size-thumbnail wp-post-image lazyload\" alt><img loading=\"lazy\" decoding=\"async\" width=\"150\" height=\"150\" src=\"https:\/\/www.incorectpolitic.com\/wp-content\/uploads\/2019\/02\/freedomfromchain-150x150.jpg\" class=\"attachment-thumbnail size-thumbnail wp-post-image\" alt data-eio=\"l\"><\/a><\/div>\n<div class=\"entry-title\"><a class=\"featured_post_link\" href=\"https:\/\/www.incorectpolitic.com\/despre-adevar\/\" title=\"Despre Adev\u0103r\">Despre Adev\u0103r<\/a><\/div>\n<\/article>\n<article class=\"post-53767 post type-post status-publish entry includes-feat-image\">\n<div class=\"featured-image alignleft\"><a class=\"featured_post_link\" href=\"https:\/\/www.incorectpolitic.com\/dictionarul-coincidentelor-cine-sunt-iudeii-care-ne-au-influentat-tara-in-istoria-recenta\/\" title=\"DIC\u021aIONARUL COINCIDEN\u021aELOR  \u2013 Cine sunt iudeii care ne-au influen\u021bat \u021bara \u00een istoria recent\u0103\"><img loading=\"lazy\" decoding=\"async\" width=\"150\" height=\"150\" src=\"https:\/\/www.incorectpolitic.com\/wp-content\/uploads\/2021\/09\/coinc-150x150.png\" class=\"attachment-thumbnail size-thumbnail wp-post-image lazyload\" alt><img loading=\"lazy\" decoding=\"async\" width=\"150\" height=\"150\" src=\"https:\/\/www.incorectpolitic.com\/wp-content\/uploads\/2021\/09\/coinc-150x150.png\" class=\"attachment-thumbnail size-thumbnail wp-post-image\" alt data-eio=\"l\"><\/a><\/div>\n<div class=\"entry-title\"><a class=\"featured_post_link\" href=\"https:\/\/www.incorectpolitic.com\/dictionarul-coincidentelor-cine-sunt-iudeii-care-ne-au-influentat-tara-in-istoria-recenta\/\" title=\"DIC\u021aIONARUL COINCIDEN\u021aELOR  \u2013 Cine sunt iudeii care ne-au influen\u021bat \u021bara \u00een istoria recent\u0103\">DIC\u021aIONARUL COINCIDEN\u021aELOR  \u2013 Cine sunt iudeii care ne-au influen\u021bat \u021bara \u00een istoria recent\u0103<\/a><\/div>\n<\/article>\n<article class=\"post-51156 post type-post status-publish entry includes-feat-image\">\n<div class=\"featured-image alignleft\"><a class=\"featured_post_link\" href=\"https:\/\/www.incorectpolitic.com\/desertaciune-nu-aparare\/\" title=\"DE\u0218ERT\u0102CIUNE?! Nu, AP\u0102RARE!\"><img loading=\"lazy\" decoding=\"async\" width=\"150\" height=\"150\" class=\"attachment-thumbnail size-thumbnail wp-post-image lazyload\" alt src=\"https:\/\/www.incorectpolitic.com\/wp-content\/uploads\/2021\/06\/desertaciune-nu-aparare-150x150.jpg\"><img loading=\"lazy\" decoding=\"async\" width=\"150\" height=\"150\" src=\"https:\/\/www.incorectpolitic.com\/wp-content\/uploads\/2021\/06\/desertaciune-nu-aparare-150x150.jpg\" class=\"attachment-thumbnail size-thumbnail wp-post-image\" alt data-eio=\"l\"><\/a><\/div>\n<div class=\"entry-title\"><a class=\"featured_post_link\" href=\"https:\/\/www.incorectpolitic.com\/desertaciune-nu-aparare\/\" title=\"DE\u0218ERT\u0102CIUNE?! Nu, AP\u0102RARE!\">DE\u0218ERT\u0102CIUNE?! Nu, AP\u0102RARE!<\/a><\/div>\n<\/article>\n<article class=\"post-44728 post type-post status-publish entry includes-feat-image\">\n<div class=\"featured-image alignleft\"><a class=\"featured_post_link\" href=\"https:\/\/www.incorectpolitic.com\/resetarea-medicinei-sau-resetarea-omenirii-prin-nanotehnologie\/\" title=\"Resetarea Medicinei sau Resetarea Omenirii prin Nanotehnologie\"><img loading=\"lazy\" decoding=\"async\" width=\"150\" height=\"150\" src=\"https:\/\/www.incorectpolitic.com\/wp-content\/uploads\/2020\/12\/ed8a914d6d236c9d231903a8b2e79f63-150x150.gif\" class=\"attachment-thumbnail size-thumbnail wp-post-image lazyload\" alt><img loading=\"lazy\" decoding=\"async\" width=\"150\" height=\"150\" src=\"https:\/\/www.incorectpolitic.com\/wp-content\/uploads\/2020\/12\/ed8a914d6d236c9d231903a8b2e79f63-150x150.gif\" class=\"attachment-thumbnail size-thumbnail wp-post-image\" alt data-eio=\"l\"><\/a><\/div>\n<div class=\"entry-title\"><a class=\"featured_post_link\" href=\"https:\/\/www.incorectpolitic.com\/resetarea-medicinei-sau-resetarea-omenirii-prin-nanotehnologie\/\" title=\"Resetarea Medicinei sau Resetarea Omenirii prin Nanotehnologie\">Resetarea Medicinei sau Resetarea Omenirii prin Nanotehnologie<\/a><\/div>\n<\/article>\n<article class=\"post-43837 post type-post status-publish entry includes-feat-image\">\n<div class=\"featured-image alignleft\"><a class=\"featured_post_link\" href=\"https:\/\/www.incorectpolitic.com\/noul-legamant\/\" title=\"Noul Leg\u0103m\u00e2nt\"><img loading=\"lazy\" decoding=\"async\" width=\"150\" height=\"150\" src=\"https:\/\/www.incorectpolitic.com\/wp-content\/uploads\/2020\/12\/NL-150x150.jpg\" class=\"attachment-thumbnail size-thumbnail wp-post-image lazyload\" alt><img loading=\"lazy\" decoding=\"async\" width=\"150\" height=\"150\" src=\"https:\/\/www.incorectpolitic.com\/wp-content\/uploads\/2020\/12\/NL-150x150.jpg\" class=\"attachment-thumbnail size-thumbnail wp-post-image\" alt data-eio=\"l\"><\/a><\/div>\n<div class=\"entry-title\"><a class=\"featured_post_link\" href=\"https:\/\/www.incorectpolitic.com\/noul-legamant\/\" title=\"Noul Leg\u0103m\u00e2nt\">Noul Leg\u0103m\u00e2nt<\/a><\/div>\n<\/article>\n<article class=\"post-42525 post type-post status-publish entry includes-feat-image\">\n<div class=\"featured-image alignleft\"><a class=\"featured_post_link\" href=\"https:\/\/www.incorectpolitic.com\/vaccinarea-inseamna-crima-un-atentat-la-sanatatea-personala-la-integritatea-corporala-si-intimitatea-oricarui-om-liber-medicul-ce-vaccineaza-cu-forta-un-om-liber-merita-sa-fie-pedepsit-de-acesta\/\" title=\"Vaccinarea \u00eenseamn\u0103 crim\u0103, un atentat la s\u0103n\u0103tatea personal\u0103, la integritatea corporal\u0103 \u0219i intimitatea oric\u0103rui om liber. Medicul ce vaccineaz\u0103 cu for\u021ba un om liber merit\u0103 s\u0103 fie pedepsit de acesta\"><img loading=\"lazy\" decoding=\"async\" width=\"150\" height=\"150\" src=\"https:\/\/www.incorectpolitic.com\/wp-content\/uploads\/2020\/11\/syringe_0-150x150.jpg\" class=\"attachment-thumbnail size-thumbnail wp-post-image lazyload\" alt><img loading=\"lazy\" decoding=\"async\" width=\"150\" height=\"150\" src=\"https:\/\/www.incorectpolitic.com\/wp-content\/uploads\/2020\/11\/syringe_0-150x150.jpg\" class=\"attachment-thumbnail size-thumbnail wp-post-image\" alt data-eio=\"l\"><\/a><\/div>\n<div class=\"entry-title\"><a class=\"featured_post_link\" href=\"https:\/\/www.incorectpolitic.com\/vaccinarea-inseamna-crima-un-atentat-la-sanatatea-personala-la-integritatea-corporala-si-intimitatea-oricarui-om-liber-medicul-ce-vaccineaza-cu-forta-un-om-liber-merita-sa-fie-pedepsit-de-acesta\/\" title=\"Vaccinarea \u00eenseamn\u0103 crim\u0103, un atentat la s\u0103n\u0103tatea personal\u0103, la integritatea corporal\u0103 \u0219i intimitatea oric\u0103rui om liber. Medicul ce vaccineaz\u0103 cu for\u021ba un om liber merit\u0103 s\u0103 fie pedepsit de acesta\">Vaccinarea \u00eenseamn\u0103 crim\u0103, un atentat la s\u0103n\u0103tatea personal\u0103, la integritatea corporal\u0103 \u0219i intimitatea oric\u0103rui om liber. Medicul ce vaccineaz\u0103 cu for\u021ba un om liber merit\u0103 s\u0103 fie pedepsit de acesta<\/a><\/div>\n<\/article>\n<article class=\"post-38338 post type-post status-publish entry includes-feat-image\">\n<div class=\"featured-image alignleft\"><a class=\"featured_post_link\" href=\"https:\/\/www.incorectpolitic.com\/trebuie-sa-distrugem-suprematia-jidoveasca\/\" title=\"Trebuie s\u0103 distrugem superma\u021bia jidoveasc\u0103!\"><img loading=\"lazy\" decoding=\"async\" width=\"150\" height=\"150\" src=\"https:\/\/www.incorectpolitic.com\/wp-content\/uploads\/2018\/11\/GunoiOPS-150x150.png\" class=\"attachment-thumbnail size-thumbnail wp-post-image lazyload\" alt><img loading=\"lazy\" decoding=\"async\" width=\"150\" height=\"150\" src=\"https:\/\/www.incorectpolitic.com\/wp-content\/uploads\/2018\/11\/GunoiOPS-150x150.png\" class=\"attachment-thumbnail size-thumbnail wp-post-image\" alt data-eio=\"l\"><\/a><\/div>\n<div class=\"entry-title\"><a class=\"featured_post_link\" href=\"https:\/\/www.incorectpolitic.com\/trebuie-sa-distrugem-suprematia-jidoveasca\/\" title=\"Trebuie s\u0103 distrugem superma\u021bia jidoveasc\u0103!\">Trebuie s\u0103 distrugem superma\u021bia jidoveasc\u0103!<\/a><\/div>\n<\/article>\n<article class=\"post-30776 post type-post status-publish entry includes-feat-image\">\n<div class=\"featured-image alignleft\"><a class=\"featured_post_link\" href=\"https:\/\/www.incorectpolitic.com\/da-ti-doua-palme-si-ridica-te\/\" title=\"D\u0103-\u021bi Dou\u0103 Palme \u0219i Ridic\u0103-te\"><img loading=\"lazy\" decoding=\"async\" width=\"150\" height=\"150\" src=\"https:\/\/www.incorectpolitic.com\/wp-content\/uploads\/2019\/11\/1-mai-620x350-150x150.jpg\" class=\"attachment-thumbnail size-thumbnail wp-post-image lazyload\" alt><img loading=\"lazy\" decoding=\"async\" width=\"150\" height=\"150\" src=\"https:\/\/www.incorectpolitic.com\/wp-content\/uploads\/2019\/11\/1-mai-620x350-150x150.jpg\" class=\"attachment-thumbnail size-thumbnail wp-post-image\" alt data-eio=\"l\"><\/a><\/div>\n<div class=\"entry-title\"><a class=\"featured_post_link\" href=\"https:\/\/www.incorectpolitic.com\/da-ti-doua-palme-si-ridica-te\/\" title=\"D\u0103-\u021bi Dou\u0103 Palme \u0219i Ridic\u0103-te\">D\u0103-\u021bi Dou\u0103 Palme \u0219i Ridic\u0103-te<\/a><\/div>\n<\/article>\n<article class=\"post-27862 post type-post status-publish entry includes-feat-image\">\n<div class=\"featured-image alignleft\"><a class=\"featured_post_link\" href=\"https:\/\/www.incorectpolitic.com\/scrisoare-deschisa-catre-neamul-romanesc\/\" title=\"Scrisoare Deschis\u0103 C\u0103tre Neamul Rom\u00e2nesc\"><img loading=\"lazy\" decoding=\"async\" width=\"150\" height=\"150\" src=\"https:\/\/www.incorectpolitic.com\/wp-content\/uploads\/2019\/09\/videoblocks-male-hand-reload-a-revolver-magnum-gun-without-bullets-magnum-revolver-and-empty-bullet-magnum-lead-round-nose-45-auto-rim-revolver-rounds_ha1focujz_thumbnail-full01-150x150.jpg\" class=\"attachment-thumbnail size-thumbnail wp-post-image lazyload\" alt><img loading=\"lazy\" decoding=\"async\" width=\"150\" height=\"150\" src=\"https:\/\/www.incorectpolitic.com\/wp-content\/uploads\/2019\/09\/videoblocks-male-hand-reload-a-revolver-magnum-gun-without-bullets-magnum-revolver-and-empty-bullet-magnum-lead-round-nose-45-auto-rim-revolver-rounds_ha1focujz_thumbnail-full01-150x150.jpg\" class=\"attachment-thumbnail size-thumbnail wp-post-image\" alt data-eio=\"l\"><\/a><\/div>\n<div class=\"entry-title\"><a class=\"featured_post_link\" href=\"https:\/\/www.incorectpolitic.com\/scrisoare-deschisa-catre-neamul-romanesc\/\" title=\"Scrisoare Deschis\u0103 C\u0103tre Neamul Rom\u00e2nesc\">Scrisoare Deschis\u0103 C\u0103tre Neamul Rom\u00e2nesc<\/a><\/div>\n<\/article>\n<article class=\"post-26255 post type-post status-publish entry includes-feat-image\">\n<div class=\"featured-image alignleft\"><a class=\"featured_post_link\" href=\"https:\/\/www.incorectpolitic.com\/sociologia-eliberarii-si-curentele-laterale-de-sedimentare-revolutionara\/\" title=\"Sociologia Eliber\u0103rii \u0219i Curentele Laterale de Sedimentare Revolu\u021bionar\u0103\"><img loading=\"lazy\" decoding=\"async\" width=\"150\" height=\"150\" src=\"https:\/\/www.incorectpolitic.com\/wp-content\/uploads\/2020\/12\/nm3-150x150.png\" class=\"attachment-thumbnail size-thumbnail wp-post-image lazyload\" alt><img loading=\"lazy\" decoding=\"async\" width=\"150\" height=\"150\" src=\"https:\/\/www.incorectpolitic.com\/wp-content\/uploads\/2020\/12\/nm3-150x150.png\" class=\"attachment-thumbnail size-thumbnail wp-post-image\" alt data-eio=\"l\"><\/a><\/div>\n<div class=\"entry-title\"><a class=\"featured_post_link\" href=\"https:\/\/www.incorectpolitic.com\/sociologia-eliberarii-si-curentele-laterale-de-sedimentare-revolutionara\/\" title=\"Sociologia Eliber\u0103rii \u0219i Curentele Laterale de Sedimentare Revolu\u021bionar\u0103\">Sociologia Eliber\u0103rii \u0219i Curentele Laterale de Sedimentare Revolu\u021bionar\u0103<\/a><\/div>\n<\/article>\n<article class=\"post-21977 post type-post status-publish entry includes-feat-image\">\n<div class=\"featured-image alignleft\"><a class=\"featured_post_link\" href=\"https:\/\/www.incorectpolitic.com\/impotriva-fatalismului\/\" title=\"\u00cempotriva Fatalismului\"><img loading=\"lazy\" decoding=\"async\" width=\"150\" height=\"150\" src=\"https:\/\/www.incorectpolitic.com\/wp-content\/uploads\/2019\/04\/thumb-150x150.jpg\" class=\"attachment-thumbnail size-thumbnail wp-post-image lazyload\" alt><img loading=\"lazy\" decoding=\"async\" width=\"150\" height=\"150\" src=\"https:\/\/www.incorectpolitic.com\/wp-content\/uploads\/2019\/04\/thumb-150x150.jpg\" class=\"attachment-thumbnail size-thumbnail wp-post-image\" alt data-eio=\"l\"><\/a><\/div>\n<div class=\"entry-title\"><a class=\"featured_post_link\" href=\"https:\/\/www.incorectpolitic.com\/impotriva-fatalismului\/\" title=\"\u00cempotriva Fatalismului\">\u00cempotriva Fatalismului<\/a><\/div>\n<\/article>\n<article class=\"post-20844 post type-post status-publish entry includes-feat-image\">\n<div class=\"featured-image alignleft\"><a class=\"featured_post_link\" href=\"https:\/\/www.incorectpolitic.com\/inceputul-etapei-post-globaliste-mass-media-ultimul-obstacol\/\" title=\"\u00cenceputul Etapei Post-Globaliste \u2013  Mass Media Ultimul Obstacol\"><img loading=\"lazy\" decoding=\"async\" width=\"150\" height=\"150\" src=\"https:\/\/www.incorectpolitic.com\/wp-content\/uploads\/2019\/03\/https___cdn.cnn_.com_cnnnext_dam_assets_181202123002-yellow-vest-protest-150x150.jpg\" class=\"attachment-thumbnail size-thumbnail wp-post-image lazyload\" alt><img loading=\"lazy\" decoding=\"async\" width=\"150\" height=\"150\" src=\"https:\/\/www.incorectpolitic.com\/wp-content\/uploads\/2019\/03\/https___cdn.cnn_.com_cnnnext_dam_assets_181202123002-yellow-vest-protest-150x150.jpg\" class=\"attachment-thumbnail size-thumbnail wp-post-image\" alt data-eio=\"l\"><\/a><\/div>\n<div class=\"entry-title\"><a class=\"featured_post_link\" href=\"https:\/\/www.incorectpolitic.com\/inceputul-etapei-post-globaliste-mass-media-ultimul-obstacol\/\" title=\"\u00cenceputul Etapei Post-Globaliste \u2013  Mass Media Ultimul Obstacol\">\u00cenceputul Etapei Post-Globaliste \u2013  Mass Media Ultimul Obstacol<\/a><\/div>\n<\/article>\n<article class=\"post-19704 post type-post status-publish entry includes-feat-image\">\n<div class=\"featured-image alignleft\"><a class=\"featured_post_link\" href=\"https:\/\/www.incorectpolitic.com\/mlastina-mass-media-serial-complet\/\" title=\"Mla\u0219tina Mass Media  \u2013 Serial Complet\"><img loading=\"lazy\" decoding=\"async\" width=\"150\" height=\"150\" src=\"https:\/\/www.incorectpolitic.com\/wp-content\/uploads\/2018\/06\/colaj-modificat-1-768x278-150x150.jpg\" class=\"attachment-thumbnail size-thumbnail wp-post-image lazyload\" alt><img loading=\"lazy\" decoding=\"async\" width=\"150\" height=\"150\" src=\"https:\/\/www.incorectpolitic.com\/wp-content\/uploads\/2018\/06\/colaj-modificat-1-768x278-150x150.jpg\" class=\"attachment-thumbnail size-thumbnail wp-post-image\" alt data-eio=\"l\"><\/a><\/div>\n<div class=\"entry-title\"><a class=\"featured_post_link\" href=\"https:\/\/www.incorectpolitic.com\/mlastina-mass-media-serial-complet\/\" title=\"Mla\u0219tina Mass Media  \u2013 Serial Complet\">Mla\u0219tina Mass Media  \u2013 Serial Complet<\/a><\/div>\n<\/article>\n<article class=\"post-5104 post type-post status-publish entry includes-feat-image\">\n<div class=\"featured-image alignleft\"><a class=\"featured_post_link\" href=\"https:\/\/www.incorectpolitic.com\/momentul-1937\/\" title=\"Momentul 1937\"><img loading=\"lazy\" decoding=\"async\" width=\"150\" height=\"150\" src=\"https:\/\/www.incorectpolitic.com\/wp-content\/uploads\/2018\/03\/capitanul-codreanu2003a-150x150.jpg\" class=\"attachment-thumbnail size-thumbnail wp-post-image lazyload\" alt><img loading=\"lazy\" decoding=\"async\" width=\"150\" height=\"150\" src=\"https:\/\/www.incorectpolitic.com\/wp-content\/uploads\/2018\/03\/capitanul-codreanu2003a-150x150.jpg\" class=\"attachment-thumbnail size-thumbnail wp-post-image\" alt data-eio=\"l\"><\/a><\/div>\n<div class=\"entry-title\"><a class=\"featured_post_link\" href=\"https:\/\/www.incorectpolitic.com\/momentul-1937\/\" title=\"Momentul 1937\">Momentul 1937<\/a><\/div>\n<\/article>\n<article class=\"post-16914 post type-post status-publish entry includes-feat-image\">\n<div class=\"featured-image alignleft\"><a class=\"featured_post_link\" href=\"https:\/\/www.incorectpolitic.com\/portretul-romanului-iudeo-crestin\/\" title=\"Portretul Rom\u00e2nului Iudeo-Cre\u0219tin Iubitor de Infanticid\"><img loading=\"lazy\" decoding=\"async\" width=\"150\" height=\"150\" src=\"https:\/\/www.incorectpolitic.com\/wp-content\/uploads\/2019\/01\/venn-150x150.jpg\" class=\"attachment-thumbnail size-thumbnail wp-post-image lazyload\" alt><img loading=\"lazy\" decoding=\"async\" width=\"150\" height=\"150\" src=\"https:\/\/www.incorectpolitic.com\/wp-content\/uploads\/2019\/01\/venn-150x150.jpg\" class=\"attachment-thumbnail size-thumbnail wp-post-image\" alt data-eio=\"l\"><\/a><\/div>\n<div class=\"entry-title\"><a class=\"featured_post_link\" href=\"https:\/\/www.incorectpolitic.com\/portretul-romanului-iudeo-crestin\/\" title=\"Portretul Rom\u00e2nului Iudeo-Cre\u0219tin Iubitor de Infanticid\">Portretul Rom\u00e2nului Iudeo-Cre\u0219tin Iubitor de Infanticid<\/a><\/div>\n<\/article>\n<article class=\"post-13899 post type-post status-publish entry includes-feat-image\">\n<div class=\"featured-image alignleft\"><a class=\"featured_post_link\" href=\"https:\/\/www.incorectpolitic.com\/manifest-impotriva-national-sionismului\/\" title=\"Manifest \u00cempotriva Na\u021bional-Sionismului din Rom\u00e2nia\"><img loading=\"lazy\" decoding=\"async\" width=\"150\" height=\"150\" src=\"https:\/\/www.incorectpolitic.com\/wp-content\/uploads\/2018\/10\/z1-150x150.png\" class=\"attachment-thumbnail size-thumbnail wp-post-image lazyload\" alt><img loading=\"lazy\" decoding=\"async\" width=\"150\" height=\"150\" src=\"https:\/\/www.incorectpolitic.com\/wp-content\/uploads\/2018\/10\/z1-150x150.png\" class=\"attachment-thumbnail size-thumbnail wp-post-image\" alt data-eio=\"l\"><\/a><\/div>\n<div class=\"entry-title\"><a class=\"featured_post_link\" href=\"https:\/\/www.incorectpolitic.com\/manifest-impotriva-national-sionismului\/\" title=\"Manifest \u00cempotriva Na\u021bional-Sionismului din Rom\u00e2nia\">Manifest \u00cempotriva Na\u021bional-Sionismului din Rom\u00e2nia<\/a><\/div>\n<\/article>\n<article class=\"post-7498 post type-post status-publish entry includes-feat-image\">\n<div class=\"featured-image alignleft\"><a class=\"featured_post_link\" href=\"https:\/\/www.incorectpolitic.com\/istorie-zydokomuna-cea-mai-completa-lista-a-nomenclaturii-iudeo-bolsevice-din-romania\/\" title=\"Istorie: \u017bYDOKOMUNA, Cea Mai Complet\u0103 List\u0103 a Nomenclaturii Iudeo-Bol\u0219evice din Rom\u00e2nia\"><img loading=\"lazy\" decoding=\"async\" width=\"150\" height=\"150\" src=\"https:\/\/www.incorectpolitic.com\/wp-content\/uploads\/2018\/06\/holocaustul-rosu-150x150.jpg\" class=\"attachment-thumbnail size-thumbnail wp-post-image lazyload\" alt><img loading=\"lazy\" decoding=\"async\" width=\"150\" height=\"150\" src=\"https:\/\/www.incorectpolitic.com\/wp-content\/uploads\/2018\/06\/holocaustul-rosu-150x150.jpg\" class=\"attachment-thumbnail size-thumbnail wp-post-image\" alt data-eio=\"l\"><\/a><\/div>\n<div class=\"entry-title\"><a class=\"featured_post_link\" href=\"https:\/\/www.incorectpolitic.com\/istorie-zydokomuna-cea-mai-completa-lista-a-nomenclaturii-iudeo-bolsevice-din-romania\/\" title=\"Istorie: \u017bYDOKOMUNA, Cea Mai Complet\u0103 List\u0103 a Nomenclaturii Iudeo-Bol\u0219evice din Rom\u00e2nia\">Istorie: \u017bYDOKOMUNA, Cea Mai Complet\u0103 List\u0103 a Nomenclaturii Iudeo-Bol\u0219evice din Rom\u00e2nia<\/a><\/div>\n<\/article>\n<article class=\"post-6413 post type-post status-publish entry includes-feat-image\">\n<div class=\"featured-image alignleft\"><a class=\"featured_post_link\" href=\"https:\/\/www.incorectpolitic.com\/iudaismul-este-un-proiect-politic\/\" title=\"Iudaismul Este Un Proiect Politic\"><img loading=\"lazy\" decoding=\"async\" width=\"150\" height=\"150\" src=\"https:\/\/www.incorectpolitic.com\/wp-content\/uploads\/2018\/05\/israelzionismjudaism5-150x150.jpeg\" class=\"attachment-thumbnail size-thumbnail wp-post-image lazyload\" alt><img loading=\"lazy\" decoding=\"async\" width=\"150\" height=\"150\" src=\"https:\/\/www.incorectpolitic.com\/wp-content\/uploads\/2018\/05\/israelzionismjudaism5-150x150.jpeg\" class=\"attachment-thumbnail size-thumbnail wp-post-image\" alt data-eio=\"l\"><\/a><\/div>\n<div class=\"entry-title\"><a class=\"featured_post_link\" href=\"https:\/\/www.incorectpolitic.com\/iudaismul-este-un-proiect-politic\/\" title=\"Iudaismul Este Un Proiect Politic\">Iudaismul Este Un Proiect Politic<\/a><\/div>\n<\/article>\n<article class=\"post-5089 post type-post status-publish entry includes-feat-image\">\n<div class=\"featured-image alignleft\"><a class=\"featured_post_link\" href=\"https:\/\/www.incorectpolitic.com\/exploziv-si-excluziv-interviul-interzis-in-presa-romaneasca\/\" title=\"EXPLOZIV \u0218I EXCLUSIV: Interviul INTERZIS \u00een Presa Rom\u00e2neasc\u0103\"><img loading=\"lazy\" decoding=\"async\" width=\"150\" height=\"150\" src=\"https:\/\/www.incorectpolitic.com\/wp-content\/uploads\/2018\/03\/gscz6z-150x150.gif\" class=\"attachment-thumbnail size-thumbnail wp-post-image lazyload\" alt><img loading=\"lazy\" decoding=\"async\" width=\"150\" height=\"150\" src=\"https:\/\/www.incorectpolitic.com\/wp-content\/uploads\/2018\/03\/gscz6z-150x150.gif\" class=\"attachment-thumbnail size-thumbnail wp-post-image\" alt data-eio=\"l\"><\/a><\/div>\n<div class=\"entry-title\"><a class=\"featured_post_link\" href=\"https:\/\/www.incorectpolitic.com\/exploziv-si-excluziv-interviul-interzis-in-presa-romaneasca\/\" title=\"EXPLOZIV \u0218I EXCLUSIV: Interviul INTERZIS \u00een Presa Rom\u00e2neasc\u0103\">EXPLOZIV \u0218I EXCLUSIV: Interviul INTERZIS \u00een Presa Rom\u00e2neasc\u0103<\/a><\/div>\n<\/article>\n<article class=\"post-1109 post type-post status-publish entry includes-feat-image\">\n<div class=\"featured-image alignleft\"><a class=\"featured_post_link\" href=\"https:\/\/www.incorectpolitic.com\/ofensiva-spirituala-poloniei\/\" title=\"Ofensiva Spiritual\u0103 a Poloniei\"><img loading=\"lazy\" decoding=\"async\" width=\"150\" height=\"150\" src=\"https:\/\/www.incorectpolitic.com\/wp-content\/uploads\/2017\/10\/jesus-with-whip3-150x150.jpg\" class=\"attachment-thumbnail size-thumbnail wp-post-image lazyload\" alt><img loading=\"lazy\" decoding=\"async\" width=\"150\" height=\"150\" src=\"https:\/\/www.incorectpolitic.com\/wp-content\/uploads\/2017\/10\/jesus-with-whip3-150x150.jpg\" class=\"attachment-thumbnail size-thumbnail wp-post-image\" alt data-eio=\"l\"><\/a><\/div>\n<div class=\"entry-title\"><a class=\"featured_post_link\" href=\"https:\/\/www.incorectpolitic.com\/ofensiva-spirituala-poloniei\/\" title=\"Ofensiva Spiritual\u0103 a Poloniei\">Ofensiva Spiritual\u0103 a Poloniei<\/a><\/div>\n<\/article>\n<article class=\"post-5673 post type-post status-publish entry includes-feat-image\">\n<div class=\"featured-image alignleft\"><a class=\"featured_post_link\" href=\"https:\/\/www.incorectpolitic.com\/biciul-prigonirii-romanilor-este-in-mana-jidanilor\/\" title=\"Biciul Prigonirii Rom\u00e2nilor Este \u00een M\u00e2na Jidanilor!\"><img loading=\"lazy\" decoding=\"async\" width=\"150\" height=\"150\" src=\"https:\/\/www.incorectpolitic.com\/wp-content\/uploads\/2018\/04\/S.-Vexler-si-B.-Netanyahu-150x150.jpg\" class=\"attachment-thumbnail size-thumbnail wp-post-image lazyload\" alt><img loading=\"lazy\" decoding=\"async\" width=\"150\" height=\"150\" src=\"https:\/\/www.incorectpolitic.com\/wp-content\/uploads\/2018\/04\/S.-Vexler-si-B.-Netanyahu-150x150.jpg\" class=\"attachment-thumbnail size-thumbnail wp-post-image\" alt data-eio=\"l\"><\/a><\/div>\n<div class=\"entry-title\"><a class=\"featured_post_link\" href=\"https:\/\/www.incorectpolitic.com\/biciul-prigonirii-romanilor-este-in-mana-jidanilor\/\" title=\"Biciul Prigonirii Rom\u00e2nilor Este \u00een M\u00e2na Jidanilor!\">Biciul Prigonirii Rom\u00e2nilor Este \u00een M\u00e2na Jidanilor!<\/a><\/div>\n<\/article>\n<article class=\"post-80464 post type-post status-publish entry includes-feat-image\">\n<div class=\"featured-image alignleft\"><a class=\"featured_post_link\" href=\"https:\/\/www.incorectpolitic.com\/talmudismul-este-esenta-satanismului\/\" title=\"TALMUDISMUL ESTE ESEN\u021aA SATANISMULUI\"><img loading=\"lazy\" decoding=\"async\" width=\"150\" height=\"150\" src=\"https:\/\/www.incorectpolitic.com\/wp-content\/uploads\/2020\/02\/vasile-zarnescu-150x150.png\" class=\"attachment-thumbnail size-thumbnail wp-post-image lazyload\" alt><img loading=\"lazy\" decoding=\"async\" width=\"150\" height=\"150\" src=\"https:\/\/www.incorectpolitic.com\/wp-content\/uploads\/2020\/02\/vasile-zarnescu-150x150.png\" class=\"attachment-thumbnail size-thumbnail wp-post-image\" alt data-eio=\"l\"><\/a><\/div>\n<div class=\"entry-title\"><a class=\"featured_post_link\" href=\"https:\/\/www.incorectpolitic.com\/talmudismul-este-esenta-satanismului\/\" title=\"TALMUDISMUL ESTE ESEN\u021aA SATANISMULUI\">TALMUDISMUL ESTE ESEN\u021aA SATANISMULUI<\/a><\/div>\n<\/article>\n<article class=\"post-20005 post type-post status-publish entry includes-feat-image\">\n<div class=\"featured-image alignleft\"><a class=\"featured_post_link\" href=\"https:\/\/www.incorectpolitic.com\/viciul-matematic-elementar-v-m-e-2\/\" title=\"Viciul Matematic Elementar (V.M.E.)\"><img loading=\"lazy\" decoding=\"async\" width=\"150\" height=\"150\" src=\"https:\/\/www.incorectpolitic.com\/wp-content\/uploads\/2017\/12\/tell-lie-vision-150x150.jpg\" class=\"attachment-thumbnail size-thumbnail wp-post-image lazyload\" alt><img loading=\"lazy\" decoding=\"async\" width=\"150\" height=\"150\" src=\"https:\/\/www.incorectpolitic.com\/wp-content\/uploads\/2017\/12\/tell-lie-vision-150x150.jpg\" class=\"attachment-thumbnail size-thumbnail wp-post-image\" alt data-eio=\"l\"><\/a><\/div>\n<div class=\"entry-title\"><a class=\"featured_post_link\" href=\"https:\/\/www.incorectpolitic.com\/viciul-matematic-elementar-v-m-e-2\/\" title=\"Viciul Matematic Elementar (V.M.E.)\">Viciul Matematic Elementar (V.M.E.)<\/a><\/div>\n<\/article>\n<p>[analyse_source url=&#8221;https:\/\/www.incorectpolitic.com\/victorie-in-justitie-inginerul-nationalist-alexandru-balcu-a-castigat-apelul-se-renunta-la-condamnarea-la-inchisoare\/&#8221;]<\/p>\n","protected":false},"excerpt":{"rendered":"<p>[analyse_image type=&#8221;featured&#8221; src=&#8221;https:\/\/www.incorectpolitic.com\/wp-content\/uploads\/2026\/08\/balcu-caveler-cruciat.jpeg&#8221;] Sterie Ciumetti Incorect Politic August 11, 2026 VICTORIE \u00een justi\u021bie! Inginerul na\u021bionalist Alexandru Balcu a c\u00e2\u0219tigat apelul! Se renun\u021b\u0103 la condamnarea la \u00eenchisoare! Inginerul Alexandru Balcu, na\u021bionalist din Noua Dreapt\u0103, a fost trimis \u00een judecat\u0103 pentru marea crim\u0103 de a fi lipit trei ab\u021bibilduri pe o sinagog\u0103 din Bucure\u0219ti. Cum sinagoga este [&hellip;]<\/p>\n","protected":false},"author":1,"featured_media":0,"comment_status":"open","ping_status":"","sticky":false,"template":"","format":"standard","meta":{"footnotes":""},"categories":[89],"tags":[226,95],"class_list":["post-2093298","post","type-post","status-publish","format-standard","hentry","category-romania","tag-crawlmanager","tag-incorectpolitic-com"],"_links":{"self":[{"href":"https:\/\/analyse.optim.biz\/index.php?rest_route=\/wp\/v2\/posts\/2093298","targetHints":{"allow":["GET"]}}],"collection":[{"href":"https:\/\/analyse.optim.biz\/index.php?rest_route=\/wp\/v2\/posts"}],"about":[{"href":"https:\/\/analyse.optim.biz\/index.php?rest_route=\/wp\/v2\/types\/post"}],"author":[{"embeddable":true,"href":"https:\/\/analyse.optim.biz\/index.php?rest_route=\/wp\/v2\/users\/1"}],"replies":[{"embeddable":true,"href":"https:\/\/analyse.optim.biz\/index.php?rest_route=%2Fwp%2Fv2%2Fcomments&post=2093298"}],"version-history":[{"count":0,"href":"https:\/\/analyse.optim.biz\/index.php?rest_route=\/wp\/v2\/posts\/2093298\/revisions"}],"wp:attachment":[{"href":"https:\/\/analyse.optim.biz\/index.php?rest_route=%2Fwp%2Fv2%2Fmedia&parent=2093298"}],"wp:term":[{"taxonomy":"category","embeddable":true,"href":"https:\/\/analyse.optim.biz\/index.php?rest_route=%2Fwp%2Fv2%2Fcategories&post=2093298"},{"taxonomy":"post_tag","embeddable":true,"href":"https:\/\/analyse.optim.biz\/index.php?rest_route=%2Fwp%2Fv2%2Ftags&post=2093298"}],"curies":[{"name":"wp","href":"https:\/\/api.w.org\/{rel}","templated":true}]}}