{"id":2093286,"date":"2026-08-14T11:43:26","date_gmt":"2026-08-14T08:43:26","guid":{"rendered":"https:\/\/analyse.optim.biz\/?p=2093286"},"modified":"2026-08-14T11:43:26","modified_gmt":"2026-08-14T08:43:26","slug":"news-alert-intrarea-in-ramnicu-sarat-dinspre-autostrada-a7-este-blocata","status":"publish","type":"post","link":"https:\/\/analyse.optim.biz\/?p=2093286","title":{"rendered":"NEWS ALERT \u2013 Intrarea \u00een R\u00e2mnicu S\u0103rat dinspre Autostrada A7 este blocat\u0103"},"content":{"rendered":"<p>[analyse_image type=&#8221;featured&#8221; src=&#8221;https:\/\/blitz24.ro\/wp-content\/uploads\/2026\/08\/tir-cartier-sirbi-ramnicu-sarat.jpg&#8221;]<\/p>\n<div class=\"cm-entry-summary\">\n<p><strong>Accesul \u00een municipiul R\u00e2mnicu S\u0103rat de pe DN22, dinspre Autostrada A7, prin cartierul S\u00eerbi este blocat\u0103 la aceast\u0103 or\u0103 dup\u0103 ce un TIR, \u00eenmatriculat \u00een Vrancea, a lovit limita de \u00een\u0103l\u021bime montat\u0103 \u00eenaintea podului feroviar.<\/strong><\/p>\n<p>Traficul rutier este complet blocat la aceat\u0103 or\u0103 , iar poli\u021bi\u0219tii efectueaz\u0103 cercet\u0103ri la fa\u021ba locului.<\/p>\n<p>Conform informa\u021biilor de la fa\u021ba locului, TIR-ul nu ar fi avut voie s\u0103 circule prin acea zon\u0103.<\/p>\n<p>CITE\u0218TE \u0218I <a href=\"https:\/\/blitz24.ro\/stiri-judetene\/actualitate-stiri-judetene\/uat-ghergheasa-repara-drumurile-aflate-in-administrare\/\">UAT Ghergheasa repar\u0103 drumurile aflate \u00een administrare<\/a><\/p>\n<p>\u00cen aceste condi\u021bii, limita de \u00een\u0103l\u021bime a fost dobor\u00e2t\u0103 de TIR.<\/p>\n<p><img decoding=\"async\" src=\"https:\/\/blitz24.ro\/wp-content\/uploads\/2026\/08\/tir-cartier-sirbi-rm-sarat-300x225.jpg\" loading=\"lazy\" class=\"alignnone  wp-image-26385\" alt width=\"687\" height=\"515\"><\/p>\n<\/div>\n<p>[analyse_source url=&#8221;https:\/\/blitz24.ro\/stiri-locale\/actualitate\/news-alert-intrarea-in-ramnicu-sarat-dinspre-autostrada-a7-este-blocata\/&#8221;]<\/p>\n","protected":false},"excerpt":{"rendered":"<p>[analyse_image type=&#8221;featured&#8221; src=&#8221;https:\/\/blitz24.ro\/wp-content\/uploads\/2026\/08\/tir-cartier-sirbi-ramnicu-sarat.jpg&#8221;] Accesul \u00een municipiul R\u00e2mnicu S\u0103rat de pe DN22, dinspre Autostrada A7, prin cartierul S\u00eerbi este blocat\u0103 la aceast\u0103 or\u0103 dup\u0103 ce un TIR, \u00eenmatriculat \u00een Vrancea, a lovit limita de \u00een\u0103l\u021bime montat\u0103 \u00eenaintea podului feroviar. Traficul rutier este complet blocat la aceat\u0103 or\u0103 , iar poli\u021bi\u0219tii efectueaz\u0103 cercet\u0103ri la fa\u021ba locului. Conform [&hellip;]<\/p>\n","protected":false},"author":1,"featured_media":0,"comment_status":"open","ping_status":"","sticky":false,"template":"","format":"standard","meta":{"footnotes":""},"categories":[2],"tags":[42,226],"class_list":["post-2093286","post","type-post","status-publish","format-standard","hentry","category-politics","tag-blitz24-ro","tag-crawlmanager"],"_links":{"self":[{"href":"https:\/\/analyse.optim.biz\/index.php?rest_route=\/wp\/v2\/posts\/2093286","targetHints":{"allow":["GET"]}}],"collection":[{"href":"https:\/\/analyse.optim.biz\/index.php?rest_route=\/wp\/v2\/posts"}],"about":[{"href":"https:\/\/analyse.optim.biz\/index.php?rest_route=\/wp\/v2\/types\/post"}],"author":[{"embeddable":true,"href":"https:\/\/analyse.optim.biz\/index.php?rest_route=\/wp\/v2\/users\/1"}],"replies":[{"embeddable":true,"href":"https:\/\/analyse.optim.biz\/index.php?rest_route=%2Fwp%2Fv2%2Fcomments&post=2093286"}],"version-history":[{"count":0,"href":"https:\/\/analyse.optim.biz\/index.php?rest_route=\/wp\/v2\/posts\/2093286\/revisions"}],"wp:attachment":[{"href":"https:\/\/analyse.optim.biz\/index.php?rest_route=%2Fwp%2Fv2%2Fmedia&parent=2093286"}],"wp:term":[{"taxonomy":"category","embeddable":true,"href":"https:\/\/analyse.optim.biz\/index.php?rest_route=%2Fwp%2Fv2%2Fcategories&post=2093286"},{"taxonomy":"post_tag","embeddable":true,"href":"https:\/\/analyse.optim.biz\/index.php?rest_route=%2Fwp%2Fv2%2Ftags&post=2093286"}],"curies":[{"name":"wp","href":"https:\/\/api.w.org\/{rel}","templated":true}]}}