{"id":2093049,"date":"2026-08-04T00:00:00","date_gmt":"2026-08-03T21:00:00","guid":{"rendered":"https:\/\/analyse.optim.biz\/?p=2093049"},"modified":"2026-08-04T00:00:00","modified_gmt":"2026-08-03T21:00:00","slug":"20-de-tineri-din-vrancea-descopera-europa-cu-trenul-prin-erasmus","status":"publish","type":"post","link":"https:\/\/analyse.optim.biz\/?p=2093049","title":{"rendered":"20 de tineri din Vrancea descoper\u0103 Europa cu trenul prin Erasmus+"},"content":{"rendered":"<p>[analyse_image type=&#8221;featured&#8221; src=&#8221;https:\/\/zdvi.cname.ro\/_\/20-de-tineri-din-vrancea-descopera-europa-cu-trenul-prin-erasmus\/mediaPool\/uVsSv09.jpg&#8221;]<\/p>\n<div class=\"main-content detaliu-articol\"><a class=\"titlu-cat-list\" href=\"https:\/\/ziaruldevrancea.ro\/promo\/brand-voice\">Brand voice<\/a><\/p>\n<h1>20 de tineri din Vrancea descoper\u0103 Europa cu trenul prin Erasmus+<\/h1>\n<div class=\"date-articol clearfix\">\n<div class=\"distribuie-articol dropdown\">\n    Distribuie: \u00a0<br \/>\n    <em>|<\/em><\/div>\n<div class=\"autor-articol\"><a href=\"https:\/\/ziaruldevrancea.ro\/autor\/maria-bratu\/\"><img decoding=\"async\" class=\"img-circle\" src=\"https:\/\/zdvi.cname.ro\/50_50\/articleAuthor\/maria-bratu\/articleAuthor\/urTSNay.PNG\" alt><\/a><\/p>\n<h5><a href=\"https:\/\/ziaruldevrancea.ro\/autor\/maria-bratu\/\">Maria BRATU<\/a><\/h5>\n<div class=\"grup-spatiere\"><span class=\"cu-spatiere\"> 4 aug 2026<\/span><span class=\"cu-spatiere\">833 vizualiz\u0103ri<\/span><\/div>\n<\/div>\n<\/div>\n<div class=\"poza-mare\">\n<div class=\"poza-mare galerie-detaliu\">\n<div id=\"carousel-poza-mare\" class=\"carousel slide carusel-poza\" data-ride=\"carousel\" data-interval=\"0\">\n<div class=\"carousel-inner\" role=\"listbox\">\n<div class=\"item imagine-carusel active\"><a href class=\"openGallery\"><img decoding=\"async\" class=\"img-responsive\" src=\"https:\/\/zdvi.cname.ro\/850_530\/20-de-tineri-din-vrancea-descopera-europa-cu-trenul-prin-erasmus\/article\/mediaPool\/uVsSv09.jpg\" alt><\/a><\/div>\n<div class=\"item imagine-carusel \"><a href class=\"openGallery\"><img decoding=\"async\" class=\"img-responsive\" src=\"https:\/\/zdvi.cname.ro\/850_530\/20-de-tineri-din-vrancea-descopera-europa-cu-trenul-prin-erasmus\/article\/mediaPool\/ulGFrUf.png\" alt><\/a><\/div>\n<div class=\"item imagine-carusel \"><a href class=\"openGallery\"><img decoding=\"async\" class=\"img-responsive\" src=\"https:\/\/zdvi.cname.ro\/850_530\/20-de-tineri-din-vrancea-descopera-europa-cu-trenul-prin-erasmus\/article\/mediaPool\/uMcu5Wc.png\" alt><\/a><\/div>\n<\/div>\n<\/div>\n<div id=\"carousel-poze-mici\" class=\"carousel slide carusel-mici\" data-ride=\"carousel\" data-interval=\"0\">\n<div class=\"carousel-inner\" role=\"listbox\">\n<div class=\"item active\">\n<ul class=\"navigare-carusel-imagini\">\n<li data-target=\"#carousel-poza-mare\" data-slide-to=\"0\"><img decoding=\"async\" class=\"img-responsive\" src=\"https:\/\/zdvi.cname.ro\/_90\/20-de-tineri-din-vrancea-descopera-europa-cu-trenul-prin-erasmus\/article\/mediaPool\/uVsSv09.jpg\" alt><\/li>\n<li data-target=\"#carousel-poza-mare\" data-slide-to=\"1\"><img decoding=\"async\" class=\"img-responsive\" src=\"https:\/\/zdvi.cname.ro\/_90\/20-de-tineri-din-vrancea-descopera-europa-cu-trenul-prin-erasmus\/article\/mediaPool\/ulGFrUf.png\" alt><\/li>\n<li data-target=\"#carousel-poza-mare\" data-slide-to=\"2\"><img decoding=\"async\" class=\"img-responsive\" src=\"https:\/\/zdvi.cname.ro\/_90\/20-de-tineri-din-vrancea-descopera-europa-cu-trenul-prin-erasmus\/article\/mediaPool\/uMcu5Wc.png\" alt><\/li>\n<\/ul>\n<\/div>\n<\/div>\n<\/div>\n<\/div>\n<\/div>\n<p><strong>\u00a0Proiectul \u201eYOUth EUro TRAINing\u201d promoveaz\u0103 incluziunea \u0219i \u00eenv\u0103\u021barea prin c\u0103l\u0103torie.<\/strong><\/p>\n<p><strong>Asocia\u021bia \u201eEu, tu \u0219i ei\u201d din Foc\u0219ani ofer\u0103 tinerilor vr\u00e2nceni cu mai pu\u021bine oportunit\u0103\u021bi \u0219ansa unei experien\u021be europene de \u00eenv\u0103\u021bare prin programul DiscoverEU Inclusion, cu trasee care includ Viena, Praga, Berlin \u0219i Budapesta.<\/strong><\/p>\n<p>20 de tineri din Vrancea descoper\u0103 Europa cu trenul prin Erasmus+: proiectul \u201eYOUth EUro TRAINing\u201d( n.r<em>.Expresia \u201eYOUth EUro TRAINing\u201d este un joc de cuvinte \u00een limba englez\u0103, \u00een care sunt eviden\u021biate segmentele YOU, EU \u0219i TRAIN.O traducere natural\u0103 \u00een limba rom\u00e2n\u0103 este:\u201eFormare european\u0103 pentru tineri\u201d.Alte variante, \u00een func\u021bie de context:\u201eInstruire european\u0103 dedicat\u0103 tinerilor\u201d;\u201eProgram european de formare pentru tineri\u201d;\u201eTraining european pentru tineri\u201d\u00a0;\u201eTineri \u00een formare european\u0103\u201d\u00a0)<\/em><\/p>\n<p>Dou\u0103zeci de tineri din jude\u021bul Vrancea particip\u0103, \u00een aceast\u0103 var\u0103, la un proiect Erasmus+ care \u00eembin\u0103 mobilitatea european\u0103, educa\u021bia non-formal\u0103 \u0219i incluziunea social\u0103. Ini\u021biativa, derulat\u0103 de Asocia\u021bia \u201eEu, tu \u0219i ei\u201d din Foc\u0219ani, le ofer\u0103 participan\u021bilor posibilitatea de a c\u0103l\u0103tori cu trenul prin mai multe state europene, transform\u00e2nd fiecare etap\u0103 a drumului \u00eentr-o experien\u021b\u0103 de \u00eenv\u0103\u021bare \u0219i dezvoltare personal\u0103.<\/p>\n<p>Potrivit unui comunicat transmis redac\u021biei <strong>Ziarului de Vrancea<\/strong>, proiectul <strong>\u201eYOUth EUro TRAINing\u201d<\/strong> (2026-1-RO01-KA155-YOU-000397294) este finan\u021bat prin programul <strong>Erasmus+ \u2013 DiscoverEU Inclusion<\/strong> \u0219i se adreseaz\u0103 tinerilor cu v\u00e2rste \u00eentre 18 \u0219i 21 de ani, \u00een special celor care au avut mai pu\u021bine oportunit\u0103\u021bi de participare la experien\u021be interna\u021bionale.<\/p>\n<p>Organizatorii explic\u0103 faptul c\u0103 proiectul presupune organizarea a patru mobilit\u0103\u021bi europene, fiecare desf\u0103\u0219urat\u0103 pe parcursul a 10-13 zile, timp \u00een care participan\u021bii c\u0103l\u0103toresc exclusiv cu trenul. \u00cen aceast\u0103 formul\u0103, orele petrecute pe traseu sunt valorificate ca spa\u021bii de \u00eenv\u0103\u021bare, discu\u021bii \u0219i activit\u0103\u021bi coordonate de facilitatori \u0219i mentori, care \u00eei sprijin\u0103 pe tineri at\u00e2t din punct de vedere logistic, c\u00e2t \u0219i educa\u021bional.<\/p>\n<p>Coordonatoarea proiectului, <strong>Raluca Buruian\u0103<\/strong>, afirm\u0103 c\u0103 ini\u021biativa a pornit din propria experien\u021b\u0103 de beneficiar al unui program similar, dorind s\u0103 ofere \u0219i altor tineri din Vrancea \u0219ansa de a descoperi Europa \u00eentr-un mod activ.<\/p>\n<p>Potrivit acesteia, proiectul urm\u0103re\u0219te nu doar organizarea unor c\u0103l\u0103torii, ci \u0219i dezvoltarea \u00eencrederii \u00een sine, a spiritului de cooperare \u0219i a capacit\u0103\u021bii participan\u021bilor de a contribui ulterior la dezvoltarea comunit\u0103\u021bii din care provin.<\/p>\n<p><strong>Prima echip\u0103 a ajuns deja \u00een marile capitale europene<\/strong><\/p>\n<p>Prima echip\u0103 a proiectului a parcurs aproximativ <strong>4.000 de kilometri<\/strong> pe calea ferat\u0103, vizit\u00e2nd <strong>Viena, Praga, Berlin \u0219i Budapesta<\/strong>, \u00eentr-o c\u0103l\u0103torie de 12 zile prin cinci state din Europa Central\u0103. Grupul este format din cinci tineri vr\u00e2nceni, \u00eenso\u021bi\u021bi de un facilitator de \u00eenv\u0103\u021bare.<\/p>\n<p>La <strong>Berlin<\/strong>, participan\u021bii au vizitat Muzeul de Istorie Natural\u0103, Memorialul Zidului Berlinului, Poarta Brandenburg \u0219i celebra <strong>Insul\u0103 a Muzeelor<\/strong>, inclus\u0103 \u00een patrimoniul mondial UNESCO. \u00cen cadrul <strong>Neues Museum<\/strong>, tinerii au admirat dou\u0103 dintre cele mai cunoscute artefacte ale lumii antice: <strong>Bustul Reginei Nefertiti<\/strong>, vechi de peste 3.300 de ani, \u0219i <strong>P\u0103l\u0103ria de Aur<\/strong>, una dintre cele mai importante piese de orfevr\u0103rie preistoric\u0103 descoperite \u00een Europa.<\/p>\n<p>Experien\u021ba european\u0103 nu s-a limitat la obiective turistice. \u00cen <strong>Viena<\/strong>, membrii echipei au vizitat Universitatea din Viena \u0219i Palatul Belvedere, iar ulterior au participat la o activitate de voluntariat organizat\u0103 de funda\u021bia <strong>Caritas<\/strong>, \u00een cadrul programului <strong>Community Cooking<\/strong>. Activitatea promoveaz\u0103 alimenta\u021bia s\u0103n\u0103toas\u0103, incluziunea social\u0103 \u0219i dialogul intercultural \u00een cartierele multiculturale ale capitalei austriece.<\/p>\n<p><strong>\u00centoarcerea \u00een Rom\u00e2nia, tot cu trenul<\/strong><\/p>\n<p>Dup\u0103 ultimul popas la Budapesta, echipa se va \u00eentoarce \u00een Rom\u00e2nia cu trenul interna\u021bional de noapte <strong>Dacia<\/strong>, singura leg\u0103tur\u0103 feroviar\u0103 direct\u0103 disponibil\u0103 pe aceast\u0103 rut\u0103. Organizatorii subliniaz\u0103 c\u0103 alegerea trenului reflect\u0103 \u0219i componenta de sustenabilitate a proiectului, transportul feroviar fiind considerat una dintre cele mai pu\u021bin poluante op\u021biuni de mobilitate european\u0103.<\/p>\n<p>Proiectul pune accent pe dezvoltarea autonomiei participan\u021bilor, pe asumarea responsabilit\u0103\u021bilor \u00een timpul c\u0103l\u0103toriei \u0219i pe \u00een\u021belegerea diversit\u0103\u021bii culturale europene, fiecare participant beneficiind de un buget zilnic \u0219i de un permis de c\u0103l\u0103torie feroviar\u0103 pentru explorarea Europei.<\/p>\n<p><strong>\u00censcrierile continu\u0103<\/strong><\/p>\n<p>Reprezentan\u021bii Asocia\u021biei \u201eEu, tu \u0219i ei\u201d anun\u021b\u0103 c\u0103 \u00eenscrierile pentru urm\u0103toarele mobilit\u0103\u021bi sunt \u00eenc\u0103 deschise, iar tinerii interesa\u021bi pot completa formularul pus la dispozi\u021bie de organizatori.<\/p>\n<p>Prin aceast\u0103 ini\u021biativ\u0103, Asocia\u021bia \u201eEu, tu \u0219i ei\u201d urm\u0103re\u0219te s\u0103 ofere tinerilor vr\u00e2nceni acces la experien\u021be interna\u021bionale de \u00eenv\u0103\u021bare, s\u0103 \u00eencurajeze mobilitatea european\u0103 \u0219i s\u0103 promoveze valorile solidarit\u0103\u021bii, incluziunii \u0219i cet\u0103\u021beniei active \u00een r\u00e2ndul noii genera\u021bii.\u00a0<\/p>\n<p><strong>Maria Bratu<\/strong><\/p>\n<p><strong>Citi\u021bi \u00een documentul ata\u0219at con\u021binutul integral al\u00a0inform\u0103rii de pres\u0103 transmis\u0103 cotidianului nostru, cu privire la proiectul Erasmus+ derulat de Asocia\u021bia \u201eEu, tu \u0219i ei\u201d.\u00a0<\/strong><\/p>\n<hr>\n<p> Fisiere atasate<\/p>\n<ul class=\"list-group\">\n<li><a target=\"_blank\" href=\"https:\/\/zdvi.cname.ro\/static\/data\/mediaPool\/uUtr7eJ.docx\">comunicat de presa proiect Youth EUro Training.docx<\/a><\/li>\n<\/ul>\n<div class=\"bloc-widget widget-rosu\">\n<p>\u00cen lipsa unui acord scris din partea Ziarului de Vrancea, pute\u0163i prelua maxim 500 de caractere din acest articol dac\u0103 preciza\u0163i sursa \u015fi insera\u0163i vizibil link-ul articolului:\u00a0<span>#insertcurrentlinkhere<\/span><\/p>\n<\/div>\n<div class=\"extra-articol listing-anunturi\">\n<h6>Anun\u021buri <span class=\"text-primary\">ZdV<\/span> Premium<\/h6>\n<div class=\"row\">\n<div class=\"col-lg-4 col-md-6 bloc-egal\"><a class=\"card-anunt\" href=\"https:\/\/ziaruldevrancea.ro\/anunturi\/imobiliare\/vanzari-garsoniere\/vand-garsoniera-pe-strada-pictor-grigorescu-nr-29\"><strong class=\"titlu\">V\u00e2nz\u0103ri garsoniere<\/strong><span class=\"text-anunt\">Vand garsoniera pe strada Pictor Grigorescu nr 29&#8230;<\/span><span class=\"data-anunt\">12.08.2026 , Vrancea , Foc\u0219ani<\/span><\/a><\/div>\n<div class=\"col-lg-4 col-md-6 bloc-egal\"><a class=\"card-anunt\" href=\"https:\/\/ziaruldevrancea.ro\/anunturi\/necrolog\/condoleante\/dumnezeu-sa-il-odihneasca-in-pace-anunt-72838\"><strong class=\"titlu\">Condolean\u021be<\/strong><span class=\"text-anunt\">Sindicatul Finan\u021be Vrancea al salaria\u021bilor&#8230;<\/span><span class=\"data-anunt\">12.08.2026  <\/span><\/a><\/div>\n<div class=\"col-lg-4 col-md-6 bloc-egal\"><a class=\"card-anunt\" href=\"https:\/\/ziaruldevrancea.ro\/anunturi\/necrolog\/condoleante\/dumnezeu-sa-l-odihneasca-in-pace\"><strong class=\"titlu\">Condolean\u021be<\/strong><span class=\"text-anunt\">Comunitatea noastr\u0103 \u00ee\u0219i ia ast\u0103zi&#8230;<\/span><span class=\"data-anunt\">12.08.2026  <\/span><\/a><\/div>\n<\/div>\n<\/div>\n<div class=\"extra-articol alte-articole\">\n<div class=\"row\">\n<div class=\"col-lg-6 bloc-egal\">\n<div class=\"card articol-listing\">\n<h6>\u00cen categoria <a href=\"https:\/\/ziaruldevrancea.ro\/promo\/brand-voice\">Brand voice<\/a><\/h6>\n<div class=\"grup-articol-listing\">\n<div class=\"cont-pils\"><a href=\"https:\/\/ziaruldevrancea.ro\/promo\/brand-voice\/focsani-centrul-de-zi-pentru-varstnici-de-pe-strada-fraternitatii-se-apropie-de-receptia-tehnica\"><img decoding=\"async\" src=\"https:\/\/zdvi.cname.ro\/180_135\/promo\/brand-voice\/focsani-centrul-de-zi-pentru-varstnici-de-pe-strada-fraternitatii-se-apropie-de-receptia-tehnica\/mediaPool\/u3nCvZj.png\" class=\"img-responsive img-180\" alt><\/a><\/div>\n<h2><a class=\"link-titlu\" href=\"https:\/\/ziaruldevrancea.ro\/promo\/brand-voice\/focsani-centrul-de-zi-pentru-varstnici-de-pe-strada-fraternitatii-se-apropie-de-receptia-tehnica\">Foc\u0219ani: Centrul de zi pentru v\u00e2rstnici de pe strada Fraternit\u0103\u021bii se apropie de recep\u021bia tehnic\u0103<\/a><\/h2>\n<div class=\"date-post\"><a href=\"https:\/\/ziaruldevrancea.ro\/autor\/mircea-pavel\">Mircea Pavel<\/a>, 14 aug 2026  <\/div>\n<\/div>\n<div class=\"grup-articol-listing\">\n<div class=\"cont-pils\"><a href=\"https:\/\/ziaruldevrancea.ro\/promo\/brand-voice\/de-la-gologanu-direct-in-farfuriile-vrancenilor-sofranul-cultivat-in-vrancea-isi-cauta-locul-in-meniurile-restaurantelor\"><img decoding=\"async\" src=\"https:\/\/zdvi.cname.ro\/180_135\/promo\/brand-voice\/de-la-gologanu-direct-in-farfuriile-vrancenilor-sofranul-cultivat-in-vrancea-isi-cauta-locul-in-meniurile-restaurantelor\/mediaPool\/uyZW0u5.png\" class=\"img-responsive img-180\" alt><\/a><\/div>\n<h2><a class=\"link-titlu\" href=\"https:\/\/ziaruldevrancea.ro\/promo\/brand-voice\/de-la-gologanu-direct-in-farfuriile-vrancenilor-sofranul-cultivat-in-vrancea-isi-cauta-locul-in-meniurile-restaurantelor\">De la Gologanu, direct \u00een farfuriile vr\u00e2ncenilor: \u0219ofranul cultivat \u00een Vrancea \u00ee\u0219i caut\u0103 locul \u00een meniurile restaurantelor<\/a><\/h2>\n<div class=\"date-post\"><a href=\"https:\/\/ziaruldevrancea.ro\/autor\/radu-tomescu\">Radu Tomescu<\/a>, 14 aug 2026  <\/div>\n<\/div>\n<div class=\"grup-articol-listing\">\n<div class=\"cont-pils\"><a href=\"https:\/\/ziaruldevrancea.ro\/promo\/brand-voice\/vrancea-cj-aproba-proiecte-pentru-drumuri-locuinte-anl-si-sprijinirea-sinistratilor-de-la-soveja\"><img decoding=\"async\" src=\"https:\/\/zdvi.cname.ro\/180_135\/promo\/brand-voice\/vrancea-cj-aproba-proiecte-pentru-drumuri-locuinte-anl-si-sprijinirea-sinistratilor-de-la-soveja\/mediaPool\/uoz4hjl.png\" class=\"img-responsive img-180\" alt><\/a><\/div>\n<h2><a class=\"link-titlu\" href=\"https:\/\/ziaruldevrancea.ro\/promo\/brand-voice\/vrancea-cj-aproba-proiecte-pentru-drumuri-locuinte-anl-si-sprijinirea-sinistratilor-de-la-soveja\">Vrancea | CJ aprob\u0103 proiecte pentru drumuri, locuin\u021be ANL \u0219i sprijinirea sinistra\u021bilor de la Soveja<\/a><\/h2>\n<div class=\"date-post\"><a href=\"https:\/\/ziaruldevrancea.ro\/autor\/radu-tomescu\">Radu Tomescu<\/a>, 13 aug 2026  <\/div>\n<\/div>\n<\/div>\n<\/div>\n<div class=\"col-lg-6 bloc-egal\">\n<div class=\"card articol-listing\">\n<h6>De acela\u0219i <a href=\"https:\/\/ziaruldevrancea.ro\/autor\/maria-bratu\/\">autor<\/a><\/h6>\n<div class=\"grup-articol-listing\">\n<div class=\"cont-pils\"><a href=\"https:\/\/ziaruldevrancea.ro\/special\/educatie\/povestea-enotionanta-a-elevului-din-penultima-banca-de-la-colegiul-al.-i.-cuza-focsani-azi-arhimandritul-cu-doua-doctorate-iustin-taban\"><img decoding=\"async\" src=\"https:\/\/zdvi.cname.ro\/180_135\/special\/educatie\/povestea-enotionanta-a-elevului-din-penultima-banca-de-la-colegiul-al.-i.-cuza-focsani-azi-arhimandritul-cu-doua-doctorate-iustin-taban\/mediaPool\/uUKPaw4.jpg\" class=\"img-responsive img-180\" alt><\/a><\/div>\n<h2><a class=\"link-titlu\" href=\"https:\/\/ziaruldevrancea.ro\/special\/educatie\/povestea-enotionanta-a-elevului-din-penultima-banca-de-la-colegiul-al.-i.-cuza-focsani-azi-arhimandritul-cu-doua-doctorate-iustin-taban\">Povestea eno\u021bionant\u0103 a elevului din \u201epenultima banc\u0103\u201d de la Colegiul \u201eAl. I. Cuza\u201d Foc\u0219ani,  azi arhimandritul cu dou\u0103 doctorate Iustin Taban<\/a><\/h2>\n<div class=\"date-post\"><a href=\"https:\/\/ziaruldevrancea.ro\/autor\/maria-bratu\">Maria BRATU<\/a>, 14 aug 2026  <\/div>\n<\/div>\n<div class=\"grup-articol-listing\">\n<div class=\"cont-pils\"><a href=\"https:\/\/ziaruldevrancea.ro\/special\/educatie\/echipa-de-robotica-a-colegiului-economic-mihail-kogalniceanu-focsani-a-organizat-un-atelier-interactiv-la-muzeul-vrancei\"><img decoding=\"async\" src=\"https:\/\/zdvi.cname.ro\/180_135\/special\/educatie\/echipa-de-robotica-a-colegiului-economic-mihail-kogalniceanu-focsani-a-organizat-un-atelier-interactiv-la-muzeul-vrancei\/mediaPool\/utpY4YJ.jpeg\" class=\"img-responsive img-180\" alt><\/a><\/div>\n<h2><a class=\"link-titlu\" href=\"https:\/\/ziaruldevrancea.ro\/special\/educatie\/echipa-de-robotica-a-colegiului-economic-mihail-kogalniceanu-focsani-a-organizat-un-atelier-interactiv-la-muzeul-vrancei\">Echipa de robotic\u0103 a Colegiului Economic \u201eMihail Kog\u0103lniceanu\u201d Foc\u0219ani a organizat un atelier interactiv la Muzeul Vrancei<\/a><\/h2>\n<div class=\"date-post\"><a href=\"https:\/\/ziaruldevrancea.ro\/autor\/maria-bratu\">Maria BRATU<\/a>, 13 aug 2026  <\/div>\n<\/div>\n<div class=\"grup-articol-listing\">\n<div class=\"cont-pils\"><a href=\"https:\/\/ziaruldevrancea.ro\/special\/educatie\/vrancea-se-alatura-campaniei-un-tren-de-carti.-donatii-de-carte-pentru-copiii-din-comunitatile-romanesti-din-ucraina\"><img decoding=\"async\" src=\"https:\/\/zdvi.cname.ro\/180_135\/special\/educatie\/vrancea-se-alatura-campaniei-un-tren-de-carti.-donatii-de-carte-pentru-copiii-din-comunitatile-romanesti-din-ucraina\/mediaPool\/uPgH0r7.jpg\" class=\"img-responsive img-180\" alt><\/a><\/div>\n<h2><a class=\"link-titlu\" href=\"https:\/\/ziaruldevrancea.ro\/special\/educatie\/vrancea-se-alatura-campaniei-un-tren-de-carti.-donatii-de-carte-pentru-copiii-din-comunitatile-romanesti-din-ucraina\">Vrancea se al\u0103tur\u0103 campaniei \u201eUn tren de c\u0103r\u021bi\u201d. Dona\u021bii de carte pentru copiii din comunit\u0103\u021bile rom\u00e2ne\u0219ti din Ucraina<\/a><\/h2>\n<div class=\"date-post\"><a href=\"https:\/\/ziaruldevrancea.ro\/autor\/maria-bratu\">Maria BRATU<\/a>, 12 aug 2026  <\/div>\n<\/div>\n<\/div>\n<\/div>\n<\/div>\n<\/div>\n<div class=\"extra-articol listing-anunturi\">\n<h6>Anun\u021buri <span class=\"text-primary\">ZdV<\/span> Premium<\/h6>\n<div class=\"row\">\n<div class=\"col-lg-4 col-md-6 bloc-egal\"><a class=\"card-anunt\" href=\"https:\/\/ziaruldevrancea.ro\/anunturi\/auto\/utilaje-camioane\/vand-combina-agricola\"><strong class=\"titlu\">Utilaje-Camioane<\/strong><span class=\"text-anunt\">V\u00e2nd combin\u0103 agricol\u0103 Claas Dominator 85&#8230;<\/span><span class=\"data-anunt\">11.08.2026  <\/span><\/a><\/div>\n<div class=\"col-lg-4 col-md-6 bloc-egal\"><a class=\"card-anunt\" href=\"https:\/\/ziaruldevrancea.ro\/anunturi\/altele\/aniversari\/un-secol-de-viata-pentru-emanoil-gaspar-fost-sef-de-post-in-comuna-bordesti-la-multi-ani-tata\"><strong class=\"titlu\">Anivers\u0103ri<\/strong><span class=\"text-anunt\">Aniversare deosebit\u0103 \u00een Vrancea | Emanoil&#8230;<\/span><span class=\"data-anunt\">12.08.2026  <\/span><\/a><\/div>\n<div class=\"col-lg-4 col-md-6 bloc-egal\"><a class=\"card-anunt\" href=\"https:\/\/ziaruldevrancea.ro\/anunturi\/angajari\/oferte-angajari\/diverse-anunt-72834\"><strong class=\"titlu\">Oferte<\/strong><span class=\"text-anunt\">Caut persoan\u0103 \u00eengrijire persoan\u0103&#8230;<\/span><span class=\"data-anunt\">12.08.2026 , Vrancea , Foc\u0219ani<\/span><\/a><\/div>\n<\/div>\n<\/div>\n<div class=\"bloc-widget widget-albastru\">\n    Ziarul de Vrancea \u00a0nu este responsabil juridic pentru con\u0163inutul textelor din comentariile de mai jos. Responsabilitatea pentru mesajele dumneavoastra v\u0103 revine \u00een exclusivitate.\n<\/div>\n<div class=\"comentarii-articol\" id=\"comentarii\">\n<h3>Comentarii: <span class=\"text-primary\">0<\/span><\/h3>\n<p><a href=\"https:\/\/ziaruldevrancea.ro\/promo\/brand-voice\/20-de-tineri-din-vrancea-descopera-europa-cu-trenul-prin-erasmus\" class=\"btn btn-success btn-adauga-com\" data-toggle=\"modal\" data-parent=\"0\" data-target=\"#commentModal\">Adaug\u0103 comentariu<\/a><\/p>\n<div class=\"loadMask comments-mask\"><img decoding=\"async\" src=\"https:\/\/zdvs.cname.ro\/images\/loader_40.gif\"><\/div>\n<div class=\"comenteaza-jos\">Trebuie s\u0103 fii <a href=\"https:\/\/ziaruldevrancea.ro\/account\">autentificat<\/a> pentru a putea <a href=\"https:\/\/ziaruldevrancea.ro\/promo\/brand-voice\/20-de-tineri-din-vrancea-descopera-europa-cu-trenul-prin-erasmus\" class data-toggle=\"modal\" data-parent=\"0\" data-target=\"#commentModal\">posta un comentariu<\/a>.<\/div>\n<\/div>\n<div class=\"modal fade\" id=\"commentModal\" role=\"dialog\" aria-labelledby=\"commentModalLabel\">\n<div class=\"modal-dialog modal-lg\" role=\"document\">\n<div class=\"modal-content\">\n<div class=\"modal-header\">\n<h3 class=\"modal-title\" id=\"commentModalLabel\">Comenteaz\u0103<\/h3>\n<\/div>\n<div class=\"modal-body\">\n<div class=\"tabel tabel-full\">\n<div class=\"celula\">\n              Trebuie s\u0103 fii <a href=\"https:\/\/ziaruldevrancea.ro\/account\">autentificat<\/a> pentru a putea posta un comentariu.\n            <\/div>\n<\/div>\n<\/div>\n<div class=\"modal-footer\">\n<div id=\"commentPending\" class=\"formPending pull-left\"><img decoding=\"async\" src=\"https:\/\/zdvs.cname.ro\/images\/loader_40.gif\"> In curs de procesare&#8230;<\/div>\n<p><a href=\"https:\/\/ziaruldevrancea.ro\/promo\/brand-voice\/20-de-tineri-din-vrancea-descopera-europa-cu-trenul-prin-erasmus\" class=\"btn btn-default\" data-dismiss=\"modal\">Anuleaz\u0103<\/a><\/div>\n<\/div>\n<\/div>\n<\/div>\n<div class=\"modal fade\" id=\"commentReportModal\" role=\"dialog\" aria-labelledby=\"commentReportModalLabel\">\n<div class=\"modal-dialog modal-lg\" role=\"document\">\n<div class=\"modal-content\">\n<div class=\"modal-header\">\n<h3 class=\"modal-title\" id=\"commentReportModalLabel\">Raporteaza comentariu<\/h3>\n<\/div>\n<div class=\"modal-body\">\n<div class=\"tabel tabel-full\">\n<div class=\"celula\">\n              Trebuie s\u0103 fii <a href=\"https:\/\/ziaruldevrancea.ro\/account\">autentificat<\/a> pentru a putea raporta un comentariu.\n            <\/div>\n<\/div>\n<\/div>\n<div class=\"modal-footer\">\n<div id=\"commentReportPending\" class=\"formPending pull-left\"><img decoding=\"async\" src=\"https:\/\/zdvs.cname.ro\/images\/loader_40.gif\"> In curs de procesare&#8230;<\/div>\n<p><a href=\"https:\/\/ziaruldevrancea.ro\/promo\/brand-voice\/20-de-tineri-din-vrancea-descopera-europa-cu-trenul-prin-erasmus\" class=\"btn btn-default\" data-dismiss=\"modal\">Anuleaz\u0103<\/a><\/div>\n<\/div>\n<\/div>\n<\/div>\n<div class=\"modal fade\" id=\"commentLikeModal\" role=\"dialog\" aria-labelledby=\"commentLikeModalLabel\">\n<div class=\"modal-dialog modal-lg\" role=\"document\">\n<div class=\"modal-content\">\n<div class=\"modal-header\">\n<h3 class=\"modal-title\" id=\"commentReportModalLabel\">Apreciaza comentariu<\/h3>\n<\/div>\n<div class=\"modal-body\">\n<div class=\"tabel tabel-full\">\n<div class=\"celula\">\n            Trebuie s\u0103 fii <a href=\"https:\/\/ziaruldevrancea.ro\/account\">autentificat<\/a> pentru a putea aprecia un comentariu.\n          <\/div>\n<\/div>\n<\/div>\n<div class=\"modal-footer\"><a href=\"https:\/\/ziaruldevrancea.ro\/promo\/brand-voice\/20-de-tineri-din-vrancea-descopera-europa-cu-trenul-prin-erasmus\" class=\"btn btn-default\" data-dismiss=\"modal\">Anuleaz\u0103<\/a><\/div>\n<\/div>\n<\/div>\n<\/div>\n<div class=\"bloc-widget widget-rosu\"><span><small>Ziarul de Vrancea doreste ca acest site sa fie un spatiu al discutiilor civilizate, al comentariilor de bun simt. Din acest motiv, cei care posteaza comentarii la articole trebuie sa respecte urmatoarele reguli:<br \/>\n1. Sa se refere doar la articolul la care posteaza comentarii.<br \/>\n2. Sa foloseasca un limbaj civilizat, fara injurii, calomnii, comentarii antisemite, xenofobe sau rasiste.<br \/>\n3. Sunt interzise atacurile la adresa autorilor, daca acestea nu au legatura cu textul.<br \/>\n4. Username-ul sa nu fie nume de personalitati ale vietii publice sau parodieri ale acestora.<br \/>\nAutorul unui articol poate fi criticat pentru eventuale greseli, incoerenta, lipsa de documentare etc.<br \/>\nNerespectarea regulilor mentionate mai sus va duce la stergerea comentariilor, fara avertisment si fara explicatii.<br \/>\nAbaterile repetate vor avea drept consecinta interdictia accesului la aceasta facilitate a site-ului.<\/small><\/span><\/div>\n<\/div>\n<p>[analyse_source url=&#8221;https:\/\/ziaruldevrancea.ro\/promo\/brand-voice\/20-de-tineri-din-vrancea-descopera-europa-cu-trenul-prin-erasmus&#8221;]<\/p>\n","protected":false},"excerpt":{"rendered":"<p>[analyse_image type=&#8221;featured&#8221; src=&#8221;https:\/\/zdvi.cname.ro\/_\/20-de-tineri-din-vrancea-descopera-europa-cu-trenul-prin-erasmus\/mediaPool\/uVsSv09.jpg&#8221;] Brand voice 20 de tineri din Vrancea descoper\u0103 Europa cu trenul prin Erasmus+ Distribuie: \u00a0 | Maria BRATU 4 aug 2026833 vizualiz\u0103ri \u00a0Proiectul \u201eYOUth EUro TRAINing\u201d promoveaz\u0103 incluziunea \u0219i \u00eenv\u0103\u021barea prin c\u0103l\u0103torie. Asocia\u021bia \u201eEu, tu \u0219i ei\u201d din Foc\u0219ani ofer\u0103 tinerilor vr\u00e2nceni cu mai pu\u021bine oportunit\u0103\u021bi \u0219ansa unei experien\u021be europene de \u00eenv\u0103\u021bare [&hellip;]<\/p>\n","protected":false},"author":1,"featured_media":0,"comment_status":"open","ping_status":"","sticky":false,"template":"","format":"standard","meta":{"footnotes":""},"categories":[89],"tags":[226,208],"class_list":["post-2093049","post","type-post","status-publish","format-standard","hentry","category-romania","tag-crawlmanager","tag-ziaruldevrancea-ro"],"_links":{"self":[{"href":"https:\/\/analyse.optim.biz\/index.php?rest_route=\/wp\/v2\/posts\/2093049","targetHints":{"allow":["GET"]}}],"collection":[{"href":"https:\/\/analyse.optim.biz\/index.php?rest_route=\/wp\/v2\/posts"}],"about":[{"href":"https:\/\/analyse.optim.biz\/index.php?rest_route=\/wp\/v2\/types\/post"}],"author":[{"embeddable":true,"href":"https:\/\/analyse.optim.biz\/index.php?rest_route=\/wp\/v2\/users\/1"}],"replies":[{"embeddable":true,"href":"https:\/\/analyse.optim.biz\/index.php?rest_route=%2Fwp%2Fv2%2Fcomments&post=2093049"}],"version-history":[{"count":0,"href":"https:\/\/analyse.optim.biz\/index.php?rest_route=\/wp\/v2\/posts\/2093049\/revisions"}],"wp:attachment":[{"href":"https:\/\/analyse.optim.biz\/index.php?rest_route=%2Fwp%2Fv2%2Fmedia&parent=2093049"}],"wp:term":[{"taxonomy":"category","embeddable":true,"href":"https:\/\/analyse.optim.biz\/index.php?rest_route=%2Fwp%2Fv2%2Fcategories&post=2093049"},{"taxonomy":"post_tag","embeddable":true,"href":"https:\/\/analyse.optim.biz\/index.php?rest_route=%2Fwp%2Fv2%2Ftags&post=2093049"}],"curies":[{"name":"wp","href":"https:\/\/api.w.org\/{rel}","templated":true}]}}