{"id":2093042,"date":"2026-07-30T00:00:00","date_gmt":"2026-07-29T21:00:00","guid":{"rendered":"https:\/\/analyse.optim.biz\/?p=2093042"},"modified":"2026-07-30T00:00:00","modified_gmt":"2026-07-29T21:00:00","slug":"clubul-de-fitness-city-gym-din-focsani-intra-intr-o-retea-nationala","status":"publish","type":"post","link":"https:\/\/analyse.optim.biz\/?p=2093042","title":{"rendered":"Clubul de fitness City Gym din Foc\u0219ani intr\u0103 \u00eentr-o re\u021bea na\u021bional\u0103"},"content":{"rendered":"<p>[analyse_image type=&#8221;featured&#8221; src=&#8221;https:\/\/zdvi.cname.ro\/_\/clubul-de-fitness-city-gym-din-focsani-intra-intr-o-retea-nationala\/mediaPool\/unOJ3Dk.jpg&#8221;]<\/p>\n<div class=\"main-content detaliu-articol\"><a class=\"titlu-cat-list\" href=\"https:\/\/ziaruldevrancea.ro\/promo\/brand-voice\">Brand voice<\/a><\/p>\n<h1>Clubul de fitness City Gym din Foc\u0219ani intr\u0103 \u00eentr-o re\u021bea na\u021bional\u0103<\/h1>\n<div class=\"date-articol clearfix\">\n<div class=\"distribuie-articol dropdown\">\n    Distribuie: \u00a0<br \/>\n    <em>|<\/em><\/div>\n<div class=\"autor-articol\"><a href=\"https:\/\/ziaruldevrancea.ro\/autor\/eduard-dascalu\/\"><img decoding=\"async\" class=\"img-circle\" src=\"https:\/\/zdvi.cname.ro\/50_50\/articleAuthor\/eduard-dascalu\/articleAuthor\/uMGQuqd.jpeg\" alt><\/a><\/p>\n<h5><a href=\"https:\/\/ziaruldevrancea.ro\/autor\/eduard-dascalu\/\">Eduard Dasc\u0103lu<\/a><\/h5>\n<div class=\"grup-spatiere\"><span class=\"cu-spatiere\">30 iul 2026<\/span><span class=\"cu-spatiere\">1271 vizualiz\u0103ri<\/span><\/div>\n<\/div>\n<\/div>\n<div class=\"poza-mare\">\n<div class=\"poza-mare galerie-detaliu\">\n<div id=\"carousel-poza-mare\" class=\"carousel slide carusel-poza\" data-ride=\"carousel\" data-interval=\"0\">\n<div class=\"carousel-inner\" role=\"listbox\">\n<div class=\"item imagine-carusel active\"><a href class=\"openGallery\"><img decoding=\"async\" class=\"img-responsive\" src=\"https:\/\/zdvi.cname.ro\/850_530\/clubul-de-fitness-city-gym-din-focsani-intra-intr-o-retea-nationala\/article\/mediaPool\/unOJ3Dk.jpg\" alt><\/a><\/div>\n<div class=\"item imagine-carusel \"><a href class=\"openGallery\"><img decoding=\"async\" class=\"img-responsive\" src=\"https:\/\/zdvi.cname.ro\/850_530\/clubul-de-fitness-city-gym-din-focsani-intra-intr-o-retea-nationala\/article\/mediaPool\/uR8QNfM.jpg\" alt><\/a><\/div>\n<div class=\"item imagine-carusel \"><a href class=\"openGallery\"><img decoding=\"async\" class=\"img-responsive\" src=\"https:\/\/zdvi.cname.ro\/850_530\/clubul-de-fitness-city-gym-din-focsani-intra-intr-o-retea-nationala\/article\/mediaPool\/u6Sjuw0.jpg\" alt><\/a><\/div>\n<div class=\"item imagine-carusel \"><a href class=\"openGallery\"><img decoding=\"async\" class=\"img-responsive\" src=\"https:\/\/zdvi.cname.ro\/850_530\/clubul-de-fitness-city-gym-din-focsani-intra-intr-o-retea-nationala\/article\/mediaPool\/uvZSbNe.jpg\" alt><\/a><\/div>\n<\/div>\n<\/div>\n<div id=\"carousel-poze-mici\" class=\"carousel slide carusel-mici\" data-ride=\"carousel\" data-interval=\"0\">\n<div class=\"carousel-inner\" role=\"listbox\">\n<div class=\"item active\">\n<ul class=\"navigare-carusel-imagini\">\n<li data-target=\"#carousel-poza-mare\" data-slide-to=\"0\"><img decoding=\"async\" class=\"img-responsive\" src=\"https:\/\/zdvi.cname.ro\/_90\/clubul-de-fitness-city-gym-din-focsani-intra-intr-o-retea-nationala\/article\/mediaPool\/unOJ3Dk.jpg\" alt><\/li>\n<li data-target=\"#carousel-poza-mare\" data-slide-to=\"1\"><img decoding=\"async\" class=\"img-responsive\" src=\"https:\/\/zdvi.cname.ro\/_90\/clubul-de-fitness-city-gym-din-focsani-intra-intr-o-retea-nationala\/article\/mediaPool\/uR8QNfM.jpg\" alt><\/li>\n<li data-target=\"#carousel-poza-mare\" data-slide-to=\"2\"><img decoding=\"async\" class=\"img-responsive\" src=\"https:\/\/zdvi.cname.ro\/_90\/clubul-de-fitness-city-gym-din-focsani-intra-intr-o-retea-nationala\/article\/mediaPool\/u6Sjuw0.jpg\" alt><\/li>\n<li data-target=\"#carousel-poza-mare\" data-slide-to=\"3\"><img decoding=\"async\" class=\"img-responsive\" src=\"https:\/\/zdvi.cname.ro\/_90\/clubul-de-fitness-city-gym-din-focsani-intra-intr-o-retea-nationala\/article\/mediaPool\/uvZSbNe.jpg\" alt><\/li>\n<\/ul>\n<\/div>\n<\/div>\n<\/div>\n<\/div>\n<\/div>\n<p><strong>Fondul Mozaik Investments preia operatorul \u0219i anun\u021b\u0103 investi\u021bii de 8 milioane de euro \u00een dezvoltarea Urban Fitness<\/strong><\/p>\n<p><strong>Pia\u021ba serviciilor de fitness din Vrancea intr\u0103 \u00eentr-o nou\u0103 etap\u0103, dup\u0103 ce sala City Gym din Foc\u0219ani va face parte din re\u021beaua Urban Fitness, care \u00ee\u0219i propune s\u0103 ajung\u0103 la aproximativ 100 de cluburi \u00een Rom\u00e2nia \u00een urm\u0103torii cinci-\u0219ase ani.<\/strong><\/p>\n<p><strong>City Gym din Foc\u0219ani va fi integrat\u0103 \u00een re\u021beaua Urban Fitness. Mozaik Investments accelereaz\u0103 dezvoltarea unei re\u021bele na\u021bionale de aproximativ 100 de s\u0103li de fitness<\/strong><\/p>\n<p>Pia\u021ba serviciilor de fitness din municipiul Foc\u0219ani se preg\u0103te\u0219te pentru o schimbare important\u0103, dup\u0103 ce fondul de investi\u021bii <strong>Mozaik Investments<\/strong>, prin compania de proiect <strong>M-Ventures<\/strong>, a semnat acordul pentru preluarea operatorului <strong>City Gym<\/strong>, care de\u021bine cinci s\u0103li \u00een <strong>Bac\u0103u, Foc\u0219ani \u0219i Roman<\/strong>.<\/p>\n<p>Tranzac\u021bia, anun\u021bat\u0103 mar\u021bi, 28 iulie 2026, de publica\u021biile economice <strong>Ziarul Financiar<\/strong> \u0219i <strong>Profit.ro<\/strong>, urmeaz\u0103 s\u0103 fie finalizat\u0103 dup\u0103 \u00eendeplinirea condi\u021biilor specifice. Dup\u0103 finalizarea procesului, sala <strong>City Gym din Foc\u0219ani<\/strong> va deveni parte a brandului <strong>Urban Fitness<\/strong>, concept dezvoltat pe modelul \u201ehigh value \u2013 low price\u201d (HVLP), care urm\u0103re\u0219te s\u0103 ofere servicii moderne la costuri accesibile.<\/p>\n<p><strong>Investi\u021bie de 8 milioane de euro pentru dezvoltarea re\u021belei<\/strong><\/p>\n<p>Potrivit reprezentan\u021bilor Mozaik Investments, investi\u021bia ini\u021bial\u0103 \u00een dezvoltarea Urban Fitness este estimat\u0103 la <strong>8 milioane de euro<\/strong>.<\/p>\n<p>Strategia companiei vizeaz\u0103 at\u00e2t achizi\u021bia unor operatori existen\u021bi, c\u00e2t \u0219i deschiderea unor cluburi noi \u00een principalele ora\u0219e ale \u021b\u0103rii.<\/p>\n<p>\u00cen prezent, Urban Fitness opereaz\u0103 deja cluburi \u00een Bucure\u0219ti, iar extinderea este programat\u0103 \u00een <strong>Foc\u0219ani, Bac\u0103u, Roman, Timi\u0219oara \u0219i Constan\u021ba<\/strong>, urm\u00e2nd ulterior \u0219i alte municipii precum <strong>Bra\u0219ov, Oradea \u0219i Buz\u0103u<\/strong>.<\/p>\n<p>Estim\u0103rile companiei indic\u0103:<\/p>\n<ul>\n<li>aproximativ <strong>25 de s\u0103li<\/strong> p\u00e2n\u0103 la sf\u00e2r\u0219itul anului 2026;<\/li>\n<li>\u00eentre <strong>40 \u0219i 50 de loca\u021bii<\/strong> p\u00e2n\u0103 la finalul anului 2027;<\/li>\n<li>circa <strong>100 de cluburi<\/strong> la nivel na\u021bional \u00een urm\u0103torii cinci-\u0219ase ani.<\/li>\n<\/ul>\n<p><strong>Accent pe digitalizare \u0219i automatizare<\/strong><\/p>\n<p>Noul concept Urban Fitness este construit \u00een jurul tehnologiei \u0219i automatiz\u0103rii.<\/p>\n<p>Cluburile vor avea suprafe\u021be \u00eentre <strong>700 \u0219i 1.500 de metri p\u0103tra\u021bi<\/strong>, iar accesul membrilor va fi gestionat digital, prin aplica\u021bie mobil\u0103, sisteme contactless \u0219i func\u021bionalit\u0103\u021bi inteligente dedicate antrenamentelor.<\/p>\n<p>Reprezentan\u021bii companiei sus\u021bin c\u0103 modelul urm\u0103re\u0219te s\u0103 combine proximitatea, costurile accesibile \u0219i experien\u021ba digital\u0103 pentru utilizatori.<\/p>\n<p><strong>Rom\u00e2nia are \u00eenc\u0103 un grad redus de utilizare a serviciilor de fitness<\/strong><\/p>\n<p>Potrivit datelor prezentate de companie, Rom\u00e2nia se afl\u0103 \u00eenc\u0103 sub media european\u0103 \u00een ceea ce prive\u0219te utilizarea serviciilor de fitness.<\/p>\n<p>Dac\u0103 \u00een statele Uniunii Europene \u00eentre <strong>15% \u0219i 20% din popula\u021bie<\/strong> utilizeaz\u0103 astfel de servicii, \u00een Rom\u00e2nia rata este estimat\u0103 la aproximativ <strong>5%<\/strong>, ceea ce indic\u0103 un poten\u021bial semnificativ de dezvoltare al pie\u021bei.<\/p>\n<p>\u201e<strong>Pia\u021ba de fitness din Rom\u00e2nia este \u00eenc\u0103 subdezvoltat\u0103 comparativ cu media european\u0103, iar acest decalaj creeaz\u0103 o oportunitate important\u0103 pentru un model de business bazat pe accesibilitate, proximitate, automatizare \u0219i tehnologie<\/strong>\u201d, a declarat <strong>Dan F\u0103rc\u0103\u0219anu<\/strong>, Managing Partner al Mozaik Investments \u0219i coordonator al proiectului Urban Fitness.<\/p>\n<p>City Gym, parte din strategia de extindere<\/p>\n<p>Anterior acestei tranzac\u021bii, M-Ventures a preluat \u0219i re\u021beaua <strong>No1 Fitness<\/strong>, integrat\u0103 deja sub brandul Urban Fitness.<\/p>\n<p>Prin includerea celor cinci cluburi City Gym \u0219i a altor cinci loca\u021bii aflate \u00een dezvoltare, re\u021beaua va ajunge la <strong>15 s\u0103li<\/strong>, urm\u00e2nd s\u0103 continue extinderea prin noi investi\u021bii \u0219i achizi\u021bii.<\/p>\n<p>Fondatoarea City Gym, <strong>Iulia Ciorcil\u0103<\/strong>, a declarat c\u0103 noul parteneriat reprezint\u0103 o oportunitate pentru dezvoltarea \u00een continuare a cluburilor \u0219i pentru oferirea unor servicii la standarde europene.<\/p>\n<p><strong>Ce \u00eenseamn\u0103 tranzac\u021bia pentru Foc\u0219ani<\/strong><\/p>\n<p>Pentru municipiul Foc\u0219ani, integrarea City Gym \u00eentr-o re\u021bea na\u021bional\u0103 poate \u00eensemna investi\u021bii suplimentare \u00een infrastructura existent\u0103, implementarea unor solu\u021bii digitale moderne \u0219i acces la un concept unitar dezvoltat la nivel na\u021bional.<\/p>\n<p>\u00cen acest moment nu au fost anun\u021bate modific\u0103ri privind activitatea curent\u0103 a clubului din Foc\u0219ani, tranzac\u021bia urm\u00e2nd s\u0103 fie finalizat\u0103 dup\u0103 \u00eendeplinirea tuturor condi\u021biilor contractuale.<\/p>\n<p>Mozaik Investments este un fond de private equity \u00eenfiin\u021bat \u00een 2019 de <strong>Roland Haas<\/strong>, <strong>Sacha Dragic<\/strong> \u0219i <strong>Vlad Bu\u0219il\u0103<\/strong> \u0219i are \u00een portofoliu investi\u021bii \u00een companii precum <strong>5 To Go<\/strong>, <strong>Genesis College<\/strong>, <strong>Flavours\/Stradale<\/strong> \u0219i fintech-ul <strong>Pago<\/strong>.<\/p>\n<p><strong>Eduard Dasc\u0103lu\u00a0<\/strong><\/p>\n<hr>\n<div class=\"bloc-widget widget-rosu\">\n<p>\u00cen lipsa unui acord scris din partea Ziarului de Vrancea, pute\u0163i prelua maxim 500 de caractere din acest articol dac\u0103 preciza\u0163i sursa \u015fi insera\u0163i vizibil link-ul articolului:\u00a0<span>#insertcurrentlinkhere<\/span><\/p>\n<\/div>\n<div class=\"extra-articol listing-anunturi\">\n<h6>Anun\u021buri <span class=\"text-primary\">ZdV<\/span> Premium<\/h6>\n<div class=\"row\">\n<div class=\"col-lg-4 col-md-6 bloc-egal\"><a class=\"card-anunt\" href=\"https:\/\/ziaruldevrancea.ro\/anunturi\/imobiliare\/vanzari-garsoniere\/vand-garsoniera-pe-strada-pictor-grigorescu-nr-29\"><strong class=\"titlu\">V\u00e2nz\u0103ri garsoniere<\/strong><span class=\"text-anunt\">Vand garsoniera pe strada Pictor Grigorescu nr 29&#8230;<\/span><span class=\"data-anunt\">12.08.2026 , Vrancea , Foc\u0219ani<\/span><\/a><\/div>\n<div class=\"col-lg-4 col-md-6 bloc-egal\"><a class=\"card-anunt\" href=\"https:\/\/ziaruldevrancea.ro\/anunturi\/necrolog\/condoleante\/dumnezeu-sa-il-odihneasca-in-pace-anunt-72838\"><strong class=\"titlu\">Condolean\u021be<\/strong><span class=\"text-anunt\">Sindicatul Finan\u021be Vrancea al salaria\u021bilor&#8230;<\/span><span class=\"data-anunt\">12.08.2026  <\/span><\/a><\/div>\n<div class=\"col-lg-4 col-md-6 bloc-egal\"><a class=\"card-anunt\" href=\"https:\/\/ziaruldevrancea.ro\/anunturi\/necrolog\/condoleante\/dumnezeu-sa-l-odihneasca-in-pace\"><strong class=\"titlu\">Condolean\u021be<\/strong><span class=\"text-anunt\">Comunitatea noastr\u0103 \u00ee\u0219i ia ast\u0103zi&#8230;<\/span><span class=\"data-anunt\">12.08.2026  <\/span><\/a><\/div>\n<\/div>\n<\/div>\n<div class=\"extra-articol alte-articole\">\n<div class=\"row\">\n<div class=\"col-lg-6 bloc-egal\">\n<div class=\"card articol-listing\">\n<h6>\u00cen categoria <a href=\"https:\/\/ziaruldevrancea.ro\/promo\/brand-voice\">Brand voice<\/a><\/h6>\n<div class=\"grup-articol-listing\">\n<div class=\"cont-pils\"><a href=\"https:\/\/ziaruldevrancea.ro\/promo\/brand-voice\/focsani-centrul-de-zi-pentru-varstnici-de-pe-strada-fraternitatii-se-apropie-de-receptia-tehnica\"><img decoding=\"async\" src=\"https:\/\/zdvi.cname.ro\/180_135\/promo\/brand-voice\/focsani-centrul-de-zi-pentru-varstnici-de-pe-strada-fraternitatii-se-apropie-de-receptia-tehnica\/mediaPool\/u3nCvZj.png\" class=\"img-responsive img-180\" alt><\/a><\/div>\n<h2><a class=\"link-titlu\" href=\"https:\/\/ziaruldevrancea.ro\/promo\/brand-voice\/focsani-centrul-de-zi-pentru-varstnici-de-pe-strada-fraternitatii-se-apropie-de-receptia-tehnica\">Foc\u0219ani: Centrul de zi pentru v\u00e2rstnici de pe strada Fraternit\u0103\u021bii se apropie de recep\u021bia tehnic\u0103<\/a><\/h2>\n<div class=\"date-post\"><a href=\"https:\/\/ziaruldevrancea.ro\/autor\/mircea-pavel\">Mircea Pavel<\/a>, 14 aug 2026  <\/div>\n<\/div>\n<div class=\"grup-articol-listing\">\n<div class=\"cont-pils\"><a href=\"https:\/\/ziaruldevrancea.ro\/promo\/brand-voice\/de-la-gologanu-direct-in-farfuriile-vrancenilor-sofranul-cultivat-in-vrancea-isi-cauta-locul-in-meniurile-restaurantelor\"><img decoding=\"async\" src=\"https:\/\/zdvi.cname.ro\/180_135\/promo\/brand-voice\/de-la-gologanu-direct-in-farfuriile-vrancenilor-sofranul-cultivat-in-vrancea-isi-cauta-locul-in-meniurile-restaurantelor\/mediaPool\/uyZW0u5.png\" class=\"img-responsive img-180\" alt><\/a><\/div>\n<h2><a class=\"link-titlu\" href=\"https:\/\/ziaruldevrancea.ro\/promo\/brand-voice\/de-la-gologanu-direct-in-farfuriile-vrancenilor-sofranul-cultivat-in-vrancea-isi-cauta-locul-in-meniurile-restaurantelor\">De la Gologanu, direct \u00een farfuriile vr\u00e2ncenilor: \u0219ofranul cultivat \u00een Vrancea \u00ee\u0219i caut\u0103 locul \u00een meniurile restaurantelor<\/a><\/h2>\n<div class=\"date-post\"><a href=\"https:\/\/ziaruldevrancea.ro\/autor\/radu-tomescu\">Radu Tomescu<\/a>, 14 aug 2026  <\/div>\n<\/div>\n<div class=\"grup-articol-listing\">\n<div class=\"cont-pils\"><a href=\"https:\/\/ziaruldevrancea.ro\/promo\/brand-voice\/vrancea-cj-aproba-proiecte-pentru-drumuri-locuinte-anl-si-sprijinirea-sinistratilor-de-la-soveja\"><img decoding=\"async\" src=\"https:\/\/zdvi.cname.ro\/180_135\/promo\/brand-voice\/vrancea-cj-aproba-proiecte-pentru-drumuri-locuinte-anl-si-sprijinirea-sinistratilor-de-la-soveja\/mediaPool\/uoz4hjl.png\" class=\"img-responsive img-180\" alt><\/a><\/div>\n<h2><a class=\"link-titlu\" href=\"https:\/\/ziaruldevrancea.ro\/promo\/brand-voice\/vrancea-cj-aproba-proiecte-pentru-drumuri-locuinte-anl-si-sprijinirea-sinistratilor-de-la-soveja\">Vrancea | CJ aprob\u0103 proiecte pentru drumuri, locuin\u021be ANL \u0219i sprijinirea sinistra\u021bilor de la Soveja<\/a><\/h2>\n<div class=\"date-post\"><a href=\"https:\/\/ziaruldevrancea.ro\/autor\/radu-tomescu\">Radu Tomescu<\/a>, 13 aug 2026  <\/div>\n<\/div>\n<\/div>\n<\/div>\n<div class=\"col-lg-6 bloc-egal\">\n<div class=\"card articol-listing\">\n<h6>De acela\u0219i <a href=\"https:\/\/ziaruldevrancea.ro\/autor\/eduard-dascalu\/\">autor<\/a><\/h6>\n<div class=\"grup-articol-listing\">\n<div class=\"cont-pils\"><a href=\"https:\/\/ziaruldevrancea.ro\/special\/sport\/echipa-de-fotbal-csm-adjud-1946-eliminata-din-cupa-romaniei-dupa-un-meci-cu-sase-goluri\"><img decoding=\"async\" src=\"https:\/\/zdvi.cname.ro\/180_135\/special\/sport\/echipa-de-fotbal-csm-adjud-1946-eliminata-din-cupa-romaniei-dupa-un-meci-cu-sase-goluri\/mediaPool\/uqE1doS.jpg\" class=\"img-responsive img-180\" alt><\/a><\/div>\n<h2><a class=\"link-titlu\" href=\"https:\/\/ziaruldevrancea.ro\/special\/sport\/echipa-de-fotbal-csm-adjud-1946-eliminata-din-cupa-romaniei-dupa-un-meci-cu-sase-goluri\">Echipa de fotbal CSM Adjud 1946, eliminat\u0103 din Cupa Rom\u00e2niei dup\u0103 un meci cu \u0219ase goluri<\/a><\/h2>\n<div class=\"date-post\"><a href=\"https:\/\/ziaruldevrancea.ro\/autor\/eduard-dascalu\">Eduard Dasc\u0103lu<\/a>, 12 aug 2026  <\/div>\n<\/div>\n<div class=\"grup-articol-listing\">\n<div class=\"cont-pils\"><a href=\"https:\/\/ziaruldevrancea.ro\/promo\/brand-voice\/cum-personalizeaza-serviciile-vip-experienta-intr-un-cazino-online\"><img decoding=\"async\" src=\"https:\/\/zdvi.cname.ro\/180_135\/promo\/brand-voice\/cum-personalizeaza-serviciile-vip-experienta-intr-un-cazino-online\/mediaPool\/ux9ntGn.jpg\" class=\"img-responsive img-180\" alt><\/a><\/div>\n<h2><a class=\"link-titlu\" href=\"https:\/\/ziaruldevrancea.ro\/promo\/brand-voice\/cum-personalizeaza-serviciile-vip-experienta-intr-un-cazino-online\">Cum personalizeaz\u0103 serviciile VIP experien\u021ba \u00eentr-un cazino online<\/a><\/h2>\n<div class=\"date-post\"><a href=\"https:\/\/ziaruldevrancea.ro\/autor\/eduard-dascalu\">Eduard Dasc\u0103lu<\/a>, 11 aug 2026  <\/div>\n<\/div>\n<div class=\"grup-articol-listing\">\n<div class=\"cont-pils\"><a href=\"https:\/\/ziaruldevrancea.ro\/special\/sport\/premiera-sportiva-in-vrancea-cupa-romaniei-la-biatlon-si-triatlon-modern-se-desfasoara-la-focsani-pe-29-si-30-august\"><img decoding=\"async\" src=\"https:\/\/zdvi.cname.ro\/180_135\/special\/sport\/premiera-sportiva-in-vrancea-cupa-romaniei-la-biatlon-si-triatlon-modern-se-desfasoara-la-focsani-pe-29-si-30-august\/mediaPool\/u5nSsa8.jpeg\" class=\"img-responsive img-180\" alt><\/a><\/div>\n<h2><a class=\"link-titlu\" href=\"https:\/\/ziaruldevrancea.ro\/special\/sport\/premiera-sportiva-in-vrancea-cupa-romaniei-la-biatlon-si-triatlon-modern-se-desfasoara-la-focsani-pe-29-si-30-august\">Premier\u0103 sportiv\u0103 \u00een Vrancea: Cupa Rom\u00e2niei la Biatlon \u0219i Triatlon Modern se desf\u0103\u0219oar\u0103 la Foc\u0219ani, pe 29 \u0219i 30 august<\/a><\/h2>\n<div class=\"date-post\"><a href=\"https:\/\/ziaruldevrancea.ro\/autor\/eduard-dascalu\">Eduard Dasc\u0103lu<\/a>, 11 aug 2026  <\/div>\n<\/div>\n<\/div>\n<\/div>\n<\/div>\n<\/div>\n<div class=\"extra-articol listing-anunturi\">\n<h6>Anun\u021buri <span class=\"text-primary\">ZdV<\/span> Premium<\/h6>\n<div class=\"row\">\n<div class=\"col-lg-4 col-md-6 bloc-egal\"><a class=\"card-anunt\" href=\"https:\/\/ziaruldevrancea.ro\/anunturi\/auto\/utilaje-camioane\/vand-combina-agricola\"><strong class=\"titlu\">Utilaje-Camioane<\/strong><span class=\"text-anunt\">V\u00e2nd combin\u0103 agricol\u0103 Claas Dominator 85&#8230;<\/span><span class=\"data-anunt\">11.08.2026  <\/span><\/a><\/div>\n<div class=\"col-lg-4 col-md-6 bloc-egal\"><a class=\"card-anunt\" href=\"https:\/\/ziaruldevrancea.ro\/anunturi\/altele\/aniversari\/un-secol-de-viata-pentru-emanoil-gaspar-fost-sef-de-post-in-comuna-bordesti-la-multi-ani-tata\"><strong class=\"titlu\">Anivers\u0103ri<\/strong><span class=\"text-anunt\">Aniversare deosebit\u0103 \u00een Vrancea | Emanoil&#8230;<\/span><span class=\"data-anunt\">12.08.2026  <\/span><\/a><\/div>\n<div class=\"col-lg-4 col-md-6 bloc-egal\"><a class=\"card-anunt\" href=\"https:\/\/ziaruldevrancea.ro\/anunturi\/angajari\/oferte-angajari\/diverse-anunt-72834\"><strong class=\"titlu\">Oferte<\/strong><span class=\"text-anunt\">Caut persoan\u0103 \u00eengrijire persoan\u0103&#8230;<\/span><span class=\"data-anunt\">12.08.2026 , Vrancea , Foc\u0219ani<\/span><\/a><\/div>\n<\/div>\n<\/div>\n<div class=\"bloc-widget widget-albastru\">\n    Ziarul de Vrancea \u00a0nu este responsabil juridic pentru con\u0163inutul textelor din comentariile de mai jos. Responsabilitatea pentru mesajele dumneavoastra v\u0103 revine \u00een exclusivitate.\n<\/div>\n<div class=\"comentarii-articol\" id=\"comentarii\">\n<h3>Comentarii: <span class=\"text-primary\">0<\/span><\/h3>\n<p><a href=\"https:\/\/ziaruldevrancea.ro\/promo\/brand-voice\/clubul-de-fitness-city-gym-din-focsani-intra-intr-o-retea-nationala\" class=\"btn btn-success btn-adauga-com\" data-toggle=\"modal\" data-parent=\"0\" data-target=\"#commentModal\">Adaug\u0103 comentariu<\/a><\/p>\n<div class=\"loadMask comments-mask\"><img decoding=\"async\" src=\"https:\/\/zdvs.cname.ro\/images\/loader_40.gif\"><\/div>\n<div class=\"comenteaza-jos\">Trebuie s\u0103 fii <a href=\"https:\/\/ziaruldevrancea.ro\/account\">autentificat<\/a> pentru a putea <a href=\"https:\/\/ziaruldevrancea.ro\/promo\/brand-voice\/clubul-de-fitness-city-gym-din-focsani-intra-intr-o-retea-nationala\" class data-toggle=\"modal\" data-parent=\"0\" data-target=\"#commentModal\">posta un comentariu<\/a>.<\/div>\n<\/div>\n<div class=\"modal fade\" id=\"commentModal\" role=\"dialog\" aria-labelledby=\"commentModalLabel\">\n<div class=\"modal-dialog modal-lg\" role=\"document\">\n<div class=\"modal-content\">\n<div class=\"modal-header\">\n<h3 class=\"modal-title\" id=\"commentModalLabel\">Comenteaz\u0103<\/h3>\n<\/div>\n<div class=\"modal-body\">\n<div class=\"tabel tabel-full\">\n<div class=\"celula\">\n              Trebuie s\u0103 fii <a href=\"https:\/\/ziaruldevrancea.ro\/account\">autentificat<\/a> pentru a putea posta un comentariu.\n            <\/div>\n<\/div>\n<\/div>\n<div class=\"modal-footer\">\n<div id=\"commentPending\" class=\"formPending pull-left\"><img decoding=\"async\" src=\"https:\/\/zdvs.cname.ro\/images\/loader_40.gif\"> In curs de procesare&#8230;<\/div>\n<p><a href=\"https:\/\/ziaruldevrancea.ro\/promo\/brand-voice\/clubul-de-fitness-city-gym-din-focsani-intra-intr-o-retea-nationala\" class=\"btn btn-default\" data-dismiss=\"modal\">Anuleaz\u0103<\/a><\/div>\n<\/div>\n<\/div>\n<\/div>\n<div class=\"modal fade\" id=\"commentReportModal\" role=\"dialog\" aria-labelledby=\"commentReportModalLabel\">\n<div class=\"modal-dialog modal-lg\" role=\"document\">\n<div class=\"modal-content\">\n<div class=\"modal-header\">\n<h3 class=\"modal-title\" id=\"commentReportModalLabel\">Raporteaza comentariu<\/h3>\n<\/div>\n<div class=\"modal-body\">\n<div class=\"tabel tabel-full\">\n<div class=\"celula\">\n              Trebuie s\u0103 fii <a href=\"https:\/\/ziaruldevrancea.ro\/account\">autentificat<\/a> pentru a putea raporta un comentariu.\n            <\/div>\n<\/div>\n<\/div>\n<div class=\"modal-footer\">\n<div id=\"commentReportPending\" class=\"formPending pull-left\"><img decoding=\"async\" src=\"https:\/\/zdvs.cname.ro\/images\/loader_40.gif\"> In curs de procesare&#8230;<\/div>\n<p><a href=\"https:\/\/ziaruldevrancea.ro\/promo\/brand-voice\/clubul-de-fitness-city-gym-din-focsani-intra-intr-o-retea-nationala\" class=\"btn btn-default\" data-dismiss=\"modal\">Anuleaz\u0103<\/a><\/div>\n<\/div>\n<\/div>\n<\/div>\n<div class=\"modal fade\" id=\"commentLikeModal\" role=\"dialog\" aria-labelledby=\"commentLikeModalLabel\">\n<div class=\"modal-dialog modal-lg\" role=\"document\">\n<div class=\"modal-content\">\n<div class=\"modal-header\">\n<h3 class=\"modal-title\" id=\"commentReportModalLabel\">Apreciaza comentariu<\/h3>\n<\/div>\n<div class=\"modal-body\">\n<div class=\"tabel tabel-full\">\n<div class=\"celula\">\n            Trebuie s\u0103 fii <a href=\"https:\/\/ziaruldevrancea.ro\/account\">autentificat<\/a> pentru a putea aprecia un comentariu.\n          <\/div>\n<\/div>\n<\/div>\n<div class=\"modal-footer\"><a href=\"https:\/\/ziaruldevrancea.ro\/promo\/brand-voice\/clubul-de-fitness-city-gym-din-focsani-intra-intr-o-retea-nationala\" class=\"btn btn-default\" data-dismiss=\"modal\">Anuleaz\u0103<\/a><\/div>\n<\/div>\n<\/div>\n<\/div>\n<div class=\"bloc-widget widget-rosu\"><span><small>Ziarul de Vrancea doreste ca acest site sa fie un spatiu al discutiilor civilizate, al comentariilor de bun simt. Din acest motiv, cei care posteaza comentarii la articole trebuie sa respecte urmatoarele reguli:<br \/>\n1. Sa se refere doar la articolul la care posteaza comentarii.<br \/>\n2. Sa foloseasca un limbaj civilizat, fara injurii, calomnii, comentarii antisemite, xenofobe sau rasiste.<br \/>\n3. Sunt interzise atacurile la adresa autorilor, daca acestea nu au legatura cu textul.<br \/>\n4. Username-ul sa nu fie nume de personalitati ale vietii publice sau parodieri ale acestora.<br \/>\nAutorul unui articol poate fi criticat pentru eventuale greseli, incoerenta, lipsa de documentare etc.<br \/>\nNerespectarea regulilor mentionate mai sus va duce la stergerea comentariilor, fara avertisment si fara explicatii.<br \/>\nAbaterile repetate vor avea drept consecinta interdictia accesului la aceasta facilitate a site-ului.<\/small><\/span><\/div>\n<\/div>\n<p>[analyse_source url=&#8221;https:\/\/ziaruldevrancea.ro\/promo\/brand-voice\/clubul-de-fitness-city-gym-din-focsani-intra-intr-o-retea-nationala&#8221;]<\/p>\n","protected":false},"excerpt":{"rendered":"<p>[analyse_image type=&#8221;featured&#8221; src=&#8221;https:\/\/zdvi.cname.ro\/_\/clubul-de-fitness-city-gym-din-focsani-intra-intr-o-retea-nationala\/mediaPool\/unOJ3Dk.jpg&#8221;] Brand voice Clubul de fitness City Gym din Foc\u0219ani intr\u0103 \u00eentr-o re\u021bea na\u021bional\u0103 Distribuie: \u00a0 | Eduard Dasc\u0103lu 30 iul 20261271 vizualiz\u0103ri Fondul Mozaik Investments preia operatorul \u0219i anun\u021b\u0103 investi\u021bii de 8 milioane de euro \u00een dezvoltarea Urban Fitness Pia\u021ba serviciilor de fitness din Vrancea intr\u0103 \u00eentr-o nou\u0103 etap\u0103, dup\u0103 ce sala [&hellip;]<\/p>\n","protected":false},"author":1,"featured_media":0,"comment_status":"open","ping_status":"","sticky":false,"template":"","format":"standard","meta":{"footnotes":""},"categories":[89],"tags":[226,208],"class_list":["post-2093042","post","type-post","status-publish","format-standard","hentry","category-romania","tag-crawlmanager","tag-ziaruldevrancea-ro"],"_links":{"self":[{"href":"https:\/\/analyse.optim.biz\/index.php?rest_route=\/wp\/v2\/posts\/2093042","targetHints":{"allow":["GET"]}}],"collection":[{"href":"https:\/\/analyse.optim.biz\/index.php?rest_route=\/wp\/v2\/posts"}],"about":[{"href":"https:\/\/analyse.optim.biz\/index.php?rest_route=\/wp\/v2\/types\/post"}],"author":[{"embeddable":true,"href":"https:\/\/analyse.optim.biz\/index.php?rest_route=\/wp\/v2\/users\/1"}],"replies":[{"embeddable":true,"href":"https:\/\/analyse.optim.biz\/index.php?rest_route=%2Fwp%2Fv2%2Fcomments&post=2093042"}],"version-history":[{"count":0,"href":"https:\/\/analyse.optim.biz\/index.php?rest_route=\/wp\/v2\/posts\/2093042\/revisions"}],"wp:attachment":[{"href":"https:\/\/analyse.optim.biz\/index.php?rest_route=%2Fwp%2Fv2%2Fmedia&parent=2093042"}],"wp:term":[{"taxonomy":"category","embeddable":true,"href":"https:\/\/analyse.optim.biz\/index.php?rest_route=%2Fwp%2Fv2%2Fcategories&post=2093042"},{"taxonomy":"post_tag","embeddable":true,"href":"https:\/\/analyse.optim.biz\/index.php?rest_route=%2Fwp%2Fv2%2Ftags&post=2093042"}],"curies":[{"name":"wp","href":"https:\/\/api.w.org\/{rel}","templated":true}]}}