{"id":2093040,"date":"2026-07-29T00:00:00","date_gmt":"2026-07-28T21:00:00","guid":{"rendered":"https:\/\/analyse.optim.biz\/?p=2093040"},"modified":"2026-07-29T00:00:00","modified_gmt":"2026-07-28T21:00:00","slug":"sectia-de-oncologie-a-spitalului-judetean-focsani-a-primit-10-scaune-pentru-tratamente-oncologice-donate-de-asociatia-hope-and-love-for-life","status":"publish","type":"post","link":"https:\/\/analyse.optim.biz\/?p=2093040","title":{"rendered":"Sec\u021bia de Oncologie a Spitalului Jude\u021bean Foc\u0219ani a primit 10 scaune pentru tratamente oncologice, donate de Asocia\u021bia Hope and Love for LIFE"},"content":{"rendered":"<p>[analyse_image type=&#8221;featured&#8221; src=&#8221;https:\/\/zdvi.cname.ro\/_\/sectia-de-oncologie-a-spitalului-judetean-focsani-a-primit-10-scaune-pentru-tratamente-oncologice-donate-de-asociatia-hope-and-love-for-life\/mediaPool\/ukduWAq.jpg&#8221;]<\/p>\n<div class=\"main-content detaliu-articol\"><a class=\"titlu-cat-list\" href=\"https:\/\/ziaruldevrancea.ro\/promo\/brand-voice\">Brand voice<\/a><\/p>\n<h1>Sec\u021bia de Oncologie a Spitalului Jude\u021bean Foc\u0219ani a primit 10 scaune pentru tratamente oncologice, donate de Asocia\u021bia Hope and Love for LIFE<\/h1>\n<div class=\"date-articol clearfix\">\n<div class=\"distribuie-articol dropdown\">\n    Distribuie: \u00a0<br \/>\n    <em>|<\/em><\/div>\n<div class=\"autor-articol\"><a href=\"https:\/\/ziaruldevrancea.ro\/autor\/camelia-marin\/\"><img decoding=\"async\" class=\"img-circle\" src=\"https:\/\/zdvi.cname.ro\/50_50\/articleAuthor\/camelia-marin\/articleAuthor\/u9DOVkc.jpg\" alt><\/a><\/p>\n<h5><a href=\"https:\/\/ziaruldevrancea.ro\/autor\/camelia-marin\/\">Camelia Marin<\/a><\/h5>\n<div class=\"grup-spatiere\"><span class=\"cu-spatiere\">29 iul 2026<\/span><span class=\"cu-spatiere\">817 vizualiz\u0103ri<\/span><\/div>\n<\/div>\n<\/div>\n<div class=\"poza-mare\">\n<div class=\"poza-mare galerie-detaliu\">\n<div id=\"carousel-poza-mare\" class=\"carousel slide carusel-poza\" data-ride=\"carousel\" data-interval=\"0\">\n<div class=\"carousel-inner\" role=\"listbox\">\n<div class=\"item imagine-carusel active\"><a href class=\"openGallery\"><img decoding=\"async\" class=\"img-responsive\" src=\"https:\/\/zdvi.cname.ro\/850_530\/sectia-de-oncologie-a-spitalului-judetean-focsani-a-primit-10-scaune-pentru-tratamente-oncologice-donate-de-asociatia-hope-and-love-for-life\/article\/mediaPool\/ukduWAq.jpg\" alt><\/a><\/div>\n<div class=\"item imagine-carusel \"><a href class=\"openGallery\"><img decoding=\"async\" class=\"img-responsive\" src=\"https:\/\/zdvi.cname.ro\/850_530\/sectia-de-oncologie-a-spitalului-judetean-focsani-a-primit-10-scaune-pentru-tratamente-oncologice-donate-de-asociatia-hope-and-love-for-life\/article\/mediaPool\/uIDmWdd.jpg\" alt><\/a><\/div>\n<div class=\"item imagine-carusel \"><a href class=\"openGallery\"><img decoding=\"async\" class=\"img-responsive\" src=\"https:\/\/zdvi.cname.ro\/850_530\/sectia-de-oncologie-a-spitalului-judetean-focsani-a-primit-10-scaune-pentru-tratamente-oncologice-donate-de-asociatia-hope-and-love-for-life\/article\/mediaPool\/uBaruQf.jpg\" alt><\/a><\/div>\n<div class=\"item imagine-carusel \"><a href class=\"openGallery\"><img decoding=\"async\" class=\"img-responsive\" src=\"https:\/\/zdvi.cname.ro\/850_530\/sectia-de-oncologie-a-spitalului-judetean-focsani-a-primit-10-scaune-pentru-tratamente-oncologice-donate-de-asociatia-hope-and-love-for-life\/article\/mediaPool\/u8m73si.jpg\" alt><\/a><\/div>\n<div class=\"item imagine-carusel \"><a href class=\"openGallery\"><img decoding=\"async\" class=\"img-responsive\" src=\"https:\/\/zdvi.cname.ro\/850_530\/sectia-de-oncologie-a-spitalului-judetean-focsani-a-primit-10-scaune-pentru-tratamente-oncologice-donate-de-asociatia-hope-and-love-for-life\/article\/mediaPool\/uTGsF5k.jpg\" alt><\/a><\/div>\n<\/div>\n<\/div>\n<div id=\"carousel-poze-mici\" class=\"carousel slide carusel-mici\" data-ride=\"carousel\" data-interval=\"0\">\n<div class=\"carousel-inner\" role=\"listbox\">\n<div class=\"item active\">\n<ul class=\"navigare-carusel-imagini\">\n<li data-target=\"#carousel-poza-mare\" data-slide-to=\"0\"><img decoding=\"async\" class=\"img-responsive\" src=\"https:\/\/zdvi.cname.ro\/_90\/sectia-de-oncologie-a-spitalului-judetean-focsani-a-primit-10-scaune-pentru-tratamente-oncologice-donate-de-asociatia-hope-and-love-for-life\/article\/mediaPool\/ukduWAq.jpg\" alt><\/li>\n<li data-target=\"#carousel-poza-mare\" data-slide-to=\"1\"><img decoding=\"async\" class=\"img-responsive\" src=\"https:\/\/zdvi.cname.ro\/_90\/sectia-de-oncologie-a-spitalului-judetean-focsani-a-primit-10-scaune-pentru-tratamente-oncologice-donate-de-asociatia-hope-and-love-for-life\/article\/mediaPool\/uIDmWdd.jpg\" alt><\/li>\n<li data-target=\"#carousel-poza-mare\" data-slide-to=\"2\"><img decoding=\"async\" class=\"img-responsive\" src=\"https:\/\/zdvi.cname.ro\/_90\/sectia-de-oncologie-a-spitalului-judetean-focsani-a-primit-10-scaune-pentru-tratamente-oncologice-donate-de-asociatia-hope-and-love-for-life\/article\/mediaPool\/uBaruQf.jpg\" alt><\/li>\n<li data-target=\"#carousel-poza-mare\" data-slide-to=\"3\"><img decoding=\"async\" class=\"img-responsive\" src=\"https:\/\/zdvi.cname.ro\/_90\/sectia-de-oncologie-a-spitalului-judetean-focsani-a-primit-10-scaune-pentru-tratamente-oncologice-donate-de-asociatia-hope-and-love-for-life\/article\/mediaPool\/u8m73si.jpg\" alt><\/li>\n<li data-target=\"#carousel-poza-mare\" data-slide-to=\"4\"><img decoding=\"async\" class=\"img-responsive\" src=\"https:\/\/zdvi.cname.ro\/_90\/sectia-de-oncologie-a-spitalului-judetean-focsani-a-primit-10-scaune-pentru-tratamente-oncologice-donate-de-asociatia-hope-and-love-for-life\/article\/mediaPool\/uTGsF5k.jpg\" alt><\/li>\n<\/ul>\n<\/div>\n<\/div>\n<\/div>\n<\/div>\n<\/div>\n<p><strong>Pacien\u021bii care urmeaz\u0103 \u0219edin\u021be de chimioterapie \u00een ambulatoriu sau \u00een internarea de zi vor beneficia de condi\u021bii mai confortabile, dup\u0103 o dona\u021bie \u00een valoare de peste 30.000 de lei realizat\u0103 cu sprijinul comunit\u0103\u021bii.<\/strong><\/p>\n<p><strong>Sec\u021bia de Oncologie a Spitalului Jude\u021bean Foc\u0219ani a primit 10 scaune pentru tratamente oncologice, donate de Asocia\u021bia Hope and Love for LIFE<\/strong><\/p>\n<p>Sec\u021bia de Oncologie a Spitalului Jude\u021bean de Urgen\u021b\u0103 \u201eSf\u00e2ntul Pantelimon\u201d Foc\u0219ani beneficiaz\u0103 de noi echipamente destinate pacien\u021bilor care urmeaz\u0103 tratamente oncologice. Potrivit unui comunicat de pres\u0103 transmis miercuri, 29 iulie 2026, de conducerea unit\u0103\u021bii medicale, Asocia\u021bia <strong>Hope and Love for LIFE<\/strong>, \u00eempreun\u0103 cu sponsorii s\u0103i, a donat zece scaune medicale speciale utilizate pentru administrarea tratamentelor oncologice.<\/p>\n<p>Reprezentan\u021bii spitalului arat\u0103 c\u0103 dona\u021bia contribuie la \u00eembun\u0103t\u0103\u021birea condi\u021biilor \u00een care sunt trata\u021bi pacien\u021bii diagnostica\u021bi cu afec\u021biuni oncologice, oferindu-le un plus de confort \u00een timpul \u0219edin\u021belor de chimioterapie \u0219i al altor tratamente administrate intravenos.<\/p>\n<p>\u00cen mesajul transmis public, conducerea Spitalului Jude\u021bean de Urgen\u021b\u0103 \u201eSf\u00e2ntul Pantelimon\u201d Foc\u0219ani subliniaz\u0103 c\u0103 sprijinul primit reprezint\u0103 nu doar o dotare material\u0103, ci \u0219i un exemplu de implicare a comunit\u0103\u021bii \u00een sus\u021binerea sistemului medical.<\/p>\n<p>\u201eCredem cu t\u0103rie c\u0103 medicina \u00eenseamn\u0103 competen\u021b\u0103 \u0219i profesionalism, dar \u0219i umanitate. Iar atunci c\u00e2nd solidaritatea \u00eent\u00e2lne\u0219te dedicarea cadrelor medicale, rezultatul este o \u00eengrijire mai bun\u0103 \u0219i mai mult\u0103 speran\u021b\u0103 pentru fiecare pacient\u201d, se arat\u0103 \u00een comunicatul institu\u021biei.<\/p>\n<p><strong>Dona\u021bie \u00een valoare de peste 30.000 de lei<\/strong><\/p>\n<p>La r\u00e2ndul s\u0103u, Asocia\u021bia Hope and Love for LIFE a precizat, \u00eentr-o postare publicat\u0103 pe 27 iulie, c\u0103 proiectul a avut o valoare total\u0103 de <strong>30.201,60 lei<\/strong>.<\/p>\n<p>Cele zece scaune sunt destinate pacien\u021bilor care urmeaz\u0103 tratamente \u00een regim de ambulatoriu sau de internare de zi \u0219i sunt utilizate \u00een timpul administr\u0103rii intravenoase a tratamentelor oncologice.<\/p>\n<p>Potrivit reprezentan\u021bilor asocia\u021biei, ini\u021biativa a pornit de la nevoile identificate \u00een cadrul Sec\u021biei de Oncologie, unde pacien\u021bii petrec adesea multe ore \u00een timpul tratamentelor.<\/p>\n<p>Asocia\u021bia aminte\u0219te c\u0103, la \u00eenceputul lunii iulie, a lansat o campanie prin care c\u0103uta zece sponsori pentru achizi\u021bionarea celor zece scaune medicale, campanie care a beneficiat de sprijinul mai multor persoane fizice \u0219i companii.<\/p>\n<p><strong>Implicarea comunit\u0103\u021bii<\/strong><\/p>\n<p>Reprezentan\u021bii Hope and Love for LIFE subliniaz\u0103 c\u0103 proiectul nu s-a limitat la str\u00e2ngerea fondurilor, ci a presupus \u0219i identificarea unor echipamente compatibile cu cerin\u021bele sec\u021biei.<\/p>\n<p>De asemenea, asocia\u021bia precizeaz\u0103 c\u0103 echipa companiei <strong>EFARM TOP<\/strong> s-a implicat inclusiv \u00een transportul \u0219i montajul scaunelor, astfel \u00eenc\u00e2t acestea s\u0103 poat\u0103 fi utilizate c\u00e2t mai rapid de c\u0103tre pacien\u021bi.<\/p>\n<p>\u00cen mesajul publicat, organiza\u021bia anun\u021b\u0103 c\u0103 inten\u021bioneaz\u0103 s\u0103 continue sprijinirea Sec\u021biei de Oncologie din cadrul Spitalului Jude\u021bean Foc\u0219ani \u0219i s\u0103 stabileasc\u0103, \u00eempreun\u0103 cu medicii sec\u021biei, care sunt urm\u0103toarele priorit\u0103\u021bi privind dotarea \u0219i \u00eembun\u0103t\u0103\u021birea condi\u021biilor pentru pacien\u021bi.<\/p>\n<p>Conducerea Spitalului Jude\u021bean de Urgen\u021b\u0103 \u201eSf\u00e2ntul Pantelimon\u201d Foc\u0219ani a transmis mul\u021bumiri Asocia\u021biei Hope and Love for LIFE, sponsorilor implica\u021bi \u0219i tuturor celor care au contribuit la realizarea proiectului, apreciind c\u0103 astfel de ini\u021biative completeaz\u0103 eforturile sistemului medical \u0219i contribuie la cre\u0219terea confortului pacien\u021bilor afla\u021bi \u00een tratament.<\/p>\n<p><strong>Camelia Marin\u00a0<\/strong><\/p>\n<p><strong>Citi\u021bi\u00een continuare \u0219i con\u021binutul integral al comunicatului de pres\u0103 f\u0103cut public miercuri 29 iulie 2026 ora 10:46 de purt\u0103torul de cuv\u00e2nt al Spitalului Jude\u021bean Foc\u0219ani \u00een leg\u0103tur\u0103 cu acest articol<\/strong><\/p>\n<div><strong>COMUNICAT DE PRES\u0102:C\u00e2nd solidaritatea devine speran\u021b\u0103!<\/strong><\/div>\n<div>\u00cen lupta cu cancerul, fiecare zi este o provocare. Dincolo de tratamente \u0219i proceduri medicale, pacien\u021bii au nevoie de respect, de demnitate \u0219i de condi\u021bii care s\u0103 le ofere c\u00e2t mai mult confort \u00eentr-unul dintre cele mai dificile momente ale vie\u021bii.<\/div>\n<div>Spitalul Jude\u021bean de Urgen\u021b\u0103 \u201eSf\u00e2ntul Pantelimon\u201d Foc\u0219ani prime\u0219te cu profund\u0103 recuno\u0219tin\u021b\u0103 dona\u021bia f\u0103cut\u0103 de Asocia\u021bia Hope and Love for LIFE, care, \u00eempreun\u0103 cu sponsorii s\u0103i, a oferit Sec\u021biei de Oncologie zece scaune destinate administr\u0103rii tratamentelor oncologice.<\/div>\n<div>Acest gest \u00eenseamn\u0103 mai mult dec\u00e2t o dona\u021bie de echipamente. \u00censeamn\u0103 grij\u0103 fa\u021b\u0103 de oameni, empatie \u0219i implicare. \u00censeamn\u0103 dovada c\u0103, atunci c\u00e2nd institu\u021biile \u0219i comunitatea \u00ee\u0219i unesc for\u021bele, putem aduce un plus de speran\u021b\u0103 celor care au cea mai mare nevoie de ea.<\/div>\n<div>\u00cen numele pacien\u021bilor \u0219i al \u00eentregului personal medical, conducerea spitalului transmite sincere mul\u021bumiri Asocia\u021biei Hope and Love for LIFE \u0219i tuturor celor care au contribuit la acest proiect. Fiecare sprijin primit ne ajut\u0103 s\u0103 oferim servicii medicale \u00eentr-un mediu mai sigur, mai confortabil \u0219i mai apropiat de nevoile pacien\u021bilor.<\/div>\n<div>Credem cu t\u0103rie c\u0103 medicina \u00eenseamn\u0103 competen\u021b\u0103 \u0219i profesionalism, dar \u0219i umanitate. Iar atunci c\u00e2nd solidaritatea \u00eent\u00e2lne\u0219te dedicarea cadrelor medicale, rezultatul este o \u00eengrijire mai bun\u0103 \u0219i mai mult\u0103 speran\u021b\u0103 pentru fiecare pacient.<\/div>\n<div>Mul\u021bumim tuturor celor care aleg s\u0103 fie parte din aceast\u0103 misiune. \u00cempreun\u0103 putem transforma gesturile de generozitate \u00een \u0219anse reale pentru via\u021b\u0103.<\/div>\n<div><strong>Conducerea Spitalului Jude\u021bean de Urgen\u021b\u0103 \u201eSf\u00e2ntul Pantelimon\u201d Foc\u0219ani<\/strong><\/div>\n<hr>\n<div class=\"bloc-widget widget-rosu\">\n<p>\u00cen lipsa unui acord scris din partea Ziarului de Vrancea, pute\u0163i prelua maxim 500 de caractere din acest articol dac\u0103 preciza\u0163i sursa \u015fi insera\u0163i vizibil link-ul articolului:\u00a0<span>#insertcurrentlinkhere<\/span><\/p>\n<\/div>\n<div class=\"extra-articol listing-anunturi\">\n<h6>Anun\u021buri <span class=\"text-primary\">ZdV<\/span> Premium<\/h6>\n<div class=\"row\">\n<div class=\"col-lg-4 col-md-6 bloc-egal\"><a class=\"card-anunt\" href=\"https:\/\/ziaruldevrancea.ro\/anunturi\/imobiliare\/vanzari-garsoniere\/vand-garsoniera-pe-strada-pictor-grigorescu-nr-29\"><strong class=\"titlu\">V\u00e2nz\u0103ri garsoniere<\/strong><span class=\"text-anunt\">Vand garsoniera pe strada Pictor Grigorescu nr 29&#8230;<\/span><span class=\"data-anunt\">12.08.2026 , Vrancea , Foc\u0219ani<\/span><\/a><\/div>\n<div class=\"col-lg-4 col-md-6 bloc-egal\"><a class=\"card-anunt\" href=\"https:\/\/ziaruldevrancea.ro\/anunturi\/necrolog\/condoleante\/dumnezeu-sa-il-odihneasca-in-pace-anunt-72838\"><strong class=\"titlu\">Condolean\u021be<\/strong><span class=\"text-anunt\">Sindicatul Finan\u021be Vrancea al salaria\u021bilor&#8230;<\/span><span class=\"data-anunt\">12.08.2026  <\/span><\/a><\/div>\n<div class=\"col-lg-4 col-md-6 bloc-egal\"><a class=\"card-anunt\" href=\"https:\/\/ziaruldevrancea.ro\/anunturi\/necrolog\/condoleante\/dumnezeu-sa-l-odihneasca-in-pace\"><strong class=\"titlu\">Condolean\u021be<\/strong><span class=\"text-anunt\">Comunitatea noastr\u0103 \u00ee\u0219i ia ast\u0103zi&#8230;<\/span><span class=\"data-anunt\">12.08.2026  <\/span><\/a><\/div>\n<\/div>\n<\/div>\n<div class=\"extra-articol alte-articole\">\n<div class=\"row\">\n<div class=\"col-lg-6 bloc-egal\">\n<div class=\"card articol-listing\">\n<h6>\u00cen categoria <a href=\"https:\/\/ziaruldevrancea.ro\/promo\/brand-voice\">Brand voice<\/a><\/h6>\n<div class=\"grup-articol-listing\">\n<div class=\"cont-pils\"><a href=\"https:\/\/ziaruldevrancea.ro\/promo\/brand-voice\/focsani-centrul-de-zi-pentru-varstnici-de-pe-strada-fraternitatii-se-apropie-de-receptia-tehnica\"><img decoding=\"async\" src=\"https:\/\/zdvi.cname.ro\/180_135\/promo\/brand-voice\/focsani-centrul-de-zi-pentru-varstnici-de-pe-strada-fraternitatii-se-apropie-de-receptia-tehnica\/mediaPool\/u3nCvZj.png\" class=\"img-responsive img-180\" alt><\/a><\/div>\n<h2><a class=\"link-titlu\" href=\"https:\/\/ziaruldevrancea.ro\/promo\/brand-voice\/focsani-centrul-de-zi-pentru-varstnici-de-pe-strada-fraternitatii-se-apropie-de-receptia-tehnica\">Foc\u0219ani: Centrul de zi pentru v\u00e2rstnici de pe strada Fraternit\u0103\u021bii se apropie de recep\u021bia tehnic\u0103<\/a><\/h2>\n<div class=\"date-post\"><a href=\"https:\/\/ziaruldevrancea.ro\/autor\/mircea-pavel\">Mircea Pavel<\/a>, 14 aug 2026  <\/div>\n<\/div>\n<div class=\"grup-articol-listing\">\n<div class=\"cont-pils\"><a href=\"https:\/\/ziaruldevrancea.ro\/promo\/brand-voice\/de-la-gologanu-direct-in-farfuriile-vrancenilor-sofranul-cultivat-in-vrancea-isi-cauta-locul-in-meniurile-restaurantelor\"><img decoding=\"async\" src=\"https:\/\/zdvi.cname.ro\/180_135\/promo\/brand-voice\/de-la-gologanu-direct-in-farfuriile-vrancenilor-sofranul-cultivat-in-vrancea-isi-cauta-locul-in-meniurile-restaurantelor\/mediaPool\/uyZW0u5.png\" class=\"img-responsive img-180\" alt><\/a><\/div>\n<h2><a class=\"link-titlu\" href=\"https:\/\/ziaruldevrancea.ro\/promo\/brand-voice\/de-la-gologanu-direct-in-farfuriile-vrancenilor-sofranul-cultivat-in-vrancea-isi-cauta-locul-in-meniurile-restaurantelor\">De la Gologanu, direct \u00een farfuriile vr\u00e2ncenilor: \u0219ofranul cultivat \u00een Vrancea \u00ee\u0219i caut\u0103 locul \u00een meniurile restaurantelor<\/a><\/h2>\n<div class=\"date-post\"><a href=\"https:\/\/ziaruldevrancea.ro\/autor\/radu-tomescu\">Radu Tomescu<\/a>, 14 aug 2026  <\/div>\n<\/div>\n<div class=\"grup-articol-listing\">\n<div class=\"cont-pils\"><a href=\"https:\/\/ziaruldevrancea.ro\/promo\/brand-voice\/vrancea-cj-aproba-proiecte-pentru-drumuri-locuinte-anl-si-sprijinirea-sinistratilor-de-la-soveja\"><img decoding=\"async\" src=\"https:\/\/zdvi.cname.ro\/180_135\/promo\/brand-voice\/vrancea-cj-aproba-proiecte-pentru-drumuri-locuinte-anl-si-sprijinirea-sinistratilor-de-la-soveja\/mediaPool\/uoz4hjl.png\" class=\"img-responsive img-180\" alt><\/a><\/div>\n<h2><a class=\"link-titlu\" href=\"https:\/\/ziaruldevrancea.ro\/promo\/brand-voice\/vrancea-cj-aproba-proiecte-pentru-drumuri-locuinte-anl-si-sprijinirea-sinistratilor-de-la-soveja\">Vrancea | CJ aprob\u0103 proiecte pentru drumuri, locuin\u021be ANL \u0219i sprijinirea sinistra\u021bilor de la Soveja<\/a><\/h2>\n<div class=\"date-post\"><a href=\"https:\/\/ziaruldevrancea.ro\/autor\/radu-tomescu\">Radu Tomescu<\/a>, 13 aug 2026  <\/div>\n<\/div>\n<\/div>\n<\/div>\n<div class=\"col-lg-6 bloc-egal\">\n<div class=\"card articol-listing\">\n<h6>De acela\u0219i <a href=\"https:\/\/ziaruldevrancea.ro\/autor\/camelia-marin\/\">autor<\/a><\/h6>\n<div class=\"grup-articol-listing\">\n<div class=\"cont-pils\"><a href=\"https:\/\/ziaruldevrancea.ro\/timp-liber\/vrancea-culturala-expozitia-personala-a-pictoritei-iuliana-cucu-se-deschide-vineri-la-focsani\"><img decoding=\"async\" src=\"https:\/\/zdvi.cname.ro\/180_135\/timp-liber\/vrancea-culturala-expozitia-personala-a-pictoritei-iuliana-cucu-se-deschide-vineri-la-focsani\/mediaPool\/uyERGYu.jpg\" class=\"img-responsive img-180\" alt><\/a><\/div>\n<h2><a class=\"link-titlu\" href=\"https:\/\/ziaruldevrancea.ro\/timp-liber\/vrancea-culturala-expozitia-personala-a-pictoritei-iuliana-cucu-se-deschide-vineri-la-focsani\">Vrancea cultural\u0103 | Expozi\u021bia personal\u0103 a pictori\u021bei Iuliana Cucu se deschide vineri la Foc\u0219ani<\/a><\/h2>\n<div class=\"date-post\"><a href=\"https:\/\/ziaruldevrancea.ro\/autor\/camelia-marin\">Camelia Marin<\/a>, 12 aug 2026  <\/div>\n<\/div>\n<div class=\"grup-articol-listing\">\n<div class=\"cont-pils\"><a href=\"https:\/\/ziaruldevrancea.ro\/timp-liber\/festivalul-glasul-buciumului-revine-la-spulber-angela-rusu-si-ansambluri-din-vrancea-pe-scena-editiei-a-v-a\"><img decoding=\"async\" src=\"https:\/\/zdvi.cname.ro\/180_135\/timp-liber\/festivalul-glasul-buciumului-revine-la-spulber-angela-rusu-si-ansambluri-din-vrancea-pe-scena-editiei-a-v-a\/mediaPool\/uYLFz25.jpg\" class=\"img-responsive img-180\" alt><\/a><\/div>\n<h2><a class=\"link-titlu\" href=\"https:\/\/ziaruldevrancea.ro\/timp-liber\/festivalul-glasul-buciumului-revine-la-spulber-angela-rusu-si-ansambluri-din-vrancea-pe-scena-editiei-a-v-a\">Festivalul \u201eGlasul Buciumului\u201d revine la Spulber: Angela Rusu \u0219i ansambluri din Vrancea, pe scena edi\u021biei a V-a<\/a><\/h2>\n<div class=\"date-post\"><a href=\"https:\/\/ziaruldevrancea.ro\/autor\/camelia-marin\">Camelia Marin<\/a>, 11 aug 2026  <\/div>\n<\/div>\n<div class=\"grup-articol-listing\">\n<div class=\"cont-pils\"><a href=\"https:\/\/ziaruldevrancea.ro\/promo\/evenimente-speciale\/video-glasul-buciumului-rasuna-din-nou-in-vrancea.-festival-folcloric-la-spulber-pe-15-si-16-august-2026\"><img decoding=\"async\" src=\"https:\/\/zdvi.cname.ro\/180_135\/promo\/evenimente-speciale\/video-glasul-buciumului-rasuna-din-nou-in-vrancea.-festival-folcloric-la-spulber-pe-15-si-16-august-2026\/mediaPool\/uZQ9I5r.jpg\" class=\"img-responsive img-180\" alt><\/a><\/div>\n<h2><a class=\"link-titlu\" href=\"https:\/\/ziaruldevrancea.ro\/promo\/evenimente-speciale\/video-glasul-buciumului-rasuna-din-nou-in-vrancea.-festival-folcloric-la-spulber-pe-15-si-16-august-2026\">VIDEO | \u201eGlasul Buciumului\u201d r\u0103sun\u0103 din nou \u00een Vrancea. Festival folcloric la Spulber, pe 15 \u0219i 16 august 2026<\/a><\/h2>\n<div class=\"date-post\"><a href=\"https:\/\/ziaruldevrancea.ro\/autor\/camelia-marin\">Camelia Marin<\/a>, 10 aug 2026  <\/div>\n<\/div>\n<\/div>\n<\/div>\n<\/div>\n<\/div>\n<div class=\"extra-articol listing-anunturi\">\n<h6>Anun\u021buri <span class=\"text-primary\">ZdV<\/span> Premium<\/h6>\n<div class=\"row\">\n<div class=\"col-lg-4 col-md-6 bloc-egal\"><a class=\"card-anunt\" href=\"https:\/\/ziaruldevrancea.ro\/anunturi\/auto\/utilaje-camioane\/vand-combina-agricola\"><strong class=\"titlu\">Utilaje-Camioane<\/strong><span class=\"text-anunt\">V\u00e2nd combin\u0103 agricol\u0103 Claas Dominator 85&#8230;<\/span><span class=\"data-anunt\">11.08.2026  <\/span><\/a><\/div>\n<div class=\"col-lg-4 col-md-6 bloc-egal\"><a class=\"card-anunt\" href=\"https:\/\/ziaruldevrancea.ro\/anunturi\/altele\/aniversari\/un-secol-de-viata-pentru-emanoil-gaspar-fost-sef-de-post-in-comuna-bordesti-la-multi-ani-tata\"><strong class=\"titlu\">Anivers\u0103ri<\/strong><span class=\"text-anunt\">Aniversare deosebit\u0103 \u00een Vrancea | Emanoil&#8230;<\/span><span class=\"data-anunt\">12.08.2026  <\/span><\/a><\/div>\n<div class=\"col-lg-4 col-md-6 bloc-egal\"><a class=\"card-anunt\" href=\"https:\/\/ziaruldevrancea.ro\/anunturi\/angajari\/oferte-angajari\/diverse-anunt-72834\"><strong class=\"titlu\">Oferte<\/strong><span class=\"text-anunt\">Caut persoan\u0103 \u00eengrijire persoan\u0103&#8230;<\/span><span class=\"data-anunt\">12.08.2026 , Vrancea , Foc\u0219ani<\/span><\/a><\/div>\n<\/div>\n<\/div>\n<div class=\"bloc-widget widget-albastru\">\n    Ziarul de Vrancea \u00a0nu este responsabil juridic pentru con\u0163inutul textelor din comentariile de mai jos. Responsabilitatea pentru mesajele dumneavoastra v\u0103 revine \u00een exclusivitate.\n<\/div>\n<div class=\"comentarii-articol\" id=\"comentarii\">\n<h3>Comentarii: <span class=\"text-primary\">0<\/span><\/h3>\n<p><a href=\"https:\/\/ziaruldevrancea.ro\/promo\/brand-voice\/sectia-de-oncologie-a-spitalului-judetean-focsani-a-primit-10-scaune-pentru-tratamente-oncologice-donate-de-asociatia-hope-and-love-for-life\" class=\"btn btn-success btn-adauga-com\" data-toggle=\"modal\" data-parent=\"0\" data-target=\"#commentModal\">Adaug\u0103 comentariu<\/a><\/p>\n<div class=\"loadMask comments-mask\"><img decoding=\"async\" src=\"https:\/\/zdvs.cname.ro\/images\/loader_40.gif\"><\/div>\n<div class=\"comenteaza-jos\">Trebuie s\u0103 fii <a href=\"https:\/\/ziaruldevrancea.ro\/account\">autentificat<\/a> pentru a putea <a href=\"https:\/\/ziaruldevrancea.ro\/promo\/brand-voice\/sectia-de-oncologie-a-spitalului-judetean-focsani-a-primit-10-scaune-pentru-tratamente-oncologice-donate-de-asociatia-hope-and-love-for-life\" class data-toggle=\"modal\" data-parent=\"0\" data-target=\"#commentModal\">posta un comentariu<\/a>.<\/div>\n<\/div>\n<div class=\"modal fade\" id=\"commentModal\" role=\"dialog\" aria-labelledby=\"commentModalLabel\">\n<div class=\"modal-dialog modal-lg\" role=\"document\">\n<div class=\"modal-content\">\n<div class=\"modal-header\">\n<h3 class=\"modal-title\" id=\"commentModalLabel\">Comenteaz\u0103<\/h3>\n<\/div>\n<div class=\"modal-body\">\n<div class=\"tabel tabel-full\">\n<div class=\"celula\">\n              Trebuie s\u0103 fii <a href=\"https:\/\/ziaruldevrancea.ro\/account\">autentificat<\/a> pentru a putea posta un comentariu.\n            <\/div>\n<\/div>\n<\/div>\n<div class=\"modal-footer\">\n<div id=\"commentPending\" class=\"formPending pull-left\"><img decoding=\"async\" src=\"https:\/\/zdvs.cname.ro\/images\/loader_40.gif\"> In curs de procesare&#8230;<\/div>\n<p><a href=\"https:\/\/ziaruldevrancea.ro\/promo\/brand-voice\/sectia-de-oncologie-a-spitalului-judetean-focsani-a-primit-10-scaune-pentru-tratamente-oncologice-donate-de-asociatia-hope-and-love-for-life\" class=\"btn btn-default\" data-dismiss=\"modal\">Anuleaz\u0103<\/a><\/div>\n<\/div>\n<\/div>\n<\/div>\n<div class=\"modal fade\" id=\"commentReportModal\" role=\"dialog\" aria-labelledby=\"commentReportModalLabel\">\n<div class=\"modal-dialog modal-lg\" role=\"document\">\n<div class=\"modal-content\">\n<div class=\"modal-header\">\n<h3 class=\"modal-title\" id=\"commentReportModalLabel\">Raporteaza comentariu<\/h3>\n<\/div>\n<div class=\"modal-body\">\n<div class=\"tabel tabel-full\">\n<div class=\"celula\">\n              Trebuie s\u0103 fii <a href=\"https:\/\/ziaruldevrancea.ro\/account\">autentificat<\/a> pentru a putea raporta un comentariu.\n            <\/div>\n<\/div>\n<\/div>\n<div class=\"modal-footer\">\n<div id=\"commentReportPending\" class=\"formPending pull-left\"><img decoding=\"async\" src=\"https:\/\/zdvs.cname.ro\/images\/loader_40.gif\"> In curs de procesare&#8230;<\/div>\n<p><a href=\"https:\/\/ziaruldevrancea.ro\/promo\/brand-voice\/sectia-de-oncologie-a-spitalului-judetean-focsani-a-primit-10-scaune-pentru-tratamente-oncologice-donate-de-asociatia-hope-and-love-for-life\" class=\"btn btn-default\" data-dismiss=\"modal\">Anuleaz\u0103<\/a><\/div>\n<\/div>\n<\/div>\n<\/div>\n<div class=\"modal fade\" id=\"commentLikeModal\" role=\"dialog\" aria-labelledby=\"commentLikeModalLabel\">\n<div class=\"modal-dialog modal-lg\" role=\"document\">\n<div class=\"modal-content\">\n<div class=\"modal-header\">\n<h3 class=\"modal-title\" id=\"commentReportModalLabel\">Apreciaza comentariu<\/h3>\n<\/div>\n<div class=\"modal-body\">\n<div class=\"tabel tabel-full\">\n<div class=\"celula\">\n            Trebuie s\u0103 fii <a href=\"https:\/\/ziaruldevrancea.ro\/account\">autentificat<\/a> pentru a putea aprecia un comentariu.\n          <\/div>\n<\/div>\n<\/div>\n<div class=\"modal-footer\"><a href=\"https:\/\/ziaruldevrancea.ro\/promo\/brand-voice\/sectia-de-oncologie-a-spitalului-judetean-focsani-a-primit-10-scaune-pentru-tratamente-oncologice-donate-de-asociatia-hope-and-love-for-life\" class=\"btn btn-default\" data-dismiss=\"modal\">Anuleaz\u0103<\/a><\/div>\n<\/div>\n<\/div>\n<\/div>\n<div class=\"bloc-widget widget-rosu\"><span><small>Ziarul de Vrancea doreste ca acest site sa fie un spatiu al discutiilor civilizate, al comentariilor de bun simt. Din acest motiv, cei care posteaza comentarii la articole trebuie sa respecte urmatoarele reguli:<br \/>\n1. Sa se refere doar la articolul la care posteaza comentarii.<br \/>\n2. Sa foloseasca un limbaj civilizat, fara injurii, calomnii, comentarii antisemite, xenofobe sau rasiste.<br \/>\n3. Sunt interzise atacurile la adresa autorilor, daca acestea nu au legatura cu textul.<br \/>\n4. Username-ul sa nu fie nume de personalitati ale vietii publice sau parodieri ale acestora.<br \/>\nAutorul unui articol poate fi criticat pentru eventuale greseli, incoerenta, lipsa de documentare etc.<br \/>\nNerespectarea regulilor mentionate mai sus va duce la stergerea comentariilor, fara avertisment si fara explicatii.<br \/>\nAbaterile repetate vor avea drept consecinta interdictia accesului la aceasta facilitate a site-ului.<\/small><\/span><\/div>\n<\/div>\n<p>[analyse_source url=&#8221;https:\/\/ziaruldevrancea.ro\/promo\/brand-voice\/sectia-de-oncologie-a-spitalului-judetean-focsani-a-primit-10-scaune-pentru-tratamente-oncologice-donate-de-asociatia-hope-and-love-for-life&#8221;]<\/p>\n","protected":false},"excerpt":{"rendered":"<p>[analyse_image type=&#8221;featured&#8221; src=&#8221;https:\/\/zdvi.cname.ro\/_\/sectia-de-oncologie-a-spitalului-judetean-focsani-a-primit-10-scaune-pentru-tratamente-oncologice-donate-de-asociatia-hope-and-love-for-life\/mediaPool\/ukduWAq.jpg&#8221;] Brand voice Sec\u021bia de Oncologie a Spitalului Jude\u021bean Foc\u0219ani a primit 10 scaune pentru tratamente oncologice, donate de Asocia\u021bia Hope and Love for LIFE Distribuie: \u00a0 | Camelia Marin 29 iul 2026817 vizualiz\u0103ri Pacien\u021bii care urmeaz\u0103 \u0219edin\u021be de chimioterapie \u00een ambulatoriu sau \u00een internarea de zi vor beneficia de condi\u021bii mai confortabile, [&hellip;]<\/p>\n","protected":false},"author":1,"featured_media":0,"comment_status":"open","ping_status":"","sticky":false,"template":"","format":"standard","meta":{"footnotes":""},"categories":[89],"tags":[226,208],"class_list":["post-2093040","post","type-post","status-publish","format-standard","hentry","category-romania","tag-crawlmanager","tag-ziaruldevrancea-ro"],"_links":{"self":[{"href":"https:\/\/analyse.optim.biz\/index.php?rest_route=\/wp\/v2\/posts\/2093040","targetHints":{"allow":["GET"]}}],"collection":[{"href":"https:\/\/analyse.optim.biz\/index.php?rest_route=\/wp\/v2\/posts"}],"about":[{"href":"https:\/\/analyse.optim.biz\/index.php?rest_route=\/wp\/v2\/types\/post"}],"author":[{"embeddable":true,"href":"https:\/\/analyse.optim.biz\/index.php?rest_route=\/wp\/v2\/users\/1"}],"replies":[{"embeddable":true,"href":"https:\/\/analyse.optim.biz\/index.php?rest_route=%2Fwp%2Fv2%2Fcomments&post=2093040"}],"version-history":[{"count":0,"href":"https:\/\/analyse.optim.biz\/index.php?rest_route=\/wp\/v2\/posts\/2093040\/revisions"}],"wp:attachment":[{"href":"https:\/\/analyse.optim.biz\/index.php?rest_route=%2Fwp%2Fv2%2Fmedia&parent=2093040"}],"wp:term":[{"taxonomy":"category","embeddable":true,"href":"https:\/\/analyse.optim.biz\/index.php?rest_route=%2Fwp%2Fv2%2Fcategories&post=2093040"},{"taxonomy":"post_tag","embeddable":true,"href":"https:\/\/analyse.optim.biz\/index.php?rest_route=%2Fwp%2Fv2%2Ftags&post=2093040"}],"curies":[{"name":"wp","href":"https:\/\/api.w.org\/{rel}","templated":true}]}}