{"id":2092989,"date":"2026-08-14T08:41:21","date_gmt":"2026-08-14T05:41:21","guid":{"rendered":"https:\/\/analyse.optim.biz\/?p=2092989"},"modified":"2026-08-14T08:41:21","modified_gmt":"2026-08-14T05:41:21","slug":"gen-silviu-predoiu-misiunea-guvernului-roman-nu-este-sa-obtina-note-bune-la-bruxelles-nu-este-sa-transforme-fiecare-decizie-strategica-intr-o-intrebare-avem-voie","status":"publish","type":"post","link":"https:\/\/analyse.optim.biz\/?p=2092989","title":{"rendered":"Gen. Silviu Predoiu: Misiunea guvernului rom\u00e2n nu este s\u0103 ob\u021bin\u0103 note bune la Bruxelles. Nu este s\u0103 transforme fiecare decizie strategic\u0103 \u00eentr-o \u00eentrebare: \u201cAvem voie?\u201d"},"content":{"rendered":"<p>[analyse_image type=&#8221;featured&#8221; src=&#8221;https:\/\/r3media.ro\/wp-content\/uploads\/2026\/08\/silviu-predoiu-e1786696798608.jpghttps:\/\/r3media.ro\/wp-content\/uploads\/2026\/08\/silviu-predoiu-e1786696798608.jpg&#8221;]<\/p>\n<article id=\"template-id-109\" class=\"post-109 tdb_templates type-tdb_templates status-publish post\">\n<div id=\"tdi_2\" class=\"tdc-zone\">\n<div class=\"tdc_zone tdi_3  wpb_row td-pb-row\">\n<div id=\"tdi_4\" class=\"tdc-row\">\n<div class=\"vc_row tdi_5  wpb_row td-pb-row\">\n<div class=\"vc_column tdi_7  wpb_column vc_column_container tdc-column td-pb-span8\">\n<div class=\"wpb_wrapper\">\n<div class=\"td_block_wrap tdb_breadcrumbs tdi_8 td-pb-border-top td_block_template_1 tdb-breadcrumbs \" data-td-block-uid=\"tdi_8\">\n<div class=\"tdb-block-inner td-fix-index\"><span><a title=\"Vede\u021bi toate articolele \u00een ENERGIE\" class=\"tdb-entry-crumb\" href=\"https:\/\/r3media.ro\/category\/energie\/\">ENERGIE<\/a><\/span><span class=\"tdb-bred-no-url-last\">Gen. Silviu Predoiu: Misiunea guvernului rom\u00e2n nu este s\u0103 ob\u021bin\u0103 note bune&#8230;<\/span><\/div>\n<\/div>\n<div class=\"td_block_wrap tdb_single_categories tdi_9 td-pb-border-top td_block_template_1 \" data-td-block-uid=\"tdi_9\">\n<div class=\"tdb-category td-fix-index\"><a class=\"tdb-entry-category\" href=\"https:\/\/r3media.ro\/category\/energie\/\">ENERGIE<\/a><a class=\"tdb-entry-category\" href=\"https:\/\/r3media.ro\/category\/featured\/\">FEATURED<\/a><a class=\"tdb-entry-category\" href=\"https:\/\/r3media.ro\/category\/stiri\/\">\u0218TIRI<\/a><\/div>\n<\/div>\n<div class=\"td_block_wrap tdb_title tdi_10 tdb-single-title td-pb-border-top td_block_template_1\" data-td-block-uid=\"tdi_10\">\n<div class=\"tdb-block-inner td-fix-index\">\n<h1 class=\"tdb-title-text\">Gen. Silviu Predoiu: Misiunea guvernului rom\u00e2n nu este s\u0103 ob\u021bin\u0103 note bune la Bruxelles. Nu este s\u0103 transforme fiecare decizie strategic\u0103 \u00eentr-o \u00eentrebare: \u201cAvem voie?\u201d<\/h1>\n<\/div>\n<\/div>\n<div class=\"vc_row_inner tdi_12  vc_row vc_inner wpb_row td-pb-row\">\n<div class=\"vc_column_inner tdi_14  wpb_column vc_column_container tdc-inner-column td-pb-span12\">\n<div class=\"vc_column-inner\">\n<div class=\"wpb_wrapper\">\n<div class=\"td_block_wrap tdb_single_author tdi_15 td-pb-border-top td_block_template_1 tdb-post-meta\" data-td-block-uid=\"tdi_15\">\n<div class=\"tdb-block-inner td-fix-index\">\n<div class=\"tdb-author-name-wrap\"><a class=\"tdb-author-name\" href=\"https:\/\/r3media.ro\/author\/redactia\/\">Redac\u021bia<\/a><\/div>\n<\/div>\n<\/div>\n<div class=\"td_block_wrap tdb_single_date tdi_16 td-pb-border-top td_block_template_1 tdb-post-meta\" data-td-block-uid=\"tdi_16\">\n<div class=\"tdb-block-inner td-fix-index\"><time class=\"entry-date updated td-module-date\" datetime=\"2026-08-14T11:41:21+03:00\">14\/08\/2026<\/time><\/div>\n<\/div>\n<\/div>\n<\/div>\n<\/div>\n<\/div>\n<div class=\"td_block_wrap tdb_single_featured_image tdi_17 tdb-content-horiz-left td-pb-border-top td_block_template_1\" data-td-block-uid=\"tdi_17\">\n<div class=\"tdb-block-inner td-fix-index\">\n<figure><figcaption class=\"tdb-caption-text\">Sursa foto: Captura foto\/stiri pe surse<\/figcaption><\/figure>\n<\/div>\n<\/div>\n<div class=\"td_block_wrap tdb_single_content tdi_18 td-pb-border-top td_block_template_1 td-post-content tagdiv-type\" data-td-block-uid=\"tdi_18\">\n<div class=\"tdb-block-inner td-fix-index\">\n<p><strong>Generalul (r) Silviu Predoiu acuz\u0103 guvernul de la Bucure\u0219ti c\u0103 se ocup\u0103 cu ob\u021binerea \u201enotelor bune de la Bruxelles\u201d, \u00een loc s\u0103 apere \u201esecuritatea energetic\u0103, economia \u0219i interesele cet\u0103\u021benilor rom\u00e2ni\u201d, \u00een contextul de <a href=\"https:\/\/r3media.ro\/tag\/criza-energetica\/\" target=\"_blank\" rel=\"noopener\">criz\u0103 energetic\u0103<\/a> prin care trece \u021bara.<\/strong><\/p>\n<p>\u00centr-o postare publicat\u0103 pe <a href=\"https:\/\/www.facebook.com\/permalink.php?story_fbid=pfbid0kCE18rqqEumKTGtQwUSx3r8vaky3ZcHepze2XFvP7RNzLxWgg5DWLQtiag5u6kxgl&amp;id=100010756473751\" target=\"_blank\" rel=\"noopener\">facebook<\/a>, fostul prim-adjunct al Serviciului de Informa\u021bii Externe (SIE), spune c\u0103 oficialii de la Bucure\u0219ti cer voie Comisiei Europene s\u0103 repare gre\u0219elile f\u0103cute tot de ei, atunci c\u00e2nd \u0219i-au asumat \u00eenchiderea unor capacit\u0103\u021bi de producere a energiei, f\u0103r\u0103 s\u0103 existe ceva \u00een loc.<\/p>\n<p>\u201e<em>Rom\u00e2nia cere permisiunea Comisiei Europene s\u0103<\/em> \u2026 Titlul spune aproape totul despre felul \u00een care o parte a clasei noastre politice a ajuns s\u0103 \u00een\u021beleag\u0103 guvernarea: \u201cRom\u00e2nia cere permisiunea \u2026.\u201d Nu!!!! Rom\u00e2nia nu cere permisiunea nim\u0103nui! Ni\u0219te oameni care, vremelnic \u0219i gre\u0219it, conduc Rom\u00e2nia \u00eencearc\u0103 s\u0103 renegocieze ast\u0103zi consecin\u021bele unor angajamente pe care tot reprezentan\u021bii statului rom\u00e2n, parteneri cu ei, le-au negociat \u0219i acceptat ieri. Iar diferen\u021ba este fundamental\u0103.<\/p>\n<p>Prin PNRR, Rom\u00e2nia \u0219i-a asumat scoaterea din func\u021biune, p\u00e2n\u0103 la 31 august 2026, a \u00eenc\u0103 710 MW de capacit\u0103\u021bi de produc\u021bie pe c\u0103rbune. Dintre ace\u0219tia, 330 MW \u00eenseamn\u0103 grupul 5 de la Turceni. Planul era simplu \u00een teorie: \u00eenchidem c\u0103rbunele \u0219i \u00eel \u00eenlocuim cu capacit\u0103\u021bi noi, inclusiv cu o central\u0103 pe gaz la Turceni.<\/p>\n<p>Numai c\u0103 am ajuns la termen, iar c\u0103rbunele trebuie \u00eenchis, \u00een timp ce \u00eenlocuitorul nu este gata. Centrala pe gaz de aproximativ 475 MW de la Turceni era \u00eenc\u0103 \u00een procedur\u0103 de achizi\u021bie \u00een 2026, cu o perioad\u0103 prev\u0103zut\u0103 de 38 de luni pentru proiectare, execu\u021bie \u0219i punere \u00een func\u021biune.<\/p>\n<p>A\u0219adar, \u00eentrebarea nu este dac\u0103 Bruxelles-ul este bun sau r\u0103u. \u00centrebarea este mult mai simpl\u0103: Cine \u00ee\u0219i asum\u0103 \u00eenchiderea unei capacit\u0103\u021bi energetice \u00eenainte de a avea func\u021bional\u0103 capacitatea care trebuie s\u0103 o \u00eenlocuiasc\u0103? Mai ales \u00eentr-o \u021bar\u0103 care descoper\u0103 acum, \u00een condi\u021bii dificile pentru sistemul energetic, c\u00e2t valoreaz\u0103 330 MW de produc\u021bie controlabil\u0103.<\/p>\n<p>Ast\u0103zi ni se spune c\u0103 autorit\u0103\u021bile rom\u00e2ne poart\u0103 \u201cnegocieri intense\u201d cu Comisia European\u0103 pentru a putea p\u0103stra Turceni 5 \u00een func\u021biune \u0219i pentru a evita penalizarea Rom\u00e2niei prin PNRR. Cu alte cuvinte, dup\u0103 ce au negociat termenul, dup\u0103 ce l-au acceptat \u0219i dup\u0103 ce nu au reu\u0219it s\u0103 pun\u0103 la timp ceva \u00een loc, aceia\u0219i administratori se duc acum la Bruxelles s\u0103 negocieze dreptul de a nu face ceea ce ei s-au angajat s\u0103 fac\u0103. \u0218i a\u0219teapt\u0103 aplauze pentru asta !?! Aceasta este problema.<\/p>\n<p>Uniunea European\u0103 este o construc\u021bie din care Rom\u00e2nia a ales s\u0103 fac\u0103 parte \u0219i \u00een interiorul c\u0103reia trebuie s\u0103-\u0219i negocieze, repet, s\u0103-\u0219i negocieze inteligent interesele. Dar Comisia European\u0103 nu este Guvernul Rom\u00e2niei. Misiunea guvernului rom\u00e2n nu este s\u0103 ob\u021bin\u0103 note bune la Bruxelles, a\u0219a cum cred politicienii de duzin\u0103 ajun\u0219i azi \u201cla butoane\u201d.<\/p>\n<p>Nu este s\u0103 \u00eenchid\u0103 capacit\u0103\u021bi energetice pentru a bifa jaloane. Nu este s\u0103 transforme fiecare decizie strategic\u0103 \u00eentr-o \u00eentrebare: \u201cAvem voie?\u201d Misiunea lui este s\u0103 apere, \u00een cadrul angajamentelor europene, securitatea energetic\u0103, economia \u0219i interesele cet\u0103\u021benilor rom\u00e2ni. Tranzi\u021bia energetic\u0103 este necesar\u0103. Dar tranzi\u021bie \u00eenseamn\u0103 s\u0103 pui ceva \u00een loc \u00eenainte s\u0103 distrugi ceea ce ai.<\/p>\n<p>\u00cenchizi 330 MW? Foarte bine. Arat\u0103-mi mai \u00eent\u00e2i cei 330 MW care \u00eei \u00eenlocuiesc. Altfel nu mai vorbim despre tranzi\u021bie energetic\u0103. Vorbim despre renun\u021barea la o capacitate real\u0103 \u00een schimbul unei capacit\u0103\u021bi care exist\u0103 deocamdat\u0103 \u00een proiecte, licita\u021bii \u0219i promisiuni.<\/p>\n<p>De aceea, poate c\u0103 formula corect\u0103 pentru \u0219tire nu este: \u201cRom\u00e2nia cere permisiunea Comisiei Europene\u2026\u201d s\u0103 \u021bin\u0103 Turceniul deschis ci \u201cCei care au negociat \u0219i administrat prost, \u00een numele Rom\u00e2niei, cer acum Comisiei Europene s\u0103-i lase s\u0103 repare, m\u0103car temporar, consecin\u021bele propriilor decizii\u201d.<\/p>\n<p>C\u00e2t despre guvernan\u021bii zilei, nici m\u0103car acum nu \u00een\u021beleg c\u0103 nu voie trebuie s\u0103 cear\u0103, ci iertare! \u0218i nu Bruxelles-ului, ci nou\u0103, rom\u00e2nilor!\u201d, a scris Predoiu.<\/p>\n<div class=\"crp_related     crp-masonry\">\n<h2>\u00ceN CONTEXT<\/h2>\n<ul>\n<li><a href=\"https:\/\/r3media.ro\/ionut-cojocaru-romania-autoritarismului-stat-garnizoana-imprumuturi-reinarmare-dictatura-dezastru\/\" class=\"crp_link post-121131\"><span class=\"crp_title\">Istoricul Ionu\u021b Cojocaru spune c\u0103 Rom\u00e2nia s-a angajat pe drumul autoritarismului:\u2026<\/span><\/a><\/li>\n<li><a href=\"https:\/\/r3media.ro\/paternalism-dupa-liberalism-3-recompensele-publice-pentru-confectionarea-consensului\/\" class=\"crp_link post-113309\"><span class=\"crp_title\">Paternalism dup\u0103 liberalism (3) Recompensele publice pentru confec\u021bionarea consensului<\/span><\/a><\/li>\n<li><a href=\"https:\/\/r3media.ro\/dacia-ford-suspendare-productie-19-august-criza-energetica\/\" class=\"crp_link post-120794\"><span class=\"crp_title\">Dacia \u0219i Ford au suspendat produc\u021bia p\u00e2n\u0103 pe 19 august din cauza crizei energetice<\/span><\/a><\/li>\n<li><a href=\"https:\/\/r3media.ro\/e-pace-in-eurolic\/\" class=\"crp_link post-118932\"><span class=\"crp_title\">E pace \u00een Eurol\u00eec<\/span><\/a><\/li>\n<li><a href=\"https:\/\/r3media.ro\/niculina-stelea-aur-green-deal-bruxelles-energie\/\" class=\"crp_link post-120824\"><span class=\"crp_title\">Niculina Stelea (AUR): \u201eDelirul verde\u201d, intitulat pompos Green Deal de c\u0103tre Bruxelles, este\u2026<\/span><\/a><\/li>\n<li><a href=\"https:\/\/r3media.ro\/oficial-1989-rationalizare-consum-energie\/\" class=\"crp_link post-120921\"><span class=\"crp_title\">E oficial, ne \u00eentoarcem \u00eenainte de 89: Guvernul ra\u021bionalizeaz\u0103 consumul de energie printr-un\u2026<\/span><\/a><\/li>\n<li><a href=\"https:\/\/r3media.ro\/statul-roman-a-semnat-actul-propriei-disparitii\/\" class=\"crp_link post-120511\"><span class=\"crp_title\">Statul rom\u00e2n a semnat actul propriei dispari\u021bii?<\/span><\/a><\/li>\n<li><a href=\"https:\/\/r3media.ro\/jurnalist-imprumut-safe-autostrazi-moldova-ucraina-spitale-neterminate\/\" class=\"crp_link post-116968\"><span class=\"crp_title\">Jurnalist: Vor s\u0103 ne \u00eemprumut\u0103m prin SAFE pentru autostr\u0103zile spre Moldova \u0219i Ucraina, dar\u2026<\/span><\/a><\/li>\n<\/ul>\n<\/div>\n<\/div>\n<\/div>\n<div class=\"td_block_wrap tdb_single_tags tdi_19 td-pb-border-top td_block_template_1\" data-td-block-uid=\"tdi_19\">\n<div class=\"tdb-block-inner td-fix-index\">\n<ul class=\"tdb-tags\">\n<li><span>SUBIECTE FIERBIN\u021aI<\/span><\/li>\n<li><a href=\"https:\/\/r3media.ro\/tag\/criza-energetica\/\">criza energetica<\/a><\/li>\n<li><a href=\"https:\/\/r3media.ro\/tag\/planul-national-de-redresare-si-rezilienta-pnrr\/\">Planul Na\u0163ional de Redresare \u015fi Rezilien\u0163\u0103 (PNRR)<\/a><\/li>\n<li><a href=\"https:\/\/r3media.ro\/tag\/romania-in-uniunea-europeana\/\">Rom\u00e2nia \u00een Uniunea European\u0103<\/a><\/li>\n<li><a href=\"https:\/\/r3media.ro\/tag\/silviu-predoiu\/\">silviu predoiu<\/a><\/li>\n<\/ul>\n<\/div>\n<\/div>\n<div class=\"td_block_wrap td_block_9 tdi_20 td_with_ajax_pagination td-pb-border-top td_block_template_1 td-column-2 td_block_padding td_block_bot_line\" data-td-block-uid=\"tdi_20\">\n<div class=\"td-block-title-wrap\">\n<h4 class=\"block-title td-block-title\"><span class=\"td-pulldown-size\">CITE\u0218TE MAI MULT<\/span><\/h4>\n<\/div>\n<div id=\"tdi_20\" class=\"td_block_inner\">\n<div class=\"td-block-row\">\n<div class=\"td-block-span6\">\n<div class=\"td_module_8 td_module_wrap\">\n<div class=\"item-details\">\n<h3 class=\"entry-title td-module-title\"><a href=\"https:\/\/r3media.ro\/presedintele-serbiei-razboiul-din-ucraina\/\" rel=\"bookmark\" title=\"Pre\u0219edintele Serbiei nu crede c\u0103 r\u0103zboiul din Ucraina se termin\u0103 cur\u00e2nd: Cred c\u0103 ne afl\u0103m la \u00eenceputul unui r\u0103zboi mult, mult mai mare\">Pre\u0219edintele Serbiei nu crede c\u0103 r\u0103zboiul din Ucraina se termin\u0103 cur\u00e2nd: Cred c\u0103 ne&#8230;<\/a><\/h3>\n<div class=\"td-module-meta-info\"><a href=\"https:\/\/r3media.ro\/category\/actualitate\/\" class=\"td-post-category\">ACTUALITATE<\/a><span class=\"td-post-author-name\"><a href=\"https:\/\/r3media.ro\/author\/teodor_stan\/\">Teodor Stan<\/a><span>&#8211;<\/span><\/span><span class=\"td-post-date\"><time class=\"entry-date updated td-module-date\" datetime=\"2026-08-10T12:22:44+03:00\">10\/08\/2026<\/time><\/span><\/div>\n<\/div>\n<\/div>\n<\/div>\n<div class=\"td-block-span6\">\n<div class=\"td_module_8 td_module_wrap\">\n<div class=\"item-details\">\n<h3 class=\"entry-title td-module-title\"><a href=\"https:\/\/r3media.ro\/fara-apa-fara-curent-fara-viitor-cum-au-sacrificat-pro-europenii-romania-pe-altarul-ecologiei-ieftine\/\" rel=\"bookmark\" title=\"F\u0103r\u0103 ap\u0103, f\u0103r\u0103 curent, f\u0103r\u0103 viitor: cum au sacrificat pro-europenii Rom\u00e2nia pe altarul ecologiei ieftine\">F\u0103r\u0103 ap\u0103, f\u0103r\u0103 curent, f\u0103r\u0103 viitor: cum au sacrificat pro-europenii Rom\u00e2nia pe altarul ecologiei&#8230;<\/a><\/h3>\n<div class=\"td-module-meta-info\"><a href=\"https:\/\/r3media.ro\/category\/actualitate\/\" class=\"td-post-category\">ACTUALITATE<\/a><span class=\"td-post-author-name\"><a href=\"https:\/\/r3media.ro\/author\/paul_lazar\/\">Paul-Daniel Laz\u0103r<\/a><span>&#8211;<\/span><\/span><span class=\"td-post-date\"><time class=\"entry-date updated td-module-date\" datetime=\"2026-08-08T22:30:54+03:00\">08\/08\/2026<\/time><\/span><\/div>\n<\/div>\n<\/div>\n<\/div>\n<\/div>\n<div class=\"td-block-row\">\n<div class=\"td-block-span6\">\n<div class=\"td_module_8 td_module_wrap\">\n<div class=\"item-details\">\n<h3 class=\"entry-title td-module-title\"><a href=\"https:\/\/r3media.ro\/show-iluzie-si-realitate-de-la-the-truman-show-la-son-of-a-rich\/\" rel=\"bookmark\" title=\"Show, iluzie \u0219i realitate: de la The Truman Show la Son of a Rich\">Show, iluzie \u0219i realitate: de la The Truman Show la Son of a Rich<\/a><\/h3>\n<div class=\"td-module-meta-info\"><a href=\"https:\/\/r3media.ro\/category\/actualitate\/\" class=\"td-post-category\">ACTUALITATE<\/a><span class=\"td-post-author-name\"><a href=\"https:\/\/r3media.ro\/author\/costi_balasoiu\/\">Constantin B\u0103l\u0103\u0219oiu<\/a><span>&#8211;<\/span><\/span><span class=\"td-post-date\"><time class=\"entry-date updated td-module-date\" datetime=\"2026-08-08T15:30:25+03:00\">08\/08\/2026<\/time><\/span><\/div>\n<\/div>\n<\/div>\n<\/div>\n<div class=\"td-block-span6\">\n<div class=\"td_module_8 td_module_wrap\">\n<div class=\"item-details\">\n<h3 class=\"entry-title td-module-title\"><a href=\"https:\/\/r3media.ro\/fani-stapanul-inelelor-surpriza-sezonul-3-sauron\/\" rel=\"bookmark\" title=\"Fanii \u201eSt\u0103p\u00e2nul Inelelor\u201c ar putea avea o surpriz\u0103 \u00een sezonul 3 din serialul \u201eInelele Puterii\u201c. Sauron se va confrunta cu o creatur\u0103 de temut\">Fanii \u201eSt\u0103p\u00e2nul Inelelor\u201c ar putea avea o surpriz\u0103 \u00een sezonul 3 din serialul \u201eInelele&#8230;<\/a><\/h3>\n<div class=\"td-module-meta-info\"><a href=\"https:\/\/r3media.ro\/category\/actualitate\/\" class=\"td-post-category\">ACTUALITATE<\/a><span class=\"td-post-author-name\"><a href=\"https:\/\/r3media.ro\/author\/oana\/\">Oana Ivan<\/a><span>&#8211;<\/span><\/span><span class=\"td-post-date\"><time class=\"entry-date updated td-module-date\" datetime=\"2026-08-08T00:19:31+03:00\">08\/08\/2026<\/time><\/span><\/div>\n<\/div>\n<\/div>\n<\/div>\n<\/div>\n<div class=\"td-block-row\">\n<div class=\"td-block-span6\">\n<div class=\"td_module_8 td_module_wrap\">\n<div class=\"item-details\">\n<h3 class=\"entry-title td-module-title\"><a href=\"https:\/\/r3media.ro\/david-popovici-fair-play-sportivi-rusi-competitii\/\" rel=\"bookmark\" title=\"David Popovici, fair-play la revenirea sportivilor ru\u0219i \u00een competi\u021bii: Le urez succes, sper s\u0103 fiu mai bun dec\u00e2t ei\">David Popovici, fair-play la revenirea sportivilor ru\u0219i \u00een competi\u021bii: Le urez succes, sper s\u0103&#8230;<\/a><\/h3>\n<div class=\"td-module-meta-info\"><a href=\"https:\/\/r3media.ro\/category\/actualitate\/\" class=\"td-post-category\">ACTUALITATE<\/a><span class=\"td-post-author-name\"><a href=\"https:\/\/r3media.ro\/author\/redactia\/\">Redac\u021bia<\/a><span>&#8211;<\/span><\/span><span class=\"td-post-date\"><time class=\"entry-date updated td-module-date\" datetime=\"2026-08-07T15:07:51+03:00\">07\/08\/2026<\/time><\/span><\/div>\n<\/div>\n<\/div>\n<\/div>\n<div class=\"td-block-span6\">\n<div class=\"td_module_8 td_module_wrap\">\n<div class=\"item-details\">\n<h3 class=\"entry-title td-module-title\"><a href=\"https:\/\/r3media.ro\/kia-recheama-service-prima-generatie-masini-electrice-e-niro-risc-incendiu\/\" rel=\"bookmark\" title=\"Kia recheam\u0103 \u00een service prima genera\u021bie de ma\u0219ini electrice e-Niro din cauza riscului de incendiu\">Kia recheam\u0103 \u00een service prima genera\u021bie de ma\u0219ini electrice e-Niro din cauza riscului de&#8230;<\/a><\/h3>\n<div class=\"td-module-meta-info\"><a href=\"https:\/\/r3media.ro\/category\/actualitate\/\" class=\"td-post-category\">ACTUALITATE<\/a><span class=\"td-post-author-name\"><a href=\"https:\/\/r3media.ro\/author\/oana\/\">Oana Ivan<\/a><span>&#8211;<\/span><\/span><span class=\"td-post-date\"><time class=\"entry-date updated td-module-date\" datetime=\"2026-08-06T17:07:42+03:00\">06\/08\/2026<\/time><\/span><\/div>\n<\/div>\n<\/div>\n<\/div>\n<\/div>\n<div class=\"td-block-row\">\n<div class=\"td-block-span6\">\n<div class=\"td_module_8 td_module_wrap\">\n<div class=\"item-details\">\n<h3 class=\"entry-title td-module-title\"><a href=\"https:\/\/r3media.ro\/drona-gasita-mare-mamaia-zona-loft-video\/\" rel=\"bookmark\" title=\"VIDEO | O dron\u0103 a fost g\u0103sit\u0103 \u00een mare, \u00een Mamaia, \u00een zona Loft\">VIDEO | O dron\u0103 a fost g\u0103sit\u0103 \u00een mare, \u00een Mamaia, \u00een zona Loft<\/a><\/h3>\n<div class=\"td-module-meta-info\"><a href=\"https:\/\/r3media.ro\/category\/actualitate\/\" class=\"td-post-category\">ACTUALITATE<\/a><span class=\"td-post-author-name\"><a href=\"https:\/\/r3media.ro\/author\/oana\/\">Oana Ivan<\/a><span>&#8211;<\/span><\/span><span class=\"td-post-date\"><time class=\"entry-date updated td-module-date\" datetime=\"2026-08-05T21:48:11+03:00\">05\/08\/2026<\/time><\/span><\/div>\n<\/div>\n<\/div>\n<\/div>\n<div class=\"td-block-span6\">\n<div class=\"td_module_8 td_module_wrap\">\n<div class=\"item-details\">\n<h3 class=\"entry-title td-module-title\"><a href=\"https:\/\/r3media.ro\/cand-incepe-scoala-in-2026-structura-an-nou-scolar\/\" rel=\"bookmark\" title=\"C\u00e2nd \u00eencepe \u0219coala \u00een 2026: Structura noului an \u0219colar, vacan\u021bele \u0219i zilele libere\">C\u00e2nd \u00eencepe \u0219coala \u00een 2026: Structura noului an \u0219colar, vacan\u021bele \u0219i zilele libere<\/a><\/h3>\n<div class=\"td-module-meta-info\"><a href=\"https:\/\/r3media.ro\/category\/actualitate\/\" class=\"td-post-category\">ACTUALITATE<\/a><span class=\"td-post-author-name\"><a href=\"https:\/\/r3media.ro\/author\/oana\/\">Oana Ivan<\/a><span>&#8211;<\/span><\/span><span class=\"td-post-date\"><time class=\"entry-date updated td-module-date\" datetime=\"2026-08-03T22:23:20+03:00\">03\/08\/2026<\/time><\/span><\/div>\n<\/div>\n<\/div>\n<\/div>\n<\/div>\n<div class=\"td-block-row\">\n<div class=\"td-block-span6\">\n<div class=\"td_module_8 td_module_wrap\">\n<div class=\"item-details\">\n<h3 class=\"entry-title td-module-title\"><a href=\"https:\/\/r3media.ro\/tara-europa-norvegia-masini-electrice-inmatriculate-cota-ridicata\/\" rel=\"bookmark\" title=\"\u021aara din Europa unde aproape toate ma\u0219inile \u00eenmatriculate sune electrice. Cota a ajuns la 97,6% \u00een iulie\">\u021aara din Europa unde aproape toate ma\u0219inile \u00eenmatriculate sune electrice. Cota a ajuns la&#8230;<\/a><\/h3>\n<div class=\"td-module-meta-info\"><a href=\"https:\/\/r3media.ro\/category\/actualitate\/\" class=\"td-post-category\">ACTUALITATE<\/a><span class=\"td-post-author-name\"><a href=\"https:\/\/r3media.ro\/author\/oana\/\">Oana Ivan<\/a><span>&#8211;<\/span><\/span><span class=\"td-post-date\"><time class=\"entry-date updated td-module-date\" datetime=\"2026-08-03T17:01:21+03:00\">03\/08\/2026<\/time><\/span><\/div>\n<\/div>\n<\/div>\n<\/div>\n<div class=\"td-block-span6\">\n<div class=\"td_module_8 td_module_wrap\">\n<div class=\"item-details\">\n<h3 class=\"entry-title td-module-title\"><a href=\"https:\/\/r3media.ro\/puterea-mitologica-instalata-a-romaniei\/\" rel=\"bookmark\" title=\"Puterea mitologic\u0103 instalat\u0103 a Rom\u00e2niei\">Puterea mitologic\u0103 instalat\u0103 a Rom\u00e2niei<\/a><\/h3>\n<div class=\"td-module-meta-info\"><a href=\"https:\/\/r3media.ro\/category\/opinii\/\" class=\"td-post-category\">OPINII<\/a><span class=\"td-post-author-name\"><a href=\"https:\/\/r3media.ro\/author\/tru\/\">TRU (Traian Ungureanu)<\/a><span>&#8211;<\/span><\/span><span class=\"td-post-date\"><time class=\"entry-date updated td-module-date\" datetime=\"2026-08-02T22:08:04+03:00\">02\/08\/2026<\/time><\/span><\/div>\n<\/div>\n<\/div>\n<\/div>\n<\/div>\n<div class=\"td-block-row\">\n<div class=\"td-block-span6\">\n<div class=\"td_module_8 td_module_wrap\">\n<div class=\"item-details\">\n<h3 class=\"entry-title td-module-title\"><a href=\"https:\/\/r3media.ro\/hyundai-recheama-service-masini-electrice-inster-risc-incendiu\/\" rel=\"bookmark\" title=\"Hyundai recheam\u0103 \u00een service zeci de mii de ma\u0219ini electrice din cauza riscului de incendiu\">Hyundai recheam\u0103 \u00een service zeci de mii de ma\u0219ini electrice din cauza riscului de&#8230;<\/a><\/h3>\n<div class=\"td-module-meta-info\"><a href=\"https:\/\/r3media.ro\/category\/actualitate\/\" class=\"td-post-category\">ACTUALITATE<\/a><span class=\"td-post-author-name\"><a href=\"https:\/\/r3media.ro\/author\/oana\/\">Oana Ivan<\/a><span>&#8211;<\/span><\/span><span class=\"td-post-date\"><time class=\"entry-date updated td-module-date\" datetime=\"2026-08-02T08:34:05+03:00\">02\/08\/2026<\/time><\/span><\/div>\n<\/div>\n<\/div>\n<\/div>\n<div class=\"td-block-span6\">\n<div class=\"td_module_8 td_module_wrap\">\n<div class=\"item-details\">\n<h3 class=\"entry-title td-module-title\"><a href=\"https:\/\/r3media.ro\/dragostea-care-transcende-epoci-descult-in-parc-1967\/\" rel=\"bookmark\" title=\"Dragostea care transcende epoci \u2014 Descul\u021b \u00een parc (1967)\">Dragostea care transcende epoci \u2014 Descul\u021b \u00een parc (1967)<\/a><\/h3>\n<div class=\"td-module-meta-info\"><a href=\"https:\/\/r3media.ro\/category\/opinii\/\" class=\"td-post-category\">OPINII<\/a><span class=\"td-post-author-name\"><a href=\"https:\/\/r3media.ro\/author\/costi_balasoiu\/\">Constantin B\u0103l\u0103\u0219oiu<\/a><span>&#8211;<\/span><\/span><span class=\"td-post-date\"><time class=\"entry-date updated td-module-date\" datetime=\"2026-08-01T13:45:14+03:00\">01\/08\/2026<\/time><\/span><\/div>\n<\/div>\n<\/div>\n<\/div>\n<\/div>\n<\/div>\n<div class=\"td-load-more-wrap td-load-more-infinite-wrap\" id=\"infinite-lm-tdi_20\"><a href=\"https:\/\/r3media.ro\/gen-silviu-predoiu-guvern-roman-bruxelles\/\" class=\"td_ajax_load_more td_ajax_load_more_js\" aria-label=\"\u00cenc\u0103rca\u021bi mai multe\" id=\"next-page-tdi_20\" data-td_block_id=\"tdi_20\">\u00cenc\u0103rca\u021bi mai multe<\/a><\/div>\n<\/div>\n<div class=\"td_block_wrap tdb_single_comments tdi_21 tdb-comm-layout2 td-pb-border-top td_block_template_1\" data-td-block-uid=\"tdi_21\">\n<div class=\"tdb-block-inner td-fix-index\">\n<div class=\"comments\" id=\"comments\">\n<div id=\"respond\" class=\"comment-respond\">\n<h3 id=\"reply-title\" class=\"comment-reply-title\">AI CEVA DE SPUS? <small><a rel=\"nofollow\" id=\"cancel-comment-reply-link\" href=\"https:\/\/r3media.ro\/gen-silviu-predoiu-guvern-roman-bruxelles\/#respond\">Renun\u021ba\u021bi la r\u0103spuns<\/a><\/small><\/h3>\n<div class=\"comment-form-input-wrap td-form-comment\">\n<div class=\"td-warning-comment\">V\u0103 rug\u0103m s\u0103 introduce\u021bi comentariul dvs.!<\/div>\n<\/div>\n<div class=\"comment-form-input-wrap td-form-author\">\n<div class=\"td-warning-author\">Introduce\u021bi aici numele dvs.<\/div>\n<\/div>\n<div class=\"comment-form-input-wrap td-form-email\">\n<div class=\"td-warning-email-error\">A\u021bi introdus o adres\u0103 de e-mail incorect\u0103!<\/div>\n<div class=\"td-warning-email\">V\u0103 rug\u0103m s\u0103 introduce\u021bi adresa dvs. de e-mail aici<\/div>\n<\/div>\n<\/div>\n<\/div>\n<\/div>\n<\/div>\n<\/div>\n<\/div>\n<div class=\"vc_column tdi_23  wpb_column vc_column_container tdc-column td-pb-span4 td-is-sticky\">\n<div class=\"wpb_wrapper\" data-sticky-enabled-on=\"W3RydWUsdHJ1ZSx0cnVlLHRydWVd\" data-sticky-offset=\"20\" data-sticky-is-width-auto=\"W2ZhbHNlLGZhbHNlLGZhbHNlLGZhbHNlXQ==\">\n<div class=\"wpb_wrapper td_block_wrap vc_widget_sidebar tdi_25 \">\n<div class=\"td_block_wrap td_block_7 td_block_widget tdi_26 td-pb-border-top td_block_template_1 td-column-1 td_block_padding\" data-td-block-uid=\"tdi_26\">\n<div class=\"td-block-title-wrap\">\n<h4 class=\"block-title td-block-title\"><span class=\"td-pulldown-size\">Articole RELA\u021aIONATE<\/span><\/h4>\n<\/div>\n<div id=\"tdi_26\" class=\"td_block_inner\">\n<div class=\"td-block-span12\">\n<div class=\"td_module_6 td_module_wrap td-animation-stack\">\n<div class=\"td-module-thumb\"><a href=\"https:\/\/r3media.ro\/calendarul-zilei-14-august-inainte-praznuirea-adormirii-maicii-domnului-sf-proroc-miheia\/\" rel=\"bookmark\" class=\"td-image-wrap \" title=\"Calendarul zilei 14 august: \u00cenainte-pr\u0103znuirea Adormirii Maicii Domnului; Sf. Proroc Miheia\"><img loading=\"lazy\" decoding=\"async\" class=\"entry-thumb\" src=\"https:\/\/r3media.ro\/wp-content\/uploads\/2026\/08\/14-AUG-mheia-100x70.jpg\" alt title=\"Calendarul zilei 14 august: \u00cenainte-pr\u0103znuirea Adormirii Maicii Domnului; Sf. Proroc Miheia\" width=\"100\" height=\"70\"><\/a><\/div>\n<div class=\"item-details\">\n<h3 class=\"entry-title td-module-title\"><a href=\"https:\/\/r3media.ro\/calendarul-zilei-14-august-inainte-praznuirea-adormirii-maicii-domnului-sf-proroc-miheia\/\" rel=\"bookmark\" title=\"Calendarul zilei 14 august: \u00cenainte-pr\u0103znuirea Adormirii Maicii Domnului; Sf. Proroc Miheia\">Calendarul zilei 14 august: \u00cenainte-pr\u0103znuirea Adormirii Maicii Domnului; Sf. Proroc Miheia<\/a><\/h3>\n<div class=\"td-module-meta-info\"><span class=\"td-post-date\"><time class=\"entry-date updated td-module-date\" datetime=\"2026-08-13T22:58:08+03:00\">13\/08\/2026<\/time><\/span><\/div>\n<\/div>\n<\/div>\n<\/div>\n<div class=\"td-block-span12\">\n<div class=\"td_module_6 td_module_wrap td-animation-stack\">\n<div class=\"td-module-thumb\"><a href=\"https:\/\/r3media.ro\/calendarul-zilei-14-august-moartea-sergiu-celibidache\/\" rel=\"bookmark\" class=\"td-image-wrap \" title=\"Calendarul zilei 14 august: 30 ani de la moartea marelui dirijor Sergiu Celibidache\"><img loading=\"lazy\" decoding=\"async\" class=\"entry-thumb\" src=\"https:\/\/r3media.ro\/wp-content\/uploads\/2022\/08\/sddefault-4-100x70.jpg\" alt title=\"Calendarul zilei 14 august: 30 ani de la moartea marelui dirijor Sergiu Celibidache\" width=\"100\" height=\"70\"><\/a><\/div>\n<div class=\"item-details\">\n<h3 class=\"entry-title td-module-title\"><a href=\"https:\/\/r3media.ro\/calendarul-zilei-14-august-moartea-sergiu-celibidache\/\" rel=\"bookmark\" title=\"Calendarul zilei 14 august: 30 ani de la moartea marelui dirijor Sergiu Celibidache\">Calendarul zilei 14 august: 30 ani de la moartea marelui dirijor&#8230;<\/a><\/h3>\n<div class=\"td-module-meta-info\"><span class=\"td-post-date\"><time class=\"entry-date updated td-module-date\" datetime=\"2026-08-13T21:34:06+03:00\">13\/08\/2026<\/time><\/span><\/div>\n<\/div>\n<\/div>\n<\/div>\n<div class=\"td-block-span12\">\n<div class=\"td_module_6 td_module_wrap td-animation-stack\">\n<div class=\"td-module-thumb\"><a href=\"https:\/\/r3media.ro\/cornel-nistorescu-ambulanta-recea-cristur-stiri-false-interzicere\/\" rel=\"bookmark\" class=\"td-image-wrap \" title=\"Cornel Nistorescu, despre incidentul cu ambulan\u021ba de la Recea-Cristur: Statul rom\u00e2n a\u0219teapt\u0103 s\u0103 interzic\u0103 \u0219tirile false \u0219i, pe l\u00eeng\u0103, tot ce nu convine puterii\"><img loading=\"lazy\" decoding=\"async\" class=\"entry-thumb\" src=\"https:\/\/r3media.ro\/wp-content\/uploads\/2021\/02\/cornel-nistorescu-simion-sosoaca-100x70.jpg\" alt title=\"Cornel Nistorescu, despre incidentul cu ambulan\u021ba de la Recea-Cristur: Statul rom\u00e2n a\u0219teapt\u0103 s\u0103 interzic\u0103 \u0219tirile false \u0219i, pe l\u00eeng\u0103, tot ce nu convine puterii\" width=\"100\" height=\"70\"><\/a><\/div>\n<div class=\"item-details\">\n<h3 class=\"entry-title td-module-title\"><a href=\"https:\/\/r3media.ro\/cornel-nistorescu-ambulanta-recea-cristur-stiri-false-interzicere\/\" rel=\"bookmark\" title=\"Cornel Nistorescu, despre incidentul cu ambulan\u021ba de la Recea-Cristur: Statul rom\u00e2n a\u0219teapt\u0103 s\u0103 interzic\u0103 \u0219tirile false \u0219i, pe l\u00eeng\u0103, tot ce nu convine puterii\">Cornel Nistorescu, despre incidentul cu ambulan\u021ba de la Recea-Cristur: Statul rom\u00e2n&#8230;<\/a><\/h3>\n<div class=\"td-module-meta-info\"><span class=\"td-post-date\"><time class=\"entry-date updated td-module-date\" datetime=\"2026-08-13T16:32:49+03:00\">13\/08\/2026<\/time><\/span><\/div>\n<\/div>\n<\/div>\n<\/div>\n<div class=\"td-block-span12\">\n<div class=\"td_module_6 td_module_wrap td-animation-stack\">\n<div class=\"td-module-thumb\"><a href=\"https:\/\/r3media.ro\/petrisor-peiu-ministerul-energiei-licitatie-centrala-turceni\/\" rel=\"bookmark\" class=\"td-image-wrap \" title=\"Petri\u0219or Peiu (AUR): De \u0219apte luni, Ministerul Energiei nu este capabil sa evalueze SINGURA ofert\u0103 depus\u0103 la licita\u021bia pentru construc\u021bia centralei de la Turceni\"><img loading=\"lazy\" decoding=\"async\" class=\"entry-thumb\" src=\"https:\/\/r3media.ro\/wp-content\/uploads\/2026\/07\/petrisor-peiu-100x70.jpeg\" alt title=\"Petri\u0219or Peiu (AUR): De \u0219apte luni, Ministerul Energiei nu este capabil sa evalueze SINGURA ofert\u0103 depus\u0103 la licita\u021bia pentru construc\u021bia centralei de la Turceni\" width=\"100\" height=\"70\"><\/a><\/div>\n<div class=\"item-details\">\n<h3 class=\"entry-title td-module-title\"><a href=\"https:\/\/r3media.ro\/petrisor-peiu-ministerul-energiei-licitatie-centrala-turceni\/\" rel=\"bookmark\" title=\"Petri\u0219or Peiu (AUR): De \u0219apte luni, Ministerul Energiei nu este capabil sa evalueze SINGURA ofert\u0103 depus\u0103 la licita\u021bia pentru construc\u021bia centralei de la Turceni\">Petri\u0219or Peiu (AUR): De \u0219apte luni, Ministerul Energiei nu este capabil&#8230;<\/a><\/h3>\n<div class=\"td-module-meta-info\"><span class=\"td-post-date\"><time class=\"entry-date updated td-module-date\" datetime=\"2026-08-13T15:41:12+03:00\">13\/08\/2026<\/time><\/span><\/div>\n<\/div>\n<\/div>\n<\/div>\n<div class=\"td-block-span12\">\n<div class=\"td_module_6 td_module_wrap td-animation-stack\">\n<div class=\"td-module-thumb\"><a href=\"https:\/\/r3media.ro\/radu-naum-david-popovici-dialog-rus\/\" rel=\"bookmark\" class=\"td-image-wrap \" title=\"Ziaristul Radu Naum consider\u0103 c\u0103 dialogul amical dintre David Popovici \u0219i adversarul s\u0103u rus ar fi fost \u201eopera\u021biune ruseasc\u0103\u201d de manipulare\"><img loading=\"lazy\" decoding=\"async\" class=\"entry-thumb\" src=\"https:\/\/r3media.ro\/wp-content\/uploads\/2026\/08\/david-popovici-egor-kornev-100x70.webp\" alt title=\"Ziaristul Radu Naum consider\u0103 c\u0103 dialogul amical dintre David Popovici \u0219i adversarul s\u0103u rus ar fi fost \u201eopera\u021biune ruseasc\u0103\u201d de manipulare\" width=\"100\" height=\"70\"><\/a><\/div>\n<div class=\"item-details\">\n<h3 class=\"entry-title td-module-title\"><a href=\"https:\/\/r3media.ro\/radu-naum-david-popovici-dialog-rus\/\" rel=\"bookmark\" title=\"Ziaristul Radu Naum consider\u0103 c\u0103 dialogul amical dintre David Popovici \u0219i adversarul s\u0103u rus ar fi fost \u201eopera\u021biune ruseasc\u0103\u201d de manipulare\">Ziaristul Radu Naum consider\u0103 c\u0103 dialogul amical dintre David Popovici \u0219i&#8230;<\/a><\/h3>\n<div class=\"td-module-meta-info\"><span class=\"td-post-date\"><time class=\"entry-date updated td-module-date\" datetime=\"2026-08-13T14:24:30+03:00\">13\/08\/2026<\/time><\/span><\/div>\n<\/div>\n<\/div>\n<\/div>\n<div class=\"td-block-span12\">\n<div class=\"td_module_6 td_module_wrap td-animation-stack\">\n<div class=\"td-module-thumb\"><a href=\"https:\/\/r3media.ro\/toti-ma-stie-la-fundulea\/\" rel=\"bookmark\" class=\"td-image-wrap \" title=\"\u201eTo\u021bi m\u0103 \u0219tie la Fundulea\u201d!\"><img loading=\"lazy\" decoding=\"async\" class=\"entry-thumb\" src=\"https:\/\/r3media.ro\/wp-content\/uploads\/2026\/08\/Islanda-UE-100x70.jpg\" alt title=\"\u201eTo\u021bi m\u0103 \u0219tie la Fundulea\u201d!\" width=\"100\" height=\"70\"><\/a><\/div>\n<div class=\"item-details\">\n<h3 class=\"entry-title td-module-title\"><a href=\"https:\/\/r3media.ro\/toti-ma-stie-la-fundulea\/\" rel=\"bookmark\" title=\"\u201eTo\u021bi m\u0103 \u0219tie la Fundulea\u201d!\">\u201eTo\u021bi m\u0103 \u0219tie la Fundulea\u201d!<\/a><\/h3>\n<div class=\"td-module-meta-info\"><span class=\"td-post-date\"><time class=\"entry-date updated td-module-date\" datetime=\"2026-08-13T11:27:34+03:00\">13\/08\/2026<\/time><\/span><\/div>\n<\/div>\n<\/div>\n<\/div>\n<div class=\"td-block-span12\">\n<div class=\"td_module_6 td_module_wrap td-animation-stack\">\n<div class=\"td-module-thumb\"><a href=\"https:\/\/r3media.ro\/sri-in-scoli-expert-scuza-monitorizare-radicalizare\/\" rel=\"bookmark\" class=\"td-image-wrap \" title=\"SRI \u00een \u0219coli. Expert: SRI \u0219i \u201eb\u0103e\u021bii\u201d vor folosi aceast\u0103 scuz\u0103 c\u0103 \u201emonitorizeaz\u0103 radicalizarea\u201d ca s\u0103 vin\u0103 dup\u0103 oricine bate la ochi\"><img loading=\"lazy\" decoding=\"async\" class=\"entry-thumb\" src=\"https:\/\/r3media.ro\/wp-content\/uploads\/2026\/02\/supraveghere-mai-spatiu-online-100x70.jpg\" alt title=\"SRI \u00een \u0219coli. Expert: SRI \u0219i \u201eb\u0103e\u021bii\u201d vor folosi aceast\u0103 scuz\u0103 c\u0103 \u201emonitorizeaz\u0103 radicalizarea\u201d ca s\u0103 vin\u0103 dup\u0103 oricine bate la ochi\" width=\"100\" height=\"70\"><\/a><\/div>\n<div class=\"item-details\">\n<h3 class=\"entry-title td-module-title\"><a href=\"https:\/\/r3media.ro\/sri-in-scoli-expert-scuza-monitorizare-radicalizare\/\" rel=\"bookmark\" title=\"SRI \u00een \u0219coli. Expert: SRI \u0219i \u201eb\u0103e\u021bii\u201d vor folosi aceast\u0103 scuz\u0103 c\u0103 \u201emonitorizeaz\u0103 radicalizarea\u201d ca s\u0103 vin\u0103 dup\u0103 oricine bate la ochi\">SRI \u00een \u0219coli. Expert: SRI \u0219i \u201eb\u0103e\u021bii\u201d vor folosi aceast\u0103 scuz\u0103&#8230;<\/a><\/h3>\n<div class=\"td-module-meta-info\"><span class=\"td-post-date\"><time class=\"entry-date updated td-module-date\" datetime=\"2026-08-13T11:20:33+03:00\">13\/08\/2026<\/time><\/span><\/div>\n<\/div>\n<\/div>\n<\/div>\n<\/div>\n<\/div>\n<aside class=\"td_block_template_1 widget widget_recent_comments\">\n<h4 class=\"block-title\"><span>INTR\u0102 \u00ceN DISCU\u021aIE!<\/span><\/h4>\n<ul id=\"recentcomments\">\n<li class=\"recentcomments\"><span class=\"comment-author-link\">Nicu<\/span> la <a href=\"https:\/\/r3media.ro\/sri-in-scoli-expert-scuza-monitorizare-radicalizare\/#comment-40383\">SRI \u00een \u0219coli. Expert: SRI \u0219i \u201eb\u0103e\u021bii\u201d vor folosi aceast\u0103 scuz\u0103 c\u0103 \u201emonitorizeaz\u0103 radicalizarea\u201d ca s\u0103 vin\u0103 dup\u0103 oricine bate la ochi<\/a><\/li>\n<li class=\"recentcomments\"><span class=\"comment-author-link\">Nicu<\/span> la <a href=\"https:\/\/r3media.ro\/radu-naum-david-popovici-dialog-rus\/#comment-40382\">Ziaristul Radu Naum consider\u0103 c\u0103 dialogul amical dintre David Popovici \u0219i adversarul s\u0103u rus ar fi fost \u201eopera\u021biune ruseasc\u0103\u201d de manipulare<\/a><\/li>\n<li class=\"recentcomments\"><span class=\"comment-author-link\">E.T.<\/span> la <a href=\"https:\/\/r3media.ro\/cornel-nistorescu-ambulanta-recea-cristur-stiri-false-interzicere\/#comment-40381\">Cornel Nistorescu, despre incidentul cu ambulan\u021ba de la Recea-Cristur: Statul rom\u00e2n a\u0219teapt\u0103 s\u0103 interzic\u0103 \u0219tirile false \u0219i, pe l\u00eeng\u0103, tot ce nu convine puterii<\/a><\/li>\n<li class=\"recentcomments\"><span class=\"comment-author-link\">E.T.<\/span> la <a href=\"https:\/\/r3media.ro\/sri-in-scoli-expert-scuza-monitorizare-radicalizare\/#comment-40380\">SRI \u00een \u0219coli. Expert: SRI \u0219i \u201eb\u0103e\u021bii\u201d vor folosi aceast\u0103 scuz\u0103 c\u0103 \u201emonitorizeaz\u0103 radicalizarea\u201d ca s\u0103 vin\u0103 dup\u0103 oricine bate la ochi<\/a><\/li>\n<li class=\"recentcomments\"><span class=\"comment-author-link\">E.T.<\/span> la <a href=\"https:\/\/r3media.ro\/video-david-popovici-paris-aur\/#comment-40379\">VIDEO | David Popovici, rege pentru a treia oar\u0103 la Paris: aur \u0219i record al competi\u021biei la 100 m liber<\/a><\/li>\n<li class=\"recentcomments\"><span class=\"comment-author-link\">Dan C.<\/span> la <a href=\"https:\/\/r3media.ro\/trotinetele-electrice-interzise-cernauti\/#comment-40378\">Trotinetele electrice au fost interzise la Cern\u0103u\u021bi<\/a><\/li>\n<li class=\"recentcomments\"><span class=\"comment-author-link\">Nicu<\/span> la <a href=\"https:\/\/r3media.ro\/procedura-oprire-controlata-unitatea-2-reactor-nuclear-cernavoda-scufundare-barje-detonare-stanci\/#comment-40377\">Unitatea 2 de la Centrala Nuclear\u0103 Cernavod\u0103 a intrat \u00een procedura de oprire controlat\u0103. Scufundarea barjelor \u0219i detonarea st\u00e2ncilor de pe Dun\u0103re au avut efect zero<\/a><\/li>\n<\/ul>\n<\/aside>\n<aside class=\"td_block_template_1 widget widget_search\">\n<h4 class=\"block-title\"><span>CAUT\u0102 \u0218I VEI G\u0102SI<\/span><\/h4>\n<\/aside>\n<\/div>\n<\/div>\n<\/div>\n<\/div>\n<\/div>\n<\/div>\n<\/div>\n<p><span class=\"td-page-meta\"><\/span><span class=\"td-page-meta\"><span class=\"td-page-meta\"><\/span><\/span><span class=\"td-page-meta\"><\/span><\/article>\n<\/p>\n<div class=\"td_block_wrap tdb_single_content tdi_18 td-pb-border-top td_block_template_1 td-post-content tagdiv-type\" data-td-block-uid=\"tdi_18\">\n<div class=\"tdb-block-inner td-fix-index\">\n<p><strong>Generalul (r) Silviu Predoiu acuz\u0103 guvernul de la Bucure\u0219ti c\u0103 se ocup\u0103 cu ob\u021binerea \u201enotelor bune de la Bruxelles\u201d, \u00een loc s\u0103 apere \u201esecuritatea energetic\u0103, economia \u0219i interesele cet\u0103\u021benilor rom\u00e2ni\u201d, \u00een contextul de <a href=\"https:\/\/r3media.ro\/tag\/criza-energetica\/\" target=\"_blank\" rel=\"noopener\">criz\u0103 energetic\u0103<\/a> prin care trece \u021bara.<\/strong><\/p>\n<p>\u00centr-o postare publicat\u0103 pe <a href=\"https:\/\/www.facebook.com\/permalink.php?story_fbid=pfbid0kCE18rqqEumKTGtQwUSx3r8vaky3ZcHepze2XFvP7RNzLxWgg5DWLQtiag5u6kxgl&amp;id=100010756473751\" target=\"_blank\" rel=\"noopener\">facebook<\/a>, fostul prim-adjunct al Serviciului de Informa\u021bii Externe (SIE), spune c\u0103 oficialii de la Bucure\u0219ti cer voie Comisiei Europene s\u0103 repare gre\u0219elile f\u0103cute tot de ei, atunci c\u00e2nd \u0219i-au asumat \u00eenchiderea unor capacit\u0103\u021bi de producere a energiei, f\u0103r\u0103 s\u0103 existe ceva \u00een loc.<\/p>\n<p>\u201e<em>Rom\u00e2nia cere permisiunea Comisiei Europene s\u0103<\/em> \u2026 Titlul spune aproape totul despre felul \u00een care o parte a clasei noastre politice a ajuns s\u0103 \u00een\u021beleag\u0103 guvernarea: \u201cRom\u00e2nia cere permisiunea \u2026.\u201d Nu!!!! Rom\u00e2nia nu cere permisiunea nim\u0103nui! Ni\u0219te oameni care, vremelnic \u0219i gre\u0219it, conduc Rom\u00e2nia \u00eencearc\u0103 s\u0103 renegocieze ast\u0103zi consecin\u021bele unor angajamente pe care tot reprezentan\u021bii statului rom\u00e2n, parteneri cu ei, le-au negociat \u0219i acceptat ieri. Iar diferen\u021ba este fundamental\u0103.<\/p>\n<p>Prin PNRR, Rom\u00e2nia \u0219i-a asumat scoaterea din func\u021biune, p\u00e2n\u0103 la 31 august 2026, a \u00eenc\u0103 710 MW de capacit\u0103\u021bi de produc\u021bie pe c\u0103rbune. Dintre ace\u0219tia, 330 MW \u00eenseamn\u0103 grupul 5 de la Turceni. Planul era simplu \u00een teorie: \u00eenchidem c\u0103rbunele \u0219i \u00eel \u00eenlocuim cu capacit\u0103\u021bi noi, inclusiv cu o central\u0103 pe gaz la Turceni.<\/p>\n<p>Numai c\u0103 am ajuns la termen, iar c\u0103rbunele trebuie \u00eenchis, \u00een timp ce \u00eenlocuitorul nu este gata. Centrala pe gaz de aproximativ 475 MW de la Turceni era \u00eenc\u0103 \u00een procedur\u0103 de achizi\u021bie \u00een 2026, cu o perioad\u0103 prev\u0103zut\u0103 de 38 de luni pentru proiectare, execu\u021bie \u0219i punere \u00een func\u021biune.<\/p>\n<p>A\u0219adar, \u00eentrebarea nu este dac\u0103 Bruxelles-ul este bun sau r\u0103u. \u00centrebarea este mult mai simpl\u0103: Cine \u00ee\u0219i asum\u0103 \u00eenchiderea unei capacit\u0103\u021bi energetice \u00eenainte de a avea func\u021bional\u0103 capacitatea care trebuie s\u0103 o \u00eenlocuiasc\u0103? Mai ales \u00eentr-o \u021bar\u0103 care descoper\u0103 acum, \u00een condi\u021bii dificile pentru sistemul energetic, c\u00e2t valoreaz\u0103 330 MW de produc\u021bie controlabil\u0103.<\/p>\n<p>Ast\u0103zi ni se spune c\u0103 autorit\u0103\u021bile rom\u00e2ne poart\u0103 \u201cnegocieri intense\u201d cu Comisia European\u0103 pentru a putea p\u0103stra Turceni 5 \u00een func\u021biune \u0219i pentru a evita penalizarea Rom\u00e2niei prin PNRR. Cu alte cuvinte, dup\u0103 ce au negociat termenul, dup\u0103 ce l-au acceptat \u0219i dup\u0103 ce nu au reu\u0219it s\u0103 pun\u0103 la timp ceva \u00een loc, aceia\u0219i administratori se duc acum la Bruxelles s\u0103 negocieze dreptul de a nu face ceea ce ei s-au angajat s\u0103 fac\u0103. \u0218i a\u0219teapt\u0103 aplauze pentru asta !?! Aceasta este problema.<\/p>\n<p>Uniunea European\u0103 este o construc\u021bie din care Rom\u00e2nia a ales s\u0103 fac\u0103 parte \u0219i \u00een interiorul c\u0103reia trebuie s\u0103-\u0219i negocieze, repet, s\u0103-\u0219i negocieze inteligent interesele. Dar Comisia European\u0103 nu este Guvernul Rom\u00e2niei. Misiunea guvernului rom\u00e2n nu este s\u0103 ob\u021bin\u0103 note bune la Bruxelles, a\u0219a cum cred politicienii de duzin\u0103 ajun\u0219i azi \u201cla butoane\u201d.<\/p>\n<p>Nu este s\u0103 \u00eenchid\u0103 capacit\u0103\u021bi energetice pentru a bifa jaloane. Nu este s\u0103 transforme fiecare decizie strategic\u0103 \u00eentr-o \u00eentrebare: \u201cAvem voie?\u201d Misiunea lui este s\u0103 apere, \u00een cadrul angajamentelor europene, securitatea energetic\u0103, economia \u0219i interesele cet\u0103\u021benilor rom\u00e2ni. Tranzi\u021bia energetic\u0103 este necesar\u0103. Dar tranzi\u021bie \u00eenseamn\u0103 s\u0103 pui ceva \u00een loc \u00eenainte s\u0103 distrugi ceea ce ai.<\/p>\n<p>\u00cenchizi 330 MW? Foarte bine. Arat\u0103-mi mai \u00eent\u00e2i cei 330 MW care \u00eei \u00eenlocuiesc. Altfel nu mai vorbim despre tranzi\u021bie energetic\u0103. Vorbim despre renun\u021barea la o capacitate real\u0103 \u00een schimbul unei capacit\u0103\u021bi care exist\u0103 deocamdat\u0103 \u00een proiecte, licita\u021bii \u0219i promisiuni.<\/p>\n<p>De aceea, poate c\u0103 formula corect\u0103 pentru \u0219tire nu este: \u201cRom\u00e2nia cere permisiunea Comisiei Europene\u2026\u201d s\u0103 \u021bin\u0103 Turceniul deschis ci \u201cCei care au negociat \u0219i administrat prost, \u00een numele Rom\u00e2niei, cer acum Comisiei Europene s\u0103-i lase s\u0103 repare, m\u0103car temporar, consecin\u021bele propriilor decizii\u201d.<\/p>\n<p>C\u00e2t despre guvernan\u021bii zilei, nici m\u0103car acum nu \u00een\u021beleg c\u0103 nu voie trebuie s\u0103 cear\u0103, ci iertare! \u0218i nu Bruxelles-ului, ci nou\u0103, rom\u00e2nilor!\u201d, a scris Predoiu.<\/p>\n<div class=\"crp_related     crp-masonry\">\n<h2>\u00ceN CONTEXT<\/h2>\n<ul>\n<li><a href=\"https:\/\/r3media.ro\/ionut-cojocaru-romania-autoritarismului-stat-garnizoana-imprumuturi-reinarmare-dictatura-dezastru\/\" class=\"crp_link post-121131\"><span class=\"crp_title\">Istoricul Ionu\u021b Cojocaru spune c\u0103 Rom\u00e2nia s-a angajat pe drumul autoritarismului:\u2026<\/span><\/a><\/li>\n<li><a href=\"https:\/\/r3media.ro\/paternalism-dupa-liberalism-3-recompensele-publice-pentru-confectionarea-consensului\/\" class=\"crp_link post-113309\"><span class=\"crp_title\">Paternalism dup\u0103 liberalism (3) Recompensele publice pentru confec\u021bionarea consensului<\/span><\/a><\/li>\n<li><a href=\"https:\/\/r3media.ro\/dacia-ford-suspendare-productie-19-august-criza-energetica\/\" class=\"crp_link post-120794\"><span class=\"crp_title\">Dacia \u0219i Ford au suspendat produc\u021bia p\u00e2n\u0103 pe 19 august din cauza crizei energetice<\/span><\/a><\/li>\n<li><a href=\"https:\/\/r3media.ro\/e-pace-in-eurolic\/\" class=\"crp_link post-118932\"><span class=\"crp_title\">E pace \u00een Eurol\u00eec<\/span><\/a><\/li>\n<li><a href=\"https:\/\/r3media.ro\/niculina-stelea-aur-green-deal-bruxelles-energie\/\" class=\"crp_link post-120824\"><span class=\"crp_title\">Niculina Stelea (AUR): \u201eDelirul verde\u201d, intitulat pompos Green Deal de c\u0103tre Bruxelles, este\u2026<\/span><\/a><\/li>\n<li><a href=\"https:\/\/r3media.ro\/oficial-1989-rationalizare-consum-energie\/\" class=\"crp_link post-120921\"><span class=\"crp_title\">E oficial, ne \u00eentoarcem \u00eenainte de 89: Guvernul ra\u021bionalizeaz\u0103 consumul de energie printr-un\u2026<\/span><\/a><\/li>\n<li><a href=\"https:\/\/r3media.ro\/statul-roman-a-semnat-actul-propriei-disparitii\/\" class=\"crp_link post-120511\"><span class=\"crp_title\">Statul rom\u00e2n a semnat actul propriei dispari\u021bii?<\/span><\/a><\/li>\n<li><a href=\"https:\/\/r3media.ro\/jurnalist-imprumut-safe-autostrazi-moldova-ucraina-spitale-neterminate\/\" class=\"crp_link post-116968\"><span class=\"crp_title\">Jurnalist: Vor s\u0103 ne \u00eemprumut\u0103m prin SAFE pentru autostr\u0103zile spre Moldova \u0219i Ucraina, dar\u2026<\/span><\/a><\/li>\n<\/ul>\n<\/div>\n<\/div>\n<\/div>\n<p>[analyse_source url=&#8221;https:\/\/r3media.ro\/gen-silviu-predoiu-guvern-roman-bruxelles\/&#8221;]<\/p>\n","protected":false},"excerpt":{"rendered":"<p>[analyse_image type=&#8221;featured&#8221; src=&#8221;https:\/\/r3media.ro\/wp-content\/uploads\/2026\/08\/silviu-predoiu-e1786696798608.jpghttps:\/\/r3media.ro\/wp-content\/uploads\/2026\/08\/silviu-predoiu-e1786696798608.jpg&#8221;] ENERGIEGen. Silviu Predoiu: Misiunea guvernului rom\u00e2n nu este s\u0103 ob\u021bin\u0103 note bune&#8230; ENERGIEFEATURED\u0218TIRI Gen. Silviu Predoiu: Misiunea guvernului rom\u00e2n nu este s\u0103 ob\u021bin\u0103 note bune la Bruxelles. Nu este s\u0103 transforme fiecare decizie strategic\u0103 \u00eentr-o \u00eentrebare: \u201cAvem voie?\u201d Redac\u021bia 14\/08\/2026 Sursa foto: Captura foto\/stiri pe surse Generalul (r) Silviu Predoiu acuz\u0103 guvernul [&hellip;]<\/p>\n","protected":false},"author":1,"featured_media":0,"comment_status":"open","ping_status":"","sticky":false,"template":"","format":"standard","meta":{"footnotes":""},"categories":[89],"tags":[226,93],"class_list":["post-2092989","post","type-post","status-publish","format-standard","hentry","category-romania","tag-crawlmanager","tag-r3media-ro"],"_links":{"self":[{"href":"https:\/\/analyse.optim.biz\/index.php?rest_route=\/wp\/v2\/posts\/2092989","targetHints":{"allow":["GET"]}}],"collection":[{"href":"https:\/\/analyse.optim.biz\/index.php?rest_route=\/wp\/v2\/posts"}],"about":[{"href":"https:\/\/analyse.optim.biz\/index.php?rest_route=\/wp\/v2\/types\/post"}],"author":[{"embeddable":true,"href":"https:\/\/analyse.optim.biz\/index.php?rest_route=\/wp\/v2\/users\/1"}],"replies":[{"embeddable":true,"href":"https:\/\/analyse.optim.biz\/index.php?rest_route=%2Fwp%2Fv2%2Fcomments&post=2092989"}],"version-history":[{"count":0,"href":"https:\/\/analyse.optim.biz\/index.php?rest_route=\/wp\/v2\/posts\/2092989\/revisions"}],"wp:attachment":[{"href":"https:\/\/analyse.optim.biz\/index.php?rest_route=%2Fwp%2Fv2%2Fmedia&parent=2092989"}],"wp:term":[{"taxonomy":"category","embeddable":true,"href":"https:\/\/analyse.optim.biz\/index.php?rest_route=%2Fwp%2Fv2%2Fcategories&post=2092989"},{"taxonomy":"post_tag","embeddable":true,"href":"https:\/\/analyse.optim.biz\/index.php?rest_route=%2Fwp%2Fv2%2Ftags&post=2092989"}],"curies":[{"name":"wp","href":"https:\/\/api.w.org\/{rel}","templated":true}]}}