{"id":2092965,"date":"2026-08-14T00:16:11","date_gmt":"2026-08-13T21:16:11","guid":{"rendered":"https:\/\/analyse.optim.biz\/?p=2092965"},"modified":"2026-08-14T00:16:11","modified_gmt":"2026-08-13T21:16:11","slug":"marea-balaceala-nu-are-voie-sa-calce-pe-urmele-legendelor-gloriei-jurnalistul-vali-mocanu-spune-raspicat-ce-simt-multi-buzoieni","status":"publish","type":"post","link":"https:\/\/analyse.optim.biz\/?p=2092965","title":{"rendered":"\u201eMarea B\u0103l\u0103ceal\u0103\u201d NU ARE VOIE s\u0103 calce pe urmele legendelor Gloriei! Jurnalistul Vali Mocanu spune r\u0103spicat ce simt mul\u021bi buzoieni"},"content":{"rendered":"<p>[analyse_image type=&#8221;featured&#8221; src=&#8221;https:\/\/gazetabuzoiana.ro\/wp-content\/uploads\/2026\/08\/ion-viorel.jpeg&#8221;]<\/p>\n<div class=\"entry-content entry clearfix\">\n<p class=\"wp-block-paragraph\">\u00cen ziua \u00een care vestea mor\u021bii lui Mitic\u0103 Marcu a \u00eendoliat comunitatea fotbalistic\u0103 buzoian\u0103, jurnalistul de pres\u0103 sportiv\u0103 Vali Mocanu, o voce respectat\u0103 \u00een presa buzoian\u0103, a mers pe Stadionul Gloria \u0219i a vorbit despre oamenii \u0219i despre fotbalul care au f\u0103cut din acest loc unul dintre reperele sportului buzoian.<\/p>\n<p class=\"wp-block-paragraph\">Momentul \u00een care Vali Mocanu s-a  \u00eentors \u00een timp a fost filmat \u0219i postat pe pagina sa de Facebook. El \u00ee\u0219i aminte\u0219te de juc\u0103tori  precum Mitic\u0103 Marcu, Kramer, Balaur, Dudu Georgescu, Tulpan, Viorel Ion,  Ilie Stan, Florin Marin, dar \u0219i de alte nume care au trecut prin fotbalul Gloriei, de Mircea Sandu \u0219i Stoichi\u021b\u0103, fotbali\u0219ti care au jucat pe acest stadion.<\/p>\n<p class=\"wp-block-paragraph\">\u0218i \u00ee\u0219i mai aminte\u0219te de o vreme \u00een care Stadionul Gloria era plin p\u00e2n\u0103 la refuz. Peste 20.000 de oameni care veneau cu mai bine de o or\u0103 \u00eenainte de \u00eenceperea meciurilor, iar cei care nu mai g\u0103seau loc \u00een tribune ajungeau s\u0103 stea pe jos, l\u00e2ng\u0103 gard, numai s\u0103 poat\u0103 vedea meciul. Spune c\u0103 oamenii veneau la stadion cu aparatele de radio \u00een m\u00e2n\u0103 \u0219i, printre fazele meciului Gloriei, ascultau vocea comentatorilor care transmiteau de la celelalte partide ale etapei.<\/p>\n<p class=\"wp-block-paragraph\">Asta era Gloria Buz\u0103u!<\/p>\n<p class=\"wp-block-paragraph\">\u00cen filmarea sa, Vali Mocanu vorbe\u0219te \u0219i despre perioada 1983\u20131987 \u0219i despre Mitic\u0103 Marcu. \u00cent\u00e2i \u00eel descrie \u00eentr-un fel care spune multe despre locul pe care \u00eel ocupa \u00een sufletul oamenilor: <\/p>\n<p class=\"wp-block-paragraph\"><strong><mark class=\"has-inline-color has-vivid-red-color\">\u201eEra un fel Sf\u00e2ntul Petru la poarta Raiului.\u201d<\/mark><\/strong><\/p>\n<p class=\"wp-block-paragraph\">Apoi se corecteaz\u0103:<\/p>\n<p class=\"wp-block-paragraph\"><strong><mark class=\"has-inline-color has-vivid-red-color\">\u201eDac\u0103 nu un Dumnezeu al fotbalului buzoian.\u201d<\/mark><\/strong><\/p>\n<p class=\"wp-block-paragraph\">Ast\u0103zi, Mitic\u0103 Marcu nu mai este. Iar \u00een ziua \u00een care vestea mor\u021bii sale a adus at\u00e2ta triste\u021be \u00een lumea fotbalului buzoian, fostul antrenor al Gloriei, Ion Viorel, a venit pe stadion cu flori \u0219i lum\u00e2n\u0103ri pentru cel care a fost c\u00e2ndva unul dintre idolii tribunelor. \u00centr-un astfel de moment, cuvintele lui Vali Mocanu au o greutate aparte.<\/p>\n<p class=\"wp-block-paragraph\">El vorbe\u0219te despre un stadion pe care \u00eel nume\u0219te <strong>\u201eTEMPLU\u201d<\/strong>, <strong><mark class=\"has-inline-color has-vivid-red-color\">\u201eun loc \u00een care oamenii ar trebui s\u0103 vin\u0103 s\u0103 se \u00eenchine \u0219i s\u0103-\u0219i aminteasc\u0103 de lucrurile frumoase\u201d.<\/mark><\/strong><\/p>\n<p class=\"wp-block-paragraph\">\u0218i, \u00een timp ce vorbe\u0219te, imaginile surprinse pe stadion arat\u0103 \u0219i ce a mai r\u0103mas din acest loc\u2026 B\u0103l\u0103rii crescute \u0219i g\u0103uri! Un loc l\u0103sat parc\u0103 s\u0103 \u00eemb\u0103tr\u00e2neasc\u0103 f\u0103r\u0103 prea mult\u0103 grij\u0103.<\/p>\n<p class=\"wp-block-paragraph\">Iar apoi vine cu o \u00eentrebare care, dup\u0103 aceast\u0103 \u00eentoarcere \u00een timp, cade ca un du\u0219 rece: <\/p>\n<p class=\"wp-block-paragraph\"><strong><mark class=\"has-inline-color has-vivid-red-color\">\u201eCum naiba v-a venit ideea s\u0103 face\u021bi asta, s\u0103 v\u0103 b\u0103l\u0103ci\u021bi pe stadion?!\u201d<\/mark><\/strong><\/p>\n<p class=\"wp-block-paragraph\">Ast\u0103zi, spune Vali Mocanu, <mark class=\"has-inline-color has-vivid-red-color\">\u201e<strong>\u00een loc s\u0103 juc\u0103m fotbal pe acest stadion, ajungem s\u0103 intr\u0103m aici doar ca s\u0103 ne stropim cu ap\u0103\u201d.<\/strong><\/mark><\/p>\n<p class=\"wp-block-paragraph\">Contrastul este at\u00e2t de mare \u00eenc\u00e2t nici nu mai are nevoie de explica\u021bii.<\/p>\n<p class=\"wp-block-paragraph\">Un loc \u00een care au jucat at\u00e2tea legende ale fotbalului buzoian \u0219i na\u021bional urmeaz\u0103 s\u0103 g\u0103zduiasc\u0103, pe 22 august, \u201eMarea B\u0103l\u0103ceal\u0103\u201d\u2026.<\/p>\n<h1 class=\"wp-block-heading\"><strong>Vali Mocanu a avut curajul s\u0103 spun\u0103 ce mul\u021bi doar g\u00e2ndesc<\/strong><\/h1>\n<p class=\"wp-block-paragraph\">Vali Mocanu a avut curajul s\u0103 vorbeasc\u0103!  Este unul dintre cei mai cunoscu\u021bi \u0219i respecta\u021bi jurnali\u0219ti de sport din Buz\u0103u. A urm\u0103rit fotbalul buzoian ani la r\u00e2nd, a cunoscut oamenii, a v\u0103zut meciurile \u0219i a \u00een\u021beles ce \u00eenseamn\u0103 pentru un ora\u0219 un stadion pe care au jucat genera\u021bii \u00eentregi de fotbali\u0219ti. De aceea, filmarea lui face mai mult dec\u00e2t toate explica\u021biile pe care le-am putea scrie noi despre \u201eMarea B\u0103l\u0103ceal\u0103\u201d.<\/p>\n<p class=\"wp-block-paragraph\">Poate cuvintele sale vor ajunge \u0219i la cei care au decis c\u0103 Stadionul Gloria este locul potrivit pentru un asemenea eveniment, pe 22 august, pentru c\u0103 stadionul nu este o simpl\u0103 suprafa\u021b\u0103 pe care se poate organiza orice activitate. Are memorie, are pove\u0219ti ale celor care care \u0219i-au l\u0103sat acolo o parte din via\u021b\u0103, are amintirile a zeci de mii de oameni care au stat \u00een tribune sau chiar pe jos, l\u00e2ng\u0103 gard, pentru a vedea Gloria juc\u00e2nd. A\u0219a poveste\u0219te jurnalistul.<\/p>\n<p class=\"wp-block-paragraph\">Iar ast\u0103zi are \u0219i o comunitate de suporteri care \u00ee\u0219i exprim\u0103 dezacordul fa\u021b\u0103 de alegerea municipalit\u0103\u021bii de a organiza aici \u201eMarea B\u0103l\u0103ceal\u0103\u201d.<\/p>\n<p class=\"wp-block-paragraph\">Pentru iubitorii fotbalului buzoian, s\u0103 organizezi \u201eMarea B\u0103l\u0103ceal\u0103\u201d tocmai aici, \u00eentr-un loc care a fost practic \u00eengropat odat\u0103 cu dispari\u021bia Gloriei Buz\u0103u, e ca \u0219i cum ai organiza o nunt\u0103 f\u0103cut\u0103 \u00een cimitir, cu muzic\u0103 \u0219i dans peste morm\u00e2ntul celui pe care tocmai l-ai \u00eengropat. Filmarea lui Vali Mocanu explic\u0103 cel mai bine aceast\u0103 percep\u021bie. <\/p>\n<p class=\"wp-block-paragraph\">O b\u0103l\u0103ceal\u0103 se poate face \u00een multe locuri, dar istoria celei mai iubite echipe buzoiene nu se poate muta din Stadionul Gloria. A\u0219a cum spune Vali Mocanu, <strong><mark class=\"has-inline-color has-vivid-red-color\">\u201d Stadionul Gloria ar trebui s\u0103 r\u0103m\u00e2n\u0103 un templu \u00een care s\u0103 te \u00eenchini \u0219i s\u0103-\u021bi aminte\u0219ti de lucrurile frumoase\u201d<\/mark><\/strong>, nu un loc \u00een care memoria unor genera\u021bii de fotbali\u0219ti s\u0103 fie amestecat\u0103 cu orice eveniment care are nevoie de un spa\u021biu mare.<\/p>\n<p class=\"wp-block-paragraph\"><strong>Marea B\u0103l\u0103ceal\u0103 nu are voie s\u0103 calce pe urmele legendelor Gloriei<\/strong>!<\/p>\n<div class=\"post-bottom-meta post-bottom-tags post-tags-modern\">\n<div class=\"post-bottom-meta-title\"> Etichete<\/div>\n<p><span class=\"tagcloud\"><a href=\"https:\/\/gazetabuzoiana.ro\/tag\/balaur\/\" rel=\"tag\">Balaur<\/a><a href=\"https:\/\/gazetabuzoiana.ro\/tag\/buzau-2\/\" rel=\"tag\">Buz\u0103u<\/a><a href=\"https:\/\/gazetabuzoiana.ro\/tag\/comunitatea-fotbalistica-buzoiana\/\" rel=\"tag\">comunitatea fotbalistic\u0103 buzoian\u0103<\/a><a href=\"https:\/\/gazetabuzoiana.ro\/tag\/dudu-georgescu\/\" rel=\"tag\">Dudu Georgescu<\/a><a href=\"https:\/\/gazetabuzoiana.ro\/tag\/fotbal\/\" rel=\"tag\">fotbal<\/a><a href=\"https:\/\/gazetabuzoiana.ro\/tag\/fotbal-buzoian\/\" rel=\"tag\">fotbal buzoian<\/a><a href=\"https:\/\/gazetabuzoiana.ro\/tag\/gloria-buzau-2\/\" rel=\"tag\">Gloria Buz\u0103u<\/a><a href=\"https:\/\/gazetabuzoiana.ro\/tag\/ion-viorel\/\" rel=\"tag\">Ion Viorel<\/a><a href=\"https:\/\/gazetabuzoiana.ro\/tag\/kramer\/\" rel=\"tag\">Kramer<\/a><a href=\"https:\/\/gazetabuzoiana.ro\/tag\/legendele-gloriei\/\" rel=\"tag\">legendele Gloriei<\/a><a href=\"https:\/\/gazetabuzoiana.ro\/tag\/marea-balaceala\/\" rel=\"tag\">Marea B\u0103l\u0103ceal\u0103<\/a><a href=\"https:\/\/gazetabuzoiana.ro\/tag\/mircea-sandu\/\" rel=\"tag\">Mircea Sandu<\/a><a href=\"https:\/\/gazetabuzoiana.ro\/tag\/mitica-marcu\/\" rel=\"tag\">Mitic\u0103 Marcu<\/a><a href=\"https:\/\/gazetabuzoiana.ro\/tag\/primaria-buzau\/\" rel=\"tag\">Prim\u0103ria Buz\u0103u<\/a><a href=\"https:\/\/gazetabuzoiana.ro\/tag\/scm-gloria-buzau\/\" rel=\"tag\">SCM Gloria Buz\u0103u<\/a><a href=\"https:\/\/gazetabuzoiana.ro\/tag\/sport-buzoian\/\" rel=\"tag\">sport buzoian<\/a><a href=\"https:\/\/gazetabuzoiana.ro\/tag\/stadionul-gloria\/\" rel=\"tag\">stadionul gloria<\/a><a href=\"https:\/\/gazetabuzoiana.ro\/tag\/stadionul-gloria-buzau\/\" rel=\"tag\">Stadionul Gloria Buz\u0103u<\/a><a href=\"https:\/\/gazetabuzoiana.ro\/tag\/stoichita\/\" rel=\"tag\">Stoichi\u021b\u0103<\/a><a href=\"https:\/\/gazetabuzoiana.ro\/tag\/vali-mocanu\/\" rel=\"tag\">Vali Mocanu<\/a><\/span><\/div>\n<\/div>\n<p>[analyse_source url=&#8221;https:\/\/gazetabuzoiana.ro\/2026\/08\/14\/marea-balaceala-nu-are-voie-sa-calce-pe-urmele-legendelor-gloriei-jurnalistul-vali-mocanu-spune-raspicat-ce-simt-multi-buzoieni\/&#8221;]<\/p>\n","protected":false},"excerpt":{"rendered":"<p>[analyse_image type=&#8221;featured&#8221; src=&#8221;https:\/\/gazetabuzoiana.ro\/wp-content\/uploads\/2026\/08\/ion-viorel.jpeg&#8221;] \u00cen ziua \u00een care vestea mor\u021bii lui Mitic\u0103 Marcu a \u00eendoliat comunitatea fotbalistic\u0103 buzoian\u0103, jurnalistul de pres\u0103 sportiv\u0103 Vali Mocanu, o voce respectat\u0103 \u00een presa buzoian\u0103, a mers pe Stadionul Gloria \u0219i a vorbit despre oamenii \u0219i despre fotbalul care au f\u0103cut din acest loc unul dintre reperele sportului buzoian. Momentul \u00een [&hellip;]<\/p>\n","protected":false},"author":1,"featured_media":0,"comment_status":"open","ping_status":"","sticky":false,"template":"","format":"standard","meta":{"footnotes":""},"categories":[2],"tags":[226,38],"class_list":["post-2092965","post","type-post","status-publish","format-standard","hentry","category-politics","tag-crawlmanager","tag-gazetabuzoiana-ro"],"_links":{"self":[{"href":"https:\/\/analyse.optim.biz\/index.php?rest_route=\/wp\/v2\/posts\/2092965","targetHints":{"allow":["GET"]}}],"collection":[{"href":"https:\/\/analyse.optim.biz\/index.php?rest_route=\/wp\/v2\/posts"}],"about":[{"href":"https:\/\/analyse.optim.biz\/index.php?rest_route=\/wp\/v2\/types\/post"}],"author":[{"embeddable":true,"href":"https:\/\/analyse.optim.biz\/index.php?rest_route=\/wp\/v2\/users\/1"}],"replies":[{"embeddable":true,"href":"https:\/\/analyse.optim.biz\/index.php?rest_route=%2Fwp%2Fv2%2Fcomments&post=2092965"}],"version-history":[{"count":0,"href":"https:\/\/analyse.optim.biz\/index.php?rest_route=\/wp\/v2\/posts\/2092965\/revisions"}],"wp:attachment":[{"href":"https:\/\/analyse.optim.biz\/index.php?rest_route=%2Fwp%2Fv2%2Fmedia&parent=2092965"}],"wp:term":[{"taxonomy":"category","embeddable":true,"href":"https:\/\/analyse.optim.biz\/index.php?rest_route=%2Fwp%2Fv2%2Fcategories&post=2092965"},{"taxonomy":"post_tag","embeddable":true,"href":"https:\/\/analyse.optim.biz\/index.php?rest_route=%2Fwp%2Fv2%2Ftags&post=2092965"}],"curies":[{"name":"wp","href":"https:\/\/api.w.org\/{rel}","templated":true}]}}