{"id":2092960,"date":"2026-08-13T06:55:09","date_gmt":"2026-08-13T03:55:09","guid":{"rendered":"https:\/\/analyse.optim.biz\/?p=2092960"},"modified":"2026-08-13T06:55:09","modified_gmt":"2026-08-13T03:55:09","slug":"perseidele-s-au-lasat-asteptate-la-naeni-sute-de-buzoieni-au-cantat-sub-cerul-innorat-inaintea-spectacolului-astral","status":"publish","type":"post","link":"https:\/\/analyse.optim.biz\/?p=2092960","title":{"rendered":"Perseidele s-au l\u0103sat a\u0219teptate la N\u0103eni. Sute de buzoieni au c\u00e2ntat sub cerul \u00eennorat, \u00eenaintea spectacolului astral"},"content":{"rendered":"<p>[analyse_image type=&#8221;featured&#8221; src=&#8221;https:\/\/www.observatorulbuzoian.ro\/wp-content\/uploads\/2026\/08\/Perseide-Naeni-Buzau-37.jpg&#8221;]<\/p>\n<div class=\"td-post-content tagdiv-type\">\n<p class=\"isselectedend\"><span>C\u00e2teva sute de buzoieni au participat, \u00een noaptea de miercuri spre joi, la primul eveniment organizat de Organiza\u021bia de Management al Destina\u021biei Jude\u021bul Buz\u0103u, \u00eempreun\u0103 cu Consiliul Jude\u021bean Buz\u0103u. Ac\u021biunea dedicat\u0103 observ\u0103rii Perseidelor s-a desf\u0103\u0219urat \u00eentr-unul dintre cele mai spectaculoase locuri ale jude\u021bului, \u00een zona Bisericii dintr-o Piatr\u0103 din comuna N\u0103eni.<\/span><\/p>\n<p class=\"isselectedend\"><span>Aproximativ 100 de persoane au ajuns la N\u0103eni cu cele dou\u0103 autocare puse gratuit la dispozi\u021bie de OMD Jude\u021bul Buz\u0103u. Lor li s-au al\u0103turat alte c\u00e2teva sute de buzoieni care au venit cu ma\u0219inile personale, atra\u0219i de posibilitatea de a urm\u0103ri ploaia de meteori \u00eentr-un loc aflat departe de aglomera\u021bia \u0219i poluarea luminoas\u0103 a ora\u0219elor.<\/span><\/p>\n<p>                    #tdi_63  .td-doubleSlider-2 .td-item1 {<br \/>\n                        background: url(https:\/\/www.observatorulbuzoian.ro\/wp-content\/uploads\/2026\/08\/Perseide-Naeni-Buzau-11-80&#215;60.jpg) 0 0 no-repeat;<br \/>\n                    }<br \/>\n                    #tdi_63  .td-doubleSlider-2 .td-item2 {<br \/>\n                        background: url(https:\/\/www.observatorulbuzoian.ro\/wp-content\/uploads\/2026\/08\/Perseide-Naeni-Buzau-12-80&#215;60.jpg) 0 0 no-repeat;<br \/>\n                    }<br \/>\n                    #tdi_63  .td-doubleSlider-2 .td-item3 {<br \/>\n                        background: url(https:\/\/www.observatorulbuzoian.ro\/wp-content\/uploads\/2026\/08\/Perseide-Naeni-Buzau-13-80&#215;60.jpg) 0 0 no-repeat;<br \/>\n                    }<br \/>\n                    #tdi_63  .td-doubleSlider-2 .td-item4 {<br \/>\n                        background: url(https:\/\/www.observatorulbuzoian.ro\/wp-content\/uploads\/2026\/08\/Perseide-Naeni-Buzau-14-80&#215;60.jpg) 0 0 no-repeat;<br \/>\n                    }<br \/>\n                    #tdi_63  .td-doubleSlider-2 .td-item5 {<br \/>\n                        background: url(https:\/\/www.observatorulbuzoian.ro\/wp-content\/uploads\/2026\/08\/Perseide-Naeni-Buzau-15-80&#215;60.jpg) 0 0 no-repeat;<br \/>\n                    }<br \/>\n                    #tdi_63  .td-doubleSlider-2 .td-item6 {<br \/>\n                        background: url(https:\/\/www.observatorulbuzoian.ro\/wp-content\/uploads\/2026\/08\/Perseide-Naeni-Buzau-16-80&#215;60.jpg) 0 0 no-repeat;<br \/>\n                    }<br \/>\n                    #tdi_63  .td-doubleSlider-2 .td-item7 {<br \/>\n                        background: url(https:\/\/www.observatorulbuzoian.ro\/wp-content\/uploads\/2026\/08\/Perseide-Naeni-Buzau-17-80&#215;60.jpg) 0 0 no-repeat;<br \/>\n                    }<br \/>\n                    #tdi_63  .td-doubleSlider-2 .td-item8 {<br \/>\n                        background: url(https:\/\/www.observatorulbuzoian.ro\/wp-content\/uploads\/2026\/08\/Perseide-Naeni-Buzau-18-80&#215;60.jpg) 0 0 no-repeat;<br \/>\n                    }<br \/>\n                    #tdi_63  .td-doubleSlider-2 .td-item9 {<br \/>\n                        background: url(https:\/\/www.observatorulbuzoian.ro\/wp-content\/uploads\/2026\/08\/Perseide-Naeni-Buzau-19-80&#215;60.jpg) 0 0 no-repeat;<br \/>\n                    }<br \/>\n                    #tdi_63  .td-doubleSlider-2 .td-item10 {<br \/>\n                        background: url(https:\/\/www.observatorulbuzoian.ro\/wp-content\/uploads\/2026\/08\/Perseide-Naeni-Buzau-20-80&#215;60.jpg) 0 0 no-repeat;<br \/>\n                    }<br \/>\n                    #tdi_63  .td-doubleSlider-2 .td-item11 {<br \/>\n                        background: url(https:\/\/www.observatorulbuzoian.ro\/wp-content\/uploads\/2026\/08\/Perseide-Naeni-Buzau-21-80&#215;60.jpg) 0 0 no-repeat;<br \/>\n                    }<br \/>\n                    #tdi_63  .td-doubleSlider-2 .td-item12 {<br \/>\n                        background: url(https:\/\/www.observatorulbuzoian.ro\/wp-content\/uploads\/2026\/08\/Perseide-Naeni-Buzau-22-80&#215;60.jpg) 0 0 no-repeat;<br \/>\n                    }<br \/>\n                    #tdi_63  .td-doubleSlider-2 .td-item13 {<br \/>\n                        background: url(https:\/\/www.observatorulbuzoian.ro\/wp-content\/uploads\/2026\/08\/Perseide-Naeni-Buzau-23-80&#215;60.jpg) 0 0 no-repeat;<br \/>\n                    }<br \/>\n                    #tdi_63  .td-doubleSlider-2 .td-item14 {<br \/>\n                        background: url(https:\/\/www.observatorulbuzoian.ro\/wp-content\/uploads\/2026\/08\/Perseide-Naeni-Buzau-24-80&#215;60.jpg) 0 0 no-repeat;<br \/>\n                    }<br \/>\n                    #tdi_63  .td-doubleSlider-2 .td-item15 {<br \/>\n                        background: url(https:\/\/www.observatorulbuzoian.ro\/wp-content\/uploads\/2026\/08\/Perseide-Naeni-Buzau-25-80&#215;60.jpg) 0 0 no-repeat;<br \/>\n                    }<br \/>\n                    #tdi_63  .td-doubleSlider-2 .td-item16 {<br \/>\n                        background: url(https:\/\/www.observatorulbuzoian.ro\/wp-content\/uploads\/2026\/08\/Perseide-Naeni-Buzau-26-80&#215;60.jpg) 0 0 no-repeat;<br \/>\n                    }<br \/>\n                    #tdi_63  .td-doubleSlider-2 .td-item17 {<br \/>\n                        background: url(https:\/\/www.observatorulbuzoian.ro\/wp-content\/uploads\/2026\/08\/Perseide-Naeni-Buzau-27-80&#215;60.jpg) 0 0 no-repeat;<br \/>\n                    }<br \/>\n                    #tdi_63  .td-doubleSlider-2 .td-item18 {<br \/>\n                        background: url(https:\/\/www.observatorulbuzoian.ro\/wp-content\/uploads\/2026\/08\/Perseide-Naeni-Buzau-28-80&#215;60.jpg) 0 0 no-repeat;<br \/>\n                    }<br \/>\n                    #tdi_63  .td-doubleSlider-2 .td-item19 {<br \/>\n                        background: url(https:\/\/www.observatorulbuzoian.ro\/wp-content\/uploads\/2026\/08\/Perseide-Naeni-Buzau-29-80&#215;60.jpg) 0 0 no-repeat;<br \/>\n                    }<br \/>\n                    #tdi_63  .td-doubleSlider-2 .td-item20 {<br \/>\n                        background: url(https:\/\/www.observatorulbuzoian.ro\/wp-content\/uploads\/2026\/08\/Perseide-Naeni-Buzau-30-80&#215;60.jpg) 0 0 no-repeat;<br \/>\n                    }<br \/>\n                    #tdi_63  .td-doubleSlider-2 .td-item21 {<br \/>\n                        background: url(https:\/\/www.observatorulbuzoian.ro\/wp-content\/uploads\/2026\/08\/Perseide-Naeni-Buzau-31-80&#215;60.jpg) 0 0 no-repeat;<br \/>\n                    }<br \/>\n                    #tdi_63  .td-doubleSlider-2 .td-item22 {<br \/>\n                        background: url(https:\/\/www.observatorulbuzoian.ro\/wp-content\/uploads\/2026\/08\/Perseide-Naeni-Buzau-32-80&#215;60.jpg) 0 0 no-repeat;<br \/>\n                    }<br \/>\n                    #tdi_63  .td-doubleSlider-2 .td-item23 {<br \/>\n                        background: url(https:\/\/www.observatorulbuzoian.ro\/wp-content\/uploads\/2026\/08\/Perseide-Naeni-Buzau-33-80&#215;60.jpg) 0 0 no-repeat;<br \/>\n                    }<br \/>\n                    #tdi_63  .td-doubleSlider-2 .td-item24 {<br \/>\n                        background: url(https:\/\/www.observatorulbuzoian.ro\/wp-content\/uploads\/2026\/08\/Perseide-Naeni-Buzau-34-80&#215;60.jpg) 0 0 no-repeat;<br \/>\n                    }<br \/>\n                    #tdi_63  .td-doubleSlider-2 .td-item25 {<br \/>\n                        background: url(https:\/\/www.observatorulbuzoian.ro\/wp-content\/uploads\/2026\/08\/Perseide-Naeni-Buzau-35-80&#215;60.jpg) 0 0 no-repeat;<br \/>\n                    }<br \/>\n                    #tdi_63  .td-doubleSlider-2 .td-item26 {<br \/>\n                        background: url(https:\/\/www.observatorulbuzoian.ro\/wp-content\/uploads\/2026\/08\/Perseide-Naeni-Buzau-36-80&#215;60.jpg) 0 0 no-repeat;<br \/>\n                    }<br \/>\n                    #tdi_63  .td-doubleSlider-2 .td-item27 {<br \/>\n                        background: url(https:\/\/www.observatorulbuzoian.ro\/wp-content\/uploads\/2026\/08\/Perseide-Naeni-Buzau-37-80&#215;60.jpg) 0 0 no-repeat;<br \/>\n                    }<br \/>\n                    #tdi_63  .td-doubleSlider-2 .td-item28 {<br \/>\n                        background: url(https:\/\/www.observatorulbuzoian.ro\/wp-content\/uploads\/2026\/08\/Perseide-Naeni-Buzau-38-80&#215;60.jpg) 0 0 no-repeat;<br \/>\n                    }<br \/>\n                    #tdi_63  .td-doubleSlider-2 .td-item29 {<br \/>\n                        background: url(https:\/\/www.observatorulbuzoian.ro\/wp-content\/uploads\/2026\/08\/Perseide-Naeni-Buzau-39-80&#215;60.jpg) 0 0 no-repeat;<br \/>\n                    }<br \/>\n                    #tdi_63  .td-doubleSlider-2 .td-item30 {<br \/>\n                        background: url(https:\/\/www.observatorulbuzoian.ro\/wp-content\/uploads\/2026\/08\/Perseide-Naeni-Buzau-40-80&#215;60.jpg) 0 0 no-repeat;<br \/>\n                    }<br \/>\n                    #tdi_63  .td-doubleSlider-2 .td-item31 {<br \/>\n                        background: url(https:\/\/www.observatorulbuzoian.ro\/wp-content\/uploads\/2026\/08\/Perseide-Naeni-Buzau-41-80&#215;60.jpg) 0 0 no-repeat;<br \/>\n                    }<br \/>\n                    #tdi_63  .td-doubleSlider-2 .td-item32 {<br \/>\n                        background: url(https:\/\/www.observatorulbuzoian.ro\/wp-content\/uploads\/2026\/08\/Perseide-Naeni-Buzau-42-80&#215;60.jpg) 0 0 no-repeat;<br \/>\n                    }<br \/>\n                    #tdi_63  .td-doubleSlider-2 .td-item33 {<br \/>\n                        background: url(https:\/\/www.observatorulbuzoian.ro\/wp-content\/uploads\/2026\/08\/Perseide-Naeni-Buzau-43-80&#215;60.jpg) 0 0 no-repeat;<br \/>\n                    }<\/p>\n<div id=\"tdi_63\" class=\"td-gallery td-slide-on-2-columns\">\n<div class=\"post_td_gallery\">\n<div class=\"td-gallery-slide-top\">\n<div class=\"td-gallery-controls-wrapper\">\n<div class=\"td-gallery-slide-count\"><span class=\"td-gallery-slide-item-focus\">1<\/span> de 33<\/div>\n<\/div>\n<\/div>\n<div class=\"td-doubleSlider-1 \">\n<div class=\"td-slider\">\n<div class=\"td-slide-item td-item1\">\n<figure class=\"td-slide-galery-figure td-slide-popup-gallery\"><a class=\"slide-gallery-image-link\" href=\"https:\/\/www.observatorulbuzoian.ro\/wp-content\/uploads\/2026\/08\/Perseide-Naeni-Buzau-11.jpg\" title=\"Perseide Naeni Buzau--11\" data-caption data-description><img decoding=\"async\" src=\"https:\/\/www.observatorulbuzoian.ro\/wp-content\/uploads\/2026\/08\/Perseide-Naeni-Buzau-11-630x420.jpg\" alt><img decoding=\"async\" src=\"https:\/\/www.observatorulbuzoian.ro\/wp-content\/uploads\/2026\/08\/Perseide-Naeni-Buzau-11-630x420.jpg\" alt><\/a><\/figure>\n<\/div>\n<div class=\"td-slide-item td-item2\">\n<figure class=\"td-slide-galery-figure td-slide-popup-gallery\"><a class=\"slide-gallery-image-link\" href=\"https:\/\/www.observatorulbuzoian.ro\/wp-content\/uploads\/2026\/08\/Perseide-Naeni-Buzau-12.jpg\" title=\"Perseide Naeni Buzau--12\" data-caption data-description><img decoding=\"async\" src=\"https:\/\/www.observatorulbuzoian.ro\/wp-content\/uploads\/2026\/08\/Perseide-Naeni-Buzau-12-629x420.jpg\" alt><img decoding=\"async\" src=\"https:\/\/www.observatorulbuzoian.ro\/wp-content\/uploads\/2026\/08\/Perseide-Naeni-Buzau-12-629x420.jpg\" alt><\/a><\/figure>\n<\/div>\n<div class=\"td-slide-item td-item3\">\n<figure class=\"td-slide-galery-figure td-slide-popup-gallery\"><a class=\"slide-gallery-image-link\" href=\"https:\/\/www.observatorulbuzoian.ro\/wp-content\/uploads\/2026\/08\/Perseide-Naeni-Buzau-13.jpg\" title=\"Perseide Naeni Buzau--13\" data-caption data-description><img decoding=\"async\" src=\"https:\/\/www.observatorulbuzoian.ro\/wp-content\/uploads\/2026\/08\/Perseide-Naeni-Buzau-13-627x420.jpg\" alt><img decoding=\"async\" src=\"https:\/\/www.observatorulbuzoian.ro\/wp-content\/uploads\/2026\/08\/Perseide-Naeni-Buzau-13-627x420.jpg\" alt><\/a><\/figure>\n<\/div>\n<div class=\"td-slide-item td-item4\">\n<figure class=\"td-slide-galery-figure td-slide-popup-gallery\"><a class=\"slide-gallery-image-link\" href=\"https:\/\/www.observatorulbuzoian.ro\/wp-content\/uploads\/2026\/08\/Perseide-Naeni-Buzau-14.jpg\" title=\"Perseide Naeni Buzau--14\" data-caption data-description><img decoding=\"async\" src=\"https:\/\/www.observatorulbuzoian.ro\/wp-content\/uploads\/2026\/08\/Perseide-Naeni-Buzau-14-626x420.jpg\" alt><img decoding=\"async\" src=\"https:\/\/www.observatorulbuzoian.ro\/wp-content\/uploads\/2026\/08\/Perseide-Naeni-Buzau-14-626x420.jpg\" alt><\/a><\/figure>\n<\/div>\n<div class=\"td-slide-item td-item5\">\n<figure class=\"td-slide-galery-figure td-slide-popup-gallery\"><a class=\"slide-gallery-image-link\" href=\"https:\/\/www.observatorulbuzoian.ro\/wp-content\/uploads\/2026\/08\/Perseide-Naeni-Buzau-15.jpg\" title=\"Perseide Naeni Buzau--15\" data-caption data-description><img decoding=\"async\" src=\"https:\/\/www.observatorulbuzoian.ro\/wp-content\/uploads\/2026\/08\/Perseide-Naeni-Buzau-15-628x420.jpg\" alt><img decoding=\"async\" src=\"https:\/\/www.observatorulbuzoian.ro\/wp-content\/uploads\/2026\/08\/Perseide-Naeni-Buzau-15-628x420.jpg\" alt><\/a><\/figure>\n<\/div>\n<div class=\"td-slide-item td-item6\">\n<figure class=\"td-slide-galery-figure td-slide-popup-gallery\"><a class=\"slide-gallery-image-link\" href=\"https:\/\/www.observatorulbuzoian.ro\/wp-content\/uploads\/2026\/08\/Perseide-Naeni-Buzau-16.jpg\" title=\"Perseide Naeni Buzau--16\" data-caption data-description><img decoding=\"async\" src=\"https:\/\/www.observatorulbuzoian.ro\/wp-content\/uploads\/2026\/08\/Perseide-Naeni-Buzau-16-629x420.jpg\" alt><img decoding=\"async\" src=\"https:\/\/www.observatorulbuzoian.ro\/wp-content\/uploads\/2026\/08\/Perseide-Naeni-Buzau-16-629x420.jpg\" alt><\/a><\/figure>\n<\/div>\n<div class=\"td-slide-item td-item7\">\n<figure class=\"td-slide-galery-figure td-slide-popup-gallery\"><a class=\"slide-gallery-image-link\" href=\"https:\/\/www.observatorulbuzoian.ro\/wp-content\/uploads\/2026\/08\/Perseide-Naeni-Buzau-17.jpg\" title=\"Perseide Naeni Buzau--17\" data-caption data-description><img decoding=\"async\" src=\"https:\/\/www.observatorulbuzoian.ro\/wp-content\/uploads\/2026\/08\/Perseide-Naeni-Buzau-17-627x420.jpg\" alt><img decoding=\"async\" src=\"https:\/\/www.observatorulbuzoian.ro\/wp-content\/uploads\/2026\/08\/Perseide-Naeni-Buzau-17-627x420.jpg\" alt><\/a><\/figure>\n<\/div>\n<div class=\"td-slide-item td-item8\">\n<figure class=\"td-slide-galery-figure td-slide-popup-gallery\"><a class=\"slide-gallery-image-link\" href=\"https:\/\/www.observatorulbuzoian.ro\/wp-content\/uploads\/2026\/08\/Perseide-Naeni-Buzau-18.jpg\" title=\"Perseide Naeni Buzau--18\" data-caption data-description><img decoding=\"async\" src=\"https:\/\/www.observatorulbuzoian.ro\/wp-content\/uploads\/2026\/08\/Perseide-Naeni-Buzau-18-628x420.jpg\" alt><img decoding=\"async\" src=\"https:\/\/www.observatorulbuzoian.ro\/wp-content\/uploads\/2026\/08\/Perseide-Naeni-Buzau-18-628x420.jpg\" alt><\/a><\/figure>\n<\/div>\n<div class=\"td-slide-item td-item9\">\n<figure class=\"td-slide-galery-figure td-slide-popup-gallery\"><a class=\"slide-gallery-image-link\" href=\"https:\/\/www.observatorulbuzoian.ro\/wp-content\/uploads\/2026\/08\/Perseide-Naeni-Buzau-19.jpg\" title=\"Perseide Naeni Buzau--19\" data-caption data-description><img decoding=\"async\" src=\"https:\/\/www.observatorulbuzoian.ro\/wp-content\/uploads\/2026\/08\/Perseide-Naeni-Buzau-19-630x420.jpg\" alt><img decoding=\"async\" src=\"https:\/\/www.observatorulbuzoian.ro\/wp-content\/uploads\/2026\/08\/Perseide-Naeni-Buzau-19-630x420.jpg\" alt><\/a><\/figure>\n<\/div>\n<div class=\"td-slide-item td-item10\">\n<figure class=\"td-slide-galery-figure td-slide-popup-gallery\"><a class=\"slide-gallery-image-link\" href=\"https:\/\/www.observatorulbuzoian.ro\/wp-content\/uploads\/2026\/08\/Perseide-Naeni-Buzau-20.jpg\" title=\"Perseide Naeni Buzau--20\" data-caption data-description><img decoding=\"async\" src=\"https:\/\/www.observatorulbuzoian.ro\/wp-content\/uploads\/2026\/08\/Perseide-Naeni-Buzau-20-629x420.jpg\" alt><img decoding=\"async\" src=\"https:\/\/www.observatorulbuzoian.ro\/wp-content\/uploads\/2026\/08\/Perseide-Naeni-Buzau-20-629x420.jpg\" alt><\/a><\/figure>\n<\/div>\n<div class=\"td-slide-item td-item11\">\n<figure class=\"td-slide-galery-figure td-slide-popup-gallery\"><a class=\"slide-gallery-image-link\" href=\"https:\/\/www.observatorulbuzoian.ro\/wp-content\/uploads\/2026\/08\/Perseide-Naeni-Buzau-21.jpg\" title=\"Perseide Naeni Buzau--21\" data-caption data-description><img decoding=\"async\" src=\"https:\/\/www.observatorulbuzoian.ro\/wp-content\/uploads\/2026\/08\/Perseide-Naeni-Buzau-21-627x420.jpg\" alt><img decoding=\"async\" src=\"https:\/\/www.observatorulbuzoian.ro\/wp-content\/uploads\/2026\/08\/Perseide-Naeni-Buzau-21-627x420.jpg\" alt><\/a><\/figure>\n<\/div>\n<div class=\"td-slide-item td-item12\">\n<figure class=\"td-slide-galery-figure td-slide-popup-gallery\"><a class=\"slide-gallery-image-link\" href=\"https:\/\/www.observatorulbuzoian.ro\/wp-content\/uploads\/2026\/08\/Perseide-Naeni-Buzau-22.jpg\" title=\"Perseide Naeni Buzau--22\" data-caption data-description><img decoding=\"async\" src=\"https:\/\/www.observatorulbuzoian.ro\/wp-content\/uploads\/2026\/08\/Perseide-Naeni-Buzau-22-628x420.jpg\" alt><img decoding=\"async\" src=\"https:\/\/www.observatorulbuzoian.ro\/wp-content\/uploads\/2026\/08\/Perseide-Naeni-Buzau-22-628x420.jpg\" alt><\/a><\/figure>\n<\/div>\n<div class=\"td-slide-item td-item13\">\n<figure class=\"td-slide-galery-figure td-slide-popup-gallery\"><a class=\"slide-gallery-image-link\" href=\"https:\/\/www.observatorulbuzoian.ro\/wp-content\/uploads\/2026\/08\/Perseide-Naeni-Buzau-23.jpg\" title=\"Perseide Naeni Buzau--23\" data-caption data-description><img decoding=\"async\" src=\"https:\/\/www.observatorulbuzoian.ro\/wp-content\/uploads\/2026\/08\/Perseide-Naeni-Buzau-23-627x420.jpg\" alt><img decoding=\"async\" src=\"https:\/\/www.observatorulbuzoian.ro\/wp-content\/uploads\/2026\/08\/Perseide-Naeni-Buzau-23-627x420.jpg\" alt><\/a><\/figure>\n<\/div>\n<div class=\"td-slide-item td-item14\">\n<figure class=\"td-slide-galery-figure td-slide-popup-gallery\"><a class=\"slide-gallery-image-link\" href=\"https:\/\/www.observatorulbuzoian.ro\/wp-content\/uploads\/2026\/08\/Perseide-Naeni-Buzau-24.jpg\" title=\"Perseide Naeni Buzau--24\" data-caption data-description><img decoding=\"async\" src=\"https:\/\/www.observatorulbuzoian.ro\/wp-content\/uploads\/2026\/08\/Perseide-Naeni-Buzau-24-630x420.jpg\" alt><img decoding=\"async\" src=\"https:\/\/www.observatorulbuzoian.ro\/wp-content\/uploads\/2026\/08\/Perseide-Naeni-Buzau-24-630x420.jpg\" alt><\/a><\/figure>\n<\/div>\n<div class=\"td-slide-item td-item15\">\n<figure class=\"td-slide-galery-figure td-slide-popup-gallery\"><a class=\"slide-gallery-image-link\" href=\"https:\/\/www.observatorulbuzoian.ro\/wp-content\/uploads\/2026\/08\/Perseide-Naeni-Buzau-25.jpg\" title=\"Perseide Naeni Buzau--25\" data-caption data-description><img decoding=\"async\" src=\"https:\/\/www.observatorulbuzoian.ro\/wp-content\/uploads\/2026\/08\/Perseide-Naeni-Buzau-25-627x420.jpg\" alt><img decoding=\"async\" src=\"https:\/\/www.observatorulbuzoian.ro\/wp-content\/uploads\/2026\/08\/Perseide-Naeni-Buzau-25-627x420.jpg\" alt><\/a><\/figure>\n<\/div>\n<div class=\"td-slide-item td-item16\">\n<figure class=\"td-slide-galery-figure td-slide-popup-gallery\"><a class=\"slide-gallery-image-link\" href=\"https:\/\/www.observatorulbuzoian.ro\/wp-content\/uploads\/2026\/08\/Perseide-Naeni-Buzau-26.jpg\" title=\"Perseide Naeni Buzau--26\" data-caption data-description><img decoding=\"async\" src=\"https:\/\/www.observatorulbuzoian.ro\/wp-content\/uploads\/2026\/08\/Perseide-Naeni-Buzau-26-628x420.jpg\" alt><img decoding=\"async\" src=\"https:\/\/www.observatorulbuzoian.ro\/wp-content\/uploads\/2026\/08\/Perseide-Naeni-Buzau-26-628x420.jpg\" alt><\/a><\/figure>\n<\/div>\n<div class=\"td-slide-item td-item17\">\n<figure class=\"td-slide-galery-figure td-slide-popup-gallery\"><a class=\"slide-gallery-image-link\" href=\"https:\/\/www.observatorulbuzoian.ro\/wp-content\/uploads\/2026\/08\/Perseide-Naeni-Buzau-27.jpg\" title=\"Perseide Naeni Buzau--27\" data-caption data-description><img decoding=\"async\" src=\"https:\/\/www.observatorulbuzoian.ro\/wp-content\/uploads\/2026\/08\/Perseide-Naeni-Buzau-27-627x420.jpg\" alt><img decoding=\"async\" src=\"https:\/\/www.observatorulbuzoian.ro\/wp-content\/uploads\/2026\/08\/Perseide-Naeni-Buzau-27-627x420.jpg\" alt><\/a><\/figure>\n<\/div>\n<div class=\"td-slide-item td-item18\">\n<figure class=\"td-slide-galery-figure td-slide-popup-gallery\"><a class=\"slide-gallery-image-link\" href=\"https:\/\/www.observatorulbuzoian.ro\/wp-content\/uploads\/2026\/08\/Perseide-Naeni-Buzau-28.jpg\" title=\"Perseide Naeni Buzau--28\" data-caption data-description><img decoding=\"async\" src=\"https:\/\/www.observatorulbuzoian.ro\/wp-content\/uploads\/2026\/08\/Perseide-Naeni-Buzau-28-628x420.jpg\" alt><img decoding=\"async\" src=\"https:\/\/www.observatorulbuzoian.ro\/wp-content\/uploads\/2026\/08\/Perseide-Naeni-Buzau-28-628x420.jpg\" alt><\/a><\/figure>\n<\/div>\n<div class=\"td-slide-item td-item19\">\n<figure class=\"td-slide-galery-figure td-slide-popup-gallery\"><a class=\"slide-gallery-image-link\" href=\"https:\/\/www.observatorulbuzoian.ro\/wp-content\/uploads\/2026\/08\/Perseide-Naeni-Buzau-29.jpg\" title=\"Perseide Naeni Buzau--29\" data-caption data-description><img decoding=\"async\" src=\"https:\/\/www.observatorulbuzoian.ro\/wp-content\/uploads\/2026\/08\/Perseide-Naeni-Buzau-29-625x420.jpg\" alt><img decoding=\"async\" src=\"https:\/\/www.observatorulbuzoian.ro\/wp-content\/uploads\/2026\/08\/Perseide-Naeni-Buzau-29-625x420.jpg\" alt><\/a><\/figure>\n<\/div>\n<div class=\"td-slide-item td-item20\">\n<figure class=\"td-slide-galery-figure td-slide-popup-gallery\"><a class=\"slide-gallery-image-link\" href=\"https:\/\/www.observatorulbuzoian.ro\/wp-content\/uploads\/2026\/08\/Perseide-Naeni-Buzau-30.jpg\" title=\"Perseide Naeni Buzau--30\" data-caption data-description><img decoding=\"async\" src=\"https:\/\/www.observatorulbuzoian.ro\/wp-content\/uploads\/2026\/08\/Perseide-Naeni-Buzau-30-629x420.jpg\" alt><img decoding=\"async\" src=\"https:\/\/www.observatorulbuzoian.ro\/wp-content\/uploads\/2026\/08\/Perseide-Naeni-Buzau-30-629x420.jpg\" alt><\/a><\/figure>\n<\/div>\n<div class=\"td-slide-item td-item21\">\n<figure class=\"td-slide-galery-figure td-slide-popup-gallery\"><a class=\"slide-gallery-image-link\" href=\"https:\/\/www.observatorulbuzoian.ro\/wp-content\/uploads\/2026\/08\/Perseide-Naeni-Buzau-31.jpg\" title=\"Perseide Naeni Buzau--31\" data-caption data-description><img decoding=\"async\" src=\"https:\/\/www.observatorulbuzoian.ro\/wp-content\/uploads\/2026\/08\/Perseide-Naeni-Buzau-31-630x420.jpg\" alt><img decoding=\"async\" src=\"https:\/\/www.observatorulbuzoian.ro\/wp-content\/uploads\/2026\/08\/Perseide-Naeni-Buzau-31-630x420.jpg\" alt><\/a><\/figure>\n<\/div>\n<div class=\"td-slide-item td-item22\">\n<figure class=\"td-slide-galery-figure td-slide-popup-gallery\"><a class=\"slide-gallery-image-link\" href=\"https:\/\/www.observatorulbuzoian.ro\/wp-content\/uploads\/2026\/08\/Perseide-Naeni-Buzau-32.jpg\" title=\"Perseide Naeni Buzau--32\" data-caption data-description><img decoding=\"async\" src=\"https:\/\/www.observatorulbuzoian.ro\/wp-content\/uploads\/2026\/08\/Perseide-Naeni-Buzau-32-629x420.jpg\" alt><img decoding=\"async\" src=\"https:\/\/www.observatorulbuzoian.ro\/wp-content\/uploads\/2026\/08\/Perseide-Naeni-Buzau-32-629x420.jpg\" alt><\/a><\/figure>\n<\/div>\n<div class=\"td-slide-item td-item23\">\n<figure class=\"td-slide-galery-figure td-slide-popup-gallery\"><a class=\"slide-gallery-image-link\" href=\"https:\/\/www.observatorulbuzoian.ro\/wp-content\/uploads\/2026\/08\/Perseide-Naeni-Buzau-33.jpg\" title=\"Perseide Naeni Buzau--33\" data-caption data-description><img decoding=\"async\" src=\"https:\/\/www.observatorulbuzoian.ro\/wp-content\/uploads\/2026\/08\/Perseide-Naeni-Buzau-33-629x420.jpg\" alt><img decoding=\"async\" src=\"https:\/\/www.observatorulbuzoian.ro\/wp-content\/uploads\/2026\/08\/Perseide-Naeni-Buzau-33-629x420.jpg\" alt><\/a><\/figure>\n<\/div>\n<div class=\"td-slide-item td-item24\">\n<figure class=\"td-slide-galery-figure td-slide-popup-gallery\"><a class=\"slide-gallery-image-link\" href=\"https:\/\/www.observatorulbuzoian.ro\/wp-content\/uploads\/2026\/08\/Perseide-Naeni-Buzau-34.jpg\" title=\"Perseide Naeni Buzau--34\" data-caption data-description><img decoding=\"async\" src=\"https:\/\/www.observatorulbuzoian.ro\/wp-content\/uploads\/2026\/08\/Perseide-Naeni-Buzau-34-630x420.jpg\" alt><img decoding=\"async\" src=\"https:\/\/www.observatorulbuzoian.ro\/wp-content\/uploads\/2026\/08\/Perseide-Naeni-Buzau-34-630x420.jpg\" alt><\/a><\/figure>\n<\/div>\n<div class=\"td-slide-item td-item25\">\n<figure class=\"td-slide-galery-figure td-slide-popup-gallery\"><a class=\"slide-gallery-image-link\" href=\"https:\/\/www.observatorulbuzoian.ro\/wp-content\/uploads\/2026\/08\/Perseide-Naeni-Buzau-35.jpg\" title=\"Perseide Naeni Buzau--35\" data-caption data-description><img decoding=\"async\" src=\"https:\/\/www.observatorulbuzoian.ro\/wp-content\/uploads\/2026\/08\/Perseide-Naeni-Buzau-35-626x420.jpg\" alt><img decoding=\"async\" src=\"https:\/\/www.observatorulbuzoian.ro\/wp-content\/uploads\/2026\/08\/Perseide-Naeni-Buzau-35-626x420.jpg\" alt><\/a><\/figure>\n<\/div>\n<div class=\"td-slide-item td-item26\">\n<figure class=\"td-slide-galery-figure td-slide-popup-gallery\"><a class=\"slide-gallery-image-link\" href=\"https:\/\/www.observatorulbuzoian.ro\/wp-content\/uploads\/2026\/08\/Perseide-Naeni-Buzau-36.jpg\" title=\"Perseide Naeni Buzau--36\" data-caption data-description><img decoding=\"async\" src=\"https:\/\/www.observatorulbuzoian.ro\/wp-content\/uploads\/2026\/08\/Perseide-Naeni-Buzau-36-631x420.jpg\" alt><img decoding=\"async\" src=\"https:\/\/www.observatorulbuzoian.ro\/wp-content\/uploads\/2026\/08\/Perseide-Naeni-Buzau-36-631x420.jpg\" alt><\/a><\/figure>\n<\/div>\n<div class=\"td-slide-item td-item27\">\n<figure class=\"td-slide-galery-figure td-slide-popup-gallery\"><a class=\"slide-gallery-image-link\" href=\"https:\/\/www.observatorulbuzoian.ro\/wp-content\/uploads\/2026\/08\/Perseide-Naeni-Buzau-37.jpg\" title=\"Perseide Naeni Buzau--37\" data-caption data-description><img decoding=\"async\" src=\"https:\/\/www.observatorulbuzoian.ro\/wp-content\/uploads\/2026\/08\/Perseide-Naeni-Buzau-37-631x420.jpg\" alt><img decoding=\"async\" src=\"https:\/\/www.observatorulbuzoian.ro\/wp-content\/uploads\/2026\/08\/Perseide-Naeni-Buzau-37-631x420.jpg\" alt><\/a><\/figure>\n<\/div>\n<div class=\"td-slide-item td-item28\">\n<figure class=\"td-slide-galery-figure td-slide-popup-gallery\"><a class=\"slide-gallery-image-link\" href=\"https:\/\/www.observatorulbuzoian.ro\/wp-content\/uploads\/2026\/08\/Perseide-Naeni-Buzau-38.jpg\" title=\"Perseide Naeni Buzau--38\" data-caption data-description><img decoding=\"async\" src=\"https:\/\/www.observatorulbuzoian.ro\/wp-content\/uploads\/2026\/08\/Perseide-Naeni-Buzau-38-631x420.jpg\" alt><img decoding=\"async\" src=\"https:\/\/www.observatorulbuzoian.ro\/wp-content\/uploads\/2026\/08\/Perseide-Naeni-Buzau-38-631x420.jpg\" alt><\/a><\/figure>\n<\/div>\n<div class=\"td-slide-item td-item29\">\n<figure class=\"td-slide-galery-figure td-slide-popup-gallery\"><a class=\"slide-gallery-image-link\" href=\"https:\/\/www.observatorulbuzoian.ro\/wp-content\/uploads\/2026\/08\/Perseide-Naeni-Buzau-39.jpg\" title=\"Perseide Naeni Buzau--39\" data-caption data-description><img decoding=\"async\" src=\"https:\/\/www.observatorulbuzoian.ro\/wp-content\/uploads\/2026\/08\/Perseide-Naeni-Buzau-39-280x420.jpg\" alt><img decoding=\"async\" src=\"https:\/\/www.observatorulbuzoian.ro\/wp-content\/uploads\/2026\/08\/Perseide-Naeni-Buzau-39-280x420.jpg\" alt><\/a><\/figure>\n<\/div>\n<div class=\"td-slide-item td-item30\">\n<figure class=\"td-slide-galery-figure td-slide-popup-gallery\"><a class=\"slide-gallery-image-link\" href=\"https:\/\/www.observatorulbuzoian.ro\/wp-content\/uploads\/2026\/08\/Perseide-Naeni-Buzau-40.jpg\" title=\"Perseide Naeni Buzau--40\" data-caption data-description><img decoding=\"async\" src=\"https:\/\/www.observatorulbuzoian.ro\/wp-content\/uploads\/2026\/08\/Perseide-Naeni-Buzau-40-631x420.jpg\" alt><img decoding=\"async\" src=\"https:\/\/www.observatorulbuzoian.ro\/wp-content\/uploads\/2026\/08\/Perseide-Naeni-Buzau-40-631x420.jpg\" alt><\/a><\/figure>\n<\/div>\n<div class=\"td-slide-item td-item31\">\n<figure class=\"td-slide-galery-figure td-slide-popup-gallery\"><a class=\"slide-gallery-image-link\" href=\"https:\/\/www.observatorulbuzoian.ro\/wp-content\/uploads\/2026\/08\/Perseide-Naeni-Buzau-41.jpg\" title=\"Perseide Naeni Buzau--41\" data-caption data-description><img decoding=\"async\" src=\"https:\/\/www.observatorulbuzoian.ro\/wp-content\/uploads\/2026\/08\/Perseide-Naeni-Buzau-41-631x420.jpg\" alt><img decoding=\"async\" src=\"https:\/\/www.observatorulbuzoian.ro\/wp-content\/uploads\/2026\/08\/Perseide-Naeni-Buzau-41-631x420.jpg\" alt><\/a><\/figure>\n<\/div>\n<div class=\"td-slide-item td-item32\">\n<figure class=\"td-slide-galery-figure td-slide-popup-gallery\"><a class=\"slide-gallery-image-link\" href=\"https:\/\/www.observatorulbuzoian.ro\/wp-content\/uploads\/2026\/08\/Perseide-Naeni-Buzau-42.jpg\" title=\"Perseide Naeni Buzau--42\" data-caption data-description><img decoding=\"async\" src=\"https:\/\/www.observatorulbuzoian.ro\/wp-content\/uploads\/2026\/08\/Perseide-Naeni-Buzau-42-629x420.jpg\" alt><img decoding=\"async\" src=\"https:\/\/www.observatorulbuzoian.ro\/wp-content\/uploads\/2026\/08\/Perseide-Naeni-Buzau-42-629x420.jpg\" alt><\/a><\/figure>\n<\/div>\n<div class=\"td-slide-item td-item33\">\n<figure class=\"td-slide-galery-figure td-slide-popup-gallery\"><a class=\"slide-gallery-image-link\" href=\"https:\/\/www.observatorulbuzoian.ro\/wp-content\/uploads\/2026\/08\/Perseide-Naeni-Buzau-43.jpg\" title=\"Perseide Naeni Buzau--43\" data-caption data-description><img decoding=\"async\" src=\"https:\/\/www.observatorulbuzoian.ro\/wp-content\/uploads\/2026\/08\/Perseide-Naeni-Buzau-43-632x420.jpg\" alt><img decoding=\"async\" src=\"https:\/\/www.observatorulbuzoian.ro\/wp-content\/uploads\/2026\/08\/Perseide-Naeni-Buzau-43-632x420.jpg\" alt><\/a><\/figure>\n<\/div>\n<\/div>\n<\/div>\n<\/div>\n<\/div>\n<p class=\"isselectedend\"><span>Seara a \u00eenceput cu vizitarea Bisericii dintr-o Piatr\u0103, unul dintre cele mai cunoscute \u0219i mai aparte obiective turistice din zona N\u0103eni. Participan\u021bii au putut descoperi l\u0103ca\u0219ul de cult \u0219i \u00eemprejurimile sale, \u00eenainte de a porni spre dealul de unde urma s\u0103 fie observat spectacolul astronomic.<\/span><\/p>\n<p class=\"isselectedend\"><span>Ajun\u0219i \u00een zona de observa\u021bie \u00een jurul orei 21:00, oamenii au g\u0103sit \u00eens\u0103 un cer acoperit \u00een mare parte de nori. Pentru o perioad\u0103, \u0219ansele ca Perseidele s\u0103 poat\u0103 fi v\u0103zute au p\u0103rut destul de reduse.<\/span><\/p>\n<p class=\"isselectedend\"><span>A\u0219teptarea a fost transformat\u0103 \u00eens\u0103 \u00eentr-un moment special de un artist folk venit cu chitara, care a interpretat, al\u0103turi de cei prezen\u021bi, mai multe melodii cunoscute. Buzoienii au c\u00e2ntat \u00eempreun\u0103 pe deal, iar recitalul improvizat a \u00eentre\u021binut atmosfera p\u00e2n\u0103 c\u00e2nd condi\u021biile meteorologice au devenit favorabile observ\u0103rii cerului.<\/span><\/p>\n<p class=\"isselectedend\"><span>V\u00e2ntul, care a suflat cu putere \u00een zona Dealului Istri\u021ba, a contribuit treptat la \u00eempr\u0103\u0219tierea norilor. Perseidele \u0219i-au f\u0103cut apari\u021bia ceva mai t\u00e2rziu, iar r\u0103bdarea celor care au r\u0103mas pe deal a fost, \u00een cele din urm\u0103, r\u0103spl\u0103tit\u0103.<\/span><\/p>\n<p class=\"isselectedend\"><span>Participan\u021bii au putut admira stelele travers\u00e2nd cerul deasupra zonei N\u0103eni. Chiar dac\u0103 fenomenul nu a fost vizibil imediat dup\u0103 sosire, seara s-a transformat \u00eentr-o experien\u021b\u0103 reu\u0219it\u0103 pentru cei care au \u00eenfruntat v\u00e2ntul \u0219i au a\u0219teptat ca norii s\u0103 se risipeasc\u0103.<\/span><\/p>\n<p class=\"isselectedend\"><span>Evenimentul s-a \u00eentins p\u00e2n\u0103 dup\u0103 miezul nop\u021bii, \u00eentr-o atmosfer\u0103 relaxat\u0103, \u00een mijlocul naturii. Organizatorii le-au pus participan\u021bilor la dispozi\u021bie telescoape, iar ghizii locali certifica\u021bi le-au oferit informa\u021bii despre fenomenele astronomice, despre Perseide, dar \u0219i despre patrimoniul natural, cultural \u0219i turistic al zonei N\u0103eni.<\/span><\/p>\n<p class=\"isselectedend\"><span>Cei prezen\u021bi au fost servi\u021bi de organizatori \u0219i cu gogo\u0219i, bine-venite \u00een timpul orelor petrecute \u00een aer liber, pe un v\u00e2nt puternic \u0219i la temperaturi sim\u021bitor mai sc\u0103zute dec\u00e2t cele din timpul zilei.<\/span><\/p>\n<p class=\"isselectedend\"><span>La eveniment a participat \u0219i vicepre\u0219edintele Consiliului Jude\u021bean Buz\u0103u, Adrian Petre, al\u0103turi de reprezentan\u021bii organizatorilor \u0219i de buzoienii veni\u021bi s\u0103 descopere \u00eentr-un mod diferit una dintre cele mai frumoase zone ale jude\u021bului.<\/span><\/p>\n<p class=\"isselectedend\"><span>Ac\u021biunea a avut at\u00e2t un rol educa\u021bional, c\u00e2t \u0219i unul de promovare turistic\u0103. Prin alegerea zonei Bisericii dintr-o Piatr\u0103 \u0219i a Dealului Istri\u021ba, organizatorii au dorit s\u0103 pun\u0103 \u00een valoare un loc care ofer\u0103 peisaje deschise, un cadru natural aparte \u0219i condi\u021bii potrivite pentru observarea cerului nocturn.<\/span><\/p>\n<p class=\"isselectedend\"><span>Potrivit OMD Jude\u021bul Buz\u0103u, evenimentul reprezint\u0103 \u0219i un prim pas \u00een direc\u021bia dezvolt\u0103rii astroturismului, un segment turistic aflat \u00een cre\u0219tere la nivel european. Acesta valorific\u0103 destina\u021biile cu poluare luminoas\u0103 redus\u0103, cer \u00eentunecat \u0219i peisaje naturale spectaculoase.<\/span><\/p>\n<p><span>\u00cen ciuda norilor care au pus la \u00eencercare r\u0103bdarea participan\u021bilor la \u00eenceputul serii, prima ac\u021biune organizat\u0103 de OMD Jude\u021bul Buz\u0103u \u0219i Consiliul Jude\u021bean s-a bucurat de o prezen\u021b\u0103 numeroas\u0103. Pentru sutele de buzoieni care au r\u0103mas pe deal p\u00e2n\u0103 dup\u0103 miezul nop\u021bii, a\u0219teptarea a meritat.<\/span><\/p>\n<\/div>\n<p>[analyse_source url=&#8221;https:\/\/www.observatorulbuzoian.ro\/perseidele-s-au-lasat-asteptate-la-naeni-sute-de-buzoieni-au-cantat-sub-cerul-innorat-inaintea-spectacolului-astral\/&#8221;]<\/p>\n","protected":false},"excerpt":{"rendered":"<p>[analyse_image type=&#8221;featured&#8221; src=&#8221;https:\/\/www.observatorulbuzoian.ro\/wp-content\/uploads\/2026\/08\/Perseide-Naeni-Buzau-37.jpg&#8221;] C\u00e2teva sute de buzoieni au participat, \u00een noaptea de miercuri spre joi, la primul eveniment organizat de Organiza\u021bia de Management al Destina\u021biei Jude\u021bul Buz\u0103u, \u00eempreun\u0103 cu Consiliul Jude\u021bean Buz\u0103u. Ac\u021biunea dedicat\u0103 observ\u0103rii Perseidelor s-a desf\u0103\u0219urat \u00eentr-unul dintre cele mai spectaculoase locuri ale jude\u021bului, \u00een zona Bisericii dintr-o Piatr\u0103 din comuna N\u0103eni. Aproximativ [&hellip;]<\/p>\n","protected":false},"author":1,"featured_media":0,"comment_status":"open","ping_status":"","sticky":false,"template":"","format":"standard","meta":{"footnotes":""},"categories":[2],"tags":[226,82],"class_list":["post-2092960","post","type-post","status-publish","format-standard","hentry","category-politics","tag-crawlmanager","tag-observatorulbuzoian-ro"],"_links":{"self":[{"href":"https:\/\/analyse.optim.biz\/index.php?rest_route=\/wp\/v2\/posts\/2092960","targetHints":{"allow":["GET"]}}],"collection":[{"href":"https:\/\/analyse.optim.biz\/index.php?rest_route=\/wp\/v2\/posts"}],"about":[{"href":"https:\/\/analyse.optim.biz\/index.php?rest_route=\/wp\/v2\/types\/post"}],"author":[{"embeddable":true,"href":"https:\/\/analyse.optim.biz\/index.php?rest_route=\/wp\/v2\/users\/1"}],"replies":[{"embeddable":true,"href":"https:\/\/analyse.optim.biz\/index.php?rest_route=%2Fwp%2Fv2%2Fcomments&post=2092960"}],"version-history":[{"count":0,"href":"https:\/\/analyse.optim.biz\/index.php?rest_route=\/wp\/v2\/posts\/2092960\/revisions"}],"wp:attachment":[{"href":"https:\/\/analyse.optim.biz\/index.php?rest_route=%2Fwp%2Fv2%2Fmedia&parent=2092960"}],"wp:term":[{"taxonomy":"category","embeddable":true,"href":"https:\/\/analyse.optim.biz\/index.php?rest_route=%2Fwp%2Fv2%2Fcategories&post=2092960"},{"taxonomy":"post_tag","embeddable":true,"href":"https:\/\/analyse.optim.biz\/index.php?rest_route=%2Fwp%2Fv2%2Ftags&post=2092960"}],"curies":[{"name":"wp","href":"https:\/\/api.w.org\/{rel}","templated":true}]}}