{"id":2092959,"date":"2026-08-12T12:27:01","date_gmt":"2026-08-12T09:27:01","guid":{"rendered":"https:\/\/analyse.optim.biz\/?p=2092959"},"modified":"2026-08-12T12:27:01","modified_gmt":"2026-08-12T09:27:01","slug":"biaf-2026-debuteaza-vineri-o-luna-de-film-teatru-si-arta-la-buzau-cu-invitati-de-calibru-international","status":"publish","type":"post","link":"https:\/\/analyse.optim.biz\/?p=2092959","title":{"rendered":"BIAF 2026 debuteaz\u0103 vineri. O lun\u0103 de film, teatru \u0219i art\u0103 la Buz\u0103u, cu invita\u021bi de calibru interna\u021bional"},"content":{"rendered":"<p>[analyse_image type=&#8221;featured&#8221; src=&#8221;https:\/\/www.observatorulbuzoian.ro\/wp-content\/uploads\/2026\/08\/postere-BIAF-26-simple_biaf-general-scaled.jpg&#8221;]<\/p>\n<div class=\"td-post-content tagdiv-type\">\n<p>Buz\u0103ul intr\u0103, de vineri, \u00een atmosfera celei de-a VI-a edi\u021bii a\u00a0Buz\u0103u International Arts Festival (BIAF), eveniment care va transforma ora\u0219ul \u0219i mai multe localit\u0103\u021bi din jude\u021b \u00eentr-o ampl\u0103 scen\u0103 cultural\u0103 p\u00e2n\u0103 pe 11 septembrie. Timp de patru s\u0103pt\u0103m\u00e2ni, programul va reuni film, teatru, arte vizuale \u0219i fotografie, literatur\u0103, muzic\u0103, art\u0103 stradal\u0103, dar \u0219i spectacole \u0219i ateliere pentru copii.<\/p>\n<p><a href=\"https:\/\/www.observatorulbuzoian.ro\/wp-content\/uploads\/2026\/08\/George-Mihaita-scaled.jpeg\"><img loading=\"lazy\" decoding=\"async\" src=\"https:\/\/www.observatorulbuzoian.ro\/wp-content\/uploads\/2026\/08\/George-Mihaita-scaled.jpeg\" class=\"aligncenter size-full wp-image-124628\" alt width=\"758\" height=\"1000\"><img loading=\"lazy\" decoding=\"async\" class=\"aligncenter size-full wp-image-124628\" src=\"https:\/\/www.observatorulbuzoian.ro\/wp-content\/uploads\/2026\/08\/George-Mihaita-scaled.jpeg\" alt width=\"758\" height=\"1000\"><\/a>Edi\u021bia din acest an aduce la Buz\u0103u \u0219i nume importante ale cinematografiei.\u00a0<strong>George Mih\u0103i\u021b\u0103<\/strong>\u00a0este invitatul rom\u00e2n de onoare \u0219i va primi Trofeul de Excelen\u021b\u0103 BIAF 2026, \u00eent\u00e2lnirea sa cu publicul urm\u00e2nd s\u0103 fie moderat\u0103 de criticul de film Irina Margareta Nistor.<\/p>\n<p><a href=\"https:\/\/www.observatorulbuzoian.ro\/wp-content\/uploads\/2026\/08\/Riccardo-Scamarcio-1-scaled.jpeg\"><img loading=\"lazy\" decoding=\"async\" src=\"https:\/\/www.observatorulbuzoian.ro\/wp-content\/uploads\/2026\/08\/Riccardo-Scamarcio-1-scaled.jpeg\" class=\"aligncenter size-full wp-image-124627\" alt width=\"1000\" height=\"667\"><img loading=\"lazy\" decoding=\"async\" class=\"aligncenter size-full wp-image-124627\" src=\"https:\/\/www.observatorulbuzoian.ro\/wp-content\/uploads\/2026\/08\/Riccardo-Scamarcio-1-scaled.jpeg\" alt width=\"1000\" height=\"667\"><\/a>Unul dintre cei mai a\u0219tepta\u021bi invita\u021bi interna\u021bionali este actorul italian\u00a0<strong>Riccardo Scamarcio<\/strong>, cunoscut publicului din produc\u021bii precum \u201eTre metri sopra il cielo\u201d, \u201eRomanzo Criminale\u201d, \u201eLoro\u201d, \u201eJohn Wick: Chapter 2\u201d sau \u201eA Haunting in Venice\u201d. Actorul va participa la Buz\u0103u la \u00eent\u00e2lniri cu publicul \u0219i la proiec\u021bii speciale ale unor filme din cariera sa.<\/p>\n<p>Evenimentele BIAF vor avea loc \u00een peste zece spa\u021bii din municipiu, \u00eentre care Parcul Cr\u00e2ng, Centrul \u201eGeorge Ciprian\u201d, Centrul Muzeal I.C. Br\u0103tianu, Galeriile de Art\u0103, Parcul Tineretului \u0219i Centrul Expozi\u021bional Iazul Morilor. Festivalul va ajunge \u0219i \u00een jude\u021b, prin caravane culturale organizate la R\u00e2mnicu S\u0103rat, Nehoiu, Bisoca, M\u0103gura \u0219i Pogoanele.<\/p>\n<p>BIAF se desf\u0103\u0219oar\u0103 \u00een perioada\u00a014 august \u2013 11 septembrie, iar accesul la marea majoritate a evenimentelor este gratuit. Organizatorii estimeaz\u0103 c\u0103 peste\u00a0100.000 de participan\u021bi\u00a0vor lua parte la manifest\u0103rile programate pe parcursul celor patru s\u0103pt\u0103m\u00e2ni.<\/p>\n<p>\u00a0<\/p>\n<\/div>\n<p>[analyse_source url=&#8221;https:\/\/www.observatorulbuzoian.ro\/biaf-2026-debuteaza-vineri-o-luna-de-film-teatru-si-arta-la-buzau-cu-invitati-de-calibru-international\/&#8221;]<\/p>\n","protected":false},"excerpt":{"rendered":"<p>[analyse_image type=&#8221;featured&#8221; src=&#8221;https:\/\/www.observatorulbuzoian.ro\/wp-content\/uploads\/2026\/08\/postere-BIAF-26-simple_biaf-general-scaled.jpg&#8221;] Buz\u0103ul intr\u0103, de vineri, \u00een atmosfera celei de-a VI-a edi\u021bii a\u00a0Buz\u0103u International Arts Festival (BIAF), eveniment care va transforma ora\u0219ul \u0219i mai multe localit\u0103\u021bi din jude\u021b \u00eentr-o ampl\u0103 scen\u0103 cultural\u0103 p\u00e2n\u0103 pe 11 septembrie. Timp de patru s\u0103pt\u0103m\u00e2ni, programul va reuni film, teatru, arte vizuale \u0219i fotografie, literatur\u0103, muzic\u0103, art\u0103 stradal\u0103, dar [&hellip;]<\/p>\n","protected":false},"author":1,"featured_media":0,"comment_status":"open","ping_status":"","sticky":false,"template":"","format":"standard","meta":{"footnotes":""},"categories":[2],"tags":[226,82],"class_list":["post-2092959","post","type-post","status-publish","format-standard","hentry","category-politics","tag-crawlmanager","tag-observatorulbuzoian-ro"],"_links":{"self":[{"href":"https:\/\/analyse.optim.biz\/index.php?rest_route=\/wp\/v2\/posts\/2092959","targetHints":{"allow":["GET"]}}],"collection":[{"href":"https:\/\/analyse.optim.biz\/index.php?rest_route=\/wp\/v2\/posts"}],"about":[{"href":"https:\/\/analyse.optim.biz\/index.php?rest_route=\/wp\/v2\/types\/post"}],"author":[{"embeddable":true,"href":"https:\/\/analyse.optim.biz\/index.php?rest_route=\/wp\/v2\/users\/1"}],"replies":[{"embeddable":true,"href":"https:\/\/analyse.optim.biz\/index.php?rest_route=%2Fwp%2Fv2%2Fcomments&post=2092959"}],"version-history":[{"count":0,"href":"https:\/\/analyse.optim.biz\/index.php?rest_route=\/wp\/v2\/posts\/2092959\/revisions"}],"wp:attachment":[{"href":"https:\/\/analyse.optim.biz\/index.php?rest_route=%2Fwp%2Fv2%2Fmedia&parent=2092959"}],"wp:term":[{"taxonomy":"category","embeddable":true,"href":"https:\/\/analyse.optim.biz\/index.php?rest_route=%2Fwp%2Fv2%2Fcategories&post=2092959"},{"taxonomy":"post_tag","embeddable":true,"href":"https:\/\/analyse.optim.biz\/index.php?rest_route=%2Fwp%2Fv2%2Ftags&post=2092959"}],"curies":[{"name":"wp","href":"https:\/\/api.w.org\/{rel}","templated":true}]}}