{"id":2092797,"date":"2026-08-14T05:35:16","date_gmt":"2026-08-14T02:35:16","guid":{"rendered":"https:\/\/analyse.optim.biz\/?p=2092797"},"modified":"2026-08-14T05:35:16","modified_gmt":"2026-08-14T02:35:16","slug":"incendiu-in-grecia-sute-de-turisti-evacuati-pe-mare-in-apropiere-de-salonic","status":"publish","type":"post","link":"https:\/\/analyse.optim.biz\/?p=2092797","title":{"rendered":"Incendiu \u00een Grecia. Sute de turi\u015fti evacua\u0163i pe mare, \u00een apropiere de Salonic"},"content":{"rendered":"<p>[analyse_image type=&#8221;featured&#8221; src=&#8221;https:\/\/ziardesuceava.ro\/wp-content\/uploads\/2026\/08\/calcidica-incendiu-tw1.jpg&#8221;]<\/p>\n<div class=\"post-content clearfix\">\n<div class=\"blog-post-thumb\"><img loading=\"lazy\" decoding=\"async\" width=\"540\" height=\"357\" src=\"https:\/\/ziardesuceava.ro\/wp-content\/uploads\/2026\/08\/calcidica-incendiu-tw1.jpg\" class=\"attachment-inhype-blog-thumb size-inhype-blog-thumb wp-post-image\" alt><\/div>\n<div class=\"entry-content\">\n<p class=\"first-paragraph\">Un nou incendiu de p\u0103dure a izbucnit joi dup\u0103-amiaza \u00een nordul Greciei, \u00een regiunea turistic\u0103 a Peninsulei Calcidice, unde au fost mobilizate mijloace aeriene importante \u00een lupta \u00eempotriva fl\u0103c\u0103rilor, iar sute de turi\u015fti au fost evacua\u0163i, relateaz\u0103 AFP.<\/p>\n<p>\u00cen total, 142 de pompieri \u015fi 51 de vehicule, sus\u0163inu\u0163i de nou\u0103 avioane \u015fi \u015fapte elicoptere, interveneau pe teren, au anun\u0163at pe X pompierii.<\/p>\n<div class=\"twitter-tweet twitter-tweet-rendered\"><iframe id=\"twitter-widget-0\" class title=\"X Post\" src=\"https:\/\/platform.twitter.com\/embed\/Tweet.html?dnt=false&amp;embedId=twitter-widget-0&amp;features=eyJ0ZndfdGltZWxpbmVfbGlzdCI6eyJidWNrZXQiOltdLCJ2ZXJzaW9uIjpudWxsfSwidGZ3X2ZvbGxvd2VyX2NvdW50X3N1bnNldCI6eyJidWNrZXQiOnRydWUsInZlcnNpb24iOm51bGx9LCJ0ZndfdHdlZXRfZWRpdF9iYWNrZW5kIjp7ImJ1Y2tldCI6Im9uIiwidmVyc2lvbiI6bnVsbH0sInRmd19yZWZzcmNfc2Vzc2lvbiI6eyJidWNrZXQiOiJvbiIsInZlcnNpb24iOm51bGx9LCJ0ZndfZm9zbnJfc29mdF9pbnRlcnZlbnRpb25zX2VuYWJsZWQiOnsiYnVja2V0Ijoib24iLCJ2ZXJzaW9uIjpudWxsfSwidGZ3X21peGVkX21lZGlhXzE1ODk3Ijp7ImJ1Y2tldCI6InRyZWF0bWVudCIsInZlcnNpb24iOm51bGx9LCJ0ZndfZXhwZXJpbWVudHNfY29va2llX2V4cGlyYXRpb24iOnsiYnVja2V0IjoxMjA5NjAwLCJ2ZXJzaW9uIjpudWxsfSwidGZ3X3Nob3dfYmlyZHdhdGNoX3Bpdm90c19lbmFibGVkIjp7ImJ1Y2tldCI6Im9uIiwidmVyc2lvbiI6bnVsbH0sInRmd19kdXBsaWNhdGVfc2NyaWJlc190b19zZXR0aW5ncyI6eyJidWNrZXQiOiJvbiIsInZlcnNpb24iOm51bGx9LCJ0ZndfdXNlX3Byb2ZpbGVfaW1hZ2Vfc2hhcGVfZW5hYmxlZCI6eyJidWNrZXQiOiJvbiIsInZlcnNpb24iOm51bGx9LCJ0ZndfdmlkZW9faGxzX2R5bmFtaWNfbWFuaWZlc3RzXzE1MDgyIjp7ImJ1Y2tldCI6InRydWVfYml0cmF0ZSIsInZlcnNpb24iOm51bGx9LCJ0ZndfbGVnYWN5X3RpbWVsaW5lX3N1bnNldCI6eyJidWNrZXQiOnRydWUsInZlcnNpb24iOm51bGx9LCJ0ZndfdHdlZXRfZWRpdF9mcm9udGVuZCI6eyJidWNrZXQiOiJvbiIsInZlcnNpb24iOm51bGx9fQ%3D%3D&amp;frame=false&amp;hideCard=false&amp;hideThread=false&amp;id=2087976816472715685&amp;lang=ro&amp;origin=https%3A%2F%2Fwww.news.ro%2Fexterne%2Fsute-turisti-evacuati-mare-apropiere-salonic-urma-izbucnirii-unui-incendiu-peninsula-calcidica-flacarile-apropie-locuinte-statiunile-balneare-siviri-fourka-doi-pompieri-raniti-spitalizati-1922401413002026082222631036&amp;sessionId=d9a1a4423c025ed97670639b48ace5155255342c&amp;theme=light&amp;widgetsVersion=6a3ad42b224df%3A1778106238597&amp;width=550px\" frameborder scrolling=\"no\" allowfullscreen=\"allowfullscreen\" data-tweet-id=\"2087976816472715685\" data-mce-fragment=\"1\"><\/iframe><\/div>\n<p>Incendiul, care a izbucnit joi dup\u0103-amiaza, se afl\u0103 \u00eentr-o zon\u0103 \u00eemp\u0103durit\u0103, la aproximativ 90 de kilometri sud-est de Salonic, al doilea cel mai important ora\u015f din Grecia.<\/p>\n<p>\u201cIncendiu sc\u0103pat de sub control \u00een Peninsula Calcidic\u0103 \u2013 Opera\u0163iune de salvare pe mare\u201d, titra joi seara postul public de televiziune ERT, care anun\u0163a \u201csute de persoane evacuate pe mare\u201d.<\/p>\n<p>Joi seara, \u201cfrontul s-a \u00eembun\u0103t\u0103\u0163it u\u015for, \u00eens\u0103 incendiul r\u0103m\u00e2ne \u00een desf\u0103\u015furare\u201d, a declarat AFP o purt\u0103toare de cuv\u00e2nt a pompierilor.<\/p>\n<p>Joi dup\u0103-amiaza, trei mesaje de evacuare, emise de c\u0103tre Protec\u0163ia Civil\u0103, care au vizat zonele Siviri \u015fi Fourka, au fost trimise locuitorilor \u015fi vizitatorilor acestei regiuni balneare, frecventat\u0103 de multe persoane \u00een vacan\u0163\u0103.<\/p>\n<p>Potrivit unor imagini difuzate de ERT, fl\u0103c\u0103rile se apropiau \u00een mod periculos de locuin\u0163e \u00een aceast\u0103 zon\u0103 acoperit\u0103 de pini, arbori foarte inflamabili.<\/p>\n<p>Doi pompieri au fost r\u0103ni\u0163i \u015fi transporta\u0163i la spital, au anun\u0163at serviciile elene de salvare, care au desf\u0103\u015furat patru ambulan\u0163e la locul incendiului.<\/p>\n<p><strong>\u201cSITUA\u0162IA ESTE FOARTE DIFICIL\u0102\u201d<\/strong><\/p>\n<p>\u201cPersoanele care se afl\u0103 pe plaje la Siviri \u015fi Fourka trebuie s\u0103 fie evacuate \u00een mod prioritar pe mare, pentru c\u0103 incendiul se apropie \u00een mod periculos de coast\u0103\u201d, a declarat ERT un purt\u0103tor de cuv\u00e2nt al pompierilor, Yannis Artopios.<\/p>\n<figure><img decoding=\"async\" src=\"https:\/\/i0.1616.ro\/media\/2\/2701\/33639\/22631036\/4\/calcidica-incendiu-halkidiki-reut-lef.jpg?width=540\" alt><\/figure>\n<div class=\"twitter-tweet twitter-tweet-rendered\"><iframe id=\"twitter-widget-1\" class title=\"X Post\" src=\"https:\/\/platform.twitter.com\/embed\/Tweet.html?dnt=false&amp;embedId=twitter-widget-1&amp;features=eyJ0ZndfdGltZWxpbmVfbGlzdCI6eyJidWNrZXQiOltdLCJ2ZXJzaW9uIjpudWxsfSwidGZ3X2ZvbGxvd2VyX2NvdW50X3N1bnNldCI6eyJidWNrZXQiOnRydWUsInZlcnNpb24iOm51bGx9LCJ0ZndfdHdlZXRfZWRpdF9iYWNrZW5kIjp7ImJ1Y2tldCI6Im9uIiwidmVyc2lvbiI6bnVsbH0sInRmd19yZWZzcmNfc2Vzc2lvbiI6eyJidWNrZXQiOiJvbiIsInZlcnNpb24iOm51bGx9LCJ0ZndfZm9zbnJfc29mdF9pbnRlcnZlbnRpb25zX2VuYWJsZWQiOnsiYnVja2V0Ijoib24iLCJ2ZXJzaW9uIjpudWxsfSwidGZ3X21peGVkX21lZGlhXzE1ODk3Ijp7ImJ1Y2tldCI6InRyZWF0bWVudCIsInZlcnNpb24iOm51bGx9LCJ0ZndfZXhwZXJpbWVudHNfY29va2llX2V4cGlyYXRpb24iOnsiYnVja2V0IjoxMjA5NjAwLCJ2ZXJzaW9uIjpudWxsfSwidGZ3X3Nob3dfYmlyZHdhdGNoX3Bpdm90c19lbmFibGVkIjp7ImJ1Y2tldCI6Im9uIiwidmVyc2lvbiI6bnVsbH0sInRmd19kdXBsaWNhdGVfc2NyaWJlc190b19zZXR0aW5ncyI6eyJidWNrZXQiOiJvbiIsInZlcnNpb24iOm51bGx9LCJ0ZndfdXNlX3Byb2ZpbGVfaW1hZ2Vfc2hhcGVfZW5hYmxlZCI6eyJidWNrZXQiOiJvbiIsInZlcnNpb24iOm51bGx9LCJ0ZndfdmlkZW9faGxzX2R5bmFtaWNfbWFuaWZlc3RzXzE1MDgyIjp7ImJ1Y2tldCI6InRydWVfYml0cmF0ZSIsInZlcnNpb24iOm51bGx9LCJ0ZndfbGVnYWN5X3RpbWVsaW5lX3N1bnNldCI6eyJidWNrZXQiOnRydWUsInZlcnNpb24iOm51bGx9LCJ0ZndfdHdlZXRfZWRpdF9mcm9udGVuZCI6eyJidWNrZXQiOiJvbiIsInZlcnNpb24iOm51bGx9fQ%3D%3D&amp;frame=false&amp;hideCard=false&amp;hideThread=false&amp;id=2087985042895065387&amp;lang=ro&amp;origin=https%3A%2F%2Fwww.news.ro%2Fexterne%2Fsute-turisti-evacuati-mare-apropiere-salonic-urma-izbucnirii-unui-incendiu-peninsula-calcidica-flacarile-apropie-locuinte-statiunile-balneare-siviri-fourka-doi-pompieri-raniti-spitalizati-1922401413002026082222631036&amp;sessionId=d9a1a4423c025ed97670639b48ace5155255342c&amp;theme=light&amp;widgetsVersion=6a3ad42b224df%3A1778106238597&amp;width=550px\" frameborder scrolling=\"no\" allowfullscreen=\"allowfullscreen\" data-tweet-id=\"2087985042895065387\" data-mce-fragment=\"1\"><\/iframe><\/div>\n<p>Pe plaja de la Fourka, turi\u015fti \u00een costume de baie, cu copii \u00een bra\u0163e, au fost evacua\u0163i \u00een mod calm, \u00een timp ce un fum acoperea cerul sta\u0163iunii balneare, potrivit unor imagini difuzate \u00een direct de ERT.<\/p>\n<p>\u201cSitua\u0163ia este foarte dificil\u0103, nu e bun\u0103 deloc. Pentru moment, prioritatea este protejarea vie\u0163ii oamenilor. O parte a Siviri a fost \u00een \u00eentregime evacuat\u0103, iar opera\u0163iunea continu\u0103 tot pe mare\u201d, a declarat AFP primarul din Kassandra, Heraklis Leivadiotis.<\/p>\n<p>\u201cSuntem pe plaj\u0103 \u015fi c\u0103ut\u0103m un mijloc s\u0103 plec\u0103m. De unde ne afl\u0103m noi, vedem fl\u0103c\u0103rile care au atins localitatea \u015fi case care ard\u201d, a declarat la telefon AFP Sophia, \u00een v\u00e2rst\u0103 de 52 de ani, care are o re\u015fedin\u0163\u0103 de vacan\u0163\u0103 \u00een zon\u0103.<\/p>\n<p>Aproximativ 15 vapoare mici au transferat peste 250 de persoane \u00een siguran\u0163\u0103, potrivit ERT.<\/p>\n<p>Opera\u0163iunea s-a desf\u0103\u015furat calm \u015fi f\u0103r\u0103 s\u0103 provoace panic\u0103 \u00een mul\u0163ime.<\/p>\n<p>Numeroase vehicule au \u00eencercat s\u0103 plece din zon\u0103, provoc\u00e2nd ambuteiaje importante, potrivit postului.<\/p>\n<p>Potrivit ERT, frontul incendiului se \u00eentinde pe trei kilometri, iar fl\u0103c\u0103rile \u2013 \u00een p\u0103duri dense de pini \u2013 atingeau 20-30 de metri \u00een\u0103l\u0163ime.<\/p>\n<p><strong>NOU\u0102 INCENDII ARD \u00ceN CONTINUARE<\/strong><\/p>\n<p>\u201cIncendiul a izbucnit \u00eentr-o vegeta\u0163ie joas\u0103 \u015fi continu\u0103 s\u0103 fac\u0103 ravagii, sc\u0103pat de sub control. Fl\u0103c\u0103rile se apropie de locuin\u0163e\u201d, scrie ERT \u00eentr-un live pe Internet.<\/p>\n<p>\u201cFrontul avanseaz\u0103 c\u0103tre mare, iar aproximativ 70% dintre persoane au fost evacuate de la fa\u0163a locului\u201d, a declarat ERT un pompier voluntar, Themis Ierissiotis.<\/p>\n<p>\u201cV\u00e2ntul este foarte puternic, ceea ce contribuie la extinderea rapid\u0103 a incendiului, situat \u00een apropierea unor zone reziden\u0163iale la Siviri \u015fi Fourka. Condi\u0163iile sunt extreme \u015fi ne las\u0103 foarte pu\u0163in timp s\u0103 reac\u0163ion\u0103m\u201d, a declarat la ERT pre\u015fedintele Asocia\u0163iei Panelene a Pompierilor Forestieri, Stratos Gitsoudis.<\/p>\n<p>Joi, dispozitivul de stat se afla \u00een stare de alert\u0103 maxim\u0103, din cauza unui risc extrem de incendiu \u2013 nivelul 5, cel mai ridicat -, anun\u0163at \u00een Attica, Grecia Central\u0103 \u015fi \u00een Peninsula Calcidic\u0103.<\/p>\n<p>\u00cen Peninsula Calcidic\u0103, autorit\u0103\u0163ile au interzis orice deplasare \u00een zone \u00eemp\u0103durite.<\/p>\n<p>Situat\u0103 la sud-est de Salonic, un ora\u015f mare \u00een nordul Greciei, Peninsula Calcidic\u0103 are forma a trei limbi de p\u0103m\u00e2nt, ca trei degete, care intr\u0103 \u00een Marea Mediteran\u0103.<\/p>\n<p>Partea cea mai de vest a teritoriului este atins\u0103 de incendiu.<\/p>\n<p>\u00cen regiune se afl\u0103 numeroase instala\u0163ii turistice \u015fi hoteliere, iar plajele sunt de obicei \u00een\u0163esate vara, mai ales \u00een weekendul de 15 august.<\/p>\n<p>\u00cen ultimele 24 de ore, 40 de incendii de p\u0103dure au izbucnit \u00een toat\u0103 Grecia, iar nou\u0103 ardeau \u00een continuare, potrivit pompierilor.<\/p>\n<div class=\"twitter-tweet twitter-tweet-rendered\"><iframe id=\"twitter-widget-2\" class title=\"X Post\" src=\"https:\/\/platform.twitter.com\/embed\/Tweet.html?dnt=false&amp;embedId=twitter-widget-2&amp;features=eyJ0ZndfdGltZWxpbmVfbGlzdCI6eyJidWNrZXQiOltdLCJ2ZXJzaW9uIjpudWxsfSwidGZ3X2ZvbGxvd2VyX2NvdW50X3N1bnNldCI6eyJidWNrZXQiOnRydWUsInZlcnNpb24iOm51bGx9LCJ0ZndfdHdlZXRfZWRpdF9iYWNrZW5kIjp7ImJ1Y2tldCI6Im9uIiwidmVyc2lvbiI6bnVsbH0sInRmd19yZWZzcmNfc2Vzc2lvbiI6eyJidWNrZXQiOiJvbiIsInZlcnNpb24iOm51bGx9LCJ0ZndfZm9zbnJfc29mdF9pbnRlcnZlbnRpb25zX2VuYWJsZWQiOnsiYnVja2V0Ijoib24iLCJ2ZXJzaW9uIjpudWxsfSwidGZ3X21peGVkX21lZGlhXzE1ODk3Ijp7ImJ1Y2tldCI6InRyZWF0bWVudCIsInZlcnNpb24iOm51bGx9LCJ0ZndfZXhwZXJpbWVudHNfY29va2llX2V4cGlyYXRpb24iOnsiYnVja2V0IjoxMjA5NjAwLCJ2ZXJzaW9uIjpudWxsfSwidGZ3X3Nob3dfYmlyZHdhdGNoX3Bpdm90c19lbmFibGVkIjp7ImJ1Y2tldCI6Im9uIiwidmVyc2lvbiI6bnVsbH0sInRmd19kdXBsaWNhdGVfc2NyaWJlc190b19zZXR0aW5ncyI6eyJidWNrZXQiOiJvbiIsInZlcnNpb24iOm51bGx9LCJ0ZndfdXNlX3Byb2ZpbGVfaW1hZ2Vfc2hhcGVfZW5hYmxlZCI6eyJidWNrZXQiOiJvbiIsInZlcnNpb24iOm51bGx9LCJ0ZndfdmlkZW9faGxzX2R5bmFtaWNfbWFuaWZlc3RzXzE1MDgyIjp7ImJ1Y2tldCI6InRydWVfYml0cmF0ZSIsInZlcnNpb24iOm51bGx9LCJ0ZndfbGVnYWN5X3RpbWVsaW5lX3N1bnNldCI6eyJidWNrZXQiOnRydWUsInZlcnNpb24iOm51bGx9LCJ0ZndfdHdlZXRfZWRpdF9mcm9udGVuZCI6eyJidWNrZXQiOiJvbiIsInZlcnNpb24iOm51bGx9fQ%3D%3D&amp;frame=false&amp;hideCard=false&amp;hideThread=false&amp;id=2087961979088761162&amp;lang=ro&amp;origin=https%3A%2F%2Fwww.news.ro%2Fexterne%2Fsute-turisti-evacuati-mare-apropiere-salonic-urma-izbucnirii-unui-incendiu-peninsula-calcidica-flacarile-apropie-locuinte-statiunile-balneare-siviri-fourka-doi-pompieri-raniti-spitalizati-1922401413002026082222631036&amp;sessionId=d9a1a4423c025ed97670639b48ace5155255342c&amp;theme=light&amp;widgetsVersion=6a3ad42b224df%3A1778106238597&amp;width=550px\" frameborder scrolling=\"no\" allowfullscreen=\"allowfullscreen\" data-tweet-id=\"2087961979088761162\" data-mce-fragment=\"1\"><\/iframe><\/div>\n<p>Riscul de incendiu r\u0103m\u00e2ne extrem de mare vineri, c\u00e2nd sunt prev\u0103zute rafale de v\u00e2nt de 100 de kilometri pe or\u0103, potrivit Protec\u0163iei Civile,<\/p>\n<p>\u00cen urm\u0103 cu zece zile, \u00een nord-vestul capitalei elene, Atena, \u00een apropierea unei sta\u0163iuni balneare, un incendiu a distrus peste 11.000 de hectare de p\u0103duri de pini, arbu\u015fti \u015fi terenuri agricole.<\/p>\n<p>Din cauza unor rafale de v\u00e2nt de p\u00e2n\u0103 la 130 de kilometri pe or\u0103, acest incendiu a fost stins abia dup\u0103 cinci zile.<\/p>\n<p>Doi membri ai echipajului unui elicopter au murit \u00eentr-o coliziune cu alt elicopter, \u00een timp ce luptau \u00eempotriva fl\u0103c\u0103rilor.<\/p>\n<p><img decoding=\"async\" src=\"https:\/\/viewscnt.1616.ro\/c.gif?id=22631036&amp;pid=2701\" alt=\"viewscnt\" data-id=\"22631036\"><\/p>\n<\/div>\n<div class=\"inhype-social-share-fixed sidebar-position-right\">\n<div class=\"post-social-wrapper\">\n<div class=\"post-social-title\"><span class=\"post-social-title-text\">Share<\/span><\/div>\n<\/div>\n<\/div>\n<\/div>\n<p>[analyse_source url=&#8221;https:\/\/ziardesuceava.ro\/incendiu-in-grecia-sute-de-turisti-evacuati-pe-mare-in-apropiere-de-salonic\/&#8221;]<\/p>\n","protected":false},"excerpt":{"rendered":"<p>[analyse_image type=&#8221;featured&#8221; src=&#8221;https:\/\/ziardesuceava.ro\/wp-content\/uploads\/2026\/08\/calcidica-incendiu-tw1.jpg&#8221;] Un nou incendiu de p\u0103dure a izbucnit joi dup\u0103-amiaza \u00een nordul Greciei, \u00een regiunea turistic\u0103 a Peninsulei Calcidice, unde au fost mobilizate mijloace aeriene importante \u00een lupta \u00eempotriva fl\u0103c\u0103rilor, iar sute de turi\u015fti au fost evacua\u0163i, relateaz\u0103 AFP. \u00cen total, 142 de pompieri \u015fi 51 de vehicule, sus\u0163inu\u0163i de nou\u0103 avioane \u015fi [&hellip;]<\/p>\n","protected":false},"author":1,"featured_media":0,"comment_status":"open","ping_status":"","sticky":false,"template":"","format":"standard","meta":{"footnotes":""},"categories":[89],"tags":[226,171],"class_list":["post-2092797","post","type-post","status-publish","format-standard","hentry","category-romania","tag-crawlmanager","tag-ziardesuceava-ro"],"_links":{"self":[{"href":"https:\/\/analyse.optim.biz\/index.php?rest_route=\/wp\/v2\/posts\/2092797","targetHints":{"allow":["GET"]}}],"collection":[{"href":"https:\/\/analyse.optim.biz\/index.php?rest_route=\/wp\/v2\/posts"}],"about":[{"href":"https:\/\/analyse.optim.biz\/index.php?rest_route=\/wp\/v2\/types\/post"}],"author":[{"embeddable":true,"href":"https:\/\/analyse.optim.biz\/index.php?rest_route=\/wp\/v2\/users\/1"}],"replies":[{"embeddable":true,"href":"https:\/\/analyse.optim.biz\/index.php?rest_route=%2Fwp%2Fv2%2Fcomments&post=2092797"}],"version-history":[{"count":0,"href":"https:\/\/analyse.optim.biz\/index.php?rest_route=\/wp\/v2\/posts\/2092797\/revisions"}],"wp:attachment":[{"href":"https:\/\/analyse.optim.biz\/index.php?rest_route=%2Fwp%2Fv2%2Fmedia&parent=2092797"}],"wp:term":[{"taxonomy":"category","embeddable":true,"href":"https:\/\/analyse.optim.biz\/index.php?rest_route=%2Fwp%2Fv2%2Fcategories&post=2092797"},{"taxonomy":"post_tag","embeddable":true,"href":"https:\/\/analyse.optim.biz\/index.php?rest_route=%2Fwp%2Fv2%2Ftags&post=2092797"}],"curies":[{"name":"wp","href":"https:\/\/api.w.org\/{rel}","templated":true}]}}