{"id":2092796,"date":"2026-08-13T12:29:24","date_gmt":"2026-08-13T09:29:24","guid":{"rendered":"https:\/\/analyse.optim.biz\/?p=2092796"},"modified":"2026-08-13T12:29:24","modified_gmt":"2026-08-13T09:29:24","slug":"tiktok-a-eliminat-videoclipurile-cu-ambulanta-neagra","status":"publish","type":"post","link":"https:\/\/analyse.optim.biz\/?p=2092796","title":{"rendered":"TikTok a eliminat videoclipurile cu \u201eambulan\u021ba neagr\u0103\u201d"},"content":{"rendered":"<p>[analyse_image type=&#8221;featured&#8221; src=&#8221;https:\/\/ziardesuceava.ro\/wp-content\/uploads\/2026\/08\/769251937_4697426047154206_5540265342856601298_n-1-1024&#215;575-1-1024&#215;576.webp&#8221;]<\/p>\n<div class=\"post-content clearfix\">\n<div class=\"blog-post-thumb\"><img loading=\"lazy\" decoding=\"async\" width=\"1140\" height=\"694\" src=\"https:\/\/ziardesuceava.ro\/wp-content\/uploads\/2026\/08\/769251937_4697426047154206_5540265342856601298_n-1-1024x575-1-1140x694.webp\" class=\"attachment-inhype-blog-thumb size-inhype-blog-thumb wp-post-image\" alt><\/div>\n<div class=\"entry-content\">\n<p>Consiliul Na\u021bional al Audiovizualului a anun\u021bat, joi, c\u0103 TikTok a eliminat toate videoclipurile \u0219i mesajele care f\u0103ceau referire la subiectul cu \u201eambulan\u021ba neagr\u0103\u201d din Cluj. Demersul a avut loc \u00een urma unei solicit\u0103ri formulate de CNA la adresa reprezentan\u021bilor platformei de a ac\u021biona \u00eempotriva con\u021binutului ilegal al acestor mesaje.<\/p>\n<p id=\"p-0\">TikTok a eliminat toate videoclipurile \u0219i mesajele care f\u0103ceau referire la \u201eambulan\u021ba neagr\u0103\u201d, \u00een urma solicit\u0103rii depuse mar\u021bi.<\/p>\n<p id=\"p-1\">\u201e\u00abAmbulan\u021ba neagr\u0103\u00bb nu mai circul\u0103 pe TikTok. Consiliul Na\u021bional al Audiovizualului, reunit \u00een \u0219edin\u021b\u0103 mar\u021bi, 11 august a.c., a analizat sesiz\u0103rile primite \u00een leg\u0103tur\u0103 cu mesaje audiovizuale care aveau ca tem\u0103 \u00abambulan\u021ba neagr\u0103\u00bb sau \u00absalvarea neagr\u0103\u00bb. Au fost examinate 90 de mesaje care promovau mitul \u00abambulan\u021bei care fur\u0103 copii\u00bb. Consiliul a decis, prin vot unanim, s\u0103 solicite platformei TikTok s\u0103 ac\u021bioneze \u00eempotriva con\u021binutului ilegal al acestor mesaje. Miercuri, 12 august, reprezentan\u021bii TikTok au comunicat CNA c\u0103 platforma a ac\u021bionat conform solicit\u0103rii, c\u0103 a eliminat mesajele reclamate \u0219i a extins m\u0103sura prin eliminarea tuturor mesajelor marcate #ambulantaneagra \u0219i c\u0103 va urm\u0103ri mesajele conexe\u201d, a anun\u021bat CNA, potrivit mediafax.ro.<\/p>\n<p id=\"p-2\">\u201eSubiectul \u00abambulan\u021ba neagr\u0103\u00bb nu mai este prezent \u00een platform\u0103. \u00cencuraj\u0103m utilizatorii marilor platforme s\u0103 acorde aten\u021bie informa\u021biilor pe care le redistribuie, dar \u0219i s\u0103 se informeze din surse competente\u201d, a mai precizat CNA.<\/p>\n<p id=\"p-4\">S\u0103pt\u0103m\u00e2na trecut\u0103, un\u00a0echipaj de ambulan\u021b\u0103 a fost atacat\u00a0\u00een jude\u021bul Cluj, pe fondul unor informa\u021bii false distribuite pe TikTok, potrivit c\u0103rora o ambulan\u021b\u0103 ar fi fost implicat\u0103 \u00een r\u0103pirea unor copii. \u00cen urma videoclipurilor de pe TikTok, cazul a ajuns \u00een aten\u0163ia CNA.<\/p>\n<p id=\"p-5\">\u0218apte persoane au fost arestate preventiv\u00a0pentru 30 de zile, fiind cercetate pentru tulburarea ordinii \u0219i lini\u0219tii publice \u0219i lovire sau alte violen\u021be.<\/p>\n<\/div>\n<div class=\"inhype-social-share-fixed sidebar-position-right\">\n<div class=\"post-social-wrapper\">\n<div class=\"post-social-title\"><span class=\"post-social-title-text\">Share<\/span><\/div>\n<\/div>\n<\/div>\n<\/div>\n<p>[analyse_source url=&#8221;https:\/\/ziardesuceava.ro\/tiktok-a-eliminat-videoclipurile-cu-ambulanta-neagra\/&#8221;]<\/p>\n","protected":false},"excerpt":{"rendered":"<p>[analyse_image type=&#8221;featured&#8221; src=&#8221;https:\/\/ziardesuceava.ro\/wp-content\/uploads\/2026\/08\/769251937_4697426047154206_5540265342856601298_n-1-1024&#215;575-1-1024&#215;576.webp&#8221;] Consiliul Na\u021bional al Audiovizualului a anun\u021bat, joi, c\u0103 TikTok a eliminat toate videoclipurile \u0219i mesajele care f\u0103ceau referire la subiectul cu \u201eambulan\u021ba neagr\u0103\u201d din Cluj. Demersul a avut loc \u00een urma unei solicit\u0103ri formulate de CNA la adresa reprezentan\u021bilor platformei de a ac\u021biona \u00eempotriva con\u021binutului ilegal al acestor mesaje. TikTok a eliminat [&hellip;]<\/p>\n","protected":false},"author":1,"featured_media":0,"comment_status":"open","ping_status":"","sticky":false,"template":"","format":"standard","meta":{"footnotes":""},"categories":[89],"tags":[226,171],"class_list":["post-2092796","post","type-post","status-publish","format-standard","hentry","category-romania","tag-crawlmanager","tag-ziardesuceava-ro"],"_links":{"self":[{"href":"https:\/\/analyse.optim.biz\/index.php?rest_route=\/wp\/v2\/posts\/2092796","targetHints":{"allow":["GET"]}}],"collection":[{"href":"https:\/\/analyse.optim.biz\/index.php?rest_route=\/wp\/v2\/posts"}],"about":[{"href":"https:\/\/analyse.optim.biz\/index.php?rest_route=\/wp\/v2\/types\/post"}],"author":[{"embeddable":true,"href":"https:\/\/analyse.optim.biz\/index.php?rest_route=\/wp\/v2\/users\/1"}],"replies":[{"embeddable":true,"href":"https:\/\/analyse.optim.biz\/index.php?rest_route=%2Fwp%2Fv2%2Fcomments&post=2092796"}],"version-history":[{"count":0,"href":"https:\/\/analyse.optim.biz\/index.php?rest_route=\/wp\/v2\/posts\/2092796\/revisions"}],"wp:attachment":[{"href":"https:\/\/analyse.optim.biz\/index.php?rest_route=%2Fwp%2Fv2%2Fmedia&parent=2092796"}],"wp:term":[{"taxonomy":"category","embeddable":true,"href":"https:\/\/analyse.optim.biz\/index.php?rest_route=%2Fwp%2Fv2%2Fcategories&post=2092796"},{"taxonomy":"post_tag","embeddable":true,"href":"https:\/\/analyse.optim.biz\/index.php?rest_route=%2Fwp%2Fv2%2Ftags&post=2092796"}],"curies":[{"name":"wp","href":"https:\/\/api.w.org\/{rel}","templated":true}]}}