{"id":2092767,"date":"2026-08-13T16:45:00","date_gmt":"2026-08-13T13:45:00","guid":{"rendered":"https:\/\/analyse.optim.biz\/?p=2092767"},"modified":"2026-08-13T16:45:00","modified_gmt":"2026-08-13T13:45:00","slug":"orasul-deschis-artei-a-viii-a-editie-a-taberei-urbane-de-arte-vizuale","status":"publish","type":"post","link":"https:\/\/analyse.optim.biz\/?p=2092767","title":{"rendered":"Ora\u0219ul deschis artei. A VIII-a edi\u021bie a taberei urbane de arte vizuale"},"content":{"rendered":"<p>[analyse_image type=&#8221;featured&#8221; src=&#8221;https:\/\/www.campusbuzau.ro\/wp-content\/uploads\/2026\/08\/tabara-urbana-artisti-vizuali-editia-din-2025.jpghttps:\/\/www.campusbuzau.ro\/wp-content\/uploads\/2026\/08\/tabara-urbana-artisti-vizuali-editia-din-2025.jpg&#8221;]<\/p>\n<div class=\"entry-content\">\n<p><strong><em>12 arti\u0219ti vizuali din mai multe zone ale \u021b\u0103rii vor ajunge la Buz\u0103u pentru a participa la o tab\u0103r\u0103 urban\u0103 de crea\u021bie, devenit\u0103 una din tradi\u021biile Buz\u0103ului. Simpozionul Na\u021bional de Arte Vizuale \u201dBuz\u0103u \u2013 ora\u0219 deschis artelor vizuale\u201d va \u00eencepe pe 17 august \u0219i se va \u00eencheia pe 22 august 2026. Dup\u0103 \u00eenchiderea taberei va fi vernisat\u0103 expozi\u021bia cu lucr\u0103rile celor 12 arti\u0219ti \u0219i va fi alc\u0103tuit \u0219i tip\u0103rit catalogul edi\u021biei sub coordonarea artistului Valeriu \u0218u\u0219nea.<\/em><\/strong><\/p>\n<p>Este pentru a VIII-a oar\u0103 c\u00e2nd Buz\u0103ul dovede\u0219te \u00eenc\u0103 o dat\u0103 c\u0103 este un ora\u0219 deschis artelor \u0219i arti\u0219tilor vizuali.<\/p>\n<p>Coordona\u021bi de profesorul doctor Valeriu \u0218u\u0219nea, ini\u021biatorul \u0219i continuatorul proiectului Simpozionul Na\u021bional de Arte Vizuale \u201e Buz\u0103u \u2013 ora\u0219 deschis artei\u201d \u0219i pre\u0219edinte al filialei buzoiene a Uniunii Arti\u0219tilor Plastici din Rom\u00e2nia, un grup de arti\u0219ti vizuali va porni pe urmele lui Andreescu pe meleaguri buzoiene.<\/p>\n<p>Timp de aproape o s\u0103pt\u0103m\u00e2n\u0103 12 arti\u0219ti \u0219i artiste vizuale din mai multe zone ale \u021b\u0103rii vor lucra la Buz\u0103u av\u00e2nd ca modele de inspira\u021bie elemernte fundamentale ale patrimoniului cultural buzoian.<\/p>\n<p>Arti\u0219tii din tab\u0103r\u0103 vor merge \u201epe urmele lui Andreescu\u201d pornind de la c\u00e2teva dintre traseele marcate de marele artist \u00een opera lui \u00een cei 7 ani \u00een care a tr\u0103it, a profesat \u0219i a creat la Buz\u0103u.<\/p>\n<p>C\u00e2te una din lucr\u0103rile fiec\u0103rui artist participant la tab\u0103ra urban\u0103 urmeaz\u0103 s\u0103 intre \u00een pinacoteca Centrului Cultural \u0219i Educa\u021bional \u201dAlexandru Marghiloman\u201d.<\/p>\n<p>Experien\u021ba artistic\u0103 de anul acesta de la Buz\u0103u se va \u00eencheia pe 22 august, apoi va urma o expozi\u021bie la Galeriile de Art\u0103 \u201eIon Andreescu\u201d cu lucr\u0103rile realizate de arti\u0219ti \u0219i cu lansarea catalogului din acest an.<\/p>\n<figure class=\"wp-block-embed is-type-video is-provider-youtube wp-block-embed-youtube wp-embed-aspect-16-9 wp-has-aspect-ratio\">\n<div class=\"wp-block-embed__wrapper\">\n<iframe loading=\"lazy\" title=\"12 ARTI\u015eTI VIZUALI LA CEA DE-A 8 EDI\u0162IE A TABEREI URBANE, 17-22 AUGUST\" width=\"500\" height=\"281\" src=\"https:\/\/www.youtube.com\/embed\/4u_qAPYoZN4?feature=oembed\" frameborder allow=\"accelerometer; autoplay; clipboard-write; encrypted-media; gyroscope; picture-in-picture; web-share\" referrerpolicy=\"strict-origin-when-cross-origin\" allowfullscreen><\/iframe>\n<\/div>\n<\/figure>\n<\/div>\n<p>[analyse_source url=&#8221;https:\/\/www.campusbuzau.ro\/orasul-deschis-artei-a-viii-a-editie-a-taberei-urbane-de-arte-vizuale\/&#8221;]<\/p>\n","protected":false},"excerpt":{"rendered":"<p>[analyse_image type=&#8221;featured&#8221; src=&#8221;https:\/\/www.campusbuzau.ro\/wp-content\/uploads\/2026\/08\/tabara-urbana-artisti-vizuali-editia-din-2025.jpghttps:\/\/www.campusbuzau.ro\/wp-content\/uploads\/2026\/08\/tabara-urbana-artisti-vizuali-editia-din-2025.jpg&#8221;] 12 arti\u0219ti vizuali din mai multe zone ale \u021b\u0103rii vor ajunge la Buz\u0103u pentru a participa la o tab\u0103r\u0103 urban\u0103 de crea\u021bie, devenit\u0103 una din tradi\u021biile Buz\u0103ului. Simpozionul Na\u021bional de Arte Vizuale \u201dBuz\u0103u \u2013 ora\u0219 deschis artelor vizuale\u201d va \u00eencepe pe 17 august \u0219i se va \u00eencheia pe 22 august 2026. Dup\u0103 [&hellip;]<\/p>\n","protected":false},"author":1,"featured_media":0,"comment_status":"open","ping_status":"","sticky":false,"template":"","format":"standard","meta":{"footnotes":""},"categories":[2],"tags":[118,226],"class_list":["post-2092767","post","type-post","status-publish","format-standard","hentry","category-politics","tag-campusbuzau-ro","tag-crawlmanager"],"_links":{"self":[{"href":"https:\/\/analyse.optim.biz\/index.php?rest_route=\/wp\/v2\/posts\/2092767","targetHints":{"allow":["GET"]}}],"collection":[{"href":"https:\/\/analyse.optim.biz\/index.php?rest_route=\/wp\/v2\/posts"}],"about":[{"href":"https:\/\/analyse.optim.biz\/index.php?rest_route=\/wp\/v2\/types\/post"}],"author":[{"embeddable":true,"href":"https:\/\/analyse.optim.biz\/index.php?rest_route=\/wp\/v2\/users\/1"}],"replies":[{"embeddable":true,"href":"https:\/\/analyse.optim.biz\/index.php?rest_route=%2Fwp%2Fv2%2Fcomments&post=2092767"}],"version-history":[{"count":0,"href":"https:\/\/analyse.optim.biz\/index.php?rest_route=\/wp\/v2\/posts\/2092767\/revisions"}],"wp:attachment":[{"href":"https:\/\/analyse.optim.biz\/index.php?rest_route=%2Fwp%2Fv2%2Fmedia&parent=2092767"}],"wp:term":[{"taxonomy":"category","embeddable":true,"href":"https:\/\/analyse.optim.biz\/index.php?rest_route=%2Fwp%2Fv2%2Fcategories&post=2092767"},{"taxonomy":"post_tag","embeddable":true,"href":"https:\/\/analyse.optim.biz\/index.php?rest_route=%2Fwp%2Fv2%2Ftags&post=2092767"}],"curies":[{"name":"wp","href":"https:\/\/api.w.org\/{rel}","templated":true}]}}