{"id":2092646,"date":"2026-08-12T00:45:25","date_gmt":"2026-08-11T21:45:25","guid":{"rendered":"https:\/\/analyse.optim.biz\/?p=2092646"},"modified":"2026-08-12T00:45:25","modified_gmt":"2026-08-11T21:45:25","slug":"eclipsa-de-soare-in-traditia-romaneasca-ce-credeau-oamenii-din-banat","status":"publish","type":"post","link":"https:\/\/analyse.optim.biz\/?p=2092646","title":{"rendered":"Eclipsa de Soare \u00een tradi\u021bia rom\u00e2neasc\u0103: ce credeau oamenii din Banat"},"content":{"rendered":"<p>[analyse_image type=&#8221;featured&#8221; src=&#8221;https:\/\/orasul-timisoara.ro\/wp-content\/uploads\/2026\/08\/elipsa-traditii-banat.jpg&#8221;]<\/p>\n<article id=\"post-40215\" class=\"td-post-template-7 post-40215 post type-post status-publish format-standard has-post-thumbnail category-featured category-stiri-timisoara tag-astronomie tag-banat tag-credinte-populare tag-cultura-populara tag-eclipsa-de-soare tag-folclor-romanesc tag-mitologie-romaneasca tag-obiceiuri tag-stiinta-2 tag-superstitii tag-timis-2 tag-traditii-banatene-2 tag-traditii-romanesti tag-varcolaci td-container-wrap\">\n<div class=\"td-full-screen-header-image-wrap\">\n<div class=\"td-container td-post-header\">\n<div class=\"td-crumb-container\">\n<div class=\"entry-crumbs\"><span><a title=\"Vede\u021bi toate articolele \u00een \u0218tiri Locale\" class=\"entry-crumb\" href=\"https:\/\/orasul-timisoara.ro\/local-category\/stiri-timisoara\/\">\u0218tiri Locale<\/a><\/span><span class=\"td-bred-no-url-last\">Eclipsa de Soare \u00een tradi\u021bia rom\u00e2neasc\u0103: ce credeau oamenii din Banat<\/span><\/div>\n<\/div>\n<div class=\"td-post-header-holder\">\n<div class=\"td-parallax-header\">\n<header class=\"td-post-title\">\n<ul class=\"td-category\">\n<li class=\"entry-category\"><a href=\"https:\/\/orasul-timisoara.ro\/local-category\/stiri-timisoara\/\">\u0218tiri Locale<\/a><\/li>\n<\/ul>\n<h1 class=\"entry-title\">Eclipsa de Soare \u00een tradi\u021bia rom\u00e2neasc\u0103: ce credeau oamenii din Banat<\/h1>\n<div class=\"td-module-meta-info\">\n<div class=\"td-post-author-name\">\n<div class=\"td-author-by\">De c\u0103tre<\/div>\n<p><a href=\"https:\/\/orasul-timisoara.ro\/author\/timisoara\/\">redactia<\/a><\/p>\n<div class=\"td-author-line\"> &#8211; <\/div>\n<\/div>\n<p><span class=\"td-post-date\"><time class=\"entry-date updated td-module-date\" datetime=\"2026-08-12T03:45:25+03:00\">12\/08\/2026<\/time><\/span><\/div>\n<\/header>\n<\/div>\n<\/div>\n<\/div>\n<div id=\"td-full-screen-header-image\" class=\"td-image-gradient-style7\"><img decoding=\"async\" class=\"td-backstretch\" src=\"https:\/\/orasul-timisoara.ro\/wp-content\/uploads\/2026\/08\/elipsa-traditii-banat.jpg\"><\/div>\n<\/div>\n<div class=\"td-container\">\n<div class=\"td-pb-row\">\n<div class=\"td-pb-span8 td-main-content\" role=\"main\">\n<div class=\"td-ss-main-content\">\n<div class=\"td-post-sharing-top\">\n<div class=\"td-post-sharing-classic\"><iframe title=\"topFacebookLike\" frameborder src=\"https:\/\/www.facebook.com\/plugins\/like.php?href=https:\/\/orasul-timisoara.ro\/local-40215\/&amp;layout=button_count&amp;show_faces=false&amp;width=105&amp;action=like&amp;colorscheme=light&amp;height=21\"><\/iframe><\/div>\n<div id=\"td_social_sharing_article_top\" class=\"td-post-sharing td-ps-bg td-ps-notext td-post-sharing-style1 \">\n<div class=\"td-post-sharing-visible\"><a class=\"td-social-sharing-button td-social-sharing-button-js td-social-network td-social-facebook\" href=\"https:\/\/www.facebook.com\/sharer.php?u=https%3A%2F%2Forasul-timisoara.ro%2Flocal-40215%2F\" title=\"Facebook\"><\/p>\n<div class=\"td-social-but-text\">Facebook<\/div>\n<p><\/a><a class=\"td-social-sharing-button td-social-sharing-button-js td-social-network td-social-twitter\" href=\"https:\/\/twitter.com\/intent\/tweet?text=Eclipsa+de+Soare+%C3%AEn+tradi%C8%9Bia+rom%C3%A2neasc%C4%83%3A+ce+credeau+oamenii+din+Banat&amp;url=https%3A%2F%2Forasul-timisoara.ro%2Flocal-40215%2F&amp;via=orasultm\" title=\"Twitter\"><\/p>\n<div class=\"td-social-but-text\">Twitter<\/div>\n<p><\/a><a class=\"td-social-sharing-button td-social-sharing-button-js td-social-network td-social-whatsapp\" href=\"https:\/\/api.whatsapp.com\/send?text=Eclipsa+de+Soare+%C3%AEn+tradi%C8%9Bia+rom%C3%A2neasc%C4%83%3A+ce+credeau+oamenii+din+Banat%20%0A%0A%20https:\/\/orasul-timisoara.ro\/local-40215\/\" title=\"WhatsApp\"><\/p>\n<div class=\"td-social-but-text\">WhatsApp<\/div>\n<p><\/a><a class=\"td-social-sharing-button td-social-sharing-button-js td-social-network td-social-linkedin\" href=\"https:\/\/www.linkedin.com\/shareArticle?mini=true&amp;url=https:\/\/orasul-timisoara.ro\/local-40215\/&amp;title=Eclipsa+de+Soare+%C3%AEn+tradi%C8%9Bia+rom%C3%A2neasc%C4%83%3A+ce+credeau+oamenii+din+Banat\" title=\"Linkedin\"><\/p>\n<div class=\"td-social-but-text\">Linkedin<\/div>\n<p><\/a><a class=\"td-social-sharing-button td-social-sharing-button-js td-social-network td-social-reddit\" href=\"https:\/\/reddit.com\/submit?url=https:\/\/orasul-timisoara.ro\/local-40215\/&amp;title=Eclipsa+de+Soare+%C3%AEn+tradi%C8%9Bia+rom%C3%A2neasc%C4%83%3A+ce+credeau+oamenii+din+Banat\" title=\"ReddIt\"><\/p>\n<div class=\"td-social-but-text\">ReddIt<\/div>\n<p><\/a><a class=\"td-social-sharing-button td-social-sharing-button-js td-social-network td-social-mail\" href=\"mailto:?subject=Eclipsa%20de%20Soare%20%C3%AEn%20tradi%C8%9Bia%20rom%C3%A2neasc%C4%83:%20ce%20credeau%20oamenii%20din%20Banat&amp;body=https:\/\/orasul-timisoara.ro\/local-40215\/\" title=\"Email\"><\/p>\n<div class=\"td-social-but-text\">Email<\/div>\n<p><\/a><a class=\"td-social-sharing-button td-social-sharing-button-js td-social-network td-social-print\" href=\"https:\/\/orasul-timisoara.ro\/local-40215\/\" title=\"Imprimare\"><\/p>\n<div class=\"td-social-but-text\">Imprimare<\/div>\n<p><\/a><\/div>\n<\/div>\n<\/div>\n<div class=\"td-post-content tagdiv-type\">\n<p class=\"wp-block-paragraph\">Eclipsa de Soare \u00een tradi\u021bia rom\u00e2neasc\u0103. Ce credeau oamenii din Banat despre cerul care se \u00eentuneca<\/p>\n<p class=\"wp-block-paragraph\">Eclipsele de Soare au fost privite mult timp nu doar ca fenomene cere\u0219ti, ci \u0219i ca \u00eent\u00e2mpl\u0103ri cu o puternic\u0103 \u00eenc\u0103rc\u0103tur\u0103 simbolic\u0103. \u00cen lumea satului rom\u00e2nesc, \u00eentunecarea brusc\u0103 a Soarelui putea fi interpretat\u0103 drept un semn venit din lumea nev\u0103zut\u0103, o avertizare sau chiar o pedeaps\u0103 divin\u0103, iar \u00een jurul fenomenului s-au construit credin\u021be despre v\u00e2rcolaci, r\u0103ul care amenin\u021b\u0103 ordinea lumii \u0219i nevoia oamenilor de a readuce lumina.<\/p>\n<p class=\"wp-block-paragraph\">\u00cen Banat, unde tradi\u021bia popular\u0103 s-a format \u00eentr-un spa\u021biu multicultural \u0219i \u00een contact cu influen\u021be rom\u00e2ne\u0219ti, sud-slave \u0219i central-europene, astfel de reprezent\u0103ri trebuie privite \u00een contextul mai larg al imaginarului tradi\u021bional. Cercet\u0103rile etnografice arat\u0103 c\u0103 lumea satului b\u0103n\u0103\u021bean a p\u0103strat un calendar popular bogat, \u00een care credin\u021bele vechi s-au suprapus adesea peste s\u0103rb\u0103torile cre\u0219tine \u0219i peste practicile comunitare. Nu exist\u0103 \u00eens\u0103 un \u201eritual b\u0103n\u0103\u021bean al eclipsei\u201d unic \u0219i uniform atestat pentru toate satele, iar multe dintre credin\u021bele despre eclipse apar\u021bin folclorului rom\u00e2nesc \u00een ansamblu. :contentReference[oaicite:0]{index=0}<\/p>\n<h2 class=\"wp-block-heading\">Soarele, mai mult dec\u00e2t un simplu astru \u00een lumea satului<\/h2>\n<p class=\"wp-block-paragraph\">\u00cen mentalitatea tradi\u021bional\u0103 rom\u00e2neasc\u0103, Soarele avea un statut aparte. Nu era privit doar ca surs\u0103 de lumin\u0103 \u0219i c\u0103ldur\u0103, ci ca o prezen\u021b\u0103 cu caracter sacru, iar \u00een numeroase regiuni era asociat cu via\u021ba, ordinea lumii \u0219i bun\u0103starea gospod\u0103riei.<\/p>\n<p class=\"wp-block-paragraph\">Dic\u021bionarul de Simboluri \u0219i Credin\u021be Tradi\u021bionale Rom\u00e2ne\u0219ti consemneaz\u0103 numeroase norme \u0219i interdic\u021bii legate de Soare: de la momentul \u00een care oamenii trebuiau s\u0103 se trezeasc\u0103 p\u00e2n\u0103 la reguli privind lucrurile care nu trebuiau f\u0103cute la r\u0103s\u0103rit sau la apus. \u00cen unele comunit\u0103\u021bi, Soarele era chiar personificat \u0219i considerat \u201efiin\u021ba cea mai mare cereasc\u0103\u201d. :contentReference[oaicite:1]{index=1}<\/p>\n<p class=\"wp-block-paragraph\">\u00centr-o asemenea concep\u021bie asupra lumii, dispari\u021bia brusc\u0103 a luminii solare nu putea fi perceput\u0103 ca un eveniment lipsit de semnifica\u021bie.<\/p>\n<h2 class=\"wp-block-heading\">Cine \u201em\u00e2nca\u201d Soarele \u00een timpul eclipsei<\/h2>\n<p class=\"wp-block-paragraph\">Una dintre cele mai r\u0103sp\u00e2ndite explica\u021bii folclorice rom\u00e2ne\u0219ti pentru eclips\u0103 era legat\u0103 de v\u00e2rcolaci.<\/p>\n<p class=\"wp-block-paragraph\">Potrivit consemn\u0103rilor etnografice, se credea c\u0103 Soarele este \u201em\u00e2ncat\u201d de v\u00e2rcolaci, credin\u021b\u0103 \u00eent\u00e2lnit\u0103 \u0219i \u00een cazul eclipselor de Lun\u0103. \u00cen alte variante, fenomenul era pus pe seama unor for\u021be demonice sau era interpretat ca rezultat al m\u00e2niei divine. :contentReference[oaicite:2]{index=2}<\/p>\n<p class=\"wp-block-paragraph\">Imaginea este una extrem de puternic\u0103: un astru considerat sacru \u00ee\u0219i pierde lumina nu din cauza unei configura\u021bii astronomice, ci pentru c\u0103 este atacat de fiin\u021be supranaturale. Pentru comunit\u0103\u021bile tradi\u021bionale, \u00een care explica\u021bia \u0219tiin\u021bific\u0103 a fenomenului nu era accesibil\u0103, aceast\u0103 interpretare oferea o explica\u021bie coerent\u0103 \u00een interiorul propriului univers de credin\u021be.<\/p>\n<h2 class=\"wp-block-heading\">Eclipsa putea fi v\u0103zut\u0103 ca un avertisment<\/h2>\n<p class=\"wp-block-paragraph\">\u00cen folclorul rom\u00e2nesc, eclipsele au fost asociate \u0219i cu ideea de avertisment sau de pedeaps\u0103.<\/p>\n<p class=\"wp-block-paragraph\">Consemn\u0103rile etnografice noteaz\u0103 credin\u021ba c\u0103 o eclips\u0103 de Soare putea fi rezultatul m\u00e2niei lui Dumnezeu \u0219i c\u0103 fenomenul putea prevesti nenorociri precum r\u0103zboaie, secet\u0103, epidemii sau foamete. Cu c\u00e2t evenimentul era perceput ca mai rar \u0219i mai spectaculos, cu at\u00e2t \u00eenc\u0103rc\u0103tura lui simbolic\u0103 putea fi mai puternic\u0103. :contentReference[oaicite:3]{index=3}<\/p>\n<p class=\"wp-block-paragraph\">Este important \u00eens\u0103 ca aceste reprezent\u0103ri s\u0103 fie \u00een\u021belese ca elemente ale culturii tradi\u021bionale \u0219i nu ca \u201epredic\u021bii\u201d \u00een sensul modern al cuv\u00e2ntului.<\/p>\n<h2 class=\"wp-block-heading\">Rug\u0103ciuni, lum\u00e2n\u0103ri \u0219i clopote \u00eempotriva r\u0103ului<\/h2>\n<p class=\"wp-block-paragraph\">\u00cen fa\u021ba unei eclipse, r\u0103spunsul tradi\u021bional nu era \u00eentotdeauna unul pasiv. Unele consemn\u0103ri descriu practici prin care oamenii \u00eencercau simbolic s\u0103 \u00eendep\u0103rteze r\u0103ul \u0219i s\u0103 refac\u0103 ordinea pierdut\u0103.<\/p>\n<p class=\"wp-block-paragraph\">Printre acestea apar aprinderea lum\u00e2n\u0103rilor, folosirea unor flori p\u0103strate de la ritualuri religioase, arderea t\u0103m\u00e2iei, rug\u0103ciunile \u0219i m\u0103t\u0103niile \u00een fa\u021ba icoanelor. \u00cen unele tradi\u021bii sunt consemnate \u0219i clopotele bisericii, al c\u0103ror sunet avea rolul de a marca momentul \u0219i de a participa simbolic la restabilirea ordinii. :contentReference[oaicite:4]{index=4}<\/p>\n<p class=\"wp-block-paragraph\">Nu trebuie presupus c\u0103 toate aceste practici erau \u00eent\u00e2lnite simultan sau \u00een fiecare sat. Folclorul rom\u00e2nesc era puternic regionalizat, iar aceea\u0219i credin\u021b\u0103 putea avea variante diferite de la o zon\u0103 la alta.<\/p>\n<h2 class=\"wp-block-heading\">Ce leg\u0103tur\u0103 are Banatul cu aceste credin\u021be<\/h2>\n<p class=\"wp-block-paragraph\">Banatul are o particularitate important\u0103: tradi\u021bia sa popular\u0103 nu s-a format \u00eentr-un spa\u021biu cultural izolat.<\/p>\n<p class=\"wp-block-paragraph\">Cercet\u0103rile dedicate culturii populare b\u0103n\u0103\u021bene eviden\u021biaz\u0103 caracterul multicultural al regiunii \u0219i contactul \u00eendelungat dintre comunit\u0103\u021bi rom\u00e2ne\u0219ti, s\u00e2rbe, germane, maghiare, slovace, cehe \u0219i alte grupuri. Acest schimb cultural a influen\u021bat obiceiurile, calendarul popular \u0219i formele de exprimare ale tradi\u021biei locale. :contentReference[oaicite:5]{index=5}<\/p>\n<p class=\"wp-block-paragraph\">Tocmai de aceea, c\u00e2nd vorbim despre credin\u021bele b\u0103n\u0103\u021benilor privind fenomenele cere\u0219ti, este mai corect s\u0103 vorbim despre un fond de imaginar popular rom\u00e2nesc prezent \u0219i \u00een Banat, \u00eembog\u0103\u021bit de caracterul multicultural al regiunii, dec\u00e2t despre un set strict separat de \u201esupersti\u021bii b\u0103n\u0103\u021bene despre eclips\u0103\u201d.<\/p>\n<h2 class=\"wp-block-heading\">\u00cen satele din Banat, cerul f\u0103cea parte din via\u021ba comunit\u0103\u021bii<\/h2>\n<p class=\"wp-block-paragraph\">Rela\u021bia dintre om \u0219i cer ocupa un loc important \u00een vechea cultur\u0103 rural\u0103. Soarele, Luna, vremea, norii, r\u0103s\u0103ritul \u0219i apusul erau permanent observate \u0219i integrate \u00een via\u021ba gospod\u0103riei.<\/p>\n<p class=\"wp-block-paragraph\">\u00cen Banat, calendarul popular a avut un rol important \u00een organizarea vie\u021bii comunitare, reunind s\u0103rb\u0103tori religioase \u0219i elemente mai vechi, de origine arhaic\u0103. Studiile despre calendarul popular b\u0103n\u0103\u021bean subliniaz\u0103 tocmai aceast\u0103 suprapunere dintre vechi reprezent\u0103ri \u0219i cre\u0219tinism. :contentReference[oaicite:6]{index=6}<\/p>\n<p class=\"wp-block-paragraph\">Din acest univers f\u0103ceau parte \u0219i interpret\u0103rile fenomenelor neobi\u0219nuite de pe cer. O eclips\u0103, prin \u00eentunecarea ei brusc\u0103 \u0219i vizibil\u0103, era mult mai greu de integrat \u00een rutina obi\u0219nuit\u0103 dec\u00e2t un r\u0103s\u0103rit sau un apus.<\/p>\n<h2 class=\"wp-block-heading\">O monografie din zona Aradului p\u0103streaz\u0103 urme ale imaginarului despre eclipse<\/h2>\n<p class=\"wp-block-paragraph\">Un exemplu interesant din vestul \u021b\u0103rii apare \u00eentr-o monografie etnografic\u0103 dedicat\u0103 cartierului P\u00e2rneava din Arad. Documentul consemneaz\u0103 o credin\u021b\u0103 potrivit c\u0103reia un copil mort nebotezat se poate transforma \u00een v\u00e2rcolac \u0219i, \u00een timpul eclipsei de Lun\u0103, \u201em\u0103n\u00e2nc\u0103 din lun\u0103\u201d. :contentReference[oaicite:7]{index=7}<\/p>\n<p class=\"wp-block-paragraph\">Chiar dac\u0103 exemplul se refer\u0103 la eclipsa de Lun\u0103 \u0219i nu la cea de Soare, el este relevant pentru imaginarul popular din vestul \u021b\u0103rii: dispari\u021bia par\u021bial\u0103 sau total\u0103 a unui astru putea fi explicat\u0103 prin interven\u021bia unei fiin\u021be supranaturale.<\/p>\n<p class=\"wp-block-paragraph\">Astfel de consemn\u0103ri arat\u0103 c\u00e2t de puternic\u0103 era leg\u0103tura dintre fenomenele astronomice \u0219i mitologia satului.<\/p>\n<h2 class=\"wp-block-heading\">Nu toate credin\u021bele despre eclipse apar\u021bineau exclusiv Rom\u00e2niei<\/h2>\n<p class=\"wp-block-paragraph\">Interpretarea eclipselor prin mituri nu este o particularitate rom\u00e2neasc\u0103. Aproape toate marile culturi tradi\u021bionale au \u00eencercat s\u0103 explice \u00eentr-un fel sau altul dispari\u021bia temporar\u0103 a Soarelui sau a Lunii.<\/p>\n<p class=\"wp-block-paragraph\">\u00cen Rom\u00e2nia, \u00eens\u0103, imaginea v\u00e2rcolacului care \u201em\u0103n\u00e2nc\u0103\u201d astrul a devenit una dintre cele mai cunoscute reprezent\u0103ri folclorice. Aceast\u0103 credin\u021b\u0103 se \u00eenscria \u00eentr-un univers mai larg de reprezent\u0103ri despre lupta dintre lumin\u0103 \u0219i \u00eentuneric \u0219i despre necesitatea restabilirii echilibrului cosmic. :contentReference[oaicite:8]{index=8}<\/p>\n<h2 class=\"wp-block-heading\">De ce eclipsele au generat at\u00e2t de mult\u0103 team\u0103<\/h2>\n<p class=\"wp-block-paragraph\">Pentru omul tradi\u021bional, apari\u021bia eclipsei era greu de separat de experien\u021ba direct\u0103 a vie\u021bii.<\/p>\n<p class=\"wp-block-paragraph\">Lumina sc\u0103dea \u00een timpul zilei, comportamentul animalelor se putea modifica, iar atmosfera devenea neobi\u0219nuit\u0103. \u00cen lipsa unei explica\u021bii astronomice, toate aceste modific\u0103ri puteau fi interpretate ca semne c\u0103 lumea ie\u0219ise temporar din ordinea sa obi\u0219nuit\u0103.<\/p>\n<p class=\"wp-block-paragraph\">De aici apar \u0219i credin\u021bele privind nenorocirile care ar urma dup\u0103 eclips\u0103. Nu fenomenul astronomic \u00een sine era neap\u0103rat considerat \u201er\u0103u\u201d, ci ceea ce simboliza: o \u00eentrerupere a ordinii fire\u0219ti.<\/p>\n<h2 class=\"wp-block-heading\">De la frica de v\u00e2rcolaci la observa\u021bia prin telescoape<\/h2>\n<p class=\"wp-block-paragraph\">Diferen\u021ba dintre trecut \u0219i prezent este uria\u0219\u0103. Ast\u0103zi \u0219tim exact ce produce o eclips\u0103 \u0219i putem calcula cu mare precizie momentul \u00een care \u00eencepe, atinge maximul \u0219i se \u00eencheie.<\/p>\n<p class=\"wp-block-paragraph\">\u00cen vestul Rom\u00e2niei, interesul pentru eclipse se vede acum mai ales prin evenimentele organizate de cluburi de astronomie \u0219i prin observa\u021bii publice cu telescoape \u0219i filtre speciale. La eclipsa din martie 2025, de exemplu, zeci de oameni s-au adunat la Arad pentru observa\u021bii astronomice organizate de Astroclubul Galaxis. :contentReference[oaicite:9]{index=9}<\/p>\n<p class=\"wp-block-paragraph\">\u00cen locul rug\u0103ciunilor pentru ca lumina s\u0103 revin\u0103 \u0219i al temerii de v\u00e2rcolaci, oamenii privesc ast\u0103zi prin filtre solare \u0219i discut\u0103 despre orbitele Lunii \u0219i ale P\u0103m\u00e2ntului.<\/p>\n<h2 class=\"wp-block-heading\">O eclips\u0103 care p\u0103streaz\u0103 totu\u0219i ceva din misterul de odinioar\u0103<\/h2>\n<p class=\"wp-block-paragraph\">Chiar dac\u0103 explica\u021bia \u0219tiin\u021bific\u0103 a \u00eenlocuit vechile mituri, eclipsele continu\u0103 s\u0103 provoace uimire.<\/p>\n<p class=\"wp-block-paragraph\">Pentru Banat, unde tradi\u021biile populare au fost modelate de o istorie multicultural\u0103 \u0219i de o puternic\u0103 leg\u0103tur\u0103 dintre calendar, comunitate \u0219i natur\u0103, eclipsele reprezint\u0103 \u0219i o ocazie de a redescoperi felul \u00een care oamenii de alt\u0103dat\u0103 \u00een\u021belegeau lumea.<\/p>\n<p class=\"wp-block-paragraph\">Ast\u0103zi nu mai credem c\u0103 v\u00e2rcolacii m\u0103n\u00e2nc\u0103 Soarele \u0219i nici c\u0103 o eclips\u0103 anun\u021b\u0103 inevitabil r\u0103zboaie sau foamete. Dar pove\u0219tile r\u0103m\u00e2n importante, pentru c\u0103 p\u0103streaz\u0103 memoria unei epoci \u00een care cerul era nu doar observat, ci \u0219i interpretat, temut \u0219i respectat ca parte a vie\u021bii de zi cu zi.<\/p>\n<p class=\"wp-block-paragraph\"><em>Surse documentare: Dic\u021bionarul de Simboluri \u0219i Credin\u021be Tradi\u021bionale Rom\u00e2ne\u0219ti (CIMEC), studii etnografice despre cultura popular\u0103 \u0219i calendarul tradi\u021bional din Banat, monografia etnografic\u0103 a cartierului P\u00e2rneava din Arad \u0219i materiale documentare despre eclipse \u0219i folclorul rom\u00e2nesc.<\/em><\/p>\n<\/div>\n<footer>\n<div class=\"td-post-source-tags\">\n<ul class=\"td-tags td-post-small-box clearfix\">\n<li><span>ETICHETE<\/span><\/li>\n<li><a href=\"https:\/\/orasul-timisoara.ro\/local-tag\/astronomie\/\">astronomie<\/a><\/li>\n<li><a href=\"https:\/\/orasul-timisoara.ro\/local-tag\/banat\/\">banat<\/a><\/li>\n<li><a href=\"https:\/\/orasul-timisoara.ro\/local-tag\/credinte-populare\/\">credin\u021be populare<\/a><\/li>\n<li><a href=\"https:\/\/orasul-timisoara.ro\/local-tag\/cultura-populara\/\">cultur\u0103 popular\u0103<\/a><\/li>\n<li><a href=\"https:\/\/orasul-timisoara.ro\/local-tag\/eclipsa-de-soare\/\">eclips\u0103 de Soare<\/a><\/li>\n<li><a href=\"https:\/\/orasul-timisoara.ro\/local-tag\/folclor-romanesc\/\">folclor rom\u00e2nesc<\/a><\/li>\n<li><a href=\"https:\/\/orasul-timisoara.ro\/local-tag\/mitologie-romaneasca\/\">mitologie rom\u00e2neasc\u0103<\/a><\/li>\n<li><a href=\"https:\/\/orasul-timisoara.ro\/local-tag\/obiceiuri\/\">obiceiuri<\/a><\/li>\n<li><a href=\"https:\/\/orasul-timisoara.ro\/local-tag\/stiinta-2\/\">\u0218tiin\u021b\u0103<\/a><\/li>\n<li><a href=\"https:\/\/orasul-timisoara.ro\/local-tag\/superstitii\/\">supersti\u021bii<\/a><\/li>\n<li><a href=\"https:\/\/orasul-timisoara.ro\/local-tag\/timis-2\/\">timi\u0219<\/a><\/li>\n<li><a href=\"https:\/\/orasul-timisoara.ro\/local-tag\/traditii-banatene-2\/\">tradi\u021bii b\u0103n\u0103\u021bene<\/a><\/li>\n<li><a href=\"https:\/\/orasul-timisoara.ro\/local-tag\/traditii-romanesti\/\">tradi\u021bii rom\u00e2ne\u0219ti<\/a><\/li>\n<li><a href=\"https:\/\/orasul-timisoara.ro\/local-tag\/varcolaci\/\">v\u00e2rcolaci<\/a><\/li>\n<\/ul>\n<\/div>\n<div class=\"td-post-sharing-bottom\">\n<div class=\"td-post-sharing-classic\"><iframe title=\"bottomFacebookLike\" frameborder src=\"https:\/\/www.facebook.com\/plugins\/like.php?href=https:\/\/orasul-timisoara.ro\/local-40215\/&amp;layout=button_count&amp;show_faces=false&amp;width=105&amp;action=like&amp;colorscheme=light&amp;height=21\"><\/iframe><\/div>\n<div id=\"td_social_sharing_article_bottom\" class=\"td-post-sharing td-ps-bg td-ps-notext td-post-sharing-style1 \">\n<div class=\"td-post-sharing-visible\"><a class=\"td-social-sharing-button td-social-sharing-button-js td-social-network td-social-facebook\" href=\"https:\/\/www.facebook.com\/sharer.php?u=https%3A%2F%2Forasul-timisoara.ro%2Flocal-40215%2F\" title=\"Facebook\"><\/p>\n<div class=\"td-social-but-text\">Facebook<\/div>\n<p><\/a><a class=\"td-social-sharing-button td-social-sharing-button-js td-social-network td-social-twitter\" href=\"https:\/\/twitter.com\/intent\/tweet?text=Eclipsa+de+Soare+%C3%AEn+tradi%C8%9Bia+rom%C3%A2neasc%C4%83%3A+ce+credeau+oamenii+din+Banat&amp;url=https%3A%2F%2Forasul-timisoara.ro%2Flocal-40215%2F&amp;via=orasultm\" title=\"Twitter\"><\/p>\n<div class=\"td-social-but-text\">Twitter<\/div>\n<p><\/a><a class=\"td-social-sharing-button td-social-sharing-button-js td-social-network td-social-whatsapp\" href=\"https:\/\/api.whatsapp.com\/send?text=Eclipsa+de+Soare+%C3%AEn+tradi%C8%9Bia+rom%C3%A2neasc%C4%83%3A+ce+credeau+oamenii+din+Banat%20%0A%0A%20https:\/\/orasul-timisoara.ro\/local-40215\/\" title=\"WhatsApp\"><\/p>\n<div class=\"td-social-but-text\">WhatsApp<\/div>\n<p><\/a><a class=\"td-social-sharing-button td-social-sharing-button-js td-social-network td-social-linkedin\" href=\"https:\/\/www.linkedin.com\/shareArticle?mini=true&amp;url=https:\/\/orasul-timisoara.ro\/local-40215\/&amp;title=Eclipsa+de+Soare+%C3%AEn+tradi%C8%9Bia+rom%C3%A2neasc%C4%83%3A+ce+credeau+oamenii+din+Banat\" title=\"Linkedin\"><\/p>\n<div class=\"td-social-but-text\">Linkedin<\/div>\n<p><\/a><a class=\"td-social-sharing-button td-social-sharing-button-js td-social-network td-social-reddit\" href=\"https:\/\/reddit.com\/submit?url=https:\/\/orasul-timisoara.ro\/local-40215\/&amp;title=Eclipsa+de+Soare+%C3%AEn+tradi%C8%9Bia+rom%C3%A2neasc%C4%83%3A+ce+credeau+oamenii+din+Banat\" title=\"ReddIt\"><\/p>\n<div class=\"td-social-but-text\">ReddIt<\/div>\n<p><\/a><a class=\"td-social-sharing-button td-social-sharing-button-js td-social-network td-social-mail\" href=\"mailto:?subject=Eclipsa%20de%20Soare%20%C3%AEn%20tradi%C8%9Bia%20rom%C3%A2neasc%C4%83:%20ce%20credeau%20oamenii%20din%20Banat&amp;body=https:\/\/orasul-timisoara.ro\/local-40215\/\" title=\"Email\"><\/p>\n<div class=\"td-social-but-text\">Email<\/div>\n<p><\/a><a class=\"td-social-sharing-button td-social-sharing-button-js td-social-network td-social-print\" href=\"https:\/\/orasul-timisoara.ro\/local-40215\/\" title=\"Imprimare\"><\/p>\n<div class=\"td-social-but-text\">Imprimare<\/div>\n<p><\/a><\/div>\n<\/div>\n<\/div>\n<div class=\"td-block-row td-post-next-prev\">\n<div class=\"td-block-span6 td-post-prev-post\">\n<div class=\"td-post-next-prev-content\"><span>Articolul precedent<\/span><a href=\"https:\/\/orasul-timisoara.ro\/local-40210\/\">Spectacol pe cer la Timi\u0219oara. Eclipsa de Soare \u00eencepe la 20:24<\/a><\/div>\n<\/div>\n<div class=\"td-block-span6 td-post-next-post\">\n<div class=\"td-post-next-prev-content\"><span>Articolul urm\u0103tor<\/span><a href=\"https:\/\/orasul-timisoara.ro\/local-40220\/\">Eclipsele de Soare la Timi\u0219oara: c\u00e2nd au fost \u0219i c\u00e2nd urmeaz\u0103<\/a><\/div>\n<\/div>\n<\/div>\n<div class=\"td-author-name vcard author\"><span class=\"fn\"><a href=\"https:\/\/orasul-timisoara.ro\/author\/timisoara\/\">redactia<\/a><\/span><\/div>\n<p><span class=\"td-page-meta\"><\/span><span class=\"td-page-meta\"><span class=\"td-page-meta\"><\/span><\/span><span class=\"td-page-meta\"><\/span><\/footer>\n<div class=\"td_block_wrap td_block_related_posts tdi_3 td_with_ajax_pagination td-pb-border-top td_block_template_8\" data-td-block-uid=\"tdi_3\">\n<h4 class=\"td-related-title td-block-title\"><a id=\"tdi_4\" class=\"td-related-left td-cur-simple-item\" data-td_filter_value data-td_block_id=\"tdi_3\" href=\"https:\/\/orasul-timisoara.ro\/local-40215\/\">ARTICOLE SIMILARE<\/a><a id=\"tdi_5\" class=\"td-related-right\" data-td_filter_value=\"td_related_more_from_author\" data-td_block_id=\"tdi_3\" href=\"https:\/\/orasul-timisoara.ro\/local-40215\/\">DE LA ACELA\u0218I AUTOR<\/a><\/h4>\n<div id=\"tdi_3\" class=\"td_block_inner\">\n<div class=\"td-related-row\">\n<div class=\"td-related-span4\">\n<div class=\"td_module_related_posts td-animation-stack td_mod_related_posts\">\n<div class=\"td-module-image\">\n<div class=\"td-module-thumb\"><a href=\"https:\/\/orasul-timisoara.ro\/local-40226\/\" rel=\"bookmark\" class=\"td-image-wrap \" title=\"Medicul oftalmolog Alexandra Preda avertizeaz\u0103: Nu privi\u021bi eclipsa de Soare cu ochiul liber\"><img loading=\"lazy\" decoding=\"async\" class=\"entry-thumb\" src=\"https:\/\/orasul-timisoara.ro\/wp-content\/uploads\/2026\/08\/slrexandra-preda-catedrala-436x300.jpg\" alt title=\"Medicul oftalmolog Alexandra Preda avertizeaz\u0103: Nu privi\u021bi eclipsa de Soare cu ochiul liber\" width=\"218\" height=\"150\"><\/a><\/div>\n<\/div>\n<div class=\"item-details\">\n<h3 class=\"entry-title td-module-title\"><a href=\"https:\/\/orasul-timisoara.ro\/local-40226\/\" rel=\"bookmark\" title=\"Medicul oftalmolog Alexandra Preda avertizeaz\u0103: Nu privi\u021bi eclipsa de Soare cu ochiul liber\">Medicul oftalmolog Alexandra Preda avertizeaz\u0103: Nu privi\u021bi eclipsa de Soare cu ochiul liber<\/a><\/h3>\n<\/div>\n<\/div>\n<\/div>\n<div class=\"td-related-span4\">\n<div class=\"td_module_related_posts td-animation-stack td_mod_related_posts\">\n<div class=\"td-module-image\">\n<div class=\"td-module-thumb\"><a href=\"https:\/\/orasul-timisoara.ro\/local-40223\/\" rel=\"bookmark\" class=\"td-image-wrap \" title=\"Eclipsele totale de Soare din zona Timi\u0219oarei: din anul 840 p\u00e2n\u0103 \u00een 2081\"><img loading=\"lazy\" decoding=\"async\" class=\"entry-thumb\" src=\"https:\/\/orasul-timisoara.ro\/wp-content\/uploads\/2026\/08\/piata-unirii-eclipsa-436x300.jpg\" alt title=\"Eclipsele totale de Soare din zona Timi\u0219oarei: din anul 840 p\u00e2n\u0103 \u00een 2081\" width=\"218\" height=\"150\"><\/a><\/div>\n<\/div>\n<div class=\"item-details\">\n<h3 class=\"entry-title td-module-title\"><a href=\"https:\/\/orasul-timisoara.ro\/local-40223\/\" rel=\"bookmark\" title=\"Eclipsele totale de Soare din zona Timi\u0219oarei: din anul 840 p\u00e2n\u0103 \u00een 2081\">Eclipsele totale de Soare din zona Timi\u0219oarei: din anul 840 p\u00e2n\u0103 \u00een 2081<\/a><\/h3>\n<\/div>\n<\/div>\n<\/div>\n<div class=\"td-related-span4\">\n<div class=\"td_module_related_posts td-animation-stack td_mod_related_posts\">\n<div class=\"td-module-image\">\n<div class=\"td-module-thumb\"><a href=\"https:\/\/orasul-timisoara.ro\/local-40220\/\" rel=\"bookmark\" class=\"td-image-wrap \" title=\"Eclipsele de Soare la Timi\u0219oara: c\u00e2nd au fost \u0219i c\u00e2nd urmeaz\u0103\"><img loading=\"lazy\" decoding=\"async\" class=\"entry-thumb\" src=\"https:\/\/orasul-timisoara.ro\/wp-content\/uploads\/2026\/08\/cer-timisorean-cu-eclipse-436x300.jpg\" alt title=\"Eclipsele de Soare la Timi\u0219oara: c\u00e2nd au fost \u0219i c\u00e2nd urmeaz\u0103\" width=\"218\" height=\"150\"><\/a><\/div>\n<\/div>\n<div class=\"item-details\">\n<h3 class=\"entry-title td-module-title\"><a href=\"https:\/\/orasul-timisoara.ro\/local-40220\/\" rel=\"bookmark\" title=\"Eclipsele de Soare la Timi\u0219oara: c\u00e2nd au fost \u0219i c\u00e2nd urmeaz\u0103\">Eclipsele de Soare la Timi\u0219oara: c\u00e2nd au fost \u0219i c\u00e2nd urmeaz\u0103<\/a><\/h3>\n<\/div>\n<\/div>\n<\/div>\n<\/div>\n<\/div>\n<\/div>\n<div class=\"comments\" id=\"comments\">\n<div id=\"respond\" class=\"comment-respond\">\n<h3 id=\"reply-title\" class=\"comment-reply-title\">L\u0102SA\u021aI UN MESAJ<\/h3>\n<div class=\"comment-form-input-wrap td-form-comment\">\n<div class=\"td-warning-comment\">V\u0103 rug\u0103m s\u0103 introduce\u021bi comentariul dvs.!<\/div>\n<\/div>\n<div class=\"comment-form-input-wrap td-form-author\">\n<div class=\"td-warning-author\">Introduce\u021bi aici numele dvs.<\/div>\n<\/div>\n<div class=\"comment-form-input-wrap td-form-email\">\n<div class=\"td-warning-email-error\">A\u021bi introdus o adres\u0103 de e-mail incorect\u0103!<\/div>\n<div class=\"td-warning-email\">V\u0103 rug\u0103m s\u0103 introduce\u021bi adresa dvs. de e-mail aici<\/div>\n<\/div>\n<\/div>\n<p class=\"akismet_comment_form_privacy_notice\">Acest site folose\u0219te Akismet pentru a reduce spamul. <a href=\"https:\/\/akismet.com\/privacy\/\" target=\"_blank\" rel=\"nofollow noopener\">Afl\u0103 cum sunt procesate datele comentariilor tale<\/a>.<\/p>\n<\/div>\n<\/div>\n<\/div>\n<div class=\"td-pb-span4 td-main-sidebar\" role=\"complementary\">\n<div class=\"td-ss-main-sidebar\">\n<aside id=\"block-4\" class=\"td_block_template_8 widget block-4 widget_block widget_media_image\">\n<figure class=\"wp-block-image size-full\"><img loading=\"lazy\" decoding=\"async\" width=\"336\" height=\"280\" src=\"https:\/\/orasul-timisoara.ro\/wp-content\/uploads\/2024\/11\/ReTIM-Abonamentul-Verde-Google-Ads-336x280px.gif\" alt class=\"wp-image-29257\"><\/figure>\n<\/aside>\n<div class=\"td_block_wrap td_block_social_counter td_block_widget tdi_6 td-social-style5 td-social-boxed td-pb-border-top td_block_template_8\">\n<div class=\"td-block-title-wrap\">\n<h4 class=\"td-block-title\"><span>Urm\u0103re\u0219te-ne pe Social Media<\/span><\/h4>\n<\/div>\n<div class=\"td-social-list\">\n<div class=\"td_social_type td-pb-margin-side td_social_facebook\">\n<div class=\"td-social-box\"><span class=\"td_social_info td_social_info_counter\">344,595<\/span><span class=\"td_social_info td_social_info_name\">Fani<\/span><span class=\"td_social_button\"><a href=\"https:\/\/www.facebook.com\/247timisoara\" target=\"_blank\" rel=\"nofollow\">\u00cemi place<\/a><\/span><\/div>\n<\/div>\n<div class=\"td_social_type td-pb-margin-side td_social_instagram\">\n<div class=\"td-social-box\"><span class=\"td_social_info td_social_info_counter\">4,416<\/span><span class=\"td_social_info td_social_info_name\">Cititori<\/span><span class=\"td_social_button\"><a href=\"https:\/\/instagram.com\/orasultimisoararo\/\" target=\"_blank\" rel=\"nofollow\">Conecta\u021bi-v\u0103<\/a><\/span><\/div>\n<\/div>\n<div class=\"td_social_type td-pb-margin-side td_social_rss\">\n<div class=\"td-social-box\"><span class=\"td_social_info td_social_info_counter\">12,506<\/span><span class=\"td_social_info td_social_info_name\">Cititori<\/span><span class=\"td_social_button\"><a href=\"https:\/\/orasul-timisoara.ro\/feed\/\" target=\"_blank\" rel=\"nofollow\">Conecta\u021bi-v\u0103<\/a><\/span><\/div>\n<\/div>\n<div class=\"td_social_type td-pb-margin-side td_social_tiktok\">\n<div class=\"td-social-box\"><span class=\"td_social_info td_social_info_counter\">1,500<\/span><span class=\"td_social_info td_social_info_name\">Cititori<\/span><span class=\"td_social_button\"><a href=\"https:\/\/www.tiktok.com\/@orasultimisoara\" target=\"_blank\" rel=\"nofollow\">Conecta\u021bi-v\u0103<\/a><\/span><\/div>\n<\/div>\n<div class=\"td_social_type td-pb-margin-side td_social_twitter\">\n<div class=\"td-social-box\"><span class=\"td_social_info td_social_info_counter\">1,595<\/span><span class=\"td_social_info td_social_info_name\">Cititori<\/span><span class=\"td_social_button\"><a href=\"https:\/\/twitter.com\/orasultm\" target=\"_blank\" rel=\"nofollow\">Conecta\u021bi-v\u0103<\/a><\/span><\/div>\n<\/div>\n<div class=\"td_social_type td-pb-margin-side td_social_youtube\">\n<div class=\"td-social-box\"><span class=\"td_social_info td_social_info_counter\">3,506<\/span><span class=\"td_social_info td_social_info_name\">Abona\u021bi<\/span><span class=\"td_social_button\"><a href=\"https:\/\/www.youtube.com\/channel\/UCQNsQvs2XCSIm1Z-AHRturw?sub_confirmation=1\" target=\"_blank\" rel=\"nofollow\">Abona\u021bi-v\u0103<\/a><\/span><\/div>\n<\/div>\n<\/div>\n<\/div>\n<aside id=\"text-7\" class=\"td_block_template_8 widget text-7 widget_text\">\n<h4 class=\"td-block-title\"><span>C\u0103ut\u0103ri populare pe OTM<\/span><\/h4>\n<div class=\"textwidget\"><a href=\"https:\/\/orasul-timisoara.ro\/?s=timisoara\"><span>Timisoara<\/span><\/a><a href=\"https:\/\/orasul-timisoara.ro\/?s=calin+dobra\"><span>Calin Dobra<\/span><\/a><a href=\"https:\/\/orasul-timisoara.ro\/?s=primaria+timisoara\"><span>Primaria Timisoara<\/span><\/a><a href=\"https:\/\/orasul-timisoara.ro\/?s=dominic+fritz\"><span>Dominic Fritz<\/span><\/a><a href=\"https:\/\/orasul-timisoara.ro\/?s=nicolae+robu\"><span>Nicolae Robu<\/span><\/a><a href=\"https:\/\/orasul-timisoara.ro\/?s=consiliul+local+timisoara\">Consiliul Local Timisoara<\/a><a href=\"https:\/\/orasul-timisoara.ro\/?s=consiliul+judetean+timis\"><span>Consiliul Judetean Timis<\/span><\/a><a href=\"https:\/\/orasul-timisoara.ro\/?s=cjt\"><span>CJT<\/span><\/a><a href=\"https:\/\/orasul-timisoara.ro\/?s=Alfred+Simonis\"><span>Alfred Simonis<\/span><\/a><a href=\"https:\/\/orasul-timisoara.ro\/?s=PNL\"><span>PNL<\/span><\/a><a href=\"https:\/\/orasul-timisoara.ro\/?s=coronavirus\"><span>coronavirus<\/span><\/a><a href=\"https:\/\/orasul-timisoara.ro\/?s=teatru+timisoara\">teatru Timisoara<\/a><a href=\"https:\/\/orasul-timisoara.ro\/?s=restaurante\"><span>restaurante Timisoara<\/span><\/a><a href=\"https:\/\/orasul-timisoara.ro\/?s=diskoteka\"><span>Diskoteka<\/span><\/a><a href=\"https:\/\/orasul-timisoara.ro\/?s=iulius+town\"><span>Iulius Town<\/span><\/a><a href=\"https:\/\/orasul-timisoara.ro\/?s=iulius+mall\"><span>Iulius Mall<\/span><\/a><a href=\"https:\/\/orasul-timisoara.ro\/?s=stpt\"><span>STPT<\/span><\/a><a href=\"https:\/\/orasul-timisoara.ro\/?s=alin+nica\"><span>Alin Nica<\/span><\/a><a href=\"https:\/\/orasul-timisoara.ro\/?s=psd\"><span>PSD<\/span><\/a><a href=\"https:\/\/orasul-timisoara.ro\/?s=aeroport\"><span>Aeroportul International Timisoara<\/span><\/a><a href=\"https:\/\/orasul-timisoara.ro\/?s=babes\"><span>Spitalul Victor Babes Timisoara<\/span><\/a><a href=\"https:\/\/orasul-timisoara.ro\/?s=poli\"><span>Poli Timi\u0219oara<\/span><\/a><a href=\"https:\/\/orasul-timisoara.ro\/?s=carantina\"><span>carantina<\/span><\/a><a href=\"https:\/\/orasul-timisoara.ro\/?s=aquatim\"><span>Aquatim<\/span><\/a><a href=\"https:\/\/orasul-timisoara.ro\/local-category\/stiri-timisoara\/\"><span>Stiri Timisoara<\/span><\/a><a href=\"https:\/\/orasul-timisoara.ro\/local-category\/investitii-in-timisoara\/\"><span>Investi\u021bii in Timi\u0219oara<\/span><\/a><a href=\"https:\/\/orasul-timisoara.ro\/local-9463\/\"><span>shaorma<\/span><\/a><a href=\"https:\/\/orasul-timisoara.ro\/?s=trafic\"><span>trafic rutier<\/span><\/a><a href=\"https:\/\/orasul-timisoara.ro\/?s=politia\"><span>politia locala timisoara<\/span><\/a><a href=\"https:\/\/orasul-timisoara.ro\/?s=roxana\"><span>Roxana Iliescu<\/span><\/a><a href=\"https:\/\/orasul-timisoara.ro\/?s=colterm\"><span>Colterm<\/span><\/a><a href=\"https:\/\/orasul-timisoara.ro\/?s=latcau\"><span>Ruben La\u021bc\u0103u<\/span><\/a><a href=\"https:\/\/orasul-timisoara.ro\/?s=timis\"><span>\u0218tiri din Timi\u0219<\/span><\/a><a href=\"https:\/\/orasul-timisoara.ro\/?s=spital\"><span>Spitale din Timi\u0219oara<\/span><\/a><a href=\"https:\/\/orasul-timisoara.ro\/?s=tabara\"><span>Cosmin Tab\u0103r\u0103<\/span><\/a><\/div>\n<\/aside>\n<aside id=\"rss-2\" class=\"td_block_template_8 widget rss-2 widget_rss\">\n<h4 class=\"td-block-title\"><span><a class=\"rsswidget rss-widget-feed\" href=\"https:\/\/fashionfridays.ro\/feed\"><img decoding=\"async\" class=\"rss-widget-icon\" width=\"14\" height=\"14\" src=\"https:\/\/orasul-timisoara.ro\/wp-includes\/images\/rss.png\" alt=\"RSS\" loading=\"lazy\"><\/a><a class=\"rsswidget rss-widget-title\" href=\"https:\/\/fashionfridays.ro\/\">Fashion Fridays<\/a><\/span><\/h4>\n<ul>\n<li><a class=\"rsswidget\" href=\"https:\/\/fashionfridays.ro\/romania-devine-a-29-a-piata-vogue-o-noua-era-pentru-industria-locala-de-moda\/\">Rom\u00e2nia devine a 29-a pia\u021b\u0103 Vogue: o nou\u0103 er\u0103 pentru industria local\u0103 de mod\u0103<\/a>\n<div class=\"rssSummary\">Revista Vogue \u00ee\u0219i extinde prezen\u021ba global\u0103 \u0219i va fi lansat\u0103 oficial \u00een Rom\u00e2nia \u00een prim\u0103vara anului 2027, marc\u00e2nd intrarea pe cea de-a 29-a pia\u021b\u0103 interna\u021bional\u0103. Proiectul este realizat \u00een parteneriat cu AEMME Publishing, o companie media recent \u00eenfiin\u021bat\u0103, care va publica edi\u021bia local\u0103 sub licen\u021b\u0103. Noua edi\u021bie, Vogue Rom\u00e2nia, \u00ee\u0219i propune s\u0103 combine autoritatea global\u0103 [\u2026]<\/div>\n<\/li>\n<\/ul>\n<\/aside>\n<aside id=\"rss-4\" class=\"td_block_template_8 widget rss-4 widget_rss\">\n<h4 class=\"td-block-title\"><span><a class=\"rsswidget rss-widget-feed\" href=\"https:\/\/emasini.ro\/feed\"><img decoding=\"async\" class=\"rss-widget-icon\" width=\"14\" height=\"14\" src=\"https:\/\/orasul-timisoara.ro\/wp-includes\/images\/rss.png\" alt=\"RSS\" loading=\"lazy\"><\/a><a class=\"rsswidget rss-widget-title\" href=\"https:\/\/emasini.ro\/\">eMasini<\/a><\/span><\/h4>\n<ul>\n<li><a class=\"rsswidget\" href=\"https:\/\/emasini.ro\/bmw-testeaza-noul-i4-convertible-primul-cabrio-electric-accesibil-al-marcii\/\">BMW testeaz\u0103 noul i4 Convertible, primul cabrio electric accesibil al m\u0103rcii<\/a>\n<div class=\"rssSummary\">BMW accelereaz\u0103 dezvoltarea noii genera\u021bii de modele electrice bazate pe platforma Neue Klasse, iar unul dintre cele mai interesante proiecte aflate \u00een teste este viitorul BMW i4 Convertible. Prototipul camuflat a fost surprins pe \u0219osele, confirm\u00e2nd c\u0103 produc\u0103torul german preg\u0103te\u0219te o decapotabil\u0103 electric\u0103 destinat\u0103 unui segment \u00een care oferta este, \u00een prezent, extrem de limitat\u0103. [\u2026]<\/div>\n<\/li>\n<\/ul>\n<\/aside>\n<\/div>\n<\/div>\n<\/div>\n<\/div>\n<\/article>\n<div class=\"td-post-content tagdiv-type\">\n<p class=\"wp-block-paragraph\">Eclipsa de Soare \u00een tradi\u021bia rom\u00e2neasc\u0103. Ce credeau oamenii din Banat despre cerul care se \u00eentuneca<\/p>\n<p class=\"wp-block-paragraph\">Eclipsele de Soare au fost privite mult timp nu doar ca fenomene cere\u0219ti, ci \u0219i ca \u00eent\u00e2mpl\u0103ri cu o puternic\u0103 \u00eenc\u0103rc\u0103tur\u0103 simbolic\u0103. \u00cen lumea satului rom\u00e2nesc, \u00eentunecarea brusc\u0103 a Soarelui putea fi interpretat\u0103 drept un semn venit din lumea nev\u0103zut\u0103, o avertizare sau chiar o pedeaps\u0103 divin\u0103, iar \u00een jurul fenomenului s-au construit credin\u021be despre v\u00e2rcolaci, r\u0103ul care amenin\u021b\u0103 ordinea lumii \u0219i nevoia oamenilor de a readuce lumina.<\/p>\n<p class=\"wp-block-paragraph\">\u00cen Banat, unde tradi\u021bia popular\u0103 s-a format \u00eentr-un spa\u021biu multicultural \u0219i \u00een contact cu influen\u021be rom\u00e2ne\u0219ti, sud-slave \u0219i central-europene, astfel de reprezent\u0103ri trebuie privite \u00een contextul mai larg al imaginarului tradi\u021bional. Cercet\u0103rile etnografice arat\u0103 c\u0103 lumea satului b\u0103n\u0103\u021bean a p\u0103strat un calendar popular bogat, \u00een care credin\u021bele vechi s-au suprapus adesea peste s\u0103rb\u0103torile cre\u0219tine \u0219i peste practicile comunitare. Nu exist\u0103 \u00eens\u0103 un \u201eritual b\u0103n\u0103\u021bean al eclipsei\u201d unic \u0219i uniform atestat pentru toate satele, iar multe dintre credin\u021bele despre eclipse apar\u021bin folclorului rom\u00e2nesc \u00een ansamblu. :contentReference[oaicite:0]{index=0}<\/p>\n<h2 class=\"wp-block-heading\">Soarele, mai mult dec\u00e2t un simplu astru \u00een lumea satului<\/h2>\n<p class=\"wp-block-paragraph\">\u00cen mentalitatea tradi\u021bional\u0103 rom\u00e2neasc\u0103, Soarele avea un statut aparte. Nu era privit doar ca surs\u0103 de lumin\u0103 \u0219i c\u0103ldur\u0103, ci ca o prezen\u021b\u0103 cu caracter sacru, iar \u00een numeroase regiuni era asociat cu via\u021ba, ordinea lumii \u0219i bun\u0103starea gospod\u0103riei.<\/p>\n<p class=\"wp-block-paragraph\">Dic\u021bionarul de Simboluri \u0219i Credin\u021be Tradi\u021bionale Rom\u00e2ne\u0219ti consemneaz\u0103 numeroase norme \u0219i interdic\u021bii legate de Soare: de la momentul \u00een care oamenii trebuiau s\u0103 se trezeasc\u0103 p\u00e2n\u0103 la reguli privind lucrurile care nu trebuiau f\u0103cute la r\u0103s\u0103rit sau la apus. \u00cen unele comunit\u0103\u021bi, Soarele era chiar personificat \u0219i considerat \u201efiin\u021ba cea mai mare cereasc\u0103\u201d. :contentReference[oaicite:1]{index=1}<\/p>\n<p class=\"wp-block-paragraph\">\u00centr-o asemenea concep\u021bie asupra lumii, dispari\u021bia brusc\u0103 a luminii solare nu putea fi perceput\u0103 ca un eveniment lipsit de semnifica\u021bie.<\/p>\n<h2 class=\"wp-block-heading\">Cine \u201em\u00e2nca\u201d Soarele \u00een timpul eclipsei<\/h2>\n<p class=\"wp-block-paragraph\">Una dintre cele mai r\u0103sp\u00e2ndite explica\u021bii folclorice rom\u00e2ne\u0219ti pentru eclips\u0103 era legat\u0103 de v\u00e2rcolaci.<\/p>\n<p class=\"wp-block-paragraph\">Potrivit consemn\u0103rilor etnografice, se credea c\u0103 Soarele este \u201em\u00e2ncat\u201d de v\u00e2rcolaci, credin\u021b\u0103 \u00eent\u00e2lnit\u0103 \u0219i \u00een cazul eclipselor de Lun\u0103. \u00cen alte variante, fenomenul era pus pe seama unor for\u021be demonice sau era interpretat ca rezultat al m\u00e2niei divine. :contentReference[oaicite:2]{index=2}<\/p>\n<p class=\"wp-block-paragraph\">Imaginea este una extrem de puternic\u0103: un astru considerat sacru \u00ee\u0219i pierde lumina nu din cauza unei configura\u021bii astronomice, ci pentru c\u0103 este atacat de fiin\u021be supranaturale. Pentru comunit\u0103\u021bile tradi\u021bionale, \u00een care explica\u021bia \u0219tiin\u021bific\u0103 a fenomenului nu era accesibil\u0103, aceast\u0103 interpretare oferea o explica\u021bie coerent\u0103 \u00een interiorul propriului univers de credin\u021be.<\/p>\n<h2 class=\"wp-block-heading\">Eclipsa putea fi v\u0103zut\u0103 ca un avertisment<\/h2>\n<p class=\"wp-block-paragraph\">\u00cen folclorul rom\u00e2nesc, eclipsele au fost asociate \u0219i cu ideea de avertisment sau de pedeaps\u0103.<\/p>\n<p class=\"wp-block-paragraph\">Consemn\u0103rile etnografice noteaz\u0103 credin\u021ba c\u0103 o eclips\u0103 de Soare putea fi rezultatul m\u00e2niei lui Dumnezeu \u0219i c\u0103 fenomenul putea prevesti nenorociri precum r\u0103zboaie, secet\u0103, epidemii sau foamete. Cu c\u00e2t evenimentul era perceput ca mai rar \u0219i mai spectaculos, cu at\u00e2t \u00eenc\u0103rc\u0103tura lui simbolic\u0103 putea fi mai puternic\u0103. :contentReference[oaicite:3]{index=3}<\/p>\n<p class=\"wp-block-paragraph\">Este important \u00eens\u0103 ca aceste reprezent\u0103ri s\u0103 fie \u00een\u021belese ca elemente ale culturii tradi\u021bionale \u0219i nu ca \u201epredic\u021bii\u201d \u00een sensul modern al cuv\u00e2ntului.<\/p>\n<h2 class=\"wp-block-heading\">Rug\u0103ciuni, lum\u00e2n\u0103ri \u0219i clopote \u00eempotriva r\u0103ului<\/h2>\n<p class=\"wp-block-paragraph\">\u00cen fa\u021ba unei eclipse, r\u0103spunsul tradi\u021bional nu era \u00eentotdeauna unul pasiv. Unele consemn\u0103ri descriu practici prin care oamenii \u00eencercau simbolic s\u0103 \u00eendep\u0103rteze r\u0103ul \u0219i s\u0103 refac\u0103 ordinea pierdut\u0103.<\/p>\n<p class=\"wp-block-paragraph\">Printre acestea apar aprinderea lum\u00e2n\u0103rilor, folosirea unor flori p\u0103strate de la ritualuri religioase, arderea t\u0103m\u00e2iei, rug\u0103ciunile \u0219i m\u0103t\u0103niile \u00een fa\u021ba icoanelor. \u00cen unele tradi\u021bii sunt consemnate \u0219i clopotele bisericii, al c\u0103ror sunet avea rolul de a marca momentul \u0219i de a participa simbolic la restabilirea ordinii. :contentReference[oaicite:4]{index=4}<\/p>\n<p class=\"wp-block-paragraph\">Nu trebuie presupus c\u0103 toate aceste practici erau \u00eent\u00e2lnite simultan sau \u00een fiecare sat. Folclorul rom\u00e2nesc era puternic regionalizat, iar aceea\u0219i credin\u021b\u0103 putea avea variante diferite de la o zon\u0103 la alta.<\/p>\n<h2 class=\"wp-block-heading\">Ce leg\u0103tur\u0103 are Banatul cu aceste credin\u021be<\/h2>\n<p class=\"wp-block-paragraph\">Banatul are o particularitate important\u0103: tradi\u021bia sa popular\u0103 nu s-a format \u00eentr-un spa\u021biu cultural izolat.<\/p>\n<p class=\"wp-block-paragraph\">Cercet\u0103rile dedicate culturii populare b\u0103n\u0103\u021bene eviden\u021biaz\u0103 caracterul multicultural al regiunii \u0219i contactul \u00eendelungat dintre comunit\u0103\u021bi rom\u00e2ne\u0219ti, s\u00e2rbe, germane, maghiare, slovace, cehe \u0219i alte grupuri. Acest schimb cultural a influen\u021bat obiceiurile, calendarul popular \u0219i formele de exprimare ale tradi\u021biei locale. :contentReference[oaicite:5]{index=5}<\/p>\n<p class=\"wp-block-paragraph\">Tocmai de aceea, c\u00e2nd vorbim despre credin\u021bele b\u0103n\u0103\u021benilor privind fenomenele cere\u0219ti, este mai corect s\u0103 vorbim despre un fond de imaginar popular rom\u00e2nesc prezent \u0219i \u00een Banat, \u00eembog\u0103\u021bit de caracterul multicultural al regiunii, dec\u00e2t despre un set strict separat de \u201esupersti\u021bii b\u0103n\u0103\u021bene despre eclips\u0103\u201d.<\/p>\n<h2 class=\"wp-block-heading\">\u00cen satele din Banat, cerul f\u0103cea parte din via\u021ba comunit\u0103\u021bii<\/h2>\n<p class=\"wp-block-paragraph\">Rela\u021bia dintre om \u0219i cer ocupa un loc important \u00een vechea cultur\u0103 rural\u0103. Soarele, Luna, vremea, norii, r\u0103s\u0103ritul \u0219i apusul erau permanent observate \u0219i integrate \u00een via\u021ba gospod\u0103riei.<\/p>\n<p class=\"wp-block-paragraph\">\u00cen Banat, calendarul popular a avut un rol important \u00een organizarea vie\u021bii comunitare, reunind s\u0103rb\u0103tori religioase \u0219i elemente mai vechi, de origine arhaic\u0103. Studiile despre calendarul popular b\u0103n\u0103\u021bean subliniaz\u0103 tocmai aceast\u0103 suprapunere dintre vechi reprezent\u0103ri \u0219i cre\u0219tinism. :contentReference[oaicite:6]{index=6}<\/p>\n<p class=\"wp-block-paragraph\">Din acest univers f\u0103ceau parte \u0219i interpret\u0103rile fenomenelor neobi\u0219nuite de pe cer. O eclips\u0103, prin \u00eentunecarea ei brusc\u0103 \u0219i vizibil\u0103, era mult mai greu de integrat \u00een rutina obi\u0219nuit\u0103 dec\u00e2t un r\u0103s\u0103rit sau un apus.<\/p>\n<h2 class=\"wp-block-heading\">O monografie din zona Aradului p\u0103streaz\u0103 urme ale imaginarului despre eclipse<\/h2>\n<p class=\"wp-block-paragraph\">Un exemplu interesant din vestul \u021b\u0103rii apare \u00eentr-o monografie etnografic\u0103 dedicat\u0103 cartierului P\u00e2rneava din Arad. Documentul consemneaz\u0103 o credin\u021b\u0103 potrivit c\u0103reia un copil mort nebotezat se poate transforma \u00een v\u00e2rcolac \u0219i, \u00een timpul eclipsei de Lun\u0103, \u201em\u0103n\u00e2nc\u0103 din lun\u0103\u201d. :contentReference[oaicite:7]{index=7}<\/p>\n<p class=\"wp-block-paragraph\">Chiar dac\u0103 exemplul se refer\u0103 la eclipsa de Lun\u0103 \u0219i nu la cea de Soare, el este relevant pentru imaginarul popular din vestul \u021b\u0103rii: dispari\u021bia par\u021bial\u0103 sau total\u0103 a unui astru putea fi explicat\u0103 prin interven\u021bia unei fiin\u021be supranaturale.<\/p>\n<p class=\"wp-block-paragraph\">Astfel de consemn\u0103ri arat\u0103 c\u00e2t de puternic\u0103 era leg\u0103tura dintre fenomenele astronomice \u0219i mitologia satului.<\/p>\n<h2 class=\"wp-block-heading\">Nu toate credin\u021bele despre eclipse apar\u021bineau exclusiv Rom\u00e2niei<\/h2>\n<p class=\"wp-block-paragraph\">Interpretarea eclipselor prin mituri nu este o particularitate rom\u00e2neasc\u0103. Aproape toate marile culturi tradi\u021bionale au \u00eencercat s\u0103 explice \u00eentr-un fel sau altul dispari\u021bia temporar\u0103 a Soarelui sau a Lunii.<\/p>\n<p class=\"wp-block-paragraph\">\u00cen Rom\u00e2nia, \u00eens\u0103, imaginea v\u00e2rcolacului care \u201em\u0103n\u00e2nc\u0103\u201d astrul a devenit una dintre cele mai cunoscute reprezent\u0103ri folclorice. Aceast\u0103 credin\u021b\u0103 se \u00eenscria \u00eentr-un univers mai larg de reprezent\u0103ri despre lupta dintre lumin\u0103 \u0219i \u00eentuneric \u0219i despre necesitatea restabilirii echilibrului cosmic. :contentReference[oaicite:8]{index=8}<\/p>\n<h2 class=\"wp-block-heading\">De ce eclipsele au generat at\u00e2t de mult\u0103 team\u0103<\/h2>\n<p class=\"wp-block-paragraph\">Pentru omul tradi\u021bional, apari\u021bia eclipsei era greu de separat de experien\u021ba direct\u0103 a vie\u021bii.<\/p>\n<p class=\"wp-block-paragraph\">Lumina sc\u0103dea \u00een timpul zilei, comportamentul animalelor se putea modifica, iar atmosfera devenea neobi\u0219nuit\u0103. \u00cen lipsa unei explica\u021bii astronomice, toate aceste modific\u0103ri puteau fi interpretate ca semne c\u0103 lumea ie\u0219ise temporar din ordinea sa obi\u0219nuit\u0103.<\/p>\n<p class=\"wp-block-paragraph\">De aici apar \u0219i credin\u021bele privind nenorocirile care ar urma dup\u0103 eclips\u0103. Nu fenomenul astronomic \u00een sine era neap\u0103rat considerat \u201er\u0103u\u201d, ci ceea ce simboliza: o \u00eentrerupere a ordinii fire\u0219ti.<\/p>\n<h2 class=\"wp-block-heading\">De la frica de v\u00e2rcolaci la observa\u021bia prin telescoape<\/h2>\n<p class=\"wp-block-paragraph\">Diferen\u021ba dintre trecut \u0219i prezent este uria\u0219\u0103. Ast\u0103zi \u0219tim exact ce produce o eclips\u0103 \u0219i putem calcula cu mare precizie momentul \u00een care \u00eencepe, atinge maximul \u0219i se \u00eencheie.<\/p>\n<p class=\"wp-block-paragraph\">\u00cen vestul Rom\u00e2niei, interesul pentru eclipse se vede acum mai ales prin evenimentele organizate de cluburi de astronomie \u0219i prin observa\u021bii publice cu telescoape \u0219i filtre speciale. La eclipsa din martie 2025, de exemplu, zeci de oameni s-au adunat la Arad pentru observa\u021bii astronomice organizate de Astroclubul Galaxis. :contentReference[oaicite:9]{index=9}<\/p>\n<p class=\"wp-block-paragraph\">\u00cen locul rug\u0103ciunilor pentru ca lumina s\u0103 revin\u0103 \u0219i al temerii de v\u00e2rcolaci, oamenii privesc ast\u0103zi prin filtre solare \u0219i discut\u0103 despre orbitele Lunii \u0219i ale P\u0103m\u00e2ntului.<\/p>\n<h2 class=\"wp-block-heading\">O eclips\u0103 care p\u0103streaz\u0103 totu\u0219i ceva din misterul de odinioar\u0103<\/h2>\n<p class=\"wp-block-paragraph\">Chiar dac\u0103 explica\u021bia \u0219tiin\u021bific\u0103 a \u00eenlocuit vechile mituri, eclipsele continu\u0103 s\u0103 provoace uimire.<\/p>\n<p class=\"wp-block-paragraph\">Pentru Banat, unde tradi\u021biile populare au fost modelate de o istorie multicultural\u0103 \u0219i de o puternic\u0103 leg\u0103tur\u0103 dintre calendar, comunitate \u0219i natur\u0103, eclipsele reprezint\u0103 \u0219i o ocazie de a redescoperi felul \u00een care oamenii de alt\u0103dat\u0103 \u00een\u021belegeau lumea.<\/p>\n<p class=\"wp-block-paragraph\">Ast\u0103zi nu mai credem c\u0103 v\u00e2rcolacii m\u0103n\u00e2nc\u0103 Soarele \u0219i nici c\u0103 o eclips\u0103 anun\u021b\u0103 inevitabil r\u0103zboaie sau foamete. Dar pove\u0219tile r\u0103m\u00e2n importante, pentru c\u0103 p\u0103streaz\u0103 memoria unei epoci \u00een care cerul era nu doar observat, ci \u0219i interpretat, temut \u0219i respectat ca parte a vie\u021bii de zi cu zi.<\/p>\n<p class=\"wp-block-paragraph\"><em>Surse documentare: Dic\u021bionarul de Simboluri \u0219i Credin\u021be Tradi\u021bionale Rom\u00e2ne\u0219ti (CIMEC), studii etnografice despre cultura popular\u0103 \u0219i calendarul tradi\u021bional din Banat, monografia etnografic\u0103 a cartierului P\u00e2rneava din Arad \u0219i materiale documentare despre eclipse \u0219i folclorul rom\u00e2nesc.<\/em><\/p>\n<\/div>\n<p>[analyse_source url=&#8221;https:\/\/orasul-timisoara.ro\/local-40215\/&#8221;]<\/p>\n","protected":false},"excerpt":{"rendered":"<p>[analyse_image type=&#8221;featured&#8221; src=&#8221;https:\/\/orasul-timisoara.ro\/wp-content\/uploads\/2026\/08\/elipsa-traditii-banat.jpg&#8221;] \u0218tiri LocaleEclipsa de Soare \u00een tradi\u021bia rom\u00e2neasc\u0103: ce credeau oamenii din Banat \u0218tiri Locale Eclipsa de Soare \u00een tradi\u021bia rom\u00e2neasc\u0103: ce credeau oamenii din Banat De c\u0103tre redactia &#8211; 12\/08\/2026 Facebook Twitter WhatsApp Linkedin ReddIt Email Imprimare Eclipsa de Soare \u00een tradi\u021bia rom\u00e2neasc\u0103. Ce credeau oamenii din Banat despre cerul care se [&hellip;]<\/p>\n","protected":false},"author":1,"featured_media":0,"comment_status":"open","ping_status":"","sticky":false,"template":"","format":"standard","meta":{"footnotes":""},"categories":[89],"tags":[226,189],"class_list":["post-2092646","post","type-post","status-publish","format-standard","hentry","category-romania","tag-crawlmanager","tag-orasul-timisoara-ro"],"_links":{"self":[{"href":"https:\/\/analyse.optim.biz\/index.php?rest_route=\/wp\/v2\/posts\/2092646","targetHints":{"allow":["GET"]}}],"collection":[{"href":"https:\/\/analyse.optim.biz\/index.php?rest_route=\/wp\/v2\/posts"}],"about":[{"href":"https:\/\/analyse.optim.biz\/index.php?rest_route=\/wp\/v2\/types\/post"}],"author":[{"embeddable":true,"href":"https:\/\/analyse.optim.biz\/index.php?rest_route=\/wp\/v2\/users\/1"}],"replies":[{"embeddable":true,"href":"https:\/\/analyse.optim.biz\/index.php?rest_route=%2Fwp%2Fv2%2Fcomments&post=2092646"}],"version-history":[{"count":0,"href":"https:\/\/analyse.optim.biz\/index.php?rest_route=\/wp\/v2\/posts\/2092646\/revisions"}],"wp:attachment":[{"href":"https:\/\/analyse.optim.biz\/index.php?rest_route=%2Fwp%2Fv2%2Fmedia&parent=2092646"}],"wp:term":[{"taxonomy":"category","embeddable":true,"href":"https:\/\/analyse.optim.biz\/index.php?rest_route=%2Fwp%2Fv2%2Fcategories&post=2092646"},{"taxonomy":"post_tag","embeddable":true,"href":"https:\/\/analyse.optim.biz\/index.php?rest_route=%2Fwp%2Fv2%2Ftags&post=2092646"}],"curies":[{"name":"wp","href":"https:\/\/api.w.org\/{rel}","templated":true}]}}