{"id":2092624,"date":"2026-08-13T18:34:06","date_gmt":"2026-08-13T15:34:06","guid":{"rendered":"https:\/\/analyse.optim.biz\/?p=2092624"},"modified":"2026-08-13T18:34:06","modified_gmt":"2026-08-13T15:34:06","slug":"calendarul-zilei-14-august-30-ani-de-la-moartea-marelui-dirijor-sergiu-celibidache","status":"publish","type":"post","link":"https:\/\/analyse.optim.biz\/?p=2092624","title":{"rendered":"Calendarul zilei 14 august: 30 ani de la moartea marelui dirijor Sergiu Celibidache"},"content":{"rendered":"<p>[analyse_image type=&#8221;featured&#8221; src=&#8221;https:\/\/r3media.ro\/wp-content\/uploads\/2022\/08\/sddefault-4.jpghttps:\/\/r3media.ro\/wp-content\/uploads\/2022\/08\/sddefault-4.jpg&#8221;]<\/p>\n<article id=\"template-id-109\" class=\"post-109 tdb_templates type-tdb_templates status-publish post\">\n<div id=\"tdi_2\" class=\"tdc-zone\">\n<div class=\"tdc_zone tdi_3  wpb_row td-pb-row\">\n<div id=\"tdi_4\" class=\"tdc-row\">\n<div class=\"vc_row tdi_5  wpb_row td-pb-row\">\n<div class=\"vc_column tdi_7  wpb_column vc_column_container tdc-column td-pb-span8\">\n<div class=\"wpb_wrapper\">\n<div class=\"td_block_wrap tdb_breadcrumbs tdi_8 td-pb-border-top td_block_template_1 tdb-breadcrumbs \" data-td-block-uid=\"tdi_8\">\n<div class=\"tdb-block-inner td-fix-index\"><span><a title=\"Vede\u021bi toate articolele \u00een PRIM PLAN\" class=\"tdb-entry-crumb\" href=\"https:\/\/r3media.ro\/category\/stiri-prim-plan\/\">PRIM PLAN<\/a><\/span><span class=\"tdb-bred-no-url-last\">Calendarul zilei 14 august: 30 ani de la moartea marelui dirijor Sergiu&#8230;<\/span><\/div>\n<\/div>\n<div class=\"td_block_wrap tdb_single_categories tdi_9 td-pb-border-top td_block_template_1 \" data-td-block-uid=\"tdi_9\">\n<div class=\"tdb-category td-fix-index\"><a class=\"tdb-entry-category\" href=\"https:\/\/r3media.ro\/category\/stiri-prim-plan\/\">PRIM PLAN<\/a><a class=\"tdb-entry-category\" href=\"https:\/\/r3media.ro\/category\/stiri\/\">\u0218TIRI<\/a><a class=\"tdb-entry-category\" href=\"https:\/\/r3media.ro\/category\/video-news\/\">VIDEO<\/a><\/div>\n<\/div>\n<div class=\"td_block_wrap tdb_title tdi_10 tdb-single-title td-pb-border-top td_block_template_1\" data-td-block-uid=\"tdi_10\">\n<div class=\"tdb-block-inner td-fix-index\">\n<h1 class=\"tdb-title-text\">Calendarul zilei 14 august: 30 ani de la moartea marelui dirijor Sergiu Celibidache<\/h1>\n<\/div>\n<\/div>\n<div class=\"vc_row_inner tdi_12  vc_row vc_inner wpb_row td-pb-row\">\n<div class=\"vc_column_inner tdi_14  wpb_column vc_column_container tdc-inner-column td-pb-span12\">\n<div class=\"vc_column-inner\">\n<div class=\"wpb_wrapper\">\n<div class=\"td_block_wrap tdb_single_author tdi_15 td-pb-border-top td_block_template_1 tdb-post-meta\" data-td-block-uid=\"tdi_15\">\n<div class=\"tdb-block-inner td-fix-index\">\n<div class=\"tdb-author-name-wrap\"><a class=\"tdb-author-name\" href=\"https:\/\/r3media.ro\/author\/redactia\/\">Redac\u021bia<\/a><\/div>\n<\/div>\n<\/div>\n<div class=\"td_block_wrap tdb_single_date tdi_16 td-pb-border-top td_block_template_1 tdb-post-meta\" data-td-block-uid=\"tdi_16\">\n<div class=\"tdb-block-inner td-fix-index\"><time class=\"entry-date updated td-module-date\" datetime=\"2026-08-13T21:34:06+03:00\">13\/08\/2026<\/time><\/div>\n<\/div>\n<\/div>\n<\/div>\n<\/div>\n<\/div>\n<div class=\"td_block_wrap tdb_single_featured_image tdi_17 tdb-content-horiz-left td-pb-border-top td_block_template_1\" data-td-block-uid=\"tdi_17\">\n<div class=\"tdb-block-inner td-fix-index\">\n<div class=\"wpb_video_wrapper\">\n<\/div>\n<\/div>\n<\/div>\n<div class=\"td_block_wrap tdb_single_content tdi_18 td-pb-border-top td_block_template_1 td-post-content tagdiv-type\" data-td-block-uid=\"tdi_18\">\n<div class=\"tdb-block-inner td-fix-index\">\n<p><strong>Pe 14 august, rom\u00e2nii \u0219i planeta \u00eentreag\u0103 comemoreaz\u0103 trecerea la cele ve\u0219nice a marelui dirijor, compozitor \u0219i pianist Sergiu Celibidache.<\/strong><\/p>\n<p>Iat\u0103 biografia marelui artist, realizat\u0103 de <a href=\"https:\/\/www.radioromaniacultural.ro\/portret-sergiu-celibidache-un-filosof-al-muzicii-universale\/\" target=\"_blank\" rel=\"noopener\">R\u0103zvan Moceanu pentru Rador:<\/a><\/p>\n<p>Sergiu Celibidache s-a n\u0103scut la Roman, jude\u0163ul Neam\u0163, la 28 iunie 1912, tat\u0103l s\u0103u fiind Demostene, cu origini grece\u015fti, ofi\u021ber de cavalerie, prefect al Ia\u0219ului \u0219i, \u00eencep\u00e2nd cu anul 1922, ajutor de primar al aceluia\u0219i ora\u0219, iar mama sa, Maria, n\u0103scut\u0103 Br\u0103teanu, a fost profesoar\u0103 de chimie.<\/p>\n<p>C\u00e2nd copilul \u00eemplinea \u015fase luni, familia se mut\u0103 la Ia\u015fi, iar anii care au urmat au \u00eensemnat un zbucium pentru p\u0103rin\u0163ii s\u0103i, fiindc\u0103 cel mic nu scotea niciun cuv\u00e2nt.<\/p>\n<p>Abia pe la v\u00e2rsta de trei ani, viitorul mare dirijor se hot\u0103ra s\u0103 pronun\u0163e primele silabe, iar un an mai t\u00e2rziu \u00eencepea deja s\u0103 c\u00e2nte la pian, singur, uimindu-\u015fi familia.<\/p>\n<p>Despre acest moment, Celibidache avea s\u0103 m\u0103rturiseasc\u0103 peste ani: \u201eC\u00e2nd aveam 4 ani d\u0103deam concerte, a\u015fa, f\u0103r\u0103 public, \u00eentr-un pod gol, f\u0103r\u0103 lumin\u0103, cu mult praf, \u015fi foarte rece. Mul\u0163umeam publicului, de\u015fi nu \u015ftiam ce \u00eenseamn\u0103 asta. Fusesem o dat\u0103 la un concert adev\u0103rat unde am v\u0103zut c\u0103 se aplauda, c\u0103 se mul\u0163umea la sf\u00e2r\u015fit \u015fi, atunci, o f\u0103ceam f\u0103r\u0103 s\u0103 \u015ftiu s\u0103 c\u00e2nt la pian, nu c\u00e2ntam, mi se p\u0103rea doar foarte interesant.\u201d<\/p>\n<p>Celibidache \u015fi-a tr\u0103it anii copil\u0103riei \u00een umbra unui tat\u0103 autoritar, care \u00eel vedea ca pe urma\u015ful s\u0103u, la conducerea provinciei.<\/p>\n<p>\u0218i-a efectuat studiile liceale \u0219i muzicale la Seminarul Pedagogic din Ia\u0219i, p\u00e2n\u0103 \u00een 1930, demonstr\u00e2nd o inteligen\u0163\u0103 ie\u015fit\u0103 din comun, iar imediat dup\u0103 aceea, la v\u00e2rsta de 18 ani, p\u0103r\u0103se\u015fte definitiv casa p\u0103rinteasc\u0103, pentru a-\u015fi putea urma cariera muzical\u0103 visat\u0103, dup\u0103 ce tat\u0103l s\u0103u \u00ee\u015fi dorea cu insisten\u0163\u0103, pentru el, o carier\u0103 politic\u0103.<\/p>\n<p>\u015ei-a continuat studiile la Bucure\u015fti, sub \u00eendrumarea lui Theodor Rogalski (teorie-solfegiu, pian) \u0219i a lui Theodor Cosma (jazz), c\u00e2\u015ftig\u00e2ndu-\u015fi existen\u0163a \u00een calitate de pianist corepetitor la o \u015fcoal\u0103 de dans, \u00eens\u0103 visul s\u0103u pentru o carier\u0103 muzical\u0103 avea s\u0103 \u00eensemne ani de s\u0103r\u0103cie cumplit\u0103, doar pentru a-\u015fi urma pasiunea.<\/p>\n<hr>\n<p>\u00cen anul 1935 \u00ee\u015fi satisface stagiul militar, apoi pleac\u0103 la Paris unde \u00ee\u0219i continu\u0103 studiile.<\/p>\n<p>Dup\u0103 cea a ascultat la radio un cvartet de coarde de Heinz Tiessen, se hot\u0103r\u0103\u015fte s\u0103 compun\u0103 propriul cvartet de coarde, pe care i-l trimite lui Tiessen, profesor la Facultatea de Muzic\u0103 din Berlin, care remarc\u0103 poten\u021bialul muzical deosebit al lui Celibidache \u015fi \u00eel invit\u0103 la Berlin.<\/p>\n<p>Marele dirijor avea s\u0103 se mute la Berlin, \u00eenva\u021b\u0103 \u00een cel mai scurt timp limba german\u0103, apoi se \u00eenscrie la Facultatea de Muzic\u0103 a Universitatii Friedrich-Wilhelm, unde a studiat printre al\u0163ii cu Tiessen (compozi\u021bie), Hugo Distler (contrapunct), Kurt Thomas \u0219i Fritz Stein (teorie), Georg Schunemann (muzicologie) \u015fi Walter Gmeindl (dirijat).<\/p>\n<p>\u00cen anul 1939, se \u00eent\u00e2lne\u015fte cu preotul budist, germanul Martin Steinke (Dao Jun) \u2013 care \u00eel introduce \u00een budismul-Zen \u2013 , de care \u00eel va lega o frumoas\u0103 prietenie \u015fi care avea s\u0103-i influen\u0163eze cariera muzical\u0103 pe mai departe.<\/p>\n<p>Urmeaz\u0103 o perioad\u0103 \u00een care se dedic\u0103 compozi\u021biei propriilor lucr\u0103ri, dar \u00eencepe \u0219i s\u0103 dirijeze corurile lucr\u0103torilor feroviari \u0219i ale controlorilor de tramvai.<\/p>\n<p>\u00cen anul 1941 prime\u015fte primul angajament ca dirijor permanent, la ansamblul de amatori \u201eOrchester Berliner Musikfreunde\u201d (\u201eOrchestra prietenilor berlinezi ai muzicii\u201d), cu care a sus\u021binut concerte publice.<\/p>\n<p>Este momentul \u00een care Celibidache uluie\u0219te prin memoria extraordinar\u0103, el ajung\u00e2nd s\u0103 cunoasc\u0103 pe de rost toate partiturile.<\/p>\n<p>Celibidache era considerat un student cu aptitudini speciale, iar \u00een perioada celui de-al doi-lea R\u0103zboi Mondial, dup\u0103 ce profesorii au fost obliga\u0163i s\u0103-\u0219i p\u0103r\u0103seasc\u0103 posturile, el a predat chiar propriilor colegi la mai multe materii. Aceasta \u00een condi\u0163iile \u00een care Celibidache nu avea bani, uneori nu avea ce s\u0103 m\u0103n\u00e2nce, sl\u0103bise foarte mult \u0219i a avut norocul s\u0103 primeasc\u0103 o camer\u0103 \u00een care s\u0103 locuiasc\u0103 de la un cuplu de lucr\u0103tori de tramvai.<\/p>\n<p>\u00cen \u00eencheierea anilor de studiu, Celibidache scrie o lucrare de doctorat despre \u201eElementele formative \u00een tehnica de compozi\u021bie a lui Josquin des Pres\u201d (\u201eFormbildende Elemente in der Kompositionstechnik Josquins des Pres\u201d).<\/p>\n<p>La 11 august 1945, la doar 33 de ani, Celibidache a ap\u0103rut la pupitrul Orchestrei de Camer\u0103 din Berlin, apoi c\u00e2\u015ftig\u0103 un concurs de dirijat, organizat de Orchestra Radio din Berlin (Rundfunk Sinfonieorchester Berlin).<\/p>\n<p>La 29 august 1945, este invitat s\u0103 dirijeze Orchestra Filarmonicii din Berlin, \u00een program figur\u00e2nd Uvertura operei B\u0103rbierul din Sevillia de Rossini, Concertul de Fagot de Weber op.76 \u0219i Simfonia a 9-a de Dvorak. Dup\u0103 doar dou\u0103 luni, Celibidache devine noul director muzical al celebrului ansamblu, colaborarea materializ\u00e2ndu-se \u00een ani, \u00een peste 400 de concerte la Berlin \u015fi \u00een numeroase turnee de succes pe marile scene din alte \u0163\u0103ri.<\/p>\n<p>\u00cen anul 1946, are loc prima \u00eent\u00e2lnire cu Wilhelm Furtw\u00e4ngler, la Berlin, concomitent \u00eencep\u00e2nd coresponden\u021ba dintre cei doi \u015fi, \u00een acela\u015fi an, Celibidache \u00eencepe s\u0103 predea la Institutul Interna\u021bional de Muzic\u0103 din Berlin.<\/p>\n<p>\u00cen anul 1948, conduce pentru prima oar\u0103 London Philharmonic Orchestra \u015fi are loc primul turneu de dup\u0103 r\u0103zboi \u00een Anglia al Orchestrei Filarmonice din Berlin.<\/p>\n<p>Tot \u00een 1948, Celibidache semneaz\u0103 primul \u0219i singurul contract de \u00eenregistr\u0103ri cu produc\u0103torul Walter Legge, \u00eens\u0103 maestrul nu a fost mul\u0163umit de sunetul \u201efad\u201d al imprim\u0103rilot, care, \u00een opinia sa prezentau o variant\u0103 deformat\u0103 a realit\u0103\u021bii, astfel c\u0103, de aici \u00eenainte, va prefera doar calea direct\u0103 a concertelor live.<\/p>\n<p>Din anul 1949, Celibidache este dirijor-invitat al unor orchestre de prestigiu din \u00eentreaga lume \u2013 din Austria, Italia, Fran\u0163a, America Central\u0103 \u0219i de Sud, \u00een acela\u015fi an el refuz\u00e2nd postul de dirijor al New York Philharmonic Orchestra.<\/p>\n<p>\u00cen anul 1952, Wilhelm Furtw\u00e4ngler preia din nou postul de dirijor \u0219ef al Orchestrei Filarmonice din Berlin, ins\u0103 Celibidache r\u0103m\u00e2ne ata\u0219at ansamblului.<\/p>\n<p>\u00cen anul urm\u0103tor, prime\u015fte Premiul Berlinez de Art\u0103 pentru Muzic\u0103, are loc ultimul lui concert cu Orchestra Scala din Milano, \u00eens\u0103 \u00eentre Celibidache \u015fi Furtw\u00e4ngler apar primele tensiuni.<\/p>\n<p>\u00cen 1954, maestrul prime\u015fte Crucea de Merit a Republicii Federale Germania, pentru meritele sale \u00een succesele Orchestrei Filarmonice din Berlin.<\/p>\n<p>\u00cen 30 noiembrie 1954 \u2013 ziua mor\u0163ii lui Furtw\u00e4ngler, are loc ultimul concert cu Orchestra Filarmonic\u0103 din Berlin, \u00een perioada ce a urmat, conducerea ansamblului fiind \u00eencredin\u0163at\u0103 lui Herbert von Karajan.<\/p>\n<p>\u00cen anul 1955, Celibidache prime\u015fte Premiul Uniunii Criticilor Germani \u0219i continu\u0103 activitatea concertistic\u0103, mai ales \u00een Italia, unde dirijeaz\u0103 Orchestra Scala din Milano, Orchestra Academiei Santa Cecilia din Roma \u0219i Orchestra Radio a RAI.<\/p>\n<p>\u00cen 1957, dirijeaz\u0103 concertul festiv \u00een onoarea anivers\u0103rii de 70 de ani a profesorului \u0219i mentorului s\u0103u Heinz Tiessen cu Orchestra Radio din Berlin, iar \u00een 1958 au loc primele concerte cu Orchestra Radio din Stuttgart, o orchestr\u0103 care avea s\u0103-i r\u0103m\u00e2n\u0103 foarte apropiat\u0103.<\/p>\n<p>\u00cen anul 1960, \u00eencepe o colaborare cu Capela Regal\u0103 Copenhaga, iar un an mai t\u00e2rziu \u00eentreprinde cu aceasta un amplu \u015fi apreciat turneu \u00een Germania.<\/p>\n<p>La 28 iulie 1962, \u00een ziarul \u201eFrankfurter Allgemeine\u201d apare un articol al lui Celibidache cu titlul \u201e\u00cen\u021belep\u021bii sunt greu de g\u0103sit\u201d, \u00een care artistul \u00ee\u015fi expune ideile despre budism \u015fi \u00een care arat\u0103 c\u0103 \u0219i-a \u00eendreptat aten\u021bia spre a crea, \u00een timpul concertelor sale, condi\u021biile optime pentru ceea ce numea el o \u201cexperien\u021b\u0103 transcedental\u0103\u201d, din perspectiv\u0103 zen \u2013 budist\u0103.<\/p>\n<p>\u00cen anul urm\u0103tor, devine dirijor invitat \u0219i director artistic al Orchestrei Simfonice a Radioului din Stockholm \u015fi realizeaz\u0103 turnee \u00een Suedia, Danemarca, Germania, Elve\u021bia, Spania, Finlanda, Austria, Olanda.<\/p>\n<p>\u00cen anul 1965, Celibidache se c\u0103s\u0103tore\u0219te cu Ioana Procopie Dumitrescu, o pictori\u021b\u0103 pe care o cuno\u0219tea \u00eenc\u0103 din copil\u0103ria lui petrecut\u0103 \u00een Rom\u00e2nia, iar pe 19 iunie 1968 se na\u0219te unicul fiu al lui Celibidache, Serge Ioan.<\/p>\n<p>\u00cen anul 1970, este numit Cavaler al Ordinului Vasa \u00een Stockholm \u0219i i se acord\u0103 , la Copenhaga, Premiul de muzic\u0103 Leonie-Sonning.<\/p>\n<p>O adev\u0103rat\u0103 legend\u0103 a baghetei mondiale, Sergiu Celibidache a revenit rareori \u00een postur\u0103 de dirijor \u00een Rom\u00e2nia, dar \u00een pu\u0163inele d\u0103\u0163i \u00een care a f\u0103cut-o, Radiodifuziunea rom\u00e2n\u0103 i-a fost al\u0103turi. Astfel, \u00een iunie 1970, Sergiu Celibidache a sus\u0163inut la pupitrul Orchestrei Simfonice a Radiodifuziunii Suedeze nu mai pu\u0163in de cinci concerte la Sala Radio, \u00een program figur\u00e2nd \u015fi celebrele Tablouri dintr-o expozi\u0163ie de Modest Mussorgski. Era prima sa revenire \u00een \u0163ar\u0103 dup\u0103 plecarea la numai 24 de ani, \u00een 1936, \u00een Germania.<\/p>\n<p>\u00cen anul 1971, dirijeaz\u0103, la pupitrul Orchestrei Radio din Stuttgart, concertul jubiliar cu ocazia \u00eemplinirii a 25 de ani de la fondarea orchestrei, iar un an mai t\u00e2rziu devine dirijor permanent \u0219i director artistic al acestei orchestre.<\/p>\n<p>\u00cen anul 1973, dirijeaz\u0103 Orchestra Na\u021bional\u0103 ORTF \u00een Paris, iar \u00een 1977, \u00een urma unor ne\u00een\u021belegeri, renun\u021b\u0103 la postul de director artistic al Orchestrei Radio din Stuttgart, r\u0103m\u00e2n\u00e2nd \u00eens\u0103 ata\u0219at ansamblului ca \u0219i \u201edirijor permanent\u201d.<\/p>\n<p>\u00cen anul 1978 revine pentru scurt timp \u00een \u0163ara natal\u0103, unde dirijeaz\u0103 Orchestra Filarmonic\u0103 George Enescu din Bucure\u0219ti, \u00een acela\u015fi an fiind numit profesor onorific la Universitatea Johannes-Gutenberg din Mainz, unde \u00eencepe o lung\u0103 activitate pedagogic\u0103.<\/p>\n<p>La 14 februarie 1979 are loc primul concert cu Filarmonica din M\u00fcnchen, iar dup\u0103 acest succes este numit dirijor \u0219ef al orchestrei \u0219i totodat\u0103 director general de muzic\u0103 al ora\u0219ului M\u00fcnchen.<\/p>\n<p>\u00cen 1980 \u00eencepe s\u0103 sus\u021bin\u0103 \u0219i la M\u00fcnchen cursuri de dirijat, iar \u00een anul 1982 are loc primul turneu \u00een Germania cu Filarmonica din M\u00fcnchen, urm\u00e2nd alte turnee cu aceasta \u00een Fran\u0163a, Italia \u0219i Spania \u0219i concerte la S\u0103pt\u0103m\u00e2nile Festive din Berlin.<\/p>\n<p>\u00cen anul 1984 are loc debutul dirijoral \u00een SUA, al\u0103turi de Orchestra de Studen\u021bi a Institutului Curtis, din Philadelphia, la Carnegie Hall, la New York.<\/p>\n<p>\u00cen 1986, Celibidache dirijeaz\u0103 la M\u00fcnchen dou\u0103 premiere, \u201eLamento di Orlando\u201d de Gunter Bialas \u0219i \u201eSimfonia a 3-a\u201d de Harald Genzmer, iar \u00een 1987 conduce Academia Interna\u021bional\u0103 de Orchestr\u0103 de Tineret la Festivalul de Muzic\u0103 din Schleswig-Holstein \u0219i sus\u021bine cu orchestra, ulterior, concerte \u00een mai multe ora\u0219e.<\/p>\n<p>\u00cen 1987, la \u00eemplinirea v\u00e2rstei de 75 de ani, prime\u015fte Moneda Aurit\u0103 de Onoare a ora\u015fului M\u00fcnchen, apoi distinc\u0163iile Nettuno d\u2019oro, la Bologna \u015fi Acul Aurit de Onoare al ora\u015fului Milano.<\/p>\n<p>\u00cen 1988, la M\u00fcnchen, Celibidache dirijeaz\u0103 premiera simfoniei \u201eDie Lichtung\u201d (\u201eLumini\u0219ul\u201d) de Peter Michael Hamel \u015fi realizeaz\u0103 numeroase turnee la Paris, Rouen, Berlin, Linz, \u00een Israel \u015fi la Moscova.<\/p>\n<p>\u00cen 1989 dirijeaz\u0103 concertul cu ocazia S\u0103rb\u0103torii Na\u021bionale a 40 de ani de la \u00eenfiin\u021barea Republicii Federale Germania.<\/p>\n<p>Neuitat\u0103 r\u0103m\u00e2ne data de 13 februarie 1990, c\u00e2nd Radiodifuziunea rom\u00e2n\u0103 a transmis \u00een direct concertul eveniment sus\u0163inut pe scena Ateneului Rom\u00e2n de Orchestra Filarmonicii din M\u00fcnchen, cu Sergiu Celibidache la pupitru. \u201eM-am n\u0103scut rom\u00e2n, am \u00eemb\u0103tr\u00e2nit rom\u00e2n \u015fi o s\u0103 mor rom\u00e2n\u201d, spunea cu acea ocazie Sergiu Celibidache.<\/p>\n<p>\u00cen anul 1992, revine pentru scurt timp \u00een \u021bar\u0103 unde este numit membru de onoare al Academiei Rom\u00e2ne, iar \u00een 1994 este numit cet\u0103\u021bean de onoare \u0219i Doctor Honoris Causa al Academiei de Art\u0103 din Ia\u0219i. Printre alte distinc\u021bii importante, \u00een 1993 prime\u0219te Marele Ordin German de Art\u0103 \u201cMaximilian\u201d, iar \u00een 1995 este numit Comandor al Artelor \u0219i Literelor de c\u0103tre Guvernul Francez.<\/p>\n<p>\u00cen iunie 1996 Sergiu Celibidache a sus\u021binut ultimul s\u0103u concert la M\u00fcnchen.<\/p>\n<p>A trecut la cele ve\u015fnice la 14 august 1996, la re\u0219edin\u021ba sa din La Neuville-sur-Essonne, departamentul Loiret, \u00een apropiere de Paris, fiind \u00eenmorm\u00e2ntat \u00een micul cimitir al localit\u0103\u0163ii.<\/p>\n<p>Pe 15 august 1996, la o zi de la decesul lui Sergiu Celibidache, prestigioasa publica\u0163ie american\u0103 \u201eThe New York Times\u201c \u00eel descria, \u00eentr-un necrolog dedicat, ca fiind \u201euna dintre marile enigme ale secolului al XX-lea\u201c.<\/p>\n<p>\u00cen anul 1998, \u00een amintirea sa, a fost realizat filmul \u201dGr\u0103dina lui Celibidache\u201d, regia, scenariul \u0219i produc\u021bia apar\u021bin\u00e2ndu-i fiului marelui dirijor, Serge Ioan Celibidache.<\/p>\n<p>\u00cen anul 2011, Radio Rom\u00e2nia Muzical marca \u00eemplinirea a 15 de ani de la moartea lui Sergiu Celibidache, prin difuzarea seriei de emisiuni \u201eAnotimpul discurilor\u201d, reunind \u00eenregistr\u0103ri \u00een premier\u0103 rom\u00e2neasc\u0103 realizate cu marele dirijor. \u00cen acest sens, \u00eentre 8 \u015fi 12 august, la \u201eAnotimpul discurilor\u201d, au putut fi ascultate, \u00een integralitatea lor, cinci CD-uri ce poart\u0103 numele lui Sergiu Celibidache pe copert\u0103, majoritatea \u00eenregistr\u0103rilor fiind realizate al\u0103turi de forma\u0163ii italiene (Orchestra \u015fi Corul RAI din Torino, Orchestra \u201eAlessandro Scarlatti\u201d din Napoli a Radiodifuziunii Italiene), dar \u015fi al\u0103turi de Orchestra Filarmonicii din Berlin, \u00een perioada anilor 1945 \u2013 1958. Aceste discuri din seria \u201eineditelor Sergiu Celibidache\u201d erau difuzate \u00een premier\u0103 rom\u00e2neasc\u0103 gra\u0163ie unui parteneriat \u00eentre Radio Rom\u00e2nia Muzical \u015fi Libr\u0103riile Humanitas \u015fi au fost realizate de Irina Cristina Vasilescu.<\/p>\n<p>\u00cen anul 2012, \u00eemplinirea a 100 de ani de la na\u0219terea sa, marcat\u0103 sub egida UNESCO, a prilejuit numeroase manifest\u0103ri dedicate marelui compozitor \u0219i dirijor, \u00eentre care \u0219i lansarea de c\u0103tre BNR a monedei numismatice comemorative, lansarea, la Biblioteca Academiei Rom\u00e2ne, a volumelor \u201eDespre fenomenologia muzicii\u201d de Sergiu Celibidache \u0219i \u201eCelibidache: \u00cent\u00e2lniri cu un om de excep\u021bie\u201d de Patrick Lang \u0219i Stephane Muller.<\/p>\n<p>Printre alte compozi\u021bii, Sergiu Celibidache este autorul a c\u00e2teva simfonii, a suitelor \u201cGr\u0103dina de buzunar\u201d \u015fi \u201cHaz de necaz\u201d \u015fi a unui mistic Requiem.<\/p>\n<p>Adept al unui stil dirijoral foarte original, Celibidache a fost fascinat de varietatea tempo-urilor: cu c\u00e2t pasajul muzical era mai bogat \u015fi mai complex, cu at\u00e2t tempo-ul devenea mai lent.<\/p>\n<p>A\u015fa cum aminteam, Celibidache a refuzat \u00eenregistr\u0103rile pe discuri, \u015fi doar dup\u0103 dispari\u0163ia sa \u0219i cu acordul familiei, EMI Classics \u0219i Deutsche Grammophon, au putut face disponibile publicului o parte din cele mai faimoase \u00eenregistr\u0103ri live ale marelui artist.<\/p>\n<p>Interpret\u0103rile sale intense, absolut excep\u0163ionale, de un fin echilibru \u0219i de o tr\u0103ire interioar\u0103 puternic\u0103 l-au f\u0103cut pe Celibidache s\u0103 devin\u0103 unul dintre cei mai mari dirijori ai secolului al XX-lea.<\/p>\n<div class=\"crp_related     crp-masonry\">\n<h2>\u00ceN CONTEXT<\/h2>\n<ul>\n<li><a href=\"https:\/\/r3media.ro\/regizor-serge-ioan-celibidachi-fi-mare-dirijor-sergiu-celibidache-romania-tara-neinteleasa-paris-terminat-londra-traieste-bine-probleme\/\" class=\"crp_link post-114053\"><span class=\"crp_title\">Regizorul Serge Ioan Celibidachi, fiul marelui dirijor Sergiu Celibidache: Rom\u00e2nia este o\u2026<\/span><\/a><\/li>\n<li><a href=\"https:\/\/r3media.ro\/3-ianuarie-moartea-lui-sergiu-nicolaescu-probabil-cel-mai-mare-regizor-roman-nume-real\/\" class=\"crp_link post-63133\"><span class=\"crp_title\">Calendarul zilei 3 ianuarie: 13 ani de la moartea lui Sergiu Nicolaescu \/ Care a fost numele\u2026<\/span><\/a><\/li>\n<li><a href=\"https:\/\/r3media.ro\/calendarul-zilei-22-august-moartea-ecaterinei-teodoroiu-ultimele-cuvinte-ale-eroinei-au-fost-inainte-baieti-nu-vedeti-ca-sunt-intre-voi\/\" class=\"crp_link post-26436\"><span class=\"crp_title\">Calendarul zilei 22 august: 108 ani de la moartea Ecaterinei Teodoroiu. Ultimele cuvinte ale\u2026<\/span><\/a><\/li>\n<li><a href=\"https:\/\/r3media.ro\/calendarul-zilei-3-februarie-nasterea-marelui-actor-stefan-iordache-cel-mai-iubit-dintre-pamanteni\/\" class=\"crp_link post-36860\"><span class=\"crp_title\">Calendarul zilei 3 februarie: 85 de ani de la na\u0219terea marelui actor \u0218tefan Iordache, \u201eCel\u2026<\/span><\/a><\/li>\n<li><a href=\"https:\/\/r3media.ro\/calendarul-zilei-21-august-moartea-domnitorului-si-marelui-om-de-cultura-dimitrie-cantemir\/\" class=\"crp_link post-79402\"><span class=\"crp_title\">Calendarul zilei 21 august: 302 de ani de la moartea domnitorului \u0219i marelui om de cultur\u0103,\u2026<\/span><\/a><\/li>\n<li><a href=\"https:\/\/r3media.ro\/calendarul-zilei-10-septembrie-151-de-ani-de-la-moartea-lui-avram-iancu-craisorul-muntilor-este-erou-al-natiunii-romane\/\" class=\"crp_link post-53892\"><span class=\"crp_title\">Calendarul zilei 10 septembrie: 153 de ani de la moartea lui Avram Iancu. \u201eCr\u0103i\u0219orul\u2026<\/span><\/a><\/li>\n<li><a href=\"https:\/\/r3media.ro\/calendarul-zilei-1-martie-penes-curcanul\/\" class=\"crp_link post-14945\"><span class=\"crp_title\">Calendarul zilei 1 martie: 172 de ani de la na\u0219terea lui Pene\u0219 Curcanul, eroul din Vaslui\u2026<\/span><\/a><\/li>\n<li><a href=\"https:\/\/r3media.ro\/calendarul-zilei-19-februarie-nasterea-lui-constantin-brancusi-academia-romana-nu-l-a-refuzat-pe-brancusi\/\" class=\"crp_link post-14238\"><span class=\"crp_title\">Calendarul zilei 19 februarie: 150 de ani de la na\u0219terea lui Constantin Br\u00e2ncu\u0219i. Academia\u2026<\/span><\/a><\/li>\n<\/ul>\n<\/div>\n<\/div>\n<\/div>\n<div class=\"td_block_wrap tdb_single_tags tdi_19 td-pb-border-top td_block_template_1\" data-td-block-uid=\"tdi_19\">\n<div class=\"tdb-block-inner td-fix-index\">\n<ul class=\"tdb-tags\">\n<li><span>SUBIECTE FIERBIN\u021aI<\/span><\/li>\n<li><a href=\"https:\/\/r3media.ro\/tag\/calendarul-zilei-14-august\/\">calendarul zilei 14 august<\/a><\/li>\n<li><a href=\"https:\/\/r3media.ro\/tag\/mari-romani\/\">mari romani<\/a><\/li>\n<li><a href=\"https:\/\/r3media.ro\/tag\/sergiu-celibidache\/\">sergiu celibidache<\/a><\/li>\n<\/ul>\n<\/div>\n<\/div>\n<div class=\"td_block_wrap td_block_9 tdi_20 td_with_ajax_pagination td-pb-border-top td_block_template_1 td-column-2 td_block_padding td_block_bot_line\" data-td-block-uid=\"tdi_20\">\n<div class=\"td-block-title-wrap\">\n<h4 class=\"block-title td-block-title\"><span class=\"td-pulldown-size\">CITE\u0218TE MAI MULT<\/span><\/h4>\n<\/div>\n<div id=\"tdi_20\" class=\"td_block_inner\">\n<div class=\"td-block-row\">\n<div class=\"td-block-span6\">\n<div class=\"td_module_8 td_module_wrap\">\n<div class=\"item-details\">\n<h3 class=\"entry-title td-module-title\"><a href=\"https:\/\/r3media.ro\/presedintele-serbiei-razboiul-din-ucraina\/\" rel=\"bookmark\" title=\"Pre\u0219edintele Serbiei nu crede c\u0103 r\u0103zboiul din Ucraina se termin\u0103 cur\u00e2nd: Cred c\u0103 ne afl\u0103m la \u00eenceputul unui r\u0103zboi mult, mult mai mare\">Pre\u0219edintele Serbiei nu crede c\u0103 r\u0103zboiul din Ucraina se termin\u0103 cur\u00e2nd: Cred c\u0103 ne&#8230;<\/a><\/h3>\n<div class=\"td-module-meta-info\"><a href=\"https:\/\/r3media.ro\/category\/actualitate\/\" class=\"td-post-category\">ACTUALITATE<\/a><span class=\"td-post-author-name\"><a href=\"https:\/\/r3media.ro\/author\/teodor_stan\/\">Teodor Stan<\/a><span>&#8211;<\/span><\/span><span class=\"td-post-date\"><time class=\"entry-date updated td-module-date\" datetime=\"2026-08-10T12:22:44+03:00\">10\/08\/2026<\/time><\/span><\/div>\n<\/div>\n<\/div>\n<\/div>\n<div class=\"td-block-span6\">\n<div class=\"td_module_8 td_module_wrap\">\n<div class=\"item-details\">\n<h3 class=\"entry-title td-module-title\"><a href=\"https:\/\/r3media.ro\/fara-apa-fara-curent-fara-viitor-cum-au-sacrificat-pro-europenii-romania-pe-altarul-ecologiei-ieftine\/\" rel=\"bookmark\" title=\"F\u0103r\u0103 ap\u0103, f\u0103r\u0103 curent, f\u0103r\u0103 viitor: cum au sacrificat pro-europenii Rom\u00e2nia pe altarul ecologiei ieftine\">F\u0103r\u0103 ap\u0103, f\u0103r\u0103 curent, f\u0103r\u0103 viitor: cum au sacrificat pro-europenii Rom\u00e2nia pe altarul ecologiei&#8230;<\/a><\/h3>\n<div class=\"td-module-meta-info\"><a href=\"https:\/\/r3media.ro\/category\/actualitate\/\" class=\"td-post-category\">ACTUALITATE<\/a><span class=\"td-post-author-name\"><a href=\"https:\/\/r3media.ro\/author\/paul_lazar\/\">Paul-Daniel Laz\u0103r<\/a><span>&#8211;<\/span><\/span><span class=\"td-post-date\"><time class=\"entry-date updated td-module-date\" datetime=\"2026-08-08T22:30:54+03:00\">08\/08\/2026<\/time><\/span><\/div>\n<\/div>\n<\/div>\n<\/div>\n<\/div>\n<div class=\"td-block-row\">\n<div class=\"td-block-span6\">\n<div class=\"td_module_8 td_module_wrap\">\n<div class=\"item-details\">\n<h3 class=\"entry-title td-module-title\"><a href=\"https:\/\/r3media.ro\/show-iluzie-si-realitate-de-la-the-truman-show-la-son-of-a-rich\/\" rel=\"bookmark\" title=\"Show, iluzie \u0219i realitate: de la The Truman Show la Son of a Rich\">Show, iluzie \u0219i realitate: de la The Truman Show la Son of a Rich<\/a><\/h3>\n<div class=\"td-module-meta-info\"><a href=\"https:\/\/r3media.ro\/category\/actualitate\/\" class=\"td-post-category\">ACTUALITATE<\/a><span class=\"td-post-author-name\"><a href=\"https:\/\/r3media.ro\/author\/costi_balasoiu\/\">Constantin B\u0103l\u0103\u0219oiu<\/a><span>&#8211;<\/span><\/span><span class=\"td-post-date\"><time class=\"entry-date updated td-module-date\" datetime=\"2026-08-08T15:30:25+03:00\">08\/08\/2026<\/time><\/span><\/div>\n<\/div>\n<\/div>\n<\/div>\n<div class=\"td-block-span6\">\n<div class=\"td_module_8 td_module_wrap\">\n<div class=\"item-details\">\n<h3 class=\"entry-title td-module-title\"><a href=\"https:\/\/r3media.ro\/fani-stapanul-inelelor-surpriza-sezonul-3-sauron\/\" rel=\"bookmark\" title=\"Fanii \u201eSt\u0103p\u00e2nul Inelelor\u201c ar putea avea o surpriz\u0103 \u00een sezonul 3 din serialul \u201eInelele Puterii\u201c. Sauron se va confrunta cu o creatur\u0103 de temut\">Fanii \u201eSt\u0103p\u00e2nul Inelelor\u201c ar putea avea o surpriz\u0103 \u00een sezonul 3 din serialul \u201eInelele&#8230;<\/a><\/h3>\n<div class=\"td-module-meta-info\"><a href=\"https:\/\/r3media.ro\/category\/actualitate\/\" class=\"td-post-category\">ACTUALITATE<\/a><span class=\"td-post-author-name\"><a href=\"https:\/\/r3media.ro\/author\/oana\/\">Oana Ivan<\/a><span>&#8211;<\/span><\/span><span class=\"td-post-date\"><time class=\"entry-date updated td-module-date\" datetime=\"2026-08-08T00:19:31+03:00\">08\/08\/2026<\/time><\/span><\/div>\n<\/div>\n<\/div>\n<\/div>\n<\/div>\n<div class=\"td-block-row\">\n<div class=\"td-block-span6\">\n<div class=\"td_module_8 td_module_wrap\">\n<div class=\"item-details\">\n<h3 class=\"entry-title td-module-title\"><a href=\"https:\/\/r3media.ro\/david-popovici-fair-play-sportivi-rusi-competitii\/\" rel=\"bookmark\" title=\"David Popovici, fair-play la revenirea sportivilor ru\u0219i \u00een competi\u021bii: Le urez succes, sper s\u0103 fiu mai bun dec\u00e2t ei\">David Popovici, fair-play la revenirea sportivilor ru\u0219i \u00een competi\u021bii: Le urez succes, sper s\u0103&#8230;<\/a><\/h3>\n<div class=\"td-module-meta-info\"><a href=\"https:\/\/r3media.ro\/category\/actualitate\/\" class=\"td-post-category\">ACTUALITATE<\/a><span class=\"td-post-author-name\"><a href=\"https:\/\/r3media.ro\/author\/redactia\/\">Redac\u021bia<\/a><span>&#8211;<\/span><\/span><span class=\"td-post-date\"><time class=\"entry-date updated td-module-date\" datetime=\"2026-08-07T15:07:51+03:00\">07\/08\/2026<\/time><\/span><\/div>\n<\/div>\n<\/div>\n<\/div>\n<div class=\"td-block-span6\">\n<div class=\"td_module_8 td_module_wrap\">\n<div class=\"item-details\">\n<h3 class=\"entry-title td-module-title\"><a href=\"https:\/\/r3media.ro\/kia-recheama-service-prima-generatie-masini-electrice-e-niro-risc-incendiu\/\" rel=\"bookmark\" title=\"Kia recheam\u0103 \u00een service prima genera\u021bie de ma\u0219ini electrice e-Niro din cauza riscului de incendiu\">Kia recheam\u0103 \u00een service prima genera\u021bie de ma\u0219ini electrice e-Niro din cauza riscului de&#8230;<\/a><\/h3>\n<div class=\"td-module-meta-info\"><a href=\"https:\/\/r3media.ro\/category\/actualitate\/\" class=\"td-post-category\">ACTUALITATE<\/a><span class=\"td-post-author-name\"><a href=\"https:\/\/r3media.ro\/author\/oana\/\">Oana Ivan<\/a><span>&#8211;<\/span><\/span><span class=\"td-post-date\"><time class=\"entry-date updated td-module-date\" datetime=\"2026-08-06T17:07:42+03:00\">06\/08\/2026<\/time><\/span><\/div>\n<\/div>\n<\/div>\n<\/div>\n<\/div>\n<div class=\"td-block-row\">\n<div class=\"td-block-span6\">\n<div class=\"td_module_8 td_module_wrap\">\n<div class=\"item-details\">\n<h3 class=\"entry-title td-module-title\"><a href=\"https:\/\/r3media.ro\/drona-gasita-mare-mamaia-zona-loft-video\/\" rel=\"bookmark\" title=\"VIDEO | O dron\u0103 a fost g\u0103sit\u0103 \u00een mare, \u00een Mamaia, \u00een zona Loft\">VIDEO | O dron\u0103 a fost g\u0103sit\u0103 \u00een mare, \u00een Mamaia, \u00een zona Loft<\/a><\/h3>\n<div class=\"td-module-meta-info\"><a href=\"https:\/\/r3media.ro\/category\/actualitate\/\" class=\"td-post-category\">ACTUALITATE<\/a><span class=\"td-post-author-name\"><a href=\"https:\/\/r3media.ro\/author\/oana\/\">Oana Ivan<\/a><span>&#8211;<\/span><\/span><span class=\"td-post-date\"><time class=\"entry-date updated td-module-date\" datetime=\"2026-08-05T21:48:11+03:00\">05\/08\/2026<\/time><\/span><\/div>\n<\/div>\n<\/div>\n<\/div>\n<div class=\"td-block-span6\">\n<div class=\"td_module_8 td_module_wrap\">\n<div class=\"item-details\">\n<h3 class=\"entry-title td-module-title\"><a href=\"https:\/\/r3media.ro\/cand-incepe-scoala-in-2026-structura-an-nou-scolar\/\" rel=\"bookmark\" title=\"C\u00e2nd \u00eencepe \u0219coala \u00een 2026: Structura noului an \u0219colar, vacan\u021bele \u0219i zilele libere\">C\u00e2nd \u00eencepe \u0219coala \u00een 2026: Structura noului an \u0219colar, vacan\u021bele \u0219i zilele libere<\/a><\/h3>\n<div class=\"td-module-meta-info\"><a href=\"https:\/\/r3media.ro\/category\/actualitate\/\" class=\"td-post-category\">ACTUALITATE<\/a><span class=\"td-post-author-name\"><a href=\"https:\/\/r3media.ro\/author\/oana\/\">Oana Ivan<\/a><span>&#8211;<\/span><\/span><span class=\"td-post-date\"><time class=\"entry-date updated td-module-date\" datetime=\"2026-08-03T22:23:20+03:00\">03\/08\/2026<\/time><\/span><\/div>\n<\/div>\n<\/div>\n<\/div>\n<\/div>\n<div class=\"td-block-row\">\n<div class=\"td-block-span6\">\n<div class=\"td_module_8 td_module_wrap\">\n<div class=\"item-details\">\n<h3 class=\"entry-title td-module-title\"><a href=\"https:\/\/r3media.ro\/tara-europa-norvegia-masini-electrice-inmatriculate-cota-ridicata\/\" rel=\"bookmark\" title=\"\u021aara din Europa unde aproape toate ma\u0219inile \u00eenmatriculate sune electrice. Cota a ajuns la 97,6% \u00een iulie\">\u021aara din Europa unde aproape toate ma\u0219inile \u00eenmatriculate sune electrice. Cota a ajuns la&#8230;<\/a><\/h3>\n<div class=\"td-module-meta-info\"><a href=\"https:\/\/r3media.ro\/category\/actualitate\/\" class=\"td-post-category\">ACTUALITATE<\/a><span class=\"td-post-author-name\"><a href=\"https:\/\/r3media.ro\/author\/oana\/\">Oana Ivan<\/a><span>&#8211;<\/span><\/span><span class=\"td-post-date\"><time class=\"entry-date updated td-module-date\" datetime=\"2026-08-03T17:01:21+03:00\">03\/08\/2026<\/time><\/span><\/div>\n<\/div>\n<\/div>\n<\/div>\n<div class=\"td-block-span6\">\n<div class=\"td_module_8 td_module_wrap\">\n<div class=\"item-details\">\n<h3 class=\"entry-title td-module-title\"><a href=\"https:\/\/r3media.ro\/puterea-mitologica-instalata-a-romaniei\/\" rel=\"bookmark\" title=\"Puterea mitologic\u0103 instalat\u0103 a Rom\u00e2niei\">Puterea mitologic\u0103 instalat\u0103 a Rom\u00e2niei<\/a><\/h3>\n<div class=\"td-module-meta-info\"><a href=\"https:\/\/r3media.ro\/category\/opinii\/\" class=\"td-post-category\">OPINII<\/a><span class=\"td-post-author-name\"><a href=\"https:\/\/r3media.ro\/author\/tru\/\">TRU (Traian Ungureanu)<\/a><span>&#8211;<\/span><\/span><span class=\"td-post-date\"><time class=\"entry-date updated td-module-date\" datetime=\"2026-08-02T22:08:04+03:00\">02\/08\/2026<\/time><\/span><\/div>\n<\/div>\n<\/div>\n<\/div>\n<\/div>\n<div class=\"td-block-row\">\n<div class=\"td-block-span6\">\n<div class=\"td_module_8 td_module_wrap\">\n<div class=\"item-details\">\n<h3 class=\"entry-title td-module-title\"><a href=\"https:\/\/r3media.ro\/hyundai-recheama-service-masini-electrice-inster-risc-incendiu\/\" rel=\"bookmark\" title=\"Hyundai recheam\u0103 \u00een service zeci de mii de ma\u0219ini electrice din cauza riscului de incendiu\">Hyundai recheam\u0103 \u00een service zeci de mii de ma\u0219ini electrice din cauza riscului de&#8230;<\/a><\/h3>\n<div class=\"td-module-meta-info\"><a href=\"https:\/\/r3media.ro\/category\/actualitate\/\" class=\"td-post-category\">ACTUALITATE<\/a><span class=\"td-post-author-name\"><a href=\"https:\/\/r3media.ro\/author\/oana\/\">Oana Ivan<\/a><span>&#8211;<\/span><\/span><span class=\"td-post-date\"><time class=\"entry-date updated td-module-date\" datetime=\"2026-08-02T08:34:05+03:00\">02\/08\/2026<\/time><\/span><\/div>\n<\/div>\n<\/div>\n<\/div>\n<div class=\"td-block-span6\">\n<div class=\"td_module_8 td_module_wrap\">\n<div class=\"item-details\">\n<h3 class=\"entry-title td-module-title\"><a href=\"https:\/\/r3media.ro\/dragostea-care-transcende-epoci-descult-in-parc-1967\/\" rel=\"bookmark\" title=\"Dragostea care transcende epoci \u2014 Descul\u021b \u00een parc (1967)\">Dragostea care transcende epoci \u2014 Descul\u021b \u00een parc (1967)<\/a><\/h3>\n<div class=\"td-module-meta-info\"><a href=\"https:\/\/r3media.ro\/category\/opinii\/\" class=\"td-post-category\">OPINII<\/a><span class=\"td-post-author-name\"><a href=\"https:\/\/r3media.ro\/author\/costi_balasoiu\/\">Constantin B\u0103l\u0103\u0219oiu<\/a><span>&#8211;<\/span><\/span><span class=\"td-post-date\"><time class=\"entry-date updated td-module-date\" datetime=\"2026-08-01T13:45:14+03:00\">01\/08\/2026<\/time><\/span><\/div>\n<\/div>\n<\/div>\n<\/div>\n<\/div>\n<\/div>\n<div class=\"td-load-more-wrap td-load-more-infinite-wrap\" id=\"infinite-lm-tdi_20\"><a href=\"https:\/\/r3media.ro\/calendarul-zilei-14-august-moartea-sergiu-celibidache\/\" class=\"td_ajax_load_more td_ajax_load_more_js\" aria-label=\"\u00cenc\u0103rca\u021bi mai multe\" id=\"next-page-tdi_20\" data-td_block_id=\"tdi_20\">\u00cenc\u0103rca\u021bi mai multe<\/a><\/div>\n<\/div>\n<div class=\"td_block_wrap tdb_single_comments tdi_21 tdb-comm-layout2 td-pb-border-top td_block_template_1\" data-td-block-uid=\"tdi_21\">\n<div class=\"tdb-block-inner td-fix-index\">\n<div class=\"comments\" id=\"comments\">\n<div id=\"respond\" class=\"comment-respond\">\n<h3 id=\"reply-title\" class=\"comment-reply-title\">AI CEVA DE SPUS? <small><a rel=\"nofollow\" id=\"cancel-comment-reply-link\" href=\"https:\/\/r3media.ro\/calendarul-zilei-14-august-moartea-sergiu-celibidache\/#respond\">Renun\u021ba\u021bi la r\u0103spuns<\/a><\/small><\/h3>\n<div class=\"comment-form-input-wrap td-form-comment\">\n<div class=\"td-warning-comment\">V\u0103 rug\u0103m s\u0103 introduce\u021bi comentariul dvs.!<\/div>\n<\/div>\n<div class=\"comment-form-input-wrap td-form-author\">\n<div class=\"td-warning-author\">Introduce\u021bi aici numele dvs.<\/div>\n<\/div>\n<div class=\"comment-form-input-wrap td-form-email\">\n<div class=\"td-warning-email-error\">A\u021bi introdus o adres\u0103 de e-mail incorect\u0103!<\/div>\n<div class=\"td-warning-email\">V\u0103 rug\u0103m s\u0103 introduce\u021bi adresa dvs. de e-mail aici<\/div>\n<\/div>\n<\/div>\n<\/div>\n<\/div>\n<\/div>\n<\/div>\n<\/div>\n<div class=\"vc_column tdi_23  wpb_column vc_column_container tdc-column td-pb-span4 td-is-sticky\">\n<div class=\"wpb_wrapper\" data-sticky-enabled-on=\"W3RydWUsdHJ1ZSx0cnVlLHRydWVd\" data-sticky-offset=\"20\" data-sticky-is-width-auto=\"W2ZhbHNlLGZhbHNlLGZhbHNlLGZhbHNlXQ==\">\n<div class=\"wpb_wrapper td_block_wrap vc_widget_sidebar tdi_25 \">\n<div class=\"td_block_wrap td_block_7 td_block_widget tdi_26 td-pb-border-top td_block_template_1 td-column-1 td_block_padding\" data-td-block-uid=\"tdi_26\">\n<div class=\"td-block-title-wrap\">\n<h4 class=\"block-title td-block-title\"><span class=\"td-pulldown-size\">Articole RELA\u021aIONATE<\/span><\/h4>\n<\/div>\n<div id=\"tdi_26\" class=\"td_block_inner\">\n<div class=\"td-block-span12\">\n<div class=\"td_module_6 td_module_wrap td-animation-stack\">\n<div class=\"td-module-thumb\"><a href=\"https:\/\/r3media.ro\/calendarul-zilei-14-august-inainte-praznuirea-adormirii-maicii-domnului-sf-proroc-miheia\/\" rel=\"bookmark\" class=\"td-image-wrap \" title=\"Calendarul zilei 14 august: \u00cenainte-pr\u0103znuirea Adormirii Maicii Domnului; Sf. Proroc Miheia\"><img loading=\"lazy\" decoding=\"async\" class=\"entry-thumb\" src=\"https:\/\/r3media.ro\/wp-content\/uploads\/2026\/08\/14-AUG-mheia-100x70.jpg\" alt title=\"Calendarul zilei 14 august: \u00cenainte-pr\u0103znuirea Adormirii Maicii Domnului; Sf. Proroc Miheia\" width=\"100\" height=\"70\"><\/a><\/div>\n<div class=\"item-details\">\n<h3 class=\"entry-title td-module-title\"><a href=\"https:\/\/r3media.ro\/calendarul-zilei-14-august-inainte-praznuirea-adormirii-maicii-domnului-sf-proroc-miheia\/\" rel=\"bookmark\" title=\"Calendarul zilei 14 august: \u00cenainte-pr\u0103znuirea Adormirii Maicii Domnului; Sf. Proroc Miheia\">Calendarul zilei 14 august: \u00cenainte-pr\u0103znuirea Adormirii Maicii Domnului; Sf. Proroc Miheia<\/a><\/h3>\n<div class=\"td-module-meta-info\"><span class=\"td-post-date\"><time class=\"entry-date updated td-module-date\" datetime=\"2026-08-13T22:58:08+03:00\">13\/08\/2026<\/time><\/span><\/div>\n<\/div>\n<\/div>\n<\/div>\n<div class=\"td-block-span12\">\n<div class=\"td_module_6 td_module_wrap td-animation-stack\">\n<div class=\"td-module-thumb\"><a href=\"https:\/\/r3media.ro\/cornel-nistorescu-ambulanta-recea-cristur-stiri-false-interzicere\/\" rel=\"bookmark\" class=\"td-image-wrap \" title=\"Cornel Nistorescu, despre incidentul cu ambulan\u021ba de la Recea-Cristur: Statul rom\u00e2n a\u0219teapt\u0103 s\u0103 interzic\u0103 \u0219tirile false \u0219i, pe l\u00eeng\u0103, tot ce nu convine puterii\"><img loading=\"lazy\" decoding=\"async\" class=\"entry-thumb\" src=\"https:\/\/r3media.ro\/wp-content\/uploads\/2021\/02\/cornel-nistorescu-simion-sosoaca-100x70.jpg\" alt title=\"Cornel Nistorescu, despre incidentul cu ambulan\u021ba de la Recea-Cristur: Statul rom\u00e2n a\u0219teapt\u0103 s\u0103 interzic\u0103 \u0219tirile false \u0219i, pe l\u00eeng\u0103, tot ce nu convine puterii\" width=\"100\" height=\"70\"><\/a><\/div>\n<div class=\"item-details\">\n<h3 class=\"entry-title td-module-title\"><a href=\"https:\/\/r3media.ro\/cornel-nistorescu-ambulanta-recea-cristur-stiri-false-interzicere\/\" rel=\"bookmark\" title=\"Cornel Nistorescu, despre incidentul cu ambulan\u021ba de la Recea-Cristur: Statul rom\u00e2n a\u0219teapt\u0103 s\u0103 interzic\u0103 \u0219tirile false \u0219i, pe l\u00eeng\u0103, tot ce nu convine puterii\">Cornel Nistorescu, despre incidentul cu ambulan\u021ba de la Recea-Cristur: Statul rom\u00e2n&#8230;<\/a><\/h3>\n<div class=\"td-module-meta-info\"><span class=\"td-post-date\"><time class=\"entry-date updated td-module-date\" datetime=\"2026-08-13T16:32:49+03:00\">13\/08\/2026<\/time><\/span><\/div>\n<\/div>\n<\/div>\n<\/div>\n<div class=\"td-block-span12\">\n<div class=\"td_module_6 td_module_wrap td-animation-stack\">\n<div class=\"td-module-thumb\"><a href=\"https:\/\/r3media.ro\/petrisor-peiu-ministerul-energiei-licitatie-centrala-turceni\/\" rel=\"bookmark\" class=\"td-image-wrap \" title=\"Petri\u0219or Peiu (AUR): De \u0219apte luni, Ministerul Energiei nu este capabil sa evalueze SINGURA ofert\u0103 depus\u0103 la licita\u021bia pentru construc\u021bia centralei de la Turceni\"><img loading=\"lazy\" decoding=\"async\" class=\"entry-thumb\" src=\"https:\/\/r3media.ro\/wp-content\/uploads\/2026\/07\/petrisor-peiu-100x70.jpeg\" alt title=\"Petri\u0219or Peiu (AUR): De \u0219apte luni, Ministerul Energiei nu este capabil sa evalueze SINGURA ofert\u0103 depus\u0103 la licita\u021bia pentru construc\u021bia centralei de la Turceni\" width=\"100\" height=\"70\"><\/a><\/div>\n<div class=\"item-details\">\n<h3 class=\"entry-title td-module-title\"><a href=\"https:\/\/r3media.ro\/petrisor-peiu-ministerul-energiei-licitatie-centrala-turceni\/\" rel=\"bookmark\" title=\"Petri\u0219or Peiu (AUR): De \u0219apte luni, Ministerul Energiei nu este capabil sa evalueze SINGURA ofert\u0103 depus\u0103 la licita\u021bia pentru construc\u021bia centralei de la Turceni\">Petri\u0219or Peiu (AUR): De \u0219apte luni, Ministerul Energiei nu este capabil&#8230;<\/a><\/h3>\n<div class=\"td-module-meta-info\"><span class=\"td-post-date\"><time class=\"entry-date updated td-module-date\" datetime=\"2026-08-13T15:41:12+03:00\">13\/08\/2026<\/time><\/span><\/div>\n<\/div>\n<\/div>\n<\/div>\n<div class=\"td-block-span12\">\n<div class=\"td_module_6 td_module_wrap td-animation-stack\">\n<div class=\"td-module-thumb\"><a href=\"https:\/\/r3media.ro\/radu-naum-david-popovici-dialog-rus\/\" rel=\"bookmark\" class=\"td-image-wrap \" title=\"Ziaristul Radu Naum consider\u0103 c\u0103 dialogul amical dintre David Popovici \u0219i adversarul s\u0103u rus ar fi fost \u201eopera\u021biune ruseasc\u0103\u201d de manipulare\"><img loading=\"lazy\" decoding=\"async\" class=\"entry-thumb\" src=\"https:\/\/r3media.ro\/wp-content\/uploads\/2026\/08\/david-popovici-egor-kornev-100x70.webp\" alt title=\"Ziaristul Radu Naum consider\u0103 c\u0103 dialogul amical dintre David Popovici \u0219i adversarul s\u0103u rus ar fi fost \u201eopera\u021biune ruseasc\u0103\u201d de manipulare\" width=\"100\" height=\"70\"><\/a><\/div>\n<div class=\"item-details\">\n<h3 class=\"entry-title td-module-title\"><a href=\"https:\/\/r3media.ro\/radu-naum-david-popovici-dialog-rus\/\" rel=\"bookmark\" title=\"Ziaristul Radu Naum consider\u0103 c\u0103 dialogul amical dintre David Popovici \u0219i adversarul s\u0103u rus ar fi fost \u201eopera\u021biune ruseasc\u0103\u201d de manipulare\">Ziaristul Radu Naum consider\u0103 c\u0103 dialogul amical dintre David Popovici \u0219i&#8230;<\/a><\/h3>\n<div class=\"td-module-meta-info\"><span class=\"td-post-date\"><time class=\"entry-date updated td-module-date\" datetime=\"2026-08-13T14:24:30+03:00\">13\/08\/2026<\/time><\/span><\/div>\n<\/div>\n<\/div>\n<\/div>\n<div class=\"td-block-span12\">\n<div class=\"td_module_6 td_module_wrap td-animation-stack\">\n<div class=\"td-module-thumb\"><a href=\"https:\/\/r3media.ro\/toti-ma-stie-la-fundulea\/\" rel=\"bookmark\" class=\"td-image-wrap \" title=\"\u201eTo\u021bi m\u0103 \u0219tie la Fundulea\u201d!\"><img loading=\"lazy\" decoding=\"async\" class=\"entry-thumb\" src=\"https:\/\/r3media.ro\/wp-content\/uploads\/2026\/08\/Islanda-UE-100x70.jpg\" alt title=\"\u201eTo\u021bi m\u0103 \u0219tie la Fundulea\u201d!\" width=\"100\" height=\"70\"><\/a><\/div>\n<div class=\"item-details\">\n<h3 class=\"entry-title td-module-title\"><a href=\"https:\/\/r3media.ro\/toti-ma-stie-la-fundulea\/\" rel=\"bookmark\" title=\"\u201eTo\u021bi m\u0103 \u0219tie la Fundulea\u201d!\">\u201eTo\u021bi m\u0103 \u0219tie la Fundulea\u201d!<\/a><\/h3>\n<div class=\"td-module-meta-info\"><span class=\"td-post-date\"><time class=\"entry-date updated td-module-date\" datetime=\"2026-08-13T11:27:34+03:00\">13\/08\/2026<\/time><\/span><\/div>\n<\/div>\n<\/div>\n<\/div>\n<div class=\"td-block-span12\">\n<div class=\"td_module_6 td_module_wrap td-animation-stack\">\n<div class=\"td-module-thumb\"><a href=\"https:\/\/r3media.ro\/sri-in-scoli-expert-scuza-monitorizare-radicalizare\/\" rel=\"bookmark\" class=\"td-image-wrap \" title=\"SRI \u00een \u0219coli. Expert: SRI \u0219i \u201eb\u0103e\u021bii\u201d vor folosi aceast\u0103 scuz\u0103 c\u0103 \u201emonitorizeaz\u0103 radicalizarea\u201d ca s\u0103 vin\u0103 dup\u0103 oricine bate la ochi\"><img loading=\"lazy\" decoding=\"async\" class=\"entry-thumb\" src=\"https:\/\/r3media.ro\/wp-content\/uploads\/2026\/02\/supraveghere-mai-spatiu-online-100x70.jpg\" alt title=\"SRI \u00een \u0219coli. Expert: SRI \u0219i \u201eb\u0103e\u021bii\u201d vor folosi aceast\u0103 scuz\u0103 c\u0103 \u201emonitorizeaz\u0103 radicalizarea\u201d ca s\u0103 vin\u0103 dup\u0103 oricine bate la ochi\" width=\"100\" height=\"70\"><\/a><\/div>\n<div class=\"item-details\">\n<h3 class=\"entry-title td-module-title\"><a href=\"https:\/\/r3media.ro\/sri-in-scoli-expert-scuza-monitorizare-radicalizare\/\" rel=\"bookmark\" title=\"SRI \u00een \u0219coli. Expert: SRI \u0219i \u201eb\u0103e\u021bii\u201d vor folosi aceast\u0103 scuz\u0103 c\u0103 \u201emonitorizeaz\u0103 radicalizarea\u201d ca s\u0103 vin\u0103 dup\u0103 oricine bate la ochi\">SRI \u00een \u0219coli. Expert: SRI \u0219i \u201eb\u0103e\u021bii\u201d vor folosi aceast\u0103 scuz\u0103&#8230;<\/a><\/h3>\n<div class=\"td-module-meta-info\"><span class=\"td-post-date\"><time class=\"entry-date updated td-module-date\" datetime=\"2026-08-13T11:20:33+03:00\">13\/08\/2026<\/time><\/span><\/div>\n<\/div>\n<\/div>\n<\/div>\n<div class=\"td-block-span12\">\n<div class=\"td_module_6 td_module_wrap td-animation-stack\">\n<div class=\"td-module-thumb\"><a href=\"https:\/\/r3media.ro\/patriarhul-daniel-duminica-romanilor-migranti-rugaciune-pentru-familiile-despartite\/\" rel=\"bookmark\" class=\"td-image-wrap \" title=\"Patriarhul Daniel, mesaj la Duminica rom\u00e2nilor migran\u021bi: Rug\u0103ciune pentru familiile desp\u0103r\u021bite de distan\u021be\"><img loading=\"lazy\" decoding=\"async\" class=\"entry-thumb\" src=\"https:\/\/r3media.ro\/wp-content\/uploads\/2020\/09\/scrisoare-catre-patriarhul-daniel-100x70.jpg\" alt title=\"Patriarhul Daniel, mesaj la Duminica rom\u00e2nilor migran\u021bi: Rug\u0103ciune pentru familiile desp\u0103r\u021bite de distan\u021be\" width=\"100\" height=\"70\"><\/a><\/div>\n<div class=\"item-details\">\n<h3 class=\"entry-title td-module-title\"><a href=\"https:\/\/r3media.ro\/patriarhul-daniel-duminica-romanilor-migranti-rugaciune-pentru-familiile-despartite\/\" rel=\"bookmark\" title=\"Patriarhul Daniel, mesaj la Duminica rom\u00e2nilor migran\u021bi: Rug\u0103ciune pentru familiile desp\u0103r\u021bite de distan\u021be\">Patriarhul Daniel, mesaj la Duminica rom\u00e2nilor migran\u021bi: Rug\u0103ciune pentru familiile desp\u0103r\u021bite&#8230;<\/a><\/h3>\n<div class=\"td-module-meta-info\"><span class=\"td-post-date\"><time class=\"entry-date updated td-module-date\" datetime=\"2026-08-13T10:38:37+03:00\">13\/08\/2026<\/time><\/span><\/div>\n<\/div>\n<\/div>\n<\/div>\n<\/div>\n<\/div>\n<aside class=\"td_block_template_1 widget widget_recent_comments\">\n<h4 class=\"block-title\"><span>INTR\u0102 \u00ceN DISCU\u021aIE!<\/span><\/h4>\n<ul id=\"recentcomments\">\n<li class=\"recentcomments\"><span class=\"comment-author-link\">Nicu<\/span> la <a href=\"https:\/\/r3media.ro\/sri-in-scoli-expert-scuza-monitorizare-radicalizare\/#comment-40383\">SRI \u00een \u0219coli. Expert: SRI \u0219i \u201eb\u0103e\u021bii\u201d vor folosi aceast\u0103 scuz\u0103 c\u0103 \u201emonitorizeaz\u0103 radicalizarea\u201d ca s\u0103 vin\u0103 dup\u0103 oricine bate la ochi<\/a><\/li>\n<li class=\"recentcomments\"><span class=\"comment-author-link\">Nicu<\/span> la <a href=\"https:\/\/r3media.ro\/radu-naum-david-popovici-dialog-rus\/#comment-40382\">Ziaristul Radu Naum consider\u0103 c\u0103 dialogul amical dintre David Popovici \u0219i adversarul s\u0103u rus ar fi fost \u201eopera\u021biune ruseasc\u0103\u201d de manipulare<\/a><\/li>\n<li class=\"recentcomments\"><span class=\"comment-author-link\">E.T.<\/span> la <a href=\"https:\/\/r3media.ro\/cornel-nistorescu-ambulanta-recea-cristur-stiri-false-interzicere\/#comment-40381\">Cornel Nistorescu, despre incidentul cu ambulan\u021ba de la Recea-Cristur: Statul rom\u00e2n a\u0219teapt\u0103 s\u0103 interzic\u0103 \u0219tirile false \u0219i, pe l\u00eeng\u0103, tot ce nu convine puterii<\/a><\/li>\n<li class=\"recentcomments\"><span class=\"comment-author-link\">E.T.<\/span> la <a href=\"https:\/\/r3media.ro\/sri-in-scoli-expert-scuza-monitorizare-radicalizare\/#comment-40380\">SRI \u00een \u0219coli. Expert: SRI \u0219i \u201eb\u0103e\u021bii\u201d vor folosi aceast\u0103 scuz\u0103 c\u0103 \u201emonitorizeaz\u0103 radicalizarea\u201d ca s\u0103 vin\u0103 dup\u0103 oricine bate la ochi<\/a><\/li>\n<li class=\"recentcomments\"><span class=\"comment-author-link\">E.T.<\/span> la <a href=\"https:\/\/r3media.ro\/video-david-popovici-paris-aur\/#comment-40379\">VIDEO | David Popovici, rege pentru a treia oar\u0103 la Paris: aur \u0219i record al competi\u021biei la 100 m liber<\/a><\/li>\n<li class=\"recentcomments\"><span class=\"comment-author-link\">Dan C.<\/span> la <a href=\"https:\/\/r3media.ro\/trotinetele-electrice-interzise-cernauti\/#comment-40378\">Trotinetele electrice au fost interzise la Cern\u0103u\u021bi<\/a><\/li>\n<li class=\"recentcomments\"><span class=\"comment-author-link\">Nicu<\/span> la <a href=\"https:\/\/r3media.ro\/procedura-oprire-controlata-unitatea-2-reactor-nuclear-cernavoda-scufundare-barje-detonare-stanci\/#comment-40377\">Unitatea 2 de la Centrala Nuclear\u0103 Cernavod\u0103 a intrat \u00een procedura de oprire controlat\u0103. Scufundarea barjelor \u0219i detonarea st\u00e2ncilor de pe Dun\u0103re au avut efect zero<\/a><\/li>\n<\/ul>\n<\/aside>\n<aside class=\"td_block_template_1 widget widget_search\">\n<h4 class=\"block-title\"><span>CAUT\u0102 \u0218I VEI G\u0102SI<\/span><\/h4>\n<\/aside>\n<\/div>\n<\/div>\n<\/div>\n<\/div>\n<\/div>\n<\/div>\n<\/div>\n<p><span class=\"td-page-meta\"><\/span><span class=\"td-page-meta\"><span class=\"td-page-meta\"><\/span><\/span><span class=\"td-page-meta\"><\/span><\/article>\n<\/p>\n<div class=\"td_block_wrap tdb_single_content tdi_18 td-pb-border-top td_block_template_1 td-post-content tagdiv-type\" data-td-block-uid=\"tdi_18\">\n<div class=\"tdb-block-inner td-fix-index\">\n<p><strong>Pe 14 august, rom\u00e2nii \u0219i planeta \u00eentreag\u0103 comemoreaz\u0103 trecerea la cele ve\u0219nice a marelui dirijor, compozitor \u0219i pianist Sergiu Celibidache.<\/strong><\/p>\n<p>Iat\u0103 biografia marelui artist, realizat\u0103 de <a href=\"https:\/\/www.radioromaniacultural.ro\/portret-sergiu-celibidache-un-filosof-al-muzicii-universale\/\" target=\"_blank\" rel=\"noopener\">R\u0103zvan Moceanu pentru Rador:<\/a><\/p>\n<p>Sergiu Celibidache s-a n\u0103scut la Roman, jude\u0163ul Neam\u0163, la 28 iunie 1912, tat\u0103l s\u0103u fiind Demostene, cu origini grece\u015fti, ofi\u021ber de cavalerie, prefect al Ia\u0219ului \u0219i, \u00eencep\u00e2nd cu anul 1922, ajutor de primar al aceluia\u0219i ora\u0219, iar mama sa, Maria, n\u0103scut\u0103 Br\u0103teanu, a fost profesoar\u0103 de chimie.<\/p>\n<p>C\u00e2nd copilul \u00eemplinea \u015fase luni, familia se mut\u0103 la Ia\u015fi, iar anii care au urmat au \u00eensemnat un zbucium pentru p\u0103rin\u0163ii s\u0103i, fiindc\u0103 cel mic nu scotea niciun cuv\u00e2nt.<\/p>\n<p>Abia pe la v\u00e2rsta de trei ani, viitorul mare dirijor se hot\u0103ra s\u0103 pronun\u0163e primele silabe, iar un an mai t\u00e2rziu \u00eencepea deja s\u0103 c\u00e2nte la pian, singur, uimindu-\u015fi familia.<\/p>\n<p>Despre acest moment, Celibidache avea s\u0103 m\u0103rturiseasc\u0103 peste ani: \u201eC\u00e2nd aveam 4 ani d\u0103deam concerte, a\u015fa, f\u0103r\u0103 public, \u00eentr-un pod gol, f\u0103r\u0103 lumin\u0103, cu mult praf, \u015fi foarte rece. Mul\u0163umeam publicului, de\u015fi nu \u015ftiam ce \u00eenseamn\u0103 asta. Fusesem o dat\u0103 la un concert adev\u0103rat unde am v\u0103zut c\u0103 se aplauda, c\u0103 se mul\u0163umea la sf\u00e2r\u015fit \u015fi, atunci, o f\u0103ceam f\u0103r\u0103 s\u0103 \u015ftiu s\u0103 c\u00e2nt la pian, nu c\u00e2ntam, mi se p\u0103rea doar foarte interesant.\u201d<\/p>\n<p>Celibidache \u015fi-a tr\u0103it anii copil\u0103riei \u00een umbra unui tat\u0103 autoritar, care \u00eel vedea ca pe urma\u015ful s\u0103u, la conducerea provinciei.<\/p>\n<p>\u0218i-a efectuat studiile liceale \u0219i muzicale la Seminarul Pedagogic din Ia\u0219i, p\u00e2n\u0103 \u00een 1930, demonstr\u00e2nd o inteligen\u0163\u0103 ie\u015fit\u0103 din comun, iar imediat dup\u0103 aceea, la v\u00e2rsta de 18 ani, p\u0103r\u0103se\u015fte definitiv casa p\u0103rinteasc\u0103, pentru a-\u015fi putea urma cariera muzical\u0103 visat\u0103, dup\u0103 ce tat\u0103l s\u0103u \u00ee\u015fi dorea cu insisten\u0163\u0103, pentru el, o carier\u0103 politic\u0103.<\/p>\n<p>\u015ei-a continuat studiile la Bucure\u015fti, sub \u00eendrumarea lui Theodor Rogalski (teorie-solfegiu, pian) \u0219i a lui Theodor Cosma (jazz), c\u00e2\u015ftig\u00e2ndu-\u015fi existen\u0163a \u00een calitate de pianist corepetitor la o \u015fcoal\u0103 de dans, \u00eens\u0103 visul s\u0103u pentru o carier\u0103 muzical\u0103 avea s\u0103 \u00eensemne ani de s\u0103r\u0103cie cumplit\u0103, doar pentru a-\u015fi urma pasiunea.<\/p>\n<hr>\n<p>\u00cen anul 1935 \u00ee\u015fi satisface stagiul militar, apoi pleac\u0103 la Paris unde \u00ee\u0219i continu\u0103 studiile.<\/p>\n<p>Dup\u0103 cea a ascultat la radio un cvartet de coarde de Heinz Tiessen, se hot\u0103r\u0103\u015fte s\u0103 compun\u0103 propriul cvartet de coarde, pe care i-l trimite lui Tiessen, profesor la Facultatea de Muzic\u0103 din Berlin, care remarc\u0103 poten\u021bialul muzical deosebit al lui Celibidache \u015fi \u00eel invit\u0103 la Berlin.<\/p>\n<p>Marele dirijor avea s\u0103 se mute la Berlin, \u00eenva\u021b\u0103 \u00een cel mai scurt timp limba german\u0103, apoi se \u00eenscrie la Facultatea de Muzic\u0103 a Universitatii Friedrich-Wilhelm, unde a studiat printre al\u0163ii cu Tiessen (compozi\u021bie), Hugo Distler (contrapunct), Kurt Thomas \u0219i Fritz Stein (teorie), Georg Schunemann (muzicologie) \u015fi Walter Gmeindl (dirijat).<\/p>\n<p>\u00cen anul 1939, se \u00eent\u00e2lne\u015fte cu preotul budist, germanul Martin Steinke (Dao Jun) \u2013 care \u00eel introduce \u00een budismul-Zen \u2013 , de care \u00eel va lega o frumoas\u0103 prietenie \u015fi care avea s\u0103-i influen\u0163eze cariera muzical\u0103 pe mai departe.<\/p>\n<p>Urmeaz\u0103 o perioad\u0103 \u00een care se dedic\u0103 compozi\u021biei propriilor lucr\u0103ri, dar \u00eencepe \u0219i s\u0103 dirijeze corurile lucr\u0103torilor feroviari \u0219i ale controlorilor de tramvai.<\/p>\n<p>\u00cen anul 1941 prime\u015fte primul angajament ca dirijor permanent, la ansamblul de amatori \u201eOrchester Berliner Musikfreunde\u201d (\u201eOrchestra prietenilor berlinezi ai muzicii\u201d), cu care a sus\u021binut concerte publice.<\/p>\n<p>Este momentul \u00een care Celibidache uluie\u0219te prin memoria extraordinar\u0103, el ajung\u00e2nd s\u0103 cunoasc\u0103 pe de rost toate partiturile.<\/p>\n<p>Celibidache era considerat un student cu aptitudini speciale, iar \u00een perioada celui de-al doi-lea R\u0103zboi Mondial, dup\u0103 ce profesorii au fost obliga\u0163i s\u0103-\u0219i p\u0103r\u0103seasc\u0103 posturile, el a predat chiar propriilor colegi la mai multe materii. Aceasta \u00een condi\u0163iile \u00een care Celibidache nu avea bani, uneori nu avea ce s\u0103 m\u0103n\u00e2nce, sl\u0103bise foarte mult \u0219i a avut norocul s\u0103 primeasc\u0103 o camer\u0103 \u00een care s\u0103 locuiasc\u0103 de la un cuplu de lucr\u0103tori de tramvai.<\/p>\n<p>\u00cen \u00eencheierea anilor de studiu, Celibidache scrie o lucrare de doctorat despre \u201eElementele formative \u00een tehnica de compozi\u021bie a lui Josquin des Pres\u201d (\u201eFormbildende Elemente in der Kompositionstechnik Josquins des Pres\u201d).<\/p>\n<p>La 11 august 1945, la doar 33 de ani, Celibidache a ap\u0103rut la pupitrul Orchestrei de Camer\u0103 din Berlin, apoi c\u00e2\u015ftig\u0103 un concurs de dirijat, organizat de Orchestra Radio din Berlin (Rundfunk Sinfonieorchester Berlin).<\/p>\n<p>La 29 august 1945, este invitat s\u0103 dirijeze Orchestra Filarmonicii din Berlin, \u00een program figur\u00e2nd Uvertura operei B\u0103rbierul din Sevillia de Rossini, Concertul de Fagot de Weber op.76 \u0219i Simfonia a 9-a de Dvorak. Dup\u0103 doar dou\u0103 luni, Celibidache devine noul director muzical al celebrului ansamblu, colaborarea materializ\u00e2ndu-se \u00een ani, \u00een peste 400 de concerte la Berlin \u015fi \u00een numeroase turnee de succes pe marile scene din alte \u0163\u0103ri.<\/p>\n<p>\u00cen anul 1946, are loc prima \u00eent\u00e2lnire cu Wilhelm Furtw\u00e4ngler, la Berlin, concomitent \u00eencep\u00e2nd coresponden\u021ba dintre cei doi \u015fi, \u00een acela\u015fi an, Celibidache \u00eencepe s\u0103 predea la Institutul Interna\u021bional de Muzic\u0103 din Berlin.<\/p>\n<p>\u00cen anul 1948, conduce pentru prima oar\u0103 London Philharmonic Orchestra \u015fi are loc primul turneu de dup\u0103 r\u0103zboi \u00een Anglia al Orchestrei Filarmonice din Berlin.<\/p>\n<p>Tot \u00een 1948, Celibidache semneaz\u0103 primul \u0219i singurul contract de \u00eenregistr\u0103ri cu produc\u0103torul Walter Legge, \u00eens\u0103 maestrul nu a fost mul\u0163umit de sunetul \u201efad\u201d al imprim\u0103rilot, care, \u00een opinia sa prezentau o variant\u0103 deformat\u0103 a realit\u0103\u021bii, astfel c\u0103, de aici \u00eenainte, va prefera doar calea direct\u0103 a concertelor live.<\/p>\n<p>Din anul 1949, Celibidache este dirijor-invitat al unor orchestre de prestigiu din \u00eentreaga lume \u2013 din Austria, Italia, Fran\u0163a, America Central\u0103 \u0219i de Sud, \u00een acela\u015fi an el refuz\u00e2nd postul de dirijor al New York Philharmonic Orchestra.<\/p>\n<p>\u00cen anul 1952, Wilhelm Furtw\u00e4ngler preia din nou postul de dirijor \u0219ef al Orchestrei Filarmonice din Berlin, ins\u0103 Celibidache r\u0103m\u00e2ne ata\u0219at ansamblului.<\/p>\n<p>\u00cen anul urm\u0103tor, prime\u015fte Premiul Berlinez de Art\u0103 pentru Muzic\u0103, are loc ultimul lui concert cu Orchestra Scala din Milano, \u00eens\u0103 \u00eentre Celibidache \u015fi Furtw\u00e4ngler apar primele tensiuni.<\/p>\n<p>\u00cen 1954, maestrul prime\u015fte Crucea de Merit a Republicii Federale Germania, pentru meritele sale \u00een succesele Orchestrei Filarmonice din Berlin.<\/p>\n<p>\u00cen 30 noiembrie 1954 \u2013 ziua mor\u0163ii lui Furtw\u00e4ngler, are loc ultimul concert cu Orchestra Filarmonic\u0103 din Berlin, \u00een perioada ce a urmat, conducerea ansamblului fiind \u00eencredin\u0163at\u0103 lui Herbert von Karajan.<\/p>\n<p>\u00cen anul 1955, Celibidache prime\u015fte Premiul Uniunii Criticilor Germani \u0219i continu\u0103 activitatea concertistic\u0103, mai ales \u00een Italia, unde dirijeaz\u0103 Orchestra Scala din Milano, Orchestra Academiei Santa Cecilia din Roma \u0219i Orchestra Radio a RAI.<\/p>\n<p>\u00cen 1957, dirijeaz\u0103 concertul festiv \u00een onoarea anivers\u0103rii de 70 de ani a profesorului \u0219i mentorului s\u0103u Heinz Tiessen cu Orchestra Radio din Berlin, iar \u00een 1958 au loc primele concerte cu Orchestra Radio din Stuttgart, o orchestr\u0103 care avea s\u0103-i r\u0103m\u00e2n\u0103 foarte apropiat\u0103.<\/p>\n<p>\u00cen anul 1960, \u00eencepe o colaborare cu Capela Regal\u0103 Copenhaga, iar un an mai t\u00e2rziu \u00eentreprinde cu aceasta un amplu \u015fi apreciat turneu \u00een Germania.<\/p>\n<p>La 28 iulie 1962, \u00een ziarul \u201eFrankfurter Allgemeine\u201d apare un articol al lui Celibidache cu titlul \u201e\u00cen\u021belep\u021bii sunt greu de g\u0103sit\u201d, \u00een care artistul \u00ee\u015fi expune ideile despre budism \u015fi \u00een care arat\u0103 c\u0103 \u0219i-a \u00eendreptat aten\u021bia spre a crea, \u00een timpul concertelor sale, condi\u021biile optime pentru ceea ce numea el o \u201cexperien\u021b\u0103 transcedental\u0103\u201d, din perspectiv\u0103 zen \u2013 budist\u0103.<\/p>\n<p>\u00cen anul urm\u0103tor, devine dirijor invitat \u0219i director artistic al Orchestrei Simfonice a Radioului din Stockholm \u015fi realizeaz\u0103 turnee \u00een Suedia, Danemarca, Germania, Elve\u021bia, Spania, Finlanda, Austria, Olanda.<\/p>\n<p>\u00cen anul 1965, Celibidache se c\u0103s\u0103tore\u0219te cu Ioana Procopie Dumitrescu, o pictori\u021b\u0103 pe care o cuno\u0219tea \u00eenc\u0103 din copil\u0103ria lui petrecut\u0103 \u00een Rom\u00e2nia, iar pe 19 iunie 1968 se na\u0219te unicul fiu al lui Celibidache, Serge Ioan.<\/p>\n<p>\u00cen anul 1970, este numit Cavaler al Ordinului Vasa \u00een Stockholm \u0219i i se acord\u0103 , la Copenhaga, Premiul de muzic\u0103 Leonie-Sonning.<\/p>\n<p>O adev\u0103rat\u0103 legend\u0103 a baghetei mondiale, Sergiu Celibidache a revenit rareori \u00een postur\u0103 de dirijor \u00een Rom\u00e2nia, dar \u00een pu\u0163inele d\u0103\u0163i \u00een care a f\u0103cut-o, Radiodifuziunea rom\u00e2n\u0103 i-a fost al\u0103turi. Astfel, \u00een iunie 1970, Sergiu Celibidache a sus\u0163inut la pupitrul Orchestrei Simfonice a Radiodifuziunii Suedeze nu mai pu\u0163in de cinci concerte la Sala Radio, \u00een program figur\u00e2nd \u015fi celebrele Tablouri dintr-o expozi\u0163ie de Modest Mussorgski. Era prima sa revenire \u00een \u0163ar\u0103 dup\u0103 plecarea la numai 24 de ani, \u00een 1936, \u00een Germania.<\/p>\n<p>\u00cen anul 1971, dirijeaz\u0103, la pupitrul Orchestrei Radio din Stuttgart, concertul jubiliar cu ocazia \u00eemplinirii a 25 de ani de la fondarea orchestrei, iar un an mai t\u00e2rziu devine dirijor permanent \u0219i director artistic al acestei orchestre.<\/p>\n<p>\u00cen anul 1973, dirijeaz\u0103 Orchestra Na\u021bional\u0103 ORTF \u00een Paris, iar \u00een 1977, \u00een urma unor ne\u00een\u021belegeri, renun\u021b\u0103 la postul de director artistic al Orchestrei Radio din Stuttgart, r\u0103m\u00e2n\u00e2nd \u00eens\u0103 ata\u0219at ansamblului ca \u0219i \u201edirijor permanent\u201d.<\/p>\n<p>\u00cen anul 1978 revine pentru scurt timp \u00een \u0163ara natal\u0103, unde dirijeaz\u0103 Orchestra Filarmonic\u0103 George Enescu din Bucure\u0219ti, \u00een acela\u015fi an fiind numit profesor onorific la Universitatea Johannes-Gutenberg din Mainz, unde \u00eencepe o lung\u0103 activitate pedagogic\u0103.<\/p>\n<p>La 14 februarie 1979 are loc primul concert cu Filarmonica din M\u00fcnchen, iar dup\u0103 acest succes este numit dirijor \u0219ef al orchestrei \u0219i totodat\u0103 director general de muzic\u0103 al ora\u0219ului M\u00fcnchen.<\/p>\n<p>\u00cen 1980 \u00eencepe s\u0103 sus\u021bin\u0103 \u0219i la M\u00fcnchen cursuri de dirijat, iar \u00een anul 1982 are loc primul turneu \u00een Germania cu Filarmonica din M\u00fcnchen, urm\u00e2nd alte turnee cu aceasta \u00een Fran\u0163a, Italia \u0219i Spania \u0219i concerte la S\u0103pt\u0103m\u00e2nile Festive din Berlin.<\/p>\n<p>\u00cen anul 1984 are loc debutul dirijoral \u00een SUA, al\u0103turi de Orchestra de Studen\u021bi a Institutului Curtis, din Philadelphia, la Carnegie Hall, la New York.<\/p>\n<p>\u00cen 1986, Celibidache dirijeaz\u0103 la M\u00fcnchen dou\u0103 premiere, \u201eLamento di Orlando\u201d de Gunter Bialas \u0219i \u201eSimfonia a 3-a\u201d de Harald Genzmer, iar \u00een 1987 conduce Academia Interna\u021bional\u0103 de Orchestr\u0103 de Tineret la Festivalul de Muzic\u0103 din Schleswig-Holstein \u0219i sus\u021bine cu orchestra, ulterior, concerte \u00een mai multe ora\u0219e.<\/p>\n<p>\u00cen 1987, la \u00eemplinirea v\u00e2rstei de 75 de ani, prime\u015fte Moneda Aurit\u0103 de Onoare a ora\u015fului M\u00fcnchen, apoi distinc\u0163iile Nettuno d\u2019oro, la Bologna \u015fi Acul Aurit de Onoare al ora\u015fului Milano.<\/p>\n<p>\u00cen 1988, la M\u00fcnchen, Celibidache dirijeaz\u0103 premiera simfoniei \u201eDie Lichtung\u201d (\u201eLumini\u0219ul\u201d) de Peter Michael Hamel \u015fi realizeaz\u0103 numeroase turnee la Paris, Rouen, Berlin, Linz, \u00een Israel \u015fi la Moscova.<\/p>\n<p>\u00cen 1989 dirijeaz\u0103 concertul cu ocazia S\u0103rb\u0103torii Na\u021bionale a 40 de ani de la \u00eenfiin\u021barea Republicii Federale Germania.<\/p>\n<p>Neuitat\u0103 r\u0103m\u00e2ne data de 13 februarie 1990, c\u00e2nd Radiodifuziunea rom\u00e2n\u0103 a transmis \u00een direct concertul eveniment sus\u0163inut pe scena Ateneului Rom\u00e2n de Orchestra Filarmonicii din M\u00fcnchen, cu Sergiu Celibidache la pupitru. \u201eM-am n\u0103scut rom\u00e2n, am \u00eemb\u0103tr\u00e2nit rom\u00e2n \u015fi o s\u0103 mor rom\u00e2n\u201d, spunea cu acea ocazie Sergiu Celibidache.<\/p>\n<p>\u00cen anul 1992, revine pentru scurt timp \u00een \u021bar\u0103 unde este numit membru de onoare al Academiei Rom\u00e2ne, iar \u00een 1994 este numit cet\u0103\u021bean de onoare \u0219i Doctor Honoris Causa al Academiei de Art\u0103 din Ia\u0219i. Printre alte distinc\u021bii importante, \u00een 1993 prime\u0219te Marele Ordin German de Art\u0103 \u201cMaximilian\u201d, iar \u00een 1995 este numit Comandor al Artelor \u0219i Literelor de c\u0103tre Guvernul Francez.<\/p>\n<p>\u00cen iunie 1996 Sergiu Celibidache a sus\u021binut ultimul s\u0103u concert la M\u00fcnchen.<\/p>\n<p>A trecut la cele ve\u015fnice la 14 august 1996, la re\u0219edin\u021ba sa din La Neuville-sur-Essonne, departamentul Loiret, \u00een apropiere de Paris, fiind \u00eenmorm\u00e2ntat \u00een micul cimitir al localit\u0103\u0163ii.<\/p>\n<p>Pe 15 august 1996, la o zi de la decesul lui Sergiu Celibidache, prestigioasa publica\u0163ie american\u0103 \u201eThe New York Times\u201c \u00eel descria, \u00eentr-un necrolog dedicat, ca fiind \u201euna dintre marile enigme ale secolului al XX-lea\u201c.<\/p>\n<p>\u00cen anul 1998, \u00een amintirea sa, a fost realizat filmul \u201dGr\u0103dina lui Celibidache\u201d, regia, scenariul \u0219i produc\u021bia apar\u021bin\u00e2ndu-i fiului marelui dirijor, Serge Ioan Celibidache.<\/p>\n<p>\u00cen anul 2011, Radio Rom\u00e2nia Muzical marca \u00eemplinirea a 15 de ani de la moartea lui Sergiu Celibidache, prin difuzarea seriei de emisiuni \u201eAnotimpul discurilor\u201d, reunind \u00eenregistr\u0103ri \u00een premier\u0103 rom\u00e2neasc\u0103 realizate cu marele dirijor. \u00cen acest sens, \u00eentre 8 \u015fi 12 august, la \u201eAnotimpul discurilor\u201d, au putut fi ascultate, \u00een integralitatea lor, cinci CD-uri ce poart\u0103 numele lui Sergiu Celibidache pe copert\u0103, majoritatea \u00eenregistr\u0103rilor fiind realizate al\u0103turi de forma\u0163ii italiene (Orchestra \u015fi Corul RAI din Torino, Orchestra \u201eAlessandro Scarlatti\u201d din Napoli a Radiodifuziunii Italiene), dar \u015fi al\u0103turi de Orchestra Filarmonicii din Berlin, \u00een perioada anilor 1945 \u2013 1958. Aceste discuri din seria \u201eineditelor Sergiu Celibidache\u201d erau difuzate \u00een premier\u0103 rom\u00e2neasc\u0103 gra\u0163ie unui parteneriat \u00eentre Radio Rom\u00e2nia Muzical \u015fi Libr\u0103riile Humanitas \u015fi au fost realizate de Irina Cristina Vasilescu.<\/p>\n<p>\u00cen anul 2012, \u00eemplinirea a 100 de ani de la na\u0219terea sa, marcat\u0103 sub egida UNESCO, a prilejuit numeroase manifest\u0103ri dedicate marelui compozitor \u0219i dirijor, \u00eentre care \u0219i lansarea de c\u0103tre BNR a monedei numismatice comemorative, lansarea, la Biblioteca Academiei Rom\u00e2ne, a volumelor \u201eDespre fenomenologia muzicii\u201d de Sergiu Celibidache \u0219i \u201eCelibidache: \u00cent\u00e2lniri cu un om de excep\u021bie\u201d de Patrick Lang \u0219i Stephane Muller.<\/p>\n<p>Printre alte compozi\u021bii, Sergiu Celibidache este autorul a c\u00e2teva simfonii, a suitelor \u201cGr\u0103dina de buzunar\u201d \u015fi \u201cHaz de necaz\u201d \u015fi a unui mistic Requiem.<\/p>\n<p>Adept al unui stil dirijoral foarte original, Celibidache a fost fascinat de varietatea tempo-urilor: cu c\u00e2t pasajul muzical era mai bogat \u015fi mai complex, cu at\u00e2t tempo-ul devenea mai lent.<\/p>\n<p>A\u015fa cum aminteam, Celibidache a refuzat \u00eenregistr\u0103rile pe discuri, \u015fi doar dup\u0103 dispari\u0163ia sa \u0219i cu acordul familiei, EMI Classics \u0219i Deutsche Grammophon, au putut face disponibile publicului o parte din cele mai faimoase \u00eenregistr\u0103ri live ale marelui artist.<\/p>\n<p>Interpret\u0103rile sale intense, absolut excep\u0163ionale, de un fin echilibru \u0219i de o tr\u0103ire interioar\u0103 puternic\u0103 l-au f\u0103cut pe Celibidache s\u0103 devin\u0103 unul dintre cei mai mari dirijori ai secolului al XX-lea.<\/p>\n<div class=\"crp_related     crp-masonry\">\n<h2>\u00ceN CONTEXT<\/h2>\n<ul>\n<li><a href=\"https:\/\/r3media.ro\/regizor-serge-ioan-celibidachi-fi-mare-dirijor-sergiu-celibidache-romania-tara-neinteleasa-paris-terminat-londra-traieste-bine-probleme\/\" class=\"crp_link post-114053\"><span class=\"crp_title\">Regizorul Serge Ioan Celibidachi, fiul marelui dirijor Sergiu Celibidache: Rom\u00e2nia este o\u2026<\/span><\/a><\/li>\n<li><a href=\"https:\/\/r3media.ro\/3-ianuarie-moartea-lui-sergiu-nicolaescu-probabil-cel-mai-mare-regizor-roman-nume-real\/\" class=\"crp_link post-63133\"><span class=\"crp_title\">Calendarul zilei 3 ianuarie: 13 ani de la moartea lui Sergiu Nicolaescu \/ Care a fost numele\u2026<\/span><\/a><\/li>\n<li><a href=\"https:\/\/r3media.ro\/calendarul-zilei-22-august-moartea-ecaterinei-teodoroiu-ultimele-cuvinte-ale-eroinei-au-fost-inainte-baieti-nu-vedeti-ca-sunt-intre-voi\/\" class=\"crp_link post-26436\"><span class=\"crp_title\">Calendarul zilei 22 august: 108 ani de la moartea Ecaterinei Teodoroiu. Ultimele cuvinte ale\u2026<\/span><\/a><\/li>\n<li><a href=\"https:\/\/r3media.ro\/calendarul-zilei-3-februarie-nasterea-marelui-actor-stefan-iordache-cel-mai-iubit-dintre-pamanteni\/\" class=\"crp_link post-36860\"><span class=\"crp_title\">Calendarul zilei 3 februarie: 85 de ani de la na\u0219terea marelui actor \u0218tefan Iordache, \u201eCel\u2026<\/span><\/a><\/li>\n<li><a href=\"https:\/\/r3media.ro\/calendarul-zilei-21-august-moartea-domnitorului-si-marelui-om-de-cultura-dimitrie-cantemir\/\" class=\"crp_link post-79402\"><span class=\"crp_title\">Calendarul zilei 21 august: 302 de ani de la moartea domnitorului \u0219i marelui om de cultur\u0103,\u2026<\/span><\/a><\/li>\n<li><a href=\"https:\/\/r3media.ro\/calendarul-zilei-10-septembrie-151-de-ani-de-la-moartea-lui-avram-iancu-craisorul-muntilor-este-erou-al-natiunii-romane\/\" class=\"crp_link post-53892\"><span class=\"crp_title\">Calendarul zilei 10 septembrie: 153 de ani de la moartea lui Avram Iancu. \u201eCr\u0103i\u0219orul\u2026<\/span><\/a><\/li>\n<li><a href=\"https:\/\/r3media.ro\/calendarul-zilei-1-martie-penes-curcanul\/\" class=\"crp_link post-14945\"><span class=\"crp_title\">Calendarul zilei 1 martie: 172 de ani de la na\u0219terea lui Pene\u0219 Curcanul, eroul din Vaslui\u2026<\/span><\/a><\/li>\n<li><a href=\"https:\/\/r3media.ro\/calendarul-zilei-19-februarie-nasterea-lui-constantin-brancusi-academia-romana-nu-l-a-refuzat-pe-brancusi\/\" class=\"crp_link post-14238\"><span class=\"crp_title\">Calendarul zilei 19 februarie: 150 de ani de la na\u0219terea lui Constantin Br\u00e2ncu\u0219i. Academia\u2026<\/span><\/a><\/li>\n<\/ul>\n<\/div>\n<\/div>\n<\/div>\n<p>[analyse_source url=&#8221;https:\/\/r3media.ro\/calendarul-zilei-14-august-moartea-sergiu-celibidache\/&#8221;]<\/p>\n","protected":false},"excerpt":{"rendered":"<p>[analyse_image type=&#8221;featured&#8221; src=&#8221;https:\/\/r3media.ro\/wp-content\/uploads\/2022\/08\/sddefault-4.jpghttps:\/\/r3media.ro\/wp-content\/uploads\/2022\/08\/sddefault-4.jpg&#8221;] PRIM PLANCalendarul zilei 14 august: 30 ani de la moartea marelui dirijor Sergiu&#8230; PRIM PLAN\u0218TIRIVIDEO Calendarul zilei 14 august: 30 ani de la moartea marelui dirijor Sergiu Celibidache Redac\u021bia 13\/08\/2026 Pe 14 august, rom\u00e2nii \u0219i planeta \u00eentreag\u0103 comemoreaz\u0103 trecerea la cele ve\u0219nice a marelui dirijor, compozitor \u0219i pianist Sergiu Celibidache. Iat\u0103 biografia [&hellip;]<\/p>\n","protected":false},"author":1,"featured_media":0,"comment_status":"open","ping_status":"","sticky":false,"template":"","format":"standard","meta":{"footnotes":""},"categories":[89],"tags":[226,93],"class_list":["post-2092624","post","type-post","status-publish","format-standard","hentry","category-romania","tag-crawlmanager","tag-r3media-ro"],"_links":{"self":[{"href":"https:\/\/analyse.optim.biz\/index.php?rest_route=\/wp\/v2\/posts\/2092624","targetHints":{"allow":["GET"]}}],"collection":[{"href":"https:\/\/analyse.optim.biz\/index.php?rest_route=\/wp\/v2\/posts"}],"about":[{"href":"https:\/\/analyse.optim.biz\/index.php?rest_route=\/wp\/v2\/types\/post"}],"author":[{"embeddable":true,"href":"https:\/\/analyse.optim.biz\/index.php?rest_route=\/wp\/v2\/users\/1"}],"replies":[{"embeddable":true,"href":"https:\/\/analyse.optim.biz\/index.php?rest_route=%2Fwp%2Fv2%2Fcomments&post=2092624"}],"version-history":[{"count":0,"href":"https:\/\/analyse.optim.biz\/index.php?rest_route=\/wp\/v2\/posts\/2092624\/revisions"}],"wp:attachment":[{"href":"https:\/\/analyse.optim.biz\/index.php?rest_route=%2Fwp%2Fv2%2Fmedia&parent=2092624"}],"wp:term":[{"taxonomy":"category","embeddable":true,"href":"https:\/\/analyse.optim.biz\/index.php?rest_route=%2Fwp%2Fv2%2Fcategories&post=2092624"},{"taxonomy":"post_tag","embeddable":true,"href":"https:\/\/analyse.optim.biz\/index.php?rest_route=%2Fwp%2Fv2%2Ftags&post=2092624"}],"curies":[{"name":"wp","href":"https:\/\/api.w.org\/{rel}","templated":true}]}}