{"id":2092475,"date":"2026-08-13T12:58:13","date_gmt":"2026-08-13T09:58:13","guid":{"rendered":"https:\/\/analyse.optim.biz\/?p=2092475"},"modified":"2026-08-13T12:58:13","modified_gmt":"2026-08-13T09:58:13","slug":"timisoara-atrage-tot-mai-multi-studenti-catre-tehnologie-medicina-si-ai","status":"publish","type":"post","link":"https:\/\/analyse.optim.biz\/?p=2092475","title":{"rendered":"Timi\u0219oara atrage tot mai mul\u021bi studen\u021bi c\u0103tre tehnologie, medicin\u0103 \u0219i AI"},"content":{"rendered":"<p>[analyse_image type=&#8221;featured&#8221; src=&#8221;https:\/\/orasul-timisoara.ro\/wp-content\/uploads\/2026\/04\/timisoara-alba-iulia.jpg&#8221;]<\/p>\n<article id=\"post-40264\" class=\"td-post-template-7 post-40264 post type-post status-publish format-standard has-post-thumbnail category-featured category-stiri-timisoara tag-admitere-2026 tag-alianta-timisoara-universitara tag-digitalizare tag-educatie-2 tag-inteligenta-artificiala-2 tag-medicina-2 tag-robotica tag-studenti-2 tag-timisoara-2 tag-umf-victor-babes tag-universitatea-de-vest-timisoara-2 tag-universitatea-politehnica-timisoara-2 tag-universitati-timisoara-2 tag-usvt td-container-wrap\">\n<div class=\"td-full-screen-header-image-wrap\">\n<div class=\"td-container td-post-header\">\n<div class=\"td-crumb-container\">\n<div class=\"entry-crumbs\"><span><a title=\"Vede\u021bi toate articolele \u00een \u0218tiri Locale\" class=\"entry-crumb\" href=\"https:\/\/orasul-timisoara.ro\/local-category\/stiri-timisoara\/\">\u0218tiri Locale<\/a><\/span><span class=\"td-bred-no-url-last\">Timi\u0219oara atrage tot mai mul\u021bi studen\u021bi c\u0103tre tehnologie, medicin\u0103 \u0219i AI<\/span><\/div>\n<\/div>\n<div class=\"td-post-header-holder\">\n<div class=\"td-parallax-header\">\n<header class=\"td-post-title\">\n<ul class=\"td-category\">\n<li class=\"entry-category\"><a href=\"https:\/\/orasul-timisoara.ro\/local-category\/stiri-timisoara\/\">\u0218tiri Locale<\/a><\/li>\n<\/ul>\n<h1 class=\"entry-title\">Timi\u0219oara atrage tot mai mul\u021bi studen\u021bi c\u0103tre tehnologie, medicin\u0103 \u0219i AI<\/h1>\n<div class=\"td-module-meta-info\">\n<div class=\"td-post-author-name\">\n<div class=\"td-author-by\">De c\u0103tre<\/div>\n<p><a href=\"https:\/\/orasul-timisoara.ro\/author\/timisoara\/\">redactia<\/a><\/p>\n<div class=\"td-author-line\"> &#8211; <\/div>\n<\/div>\n<p><span class=\"td-post-date\"><time class=\"entry-date updated td-module-date\" datetime=\"2026-08-13T15:58:13+03:00\">13\/08\/2026<\/time><\/span><\/div>\n<\/header>\n<\/div>\n<\/div>\n<\/div>\n<div id=\"td-full-screen-header-image\" class=\"td-image-gradient-style7\"><img decoding=\"async\" class=\"td-backstretch\" src=\"https:\/\/orasul-timisoara.ro\/wp-content\/uploads\/2026\/04\/timisoara-alba-iulia.jpg\"><\/div>\n<\/div>\n<div class=\"td-container\">\n<div class=\"td-pb-row\">\n<div class=\"td-pb-span8 td-main-content\" role=\"main\">\n<div class=\"td-ss-main-content\">\n<div class=\"td-post-sharing-top\">\n<div class=\"td-post-sharing-classic\"><iframe title=\"topFacebookLike\" frameborder src=\"https:\/\/www.facebook.com\/plugins\/like.php?href=https:\/\/orasul-timisoara.ro\/local-40264\/&amp;layout=button_count&amp;show_faces=false&amp;width=105&amp;action=like&amp;colorscheme=light&amp;height=21\"><\/iframe><\/div>\n<div id=\"td_social_sharing_article_top\" class=\"td-post-sharing td-ps-bg td-ps-notext td-post-sharing-style1 \">\n<div class=\"td-post-sharing-visible\"><a class=\"td-social-sharing-button td-social-sharing-button-js td-social-network td-social-facebook\" href=\"https:\/\/www.facebook.com\/sharer.php?u=https%3A%2F%2Forasul-timisoara.ro%2Flocal-40264%2F\" title=\"Facebook\"><\/p>\n<div class=\"td-social-but-text\">Facebook<\/div>\n<p><\/a><a class=\"td-social-sharing-button td-social-sharing-button-js td-social-network td-social-twitter\" href=\"https:\/\/twitter.com\/intent\/tweet?text=Timi%C8%99oara+atrage+tot+mai+mul%C8%9Bi+studen%C8%9Bi+c%C4%83tre+tehnologie%2C+medicin%C4%83+%C8%99i+AI&amp;url=https%3A%2F%2Forasul-timisoara.ro%2Flocal-40264%2F&amp;via=orasultm\" title=\"Twitter\"><\/p>\n<div class=\"td-social-but-text\">Twitter<\/div>\n<p><\/a><a class=\"td-social-sharing-button td-social-sharing-button-js td-social-network td-social-whatsapp\" href=\"https:\/\/api.whatsapp.com\/send?text=Timi%C8%99oara+atrage+tot+mai+mul%C8%9Bi+studen%C8%9Bi+c%C4%83tre+tehnologie%2C+medicin%C4%83+%C8%99i+AI%20%0A%0A%20https:\/\/orasul-timisoara.ro\/local-40264\/\" title=\"WhatsApp\"><\/p>\n<div class=\"td-social-but-text\">WhatsApp<\/div>\n<p><\/a><a class=\"td-social-sharing-button td-social-sharing-button-js td-social-network td-social-linkedin\" href=\"https:\/\/www.linkedin.com\/shareArticle?mini=true&amp;url=https:\/\/orasul-timisoara.ro\/local-40264\/&amp;title=Timi%C8%99oara+atrage+tot+mai+mul%C8%9Bi+studen%C8%9Bi+c%C4%83tre+tehnologie%2C+medicin%C4%83+%C8%99i+AI\" title=\"Linkedin\"><\/p>\n<div class=\"td-social-but-text\">Linkedin<\/div>\n<p><\/a><a class=\"td-social-sharing-button td-social-sharing-button-js td-social-network td-social-reddit\" href=\"https:\/\/reddit.com\/submit?url=https:\/\/orasul-timisoara.ro\/local-40264\/&amp;title=Timi%C8%99oara+atrage+tot+mai+mul%C8%9Bi+studen%C8%9Bi+c%C4%83tre+tehnologie%2C+medicin%C4%83+%C8%99i+AI\" title=\"ReddIt\"><\/p>\n<div class=\"td-social-but-text\">ReddIt<\/div>\n<p><\/a><a class=\"td-social-sharing-button td-social-sharing-button-js td-social-network td-social-mail\" href=\"mailto:?subject=Timi%C8%99oara%20atrage%20tot%20mai%20mul%C8%9Bi%20studen%C8%9Bi%20c%C4%83tre%20tehnologie,%20medicin%C4%83%20%C8%99i%20AI&amp;body=https:\/\/orasul-timisoara.ro\/local-40264\/\" title=\"Email\"><\/p>\n<div class=\"td-social-but-text\">Email<\/div>\n<p><\/a><a class=\"td-social-sharing-button td-social-sharing-button-js td-social-network td-social-print\" href=\"https:\/\/orasul-timisoara.ro\/local-40264\/\" title=\"Imprimare\"><\/p>\n<div class=\"td-social-but-text\">Imprimare<\/div>\n<p><\/a><\/div>\n<\/div>\n<\/div>\n<div class=\"td-post-content tagdiv-type\">\n<p class=\"wp-block-paragraph\">Admiterea 2026 la universit\u0103\u021bile din Timi\u0219oara arat\u0103 o orientare tot mai clar\u0103 a tinerilor c\u0103tre domenii precum tehnologia, medicina, inteligen\u021ba artificial\u0103, digitalizarea \u0219i sustenabilitatea. Cele patru universit\u0103\u021bi reunite \u00een Alian\u021ba Timi\u0219oara Universitar\u0103 \u2013 Universitatea de Medicin\u0103 \u0219i Farmacie \u201eVictor Babe\u0219\u201d, Universitatea Politehnica Timi\u0219oara, Universitatea de Vest din Timi\u0219oara \u0219i Universitatea de \u0218tiin\u021bele Vie\u021bii \u201eRegele Mihai I\u201d \u2013 au \u00eenregistrat o cerere important\u0103 pentru programe adaptate noilor realit\u0103\u021bi economice \u0219i profesionale.<\/p>\n<p class=\"wp-block-paragraph\">Rezultatele sesiunii de admitere indic\u0103 at\u00e2t interesul pentru specializ\u0103ri consacrate, c\u00e2t \u0219i apari\u021bia unor noi preferin\u021be. \u00cen paralel, universit\u0103\u021bile \u00ee\u0219i extind oferta cu programe interdisciplinare \u0219i specializ\u0103ri dedicate tehnologiilor emergente, s\u0103n\u0103t\u0103\u021bii, agriculturii de precizie \u0219i form\u0103rii profesioni\u0219tilor pentru domenii aflate \u00een dezvoltare.<\/p>\n<h2 class=\"wp-block-heading\">Admiterea 2026 confirm\u0103 transformarea centrului universitar din Timi\u0219oara<\/h2>\n<p class=\"wp-block-paragraph\">Cele patru universit\u0103\u021bi membre ale Alian\u021bei Timi\u0219oara Universitar\u0103 au atras \u00een aceast\u0103 sesiune candida\u021bi din Rom\u00e2nia \u0219i din numeroase alte \u021b\u0103ri. Rezultatele admiterii arat\u0103 o cre\u0219tere a interesului pentru domenii \u00een care componenta tehnologic\u0103 \u0219i interdisciplinar\u0103 are un rol tot mai important.<\/p>\n<p class=\"wp-block-paragraph\">Timi\u0219oara \u00ee\u0219i consolideaz\u0103 astfel profilul de centru universitar cu o ofert\u0103 diversificat\u0103, \u00een care programele tradi\u021bionale coexist\u0103 cu specializ\u0103ri orientate c\u0103tre profesiile emergente. Universit\u0103\u021bile dezvolt\u0103 \u00een acela\u0219i timp programe \u00een limbi str\u0103ine \u0219i \u00ee\u0219i extind colabor\u0103rile interna\u021bionale.<\/p>\n<p class=\"wp-block-paragraph\">Direc\u021bia este sus\u021binut\u0103 \u0219i de proiectele municipalit\u0103\u021bii dedicate studen\u021bilor. Platforma \u201eStudent \u00een Timi\u0219oara\u201d, lansat\u0103 de Municipiul Timi\u0219oara prin Visit Timi\u0219oara \u00eempreun\u0103 cu Alian\u021ba Timi\u0219oara Universitar\u0103, promoveaz\u0103 ora\u0219ul ca destina\u021bie academic\u0103 \u0219i ofer\u0103 informa\u021bii despre educa\u021bie, oportunit\u0103\u021bi profesionale \u0219i via\u021ba studen\u021beasc\u0103.<\/p>\n<h2 class=\"wp-block-heading\">Aproape 3.500 de candida\u021bi la UMF \u201eVictor Babe\u0219\u201d<\/h2>\n<p class=\"wp-block-paragraph\">Universitatea de Medicin\u0103 \u0219i Farmacie \u201eVictor Babe\u0219\u201d din Timi\u0219oara a atras \u00een acest an aproape 3.500 de candida\u021bi. Institu\u021bia \u00ee\u0219i continu\u0103 astfel evolu\u021bia ascendent\u0103 \u0219i \u00ee\u0219i men\u021bine atractivitatea inclusiv pentru studen\u021bii interna\u021bionali.<\/p>\n<p class=\"wp-block-paragraph\">La sesiunea din 2026 au fost candida\u021bi proveni\u021bi din 65 de \u021b\u0103ri, un indicator al dimensiunii interna\u021bionale a universit\u0103\u021bii \u0219i al interesului pentru programele medicale oferite la Timi\u0219oara.<\/p>\n<p class=\"wp-block-paragraph\">Oferta academic\u0103 a fost completat\u0103 \u00een acest an cu noi programe de studii. Printre acestea se num\u0103r\u0103 masterul \u201ePreven\u021bia \u0219i managementul integral al obezit\u0103\u021bii\u201d, cu o durat\u0103 de doi ani, prezentat drept primul program universitar din Europa Central\u0103 \u0219i de Est dedicat prevenirii \u0219i managementului integrat al obezit\u0103\u021bii.<\/p>\n<p class=\"wp-block-paragraph\">Programul abordeaz\u0103 problematica obezit\u0103\u021bii pe \u00eentregul parcurs al pacientului \u0219i urm\u0103re\u0219te formarea unor speciali\u0219ti capabili s\u0103 lucreze \u00eentr-o abordare integrat\u0103 \u0219i bazat\u0103 pe dovezi \u0219tiin\u021bifice.<\/p>\n<h2 class=\"wp-block-heading\">Noi programe pentru medicin\u0103 \u0219i situa\u021bii de urgen\u021b\u0103<\/h2>\n<p class=\"wp-block-paragraph\">Oferta UMF Timi\u0219oara include \u00eencep\u00e2nd din acest an \u0219i masterul \u201eManagementul dezastrelor \u0219i al situa\u021biilor de urgen\u021b\u0103\u201d, cu o durat\u0103 de doi ani.<\/p>\n<p class=\"wp-block-paragraph\">Un alt program nou este \u201eCosmetic\u0103 medical\u0103 \u0219i tehnologia produsului cosmetic\u201d, organizat la Lugoj \u00een cadrul Facult\u0103\u021bii de Farmacie. Diversificarea programelor reflect\u0103 tendin\u021ba universit\u0103\u021bii de a r\u0103spunde unor nevoi profesionale tot mai specializate.<\/p>\n<p class=\"wp-block-paragraph\">Prin aceste programe, universitatea \u00ee\u0219i extinde oferta dincolo de specializ\u0103rile medicale tradi\u021bionale \u0219i introduce direc\u021bii de formare conectate la probleme actuale din s\u0103n\u0103tate \u0219i la domenii aflate \u00een dezvoltare.<\/p>\n<h2 class=\"wp-block-heading\">Psihologia conduce clasamentul concuren\u021bei la UVT<\/h2>\n<p class=\"wp-block-paragraph\">La Universitatea de Vest din Timi\u0219oara, num\u0103rul candida\u021bilor a crescut cu 16% fa\u021b\u0103 de anul precedent. \u00cen aceast\u0103 sesiune au fost \u00eenregistrate aproximativ 3.200 de dosare provenite de la candida\u021bi din 52 de \u021b\u0103ri.<\/p>\n<p class=\"wp-block-paragraph\">La studiile de licen\u021b\u0103, cea mai mare concuren\u021b\u0103 raportat\u0103 la locurile finan\u021bate de la bugetul de stat s-a \u00eenregistrat la Facultatea de Psihologie \u0219i \u0218tiin\u021be ale Educa\u021biei, cu 5,6 candida\u021bi pentru un loc.<\/p>\n<p class=\"wp-block-paragraph\">Pe urm\u0103toarele pozi\u021bii s-au aflat Facultatea de Drept \u0219i Facultatea de Chimie, Biologie, Geografie, ambele cu aproximativ 3,5 candida\u021bi pentru un loc finan\u021bat de la buget.<\/p>\n<p class=\"wp-block-paragraph\">\u00cen cazul programelor de masterat, cea mai ridicat\u0103 concuren\u021b\u0103 a fost consemnat\u0103 la \u201ePsihologie clinic\u0103 \u0219i psihoterapie\u201d, cu aproape opt candida\u021bi pentru un loc bugetat.<\/p>\n<h2 class=\"wp-block-heading\">UVT lanseaz\u0103 programe unice \u00een Rom\u00e2nia<\/h2>\n<p class=\"wp-block-paragraph\">Universitatea de Vest din Timi\u0219oara \u0219i-a extins oferta cu mai multe programe noi, dintre care unele sunt prezentate ca fiind unice la nivel na\u021bional.<\/p>\n<p class=\"wp-block-paragraph\">Printre acestea se afl\u0103 programul de licen\u021b\u0103 \u201eDesign de jocuri digitale \u2013 Art\u0103 \u0219i efecte vizuale\u201d, cu predare \u00een limba englez\u0103, precum \u0219i programele de licen\u021b\u0103 didactic\u0103 cu dubl\u0103 specializare \u201eGeografie \u2013 Limba \u0219i literatura englez\u0103\u201d \u0219i \u201eFizic\u0103 \u2013 Chimie\u201d.<\/p>\n<p class=\"wp-block-paragraph\">Oferta este completat\u0103 de programul \u201eEduca\u021bie fizic\u0103 \u0219i sportiv\u0103 \u2013 Sport \u0219i performan\u021b\u0103 motric\u0103\u201d \u0219i de \u201eChimie \u2013 Biologie\u201d, acesta din urm\u0103 fiind orientat inclusiv c\u0103tre formarea noilor genera\u021bii de profesori.<\/p>\n<p class=\"wp-block-paragraph\">\u00cen cazul programului \u201eChimie \u2013 Biologie\u201d au fost \u00eenregistra\u021bi 5,33 candida\u021bi pentru un loc finan\u021bat de la bugetul de stat.<\/p>\n<h2 class=\"wp-block-heading\">Trei programe noi pentru viitorii profesori<\/h2>\n<p class=\"wp-block-paragraph\">UVT devine \u00een acest an prima universitate din regiunea de vest care introduce trei programe de licen\u021b\u0103 didactic\u0103 cu dubl\u0103 specializare. Dou\u0103 dintre combina\u021biile propuse sunt prezentate drept unice la nivel na\u021bional.<\/p>\n<p class=\"wp-block-paragraph\">Este vorba despre \u201eChimie \u2013 Biologie\u201d, \u201eFizic\u0103 \u2013 Chimie\u201d \u0219i \u201eGeografie \u2013 Limba \u0219i literatura englez\u0103\u201d. Programele au o durat\u0103 de patru ani \u0219i sunt dezvoltate \u00eempreun\u0103 cu facult\u0103\u021bile de profil \u0219i Departamentul pentru Preg\u0103tirea Personalului Didactic.<\/p>\n<p class=\"wp-block-paragraph\">Concep\u021bia acestor programe se bazeaz\u0103 pe dou\u0103 abord\u0103ri moderne ale form\u0103rii profesorilor, Evidence-Based Teacher Education \u0219i Practice-Based Teacher Education. Accentul este pus pe apropierea dintre preg\u0103tirea teoretic\u0103 \u0219i activitatea efectiv\u0103 de la clas\u0103, precum \u0219i pe interdisciplinaritate \u0219i metode de predare centrate pe elev.<\/p>\n<p class=\"wp-block-paragraph\">Absolven\u021bii vor putea preda \u00een \u00eenv\u0103\u021b\u0103m\u00e2ntul preuniversitar \u00een ambele domenii incluse \u00een specializarea urmat\u0103.<\/p>\n<h2 class=\"wp-block-heading\">Robotica, printre cele mai c\u0103utate domenii la Politehnica Timi\u0219oara<\/h2>\n<p class=\"wp-block-paragraph\">Universitatea Politehnica Timi\u0219oara a \u00eenregistrat \u00een 2026 o cre\u0219tere de 27,58% a num\u0103rului de candida\u021bi fa\u021b\u0103 de anul trecut. Evolu\u021bia este mai rapid\u0103 dec\u00e2t cre\u0219terea promov\u0103rii examenului de Bacalaureat la nivel na\u021bional, indicat\u0103 la 21,13%.<\/p>\n<p class=\"wp-block-paragraph\">Cea mai mare cre\u0219tere a interesului s-a \u00eenregistrat la Robotic\u0103, unde num\u0103rul candidaturilor a urcat cu 66%. Au urmat domeniile Construc\u021bii \u0219i Inginerie Electric\u0103 \u0219i Energetic\u0103, ambele cu o cre\u0219tere de 60%, precum \u0219i Inginerie \u0219i Management, cu 54%.<\/p>\n<p class=\"wp-block-paragraph\">Singura evolu\u021bie negativ\u0103 a fost consemnat\u0103 la Facultatea de Automatic\u0103 \u0219i Calculatoare, unde num\u0103rul candidaturilor a sc\u0103zut cu 5% fa\u021b\u0103 de anul anterior.<\/p>\n<p class=\"wp-block-paragraph\">Datele indic\u0103 o diversificare a interesului pentru domeniile tehnologice, \u00eentr-un moment \u00een care industria IT trece prin transform\u0103ri, iar grani\u021bele dintre software, inteligen\u021b\u0103 artificial\u0103, automatizare \u0219i inginerie devin tot mai pu\u021bin distincte.<\/p>\n<h2 class=\"wp-block-heading\">Politehnica Timi\u0219oara preg\u0103te\u0219te o nou\u0103 facultate dedicat\u0103 tehnologiilor emergente<\/h2>\n<p class=\"wp-block-paragraph\">Schimbarea preferin\u021belor candida\u021bilor este \u00eenso\u021bit\u0103 de o restructurare a ofertei educa\u021bionale a Universit\u0103\u021bii Politehnica Timi\u0219oara.<\/p>\n<p class=\"wp-block-paragraph\">Institu\u021bia preg\u0103te\u0219te \u00eenfiin\u021barea unei Facult\u0103\u021bi de Robotic\u0103, Inteligen\u021b\u0103 Artificial\u0103 \u0219i Sisteme Autonome, cu programe orientate c\u0103tre tehnologii aflate \u00een centrul transform\u0103rii industriale.<\/p>\n<p class=\"wp-block-paragraph\">Din toamn\u0103 este prev\u0103zut \u0219i un nou program de licen\u021b\u0103 dedicat dronelor. Domeniul are aplica\u021bii \u00een sectoare precum industria \u0219i agricultura, dar \u0219i \u00een alte domenii \u00een care sistemele autonome sunt tot mai utilizate.<\/p>\n<p class=\"wp-block-paragraph\">\u00cen acela\u0219i timp, Politehnica Timi\u0219oara \u0219i-a triplat num\u0103rul studen\u021bilor interna\u021bionali admi\u0219i \u0219i a introdus dou\u0103 noi programe de studii \u00een limba englez\u0103. Universitatea \u00ee\u0219i extinde \u0219i colabor\u0103rile cu agen\u021bii de recrutare din Asia \u0219i Africa.<\/p>\n<h2 class=\"wp-block-heading\">USVT leag\u0103 \u0219tiin\u021bele vie\u021bii de inteligen\u021ba artificial\u0103<\/h2>\n<p class=\"wp-block-paragraph\">La Universitatea de \u0218tiin\u021bele Vie\u021bii \u201eRegele Mihai I\u201d, Facultatea de Medicin\u0103 Veterinar\u0103 r\u0103m\u00e2ne cea mai c\u0103utat\u0103 structur\u0103 \u00een raport cu num\u0103rul locurilor finan\u021bate de la buget. Concuren\u021ba a ajuns la 3,61 candida\u021bi pentru un loc, iar facultatea a concentrat peste 43% din totalul \u00eenscrierilor la programele de licen\u021b\u0103.<\/p>\n<p class=\"wp-block-paragraph\">Programele \u00een limba englez\u0103 \u0219i francez\u0103 contribuie la atragerea studen\u021bilor interna\u021bionali \u0219i la dezvoltarea profilului european al universit\u0103\u021bii.<\/p>\n<p class=\"wp-block-paragraph\">\u00cen acela\u0219i timp, interesul candida\u021bilor se men\u021bine pentru specializ\u0103rile tradi\u021bionale din agricultur\u0103, zootehnie, silvicultur\u0103, cadastru \u0219i inginerie alimentar\u0103. Se remarc\u0103 \u00eens\u0103 \u0219i cererea pentru programe interdisciplinare precum \u201eM\u0103sur\u0103tori terestre \u0219i cadastru\u201d, \u201eProtec\u021bia consumatorului \u0219i a mediului\u201d, \u201eBiotehnologii\u201d \u0219i \u201eInginerie \u0219i management \u00een alimenta\u021bia public\u0103\u201d.<\/p>\n<h2 class=\"wp-block-heading\">Agricultura de precizie \u0219i inteligen\u021ba artificial\u0103 intr\u0103 \u00een oferta universitar\u0103<\/h2>\n<p class=\"wp-block-paragraph\">USVT \u00ee\u0219i adapteaz\u0103 oferta pentru a include tehnologii precum agricultura de precizie \u0219i inteligen\u021ba artificial\u0103. Digitalizarea sectorului agricol \u0219i tranzi\u021bia c\u0103tre modele sustenabile devin astfel componente ale preg\u0103tirii universitare \u00een domeniul \u0219tiin\u021belor vie\u021bii.<\/p>\n<p class=\"wp-block-paragraph\">La masterat, cea mai mare cerere este pentru programele Facult\u0103\u021bii de Agricultur\u0103, urmat\u0103 de cele ale facult\u0103\u021bilor cu profil de Inginerie \u0219i Tehnologii Aplicate \u0219i Bioingineria Resurselor Animaliere.<\/p>\n<p class=\"wp-block-paragraph\">Printre programele cu un interes ridicat se afl\u0103 \u201eProiectare \u0219i evaluare tehnico-economic\u0103 a produc\u021biilor animaliere\u201d, cu aproximativ 3,20 \u00eenscri\u0219i pentru un loc finan\u021bat de la buget.<\/p>\n<p class=\"wp-block-paragraph\">Un exemplu al noii orient\u0103ri este masterul \u201eAgricultur\u0103 sustenabil\u0103 prin digitalizare \u0219i inteligen\u021b\u0103 artificial\u0103\u201d, disponibil \u0219i \u00een limba englez\u0103 sub denumirea \u201eSustainable Agriculture Through Digitalization and AI\u201d. Programul a atras 22 de \u00eenscrieri \u0219i este orientat c\u0103tre preg\u0103tirea speciali\u0219tilor pentru agricultura de precizie.<\/p>\n<h2 class=\"wp-block-heading\">Studen\u021bii interna\u021bionali consolideaz\u0103 profilul universitar al Timi\u0219oarei<\/h2>\n<p class=\"wp-block-paragraph\">Rezultatele admiterii din 2026 eviden\u021biaz\u0103 \u0219i dimensiunea interna\u021bional\u0103 a centrului universitar timi\u0219orean. Cele patru institu\u021bii atrag candida\u021bi din zeci de \u021b\u0103ri, iar programele cu predare \u00een limbi str\u0103ine contribuie la diversificarea comunit\u0103\u021bii academice.<\/p>\n<p class=\"wp-block-paragraph\">\u00cen acela\u0219i timp, extinderea parteneriatelor interna\u021bionale \u0219i dezvoltarea unor programe adaptate domeniilor emergente cresc atractivitatea Timi\u0219oarei pentru tinerii care caut\u0103 o preg\u0103tire universitar\u0103 conectat\u0103 la pia\u021ba muncii.<\/p>\n<p class=\"wp-block-paragraph\">Municipiul Timi\u0219oara \u00eencearc\u0103 s\u0103 sus\u021bin\u0103 aceast\u0103 direc\u021bie prin proiecte dedicate vie\u021bii studen\u021be\u0219ti. Platforma \u201eStudent \u00een Timi\u0219oara\u201d, dezvoltat\u0103 prin Visit Timi\u0219oara \u00eempreun\u0103 cu Alian\u021ba Timi\u0219oara Universitar\u0103, promoveaz\u0103 oferta educa\u021bional\u0103, oportunit\u0103\u021bile profesionale \u0219i experien\u021ba de via\u021b\u0103 din ora\u0219.<\/p>\n<h2 class=\"wp-block-heading\">Timi\u0219oara \u00ee\u0219i construie\u0219te oferta universitar\u0103 \u00een jurul profesiilor viitorului<\/h2>\n<p class=\"wp-block-paragraph\">Rezultatele admiterii din acest an contureaz\u0103 o tendin\u021b\u0103 comun\u0103 \u00een cele patru universit\u0103\u021bi. Domeniile tradi\u021bionale r\u0103m\u00e2n importante, dar oferta \u0219i cererea se deplaseaz\u0103 tot mai mult c\u0103tre specializ\u0103ri care combin\u0103 mai multe discipline \u0219i r\u0103spund schimb\u0103rilor tehnologice \u0219i economice.<\/p>\n<p class=\"wp-block-paragraph\">Robotica, inteligen\u021ba artificial\u0103, sistemele autonome, medicina modern\u0103, psihologia, digitalizarea agriculturii \u0219i sustenabilitatea sunt doar c\u00e2teva dintre direc\u021biile care se reg\u0103sesc tot mai puternic \u00een oferta universitar\u0103 a ora\u0219ului.<\/p>\n<p class=\"wp-block-paragraph\">Concluzia admiterii din 2026 este c\u0103 Timi\u0219oara nu se bazeaz\u0103 doar pe tradi\u021bia sa universitar\u0103, ci \u00ee\u0219i adapteaz\u0103 constant programele \u0219i infrastructura academic\u0103 pentru a r\u0103spunde cerin\u021belor noilor genera\u021bii de studen\u021bi \u0219i ale unei economii aflate \u00een transformare.<\/p>\n<\/div>\n<footer>\n<div class=\"td-post-source-tags\">\n<ul class=\"td-tags td-post-small-box clearfix\">\n<li><span>ETICHETE<\/span><\/li>\n<li><a href=\"https:\/\/orasul-timisoara.ro\/local-tag\/admitere-2026\/\">admitere 2026<\/a><\/li>\n<li><a href=\"https:\/\/orasul-timisoara.ro\/local-tag\/alianta-timisoara-universitara\/\">Alian\u021ba Timi\u0219oara Universitar\u0103<\/a><\/li>\n<li><a href=\"https:\/\/orasul-timisoara.ro\/local-tag\/digitalizare\/\">digitalizare<\/a><\/li>\n<li><a href=\"https:\/\/orasul-timisoara.ro\/local-tag\/educatie-2\/\">educa\u021bie<\/a><\/li>\n<li><a href=\"https:\/\/orasul-timisoara.ro\/local-tag\/inteligenta-artificiala-2\/\">inteligen\u021b\u0103 artificial\u0103<\/a><\/li>\n<li><a href=\"https:\/\/orasul-timisoara.ro\/local-tag\/medicina-2\/\">medicin\u0103<\/a><\/li>\n<li><a href=\"https:\/\/orasul-timisoara.ro\/local-tag\/robotica\/\">robotic\u0103<\/a><\/li>\n<li><a href=\"https:\/\/orasul-timisoara.ro\/local-tag\/studenti-2\/\">studen\u021bi<\/a><\/li>\n<li><a href=\"https:\/\/orasul-timisoara.ro\/local-tag\/timisoara-2\/\">timi\u0219oara<\/a><\/li>\n<li><a href=\"https:\/\/orasul-timisoara.ro\/local-tag\/umf-victor-babes\/\">UMF Victor Babe\u0219<\/a><\/li>\n<li><a href=\"https:\/\/orasul-timisoara.ro\/local-tag\/universitatea-de-vest-timisoara-2\/\">universitatea de vest timi\u0219oara<\/a><\/li>\n<li><a href=\"https:\/\/orasul-timisoara.ro\/local-tag\/universitatea-politehnica-timisoara-2\/\">Universitatea Politehnica Timi\u0219oara<\/a><\/li>\n<li><a href=\"https:\/\/orasul-timisoara.ro\/local-tag\/universitati-timisoara-2\/\">universit\u0103\u021bi Timi\u0219oara<\/a><\/li>\n<li><a href=\"https:\/\/orasul-timisoara.ro\/local-tag\/usvt\/\">USVT<\/a><\/li>\n<\/ul>\n<\/div>\n<div class=\"td-post-sharing-bottom\">\n<div class=\"td-post-sharing-classic\"><iframe title=\"bottomFacebookLike\" frameborder src=\"https:\/\/www.facebook.com\/plugins\/like.php?href=https:\/\/orasul-timisoara.ro\/local-40264\/&amp;layout=button_count&amp;show_faces=false&amp;width=105&amp;action=like&amp;colorscheme=light&amp;height=21\"><\/iframe><\/div>\n<div id=\"td_social_sharing_article_bottom\" class=\"td-post-sharing td-ps-bg td-ps-notext td-post-sharing-style1 \">\n<div class=\"td-post-sharing-visible\"><a class=\"td-social-sharing-button td-social-sharing-button-js td-social-network td-social-facebook\" href=\"https:\/\/www.facebook.com\/sharer.php?u=https%3A%2F%2Forasul-timisoara.ro%2Flocal-40264%2F\" title=\"Facebook\"><\/p>\n<div class=\"td-social-but-text\">Facebook<\/div>\n<p><\/a><a class=\"td-social-sharing-button td-social-sharing-button-js td-social-network td-social-twitter\" href=\"https:\/\/twitter.com\/intent\/tweet?text=Timi%C8%99oara+atrage+tot+mai+mul%C8%9Bi+studen%C8%9Bi+c%C4%83tre+tehnologie%2C+medicin%C4%83+%C8%99i+AI&amp;url=https%3A%2F%2Forasul-timisoara.ro%2Flocal-40264%2F&amp;via=orasultm\" title=\"Twitter\"><\/p>\n<div class=\"td-social-but-text\">Twitter<\/div>\n<p><\/a><a class=\"td-social-sharing-button td-social-sharing-button-js td-social-network td-social-whatsapp\" href=\"https:\/\/api.whatsapp.com\/send?text=Timi%C8%99oara+atrage+tot+mai+mul%C8%9Bi+studen%C8%9Bi+c%C4%83tre+tehnologie%2C+medicin%C4%83+%C8%99i+AI%20%0A%0A%20https:\/\/orasul-timisoara.ro\/local-40264\/\" title=\"WhatsApp\"><\/p>\n<div class=\"td-social-but-text\">WhatsApp<\/div>\n<p><\/a><a class=\"td-social-sharing-button td-social-sharing-button-js td-social-network td-social-linkedin\" href=\"https:\/\/www.linkedin.com\/shareArticle?mini=true&amp;url=https:\/\/orasul-timisoara.ro\/local-40264\/&amp;title=Timi%C8%99oara+atrage+tot+mai+mul%C8%9Bi+studen%C8%9Bi+c%C4%83tre+tehnologie%2C+medicin%C4%83+%C8%99i+AI\" title=\"Linkedin\"><\/p>\n<div class=\"td-social-but-text\">Linkedin<\/div>\n<p><\/a><a class=\"td-social-sharing-button td-social-sharing-button-js td-social-network td-social-reddit\" href=\"https:\/\/reddit.com\/submit?url=https:\/\/orasul-timisoara.ro\/local-40264\/&amp;title=Timi%C8%99oara+atrage+tot+mai+mul%C8%9Bi+studen%C8%9Bi+c%C4%83tre+tehnologie%2C+medicin%C4%83+%C8%99i+AI\" title=\"ReddIt\"><\/p>\n<div class=\"td-social-but-text\">ReddIt<\/div>\n<p><\/a><a class=\"td-social-sharing-button td-social-sharing-button-js td-social-network td-social-mail\" href=\"mailto:?subject=Timi%C8%99oara%20atrage%20tot%20mai%20mul%C8%9Bi%20studen%C8%9Bi%20c%C4%83tre%20tehnologie,%20medicin%C4%83%20%C8%99i%20AI&amp;body=https:\/\/orasul-timisoara.ro\/local-40264\/\" title=\"Email\"><\/p>\n<div class=\"td-social-but-text\">Email<\/div>\n<p><\/a><a class=\"td-social-sharing-button td-social-sharing-button-js td-social-network td-social-print\" href=\"https:\/\/orasul-timisoara.ro\/local-40264\/\" title=\"Imprimare\"><\/p>\n<div class=\"td-social-but-text\">Imprimare<\/div>\n<p><\/a><\/div>\n<\/div>\n<\/div>\n<div class=\"td-block-row td-post-next-prev\">\n<div class=\"td-block-span6 td-post-prev-post\">\n<div class=\"td-post-next-prev-content\"><span>Articolul precedent<\/span><a href=\"https:\/\/orasul-timisoara.ro\/local-40262\/\">78 de accidente cu trotinete electrice \u00een Timi\u0219. Un mort \u0219i 81 de r\u0103ni\u021bi<\/a><\/div>\n<\/div>\n<\/div>\n<div class=\"td-author-name vcard author\"><span class=\"fn\"><a href=\"https:\/\/orasul-timisoara.ro\/author\/timisoara\/\">redactia<\/a><\/span><\/div>\n<p><span class=\"td-page-meta\"><\/span><span class=\"td-page-meta\"><span class=\"td-page-meta\"><\/span><\/span><span class=\"td-page-meta\"><\/span><\/footer>\n<div class=\"td_block_wrap td_block_related_posts tdi_3 td_with_ajax_pagination td-pb-border-top td_block_template_8\" data-td-block-uid=\"tdi_3\">\n<h4 class=\"td-related-title td-block-title\"><a id=\"tdi_4\" class=\"td-related-left td-cur-simple-item\" data-td_filter_value data-td_block_id=\"tdi_3\" href=\"https:\/\/orasul-timisoara.ro\/local-40264\/\">ARTICOLE SIMILARE<\/a><a id=\"tdi_5\" class=\"td-related-right\" data-td_filter_value=\"td_related_more_from_author\" data-td_block_id=\"tdi_3\" href=\"https:\/\/orasul-timisoara.ro\/local-40264\/\">DE LA ACELA\u0218I AUTOR<\/a><\/h4>\n<div id=\"tdi_3\" class=\"td_block_inner\">\n<div class=\"td-related-row\">\n<div class=\"td-related-span4\">\n<div class=\"td_module_related_posts td-animation-stack td_mod_related_posts\">\n<div class=\"td-module-image\">\n<div class=\"td-module-thumb\"><a href=\"https:\/\/orasul-timisoara.ro\/local-39796\/\" rel=\"bookmark\" class=\"td-image-wrap \" title=\"Prim\u0103ria Timi\u0219oara cump\u0103r\u0103 o cl\u0103dire pentru o cantin\u0103 destinat\u0103 elevilor din zona Odobescu\"><img loading=\"lazy\" decoding=\"async\" class=\"entry-thumb\" src=\"https:\/\/orasul-timisoara.ro\/wp-content\/uploads\/2026\/07\/Screenshot-2026-07-20-144401-436x300.jpg\" alt title=\"Prim\u0103ria Timi\u0219oara cump\u0103r\u0103 o cl\u0103dire pentru o cantin\u0103 destinat\u0103 elevilor din zona Odobescu\" width=\"218\" height=\"150\"><\/a><\/div>\n<\/div>\n<div class=\"item-details\">\n<h3 class=\"entry-title td-module-title\"><a href=\"https:\/\/orasul-timisoara.ro\/local-39796\/\" rel=\"bookmark\" title=\"Prim\u0103ria Timi\u0219oara cump\u0103r\u0103 o cl\u0103dire pentru o cantin\u0103 destinat\u0103 elevilor din zona Odobescu\">Prim\u0103ria Timi\u0219oara cump\u0103r\u0103 o cl\u0103dire pentru o cantin\u0103 destinat\u0103 elevilor din zona Odobescu<\/a><\/h3>\n<\/div>\n<\/div>\n<\/div>\n<div class=\"td-related-span4\">\n<div class=\"td_module_related_posts td-animation-stack td_mod_related_posts\">\n<div class=\"td-module-image\">\n<div class=\"td-module-thumb\"><a href=\"https:\/\/orasul-timisoara.ro\/local-39529\/\" rel=\"bookmark\" class=\"td-image-wrap \" title=\"Medicii din Timi\u0219oara au reprezentat Rom\u00e2nia la cel mai important congres de pneumologie pediatric\u0103\"><img loading=\"lazy\" decoding=\"async\" class=\"entry-thumb\" src=\"https:\/\/orasul-timisoara.ro\/wp-content\/uploads\/2026\/07\/congres-1-436x300.jpg\" alt title=\"Medicii din Timi\u0219oara au reprezentat Rom\u00e2nia la cel mai important congres de pneumologie pediatric\u0103\" width=\"218\" height=\"150\"><\/a><\/div>\n<\/div>\n<div class=\"item-details\">\n<h3 class=\"entry-title td-module-title\"><a href=\"https:\/\/orasul-timisoara.ro\/local-39529\/\" rel=\"bookmark\" title=\"Medicii din Timi\u0219oara au reprezentat Rom\u00e2nia la cel mai important congres de pneumologie pediatric\u0103\">Medicii din Timi\u0219oara au reprezentat Rom\u00e2nia la cel mai important congres de pneumologie pediatric\u0103<\/a><\/h3>\n<\/div>\n<\/div>\n<\/div>\n<div class=\"td-related-span4\">\n<div class=\"td_module_related_posts td-animation-stack td_mod_related_posts\">\n<div class=\"td-module-image\">\n<div class=\"td-module-thumb\"><a href=\"https:\/\/orasul-timisoara.ro\/local-39429\/\" rel=\"bookmark\" class=\"td-image-wrap \" title=\"Noi cabinete medicale \u0219i centre educa\u021bionale vor fi deschise \u00een cartierele Timi\u0219oarei\"><img loading=\"lazy\" decoding=\"async\" class=\"entry-thumb\" src=\"https:\/\/orasul-timisoara.ro\/wp-content\/uploads\/2026\/06\/cartier-comunitate-436x300.jpg\" alt title=\"Noi cabinete medicale \u0219i centre educa\u021bionale vor fi deschise \u00een cartierele Timi\u0219oarei\" width=\"218\" height=\"150\"><\/a><\/div>\n<\/div>\n<div class=\"item-details\">\n<h3 class=\"entry-title td-module-title\"><a href=\"https:\/\/orasul-timisoara.ro\/local-39429\/\" rel=\"bookmark\" title=\"Noi cabinete medicale \u0219i centre educa\u021bionale vor fi deschise \u00een cartierele Timi\u0219oarei\">Noi cabinete medicale \u0219i centre educa\u021bionale vor fi deschise \u00een cartierele Timi\u0219oarei<\/a><\/h3>\n<\/div>\n<\/div>\n<\/div>\n<\/div>\n<\/div>\n<\/div>\n<div class=\"comments\" id=\"comments\">\n<div id=\"respond\" class=\"comment-respond\">\n<h3 id=\"reply-title\" class=\"comment-reply-title\">L\u0102SA\u021aI UN MESAJ<\/h3>\n<div class=\"comment-form-input-wrap td-form-comment\">\n<div class=\"td-warning-comment\">V\u0103 rug\u0103m s\u0103 introduce\u021bi comentariul dvs.!<\/div>\n<\/div>\n<div class=\"comment-form-input-wrap td-form-author\">\n<div class=\"td-warning-author\">Introduce\u021bi aici numele dvs.<\/div>\n<\/div>\n<div class=\"comment-form-input-wrap td-form-email\">\n<div class=\"td-warning-email-error\">A\u021bi introdus o adres\u0103 de e-mail incorect\u0103!<\/div>\n<div class=\"td-warning-email\">V\u0103 rug\u0103m s\u0103 introduce\u021bi adresa dvs. de e-mail aici<\/div>\n<\/div>\n<\/div>\n<p class=\"akismet_comment_form_privacy_notice\">Acest site folose\u0219te Akismet pentru a reduce spamul. <a href=\"https:\/\/akismet.com\/privacy\/\" target=\"_blank\" rel=\"nofollow noopener\">Afl\u0103 cum sunt procesate datele comentariilor tale<\/a>.<\/p>\n<\/div>\n<\/div>\n<\/div>\n<div class=\"td-pb-span4 td-main-sidebar\" role=\"complementary\">\n<div class=\"td-ss-main-sidebar\">\n<aside id=\"block-4\" class=\"td_block_template_8 widget block-4 widget_block widget_media_image\">\n<figure class=\"wp-block-image size-full\"><img loading=\"lazy\" decoding=\"async\" width=\"336\" height=\"280\" src=\"https:\/\/orasul-timisoara.ro\/wp-content\/uploads\/2024\/11\/ReTIM-Abonamentul-Verde-Google-Ads-336x280px.gif\" alt class=\"wp-image-29257\"><\/figure>\n<\/aside>\n<div class=\"td_block_wrap td_block_social_counter td_block_widget tdi_6 td-social-style5 td-social-boxed td-pb-border-top td_block_template_8\">\n<div class=\"td-block-title-wrap\">\n<h4 class=\"td-block-title\"><span>Urm\u0103re\u0219te-ne pe Social Media<\/span><\/h4>\n<\/div>\n<div class=\"td-social-list\">\n<div class=\"td_social_type td-pb-margin-side td_social_facebook\">\n<div class=\"td-social-box\"><span class=\"td_social_info td_social_info_counter\">344,595<\/span><span class=\"td_social_info td_social_info_name\">Fani<\/span><span class=\"td_social_button\"><a href=\"https:\/\/www.facebook.com\/247timisoara\" target=\"_blank\" rel=\"nofollow\">\u00cemi place<\/a><\/span><\/div>\n<\/div>\n<div class=\"td_social_type td-pb-margin-side td_social_instagram\">\n<div class=\"td-social-box\"><span class=\"td_social_info td_social_info_counter\">4,416<\/span><span class=\"td_social_info td_social_info_name\">Cititori<\/span><span class=\"td_social_button\"><a href=\"https:\/\/instagram.com\/orasultimisoararo\/\" target=\"_blank\" rel=\"nofollow\">Conecta\u021bi-v\u0103<\/a><\/span><\/div>\n<\/div>\n<div class=\"td_social_type td-pb-margin-side td_social_rss\">\n<div class=\"td-social-box\"><span class=\"td_social_info td_social_info_counter\">12,506<\/span><span class=\"td_social_info td_social_info_name\">Cititori<\/span><span class=\"td_social_button\"><a href=\"https:\/\/orasul-timisoara.ro\/feed\/\" target=\"_blank\" rel=\"nofollow\">Conecta\u021bi-v\u0103<\/a><\/span><\/div>\n<\/div>\n<div class=\"td_social_type td-pb-margin-side td_social_tiktok\">\n<div class=\"td-social-box\"><span class=\"td_social_info td_social_info_counter\">1,500<\/span><span class=\"td_social_info td_social_info_name\">Cititori<\/span><span class=\"td_social_button\"><a href=\"https:\/\/www.tiktok.com\/@orasultimisoara\" target=\"_blank\" rel=\"nofollow\">Conecta\u021bi-v\u0103<\/a><\/span><\/div>\n<\/div>\n<div class=\"td_social_type td-pb-margin-side td_social_twitter\">\n<div class=\"td-social-box\"><span class=\"td_social_info td_social_info_counter\">1,595<\/span><span class=\"td_social_info td_social_info_name\">Cititori<\/span><span class=\"td_social_button\"><a href=\"https:\/\/twitter.com\/orasultm\" target=\"_blank\" rel=\"nofollow\">Conecta\u021bi-v\u0103<\/a><\/span><\/div>\n<\/div>\n<div class=\"td_social_type td-pb-margin-side td_social_youtube\">\n<div class=\"td-social-box\"><span class=\"td_social_info td_social_info_counter\">3,506<\/span><span class=\"td_social_info td_social_info_name\">Abona\u021bi<\/span><span class=\"td_social_button\"><a href=\"https:\/\/www.youtube.com\/channel\/UCQNsQvs2XCSIm1Z-AHRturw?sub_confirmation=1\" target=\"_blank\" rel=\"nofollow\">Abona\u021bi-v\u0103<\/a><\/span><\/div>\n<\/div>\n<\/div>\n<\/div>\n<aside id=\"text-7\" class=\"td_block_template_8 widget text-7 widget_text\">\n<h4 class=\"td-block-title\"><span>C\u0103ut\u0103ri populare pe OTM<\/span><\/h4>\n<div class=\"textwidget\"><a href=\"https:\/\/orasul-timisoara.ro\/?s=timisoara\"><span>Timisoara<\/span><\/a><a href=\"https:\/\/orasul-timisoara.ro\/?s=calin+dobra\"><span>Calin Dobra<\/span><\/a><a href=\"https:\/\/orasul-timisoara.ro\/?s=primaria+timisoara\"><span>Primaria Timisoara<\/span><\/a><a href=\"https:\/\/orasul-timisoara.ro\/?s=dominic+fritz\"><span>Dominic Fritz<\/span><\/a><a href=\"https:\/\/orasul-timisoara.ro\/?s=nicolae+robu\"><span>Nicolae Robu<\/span><\/a><a href=\"https:\/\/orasul-timisoara.ro\/?s=consiliul+local+timisoara\">Consiliul Local Timisoara<\/a><a href=\"https:\/\/orasul-timisoara.ro\/?s=consiliul+judetean+timis\"><span>Consiliul Judetean Timis<\/span><\/a><a href=\"https:\/\/orasul-timisoara.ro\/?s=cjt\"><span>CJT<\/span><\/a><a href=\"https:\/\/orasul-timisoara.ro\/?s=Alfred+Simonis\"><span>Alfred Simonis<\/span><\/a><a href=\"https:\/\/orasul-timisoara.ro\/?s=PNL\"><span>PNL<\/span><\/a><a href=\"https:\/\/orasul-timisoara.ro\/?s=coronavirus\"><span>coronavirus<\/span><\/a><a href=\"https:\/\/orasul-timisoara.ro\/?s=teatru+timisoara\">teatru Timisoara<\/a><a href=\"https:\/\/orasul-timisoara.ro\/?s=restaurante\"><span>restaurante Timisoara<\/span><\/a><a href=\"https:\/\/orasul-timisoara.ro\/?s=diskoteka\"><span>Diskoteka<\/span><\/a><a href=\"https:\/\/orasul-timisoara.ro\/?s=iulius+town\"><span>Iulius Town<\/span><\/a><a href=\"https:\/\/orasul-timisoara.ro\/?s=iulius+mall\"><span>Iulius Mall<\/span><\/a><a href=\"https:\/\/orasul-timisoara.ro\/?s=stpt\"><span>STPT<\/span><\/a><a href=\"https:\/\/orasul-timisoara.ro\/?s=alin+nica\"><span>Alin Nica<\/span><\/a><a href=\"https:\/\/orasul-timisoara.ro\/?s=psd\"><span>PSD<\/span><\/a><a href=\"https:\/\/orasul-timisoara.ro\/?s=aeroport\"><span>Aeroportul International Timisoara<\/span><\/a><a href=\"https:\/\/orasul-timisoara.ro\/?s=babes\"><span>Spitalul Victor Babes Timisoara<\/span><\/a><a href=\"https:\/\/orasul-timisoara.ro\/?s=poli\"><span>Poli Timi\u0219oara<\/span><\/a><a href=\"https:\/\/orasul-timisoara.ro\/?s=carantina\"><span>carantina<\/span><\/a><a href=\"https:\/\/orasul-timisoara.ro\/?s=aquatim\"><span>Aquatim<\/span><\/a><a href=\"https:\/\/orasul-timisoara.ro\/local-category\/stiri-timisoara\/\"><span>Stiri Timisoara<\/span><\/a><a href=\"https:\/\/orasul-timisoara.ro\/local-category\/investitii-in-timisoara\/\"><span>Investi\u021bii in Timi\u0219oara<\/span><\/a><a href=\"https:\/\/orasul-timisoara.ro\/local-9463\/\"><span>shaorma<\/span><\/a><a href=\"https:\/\/orasul-timisoara.ro\/?s=trafic\"><span>trafic rutier<\/span><\/a><a href=\"https:\/\/orasul-timisoara.ro\/?s=politia\"><span>politia locala timisoara<\/span><\/a><a href=\"https:\/\/orasul-timisoara.ro\/?s=roxana\"><span>Roxana Iliescu<\/span><\/a><a href=\"https:\/\/orasul-timisoara.ro\/?s=colterm\"><span>Colterm<\/span><\/a><a href=\"https:\/\/orasul-timisoara.ro\/?s=latcau\"><span>Ruben La\u021bc\u0103u<\/span><\/a><a href=\"https:\/\/orasul-timisoara.ro\/?s=timis\"><span>\u0218tiri din Timi\u0219<\/span><\/a><a href=\"https:\/\/orasul-timisoara.ro\/?s=spital\"><span>Spitale din Timi\u0219oara<\/span><\/a><a href=\"https:\/\/orasul-timisoara.ro\/?s=tabara\"><span>Cosmin Tab\u0103r\u0103<\/span><\/a><\/div>\n<\/aside>\n<aside id=\"rss-2\" class=\"td_block_template_8 widget rss-2 widget_rss\">\n<h4 class=\"td-block-title\"><span><a class=\"rsswidget rss-widget-feed\" href=\"https:\/\/fashionfridays.ro\/feed\"><img decoding=\"async\" class=\"rss-widget-icon\" width=\"14\" height=\"14\" src=\"https:\/\/orasul-timisoara.ro\/wp-includes\/images\/rss.png\" alt=\"RSS\" loading=\"lazy\"><\/a><a class=\"rsswidget rss-widget-title\" href=\"https:\/\/fashionfridays.ro\/\">Fashion Fridays<\/a><\/span><\/h4>\n<ul>\n<li><a class=\"rsswidget\" href=\"https:\/\/fashionfridays.ro\/romania-devine-a-29-a-piata-vogue-o-noua-era-pentru-industria-locala-de-moda\/\">Rom\u00e2nia devine a 29-a pia\u021b\u0103 Vogue: o nou\u0103 er\u0103 pentru industria local\u0103 de mod\u0103<\/a>\n<div class=\"rssSummary\">Revista Vogue \u00ee\u0219i extinde prezen\u021ba global\u0103 \u0219i va fi lansat\u0103 oficial \u00een Rom\u00e2nia \u00een prim\u0103vara anului 2027, marc\u00e2nd intrarea pe cea de-a 29-a pia\u021b\u0103 interna\u021bional\u0103. Proiectul este realizat \u00een parteneriat cu AEMME Publishing, o companie media recent \u00eenfiin\u021bat\u0103, care va publica edi\u021bia local\u0103 sub licen\u021b\u0103. Noua edi\u021bie, Vogue Rom\u00e2nia, \u00ee\u0219i propune s\u0103 combine autoritatea global\u0103 [\u2026]<\/div>\n<\/li>\n<\/ul>\n<\/aside>\n<aside id=\"rss-4\" class=\"td_block_template_8 widget rss-4 widget_rss\">\n<h4 class=\"td-block-title\"><span><a class=\"rsswidget rss-widget-feed\" href=\"https:\/\/emasini.ro\/feed\"><img decoding=\"async\" class=\"rss-widget-icon\" width=\"14\" height=\"14\" src=\"https:\/\/orasul-timisoara.ro\/wp-includes\/images\/rss.png\" alt=\"RSS\" loading=\"lazy\"><\/a><a class=\"rsswidget rss-widget-title\" href=\"https:\/\/emasini.ro\/\">eMasini<\/a><\/span><\/h4>\n<ul>\n<li><a class=\"rsswidget\" href=\"https:\/\/emasini.ro\/bmw-testeaza-noul-i4-convertible-primul-cabrio-electric-accesibil-al-marcii\/\">BMW testeaz\u0103 noul i4 Convertible, primul cabrio electric accesibil al m\u0103rcii<\/a>\n<div class=\"rssSummary\">BMW accelereaz\u0103 dezvoltarea noii genera\u021bii de modele electrice bazate pe platforma Neue Klasse, iar unul dintre cele mai interesante proiecte aflate \u00een teste este viitorul BMW i4 Convertible. Prototipul camuflat a fost surprins pe \u0219osele, confirm\u00e2nd c\u0103 produc\u0103torul german preg\u0103te\u0219te o decapotabil\u0103 electric\u0103 destinat\u0103 unui segment \u00een care oferta este, \u00een prezent, extrem de limitat\u0103. [\u2026]<\/div>\n<\/li>\n<\/ul>\n<\/aside>\n<\/div>\n<\/div>\n<\/div>\n<\/div>\n<\/article>\n<div class=\"td-post-content tagdiv-type\">\n<p class=\"wp-block-paragraph\">Admiterea 2026 la universit\u0103\u021bile din Timi\u0219oara arat\u0103 o orientare tot mai clar\u0103 a tinerilor c\u0103tre domenii precum tehnologia, medicina, inteligen\u021ba artificial\u0103, digitalizarea \u0219i sustenabilitatea. Cele patru universit\u0103\u021bi reunite \u00een Alian\u021ba Timi\u0219oara Universitar\u0103 \u2013 Universitatea de Medicin\u0103 \u0219i Farmacie \u201eVictor Babe\u0219\u201d, Universitatea Politehnica Timi\u0219oara, Universitatea de Vest din Timi\u0219oara \u0219i Universitatea de \u0218tiin\u021bele Vie\u021bii \u201eRegele Mihai I\u201d \u2013 au \u00eenregistrat o cerere important\u0103 pentru programe adaptate noilor realit\u0103\u021bi economice \u0219i profesionale.<\/p>\n<p class=\"wp-block-paragraph\">Rezultatele sesiunii de admitere indic\u0103 at\u00e2t interesul pentru specializ\u0103ri consacrate, c\u00e2t \u0219i apari\u021bia unor noi preferin\u021be. \u00cen paralel, universit\u0103\u021bile \u00ee\u0219i extind oferta cu programe interdisciplinare \u0219i specializ\u0103ri dedicate tehnologiilor emergente, s\u0103n\u0103t\u0103\u021bii, agriculturii de precizie \u0219i form\u0103rii profesioni\u0219tilor pentru domenii aflate \u00een dezvoltare.<\/p>\n<h2 class=\"wp-block-heading\">Admiterea 2026 confirm\u0103 transformarea centrului universitar din Timi\u0219oara<\/h2>\n<p class=\"wp-block-paragraph\">Cele patru universit\u0103\u021bi membre ale Alian\u021bei Timi\u0219oara Universitar\u0103 au atras \u00een aceast\u0103 sesiune candida\u021bi din Rom\u00e2nia \u0219i din numeroase alte \u021b\u0103ri. Rezultatele admiterii arat\u0103 o cre\u0219tere a interesului pentru domenii \u00een care componenta tehnologic\u0103 \u0219i interdisciplinar\u0103 are un rol tot mai important.<\/p>\n<p class=\"wp-block-paragraph\">Timi\u0219oara \u00ee\u0219i consolideaz\u0103 astfel profilul de centru universitar cu o ofert\u0103 diversificat\u0103, \u00een care programele tradi\u021bionale coexist\u0103 cu specializ\u0103ri orientate c\u0103tre profesiile emergente. Universit\u0103\u021bile dezvolt\u0103 \u00een acela\u0219i timp programe \u00een limbi str\u0103ine \u0219i \u00ee\u0219i extind colabor\u0103rile interna\u021bionale.<\/p>\n<p class=\"wp-block-paragraph\">Direc\u021bia este sus\u021binut\u0103 \u0219i de proiectele municipalit\u0103\u021bii dedicate studen\u021bilor. Platforma \u201eStudent \u00een Timi\u0219oara\u201d, lansat\u0103 de Municipiul Timi\u0219oara prin Visit Timi\u0219oara \u00eempreun\u0103 cu Alian\u021ba Timi\u0219oara Universitar\u0103, promoveaz\u0103 ora\u0219ul ca destina\u021bie academic\u0103 \u0219i ofer\u0103 informa\u021bii despre educa\u021bie, oportunit\u0103\u021bi profesionale \u0219i via\u021ba studen\u021beasc\u0103.<\/p>\n<h2 class=\"wp-block-heading\">Aproape 3.500 de candida\u021bi la UMF \u201eVictor Babe\u0219\u201d<\/h2>\n<p class=\"wp-block-paragraph\">Universitatea de Medicin\u0103 \u0219i Farmacie \u201eVictor Babe\u0219\u201d din Timi\u0219oara a atras \u00een acest an aproape 3.500 de candida\u021bi. Institu\u021bia \u00ee\u0219i continu\u0103 astfel evolu\u021bia ascendent\u0103 \u0219i \u00ee\u0219i men\u021bine atractivitatea inclusiv pentru studen\u021bii interna\u021bionali.<\/p>\n<p class=\"wp-block-paragraph\">La sesiunea din 2026 au fost candida\u021bi proveni\u021bi din 65 de \u021b\u0103ri, un indicator al dimensiunii interna\u021bionale a universit\u0103\u021bii \u0219i al interesului pentru programele medicale oferite la Timi\u0219oara.<\/p>\n<p class=\"wp-block-paragraph\">Oferta academic\u0103 a fost completat\u0103 \u00een acest an cu noi programe de studii. Printre acestea se num\u0103r\u0103 masterul \u201ePreven\u021bia \u0219i managementul integral al obezit\u0103\u021bii\u201d, cu o durat\u0103 de doi ani, prezentat drept primul program universitar din Europa Central\u0103 \u0219i de Est dedicat prevenirii \u0219i managementului integrat al obezit\u0103\u021bii.<\/p>\n<p class=\"wp-block-paragraph\">Programul abordeaz\u0103 problematica obezit\u0103\u021bii pe \u00eentregul parcurs al pacientului \u0219i urm\u0103re\u0219te formarea unor speciali\u0219ti capabili s\u0103 lucreze \u00eentr-o abordare integrat\u0103 \u0219i bazat\u0103 pe dovezi \u0219tiin\u021bifice.<\/p>\n<h2 class=\"wp-block-heading\">Noi programe pentru medicin\u0103 \u0219i situa\u021bii de urgen\u021b\u0103<\/h2>\n<p class=\"wp-block-paragraph\">Oferta UMF Timi\u0219oara include \u00eencep\u00e2nd din acest an \u0219i masterul \u201eManagementul dezastrelor \u0219i al situa\u021biilor de urgen\u021b\u0103\u201d, cu o durat\u0103 de doi ani.<\/p>\n<p class=\"wp-block-paragraph\">Un alt program nou este \u201eCosmetic\u0103 medical\u0103 \u0219i tehnologia produsului cosmetic\u201d, organizat la Lugoj \u00een cadrul Facult\u0103\u021bii de Farmacie. Diversificarea programelor reflect\u0103 tendin\u021ba universit\u0103\u021bii de a r\u0103spunde unor nevoi profesionale tot mai specializate.<\/p>\n<p class=\"wp-block-paragraph\">Prin aceste programe, universitatea \u00ee\u0219i extinde oferta dincolo de specializ\u0103rile medicale tradi\u021bionale \u0219i introduce direc\u021bii de formare conectate la probleme actuale din s\u0103n\u0103tate \u0219i la domenii aflate \u00een dezvoltare.<\/p>\n<h2 class=\"wp-block-heading\">Psihologia conduce clasamentul concuren\u021bei la UVT<\/h2>\n<p class=\"wp-block-paragraph\">La Universitatea de Vest din Timi\u0219oara, num\u0103rul candida\u021bilor a crescut cu 16% fa\u021b\u0103 de anul precedent. \u00cen aceast\u0103 sesiune au fost \u00eenregistrate aproximativ 3.200 de dosare provenite de la candida\u021bi din 52 de \u021b\u0103ri.<\/p>\n<p class=\"wp-block-paragraph\">La studiile de licen\u021b\u0103, cea mai mare concuren\u021b\u0103 raportat\u0103 la locurile finan\u021bate de la bugetul de stat s-a \u00eenregistrat la Facultatea de Psihologie \u0219i \u0218tiin\u021be ale Educa\u021biei, cu 5,6 candida\u021bi pentru un loc.<\/p>\n<p class=\"wp-block-paragraph\">Pe urm\u0103toarele pozi\u021bii s-au aflat Facultatea de Drept \u0219i Facultatea de Chimie, Biologie, Geografie, ambele cu aproximativ 3,5 candida\u021bi pentru un loc finan\u021bat de la buget.<\/p>\n<p class=\"wp-block-paragraph\">\u00cen cazul programelor de masterat, cea mai ridicat\u0103 concuren\u021b\u0103 a fost consemnat\u0103 la \u201ePsihologie clinic\u0103 \u0219i psihoterapie\u201d, cu aproape opt candida\u021bi pentru un loc bugetat.<\/p>\n<h2 class=\"wp-block-heading\">UVT lanseaz\u0103 programe unice \u00een Rom\u00e2nia<\/h2>\n<p class=\"wp-block-paragraph\">Universitatea de Vest din Timi\u0219oara \u0219i-a extins oferta cu mai multe programe noi, dintre care unele sunt prezentate ca fiind unice la nivel na\u021bional.<\/p>\n<p class=\"wp-block-paragraph\">Printre acestea se afl\u0103 programul de licen\u021b\u0103 \u201eDesign de jocuri digitale \u2013 Art\u0103 \u0219i efecte vizuale\u201d, cu predare \u00een limba englez\u0103, precum \u0219i programele de licen\u021b\u0103 didactic\u0103 cu dubl\u0103 specializare \u201eGeografie \u2013 Limba \u0219i literatura englez\u0103\u201d \u0219i \u201eFizic\u0103 \u2013 Chimie\u201d.<\/p>\n<p class=\"wp-block-paragraph\">Oferta este completat\u0103 de programul \u201eEduca\u021bie fizic\u0103 \u0219i sportiv\u0103 \u2013 Sport \u0219i performan\u021b\u0103 motric\u0103\u201d \u0219i de \u201eChimie \u2013 Biologie\u201d, acesta din urm\u0103 fiind orientat inclusiv c\u0103tre formarea noilor genera\u021bii de profesori.<\/p>\n<p class=\"wp-block-paragraph\">\u00cen cazul programului \u201eChimie \u2013 Biologie\u201d au fost \u00eenregistra\u021bi 5,33 candida\u021bi pentru un loc finan\u021bat de la bugetul de stat.<\/p>\n<h2 class=\"wp-block-heading\">Trei programe noi pentru viitorii profesori<\/h2>\n<p class=\"wp-block-paragraph\">UVT devine \u00een acest an prima universitate din regiunea de vest care introduce trei programe de licen\u021b\u0103 didactic\u0103 cu dubl\u0103 specializare. Dou\u0103 dintre combina\u021biile propuse sunt prezentate drept unice la nivel na\u021bional.<\/p>\n<p class=\"wp-block-paragraph\">Este vorba despre \u201eChimie \u2013 Biologie\u201d, \u201eFizic\u0103 \u2013 Chimie\u201d \u0219i \u201eGeografie \u2013 Limba \u0219i literatura englez\u0103\u201d. Programele au o durat\u0103 de patru ani \u0219i sunt dezvoltate \u00eempreun\u0103 cu facult\u0103\u021bile de profil \u0219i Departamentul pentru Preg\u0103tirea Personalului Didactic.<\/p>\n<p class=\"wp-block-paragraph\">Concep\u021bia acestor programe se bazeaz\u0103 pe dou\u0103 abord\u0103ri moderne ale form\u0103rii profesorilor, Evidence-Based Teacher Education \u0219i Practice-Based Teacher Education. Accentul este pus pe apropierea dintre preg\u0103tirea teoretic\u0103 \u0219i activitatea efectiv\u0103 de la clas\u0103, precum \u0219i pe interdisciplinaritate \u0219i metode de predare centrate pe elev.<\/p>\n<p class=\"wp-block-paragraph\">Absolven\u021bii vor putea preda \u00een \u00eenv\u0103\u021b\u0103m\u00e2ntul preuniversitar \u00een ambele domenii incluse \u00een specializarea urmat\u0103.<\/p>\n<h2 class=\"wp-block-heading\">Robotica, printre cele mai c\u0103utate domenii la Politehnica Timi\u0219oara<\/h2>\n<p class=\"wp-block-paragraph\">Universitatea Politehnica Timi\u0219oara a \u00eenregistrat \u00een 2026 o cre\u0219tere de 27,58% a num\u0103rului de candida\u021bi fa\u021b\u0103 de anul trecut. Evolu\u021bia este mai rapid\u0103 dec\u00e2t cre\u0219terea promov\u0103rii examenului de Bacalaureat la nivel na\u021bional, indicat\u0103 la 21,13%.<\/p>\n<p class=\"wp-block-paragraph\">Cea mai mare cre\u0219tere a interesului s-a \u00eenregistrat la Robotic\u0103, unde num\u0103rul candidaturilor a urcat cu 66%. Au urmat domeniile Construc\u021bii \u0219i Inginerie Electric\u0103 \u0219i Energetic\u0103, ambele cu o cre\u0219tere de 60%, precum \u0219i Inginerie \u0219i Management, cu 54%.<\/p>\n<p class=\"wp-block-paragraph\">Singura evolu\u021bie negativ\u0103 a fost consemnat\u0103 la Facultatea de Automatic\u0103 \u0219i Calculatoare, unde num\u0103rul candidaturilor a sc\u0103zut cu 5% fa\u021b\u0103 de anul anterior.<\/p>\n<p class=\"wp-block-paragraph\">Datele indic\u0103 o diversificare a interesului pentru domeniile tehnologice, \u00eentr-un moment \u00een care industria IT trece prin transform\u0103ri, iar grani\u021bele dintre software, inteligen\u021b\u0103 artificial\u0103, automatizare \u0219i inginerie devin tot mai pu\u021bin distincte.<\/p>\n<h2 class=\"wp-block-heading\">Politehnica Timi\u0219oara preg\u0103te\u0219te o nou\u0103 facultate dedicat\u0103 tehnologiilor emergente<\/h2>\n<p class=\"wp-block-paragraph\">Schimbarea preferin\u021belor candida\u021bilor este \u00eenso\u021bit\u0103 de o restructurare a ofertei educa\u021bionale a Universit\u0103\u021bii Politehnica Timi\u0219oara.<\/p>\n<p class=\"wp-block-paragraph\">Institu\u021bia preg\u0103te\u0219te \u00eenfiin\u021barea unei Facult\u0103\u021bi de Robotic\u0103, Inteligen\u021b\u0103 Artificial\u0103 \u0219i Sisteme Autonome, cu programe orientate c\u0103tre tehnologii aflate \u00een centrul transform\u0103rii industriale.<\/p>\n<p class=\"wp-block-paragraph\">Din toamn\u0103 este prev\u0103zut \u0219i un nou program de licen\u021b\u0103 dedicat dronelor. Domeniul are aplica\u021bii \u00een sectoare precum industria \u0219i agricultura, dar \u0219i \u00een alte domenii \u00een care sistemele autonome sunt tot mai utilizate.<\/p>\n<p class=\"wp-block-paragraph\">\u00cen acela\u0219i timp, Politehnica Timi\u0219oara \u0219i-a triplat num\u0103rul studen\u021bilor interna\u021bionali admi\u0219i \u0219i a introdus dou\u0103 noi programe de studii \u00een limba englez\u0103. Universitatea \u00ee\u0219i extinde \u0219i colabor\u0103rile cu agen\u021bii de recrutare din Asia \u0219i Africa.<\/p>\n<h2 class=\"wp-block-heading\">USVT leag\u0103 \u0219tiin\u021bele vie\u021bii de inteligen\u021ba artificial\u0103<\/h2>\n<p class=\"wp-block-paragraph\">La Universitatea de \u0218tiin\u021bele Vie\u021bii \u201eRegele Mihai I\u201d, Facultatea de Medicin\u0103 Veterinar\u0103 r\u0103m\u00e2ne cea mai c\u0103utat\u0103 structur\u0103 \u00een raport cu num\u0103rul locurilor finan\u021bate de la buget. Concuren\u021ba a ajuns la 3,61 candida\u021bi pentru un loc, iar facultatea a concentrat peste 43% din totalul \u00eenscrierilor la programele de licen\u021b\u0103.<\/p>\n<p class=\"wp-block-paragraph\">Programele \u00een limba englez\u0103 \u0219i francez\u0103 contribuie la atragerea studen\u021bilor interna\u021bionali \u0219i la dezvoltarea profilului european al universit\u0103\u021bii.<\/p>\n<p class=\"wp-block-paragraph\">\u00cen acela\u0219i timp, interesul candida\u021bilor se men\u021bine pentru specializ\u0103rile tradi\u021bionale din agricultur\u0103, zootehnie, silvicultur\u0103, cadastru \u0219i inginerie alimentar\u0103. Se remarc\u0103 \u00eens\u0103 \u0219i cererea pentru programe interdisciplinare precum \u201eM\u0103sur\u0103tori terestre \u0219i cadastru\u201d, \u201eProtec\u021bia consumatorului \u0219i a mediului\u201d, \u201eBiotehnologii\u201d \u0219i \u201eInginerie \u0219i management \u00een alimenta\u021bia public\u0103\u201d.<\/p>\n<h2 class=\"wp-block-heading\">Agricultura de precizie \u0219i inteligen\u021ba artificial\u0103 intr\u0103 \u00een oferta universitar\u0103<\/h2>\n<p class=\"wp-block-paragraph\">USVT \u00ee\u0219i adapteaz\u0103 oferta pentru a include tehnologii precum agricultura de precizie \u0219i inteligen\u021ba artificial\u0103. Digitalizarea sectorului agricol \u0219i tranzi\u021bia c\u0103tre modele sustenabile devin astfel componente ale preg\u0103tirii universitare \u00een domeniul \u0219tiin\u021belor vie\u021bii.<\/p>\n<p class=\"wp-block-paragraph\">La masterat, cea mai mare cerere este pentru programele Facult\u0103\u021bii de Agricultur\u0103, urmat\u0103 de cele ale facult\u0103\u021bilor cu profil de Inginerie \u0219i Tehnologii Aplicate \u0219i Bioingineria Resurselor Animaliere.<\/p>\n<p class=\"wp-block-paragraph\">Printre programele cu un interes ridicat se afl\u0103 \u201eProiectare \u0219i evaluare tehnico-economic\u0103 a produc\u021biilor animaliere\u201d, cu aproximativ 3,20 \u00eenscri\u0219i pentru un loc finan\u021bat de la buget.<\/p>\n<p class=\"wp-block-paragraph\">Un exemplu al noii orient\u0103ri este masterul \u201eAgricultur\u0103 sustenabil\u0103 prin digitalizare \u0219i inteligen\u021b\u0103 artificial\u0103\u201d, disponibil \u0219i \u00een limba englez\u0103 sub denumirea \u201eSustainable Agriculture Through Digitalization and AI\u201d. Programul a atras 22 de \u00eenscrieri \u0219i este orientat c\u0103tre preg\u0103tirea speciali\u0219tilor pentru agricultura de precizie.<\/p>\n<h2 class=\"wp-block-heading\">Studen\u021bii interna\u021bionali consolideaz\u0103 profilul universitar al Timi\u0219oarei<\/h2>\n<p class=\"wp-block-paragraph\">Rezultatele admiterii din 2026 eviden\u021biaz\u0103 \u0219i dimensiunea interna\u021bional\u0103 a centrului universitar timi\u0219orean. Cele patru institu\u021bii atrag candida\u021bi din zeci de \u021b\u0103ri, iar programele cu predare \u00een limbi str\u0103ine contribuie la diversificarea comunit\u0103\u021bii academice.<\/p>\n<p class=\"wp-block-paragraph\">\u00cen acela\u0219i timp, extinderea parteneriatelor interna\u021bionale \u0219i dezvoltarea unor programe adaptate domeniilor emergente cresc atractivitatea Timi\u0219oarei pentru tinerii care caut\u0103 o preg\u0103tire universitar\u0103 conectat\u0103 la pia\u021ba muncii.<\/p>\n<p class=\"wp-block-paragraph\">Municipiul Timi\u0219oara \u00eencearc\u0103 s\u0103 sus\u021bin\u0103 aceast\u0103 direc\u021bie prin proiecte dedicate vie\u021bii studen\u021be\u0219ti. Platforma \u201eStudent \u00een Timi\u0219oara\u201d, dezvoltat\u0103 prin Visit Timi\u0219oara \u00eempreun\u0103 cu Alian\u021ba Timi\u0219oara Universitar\u0103, promoveaz\u0103 oferta educa\u021bional\u0103, oportunit\u0103\u021bile profesionale \u0219i experien\u021ba de via\u021b\u0103 din ora\u0219.<\/p>\n<h2 class=\"wp-block-heading\">Timi\u0219oara \u00ee\u0219i construie\u0219te oferta universitar\u0103 \u00een jurul profesiilor viitorului<\/h2>\n<p class=\"wp-block-paragraph\">Rezultatele admiterii din acest an contureaz\u0103 o tendin\u021b\u0103 comun\u0103 \u00een cele patru universit\u0103\u021bi. Domeniile tradi\u021bionale r\u0103m\u00e2n importante, dar oferta \u0219i cererea se deplaseaz\u0103 tot mai mult c\u0103tre specializ\u0103ri care combin\u0103 mai multe discipline \u0219i r\u0103spund schimb\u0103rilor tehnologice \u0219i economice.<\/p>\n<p class=\"wp-block-paragraph\">Robotica, inteligen\u021ba artificial\u0103, sistemele autonome, medicina modern\u0103, psihologia, digitalizarea agriculturii \u0219i sustenabilitatea sunt doar c\u00e2teva dintre direc\u021biile care se reg\u0103sesc tot mai puternic \u00een oferta universitar\u0103 a ora\u0219ului.<\/p>\n<p class=\"wp-block-paragraph\">Concluzia admiterii din 2026 este c\u0103 Timi\u0219oara nu se bazeaz\u0103 doar pe tradi\u021bia sa universitar\u0103, ci \u00ee\u0219i adapteaz\u0103 constant programele \u0219i infrastructura academic\u0103 pentru a r\u0103spunde cerin\u021belor noilor genera\u021bii de studen\u021bi \u0219i ale unei economii aflate \u00een transformare.<\/p>\n<\/div>\n<p>[analyse_source url=&#8221;https:\/\/orasul-timisoara.ro\/local-40264\/&#8221;]<\/p>\n","protected":false},"excerpt":{"rendered":"<p>[analyse_image type=&#8221;featured&#8221; src=&#8221;https:\/\/orasul-timisoara.ro\/wp-content\/uploads\/2026\/04\/timisoara-alba-iulia.jpg&#8221;] \u0218tiri LocaleTimi\u0219oara atrage tot mai mul\u021bi studen\u021bi c\u0103tre tehnologie, medicin\u0103 \u0219i AI \u0218tiri Locale Timi\u0219oara atrage tot mai mul\u021bi studen\u021bi c\u0103tre tehnologie, medicin\u0103 \u0219i AI De c\u0103tre redactia &#8211; 13\/08\/2026 Facebook Twitter WhatsApp Linkedin ReddIt Email Imprimare Admiterea 2026 la universit\u0103\u021bile din Timi\u0219oara arat\u0103 o orientare tot mai clar\u0103 a tinerilor c\u0103tre [&hellip;]<\/p>\n","protected":false},"author":1,"featured_media":0,"comment_status":"open","ping_status":"","sticky":false,"template":"","format":"standard","meta":{"footnotes":""},"categories":[89],"tags":[226,189],"class_list":["post-2092475","post","type-post","status-publish","format-standard","hentry","category-romania","tag-crawlmanager","tag-orasul-timisoara-ro"],"_links":{"self":[{"href":"https:\/\/analyse.optim.biz\/index.php?rest_route=\/wp\/v2\/posts\/2092475","targetHints":{"allow":["GET"]}}],"collection":[{"href":"https:\/\/analyse.optim.biz\/index.php?rest_route=\/wp\/v2\/posts"}],"about":[{"href":"https:\/\/analyse.optim.biz\/index.php?rest_route=\/wp\/v2\/types\/post"}],"author":[{"embeddable":true,"href":"https:\/\/analyse.optim.biz\/index.php?rest_route=\/wp\/v2\/users\/1"}],"replies":[{"embeddable":true,"href":"https:\/\/analyse.optim.biz\/index.php?rest_route=%2Fwp%2Fv2%2Fcomments&post=2092475"}],"version-history":[{"count":0,"href":"https:\/\/analyse.optim.biz\/index.php?rest_route=\/wp\/v2\/posts\/2092475\/revisions"}],"wp:attachment":[{"href":"https:\/\/analyse.optim.biz\/index.php?rest_route=%2Fwp%2Fv2%2Fmedia&parent=2092475"}],"wp:term":[{"taxonomy":"category","embeddable":true,"href":"https:\/\/analyse.optim.biz\/index.php?rest_route=%2Fwp%2Fv2%2Fcategories&post=2092475"},{"taxonomy":"post_tag","embeddable":true,"href":"https:\/\/analyse.optim.biz\/index.php?rest_route=%2Fwp%2Fv2%2Ftags&post=2092475"}],"curies":[{"name":"wp","href":"https:\/\/api.w.org\/{rel}","templated":true}]}}