{"id":2092474,"date":"2026-08-13T12:30:22","date_gmt":"2026-08-13T09:30:22","guid":{"rendered":"https:\/\/analyse.optim.biz\/?p=2092474"},"modified":"2026-08-13T12:30:22","modified_gmt":"2026-08-13T09:30:22","slug":"doua-oferte-pentru-magistrala-verde-din-timisoara-proiectul-ajunge-la-1583-milioane-de-lei","status":"publish","type":"post","link":"https:\/\/analyse.optim.biz\/?p=2092474","title":{"rendered":"Dou\u0103 oferte pentru Magistrala Verde din Timi\u0219oara. Proiectul ajunge la 158,3 milioane de lei"},"content":{"rendered":"<p>[analyse_image type=&#8221;featured&#8221; src=&#8221;https:\/\/orasul-timisoara.ro\/wp-content\/uploads\/2026\/01\/magistrala-verde-tm-1.jpg&#8221;]<\/p>\n<article id=\"post-40260\" class=\"td-post-template-7 post-40260 post type-post status-publish format-standard has-post-thumbnail category-administratie category-featured category-investitii-in-timisoara category-stiri-timisoara tag-bulevardul-16-decembrie-1989 tag-calea-sagului-3 tag-dominic-fritz tag-fonduri-europene tag-infrastructura-timisoara-2 tag-magistrala-verde tag-mobilitate-urbana-2 tag-piata-mocioni-2 tag-piste-biciclete tag-primaria-timisoara-2 tag-programul-regional-vest tag-stiri-timisoara tag-timisoara-2 tag-transport-public-timisoara-2 td-container-wrap\">\n<div class=\"td-full-screen-header-image-wrap\">\n<div class=\"td-container td-post-header\">\n<div class=\"td-crumb-container\">\n<div class=\"entry-crumbs\"><span><a title=\"Vede\u021bi toate articolele \u00een Administra\u021bie local\u0103\" class=\"entry-crumb\" href=\"https:\/\/orasul-timisoara.ro\/local-category\/administratie\/\">Administra\u021bie local\u0103<\/a><\/span><span class=\"td-bred-no-url-last\">Dou\u0103 oferte pentru Magistrala Verde din Timi\u0219oara. Proiectul ajunge la 158,3 milioane&#8230;<\/span><\/div>\n<\/div>\n<div class=\"td-post-header-holder\">\n<div class=\"td-parallax-header\">\n<header class=\"td-post-title\">\n<ul class=\"td-category\">\n<li class=\"entry-category\"><a href=\"https:\/\/orasul-timisoara.ro\/local-category\/administratie\/\">Administra\u021bie local\u0103<\/a><\/li>\n<li class=\"entry-category\"><a href=\"https:\/\/orasul-timisoara.ro\/local-category\/investitii-in-timisoara\/\">Investitii in Timisoara<\/a><\/li>\n<li class=\"entry-category\"><a href=\"https:\/\/orasul-timisoara.ro\/local-category\/stiri-timisoara\/\">\u0218tiri Locale<\/a><\/li>\n<\/ul>\n<h1 class=\"entry-title\">Dou\u0103 oferte pentru Magistrala Verde din Timi\u0219oara. Proiectul ajunge la 158,3 milioane de lei<\/h1>\n<div class=\"td-module-meta-info\">\n<div class=\"td-post-author-name\">\n<div class=\"td-author-by\">De c\u0103tre<\/div>\n<p><a href=\"https:\/\/orasul-timisoara.ro\/author\/timisoara\/\">redactia<\/a><\/p>\n<div class=\"td-author-line\"> &#8211; <\/div>\n<\/div>\n<p><span class=\"td-post-date\"><time class=\"entry-date updated td-module-date\" datetime=\"2026-08-13T15:30:22+03:00\">13\/08\/2026<\/time><\/span><\/div>\n<\/header>\n<\/div>\n<\/div>\n<\/div>\n<div id=\"td-full-screen-header-image\" class=\"td-image-gradient-style7\"><img decoding=\"async\" class=\"td-backstretch\" src=\"https:\/\/orasul-timisoara.ro\/wp-content\/uploads\/2026\/01\/magistrala-verde-tm-1.jpg\"><\/div>\n<\/div>\n<div class=\"td-container\">\n<div class=\"td-pb-row\">\n<div class=\"td-pb-span8 td-main-content\" role=\"main\">\n<div class=\"td-ss-main-content\">\n<div class=\"td-post-sharing-top\">\n<div class=\"td-post-sharing-classic\"><iframe title=\"topFacebookLike\" frameborder src=\"https:\/\/www.facebook.com\/plugins\/like.php?href=https:\/\/orasul-timisoara.ro\/local-40260\/&amp;layout=button_count&amp;show_faces=false&amp;width=105&amp;action=like&amp;colorscheme=light&amp;height=21\"><\/iframe><\/div>\n<div id=\"td_social_sharing_article_top\" class=\"td-post-sharing td-ps-bg td-ps-notext td-post-sharing-style1 \">\n<div class=\"td-post-sharing-visible\"><a class=\"td-social-sharing-button td-social-sharing-button-js td-social-network td-social-facebook\" href=\"https:\/\/www.facebook.com\/sharer.php?u=https%3A%2F%2Forasul-timisoara.ro%2Flocal-40260%2F\" title=\"Facebook\"><\/p>\n<div class=\"td-social-but-text\">Facebook<\/div>\n<p><\/a><a class=\"td-social-sharing-button td-social-sharing-button-js td-social-network td-social-twitter\" href=\"https:\/\/twitter.com\/intent\/tweet?text=Dou%C4%83+oferte+pentru+Magistrala+Verde+din+Timi%C8%99oara.+Proiectul+ajunge+la+158%2C3+milioane+de+lei&amp;url=https%3A%2F%2Forasul-timisoara.ro%2Flocal-40260%2F&amp;via=orasultm\" title=\"Twitter\"><\/p>\n<div class=\"td-social-but-text\">Twitter<\/div>\n<p><\/a><a class=\"td-social-sharing-button td-social-sharing-button-js td-social-network td-social-whatsapp\" href=\"https:\/\/api.whatsapp.com\/send?text=Dou%C4%83+oferte+pentru+Magistrala+Verde+din+Timi%C8%99oara.+Proiectul+ajunge+la+158%2C3+milioane+de+lei%20%0A%0A%20https:\/\/orasul-timisoara.ro\/local-40260\/\" title=\"WhatsApp\"><\/p>\n<div class=\"td-social-but-text\">WhatsApp<\/div>\n<p><\/a><a class=\"td-social-sharing-button td-social-sharing-button-js td-social-network td-social-linkedin\" href=\"https:\/\/www.linkedin.com\/shareArticle?mini=true&amp;url=https:\/\/orasul-timisoara.ro\/local-40260\/&amp;title=Dou%C4%83+oferte+pentru+Magistrala+Verde+din+Timi%C8%99oara.+Proiectul+ajunge+la+158%2C3+milioane+de+lei\" title=\"Linkedin\"><\/p>\n<div class=\"td-social-but-text\">Linkedin<\/div>\n<p><\/a><a class=\"td-social-sharing-button td-social-sharing-button-js td-social-network td-social-reddit\" href=\"https:\/\/reddit.com\/submit?url=https:\/\/orasul-timisoara.ro\/local-40260\/&amp;title=Dou%C4%83+oferte+pentru+Magistrala+Verde+din+Timi%C8%99oara.+Proiectul+ajunge+la+158%2C3+milioane+de+lei\" title=\"ReddIt\"><\/p>\n<div class=\"td-social-but-text\">ReddIt<\/div>\n<p><\/a><a class=\"td-social-sharing-button td-social-sharing-button-js td-social-network td-social-mail\" href=\"mailto:?subject=Dou%C4%83%20oferte%20pentru%20Magistrala%20Verde%20din%20Timi%C8%99oara.%20Proiectul%20ajunge%20la%20158,3%20milioane%20de%20lei&amp;body=https:\/\/orasul-timisoara.ro\/local-40260\/\" title=\"Email\"><\/p>\n<div class=\"td-social-but-text\">Email<\/div>\n<p><\/a><a class=\"td-social-sharing-button td-social-sharing-button-js td-social-network td-social-print\" href=\"https:\/\/orasul-timisoara.ro\/local-40260\/\" title=\"Imprimare\"><\/p>\n<div class=\"td-social-but-text\">Imprimare<\/div>\n<p><\/a><\/div>\n<\/div>\n<\/div>\n<div class=\"td-post-content tagdiv-type\">\n<p class=\"wp-block-paragraph\">Dou\u0103 oferte au fost depuse la licita\u021bia lansat\u0103 de Prim\u0103ria Municipiului Timi\u0219oara pentru realizarea coridorului de mobilitate \u201eMagistrala Verde\u201d, proiect care va transforma traseul dintre Shopping City Timi\u0219oara \u0219i Pia\u021ba Mocioni. Investi\u021bia, cu o lungime de aproape 2,5 kilometri, este finan\u021bat\u0103 \u00een principal din fonduri europene \u0219i urm\u0103re\u0219te \u00eembun\u0103t\u0103\u021birea circula\u021biei pentru transportul public, autoturisme, bicicli\u0219ti \u0219i pietoni.<\/p>\n<p class=\"wp-block-paragraph\">Proiectul are o valoare total\u0103 de 158,3 milioane de lei \u0219i prevede reorganizarea circula\u021biei, modernizarea infrastructurii pietonale, amenajarea a 5 kilometri de piste pentru biciclete \u0219i extinderea spa\u021biilor verzi. Potrivit municipalit\u0103\u021bii, interven\u021biile sunt estimate s\u0103 duc\u0103 la cre\u0219terea vitezei medii de deplasare a vehiculelor cu aproximativ 9 km\/h fa\u021b\u0103 de situa\u021bia actual\u0103, iar termenul stabilit prin finan\u021barea european\u0103 pentru finalizarea investi\u021biei este martie 2029.<\/p>\n<h2 class=\"wp-block-heading\">Dou\u0103 asocieri particip\u0103 la licita\u021bia pentru Magistrala Verde<\/h2>\n<p class=\"wp-block-paragraph\">Interesul pentru proiectul Magistrala Verde s-a concretizat prin depunerea a dou\u0103 oferte \u00een cadrul procedurii de achizi\u021bie public\u0103. Prima este depus\u0103 de asocierea PORR CONSTRUCT, \u00een calitate de lider, \u00eempreun\u0103 cu Electroechipament Industrial \u0219i TUBULAR TEHNO SISTEM.<\/p>\n<p class=\"wp-block-paragraph\">Cea de-a doua ofert\u0103 apar\u021bine asocierii DRUM ASFALT, lider al asocierii, \u00eempreun\u0103 cu TEHNODOMUS SRL. Urmeaz\u0103 etapele de evaluare a ofertelor, dup\u0103 care municipalitatea va putea avansa c\u0103tre atribuirea contractului \u0219i implementarea lucr\u0103rilor.<\/p>\n<p class=\"wp-block-paragraph\">Pentru Prim\u0103ria Timi\u0219oara, proiectul reprezint\u0103 una dintre principalele interven\u021bii de infrastructur\u0103 de mobilitate de pe acest traseu, una dintre cele mai utilizate artere de acces c\u0103tre ora\u0219.<\/p>\n<h2 class=\"wp-block-heading\">Calea \u0218agului va fi reorganizat\u0103 pe aproape 2,5 kilometri<\/h2>\n<p class=\"wp-block-paragraph\">Magistrala Verde este conceput\u0103 pe trei tronsoane, care acoper\u0103 traseul dintre Pia\u021ba Mocioni \u0219i Shopping City Timi\u0219oara. Primul segment vizeaz\u0103 bulevardul 16 Decembrie 1918, \u00eencep\u00e2nd din zona Pie\u021bei Mocioni, al doilea se \u00eentinde \u00eentre Pia\u021ba Iuliu Maniu \u0219i intersec\u021bia Rebreanu-D\u00e2mbovi\u021ba, iar al treilea leag\u0103 aceast\u0103 intersec\u021bie de Shopping City.<\/p>\n<p class=\"wp-block-paragraph\">Solu\u021biile de circula\u021bie vor fi adaptate fiec\u0103rui tronson, \u00een func\u021bie de spa\u021biul disponibil. Autobuzele vor beneficia de prioritate pe aproape \u00eentreaga lungime a traseului, \u00een timp ce benzile destinate traficului general vor fi reorganizate astfel \u00eenc\u00e2t circula\u021bia s\u0103 fie mai eficient\u0103.<\/p>\n<p class=\"wp-block-paragraph\">Municipalitatea estimeaz\u0103 c\u0103 interven\u021biile vor permite o cre\u0219tere de aproximativ 9 km\/h a vitezei medii de deplasare a vehiculelor. Reorganizarea este g\u00e2ndit\u0103 astfel \u00eenc\u00e2t traseul s\u0103 ofere condi\u021bii mai bune pentru mai multe categorii de participan\u021bi la trafic.<\/p>\n<h2 class=\"wp-block-heading\">11 intersec\u021bii vor fi reorganizate<\/h2>\n<p class=\"wp-block-paragraph\">Proiectul include interven\u021bii \u00een 11 intersec\u021bii de pe traseul Magistralei Verzi. Reconfigurarea acestora face parte din solu\u021bia de fluidizare a traficului \u0219i de acordare a priorit\u0103\u021bii transportului public.<\/p>\n<p class=\"wp-block-paragraph\">Pe l\u00e2ng\u0103 lucr\u0103rile propriu-zise de infrastructur\u0103 rutier\u0103, proiectul prevede instalarea unui sistem de supraveghere video format din 51 de camere. Acesta va permite monitorizarea traficului pe traseul modernizat.<\/p>\n<p class=\"wp-block-paragraph\">Tot \u00een cadrul investi\u021biei sunt prev\u0103zute trei sta\u021bii de \u00eenc\u0103rcare lent\u0103 pentru autovehicule. Acestea vor completa infrastructura nou\u0103 dedicat\u0103 mobilit\u0103\u021bii urbane.<\/p>\n<h2 class=\"wp-block-heading\">Cinci kilometri de piste pentru biciclete \u0219i 20.000 de metri p\u0103tra\u021bi de trotuare<\/h2>\n<p class=\"wp-block-paragraph\">Magistrala Verde nu se limiteaz\u0103 la reorganizarea traficului auto \u0219i a transportului public. Proiectul prevede refacerea trotuarelor pe o suprafa\u021b\u0103 de aproximativ 20.000 de metri p\u0103tra\u021bi \u0219i amenajarea a circa 5 kilometri de piste pentru biciclete.<\/p>\n<p class=\"wp-block-paragraph\">Interven\u021biile includ \u0219i extinderea spa\u021biilor verzi de-a lungul traseului. Pe anumite segmente vor fi amplasate elemente de mobilier urban, iar municipalitatea va interveni \u0219i asupra infrastructurii de iluminat public stradal.<\/p>\n<p class=\"wp-block-paragraph\">Lucr\u0103rile edilitare \u0219i interven\u021biile asupra re\u021belelor existente sunt, de asemenea, incluse \u00een proiect. Acestea vor fi realizate pe por\u021biunile prev\u0103zute \u00een documenta\u021bia investi\u021biei de pe bulevardul 16 Decembrie 1989 \u0219i Calea \u0218agului.<\/p>\n<h2 class=\"wp-block-heading\">Trei sta\u021bii vor monitoriza calitatea aerului<\/h2>\n<p class=\"wp-block-paragraph\">Un alt element inclus \u00een proiect este monitorizarea calit\u0103\u021bii aerului. Prim\u0103ria Timi\u0219oara va dispune de trei sta\u021bii dedicate acestui scop, amplasate \u00een puncte importante de pe traseul Magistralei Verzi.<\/p>\n<p class=\"wp-block-paragraph\">Una dintre sta\u021bii va fi instalat\u0103 \u00een zona intersec\u021biei Calea \u0218agului \u2013 Rebreanu \u2013 D\u00e2mbovi\u021ba, o alt\u0103 sta\u021bie \u00een Pia\u021ba Iuliu Maniu, iar cea de-a treia \u00een zona intersec\u021biei 16 Decembrie 1989 \u2013 Dragalina \u2013 Br\u00e2ncoveanu.<\/p>\n<p class=\"wp-block-paragraph\">Prin aceste echipamente, municipalitatea va putea ob\u021bine date privind calitatea aerului \u00een zonele traversate de unul dintre principalele coridoare de trafic ale ora\u0219ului.<\/p>\n<h2 class=\"wp-block-heading\">Magistrala Verde se va conecta cu regenerarea urban\u0103 din zona Mocioni<\/h2>\n<p class=\"wp-block-paragraph\">Primarul Dominic Fritz a descris proiectul drept unul strategic pentru Timi\u0219oara \u0219i a subliniat leg\u0103tura acestuia cu proiectul de regenerare urban\u0103 din zona Mocioni.<\/p>\n<p class=\"wp-block-paragraph\">\u201eMagistrala Verde se va conecta cu proiectul de regenerare urban\u0103 din zona Mocioni\u201d, a declarat edilul, preciz\u00e2nd c\u0103 obiectivul este realizarea unui coridor de mobilitate care s\u0103 lege zona Shopping City de centrul ora\u0219ului.<\/p>\n<p class=\"wp-block-paragraph\">Potrivit lui Dominic Fritz, rezultatul final ar urma s\u0103 combine infrastructura pentru transportul public \u0219i deplasarea cu bicicleta cu spa\u021bii verzi \u0219i solu\u021bii de accesibilitate pentru pietoni.<\/p>\n<h2 class=\"wp-block-heading\">Investi\u021bie de 158,3 milioane de lei, cu finan\u021bare european\u0103<\/h2>\n<p class=\"wp-block-paragraph\">Valoarea total\u0103 a proiectului Coridor de mobilitate \u201eMagistrala Verde\u201d \u2013 Bd. 16 Decembrie 1989 \u2013 Calea \u0218agului este de 158,3 milioane de lei. Din aceast\u0103 sum\u0103, 97,3 milioane de lei reprezint\u0103 finan\u021bare european\u0103, \u00een timp ce 61 de milioane de lei provin din bugetul local al municipiului Timi\u0219oara.<\/p>\n<p class=\"wp-block-paragraph\">Proiectul beneficiaz\u0103 de finan\u021bare prin Programul Regional Vest 2021\u20132027, \u00een cadrul Interven\u021biei Regionale 5.1.B \u2013 Decongestionare trafic.<\/p>\n<p class=\"wp-block-paragraph\">Calendarul investi\u021biei este legat de termenul prev\u0103zut \u00een contractul de finan\u021bare european\u0103, respectiv martie 2029 pentru realizarea proiectului.<\/p>\n<h2 class=\"wp-block-heading\">Un nou coridor de mobilitate \u00eentre sudul ora\u0219ului \u0219i centru<\/h2>\n<p class=\"wp-block-paragraph\">Prin lucr\u0103rile prev\u0103zute, Prim\u0103ria Timi\u0219oara urm\u0103re\u0219te transformarea traseului dintre Shopping City \u0219i Pia\u021ba Mocioni \u00eentr-un coridor de mobilitate care s\u0103 acorde un rol mai important transportului public \u0219i deplas\u0103rilor nemotorizate.<\/p>\n<p class=\"wp-block-paragraph\">Reorganizarea intersec\u021biilor, prioritizarea autobuzelor, pistele pentru biciclete, refacerea trotuarelor, extinderea spa\u021biilor verzi \u0219i modernizarea infrastructurii reprezint\u0103 principalele componente ale investi\u021biei.<\/p>\n<p class=\"wp-block-paragraph\">\u00cen acest moment, procedura de achizi\u021bie se afl\u0103 \u00een etapa de evaluare a celor dou\u0103 oferte depuse. Finalizarea licita\u021biei \u0219i atribuirea contractului vor permite trecerea proiectului \u00een etapa de execu\u021bie.<\/p>\n<p class=\"wp-block-paragraph\">Magistrala Verde este una dintre investi\u021biile majore preg\u0103tite de Prim\u0103ria Timi\u0219oara pentru reorganizarea mobilit\u0103\u021bii pe traseul Calea \u0218agului \u2013 bulevardul 16 Decembrie 1989. Cu o valoare de 158,3 milioane de lei, proiectul include lucr\u0103ri pentru transportul public, traficul rutier, biciclete \u0219i pietoni, precum \u0219i interven\u021bii asupra spa\u021biilor verzi \u0219i infrastructurii urbane.<\/p>\n<p class=\"wp-block-paragraph\">Cele dou\u0103 oferte depuse la licita\u021bie marcheaz\u0103 urm\u0103toarea etap\u0103 a proiectului, care beneficiaz\u0103 de 97,3 milioane de lei din fonduri europene. Dac\u0103 procedura de achizi\u021bie se \u00eencheie conform calendarului, investi\u021bia trebuie realizat\u0103 p\u00e2n\u0103 \u00een martie 2029.<\/p>\n<\/div>\n<footer>\n<div class=\"td-post-source-tags\">\n<ul class=\"td-tags td-post-small-box clearfix\">\n<li><span>ETICHETE<\/span><\/li>\n<li><a href=\"https:\/\/orasul-timisoara.ro\/local-tag\/bulevardul-16-decembrie-1989\/\">bulevardul 16 Decembrie 1989<\/a><\/li>\n<li><a href=\"https:\/\/orasul-timisoara.ro\/local-tag\/calea-sagului-3\/\">Calea \u0218agului<\/a><\/li>\n<li><a href=\"https:\/\/orasul-timisoara.ro\/local-tag\/dominic-fritz\/\">dominic fritz<\/a><\/li>\n<li><a href=\"https:\/\/orasul-timisoara.ro\/local-tag\/fonduri-europene\/\">fonduri europene<\/a><\/li>\n<li><a href=\"https:\/\/orasul-timisoara.ro\/local-tag\/infrastructura-timisoara-2\/\">infrastructur\u0103 Timi\u0219oara<\/a><\/li>\n<li><a href=\"https:\/\/orasul-timisoara.ro\/local-tag\/magistrala-verde\/\">magistrala verde<\/a><\/li>\n<li><a href=\"https:\/\/orasul-timisoara.ro\/local-tag\/mobilitate-urbana-2\/\">mobilitate urban\u0103<\/a><\/li>\n<li><a href=\"https:\/\/orasul-timisoara.ro\/local-tag\/piata-mocioni-2\/\">Pia\u021ba Mocioni<\/a><\/li>\n<li><a href=\"https:\/\/orasul-timisoara.ro\/local-tag\/piste-biciclete\/\">piste biciclete<\/a><\/li>\n<li><a href=\"https:\/\/orasul-timisoara.ro\/local-tag\/primaria-timisoara-2\/\">Prim\u0103ria Timi\u0219oara<\/a><\/li>\n<li><a href=\"https:\/\/orasul-timisoara.ro\/local-tag\/programul-regional-vest\/\">Programul Regional Vest<\/a><\/li>\n<li><a href=\"https:\/\/orasul-timisoara.ro\/local-tag\/stiri-timisoara\/\">stiri timisoara<\/a><\/li>\n<li><a href=\"https:\/\/orasul-timisoara.ro\/local-tag\/timisoara-2\/\">timi\u0219oara<\/a><\/li>\n<li><a href=\"https:\/\/orasul-timisoara.ro\/local-tag\/transport-public-timisoara-2\/\">transport public Timi\u0219oara<\/a><\/li>\n<\/ul>\n<\/div>\n<div class=\"td-post-sharing-bottom\">\n<div class=\"td-post-sharing-classic\"><iframe title=\"bottomFacebookLike\" frameborder src=\"https:\/\/www.facebook.com\/plugins\/like.php?href=https:\/\/orasul-timisoara.ro\/local-40260\/&amp;layout=button_count&amp;show_faces=false&amp;width=105&amp;action=like&amp;colorscheme=light&amp;height=21\"><\/iframe><\/div>\n<div id=\"td_social_sharing_article_bottom\" class=\"td-post-sharing td-ps-bg td-ps-notext td-post-sharing-style1 \">\n<div class=\"td-post-sharing-visible\"><a class=\"td-social-sharing-button td-social-sharing-button-js td-social-network td-social-facebook\" href=\"https:\/\/www.facebook.com\/sharer.php?u=https%3A%2F%2Forasul-timisoara.ro%2Flocal-40260%2F\" title=\"Facebook\"><\/p>\n<div class=\"td-social-but-text\">Facebook<\/div>\n<p><\/a><a class=\"td-social-sharing-button td-social-sharing-button-js td-social-network td-social-twitter\" href=\"https:\/\/twitter.com\/intent\/tweet?text=Dou%C4%83+oferte+pentru+Magistrala+Verde+din+Timi%C8%99oara.+Proiectul+ajunge+la+158%2C3+milioane+de+lei&amp;url=https%3A%2F%2Forasul-timisoara.ro%2Flocal-40260%2F&amp;via=orasultm\" title=\"Twitter\"><\/p>\n<div class=\"td-social-but-text\">Twitter<\/div>\n<p><\/a><a class=\"td-social-sharing-button td-social-sharing-button-js td-social-network td-social-whatsapp\" href=\"https:\/\/api.whatsapp.com\/send?text=Dou%C4%83+oferte+pentru+Magistrala+Verde+din+Timi%C8%99oara.+Proiectul+ajunge+la+158%2C3+milioane+de+lei%20%0A%0A%20https:\/\/orasul-timisoara.ro\/local-40260\/\" title=\"WhatsApp\"><\/p>\n<div class=\"td-social-but-text\">WhatsApp<\/div>\n<p><\/a><a class=\"td-social-sharing-button td-social-sharing-button-js td-social-network td-social-linkedin\" href=\"https:\/\/www.linkedin.com\/shareArticle?mini=true&amp;url=https:\/\/orasul-timisoara.ro\/local-40260\/&amp;title=Dou%C4%83+oferte+pentru+Magistrala+Verde+din+Timi%C8%99oara.+Proiectul+ajunge+la+158%2C3+milioane+de+lei\" title=\"Linkedin\"><\/p>\n<div class=\"td-social-but-text\">Linkedin<\/div>\n<p><\/a><a class=\"td-social-sharing-button td-social-sharing-button-js td-social-network td-social-reddit\" href=\"https:\/\/reddit.com\/submit?url=https:\/\/orasul-timisoara.ro\/local-40260\/&amp;title=Dou%C4%83+oferte+pentru+Magistrala+Verde+din+Timi%C8%99oara.+Proiectul+ajunge+la+158%2C3+milioane+de+lei\" title=\"ReddIt\"><\/p>\n<div class=\"td-social-but-text\">ReddIt<\/div>\n<p><\/a><a class=\"td-social-sharing-button td-social-sharing-button-js td-social-network td-social-mail\" href=\"mailto:?subject=Dou%C4%83%20oferte%20pentru%20Magistrala%20Verde%20din%20Timi%C8%99oara.%20Proiectul%20ajunge%20la%20158,3%20milioane%20de%20lei&amp;body=https:\/\/orasul-timisoara.ro\/local-40260\/\" title=\"Email\"><\/p>\n<div class=\"td-social-but-text\">Email<\/div>\n<p><\/a><a class=\"td-social-sharing-button td-social-sharing-button-js td-social-network td-social-print\" href=\"https:\/\/orasul-timisoara.ro\/local-40260\/\" title=\"Imprimare\"><\/p>\n<div class=\"td-social-but-text\">Imprimare<\/div>\n<p><\/a><\/div>\n<\/div>\n<\/div>\n<div class=\"td-block-row td-post-next-prev\">\n<div class=\"td-block-span6 td-post-prev-post\">\n<div class=\"td-post-next-prev-content\"><span>Articolul precedent<\/span><a href=\"https:\/\/orasul-timisoara.ro\/local-40250\/\">\u0218coala din Dude\u0219tii Noi intr\u0103 \u00een noul an \u0219colar complet modernizat\u0103<\/a><\/div>\n<\/div>\n<div class=\"td-block-span6 td-post-next-post\">\n<div class=\"td-post-next-prev-content\"><span>Articolul urm\u0103tor<\/span><a href=\"https:\/\/orasul-timisoara.ro\/local-40262\/\">78 de accidente cu trotinete electrice \u00een Timi\u0219. Un mort \u0219i 81 de r\u0103ni\u021bi<\/a><\/div>\n<\/div>\n<\/div>\n<div class=\"td-author-name vcard author\"><span class=\"fn\"><a href=\"https:\/\/orasul-timisoara.ro\/author\/timisoara\/\">redactia<\/a><\/span><\/div>\n<p><span class=\"td-page-meta\"><\/span><span class=\"td-page-meta\"><span class=\"td-page-meta\"><\/span><\/span><span class=\"td-page-meta\"><\/span><\/footer>\n<div class=\"td_block_wrap td_block_related_posts tdi_3 td_with_ajax_pagination td-pb-border-top td_block_template_8\" data-td-block-uid=\"tdi_3\">\n<h4 class=\"td-related-title td-block-title\"><a id=\"tdi_4\" class=\"td-related-left td-cur-simple-item\" data-td_filter_value data-td_block_id=\"tdi_3\" href=\"https:\/\/orasul-timisoara.ro\/local-40260\/\">ARTICOLE SIMILARE<\/a><a id=\"tdi_5\" class=\"td-related-right\" data-td_filter_value=\"td_related_more_from_author\" data-td_block_id=\"tdi_3\" href=\"https:\/\/orasul-timisoara.ro\/local-40260\/\">DE LA ACELA\u0218I AUTOR<\/a><\/h4>\n<div id=\"tdi_3\" class=\"td_block_inner\">\n<div class=\"td-related-row\">\n<div class=\"td-related-span4\">\n<div class=\"td_module_related_posts td-animation-stack td_mod_related_posts\">\n<div class=\"td-module-image\">\n<div class=\"td-module-thumb\"><a href=\"https:\/\/orasul-timisoara.ro\/local-40250\/\" rel=\"bookmark\" class=\"td-image-wrap \" title=\"\u0218coala din Dude\u0219tii Noi intr\u0103 \u00een noul an \u0219colar complet modernizat\u0103\"><img loading=\"lazy\" decoding=\"async\" class=\"entry-thumb\" src=\"https:\/\/orasul-timisoara.ro\/wp-content\/uploads\/2026\/08\/scoala-dudesti-436x300.jpg\" alt title=\"\u0218coala din Dude\u0219tii Noi intr\u0103 \u00een noul an \u0219colar complet modernizat\u0103\" width=\"218\" height=\"150\"><\/a><\/div>\n<\/div>\n<div class=\"item-details\">\n<h3 class=\"entry-title td-module-title\"><a href=\"https:\/\/orasul-timisoara.ro\/local-40250\/\" rel=\"bookmark\" title=\"\u0218coala din Dude\u0219tii Noi intr\u0103 \u00een noul an \u0219colar complet modernizat\u0103\">\u0218coala din Dude\u0219tii Noi intr\u0103 \u00een noul an \u0219colar complet modernizat\u0103<\/a><\/h3>\n<\/div>\n<\/div>\n<\/div>\n<div class=\"td-related-span4\">\n<div class=\"td_module_related_posts td-animation-stack td_mod_related_posts\">\n<div class=\"td-module-image\">\n<div class=\"td-module-thumb\"><a href=\"https:\/\/orasul-timisoara.ro\/local-40240\/\" rel=\"bookmark\" class=\"td-image-wrap \" title=\"Dou\u0103 investi\u021bii majore din vestul Timi\u0219oarei reiau etapa exproprierilor. Ce se \u00eent\u00e2mpl\u0103 cu drumul de leg\u0103tur\u0103 Solventul \u0219i Radiala de Vest\"><img loading=\"lazy\" decoding=\"async\" class=\"entry-thumb\" src=\"https:\/\/orasul-timisoara.ro\/wp-content\/uploads\/2026\/08\/ruben-aug-436x300.jpg\" alt title=\"Dou\u0103 investi\u021bii majore din vestul Timi\u0219oarei reiau etapa exproprierilor. Ce se \u00eent\u00e2mpl\u0103 cu drumul de leg\u0103tur\u0103 Solventul \u0219i Radiala de Vest\" width=\"218\" height=\"150\"><\/a><\/div>\n<\/div>\n<div class=\"item-details\">\n<h3 class=\"entry-title td-module-title\"><a href=\"https:\/\/orasul-timisoara.ro\/local-40240\/\" rel=\"bookmark\" title=\"Dou\u0103 investi\u021bii majore din vestul Timi\u0219oarei reiau etapa exproprierilor. Ce se \u00eent\u00e2mpl\u0103 cu drumul de leg\u0103tur\u0103 Solventul \u0219i Radiala de Vest\">Dou\u0103 investi\u021bii majore din vestul Timi\u0219oarei reiau etapa exproprierilor. Ce se \u00eent\u00e2mpl\u0103 cu drumul de leg\u0103tur\u0103 Solventul \u0219i Radiala de Vest<\/a><\/h3>\n<\/div>\n<\/div>\n<\/div>\n<div class=\"td-related-span4\">\n<div class=\"td_module_related_posts td-animation-stack td_mod_related_posts\">\n<div class=\"td-module-image\">\n<div class=\"td-module-thumb\"><a href=\"https:\/\/orasul-timisoara.ro\/local-40230\/\" rel=\"bookmark\" class=\"td-image-wrap \" title=\"Elevii din Timi\u0219oara decid cum se schimb\u0103 liceele lor. 29 de proiecte sunt \u00een lucru\"><img loading=\"lazy\" decoding=\"async\" class=\"entry-thumb\" src=\"https:\/\/orasul-timisoara.ro\/wp-content\/uploads\/2026\/08\/elevi-licee-bugetare-436x300.jpg\" alt title=\"Elevii din Timi\u0219oara decid cum se schimb\u0103 liceele lor. 29 de proiecte sunt \u00een lucru\" width=\"218\" height=\"150\"><\/a><\/div>\n<\/div>\n<div class=\"item-details\">\n<h3 class=\"entry-title td-module-title\"><a href=\"https:\/\/orasul-timisoara.ro\/local-40230\/\" rel=\"bookmark\" title=\"Elevii din Timi\u0219oara decid cum se schimb\u0103 liceele lor. 29 de proiecte sunt \u00een lucru\">Elevii din Timi\u0219oara decid cum se schimb\u0103 liceele lor. 29 de proiecte sunt \u00een lucru<\/a><\/h3>\n<\/div>\n<\/div>\n<\/div>\n<\/div>\n<\/div>\n<\/div>\n<div class=\"comments\" id=\"comments\">\n<div id=\"respond\" class=\"comment-respond\">\n<h3 id=\"reply-title\" class=\"comment-reply-title\">L\u0102SA\u021aI UN MESAJ<\/h3>\n<div class=\"comment-form-input-wrap td-form-comment\">\n<div class=\"td-warning-comment\">V\u0103 rug\u0103m s\u0103 introduce\u021bi comentariul dvs.!<\/div>\n<\/div>\n<div class=\"comment-form-input-wrap td-form-author\">\n<div class=\"td-warning-author\">Introduce\u021bi aici numele dvs.<\/div>\n<\/div>\n<div class=\"comment-form-input-wrap td-form-email\">\n<div class=\"td-warning-email-error\">A\u021bi introdus o adres\u0103 de e-mail incorect\u0103!<\/div>\n<div class=\"td-warning-email\">V\u0103 rug\u0103m s\u0103 introduce\u021bi adresa dvs. de e-mail aici<\/div>\n<\/div>\n<\/div>\n<p class=\"akismet_comment_form_privacy_notice\">Acest site folose\u0219te Akismet pentru a reduce spamul. <a href=\"https:\/\/akismet.com\/privacy\/\" target=\"_blank\" rel=\"nofollow noopener\">Afl\u0103 cum sunt procesate datele comentariilor tale<\/a>.<\/p>\n<\/div>\n<\/div>\n<\/div>\n<div class=\"td-pb-span4 td-main-sidebar\" role=\"complementary\">\n<div class=\"td-ss-main-sidebar\">\n<aside id=\"block-4\" class=\"td_block_template_8 widget block-4 widget_block widget_media_image\">\n<figure class=\"wp-block-image size-full\"><img loading=\"lazy\" decoding=\"async\" width=\"336\" height=\"280\" src=\"https:\/\/orasul-timisoara.ro\/wp-content\/uploads\/2024\/11\/ReTIM-Abonamentul-Verde-Google-Ads-336x280px.gif\" alt class=\"wp-image-29257\"><\/figure>\n<\/aside>\n<div class=\"td_block_wrap td_block_social_counter td_block_widget tdi_6 td-social-style5 td-social-boxed td-pb-border-top td_block_template_8\">\n<div class=\"td-block-title-wrap\">\n<h4 class=\"td-block-title\"><span>Urm\u0103re\u0219te-ne pe Social Media<\/span><\/h4>\n<\/div>\n<div class=\"td-social-list\">\n<div class=\"td_social_type td-pb-margin-side td_social_facebook\">\n<div class=\"td-social-box\"><span class=\"td_social_info td_social_info_counter\">344,595<\/span><span class=\"td_social_info td_social_info_name\">Fani<\/span><span class=\"td_social_button\"><a href=\"https:\/\/www.facebook.com\/247timisoara\" target=\"_blank\" rel=\"nofollow\">\u00cemi place<\/a><\/span><\/div>\n<\/div>\n<div class=\"td_social_type td-pb-margin-side td_social_instagram\">\n<div class=\"td-social-box\"><span class=\"td_social_info td_social_info_counter\">4,416<\/span><span class=\"td_social_info td_social_info_name\">Cititori<\/span><span class=\"td_social_button\"><a href=\"https:\/\/instagram.com\/orasultimisoararo\/\" target=\"_blank\" rel=\"nofollow\">Conecta\u021bi-v\u0103<\/a><\/span><\/div>\n<\/div>\n<div class=\"td_social_type td-pb-margin-side td_social_rss\">\n<div class=\"td-social-box\"><span class=\"td_social_info td_social_info_counter\">12,506<\/span><span class=\"td_social_info td_social_info_name\">Cititori<\/span><span class=\"td_social_button\"><a href=\"https:\/\/orasul-timisoara.ro\/feed\/\" target=\"_blank\" rel=\"nofollow\">Conecta\u021bi-v\u0103<\/a><\/span><\/div>\n<\/div>\n<div class=\"td_social_type td-pb-margin-side td_social_tiktok\">\n<div class=\"td-social-box\"><span class=\"td_social_info td_social_info_counter\">1,500<\/span><span class=\"td_social_info td_social_info_name\">Cititori<\/span><span class=\"td_social_button\"><a href=\"https:\/\/www.tiktok.com\/@orasultimisoara\" target=\"_blank\" rel=\"nofollow\">Conecta\u021bi-v\u0103<\/a><\/span><\/div>\n<\/div>\n<div class=\"td_social_type td-pb-margin-side td_social_twitter\">\n<div class=\"td-social-box\"><span class=\"td_social_info td_social_info_counter\">1,595<\/span><span class=\"td_social_info td_social_info_name\">Cititori<\/span><span class=\"td_social_button\"><a href=\"https:\/\/twitter.com\/orasultm\" target=\"_blank\" rel=\"nofollow\">Conecta\u021bi-v\u0103<\/a><\/span><\/div>\n<\/div>\n<div class=\"td_social_type td-pb-margin-side td_social_youtube\">\n<div class=\"td-social-box\"><span class=\"td_social_info td_social_info_counter\">3,506<\/span><span class=\"td_social_info td_social_info_name\">Abona\u021bi<\/span><span class=\"td_social_button\"><a href=\"https:\/\/www.youtube.com\/channel\/UCQNsQvs2XCSIm1Z-AHRturw?sub_confirmation=1\" target=\"_blank\" rel=\"nofollow\">Abona\u021bi-v\u0103<\/a><\/span><\/div>\n<\/div>\n<\/div>\n<\/div>\n<aside id=\"text-7\" class=\"td_block_template_8 widget text-7 widget_text\">\n<h4 class=\"td-block-title\"><span>C\u0103ut\u0103ri populare pe OTM<\/span><\/h4>\n<div class=\"textwidget\"><a href=\"https:\/\/orasul-timisoara.ro\/?s=timisoara\"><span>Timisoara<\/span><\/a><a href=\"https:\/\/orasul-timisoara.ro\/?s=calin+dobra\"><span>Calin Dobra<\/span><\/a><a href=\"https:\/\/orasul-timisoara.ro\/?s=primaria+timisoara\"><span>Primaria Timisoara<\/span><\/a><a href=\"https:\/\/orasul-timisoara.ro\/?s=dominic+fritz\"><span>Dominic Fritz<\/span><\/a><a href=\"https:\/\/orasul-timisoara.ro\/?s=nicolae+robu\"><span>Nicolae Robu<\/span><\/a><a href=\"https:\/\/orasul-timisoara.ro\/?s=consiliul+local+timisoara\">Consiliul Local Timisoara<\/a><a href=\"https:\/\/orasul-timisoara.ro\/?s=consiliul+judetean+timis\"><span>Consiliul Judetean Timis<\/span><\/a><a href=\"https:\/\/orasul-timisoara.ro\/?s=cjt\"><span>CJT<\/span><\/a><a href=\"https:\/\/orasul-timisoara.ro\/?s=Alfred+Simonis\"><span>Alfred Simonis<\/span><\/a><a href=\"https:\/\/orasul-timisoara.ro\/?s=PNL\"><span>PNL<\/span><\/a><a href=\"https:\/\/orasul-timisoara.ro\/?s=coronavirus\"><span>coronavirus<\/span><\/a><a href=\"https:\/\/orasul-timisoara.ro\/?s=teatru+timisoara\">teatru Timisoara<\/a><a href=\"https:\/\/orasul-timisoara.ro\/?s=restaurante\"><span>restaurante Timisoara<\/span><\/a><a href=\"https:\/\/orasul-timisoara.ro\/?s=diskoteka\"><span>Diskoteka<\/span><\/a><a href=\"https:\/\/orasul-timisoara.ro\/?s=iulius+town\"><span>Iulius Town<\/span><\/a><a href=\"https:\/\/orasul-timisoara.ro\/?s=iulius+mall\"><span>Iulius Mall<\/span><\/a><a href=\"https:\/\/orasul-timisoara.ro\/?s=stpt\"><span>STPT<\/span><\/a><a href=\"https:\/\/orasul-timisoara.ro\/?s=alin+nica\"><span>Alin Nica<\/span><\/a><a href=\"https:\/\/orasul-timisoara.ro\/?s=psd\"><span>PSD<\/span><\/a><a href=\"https:\/\/orasul-timisoara.ro\/?s=aeroport\"><span>Aeroportul International Timisoara<\/span><\/a><a href=\"https:\/\/orasul-timisoara.ro\/?s=babes\"><span>Spitalul Victor Babes Timisoara<\/span><\/a><a href=\"https:\/\/orasul-timisoara.ro\/?s=poli\"><span>Poli Timi\u0219oara<\/span><\/a><a href=\"https:\/\/orasul-timisoara.ro\/?s=carantina\"><span>carantina<\/span><\/a><a href=\"https:\/\/orasul-timisoara.ro\/?s=aquatim\"><span>Aquatim<\/span><\/a><a href=\"https:\/\/orasul-timisoara.ro\/local-category\/stiri-timisoara\/\"><span>Stiri Timisoara<\/span><\/a><a href=\"https:\/\/orasul-timisoara.ro\/local-category\/investitii-in-timisoara\/\"><span>Investi\u021bii in Timi\u0219oara<\/span><\/a><a href=\"https:\/\/orasul-timisoara.ro\/local-9463\/\"><span>shaorma<\/span><\/a><a href=\"https:\/\/orasul-timisoara.ro\/?s=trafic\"><span>trafic rutier<\/span><\/a><a href=\"https:\/\/orasul-timisoara.ro\/?s=politia\"><span>politia locala timisoara<\/span><\/a><a href=\"https:\/\/orasul-timisoara.ro\/?s=roxana\"><span>Roxana Iliescu<\/span><\/a><a href=\"https:\/\/orasul-timisoara.ro\/?s=colterm\"><span>Colterm<\/span><\/a><a href=\"https:\/\/orasul-timisoara.ro\/?s=latcau\"><span>Ruben La\u021bc\u0103u<\/span><\/a><a href=\"https:\/\/orasul-timisoara.ro\/?s=timis\"><span>\u0218tiri din Timi\u0219<\/span><\/a><a href=\"https:\/\/orasul-timisoara.ro\/?s=spital\"><span>Spitale din Timi\u0219oara<\/span><\/a><a href=\"https:\/\/orasul-timisoara.ro\/?s=tabara\"><span>Cosmin Tab\u0103r\u0103<\/span><\/a><\/div>\n<\/aside>\n<aside id=\"rss-2\" class=\"td_block_template_8 widget rss-2 widget_rss\">\n<h4 class=\"td-block-title\"><span><a class=\"rsswidget rss-widget-feed\" href=\"https:\/\/fashionfridays.ro\/feed\"><img decoding=\"async\" class=\"rss-widget-icon\" width=\"14\" height=\"14\" src=\"https:\/\/orasul-timisoara.ro\/wp-includes\/images\/rss.png\" alt=\"RSS\" loading=\"lazy\"><\/a><a class=\"rsswidget rss-widget-title\" href=\"https:\/\/fashionfridays.ro\/\">Fashion Fridays<\/a><\/span><\/h4>\n<ul>\n<li><a class=\"rsswidget\" href=\"https:\/\/fashionfridays.ro\/romania-devine-a-29-a-piata-vogue-o-noua-era-pentru-industria-locala-de-moda\/\">Rom\u00e2nia devine a 29-a pia\u021b\u0103 Vogue: o nou\u0103 er\u0103 pentru industria local\u0103 de mod\u0103<\/a>\n<div class=\"rssSummary\">Revista Vogue \u00ee\u0219i extinde prezen\u021ba global\u0103 \u0219i va fi lansat\u0103 oficial \u00een Rom\u00e2nia \u00een prim\u0103vara anului 2027, marc\u00e2nd intrarea pe cea de-a 29-a pia\u021b\u0103 interna\u021bional\u0103. Proiectul este realizat \u00een parteneriat cu AEMME Publishing, o companie media recent \u00eenfiin\u021bat\u0103, care va publica edi\u021bia local\u0103 sub licen\u021b\u0103. Noua edi\u021bie, Vogue Rom\u00e2nia, \u00ee\u0219i propune s\u0103 combine autoritatea global\u0103 [\u2026]<\/div>\n<\/li>\n<\/ul>\n<\/aside>\n<aside id=\"rss-4\" class=\"td_block_template_8 widget rss-4 widget_rss\">\n<h4 class=\"td-block-title\"><span><a class=\"rsswidget rss-widget-feed\" href=\"https:\/\/emasini.ro\/feed\"><img decoding=\"async\" class=\"rss-widget-icon\" width=\"14\" height=\"14\" src=\"https:\/\/orasul-timisoara.ro\/wp-includes\/images\/rss.png\" alt=\"RSS\" loading=\"lazy\"><\/a><a class=\"rsswidget rss-widget-title\" href=\"https:\/\/emasini.ro\/\">eMasini<\/a><\/span><\/h4>\n<ul>\n<li><a class=\"rsswidget\" href=\"https:\/\/emasini.ro\/bmw-testeaza-noul-i4-convertible-primul-cabrio-electric-accesibil-al-marcii\/\">BMW testeaz\u0103 noul i4 Convertible, primul cabrio electric accesibil al m\u0103rcii<\/a>\n<div class=\"rssSummary\">BMW accelereaz\u0103 dezvoltarea noii genera\u021bii de modele electrice bazate pe platforma Neue Klasse, iar unul dintre cele mai interesante proiecte aflate \u00een teste este viitorul BMW i4 Convertible. Prototipul camuflat a fost surprins pe \u0219osele, confirm\u00e2nd c\u0103 produc\u0103torul german preg\u0103te\u0219te o decapotabil\u0103 electric\u0103 destinat\u0103 unui segment \u00een care oferta este, \u00een prezent, extrem de limitat\u0103. [\u2026]<\/div>\n<\/li>\n<\/ul>\n<\/aside>\n<\/div>\n<\/div>\n<\/div>\n<\/div>\n<\/article>\n<div class=\"td-post-content tagdiv-type\">\n<p class=\"wp-block-paragraph\">Dou\u0103 oferte au fost depuse la licita\u021bia lansat\u0103 de Prim\u0103ria Municipiului Timi\u0219oara pentru realizarea coridorului de mobilitate \u201eMagistrala Verde\u201d, proiect care va transforma traseul dintre Shopping City Timi\u0219oara \u0219i Pia\u021ba Mocioni. Investi\u021bia, cu o lungime de aproape 2,5 kilometri, este finan\u021bat\u0103 \u00een principal din fonduri europene \u0219i urm\u0103re\u0219te \u00eembun\u0103t\u0103\u021birea circula\u021biei pentru transportul public, autoturisme, bicicli\u0219ti \u0219i pietoni.<\/p>\n<p class=\"wp-block-paragraph\">Proiectul are o valoare total\u0103 de 158,3 milioane de lei \u0219i prevede reorganizarea circula\u021biei, modernizarea infrastructurii pietonale, amenajarea a 5 kilometri de piste pentru biciclete \u0219i extinderea spa\u021biilor verzi. Potrivit municipalit\u0103\u021bii, interven\u021biile sunt estimate s\u0103 duc\u0103 la cre\u0219terea vitezei medii de deplasare a vehiculelor cu aproximativ 9 km\/h fa\u021b\u0103 de situa\u021bia actual\u0103, iar termenul stabilit prin finan\u021barea european\u0103 pentru finalizarea investi\u021biei este martie 2029.<\/p>\n<h2 class=\"wp-block-heading\">Dou\u0103 asocieri particip\u0103 la licita\u021bia pentru Magistrala Verde<\/h2>\n<p class=\"wp-block-paragraph\">Interesul pentru proiectul Magistrala Verde s-a concretizat prin depunerea a dou\u0103 oferte \u00een cadrul procedurii de achizi\u021bie public\u0103. Prima este depus\u0103 de asocierea PORR CONSTRUCT, \u00een calitate de lider, \u00eempreun\u0103 cu Electroechipament Industrial \u0219i TUBULAR TEHNO SISTEM.<\/p>\n<p class=\"wp-block-paragraph\">Cea de-a doua ofert\u0103 apar\u021bine asocierii DRUM ASFALT, lider al asocierii, \u00eempreun\u0103 cu TEHNODOMUS SRL. Urmeaz\u0103 etapele de evaluare a ofertelor, dup\u0103 care municipalitatea va putea avansa c\u0103tre atribuirea contractului \u0219i implementarea lucr\u0103rilor.<\/p>\n<p class=\"wp-block-paragraph\">Pentru Prim\u0103ria Timi\u0219oara, proiectul reprezint\u0103 una dintre principalele interven\u021bii de infrastructur\u0103 de mobilitate de pe acest traseu, una dintre cele mai utilizate artere de acces c\u0103tre ora\u0219.<\/p>\n<h2 class=\"wp-block-heading\">Calea \u0218agului va fi reorganizat\u0103 pe aproape 2,5 kilometri<\/h2>\n<p class=\"wp-block-paragraph\">Magistrala Verde este conceput\u0103 pe trei tronsoane, care acoper\u0103 traseul dintre Pia\u021ba Mocioni \u0219i Shopping City Timi\u0219oara. Primul segment vizeaz\u0103 bulevardul 16 Decembrie 1918, \u00eencep\u00e2nd din zona Pie\u021bei Mocioni, al doilea se \u00eentinde \u00eentre Pia\u021ba Iuliu Maniu \u0219i intersec\u021bia Rebreanu-D\u00e2mbovi\u021ba, iar al treilea leag\u0103 aceast\u0103 intersec\u021bie de Shopping City.<\/p>\n<p class=\"wp-block-paragraph\">Solu\u021biile de circula\u021bie vor fi adaptate fiec\u0103rui tronson, \u00een func\u021bie de spa\u021biul disponibil. Autobuzele vor beneficia de prioritate pe aproape \u00eentreaga lungime a traseului, \u00een timp ce benzile destinate traficului general vor fi reorganizate astfel \u00eenc\u00e2t circula\u021bia s\u0103 fie mai eficient\u0103.<\/p>\n<p class=\"wp-block-paragraph\">Municipalitatea estimeaz\u0103 c\u0103 interven\u021biile vor permite o cre\u0219tere de aproximativ 9 km\/h a vitezei medii de deplasare a vehiculelor. Reorganizarea este g\u00e2ndit\u0103 astfel \u00eenc\u00e2t traseul s\u0103 ofere condi\u021bii mai bune pentru mai multe categorii de participan\u021bi la trafic.<\/p>\n<h2 class=\"wp-block-heading\">11 intersec\u021bii vor fi reorganizate<\/h2>\n<p class=\"wp-block-paragraph\">Proiectul include interven\u021bii \u00een 11 intersec\u021bii de pe traseul Magistralei Verzi. Reconfigurarea acestora face parte din solu\u021bia de fluidizare a traficului \u0219i de acordare a priorit\u0103\u021bii transportului public.<\/p>\n<p class=\"wp-block-paragraph\">Pe l\u00e2ng\u0103 lucr\u0103rile propriu-zise de infrastructur\u0103 rutier\u0103, proiectul prevede instalarea unui sistem de supraveghere video format din 51 de camere. Acesta va permite monitorizarea traficului pe traseul modernizat.<\/p>\n<p class=\"wp-block-paragraph\">Tot \u00een cadrul investi\u021biei sunt prev\u0103zute trei sta\u021bii de \u00eenc\u0103rcare lent\u0103 pentru autovehicule. Acestea vor completa infrastructura nou\u0103 dedicat\u0103 mobilit\u0103\u021bii urbane.<\/p>\n<h2 class=\"wp-block-heading\">Cinci kilometri de piste pentru biciclete \u0219i 20.000 de metri p\u0103tra\u021bi de trotuare<\/h2>\n<p class=\"wp-block-paragraph\">Magistrala Verde nu se limiteaz\u0103 la reorganizarea traficului auto \u0219i a transportului public. Proiectul prevede refacerea trotuarelor pe o suprafa\u021b\u0103 de aproximativ 20.000 de metri p\u0103tra\u021bi \u0219i amenajarea a circa 5 kilometri de piste pentru biciclete.<\/p>\n<p class=\"wp-block-paragraph\">Interven\u021biile includ \u0219i extinderea spa\u021biilor verzi de-a lungul traseului. Pe anumite segmente vor fi amplasate elemente de mobilier urban, iar municipalitatea va interveni \u0219i asupra infrastructurii de iluminat public stradal.<\/p>\n<p class=\"wp-block-paragraph\">Lucr\u0103rile edilitare \u0219i interven\u021biile asupra re\u021belelor existente sunt, de asemenea, incluse \u00een proiect. Acestea vor fi realizate pe por\u021biunile prev\u0103zute \u00een documenta\u021bia investi\u021biei de pe bulevardul 16 Decembrie 1989 \u0219i Calea \u0218agului.<\/p>\n<h2 class=\"wp-block-heading\">Trei sta\u021bii vor monitoriza calitatea aerului<\/h2>\n<p class=\"wp-block-paragraph\">Un alt element inclus \u00een proiect este monitorizarea calit\u0103\u021bii aerului. Prim\u0103ria Timi\u0219oara va dispune de trei sta\u021bii dedicate acestui scop, amplasate \u00een puncte importante de pe traseul Magistralei Verzi.<\/p>\n<p class=\"wp-block-paragraph\">Una dintre sta\u021bii va fi instalat\u0103 \u00een zona intersec\u021biei Calea \u0218agului \u2013 Rebreanu \u2013 D\u00e2mbovi\u021ba, o alt\u0103 sta\u021bie \u00een Pia\u021ba Iuliu Maniu, iar cea de-a treia \u00een zona intersec\u021biei 16 Decembrie 1989 \u2013 Dragalina \u2013 Br\u00e2ncoveanu.<\/p>\n<p class=\"wp-block-paragraph\">Prin aceste echipamente, municipalitatea va putea ob\u021bine date privind calitatea aerului \u00een zonele traversate de unul dintre principalele coridoare de trafic ale ora\u0219ului.<\/p>\n<h2 class=\"wp-block-heading\">Magistrala Verde se va conecta cu regenerarea urban\u0103 din zona Mocioni<\/h2>\n<p class=\"wp-block-paragraph\">Primarul Dominic Fritz a descris proiectul drept unul strategic pentru Timi\u0219oara \u0219i a subliniat leg\u0103tura acestuia cu proiectul de regenerare urban\u0103 din zona Mocioni.<\/p>\n<p class=\"wp-block-paragraph\">\u201eMagistrala Verde se va conecta cu proiectul de regenerare urban\u0103 din zona Mocioni\u201d, a declarat edilul, preciz\u00e2nd c\u0103 obiectivul este realizarea unui coridor de mobilitate care s\u0103 lege zona Shopping City de centrul ora\u0219ului.<\/p>\n<p class=\"wp-block-paragraph\">Potrivit lui Dominic Fritz, rezultatul final ar urma s\u0103 combine infrastructura pentru transportul public \u0219i deplasarea cu bicicleta cu spa\u021bii verzi \u0219i solu\u021bii de accesibilitate pentru pietoni.<\/p>\n<h2 class=\"wp-block-heading\">Investi\u021bie de 158,3 milioane de lei, cu finan\u021bare european\u0103<\/h2>\n<p class=\"wp-block-paragraph\">Valoarea total\u0103 a proiectului Coridor de mobilitate \u201eMagistrala Verde\u201d \u2013 Bd. 16 Decembrie 1989 \u2013 Calea \u0218agului este de 158,3 milioane de lei. Din aceast\u0103 sum\u0103, 97,3 milioane de lei reprezint\u0103 finan\u021bare european\u0103, \u00een timp ce 61 de milioane de lei provin din bugetul local al municipiului Timi\u0219oara.<\/p>\n<p class=\"wp-block-paragraph\">Proiectul beneficiaz\u0103 de finan\u021bare prin Programul Regional Vest 2021\u20132027, \u00een cadrul Interven\u021biei Regionale 5.1.B \u2013 Decongestionare trafic.<\/p>\n<p class=\"wp-block-paragraph\">Calendarul investi\u021biei este legat de termenul prev\u0103zut \u00een contractul de finan\u021bare european\u0103, respectiv martie 2029 pentru realizarea proiectului.<\/p>\n<h2 class=\"wp-block-heading\">Un nou coridor de mobilitate \u00eentre sudul ora\u0219ului \u0219i centru<\/h2>\n<p class=\"wp-block-paragraph\">Prin lucr\u0103rile prev\u0103zute, Prim\u0103ria Timi\u0219oara urm\u0103re\u0219te transformarea traseului dintre Shopping City \u0219i Pia\u021ba Mocioni \u00eentr-un coridor de mobilitate care s\u0103 acorde un rol mai important transportului public \u0219i deplas\u0103rilor nemotorizate.<\/p>\n<p class=\"wp-block-paragraph\">Reorganizarea intersec\u021biilor, prioritizarea autobuzelor, pistele pentru biciclete, refacerea trotuarelor, extinderea spa\u021biilor verzi \u0219i modernizarea infrastructurii reprezint\u0103 principalele componente ale investi\u021biei.<\/p>\n<p class=\"wp-block-paragraph\">\u00cen acest moment, procedura de achizi\u021bie se afl\u0103 \u00een etapa de evaluare a celor dou\u0103 oferte depuse. Finalizarea licita\u021biei \u0219i atribuirea contractului vor permite trecerea proiectului \u00een etapa de execu\u021bie.<\/p>\n<p class=\"wp-block-paragraph\">Magistrala Verde este una dintre investi\u021biile majore preg\u0103tite de Prim\u0103ria Timi\u0219oara pentru reorganizarea mobilit\u0103\u021bii pe traseul Calea \u0218agului \u2013 bulevardul 16 Decembrie 1989. Cu o valoare de 158,3 milioane de lei, proiectul include lucr\u0103ri pentru transportul public, traficul rutier, biciclete \u0219i pietoni, precum \u0219i interven\u021bii asupra spa\u021biilor verzi \u0219i infrastructurii urbane.<\/p>\n<p class=\"wp-block-paragraph\">Cele dou\u0103 oferte depuse la licita\u021bie marcheaz\u0103 urm\u0103toarea etap\u0103 a proiectului, care beneficiaz\u0103 de 97,3 milioane de lei din fonduri europene. Dac\u0103 procedura de achizi\u021bie se \u00eencheie conform calendarului, investi\u021bia trebuie realizat\u0103 p\u00e2n\u0103 \u00een martie 2029.<\/p>\n<\/div>\n<p>[analyse_source url=&#8221;https:\/\/orasul-timisoara.ro\/local-40260\/&#8221;]<\/p>\n","protected":false},"excerpt":{"rendered":"<p>[analyse_image type=&#8221;featured&#8221; src=&#8221;https:\/\/orasul-timisoara.ro\/wp-content\/uploads\/2026\/01\/magistrala-verde-tm-1.jpg&#8221;] Administra\u021bie local\u0103Dou\u0103 oferte pentru Magistrala Verde din Timi\u0219oara. Proiectul ajunge la 158,3 milioane&#8230; Administra\u021bie local\u0103 Investitii in Timisoara \u0218tiri Locale Dou\u0103 oferte pentru Magistrala Verde din Timi\u0219oara. Proiectul ajunge la 158,3 milioane de lei De c\u0103tre redactia &#8211; 13\/08\/2026 Facebook Twitter WhatsApp Linkedin ReddIt Email Imprimare Dou\u0103 oferte au fost depuse la [&hellip;]<\/p>\n","protected":false},"author":1,"featured_media":0,"comment_status":"open","ping_status":"","sticky":false,"template":"","format":"standard","meta":{"footnotes":""},"categories":[89],"tags":[226,189],"class_list":["post-2092474","post","type-post","status-publish","format-standard","hentry","category-romania","tag-crawlmanager","tag-orasul-timisoara-ro"],"_links":{"self":[{"href":"https:\/\/analyse.optim.biz\/index.php?rest_route=\/wp\/v2\/posts\/2092474","targetHints":{"allow":["GET"]}}],"collection":[{"href":"https:\/\/analyse.optim.biz\/index.php?rest_route=\/wp\/v2\/posts"}],"about":[{"href":"https:\/\/analyse.optim.biz\/index.php?rest_route=\/wp\/v2\/types\/post"}],"author":[{"embeddable":true,"href":"https:\/\/analyse.optim.biz\/index.php?rest_route=\/wp\/v2\/users\/1"}],"replies":[{"embeddable":true,"href":"https:\/\/analyse.optim.biz\/index.php?rest_route=%2Fwp%2Fv2%2Fcomments&post=2092474"}],"version-history":[{"count":0,"href":"https:\/\/analyse.optim.biz\/index.php?rest_route=\/wp\/v2\/posts\/2092474\/revisions"}],"wp:attachment":[{"href":"https:\/\/analyse.optim.biz\/index.php?rest_route=%2Fwp%2Fv2%2Fmedia&parent=2092474"}],"wp:term":[{"taxonomy":"category","embeddable":true,"href":"https:\/\/analyse.optim.biz\/index.php?rest_route=%2Fwp%2Fv2%2Fcategories&post=2092474"},{"taxonomy":"post_tag","embeddable":true,"href":"https:\/\/analyse.optim.biz\/index.php?rest_route=%2Fwp%2Fv2%2Ftags&post=2092474"}],"curies":[{"name":"wp","href":"https:\/\/api.w.org\/{rel}","templated":true}]}}