{"id":2092473,"date":"2026-08-13T12:24:13","date_gmt":"2026-08-13T09:24:13","guid":{"rendered":"https:\/\/analyse.optim.biz\/?p=2092473"},"modified":"2026-08-13T12:24:13","modified_gmt":"2026-08-13T09:24:13","slug":"scoala-din-dudestii-noi-intra-in-noul-an-scolar-complet-modernizata","status":"publish","type":"post","link":"https:\/\/analyse.optim.biz\/?p=2092473","title":{"rendered":"\u0218coala din Dude\u0219tii Noi intr\u0103 \u00een noul an \u0219colar complet modernizat\u0103"},"content":{"rendered":"<p>[analyse_image type=&#8221;featured&#8221; src=&#8221;https:\/\/orasul-timisoara.ro\/wp-content\/uploads\/2026\/08\/scoala-dudesti.jpg&#8221;]<\/p>\n<article id=\"post-40250\" class=\"td-post-template-7 post-40250 post type-post status-publish format-standard has-post-thumbnail category-administratie category-featured category-investitii-in-timisoara category-stiri-timisoara tag-administratie-locala-2 tag-alfred-simonis tag-consiliul-judetean-timis-2 tag-dudestii-noi-2 tag-fonduri-europene tag-investitii-in-educatie tag-investitii-timis-2 tag-modernizare-scoala tag-primarii-timis tag-proiecte-educationale tag-scoala-din-dudestii-noi tag-timis-2 td-container-wrap\">\n<div class=\"td-full-screen-header-image-wrap\">\n<div class=\"td-container td-post-header\">\n<div class=\"td-crumb-container\">\n<div class=\"entry-crumbs\"><span><a title=\"Vede\u021bi toate articolele \u00een Administra\u021bie local\u0103\" class=\"entry-crumb\" href=\"https:\/\/orasul-timisoara.ro\/local-category\/administratie\/\">Administra\u021bie local\u0103<\/a><\/span><span class=\"td-bred-no-url-last\">\u0218coala din Dude\u0219tii Noi intr\u0103 \u00een noul an \u0219colar complet modernizat\u0103<\/span><\/div>\n<\/div>\n<div class=\"td-post-header-holder\">\n<div class=\"td-parallax-header\">\n<header class=\"td-post-title\">\n<ul class=\"td-category\">\n<li class=\"entry-category\"><a href=\"https:\/\/orasul-timisoara.ro\/local-category\/administratie\/\">Administra\u021bie local\u0103<\/a><\/li>\n<li class=\"entry-category\"><a href=\"https:\/\/orasul-timisoara.ro\/local-category\/investitii-in-timisoara\/\">Investitii in Timisoara<\/a><\/li>\n<li class=\"entry-category\"><a href=\"https:\/\/orasul-timisoara.ro\/local-category\/stiri-timisoara\/\">\u0218tiri Locale<\/a><\/li>\n<\/ul>\n<h1 class=\"entry-title\">\u0218coala din Dude\u0219tii Noi intr\u0103 \u00een noul an \u0219colar complet modernizat\u0103<\/h1>\n<div class=\"td-module-meta-info\">\n<div class=\"td-post-author-name\">\n<div class=\"td-author-by\">De c\u0103tre<\/div>\n<p><a href=\"https:\/\/orasul-timisoara.ro\/author\/timisoara\/\">redactia<\/a><\/p>\n<div class=\"td-author-line\"> &#8211; <\/div>\n<\/div>\n<p><span class=\"td-post-date\"><time class=\"entry-date updated td-module-date\" datetime=\"2026-08-13T15:24:13+03:00\">13\/08\/2026<\/time><\/span><\/div>\n<\/header>\n<\/div>\n<\/div>\n<\/div>\n<div id=\"td-full-screen-header-image\" class=\"td-image-gradient-style7\"><img decoding=\"async\" class=\"td-backstretch\" src=\"https:\/\/orasul-timisoara.ro\/wp-content\/uploads\/2026\/08\/scoala-dudesti.jpg\"><\/div>\n<\/div>\n<div class=\"td-container\">\n<div class=\"td-pb-row\">\n<div class=\"td-pb-span8 td-main-content\" role=\"main\">\n<div class=\"td-ss-main-content\">\n<div class=\"td-post-sharing-top\">\n<div class=\"td-post-sharing-classic\"><iframe title=\"topFacebookLike\" frameborder src=\"https:\/\/www.facebook.com\/plugins\/like.php?href=https:\/\/orasul-timisoara.ro\/local-40250\/&amp;layout=button_count&amp;show_faces=false&amp;width=105&amp;action=like&amp;colorscheme=light&amp;height=21\"><\/iframe><\/div>\n<div id=\"td_social_sharing_article_top\" class=\"td-post-sharing td-ps-bg td-ps-notext td-post-sharing-style1 \">\n<div class=\"td-post-sharing-visible\"><a class=\"td-social-sharing-button td-social-sharing-button-js td-social-network td-social-facebook\" href=\"https:\/\/www.facebook.com\/sharer.php?u=https%3A%2F%2Forasul-timisoara.ro%2Flocal-40250%2F\" title=\"Facebook\"><\/p>\n<div class=\"td-social-but-text\">Facebook<\/div>\n<p><\/a><a class=\"td-social-sharing-button td-social-sharing-button-js td-social-network td-social-twitter\" href=\"https:\/\/twitter.com\/intent\/tweet?text=%C8%98coala+din+Dude%C8%99tii+Noi+intr%C4%83+%C3%AEn+noul+an+%C8%99colar+complet+modernizat%C4%83&amp;url=https%3A%2F%2Forasul-timisoara.ro%2Flocal-40250%2F&amp;via=orasultm\" title=\"Twitter\"><\/p>\n<div class=\"td-social-but-text\">Twitter<\/div>\n<p><\/a><a class=\"td-social-sharing-button td-social-sharing-button-js td-social-network td-social-whatsapp\" href=\"https:\/\/api.whatsapp.com\/send?text=%C8%98coala+din+Dude%C8%99tii+Noi+intr%C4%83+%C3%AEn+noul+an+%C8%99colar+complet+modernizat%C4%83%20%0A%0A%20https:\/\/orasul-timisoara.ro\/local-40250\/\" title=\"WhatsApp\"><\/p>\n<div class=\"td-social-but-text\">WhatsApp<\/div>\n<p><\/a><a class=\"td-social-sharing-button td-social-sharing-button-js td-social-network td-social-linkedin\" href=\"https:\/\/www.linkedin.com\/shareArticle?mini=true&amp;url=https:\/\/orasul-timisoara.ro\/local-40250\/&amp;title=%C8%98coala+din+Dude%C8%99tii+Noi+intr%C4%83+%C3%AEn+noul+an+%C8%99colar+complet+modernizat%C4%83\" title=\"Linkedin\"><\/p>\n<div class=\"td-social-but-text\">Linkedin<\/div>\n<p><\/a><a class=\"td-social-sharing-button td-social-sharing-button-js td-social-network td-social-reddit\" href=\"https:\/\/reddit.com\/submit?url=https:\/\/orasul-timisoara.ro\/local-40250\/&amp;title=%C8%98coala+din+Dude%C8%99tii+Noi+intr%C4%83+%C3%AEn+noul+an+%C8%99colar+complet+modernizat%C4%83\" title=\"ReddIt\"><\/p>\n<div class=\"td-social-but-text\">ReddIt<\/div>\n<p><\/a><a class=\"td-social-sharing-button td-social-sharing-button-js td-social-network td-social-mail\" href=\"mailto:?subject=%C8%98coala%20din%20Dude%C8%99tii%20Noi%20intr%C4%83%20%C3%AEn%20noul%20an%20%C8%99colar%20complet%20modernizat%C4%83&amp;body=https:\/\/orasul-timisoara.ro\/local-40250\/\" title=\"Email\"><\/p>\n<div class=\"td-social-but-text\">Email<\/div>\n<p><\/a><a class=\"td-social-sharing-button td-social-sharing-button-js td-social-network td-social-print\" href=\"https:\/\/orasul-timisoara.ro\/local-40250\/\" title=\"Imprimare\"><\/p>\n<div class=\"td-social-but-text\">Imprimare<\/div>\n<p><\/a><\/div>\n<\/div>\n<\/div>\n<div class=\"td-post-content tagdiv-type\">\n<p class=\"wp-block-paragraph\">Dude\u0219tii Noi are, \u00eencep\u00e2nd din aceast\u0103 toamn\u0103, o \u0219coal\u0103 modernizat\u0103, extins\u0103 \u0219i dotat\u0103 \u00een urma unei investi\u021bii de peste 16,6 milioane de lei. Proiectul, realizat cu fonduri europene \u0219i sprijin financiar din partea Consiliului Jude\u021bean Timi\u0219, a beneficiat de o contribu\u021bie de 5 milioane de lei pentru acoperirea cheltuielilor neeligibile.<\/p>\n<p class=\"wp-block-paragraph\">Pre\u0219edintele Consiliului Jude\u021bean Timi\u0219, Alfred Simonis, a prezentat investi\u021bia drept primul parteneriat de acest tip \u00eencheiat cu o administra\u021bie local\u0103 din jude\u021b care este finalizat \u00een acest an. Finan\u021barea jude\u021bean\u0103 a avut rolul de a permite administra\u021biei din Dude\u0219tii Noi s\u0103 duc\u0103 la cap\u0103t un proiect care risca s\u0103 r\u0103m\u00e2n\u0103 incomplet din cauza costurilor care nu puteau fi decontate prin fondurile europene.<\/p>\n<h2 class=\"wp-block-heading\">Investi\u021bie de peste 16,6 milioane de lei la \u0219coala din Dude\u0219tii Noi<\/h2>\n<p class=\"wp-block-paragraph\">Lucr\u0103rile realizate la \u0219coala din Dude\u0219tii Noi au inclus reabilitarea cl\u0103dirii, modernizarea spa\u021biilor existente, extinderea unit\u0103\u021bii de \u00eenv\u0103\u021b\u0103m\u00e2nt \u0219i dotarea acesteia. Valoarea total\u0103 a investi\u021biei dep\u0103\u0219e\u0219te 16,6 milioane de lei.<\/p>\n<figure class=\"wp-block-gallery has-nested-images columns-5 is-cropped wp-block-gallery-1 is-layout-flex wp-block-gallery-is-layout-flex\">\n<figure class=\"wp-block-image size-large\"><img loading=\"lazy\" decoding=\"async\" width=\"1600\" height=\"1200\" data-id=\"40257\" src=\"https:\/\/orasul-timisoara.ro\/wp-content\/uploads\/2026\/08\/772656174_2609559359472883_3761996117494404382_n.jpg\" alt class=\"wp-image-40257\"><\/figure>\n<figure class=\"wp-block-image size-large\"><img loading=\"lazy\" decoding=\"async\" width=\"1200\" height=\"1600\" data-id=\"40258\" src=\"https:\/\/orasul-timisoara.ro\/wp-content\/uploads\/2026\/08\/774267823_1047114824609124_7064701664712672595_n.jpg\" alt class=\"wp-image-40258\"><\/figure>\n<figure class=\"wp-block-image size-large\"><img loading=\"lazy\" decoding=\"async\" width=\"1200\" height=\"1600\" data-id=\"40256\" src=\"https:\/\/orasul-timisoara.ro\/wp-content\/uploads\/2026\/08\/774595867_1744013703512015_1744621066303422561_n.jpg\" alt class=\"wp-image-40256\"><\/figure>\n<figure class=\"wp-block-image size-large\"><img decoding=\"async\" loading=\"lazy\" width=\"1200\" height=\"1600\" data-id=\"40255\" src=\"https:\/\/orasul-timisoara.ro\/wp-content\/uploads\/2026\/08\/771739469_816216164845863_5910326477404635330_n.jpg\" alt class=\"wp-image-40255\"><\/figure>\n<figure class=\"wp-block-image size-large\"><img decoding=\"async\" loading=\"lazy\" width=\"1200\" height=\"1600\" data-id=\"40254\" src=\"https:\/\/orasul-timisoara.ro\/wp-content\/uploads\/2026\/08\/773405787_3952270075077740_2835627294005914496_n.jpg\" alt class=\"wp-image-40254\"><\/figure>\n<\/figure>\n<p class=\"wp-block-paragraph\">Proiectul a fost \u00eenceput cu fonduri europene, \u00eens\u0103 finalizarea lui a presupus \u0219i acoperirea unor cheltuieli care nu erau eligibile pentru finan\u021barea european\u0103. \u00cen acest punct a intervenit Consiliul Jude\u021bean Timi\u0219, care a alocat 5 milioane de lei administra\u021biei locale.<\/p>\n<p class=\"wp-block-paragraph\">Potrivit lui Alfred Simonis, sprijinul financiar al jude\u021bului a permis ca investi\u021bia s\u0103 fie finalizat\u0103 \u0219i s\u0103 poat\u0103 fi utilizat\u0103 de elevii din Dude\u0219tii Noi \u00eencep\u00e2nd cu noul an \u0219colar.<\/p>\n<h2 class=\"wp-block-heading\">Consiliul Jude\u021bean Timi\u0219 schimb\u0103 modul de sprijin pentru prim\u0103rii<\/h2>\n<p class=\"wp-block-paragraph\">Alfred Simonis sus\u021bine c\u0103 finan\u021barea acordat\u0103 Dude\u0219tii Noi face parte dintr-o abordare prin care Consiliul Jude\u021bean Timi\u0219 \u00ee\u0219i propune s\u0103 sprijine administra\u021biile locale atunci c\u00e2nd lipsa resurselor financiare poate bloca proiecte importante.<\/p>\n<p class=\"wp-block-paragraph\">Pre\u0219edintele CJ Timi\u0219 a explicat c\u0103 obiectivul este ca investi\u021biile \u00eencepute cu fonduri europene s\u0103 nu r\u0103m\u00e2n\u0103 neterminate din cauza imposibilit\u0103\u021bii unei prim\u0103rii de a suporta cofinan\u021barea sau alte cheltuieli care nu pot fi decontate prin proiect.<\/p>\n<p class=\"wp-block-paragraph\">\u00cen acest model, sprijinul financiar al Consiliului Jude\u021bean intervine pentru acoperirea diferen\u021belor care pot \u00eempiedica finalizarea unei investi\u021bii deja \u00eencepute.<\/p>\n<h2 class=\"wp-block-heading\">Alfred Simonis: sprijinul trebuie acordat acolo unde poate debloca investi\u021biile<\/h2>\n<p class=\"wp-block-paragraph\">Simonis a transmis c\u0103 administra\u021bia jude\u021bean\u0103 urm\u0103re\u0219te s\u0103 intervin\u0103 \u00een proiectele \u00een care contribu\u021bia Consiliului Jude\u021bean poate face diferen\u021ba dintre o investi\u021bie blocat\u0103 \u0219i una finalizat\u0103.<\/p>\n<p class=\"wp-block-paragraph\">\u201eNu vreau ca proiecte importante s\u0103 r\u0103m\u00e2n\u0103 neterminate doar pentru c\u0103 o comun\u0103 sau un ora\u0219 nu au suficien\u021bi bani pentru a acoperi partea de cofinan\u021bare sau cheltuielile care nu pot fi decontate din fonduri europene\u201d, a declarat pre\u0219edintele CJ Timi\u0219.<\/p>\n<p class=\"wp-block-paragraph\">El a subliniat \u0219i faptul c\u0103 acest tip de sprijin nu este condi\u021bionat de apartenen\u021ba politic\u0103 a administra\u021biilor locale. Potrivit lui Simonis, Consiliul Jude\u021bean urm\u0103re\u0219te s\u0103 sprijine proiectele \u00een func\u021bie de necesitatea \u0219i impactul lor.<\/p>\n<h2 class=\"wp-block-heading\">Copiii din Dude\u0219tii Noi vor \u00eencepe anul \u0219colar \u00eentr-o \u0219coal\u0103 modernizat\u0103<\/h2>\n<p class=\"wp-block-paragraph\">Finalizarea investi\u021biei schimb\u0103 condi\u021biile \u00een care elevii din Dude\u0219tii Noi vor desf\u0103\u0219ura activit\u0103\u021bile \u0219colare. Unitatea de \u00eenv\u0103\u021b\u0103m\u00e2nt a trecut printr-un amplu proces de reabilitare, modernizare, extindere \u0219i dotare.<\/p>\n<p class=\"wp-block-paragraph\">Noua infrastructur\u0103 \u0219colar\u0103 va fi utilizat\u0103 \u00eencep\u00e2nd din aceast\u0103 toamn\u0103, dup\u0103 finalizarea lucr\u0103rilor \u0219i a etapelor necesare punerii investi\u021biei \u00een func\u021biune.<\/p>\n<p class=\"wp-block-paragraph\">Pentru administra\u021bia local\u0103, finalizarea proiectului reprezint\u0103 \u00eencheierea unei investi\u021bii \u00eencepute prin accesarea fondurilor europene, dar pentru care a fost necesar\u0103 identificarea unor resurse suplimentare.<\/p>\n<h2 class=\"wp-block-heading\">Dude\u0219tii Noi este primul parteneriat finalizat \u00een 2026<\/h2>\n<p class=\"wp-block-paragraph\">Proiectul de la Dude\u0219tii Noi este prezentat de Consiliul Jude\u021bean Timi\u0219 drept primul parteneriat de acest tip finalizat \u00een acest an. Alfred Simonis a precizat \u00eens\u0103 c\u0103 sprijinul acordat acestei localit\u0103\u021bi nu va fi un caz singular.<\/p>\n<p class=\"wp-block-paragraph\">Modelul presupune sus\u021binerea unor investi\u021bii locale atunci c\u00e2nd administra\u021biile nu dispun de suficiente resurse pentru a acoperi toate costurile proiectelor. \u00cen special \u00een cazul investi\u021biilor realizate cu fonduri europene, cheltuielile neeligibile sau contribu\u021biile proprii pot deveni o problem\u0103 pentru bugetele locale.<\/p>\n<p class=\"wp-block-paragraph\">Prin contribu\u021bia de 5 milioane de lei la proiectul din Dude\u0219tii Noi, Consiliul Jude\u021bean Timi\u0219 a acoperit o parte important\u0103 dintre aceste costuri \u0219i a contribuit la finalizarea investi\u021biei.<\/p>\n<h2 class=\"wp-block-heading\">Concluzie<\/h2>\n<p class=\"wp-block-paragraph\">Modernizarea \u0219colii din Dude\u0219tii Noi se \u00eencheie cu o investi\u021bie total\u0103 de peste 16,6 milioane de lei, sus\u021binut\u0103 prin fonduri europene \u0219i prin contribu\u021bia de 5 milioane de lei a Consiliului Jude\u021bean Timi\u0219. Unitatea de \u00eenv\u0103\u021b\u0103m\u00e2nt va fi folosit\u0103 de elevi \u00eencep\u00e2nd din aceast\u0103 toamn\u0103.<\/p>\n<p class=\"wp-block-paragraph\">Pentru administra\u021bia jude\u021bean\u0103, proiectul este primul parteneriat de acest tip finalizat \u00een 2026 \u0219i face parte dintr-o strategie de sprijinire a prim\u0103riilor atunci c\u00e2nd lipsa resurselor financiare poate \u00eempiedica finalizarea unor investi\u021bii importante.<\/p>\n<\/div>\n<footer>\n<div class=\"td-post-source-tags\">\n<ul class=\"td-tags td-post-small-box clearfix\">\n<li><span>ETICHETE<\/span><\/li>\n<li><a href=\"https:\/\/orasul-timisoara.ro\/local-tag\/administratie-locala-2\/\">administra\u021bie local\u0103<\/a><\/li>\n<li><a href=\"https:\/\/orasul-timisoara.ro\/local-tag\/alfred-simonis\/\">alfred simonis<\/a><\/li>\n<li><a href=\"https:\/\/orasul-timisoara.ro\/local-tag\/consiliul-judetean-timis-2\/\">Consiliul Jude\u021bean Timi\u0219<\/a><\/li>\n<li><a href=\"https:\/\/orasul-timisoara.ro\/local-tag\/dudestii-noi-2\/\">Dude\u0219tii Noi<\/a><\/li>\n<li><a href=\"https:\/\/orasul-timisoara.ro\/local-tag\/fonduri-europene\/\">fonduri europene<\/a><\/li>\n<li><a href=\"https:\/\/orasul-timisoara.ro\/local-tag\/investitii-in-educatie\/\">investi\u021bii \u00een educa\u021bie<\/a><\/li>\n<li><a href=\"https:\/\/orasul-timisoara.ro\/local-tag\/investitii-timis-2\/\">investi\u021bii Timi\u0219<\/a><\/li>\n<li><a href=\"https:\/\/orasul-timisoara.ro\/local-tag\/modernizare-scoala\/\">modernizare \u0219coal\u0103<\/a><\/li>\n<li><a href=\"https:\/\/orasul-timisoara.ro\/local-tag\/primarii-timis\/\">prim\u0103rii Timi\u0219<\/a><\/li>\n<li><a href=\"https:\/\/orasul-timisoara.ro\/local-tag\/proiecte-educationale\/\">proiecte educa\u021bionale<\/a><\/li>\n<li><a href=\"https:\/\/orasul-timisoara.ro\/local-tag\/scoala-din-dudestii-noi\/\">\u0219coala din Dude\u0219tii Noi<\/a><\/li>\n<li><a href=\"https:\/\/orasul-timisoara.ro\/local-tag\/timis-2\/\">timi\u0219<\/a><\/li>\n<\/ul>\n<\/div>\n<div class=\"td-post-sharing-bottom\">\n<div class=\"td-post-sharing-classic\"><iframe title=\"bottomFacebookLike\" frameborder src=\"https:\/\/www.facebook.com\/plugins\/like.php?href=https:\/\/orasul-timisoara.ro\/local-40250\/&amp;layout=button_count&amp;show_faces=false&amp;width=105&amp;action=like&amp;colorscheme=light&amp;height=21\"><\/iframe><\/div>\n<div id=\"td_social_sharing_article_bottom\" class=\"td-post-sharing td-ps-bg td-ps-notext td-post-sharing-style1 \">\n<div class=\"td-post-sharing-visible\"><a class=\"td-social-sharing-button td-social-sharing-button-js td-social-network td-social-facebook\" href=\"https:\/\/www.facebook.com\/sharer.php?u=https%3A%2F%2Forasul-timisoara.ro%2Flocal-40250%2F\" title=\"Facebook\"><\/p>\n<div class=\"td-social-but-text\">Facebook<\/div>\n<p><\/a><a class=\"td-social-sharing-button td-social-sharing-button-js td-social-network td-social-twitter\" href=\"https:\/\/twitter.com\/intent\/tweet?text=%C8%98coala+din+Dude%C8%99tii+Noi+intr%C4%83+%C3%AEn+noul+an+%C8%99colar+complet+modernizat%C4%83&amp;url=https%3A%2F%2Forasul-timisoara.ro%2Flocal-40250%2F&amp;via=orasultm\" title=\"Twitter\"><\/p>\n<div class=\"td-social-but-text\">Twitter<\/div>\n<p><\/a><a class=\"td-social-sharing-button td-social-sharing-button-js td-social-network td-social-whatsapp\" href=\"https:\/\/api.whatsapp.com\/send?text=%C8%98coala+din+Dude%C8%99tii+Noi+intr%C4%83+%C3%AEn+noul+an+%C8%99colar+complet+modernizat%C4%83%20%0A%0A%20https:\/\/orasul-timisoara.ro\/local-40250\/\" title=\"WhatsApp\"><\/p>\n<div class=\"td-social-but-text\">WhatsApp<\/div>\n<p><\/a><a class=\"td-social-sharing-button td-social-sharing-button-js td-social-network td-social-linkedin\" href=\"https:\/\/www.linkedin.com\/shareArticle?mini=true&amp;url=https:\/\/orasul-timisoara.ro\/local-40250\/&amp;title=%C8%98coala+din+Dude%C8%99tii+Noi+intr%C4%83+%C3%AEn+noul+an+%C8%99colar+complet+modernizat%C4%83\" title=\"Linkedin\"><\/p>\n<div class=\"td-social-but-text\">Linkedin<\/div>\n<p><\/a><a class=\"td-social-sharing-button td-social-sharing-button-js td-social-network td-social-reddit\" href=\"https:\/\/reddit.com\/submit?url=https:\/\/orasul-timisoara.ro\/local-40250\/&amp;title=%C8%98coala+din+Dude%C8%99tii+Noi+intr%C4%83+%C3%AEn+noul+an+%C8%99colar+complet+modernizat%C4%83\" title=\"ReddIt\"><\/p>\n<div class=\"td-social-but-text\">ReddIt<\/div>\n<p><\/a><a class=\"td-social-sharing-button td-social-sharing-button-js td-social-network td-social-mail\" href=\"mailto:?subject=%C8%98coala%20din%20Dude%C8%99tii%20Noi%20intr%C4%83%20%C3%AEn%20noul%20an%20%C8%99colar%20complet%20modernizat%C4%83&amp;body=https:\/\/orasul-timisoara.ro\/local-40250\/\" title=\"Email\"><\/p>\n<div class=\"td-social-but-text\">Email<\/div>\n<p><\/a><a class=\"td-social-sharing-button td-social-sharing-button-js td-social-network td-social-print\" href=\"https:\/\/orasul-timisoara.ro\/local-40250\/\" title=\"Imprimare\"><\/p>\n<div class=\"td-social-but-text\">Imprimare<\/div>\n<p><\/a><\/div>\n<\/div>\n<\/div>\n<div class=\"td-block-row td-post-next-prev\">\n<div class=\"td-block-span6 td-post-prev-post\">\n<div class=\"td-post-next-prev-content\"><span>Articolul precedent<\/span><a href=\"https:\/\/orasul-timisoara.ro\/local-40246\/\">David Popovici, din nou campion european! Al treilea aur consecutiv la 100 m liber (video)<\/a><\/div>\n<\/div>\n<div class=\"td-block-span6 td-post-next-post\">\n<div class=\"td-post-next-prev-content\"><span>Articolul urm\u0103tor<\/span><a href=\"https:\/\/orasul-timisoara.ro\/local-40260\/\">Dou\u0103 oferte pentru Magistrala Verde din Timi\u0219oara. Proiectul ajunge la 158,3 milioane de lei<\/a><\/div>\n<\/div>\n<\/div>\n<div class=\"td-author-name vcard author\"><span class=\"fn\"><a href=\"https:\/\/orasul-timisoara.ro\/author\/timisoara\/\">redactia<\/a><\/span><\/div>\n<p><span class=\"td-page-meta\"><\/span><span class=\"td-page-meta\"><span class=\"td-page-meta\"><\/span><\/span><span class=\"td-page-meta\"><\/span><\/footer>\n<div class=\"td_block_wrap td_block_related_posts tdi_3 td_with_ajax_pagination td-pb-border-top td_block_template_8\" data-td-block-uid=\"tdi_3\">\n<h4 class=\"td-related-title td-block-title\"><a id=\"tdi_4\" class=\"td-related-left td-cur-simple-item\" data-td_filter_value data-td_block_id=\"tdi_3\" href=\"https:\/\/orasul-timisoara.ro\/local-40250\/\">ARTICOLE SIMILARE<\/a><a id=\"tdi_5\" class=\"td-related-right\" data-td_filter_value=\"td_related_more_from_author\" data-td_block_id=\"tdi_3\" href=\"https:\/\/orasul-timisoara.ro\/local-40250\/\">DE LA ACELA\u0218I AUTOR<\/a><\/h4>\n<div id=\"tdi_3\" class=\"td_block_inner\">\n<div class=\"td-related-row\">\n<div class=\"td-related-span4\">\n<div class=\"td_module_related_posts td-animation-stack td_mod_related_posts\">\n<div class=\"td-module-image\">\n<div class=\"td-module-thumb\"><a href=\"https:\/\/orasul-timisoara.ro\/local-40260\/\" rel=\"bookmark\" class=\"td-image-wrap \" title=\"Dou\u0103 oferte pentru Magistrala Verde din Timi\u0219oara. Proiectul ajunge la 158,3 milioane de lei\"><img loading=\"lazy\" decoding=\"async\" class=\"entry-thumb\" src=\"https:\/\/orasul-timisoara.ro\/wp-content\/uploads\/2026\/01\/magistrala-verde-tm-1-436x300.jpg\" alt title=\"Dou\u0103 oferte pentru Magistrala Verde din Timi\u0219oara. Proiectul ajunge la 158,3 milioane de lei\" width=\"218\" height=\"150\"><\/a><\/div>\n<\/div>\n<div class=\"item-details\">\n<h3 class=\"entry-title td-module-title\"><a href=\"https:\/\/orasul-timisoara.ro\/local-40260\/\" rel=\"bookmark\" title=\"Dou\u0103 oferte pentru Magistrala Verde din Timi\u0219oara. Proiectul ajunge la 158,3 milioane de lei\">Dou\u0103 oferte pentru Magistrala Verde din Timi\u0219oara. Proiectul ajunge la 158,3 milioane de lei<\/a><\/h3>\n<\/div>\n<\/div>\n<\/div>\n<div class=\"td-related-span4\">\n<div class=\"td_module_related_posts td-animation-stack td_mod_related_posts\">\n<div class=\"td-module-image\">\n<div class=\"td-module-thumb\"><a href=\"https:\/\/orasul-timisoara.ro\/local-40229\/\" rel=\"bookmark\" class=\"td-image-wrap \" title=\"Aquapark de patru hectare la S\u00e2nnicolau Mare. C\u00e2nd ar putea fi gata\"><img loading=\"lazy\" decoding=\"async\" class=\"entry-thumb\" src=\"https:\/\/orasul-timisoara.ro\/wp-content\/uploads\/2026\/08\/primar-sannicolau-436x300.jpg\" alt title=\"Aquapark de patru hectare la S\u00e2nnicolau Mare. C\u00e2nd ar putea fi gata\" width=\"218\" height=\"150\"><\/a><\/div>\n<\/div>\n<div class=\"item-details\">\n<h3 class=\"entry-title td-module-title\"><a href=\"https:\/\/orasul-timisoara.ro\/local-40229\/\" rel=\"bookmark\" title=\"Aquapark de patru hectare la S\u00e2nnicolau Mare. C\u00e2nd ar putea fi gata\">Aquapark de patru hectare la S\u00e2nnicolau Mare. C\u00e2nd ar putea fi gata<\/a><\/h3>\n<\/div>\n<\/div>\n<\/div>\n<div class=\"td-related-span4\">\n<div class=\"td_module_related_posts td-animation-stack td_mod_related_posts\">\n<div class=\"td-module-image\">\n<div class=\"td-module-thumb\"><a href=\"https:\/\/orasul-timisoara.ro\/local-40199\/\" rel=\"bookmark\" class=\"td-image-wrap \" title=\"CJ Timi\u0219 preg\u0103te\u0219te construirea unei \u201ecl\u0103diri iconice\u201d \u00een centrul Timi\u0219oarei. Investi\u021bie de 40 milioane de euro\"><img loading=\"lazy\" decoding=\"async\" class=\"entry-thumb\" src=\"https:\/\/orasul-timisoara.ro\/wp-content\/uploads\/2026\/08\/parcare-centru-tm-436x300.jpg\" alt title=\"CJ Timi\u0219 preg\u0103te\u0219te construirea unei \u201ecl\u0103diri iconice\u201d \u00een centrul Timi\u0219oarei. Investi\u021bie de 40 milioane de euro\" width=\"218\" height=\"150\"><\/a><\/div>\n<\/div>\n<div class=\"item-details\">\n<h3 class=\"entry-title td-module-title\"><a href=\"https:\/\/orasul-timisoara.ro\/local-40199\/\" rel=\"bookmark\" title=\"CJ Timi\u0219 preg\u0103te\u0219te construirea unei \u201ecl\u0103diri iconice\u201d \u00een centrul Timi\u0219oarei. Investi\u021bie de 40 milioane de euro\">CJ Timi\u0219 preg\u0103te\u0219te construirea unei \u201ecl\u0103diri iconice\u201d \u00een centrul Timi\u0219oarei. Investi\u021bie de 40 milioane de euro<\/a><\/h3>\n<\/div>\n<\/div>\n<\/div>\n<\/div>\n<\/div>\n<\/div>\n<div class=\"comments\" id=\"comments\">\n<div id=\"respond\" class=\"comment-respond\">\n<h3 id=\"reply-title\" class=\"comment-reply-title\">L\u0102SA\u021aI UN MESAJ<\/h3>\n<div class=\"comment-form-input-wrap td-form-comment\">\n<div class=\"td-warning-comment\">V\u0103 rug\u0103m s\u0103 introduce\u021bi comentariul dvs.!<\/div>\n<\/div>\n<div class=\"comment-form-input-wrap td-form-author\">\n<div class=\"td-warning-author\">Introduce\u021bi aici numele dvs.<\/div>\n<\/div>\n<div class=\"comment-form-input-wrap td-form-email\">\n<div class=\"td-warning-email-error\">A\u021bi introdus o adres\u0103 de e-mail incorect\u0103!<\/div>\n<div class=\"td-warning-email\">V\u0103 rug\u0103m s\u0103 introduce\u021bi adresa dvs. de e-mail aici<\/div>\n<\/div>\n<\/div>\n<p class=\"akismet_comment_form_privacy_notice\">Acest site folose\u0219te Akismet pentru a reduce spamul. <a href=\"https:\/\/akismet.com\/privacy\/\" target=\"_blank\" rel=\"nofollow noopener\">Afl\u0103 cum sunt procesate datele comentariilor tale<\/a>.<\/p>\n<\/div>\n<\/div>\n<\/div>\n<div class=\"td-pb-span4 td-main-sidebar\" role=\"complementary\">\n<div class=\"td-ss-main-sidebar\">\n<aside id=\"block-4\" class=\"td_block_template_8 widget block-4 widget_block widget_media_image\">\n<figure class=\"wp-block-image size-full\"><img decoding=\"async\" loading=\"lazy\" width=\"336\" height=\"280\" src=\"https:\/\/orasul-timisoara.ro\/wp-content\/uploads\/2024\/11\/ReTIM-Abonamentul-Verde-Google-Ads-336x280px.gif\" alt class=\"wp-image-29257\"><\/figure>\n<\/aside>\n<div class=\"td_block_wrap td_block_social_counter td_block_widget tdi_6 td-social-style5 td-social-boxed td-pb-border-top td_block_template_8\">\n<div class=\"td-block-title-wrap\">\n<h4 class=\"td-block-title\"><span>Urm\u0103re\u0219te-ne pe Social Media<\/span><\/h4>\n<\/div>\n<div class=\"td-social-list\">\n<div class=\"td_social_type td-pb-margin-side td_social_facebook\">\n<div class=\"td-social-box\"><span class=\"td_social_info td_social_info_counter\">344,595<\/span><span class=\"td_social_info td_social_info_name\">Fani<\/span><span class=\"td_social_button\"><a href=\"https:\/\/www.facebook.com\/247timisoara\" target=\"_blank\" rel=\"nofollow\">\u00cemi place<\/a><\/span><\/div>\n<\/div>\n<div class=\"td_social_type td-pb-margin-side td_social_instagram\">\n<div class=\"td-social-box\"><span class=\"td_social_info td_social_info_counter\">4,416<\/span><span class=\"td_social_info td_social_info_name\">Cititori<\/span><span class=\"td_social_button\"><a href=\"https:\/\/instagram.com\/orasultimisoararo\/\" target=\"_blank\" rel=\"nofollow\">Conecta\u021bi-v\u0103<\/a><\/span><\/div>\n<\/div>\n<div class=\"td_social_type td-pb-margin-side td_social_rss\">\n<div class=\"td-social-box\"><span class=\"td_social_info td_social_info_counter\">12,506<\/span><span class=\"td_social_info td_social_info_name\">Cititori<\/span><span class=\"td_social_button\"><a href=\"https:\/\/orasul-timisoara.ro\/feed\/\" target=\"_blank\" rel=\"nofollow\">Conecta\u021bi-v\u0103<\/a><\/span><\/div>\n<\/div>\n<div class=\"td_social_type td-pb-margin-side td_social_tiktok\">\n<div class=\"td-social-box\"><span class=\"td_social_info td_social_info_counter\">1,500<\/span><span class=\"td_social_info td_social_info_name\">Cititori<\/span><span class=\"td_social_button\"><a href=\"https:\/\/www.tiktok.com\/@orasultimisoara\" target=\"_blank\" rel=\"nofollow\">Conecta\u021bi-v\u0103<\/a><\/span><\/div>\n<\/div>\n<div class=\"td_social_type td-pb-margin-side td_social_twitter\">\n<div class=\"td-social-box\"><span class=\"td_social_info td_social_info_counter\">1,595<\/span><span class=\"td_social_info td_social_info_name\">Cititori<\/span><span class=\"td_social_button\"><a href=\"https:\/\/twitter.com\/orasultm\" target=\"_blank\" rel=\"nofollow\">Conecta\u021bi-v\u0103<\/a><\/span><\/div>\n<\/div>\n<div class=\"td_social_type td-pb-margin-side td_social_youtube\">\n<div class=\"td-social-box\"><span class=\"td_social_info td_social_info_counter\">3,506<\/span><span class=\"td_social_info td_social_info_name\">Abona\u021bi<\/span><span class=\"td_social_button\"><a href=\"https:\/\/www.youtube.com\/channel\/UCQNsQvs2XCSIm1Z-AHRturw?sub_confirmation=1\" target=\"_blank\" rel=\"nofollow\">Abona\u021bi-v\u0103<\/a><\/span><\/div>\n<\/div>\n<\/div>\n<\/div>\n<aside id=\"text-7\" class=\"td_block_template_8 widget text-7 widget_text\">\n<h4 class=\"td-block-title\"><span>C\u0103ut\u0103ri populare pe OTM<\/span><\/h4>\n<div class=\"textwidget\"><a href=\"https:\/\/orasul-timisoara.ro\/?s=timisoara\"><span>Timisoara<\/span><\/a><a href=\"https:\/\/orasul-timisoara.ro\/?s=calin+dobra\"><span>Calin Dobra<\/span><\/a><a href=\"https:\/\/orasul-timisoara.ro\/?s=primaria+timisoara\"><span>Primaria Timisoara<\/span><\/a><a href=\"https:\/\/orasul-timisoara.ro\/?s=dominic+fritz\"><span>Dominic Fritz<\/span><\/a><a href=\"https:\/\/orasul-timisoara.ro\/?s=nicolae+robu\"><span>Nicolae Robu<\/span><\/a><a href=\"https:\/\/orasul-timisoara.ro\/?s=consiliul+local+timisoara\">Consiliul Local Timisoara<\/a><a href=\"https:\/\/orasul-timisoara.ro\/?s=consiliul+judetean+timis\"><span>Consiliul Judetean Timis<\/span><\/a><a href=\"https:\/\/orasul-timisoara.ro\/?s=cjt\"><span>CJT<\/span><\/a><a href=\"https:\/\/orasul-timisoara.ro\/?s=Alfred+Simonis\"><span>Alfred Simonis<\/span><\/a><a href=\"https:\/\/orasul-timisoara.ro\/?s=PNL\"><span>PNL<\/span><\/a><a href=\"https:\/\/orasul-timisoara.ro\/?s=coronavirus\"><span>coronavirus<\/span><\/a><a href=\"https:\/\/orasul-timisoara.ro\/?s=teatru+timisoara\">teatru Timisoara<\/a><a href=\"https:\/\/orasul-timisoara.ro\/?s=restaurante\"><span>restaurante Timisoara<\/span><\/a><a href=\"https:\/\/orasul-timisoara.ro\/?s=diskoteka\"><span>Diskoteka<\/span><\/a><a href=\"https:\/\/orasul-timisoara.ro\/?s=iulius+town\"><span>Iulius Town<\/span><\/a><a href=\"https:\/\/orasul-timisoara.ro\/?s=iulius+mall\"><span>Iulius Mall<\/span><\/a><a href=\"https:\/\/orasul-timisoara.ro\/?s=stpt\"><span>STPT<\/span><\/a><a href=\"https:\/\/orasul-timisoara.ro\/?s=alin+nica\"><span>Alin Nica<\/span><\/a><a href=\"https:\/\/orasul-timisoara.ro\/?s=psd\"><span>PSD<\/span><\/a><a href=\"https:\/\/orasul-timisoara.ro\/?s=aeroport\"><span>Aeroportul International Timisoara<\/span><\/a><a href=\"https:\/\/orasul-timisoara.ro\/?s=babes\"><span>Spitalul Victor Babes Timisoara<\/span><\/a><a href=\"https:\/\/orasul-timisoara.ro\/?s=poli\"><span>Poli Timi\u0219oara<\/span><\/a><a href=\"https:\/\/orasul-timisoara.ro\/?s=carantina\"><span>carantina<\/span><\/a><a href=\"https:\/\/orasul-timisoara.ro\/?s=aquatim\"><span>Aquatim<\/span><\/a><a href=\"https:\/\/orasul-timisoara.ro\/local-category\/stiri-timisoara\/\"><span>Stiri Timisoara<\/span><\/a><a href=\"https:\/\/orasul-timisoara.ro\/local-category\/investitii-in-timisoara\/\"><span>Investi\u021bii in Timi\u0219oara<\/span><\/a><a href=\"https:\/\/orasul-timisoara.ro\/local-9463\/\"><span>shaorma<\/span><\/a><a href=\"https:\/\/orasul-timisoara.ro\/?s=trafic\"><span>trafic rutier<\/span><\/a><a href=\"https:\/\/orasul-timisoara.ro\/?s=politia\"><span>politia locala timisoara<\/span><\/a><a href=\"https:\/\/orasul-timisoara.ro\/?s=roxana\"><span>Roxana Iliescu<\/span><\/a><a href=\"https:\/\/orasul-timisoara.ro\/?s=colterm\"><span>Colterm<\/span><\/a><a href=\"https:\/\/orasul-timisoara.ro\/?s=latcau\"><span>Ruben La\u021bc\u0103u<\/span><\/a><a href=\"https:\/\/orasul-timisoara.ro\/?s=timis\"><span>\u0218tiri din Timi\u0219<\/span><\/a><a href=\"https:\/\/orasul-timisoara.ro\/?s=spital\"><span>Spitale din Timi\u0219oara<\/span><\/a><a href=\"https:\/\/orasul-timisoara.ro\/?s=tabara\"><span>Cosmin Tab\u0103r\u0103<\/span><\/a><\/div>\n<\/aside>\n<aside id=\"rss-2\" class=\"td_block_template_8 widget rss-2 widget_rss\">\n<h4 class=\"td-block-title\"><span><a class=\"rsswidget rss-widget-feed\" href=\"https:\/\/fashionfridays.ro\/feed\"><img decoding=\"async\" class=\"rss-widget-icon\" width=\"14\" height=\"14\" src=\"https:\/\/orasul-timisoara.ro\/wp-includes\/images\/rss.png\" alt=\"RSS\" loading=\"lazy\"><\/a><a class=\"rsswidget rss-widget-title\" href=\"https:\/\/fashionfridays.ro\/\">Fashion Fridays<\/a><\/span><\/h4>\n<ul>\n<li><a class=\"rsswidget\" href=\"https:\/\/fashionfridays.ro\/romania-devine-a-29-a-piata-vogue-o-noua-era-pentru-industria-locala-de-moda\/\">Rom\u00e2nia devine a 29-a pia\u021b\u0103 Vogue: o nou\u0103 er\u0103 pentru industria local\u0103 de mod\u0103<\/a>\n<div class=\"rssSummary\">Revista Vogue \u00ee\u0219i extinde prezen\u021ba global\u0103 \u0219i va fi lansat\u0103 oficial \u00een Rom\u00e2nia \u00een prim\u0103vara anului 2027, marc\u00e2nd intrarea pe cea de-a 29-a pia\u021b\u0103 interna\u021bional\u0103. Proiectul este realizat \u00een parteneriat cu AEMME Publishing, o companie media recent \u00eenfiin\u021bat\u0103, care va publica edi\u021bia local\u0103 sub licen\u021b\u0103. Noua edi\u021bie, Vogue Rom\u00e2nia, \u00ee\u0219i propune s\u0103 combine autoritatea global\u0103 [\u2026]<\/div>\n<\/li>\n<\/ul>\n<\/aside>\n<aside id=\"rss-4\" class=\"td_block_template_8 widget rss-4 widget_rss\">\n<h4 class=\"td-block-title\"><span><a class=\"rsswidget rss-widget-feed\" href=\"https:\/\/emasini.ro\/feed\"><img decoding=\"async\" class=\"rss-widget-icon\" width=\"14\" height=\"14\" src=\"https:\/\/orasul-timisoara.ro\/wp-includes\/images\/rss.png\" alt=\"RSS\" loading=\"lazy\"><\/a><a class=\"rsswidget rss-widget-title\" href=\"https:\/\/emasini.ro\/\">eMasini<\/a><\/span><\/h4>\n<ul>\n<li><a class=\"rsswidget\" href=\"https:\/\/emasini.ro\/bmw-testeaza-noul-i4-convertible-primul-cabrio-electric-accesibil-al-marcii\/\">BMW testeaz\u0103 noul i4 Convertible, primul cabrio electric accesibil al m\u0103rcii<\/a>\n<div class=\"rssSummary\">BMW accelereaz\u0103 dezvoltarea noii genera\u021bii de modele electrice bazate pe platforma Neue Klasse, iar unul dintre cele mai interesante proiecte aflate \u00een teste este viitorul BMW i4 Convertible. Prototipul camuflat a fost surprins pe \u0219osele, confirm\u00e2nd c\u0103 produc\u0103torul german preg\u0103te\u0219te o decapotabil\u0103 electric\u0103 destinat\u0103 unui segment \u00een care oferta este, \u00een prezent, extrem de limitat\u0103. [\u2026]<\/div>\n<\/li>\n<\/ul>\n<\/aside>\n<\/div>\n<\/div>\n<\/div>\n<\/div>\n<\/article>\n<div class=\"td-post-content tagdiv-type\">\n<p class=\"wp-block-paragraph\">Dude\u0219tii Noi are, \u00eencep\u00e2nd din aceast\u0103 toamn\u0103, o \u0219coal\u0103 modernizat\u0103, extins\u0103 \u0219i dotat\u0103 \u00een urma unei investi\u021bii de peste 16,6 milioane de lei. Proiectul, realizat cu fonduri europene \u0219i sprijin financiar din partea Consiliului Jude\u021bean Timi\u0219, a beneficiat de o contribu\u021bie de 5 milioane de lei pentru acoperirea cheltuielilor neeligibile.<\/p>\n<p class=\"wp-block-paragraph\">Pre\u0219edintele Consiliului Jude\u021bean Timi\u0219, Alfred Simonis, a prezentat investi\u021bia drept primul parteneriat de acest tip \u00eencheiat cu o administra\u021bie local\u0103 din jude\u021b care este finalizat \u00een acest an. Finan\u021barea jude\u021bean\u0103 a avut rolul de a permite administra\u021biei din Dude\u0219tii Noi s\u0103 duc\u0103 la cap\u0103t un proiect care risca s\u0103 r\u0103m\u00e2n\u0103 incomplet din cauza costurilor care nu puteau fi decontate prin fondurile europene.<\/p>\n<h2 class=\"wp-block-heading\">Investi\u021bie de peste 16,6 milioane de lei la \u0219coala din Dude\u0219tii Noi<\/h2>\n<p class=\"wp-block-paragraph\">Lucr\u0103rile realizate la \u0219coala din Dude\u0219tii Noi au inclus reabilitarea cl\u0103dirii, modernizarea spa\u021biilor existente, extinderea unit\u0103\u021bii de \u00eenv\u0103\u021b\u0103m\u00e2nt \u0219i dotarea acesteia. Valoarea total\u0103 a investi\u021biei dep\u0103\u0219e\u0219te 16,6 milioane de lei.<\/p>\n<figure class=\"wp-block-gallery has-nested-images columns-5 is-cropped wp-block-gallery-1 is-layout-flex wp-block-gallery-is-layout-flex\">\n<figure class=\"wp-block-image size-large\"><img loading=\"lazy\" decoding=\"async\" width=\"1600\" height=\"1200\" data-id=\"40257\" src=\"https:\/\/orasul-timisoara.ro\/wp-content\/uploads\/2026\/08\/772656174_2609559359472883_3761996117494404382_n.jpg\" alt class=\"wp-image-40257\"><\/figure>\n<figure class=\"wp-block-image size-large\"><img loading=\"lazy\" decoding=\"async\" width=\"1200\" height=\"1600\" data-id=\"40258\" src=\"https:\/\/orasul-timisoara.ro\/wp-content\/uploads\/2026\/08\/774267823_1047114824609124_7064701664712672595_n.jpg\" alt class=\"wp-image-40258\"><\/figure>\n<figure class=\"wp-block-image size-large\"><img loading=\"lazy\" decoding=\"async\" width=\"1200\" height=\"1600\" data-id=\"40256\" src=\"https:\/\/orasul-timisoara.ro\/wp-content\/uploads\/2026\/08\/774595867_1744013703512015_1744621066303422561_n.jpg\" alt class=\"wp-image-40256\"><\/figure>\n<figure class=\"wp-block-image size-large\"><img decoding=\"async\" loading=\"lazy\" width=\"1200\" height=\"1600\" data-id=\"40255\" src=\"https:\/\/orasul-timisoara.ro\/wp-content\/uploads\/2026\/08\/771739469_816216164845863_5910326477404635330_n.jpg\" alt class=\"wp-image-40255\"><\/figure>\n<figure class=\"wp-block-image size-large\"><img decoding=\"async\" loading=\"lazy\" width=\"1200\" height=\"1600\" data-id=\"40254\" src=\"https:\/\/orasul-timisoara.ro\/wp-content\/uploads\/2026\/08\/773405787_3952270075077740_2835627294005914496_n.jpg\" alt class=\"wp-image-40254\"><\/figure>\n<\/figure>\n<p class=\"wp-block-paragraph\">Proiectul a fost \u00eenceput cu fonduri europene, \u00eens\u0103 finalizarea lui a presupus \u0219i acoperirea unor cheltuieli care nu erau eligibile pentru finan\u021barea european\u0103. \u00cen acest punct a intervenit Consiliul Jude\u021bean Timi\u0219, care a alocat 5 milioane de lei administra\u021biei locale.<\/p>\n<p class=\"wp-block-paragraph\">Potrivit lui Alfred Simonis, sprijinul financiar al jude\u021bului a permis ca investi\u021bia s\u0103 fie finalizat\u0103 \u0219i s\u0103 poat\u0103 fi utilizat\u0103 de elevii din Dude\u0219tii Noi \u00eencep\u00e2nd cu noul an \u0219colar.<\/p>\n<h2 class=\"wp-block-heading\">Consiliul Jude\u021bean Timi\u0219 schimb\u0103 modul de sprijin pentru prim\u0103rii<\/h2>\n<p class=\"wp-block-paragraph\">Alfred Simonis sus\u021bine c\u0103 finan\u021barea acordat\u0103 Dude\u0219tii Noi face parte dintr-o abordare prin care Consiliul Jude\u021bean Timi\u0219 \u00ee\u0219i propune s\u0103 sprijine administra\u021biile locale atunci c\u00e2nd lipsa resurselor financiare poate bloca proiecte importante.<\/p>\n<p class=\"wp-block-paragraph\">Pre\u0219edintele CJ Timi\u0219 a explicat c\u0103 obiectivul este ca investi\u021biile \u00eencepute cu fonduri europene s\u0103 nu r\u0103m\u00e2n\u0103 neterminate din cauza imposibilit\u0103\u021bii unei prim\u0103rii de a suporta cofinan\u021barea sau alte cheltuieli care nu pot fi decontate prin proiect.<\/p>\n<p class=\"wp-block-paragraph\">\u00cen acest model, sprijinul financiar al Consiliului Jude\u021bean intervine pentru acoperirea diferen\u021belor care pot \u00eempiedica finalizarea unei investi\u021bii deja \u00eencepute.<\/p>\n<h2 class=\"wp-block-heading\">Alfred Simonis: sprijinul trebuie acordat acolo unde poate debloca investi\u021biile<\/h2>\n<p class=\"wp-block-paragraph\">Simonis a transmis c\u0103 administra\u021bia jude\u021bean\u0103 urm\u0103re\u0219te s\u0103 intervin\u0103 \u00een proiectele \u00een care contribu\u021bia Consiliului Jude\u021bean poate face diferen\u021ba dintre o investi\u021bie blocat\u0103 \u0219i una finalizat\u0103.<\/p>\n<p class=\"wp-block-paragraph\">\u201eNu vreau ca proiecte importante s\u0103 r\u0103m\u00e2n\u0103 neterminate doar pentru c\u0103 o comun\u0103 sau un ora\u0219 nu au suficien\u021bi bani pentru a acoperi partea de cofinan\u021bare sau cheltuielile care nu pot fi decontate din fonduri europene\u201d, a declarat pre\u0219edintele CJ Timi\u0219.<\/p>\n<p class=\"wp-block-paragraph\">El a subliniat \u0219i faptul c\u0103 acest tip de sprijin nu este condi\u021bionat de apartenen\u021ba politic\u0103 a administra\u021biilor locale. Potrivit lui Simonis, Consiliul Jude\u021bean urm\u0103re\u0219te s\u0103 sprijine proiectele \u00een func\u021bie de necesitatea \u0219i impactul lor.<\/p>\n<h2 class=\"wp-block-heading\">Copiii din Dude\u0219tii Noi vor \u00eencepe anul \u0219colar \u00eentr-o \u0219coal\u0103 modernizat\u0103<\/h2>\n<p class=\"wp-block-paragraph\">Finalizarea investi\u021biei schimb\u0103 condi\u021biile \u00een care elevii din Dude\u0219tii Noi vor desf\u0103\u0219ura activit\u0103\u021bile \u0219colare. Unitatea de \u00eenv\u0103\u021b\u0103m\u00e2nt a trecut printr-un amplu proces de reabilitare, modernizare, extindere \u0219i dotare.<\/p>\n<p class=\"wp-block-paragraph\">Noua infrastructur\u0103 \u0219colar\u0103 va fi utilizat\u0103 \u00eencep\u00e2nd din aceast\u0103 toamn\u0103, dup\u0103 finalizarea lucr\u0103rilor \u0219i a etapelor necesare punerii investi\u021biei \u00een func\u021biune.<\/p>\n<p class=\"wp-block-paragraph\">Pentru administra\u021bia local\u0103, finalizarea proiectului reprezint\u0103 \u00eencheierea unei investi\u021bii \u00eencepute prin accesarea fondurilor europene, dar pentru care a fost necesar\u0103 identificarea unor resurse suplimentare.<\/p>\n<h2 class=\"wp-block-heading\">Dude\u0219tii Noi este primul parteneriat finalizat \u00een 2026<\/h2>\n<p class=\"wp-block-paragraph\">Proiectul de la Dude\u0219tii Noi este prezentat de Consiliul Jude\u021bean Timi\u0219 drept primul parteneriat de acest tip finalizat \u00een acest an. Alfred Simonis a precizat \u00eens\u0103 c\u0103 sprijinul acordat acestei localit\u0103\u021bi nu va fi un caz singular.<\/p>\n<p class=\"wp-block-paragraph\">Modelul presupune sus\u021binerea unor investi\u021bii locale atunci c\u00e2nd administra\u021biile nu dispun de suficiente resurse pentru a acoperi toate costurile proiectelor. \u00cen special \u00een cazul investi\u021biilor realizate cu fonduri europene, cheltuielile neeligibile sau contribu\u021biile proprii pot deveni o problem\u0103 pentru bugetele locale.<\/p>\n<p class=\"wp-block-paragraph\">Prin contribu\u021bia de 5 milioane de lei la proiectul din Dude\u0219tii Noi, Consiliul Jude\u021bean Timi\u0219 a acoperit o parte important\u0103 dintre aceste costuri \u0219i a contribuit la finalizarea investi\u021biei.<\/p>\n<h2 class=\"wp-block-heading\">Concluzie<\/h2>\n<p class=\"wp-block-paragraph\">Modernizarea \u0219colii din Dude\u0219tii Noi se \u00eencheie cu o investi\u021bie total\u0103 de peste 16,6 milioane de lei, sus\u021binut\u0103 prin fonduri europene \u0219i prin contribu\u021bia de 5 milioane de lei a Consiliului Jude\u021bean Timi\u0219. Unitatea de \u00eenv\u0103\u021b\u0103m\u00e2nt va fi folosit\u0103 de elevi \u00eencep\u00e2nd din aceast\u0103 toamn\u0103.<\/p>\n<p class=\"wp-block-paragraph\">Pentru administra\u021bia jude\u021bean\u0103, proiectul este primul parteneriat de acest tip finalizat \u00een 2026 \u0219i face parte dintr-o strategie de sprijinire a prim\u0103riilor atunci c\u00e2nd lipsa resurselor financiare poate \u00eempiedica finalizarea unor investi\u021bii importante.<\/p>\n<\/div>\n<p>[analyse_source url=&#8221;https:\/\/orasul-timisoara.ro\/local-40250\/&#8221;]<\/p>\n","protected":false},"excerpt":{"rendered":"<p>[analyse_image type=&#8221;featured&#8221; src=&#8221;https:\/\/orasul-timisoara.ro\/wp-content\/uploads\/2026\/08\/scoala-dudesti.jpg&#8221;] Administra\u021bie local\u0103\u0218coala din Dude\u0219tii Noi intr\u0103 \u00een noul an \u0219colar complet modernizat\u0103 Administra\u021bie local\u0103 Investitii in Timisoara \u0218tiri Locale \u0218coala din Dude\u0219tii Noi intr\u0103 \u00een noul an \u0219colar complet modernizat\u0103 De c\u0103tre redactia &#8211; 13\/08\/2026 Facebook Twitter WhatsApp Linkedin ReddIt Email Imprimare Dude\u0219tii Noi are, \u00eencep\u00e2nd din aceast\u0103 toamn\u0103, o \u0219coal\u0103 modernizat\u0103, [&hellip;]<\/p>\n","protected":false},"author":1,"featured_media":0,"comment_status":"open","ping_status":"","sticky":false,"template":"","format":"standard","meta":{"footnotes":""},"categories":[89],"tags":[226,189],"class_list":["post-2092473","post","type-post","status-publish","format-standard","hentry","category-romania","tag-crawlmanager","tag-orasul-timisoara-ro"],"_links":{"self":[{"href":"https:\/\/analyse.optim.biz\/index.php?rest_route=\/wp\/v2\/posts\/2092473","targetHints":{"allow":["GET"]}}],"collection":[{"href":"https:\/\/analyse.optim.biz\/index.php?rest_route=\/wp\/v2\/posts"}],"about":[{"href":"https:\/\/analyse.optim.biz\/index.php?rest_route=\/wp\/v2\/types\/post"}],"author":[{"embeddable":true,"href":"https:\/\/analyse.optim.biz\/index.php?rest_route=\/wp\/v2\/users\/1"}],"replies":[{"embeddable":true,"href":"https:\/\/analyse.optim.biz\/index.php?rest_route=%2Fwp%2Fv2%2Fcomments&post=2092473"}],"version-history":[{"count":0,"href":"https:\/\/analyse.optim.biz\/index.php?rest_route=\/wp\/v2\/posts\/2092473\/revisions"}],"wp:attachment":[{"href":"https:\/\/analyse.optim.biz\/index.php?rest_route=%2Fwp%2Fv2%2Fmedia&parent=2092473"}],"wp:term":[{"taxonomy":"category","embeddable":true,"href":"https:\/\/analyse.optim.biz\/index.php?rest_route=%2Fwp%2Fv2%2Fcategories&post=2092473"},{"taxonomy":"post_tag","embeddable":true,"href":"https:\/\/analyse.optim.biz\/index.php?rest_route=%2Fwp%2Fv2%2Ftags&post=2092473"}],"curies":[{"name":"wp","href":"https:\/\/api.w.org\/{rel}","templated":true}]}}