{"id":2092470,"date":"2026-08-12T15:40:46","date_gmt":"2026-08-12T12:40:46","guid":{"rendered":"https:\/\/analyse.optim.biz\/?p=2092470"},"modified":"2026-08-12T15:40:46","modified_gmt":"2026-08-12T12:40:46","slug":"doua-investitii-majore-din-vestul-timisoarei-reiau-etapa-exproprierilor-ce-se-intampla-cu-drumul-de","status":"publish","type":"post","link":"https:\/\/analyse.optim.biz\/?p=2092470","title":{"rendered":"Dou\u0103 investi\u021bii majore din vestul Timi\u0219oarei reiau etapa exproprierilor. Ce se \u00eent\u00e2mpl\u0103 cu drumul de"},"content":{"rendered":"<p>[analyse_image type=&#8221;featured&#8221; src=&#8221;https:\/\/orasul-timisoara.ro\/wp-content\/uploads\/2026\/08\/ruben-aug.jpg&#8221;]<\/p>\n<article id=\"post-40240\" class=\"td-post-template-7 post-40240 post type-post status-publish format-standard has-post-thumbnail category-administratie category-featured category-investitii-in-timisoara category-stiri-timisoara tag-ancpi tag-dambovita tag-drumul-de-legatura-solventul tag-exproprieri-timisoara tag-infrastructura-timisoara-2 tag-pasajul-solventul tag-podul-solventul tag-primaria-timisoara-2 tag-radiala-de-vest tag-ronat-2 tag-ruben-latcau-2 tag-solventul tag-stiri-timisoara tag-strada-garii tag-timisoara-2 tag-transport-timisoara-2 td-container-wrap\">\n<div class=\"td-full-screen-header-image-wrap\">\n<div class=\"td-container td-post-header\">\n<div class=\"td-crumb-container\">\n<div class=\"entry-crumbs\"><span><a title=\"Vede\u021bi toate articolele \u00een Administra\u021bie local\u0103\" class=\"entry-crumb\" href=\"https:\/\/orasul-timisoara.ro\/local-category\/administratie\/\">Administra\u021bie local\u0103<\/a><\/span><span class=\"td-bred-no-url-last\">Dou\u0103 investi\u021bii majore din vestul Timi\u0219oarei reiau etapa exproprierilor. Ce se \u00eent\u00e2mpl\u0103&#8230;<\/span><\/div>\n<\/div>\n<div class=\"td-post-header-holder\">\n<div class=\"td-parallax-header\">\n<header class=\"td-post-title\">\n<ul class=\"td-category\">\n<li class=\"entry-category\"><a href=\"https:\/\/orasul-timisoara.ro\/local-category\/administratie\/\">Administra\u021bie local\u0103<\/a><\/li>\n<li class=\"entry-category\"><a href=\"https:\/\/orasul-timisoara.ro\/local-category\/investitii-in-timisoara\/\">Investitii in Timisoara<\/a><\/li>\n<li class=\"entry-category\"><a href=\"https:\/\/orasul-timisoara.ro\/local-category\/stiri-timisoara\/\">\u0218tiri Locale<\/a><\/li>\n<\/ul>\n<h1 class=\"entry-title\">Dou\u0103 investi\u021bii majore din vestul Timi\u0219oarei reiau etapa exproprierilor. Ce se \u00eent\u00e2mpl\u0103 cu drumul de leg\u0103tur\u0103 Solventul \u0219i Radiala de Vest<\/h1>\n<div class=\"td-module-meta-info\">\n<div class=\"td-post-author-name\">\n<div class=\"td-author-by\">De c\u0103tre<\/div>\n<p><a href=\"https:\/\/orasul-timisoara.ro\/author\/timisoara\/\">redactia<\/a><\/p>\n<div class=\"td-author-line\"> &#8211; <\/div>\n<\/div>\n<p><span class=\"td-post-date\"><time class=\"entry-date updated td-module-date\" datetime=\"2026-08-12T18:40:46+03:00\">12\/08\/2026<\/time><\/span><\/div>\n<\/header>\n<\/div>\n<\/div>\n<\/div>\n<div id=\"td-full-screen-header-image\" class=\"td-image-gradient-style7\"><img decoding=\"async\" class=\"td-backstretch\" src=\"https:\/\/orasul-timisoara.ro\/wp-content\/uploads\/2026\/08\/ruben-aug.jpg\"><\/div>\n<\/div>\n<div class=\"td-container\">\n<div class=\"td-pb-row\">\n<div class=\"td-pb-span8 td-main-content\" role=\"main\">\n<div class=\"td-ss-main-content\">\n<div class=\"td-post-sharing-top\">\n<div class=\"td-post-sharing-classic\"><iframe title=\"topFacebookLike\" frameborder src=\"https:\/\/www.facebook.com\/plugins\/like.php?href=https:\/\/orasul-timisoara.ro\/local-40240\/&amp;layout=button_count&amp;show_faces=false&amp;width=105&amp;action=like&amp;colorscheme=light&amp;height=21\"><\/iframe><\/div>\n<div id=\"td_social_sharing_article_top\" class=\"td-post-sharing td-ps-bg td-ps-notext td-post-sharing-style1 \">\n<div class=\"td-post-sharing-visible\"><a class=\"td-social-sharing-button td-social-sharing-button-js td-social-network td-social-facebook\" href=\"https:\/\/www.facebook.com\/sharer.php?u=https%3A%2F%2Forasul-timisoara.ro%2Flocal-40240%2F\" title=\"Facebook\"><\/p>\n<div class=\"td-social-but-text\">Facebook<\/div>\n<p><\/a><a class=\"td-social-sharing-button td-social-sharing-button-js td-social-network td-social-twitter\" href=\"https:\/\/twitter.com\/intent\/tweet?text=Dou%C4%83+investi%C8%9Bii+majore+din+vestul+Timi%C8%99oarei+reiau+etapa+exproprierilor.+Ce+se+%C3%AEnt%C3%A2mpl%C4%83+cu+drumul+de+leg%C4%83tur%C4%83+Solventul+%C8%99i+Radiala+de+Vest&amp;url=https%3A%2F%2Forasul-timisoara.ro%2Flocal-40240%2F&amp;via=orasultm\" title=\"Twitter\"><\/p>\n<div class=\"td-social-but-text\">Twitter<\/div>\n<p><\/a><a class=\"td-social-sharing-button td-social-sharing-button-js td-social-network td-social-whatsapp\" href=\"https:\/\/api.whatsapp.com\/send?text=Dou%C4%83+investi%C8%9Bii+majore+din+vestul+Timi%C8%99oarei+reiau+etapa+exproprierilor.+Ce+se+%C3%AEnt%C3%A2mpl%C4%83+cu+drumul+de+leg%C4%83tur%C4%83+Solventul+%C8%99i+Radiala+de+Vest%20%0A%0A%20https:\/\/orasul-timisoara.ro\/local-40240\/\" title=\"WhatsApp\"><\/p>\n<div class=\"td-social-but-text\">WhatsApp<\/div>\n<p><\/a><a class=\"td-social-sharing-button td-social-sharing-button-js td-social-network td-social-linkedin\" href=\"https:\/\/www.linkedin.com\/shareArticle?mini=true&amp;url=https:\/\/orasul-timisoara.ro\/local-40240\/&amp;title=Dou%C4%83+investi%C8%9Bii+majore+din+vestul+Timi%C8%99oarei+reiau+etapa+exproprierilor.+Ce+se+%C3%AEnt%C3%A2mpl%C4%83+cu+drumul+de+leg%C4%83tur%C4%83+Solventul+%C8%99i+Radiala+de+Vest\" title=\"Linkedin\"><\/p>\n<div class=\"td-social-but-text\">Linkedin<\/div>\n<p><\/a><a class=\"td-social-sharing-button td-social-sharing-button-js td-social-network td-social-reddit\" href=\"https:\/\/reddit.com\/submit?url=https:\/\/orasul-timisoara.ro\/local-40240\/&amp;title=Dou%C4%83+investi%C8%9Bii+majore+din+vestul+Timi%C8%99oarei+reiau+etapa+exproprierilor.+Ce+se+%C3%AEnt%C3%A2mpl%C4%83+cu+drumul+de+leg%C4%83tur%C4%83+Solventul+%C8%99i+Radiala+de+Vest\" title=\"ReddIt\"><\/p>\n<div class=\"td-social-but-text\">ReddIt<\/div>\n<p><\/a><a class=\"td-social-sharing-button td-social-sharing-button-js td-social-network td-social-mail\" href=\"mailto:?subject=Dou%C4%83%20investi%C8%9Bii%20majore%20din%20vestul%20Timi%C8%99oarei%20reiau%20etapa%20exproprierilor.%20Ce%20se%20%C3%AEnt%C3%A2mpl%C4%83%20cu%20drumul%20de%20leg%C4%83tur%C4%83%20Solventul%20%C8%99i%20Radiala%20de%20Vest&amp;body=https:\/\/orasul-timisoara.ro\/local-40240\/\" title=\"Email\"><\/p>\n<div class=\"td-social-but-text\">Email<\/div>\n<p><\/a><a class=\"td-social-sharing-button td-social-sharing-button-js td-social-network td-social-print\" href=\"https:\/\/orasul-timisoara.ro\/local-40240\/\" title=\"Imprimare\"><\/p>\n<div class=\"td-social-but-text\">Imprimare<\/div>\n<p><\/a><\/div>\n<\/div>\n<\/div>\n<div class=\"td-post-content tagdiv-type\">\n<p class=\"wp-block-paragraph\">Dou\u0103 investi\u021bii majore pentru infrastructura rutier\u0103 \u0219i mobilitatea din vestul Timi\u0219oarei pot avansa din nou dup\u0103 blocajul care a afectat activitatea Agen\u021biei Na\u021bionale de Cadastru \u0219i Publicitate Imobiliar\u0103 (ANCPI). Viceprimarul Ruben La\u021bc\u0103u anun\u021b\u0103 reluarea procedurilor de expropriere pentru drumul de leg\u0103tur\u0103 dintre Pasajul Solventul \u0219i Podul Solventul, precum \u0219i pentru Radiala de Vest.<\/p>\n<p class=\"wp-block-paragraph\">Cele dou\u0103 proiecte sunt considerate componente importante ale dezvolt\u0103rii infrastructurii din zona de vest a ora\u0219ului. \u00cen cazul drumului de leg\u0103tur\u0103, proiectul prevede o arter\u0103 nou\u0103, cu dou\u0103 benzi pe sens, linie de tramvai, trotuare, piste pentru biciclete \u0219i spa\u021bii verzi, \u00een timp ce Radiala de Vest va asigura conexiunea dintre strada G\u0103rii, Pasajul Solventul \u0219i centura Timi\u0219oarei.<\/p>\n<h2 class=\"wp-block-heading\">Exproprierile pentru cele dou\u0103 investi\u021bii pot fi reluate<\/h2>\n<p class=\"wp-block-paragraph\">Potrivit viceprimarului Ruben La\u021bc\u0103u, cele dou\u0103 proiecte au fost afectate de blocajul de la ANCPI, iar reluarea procedurilor depinde \u00een continuare de func\u021bionarea platformei institu\u021biei.<\/p>\n<p class=\"wp-block-paragraph\">\u201eRelu\u0103m dou\u0103 investi\u021bii majore care au fost afectate de blocajul de la ANCPI. Drumul de leg\u0103tur\u0103 \u00eentre pasajul \u0219i Podul Solventul \u0219i Radiala de Vest pot merge mai departe cu etapa de expropriere, \u00een func\u021bie de c\u00e2t de operabil\u0103 e platforma ANCPI\u201d, a transmis Ruben La\u021bc\u0103u.<\/p>\n<p class=\"wp-block-paragraph\">Etapa exproprierilor este necesar\u0103 pentru ca municipalitatea s\u0103 poat\u0103 intra \u00een posesia terenurilor de care are nevoie pentru realizarea lucr\u0103rilor. Evolu\u021bia procedurilor cadastrale \u0219i administrative va influen\u021ba, astfel, calendarul celor dou\u0103 proiecte.<\/p>\n<h2 class=\"wp-block-heading\">Drumul de leg\u0103tur\u0103 dintre Pasajul Solventul \u0219i Podul Solventul<\/h2>\n<p class=\"wp-block-paragraph\">Una dintre investi\u021biile vizate este drumul care va conecta zona D\u00e2mbovi\u021ba cu Rona\u021b, \u00een cadrul noului nod de mobilitate din vestul Timi\u0219oarei.<\/p>\n<p class=\"wp-block-paragraph\">Proiectul presupune construirea unei artere de la zero, destinat\u0103 mai multor forme de transport. Potrivit administra\u021biei locale, pe noul traseu vor exista c\u00e2te dou\u0103 benzi de circula\u021bie pe fiecare sens, o linie de tramvai, trotuare \u0219i piste pentru biciclete.<\/p>\n<p class=\"wp-block-paragraph\">\u00cen proiect sunt prev\u0103zute \u0219i amenaj\u0103ri peisagistice, inclusiv spa\u021bii verzi. Astfel, noua infrastructur\u0103 ar urma s\u0103 fie utilizat\u0103 at\u00e2t de \u0219oferi \u0219i transportul public, c\u00e2t \u0219i de bicicli\u0219ti \u0219i pietoni.<\/p>\n<h2 class=\"wp-block-heading\">Leg\u0103tura dintre D\u00e2mbovi\u021ba \u0219i Rona\u021b, parte din noul nod de mobilitate<\/h2>\n<p class=\"wp-block-paragraph\">Ruben La\u021bc\u0103u descrie drumul de leg\u0103tur\u0103 drept o component\u0103 a nodului strategic de mobilitate care se dezvolt\u0103 \u00een partea de vest a municipiului.<\/p>\n<p class=\"wp-block-paragraph\">Noua arter\u0103 ar permite deplasarea \u00eentre D\u00e2mbovi\u021ba \u0219i Rona\u021b printr-o infrastructur\u0103 care integreaz\u0103 transportul rutier, tramvaiul, bicicletele \u0219i circula\u021bia pietonal\u0103. Municipalitatea urm\u0103re\u0219te astfel crearea unei conexiuni directe \u00eentre cartiere \u0219i obiectivele de infrastructur\u0103 din zona Solventul.<\/p>\n<p class=\"wp-block-paragraph\">Prin integrarea mai multor moduri de transport \u00een acela\u0219i proiect, drumul este conceput s\u0103 dep\u0103\u0219easc\u0103 rolul unei simple artere pentru traficul auto.<\/p>\n<h2 class=\"wp-block-heading\">Radiala de Vest, o nou\u0103 arter\u0103 major\u0103 pentru Timi\u0219oara<\/h2>\n<p class=\"wp-block-paragraph\">Cel de-al doilea proiect care poate intra \u00een etapa de expropriere este Radiala de Vest. Investi\u021bia este prezentat\u0103 de municipalitate drept primul proiect de acest tip realizat \u00een Timi\u0219oara dup\u0103 aproape cinci decenii.<\/p>\n<p class=\"wp-block-paragraph\">Noua arter\u0103 va avea c\u00e2te dou\u0103 benzi de circula\u021bie pe fiecare sens \u0219i va face leg\u0103tura \u00eentre strada G\u0103rii, zona Pasajului Solventul, \u0219i centura ora\u0219ului.<\/p>\n<p class=\"wp-block-paragraph\">Radiala este g\u00e2ndit\u0103 pentru a crea o conexiune rutier\u0103 direct\u0103 \u00eentre vestul municipiului \u0219i infrastructura de centur\u0103, contribuind la reorganizarea circula\u021biei \u00een aceast\u0103 parte a ora\u0219ului.<\/p>\n<h2 class=\"wp-block-heading\">Radiala de Vest va lega strada G\u0103rii de centura Timi\u0219oarei<\/h2>\n<p class=\"wp-block-paragraph\">Traseul proiectului porne\u0219te din zona str\u0103zii G\u0103rii \u0219i a Pasajului Solventul \u0219i traverseaz\u0103 zona c\u0103ii ferate \u00eenainte de a ajunge la centur\u0103.<\/p>\n<p class=\"wp-block-paragraph\">Potrivit viceprimarului Ruben La\u021bc\u0103u, realizarea acestei artere ar reprezenta o interven\u021bie important\u0103 asupra re\u021belei de mobilitate a ora\u0219ului, \u00eentruc\u00e2t Timi\u0219oara nu a mai construit o arter\u0103 radial\u0103 nou\u0103 de asemenea amploare de aproape 50 de ani.<\/p>\n<p class=\"wp-block-paragraph\">Investi\u021bia este parte din planurile municipalit\u0103\u021bii de dezvoltare a infrastructurii din vestul ora\u0219ului, o zon\u0103 \u00een care proiectele de mobilitate din jurul Pasajului Solventul urmeaz\u0103 s\u0103 creeze noi conexiuni \u00eentre cartiere \u0219i re\u021beaua rutier\u0103 major\u0103.<\/p>\n<h2 class=\"wp-block-heading\">Blocajul ANCPI a afectat calendarul proiectelor<\/h2>\n<p class=\"wp-block-paragraph\">Procedurile pentru cele dou\u0103 investi\u021bii au fost influen\u021bate de problemele care au afectat activitatea ANCPI \u0219i platforma utilizat\u0103 \u00een procesele cadastrale.<\/p>\n<p class=\"wp-block-paragraph\">Pentru proiectele care presupun exproprieri, accesul la informa\u021biile cadastrale \u0219i operarea documenta\u021biilor reprezint\u0103 etape necesare. De aceea, func\u021bionarea platformei ANCPI este important\u0103 pentru continuarea procedurilor administrative.<\/p>\n<p class=\"wp-block-paragraph\">Municipalitatea urm\u0103re\u0219te \u00een aceast\u0103 perioad\u0103 c\u00e2t de operabil\u0103 este platforma, pentru ca documenta\u021biile aferente exproprierilor s\u0103 poat\u0103 avansa.<\/p>\n<h2 class=\"wp-block-heading\">Dou\u0103 proiecte importante pentru vestul Timi\u0219oarei<\/h2>\n<p class=\"wp-block-paragraph\">Drumul de leg\u0103tur\u0103 dintre Pasajul Solventul \u0219i Podul Solventul \u0219i Radiala de Vest fac parte dintr-un ansamblu mai larg de investi\u021bii care urm\u0103resc schimbarea infrastructurii de transport din vestul municipiului.<\/p>\n<p class=\"wp-block-paragraph\">Primul proiect va integra transportul auto, tramvaiul, bicicletele \u0219i deplasarea pietonal\u0103, \u00een timp ce Radiala de Vest va crea o conexiune rutier\u0103 nou\u0103 \u00eentre zona central-vestic\u0103 a ora\u0219ului \u0219i centur\u0103.<\/p>\n<p class=\"wp-block-paragraph\">Reluarea etapei de expropriere reprezint\u0103 un pas necesar pentru evolu\u021bia ambelor investi\u021bii. Calendarul concret al urm\u0103toarelor etape va depinde \u00eens\u0103 de desf\u0103\u0219urarea procedurilor administrative \u0219i de func\u021bionarea platformei ANCPI.<\/p>\n<\/div>\n<footer>\n<div class=\"td-post-source-tags\">\n<ul class=\"td-tags td-post-small-box clearfix\">\n<li><span>ETICHETE<\/span><\/li>\n<li><a href=\"https:\/\/orasul-timisoara.ro\/local-tag\/ancpi\/\">ANCPI<\/a><\/li>\n<li><a href=\"https:\/\/orasul-timisoara.ro\/local-tag\/dambovita\/\">D\u00e2mbovi\u021ba<\/a><\/li>\n<li><a href=\"https:\/\/orasul-timisoara.ro\/local-tag\/drumul-de-legatura-solventul\/\">drumul de leg\u0103tur\u0103 Solventul<\/a><\/li>\n<li><a href=\"https:\/\/orasul-timisoara.ro\/local-tag\/exproprieri-timisoara\/\">exproprieri Timi\u0219oara<\/a><\/li>\n<li><a href=\"https:\/\/orasul-timisoara.ro\/local-tag\/infrastructura-timisoara-2\/\">infrastructur\u0103 Timi\u0219oara<\/a><\/li>\n<li><a href=\"https:\/\/orasul-timisoara.ro\/local-tag\/pasajul-solventul\/\">pasajul solventul<\/a><\/li>\n<li><a href=\"https:\/\/orasul-timisoara.ro\/local-tag\/podul-solventul\/\">podul solventul<\/a><\/li>\n<li><a href=\"https:\/\/orasul-timisoara.ro\/local-tag\/primaria-timisoara-2\/\">Prim\u0103ria Timi\u0219oara<\/a><\/li>\n<li><a href=\"https:\/\/orasul-timisoara.ro\/local-tag\/radiala-de-vest\/\">Radiala de Vest<\/a><\/li>\n<li><a href=\"https:\/\/orasul-timisoara.ro\/local-tag\/ronat-2\/\">Rona\u021b<\/a><\/li>\n<li><a href=\"https:\/\/orasul-timisoara.ro\/local-tag\/ruben-latcau-2\/\">Ruben La\u021bc\u0103u<\/a><\/li>\n<li><a href=\"https:\/\/orasul-timisoara.ro\/local-tag\/solventul\/\">Solventul<\/a><\/li>\n<li><a href=\"https:\/\/orasul-timisoara.ro\/local-tag\/stiri-timisoara\/\">stiri timisoara<\/a><\/li>\n<li><a href=\"https:\/\/orasul-timisoara.ro\/local-tag\/strada-garii\/\">strada G\u0103rii<\/a><\/li>\n<li><a href=\"https:\/\/orasul-timisoara.ro\/local-tag\/timisoara-2\/\">timi\u0219oara<\/a><\/li>\n<li><a href=\"https:\/\/orasul-timisoara.ro\/local-tag\/transport-timisoara-2\/\">transport Timi\u0219oara<\/a><\/li>\n<\/ul>\n<\/div>\n<div class=\"td-post-sharing-bottom\">\n<div class=\"td-post-sharing-classic\"><iframe title=\"bottomFacebookLike\" frameborder src=\"https:\/\/www.facebook.com\/plugins\/like.php?href=https:\/\/orasul-timisoara.ro\/local-40240\/&amp;layout=button_count&amp;show_faces=false&amp;width=105&amp;action=like&amp;colorscheme=light&amp;height=21\"><\/iframe><\/div>\n<div id=\"td_social_sharing_article_bottom\" class=\"td-post-sharing td-ps-bg td-ps-notext td-post-sharing-style1 \">\n<div class=\"td-post-sharing-visible\"><a class=\"td-social-sharing-button td-social-sharing-button-js td-social-network td-social-facebook\" href=\"https:\/\/www.facebook.com\/sharer.php?u=https%3A%2F%2Forasul-timisoara.ro%2Flocal-40240%2F\" title=\"Facebook\"><\/p>\n<div class=\"td-social-but-text\">Facebook<\/div>\n<p><\/a><a class=\"td-social-sharing-button td-social-sharing-button-js td-social-network td-social-twitter\" href=\"https:\/\/twitter.com\/intent\/tweet?text=Dou%C4%83+investi%C8%9Bii+majore+din+vestul+Timi%C8%99oarei+reiau+etapa+exproprierilor.+Ce+se+%C3%AEnt%C3%A2mpl%C4%83+cu+drumul+de+leg%C4%83tur%C4%83+Solventul+%C8%99i+Radiala+de+Vest&amp;url=https%3A%2F%2Forasul-timisoara.ro%2Flocal-40240%2F&amp;via=orasultm\" title=\"Twitter\"><\/p>\n<div class=\"td-social-but-text\">Twitter<\/div>\n<p><\/a><a class=\"td-social-sharing-button td-social-sharing-button-js td-social-network td-social-whatsapp\" href=\"https:\/\/api.whatsapp.com\/send?text=Dou%C4%83+investi%C8%9Bii+majore+din+vestul+Timi%C8%99oarei+reiau+etapa+exproprierilor.+Ce+se+%C3%AEnt%C3%A2mpl%C4%83+cu+drumul+de+leg%C4%83tur%C4%83+Solventul+%C8%99i+Radiala+de+Vest%20%0A%0A%20https:\/\/orasul-timisoara.ro\/local-40240\/\" title=\"WhatsApp\"><\/p>\n<div class=\"td-social-but-text\">WhatsApp<\/div>\n<p><\/a><a class=\"td-social-sharing-button td-social-sharing-button-js td-social-network td-social-linkedin\" href=\"https:\/\/www.linkedin.com\/shareArticle?mini=true&amp;url=https:\/\/orasul-timisoara.ro\/local-40240\/&amp;title=Dou%C4%83+investi%C8%9Bii+majore+din+vestul+Timi%C8%99oarei+reiau+etapa+exproprierilor.+Ce+se+%C3%AEnt%C3%A2mpl%C4%83+cu+drumul+de+leg%C4%83tur%C4%83+Solventul+%C8%99i+Radiala+de+Vest\" title=\"Linkedin\"><\/p>\n<div class=\"td-social-but-text\">Linkedin<\/div>\n<p><\/a><a class=\"td-social-sharing-button td-social-sharing-button-js td-social-network td-social-reddit\" href=\"https:\/\/reddit.com\/submit?url=https:\/\/orasul-timisoara.ro\/local-40240\/&amp;title=Dou%C4%83+investi%C8%9Bii+majore+din+vestul+Timi%C8%99oarei+reiau+etapa+exproprierilor.+Ce+se+%C3%AEnt%C3%A2mpl%C4%83+cu+drumul+de+leg%C4%83tur%C4%83+Solventul+%C8%99i+Radiala+de+Vest\" title=\"ReddIt\"><\/p>\n<div class=\"td-social-but-text\">ReddIt<\/div>\n<p><\/a><a class=\"td-social-sharing-button td-social-sharing-button-js td-social-network td-social-mail\" href=\"mailto:?subject=Dou%C4%83%20investi%C8%9Bii%20majore%20din%20vestul%20Timi%C8%99oarei%20reiau%20etapa%20exproprierilor.%20Ce%20se%20%C3%AEnt%C3%A2mpl%C4%83%20cu%20drumul%20de%20leg%C4%83tur%C4%83%20Solventul%20%C8%99i%20Radiala%20de%20Vest&amp;body=https:\/\/orasul-timisoara.ro\/local-40240\/\" title=\"Email\"><\/p>\n<div class=\"td-social-but-text\">Email<\/div>\n<p><\/a><a class=\"td-social-sharing-button td-social-sharing-button-js td-social-network td-social-print\" href=\"https:\/\/orasul-timisoara.ro\/local-40240\/\" title=\"Imprimare\"><\/p>\n<div class=\"td-social-but-text\">Imprimare<\/div>\n<p><\/a><\/div>\n<\/div>\n<\/div>\n<div class=\"td-block-row td-post-next-prev\">\n<div class=\"td-block-span6 td-post-prev-post\">\n<div class=\"td-post-next-prev-content\"><span>Articolul precedent<\/span><a href=\"https:\/\/orasul-timisoara.ro\/local-40237\/\">Accident pe Calea Torontalului din Timi\u0219oara. Dou\u0103 persoane au ajuns la spital<\/a><\/div>\n<\/div>\n<div class=\"td-block-span6 td-post-next-post\">\n<div class=\"td-post-next-prev-content\"><span>Articolul urm\u0103tor<\/span><a href=\"https:\/\/orasul-timisoara.ro\/local-40243\/\">Po\u021bi construi la sat case \u0219i anexe f\u0103r\u0103 autoriza\u021bie, f\u0103r\u0103 a\u0219tept\u0103ri inutile dup\u0103 acte de la diverse institu\u021bii! Ce schimb\u0103 Codul Urbanismului din 25 august<\/a><\/div>\n<\/div>\n<\/div>\n<div class=\"td-author-name vcard author\"><span class=\"fn\"><a href=\"https:\/\/orasul-timisoara.ro\/author\/timisoara\/\">redactia<\/a><\/span><\/div>\n<p><span class=\"td-page-meta\"><\/span><span class=\"td-page-meta\"><span class=\"td-page-meta\"><\/span><\/span><span class=\"td-page-meta\"><\/span><\/footer>\n<div class=\"td_block_wrap td_block_related_posts tdi_3 td_with_ajax_pagination td-pb-border-top td_block_template_8\" data-td-block-uid=\"tdi_3\">\n<h4 class=\"td-related-title td-block-title\"><a id=\"tdi_4\" class=\"td-related-left td-cur-simple-item\" data-td_filter_value data-td_block_id=\"tdi_3\" href=\"https:\/\/orasul-timisoara.ro\/local-40240\/\">ARTICOLE SIMILARE<\/a><a id=\"tdi_5\" class=\"td-related-right\" data-td_filter_value=\"td_related_more_from_author\" data-td_block_id=\"tdi_3\" href=\"https:\/\/orasul-timisoara.ro\/local-40240\/\">DE LA ACELA\u0218I AUTOR<\/a><\/h4>\n<div id=\"tdi_3\" class=\"td_block_inner\">\n<div class=\"td-related-row\">\n<div class=\"td-related-span4\">\n<div class=\"td_module_related_posts td-animation-stack td_mod_related_posts\">\n<div class=\"td-module-image\">\n<div class=\"td-module-thumb\"><a href=\"https:\/\/orasul-timisoara.ro\/local-40260\/\" rel=\"bookmark\" class=\"td-image-wrap \" title=\"Dou\u0103 oferte pentru Magistrala Verde din Timi\u0219oara. Proiectul ajunge la 158,3 milioane de lei\"><img loading=\"lazy\" decoding=\"async\" class=\"entry-thumb\" src=\"https:\/\/orasul-timisoara.ro\/wp-content\/uploads\/2026\/01\/magistrala-verde-tm-1-436x300.jpg\" alt title=\"Dou\u0103 oferte pentru Magistrala Verde din Timi\u0219oara. Proiectul ajunge la 158,3 milioane de lei\" width=\"218\" height=\"150\"><\/a><\/div>\n<\/div>\n<div class=\"item-details\">\n<h3 class=\"entry-title td-module-title\"><a href=\"https:\/\/orasul-timisoara.ro\/local-40260\/\" rel=\"bookmark\" title=\"Dou\u0103 oferte pentru Magistrala Verde din Timi\u0219oara. Proiectul ajunge la 158,3 milioane de lei\">Dou\u0103 oferte pentru Magistrala Verde din Timi\u0219oara. Proiectul ajunge la 158,3 milioane de lei<\/a><\/h3>\n<\/div>\n<\/div>\n<\/div>\n<div class=\"td-related-span4\">\n<div class=\"td_module_related_posts td-animation-stack td_mod_related_posts\">\n<div class=\"td-module-image\">\n<div class=\"td-module-thumb\"><a href=\"https:\/\/orasul-timisoara.ro\/local-39178\/\" rel=\"bookmark\" class=\"td-image-wrap \" title=\"Cadastru gratuit pentru terenurile din extravilanul Timi\u0219oarei. Proprietarii pot cere rectific\u0103ri p\u00e2n\u0103 pe 18 iulie\"><img loading=\"lazy\" decoding=\"async\" class=\"entry-thumb\" src=\"https:\/\/orasul-timisoara.ro\/wp-content\/uploads\/2026\/06\/cadastru-campie-436x300.jpg\" alt title=\"Cadastru gratuit pentru terenurile din extravilanul Timi\u0219oarei. Proprietarii pot cere rectific\u0103ri p\u00e2n\u0103 pe 18 iulie\" width=\"218\" height=\"150\"><\/a><\/div>\n<\/div>\n<div class=\"item-details\">\n<h3 class=\"entry-title td-module-title\"><a href=\"https:\/\/orasul-timisoara.ro\/local-39178\/\" rel=\"bookmark\" title=\"Cadastru gratuit pentru terenurile din extravilanul Timi\u0219oarei. Proprietarii pot cere rectific\u0103ri p\u00e2n\u0103 pe 18 iulie\">Cadastru gratuit pentru terenurile din extravilanul Timi\u0219oarei. Proprietarii pot cere rectific\u0103ri p\u00e2n\u0103 pe 18 iulie<\/a><\/h3>\n<\/div>\n<\/div>\n<\/div>\n<div class=\"td-related-span4\">\n<div class=\"td_module_related_posts td-animation-stack td_mod_related_posts\">\n<div class=\"td-module-image\">\n<div class=\"td-module-thumb\"><a href=\"https:\/\/orasul-timisoara.ro\/local-35948\/\" rel=\"bookmark\" class=\"td-image-wrap \" title=\"Pasajul Solventul, deschis traficului: un nou nod strategic pentru Timi\u0219oara\"><img loading=\"lazy\" decoding=\"async\" class=\"entry-thumb\" src=\"https:\/\/orasul-timisoara.ro\/wp-content\/uploads\/2025\/12\/deschidere-pasaj-solventul-5-436x300.jpg\" alt title=\"Pasajul Solventul, deschis traficului: un nou nod strategic pentru Timi\u0219oara\" width=\"218\" height=\"150\"><\/a><\/div>\n<\/div>\n<div class=\"item-details\">\n<h3 class=\"entry-title td-module-title\"><a href=\"https:\/\/orasul-timisoara.ro\/local-35948\/\" rel=\"bookmark\" title=\"Pasajul Solventul, deschis traficului: un nou nod strategic pentru Timi\u0219oara\">Pasajul Solventul, deschis traficului: un nou nod strategic pentru Timi\u0219oara<\/a><\/h3>\n<\/div>\n<\/div>\n<\/div>\n<\/div>\n<\/div>\n<\/div>\n<div class=\"comments\" id=\"comments\">\n<div id=\"respond\" class=\"comment-respond\">\n<h3 id=\"reply-title\" class=\"comment-reply-title\">L\u0102SA\u021aI UN MESAJ<\/h3>\n<div class=\"comment-form-input-wrap td-form-comment\">\n<div class=\"td-warning-comment\">V\u0103 rug\u0103m s\u0103 introduce\u021bi comentariul dvs.!<\/div>\n<\/div>\n<div class=\"comment-form-input-wrap td-form-author\">\n<div class=\"td-warning-author\">Introduce\u021bi aici numele dvs.<\/div>\n<\/div>\n<div class=\"comment-form-input-wrap td-form-email\">\n<div class=\"td-warning-email-error\">A\u021bi introdus o adres\u0103 de e-mail incorect\u0103!<\/div>\n<div class=\"td-warning-email\">V\u0103 rug\u0103m s\u0103 introduce\u021bi adresa dvs. de e-mail aici<\/div>\n<\/div>\n<\/div>\n<p class=\"akismet_comment_form_privacy_notice\">Acest site folose\u0219te Akismet pentru a reduce spamul. <a href=\"https:\/\/akismet.com\/privacy\/\" target=\"_blank\" rel=\"nofollow noopener\">Afl\u0103 cum sunt procesate datele comentariilor tale<\/a>.<\/p>\n<\/div>\n<\/div>\n<\/div>\n<div class=\"td-pb-span4 td-main-sidebar\" role=\"complementary\">\n<div class=\"td-ss-main-sidebar\">\n<aside id=\"block-4\" class=\"td_block_template_8 widget block-4 widget_block widget_media_image\">\n<figure class=\"wp-block-image size-full\"><img loading=\"lazy\" decoding=\"async\" width=\"336\" height=\"280\" src=\"https:\/\/orasul-timisoara.ro\/wp-content\/uploads\/2024\/11\/ReTIM-Abonamentul-Verde-Google-Ads-336x280px.gif\" alt class=\"wp-image-29257\"><\/figure>\n<\/aside>\n<div class=\"td_block_wrap td_block_social_counter td_block_widget tdi_6 td-social-style5 td-social-boxed td-pb-border-top td_block_template_8\">\n<div class=\"td-block-title-wrap\">\n<h4 class=\"td-block-title\"><span>Urm\u0103re\u0219te-ne pe Social Media<\/span><\/h4>\n<\/div>\n<div class=\"td-social-list\">\n<div class=\"td_social_type td-pb-margin-side td_social_facebook\">\n<div class=\"td-social-box\"><span class=\"td_social_info td_social_info_counter\">344,595<\/span><span class=\"td_social_info td_social_info_name\">Fani<\/span><span class=\"td_social_button\"><a href=\"https:\/\/www.facebook.com\/247timisoara\" target=\"_blank\" rel=\"nofollow\">\u00cemi place<\/a><\/span><\/div>\n<\/div>\n<div class=\"td_social_type td-pb-margin-side td_social_instagram\">\n<div class=\"td-social-box\"><span class=\"td_social_info td_social_info_counter\">4,416<\/span><span class=\"td_social_info td_social_info_name\">Cititori<\/span><span class=\"td_social_button\"><a href=\"https:\/\/instagram.com\/orasultimisoararo\/\" target=\"_blank\" rel=\"nofollow\">Conecta\u021bi-v\u0103<\/a><\/span><\/div>\n<\/div>\n<div class=\"td_social_type td-pb-margin-side td_social_rss\">\n<div class=\"td-social-box\"><span class=\"td_social_info td_social_info_counter\">12,506<\/span><span class=\"td_social_info td_social_info_name\">Cititori<\/span><span class=\"td_social_button\"><a href=\"https:\/\/orasul-timisoara.ro\/feed\/\" target=\"_blank\" rel=\"nofollow\">Conecta\u021bi-v\u0103<\/a><\/span><\/div>\n<\/div>\n<div class=\"td_social_type td-pb-margin-side td_social_tiktok\">\n<div class=\"td-social-box\"><span class=\"td_social_info td_social_info_counter\">1,500<\/span><span class=\"td_social_info td_social_info_name\">Cititori<\/span><span class=\"td_social_button\"><a href=\"https:\/\/www.tiktok.com\/@orasultimisoara\" target=\"_blank\" rel=\"nofollow\">Conecta\u021bi-v\u0103<\/a><\/span><\/div>\n<\/div>\n<div class=\"td_social_type td-pb-margin-side td_social_twitter\">\n<div class=\"td-social-box\"><span class=\"td_social_info td_social_info_counter\">1,595<\/span><span class=\"td_social_info td_social_info_name\">Cititori<\/span><span class=\"td_social_button\"><a href=\"https:\/\/twitter.com\/orasultm\" target=\"_blank\" rel=\"nofollow\">Conecta\u021bi-v\u0103<\/a><\/span><\/div>\n<\/div>\n<div class=\"td_social_type td-pb-margin-side td_social_youtube\">\n<div class=\"td-social-box\"><span class=\"td_social_info td_social_info_counter\">3,506<\/span><span class=\"td_social_info td_social_info_name\">Abona\u021bi<\/span><span class=\"td_social_button\"><a href=\"https:\/\/www.youtube.com\/channel\/UCQNsQvs2XCSIm1Z-AHRturw?sub_confirmation=1\" target=\"_blank\" rel=\"nofollow\">Abona\u021bi-v\u0103<\/a><\/span><\/div>\n<\/div>\n<\/div>\n<\/div>\n<aside id=\"text-7\" class=\"td_block_template_8 widget text-7 widget_text\">\n<h4 class=\"td-block-title\"><span>C\u0103ut\u0103ri populare pe OTM<\/span><\/h4>\n<div class=\"textwidget\"><a href=\"https:\/\/orasul-timisoara.ro\/?s=timisoara\"><span>Timisoara<\/span><\/a><a href=\"https:\/\/orasul-timisoara.ro\/?s=calin+dobra\"><span>Calin Dobra<\/span><\/a><a href=\"https:\/\/orasul-timisoara.ro\/?s=primaria+timisoara\"><span>Primaria Timisoara<\/span><\/a><a href=\"https:\/\/orasul-timisoara.ro\/?s=dominic+fritz\"><span>Dominic Fritz<\/span><\/a><a href=\"https:\/\/orasul-timisoara.ro\/?s=nicolae+robu\"><span>Nicolae Robu<\/span><\/a><a href=\"https:\/\/orasul-timisoara.ro\/?s=consiliul+local+timisoara\">Consiliul Local Timisoara<\/a><a href=\"https:\/\/orasul-timisoara.ro\/?s=consiliul+judetean+timis\"><span>Consiliul Judetean Timis<\/span><\/a><a href=\"https:\/\/orasul-timisoara.ro\/?s=cjt\"><span>CJT<\/span><\/a><a href=\"https:\/\/orasul-timisoara.ro\/?s=Alfred+Simonis\"><span>Alfred Simonis<\/span><\/a><a href=\"https:\/\/orasul-timisoara.ro\/?s=PNL\"><span>PNL<\/span><\/a><a href=\"https:\/\/orasul-timisoara.ro\/?s=coronavirus\"><span>coronavirus<\/span><\/a><a href=\"https:\/\/orasul-timisoara.ro\/?s=teatru+timisoara\">teatru Timisoara<\/a><a href=\"https:\/\/orasul-timisoara.ro\/?s=restaurante\"><span>restaurante Timisoara<\/span><\/a><a href=\"https:\/\/orasul-timisoara.ro\/?s=diskoteka\"><span>Diskoteka<\/span><\/a><a href=\"https:\/\/orasul-timisoara.ro\/?s=iulius+town\"><span>Iulius Town<\/span><\/a><a href=\"https:\/\/orasul-timisoara.ro\/?s=iulius+mall\"><span>Iulius Mall<\/span><\/a><a href=\"https:\/\/orasul-timisoara.ro\/?s=stpt\"><span>STPT<\/span><\/a><a href=\"https:\/\/orasul-timisoara.ro\/?s=alin+nica\"><span>Alin Nica<\/span><\/a><a href=\"https:\/\/orasul-timisoara.ro\/?s=psd\"><span>PSD<\/span><\/a><a href=\"https:\/\/orasul-timisoara.ro\/?s=aeroport\"><span>Aeroportul International Timisoara<\/span><\/a><a href=\"https:\/\/orasul-timisoara.ro\/?s=babes\"><span>Spitalul Victor Babes Timisoara<\/span><\/a><a href=\"https:\/\/orasul-timisoara.ro\/?s=poli\"><span>Poli Timi\u0219oara<\/span><\/a><a href=\"https:\/\/orasul-timisoara.ro\/?s=carantina\"><span>carantina<\/span><\/a><a href=\"https:\/\/orasul-timisoara.ro\/?s=aquatim\"><span>Aquatim<\/span><\/a><a href=\"https:\/\/orasul-timisoara.ro\/local-category\/stiri-timisoara\/\"><span>Stiri Timisoara<\/span><\/a><a href=\"https:\/\/orasul-timisoara.ro\/local-category\/investitii-in-timisoara\/\"><span>Investi\u021bii in Timi\u0219oara<\/span><\/a><a href=\"https:\/\/orasul-timisoara.ro\/local-9463\/\"><span>shaorma<\/span><\/a><a href=\"https:\/\/orasul-timisoara.ro\/?s=trafic\"><span>trafic rutier<\/span><\/a><a href=\"https:\/\/orasul-timisoara.ro\/?s=politia\"><span>politia locala timisoara<\/span><\/a><a href=\"https:\/\/orasul-timisoara.ro\/?s=roxana\"><span>Roxana Iliescu<\/span><\/a><a href=\"https:\/\/orasul-timisoara.ro\/?s=colterm\"><span>Colterm<\/span><\/a><a href=\"https:\/\/orasul-timisoara.ro\/?s=latcau\"><span>Ruben La\u021bc\u0103u<\/span><\/a><a href=\"https:\/\/orasul-timisoara.ro\/?s=timis\"><span>\u0218tiri din Timi\u0219<\/span><\/a><a href=\"https:\/\/orasul-timisoara.ro\/?s=spital\"><span>Spitale din Timi\u0219oara<\/span><\/a><a href=\"https:\/\/orasul-timisoara.ro\/?s=tabara\"><span>Cosmin Tab\u0103r\u0103<\/span><\/a><\/div>\n<\/aside>\n<aside id=\"rss-2\" class=\"td_block_template_8 widget rss-2 widget_rss\">\n<h4 class=\"td-block-title\"><span><a class=\"rsswidget rss-widget-feed\" href=\"https:\/\/fashionfridays.ro\/feed\"><img decoding=\"async\" class=\"rss-widget-icon\" width=\"14\" height=\"14\" src=\"https:\/\/orasul-timisoara.ro\/wp-includes\/images\/rss.png\" alt=\"RSS\" loading=\"lazy\"><\/a><a class=\"rsswidget rss-widget-title\" href=\"https:\/\/fashionfridays.ro\/\">Fashion Fridays<\/a><\/span><\/h4>\n<ul>\n<li><a class=\"rsswidget\" href=\"https:\/\/fashionfridays.ro\/romania-devine-a-29-a-piata-vogue-o-noua-era-pentru-industria-locala-de-moda\/\">Rom\u00e2nia devine a 29-a pia\u021b\u0103 Vogue: o nou\u0103 er\u0103 pentru industria local\u0103 de mod\u0103<\/a>\n<div class=\"rssSummary\">Revista Vogue \u00ee\u0219i extinde prezen\u021ba global\u0103 \u0219i va fi lansat\u0103 oficial \u00een Rom\u00e2nia \u00een prim\u0103vara anului 2027, marc\u00e2nd intrarea pe cea de-a 29-a pia\u021b\u0103 interna\u021bional\u0103. Proiectul este realizat \u00een parteneriat cu AEMME Publishing, o companie media recent \u00eenfiin\u021bat\u0103, care va publica edi\u021bia local\u0103 sub licen\u021b\u0103. Noua edi\u021bie, Vogue Rom\u00e2nia, \u00ee\u0219i propune s\u0103 combine autoritatea global\u0103 [\u2026]<\/div>\n<\/li>\n<\/ul>\n<\/aside>\n<aside id=\"rss-4\" class=\"td_block_template_8 widget rss-4 widget_rss\">\n<h4 class=\"td-block-title\"><span><a class=\"rsswidget rss-widget-feed\" href=\"https:\/\/emasini.ro\/feed\"><img decoding=\"async\" class=\"rss-widget-icon\" width=\"14\" height=\"14\" src=\"https:\/\/orasul-timisoara.ro\/wp-includes\/images\/rss.png\" alt=\"RSS\" loading=\"lazy\"><\/a><a class=\"rsswidget rss-widget-title\" href=\"https:\/\/emasini.ro\/\">eMasini<\/a><\/span><\/h4>\n<ul>\n<li><a class=\"rsswidget\" href=\"https:\/\/emasini.ro\/bmw-testeaza-noul-i4-convertible-primul-cabrio-electric-accesibil-al-marcii\/\">BMW testeaz\u0103 noul i4 Convertible, primul cabrio electric accesibil al m\u0103rcii<\/a>\n<div class=\"rssSummary\">BMW accelereaz\u0103 dezvoltarea noii genera\u021bii de modele electrice bazate pe platforma Neue Klasse, iar unul dintre cele mai interesante proiecte aflate \u00een teste este viitorul BMW i4 Convertible. Prototipul camuflat a fost surprins pe \u0219osele, confirm\u00e2nd c\u0103 produc\u0103torul german preg\u0103te\u0219te o decapotabil\u0103 electric\u0103 destinat\u0103 unui segment \u00een care oferta este, \u00een prezent, extrem de limitat\u0103. [\u2026]<\/div>\n<\/li>\n<\/ul>\n<\/aside>\n<\/div>\n<\/div>\n<\/div>\n<\/div>\n<\/article>\n<div class=\"td-post-content tagdiv-type\">\n<p class=\"wp-block-paragraph\">Dou\u0103 investi\u021bii majore pentru infrastructura rutier\u0103 \u0219i mobilitatea din vestul Timi\u0219oarei pot avansa din nou dup\u0103 blocajul care a afectat activitatea Agen\u021biei Na\u021bionale de Cadastru \u0219i Publicitate Imobiliar\u0103 (ANCPI). Viceprimarul Ruben La\u021bc\u0103u anun\u021b\u0103 reluarea procedurilor de expropriere pentru drumul de leg\u0103tur\u0103 dintre Pasajul Solventul \u0219i Podul Solventul, precum \u0219i pentru Radiala de Vest.<\/p>\n<p class=\"wp-block-paragraph\">Cele dou\u0103 proiecte sunt considerate componente importante ale dezvolt\u0103rii infrastructurii din zona de vest a ora\u0219ului. \u00cen cazul drumului de leg\u0103tur\u0103, proiectul prevede o arter\u0103 nou\u0103, cu dou\u0103 benzi pe sens, linie de tramvai, trotuare, piste pentru biciclete \u0219i spa\u021bii verzi, \u00een timp ce Radiala de Vest va asigura conexiunea dintre strada G\u0103rii, Pasajul Solventul \u0219i centura Timi\u0219oarei.<\/p>\n<h2 class=\"wp-block-heading\">Exproprierile pentru cele dou\u0103 investi\u021bii pot fi reluate<\/h2>\n<p class=\"wp-block-paragraph\">Potrivit viceprimarului Ruben La\u021bc\u0103u, cele dou\u0103 proiecte au fost afectate de blocajul de la ANCPI, iar reluarea procedurilor depinde \u00een continuare de func\u021bionarea platformei institu\u021biei.<\/p>\n<p class=\"wp-block-paragraph\">\u201eRelu\u0103m dou\u0103 investi\u021bii majore care au fost afectate de blocajul de la ANCPI. Drumul de leg\u0103tur\u0103 \u00eentre pasajul \u0219i Podul Solventul \u0219i Radiala de Vest pot merge mai departe cu etapa de expropriere, \u00een func\u021bie de c\u00e2t de operabil\u0103 e platforma ANCPI\u201d, a transmis Ruben La\u021bc\u0103u.<\/p>\n<p class=\"wp-block-paragraph\">Etapa exproprierilor este necesar\u0103 pentru ca municipalitatea s\u0103 poat\u0103 intra \u00een posesia terenurilor de care are nevoie pentru realizarea lucr\u0103rilor. Evolu\u021bia procedurilor cadastrale \u0219i administrative va influen\u021ba, astfel, calendarul celor dou\u0103 proiecte.<\/p>\n<h2 class=\"wp-block-heading\">Drumul de leg\u0103tur\u0103 dintre Pasajul Solventul \u0219i Podul Solventul<\/h2>\n<p class=\"wp-block-paragraph\">Una dintre investi\u021biile vizate este drumul care va conecta zona D\u00e2mbovi\u021ba cu Rona\u021b, \u00een cadrul noului nod de mobilitate din vestul Timi\u0219oarei.<\/p>\n<p class=\"wp-block-paragraph\">Proiectul presupune construirea unei artere de la zero, destinat\u0103 mai multor forme de transport. Potrivit administra\u021biei locale, pe noul traseu vor exista c\u00e2te dou\u0103 benzi de circula\u021bie pe fiecare sens, o linie de tramvai, trotuare \u0219i piste pentru biciclete.<\/p>\n<p class=\"wp-block-paragraph\">\u00cen proiect sunt prev\u0103zute \u0219i amenaj\u0103ri peisagistice, inclusiv spa\u021bii verzi. Astfel, noua infrastructur\u0103 ar urma s\u0103 fie utilizat\u0103 at\u00e2t de \u0219oferi \u0219i transportul public, c\u00e2t \u0219i de bicicli\u0219ti \u0219i pietoni.<\/p>\n<h2 class=\"wp-block-heading\">Leg\u0103tura dintre D\u00e2mbovi\u021ba \u0219i Rona\u021b, parte din noul nod de mobilitate<\/h2>\n<p class=\"wp-block-paragraph\">Ruben La\u021bc\u0103u descrie drumul de leg\u0103tur\u0103 drept o component\u0103 a nodului strategic de mobilitate care se dezvolt\u0103 \u00een partea de vest a municipiului.<\/p>\n<p class=\"wp-block-paragraph\">Noua arter\u0103 ar permite deplasarea \u00eentre D\u00e2mbovi\u021ba \u0219i Rona\u021b printr-o infrastructur\u0103 care integreaz\u0103 transportul rutier, tramvaiul, bicicletele \u0219i circula\u021bia pietonal\u0103. Municipalitatea urm\u0103re\u0219te astfel crearea unei conexiuni directe \u00eentre cartiere \u0219i obiectivele de infrastructur\u0103 din zona Solventul.<\/p>\n<p class=\"wp-block-paragraph\">Prin integrarea mai multor moduri de transport \u00een acela\u0219i proiect, drumul este conceput s\u0103 dep\u0103\u0219easc\u0103 rolul unei simple artere pentru traficul auto.<\/p>\n<h2 class=\"wp-block-heading\">Radiala de Vest, o nou\u0103 arter\u0103 major\u0103 pentru Timi\u0219oara<\/h2>\n<p class=\"wp-block-paragraph\">Cel de-al doilea proiect care poate intra \u00een etapa de expropriere este Radiala de Vest. Investi\u021bia este prezentat\u0103 de municipalitate drept primul proiect de acest tip realizat \u00een Timi\u0219oara dup\u0103 aproape cinci decenii.<\/p>\n<p class=\"wp-block-paragraph\">Noua arter\u0103 va avea c\u00e2te dou\u0103 benzi de circula\u021bie pe fiecare sens \u0219i va face leg\u0103tura \u00eentre strada G\u0103rii, zona Pasajului Solventul, \u0219i centura ora\u0219ului.<\/p>\n<p class=\"wp-block-paragraph\">Radiala este g\u00e2ndit\u0103 pentru a crea o conexiune rutier\u0103 direct\u0103 \u00eentre vestul municipiului \u0219i infrastructura de centur\u0103, contribuind la reorganizarea circula\u021biei \u00een aceast\u0103 parte a ora\u0219ului.<\/p>\n<h2 class=\"wp-block-heading\">Radiala de Vest va lega strada G\u0103rii de centura Timi\u0219oarei<\/h2>\n<p class=\"wp-block-paragraph\">Traseul proiectului porne\u0219te din zona str\u0103zii G\u0103rii \u0219i a Pasajului Solventul \u0219i traverseaz\u0103 zona c\u0103ii ferate \u00eenainte de a ajunge la centur\u0103.<\/p>\n<p class=\"wp-block-paragraph\">Potrivit viceprimarului Ruben La\u021bc\u0103u, realizarea acestei artere ar reprezenta o interven\u021bie important\u0103 asupra re\u021belei de mobilitate a ora\u0219ului, \u00eentruc\u00e2t Timi\u0219oara nu a mai construit o arter\u0103 radial\u0103 nou\u0103 de asemenea amploare de aproape 50 de ani.<\/p>\n<p class=\"wp-block-paragraph\">Investi\u021bia este parte din planurile municipalit\u0103\u021bii de dezvoltare a infrastructurii din vestul ora\u0219ului, o zon\u0103 \u00een care proiectele de mobilitate din jurul Pasajului Solventul urmeaz\u0103 s\u0103 creeze noi conexiuni \u00eentre cartiere \u0219i re\u021beaua rutier\u0103 major\u0103.<\/p>\n<h2 class=\"wp-block-heading\">Blocajul ANCPI a afectat calendarul proiectelor<\/h2>\n<p class=\"wp-block-paragraph\">Procedurile pentru cele dou\u0103 investi\u021bii au fost influen\u021bate de problemele care au afectat activitatea ANCPI \u0219i platforma utilizat\u0103 \u00een procesele cadastrale.<\/p>\n<p class=\"wp-block-paragraph\">Pentru proiectele care presupun exproprieri, accesul la informa\u021biile cadastrale \u0219i operarea documenta\u021biilor reprezint\u0103 etape necesare. De aceea, func\u021bionarea platformei ANCPI este important\u0103 pentru continuarea procedurilor administrative.<\/p>\n<p class=\"wp-block-paragraph\">Municipalitatea urm\u0103re\u0219te \u00een aceast\u0103 perioad\u0103 c\u00e2t de operabil\u0103 este platforma, pentru ca documenta\u021biile aferente exproprierilor s\u0103 poat\u0103 avansa.<\/p>\n<h2 class=\"wp-block-heading\">Dou\u0103 proiecte importante pentru vestul Timi\u0219oarei<\/h2>\n<p class=\"wp-block-paragraph\">Drumul de leg\u0103tur\u0103 dintre Pasajul Solventul \u0219i Podul Solventul \u0219i Radiala de Vest fac parte dintr-un ansamblu mai larg de investi\u021bii care urm\u0103resc schimbarea infrastructurii de transport din vestul municipiului.<\/p>\n<p class=\"wp-block-paragraph\">Primul proiect va integra transportul auto, tramvaiul, bicicletele \u0219i deplasarea pietonal\u0103, \u00een timp ce Radiala de Vest va crea o conexiune rutier\u0103 nou\u0103 \u00eentre zona central-vestic\u0103 a ora\u0219ului \u0219i centur\u0103.<\/p>\n<p class=\"wp-block-paragraph\">Reluarea etapei de expropriere reprezint\u0103 un pas necesar pentru evolu\u021bia ambelor investi\u021bii. Calendarul concret al urm\u0103toarelor etape va depinde \u00eens\u0103 de desf\u0103\u0219urarea procedurilor administrative \u0219i de func\u021bionarea platformei ANCPI.<\/p>\n<\/div>\n<p>[analyse_source url=&#8221;https:\/\/orasul-timisoara.ro\/local-40240\/&#8221;]<\/p>\n","protected":false},"excerpt":{"rendered":"<p>[analyse_image type=&#8221;featured&#8221; src=&#8221;https:\/\/orasul-timisoara.ro\/wp-content\/uploads\/2026\/08\/ruben-aug.jpg&#8221;] Administra\u021bie local\u0103Dou\u0103 investi\u021bii majore din vestul Timi\u0219oarei reiau etapa exproprierilor. Ce se \u00eent\u00e2mpl\u0103&#8230; Administra\u021bie local\u0103 Investitii in Timisoara \u0218tiri Locale Dou\u0103 investi\u021bii majore din vestul Timi\u0219oarei reiau etapa exproprierilor. Ce se \u00eent\u00e2mpl\u0103 cu drumul de leg\u0103tur\u0103 Solventul \u0219i Radiala de Vest De c\u0103tre redactia &#8211; 12\/08\/2026 Facebook Twitter WhatsApp Linkedin ReddIt Email [&hellip;]<\/p>\n","protected":false},"author":1,"featured_media":0,"comment_status":"open","ping_status":"","sticky":false,"template":"","format":"standard","meta":{"footnotes":""},"categories":[89],"tags":[226,189],"class_list":["post-2092470","post","type-post","status-publish","format-standard","hentry","category-romania","tag-crawlmanager","tag-orasul-timisoara-ro"],"_links":{"self":[{"href":"https:\/\/analyse.optim.biz\/index.php?rest_route=\/wp\/v2\/posts\/2092470","targetHints":{"allow":["GET"]}}],"collection":[{"href":"https:\/\/analyse.optim.biz\/index.php?rest_route=\/wp\/v2\/posts"}],"about":[{"href":"https:\/\/analyse.optim.biz\/index.php?rest_route=\/wp\/v2\/types\/post"}],"author":[{"embeddable":true,"href":"https:\/\/analyse.optim.biz\/index.php?rest_route=\/wp\/v2\/users\/1"}],"replies":[{"embeddable":true,"href":"https:\/\/analyse.optim.biz\/index.php?rest_route=%2Fwp%2Fv2%2Fcomments&post=2092470"}],"version-history":[{"count":0,"href":"https:\/\/analyse.optim.biz\/index.php?rest_route=\/wp\/v2\/posts\/2092470\/revisions"}],"wp:attachment":[{"href":"https:\/\/analyse.optim.biz\/index.php?rest_route=%2Fwp%2Fv2%2Fmedia&parent=2092470"}],"wp:term":[{"taxonomy":"category","embeddable":true,"href":"https:\/\/analyse.optim.biz\/index.php?rest_route=%2Fwp%2Fv2%2Fcategories&post=2092470"},{"taxonomy":"post_tag","embeddable":true,"href":"https:\/\/analyse.optim.biz\/index.php?rest_route=%2Fwp%2Fv2%2Ftags&post=2092470"}],"curies":[{"name":"wp","href":"https:\/\/api.w.org\/{rel}","templated":true}]}}