{"id":2092466,"date":"2026-08-12T15:21:29","date_gmt":"2026-08-12T12:21:29","guid":{"rendered":"https:\/\/analyse.optim.biz\/?p=2092466"},"modified":"2026-08-12T15:21:29","modified_gmt":"2026-08-12T12:21:29","slug":"accident-pe-calea-torontalului-din-timisoara-doua-persoane-au-ajuns-la-spital","status":"publish","type":"post","link":"https:\/\/analyse.optim.biz\/?p=2092466","title":{"rendered":"Accident pe Calea Torontalului din Timi\u0219oara. Dou\u0103 persoane au ajuns la spital"},"content":{"rendered":"<p>[analyse_image type=&#8221;featured&#8221; src=&#8221;https:\/\/orasul-timisoara.ro\/wp-content\/uploads\/2026\/08\/accident-torontalului.jpg&#8221;]<\/p>\n<article id=\"post-40237\" class=\"td-post-template-7 post-40237 post type-post status-publish format-standard has-post-thumbnail category-featured category-stiri-timisoara td-container-wrap\">\n<div class=\"td-full-screen-header-image-wrap\">\n<div class=\"td-container td-post-header\">\n<div class=\"td-crumb-container\">\n<div class=\"entry-crumbs\"><span><a title=\"Vede\u021bi toate articolele \u00een \u0218tiri Locale\" class=\"entry-crumb\" href=\"https:\/\/orasul-timisoara.ro\/local-category\/stiri-timisoara\/\">\u0218tiri Locale<\/a><\/span><span class=\"td-bred-no-url-last\">Accident pe Calea Torontalului din Timi\u0219oara. Dou\u0103 persoane au ajuns la spital<\/span><\/div>\n<\/div>\n<div class=\"td-post-header-holder\">\n<div class=\"td-parallax-header\">\n<header class=\"td-post-title\">\n<ul class=\"td-category\">\n<li class=\"entry-category\"><a href=\"https:\/\/orasul-timisoara.ro\/local-category\/stiri-timisoara\/\">\u0218tiri Locale<\/a><\/li>\n<\/ul>\n<h1 class=\"entry-title\">Accident pe Calea Torontalului din Timi\u0219oara. Dou\u0103 persoane au ajuns la spital<\/h1>\n<div class=\"td-module-meta-info\">\n<div class=\"td-post-author-name\">\n<div class=\"td-author-by\">De c\u0103tre<\/div>\n<p><a href=\"https:\/\/orasul-timisoara.ro\/author\/timisoara\/\">redactia<\/a><\/p>\n<div class=\"td-author-line\"> &#8211; <\/div>\n<\/div>\n<p><span class=\"td-post-date\"><time class=\"entry-date updated td-module-date\" datetime=\"2026-08-12T18:21:29+03:00\">12\/08\/2026<\/time><\/span><\/div>\n<\/header>\n<\/div>\n<\/div>\n<\/div>\n<div id=\"td-full-screen-header-image\" class=\"td-image-gradient-style7\"><img decoding=\"async\" class=\"td-backstretch\" src=\"https:\/\/orasul-timisoara.ro\/wp-content\/uploads\/2026\/08\/accident-torontalului.jpg\"><\/div>\n<\/div>\n<div class=\"td-container\">\n<div class=\"td-pb-row\">\n<div class=\"td-pb-span8 td-main-content\" role=\"main\">\n<div class=\"td-ss-main-content\">\n<div class=\"td-post-sharing-top\">\n<div class=\"td-post-sharing-classic\"><iframe title=\"topFacebookLike\" frameborder src=\"https:\/\/www.facebook.com\/plugins\/like.php?href=https:\/\/orasul-timisoara.ro\/local-40237\/&amp;layout=button_count&amp;show_faces=false&amp;width=105&amp;action=like&amp;colorscheme=light&amp;height=21\"><\/iframe><\/div>\n<div id=\"td_social_sharing_article_top\" class=\"td-post-sharing td-ps-bg td-ps-notext td-post-sharing-style1 \">\n<div class=\"td-post-sharing-visible\"><a class=\"td-social-sharing-button td-social-sharing-button-js td-social-network td-social-facebook\" href=\"https:\/\/www.facebook.com\/sharer.php?u=https%3A%2F%2Forasul-timisoara.ro%2Flocal-40237%2F\" title=\"Facebook\"><\/p>\n<div class=\"td-social-but-text\">Facebook<\/div>\n<p><\/a><a class=\"td-social-sharing-button td-social-sharing-button-js td-social-network td-social-twitter\" href=\"https:\/\/twitter.com\/intent\/tweet?text=Accident+pe+Calea+Torontalului+din+Timi%C8%99oara.+Dou%C4%83+persoane+au+ajuns+la+spital&amp;url=https%3A%2F%2Forasul-timisoara.ro%2Flocal-40237%2F&amp;via=orasultm\" title=\"Twitter\"><\/p>\n<div class=\"td-social-but-text\">Twitter<\/div>\n<p><\/a><a class=\"td-social-sharing-button td-social-sharing-button-js td-social-network td-social-whatsapp\" href=\"https:\/\/api.whatsapp.com\/send?text=Accident+pe+Calea+Torontalului+din+Timi%C8%99oara.+Dou%C4%83+persoane+au+ajuns+la+spital%20%0A%0A%20https:\/\/orasul-timisoara.ro\/local-40237\/\" title=\"WhatsApp\"><\/p>\n<div class=\"td-social-but-text\">WhatsApp<\/div>\n<p><\/a><a class=\"td-social-sharing-button td-social-sharing-button-js td-social-network td-social-linkedin\" href=\"https:\/\/www.linkedin.com\/shareArticle?mini=true&amp;url=https:\/\/orasul-timisoara.ro\/local-40237\/&amp;title=Accident+pe+Calea+Torontalului+din+Timi%C8%99oara.+Dou%C4%83+persoane+au+ajuns+la+spital\" title=\"Linkedin\"><\/p>\n<div class=\"td-social-but-text\">Linkedin<\/div>\n<p><\/a><a class=\"td-social-sharing-button td-social-sharing-button-js td-social-network td-social-reddit\" href=\"https:\/\/reddit.com\/submit?url=https:\/\/orasul-timisoara.ro\/local-40237\/&amp;title=Accident+pe+Calea+Torontalului+din+Timi%C8%99oara.+Dou%C4%83+persoane+au+ajuns+la+spital\" title=\"ReddIt\"><\/p>\n<div class=\"td-social-but-text\">ReddIt<\/div>\n<p><\/a><a class=\"td-social-sharing-button td-social-sharing-button-js td-social-network td-social-mail\" href=\"mailto:?subject=Accident%20pe%20Calea%20Torontalului%20din%20Timi%C8%99oara.%20Dou%C4%83%20persoane%20au%20ajuns%20la%20spital&amp;body=https:\/\/orasul-timisoara.ro\/local-40237\/\" title=\"Email\"><\/p>\n<div class=\"td-social-but-text\">Email<\/div>\n<p><\/a><a class=\"td-social-sharing-button td-social-sharing-button-js td-social-network td-social-print\" href=\"https:\/\/orasul-timisoara.ro\/local-40237\/\" title=\"Imprimare\"><\/p>\n<div class=\"td-social-but-text\">Imprimare<\/div>\n<p><\/a><\/div>\n<\/div>\n<\/div>\n<div class=\"td-post-content tagdiv-type\">\n<p class=\"wp-block-paragraph\">Un accident rutier s-a produs miercuri, 12 august 2026, pe Calea Torontalului din Timi\u0219oara, dup\u0103 ce un camion a intrat \u00een coliziune cu un autoturism. \u00cen urma impactului, dou\u0103 persoane aflate \u00een autoturism au fost r\u0103nite \u0219i transportate la spital, \u00een timp ce poli\u021bi\u0219tii au deschis un dosar penal pentru v\u0103t\u0103mare corporal\u0103 din culp\u0103.<\/p>\n<p class=\"wp-block-paragraph\">La locul accidentului au intervenit pompierii din cadrul Deta\u0219amentului 1 Timi\u0219oara, care au asigurat m\u0103surile de prevenire \u0219i stingere a incendiilor, precum \u0219i sprijinul necesar pentru acordarea primului ajutor.<\/p>\n<h2 class=\"wp-block-heading\">Cum s-a produs accidentul de pe Calea Torontalului<\/h2>\n<p class=\"wp-block-paragraph\">Potrivit informa\u021biilor transmise de Inspectoratul de Poli\u021bie Jude\u021bean Timi\u0219, accidentul s-a produs \u00een jurul orei 17:15.<\/p>\n<p class=\"wp-block-paragraph\">Un b\u0103rbat \u00een v\u00e2rst\u0103 de 35 de ani conducea un camion \u0219i ie\u0219ea din parcarea unui supermarket c\u0103tre Calea Torontalului. La intrarea pe arter\u0103, camionul a intrat \u00een coliziune cu un autoturism care circula regulamentar \u0219i era condus de un b\u0103rbat de 36 de ani.<\/p>\n<p class=\"wp-block-paragraph\">Impactul a provocat r\u0103nirea conduc\u0103torului autoturismului \u0219i a unei tinere \u00een v\u00e2rst\u0103 de 23 de ani, pasager\u0103 \u00een aceea\u0219i ma\u0219in\u0103.<\/p>\n<h2 class=\"wp-block-heading\">Dou\u0103 persoane au fost transportate la spital<\/h2>\n<p class=\"wp-block-paragraph\">La interven\u021bia echipajelor de urgen\u021b\u0103 au fost evaluate mai multe persoane implicate \u00een accident. Trei victime au primit \u00eengrijiri medicale la fa\u021ba locului, iar dou\u0103 dintre acestea au fost transportate ulterior la spital.<\/p>\n<p class=\"wp-block-paragraph\">Potrivit pompierilor, cele dou\u0103 persoane transportate la unitatea medical\u0103 erau con\u0219tiente \u0219i cooperante \u00een momentul prelu\u0103rii.<\/p>\n<p class=\"wp-block-paragraph\">Din primele informa\u021bii, nu au fost raportate victime \u00een stare critic\u0103.<\/p>\n<h2 class=\"wp-block-heading\">\u0218oferii au fost testa\u021bi pentru alcool<\/h2>\n<p class=\"wp-block-paragraph\">Poli\u021bi\u0219tii ajun\u0219i la locul accidentului i-au testat cu aparatul etilotest pe ambii conduc\u0103tori auto.<\/p>\n<p class=\"wp-block-paragraph\">Rezultatele test\u0103rilor au fost negative, astfel c\u0103 nu au fost identificate indicii privind consumul de alcool \u00eenainte de producerea accidentului.<\/p>\n<p class=\"wp-block-paragraph\">Cercet\u0103rile continu\u0103 pentru stabilirea tuturor \u00eemprejur\u0103rilor \u00een care s-a produs coliziunea.<\/p>\n<h2 class=\"wp-block-heading\">Poli\u021bia a deschis dosar penal<\/h2>\n<p class=\"wp-block-paragraph\">\u00cen urma accidentului, poli\u021bi\u0219tii timi\u0219eni au \u00eentocmit un dosar penal, cercet\u0103rile fiind efectuate sub aspectul s\u0103v\u00e2r\u0219irii infrac\u021biunii de v\u0103t\u0103mare corporal\u0103 din culp\u0103.<\/p>\n<p class=\"wp-block-paragraph\">Ancheta urmeaz\u0103 s\u0103 stabileasc\u0103 exact modul \u00een care s-a produs impactul \u0219i responsabilitatea fiec\u0103ruia dintre cei implica\u021bi.<\/p>\n<h2 class=\"wp-block-heading\">Interven\u021bie a pompierilor pe Calea Torontalului<\/h2>\n<p class=\"wp-block-paragraph\">Pompierii Deta\u0219amentului 1 Timi\u0219oara au intervenit pentru asigurarea m\u0103surilor specifice de prevenire \u0219i stingere a incendiilor \u00een urma coliziunii dintre camion \u0219i autoturism.<\/p>\n<p class=\"wp-block-paragraph\">Echipajele de interven\u021bie au acordat, de asemenea, sprijin pentru gestionarea situa\u021biei medicale p\u00e2n\u0103 la preluarea victimelor de c\u0103tre echipajele specializate.<\/p>\n<p class=\"wp-block-paragraph\">Accidentul a avut loc \u00eentr-o zon\u0103 intens circulat\u0103 a Timi\u0219oarei, iar autorit\u0103\u021bile au efectuat verific\u0103rile necesare la locul producerii evenimentului.<\/p>\n<h2 class=\"wp-block-heading\">Cercet\u0103rile continu\u0103<\/h2>\n<p class=\"wp-block-paragraph\">Poli\u021bi\u0219tii urmeaz\u0103 s\u0103 stabileasc\u0103 toate circumstan\u021bele producerii accidentului de pe Calea Torontalului. \u00cen cadrul anchetei vor fi analizate \u00eemprejur\u0103rile \u00een care camionul a p\u0103truns pe arter\u0103 \u0219i modul \u00een care s-a produs impactul cu autoturismul.<\/p>\n<p class=\"wp-block-paragraph\">Dosarul penal deschis de IPJ Timi\u0219 va clarifica responsabilitatea \u00een cazul accidentului, \u00een func\u021bie de rezultatele cercet\u0103rilor \u0219i de probele administrate.<\/p>\n<p class=\"wp-block-paragraph\">Incidentul readuce \u00een aten\u021bie riscurile existente \u00een zonele \u00een care traficul de pe arterele principale se intersecteaz\u0103 cu vehiculele care ies din parc\u0103ri \u0219i accese laterale, \u00eens\u0103 stabilirea cauzei exacte a accidentului apar\u021bine anchetatorilor.<\/p>\n<\/div>\n<footer>\n<div class=\"td-post-sharing-bottom\">\n<div class=\"td-post-sharing-classic\"><iframe title=\"bottomFacebookLike\" frameborder src=\"https:\/\/www.facebook.com\/plugins\/like.php?href=https:\/\/orasul-timisoara.ro\/local-40237\/&amp;layout=button_count&amp;show_faces=false&amp;width=105&amp;action=like&amp;colorscheme=light&amp;height=21\"><\/iframe><\/div>\n<div id=\"td_social_sharing_article_bottom\" class=\"td-post-sharing td-ps-bg td-ps-notext td-post-sharing-style1 \">\n<div class=\"td-post-sharing-visible\"><a class=\"td-social-sharing-button td-social-sharing-button-js td-social-network td-social-facebook\" href=\"https:\/\/www.facebook.com\/sharer.php?u=https%3A%2F%2Forasul-timisoara.ro%2Flocal-40237%2F\" title=\"Facebook\"><\/p>\n<div class=\"td-social-but-text\">Facebook<\/div>\n<p><\/a><a class=\"td-social-sharing-button td-social-sharing-button-js td-social-network td-social-twitter\" href=\"https:\/\/twitter.com\/intent\/tweet?text=Accident+pe+Calea+Torontalului+din+Timi%C8%99oara.+Dou%C4%83+persoane+au+ajuns+la+spital&amp;url=https%3A%2F%2Forasul-timisoara.ro%2Flocal-40237%2F&amp;via=orasultm\" title=\"Twitter\"><\/p>\n<div class=\"td-social-but-text\">Twitter<\/div>\n<p><\/a><a class=\"td-social-sharing-button td-social-sharing-button-js td-social-network td-social-whatsapp\" href=\"https:\/\/api.whatsapp.com\/send?text=Accident+pe+Calea+Torontalului+din+Timi%C8%99oara.+Dou%C4%83+persoane+au+ajuns+la+spital%20%0A%0A%20https:\/\/orasul-timisoara.ro\/local-40237\/\" title=\"WhatsApp\"><\/p>\n<div class=\"td-social-but-text\">WhatsApp<\/div>\n<p><\/a><a class=\"td-social-sharing-button td-social-sharing-button-js td-social-network td-social-linkedin\" href=\"https:\/\/www.linkedin.com\/shareArticle?mini=true&amp;url=https:\/\/orasul-timisoara.ro\/local-40237\/&amp;title=Accident+pe+Calea+Torontalului+din+Timi%C8%99oara.+Dou%C4%83+persoane+au+ajuns+la+spital\" title=\"Linkedin\"><\/p>\n<div class=\"td-social-but-text\">Linkedin<\/div>\n<p><\/a><a class=\"td-social-sharing-button td-social-sharing-button-js td-social-network td-social-reddit\" href=\"https:\/\/reddit.com\/submit?url=https:\/\/orasul-timisoara.ro\/local-40237\/&amp;title=Accident+pe+Calea+Torontalului+din+Timi%C8%99oara.+Dou%C4%83+persoane+au+ajuns+la+spital\" title=\"ReddIt\"><\/p>\n<div class=\"td-social-but-text\">ReddIt<\/div>\n<p><\/a><a class=\"td-social-sharing-button td-social-sharing-button-js td-social-network td-social-mail\" href=\"mailto:?subject=Accident%20pe%20Calea%20Torontalului%20din%20Timi%C8%99oara.%20Dou%C4%83%20persoane%20au%20ajuns%20la%20spital&amp;body=https:\/\/orasul-timisoara.ro\/local-40237\/\" title=\"Email\"><\/p>\n<div class=\"td-social-but-text\">Email<\/div>\n<p><\/a><a class=\"td-social-sharing-button td-social-sharing-button-js td-social-network td-social-print\" href=\"https:\/\/orasul-timisoara.ro\/local-40237\/\" title=\"Imprimare\"><\/p>\n<div class=\"td-social-but-text\">Imprimare<\/div>\n<p><\/a><\/div>\n<\/div>\n<\/div>\n<div class=\"td-block-row td-post-next-prev\">\n<div class=\"td-block-span6 td-post-prev-post\">\n<div class=\"td-post-next-prev-content\"><span>Articolul precedent<\/span><a href=\"https:\/\/orasul-timisoara.ro\/local-40230\/\">Elevii din Timi\u0219oara decid cum se schimb\u0103 liceele lor. 29 de proiecte sunt \u00een lucru<\/a><\/div>\n<\/div>\n<div class=\"td-block-span6 td-post-next-post\">\n<div class=\"td-post-next-prev-content\"><span>Articolul urm\u0103tor<\/span><a href=\"https:\/\/orasul-timisoara.ro\/local-40240\/\">Dou\u0103 investi\u021bii majore din vestul Timi\u0219oarei reiau etapa exproprierilor. Ce se \u00eent\u00e2mpl\u0103 cu drumul de leg\u0103tur\u0103 Solventul \u0219i Radiala de Vest<\/a><\/div>\n<\/div>\n<\/div>\n<div class=\"td-author-name vcard author\"><span class=\"fn\"><a href=\"https:\/\/orasul-timisoara.ro\/author\/timisoara\/\">redactia<\/a><\/span><\/div>\n<p><span class=\"td-page-meta\"><\/span><span class=\"td-page-meta\"><span class=\"td-page-meta\"><\/span><\/span><span class=\"td-page-meta\"><\/span><\/footer>\n<div class=\"comments\" id=\"comments\">\n<div id=\"respond\" class=\"comment-respond\">\n<h3 id=\"reply-title\" class=\"comment-reply-title\">L\u0102SA\u021aI UN MESAJ<\/h3>\n<div class=\"comment-form-input-wrap td-form-comment\">\n<div class=\"td-warning-comment\">V\u0103 rug\u0103m s\u0103 introduce\u021bi comentariul dvs.!<\/div>\n<\/div>\n<div class=\"comment-form-input-wrap td-form-author\">\n<div class=\"td-warning-author\">Introduce\u021bi aici numele dvs.<\/div>\n<\/div>\n<div class=\"comment-form-input-wrap td-form-email\">\n<div class=\"td-warning-email-error\">A\u021bi introdus o adres\u0103 de e-mail incorect\u0103!<\/div>\n<div class=\"td-warning-email\">V\u0103 rug\u0103m s\u0103 introduce\u021bi adresa dvs. de e-mail aici<\/div>\n<\/div>\n<\/div>\n<p class=\"akismet_comment_form_privacy_notice\">Acest site folose\u0219te Akismet pentru a reduce spamul. <a href=\"https:\/\/akismet.com\/privacy\/\" target=\"_blank\" rel=\"nofollow noopener\">Afl\u0103 cum sunt procesate datele comentariilor tale<\/a>.<\/p>\n<\/div>\n<\/div>\n<\/div>\n<div class=\"td-pb-span4 td-main-sidebar\" role=\"complementary\">\n<div class=\"td-ss-main-sidebar\">\n<aside id=\"block-4\" class=\"td_block_template_8 widget block-4 widget_block widget_media_image\">\n<figure class=\"wp-block-image size-full\"><img loading=\"lazy\" decoding=\"async\" width=\"336\" height=\"280\" src=\"https:\/\/orasul-timisoara.ro\/wp-content\/uploads\/2024\/11\/ReTIM-Abonamentul-Verde-Google-Ads-336x280px.gif\" alt class=\"wp-image-29257\"><\/figure>\n<\/aside>\n<div class=\"td_block_wrap td_block_social_counter td_block_widget tdi_3 td-social-style5 td-social-boxed td-pb-border-top td_block_template_8\">\n<div class=\"td-block-title-wrap\">\n<h4 class=\"td-block-title\"><span>Urm\u0103re\u0219te-ne pe Social Media<\/span><\/h4>\n<\/div>\n<div class=\"td-social-list\">\n<div class=\"td_social_type td-pb-margin-side td_social_facebook\">\n<div class=\"td-social-box\"><span class=\"td_social_info td_social_info_counter\">344,595<\/span><span class=\"td_social_info td_social_info_name\">Fani<\/span><span class=\"td_social_button\"><a href=\"https:\/\/www.facebook.com\/247timisoara\" target=\"_blank\" rel=\"nofollow\">\u00cemi place<\/a><\/span><\/div>\n<\/div>\n<div class=\"td_social_type td-pb-margin-side td_social_instagram\">\n<div class=\"td-social-box\"><span class=\"td_social_info td_social_info_counter\">4,416<\/span><span class=\"td_social_info td_social_info_name\">Cititori<\/span><span class=\"td_social_button\"><a href=\"https:\/\/instagram.com\/orasultimisoararo\/\" target=\"_blank\" rel=\"nofollow\">Conecta\u021bi-v\u0103<\/a><\/span><\/div>\n<\/div>\n<div class=\"td_social_type td-pb-margin-side td_social_rss\">\n<div class=\"td-social-box\"><span class=\"td_social_info td_social_info_counter\">12,506<\/span><span class=\"td_social_info td_social_info_name\">Cititori<\/span><span class=\"td_social_button\"><a href=\"https:\/\/orasul-timisoara.ro\/feed\/\" target=\"_blank\" rel=\"nofollow\">Conecta\u021bi-v\u0103<\/a><\/span><\/div>\n<\/div>\n<div class=\"td_social_type td-pb-margin-side td_social_tiktok\">\n<div class=\"td-social-box\"><span class=\"td_social_info td_social_info_counter\">1,500<\/span><span class=\"td_social_info td_social_info_name\">Cititori<\/span><span class=\"td_social_button\"><a href=\"https:\/\/www.tiktok.com\/@orasultimisoara\" target=\"_blank\" rel=\"nofollow\">Conecta\u021bi-v\u0103<\/a><\/span><\/div>\n<\/div>\n<div class=\"td_social_type td-pb-margin-side td_social_twitter\">\n<div class=\"td-social-box\"><span class=\"td_social_info td_social_info_counter\">1,595<\/span><span class=\"td_social_info td_social_info_name\">Cititori<\/span><span class=\"td_social_button\"><a href=\"https:\/\/twitter.com\/orasultm\" target=\"_blank\" rel=\"nofollow\">Conecta\u021bi-v\u0103<\/a><\/span><\/div>\n<\/div>\n<div class=\"td_social_type td-pb-margin-side td_social_youtube\">\n<div class=\"td-social-box\"><span class=\"td_social_info td_social_info_counter\">3,506<\/span><span class=\"td_social_info td_social_info_name\">Abona\u021bi<\/span><span class=\"td_social_button\"><a href=\"https:\/\/www.youtube.com\/channel\/UCQNsQvs2XCSIm1Z-AHRturw?sub_confirmation=1\" target=\"_blank\" rel=\"nofollow\">Abona\u021bi-v\u0103<\/a><\/span><\/div>\n<\/div>\n<\/div>\n<\/div>\n<aside id=\"text-7\" class=\"td_block_template_8 widget text-7 widget_text\">\n<h4 class=\"td-block-title\"><span>C\u0103ut\u0103ri populare pe OTM<\/span><\/h4>\n<div class=\"textwidget\"><a href=\"https:\/\/orasul-timisoara.ro\/?s=timisoara\"><span>Timisoara<\/span><\/a><a href=\"https:\/\/orasul-timisoara.ro\/?s=calin+dobra\"><span>Calin Dobra<\/span><\/a><a href=\"https:\/\/orasul-timisoara.ro\/?s=primaria+timisoara\"><span>Primaria Timisoara<\/span><\/a><a href=\"https:\/\/orasul-timisoara.ro\/?s=dominic+fritz\"><span>Dominic Fritz<\/span><\/a><a href=\"https:\/\/orasul-timisoara.ro\/?s=nicolae+robu\"><span>Nicolae Robu<\/span><\/a><a href=\"https:\/\/orasul-timisoara.ro\/?s=consiliul+local+timisoara\">Consiliul Local Timisoara<\/a><a href=\"https:\/\/orasul-timisoara.ro\/?s=consiliul+judetean+timis\"><span>Consiliul Judetean Timis<\/span><\/a><a href=\"https:\/\/orasul-timisoara.ro\/?s=cjt\"><span>CJT<\/span><\/a><a href=\"https:\/\/orasul-timisoara.ro\/?s=Alfred+Simonis\"><span>Alfred Simonis<\/span><\/a><a href=\"https:\/\/orasul-timisoara.ro\/?s=PNL\"><span>PNL<\/span><\/a><a href=\"https:\/\/orasul-timisoara.ro\/?s=coronavirus\"><span>coronavirus<\/span><\/a><a href=\"https:\/\/orasul-timisoara.ro\/?s=teatru+timisoara\">teatru Timisoara<\/a><a href=\"https:\/\/orasul-timisoara.ro\/?s=restaurante\"><span>restaurante Timisoara<\/span><\/a><a href=\"https:\/\/orasul-timisoara.ro\/?s=diskoteka\"><span>Diskoteka<\/span><\/a><a href=\"https:\/\/orasul-timisoara.ro\/?s=iulius+town\"><span>Iulius Town<\/span><\/a><a href=\"https:\/\/orasul-timisoara.ro\/?s=iulius+mall\"><span>Iulius Mall<\/span><\/a><a href=\"https:\/\/orasul-timisoara.ro\/?s=stpt\"><span>STPT<\/span><\/a><a href=\"https:\/\/orasul-timisoara.ro\/?s=alin+nica\"><span>Alin Nica<\/span><\/a><a href=\"https:\/\/orasul-timisoara.ro\/?s=psd\"><span>PSD<\/span><\/a><a href=\"https:\/\/orasul-timisoara.ro\/?s=aeroport\"><span>Aeroportul International Timisoara<\/span><\/a><a href=\"https:\/\/orasul-timisoara.ro\/?s=babes\"><span>Spitalul Victor Babes Timisoara<\/span><\/a><a href=\"https:\/\/orasul-timisoara.ro\/?s=poli\"><span>Poli Timi\u0219oara<\/span><\/a><a href=\"https:\/\/orasul-timisoara.ro\/?s=carantina\"><span>carantina<\/span><\/a><a href=\"https:\/\/orasul-timisoara.ro\/?s=aquatim\"><span>Aquatim<\/span><\/a><a href=\"https:\/\/orasul-timisoara.ro\/local-category\/stiri-timisoara\/\"><span>Stiri Timisoara<\/span><\/a><a href=\"https:\/\/orasul-timisoara.ro\/local-category\/investitii-in-timisoara\/\"><span>Investi\u021bii in Timi\u0219oara<\/span><\/a><a href=\"https:\/\/orasul-timisoara.ro\/local-9463\/\"><span>shaorma<\/span><\/a><a href=\"https:\/\/orasul-timisoara.ro\/?s=trafic\"><span>trafic rutier<\/span><\/a><a href=\"https:\/\/orasul-timisoara.ro\/?s=politia\"><span>politia locala timisoara<\/span><\/a><a href=\"https:\/\/orasul-timisoara.ro\/?s=roxana\"><span>Roxana Iliescu<\/span><\/a><a href=\"https:\/\/orasul-timisoara.ro\/?s=colterm\"><span>Colterm<\/span><\/a><a href=\"https:\/\/orasul-timisoara.ro\/?s=latcau\"><span>Ruben La\u021bc\u0103u<\/span><\/a><a href=\"https:\/\/orasul-timisoara.ro\/?s=timis\"><span>\u0218tiri din Timi\u0219<\/span><\/a><a href=\"https:\/\/orasul-timisoara.ro\/?s=spital\"><span>Spitale din Timi\u0219oara<\/span><\/a><a href=\"https:\/\/orasul-timisoara.ro\/?s=tabara\"><span>Cosmin Tab\u0103r\u0103<\/span><\/a><\/div>\n<\/aside>\n<aside id=\"rss-2\" class=\"td_block_template_8 widget rss-2 widget_rss\">\n<h4 class=\"td-block-title\"><span><a class=\"rsswidget rss-widget-feed\" href=\"https:\/\/fashionfridays.ro\/feed\"><img decoding=\"async\" class=\"rss-widget-icon\" width=\"14\" height=\"14\" src=\"https:\/\/orasul-timisoara.ro\/wp-includes\/images\/rss.png\" alt=\"RSS\" loading=\"lazy\"><\/a><a class=\"rsswidget rss-widget-title\" href=\"https:\/\/fashionfridays.ro\/\">Fashion Fridays<\/a><\/span><\/h4>\n<ul>\n<li><a class=\"rsswidget\" href=\"https:\/\/fashionfridays.ro\/romania-devine-a-29-a-piata-vogue-o-noua-era-pentru-industria-locala-de-moda\/\">Rom\u00e2nia devine a 29-a pia\u021b\u0103 Vogue: o nou\u0103 er\u0103 pentru industria local\u0103 de mod\u0103<\/a>\n<div class=\"rssSummary\">Revista Vogue \u00ee\u0219i extinde prezen\u021ba global\u0103 \u0219i va fi lansat\u0103 oficial \u00een Rom\u00e2nia \u00een prim\u0103vara anului 2027, marc\u00e2nd intrarea pe cea de-a 29-a pia\u021b\u0103 interna\u021bional\u0103. Proiectul este realizat \u00een parteneriat cu AEMME Publishing, o companie media recent \u00eenfiin\u021bat\u0103, care va publica edi\u021bia local\u0103 sub licen\u021b\u0103. Noua edi\u021bie, Vogue Rom\u00e2nia, \u00ee\u0219i propune s\u0103 combine autoritatea global\u0103 [\u2026]<\/div>\n<\/li>\n<\/ul>\n<\/aside>\n<aside id=\"rss-4\" class=\"td_block_template_8 widget rss-4 widget_rss\">\n<h4 class=\"td-block-title\"><span><a class=\"rsswidget rss-widget-feed\" href=\"https:\/\/emasini.ro\/feed\"><img decoding=\"async\" class=\"rss-widget-icon\" width=\"14\" height=\"14\" src=\"https:\/\/orasul-timisoara.ro\/wp-includes\/images\/rss.png\" alt=\"RSS\" loading=\"lazy\"><\/a><a class=\"rsswidget rss-widget-title\" href=\"https:\/\/emasini.ro\/\">eMasini<\/a><\/span><\/h4>\n<ul>\n<li><a class=\"rsswidget\" href=\"https:\/\/emasini.ro\/bmw-testeaza-noul-i4-convertible-primul-cabrio-electric-accesibil-al-marcii\/\">BMW testeaz\u0103 noul i4 Convertible, primul cabrio electric accesibil al m\u0103rcii<\/a>\n<div class=\"rssSummary\">BMW accelereaz\u0103 dezvoltarea noii genera\u021bii de modele electrice bazate pe platforma Neue Klasse, iar unul dintre cele mai interesante proiecte aflate \u00een teste este viitorul BMW i4 Convertible. Prototipul camuflat a fost surprins pe \u0219osele, confirm\u00e2nd c\u0103 produc\u0103torul german preg\u0103te\u0219te o decapotabil\u0103 electric\u0103 destinat\u0103 unui segment \u00een care oferta este, \u00een prezent, extrem de limitat\u0103. [\u2026]<\/div>\n<\/li>\n<\/ul>\n<\/aside>\n<\/div>\n<\/div>\n<\/div>\n<\/div>\n<\/article>\n<div class=\"td-post-content tagdiv-type\">\n<p class=\"wp-block-paragraph\">Un accident rutier s-a produs miercuri, 12 august 2026, pe Calea Torontalului din Timi\u0219oara, dup\u0103 ce un camion a intrat \u00een coliziune cu un autoturism. \u00cen urma impactului, dou\u0103 persoane aflate \u00een autoturism au fost r\u0103nite \u0219i transportate la spital, \u00een timp ce poli\u021bi\u0219tii au deschis un dosar penal pentru v\u0103t\u0103mare corporal\u0103 din culp\u0103.<\/p>\n<p class=\"wp-block-paragraph\">La locul accidentului au intervenit pompierii din cadrul Deta\u0219amentului 1 Timi\u0219oara, care au asigurat m\u0103surile de prevenire \u0219i stingere a incendiilor, precum \u0219i sprijinul necesar pentru acordarea primului ajutor.<\/p>\n<h2 class=\"wp-block-heading\">Cum s-a produs accidentul de pe Calea Torontalului<\/h2>\n<p class=\"wp-block-paragraph\">Potrivit informa\u021biilor transmise de Inspectoratul de Poli\u021bie Jude\u021bean Timi\u0219, accidentul s-a produs \u00een jurul orei 17:15.<\/p>\n<p class=\"wp-block-paragraph\">Un b\u0103rbat \u00een v\u00e2rst\u0103 de 35 de ani conducea un camion \u0219i ie\u0219ea din parcarea unui supermarket c\u0103tre Calea Torontalului. La intrarea pe arter\u0103, camionul a intrat \u00een coliziune cu un autoturism care circula regulamentar \u0219i era condus de un b\u0103rbat de 36 de ani.<\/p>\n<p class=\"wp-block-paragraph\">Impactul a provocat r\u0103nirea conduc\u0103torului autoturismului \u0219i a unei tinere \u00een v\u00e2rst\u0103 de 23 de ani, pasager\u0103 \u00een aceea\u0219i ma\u0219in\u0103.<\/p>\n<h2 class=\"wp-block-heading\">Dou\u0103 persoane au fost transportate la spital<\/h2>\n<p class=\"wp-block-paragraph\">La interven\u021bia echipajelor de urgen\u021b\u0103 au fost evaluate mai multe persoane implicate \u00een accident. Trei victime au primit \u00eengrijiri medicale la fa\u021ba locului, iar dou\u0103 dintre acestea au fost transportate ulterior la spital.<\/p>\n<p class=\"wp-block-paragraph\">Potrivit pompierilor, cele dou\u0103 persoane transportate la unitatea medical\u0103 erau con\u0219tiente \u0219i cooperante \u00een momentul prelu\u0103rii.<\/p>\n<p class=\"wp-block-paragraph\">Din primele informa\u021bii, nu au fost raportate victime \u00een stare critic\u0103.<\/p>\n<h2 class=\"wp-block-heading\">\u0218oferii au fost testa\u021bi pentru alcool<\/h2>\n<p class=\"wp-block-paragraph\">Poli\u021bi\u0219tii ajun\u0219i la locul accidentului i-au testat cu aparatul etilotest pe ambii conduc\u0103tori auto.<\/p>\n<p class=\"wp-block-paragraph\">Rezultatele test\u0103rilor au fost negative, astfel c\u0103 nu au fost identificate indicii privind consumul de alcool \u00eenainte de producerea accidentului.<\/p>\n<p class=\"wp-block-paragraph\">Cercet\u0103rile continu\u0103 pentru stabilirea tuturor \u00eemprejur\u0103rilor \u00een care s-a produs coliziunea.<\/p>\n<h2 class=\"wp-block-heading\">Poli\u021bia a deschis dosar penal<\/h2>\n<p class=\"wp-block-paragraph\">\u00cen urma accidentului, poli\u021bi\u0219tii timi\u0219eni au \u00eentocmit un dosar penal, cercet\u0103rile fiind efectuate sub aspectul s\u0103v\u00e2r\u0219irii infrac\u021biunii de v\u0103t\u0103mare corporal\u0103 din culp\u0103.<\/p>\n<p class=\"wp-block-paragraph\">Ancheta urmeaz\u0103 s\u0103 stabileasc\u0103 exact modul \u00een care s-a produs impactul \u0219i responsabilitatea fiec\u0103ruia dintre cei implica\u021bi.<\/p>\n<h2 class=\"wp-block-heading\">Interven\u021bie a pompierilor pe Calea Torontalului<\/h2>\n<p class=\"wp-block-paragraph\">Pompierii Deta\u0219amentului 1 Timi\u0219oara au intervenit pentru asigurarea m\u0103surilor specifice de prevenire \u0219i stingere a incendiilor \u00een urma coliziunii dintre camion \u0219i autoturism.<\/p>\n<p class=\"wp-block-paragraph\">Echipajele de interven\u021bie au acordat, de asemenea, sprijin pentru gestionarea situa\u021biei medicale p\u00e2n\u0103 la preluarea victimelor de c\u0103tre echipajele specializate.<\/p>\n<p class=\"wp-block-paragraph\">Accidentul a avut loc \u00eentr-o zon\u0103 intens circulat\u0103 a Timi\u0219oarei, iar autorit\u0103\u021bile au efectuat verific\u0103rile necesare la locul producerii evenimentului.<\/p>\n<h2 class=\"wp-block-heading\">Cercet\u0103rile continu\u0103<\/h2>\n<p class=\"wp-block-paragraph\">Poli\u021bi\u0219tii urmeaz\u0103 s\u0103 stabileasc\u0103 toate circumstan\u021bele producerii accidentului de pe Calea Torontalului. \u00cen cadrul anchetei vor fi analizate \u00eemprejur\u0103rile \u00een care camionul a p\u0103truns pe arter\u0103 \u0219i modul \u00een care s-a produs impactul cu autoturismul.<\/p>\n<p class=\"wp-block-paragraph\">Dosarul penal deschis de IPJ Timi\u0219 va clarifica responsabilitatea \u00een cazul accidentului, \u00een func\u021bie de rezultatele cercet\u0103rilor \u0219i de probele administrate.<\/p>\n<p class=\"wp-block-paragraph\">Incidentul readuce \u00een aten\u021bie riscurile existente \u00een zonele \u00een care traficul de pe arterele principale se intersecteaz\u0103 cu vehiculele care ies din parc\u0103ri \u0219i accese laterale, \u00eens\u0103 stabilirea cauzei exacte a accidentului apar\u021bine anchetatorilor.<\/p>\n<\/div>\n<p>[analyse_source url=&#8221;https:\/\/orasul-timisoara.ro\/local-40237\/&#8221;]<\/p>\n","protected":false},"excerpt":{"rendered":"<p>[analyse_image type=&#8221;featured&#8221; src=&#8221;https:\/\/orasul-timisoara.ro\/wp-content\/uploads\/2026\/08\/accident-torontalului.jpg&#8221;] \u0218tiri LocaleAccident pe Calea Torontalului din Timi\u0219oara. Dou\u0103 persoane au ajuns la spital \u0218tiri Locale Accident pe Calea Torontalului din Timi\u0219oara. Dou\u0103 persoane au ajuns la spital De c\u0103tre redactia &#8211; 12\/08\/2026 Facebook Twitter WhatsApp Linkedin ReddIt Email Imprimare Un accident rutier s-a produs miercuri, 12 august 2026, pe Calea Torontalului din [&hellip;]<\/p>\n","protected":false},"author":1,"featured_media":0,"comment_status":"open","ping_status":"","sticky":false,"template":"","format":"standard","meta":{"footnotes":""},"categories":[89],"tags":[226,189],"class_list":["post-2092466","post","type-post","status-publish","format-standard","hentry","category-romania","tag-crawlmanager","tag-orasul-timisoara-ro"],"_links":{"self":[{"href":"https:\/\/analyse.optim.biz\/index.php?rest_route=\/wp\/v2\/posts\/2092466","targetHints":{"allow":["GET"]}}],"collection":[{"href":"https:\/\/analyse.optim.biz\/index.php?rest_route=\/wp\/v2\/posts"}],"about":[{"href":"https:\/\/analyse.optim.biz\/index.php?rest_route=\/wp\/v2\/types\/post"}],"author":[{"embeddable":true,"href":"https:\/\/analyse.optim.biz\/index.php?rest_route=\/wp\/v2\/users\/1"}],"replies":[{"embeddable":true,"href":"https:\/\/analyse.optim.biz\/index.php?rest_route=%2Fwp%2Fv2%2Fcomments&post=2092466"}],"version-history":[{"count":0,"href":"https:\/\/analyse.optim.biz\/index.php?rest_route=\/wp\/v2\/posts\/2092466\/revisions"}],"wp:attachment":[{"href":"https:\/\/analyse.optim.biz\/index.php?rest_route=%2Fwp%2Fv2%2Fmedia&parent=2092466"}],"wp:term":[{"taxonomy":"category","embeddable":true,"href":"https:\/\/analyse.optim.biz\/index.php?rest_route=%2Fwp%2Fv2%2Fcategories&post=2092466"},{"taxonomy":"post_tag","embeddable":true,"href":"https:\/\/analyse.optim.biz\/index.php?rest_route=%2Fwp%2Fv2%2Ftags&post=2092466"}],"curies":[{"name":"wp","href":"https:\/\/api.w.org\/{rel}","templated":true}]}}