{"id":2092462,"date":"2026-08-12T15:11:31","date_gmt":"2026-08-12T12:11:31","guid":{"rendered":"https:\/\/analyse.optim.biz\/?p=2092462"},"modified":"2026-08-12T15:11:31","modified_gmt":"2026-08-12T12:11:31","slug":"elevii-din-timisoara-decid-cum-se-schimba-liceele-lor-29-de-proiecte-sunt-in-lucru","status":"publish","type":"post","link":"https:\/\/analyse.optim.biz\/?p=2092462","title":{"rendered":"Elevii din Timi\u0219oara decid cum se schimb\u0103 liceele lor. 29 de proiecte sunt \u00een lucru"},"content":{"rendered":"<p>[analyse_image type=&#8221;featured&#8221; src=&#8221;https:\/\/orasul-timisoara.ro\/wp-content\/uploads\/2026\/08\/elevi-licee-bugetare.jpg&#8221;]<\/p>\n<article id=\"post-40230\" class=\"td-post-template-7 post-40230 post type-post status-publish format-standard has-post-thumbnail category-administratie category-featured category-investitii-in-timisoara category-stiri-timisoara tag-bugetare-participativa-2 tag-colegiul-national-banatean-2 tag-colegiul-national-carmen-sylva tag-dominic-fritz tag-educatie-timisoara tag-electrotimis tag-elevi-timisoara-2 tag-gerhardinum tag-investitii-in-scoli-2 tag-licee-timisoara tag-liceul-bartok-bela tag-liceul-waldorf tag-primaria-timisoara-2 tag-timisoara-2 td-container-wrap\">\n<div class=\"td-full-screen-header-image-wrap\">\n<div class=\"td-container td-post-header\">\n<div class=\"td-crumb-container\">\n<div class=\"entry-crumbs\"><span><a title=\"Vede\u021bi toate articolele \u00een Administra\u021bie local\u0103\" class=\"entry-crumb\" href=\"https:\/\/orasul-timisoara.ro\/local-category\/administratie\/\">Administra\u021bie local\u0103<\/a><\/span><span class=\"td-bred-no-url-last\">Elevii din Timi\u0219oara decid cum se schimb\u0103 liceele lor. 29 de proiecte&#8230;<\/span><\/div>\n<\/div>\n<div class=\"td-post-header-holder\">\n<div class=\"td-parallax-header\">\n<header class=\"td-post-title\">\n<ul class=\"td-category\">\n<li class=\"entry-category\"><a href=\"https:\/\/orasul-timisoara.ro\/local-category\/administratie\/\">Administra\u021bie local\u0103<\/a><\/li>\n<li class=\"entry-category\"><a href=\"https:\/\/orasul-timisoara.ro\/local-category\/investitii-in-timisoara\/\">Investitii in Timisoara<\/a><\/li>\n<li class=\"entry-category\"><a href=\"https:\/\/orasul-timisoara.ro\/local-category\/stiri-timisoara\/\">\u0218tiri Locale<\/a><\/li>\n<\/ul>\n<h1 class=\"entry-title\">Elevii din Timi\u0219oara decid cum se schimb\u0103 liceele lor. 29 de proiecte sunt \u00een lucru<\/h1>\n<div class=\"td-module-meta-info\">\n<div class=\"td-post-author-name\">\n<div class=\"td-author-by\">De c\u0103tre<\/div>\n<p><a href=\"https:\/\/orasul-timisoara.ro\/author\/timisoara\/\">redactia<\/a><\/p>\n<div class=\"td-author-line\"> &#8211; <\/div>\n<\/div>\n<p><span class=\"td-post-date\"><time class=\"entry-date updated td-module-date\" datetime=\"2026-08-12T18:11:31+03:00\">12\/08\/2026<\/time><\/span><\/div>\n<\/header>\n<\/div>\n<\/div>\n<\/div>\n<div id=\"td-full-screen-header-image\" class=\"td-image-gradient-style7\"><img decoding=\"async\" class=\"td-backstretch\" src=\"https:\/\/orasul-timisoara.ro\/wp-content\/uploads\/2026\/08\/elevi-licee-bugetare.jpg\"><\/div>\n<\/div>\n<div class=\"td-container\">\n<div class=\"td-pb-row\">\n<div class=\"td-pb-span8 td-main-content\" role=\"main\">\n<div class=\"td-ss-main-content\">\n<div class=\"td-post-sharing-top\">\n<div class=\"td-post-sharing-classic\"><iframe title=\"topFacebookLike\" frameborder src=\"https:\/\/www.facebook.com\/plugins\/like.php?href=https:\/\/orasul-timisoara.ro\/local-40230\/&amp;layout=button_count&amp;show_faces=false&amp;width=105&amp;action=like&amp;colorscheme=light&amp;height=21\"><\/iframe><\/div>\n<div id=\"td_social_sharing_article_top\" class=\"td-post-sharing td-ps-bg td-ps-notext td-post-sharing-style1 \">\n<div class=\"td-post-sharing-visible\"><a class=\"td-social-sharing-button td-social-sharing-button-js td-social-network td-social-facebook\" href=\"https:\/\/www.facebook.com\/sharer.php?u=https%3A%2F%2Forasul-timisoara.ro%2Flocal-40230%2F\" title=\"Facebook\"><\/p>\n<div class=\"td-social-but-text\">Facebook<\/div>\n<p><\/a><a class=\"td-social-sharing-button td-social-sharing-button-js td-social-network td-social-twitter\" href=\"https:\/\/twitter.com\/intent\/tweet?text=Elevii+din+Timi%C8%99oara+decid+cum+se+schimb%C4%83+liceele+lor.+29+de+proiecte+sunt+%C3%AEn+lucru&amp;url=https%3A%2F%2Forasul-timisoara.ro%2Flocal-40230%2F&amp;via=orasultm\" title=\"Twitter\"><\/p>\n<div class=\"td-social-but-text\">Twitter<\/div>\n<p><\/a><a class=\"td-social-sharing-button td-social-sharing-button-js td-social-network td-social-whatsapp\" href=\"https:\/\/api.whatsapp.com\/send?text=Elevii+din+Timi%C8%99oara+decid+cum+se+schimb%C4%83+liceele+lor.+29+de+proiecte+sunt+%C3%AEn+lucru%20%0A%0A%20https:\/\/orasul-timisoara.ro\/local-40230\/\" title=\"WhatsApp\"><\/p>\n<div class=\"td-social-but-text\">WhatsApp<\/div>\n<p><\/a><a class=\"td-social-sharing-button td-social-sharing-button-js td-social-network td-social-linkedin\" href=\"https:\/\/www.linkedin.com\/shareArticle?mini=true&amp;url=https:\/\/orasul-timisoara.ro\/local-40230\/&amp;title=Elevii+din+Timi%C8%99oara+decid+cum+se+schimb%C4%83+liceele+lor.+29+de+proiecte+sunt+%C3%AEn+lucru\" title=\"Linkedin\"><\/p>\n<div class=\"td-social-but-text\">Linkedin<\/div>\n<p><\/a><a class=\"td-social-sharing-button td-social-sharing-button-js td-social-network td-social-reddit\" href=\"https:\/\/reddit.com\/submit?url=https:\/\/orasul-timisoara.ro\/local-40230\/&amp;title=Elevii+din+Timi%C8%99oara+decid+cum+se+schimb%C4%83+liceele+lor.+29+de+proiecte+sunt+%C3%AEn+lucru\" title=\"ReddIt\"><\/p>\n<div class=\"td-social-but-text\">ReddIt<\/div>\n<p><\/a><a class=\"td-social-sharing-button td-social-sharing-button-js td-social-network td-social-mail\" href=\"mailto:?subject=Elevii%20din%20Timi%C8%99oara%20decid%20cum%20se%20schimb%C4%83%20liceele%20lor.%2029%20de%20proiecte%20sunt%20%C3%AEn%20lucru&amp;body=https:\/\/orasul-timisoara.ro\/local-40230\/\" title=\"Email\"><\/p>\n<div class=\"td-social-but-text\">Email<\/div>\n<p><\/a><a class=\"td-social-sharing-button td-social-sharing-button-js td-social-network td-social-print\" href=\"https:\/\/orasul-timisoara.ro\/local-40230\/\" title=\"Imprimare\"><\/p>\n<div class=\"td-social-but-text\">Imprimare<\/div>\n<p><\/a><\/div>\n<\/div>\n<\/div>\n<div class=\"td-post-content tagdiv-type\">\n<p class=\"wp-block-paragraph\">Elevii din Timi\u0219oara \u00eencep s\u0103 vad\u0103 \u00een \u0219colile lor rezultatele proiectelor propuse \u0219i alese prin programul de bugetare participativ\u0103 pentru licee. Prim\u0103ria Municipiului Timi\u0219oara finan\u021beaz\u0103 \u00een acest an 29 de proiecte \u00een 17 licee din ora\u0219, cu aproape 780.000 de lei din bugetul local.<\/p>\n<p class=\"wp-block-paragraph\">Primele rezultate sunt deja vizibile la mai multe unit\u0103\u021bi de \u00eenv\u0103\u021b\u0103m\u00e2nt. La Liceul Waldorf, trei dintre cele patru proiecte propuse au fost finalizate, iar cel de-al patrulea, care vizeaz\u0103 amenajarea unor spa\u021bii de relaxare pentru elevi, este aproape de finalizare.<\/p>\n<h2 class=\"wp-block-heading\">Liceul Waldorf are deja trei proiecte finalizate<\/h2>\n<p class=\"wp-block-paragraph\">La Liceul Waldorf, investi\u021biile rezultate \u00een urma programului au vizat mai multe nevoi identificate chiar de elevi. Au fost achizi\u021bionate echipamente pentru trupa de dans \u0219i pentru podcastul \u0219colii, iar \u00een unitatea de \u00eenv\u0103\u021b\u0103m\u00e2nt au fost instalate dulapuri \u0219i jaluzele noi.<\/p>\n<p class=\"wp-block-paragraph\">Cel de-al patrulea proiect presupune amenajarea unor spa\u021bii de relaxare pentru elevi. Potrivit reprezentan\u021bilor administra\u021biei locale, lucr\u0103rile sunt aproape finalizate.<\/p>\n<p class=\"wp-block-paragraph\">Programul de bugetare participativ\u0103 le-a oferit elevilor posibilitatea de a propune proiecte pentru propriile \u0219coli \u0219i de a decide, prin mecanismul programului, ce investi\u021bii consider\u0103 prioritare.<\/p>\n<h2 class=\"wp-block-heading\">Proiectele de la Carmen Sylva sunt realizate \u00een propor\u021bie de 80%<\/h2>\n<p class=\"wp-block-paragraph\">Un stadiu avansat al lucr\u0103rilor este \u00eenregistrat \u0219i la Colegiul Na\u021bional \u201eCarmen Sylva\u201d. Proiectele aprobate aici sunt realizate \u00een propor\u021bie de aproape 80%, potrivit Prim\u0103riei Timi\u0219oara.<\/p>\n<p class=\"wp-block-paragraph\">Investi\u021biile urm\u0103resc \u00eembun\u0103t\u0103\u021birea spa\u021biilor \u0219i a condi\u021biilor oferite elevilor, \u00een func\u021bie de proiectele selectate \u00een cadrul programului.<\/p>\n<h2 class=\"wp-block-heading\">Spa\u021bii pentru muzic\u0103, radio \u0219i podcast la alte licee<\/h2>\n<p class=\"wp-block-paragraph\">La Liceul Teoretic \u201eBart\u00f3k B\u00e9la\u201d \u0219i la Liceul Tehnologic Electrotimi\u0219 sunt \u00een curs de amenajare noi spa\u021bii dedicate activit\u0103\u021bilor de muzic\u0103, radio \u0219i podcast.<\/p>\n<p class=\"wp-block-paragraph\">Astfel de proiecte pun accent pe activit\u0103\u021bi extracurriculare \u0219i pe crearea unor spa\u021bii \u00een care elevii s\u0103 poat\u0103 desf\u0103\u0219ura activit\u0103\u021bi de crea\u021bie, comunicare \u0219i colaborare \u00een cadrul liceelor.<\/p>\n<p class=\"wp-block-paragraph\">\u0218i la Liceul Teologic Romano-Catolic \u201eGerhardinum\u201d, Colegiul Tehnic \u201eHenri Coand\u0103\u201d, Colegiul Tehnic \u201eEmanuil Ungureanu\u201d \u0219i Colegiul Na\u021bional B\u0103n\u0103\u021bean proiectele aprobate au \u00eenceput s\u0103 prind\u0103 contur.<\/p>\n<h2 class=\"wp-block-heading\">Aproape 780.000 de lei pentru proiectele elevilor<\/h2>\n<p class=\"wp-block-paragraph\">\u00cen total, Prim\u0103ria Municipiului Timi\u0219oara finan\u021beaz\u0103 29 de proiecte \u00een 17 licee din ora\u0219. Pentru realizarea acestora au fost alocate aproape 780.000 de lei din bugetul local.<\/p>\n<p class=\"wp-block-paragraph\">Prin bugetarea participativ\u0103, administra\u021bia local\u0103 a urm\u0103rit s\u0103 \u00eei implice direct pe elevi \u00een identificarea unor probleme \u0219i \u00een stabilirea investi\u021biilor pe care le consider\u0103 necesare \u00een \u0219colile lor.<\/p>\n<h2 class=\"wp-block-heading\">Elevii decid ce proiecte sunt importante pentru \u0219colile lor<\/h2>\n<p class=\"wp-block-paragraph\">Programul schimb\u0103, astfel, modul \u00een care elevii pot participa la deciziile privind spa\u021biile \u00een care \u00ee\u0219i desf\u0103\u0219oar\u0103 activitatea. \u00cen loc ca toate investi\u021biile s\u0103 fie stabilite exclusiv la nivel administrativ, proiectele pornesc de la ideile \u0219i nevoile identificate de comunitatea \u0219colar\u0103.<\/p>\n<p class=\"wp-block-paragraph\">Primele proiecte finalizate arat\u0103 c\u0103 propunerile elevilor pot fi transformate \u00een investi\u021bii concrete, de la echipamente \u0219i mobilier p\u00e2n\u0103 la spa\u021bii dedicate activit\u0103\u021bilor artistice \u0219i de comunicare.<\/p>\n<h2 class=\"wp-block-heading\">Programul continu\u0103 cu proiecte \u00een 17 licee din Timi\u0219oara<\/h2>\n<p class=\"wp-block-paragraph\">Implementarea celor 29 de proiecte se afl\u0103 \u00een etape diferite, \u00een func\u021bie de fiecare unitate de \u00eenv\u0103\u021b\u0103m\u00e2nt. Unele investi\u021bii sunt deja finalizate, \u00een timp ce altele sunt \u00eenc\u0103 \u00een execu\u021bie sau \u00een faza de amenajare.<\/p>\n<p class=\"wp-block-paragraph\">Prim\u0103ria Timi\u0219oara transmite c\u0103 proiectele finan\u021bate prin acest program vor continua s\u0103 fie puse \u00een practic\u0103, obiectivul fiind ca ideile selectate de elevi s\u0103 se transforme \u00een facilit\u0103\u021bi \u0219i spa\u021bii pe care ace\u0219tia s\u0103 le poat\u0103 folosi efectiv \u00een activitatea de zi cu zi.<\/p>\n<p class=\"wp-block-paragraph\">Bugetul de aproape 780.000 de lei alocat pentru cele 29 de proiecte reprezint\u0103, astfel, o investi\u021bie direct\u0103 \u00een infrastructura \u0219i activit\u0103\u021bile liceelor, pornind de la propunerile formulate de elevii din Timi\u0219oara.<\/p>\n<\/div>\n<footer>\n<div class=\"td-post-source-tags\">\n<ul class=\"td-tags td-post-small-box clearfix\">\n<li><span>ETICHETE<\/span><\/li>\n<li><a href=\"https:\/\/orasul-timisoara.ro\/local-tag\/bugetare-participativa-2\/\">bugetare participativ\u0103<\/a><\/li>\n<li><a href=\"https:\/\/orasul-timisoara.ro\/local-tag\/colegiul-national-banatean-2\/\">Colegiul Na\u021bional B\u0103n\u0103\u021bean<\/a><\/li>\n<li><a href=\"https:\/\/orasul-timisoara.ro\/local-tag\/colegiul-national-carmen-sylva\/\">Colegiul Na\u021bional Carmen Sylva<\/a><\/li>\n<li><a href=\"https:\/\/orasul-timisoara.ro\/local-tag\/dominic-fritz\/\">dominic fritz<\/a><\/li>\n<li><a href=\"https:\/\/orasul-timisoara.ro\/local-tag\/educatie-timisoara\/\">educa\u021bie Timi\u0219oara<\/a><\/li>\n<li><a href=\"https:\/\/orasul-timisoara.ro\/local-tag\/electrotimis\/\">Electrotimi\u0219<\/a><\/li>\n<li><a href=\"https:\/\/orasul-timisoara.ro\/local-tag\/elevi-timisoara-2\/\">elevi Timi\u0219oara<\/a><\/li>\n<li><a href=\"https:\/\/orasul-timisoara.ro\/local-tag\/gerhardinum\/\">Gerhardinum<\/a><\/li>\n<li><a href=\"https:\/\/orasul-timisoara.ro\/local-tag\/investitii-in-scoli-2\/\">investi\u021bii \u00een \u0219coli<\/a><\/li>\n<li><a href=\"https:\/\/orasul-timisoara.ro\/local-tag\/licee-timisoara\/\">licee Timi\u0219oara<\/a><\/li>\n<li><a href=\"https:\/\/orasul-timisoara.ro\/local-tag\/liceul-bartok-bela\/\">Liceul Bart\u00f3k B\u00e9la<\/a><\/li>\n<li><a href=\"https:\/\/orasul-timisoara.ro\/local-tag\/liceul-waldorf\/\">liceul waldorf<\/a><\/li>\n<li><a href=\"https:\/\/orasul-timisoara.ro\/local-tag\/primaria-timisoara-2\/\">Prim\u0103ria Timi\u0219oara<\/a><\/li>\n<li><a href=\"https:\/\/orasul-timisoara.ro\/local-tag\/timisoara-2\/\">timi\u0219oara<\/a><\/li>\n<\/ul>\n<\/div>\n<div class=\"td-post-sharing-bottom\">\n<div class=\"td-post-sharing-classic\"><iframe title=\"bottomFacebookLike\" frameborder src=\"https:\/\/www.facebook.com\/plugins\/like.php?href=https:\/\/orasul-timisoara.ro\/local-40230\/&amp;layout=button_count&amp;show_faces=false&amp;width=105&amp;action=like&amp;colorscheme=light&amp;height=21\"><\/iframe><\/div>\n<div id=\"td_social_sharing_article_bottom\" class=\"td-post-sharing td-ps-bg td-ps-notext td-post-sharing-style1 \">\n<div class=\"td-post-sharing-visible\"><a class=\"td-social-sharing-button td-social-sharing-button-js td-social-network td-social-facebook\" href=\"https:\/\/www.facebook.com\/sharer.php?u=https%3A%2F%2Forasul-timisoara.ro%2Flocal-40230%2F\" title=\"Facebook\"><\/p>\n<div class=\"td-social-but-text\">Facebook<\/div>\n<p><\/a><a class=\"td-social-sharing-button td-social-sharing-button-js td-social-network td-social-twitter\" href=\"https:\/\/twitter.com\/intent\/tweet?text=Elevii+din+Timi%C8%99oara+decid+cum+se+schimb%C4%83+liceele+lor.+29+de+proiecte+sunt+%C3%AEn+lucru&amp;url=https%3A%2F%2Forasul-timisoara.ro%2Flocal-40230%2F&amp;via=orasultm\" title=\"Twitter\"><\/p>\n<div class=\"td-social-but-text\">Twitter<\/div>\n<p><\/a><a class=\"td-social-sharing-button td-social-sharing-button-js td-social-network td-social-whatsapp\" href=\"https:\/\/api.whatsapp.com\/send?text=Elevii+din+Timi%C8%99oara+decid+cum+se+schimb%C4%83+liceele+lor.+29+de+proiecte+sunt+%C3%AEn+lucru%20%0A%0A%20https:\/\/orasul-timisoara.ro\/local-40230\/\" title=\"WhatsApp\"><\/p>\n<div class=\"td-social-but-text\">WhatsApp<\/div>\n<p><\/a><a class=\"td-social-sharing-button td-social-sharing-button-js td-social-network td-social-linkedin\" href=\"https:\/\/www.linkedin.com\/shareArticle?mini=true&amp;url=https:\/\/orasul-timisoara.ro\/local-40230\/&amp;title=Elevii+din+Timi%C8%99oara+decid+cum+se+schimb%C4%83+liceele+lor.+29+de+proiecte+sunt+%C3%AEn+lucru\" title=\"Linkedin\"><\/p>\n<div class=\"td-social-but-text\">Linkedin<\/div>\n<p><\/a><a class=\"td-social-sharing-button td-social-sharing-button-js td-social-network td-social-reddit\" href=\"https:\/\/reddit.com\/submit?url=https:\/\/orasul-timisoara.ro\/local-40230\/&amp;title=Elevii+din+Timi%C8%99oara+decid+cum+se+schimb%C4%83+liceele+lor.+29+de+proiecte+sunt+%C3%AEn+lucru\" title=\"ReddIt\"><\/p>\n<div class=\"td-social-but-text\">ReddIt<\/div>\n<p><\/a><a class=\"td-social-sharing-button td-social-sharing-button-js td-social-network td-social-mail\" href=\"mailto:?subject=Elevii%20din%20Timi%C8%99oara%20decid%20cum%20se%20schimb%C4%83%20liceele%20lor.%2029%20de%20proiecte%20sunt%20%C3%AEn%20lucru&amp;body=https:\/\/orasul-timisoara.ro\/local-40230\/\" title=\"Email\"><\/p>\n<div class=\"td-social-but-text\">Email<\/div>\n<p><\/a><a class=\"td-social-sharing-button td-social-sharing-button-js td-social-network td-social-print\" href=\"https:\/\/orasul-timisoara.ro\/local-40230\/\" title=\"Imprimare\"><\/p>\n<div class=\"td-social-but-text\">Imprimare<\/div>\n<p><\/a><\/div>\n<\/div>\n<\/div>\n<div class=\"td-block-row td-post-next-prev\">\n<div class=\"td-block-span6 td-post-prev-post\">\n<div class=\"td-post-next-prev-content\"><span>Articolul precedent<\/span><a href=\"https:\/\/orasul-timisoara.ro\/local-40229\/\">Aquapark de patru hectare la S\u00e2nnicolau Mare. C\u00e2nd ar putea fi gata<\/a><\/div>\n<\/div>\n<div class=\"td-block-span6 td-post-next-post\">\n<div class=\"td-post-next-prev-content\"><span>Articolul urm\u0103tor<\/span><a href=\"https:\/\/orasul-timisoara.ro\/local-40237\/\">Accident pe Calea Torontalului din Timi\u0219oara. Dou\u0103 persoane au ajuns la spital<\/a><\/div>\n<\/div>\n<\/div>\n<div class=\"td-author-name vcard author\"><span class=\"fn\"><a href=\"https:\/\/orasul-timisoara.ro\/author\/timisoara\/\">redactia<\/a><\/span><\/div>\n<p><span class=\"td-page-meta\"><\/span><span class=\"td-page-meta\"><span class=\"td-page-meta\"><\/span><\/span><span class=\"td-page-meta\"><\/span><\/footer>\n<div class=\"td_block_wrap td_block_related_posts tdi_3 td_with_ajax_pagination td-pb-border-top td_block_template_8\" data-td-block-uid=\"tdi_3\">\n<h4 class=\"td-related-title td-block-title\"><a id=\"tdi_4\" class=\"td-related-left td-cur-simple-item\" data-td_filter_value data-td_block_id=\"tdi_3\" href=\"https:\/\/orasul-timisoara.ro\/local-40230\/\">ARTICOLE SIMILARE<\/a><a id=\"tdi_5\" class=\"td-related-right\" data-td_filter_value=\"td_related_more_from_author\" data-td_block_id=\"tdi_3\" href=\"https:\/\/orasul-timisoara.ro\/local-40230\/\">DE LA ACELA\u0218I AUTOR<\/a><\/h4>\n<div id=\"tdi_3\" class=\"td_block_inner\">\n<div class=\"td-related-row\">\n<div class=\"td-related-span4\">\n<div class=\"td_module_related_posts td-animation-stack td_mod_related_posts\">\n<div class=\"td-module-image\">\n<div class=\"td-module-thumb\"><a href=\"https:\/\/orasul-timisoara.ro\/local-40260\/\" rel=\"bookmark\" class=\"td-image-wrap \" title=\"Dou\u0103 oferte pentru Magistrala Verde din Timi\u0219oara. Proiectul ajunge la 158,3 milioane de lei\"><img loading=\"lazy\" decoding=\"async\" class=\"entry-thumb\" src=\"https:\/\/orasul-timisoara.ro\/wp-content\/uploads\/2026\/01\/magistrala-verde-tm-1-436x300.jpg\" alt title=\"Dou\u0103 oferte pentru Magistrala Verde din Timi\u0219oara. Proiectul ajunge la 158,3 milioane de lei\" width=\"218\" height=\"150\"><\/a><\/div>\n<\/div>\n<div class=\"item-details\">\n<h3 class=\"entry-title td-module-title\"><a href=\"https:\/\/orasul-timisoara.ro\/local-40260\/\" rel=\"bookmark\" title=\"Dou\u0103 oferte pentru Magistrala Verde din Timi\u0219oara. Proiectul ajunge la 158,3 milioane de lei\">Dou\u0103 oferte pentru Magistrala Verde din Timi\u0219oara. Proiectul ajunge la 158,3 milioane de lei<\/a><\/h3>\n<\/div>\n<\/div>\n<\/div>\n<div class=\"td-related-span4\">\n<div class=\"td_module_related_posts td-animation-stack td_mod_related_posts\">\n<div class=\"td-module-image\">\n<div class=\"td-module-thumb\"><a href=\"https:\/\/orasul-timisoara.ro\/local-40022\/\" rel=\"bookmark\" class=\"td-image-wrap \" title=\"Dominic Fritz propune o strategie pentru promovarea multiculturalit\u0103\u021bii \u00een Timi\u0219oara\"><img loading=\"lazy\" decoding=\"async\" class=\"entry-thumb\" src=\"https:\/\/orasul-timisoara.ro\/wp-content\/uploads\/2026\/08\/multicultural-436x300.jpg\" alt title=\"Dominic Fritz propune o strategie pentru promovarea multiculturalit\u0103\u021bii \u00een Timi\u0219oara\" width=\"218\" height=\"150\"><\/a><\/div>\n<\/div>\n<div class=\"item-details\">\n<h3 class=\"entry-title td-module-title\"><a href=\"https:\/\/orasul-timisoara.ro\/local-40022\/\" rel=\"bookmark\" title=\"Dominic Fritz propune o strategie pentru promovarea multiculturalit\u0103\u021bii \u00een Timi\u0219oara\">Dominic Fritz propune o strategie pentru promovarea multiculturalit\u0103\u021bii \u00een Timi\u0219oara<\/a><\/h3>\n<\/div>\n<\/div>\n<\/div>\n<div class=\"td-related-span4\">\n<div class=\"td_module_related_posts td-animation-stack td_mod_related_posts\">\n<div class=\"td-module-image\">\n<div class=\"td-module-thumb\"><a href=\"https:\/\/orasul-timisoara.ro\/local-40011\/\" rel=\"bookmark\" class=\"td-image-wrap \" title=\"Prefectul de Timi\u0219: Dominic Fritz r\u0103m\u00e2ne primar, dar prime\u0219te o sanc\u021biune salarial\u0103\"><img loading=\"lazy\" decoding=\"async\" class=\"entry-thumb\" src=\"https:\/\/orasul-timisoara.ro\/wp-content\/uploads\/2026\/08\/paul0finta-436x300.jpg\" alt title=\"Prefectul de Timi\u0219: Dominic Fritz r\u0103m\u00e2ne primar, dar prime\u0219te o sanc\u021biune salarial\u0103\" width=\"218\" height=\"150\"><\/a><\/div>\n<\/div>\n<div class=\"item-details\">\n<h3 class=\"entry-title td-module-title\"><a href=\"https:\/\/orasul-timisoara.ro\/local-40011\/\" rel=\"bookmark\" title=\"Prefectul de Timi\u0219: Dominic Fritz r\u0103m\u00e2ne primar, dar prime\u0219te o sanc\u021biune salarial\u0103\">Prefectul de Timi\u0219: Dominic Fritz r\u0103m\u00e2ne primar, dar prime\u0219te o sanc\u021biune salarial\u0103<\/a><\/h3>\n<\/div>\n<\/div>\n<\/div>\n<\/div>\n<\/div>\n<\/div>\n<div class=\"comments\" id=\"comments\">\n<div id=\"respond\" class=\"comment-respond\">\n<h3 id=\"reply-title\" class=\"comment-reply-title\">L\u0102SA\u021aI UN MESAJ<\/h3>\n<div class=\"comment-form-input-wrap td-form-comment\">\n<div class=\"td-warning-comment\">V\u0103 rug\u0103m s\u0103 introduce\u021bi comentariul dvs.!<\/div>\n<\/div>\n<div class=\"comment-form-input-wrap td-form-author\">\n<div class=\"td-warning-author\">Introduce\u021bi aici numele dvs.<\/div>\n<\/div>\n<div class=\"comment-form-input-wrap td-form-email\">\n<div class=\"td-warning-email-error\">A\u021bi introdus o adres\u0103 de e-mail incorect\u0103!<\/div>\n<div class=\"td-warning-email\">V\u0103 rug\u0103m s\u0103 introduce\u021bi adresa dvs. de e-mail aici<\/div>\n<\/div>\n<\/div>\n<p class=\"akismet_comment_form_privacy_notice\">Acest site folose\u0219te Akismet pentru a reduce spamul. <a href=\"https:\/\/akismet.com\/privacy\/\" target=\"_blank\" rel=\"nofollow noopener\">Afl\u0103 cum sunt procesate datele comentariilor tale<\/a>.<\/p>\n<\/div>\n<\/div>\n<\/div>\n<div class=\"td-pb-span4 td-main-sidebar\" role=\"complementary\">\n<div class=\"td-ss-main-sidebar\">\n<aside id=\"block-4\" class=\"td_block_template_8 widget block-4 widget_block widget_media_image\">\n<figure class=\"wp-block-image size-full\"><img loading=\"lazy\" decoding=\"async\" width=\"336\" height=\"280\" src=\"https:\/\/orasul-timisoara.ro\/wp-content\/uploads\/2024\/11\/ReTIM-Abonamentul-Verde-Google-Ads-336x280px.gif\" alt class=\"wp-image-29257\"><\/figure>\n<\/aside>\n<div class=\"td_block_wrap td_block_social_counter td_block_widget tdi_6 td-social-style5 td-social-boxed td-pb-border-top td_block_template_8\">\n<div class=\"td-block-title-wrap\">\n<h4 class=\"td-block-title\"><span>Urm\u0103re\u0219te-ne pe Social Media<\/span><\/h4>\n<\/div>\n<div class=\"td-social-list\">\n<div class=\"td_social_type td-pb-margin-side td_social_facebook\">\n<div class=\"td-social-box\"><span class=\"td_social_info td_social_info_counter\">344,595<\/span><span class=\"td_social_info td_social_info_name\">Fani<\/span><span class=\"td_social_button\"><a href=\"https:\/\/www.facebook.com\/247timisoara\" target=\"_blank\" rel=\"nofollow\">\u00cemi place<\/a><\/span><\/div>\n<\/div>\n<div class=\"td_social_type td-pb-margin-side td_social_instagram\">\n<div class=\"td-social-box\"><span class=\"td_social_info td_social_info_counter\">4,416<\/span><span class=\"td_social_info td_social_info_name\">Cititori<\/span><span class=\"td_social_button\"><a href=\"https:\/\/instagram.com\/orasultimisoararo\/\" target=\"_blank\" rel=\"nofollow\">Conecta\u021bi-v\u0103<\/a><\/span><\/div>\n<\/div>\n<div class=\"td_social_type td-pb-margin-side td_social_rss\">\n<div class=\"td-social-box\"><span class=\"td_social_info td_social_info_counter\">12,506<\/span><span class=\"td_social_info td_social_info_name\">Cititori<\/span><span class=\"td_social_button\"><a href=\"https:\/\/orasul-timisoara.ro\/feed\/\" target=\"_blank\" rel=\"nofollow\">Conecta\u021bi-v\u0103<\/a><\/span><\/div>\n<\/div>\n<div class=\"td_social_type td-pb-margin-side td_social_tiktok\">\n<div class=\"td-social-box\"><span class=\"td_social_info td_social_info_counter\">1,500<\/span><span class=\"td_social_info td_social_info_name\">Cititori<\/span><span class=\"td_social_button\"><a href=\"https:\/\/www.tiktok.com\/@orasultimisoara\" target=\"_blank\" rel=\"nofollow\">Conecta\u021bi-v\u0103<\/a><\/span><\/div>\n<\/div>\n<div class=\"td_social_type td-pb-margin-side td_social_twitter\">\n<div class=\"td-social-box\"><span class=\"td_social_info td_social_info_counter\">1,595<\/span><span class=\"td_social_info td_social_info_name\">Cititori<\/span><span class=\"td_social_button\"><a href=\"https:\/\/twitter.com\/orasultm\" target=\"_blank\" rel=\"nofollow\">Conecta\u021bi-v\u0103<\/a><\/span><\/div>\n<\/div>\n<div class=\"td_social_type td-pb-margin-side td_social_youtube\">\n<div class=\"td-social-box\"><span class=\"td_social_info td_social_info_counter\">3,506<\/span><span class=\"td_social_info td_social_info_name\">Abona\u021bi<\/span><span class=\"td_social_button\"><a href=\"https:\/\/www.youtube.com\/channel\/UCQNsQvs2XCSIm1Z-AHRturw?sub_confirmation=1\" target=\"_blank\" rel=\"nofollow\">Abona\u021bi-v\u0103<\/a><\/span><\/div>\n<\/div>\n<\/div>\n<\/div>\n<aside id=\"text-7\" class=\"td_block_template_8 widget text-7 widget_text\">\n<h4 class=\"td-block-title\"><span>C\u0103ut\u0103ri populare pe OTM<\/span><\/h4>\n<div class=\"textwidget\"><a href=\"https:\/\/orasul-timisoara.ro\/?s=timisoara\"><span>Timisoara<\/span><\/a><a href=\"https:\/\/orasul-timisoara.ro\/?s=calin+dobra\"><span>Calin Dobra<\/span><\/a><a href=\"https:\/\/orasul-timisoara.ro\/?s=primaria+timisoara\"><span>Primaria Timisoara<\/span><\/a><a href=\"https:\/\/orasul-timisoara.ro\/?s=dominic+fritz\"><span>Dominic Fritz<\/span><\/a><a href=\"https:\/\/orasul-timisoara.ro\/?s=nicolae+robu\"><span>Nicolae Robu<\/span><\/a><a href=\"https:\/\/orasul-timisoara.ro\/?s=consiliul+local+timisoara\">Consiliul Local Timisoara<\/a><a href=\"https:\/\/orasul-timisoara.ro\/?s=consiliul+judetean+timis\"><span>Consiliul Judetean Timis<\/span><\/a><a href=\"https:\/\/orasul-timisoara.ro\/?s=cjt\"><span>CJT<\/span><\/a><a href=\"https:\/\/orasul-timisoara.ro\/?s=Alfred+Simonis\"><span>Alfred Simonis<\/span><\/a><a href=\"https:\/\/orasul-timisoara.ro\/?s=PNL\"><span>PNL<\/span><\/a><a href=\"https:\/\/orasul-timisoara.ro\/?s=coronavirus\"><span>coronavirus<\/span><\/a><a href=\"https:\/\/orasul-timisoara.ro\/?s=teatru+timisoara\">teatru Timisoara<\/a><a href=\"https:\/\/orasul-timisoara.ro\/?s=restaurante\"><span>restaurante Timisoara<\/span><\/a><a href=\"https:\/\/orasul-timisoara.ro\/?s=diskoteka\"><span>Diskoteka<\/span><\/a><a href=\"https:\/\/orasul-timisoara.ro\/?s=iulius+town\"><span>Iulius Town<\/span><\/a><a href=\"https:\/\/orasul-timisoara.ro\/?s=iulius+mall\"><span>Iulius Mall<\/span><\/a><a href=\"https:\/\/orasul-timisoara.ro\/?s=stpt\"><span>STPT<\/span><\/a><a href=\"https:\/\/orasul-timisoara.ro\/?s=alin+nica\"><span>Alin Nica<\/span><\/a><a href=\"https:\/\/orasul-timisoara.ro\/?s=psd\"><span>PSD<\/span><\/a><a href=\"https:\/\/orasul-timisoara.ro\/?s=aeroport\"><span>Aeroportul International Timisoara<\/span><\/a><a href=\"https:\/\/orasul-timisoara.ro\/?s=babes\"><span>Spitalul Victor Babes Timisoara<\/span><\/a><a href=\"https:\/\/orasul-timisoara.ro\/?s=poli\"><span>Poli Timi\u0219oara<\/span><\/a><a href=\"https:\/\/orasul-timisoara.ro\/?s=carantina\"><span>carantina<\/span><\/a><a href=\"https:\/\/orasul-timisoara.ro\/?s=aquatim\"><span>Aquatim<\/span><\/a><a href=\"https:\/\/orasul-timisoara.ro\/local-category\/stiri-timisoara\/\"><span>Stiri Timisoara<\/span><\/a><a href=\"https:\/\/orasul-timisoara.ro\/local-category\/investitii-in-timisoara\/\"><span>Investi\u021bii in Timi\u0219oara<\/span><\/a><a href=\"https:\/\/orasul-timisoara.ro\/local-9463\/\"><span>shaorma<\/span><\/a><a href=\"https:\/\/orasul-timisoara.ro\/?s=trafic\"><span>trafic rutier<\/span><\/a><a href=\"https:\/\/orasul-timisoara.ro\/?s=politia\"><span>politia locala timisoara<\/span><\/a><a href=\"https:\/\/orasul-timisoara.ro\/?s=roxana\"><span>Roxana Iliescu<\/span><\/a><a href=\"https:\/\/orasul-timisoara.ro\/?s=colterm\"><span>Colterm<\/span><\/a><a href=\"https:\/\/orasul-timisoara.ro\/?s=latcau\"><span>Ruben La\u021bc\u0103u<\/span><\/a><a href=\"https:\/\/orasul-timisoara.ro\/?s=timis\"><span>\u0218tiri din Timi\u0219<\/span><\/a><a href=\"https:\/\/orasul-timisoara.ro\/?s=spital\"><span>Spitale din Timi\u0219oara<\/span><\/a><a href=\"https:\/\/orasul-timisoara.ro\/?s=tabara\"><span>Cosmin Tab\u0103r\u0103<\/span><\/a><\/div>\n<\/aside>\n<aside id=\"rss-2\" class=\"td_block_template_8 widget rss-2 widget_rss\">\n<h4 class=\"td-block-title\"><span><a class=\"rsswidget rss-widget-feed\" href=\"https:\/\/fashionfridays.ro\/feed\"><img decoding=\"async\" class=\"rss-widget-icon\" width=\"14\" height=\"14\" src=\"https:\/\/orasul-timisoara.ro\/wp-includes\/images\/rss.png\" alt=\"RSS\" loading=\"lazy\"><\/a><a class=\"rsswidget rss-widget-title\" href=\"https:\/\/fashionfridays.ro\/\">Fashion Fridays<\/a><\/span><\/h4>\n<ul>\n<li><a class=\"rsswidget\" href=\"https:\/\/fashionfridays.ro\/romania-devine-a-29-a-piata-vogue-o-noua-era-pentru-industria-locala-de-moda\/\">Rom\u00e2nia devine a 29-a pia\u021b\u0103 Vogue: o nou\u0103 er\u0103 pentru industria local\u0103 de mod\u0103<\/a>\n<div class=\"rssSummary\">Revista Vogue \u00ee\u0219i extinde prezen\u021ba global\u0103 \u0219i va fi lansat\u0103 oficial \u00een Rom\u00e2nia \u00een prim\u0103vara anului 2027, marc\u00e2nd intrarea pe cea de-a 29-a pia\u021b\u0103 interna\u021bional\u0103. Proiectul este realizat \u00een parteneriat cu AEMME Publishing, o companie media recent \u00eenfiin\u021bat\u0103, care va publica edi\u021bia local\u0103 sub licen\u021b\u0103. Noua edi\u021bie, Vogue Rom\u00e2nia, \u00ee\u0219i propune s\u0103 combine autoritatea global\u0103 [\u2026]<\/div>\n<\/li>\n<\/ul>\n<\/aside>\n<aside id=\"rss-4\" class=\"td_block_template_8 widget rss-4 widget_rss\">\n<h4 class=\"td-block-title\"><span><a class=\"rsswidget rss-widget-feed\" href=\"https:\/\/emasini.ro\/feed\"><img decoding=\"async\" class=\"rss-widget-icon\" width=\"14\" height=\"14\" src=\"https:\/\/orasul-timisoara.ro\/wp-includes\/images\/rss.png\" alt=\"RSS\" loading=\"lazy\"><\/a><a class=\"rsswidget rss-widget-title\" href=\"https:\/\/emasini.ro\/\">eMasini<\/a><\/span><\/h4>\n<ul>\n<li><a class=\"rsswidget\" href=\"https:\/\/emasini.ro\/bmw-testeaza-noul-i4-convertible-primul-cabrio-electric-accesibil-al-marcii\/\">BMW testeaz\u0103 noul i4 Convertible, primul cabrio electric accesibil al m\u0103rcii<\/a>\n<div class=\"rssSummary\">BMW accelereaz\u0103 dezvoltarea noii genera\u021bii de modele electrice bazate pe platforma Neue Klasse, iar unul dintre cele mai interesante proiecte aflate \u00een teste este viitorul BMW i4 Convertible. Prototipul camuflat a fost surprins pe \u0219osele, confirm\u00e2nd c\u0103 produc\u0103torul german preg\u0103te\u0219te o decapotabil\u0103 electric\u0103 destinat\u0103 unui segment \u00een care oferta este, \u00een prezent, extrem de limitat\u0103. [\u2026]<\/div>\n<\/li>\n<\/ul>\n<\/aside>\n<\/div>\n<\/div>\n<\/div>\n<\/div>\n<\/article>\n<div class=\"td-post-content tagdiv-type\">\n<p class=\"wp-block-paragraph\">Elevii din Timi\u0219oara \u00eencep s\u0103 vad\u0103 \u00een \u0219colile lor rezultatele proiectelor propuse \u0219i alese prin programul de bugetare participativ\u0103 pentru licee. Prim\u0103ria Municipiului Timi\u0219oara finan\u021beaz\u0103 \u00een acest an 29 de proiecte \u00een 17 licee din ora\u0219, cu aproape 780.000 de lei din bugetul local.<\/p>\n<p class=\"wp-block-paragraph\">Primele rezultate sunt deja vizibile la mai multe unit\u0103\u021bi de \u00eenv\u0103\u021b\u0103m\u00e2nt. La Liceul Waldorf, trei dintre cele patru proiecte propuse au fost finalizate, iar cel de-al patrulea, care vizeaz\u0103 amenajarea unor spa\u021bii de relaxare pentru elevi, este aproape de finalizare.<\/p>\n<h2 class=\"wp-block-heading\">Liceul Waldorf are deja trei proiecte finalizate<\/h2>\n<p class=\"wp-block-paragraph\">La Liceul Waldorf, investi\u021biile rezultate \u00een urma programului au vizat mai multe nevoi identificate chiar de elevi. Au fost achizi\u021bionate echipamente pentru trupa de dans \u0219i pentru podcastul \u0219colii, iar \u00een unitatea de \u00eenv\u0103\u021b\u0103m\u00e2nt au fost instalate dulapuri \u0219i jaluzele noi.<\/p>\n<p class=\"wp-block-paragraph\">Cel de-al patrulea proiect presupune amenajarea unor spa\u021bii de relaxare pentru elevi. Potrivit reprezentan\u021bilor administra\u021biei locale, lucr\u0103rile sunt aproape finalizate.<\/p>\n<p class=\"wp-block-paragraph\">Programul de bugetare participativ\u0103 le-a oferit elevilor posibilitatea de a propune proiecte pentru propriile \u0219coli \u0219i de a decide, prin mecanismul programului, ce investi\u021bii consider\u0103 prioritare.<\/p>\n<h2 class=\"wp-block-heading\">Proiectele de la Carmen Sylva sunt realizate \u00een propor\u021bie de 80%<\/h2>\n<p class=\"wp-block-paragraph\">Un stadiu avansat al lucr\u0103rilor este \u00eenregistrat \u0219i la Colegiul Na\u021bional \u201eCarmen Sylva\u201d. Proiectele aprobate aici sunt realizate \u00een propor\u021bie de aproape 80%, potrivit Prim\u0103riei Timi\u0219oara.<\/p>\n<p class=\"wp-block-paragraph\">Investi\u021biile urm\u0103resc \u00eembun\u0103t\u0103\u021birea spa\u021biilor \u0219i a condi\u021biilor oferite elevilor, \u00een func\u021bie de proiectele selectate \u00een cadrul programului.<\/p>\n<h2 class=\"wp-block-heading\">Spa\u021bii pentru muzic\u0103, radio \u0219i podcast la alte licee<\/h2>\n<p class=\"wp-block-paragraph\">La Liceul Teoretic \u201eBart\u00f3k B\u00e9la\u201d \u0219i la Liceul Tehnologic Electrotimi\u0219 sunt \u00een curs de amenajare noi spa\u021bii dedicate activit\u0103\u021bilor de muzic\u0103, radio \u0219i podcast.<\/p>\n<p class=\"wp-block-paragraph\">Astfel de proiecte pun accent pe activit\u0103\u021bi extracurriculare \u0219i pe crearea unor spa\u021bii \u00een care elevii s\u0103 poat\u0103 desf\u0103\u0219ura activit\u0103\u021bi de crea\u021bie, comunicare \u0219i colaborare \u00een cadrul liceelor.<\/p>\n<p class=\"wp-block-paragraph\">\u0218i la Liceul Teologic Romano-Catolic \u201eGerhardinum\u201d, Colegiul Tehnic \u201eHenri Coand\u0103\u201d, Colegiul Tehnic \u201eEmanuil Ungureanu\u201d \u0219i Colegiul Na\u021bional B\u0103n\u0103\u021bean proiectele aprobate au \u00eenceput s\u0103 prind\u0103 contur.<\/p>\n<h2 class=\"wp-block-heading\">Aproape 780.000 de lei pentru proiectele elevilor<\/h2>\n<p class=\"wp-block-paragraph\">\u00cen total, Prim\u0103ria Municipiului Timi\u0219oara finan\u021beaz\u0103 29 de proiecte \u00een 17 licee din ora\u0219. Pentru realizarea acestora au fost alocate aproape 780.000 de lei din bugetul local.<\/p>\n<p class=\"wp-block-paragraph\">Prin bugetarea participativ\u0103, administra\u021bia local\u0103 a urm\u0103rit s\u0103 \u00eei implice direct pe elevi \u00een identificarea unor probleme \u0219i \u00een stabilirea investi\u021biilor pe care le consider\u0103 necesare \u00een \u0219colile lor.<\/p>\n<h2 class=\"wp-block-heading\">Elevii decid ce proiecte sunt importante pentru \u0219colile lor<\/h2>\n<p class=\"wp-block-paragraph\">Programul schimb\u0103, astfel, modul \u00een care elevii pot participa la deciziile privind spa\u021biile \u00een care \u00ee\u0219i desf\u0103\u0219oar\u0103 activitatea. \u00cen loc ca toate investi\u021biile s\u0103 fie stabilite exclusiv la nivel administrativ, proiectele pornesc de la ideile \u0219i nevoile identificate de comunitatea \u0219colar\u0103.<\/p>\n<p class=\"wp-block-paragraph\">Primele proiecte finalizate arat\u0103 c\u0103 propunerile elevilor pot fi transformate \u00een investi\u021bii concrete, de la echipamente \u0219i mobilier p\u00e2n\u0103 la spa\u021bii dedicate activit\u0103\u021bilor artistice \u0219i de comunicare.<\/p>\n<h2 class=\"wp-block-heading\">Programul continu\u0103 cu proiecte \u00een 17 licee din Timi\u0219oara<\/h2>\n<p class=\"wp-block-paragraph\">Implementarea celor 29 de proiecte se afl\u0103 \u00een etape diferite, \u00een func\u021bie de fiecare unitate de \u00eenv\u0103\u021b\u0103m\u00e2nt. Unele investi\u021bii sunt deja finalizate, \u00een timp ce altele sunt \u00eenc\u0103 \u00een execu\u021bie sau \u00een faza de amenajare.<\/p>\n<p class=\"wp-block-paragraph\">Prim\u0103ria Timi\u0219oara transmite c\u0103 proiectele finan\u021bate prin acest program vor continua s\u0103 fie puse \u00een practic\u0103, obiectivul fiind ca ideile selectate de elevi s\u0103 se transforme \u00een facilit\u0103\u021bi \u0219i spa\u021bii pe care ace\u0219tia s\u0103 le poat\u0103 folosi efectiv \u00een activitatea de zi cu zi.<\/p>\n<p class=\"wp-block-paragraph\">Bugetul de aproape 780.000 de lei alocat pentru cele 29 de proiecte reprezint\u0103, astfel, o investi\u021bie direct\u0103 \u00een infrastructura \u0219i activit\u0103\u021bile liceelor, pornind de la propunerile formulate de elevii din Timi\u0219oara.<\/p>\n<\/div>\n<p>[analyse_source url=&#8221;https:\/\/orasul-timisoara.ro\/local-40230\/&#8221;]<\/p>\n","protected":false},"excerpt":{"rendered":"<p>[analyse_image type=&#8221;featured&#8221; src=&#8221;https:\/\/orasul-timisoara.ro\/wp-content\/uploads\/2026\/08\/elevi-licee-bugetare.jpg&#8221;] Administra\u021bie local\u0103Elevii din Timi\u0219oara decid cum se schimb\u0103 liceele lor. 29 de proiecte&#8230; Administra\u021bie local\u0103 Investitii in Timisoara \u0218tiri Locale Elevii din Timi\u0219oara decid cum se schimb\u0103 liceele lor. 29 de proiecte sunt \u00een lucru De c\u0103tre redactia &#8211; 12\/08\/2026 Facebook Twitter WhatsApp Linkedin ReddIt Email Imprimare Elevii din Timi\u0219oara \u00eencep s\u0103 [&hellip;]<\/p>\n","protected":false},"author":1,"featured_media":0,"comment_status":"open","ping_status":"","sticky":false,"template":"","format":"standard","meta":{"footnotes":""},"categories":[89],"tags":[226,189],"class_list":["post-2092462","post","type-post","status-publish","format-standard","hentry","category-romania","tag-crawlmanager","tag-orasul-timisoara-ro"],"_links":{"self":[{"href":"https:\/\/analyse.optim.biz\/index.php?rest_route=\/wp\/v2\/posts\/2092462","targetHints":{"allow":["GET"]}}],"collection":[{"href":"https:\/\/analyse.optim.biz\/index.php?rest_route=\/wp\/v2\/posts"}],"about":[{"href":"https:\/\/analyse.optim.biz\/index.php?rest_route=\/wp\/v2\/types\/post"}],"author":[{"embeddable":true,"href":"https:\/\/analyse.optim.biz\/index.php?rest_route=\/wp\/v2\/users\/1"}],"replies":[{"embeddable":true,"href":"https:\/\/analyse.optim.biz\/index.php?rest_route=%2Fwp%2Fv2%2Fcomments&post=2092462"}],"version-history":[{"count":0,"href":"https:\/\/analyse.optim.biz\/index.php?rest_route=\/wp\/v2\/posts\/2092462\/revisions"}],"wp:attachment":[{"href":"https:\/\/analyse.optim.biz\/index.php?rest_route=%2Fwp%2Fv2%2Fmedia&parent=2092462"}],"wp:term":[{"taxonomy":"category","embeddable":true,"href":"https:\/\/analyse.optim.biz\/index.php?rest_route=%2Fwp%2Fv2%2Fcategories&post=2092462"},{"taxonomy":"post_tag","embeddable":true,"href":"https:\/\/analyse.optim.biz\/index.php?rest_route=%2Fwp%2Fv2%2Ftags&post=2092462"}],"curies":[{"name":"wp","href":"https:\/\/api.w.org\/{rel}","templated":true}]}}