{"id":2092459,"date":"2026-08-12T15:07:01","date_gmt":"2026-08-12T12:07:01","guid":{"rendered":"https:\/\/analyse.optim.biz\/?p=2092459"},"modified":"2026-08-12T15:07:01","modified_gmt":"2026-08-12T12:07:01","slug":"aquapark-de-patru-hectare-la-sannicolau-mare-cand-ar-putea-fi-gata","status":"publish","type":"post","link":"https:\/\/analyse.optim.biz\/?p=2092459","title":{"rendered":"Aquapark de patru hectare la S\u00e2nnicolau Mare. C\u00e2nd ar putea fi gata"},"content":{"rendered":"<p>[analyse_image type=&#8221;featured&#8221; src=&#8221;https:\/\/orasul-timisoara.ro\/wp-content\/uploads\/2026\/08\/primar-sannicolau.jpg&#8221;]<\/p>\n<article id=\"post-40229\" class=\"td-post-template-7 post-40229 post type-post status-publish format-standard has-post-thumbnail category-administratie category-featured category-investitii-in-timisoara category-stiri-timisoara tag-adr-vest tag-agrement tag-alfred-simonis tag-apa-geotermala tag-aquapark-sannicolau-mare tag-consiliul-judetean-timis-2 tag-investitii-timis-2 tag-primaria-sannicolau-mare tag-programul-regional-vest tag-sannicolau-mare-2 tag-spa tag-timis-2 tag-turism-timis tag-wellness td-container-wrap\">\n<div class=\"td-full-screen-header-image-wrap\">\n<div class=\"td-container td-post-header\">\n<div class=\"td-crumb-container\">\n<div class=\"entry-crumbs\"><span><a title=\"Vede\u021bi toate articolele \u00een Administra\u021bie local\u0103\" class=\"entry-crumb\" href=\"https:\/\/orasul-timisoara.ro\/local-category\/administratie\/\">Administra\u021bie local\u0103<\/a><\/span><span class=\"td-bred-no-url-last\">Aquapark de patru hectare la S\u00e2nnicolau Mare. C\u00e2nd ar putea fi gata<\/span><\/div>\n<\/div>\n<div class=\"td-post-header-holder\">\n<div class=\"td-parallax-header\">\n<header class=\"td-post-title\">\n<ul class=\"td-category\">\n<li class=\"entry-category\"><a href=\"https:\/\/orasul-timisoara.ro\/local-category\/administratie\/\">Administra\u021bie local\u0103<\/a><\/li>\n<li class=\"entry-category\"><a href=\"https:\/\/orasul-timisoara.ro\/local-category\/investitii-in-timisoara\/\">Investitii in Timisoara<\/a><\/li>\n<li class=\"entry-category\"><a href=\"https:\/\/orasul-timisoara.ro\/local-category\/stiri-timisoara\/\">\u0218tiri Locale<\/a><\/li>\n<\/ul>\n<h1 class=\"entry-title\">Aquapark de patru hectare la S\u00e2nnicolau Mare. C\u00e2nd ar putea fi gata<\/h1>\n<div class=\"td-module-meta-info\">\n<div class=\"td-post-author-name\">\n<div class=\"td-author-by\">De c\u0103tre<\/div>\n<p><a href=\"https:\/\/orasul-timisoara.ro\/author\/timisoara\/\">redactia<\/a><\/p>\n<div class=\"td-author-line\"> &#8211; <\/div>\n<\/div>\n<p><span class=\"td-post-date\"><time class=\"entry-date updated td-module-date\" datetime=\"2026-08-12T18:07:01+03:00\">12\/08\/2026<\/time><\/span><\/div>\n<\/header>\n<\/div>\n<\/div>\n<\/div>\n<div id=\"td-full-screen-header-image\" class=\"td-image-gradient-style7\"><img decoding=\"async\" class=\"td-backstretch\" src=\"https:\/\/orasul-timisoara.ro\/wp-content\/uploads\/2026\/08\/primar-sannicolau.jpg\"><\/div>\n<\/div>\n<div class=\"td-container\">\n<div class=\"td-pb-row\">\n<div class=\"td-pb-span8 td-main-content\" role=\"main\">\n<div class=\"td-ss-main-content\">\n<div class=\"td-post-sharing-top\">\n<div class=\"td-post-sharing-classic\"><iframe title=\"topFacebookLike\" frameborder src=\"https:\/\/www.facebook.com\/plugins\/like.php?href=https:\/\/orasul-timisoara.ro\/local-40229\/&amp;layout=button_count&amp;show_faces=false&amp;width=105&amp;action=like&amp;colorscheme=light&amp;height=21\"><\/iframe><\/div>\n<div id=\"td_social_sharing_article_top\" class=\"td-post-sharing td-ps-bg td-ps-notext td-post-sharing-style1 \">\n<div class=\"td-post-sharing-visible\"><a class=\"td-social-sharing-button td-social-sharing-button-js td-social-network td-social-facebook\" href=\"https:\/\/www.facebook.com\/sharer.php?u=https%3A%2F%2Forasul-timisoara.ro%2Flocal-40229%2F\" title=\"Facebook\"><\/p>\n<div class=\"td-social-but-text\">Facebook<\/div>\n<p><\/a><a class=\"td-social-sharing-button td-social-sharing-button-js td-social-network td-social-twitter\" href=\"https:\/\/twitter.com\/intent\/tweet?text=Aquapark+de+patru+hectare+la+S%C3%A2nnicolau+Mare.+C%C3%A2nd+ar+putea+fi+gata&amp;url=https%3A%2F%2Forasul-timisoara.ro%2Flocal-40229%2F&amp;via=orasultm\" title=\"Twitter\"><\/p>\n<div class=\"td-social-but-text\">Twitter<\/div>\n<p><\/a><a class=\"td-social-sharing-button td-social-sharing-button-js td-social-network td-social-whatsapp\" href=\"https:\/\/api.whatsapp.com\/send?text=Aquapark+de+patru+hectare+la+S%C3%A2nnicolau+Mare.+C%C3%A2nd+ar+putea+fi+gata%20%0A%0A%20https:\/\/orasul-timisoara.ro\/local-40229\/\" title=\"WhatsApp\"><\/p>\n<div class=\"td-social-but-text\">WhatsApp<\/div>\n<p><\/a><a class=\"td-social-sharing-button td-social-sharing-button-js td-social-network td-social-linkedin\" href=\"https:\/\/www.linkedin.com\/shareArticle?mini=true&amp;url=https:\/\/orasul-timisoara.ro\/local-40229\/&amp;title=Aquapark+de+patru+hectare+la+S%C3%A2nnicolau+Mare.+C%C3%A2nd+ar+putea+fi+gata\" title=\"Linkedin\"><\/p>\n<div class=\"td-social-but-text\">Linkedin<\/div>\n<p><\/a><a class=\"td-social-sharing-button td-social-sharing-button-js td-social-network td-social-reddit\" href=\"https:\/\/reddit.com\/submit?url=https:\/\/orasul-timisoara.ro\/local-40229\/&amp;title=Aquapark+de+patru+hectare+la+S%C3%A2nnicolau+Mare.+C%C3%A2nd+ar+putea+fi+gata\" title=\"ReddIt\"><\/p>\n<div class=\"td-social-but-text\">ReddIt<\/div>\n<p><\/a><a class=\"td-social-sharing-button td-social-sharing-button-js td-social-network td-social-mail\" href=\"mailto:?subject=Aquapark%20de%20patru%20hectare%20la%20S%C3%A2nnicolau%20Mare.%20C%C3%A2nd%20ar%20putea%20fi%20gata&amp;body=https:\/\/orasul-timisoara.ro\/local-40229\/\" title=\"Email\"><\/p>\n<div class=\"td-social-but-text\">Email<\/div>\n<p><\/a><a class=\"td-social-sharing-button td-social-sharing-button-js td-social-network td-social-print\" href=\"https:\/\/orasul-timisoara.ro\/local-40229\/\" title=\"Imprimare\"><\/p>\n<div class=\"td-social-but-text\">Imprimare<\/div>\n<p><\/a><\/div>\n<\/div>\n<\/div>\n<div class=\"td-post-content tagdiv-type\">\n<p class=\"wp-block-paragraph\">Consiliul Jude\u021bean Timi\u0219 \u0219i Prim\u0103ria S\u00e2nnicolau Mare au semnat parteneriatul pentru construirea unui nou complex de agrement \u0219i turism \u00een ora\u0219. Proiectul, estimat s\u0103 fie realizat \u00een mai pu\u021bin de trei ani, prevede un aquapark cu func\u021bionare pe tot parcursul anului, bazine interioare \u0219i exterioare, ap\u0103 geotermal\u0103, zone pentru copii \u0219i adul\u021bi, spa\u021bii de recuperare, SPA \u0219i wellness.<\/p>\n<p class=\"wp-block-paragraph\">Investi\u021bia urmeaz\u0103 s\u0103 fie finan\u021bat\u0103 prin Programul Regional Vest 2021\u20132027, \u00een cadrul interven\u021biei dedicate turismului \u0219i cre\u0219terii calit\u0103\u021bii vie\u021bii. Proiectul S\u00e2nnicolau Mare se afl\u0103 pe lista investi\u021biilor preselectate de Agen\u021bia pentru Dezvoltare Regional\u0103 Vest pentru aceast\u0103 linie de finan\u021bare, iar execu\u021bia este prev\u0103zut\u0103 s\u0103 dureze 24 de luni de la emiterea ordinului de \u00eencepere a lucr\u0103rilor.<\/p>\n<h2 class=\"wp-block-heading\">Aquaparkul de la S\u00e2nnicolau Mare va avea patru hectare<\/h2>\n<p class=\"wp-block-paragraph\">Viitorul complex de agrement este proiectat pe o suprafa\u021b\u0103 de aproximativ patru hectare \u0219i va valorifica resursa geotermal\u0103 existent\u0103 \u00een zon\u0103. Potrivit Consiliului Jude\u021bean Timi\u0219, obiectivul este conceput pentru a putea func\u021biona indiferent de sezon.<\/p>\n<p class=\"wp-block-paragraph\">Proiectul include bazine interioare \u0219i exterioare, un bazin alimentat cu ap\u0103 geotermal\u0103, tobogane \u0219i spa\u021bii destinate at\u00e2t copiilor, c\u00e2t \u0219i adul\u021bilor. Sunt prev\u0103zute, de asemenea, zone pentru recuperare \u0219i fizioterapie, precum \u0219i facilit\u0103\u021bi SPA \u0219i wellness.<\/p>\n<h2 class=\"wp-block-heading\">P\u00e2n\u0103 la 1.000 de persoane \u00een sezonul de var\u0103<\/h2>\n<p class=\"wp-block-paragraph\">Capacitatea estimat\u0103 a complexului este de aproximativ 300 de persoane \u00een perioada sezonului rece. \u00cen timpul verii, num\u0103rul vizitatorilor ar putea ajunge p\u00e2n\u0103 la 1.000 de persoane.<\/p>\n<p class=\"wp-block-paragraph\">Pentru accesul celor care vor veni la aquapark este prev\u0103zut\u0103 \u0219i amenajarea unei parc\u0103ri cu aproximativ 400 de locuri. Potrivit proiectului prezentat de autorit\u0103\u021bi, complexul va include \u0219i solu\u021bii pentru producerea energiei din surse regenerabile.<\/p>\n<h2 class=\"wp-block-heading\">Finan\u021barea este preg\u0103tit\u0103 prin Programul Regional Vest<\/h2>\n<p class=\"wp-block-paragraph\">Proiectul de la S\u00e2nnicolau Mare este propus pentru finan\u021bare prin Programul Regional Vest 2021\u20132027, \u00een cadrul Interven\u021biei Regionale 6.2.B \u2013 \u201eTurism \u0219i calitatea vie\u021bii\u201d.<\/p>\n<p class=\"wp-block-paragraph\">Acordul semnat de Consiliul Jude\u021bean Timi\u0219 \u0219i administra\u021bia local\u0103 reprezint\u0103 una dintre etapele necesare pentru dezvoltarea investi\u021biei. Proiectul trebuie s\u0103 parcurg\u0103 \u00een continuare etapele de finan\u021bare \u0219i achizi\u021bie \u00eenainte de intrarea efectiv\u0103 \u00een execu\u021bie.<\/p>\n<p class=\"wp-block-paragraph\">Consiliul Jude\u021bean Timi\u0219 sus\u021bine c\u0103 implicarea jude\u021bului este necesar\u0103 deoarece amploarea financiar\u0103 a investi\u021biei dep\u0103\u0219e\u0219te posibilit\u0103\u021bile unui singur ora\u0219.<\/p>\n<h2 class=\"wp-block-heading\">Alfred Simonis: investi\u021bia poate avea impact economic \u00een \u00eentreg jude\u021bul<\/h2>\n<p class=\"wp-block-paragraph\">Pre\u0219edintele Consiliului Jude\u021bean Timi\u0219, Alfred Simonis, consider\u0103 c\u0103 parteneriatul cu administra\u021bia local\u0103 de la S\u00e2nnicolau Mare arat\u0103 implicarea institu\u021biei jude\u021bene \u00een proiectele dezvoltate de prim\u0103riile din Timi\u0219.<\/p>\n<p class=\"wp-block-paragraph\">\u201ePrin acest parteneriat dovedim c\u0103 suntem al\u0103turi de prim\u0103riile din jude\u021b care \u00ee\u0219i fac treaba. Sus\u021binem financiar un proiect foarte bine preg\u0103tit de administra\u021bia local\u0103, dar a c\u0103rui dimensiune financiar\u0103 dep\u0103\u0219e\u0219te posibilit\u0103\u021bile unui singur ora\u0219\u201d, a declarat Alfred Simonis.<\/p>\n<p class=\"wp-block-paragraph\">Potrivit acestuia, o investi\u021bie local\u0103 de asemenea amploare poate produce efecte economice \u0219i dincolo de limitele ora\u0219ului S\u00e2nnicolau Mare.<\/p>\n<p class=\"wp-block-paragraph\">\u201eO investi\u021bie local\u0103 bine g\u00e2ndit\u0103 poate avea impact economic \u00een tot jude\u021bul\u201d, a subliniat pre\u0219edintele CJ Timi\u0219.<\/p>\n<h2 class=\"wp-block-heading\">Lucr\u0103rile ar urma s\u0103 dureze 24 de luni<\/h2>\n<p class=\"wp-block-paragraph\">Dup\u0103 finalizarea etapelor necesare pentru ob\u021binerea finan\u021b\u0103rii \u0219i derularea procedurilor de achizi\u021bie, proiectul va putea intra \u00een faza de execu\u021bie.<\/p>\n<p class=\"wp-block-paragraph\">Termenul prev\u0103zut pentru realizarea lucr\u0103rilor este de 24 de luni de la emiterea ordinului de \u00eencepere. \u00cen aceste condi\u021bii, autorit\u0103\u021bile estimeaz\u0103 c\u0103 noul complex de agrement ar putea deveni func\u021bional \u00een mai pu\u021bin de trei ani.<\/p>\n<h2 class=\"wp-block-heading\">Un nou punct de atrac\u021bie turistic\u0103 pentru vestul jude\u021bului<\/h2>\n<p class=\"wp-block-paragraph\">Prin dimensiune \u0219i prin facilit\u0103\u021bile propuse, aquaparkul este g\u00e2ndit ca un obiectiv care s\u0103 deserveasc\u0103 nu doar locuitorii din S\u00e2nnicolau Mare, ci \u0219i vizitatorii din alte localit\u0103\u021bi.<\/p>\n<p class=\"wp-block-paragraph\">Utilizarea apei geotermale \u0219i func\u021bionarea pe tot parcursul anului sunt dou\u0103 dintre elementele centrale ale proiectului. Bazinele, zonele de agrement, facilit\u0103\u021bile de recuperare \u0219i spa\u021biile SPA ar urma s\u0103 ofere alternative at\u00e2t pentru petrecerea timpului liber, c\u00e2t \u0219i pentru activit\u0103\u021bi de relaxare \u0219i recuperare.<\/p>\n<p class=\"wp-block-paragraph\">Pentru administra\u021bia jude\u021bean\u0103, investi\u021bia face parte din strategia de sus\u021binere a proiectelor locale cu poten\u021bial de a genera efecte economice la nivel regional.<\/p>\n<h2 class=\"wp-block-heading\">S\u00e2nnicolau Mare intr\u0103 pe harta marilor investi\u021bii de agrement<\/h2>\n<p class=\"wp-block-paragraph\">Semnarea parteneriatului marcheaz\u0103 trecerea proiectului \u00eentr-o etap\u0103 concret\u0103, dup\u0103 preg\u0103tirea documenta\u021biei \u0219i includerea investi\u021biei pe lista celor preselectate pentru finan\u021bare.<\/p>\n<p class=\"wp-block-paragraph\">Dac\u0103 etapele de finan\u021bare \u0219i achizi\u021bie vor fi parcurse conform calendarului, lucr\u0103rile vor putea \u00eencepe dup\u0103 emiterea ordinului de \u00eencepere, urm\u00e2nd s\u0103 se desf\u0103\u0219oare pe o perioad\u0103 de 24 de luni.<\/p>\n<p class=\"wp-block-paragraph\">Noul aquapark este proiectat ca un complex modern, cu o suprafa\u021b\u0103 de aproximativ patru hectare, capacitate de p\u00e2n\u0103 la 1.000 de persoane \u00een sezonul cald \u0219i facilit\u0103\u021bi care s\u0103 permit\u0103 func\u021bionarea pe tot parcursul anului<\/p>\n<\/div>\n<footer>\n<div class=\"td-post-source-tags\">\n<ul class=\"td-tags td-post-small-box clearfix\">\n<li><span>ETICHETE<\/span><\/li>\n<li><a href=\"https:\/\/orasul-timisoara.ro\/local-tag\/adr-vest\/\">adr vest<\/a><\/li>\n<li><a href=\"https:\/\/orasul-timisoara.ro\/local-tag\/agrement\/\">agrement<\/a><\/li>\n<li><a href=\"https:\/\/orasul-timisoara.ro\/local-tag\/alfred-simonis\/\">alfred simonis<\/a><\/li>\n<li><a href=\"https:\/\/orasul-timisoara.ro\/local-tag\/apa-geotermala\/\">ap\u0103 geotermal\u0103<\/a><\/li>\n<li><a href=\"https:\/\/orasul-timisoara.ro\/local-tag\/aquapark-sannicolau-mare\/\">aquapark S\u00e2nnicolau Mare<\/a><\/li>\n<li><a href=\"https:\/\/orasul-timisoara.ro\/local-tag\/consiliul-judetean-timis-2\/\">Consiliul Jude\u021bean Timi\u0219<\/a><\/li>\n<li><a href=\"https:\/\/orasul-timisoara.ro\/local-tag\/investitii-timis-2\/\">investi\u021bii Timi\u0219<\/a><\/li>\n<li><a href=\"https:\/\/orasul-timisoara.ro\/local-tag\/primaria-sannicolau-mare\/\">Prim\u0103ria S\u00e2nnicolau Mare<\/a><\/li>\n<li><a href=\"https:\/\/orasul-timisoara.ro\/local-tag\/programul-regional-vest\/\">Programul Regional Vest<\/a><\/li>\n<li><a href=\"https:\/\/orasul-timisoara.ro\/local-tag\/sannicolau-mare-2\/\">S\u00e2nnicolau Mare<\/a><\/li>\n<li><a href=\"https:\/\/orasul-timisoara.ro\/local-tag\/spa\/\">SPA<\/a><\/li>\n<li><a href=\"https:\/\/orasul-timisoara.ro\/local-tag\/timis-2\/\">timi\u0219<\/a><\/li>\n<li><a href=\"https:\/\/orasul-timisoara.ro\/local-tag\/turism-timis\/\">turism Timi\u0219<\/a><\/li>\n<li><a href=\"https:\/\/orasul-timisoara.ro\/local-tag\/wellness\/\">wellness<\/a><\/li>\n<\/ul>\n<\/div>\n<div class=\"td-post-sharing-bottom\">\n<div class=\"td-post-sharing-classic\"><iframe title=\"bottomFacebookLike\" frameborder src=\"https:\/\/www.facebook.com\/plugins\/like.php?href=https:\/\/orasul-timisoara.ro\/local-40229\/&amp;layout=button_count&amp;show_faces=false&amp;width=105&amp;action=like&amp;colorscheme=light&amp;height=21\"><\/iframe><\/div>\n<div id=\"td_social_sharing_article_bottom\" class=\"td-post-sharing td-ps-bg td-ps-notext td-post-sharing-style1 \">\n<div class=\"td-post-sharing-visible\"><a class=\"td-social-sharing-button td-social-sharing-button-js td-social-network td-social-facebook\" href=\"https:\/\/www.facebook.com\/sharer.php?u=https%3A%2F%2Forasul-timisoara.ro%2Flocal-40229%2F\" title=\"Facebook\"><\/p>\n<div class=\"td-social-but-text\">Facebook<\/div>\n<p><\/a><a class=\"td-social-sharing-button td-social-sharing-button-js td-social-network td-social-twitter\" href=\"https:\/\/twitter.com\/intent\/tweet?text=Aquapark+de+patru+hectare+la+S%C3%A2nnicolau+Mare.+C%C3%A2nd+ar+putea+fi+gata&amp;url=https%3A%2F%2Forasul-timisoara.ro%2Flocal-40229%2F&amp;via=orasultm\" title=\"Twitter\"><\/p>\n<div class=\"td-social-but-text\">Twitter<\/div>\n<p><\/a><a class=\"td-social-sharing-button td-social-sharing-button-js td-social-network td-social-whatsapp\" href=\"https:\/\/api.whatsapp.com\/send?text=Aquapark+de+patru+hectare+la+S%C3%A2nnicolau+Mare.+C%C3%A2nd+ar+putea+fi+gata%20%0A%0A%20https:\/\/orasul-timisoara.ro\/local-40229\/\" title=\"WhatsApp\"><\/p>\n<div class=\"td-social-but-text\">WhatsApp<\/div>\n<p><\/a><a class=\"td-social-sharing-button td-social-sharing-button-js td-social-network td-social-linkedin\" href=\"https:\/\/www.linkedin.com\/shareArticle?mini=true&amp;url=https:\/\/orasul-timisoara.ro\/local-40229\/&amp;title=Aquapark+de+patru+hectare+la+S%C3%A2nnicolau+Mare.+C%C3%A2nd+ar+putea+fi+gata\" title=\"Linkedin\"><\/p>\n<div class=\"td-social-but-text\">Linkedin<\/div>\n<p><\/a><a class=\"td-social-sharing-button td-social-sharing-button-js td-social-network td-social-reddit\" href=\"https:\/\/reddit.com\/submit?url=https:\/\/orasul-timisoara.ro\/local-40229\/&amp;title=Aquapark+de+patru+hectare+la+S%C3%A2nnicolau+Mare.+C%C3%A2nd+ar+putea+fi+gata\" title=\"ReddIt\"><\/p>\n<div class=\"td-social-but-text\">ReddIt<\/div>\n<p><\/a><a class=\"td-social-sharing-button td-social-sharing-button-js td-social-network td-social-mail\" href=\"mailto:?subject=Aquapark%20de%20patru%20hectare%20la%20S%C3%A2nnicolau%20Mare.%20C%C3%A2nd%20ar%20putea%20fi%20gata&amp;body=https:\/\/orasul-timisoara.ro\/local-40229\/\" title=\"Email\"><\/p>\n<div class=\"td-social-but-text\">Email<\/div>\n<p><\/a><a class=\"td-social-sharing-button td-social-sharing-button-js td-social-network td-social-print\" href=\"https:\/\/orasul-timisoara.ro\/local-40229\/\" title=\"Imprimare\"><\/p>\n<div class=\"td-social-but-text\">Imprimare<\/div>\n<p><\/a><\/div>\n<\/div>\n<\/div>\n<div class=\"td-block-row td-post-next-prev\">\n<div class=\"td-block-span6 td-post-prev-post\">\n<div class=\"td-post-next-prev-content\"><span>Articolul precedent<\/span><a href=\"https:\/\/orasul-timisoara.ro\/local-40226\/\">Medicul oftalmolog Alexandra Preda avertizeaz\u0103: Nu privi\u021bi eclipsa de Soare cu ochiul liber<\/a><\/div>\n<\/div>\n<div class=\"td-block-span6 td-post-next-post\">\n<div class=\"td-post-next-prev-content\"><span>Articolul urm\u0103tor<\/span><a href=\"https:\/\/orasul-timisoara.ro\/local-40230\/\">Elevii din Timi\u0219oara decid cum se schimb\u0103 liceele lor. 29 de proiecte sunt \u00een lucru<\/a><\/div>\n<\/div>\n<\/div>\n<div class=\"td-author-name vcard author\"><span class=\"fn\"><a href=\"https:\/\/orasul-timisoara.ro\/author\/timisoara\/\">redactia<\/a><\/span><\/div>\n<p><span class=\"td-page-meta\"><\/span><span class=\"td-page-meta\"><span class=\"td-page-meta\"><\/span><\/span><span class=\"td-page-meta\"><\/span><\/footer>\n<div class=\"td_block_wrap td_block_related_posts tdi_3 td_with_ajax_pagination td-pb-border-top td_block_template_8\" data-td-block-uid=\"tdi_3\">\n<h4 class=\"td-related-title td-block-title\"><a id=\"tdi_4\" class=\"td-related-left td-cur-simple-item\" data-td_filter_value data-td_block_id=\"tdi_3\" href=\"https:\/\/orasul-timisoara.ro\/local-40229\/\">ARTICOLE SIMILARE<\/a><a id=\"tdi_5\" class=\"td-related-right\" data-td_filter_value=\"td_related_more_from_author\" data-td_block_id=\"tdi_3\" href=\"https:\/\/orasul-timisoara.ro\/local-40229\/\">DE LA ACELA\u0218I AUTOR<\/a><\/h4>\n<div id=\"tdi_3\" class=\"td_block_inner\">\n<div class=\"td-related-row\">\n<div class=\"td-related-span4\">\n<div class=\"td_module_related_posts td-animation-stack td_mod_related_posts\">\n<div class=\"td-module-image\">\n<div class=\"td-module-thumb\"><a href=\"https:\/\/orasul-timisoara.ro\/local-40250\/\" rel=\"bookmark\" class=\"td-image-wrap \" title=\"\u0218coala din Dude\u0219tii Noi intr\u0103 \u00een noul an \u0219colar complet modernizat\u0103\"><img loading=\"lazy\" decoding=\"async\" class=\"entry-thumb\" src=\"https:\/\/orasul-timisoara.ro\/wp-content\/uploads\/2026\/08\/scoala-dudesti-436x300.jpg\" alt title=\"\u0218coala din Dude\u0219tii Noi intr\u0103 \u00een noul an \u0219colar complet modernizat\u0103\" width=\"218\" height=\"150\"><\/a><\/div>\n<\/div>\n<div class=\"item-details\">\n<h3 class=\"entry-title td-module-title\"><a href=\"https:\/\/orasul-timisoara.ro\/local-40250\/\" rel=\"bookmark\" title=\"\u0218coala din Dude\u0219tii Noi intr\u0103 \u00een noul an \u0219colar complet modernizat\u0103\">\u0218coala din Dude\u0219tii Noi intr\u0103 \u00een noul an \u0219colar complet modernizat\u0103<\/a><\/h3>\n<\/div>\n<\/div>\n<\/div>\n<div class=\"td-related-span4\">\n<div class=\"td_module_related_posts td-animation-stack td_mod_related_posts\">\n<div class=\"td-module-image\">\n<div class=\"td-module-thumb\"><a href=\"https:\/\/orasul-timisoara.ro\/local-40199\/\" rel=\"bookmark\" class=\"td-image-wrap \" title=\"CJ Timi\u0219 preg\u0103te\u0219te construirea unei \u201ecl\u0103diri iconice\u201d \u00een centrul Timi\u0219oarei. Investi\u021bie de 40 milioane de euro\"><img loading=\"lazy\" decoding=\"async\" class=\"entry-thumb\" src=\"https:\/\/orasul-timisoara.ro\/wp-content\/uploads\/2026\/08\/parcare-centru-tm-436x300.jpg\" alt title=\"CJ Timi\u0219 preg\u0103te\u0219te construirea unei \u201ecl\u0103diri iconice\u201d \u00een centrul Timi\u0219oarei. Investi\u021bie de 40 milioane de euro\" width=\"218\" height=\"150\"><\/a><\/div>\n<\/div>\n<div class=\"item-details\">\n<h3 class=\"entry-title td-module-title\"><a href=\"https:\/\/orasul-timisoara.ro\/local-40199\/\" rel=\"bookmark\" title=\"CJ Timi\u0219 preg\u0103te\u0219te construirea unei \u201ecl\u0103diri iconice\u201d \u00een centrul Timi\u0219oarei. Investi\u021bie de 40 milioane de euro\">CJ Timi\u0219 preg\u0103te\u0219te construirea unei \u201ecl\u0103diri iconice\u201d \u00een centrul Timi\u0219oarei. Investi\u021bie de 40 milioane de euro<\/a><\/h3>\n<\/div>\n<\/div>\n<\/div>\n<div class=\"td-related-span4\">\n<div class=\"td_module_related_posts td-animation-stack td_mod_related_posts\">\n<div class=\"td-module-image\">\n<div class=\"td-module-thumb\"><a href=\"https:\/\/orasul-timisoara.ro\/local-40003\/\" rel=\"bookmark\" class=\"td-image-wrap \" title=\"Contractul de finan\u021bare pentru Institutul Regional de Oncologie Timi\u0219oara a fost semnat\"><img loading=\"lazy\" decoding=\"async\" class=\"entry-thumb\" src=\"https:\/\/orasul-timisoara.ro\/wp-content\/uploads\/2026\/08\/Institutul-Regional-de-Oncologie-Timisoara.-3-436x300.jpg\" alt title=\"Contractul de finan\u021bare pentru Institutul Regional de Oncologie Timi\u0219oara a fost semnat\" width=\"218\" height=\"150\"><\/a><\/div>\n<\/div>\n<div class=\"item-details\">\n<h3 class=\"entry-title td-module-title\"><a href=\"https:\/\/orasul-timisoara.ro\/local-40003\/\" rel=\"bookmark\" title=\"Contractul de finan\u021bare pentru Institutul Regional de Oncologie Timi\u0219oara a fost semnat\">Contractul de finan\u021bare pentru Institutul Regional de Oncologie Timi\u0219oara a fost semnat<\/a><\/h3>\n<\/div>\n<\/div>\n<\/div>\n<\/div>\n<\/div>\n<\/div>\n<div class=\"comments\" id=\"comments\">\n<div id=\"respond\" class=\"comment-respond\">\n<h3 id=\"reply-title\" class=\"comment-reply-title\">L\u0102SA\u021aI UN MESAJ<\/h3>\n<div class=\"comment-form-input-wrap td-form-comment\">\n<div class=\"td-warning-comment\">V\u0103 rug\u0103m s\u0103 introduce\u021bi comentariul dvs.!<\/div>\n<\/div>\n<div class=\"comment-form-input-wrap td-form-author\">\n<div class=\"td-warning-author\">Introduce\u021bi aici numele dvs.<\/div>\n<\/div>\n<div class=\"comment-form-input-wrap td-form-email\">\n<div class=\"td-warning-email-error\">A\u021bi introdus o adres\u0103 de e-mail incorect\u0103!<\/div>\n<div class=\"td-warning-email\">V\u0103 rug\u0103m s\u0103 introduce\u021bi adresa dvs. de e-mail aici<\/div>\n<\/div>\n<\/div>\n<p class=\"akismet_comment_form_privacy_notice\">Acest site folose\u0219te Akismet pentru a reduce spamul. <a href=\"https:\/\/akismet.com\/privacy\/\" target=\"_blank\" rel=\"nofollow noopener\">Afl\u0103 cum sunt procesate datele comentariilor tale<\/a>.<\/p>\n<\/div>\n<\/div>\n<\/div>\n<div class=\"td-pb-span4 td-main-sidebar\" role=\"complementary\">\n<div class=\"td-ss-main-sidebar\">\n<aside id=\"block-4\" class=\"td_block_template_8 widget block-4 widget_block widget_media_image\">\n<figure class=\"wp-block-image size-full\"><img loading=\"lazy\" decoding=\"async\" width=\"336\" height=\"280\" src=\"https:\/\/orasul-timisoara.ro\/wp-content\/uploads\/2024\/11\/ReTIM-Abonamentul-Verde-Google-Ads-336x280px.gif\" alt class=\"wp-image-29257\"><\/figure>\n<\/aside>\n<div class=\"td_block_wrap td_block_social_counter td_block_widget tdi_6 td-social-style5 td-social-boxed td-pb-border-top td_block_template_8\">\n<div class=\"td-block-title-wrap\">\n<h4 class=\"td-block-title\"><span>Urm\u0103re\u0219te-ne pe Social Media<\/span><\/h4>\n<\/div>\n<div class=\"td-social-list\">\n<div class=\"td_social_type td-pb-margin-side td_social_facebook\">\n<div class=\"td-social-box\"><span class=\"td_social_info td_social_info_counter\">344,595<\/span><span class=\"td_social_info td_social_info_name\">Fani<\/span><span class=\"td_social_button\"><a href=\"https:\/\/www.facebook.com\/247timisoara\" target=\"_blank\" rel=\"nofollow\">\u00cemi place<\/a><\/span><\/div>\n<\/div>\n<div class=\"td_social_type td-pb-margin-side td_social_instagram\">\n<div class=\"td-social-box\"><span class=\"td_social_info td_social_info_counter\">4,416<\/span><span class=\"td_social_info td_social_info_name\">Cititori<\/span><span class=\"td_social_button\"><a href=\"https:\/\/instagram.com\/orasultimisoararo\/\" target=\"_blank\" rel=\"nofollow\">Conecta\u021bi-v\u0103<\/a><\/span><\/div>\n<\/div>\n<div class=\"td_social_type td-pb-margin-side td_social_rss\">\n<div class=\"td-social-box\"><span class=\"td_social_info td_social_info_counter\">12,506<\/span><span class=\"td_social_info td_social_info_name\">Cititori<\/span><span class=\"td_social_button\"><a href=\"https:\/\/orasul-timisoara.ro\/feed\/\" target=\"_blank\" rel=\"nofollow\">Conecta\u021bi-v\u0103<\/a><\/span><\/div>\n<\/div>\n<div class=\"td_social_type td-pb-margin-side td_social_tiktok\">\n<div class=\"td-social-box\"><span class=\"td_social_info td_social_info_counter\">1,500<\/span><span class=\"td_social_info td_social_info_name\">Cititori<\/span><span class=\"td_social_button\"><a href=\"https:\/\/www.tiktok.com\/@orasultimisoara\" target=\"_blank\" rel=\"nofollow\">Conecta\u021bi-v\u0103<\/a><\/span><\/div>\n<\/div>\n<div class=\"td_social_type td-pb-margin-side td_social_twitter\">\n<div class=\"td-social-box\"><span class=\"td_social_info td_social_info_counter\">1,595<\/span><span class=\"td_social_info td_social_info_name\">Cititori<\/span><span class=\"td_social_button\"><a href=\"https:\/\/twitter.com\/orasultm\" target=\"_blank\" rel=\"nofollow\">Conecta\u021bi-v\u0103<\/a><\/span><\/div>\n<\/div>\n<div class=\"td_social_type td-pb-margin-side td_social_youtube\">\n<div class=\"td-social-box\"><span class=\"td_social_info td_social_info_counter\">3,506<\/span><span class=\"td_social_info td_social_info_name\">Abona\u021bi<\/span><span class=\"td_social_button\"><a href=\"https:\/\/www.youtube.com\/channel\/UCQNsQvs2XCSIm1Z-AHRturw?sub_confirmation=1\" target=\"_blank\" rel=\"nofollow\">Abona\u021bi-v\u0103<\/a><\/span><\/div>\n<\/div>\n<\/div>\n<\/div>\n<aside id=\"text-7\" class=\"td_block_template_8 widget text-7 widget_text\">\n<h4 class=\"td-block-title\"><span>C\u0103ut\u0103ri populare pe OTM<\/span><\/h4>\n<div class=\"textwidget\"><a href=\"https:\/\/orasul-timisoara.ro\/?s=timisoara\"><span>Timisoara<\/span><\/a><a href=\"https:\/\/orasul-timisoara.ro\/?s=calin+dobra\"><span>Calin Dobra<\/span><\/a><a href=\"https:\/\/orasul-timisoara.ro\/?s=primaria+timisoara\"><span>Primaria Timisoara<\/span><\/a><a href=\"https:\/\/orasul-timisoara.ro\/?s=dominic+fritz\"><span>Dominic Fritz<\/span><\/a><a href=\"https:\/\/orasul-timisoara.ro\/?s=nicolae+robu\"><span>Nicolae Robu<\/span><\/a><a href=\"https:\/\/orasul-timisoara.ro\/?s=consiliul+local+timisoara\">Consiliul Local Timisoara<\/a><a href=\"https:\/\/orasul-timisoara.ro\/?s=consiliul+judetean+timis\"><span>Consiliul Judetean Timis<\/span><\/a><a href=\"https:\/\/orasul-timisoara.ro\/?s=cjt\"><span>CJT<\/span><\/a><a href=\"https:\/\/orasul-timisoara.ro\/?s=Alfred+Simonis\"><span>Alfred Simonis<\/span><\/a><a href=\"https:\/\/orasul-timisoara.ro\/?s=PNL\"><span>PNL<\/span><\/a><a href=\"https:\/\/orasul-timisoara.ro\/?s=coronavirus\"><span>coronavirus<\/span><\/a><a href=\"https:\/\/orasul-timisoara.ro\/?s=teatru+timisoara\">teatru Timisoara<\/a><a href=\"https:\/\/orasul-timisoara.ro\/?s=restaurante\"><span>restaurante Timisoara<\/span><\/a><a href=\"https:\/\/orasul-timisoara.ro\/?s=diskoteka\"><span>Diskoteka<\/span><\/a><a href=\"https:\/\/orasul-timisoara.ro\/?s=iulius+town\"><span>Iulius Town<\/span><\/a><a href=\"https:\/\/orasul-timisoara.ro\/?s=iulius+mall\"><span>Iulius Mall<\/span><\/a><a href=\"https:\/\/orasul-timisoara.ro\/?s=stpt\"><span>STPT<\/span><\/a><a href=\"https:\/\/orasul-timisoara.ro\/?s=alin+nica\"><span>Alin Nica<\/span><\/a><a href=\"https:\/\/orasul-timisoara.ro\/?s=psd\"><span>PSD<\/span><\/a><a href=\"https:\/\/orasul-timisoara.ro\/?s=aeroport\"><span>Aeroportul International Timisoara<\/span><\/a><a href=\"https:\/\/orasul-timisoara.ro\/?s=babes\"><span>Spitalul Victor Babes Timisoara<\/span><\/a><a href=\"https:\/\/orasul-timisoara.ro\/?s=poli\"><span>Poli Timi\u0219oara<\/span><\/a><a href=\"https:\/\/orasul-timisoara.ro\/?s=carantina\"><span>carantina<\/span><\/a><a href=\"https:\/\/orasul-timisoara.ro\/?s=aquatim\"><span>Aquatim<\/span><\/a><a href=\"https:\/\/orasul-timisoara.ro\/local-category\/stiri-timisoara\/\"><span>Stiri Timisoara<\/span><\/a><a href=\"https:\/\/orasul-timisoara.ro\/local-category\/investitii-in-timisoara\/\"><span>Investi\u021bii in Timi\u0219oara<\/span><\/a><a href=\"https:\/\/orasul-timisoara.ro\/local-9463\/\"><span>shaorma<\/span><\/a><a href=\"https:\/\/orasul-timisoara.ro\/?s=trafic\"><span>trafic rutier<\/span><\/a><a href=\"https:\/\/orasul-timisoara.ro\/?s=politia\"><span>politia locala timisoara<\/span><\/a><a href=\"https:\/\/orasul-timisoara.ro\/?s=roxana\"><span>Roxana Iliescu<\/span><\/a><a href=\"https:\/\/orasul-timisoara.ro\/?s=colterm\"><span>Colterm<\/span><\/a><a href=\"https:\/\/orasul-timisoara.ro\/?s=latcau\"><span>Ruben La\u021bc\u0103u<\/span><\/a><a href=\"https:\/\/orasul-timisoara.ro\/?s=timis\"><span>\u0218tiri din Timi\u0219<\/span><\/a><a href=\"https:\/\/orasul-timisoara.ro\/?s=spital\"><span>Spitale din Timi\u0219oara<\/span><\/a><a href=\"https:\/\/orasul-timisoara.ro\/?s=tabara\"><span>Cosmin Tab\u0103r\u0103<\/span><\/a><\/div>\n<\/aside>\n<aside id=\"rss-2\" class=\"td_block_template_8 widget rss-2 widget_rss\">\n<h4 class=\"td-block-title\"><span><a class=\"rsswidget rss-widget-feed\" href=\"https:\/\/fashionfridays.ro\/feed\"><img decoding=\"async\" class=\"rss-widget-icon\" width=\"14\" height=\"14\" src=\"https:\/\/orasul-timisoara.ro\/wp-includes\/images\/rss.png\" alt=\"RSS\" loading=\"lazy\"><\/a><a class=\"rsswidget rss-widget-title\" href=\"https:\/\/fashionfridays.ro\/\">Fashion Fridays<\/a><\/span><\/h4>\n<ul>\n<li><a class=\"rsswidget\" href=\"https:\/\/fashionfridays.ro\/romania-devine-a-29-a-piata-vogue-o-noua-era-pentru-industria-locala-de-moda\/\">Rom\u00e2nia devine a 29-a pia\u021b\u0103 Vogue: o nou\u0103 er\u0103 pentru industria local\u0103 de mod\u0103<\/a>\n<div class=\"rssSummary\">Revista Vogue \u00ee\u0219i extinde prezen\u021ba global\u0103 \u0219i va fi lansat\u0103 oficial \u00een Rom\u00e2nia \u00een prim\u0103vara anului 2027, marc\u00e2nd intrarea pe cea de-a 29-a pia\u021b\u0103 interna\u021bional\u0103. Proiectul este realizat \u00een parteneriat cu AEMME Publishing, o companie media recent \u00eenfiin\u021bat\u0103, care va publica edi\u021bia local\u0103 sub licen\u021b\u0103. Noua edi\u021bie, Vogue Rom\u00e2nia, \u00ee\u0219i propune s\u0103 combine autoritatea global\u0103 [\u2026]<\/div>\n<\/li>\n<\/ul>\n<\/aside>\n<aside id=\"rss-4\" class=\"td_block_template_8 widget rss-4 widget_rss\">\n<h4 class=\"td-block-title\"><span><a class=\"rsswidget rss-widget-feed\" href=\"https:\/\/emasini.ro\/feed\"><img decoding=\"async\" class=\"rss-widget-icon\" width=\"14\" height=\"14\" src=\"https:\/\/orasul-timisoara.ro\/wp-includes\/images\/rss.png\" alt=\"RSS\" loading=\"lazy\"><\/a><a class=\"rsswidget rss-widget-title\" href=\"https:\/\/emasini.ro\/\">eMasini<\/a><\/span><\/h4>\n<ul>\n<li><a class=\"rsswidget\" href=\"https:\/\/emasini.ro\/bmw-testeaza-noul-i4-convertible-primul-cabrio-electric-accesibil-al-marcii\/\">BMW testeaz\u0103 noul i4 Convertible, primul cabrio electric accesibil al m\u0103rcii<\/a>\n<div class=\"rssSummary\">BMW accelereaz\u0103 dezvoltarea noii genera\u021bii de modele electrice bazate pe platforma Neue Klasse, iar unul dintre cele mai interesante proiecte aflate \u00een teste este viitorul BMW i4 Convertible. Prototipul camuflat a fost surprins pe \u0219osele, confirm\u00e2nd c\u0103 produc\u0103torul german preg\u0103te\u0219te o decapotabil\u0103 electric\u0103 destinat\u0103 unui segment \u00een care oferta este, \u00een prezent, extrem de limitat\u0103. [\u2026]<\/div>\n<\/li>\n<\/ul>\n<\/aside>\n<\/div>\n<\/div>\n<\/div>\n<\/div>\n<\/article>\n<div class=\"td-post-content tagdiv-type\">\n<p class=\"wp-block-paragraph\">Consiliul Jude\u021bean Timi\u0219 \u0219i Prim\u0103ria S\u00e2nnicolau Mare au semnat parteneriatul pentru construirea unui nou complex de agrement \u0219i turism \u00een ora\u0219. Proiectul, estimat s\u0103 fie realizat \u00een mai pu\u021bin de trei ani, prevede un aquapark cu func\u021bionare pe tot parcursul anului, bazine interioare \u0219i exterioare, ap\u0103 geotermal\u0103, zone pentru copii \u0219i adul\u021bi, spa\u021bii de recuperare, SPA \u0219i wellness.<\/p>\n<p class=\"wp-block-paragraph\">Investi\u021bia urmeaz\u0103 s\u0103 fie finan\u021bat\u0103 prin Programul Regional Vest 2021\u20132027, \u00een cadrul interven\u021biei dedicate turismului \u0219i cre\u0219terii calit\u0103\u021bii vie\u021bii. Proiectul S\u00e2nnicolau Mare se afl\u0103 pe lista investi\u021biilor preselectate de Agen\u021bia pentru Dezvoltare Regional\u0103 Vest pentru aceast\u0103 linie de finan\u021bare, iar execu\u021bia este prev\u0103zut\u0103 s\u0103 dureze 24 de luni de la emiterea ordinului de \u00eencepere a lucr\u0103rilor.<\/p>\n<h2 class=\"wp-block-heading\">Aquaparkul de la S\u00e2nnicolau Mare va avea patru hectare<\/h2>\n<p class=\"wp-block-paragraph\">Viitorul complex de agrement este proiectat pe o suprafa\u021b\u0103 de aproximativ patru hectare \u0219i va valorifica resursa geotermal\u0103 existent\u0103 \u00een zon\u0103. Potrivit Consiliului Jude\u021bean Timi\u0219, obiectivul este conceput pentru a putea func\u021biona indiferent de sezon.<\/p>\n<p class=\"wp-block-paragraph\">Proiectul include bazine interioare \u0219i exterioare, un bazin alimentat cu ap\u0103 geotermal\u0103, tobogane \u0219i spa\u021bii destinate at\u00e2t copiilor, c\u00e2t \u0219i adul\u021bilor. Sunt prev\u0103zute, de asemenea, zone pentru recuperare \u0219i fizioterapie, precum \u0219i facilit\u0103\u021bi SPA \u0219i wellness.<\/p>\n<h2 class=\"wp-block-heading\">P\u00e2n\u0103 la 1.000 de persoane \u00een sezonul de var\u0103<\/h2>\n<p class=\"wp-block-paragraph\">Capacitatea estimat\u0103 a complexului este de aproximativ 300 de persoane \u00een perioada sezonului rece. \u00cen timpul verii, num\u0103rul vizitatorilor ar putea ajunge p\u00e2n\u0103 la 1.000 de persoane.<\/p>\n<p class=\"wp-block-paragraph\">Pentru accesul celor care vor veni la aquapark este prev\u0103zut\u0103 \u0219i amenajarea unei parc\u0103ri cu aproximativ 400 de locuri. Potrivit proiectului prezentat de autorit\u0103\u021bi, complexul va include \u0219i solu\u021bii pentru producerea energiei din surse regenerabile.<\/p>\n<h2 class=\"wp-block-heading\">Finan\u021barea este preg\u0103tit\u0103 prin Programul Regional Vest<\/h2>\n<p class=\"wp-block-paragraph\">Proiectul de la S\u00e2nnicolau Mare este propus pentru finan\u021bare prin Programul Regional Vest 2021\u20132027, \u00een cadrul Interven\u021biei Regionale 6.2.B \u2013 \u201eTurism \u0219i calitatea vie\u021bii\u201d.<\/p>\n<p class=\"wp-block-paragraph\">Acordul semnat de Consiliul Jude\u021bean Timi\u0219 \u0219i administra\u021bia local\u0103 reprezint\u0103 una dintre etapele necesare pentru dezvoltarea investi\u021biei. Proiectul trebuie s\u0103 parcurg\u0103 \u00een continuare etapele de finan\u021bare \u0219i achizi\u021bie \u00eenainte de intrarea efectiv\u0103 \u00een execu\u021bie.<\/p>\n<p class=\"wp-block-paragraph\">Consiliul Jude\u021bean Timi\u0219 sus\u021bine c\u0103 implicarea jude\u021bului este necesar\u0103 deoarece amploarea financiar\u0103 a investi\u021biei dep\u0103\u0219e\u0219te posibilit\u0103\u021bile unui singur ora\u0219.<\/p>\n<h2 class=\"wp-block-heading\">Alfred Simonis: investi\u021bia poate avea impact economic \u00een \u00eentreg jude\u021bul<\/h2>\n<p class=\"wp-block-paragraph\">Pre\u0219edintele Consiliului Jude\u021bean Timi\u0219, Alfred Simonis, consider\u0103 c\u0103 parteneriatul cu administra\u021bia local\u0103 de la S\u00e2nnicolau Mare arat\u0103 implicarea institu\u021biei jude\u021bene \u00een proiectele dezvoltate de prim\u0103riile din Timi\u0219.<\/p>\n<p class=\"wp-block-paragraph\">\u201ePrin acest parteneriat dovedim c\u0103 suntem al\u0103turi de prim\u0103riile din jude\u021b care \u00ee\u0219i fac treaba. Sus\u021binem financiar un proiect foarte bine preg\u0103tit de administra\u021bia local\u0103, dar a c\u0103rui dimensiune financiar\u0103 dep\u0103\u0219e\u0219te posibilit\u0103\u021bile unui singur ora\u0219\u201d, a declarat Alfred Simonis.<\/p>\n<p class=\"wp-block-paragraph\">Potrivit acestuia, o investi\u021bie local\u0103 de asemenea amploare poate produce efecte economice \u0219i dincolo de limitele ora\u0219ului S\u00e2nnicolau Mare.<\/p>\n<p class=\"wp-block-paragraph\">\u201eO investi\u021bie local\u0103 bine g\u00e2ndit\u0103 poate avea impact economic \u00een tot jude\u021bul\u201d, a subliniat pre\u0219edintele CJ Timi\u0219.<\/p>\n<h2 class=\"wp-block-heading\">Lucr\u0103rile ar urma s\u0103 dureze 24 de luni<\/h2>\n<p class=\"wp-block-paragraph\">Dup\u0103 finalizarea etapelor necesare pentru ob\u021binerea finan\u021b\u0103rii \u0219i derularea procedurilor de achizi\u021bie, proiectul va putea intra \u00een faza de execu\u021bie.<\/p>\n<p class=\"wp-block-paragraph\">Termenul prev\u0103zut pentru realizarea lucr\u0103rilor este de 24 de luni de la emiterea ordinului de \u00eencepere. \u00cen aceste condi\u021bii, autorit\u0103\u021bile estimeaz\u0103 c\u0103 noul complex de agrement ar putea deveni func\u021bional \u00een mai pu\u021bin de trei ani.<\/p>\n<h2 class=\"wp-block-heading\">Un nou punct de atrac\u021bie turistic\u0103 pentru vestul jude\u021bului<\/h2>\n<p class=\"wp-block-paragraph\">Prin dimensiune \u0219i prin facilit\u0103\u021bile propuse, aquaparkul este g\u00e2ndit ca un obiectiv care s\u0103 deserveasc\u0103 nu doar locuitorii din S\u00e2nnicolau Mare, ci \u0219i vizitatorii din alte localit\u0103\u021bi.<\/p>\n<p class=\"wp-block-paragraph\">Utilizarea apei geotermale \u0219i func\u021bionarea pe tot parcursul anului sunt dou\u0103 dintre elementele centrale ale proiectului. Bazinele, zonele de agrement, facilit\u0103\u021bile de recuperare \u0219i spa\u021biile SPA ar urma s\u0103 ofere alternative at\u00e2t pentru petrecerea timpului liber, c\u00e2t \u0219i pentru activit\u0103\u021bi de relaxare \u0219i recuperare.<\/p>\n<p class=\"wp-block-paragraph\">Pentru administra\u021bia jude\u021bean\u0103, investi\u021bia face parte din strategia de sus\u021binere a proiectelor locale cu poten\u021bial de a genera efecte economice la nivel regional.<\/p>\n<h2 class=\"wp-block-heading\">S\u00e2nnicolau Mare intr\u0103 pe harta marilor investi\u021bii de agrement<\/h2>\n<p class=\"wp-block-paragraph\">Semnarea parteneriatului marcheaz\u0103 trecerea proiectului \u00eentr-o etap\u0103 concret\u0103, dup\u0103 preg\u0103tirea documenta\u021biei \u0219i includerea investi\u021biei pe lista celor preselectate pentru finan\u021bare.<\/p>\n<p class=\"wp-block-paragraph\">Dac\u0103 etapele de finan\u021bare \u0219i achizi\u021bie vor fi parcurse conform calendarului, lucr\u0103rile vor putea \u00eencepe dup\u0103 emiterea ordinului de \u00eencepere, urm\u00e2nd s\u0103 se desf\u0103\u0219oare pe o perioad\u0103 de 24 de luni.<\/p>\n<p class=\"wp-block-paragraph\">Noul aquapark este proiectat ca un complex modern, cu o suprafa\u021b\u0103 de aproximativ patru hectare, capacitate de p\u00e2n\u0103 la 1.000 de persoane \u00een sezonul cald \u0219i facilit\u0103\u021bi care s\u0103 permit\u0103 func\u021bionarea pe tot parcursul anului<\/p>\n<\/div>\n<p>[analyse_source url=&#8221;https:\/\/orasul-timisoara.ro\/local-40229\/&#8221;]<\/p>\n","protected":false},"excerpt":{"rendered":"<p>[analyse_image type=&#8221;featured&#8221; src=&#8221;https:\/\/orasul-timisoara.ro\/wp-content\/uploads\/2026\/08\/primar-sannicolau.jpg&#8221;] Administra\u021bie local\u0103Aquapark de patru hectare la S\u00e2nnicolau Mare. C\u00e2nd ar putea fi gata Administra\u021bie local\u0103 Investitii in Timisoara \u0218tiri Locale Aquapark de patru hectare la S\u00e2nnicolau Mare. C\u00e2nd ar putea fi gata De c\u0103tre redactia &#8211; 12\/08\/2026 Facebook Twitter WhatsApp Linkedin ReddIt Email Imprimare Consiliul Jude\u021bean Timi\u0219 \u0219i Prim\u0103ria S\u00e2nnicolau Mare au [&hellip;]<\/p>\n","protected":false},"author":1,"featured_media":0,"comment_status":"open","ping_status":"","sticky":false,"template":"","format":"standard","meta":{"footnotes":""},"categories":[89],"tags":[226,189],"class_list":["post-2092459","post","type-post","status-publish","format-standard","hentry","category-romania","tag-crawlmanager","tag-orasul-timisoara-ro"],"_links":{"self":[{"href":"https:\/\/analyse.optim.biz\/index.php?rest_route=\/wp\/v2\/posts\/2092459","targetHints":{"allow":["GET"]}}],"collection":[{"href":"https:\/\/analyse.optim.biz\/index.php?rest_route=\/wp\/v2\/posts"}],"about":[{"href":"https:\/\/analyse.optim.biz\/index.php?rest_route=\/wp\/v2\/types\/post"}],"author":[{"embeddable":true,"href":"https:\/\/analyse.optim.biz\/index.php?rest_route=\/wp\/v2\/users\/1"}],"replies":[{"embeddable":true,"href":"https:\/\/analyse.optim.biz\/index.php?rest_route=%2Fwp%2Fv2%2Fcomments&post=2092459"}],"version-history":[{"count":0,"href":"https:\/\/analyse.optim.biz\/index.php?rest_route=\/wp\/v2\/posts\/2092459\/revisions"}],"wp:attachment":[{"href":"https:\/\/analyse.optim.biz\/index.php?rest_route=%2Fwp%2Fv2%2Fmedia&parent=2092459"}],"wp:term":[{"taxonomy":"category","embeddable":true,"href":"https:\/\/analyse.optim.biz\/index.php?rest_route=%2Fwp%2Fv2%2Fcategories&post=2092459"},{"taxonomy":"post_tag","embeddable":true,"href":"https:\/\/analyse.optim.biz\/index.php?rest_route=%2Fwp%2Fv2%2Ftags&post=2092459"}],"curies":[{"name":"wp","href":"https:\/\/api.w.org\/{rel}","templated":true}]}}