{"id":2092456,"date":"2026-08-13T12:44:46","date_gmt":"2026-08-13T09:44:46","guid":{"rendered":"https:\/\/analyse.optim.biz\/?p=2092456"},"modified":"2026-08-13T12:44:46","modified_gmt":"2026-08-13T09:44:46","slug":"78-de-accidente-cu-trotinete-electrice-in-timis-un-mort-si-81-de-raniti","status":"publish","type":"post","link":"https:\/\/analyse.optim.biz\/?p=2092456","title":{"rendered":"78 de accidente cu trotinete electrice \u00een Timi\u0219. Un mort \u0219i 81 de r\u0103ni\u021bi"},"content":{"rendered":"<p>[analyse_image type=&#8221;featured&#8221; src=&#8221;https:\/\/orasul-timisoara.ro\/wp-content\/uploads\/2026\/06\/biciclete-trotinete-centru-timisoara.jpg&#8221;]<\/p>\n<article id=\"post-40262\" class=\"td-post-template-7 post-40262 post type-post status-publish format-standard has-post-thumbnail category-featured category-stiri-timisoara tag-accidente-rutiere tag-accidente-timis tag-accidente-trotinete tag-copii-trotinete tag-politia-rutiera-2 tag-prevenirea-accidentelor tag-reguli-de-circulatie tag-siguranta-rutiera-2 tag-timis-2 tag-timisoara-2 tag-trafic-timis tag-trotinete-electrice tag-vehicule-pe-doua-roti td-container-wrap\">\n<div class=\"td-full-screen-header-image-wrap\">\n<div class=\"td-container td-post-header\">\n<div class=\"td-crumb-container\">\n<div class=\"entry-crumbs\"><span><a title=\"Vede\u021bi toate articolele \u00een \u0218tiri Locale\" class=\"entry-crumb\" href=\"https:\/\/orasul-timisoara.ro\/local-category\/stiri-timisoara\/\">\u0218tiri Locale<\/a><\/span><span class=\"td-bred-no-url-last\">78 de accidente cu trotinete electrice \u00een Timi\u0219. Un mort \u0219i 81&#8230;<\/span><\/div>\n<\/div>\n<div class=\"td-post-header-holder\">\n<div class=\"td-parallax-header\">\n<header class=\"td-post-title\">\n<ul class=\"td-category\">\n<li class=\"entry-category\"><a href=\"https:\/\/orasul-timisoara.ro\/local-category\/stiri-timisoara\/\">\u0218tiri Locale<\/a><\/li>\n<\/ul>\n<h1 class=\"entry-title\">78 de accidente cu trotinete electrice \u00een Timi\u0219. Un mort \u0219i 81 de r\u0103ni\u021bi<\/h1>\n<div class=\"td-module-meta-info\">\n<div class=\"td-post-author-name\">\n<div class=\"td-author-by\">De c\u0103tre<\/div>\n<p><a href=\"https:\/\/orasul-timisoara.ro\/author\/timisoara\/\">redactia<\/a><\/p>\n<div class=\"td-author-line\"> &#8211; <\/div>\n<\/div>\n<p><span class=\"td-post-date\"><time class=\"entry-date updated td-module-date\" datetime=\"2026-08-13T15:44:46+03:00\">13\/08\/2026<\/time><\/span><\/div>\n<\/header>\n<\/div>\n<\/div>\n<\/div>\n<div id=\"td-full-screen-header-image\" class=\"td-image-gradient-style7\"><img decoding=\"async\" class=\"td-backstretch\" src=\"https:\/\/orasul-timisoara.ro\/wp-content\/uploads\/2026\/06\/biciclete-trotinete-centru-timisoara.jpg\"><\/div>\n<\/div>\n<div class=\"td-container\">\n<div class=\"td-pb-row\">\n<div class=\"td-pb-span8 td-main-content\" role=\"main\">\n<div class=\"td-ss-main-content\">\n<div class=\"td-post-sharing-top\">\n<div class=\"td-post-sharing-classic\"><iframe title=\"topFacebookLike\" frameborder src=\"https:\/\/www.facebook.com\/plugins\/like.php?href=https:\/\/orasul-timisoara.ro\/local-40262\/&amp;layout=button_count&amp;show_faces=false&amp;width=105&amp;action=like&amp;colorscheme=light&amp;height=21\"><\/iframe><\/div>\n<div id=\"td_social_sharing_article_top\" class=\"td-post-sharing td-ps-bg td-ps-notext td-post-sharing-style1 \">\n<div class=\"td-post-sharing-visible\"><a class=\"td-social-sharing-button td-social-sharing-button-js td-social-network td-social-facebook\" href=\"https:\/\/www.facebook.com\/sharer.php?u=https%3A%2F%2Forasul-timisoara.ro%2Flocal-40262%2F\" title=\"Facebook\"><\/p>\n<div class=\"td-social-but-text\">Facebook<\/div>\n<p><\/a><a class=\"td-social-sharing-button td-social-sharing-button-js td-social-network td-social-twitter\" href=\"https:\/\/twitter.com\/intent\/tweet?text=78+de+accidente+cu+trotinete+electrice+%C3%AEn+Timi%C8%99.+Un+mort+%C8%99i+81+de+r%C4%83ni%C8%9Bi&amp;url=https%3A%2F%2Forasul-timisoara.ro%2Flocal-40262%2F&amp;via=orasultm\" title=\"Twitter\"><\/p>\n<div class=\"td-social-but-text\">Twitter<\/div>\n<p><\/a><a class=\"td-social-sharing-button td-social-sharing-button-js td-social-network td-social-whatsapp\" href=\"https:\/\/api.whatsapp.com\/send?text=78+de+accidente+cu+trotinete+electrice+%C3%AEn+Timi%C8%99.+Un+mort+%C8%99i+81+de+r%C4%83ni%C8%9Bi%20%0A%0A%20https:\/\/orasul-timisoara.ro\/local-40262\/\" title=\"WhatsApp\"><\/p>\n<div class=\"td-social-but-text\">WhatsApp<\/div>\n<p><\/a><a class=\"td-social-sharing-button td-social-sharing-button-js td-social-network td-social-linkedin\" href=\"https:\/\/www.linkedin.com\/shareArticle?mini=true&amp;url=https:\/\/orasul-timisoara.ro\/local-40262\/&amp;title=78+de+accidente+cu+trotinete+electrice+%C3%AEn+Timi%C8%99.+Un+mort+%C8%99i+81+de+r%C4%83ni%C8%9Bi\" title=\"Linkedin\"><\/p>\n<div class=\"td-social-but-text\">Linkedin<\/div>\n<p><\/a><a class=\"td-social-sharing-button td-social-sharing-button-js td-social-network td-social-reddit\" href=\"https:\/\/reddit.com\/submit?url=https:\/\/orasul-timisoara.ro\/local-40262\/&amp;title=78+de+accidente+cu+trotinete+electrice+%C3%AEn+Timi%C8%99.+Un+mort+%C8%99i+81+de+r%C4%83ni%C8%9Bi\" title=\"ReddIt\"><\/p>\n<div class=\"td-social-but-text\">ReddIt<\/div>\n<p><\/a><a class=\"td-social-sharing-button td-social-sharing-button-js td-social-network td-social-mail\" href=\"mailto:?subject=78%20de%20accidente%20cu%20trotinete%20electrice%20%C3%AEn%20Timi%C8%99.%20Un%20mort%20%C8%99i%2081%20de%20r%C4%83ni%C8%9Bi&amp;body=https:\/\/orasul-timisoara.ro\/local-40262\/\" title=\"Email\"><\/p>\n<div class=\"td-social-but-text\">Email<\/div>\n<p><\/a><a class=\"td-social-sharing-button td-social-sharing-button-js td-social-network td-social-print\" href=\"https:\/\/orasul-timisoara.ro\/local-40262\/\" title=\"Imprimare\"><\/p>\n<div class=\"td-social-but-text\">Imprimare<\/div>\n<p><\/a><\/div>\n<\/div>\n<\/div>\n<div class=\"td-post-content tagdiv-type\">\n<p class=\"wp-block-paragraph\">\u00cen jude\u021bul Timi\u0219 au fost \u00eenregistrate 78 de accidente rutiere \u00een care au fost implicate trotinete electrice, de la \u00eenceputul anului 2026 \u0219i p\u00e2n\u0103 \u00een prezent. Bilan\u021bul este unul grav: o persoan\u0103 \u0219i-a pierdut via\u021ba, iar alte 81 au fost r\u0103nite \u00een urma acestor evenimente.<\/p>\n<p class=\"wp-block-paragraph\">Datele sunt prezentate \u00een contextul unei ac\u021biuni desf\u0103\u0219urate pe parcursul lunii august la nivel na\u021bional, \u00een cadrul c\u0103reia poli\u021bi\u0219tii rutieri urm\u0103resc cre\u0219terea disciplinei \u00een r\u00e2ndul celor care folosesc vehicule pe dou\u0103 ro\u021bi. Recomand\u0103rile vizeaz\u0103 \u00een special comportamentul \u00een trafic, traversarea intersec\u021biilor, schimbarea direc\u021biei de mers \u0219i respectarea regulilor privind deplasarea cu trotineta electric\u0103.<\/p>\n<h2 class=\"wp-block-heading\">78 de accidente cu trotinete electrice \u00een Timi\u0219<\/h2>\n<p class=\"wp-block-paragraph\">De la \u00eenceputul anului 2026, trotinetele electrice au fost implicate \u00een 78 de accidente rutiere \u00eenregistrate pe raza jude\u021bului Timi\u0219. \u00cen urma acestor evenimente, 82 de persoane au fost victime, dintre care una a decedat \u0219i 81 au fost r\u0103nite.<\/p>\n<p class=\"wp-block-paragraph\">Bilan\u021bul arat\u0103 riscurile pe care le presupune deplasarea cu trotineta electric\u0103 atunci c\u00e2nd regulile de circula\u021bie nu sunt respectate sau c\u00e2nd utilizatorii nu acord\u0103 suficient\u0103 aten\u021bie situa\u021biilor din trafic.<\/p>\n<p class=\"wp-block-paragraph\">Num\u0103rul accidentelor determin\u0103 \u0219i intensificarea ac\u021biunilor de prevenire \u0219i control desf\u0103\u0219urate de poli\u021bi\u0219tii rutieri.<\/p>\n<h2 class=\"wp-block-heading\">Poli\u021bi\u0219tii rutieri desf\u0103\u0219oar\u0103 ac\u021biuni \u00een luna august<\/h2>\n<p class=\"wp-block-paragraph\">Pe parcursul lunii august, poli\u021bi\u0219tii rutieri desf\u0103\u0219oar\u0103 la nivel na\u021bional activit\u0103\u021bi dedicate cre\u0219terii gradului de disciplin\u0103 \u00een r\u00e2ndul conduc\u0103torilor de vehicule pe dou\u0103 ro\u021bi.<\/p>\n<p class=\"wp-block-paragraph\">Ac\u021biunile urm\u0103resc \u00eencurajarea unui comportament responsabil \u00een trafic \u0219i respectarea regulilor de circula\u021bie de c\u0103tre utilizatorii acestor vehicule. Trotinetele electrice sunt prezente tot mai frecvent \u00een traficul urban, iar modul \u00een care sunt utilizate poate influen\u021ba direct siguran\u021ba tuturor participan\u021bilor la trafic.<\/p>\n<p class=\"wp-block-paragraph\">\u00cen jude\u021bul Timi\u0219, bilan\u021bul accidentelor \u00een care au fost implicate trotinete electrice eviden\u021biaz\u0103 amploarea problemei.<\/p>\n<h2 class=\"wp-block-heading\">Recomand\u0103ri pentru utilizatorii de trotinete electrice<\/h2>\n<p class=\"wp-block-paragraph\">Poli\u021bi\u0219tii le recomand\u0103 utilizatorilor de trotinete electrice s\u0103 acorde o aten\u021bie sporit\u0103 \u00een intersec\u021bii \u0219i atunci c\u00e2nd schimb\u0103 direc\u021bia de mers. Asigurarea temeinic\u0103 \u00eenaintea acestor manevre este esen\u021bial\u0103 pentru evitarea situa\u021biilor periculoase.<\/p>\n<p class=\"wp-block-paragraph\">De asemenea, conduc\u0103torii trotinetelor trebuie s\u0103 respecte regulile referitoare la locurile \u00een care este permis\u0103 deplasarea. Respectarea infrastructurii \u0219i a regulilor de circula\u021bie contribuie la reducerea riscului de producere a unor accidente.<\/p>\n<p class=\"wp-block-paragraph\">Un alt aspect important subliniat de poli\u021bi\u0219ti este interdic\u021bia transport\u0103rii altor persoane pe trotinet\u0103. Utilizatorii trebuie, totodat\u0103, s\u0103 men\u021bin\u0103 permanent contactul cu ambele ro\u021bi pe carosabil.<\/p>\n<h2 class=\"wp-block-heading\">Poli\u021bi\u0219tii avertizeaz\u0103 asupra riscurilor \u00een intersec\u021bii<\/h2>\n<p class=\"wp-block-paragraph\">Intersec\u021biile reprezint\u0103 zone \u00een care utilizatorii trotinetelor trebuie s\u0103 manifeste o aten\u021bie deosebit\u0103. Schimbarea direc\u021biei de mers trebuie f\u0103cut\u0103 numai dup\u0103 o asigurare corespunz\u0103toare \u0219i cu respectarea regulilor de circula\u021bie.<\/p>\n<p class=\"wp-block-paragraph\">Acela\u0219i principiu este valabil \u00een cazul tuturor manevrelor care pot modifica traiectoria trotinetei. Conduc\u0103torii trebuie s\u0103 fie aten\u021bi la ceilal\u021bi participan\u021bi la trafic \u0219i s\u0103 evite manevrele care pot crea situa\u021bii de conflict.<\/p>\n<p class=\"wp-block-paragraph\">Recomand\u0103rile poli\u021bi\u0219tilor vin \u00een condi\u021biile \u00een care, numai \u00een jude\u021bul Timi\u0219, 78 de accidente rutiere cu trotinete electrice au fost raportate de la \u00eenceputul anului.<\/p>\n<h2 class=\"wp-block-heading\">Copiii sub 14 ani nu trebuie s\u0103 circule cu trotineta electric\u0103 pe drumurile publice<\/h2>\n<p class=\"wp-block-paragraph\">Poli\u021bi\u0219tii transmit \u0219i un avertisment adresat p\u0103rin\u021bilor. Ace\u0219tia sunt sf\u0103tui\u021bi s\u0103 nu permit\u0103 copiilor cu v\u00e2rsta sub 14 ani s\u0103 circule cu trotineta electric\u0103 pe drumurile deschise circula\u021biei publice.<\/p>\n<p class=\"wp-block-paragraph\">Recomandarea face parte din m\u0103surile de prevenire promovate \u00een cadrul ac\u021biunilor din luna august. Respectarea limitei de v\u00e2rst\u0103 \u0219i a celorlalte reguli privind utilizarea trotinetelor este important\u0103 pentru reducerea expunerii la accidente.<\/p>\n<p class=\"wp-block-paragraph\">P\u0103rin\u021bii au un rol important \u00een ceea ce prive\u0219te modul \u00een care copiii folosesc aceste vehicule \u0219i \u00een respectarea regulilor aplicabile circula\u021biei pe drumurile publice.<\/p>\n<h2 class=\"wp-block-heading\">Un deces \u0219i 81 de persoane r\u0103nite \u00een accidentele din Timi\u0219<\/h2>\n<p class=\"wp-block-paragraph\">Bilan\u021bul accidentelor \u00een care au fost implicate trotinete electrice este unul \u00eengrijor\u0103tor. Din cele 78 de evenimente \u00eenregistrate \u00een jude\u021bul Timi\u0219 \u00een 2026, o persoan\u0103 a murit, iar alte 81 au suferit r\u0103ni.<\/p>\n<p class=\"wp-block-paragraph\">Datele arat\u0103 c\u0103 accidentele nu se limiteaz\u0103 la incidente f\u0103r\u0103 urm\u0103ri grave, ci pot avea consecin\u021be asupra s\u0103n\u0103t\u0103\u021bii \u0219i chiar asupra vie\u021bii participan\u021bilor la trafic.<\/p>\n<p class=\"wp-block-paragraph\">\u00cen acest context, poli\u021bi\u0219tii pun accent pe respectarea regulilor, aten\u021bia sporit\u0103 \u00een zonele aglomerate \u0219i evitarea comportamentelor care cresc riscul producerii unui accident.<\/p>\n<h2 class=\"wp-block-heading\">Siguran\u021ba \u00een trafic depinde \u0219i de comportamentul utilizatorilor<\/h2>\n<p class=\"wp-block-paragraph\">Trotinetele electrice ofer\u0103 o alternativ\u0103 pentru deplasarea \u00een mediul urban, \u00eens\u0103 utilizarea lor presupune respectarea regulilor de circula\u021bie \u0219i adaptarea comportamentului la condi\u021biile din trafic.<\/p>\n<p class=\"wp-block-paragraph\">Asigurarea \u00een intersec\u021bii, respectarea regulilor privind deplasarea, neutilizarea trotinetei pentru transportul altor persoane \u0219i men\u021binerea contactului ambelor ro\u021bi cu carosabilul se num\u0103r\u0103 printre principalele recomand\u0103ri transmise de poli\u021bi\u0219ti.<\/p>\n<h2 class=\"wp-block-heading\">Concluzie<\/h2>\n<p class=\"wp-block-paragraph\">\u00cen Timi\u0219, 78 de accidente rutiere \u00een care au fost implicate trotinete electrice au fost \u00eenregistrate de la \u00eenceputul anului 2026 p\u00e2n\u0103 \u00een prezent. O persoan\u0103 a murit, iar alte 81 au fost r\u0103nite, potrivit datelor prezentate de poli\u021bi\u0219ti.<\/p>\n<p class=\"wp-block-paragraph\">Ac\u021biunile desf\u0103\u0219urate pe parcursul lunii august la nivel na\u021bional urm\u0103resc cre\u0219terea disciplinei \u00een r\u00e2ndul utilizatorilor vehiculelor pe dou\u0103 ro\u021bi. Poli\u021bia recomand\u0103 aten\u021bie sporit\u0103 \u00een trafic, respectarea regulilor de deplasare \u0219i responsabilitate din partea utilizatorilor \u0219i a p\u0103rin\u021bilor.<\/p>\n<\/div>\n<footer>\n<div class=\"td-post-source-tags\">\n<ul class=\"td-tags td-post-small-box clearfix\">\n<li><span>ETICHETE<\/span><\/li>\n<li><a href=\"https:\/\/orasul-timisoara.ro\/local-tag\/accidente-rutiere\/\">accidente rutiere<\/a><\/li>\n<li><a href=\"https:\/\/orasul-timisoara.ro\/local-tag\/accidente-timis\/\">accidente Timi\u0219<\/a><\/li>\n<li><a href=\"https:\/\/orasul-timisoara.ro\/local-tag\/accidente-trotinete\/\">accidente trotinete<\/a><\/li>\n<li><a href=\"https:\/\/orasul-timisoara.ro\/local-tag\/copii-trotinete\/\">copii trotinete<\/a><\/li>\n<li><a href=\"https:\/\/orasul-timisoara.ro\/local-tag\/politia-rutiera-2\/\">poli\u021bia rutier\u0103<\/a><\/li>\n<li><a href=\"https:\/\/orasul-timisoara.ro\/local-tag\/prevenirea-accidentelor\/\">prevenirea accidentelor<\/a><\/li>\n<li><a href=\"https:\/\/orasul-timisoara.ro\/local-tag\/reguli-de-circulatie\/\">reguli de circula\u021bie<\/a><\/li>\n<li><a href=\"https:\/\/orasul-timisoara.ro\/local-tag\/siguranta-rutiera-2\/\">siguran\u021b\u0103 rutier\u0103<\/a><\/li>\n<li><a href=\"https:\/\/orasul-timisoara.ro\/local-tag\/timis-2\/\">timi\u0219<\/a><\/li>\n<li><a href=\"https:\/\/orasul-timisoara.ro\/local-tag\/timisoara-2\/\">timi\u0219oara<\/a><\/li>\n<li><a href=\"https:\/\/orasul-timisoara.ro\/local-tag\/trafic-timis\/\">trafic Timi\u0219<\/a><\/li>\n<li><a href=\"https:\/\/orasul-timisoara.ro\/local-tag\/trotinete-electrice\/\">trotinete electrice<\/a><\/li>\n<li><a href=\"https:\/\/orasul-timisoara.ro\/local-tag\/vehicule-pe-doua-roti\/\">vehicule pe dou\u0103 ro\u021bi<\/a><\/li>\n<\/ul>\n<\/div>\n<div class=\"td-post-sharing-bottom\">\n<div class=\"td-post-sharing-classic\"><iframe title=\"bottomFacebookLike\" frameborder src=\"https:\/\/www.facebook.com\/plugins\/like.php?href=https:\/\/orasul-timisoara.ro\/local-40262\/&amp;layout=button_count&amp;show_faces=false&amp;width=105&amp;action=like&amp;colorscheme=light&amp;height=21\"><\/iframe><\/div>\n<div id=\"td_social_sharing_article_bottom\" class=\"td-post-sharing td-ps-bg td-ps-notext td-post-sharing-style1 \">\n<div class=\"td-post-sharing-visible\"><a class=\"td-social-sharing-button td-social-sharing-button-js td-social-network td-social-facebook\" href=\"https:\/\/www.facebook.com\/sharer.php?u=https%3A%2F%2Forasul-timisoara.ro%2Flocal-40262%2F\" title=\"Facebook\"><\/p>\n<div class=\"td-social-but-text\">Facebook<\/div>\n<p><\/a><a class=\"td-social-sharing-button td-social-sharing-button-js td-social-network td-social-twitter\" href=\"https:\/\/twitter.com\/intent\/tweet?text=78+de+accidente+cu+trotinete+electrice+%C3%AEn+Timi%C8%99.+Un+mort+%C8%99i+81+de+r%C4%83ni%C8%9Bi&amp;url=https%3A%2F%2Forasul-timisoara.ro%2Flocal-40262%2F&amp;via=orasultm\" title=\"Twitter\"><\/p>\n<div class=\"td-social-but-text\">Twitter<\/div>\n<p><\/a><a class=\"td-social-sharing-button td-social-sharing-button-js td-social-network td-social-whatsapp\" href=\"https:\/\/api.whatsapp.com\/send?text=78+de+accidente+cu+trotinete+electrice+%C3%AEn+Timi%C8%99.+Un+mort+%C8%99i+81+de+r%C4%83ni%C8%9Bi%20%0A%0A%20https:\/\/orasul-timisoara.ro\/local-40262\/\" title=\"WhatsApp\"><\/p>\n<div class=\"td-social-but-text\">WhatsApp<\/div>\n<p><\/a><a class=\"td-social-sharing-button td-social-sharing-button-js td-social-network td-social-linkedin\" href=\"https:\/\/www.linkedin.com\/shareArticle?mini=true&amp;url=https:\/\/orasul-timisoara.ro\/local-40262\/&amp;title=78+de+accidente+cu+trotinete+electrice+%C3%AEn+Timi%C8%99.+Un+mort+%C8%99i+81+de+r%C4%83ni%C8%9Bi\" title=\"Linkedin\"><\/p>\n<div class=\"td-social-but-text\">Linkedin<\/div>\n<p><\/a><a class=\"td-social-sharing-button td-social-sharing-button-js td-social-network td-social-reddit\" href=\"https:\/\/reddit.com\/submit?url=https:\/\/orasul-timisoara.ro\/local-40262\/&amp;title=78+de+accidente+cu+trotinete+electrice+%C3%AEn+Timi%C8%99.+Un+mort+%C8%99i+81+de+r%C4%83ni%C8%9Bi\" title=\"ReddIt\"><\/p>\n<div class=\"td-social-but-text\">ReddIt<\/div>\n<p><\/a><a class=\"td-social-sharing-button td-social-sharing-button-js td-social-network td-social-mail\" href=\"mailto:?subject=78%20de%20accidente%20cu%20trotinete%20electrice%20%C3%AEn%20Timi%C8%99.%20Un%20mort%20%C8%99i%2081%20de%20r%C4%83ni%C8%9Bi&amp;body=https:\/\/orasul-timisoara.ro\/local-40262\/\" title=\"Email\"><\/p>\n<div class=\"td-social-but-text\">Email<\/div>\n<p><\/a><a class=\"td-social-sharing-button td-social-sharing-button-js td-social-network td-social-print\" href=\"https:\/\/orasul-timisoara.ro\/local-40262\/\" title=\"Imprimare\"><\/p>\n<div class=\"td-social-but-text\">Imprimare<\/div>\n<p><\/a><\/div>\n<\/div>\n<\/div>\n<div class=\"td-block-row td-post-next-prev\">\n<div class=\"td-block-span6 td-post-prev-post\">\n<div class=\"td-post-next-prev-content\"><span>Articolul precedent<\/span><a href=\"https:\/\/orasul-timisoara.ro\/local-40260\/\">Dou\u0103 oferte pentru Magistrala Verde din Timi\u0219oara. Proiectul ajunge la 158,3 milioane de lei<\/a><\/div>\n<\/div>\n<div class=\"td-block-span6 td-post-next-post\">\n<div class=\"td-post-next-prev-content\"><span>Articolul urm\u0103tor<\/span><a href=\"https:\/\/orasul-timisoara.ro\/local-40264\/\">Timi\u0219oara atrage tot mai mul\u021bi studen\u021bi c\u0103tre tehnologie, medicin\u0103 \u0219i AI<\/a><\/div>\n<\/div>\n<\/div>\n<div class=\"td-author-name vcard author\"><span class=\"fn\"><a href=\"https:\/\/orasul-timisoara.ro\/author\/timisoara\/\">redactia<\/a><\/span><\/div>\n<p><span class=\"td-page-meta\"><\/span><span class=\"td-page-meta\"><span class=\"td-page-meta\"><\/span><\/span><span class=\"td-page-meta\"><\/span><\/footer>\n<div class=\"td_block_wrap td_block_related_posts tdi_3 td_with_ajax_pagination td-pb-border-top td_block_template_8\" data-td-block-uid=\"tdi_3\">\n<h4 class=\"td-related-title td-block-title\"><a id=\"tdi_4\" class=\"td-related-left td-cur-simple-item\" data-td_filter_value data-td_block_id=\"tdi_3\" href=\"https:\/\/orasul-timisoara.ro\/local-40262\/\">ARTICOLE SIMILARE<\/a><a id=\"tdi_5\" class=\"td-related-right\" data-td_filter_value=\"td_related_more_from_author\" data-td_block_id=\"tdi_3\" href=\"https:\/\/orasul-timisoara.ro\/local-40262\/\">DE LA ACELA\u0218I AUTOR<\/a><\/h4>\n<div id=\"tdi_3\" class=\"td_block_inner\">\n<div class=\"td-related-row\">\n<div class=\"td-related-span4\">\n<div class=\"td_module_related_posts td-animation-stack td_mod_related_posts\">\n<div class=\"td-module-image\">\n<div class=\"td-module-thumb\"><a href=\"https:\/\/orasul-timisoara.ro\/local-40025\/\" rel=\"bookmark\" class=\"td-image-wrap \" title=\"Razie pe DN 6 \u00een Timi\u0219: 151 de amenzi \u0219i nou\u0103 permise re\u021binute (foto)\"><img loading=\"lazy\" decoding=\"async\" class=\"entry-thumb\" src=\"https:\/\/orasul-timisoara.ro\/wp-content\/uploads\/2026\/08\/WhatsApp-Image-2026-08-04-at-09.21.52-436x300.jpg\" alt title=\"Razie pe DN 6 \u00een Timi\u0219: 151 de amenzi \u0219i nou\u0103 permise re\u021binute (foto)\" width=\"218\" height=\"150\"><\/a><\/div>\n<\/div>\n<div class=\"item-details\">\n<h3 class=\"entry-title td-module-title\"><a href=\"https:\/\/orasul-timisoara.ro\/local-40025\/\" rel=\"bookmark\" title=\"Razie pe DN 6 \u00een Timi\u0219: 151 de amenzi \u0219i nou\u0103 permise re\u021binute (foto)\">Razie pe DN 6 \u00een Timi\u0219: 151 de amenzi \u0219i nou\u0103 permise re\u021binute (foto)<\/a><\/h3>\n<\/div>\n<\/div>\n<\/div>\n<div class=\"td-related-span4\">\n<div class=\"td_module_related_posts td-animation-stack td_mod_related_posts\">\n<div class=\"td-module-image\">\n<div class=\"td-module-thumb\"><a href=\"https:\/\/orasul-timisoara.ro\/local-40000\/\" rel=\"bookmark\" class=\"td-image-wrap \" title=\"\u0218oferi inteligen\u021bi : accident cu cinci ma\u0219ini pe DN 59A, \u00eentre Timi\u0219oara \u0219i S\u0103c\u0103laz\"><img loading=\"lazy\" decoding=\"async\" class=\"entry-thumb\" src=\"https:\/\/orasul-timisoara.ro\/wp-content\/uploads\/2026\/08\/WhatsApp-Image-2026-08-04-at-11.02.42-436x300.jpg\" alt title=\"\u0218oferi inteligen\u021bi : accident cu cinci ma\u0219ini pe DN 59A, \u00eentre Timi\u0219oara \u0219i S\u0103c\u0103laz\" width=\"218\" height=\"150\"><\/a><\/div>\n<\/div>\n<div class=\"item-details\">\n<h3 class=\"entry-title td-module-title\"><a href=\"https:\/\/orasul-timisoara.ro\/local-40000\/\" rel=\"bookmark\" title=\"\u0218oferi inteligen\u021bi : accident cu cinci ma\u0219ini pe DN 59A, \u00eentre Timi\u0219oara \u0219i S\u0103c\u0103laz\">\u0218oferi inteligen\u021bi : accident cu cinci ma\u0219ini pe DN 59A, \u00eentre Timi\u0219oara \u0219i S\u0103c\u0103laz<\/a><\/h3>\n<\/div>\n<\/div>\n<\/div>\n<div class=\"td-related-span4\">\n<div class=\"td_module_related_posts td-animation-stack td_mod_related_posts\">\n<div class=\"td-module-image\">\n<div class=\"td-module-thumb\"><a href=\"https:\/\/orasul-timisoara.ro\/local-39726\/\" rel=\"bookmark\" class=\"td-image-wrap \" title=\"Ac\u021biune de amploare a poli\u021biei \u00een Timi\u0219oara: amenzi, permise re\u021binute \u0219i un urm\u0103rit interna\u021bional depistat (foto)\"><img loading=\"lazy\" decoding=\"async\" class=\"entry-thumb\" src=\"https:\/\/orasul-timisoara.ro\/wp-content\/uploads\/2026\/07\/WhatsApp-Image-2026-07-18-at-13.29.39-436x300.jpg\" alt title=\"Ac\u021biune de amploare a poli\u021biei \u00een Timi\u0219oara: amenzi, permise re\u021binute \u0219i un urm\u0103rit interna\u021bional depistat (foto)\" width=\"218\" height=\"150\"><\/a><\/div>\n<\/div>\n<div class=\"item-details\">\n<h3 class=\"entry-title td-module-title\"><a href=\"https:\/\/orasul-timisoara.ro\/local-39726\/\" rel=\"bookmark\" title=\"Ac\u021biune de amploare a poli\u021biei \u00een Timi\u0219oara: amenzi, permise re\u021binute \u0219i un urm\u0103rit interna\u021bional depistat (foto)\">Ac\u021biune de amploare a poli\u021biei \u00een Timi\u0219oara: amenzi, permise re\u021binute \u0219i un urm\u0103rit interna\u021bional depistat (foto)<\/a><\/h3>\n<\/div>\n<\/div>\n<\/div>\n<\/div>\n<\/div>\n<\/div>\n<div class=\"comments\" id=\"comments\">\n<div id=\"respond\" class=\"comment-respond\">\n<h3 id=\"reply-title\" class=\"comment-reply-title\">L\u0102SA\u021aI UN MESAJ<\/h3>\n<div class=\"comment-form-input-wrap td-form-comment\">\n<div class=\"td-warning-comment\">V\u0103 rug\u0103m s\u0103 introduce\u021bi comentariul dvs.!<\/div>\n<\/div>\n<div class=\"comment-form-input-wrap td-form-author\">\n<div class=\"td-warning-author\">Introduce\u021bi aici numele dvs.<\/div>\n<\/div>\n<div class=\"comment-form-input-wrap td-form-email\">\n<div class=\"td-warning-email-error\">A\u021bi introdus o adres\u0103 de e-mail incorect\u0103!<\/div>\n<div class=\"td-warning-email\">V\u0103 rug\u0103m s\u0103 introduce\u021bi adresa dvs. de e-mail aici<\/div>\n<\/div>\n<\/div>\n<p class=\"akismet_comment_form_privacy_notice\">Acest site folose\u0219te Akismet pentru a reduce spamul. <a href=\"https:\/\/akismet.com\/privacy\/\" target=\"_blank\" rel=\"nofollow noopener\">Afl\u0103 cum sunt procesate datele comentariilor tale<\/a>.<\/p>\n<\/div>\n<\/div>\n<\/div>\n<div class=\"td-pb-span4 td-main-sidebar\" role=\"complementary\">\n<div class=\"td-ss-main-sidebar\">\n<aside id=\"block-4\" class=\"td_block_template_8 widget block-4 widget_block widget_media_image\">\n<figure class=\"wp-block-image size-full\"><img loading=\"lazy\" decoding=\"async\" width=\"336\" height=\"280\" src=\"https:\/\/orasul-timisoara.ro\/wp-content\/uploads\/2024\/11\/ReTIM-Abonamentul-Verde-Google-Ads-336x280px.gif\" alt class=\"wp-image-29257\"><\/figure>\n<\/aside>\n<div class=\"td_block_wrap td_block_social_counter td_block_widget tdi_6 td-social-style5 td-social-boxed td-pb-border-top td_block_template_8\">\n<div class=\"td-block-title-wrap\">\n<h4 class=\"td-block-title\"><span>Urm\u0103re\u0219te-ne pe Social Media<\/span><\/h4>\n<\/div>\n<div class=\"td-social-list\">\n<div class=\"td_social_type td-pb-margin-side td_social_facebook\">\n<div class=\"td-social-box\"><span class=\"td_social_info td_social_info_counter\">344,595<\/span><span class=\"td_social_info td_social_info_name\">Fani<\/span><span class=\"td_social_button\"><a href=\"https:\/\/www.facebook.com\/247timisoara\" target=\"_blank\" rel=\"nofollow\">\u00cemi place<\/a><\/span><\/div>\n<\/div>\n<div class=\"td_social_type td-pb-margin-side td_social_instagram\">\n<div class=\"td-social-box\"><span class=\"td_social_info td_social_info_counter\">4,416<\/span><span class=\"td_social_info td_social_info_name\">Cititori<\/span><span class=\"td_social_button\"><a href=\"https:\/\/instagram.com\/orasultimisoararo\/\" target=\"_blank\" rel=\"nofollow\">Conecta\u021bi-v\u0103<\/a><\/span><\/div>\n<\/div>\n<div class=\"td_social_type td-pb-margin-side td_social_rss\">\n<div class=\"td-social-box\"><span class=\"td_social_info td_social_info_counter\">12,506<\/span><span class=\"td_social_info td_social_info_name\">Cititori<\/span><span class=\"td_social_button\"><a href=\"https:\/\/orasul-timisoara.ro\/feed\/\" target=\"_blank\" rel=\"nofollow\">Conecta\u021bi-v\u0103<\/a><\/span><\/div>\n<\/div>\n<div class=\"td_social_type td-pb-margin-side td_social_tiktok\">\n<div class=\"td-social-box\"><span class=\"td_social_info td_social_info_counter\">1,500<\/span><span class=\"td_social_info td_social_info_name\">Cititori<\/span><span class=\"td_social_button\"><a href=\"https:\/\/www.tiktok.com\/@orasultimisoara\" target=\"_blank\" rel=\"nofollow\">Conecta\u021bi-v\u0103<\/a><\/span><\/div>\n<\/div>\n<div class=\"td_social_type td-pb-margin-side td_social_twitter\">\n<div class=\"td-social-box\"><span class=\"td_social_info td_social_info_counter\">1,595<\/span><span class=\"td_social_info td_social_info_name\">Cititori<\/span><span class=\"td_social_button\"><a href=\"https:\/\/twitter.com\/orasultm\" target=\"_blank\" rel=\"nofollow\">Conecta\u021bi-v\u0103<\/a><\/span><\/div>\n<\/div>\n<div class=\"td_social_type td-pb-margin-side td_social_youtube\">\n<div class=\"td-social-box\"><span class=\"td_social_info td_social_info_counter\">3,506<\/span><span class=\"td_social_info td_social_info_name\">Abona\u021bi<\/span><span class=\"td_social_button\"><a href=\"https:\/\/www.youtube.com\/channel\/UCQNsQvs2XCSIm1Z-AHRturw?sub_confirmation=1\" target=\"_blank\" rel=\"nofollow\">Abona\u021bi-v\u0103<\/a><\/span><\/div>\n<\/div>\n<\/div>\n<\/div>\n<aside id=\"text-7\" class=\"td_block_template_8 widget text-7 widget_text\">\n<h4 class=\"td-block-title\"><span>C\u0103ut\u0103ri populare pe OTM<\/span><\/h4>\n<div class=\"textwidget\"><a href=\"https:\/\/orasul-timisoara.ro\/?s=timisoara\"><span>Timisoara<\/span><\/a><a href=\"https:\/\/orasul-timisoara.ro\/?s=calin+dobra\"><span>Calin Dobra<\/span><\/a><a href=\"https:\/\/orasul-timisoara.ro\/?s=primaria+timisoara\"><span>Primaria Timisoara<\/span><\/a><a href=\"https:\/\/orasul-timisoara.ro\/?s=dominic+fritz\"><span>Dominic Fritz<\/span><\/a><a href=\"https:\/\/orasul-timisoara.ro\/?s=nicolae+robu\"><span>Nicolae Robu<\/span><\/a><a href=\"https:\/\/orasul-timisoara.ro\/?s=consiliul+local+timisoara\">Consiliul Local Timisoara<\/a><a href=\"https:\/\/orasul-timisoara.ro\/?s=consiliul+judetean+timis\"><span>Consiliul Judetean Timis<\/span><\/a><a href=\"https:\/\/orasul-timisoara.ro\/?s=cjt\"><span>CJT<\/span><\/a><a href=\"https:\/\/orasul-timisoara.ro\/?s=Alfred+Simonis\"><span>Alfred Simonis<\/span><\/a><a href=\"https:\/\/orasul-timisoara.ro\/?s=PNL\"><span>PNL<\/span><\/a><a href=\"https:\/\/orasul-timisoara.ro\/?s=coronavirus\"><span>coronavirus<\/span><\/a><a href=\"https:\/\/orasul-timisoara.ro\/?s=teatru+timisoara\">teatru Timisoara<\/a><a href=\"https:\/\/orasul-timisoara.ro\/?s=restaurante\"><span>restaurante Timisoara<\/span><\/a><a href=\"https:\/\/orasul-timisoara.ro\/?s=diskoteka\"><span>Diskoteka<\/span><\/a><a href=\"https:\/\/orasul-timisoara.ro\/?s=iulius+town\"><span>Iulius Town<\/span><\/a><a href=\"https:\/\/orasul-timisoara.ro\/?s=iulius+mall\"><span>Iulius Mall<\/span><\/a><a href=\"https:\/\/orasul-timisoara.ro\/?s=stpt\"><span>STPT<\/span><\/a><a href=\"https:\/\/orasul-timisoara.ro\/?s=alin+nica\"><span>Alin Nica<\/span><\/a><a href=\"https:\/\/orasul-timisoara.ro\/?s=psd\"><span>PSD<\/span><\/a><a href=\"https:\/\/orasul-timisoara.ro\/?s=aeroport\"><span>Aeroportul International Timisoara<\/span><\/a><a href=\"https:\/\/orasul-timisoara.ro\/?s=babes\"><span>Spitalul Victor Babes Timisoara<\/span><\/a><a href=\"https:\/\/orasul-timisoara.ro\/?s=poli\"><span>Poli Timi\u0219oara<\/span><\/a><a href=\"https:\/\/orasul-timisoara.ro\/?s=carantina\"><span>carantina<\/span><\/a><a href=\"https:\/\/orasul-timisoara.ro\/?s=aquatim\"><span>Aquatim<\/span><\/a><a href=\"https:\/\/orasul-timisoara.ro\/local-category\/stiri-timisoara\/\"><span>Stiri Timisoara<\/span><\/a><a href=\"https:\/\/orasul-timisoara.ro\/local-category\/investitii-in-timisoara\/\"><span>Investi\u021bii in Timi\u0219oara<\/span><\/a><a href=\"https:\/\/orasul-timisoara.ro\/local-9463\/\"><span>shaorma<\/span><\/a><a href=\"https:\/\/orasul-timisoara.ro\/?s=trafic\"><span>trafic rutier<\/span><\/a><a href=\"https:\/\/orasul-timisoara.ro\/?s=politia\"><span>politia locala timisoara<\/span><\/a><a href=\"https:\/\/orasul-timisoara.ro\/?s=roxana\"><span>Roxana Iliescu<\/span><\/a><a href=\"https:\/\/orasul-timisoara.ro\/?s=colterm\"><span>Colterm<\/span><\/a><a href=\"https:\/\/orasul-timisoara.ro\/?s=latcau\"><span>Ruben La\u021bc\u0103u<\/span><\/a><a href=\"https:\/\/orasul-timisoara.ro\/?s=timis\"><span>\u0218tiri din Timi\u0219<\/span><\/a><a href=\"https:\/\/orasul-timisoara.ro\/?s=spital\"><span>Spitale din Timi\u0219oara<\/span><\/a><a href=\"https:\/\/orasul-timisoara.ro\/?s=tabara\"><span>Cosmin Tab\u0103r\u0103<\/span><\/a><\/div>\n<\/aside>\n<aside id=\"rss-2\" class=\"td_block_template_8 widget rss-2 widget_rss\">\n<h4 class=\"td-block-title\"><span><a class=\"rsswidget rss-widget-feed\" href=\"https:\/\/fashionfridays.ro\/feed\"><img decoding=\"async\" class=\"rss-widget-icon\" width=\"14\" height=\"14\" src=\"https:\/\/orasul-timisoara.ro\/wp-includes\/images\/rss.png\" alt=\"RSS\" loading=\"lazy\"><\/a><a class=\"rsswidget rss-widget-title\" href=\"https:\/\/fashionfridays.ro\/\">Fashion Fridays<\/a><\/span><\/h4>\n<ul>\n<li><a class=\"rsswidget\" href=\"https:\/\/fashionfridays.ro\/romania-devine-a-29-a-piata-vogue-o-noua-era-pentru-industria-locala-de-moda\/\">Rom\u00e2nia devine a 29-a pia\u021b\u0103 Vogue: o nou\u0103 er\u0103 pentru industria local\u0103 de mod\u0103<\/a>\n<div class=\"rssSummary\">Revista Vogue \u00ee\u0219i extinde prezen\u021ba global\u0103 \u0219i va fi lansat\u0103 oficial \u00een Rom\u00e2nia \u00een prim\u0103vara anului 2027, marc\u00e2nd intrarea pe cea de-a 29-a pia\u021b\u0103 interna\u021bional\u0103. Proiectul este realizat \u00een parteneriat cu AEMME Publishing, o companie media recent \u00eenfiin\u021bat\u0103, care va publica edi\u021bia local\u0103 sub licen\u021b\u0103. Noua edi\u021bie, Vogue Rom\u00e2nia, \u00ee\u0219i propune s\u0103 combine autoritatea global\u0103 [\u2026]<\/div>\n<\/li>\n<\/ul>\n<\/aside>\n<aside id=\"rss-4\" class=\"td_block_template_8 widget rss-4 widget_rss\">\n<h4 class=\"td-block-title\"><span><a class=\"rsswidget rss-widget-feed\" href=\"https:\/\/emasini.ro\/feed\"><img decoding=\"async\" class=\"rss-widget-icon\" width=\"14\" height=\"14\" src=\"https:\/\/orasul-timisoara.ro\/wp-includes\/images\/rss.png\" alt=\"RSS\" loading=\"lazy\"><\/a><a class=\"rsswidget rss-widget-title\" href=\"https:\/\/emasini.ro\/\">eMasini<\/a><\/span><\/h4>\n<ul>\n<li><a class=\"rsswidget\" href=\"https:\/\/emasini.ro\/bmw-testeaza-noul-i4-convertible-primul-cabrio-electric-accesibil-al-marcii\/\">BMW testeaz\u0103 noul i4 Convertible, primul cabrio electric accesibil al m\u0103rcii<\/a>\n<div class=\"rssSummary\">BMW accelereaz\u0103 dezvoltarea noii genera\u021bii de modele electrice bazate pe platforma Neue Klasse, iar unul dintre cele mai interesante proiecte aflate \u00een teste este viitorul BMW i4 Convertible. Prototipul camuflat a fost surprins pe \u0219osele, confirm\u00e2nd c\u0103 produc\u0103torul german preg\u0103te\u0219te o decapotabil\u0103 electric\u0103 destinat\u0103 unui segment \u00een care oferta este, \u00een prezent, extrem de limitat\u0103. [\u2026]<\/div>\n<\/li>\n<\/ul>\n<\/aside>\n<\/div>\n<\/div>\n<\/div>\n<\/div>\n<\/article>\n<div class=\"td-post-content tagdiv-type\">\n<p class=\"wp-block-paragraph\">\u00cen jude\u021bul Timi\u0219 au fost \u00eenregistrate 78 de accidente rutiere \u00een care au fost implicate trotinete electrice, de la \u00eenceputul anului 2026 \u0219i p\u00e2n\u0103 \u00een prezent. Bilan\u021bul este unul grav: o persoan\u0103 \u0219i-a pierdut via\u021ba, iar alte 81 au fost r\u0103nite \u00een urma acestor evenimente.<\/p>\n<p class=\"wp-block-paragraph\">Datele sunt prezentate \u00een contextul unei ac\u021biuni desf\u0103\u0219urate pe parcursul lunii august la nivel na\u021bional, \u00een cadrul c\u0103reia poli\u021bi\u0219tii rutieri urm\u0103resc cre\u0219terea disciplinei \u00een r\u00e2ndul celor care folosesc vehicule pe dou\u0103 ro\u021bi. Recomand\u0103rile vizeaz\u0103 \u00een special comportamentul \u00een trafic, traversarea intersec\u021biilor, schimbarea direc\u021biei de mers \u0219i respectarea regulilor privind deplasarea cu trotineta electric\u0103.<\/p>\n<h2 class=\"wp-block-heading\">78 de accidente cu trotinete electrice \u00een Timi\u0219<\/h2>\n<p class=\"wp-block-paragraph\">De la \u00eenceputul anului 2026, trotinetele electrice au fost implicate \u00een 78 de accidente rutiere \u00eenregistrate pe raza jude\u021bului Timi\u0219. \u00cen urma acestor evenimente, 82 de persoane au fost victime, dintre care una a decedat \u0219i 81 au fost r\u0103nite.<\/p>\n<p class=\"wp-block-paragraph\">Bilan\u021bul arat\u0103 riscurile pe care le presupune deplasarea cu trotineta electric\u0103 atunci c\u00e2nd regulile de circula\u021bie nu sunt respectate sau c\u00e2nd utilizatorii nu acord\u0103 suficient\u0103 aten\u021bie situa\u021biilor din trafic.<\/p>\n<p class=\"wp-block-paragraph\">Num\u0103rul accidentelor determin\u0103 \u0219i intensificarea ac\u021biunilor de prevenire \u0219i control desf\u0103\u0219urate de poli\u021bi\u0219tii rutieri.<\/p>\n<h2 class=\"wp-block-heading\">Poli\u021bi\u0219tii rutieri desf\u0103\u0219oar\u0103 ac\u021biuni \u00een luna august<\/h2>\n<p class=\"wp-block-paragraph\">Pe parcursul lunii august, poli\u021bi\u0219tii rutieri desf\u0103\u0219oar\u0103 la nivel na\u021bional activit\u0103\u021bi dedicate cre\u0219terii gradului de disciplin\u0103 \u00een r\u00e2ndul conduc\u0103torilor de vehicule pe dou\u0103 ro\u021bi.<\/p>\n<p class=\"wp-block-paragraph\">Ac\u021biunile urm\u0103resc \u00eencurajarea unui comportament responsabil \u00een trafic \u0219i respectarea regulilor de circula\u021bie de c\u0103tre utilizatorii acestor vehicule. Trotinetele electrice sunt prezente tot mai frecvent \u00een traficul urban, iar modul \u00een care sunt utilizate poate influen\u021ba direct siguran\u021ba tuturor participan\u021bilor la trafic.<\/p>\n<p class=\"wp-block-paragraph\">\u00cen jude\u021bul Timi\u0219, bilan\u021bul accidentelor \u00een care au fost implicate trotinete electrice eviden\u021biaz\u0103 amploarea problemei.<\/p>\n<h2 class=\"wp-block-heading\">Recomand\u0103ri pentru utilizatorii de trotinete electrice<\/h2>\n<p class=\"wp-block-paragraph\">Poli\u021bi\u0219tii le recomand\u0103 utilizatorilor de trotinete electrice s\u0103 acorde o aten\u021bie sporit\u0103 \u00een intersec\u021bii \u0219i atunci c\u00e2nd schimb\u0103 direc\u021bia de mers. Asigurarea temeinic\u0103 \u00eenaintea acestor manevre este esen\u021bial\u0103 pentru evitarea situa\u021biilor periculoase.<\/p>\n<p class=\"wp-block-paragraph\">De asemenea, conduc\u0103torii trotinetelor trebuie s\u0103 respecte regulile referitoare la locurile \u00een care este permis\u0103 deplasarea. Respectarea infrastructurii \u0219i a regulilor de circula\u021bie contribuie la reducerea riscului de producere a unor accidente.<\/p>\n<p class=\"wp-block-paragraph\">Un alt aspect important subliniat de poli\u021bi\u0219ti este interdic\u021bia transport\u0103rii altor persoane pe trotinet\u0103. Utilizatorii trebuie, totodat\u0103, s\u0103 men\u021bin\u0103 permanent contactul cu ambele ro\u021bi pe carosabil.<\/p>\n<h2 class=\"wp-block-heading\">Poli\u021bi\u0219tii avertizeaz\u0103 asupra riscurilor \u00een intersec\u021bii<\/h2>\n<p class=\"wp-block-paragraph\">Intersec\u021biile reprezint\u0103 zone \u00een care utilizatorii trotinetelor trebuie s\u0103 manifeste o aten\u021bie deosebit\u0103. Schimbarea direc\u021biei de mers trebuie f\u0103cut\u0103 numai dup\u0103 o asigurare corespunz\u0103toare \u0219i cu respectarea regulilor de circula\u021bie.<\/p>\n<p class=\"wp-block-paragraph\">Acela\u0219i principiu este valabil \u00een cazul tuturor manevrelor care pot modifica traiectoria trotinetei. Conduc\u0103torii trebuie s\u0103 fie aten\u021bi la ceilal\u021bi participan\u021bi la trafic \u0219i s\u0103 evite manevrele care pot crea situa\u021bii de conflict.<\/p>\n<p class=\"wp-block-paragraph\">Recomand\u0103rile poli\u021bi\u0219tilor vin \u00een condi\u021biile \u00een care, numai \u00een jude\u021bul Timi\u0219, 78 de accidente rutiere cu trotinete electrice au fost raportate de la \u00eenceputul anului.<\/p>\n<h2 class=\"wp-block-heading\">Copiii sub 14 ani nu trebuie s\u0103 circule cu trotineta electric\u0103 pe drumurile publice<\/h2>\n<p class=\"wp-block-paragraph\">Poli\u021bi\u0219tii transmit \u0219i un avertisment adresat p\u0103rin\u021bilor. Ace\u0219tia sunt sf\u0103tui\u021bi s\u0103 nu permit\u0103 copiilor cu v\u00e2rsta sub 14 ani s\u0103 circule cu trotineta electric\u0103 pe drumurile deschise circula\u021biei publice.<\/p>\n<p class=\"wp-block-paragraph\">Recomandarea face parte din m\u0103surile de prevenire promovate \u00een cadrul ac\u021biunilor din luna august. Respectarea limitei de v\u00e2rst\u0103 \u0219i a celorlalte reguli privind utilizarea trotinetelor este important\u0103 pentru reducerea expunerii la accidente.<\/p>\n<p class=\"wp-block-paragraph\">P\u0103rin\u021bii au un rol important \u00een ceea ce prive\u0219te modul \u00een care copiii folosesc aceste vehicule \u0219i \u00een respectarea regulilor aplicabile circula\u021biei pe drumurile publice.<\/p>\n<h2 class=\"wp-block-heading\">Un deces \u0219i 81 de persoane r\u0103nite \u00een accidentele din Timi\u0219<\/h2>\n<p class=\"wp-block-paragraph\">Bilan\u021bul accidentelor \u00een care au fost implicate trotinete electrice este unul \u00eengrijor\u0103tor. Din cele 78 de evenimente \u00eenregistrate \u00een jude\u021bul Timi\u0219 \u00een 2026, o persoan\u0103 a murit, iar alte 81 au suferit r\u0103ni.<\/p>\n<p class=\"wp-block-paragraph\">Datele arat\u0103 c\u0103 accidentele nu se limiteaz\u0103 la incidente f\u0103r\u0103 urm\u0103ri grave, ci pot avea consecin\u021be asupra s\u0103n\u0103t\u0103\u021bii \u0219i chiar asupra vie\u021bii participan\u021bilor la trafic.<\/p>\n<p class=\"wp-block-paragraph\">\u00cen acest context, poli\u021bi\u0219tii pun accent pe respectarea regulilor, aten\u021bia sporit\u0103 \u00een zonele aglomerate \u0219i evitarea comportamentelor care cresc riscul producerii unui accident.<\/p>\n<h2 class=\"wp-block-heading\">Siguran\u021ba \u00een trafic depinde \u0219i de comportamentul utilizatorilor<\/h2>\n<p class=\"wp-block-paragraph\">Trotinetele electrice ofer\u0103 o alternativ\u0103 pentru deplasarea \u00een mediul urban, \u00eens\u0103 utilizarea lor presupune respectarea regulilor de circula\u021bie \u0219i adaptarea comportamentului la condi\u021biile din trafic.<\/p>\n<p class=\"wp-block-paragraph\">Asigurarea \u00een intersec\u021bii, respectarea regulilor privind deplasarea, neutilizarea trotinetei pentru transportul altor persoane \u0219i men\u021binerea contactului ambelor ro\u021bi cu carosabilul se num\u0103r\u0103 printre principalele recomand\u0103ri transmise de poli\u021bi\u0219ti.<\/p>\n<h2 class=\"wp-block-heading\">Concluzie<\/h2>\n<p class=\"wp-block-paragraph\">\u00cen Timi\u0219, 78 de accidente rutiere \u00een care au fost implicate trotinete electrice au fost \u00eenregistrate de la \u00eenceputul anului 2026 p\u00e2n\u0103 \u00een prezent. O persoan\u0103 a murit, iar alte 81 au fost r\u0103nite, potrivit datelor prezentate de poli\u021bi\u0219ti.<\/p>\n<p class=\"wp-block-paragraph\">Ac\u021biunile desf\u0103\u0219urate pe parcursul lunii august la nivel na\u021bional urm\u0103resc cre\u0219terea disciplinei \u00een r\u00e2ndul utilizatorilor vehiculelor pe dou\u0103 ro\u021bi. Poli\u021bia recomand\u0103 aten\u021bie sporit\u0103 \u00een trafic, respectarea regulilor de deplasare \u0219i responsabilitate din partea utilizatorilor \u0219i a p\u0103rin\u021bilor.<\/p>\n<\/div>\n<p>[analyse_source url=&#8221;https:\/\/orasul-timisoara.ro\/local-40262\/&#8221;]<\/p>\n","protected":false},"excerpt":{"rendered":"<p>[analyse_image type=&#8221;featured&#8221; src=&#8221;https:\/\/orasul-timisoara.ro\/wp-content\/uploads\/2026\/06\/biciclete-trotinete-centru-timisoara.jpg&#8221;] \u0218tiri Locale78 de accidente cu trotinete electrice \u00een Timi\u0219. Un mort \u0219i 81&#8230; \u0218tiri Locale 78 de accidente cu trotinete electrice \u00een Timi\u0219. Un mort \u0219i 81 de r\u0103ni\u021bi De c\u0103tre redactia &#8211; 13\/08\/2026 Facebook Twitter WhatsApp Linkedin ReddIt Email Imprimare \u00cen jude\u021bul Timi\u0219 au fost \u00eenregistrate 78 de accidente rutiere \u00een [&hellip;]<\/p>\n","protected":false},"author":1,"featured_media":0,"comment_status":"open","ping_status":"","sticky":false,"template":"","format":"standard","meta":{"footnotes":""},"categories":[89],"tags":[226,189],"class_list":["post-2092456","post","type-post","status-publish","format-standard","hentry","category-romania","tag-crawlmanager","tag-orasul-timisoara-ro"],"_links":{"self":[{"href":"https:\/\/analyse.optim.biz\/index.php?rest_route=\/wp\/v2\/posts\/2092456","targetHints":{"allow":["GET"]}}],"collection":[{"href":"https:\/\/analyse.optim.biz\/index.php?rest_route=\/wp\/v2\/posts"}],"about":[{"href":"https:\/\/analyse.optim.biz\/index.php?rest_route=\/wp\/v2\/types\/post"}],"author":[{"embeddable":true,"href":"https:\/\/analyse.optim.biz\/index.php?rest_route=\/wp\/v2\/users\/1"}],"replies":[{"embeddable":true,"href":"https:\/\/analyse.optim.biz\/index.php?rest_route=%2Fwp%2Fv2%2Fcomments&post=2092456"}],"version-history":[{"count":0,"href":"https:\/\/analyse.optim.biz\/index.php?rest_route=\/wp\/v2\/posts\/2092456\/revisions"}],"wp:attachment":[{"href":"https:\/\/analyse.optim.biz\/index.php?rest_route=%2Fwp%2Fv2%2Fmedia&parent=2092456"}],"wp:term":[{"taxonomy":"category","embeddable":true,"href":"https:\/\/analyse.optim.biz\/index.php?rest_route=%2Fwp%2Fv2%2Fcategories&post=2092456"},{"taxonomy":"post_tag","embeddable":true,"href":"https:\/\/analyse.optim.biz\/index.php?rest_route=%2Fwp%2Fv2%2Ftags&post=2092456"}],"curies":[{"name":"wp","href":"https:\/\/api.w.org\/{rel}","templated":true}]}}