{"id":2092387,"date":"2026-08-13T12:57:22","date_gmt":"2026-08-13T09:57:22","guid":{"rendered":"https:\/\/analyse.optim.biz\/?p=2092387"},"modified":"2026-08-13T12:57:22","modified_gmt":"2026-08-13T09:57:22","slug":"strigoii-bantuie-de-doua-nopti-un-sat-din-buzau-oamenii-nu-mai-dorm-de-frica-se-sperie-si-cainii","status":"publish","type":"post","link":"https:\/\/analyse.optim.biz\/?p=2092387","title":{"rendered":"\u201eStrigoii\u201d b\u00e2ntuie de dou\u0103 nop\u021bi un sat din Buz\u0103u. Oamenii nu mai dorm de fric\u0103: \u201eSe sperie \u0219i c\u00e2inii\u201d &#8211;"},"content":{"rendered":"<p>[analyse_image type=&#8221;featured&#8221; src=&#8221;https:\/\/stiridinsursebuzau.ro\/wp-content\/uploads\/2026\/08\/img.jpg&#8221;]<\/p>\n<article class=\"page-content-single small single\">\n<div id=\"stiri-2579221757\" class=\"stiri-inainte-de-continut-14 stiri-entity-placement\"><a href=\"https:\/\/www.shoppingcitybuzau.ro\/\" aria-label=\"NEPI_Buzau_Card Colac_1274x158\"><img decoding=\"async\" loading=\"lazy\" src=\"https:\/\/stiridinsursebuzau.ro\/wp-content\/uploads\/2026\/08\/NEPI_Buzau_Card-Colac_1274x158.jpg\" alt width=\"1274\" height=\"158\"><\/a><\/div>\n<div id=\"stiri-3972736265\" class=\"stiri-inainte-de-continut-3 stiri-entity-placement\"><a href=\"https:\/\/buzau.21k.ro\/\" aria-label=\"900\u00d7200\"><img decoding=\"async\" loading=\"lazy\" src=\"https:\/\/stiridinsursebuzau.ro\/wp-content\/uploads\/2026\/07\/900x200.gif\" alt width=\"900\" height=\"200\"><\/a><\/div>\n<p><strong>Lini\u0219tea comunei buzoiene Boldu s-a destr\u0103mat. De dou\u0103 nop\u021bi, oamenii spun c\u0103 nu mai \u00eenchid un ochi din cauza unor \u00eent\u00e2mpl\u0103ri greu de explicat. La ad\u0103postul \u00eentunericului, persoane necunoscute ar intra \u00een cur\u021bile localnicilor, ar face zgomot, ar arunca pietre pe acoperi\u0219uri \u0219i \u00een geamuri, ar deschide pompele de ap\u0103 \u0219i ar trage de ferestre \u0219i u\u0219i.<\/strong><\/p>\n<p>\u00cen mod straniu, incidentele nu s-ar solda cu pagube importante. Iar pentru c\u0103 nimeni nu a reu\u0219it s\u0103-i identifice pe cei care provoac\u0103 agita\u021bia, printre localnici au \u00eenceput s\u0103 circule tot felul de ipoteze. De la tineri pu\u0219i pe farse p\u00e2n\u0103 la pove\u0219ti despre \u201estrigoi\u201d, conform <a href=\"https:\/\/observatornews.ro\/eveniment\/strigoii-bantuie-de-doua-nopti-un-sat-din-buzau-oamenii-nu-mai-dorm-de-frica-se-sperie-si-cainii-663028.html\" target=\"_blank\" rel=\"noopener\">observatornews.ro<\/a>.<\/p>\n<h3 class=\"wp-block-heading\">Oamenii au \u00eenceput s\u0103 p\u0103zeasc\u0103 uli\u021bele<\/h3>\n<p>Cea mai recent\u0103 comunitate \u00een care au fost semnalate astfel de incidente este <a href=\"https:\/\/stiridinsursebuzau.ro\/alarma-sanitara-in-judetul-buzau-apa-potabila-un-risc-pentru-sanatate\/\">Boldu<\/a>. Oamenii dorm cu frica \u00een s\u00e2n, iar unii au ajuns s\u0103 fac\u0103 de paz\u0103 prin cur\u021bi \u0219i pe uli\u021bele l\u0103turalnice, \u00eenarma\u021bi cu furci, lope\u021bi \u0219i b\u00e2te.<\/p>\n<p><em>\u201eNe a\u0219tept\u0103m la orice. Astea sunt instrumentele cu care s-au ap\u0103rat copiii noaptea, ce-au g\u0103sit aici la m\u00e2ini \u00een curte\u201d<\/em>, spune o localnic\u0103.<\/p>\n<p>De cine trebuie s\u0103 se apere? Aici \u00eencepe misterul.<\/p>\n<p>So\u021bii Ioana \u0219i Petre povestesc c\u0103 au fost trezi\u021bi de bubuituri puternice \u00een tabla de pe cas\u0103. \u00cen curte s-a creat imediat agita\u021bie, iar copiii au ie\u0219it speria\u021bi din locuin\u021be.<\/p>\n<p><em>\u201eBu\u0219\u0103\u0219te, bu\u0219\u0103\u0219te, bu\u0219\u0103\u0219te \u00een tabl\u0103, bu\u0219\u0103\u0219te \u00een\u2026 ce-or t\u00e2r\u00ee dup\u0103 ei, Dumnezeu \u0219tie. Au venit copiii alarma\u021bi: \u00abMamaie, mamaie, \u00eenchide u\u0219ile, mamaie. C\u0103 au venit \u0103ia, mamaie. Sunt \u00een spatele cur\u021bii la noi, aici, mamaie\u00bb. Se sperie \u0219i c\u00e2inii. P\u0103s\u0103rile \u00eencep s\u0103\u2026 exact ca la un cutremur\u201d<\/em>, poveste\u0219te Ioana.<\/p>\n<h3 class=\"wp-block-heading\">\u201eIntr\u0103, sar din curte \u00een curte\u201d<\/h3>\n<p>De dou\u0103 nop\u021bi la r\u00e2nd, localnicii spun c\u0103 aud zgomote \u00een toiul nop\u021bii. Ies din case \u0219i caut\u0103 prin \u00eemprejurimi, \u00eens\u0103 de cele mai multe ori nu g\u0103sesc pe nimeni.<\/p>\n<p>Grupuri de tineri \u0219i localnici au \u00eenceput s\u0103 patruleze prin sat, \u00eencerc\u00e2nd s\u0103-i surprind\u0103 pe cei despre care cred c\u0103 se afl\u0103 \u00een spatele incidentelor.<\/p>\n<p><em>\u201eDau cu pietre pe cas\u0103, \u00een geamuri, intr\u0103, sar din curte \u00een curte, trag de geam, de u\u0219\u0103. La al\u021bii, unde au fost, le-au d\u0103r\u00e2mat \u0219irele de nutre\u021b, de balo\u021bi\u201d<\/em>, spune un localnic.<\/p>\n<p>Un alt b\u0103rbat spune c\u0103 a petrecut \u00eentreaga noapte c\u0103ut\u00e2ndu-i pe cei care provoac\u0103 agita\u021bia:<\/p>\n<p><em>\u201eNu am dormit toat\u0103 noaptea, am alergat pe aici, prin comun\u0103, c\u0103 sunt ni\u0219te copii, oameni mari, nu putem s\u0103 ne d\u0103m seama ce sunt, c\u0103 se joac\u0103 prin cur\u021bile oamenilor, fel \u0219i fel de n\u0103zb\u00e2tii fac. V\u0103 rog eu din suflet, care \u0219ti\u021bi c\u0103 fac prostiile astea, potoli\u021bi-v\u0103, c\u0103 nu se \u0219tie de cine da\u021bi \u0219i s-ar putea s\u0103 ias\u0103 r\u0103u.\u201d<\/em><\/p>\n<h3 class=\"wp-block-heading\">Tineri teribili\u0219ti sau \u201estrigoi\u201d?<\/h3>\n<p>Cei mai mul\u021bi dintre localnici cred c\u0103 \u00een spatele incidentelor s-ar afla tineri teribili\u0219ti care se distreaz\u0103 pe seama oamenilor. Cum nimeni nu a reu\u0219it \u00eens\u0103 s\u0103 ofere o explica\u021bie clar\u0103 sau s\u0103-i identifice pe presupu\u015fii autori, au ap\u0103rut \u0219i variante mai pu\u021bin obi\u0219nuite.<\/p>\n<p>Unii s\u0103teni au \u00eenceput s\u0103 vorbeasc\u0103 despre \u201estrigoi\u201d, \u201efantome\u201d sau alte fenomene pe care spun c\u0103 nu \u0219i le pot explica.<\/p>\n<p><em>\u201eLumea zice c\u0103 sunt oameni, al\u021bii zic c\u0103 sunt strigoi, al\u021bii zic altceva, toat\u0103 lumea zice cum \u0219tie. Dar ce fac ei? Intr\u0103 noaptea, c\u00e2nd v\u0103d c\u0103 nu mai e nimeni pe strad\u0103, intr\u0103 la lume \u00een curte. \u00cei sperie, bu\u0219esc, tr\u00e2ntesc, sparg geamurile la lume. Copiii nu mai au somn\u201d<\/em>, poveste\u0219te un localnic.<\/p>\n<p>Al\u021bii sus\u021bin c\u0103 ar fi vorba despre un grup de trei persoane, posibil mascate.<\/p>\n<p><em>\u201eZicea c\u0103 au cagule, trei, trei in\u0219i. Trei in\u0219i, c\u0103 ar fi \u0219i o femeie, o fat\u0103. Cum dracu\u2019 sare gardul \u0219i nu-l vezi? Dar ce, c\u0103-l vezi, dar nu mai po\u021bi s\u0103-l prinzi. Ce-o fi \u0103sta, Dumnezeu \u0219tie\u201d<\/em>, spun oamenii.<\/p>\n<h3 class=\"wp-block-heading\">Primarul din Boldu: \u201eNimeni n-a v\u0103zut niciunul\u201d<\/h3>\n<p>Primarul comunei Boldu, <strong>Marian M\u0103rg\u0103rit<\/strong>, spune c\u0103 a auzit la r\u00e2ndul s\u0103u numeroasele variante care circul\u0103 prin comunitate, \u00eens\u0103 atrage aten\u021bia asupra unui lucru esen\u021bial: p\u00e2n\u0103 acum, nimeni nu a prezentat o dovad\u0103 clar\u0103 privind existen\u021ba presupuselor persoane care provoac\u0103 incidentele.<\/p>\n<p><em>\u201eSe spune c\u0103 ar fi venit prin zona noastr\u0103, din Vrancea de aici. Vorbesc \u0219i dau defini\u021bia popular\u0103: strigoi, fantome, care le fac r\u0103u oamenilor, \u00eei sperie noaptea, le zg\u00e2rie \u00een geamuri, le arunc\u0103 cu pietre. M\u0103i, a\u021bi v\u0103zut vreunul? A\u021bi filmat, a\u021bi fotografiat vreunul? S\u0103 \u0219tim ce facem, cu ce ne batem, cu ce himere, cu ce realit\u0103\u021bi\u2026 Nu, nimeni n-a v\u0103zut niciunul\u201d<\/em>, a declarat Marian M\u0103rg\u0103rit, primarul comunei Boldu.<\/p>\n<h3 class=\"wp-block-heading\">Povestea a ap\u0103rut \u0219i \u00een Puie\u0219ti<\/h3>\n<p>Boldu nu este prima localitate din jude\u021bul Buz\u0103u \u00een care sunt relatate asemenea \u00eent\u00e2mpl\u0103ri.<\/p>\n<p>Cu aproximativ dou\u0103 s\u0103pt\u0103m\u00e2ni \u00eenainte, o poveste asem\u0103n\u0103toare a ap\u0103rut \u00een <strong>Dasc\u0103le\u0219ti, sat din comuna Puie\u0219ti<\/strong>. \u0218i acolo, localnicii au povestit c\u0103 au fost trezi\u021bi noaptea de pietre aruncate pe acoperi\u0219urile caselor.<\/p>\n<p>Deocamdat\u0103, nu se \u0219tie cine provoac\u0103 aceste incidente, iar pove\u0219tile \u0219i teama par s\u0103 se mute dintr-o comunitate \u00een alta.<\/p>\n<h3 class=\"wp-block-heading\">Poli\u021bia cere oamenilor s\u0103 nu alimenteze panica<\/h3>\n<p>Reprezentan\u021bii <strong>IPJ Buz\u0103u<\/strong> fac apel la calm \u0219i \u00eei sf\u0103tuiesc pe oameni s\u0103 nu transforme ipotezele neverificate \u00een certitudini.<\/p>\n<p><em>\u201ePentru a preveni \u00eens\u0103 instalarea unei st\u0103ri nejustificate de panic\u0103, poli\u021bi\u0219tii recomand\u0103 s\u0103 v\u0103 p\u0103stra\u021bi calmul \u0219i s\u0103 nu propaga\u021bi zvonuri pe marginea unor ipoteze neverificate, pe marginea unor b\u0103nuieli. Aceste specula\u021bii nu fac altceva dec\u00e2t s\u0103 alimenteze anxietatea colectiv\u0103\u201d<\/em>, a declarat <strong>Ana-Maria Vrapciu, IPJ Buz\u0103u<\/strong>.<\/p>\n<h3 class=\"wp-block-heading\">Primele pove\u0219ti ar fi pornit din Vrancea<\/h3>\n<p>Primele relat\u0103ri despre asemenea \u00eent\u00e2mpl\u0103ri ar fi ap\u0103rut cu mai bine de o lun\u0103 \u00een urm\u0103, \u00een <strong>Cior\u0103\u0219ti, jude\u021bul Vrancea<\/strong>.<\/p>\n<p>\u0218i acolo, localnicii au povestit despre zgomote \u0219i incidente petrecute \u00een timpul nop\u021bii, iar una dintre principalele ipoteze a fost c\u0103 \u00een spatele lor s-ar afla tineri teribili\u0219ti.<\/p>\n<p>Deocamdat\u0103, \u00een lipsa unor dovezi clare, pove\u0219tile despre \u201estrigoi\u201d r\u0103m\u00e2n doar explica\u021bii populare pentru ni\u0219te incidente ale c\u0103ror autori nu au fost identifica\u021bi.<\/p>\n<p><strong>Poli\u021bia face apel la calm \u0219i le recomand\u0103 oamenilor ca, \u00een cazul \u00een care observ\u0103 persoane suspecte sau \u00eei surprind pe cei care provoac\u0103 incidentele, s\u0103 apeleze imediat 112 \u0219i s\u0103 nu \u00eencerce s\u0103 \u00ee\u0219i fac\u0103 singuri dreptate.<\/strong><\/p>\n<div class=\"post-views content-post post-48397 entry-meta load-static\" data-pvc-type=\"post\" data-pvc-id=\"48397\"><span class=\"post-views-label\">Vizualiz\u0103ri \u0219tire:<\/span><span class=\"post-views-count\">1.892<\/span><\/div>\n<div id=\"stiri-1820509934\" class=\"stiri-dupa-continut-2 stiri-entity-placement\"><a href=\"https:\/\/rapidservicebuzau.ro\/\" aria-label=\"RAPID SUPER SERVICE\"><img loading=\"lazy\" decoding=\"async\" src=\"https:\/\/stiridinsursebuzau.ro\/wp-content\/uploads\/2026\/02\/ChatGPT-Image-10-feb.-2026-22_24_01.png\" alt width=\"1536\" height=\"1024\"><\/a><\/div>\n<div id=\"stiri-1556103668\" class=\"stiri-dupa-continut_2 stiri-entity-placement\"><a href=\"https:\/\/www.facebook.com\/profile.php?id=61564932526740\" aria-label=\"Glamour Pizza &quot;la patrat&quot;\"><img decoding=\"async\" loading=\"lazy\" src=\"https:\/\/stiridinsursebuzau.ro\/wp-content\/uploads\/2026\/02\/ChatGPT-Image-10-feb.-2026-21_57_13.png\" alt=\"Glamour Pizza &quot;la patrat&quot;\" width=\"1536\" height=\"1024\"><\/a><\/div>\n<div id=\"stiri-3872210731\" class=\"stiri-dupa-continut_3 stiri-entity-placement\"><a href=\"https:\/\/www.facebook.com\/profile.php?id=61573613380169&amp;locale=ro_RO\" aria-label=\"ChatGPT Image 10 feb. 2026, 22_10_50\"><img decoding=\"async\" loading=\"lazy\" src=\"https:\/\/stiridinsursebuzau.ro\/wp-content\/uploads\/2026\/02\/ChatGPT-Image-10-feb.-2026-22_10_50.png\" alt width=\"1536\" height=\"1024\"><\/a><\/div>\n<div id=\"stiri-58715876\" class=\"stiri-dupa-continut_4 stiri-entity-placement\"><a href=\"https:\/\/www.facebook.com\/profile.php?id=100077377992379\" aria-label=\"1536 cu 1024 pixeli\"><img decoding=\"async\" loading=\"lazy\" src=\"https:\/\/stiridinsursebuzau.ro\/wp-content\/uploads\/2026\/02\/ChatGPT-Image-20-feb.-2026-14_05_15.png\" alt=\"1536 cu 1024 pixeli\" width=\"1536\" height=\"1024\"><\/a><\/div>\n<div id=\"stiri-4181504630\" class=\"stiri-dupa-continut_5 stiri-entity-placement\"><img decoding=\"async\" loading=\"lazy\" src=\"https:\/\/stiridinsursebuzau.ro\/wp-content\/uploads\/2026\/02\/ChatGPT-Image-10-feb.-2026-23_00_56.png\" alt=\"piese tractoare\" width=\"1536\" height=\"1024\"><\/div>\n<nav class=\"navigation post-navigation\" aria-label=\"Articole\">\n<h2 class=\"screen-reader-text\">Navigare \u00een articole<\/h2>\n<div class=\"nav-links\">\n<div class=\"nav-previous\"><a href=\"https:\/\/stiridinsursebuzau.ro\/shopping-city-buzau-lanseaza-cardul-cadou-noul-serviciu-care-transformaalegerea-cadoului-intr-o-experienta-simpla-si-inspirata\/\" rel=\"prev\">Shopping City Buz\u0103u lanseaz\u0103 Cardul Cadou, noul serviciu care transform\u0103 alegerea cadoului \u00eentr-o experien\u021b\u0103 simpl\u0103 \u0219i inspirat\u0103 <\/a><\/div>\n<\/div>\n<\/nav>\n<\/article>\n<article class=\"page-content-single small single\">\n<div id=\"stiri-2579221757\" class=\"stiri-inainte-de-continut-14 stiri-entity-placement\"><a href=\"https:\/\/www.shoppingcitybuzau.ro\/\" aria-label=\"NEPI_Buzau_Card Colac_1274x158\"><img decoding=\"async\" loading=\"lazy\" src=\"https:\/\/stiridinsursebuzau.ro\/wp-content\/uploads\/2026\/08\/NEPI_Buzau_Card-Colac_1274x158.jpg\" alt width=\"1274\" height=\"158\"><\/a><\/div>\n<div id=\"stiri-3972736265\" class=\"stiri-inainte-de-continut-3 stiri-entity-placement\"><a href=\"https:\/\/buzau.21k.ro\/\" aria-label=\"900\u00d7200\"><img decoding=\"async\" loading=\"lazy\" src=\"https:\/\/stiridinsursebuzau.ro\/wp-content\/uploads\/2026\/07\/900x200.gif\" alt width=\"900\" height=\"200\"><\/a><\/div>\n<p><strong>Lini\u0219tea comunei buzoiene Boldu s-a destr\u0103mat. De dou\u0103 nop\u021bi, oamenii spun c\u0103 nu mai \u00eenchid un ochi din cauza unor \u00eent\u00e2mpl\u0103ri greu de explicat. La ad\u0103postul \u00eentunericului, persoane necunoscute ar intra \u00een cur\u021bile localnicilor, ar face zgomot, ar arunca pietre pe acoperi\u0219uri \u0219i \u00een geamuri, ar deschide pompele de ap\u0103 \u0219i ar trage de ferestre \u0219i u\u0219i.<\/strong><\/p>\n<p>\u00cen mod straniu, incidentele nu s-ar solda cu pagube importante. Iar pentru c\u0103 nimeni nu a reu\u0219it s\u0103-i identifice pe cei care provoac\u0103 agita\u021bia, printre localnici au \u00eenceput s\u0103 circule tot felul de ipoteze. De la tineri pu\u0219i pe farse p\u00e2n\u0103 la pove\u0219ti despre \u201estrigoi\u201d, conform <a href=\"https:\/\/observatornews.ro\/eveniment\/strigoii-bantuie-de-doua-nopti-un-sat-din-buzau-oamenii-nu-mai-dorm-de-frica-se-sperie-si-cainii-663028.html\" target=\"_blank\" rel=\"noopener\">observatornews.ro<\/a>.<\/p>\n<h3 class=\"wp-block-heading\">Oamenii au \u00eenceput s\u0103 p\u0103zeasc\u0103 uli\u021bele<\/h3>\n<p>Cea mai recent\u0103 comunitate \u00een care au fost semnalate astfel de incidente este <a href=\"https:\/\/stiridinsursebuzau.ro\/alarma-sanitara-in-judetul-buzau-apa-potabila-un-risc-pentru-sanatate\/\">Boldu<\/a>. Oamenii dorm cu frica \u00een s\u00e2n, iar unii au ajuns s\u0103 fac\u0103 de paz\u0103 prin cur\u021bi \u0219i pe uli\u021bele l\u0103turalnice, \u00eenarma\u021bi cu furci, lope\u021bi \u0219i b\u00e2te.<\/p>\n<p><em>\u201eNe a\u0219tept\u0103m la orice. Astea sunt instrumentele cu care s-au ap\u0103rat copiii noaptea, ce-au g\u0103sit aici la m\u00e2ini \u00een curte\u201d<\/em>, spune o localnic\u0103.<\/p>\n<p>De cine trebuie s\u0103 se apere? Aici \u00eencepe misterul.<\/p>\n<p>So\u021bii Ioana \u0219i Petre povestesc c\u0103 au fost trezi\u021bi de bubuituri puternice \u00een tabla de pe cas\u0103. \u00cen curte s-a creat imediat agita\u021bie, iar copiii au ie\u0219it speria\u021bi din locuin\u021be.<\/p>\n<p><em>\u201eBu\u0219\u0103\u0219te, bu\u0219\u0103\u0219te, bu\u0219\u0103\u0219te \u00een tabl\u0103, bu\u0219\u0103\u0219te \u00een\u2026 ce-or t\u00e2r\u00ee dup\u0103 ei, Dumnezeu \u0219tie. Au venit copiii alarma\u021bi: \u00abMamaie, mamaie, \u00eenchide u\u0219ile, mamaie. C\u0103 au venit \u0103ia, mamaie. Sunt \u00een spatele cur\u021bii la noi, aici, mamaie\u00bb. Se sperie \u0219i c\u00e2inii. P\u0103s\u0103rile \u00eencep s\u0103\u2026 exact ca la un cutremur\u201d<\/em>, poveste\u0219te Ioana.<\/p>\n<h3 class=\"wp-block-heading\">\u201eIntr\u0103, sar din curte \u00een curte\u201d<\/h3>\n<p>De dou\u0103 nop\u021bi la r\u00e2nd, localnicii spun c\u0103 aud zgomote \u00een toiul nop\u021bii. Ies din case \u0219i caut\u0103 prin \u00eemprejurimi, \u00eens\u0103 de cele mai multe ori nu g\u0103sesc pe nimeni.<\/p>\n<p>Grupuri de tineri \u0219i localnici au \u00eenceput s\u0103 patruleze prin sat, \u00eencerc\u00e2nd s\u0103-i surprind\u0103 pe cei despre care cred c\u0103 se afl\u0103 \u00een spatele incidentelor.<\/p>\n<p><em>\u201eDau cu pietre pe cas\u0103, \u00een geamuri, intr\u0103, sar din curte \u00een curte, trag de geam, de u\u0219\u0103. La al\u021bii, unde au fost, le-au d\u0103r\u00e2mat \u0219irele de nutre\u021b, de balo\u021bi\u201d<\/em>, spune un localnic.<\/p>\n<p>Un alt b\u0103rbat spune c\u0103 a petrecut \u00eentreaga noapte c\u0103ut\u00e2ndu-i pe cei care provoac\u0103 agita\u021bia:<\/p>\n<p><em>\u201eNu am dormit toat\u0103 noaptea, am alergat pe aici, prin comun\u0103, c\u0103 sunt ni\u0219te copii, oameni mari, nu putem s\u0103 ne d\u0103m seama ce sunt, c\u0103 se joac\u0103 prin cur\u021bile oamenilor, fel \u0219i fel de n\u0103zb\u00e2tii fac. V\u0103 rog eu din suflet, care \u0219ti\u021bi c\u0103 fac prostiile astea, potoli\u021bi-v\u0103, c\u0103 nu se \u0219tie de cine da\u021bi \u0219i s-ar putea s\u0103 ias\u0103 r\u0103u.\u201d<\/em><\/p>\n<h3 class=\"wp-block-heading\">Tineri teribili\u0219ti sau \u201estrigoi\u201d?<\/h3>\n<p>Cei mai mul\u021bi dintre localnici cred c\u0103 \u00een spatele incidentelor s-ar afla tineri teribili\u0219ti care se distreaz\u0103 pe seama oamenilor. Cum nimeni nu a reu\u0219it \u00eens\u0103 s\u0103 ofere o explica\u021bie clar\u0103 sau s\u0103-i identifice pe presupu\u015fii autori, au ap\u0103rut \u0219i variante mai pu\u021bin obi\u0219nuite.<\/p>\n<p>Unii s\u0103teni au \u00eenceput s\u0103 vorbeasc\u0103 despre \u201estrigoi\u201d, \u201efantome\u201d sau alte fenomene pe care spun c\u0103 nu \u0219i le pot explica.<\/p>\n<p><em>\u201eLumea zice c\u0103 sunt oameni, al\u021bii zic c\u0103 sunt strigoi, al\u021bii zic altceva, toat\u0103 lumea zice cum \u0219tie. Dar ce fac ei? Intr\u0103 noaptea, c\u00e2nd v\u0103d c\u0103 nu mai e nimeni pe strad\u0103, intr\u0103 la lume \u00een curte. \u00cei sperie, bu\u0219esc, tr\u00e2ntesc, sparg geamurile la lume. Copiii nu mai au somn\u201d<\/em>, poveste\u0219te un localnic.<\/p>\n<p>Al\u021bii sus\u021bin c\u0103 ar fi vorba despre un grup de trei persoane, posibil mascate.<\/p>\n<p><em>\u201eZicea c\u0103 au cagule, trei, trei in\u0219i. Trei in\u0219i, c\u0103 ar fi \u0219i o femeie, o fat\u0103. Cum dracu\u2019 sare gardul \u0219i nu-l vezi? Dar ce, c\u0103-l vezi, dar nu mai po\u021bi s\u0103-l prinzi. Ce-o fi \u0103sta, Dumnezeu \u0219tie\u201d<\/em>, spun oamenii.<\/p>\n<h3 class=\"wp-block-heading\">Primarul din Boldu: \u201eNimeni n-a v\u0103zut niciunul\u201d<\/h3>\n<p>Primarul comunei Boldu, <strong>Marian M\u0103rg\u0103rit<\/strong>, spune c\u0103 a auzit la r\u00e2ndul s\u0103u numeroasele variante care circul\u0103 prin comunitate, \u00eens\u0103 atrage aten\u021bia asupra unui lucru esen\u021bial: p\u00e2n\u0103 acum, nimeni nu a prezentat o dovad\u0103 clar\u0103 privind existen\u021ba presupuselor persoane care provoac\u0103 incidentele.<\/p>\n<p><em>\u201eSe spune c\u0103 ar fi venit prin zona noastr\u0103, din Vrancea de aici. Vorbesc \u0219i dau defini\u021bia popular\u0103: strigoi, fantome, care le fac r\u0103u oamenilor, \u00eei sperie noaptea, le zg\u00e2rie \u00een geamuri, le arunc\u0103 cu pietre. M\u0103i, a\u021bi v\u0103zut vreunul? A\u021bi filmat, a\u021bi fotografiat vreunul? S\u0103 \u0219tim ce facem, cu ce ne batem, cu ce himere, cu ce realit\u0103\u021bi\u2026 Nu, nimeni n-a v\u0103zut niciunul\u201d<\/em>, a declarat Marian M\u0103rg\u0103rit, primarul comunei Boldu.<\/p>\n<h3 class=\"wp-block-heading\">Povestea a ap\u0103rut \u0219i \u00een Puie\u0219ti<\/h3>\n<p>Boldu nu este prima localitate din jude\u021bul Buz\u0103u \u00een care sunt relatate asemenea \u00eent\u00e2mpl\u0103ri.<\/p>\n<p>Cu aproximativ dou\u0103 s\u0103pt\u0103m\u00e2ni \u00eenainte, o poveste asem\u0103n\u0103toare a ap\u0103rut \u00een <strong>Dasc\u0103le\u0219ti, sat din comuna Puie\u0219ti<\/strong>. \u0218i acolo, localnicii au povestit c\u0103 au fost trezi\u021bi noaptea de pietre aruncate pe acoperi\u0219urile caselor.<\/p>\n<p>Deocamdat\u0103, nu se \u0219tie cine provoac\u0103 aceste incidente, iar pove\u0219tile \u0219i teama par s\u0103 se mute dintr-o comunitate \u00een alta.<\/p>\n<h3 class=\"wp-block-heading\">Poli\u021bia cere oamenilor s\u0103 nu alimenteze panica<\/h3>\n<p>Reprezentan\u021bii <strong>IPJ Buz\u0103u<\/strong> fac apel la calm \u0219i \u00eei sf\u0103tuiesc pe oameni s\u0103 nu transforme ipotezele neverificate \u00een certitudini.<\/p>\n<p><em>\u201ePentru a preveni \u00eens\u0103 instalarea unei st\u0103ri nejustificate de panic\u0103, poli\u021bi\u0219tii recomand\u0103 s\u0103 v\u0103 p\u0103stra\u021bi calmul \u0219i s\u0103 nu propaga\u021bi zvonuri pe marginea unor ipoteze neverificate, pe marginea unor b\u0103nuieli. Aceste specula\u021bii nu fac altceva dec\u00e2t s\u0103 alimenteze anxietatea colectiv\u0103\u201d<\/em>, a declarat <strong>Ana-Maria Vrapciu, IPJ Buz\u0103u<\/strong>.<\/p>\n<h3 class=\"wp-block-heading\">Primele pove\u0219ti ar fi pornit din Vrancea<\/h3>\n<p>Primele relat\u0103ri despre asemenea \u00eent\u00e2mpl\u0103ri ar fi ap\u0103rut cu mai bine de o lun\u0103 \u00een urm\u0103, \u00een <strong>Cior\u0103\u0219ti, jude\u021bul Vrancea<\/strong>.<\/p>\n<p>\u0218i acolo, localnicii au povestit despre zgomote \u0219i incidente petrecute \u00een timpul nop\u021bii, iar una dintre principalele ipoteze a fost c\u0103 \u00een spatele lor s-ar afla tineri teribili\u0219ti.<\/p>\n<p>Deocamdat\u0103, \u00een lipsa unor dovezi clare, pove\u0219tile despre \u201estrigoi\u201d r\u0103m\u00e2n doar explica\u021bii populare pentru ni\u0219te incidente ale c\u0103ror autori nu au fost identifica\u021bi.<\/p>\n<p><strong>Poli\u021bia face apel la calm \u0219i le recomand\u0103 oamenilor ca, \u00een cazul \u00een care observ\u0103 persoane suspecte sau \u00eei surprind pe cei care provoac\u0103 incidentele, s\u0103 apeleze imediat 112 \u0219i s\u0103 nu \u00eencerce s\u0103 \u00ee\u0219i fac\u0103 singuri dreptate.<\/strong><\/p>\n<div class=\"post-views content-post post-48397 entry-meta load-static\" data-pvc-type=\"post\" data-pvc-id=\"48397\"><span class=\"post-views-label\">Vizualiz\u0103ri \u0219tire:<\/span><span class=\"post-views-count\">1.892<\/span><\/div>\n<div id=\"stiri-1820509934\" class=\"stiri-dupa-continut-2 stiri-entity-placement\"><a href=\"https:\/\/rapidservicebuzau.ro\/\" aria-label=\"RAPID SUPER SERVICE\"><img loading=\"lazy\" decoding=\"async\" src=\"https:\/\/stiridinsursebuzau.ro\/wp-content\/uploads\/2026\/02\/ChatGPT-Image-10-feb.-2026-22_24_01.png\" alt width=\"1536\" height=\"1024\"><\/a><\/div>\n<div id=\"stiri-1556103668\" class=\"stiri-dupa-continut_2 stiri-entity-placement\"><a href=\"https:\/\/www.facebook.com\/profile.php?id=61564932526740\" aria-label=\"Glamour Pizza &quot;la patrat&quot;\"><img decoding=\"async\" loading=\"lazy\" src=\"https:\/\/stiridinsursebuzau.ro\/wp-content\/uploads\/2026\/02\/ChatGPT-Image-10-feb.-2026-21_57_13.png\" alt=\"Glamour Pizza &quot;la patrat&quot;\" width=\"1536\" height=\"1024\"><\/a><\/div>\n<div id=\"stiri-3872210731\" class=\"stiri-dupa-continut_3 stiri-entity-placement\"><a href=\"https:\/\/www.facebook.com\/profile.php?id=61573613380169&amp;locale=ro_RO\" aria-label=\"ChatGPT Image 10 feb. 2026, 22_10_50\"><img decoding=\"async\" loading=\"lazy\" src=\"https:\/\/stiridinsursebuzau.ro\/wp-content\/uploads\/2026\/02\/ChatGPT-Image-10-feb.-2026-22_10_50.png\" alt width=\"1536\" height=\"1024\"><\/a><\/div>\n<div id=\"stiri-58715876\" class=\"stiri-dupa-continut_4 stiri-entity-placement\"><a href=\"https:\/\/www.facebook.com\/profile.php?id=100077377992379\" aria-label=\"1536 cu 1024 pixeli\"><img decoding=\"async\" loading=\"lazy\" src=\"https:\/\/stiridinsursebuzau.ro\/wp-content\/uploads\/2026\/02\/ChatGPT-Image-20-feb.-2026-14_05_15.png\" alt=\"1536 cu 1024 pixeli\" width=\"1536\" height=\"1024\"><\/a><\/div>\n<div id=\"stiri-4181504630\" class=\"stiri-dupa-continut_5 stiri-entity-placement\"><img decoding=\"async\" loading=\"lazy\" src=\"https:\/\/stiridinsursebuzau.ro\/wp-content\/uploads\/2026\/02\/ChatGPT-Image-10-feb.-2026-23_00_56.png\" alt=\"piese tractoare\" width=\"1536\" height=\"1024\"><\/div>\n<nav class=\"navigation post-navigation\" aria-label=\"Articole\">\n<h2 class=\"screen-reader-text\">Navigare \u00een articole<\/h2>\n<div class=\"nav-links\">\n<div class=\"nav-previous\"><a href=\"https:\/\/stiridinsursebuzau.ro\/shopping-city-buzau-lanseaza-cardul-cadou-noul-serviciu-care-transformaalegerea-cadoului-intr-o-experienta-simpla-si-inspirata\/\" rel=\"prev\">Shopping City Buz\u0103u lanseaz\u0103 Cardul Cadou, noul serviciu care transform\u0103 alegerea cadoului \u00eentr-o experien\u021b\u0103 simpl\u0103 \u0219i inspirat\u0103 <\/a><\/div>\n<\/div>\n<\/nav>\n<\/article>\n<p>[analyse_source url=&#8221;https:\/\/stiridinsursebuzau.ro\/strigoii-bantuie-de-doua-nopti-un-sat-din-buzau-oamenii-nu-mai-dorm-de-frica-se-sperie-si-cainii\/&#8221;]<\/p>\n","protected":false},"excerpt":{"rendered":"<p>[analyse_image type=&#8221;featured&#8221; src=&#8221;https:\/\/stiridinsursebuzau.ro\/wp-content\/uploads\/2026\/08\/img.jpg&#8221;] Lini\u0219tea comunei buzoiene Boldu s-a destr\u0103mat. De dou\u0103 nop\u021bi, oamenii spun c\u0103 nu mai \u00eenchid un ochi din cauza unor \u00eent\u00e2mpl\u0103ri greu de explicat. La ad\u0103postul \u00eentunericului, persoane necunoscute ar intra \u00een cur\u021bile localnicilor, ar face zgomot, ar arunca pietre pe acoperi\u0219uri \u0219i \u00een geamuri, ar deschide pompele de ap\u0103 \u0219i ar [&hellip;]<\/p>\n","protected":false},"author":1,"featured_media":0,"comment_status":"open","ping_status":"","sticky":false,"template":"","format":"standard","meta":{"footnotes":""},"categories":[2],"tags":[226,60],"class_list":["post-2092387","post","type-post","status-publish","format-standard","hentry","category-politics","tag-crawlmanager","tag-stiridinsursebuzau-ro"],"_links":{"self":[{"href":"https:\/\/analyse.optim.biz\/index.php?rest_route=\/wp\/v2\/posts\/2092387","targetHints":{"allow":["GET"]}}],"collection":[{"href":"https:\/\/analyse.optim.biz\/index.php?rest_route=\/wp\/v2\/posts"}],"about":[{"href":"https:\/\/analyse.optim.biz\/index.php?rest_route=\/wp\/v2\/types\/post"}],"author":[{"embeddable":true,"href":"https:\/\/analyse.optim.biz\/index.php?rest_route=\/wp\/v2\/users\/1"}],"replies":[{"embeddable":true,"href":"https:\/\/analyse.optim.biz\/index.php?rest_route=%2Fwp%2Fv2%2Fcomments&post=2092387"}],"version-history":[{"count":0,"href":"https:\/\/analyse.optim.biz\/index.php?rest_route=\/wp\/v2\/posts\/2092387\/revisions"}],"wp:attachment":[{"href":"https:\/\/analyse.optim.biz\/index.php?rest_route=%2Fwp%2Fv2%2Fmedia&parent=2092387"}],"wp:term":[{"taxonomy":"category","embeddable":true,"href":"https:\/\/analyse.optim.biz\/index.php?rest_route=%2Fwp%2Fv2%2Fcategories&post=2092387"},{"taxonomy":"post_tag","embeddable":true,"href":"https:\/\/analyse.optim.biz\/index.php?rest_route=%2Fwp%2Fv2%2Ftags&post=2092387"}],"curies":[{"name":"wp","href":"https:\/\/api.w.org\/{rel}","templated":true}]}}