{"id":2092167,"date":"2026-08-13T15:37:11","date_gmt":"2026-08-13T12:37:11","guid":{"rendered":"https:\/\/analyse.optim.biz\/?p=2092167"},"modified":"2026-08-13T15:37:11","modified_gmt":"2026-08-13T12:37:11","slug":"liderul-pnl-buzau-deputatul-adrian-mocanu-face-apel-la-responsabilitate","status":"publish","type":"post","link":"https:\/\/analyse.optim.biz\/?p=2092167","title":{"rendered":"Liderul PNL Buz\u0103u, deputatul Adrian Mocanu, face apel la responsabilitate"},"content":{"rendered":"<p>[analyse_image type=&#8221;featured&#8221; src=&#8221;https:\/\/revistaverde.ro\/wp-content\/uploads\/2026\/08\/SALARII-MOCANU.jpg&#8221;]<\/p>\n<article id=\"post-15807\" class=\"post-15807 post type-post status-publish format-standard has-post-thumbnail hentry category-comunicate-de-presa category-evnimente category-international\">\n<header class=\"entry-header mh-clearfix\">\n<h1 class=\"entry-title\">Liderul PNL Buz\u0103u, deputatul Adrian Mocanu, face apel la responsabilitate<\/h1>\n<p class=\"mh-meta entry-meta\"><span class=\"entry-meta-date updated\"><a href=\"https:\/\/revistaverde.ro\/2026\/08\/\">august 13, 2026<\/a><\/span><span class=\"entry-meta-author author vcard\"><a class=\"fn\" href=\"https:\/\/revistaverde.ro\/author\/revistaverdefrumoasa2017\/\">M\u0103rg\u0103rit GROSU<\/a><\/span><span class=\"entry-meta-categories\"><a href=\"https:\/\/revistaverde.ro\/category\/local\/comunicate-de-presa\/\" rel=\"category tag\">Comunicate de presa<\/a>, <a href=\"https:\/\/revistaverde.ro\/category\/local\/evnimente\/\" rel=\"category tag\">Evenimente<\/a>, <a href=\"https:\/\/revistaverde.ro\/category\/international\/\" rel=\"category tag\">international<\/a><\/span><span class=\"entry-meta-comments\"><a class=\"mh-comment-scroll\" href=\"https:\/\/revistaverde.ro\/2026\/08\/13\/liderul-pnl-buzau-deputatul-adrian-mocanu-face-apel-la-responsabilitate\/#mh-comments\">0<\/a><\/span><\/p>\n<\/header>\n<div class=\"entry-content mh-clearfix\">\n<figure class=\"entry-thumbnail\"><img decoding=\"async\" src=\"https:\/\/revistaverde.ro\/wp-content\/uploads\/2026\/08\/SALARII-MOCANU-678x381.jpg\" alt title=\"SALARII MOCANU\"><\/figure>\n<h3 class=\"wp-block-heading\">\u201dTrebuie s\u0103 finaliz\u0103m reforma salariz\u0103rii! Avem un termen clar, 31 august, iar \u00een joc sunt 770 de milioane de euro din\u00a0<a href=\"https:\/\/www.facebook.com\/hashtag\/pnrr?__cft__%5B0%5D=AZbV4CjfdjbP69AvHHVHMSwR_JlaKhXJq4l3t6FlNky7bqPrOgH_rWUODRgRQCaYq0ncU0nB4XNWyVt_ESBKLmvO7pVYT8XgAqudJcyp3hjSB8IXpREoud6LV-vYHykjCewc8gAgNuImzXs0_STwa717haPYF5_fy_Db25wR96D1Id8RoKf7LSfLrUHXSE1oank&amp;__tn__=*NK-R\">#PNRR<\/a>. Sunt bani de care Rom\u00e2nia are nevoie \u0219i pe care nu ne permitem s\u0103 \u00eei pierdem\u201d.<\/h3>\n<p>\u201d\u00cen\u021beleg c\u0103 un astfel de proiect genereaz\u0103 discu\u021bii \u0219i nemul\u021bumiri. Este normal. O lege care schimb\u0103 modul \u00een care sunt pl\u0103ti\u021bi oamenii din sectorul public trebuie discutat\u0103 serios \u0219i trebuie s\u0103 \u021bin\u0103 cont de realitatea din administra\u021bie \u0219i din institu\u021biile publice.<\/p>\n<p>Dar cred c\u0103 este momentul s\u0103 ie\u0219im din logica \u201ecine c\u00e2\u0219tig\u0103 politic\u201d \u0219i s\u0103 ne uit\u0103m la ce avem de f\u0103cut concret.<\/p>\n<p>PSD a avut aceast\u0103 responsabilitate \u00een anii trecu\u021bi \u0219i proiectul a fost am\u00e2nat de prea multe ori. Acum avem obliga\u021bia s\u0103 ducem lucrurile p\u00e2n\u0103 la cap\u0103t. Nu pentru PNL, nu pentru PSD \u0219i nu pentru imaginea vreunui politician.<\/p>\n<p>Pentru\u00a0<a href=\"https:\/\/www.facebook.com\/hashtag\/rom%C3%A2nia?__cft__%5B0%5D=AZbV4CjfdjbP69AvHHVHMSwR_JlaKhXJq4l3t6FlNky7bqPrOgH_rWUODRgRQCaYq0ncU0nB4XNWyVt_ESBKLmvO7pVYT8XgAqudJcyp3hjSB8IXpREoud6LV-vYHykjCewc8gAgNuImzXs0_STwa717haPYF5_fy_Db25wR96D1Id8RoKf7LSfLrUHXSE1oank&amp;__tn__=*NK-R\">#Rom\u00e2nia<\/a>.<\/p>\n<p>Ca parlamentar de Buz\u0103u, voi sus\u021bine un sistem de salarizare mai corect \u0219i mai predictibil, dar \u0219i respectarea angajamentelor pe care \u021bara noastr\u0103 \u0219i le-a asumat.<\/p>\n<p>Mai avem pu\u021bin timp. Haide\u021bi s\u0103 folosim timpul acesta pentru a g\u0103si solu\u021bii!<\/p>\n<p>P\u00e2n\u0103 la urm\u0103, 31 august nu este un termen politic. Este un termen pe care Rom\u00e2nia trebuie s\u0103 \u00eel respecte\u201d este mesajul liderului PNL Buz\u0103u, Adrian Mocanu.<\/p>\n<div class=\"col-md-2 col-sm-4 col-xs-4\"> .col-md-2 { float:left; width: 16.6667%; } <\/div>\n<div class=\"col-md-2 col-sm-4 col-xs-4\"> .col-md-2 { float:left; width: 16.6667%; } <\/p>\n<div class=\"fb-share-button\" data-href=\"https:\/\/revistaverde.ro\/2026\/08\/13\/liderul-pnl-buzau-deputatul-adrian-mocanu-face-apel-la-responsabilitate\/\" data-layout=\"button\" data-size=\"large\" data-mobile-iframe=\"true\"><a class=\"fb-xfbml-parse-ignore\" target=\"_blank\" href=\"https:\/\/www.facebook.com\/sharer\/sharer.php?u=https%3A%2F%2Frevistaverde.ro%2F2026%2F08%2F13%2Fliderul-pnl-buzau-deputatul-adrian-mocanu-face-apel-la-responsabilitate%2F&amp;src=sdkpreparse\">Share<\/a><\/div>\n<\/div>\n<div class=\"col-md-2 col-sm-4 col-xs-4\"> .col-md-2 { float:left; width: 16.6667%; } <\/div>\n<\/div>\n<\/article>\n<div class=\"entry-content mh-clearfix\">\n<figure class=\"entry-thumbnail\"><img decoding=\"async\" src=\"https:\/\/revistaverde.ro\/wp-content\/uploads\/2026\/08\/SALARII-MOCANU-678x381.jpg\" alt title=\"SALARII MOCANU\"><\/figure>\n<h3 class=\"wp-block-heading\">\u201dTrebuie s\u0103 finaliz\u0103m reforma salariz\u0103rii! Avem un termen clar, 31 august, iar \u00een joc sunt 770 de milioane de euro din\u00a0<a href=\"https:\/\/www.facebook.com\/hashtag\/pnrr?__cft__%5B0%5D=AZbV4CjfdjbP69AvHHVHMSwR_JlaKhXJq4l3t6FlNky7bqPrOgH_rWUODRgRQCaYq0ncU0nB4XNWyVt_ESBKLmvO7pVYT8XgAqudJcyp3hjSB8IXpREoud6LV-vYHykjCewc8gAgNuImzXs0_STwa717haPYF5_fy_Db25wR96D1Id8RoKf7LSfLrUHXSE1oank&amp;__tn__=*NK-R\">#PNRR<\/a>. Sunt bani de care Rom\u00e2nia are nevoie \u0219i pe care nu ne permitem s\u0103 \u00eei pierdem\u201d.<\/h3>\n<p>\u201d\u00cen\u021beleg c\u0103 un astfel de proiect genereaz\u0103 discu\u021bii \u0219i nemul\u021bumiri. Este normal. O lege care schimb\u0103 modul \u00een care sunt pl\u0103ti\u021bi oamenii din sectorul public trebuie discutat\u0103 serios \u0219i trebuie s\u0103 \u021bin\u0103 cont de realitatea din administra\u021bie \u0219i din institu\u021biile publice.<\/p>\n<p>Dar cred c\u0103 este momentul s\u0103 ie\u0219im din logica \u201ecine c\u00e2\u0219tig\u0103 politic\u201d \u0219i s\u0103 ne uit\u0103m la ce avem de f\u0103cut concret.<\/p>\n<p>PSD a avut aceast\u0103 responsabilitate \u00een anii trecu\u021bi \u0219i proiectul a fost am\u00e2nat de prea multe ori. Acum avem obliga\u021bia s\u0103 ducem lucrurile p\u00e2n\u0103 la cap\u0103t. Nu pentru PNL, nu pentru PSD \u0219i nu pentru imaginea vreunui politician.<\/p>\n<p>Pentru\u00a0<a href=\"https:\/\/www.facebook.com\/hashtag\/rom%C3%A2nia?__cft__%5B0%5D=AZbV4CjfdjbP69AvHHVHMSwR_JlaKhXJq4l3t6FlNky7bqPrOgH_rWUODRgRQCaYq0ncU0nB4XNWyVt_ESBKLmvO7pVYT8XgAqudJcyp3hjSB8IXpREoud6LV-vYHykjCewc8gAgNuImzXs0_STwa717haPYF5_fy_Db25wR96D1Id8RoKf7LSfLrUHXSE1oank&amp;__tn__=*NK-R\">#Rom\u00e2nia<\/a>.<\/p>\n<p>Ca parlamentar de Buz\u0103u, voi sus\u021bine un sistem de salarizare mai corect \u0219i mai predictibil, dar \u0219i respectarea angajamentelor pe care \u021bara noastr\u0103 \u0219i le-a asumat.<\/p>\n<p>Mai avem pu\u021bin timp. Haide\u021bi s\u0103 folosim timpul acesta pentru a g\u0103si solu\u021bii!<\/p>\n<p>P\u00e2n\u0103 la urm\u0103, 31 august nu este un termen politic. Este un termen pe care Rom\u00e2nia trebuie s\u0103 \u00eel respecte\u201d este mesajul liderului PNL Buz\u0103u, Adrian Mocanu.<\/p>\n<div class=\"col-md-2 col-sm-4 col-xs-4\"> .col-md-2 { float:left; width: 16.6667%; } <\/div>\n<div class=\"col-md-2 col-sm-4 col-xs-4\"> .col-md-2 { float:left; width: 16.6667%; } <\/p>\n<div class=\"fb-share-button\" data-href=\"https:\/\/revistaverde.ro\/2026\/08\/13\/liderul-pnl-buzau-deputatul-adrian-mocanu-face-apel-la-responsabilitate\/\" data-layout=\"button\" data-size=\"large\" data-mobile-iframe=\"true\"><a class=\"fb-xfbml-parse-ignore\" target=\"_blank\" href=\"https:\/\/www.facebook.com\/sharer\/sharer.php?u=https%3A%2F%2Frevistaverde.ro%2F2026%2F08%2F13%2Fliderul-pnl-buzau-deputatul-adrian-mocanu-face-apel-la-responsabilitate%2F&amp;src=sdkpreparse\">Share<\/a><\/div>\n<\/div>\n<div class=\"col-md-2 col-sm-4 col-xs-4\"> .col-md-2 { float:left; width: 16.6667%; } <\/div>\n<\/div>\n<p>[analyse_source url=&#8221;https:\/\/revistaverde.ro\/2026\/08\/13\/liderul-pnl-buzau-deputatul-adrian-mocanu-face-apel-la-responsabilitate\/&#8221;]<\/p>\n","protected":false},"excerpt":{"rendered":"<p>[analyse_image type=&#8221;featured&#8221; src=&#8221;https:\/\/revistaverde.ro\/wp-content\/uploads\/2026\/08\/SALARII-MOCANU.jpg&#8221;] Liderul PNL Buz\u0103u, deputatul Adrian Mocanu, face apel la responsabilitate august 13, 2026M\u0103rg\u0103rit GROSUComunicate de presa, Evenimente, international0 \u201dTrebuie s\u0103 finaliz\u0103m reforma salariz\u0103rii! Avem un termen clar, 31 august, iar \u00een joc sunt 770 de milioane de euro din\u00a0#PNRR. Sunt bani de care Rom\u00e2nia are nevoie \u0219i pe care nu ne permitem [&hellip;]<\/p>\n","protected":false},"author":1,"featured_media":0,"comment_status":"open","ping_status":"","sticky":false,"template":"","format":"standard","meta":{"footnotes":""},"categories":[2],"tags":[226,57],"class_list":["post-2092167","post","type-post","status-publish","format-standard","hentry","category-politics","tag-crawlmanager","tag-revistaverde-ro"],"_links":{"self":[{"href":"https:\/\/analyse.optim.biz\/index.php?rest_route=\/wp\/v2\/posts\/2092167","targetHints":{"allow":["GET"]}}],"collection":[{"href":"https:\/\/analyse.optim.biz\/index.php?rest_route=\/wp\/v2\/posts"}],"about":[{"href":"https:\/\/analyse.optim.biz\/index.php?rest_route=\/wp\/v2\/types\/post"}],"author":[{"embeddable":true,"href":"https:\/\/analyse.optim.biz\/index.php?rest_route=\/wp\/v2\/users\/1"}],"replies":[{"embeddable":true,"href":"https:\/\/analyse.optim.biz\/index.php?rest_route=%2Fwp%2Fv2%2Fcomments&post=2092167"}],"version-history":[{"count":0,"href":"https:\/\/analyse.optim.biz\/index.php?rest_route=\/wp\/v2\/posts\/2092167\/revisions"}],"wp:attachment":[{"href":"https:\/\/analyse.optim.biz\/index.php?rest_route=%2Fwp%2Fv2%2Fmedia&parent=2092167"}],"wp:term":[{"taxonomy":"category","embeddable":true,"href":"https:\/\/analyse.optim.biz\/index.php?rest_route=%2Fwp%2Fv2%2Fcategories&post=2092167"},{"taxonomy":"post_tag","embeddable":true,"href":"https:\/\/analyse.optim.biz\/index.php?rest_route=%2Fwp%2Fv2%2Ftags&post=2092167"}],"curies":[{"name":"wp","href":"https:\/\/api.w.org\/{rel}","templated":true}]}}