{"id":2092165,"date":"2026-08-13T05:49:26","date_gmt":"2026-08-13T02:49:26","guid":{"rendered":"https:\/\/analyse.optim.biz\/?p=2092165"},"modified":"2026-08-13T05:49:26","modified_gmt":"2026-08-13T02:49:26","slug":"contractul-climatic-m100-un-proiect-fantoma-de-cheltuit-bani-publici-fara-justificare","status":"publish","type":"post","link":"https:\/\/analyse.optim.biz\/?p=2092165","title":{"rendered":"Contractul Climatic M100, un proiect fantom\u0103 de cheltuit bani publici f\u0103r\u0103 justificare"},"content":{"rendered":"<p>[analyse_image type=&#8221;featured&#8221; src=&#8221;https:\/\/revistaverde.ro\/wp-content\/uploads\/2026\/07\/HARITINA-33-1.jpg&#8221;]<\/p>\n<article id=\"post-15802\" class=\"post-15802 post type-post status-publish format-standard has-post-thumbnail hentry category-eco-tiri category-evnimente category-international\">\n<header class=\"entry-header mh-clearfix\">\n<h1 class=\"entry-title\">Contractul Climatic M100, un proiect fantom\u0103 de cheltuit bani publici f\u0103r\u0103 justificare<\/h1>\n<p class=\"mh-meta entry-meta\"><span class=\"entry-meta-date updated\"><a href=\"https:\/\/revistaverde.ro\/2026\/08\/\">august 13, 2026<\/a><\/span><span class=\"entry-meta-author author vcard\"><a class=\"fn\" href=\"https:\/\/revistaverde.ro\/author\/revistaverdefrumoasa2017\/\">M\u0103rg\u0103rit GROSU<\/a><\/span><span class=\"entry-meta-categories\"><a href=\"https:\/\/revistaverde.ro\/category\/local\/eco-tiri\/\" rel=\"category tag\">Eco \u015etiri<\/a>, <a href=\"https:\/\/revistaverde.ro\/category\/local\/evnimente\/\" rel=\"category tag\">Evenimente<\/a>, <a href=\"https:\/\/revistaverde.ro\/category\/international\/\" rel=\"category tag\">international<\/a><\/span><span class=\"entry-meta-comments\"><a class=\"mh-comment-scroll\" href=\"https:\/\/revistaverde.ro\/2026\/08\/13\/contractul-climatic-m100-un-proiect-fantoma-de-cheltuit-bani-publici-fara-justificare\/#mh-comments\">0<\/a><\/span><\/p>\n<\/header>\n<div class=\"entry-content mh-clearfix\">\n<figure class=\"entry-thumbnail\"><img decoding=\"async\" src=\"https:\/\/revistaverde.ro\/wp-content\/uploads\/2026\/07\/HARITINA-33-1.jpg\" alt title=\"HARITINA 33\"><\/figure>\n<h4 class=\"wp-block-heading\">Expertul tehnic-judiciar, Haritina Cr\u0103i\u021b\u0103, face o dezv\u0103luire uluitoare!<\/h4>\n<p> Contractul Climatic M100 era doar \u00een mintea primarului Constantin Toma, care a cheltuit bani \u00een ne\u0219tire pe proiecte \u0219i consultan\u021bi din bugetul local pentru un proiect fantom\u0103. <\/p>\n<h2 class=\"wp-block-heading\">Ce ne spune expertul tehnic-judiciar Haritina Cr\u0103it\u0103:<\/h2>\n<p>\u201dDragi prieteni, asist\u0103m la o situa\u021bie administrativ\u0103 extrem de interesant\u0103 \u00een ora\u0219ul nostru. Probabil l-a\u021bi v\u0103zut pe primarul Constantin Toma \u00een direct la Digi24, unde a declarat \u00een fa\u021ba unei \u021b\u0103ri \u00eentregi c\u0103 procesul c\u00e2\u0219tigat de mine (Dosarul nr. 1734\/114\/2025) a blocat proiectele municipiului, folosind cuvintele: \u201e\u2026nu mai \u0219tim ce s\u0103 facem!\u201d \u0219i ad\u0103ug\u00e2nd c\u0103 Buz\u0103ul a ajuns un caz unic \u00een Uniunea European\u0103 prin anularea Contractului Climatic \u00een instan\u021b\u0103.<\/p>\n<p>Ulterior, \u00een declara\u021biile recente din presa local\u0103, domnul primar a nuan\u021bat situa\u021bia: a afirmat c\u0103 am c\u00e2\u0219tigat \u201edoar referitor la anul 2035\u201d \u0219i a men\u021bionat c\u0103 prim\u0103ria va \u201emerge mai departe cu toate proiectele\u201d din acea list\u0103 de investi\u021bii \u0219i valori discutat\u0103 \u00een proces.<\/p>\n<p>Ast\u0103zi am primit r\u0103spunsul oficial de la Ministerul Investi\u021biilor \u0219i Proiectelor Europene (MIPE). Analiz\u00e2nd textul scris negru pe alb de minister (vezi foto ata\u0219at\u0103), apar c\u00e2teva \u00eentreb\u0103ri legitime pe care cred c\u0103 orice buzoian ar trebui s\u0103 \u0219i le pun\u0103:<\/p>\n<p>\u00centrebarea nr. 1: Cum se poate \u201emerge mai departe\u201d pe fonduri europene c\u00e2nd Ministerul spune clar c\u0103 NU exist\u0103 finan\u021bare?<br \/>Domnul primar a sus\u021binut public de multe ori c\u0103 procesul a blocat fondurile europene destinate ora\u0219ului.<br \/>Cu toate acestea, Ministerul (MIPE) spune clar \u00een adres\u0103: \u201e[\u2026] confirm\u0103m faptul c\u0103 Direc\u021bia General\u0103 Asisten\u021b\u0103 Tehnic\u0103 \u0219i Mecanisme Financiare (DGATMF) [\u2026] nu a \u00eencheiat contracte de finan\u021bare pentru realizarea sau implementarea CCC cu Municipiul Buz\u0103u \u0219i nu a asigurat finan\u021barea contractelor de consultan\u021b\u0103 \u0219i prefezabilitate invocate\u201d.<br \/>\u00centrebare: Cum se poate bloca sau cum se poate \u201emerge mai departe\u201d cu o finan\u021bare european\u0103 pe care Ministerul de resort spune clar c\u0103 nu a acordat-o niciodat\u0103?<\/p>\n<p>\u00centrebarea nr. 2: Dac\u0103 e doar o simpl\u0103 \u201estrategie formal\u0103\u201d, de ce s-au pl\u0103tit sute de mii de lei din Bugetul Local?<br \/>\u00cen cadrul procesului s-a discutat intens despre acea Anex\u0103 plin\u0103 cu proiecte specifice \u0219i valori financiare, hot\u0103r\u00e2rea (HCL 176\/2025) fiind anulat\u0103 integral de instan\u021b\u0103, implicit \u0219i anexa ei. Prim\u0103ria a decontat deja sume masive (321.300 lei, 318.920 lei \u0219i 270.000 lei) direct din BUGETUL LOCAL pentru acele servicii de consultan\u021b\u0103.<br \/>Cu toate acestea, Ministerul (MIPE) precizeaz\u0103 clar \u00een document: \u201eRealizarea acestui contract de clim\u0103 nu este un proiect, ci reprezint\u0103 un instrument de planificare strategic\u0103 [\u2026] aceste documente nu sunt reglementate \u00een mod specific de legisla\u021bia na\u021bional\u0103\u201d.<br \/>\u00centrebare: Dac\u0103 Ministerul trateaz\u0103 acest act ca pe o simpl\u0103 bro\u0219ur\u0103 de inten\u021bii generale, f\u0103r\u0103 valoare de proiect tehnic, \u00een baza c\u0103rui temei juridic au fost justificate \u0219i pl\u0103tite acele decont\u0103ri de sute de mii de lei din banii publici ai buzoienilor? Nu risc\u0103 aceste sume s\u0103 r\u0103m\u00e2n\u0103 o pagub\u0103 definitiv\u0103 \u00een bugetul local, din moment ce anexa de valori a fost anulat\u0103 de judec\u0103tori, iar MIPE confirm\u0103 c\u0103 nu le finan\u021beaz\u0103?<\/p>\n<p>\u00centrebarea nr. 3: De ce \u00ee\u0219i declin\u0103 Ministerul competen\u021ba de control?<br \/>\u00cen finalul adresei, Ministerul (MIPE) concluzioneaz\u0103: \u201eAstfel, DGATMF nu este \u00een m\u0103sur\u0103 s\u0103 ini\u021bieze demersurile solicitate, precum sistarea finan\u021b\u0103rii \u0219i blocarea decont\u0103rii unor sume [\u2026] sau sesizarea organelor de control abilitate privind o eventual\u0103 suspiciune de utilizare nelegal\u0103 a fondurilor\u201d.<br \/>\u00centrebare: Din moment ce Ministerul explic\u0103 clar c\u0103 nu are ce s\u0103 controleze sau ce bani s\u0103 blocheze fiindc\u0103 sumele nu au trecut prin ei, nu \u00eenseamn\u0103 asta c\u0103 responsabilitatea financiar\u0103 \u0219i legal\u0103 pentru decontarea acelor contracte apar\u021bine \u00een totalitate \u0219i exclusiv execu\u021biei bugetare de la nivel local?<\/p>\n<p><strong>Concluzia o trage\u021bi voi<\/strong><br \/>Suntem, \u00eentr-adev\u0103r, un caz unic \u00een UE. Dar oare nu pentru c\u0103 este prima dat\u0103 c\u00e2nd un cet\u0103\u021bean demonstreaz\u0103 \u00een instan\u021b\u0103 c\u0103 o prim\u0103rie folose\u0219te un program european (M100) drept umbrel\u0103 pentru a aproba liste de valori \u0219i a cheltui bani din bugetul local pe consultan\u021b\u0103, f\u0103r\u0103 a avea studiile obligatorii de mediu cerute de legisla\u021bia na\u021bional\u0103 \u0219i european\u0103 invocat\u0103 chiar de juri\u0219tii prim\u0103riei?<\/p>\n<p><em>C\u00e2nd o institu\u021bie spune la televizor c\u0103 \u201enu mai \u0219tie ce s\u0103 fac\u0103\u201d, iar ulterior declar\u0103 local c\u0103 \u201emerge mai departe\u201d, de\u0219i Ministerul confirm\u0103 \u00een scris lipsa oric\u0103rui contract de finan\u021bare central\u0103, unde este adev\u0103rul?\u201d-se \u00eentreab\u0103 pentru to\u021bi buzoienii expertul tehnic-judiciar, Haritina Cr\u0103i\u021b\u0103.<\/em><\/p>\n<p><em>V\u0103 invit s\u0103 citi\u021bi cu aten\u021bie documentul oficial ata\u0219at \u0219i s\u0103 trage\u021bi singuri concluziile!<\/em><\/p>\n<figure class=\"wp-block-image is-resized\"><a href=\"https:\/\/www.facebook.com\/photo\/?fbid=4612292859093572&amp;set=a.3361145660874971&amp;__cft__%5B0%5D=AZahhPniohI1-IZ8R4PAFu5sgQTZ2MwbGuvhoir-t1eKyi3YGRm6WHLIjFJMHAvhv6bumhyrV0ZbIUdY2E3Umn8cVuEv0Op846LUC2Jxi1-WFLacqG9u3gw_t5nYHVmWlHAVC5PTf__mZNDwydD-2jWNNj7OO_0987jKlCv9MjHBBR3kc6VVQGiyO0lJY9e_KZg&amp;__tn__=EH-R\"><img loading=\"lazy\" decoding=\"async\" src=\"https:\/\/scontent-otp1-1.xx.fbcdn.net\/v\/t39.99422-6\/772760186_1062594662937369_6853162892489577684_n.png?stp=dst-jpg_tt6&amp;cstp=mx720x960&amp;ctp=p526x296&amp;_nc_cat=110&amp;ccb=1-7&amp;_nc_sid=127cfc&amp;_nc_ohc=HaiAiN8CFScQ7kNvwEhxQ1W&amp;_nc_oc=AdppU4PfG27tMXVJs3clq2e0COLRdTb9ob6abNJZu8fmZgMgvNO_h-5xSMMjL7jpId8&amp;_nc_zt=14&amp;_nc_ht=scontent-otp1-1.xx&amp;_nc_gid=mpYubFW0RWRM2vKR7lr3_A&amp;_nc_ss=7f2a8&amp;oh=00_AQE_TYMLIDfZ1_4UjNIYOJ18UvfhkoX8j1QU01_g7B3vXg&amp;oe=6A832999\" alt=\"Ar putea fi o imagine cu cotor de bilet \u015fi text care spune \u201ePROFECTELOR FUROPENL Doamnei Haritina Cr\u0103i\u021b\u0103 mediului Munici Council risk ofn anisms (FMO) for Ministerul neconformitate Proiectelor solicitare urgent\u0103 the defin verify fonduri \u00eenregistrat\u0103 nulitatea anul\u0103rii definitive Haritina Cr\u0103i\u021b\u0103, proiectul Oglind\u00e3 Mistunii Unitatea Inovarii an orase inteligente neutre tranzi\u021bie Inv\u0103\u021b\u0103m\u00e4ntului Superior, Norvegiene capacit\u0103\u021bii legal Fondul pentru Rela\u021bii otential fni\u021biativ\u0103, beneficlat documentelor docum ind Contr pentru deveni formal\u0103 generale punct vedere autorit\u0103\u021bilor administra\u021biei strategic\u0103 mediului. na\u021bional\u0103 acestui Direc\u021bia Asistent\u0103 Case Financiare sume limate stima, solicitate, finan\u021b\u0103rii blocarea Buz\u0103u sesizarea organelor control privind fondurilor utilizate municipiul Buzau pentru achitarea uion Ministru Dragos- -Nicolae P\u0130SLARU ing ssly Subsecretar stat, Aa-ona loana URDA 11.08.202,6\u201d\" width=\"701\" height=\"934\"><\/a><\/figure>\n<div class=\"col-md-2 col-sm-4 col-xs-4\"> .col-md-2 { float:left; width: 16.6667%; } <\/div>\n<div class=\"col-md-2 col-sm-4 col-xs-4\"> .col-md-2 { float:left; width: 16.6667%; } <\/p>\n<div class=\"fb-share-button\" data-href=\"https:\/\/revistaverde.ro\/2026\/08\/13\/contractul-climatic-m100-un-proiect-fantoma-de-cheltuit-bani-publici-fara-justificare\/\" data-layout=\"button\" data-size=\"large\" data-mobile-iframe=\"true\"><a class=\"fb-xfbml-parse-ignore\" target=\"_blank\" href=\"https:\/\/www.facebook.com\/sharer\/sharer.php?u=https%3A%2F%2Frevistaverde.ro%2F2026%2F08%2F13%2Fcontractul-climatic-m100-un-proiect-fantoma-de-cheltuit-bani-publici-fara-justificare%2F&amp;src=sdkpreparse\">Share<\/a><\/div>\n<\/div>\n<div class=\"col-md-2 col-sm-4 col-xs-4\"> .col-md-2 { float:left; width: 16.6667%; } <\/div>\n<\/div>\n<\/article>\n<div class=\"entry-content mh-clearfix\">\n<figure class=\"entry-thumbnail\"><img decoding=\"async\" src=\"https:\/\/revistaverde.ro\/wp-content\/uploads\/2026\/07\/HARITINA-33-1.jpg\" alt title=\"HARITINA 33\"><\/figure>\n<h4 class=\"wp-block-heading\">Expertul tehnic-judiciar, Haritina Cr\u0103i\u021b\u0103, face o dezv\u0103luire uluitoare!<\/h4>\n<p> Contractul Climatic M100 era doar \u00een mintea primarului Constantin Toma, care a cheltuit bani \u00een ne\u0219tire pe proiecte \u0219i consultan\u021bi din bugetul local pentru un proiect fantom\u0103. <\/p>\n<h2 class=\"wp-block-heading\">Ce ne spune expertul tehnic-judiciar Haritina Cr\u0103it\u0103:<\/h2>\n<p>\u201dDragi prieteni, asist\u0103m la o situa\u021bie administrativ\u0103 extrem de interesant\u0103 \u00een ora\u0219ul nostru. Probabil l-a\u021bi v\u0103zut pe primarul Constantin Toma \u00een direct la Digi24, unde a declarat \u00een fa\u021ba unei \u021b\u0103ri \u00eentregi c\u0103 procesul c\u00e2\u0219tigat de mine (Dosarul nr. 1734\/114\/2025) a blocat proiectele municipiului, folosind cuvintele: \u201e\u2026nu mai \u0219tim ce s\u0103 facem!\u201d \u0219i ad\u0103ug\u00e2nd c\u0103 Buz\u0103ul a ajuns un caz unic \u00een Uniunea European\u0103 prin anularea Contractului Climatic \u00een instan\u021b\u0103.<\/p>\n<p>Ulterior, \u00een declara\u021biile recente din presa local\u0103, domnul primar a nuan\u021bat situa\u021bia: a afirmat c\u0103 am c\u00e2\u0219tigat \u201edoar referitor la anul 2035\u201d \u0219i a men\u021bionat c\u0103 prim\u0103ria va \u201emerge mai departe cu toate proiectele\u201d din acea list\u0103 de investi\u021bii \u0219i valori discutat\u0103 \u00een proces.<\/p>\n<p>Ast\u0103zi am primit r\u0103spunsul oficial de la Ministerul Investi\u021biilor \u0219i Proiectelor Europene (MIPE). Analiz\u00e2nd textul scris negru pe alb de minister (vezi foto ata\u0219at\u0103), apar c\u00e2teva \u00eentreb\u0103ri legitime pe care cred c\u0103 orice buzoian ar trebui s\u0103 \u0219i le pun\u0103:<\/p>\n<p>\u00centrebarea nr. 1: Cum se poate \u201emerge mai departe\u201d pe fonduri europene c\u00e2nd Ministerul spune clar c\u0103 NU exist\u0103 finan\u021bare?<br \/>Domnul primar a sus\u021binut public de multe ori c\u0103 procesul a blocat fondurile europene destinate ora\u0219ului.<br \/>Cu toate acestea, Ministerul (MIPE) spune clar \u00een adres\u0103: \u201e[\u2026] confirm\u0103m faptul c\u0103 Direc\u021bia General\u0103 Asisten\u021b\u0103 Tehnic\u0103 \u0219i Mecanisme Financiare (DGATMF) [\u2026] nu a \u00eencheiat contracte de finan\u021bare pentru realizarea sau implementarea CCC cu Municipiul Buz\u0103u \u0219i nu a asigurat finan\u021barea contractelor de consultan\u021b\u0103 \u0219i prefezabilitate invocate\u201d.<br \/>\u00centrebare: Cum se poate bloca sau cum se poate \u201emerge mai departe\u201d cu o finan\u021bare european\u0103 pe care Ministerul de resort spune clar c\u0103 nu a acordat-o niciodat\u0103?<\/p>\n<p>\u00centrebarea nr. 2: Dac\u0103 e doar o simpl\u0103 \u201estrategie formal\u0103\u201d, de ce s-au pl\u0103tit sute de mii de lei din Bugetul Local?<br \/>\u00cen cadrul procesului s-a discutat intens despre acea Anex\u0103 plin\u0103 cu proiecte specifice \u0219i valori financiare, hot\u0103r\u00e2rea (HCL 176\/2025) fiind anulat\u0103 integral de instan\u021b\u0103, implicit \u0219i anexa ei. Prim\u0103ria a decontat deja sume masive (321.300 lei, 318.920 lei \u0219i 270.000 lei) direct din BUGETUL LOCAL pentru acele servicii de consultan\u021b\u0103.<br \/>Cu toate acestea, Ministerul (MIPE) precizeaz\u0103 clar \u00een document: \u201eRealizarea acestui contract de clim\u0103 nu este un proiect, ci reprezint\u0103 un instrument de planificare strategic\u0103 [\u2026] aceste documente nu sunt reglementate \u00een mod specific de legisla\u021bia na\u021bional\u0103\u201d.<br \/>\u00centrebare: Dac\u0103 Ministerul trateaz\u0103 acest act ca pe o simpl\u0103 bro\u0219ur\u0103 de inten\u021bii generale, f\u0103r\u0103 valoare de proiect tehnic, \u00een baza c\u0103rui temei juridic au fost justificate \u0219i pl\u0103tite acele decont\u0103ri de sute de mii de lei din banii publici ai buzoienilor? Nu risc\u0103 aceste sume s\u0103 r\u0103m\u00e2n\u0103 o pagub\u0103 definitiv\u0103 \u00een bugetul local, din moment ce anexa de valori a fost anulat\u0103 de judec\u0103tori, iar MIPE confirm\u0103 c\u0103 nu le finan\u021beaz\u0103?<\/p>\n<p>\u00centrebarea nr. 3: De ce \u00ee\u0219i declin\u0103 Ministerul competen\u021ba de control?<br \/>\u00cen finalul adresei, Ministerul (MIPE) concluzioneaz\u0103: \u201eAstfel, DGATMF nu este \u00een m\u0103sur\u0103 s\u0103 ini\u021bieze demersurile solicitate, precum sistarea finan\u021b\u0103rii \u0219i blocarea decont\u0103rii unor sume [\u2026] sau sesizarea organelor de control abilitate privind o eventual\u0103 suspiciune de utilizare nelegal\u0103 a fondurilor\u201d.<br \/>\u00centrebare: Din moment ce Ministerul explic\u0103 clar c\u0103 nu are ce s\u0103 controleze sau ce bani s\u0103 blocheze fiindc\u0103 sumele nu au trecut prin ei, nu \u00eenseamn\u0103 asta c\u0103 responsabilitatea financiar\u0103 \u0219i legal\u0103 pentru decontarea acelor contracte apar\u021bine \u00een totalitate \u0219i exclusiv execu\u021biei bugetare de la nivel local?<\/p>\n<p><strong>Concluzia o trage\u021bi voi<\/strong><br \/>Suntem, \u00eentr-adev\u0103r, un caz unic \u00een UE. Dar oare nu pentru c\u0103 este prima dat\u0103 c\u00e2nd un cet\u0103\u021bean demonstreaz\u0103 \u00een instan\u021b\u0103 c\u0103 o prim\u0103rie folose\u0219te un program european (M100) drept umbrel\u0103 pentru a aproba liste de valori \u0219i a cheltui bani din bugetul local pe consultan\u021b\u0103, f\u0103r\u0103 a avea studiile obligatorii de mediu cerute de legisla\u021bia na\u021bional\u0103 \u0219i european\u0103 invocat\u0103 chiar de juri\u0219tii prim\u0103riei?<\/p>\n<p><em>C\u00e2nd o institu\u021bie spune la televizor c\u0103 \u201enu mai \u0219tie ce s\u0103 fac\u0103\u201d, iar ulterior declar\u0103 local c\u0103 \u201emerge mai departe\u201d, de\u0219i Ministerul confirm\u0103 \u00een scris lipsa oric\u0103rui contract de finan\u021bare central\u0103, unde este adev\u0103rul?\u201d-se \u00eentreab\u0103 pentru to\u021bi buzoienii expertul tehnic-judiciar, Haritina Cr\u0103i\u021b\u0103.<\/em><\/p>\n<p><em>V\u0103 invit s\u0103 citi\u021bi cu aten\u021bie documentul oficial ata\u0219at \u0219i s\u0103 trage\u021bi singuri concluziile!<\/em><\/p>\n<figure class=\"wp-block-image is-resized\"><a href=\"https:\/\/www.facebook.com\/photo\/?fbid=4612292859093572&amp;set=a.3361145660874971&amp;__cft__%5B0%5D=AZahhPniohI1-IZ8R4PAFu5sgQTZ2MwbGuvhoir-t1eKyi3YGRm6WHLIjFJMHAvhv6bumhyrV0ZbIUdY2E3Umn8cVuEv0Op846LUC2Jxi1-WFLacqG9u3gw_t5nYHVmWlHAVC5PTf__mZNDwydD-2jWNNj7OO_0987jKlCv9MjHBBR3kc6VVQGiyO0lJY9e_KZg&amp;__tn__=EH-R\"><img loading=\"lazy\" decoding=\"async\" src=\"https:\/\/scontent-otp1-1.xx.fbcdn.net\/v\/t39.99422-6\/772760186_1062594662937369_6853162892489577684_n.png?stp=dst-jpg_tt6&amp;cstp=mx720x960&amp;ctp=p526x296&amp;_nc_cat=110&amp;ccb=1-7&amp;_nc_sid=127cfc&amp;_nc_ohc=HaiAiN8CFScQ7kNvwEhxQ1W&amp;_nc_oc=AdppU4PfG27tMXVJs3clq2e0COLRdTb9ob6abNJZu8fmZgMgvNO_h-5xSMMjL7jpId8&amp;_nc_zt=14&amp;_nc_ht=scontent-otp1-1.xx&amp;_nc_gid=mpYubFW0RWRM2vKR7lr3_A&amp;_nc_ss=7f2a8&amp;oh=00_AQE_TYMLIDfZ1_4UjNIYOJ18UvfhkoX8j1QU01_g7B3vXg&amp;oe=6A832999\" alt=\"Ar putea fi o imagine cu cotor de bilet \u015fi text care spune \u201ePROFECTELOR FUROPENL Doamnei Haritina Cr\u0103i\u021b\u0103 mediului Munici Council risk ofn anisms (FMO) for Ministerul neconformitate Proiectelor solicitare urgent\u0103 the defin verify fonduri \u00eenregistrat\u0103 nulitatea anul\u0103rii definitive Haritina Cr\u0103i\u021b\u0103, proiectul Oglind\u00e3 Mistunii Unitatea Inovarii an orase inteligente neutre tranzi\u021bie Inv\u0103\u021b\u0103m\u00e4ntului Superior, Norvegiene capacit\u0103\u021bii legal Fondul pentru Rela\u021bii otential fni\u021biativ\u0103, beneficlat documentelor docum ind Contr pentru deveni formal\u0103 generale punct vedere autorit\u0103\u021bilor administra\u021biei strategic\u0103 mediului. na\u021bional\u0103 acestui Direc\u021bia Asistent\u0103 Case Financiare sume limate stima, solicitate, finan\u021b\u0103rii blocarea Buz\u0103u sesizarea organelor control privind fondurilor utilizate municipiul Buzau pentru achitarea uion Ministru Dragos- -Nicolae P\u0130SLARU ing ssly Subsecretar stat, Aa-ona loana URDA 11.08.202,6\u201d\" width=\"701\" height=\"934\"><\/a><\/figure>\n<div class=\"col-md-2 col-sm-4 col-xs-4\"> .col-md-2 { float:left; width: 16.6667%; } <\/div>\n<div class=\"col-md-2 col-sm-4 col-xs-4\"> .col-md-2 { float:left; width: 16.6667%; } <\/p>\n<div class=\"fb-share-button\" data-href=\"https:\/\/revistaverde.ro\/2026\/08\/13\/contractul-climatic-m100-un-proiect-fantoma-de-cheltuit-bani-publici-fara-justificare\/\" data-layout=\"button\" data-size=\"large\" data-mobile-iframe=\"true\"><a class=\"fb-xfbml-parse-ignore\" target=\"_blank\" href=\"https:\/\/www.facebook.com\/sharer\/sharer.php?u=https%3A%2F%2Frevistaverde.ro%2F2026%2F08%2F13%2Fcontractul-climatic-m100-un-proiect-fantoma-de-cheltuit-bani-publici-fara-justificare%2F&amp;src=sdkpreparse\">Share<\/a><\/div>\n<\/div>\n<div class=\"col-md-2 col-sm-4 col-xs-4\"> .col-md-2 { float:left; width: 16.6667%; } <\/div>\n<\/div>\n<p>[analyse_source url=&#8221;https:\/\/revistaverde.ro\/2026\/08\/13\/contractul-climatic-m100-un-proiect-fantoma-de-cheltuit-bani-publici-fara-justificare\/&#8221;]<\/p>\n","protected":false},"excerpt":{"rendered":"<p>[analyse_image type=&#8221;featured&#8221; src=&#8221;https:\/\/revistaverde.ro\/wp-content\/uploads\/2026\/07\/HARITINA-33-1.jpg&#8221;] Contractul Climatic M100, un proiect fantom\u0103 de cheltuit bani publici f\u0103r\u0103 justificare august 13, 2026M\u0103rg\u0103rit GROSUEco \u015etiri, Evenimente, international0 Expertul tehnic-judiciar, Haritina Cr\u0103i\u021b\u0103, face o dezv\u0103luire uluitoare! Contractul Climatic M100 era doar \u00een mintea primarului Constantin Toma, care a cheltuit bani \u00een ne\u0219tire pe proiecte \u0219i consultan\u021bi din bugetul local pentru un [&hellip;]<\/p>\n","protected":false},"author":1,"featured_media":0,"comment_status":"open","ping_status":"","sticky":false,"template":"","format":"standard","meta":{"footnotes":""},"categories":[2],"tags":[226,57],"class_list":["post-2092165","post","type-post","status-publish","format-standard","hentry","category-politics","tag-crawlmanager","tag-revistaverde-ro"],"_links":{"self":[{"href":"https:\/\/analyse.optim.biz\/index.php?rest_route=\/wp\/v2\/posts\/2092165","targetHints":{"allow":["GET"]}}],"collection":[{"href":"https:\/\/analyse.optim.biz\/index.php?rest_route=\/wp\/v2\/posts"}],"about":[{"href":"https:\/\/analyse.optim.biz\/index.php?rest_route=\/wp\/v2\/types\/post"}],"author":[{"embeddable":true,"href":"https:\/\/analyse.optim.biz\/index.php?rest_route=\/wp\/v2\/users\/1"}],"replies":[{"embeddable":true,"href":"https:\/\/analyse.optim.biz\/index.php?rest_route=%2Fwp%2Fv2%2Fcomments&post=2092165"}],"version-history":[{"count":0,"href":"https:\/\/analyse.optim.biz\/index.php?rest_route=\/wp\/v2\/posts\/2092165\/revisions"}],"wp:attachment":[{"href":"https:\/\/analyse.optim.biz\/index.php?rest_route=%2Fwp%2Fv2%2Fmedia&parent=2092165"}],"wp:term":[{"taxonomy":"category","embeddable":true,"href":"https:\/\/analyse.optim.biz\/index.php?rest_route=%2Fwp%2Fv2%2Fcategories&post=2092165"},{"taxonomy":"post_tag","embeddable":true,"href":"https:\/\/analyse.optim.biz\/index.php?rest_route=%2Fwp%2Fv2%2Ftags&post=2092165"}],"curies":[{"name":"wp","href":"https:\/\/api.w.org\/{rel}","templated":true}]}}