{"id":2092004,"date":"2026-08-13T16:37:26","date_gmt":"2026-08-13T13:37:26","guid":{"rendered":"https:\/\/analyse.optim.biz\/?p=2092004"},"modified":"2026-08-13T16:37:26","modified_gmt":"2026-08-13T13:37:26","slug":"de-la-fagaras-la-calimanesti-o-poveste-inceputa-in-1969-cantecele-oltului-aduce-parada-portului-popular-ansambluri-din-sapte-judete-si-o-mare-gala-folclorica","status":"publish","type":"post","link":"https:\/\/analyse.optim.biz\/?p=2092004","title":{"rendered":"De la F\u0103g\u0103ra\u0219 la C\u0103lim\u0103ne\u0219ti, o poveste \u00eenceput\u0103 \u00een 1969: \u201eC\u00e2ntecele Oltului\u201d aduce parada portului popular, ansambluri din \u0219apte jude\u021be \u0219i o mare gal\u0103 folcloric\u0103"},"content":{"rendered":"<p>[analyse_image type=&#8221;featured&#8221; src=&#8221;https:\/\/www.impactreal.ro\/wp-content\/uploads\/2026\/08\/calimanesti-4-1024&#215;576.png&#8221;]<\/p>\n<div class=\"single-news-content\">\n<div class=\"news-image\"><img loading=\"lazy\" decoding=\"async\" width=\"1672\" height=\"941\" src=\"https:\/\/www.impactreal.ro\/wp-content\/uploads\/2026\/08\/calimanesti-4.png\" class=\"img-responsive wp-post-image\" alt=\"De la F\u0103g\u0103ra\u0219 la C\u0103lim\u0103ne\u0219ti, o poveste \u00eenceput\u0103 \u00een 1969: \u201eC\u00e2ntecele Oltului\u201d aduce parada portului popular, ansambluri din \u0219apte jude\u021be \u0219i o mare gal\u0103 folcloric\u0103\"><\/div>\n<div class=\"news-detail clearfix\">\n<div class=\"entry-meta\"><span class=\"posted-date\"><a href=\"https:\/\/www.impactreal.ro\/2026\/08\/13\/de-la-fagaras-la-calimanesti-o-poveste-inceputa-in-1969-cantecele-oltului-aduce-parada-portului-popular-ansambluri-din-sapte-judete-si-o-mare-gala-folclorica\/\" rel=\"bookmark\"><time class=\"entry-date published\" datetime=\"2026-08-13T19:37:26+03:00\">13 august 2026<\/time><time class=\"updated\" datetime=\"2026-08-13T19:50:04+03:00\">13 august 2026<\/time><\/a><\/span><span class=\"author vcard\"><a href=\"https:\/\/www.impactreal.ro\/author\/claudia-schiopu\/\">Claudia Schiopu<\/a><\/span><span class=\"cat-links\"><a href=\"https:\/\/www.impactreal.ro\/category\/actualitate\/\" rel=\"category tag\">Actual<\/a><a href=\"https:\/\/www.impactreal.ro\/category\/administratie\/\" rel=\"category tag\">Administra\u0163ie<\/a><a href=\"https:\/\/www.impactreal.ro\/category\/calimanesti\/\" rel=\"category tag\">Calimanesti<\/a><\/span><\/div>\n<div class=\"news-content editor-content-entry\">\n<p>Festivalul Na\u021bional de Folclor \u201eC\u00e2ntecele Oltului\u201d ajunge la edi\u021bia a 58-a \u0219i aduce la C\u0103lim\u0103ne\u0219ti ansambluri din Harghita, Covasna, Bra\u0219ov, Sibiu, Olt, Teleorman \u0219i V\u00e2lcea. Timp de trei zile, \u00eentre 21 \u0219i 23 august 2026, ora\u0219ul va g\u0103zdui spectacole, concursuri, o lansare de carte, parada portului popular, un colocviu despre formarea tinerilor \u0219i gala laurea\u021bilor. Programul se va \u00eencheia cu un concert sus\u021binut de Aurora \u0219i S\u0103ndel Mihai.<\/p>\n<p><strong><u>O istorie \u00eenceput\u0103 la F\u0103g\u0103ra\u0219<\/u><\/strong><\/p>\n<p>Povestea Festivalului \u201eC\u00e2ntecele Oltului\u201d a \u00eenceput \u00een vara anului 1969. Prima edi\u021bie s-a desf\u0103\u0219urat la F\u0103g\u0103ra\u0219, \u00eentre 1 \u0219i 3 august, cu participarea forma\u021biilor din jude\u021bele V\u00e2lcea, Harghita, Covasna, Sibiu, Olt \u0219i Bra\u0219ov.<\/p>\n<p>Manifestarea fusese g\u00e2ndit\u0103 pentru zonele a\u0219ezate de-a lungul Oltului, fiecare dintre ele av\u00e2nd propriile c\u00e2ntece, jocuri, costume \u0219i obiceiuri. R\u00e2ul a oferit numele festivalului \u0219i leg\u0103tura dintre jude\u021be, de la izvoarele sale p\u00e2n\u0103 \u00een sudul \u021b\u0103rii.<\/p>\n<p>Din 1970, festivalul s-a mutat la C\u0103lim\u0103ne\u0219ti. Parcul Ostrov a oferit atunci un decor potrivit pentru spectacolele \u00een aer liber \u0219i pentru \u00eent\u00e2lnirea forma\u021biilor sosite de pe \u00eentregul curs al Oltului. Ora\u0219ul a devenit gazda manifest\u0103rii, iar luna august a r\u0103mas legat\u0103 de c\u00e2ntecele, dansurile \u0219i costumele aduse de participan\u021bi.<\/p>\n<p><em>Aceste informa\u021bii apar \u00een prezentarea istoric\u0103 publicat\u0103 de Prim\u0103ria C\u0103lim\u0103ne\u0219ti, potrivit c\u0103reia \u201dfestivalul urm\u0103re\u0219te exprimarea autentic\u0103 a folclorului din zonele str\u0103b\u0103tute de Olt\u201d<\/em>.<\/p>\n<p><strong>Festivalul care a unit jude\u021bele de pe cursul Oltului<\/strong><\/p>\n<p>\u00cen 1971, edi\u021bia a treia s-a desf\u0103\u0219urat \u00een mai multe localit\u0103\u021bi v\u00e2lcene, cu spectacole, \u00eent\u00e2lniri de specialitate, concursul \u201eFrumoasa Oltului\u201d \u0219i gala \u201eRapsodia Oltului\u201d. Tot atunci a ap\u0103rut primul ziar \u201eC\u00e2ntecele Oltului\u201d.<\/p>\n<p><strong><u>Parada care deschide ora\u0219ul c\u0103tre festival<\/u><\/strong><\/p>\n<p>Unul dintre cele mai a\u0219teptate momente a r\u0103mas parada portului popular. <strong><u>S\u00e2mb\u0103t\u0103, 22 august, de la ora 16.00,<\/u><\/strong> participan\u021bii vor porni din fa\u021ba Prim\u0103riei c\u0103tre Parcul Central C\u0103lim\u0103ne\u0219ti, \u00een acordurile Fanfarei Jude\u021bene \u201eConstantin Br\u00e2ncoveanu\u201d.<\/p>\n<p>Pe traseu vor putea fi v\u0103zute costume din toate cele \u0219apte jude\u021be participante. Fiecare zon\u0103 vine cu propriile croieli, cus\u0103turi, culori \u0219i podoabe, purtate de membrii ansamblurilor care vor urca apoi pe scen\u0103.<\/p>\n<p>Pe traseul paradei, publicul poate admira \u00eendeaproape costumele \u0219i elementele specifice fiec\u0103rei zone etnografice. Portul din Harghita nu seam\u0103n\u0103 cu cel din Olt, costumul din M\u0103rginimea Sibiului are alte elemente dec\u00e2t cel din Teleorman, iar V\u00e2lcea vine cu modelele p\u0103strate \u00een satele sale.<\/p>\n<p>De-a lungul edi\u021biilor, parada a devenit unul dintre cele mai a\u0219teptate momente ale festivalului.. Localnicii \u0219i turi\u0219tii se a\u0219az\u0103 pe traseu, ansamblurile danseaz\u0103 sau c\u00e2nt\u0103, iar centrul ora\u0219ului se transform\u0103 pentru c\u00e2teva minute \u00eentr-o scen\u0103 \u00een aer liber.<\/p>\n<p><strong><u>\u0218apte jude\u021be se \u00eent\u00e2lnesc la C\u0103lim\u0103ne\u0219ti<\/u><\/strong><\/p>\n<p>Edi\u021bia din 2026 reune\u0219te forma\u021bii din toate jude\u021bele riverane Oltului. <strong><u>Harghita<\/u><\/strong> va fi reprezentat\u0103 de ansamblurile reunite \u201eRapsozii V\u0103ii Mure\u0219ului Superior\u201d \u0219i C\u0103minul Cultural Vo\u0219l\u0103beni, care vor prezenta \u201eC\u00e2ntece \u0219i jocuri populare\u201d. Din <strong><u>M\u0103d\u0103ra\u0219-Ciuc<\/u><\/strong> va participa Ansamblul Folcloric de P\u0103strare a Tradi\u021biilor, cu spectacolul \u201eLa \u0219ez\u0103toare\u201d.<\/p>\n<p><strong><u>Din Covasna<\/u><\/strong> vine Ansamblul \u201eCununa Carpa\u021bilor\u201d al C\u0103minului Cultural din Sita Buz\u0103ului, cu un tablou coregrafic de dansuri populare<strong><u>. Bra\u0219ovul<\/u><\/strong> va fi reprezentat de \u201eJunii \u021a\u0103rii B\u00e2rsei\u201d din Dumbr\u0103vi\u021ba, satul Vl\u0103deni, cu spectacolul \u201eJocul c\u0103tanelor din Vl\u0103deni\u201d.<\/p>\n<p><strong><u>Ansamblul \u201eDorule\u021b<\/u><\/strong>\u201d din Racovi\u021ba va aduce la C\u0103lim\u0103ne\u0219ti obiceiurile Sibiului prin spectacolul \u201eAzi e nunt\u0103 mare-n sat\u201d. Din jude\u021bul Olt va sosi Ansamblul \u201ePlai de dor\u201d din <strong><u>\u0218erb\u0103ne\u0219ti,<\/u><\/strong> care va prezenta c\u00e2ntece \u0219i dansuri oltene\u0219ti.<\/p>\n<p><strong><u>Teleormanul<\/u><\/strong> va intra \u00een concurs cu Ansamblul \u201eDatina\u201d, format \u0219i din tineri din Bragadiru \u0219i Putineiu. Programul acestora se nume\u0219te \u201eCa la noi \u00een Teleorman\u201d.<\/p>\n<p><strong><u>V\u00e2lcea <\/u><\/strong>va fi reprezentat\u0103 de Ansamblul \u201eMiori\u021ba\u201d al Prim\u0103riei Vaideeni. Forma\u021bia va prezenta \u201eObiceiuri \u0219i dansuri din vatra satului\u201d, sub conducerea muzical\u0103 a profesorului \u0218tefan S\u0103voiu. Scenariul \u0219i coregrafia sunt semnate de Cristina Tu\u021b\u0103 Irimescu.<\/p>\n<p><strong><u>Prima zi, rezervat\u0103 c\u0103r\u021bii \u0219i interpre\u021bilor v\u00e2lceni<\/u><\/strong><\/p>\n<p>Festivalul va \u00eencepe <strong><u>vineri, 21 august<\/u><\/strong>, la ora 17.00, la Centrul Multifunc\u021bional C\u0103lim\u0103ne\u0219ti. Aici va fi lansat volumul al doilea al c\u0103r\u021bii \u201eCorabia salvatoare\u201d, de Elena Stoica, ap\u0103rut la Editura Patrimoniu a CJCPCT V\u00e2lcea \u0219i la Editura F\u00e2nt\u00e2na lui Manole.<\/p>\n<p>De la ora 17.30, programul se mut\u0103 la Teatrul de Var\u0103 al Casei de Cultur\u0103 \u201eFlorin Zamfirescu\u201d. Spectacolul \u201ePe plaiuri v\u00e2lcene\u201d va aduce \u00een fa\u021ba publicului tineri interpre\u021bi de folclor \u0219i Orchestra de Muzic\u0103 Popular\u0103 \u201eRapsodia V\u00e2lcean\u0103\u201d a CJCPCT V\u00e2lcea, dirijat\u0103 de Nicolae Caliu.<\/p>\n<p><strong><u>Parada va fi urmat\u0103 de deschiderea oficial\u0103<\/u><\/strong><\/p>\n<p><strong><u>S\u00e2mb\u0103t\u0103,<\/u><\/strong> dup\u0103 sosirea paradei \u00een Parcul Central, va \u00eencepe festivitatea de deschidere a edi\u021biei a 58-a. Primarul ora\u0219ului C\u0103lim\u0103ne\u0219ti, Florinel Constantinescu, managerul CJCPCT V\u00e2lcea, Alin Pavelescu, \u0219i pre\u0219edintele juriului, Elena Stoica, vor adresa mesaje participan\u021bilor \u0219i publicului.<\/p>\n<p>Ansamblurile vor prezenta c\u00e2te un scurt program, oferind spectatorilor o prim\u0103 imagine asupra repertoriilor preg\u0103tite pentru concurs.<\/p>\n<p>De la ora 18.00, la Teatrul de Var\u0103 \u201eFlorin Zamfirescu\u201d, va \u00eencepe spectacolul-concurs. Evolu\u021bia ansamblurilor va fi completat\u0103 de probele individuale care au devenit cunoscute publicului: <strong><em><u>concursul de interpretare \u201eDoina Oltului\u201d, concursul purt\u0103torilor de costume populare \u0219i \u201eFrumoasa Oltului\u201d.<\/u><\/em><\/strong><\/p>\n<p><strong><u>Programul de duminic\u0103<\/u><\/strong><\/p>\n<p>Duminic\u0103, juriul va stabili c\u00e2\u0219tig\u0103torii, apoi va avea loc un colocviu despre atragerea tinerilor c\u0103tre ansamblurile populare. Dup\u0103-amiaz\u0103 sunt programate premierea \u0219i spectacolul de gal\u0103, iar festivalul se va \u00eencheia cu un concert sus\u021binut de Aurora \u0219i S\u0103ndel Mihai.<\/p>\n<p><strong><u>C\u0103lim\u0103ne\u0219tiul, gazda unei \u00eent\u00e2lniri care dureaz\u0103 de peste jum\u0103tate de secol<\/u><\/strong><\/p>\n<p>Cea de-a 58-a edi\u021bie este organizat\u0103 de Consiliul Jude\u021bean V\u00e2lcea, Centrul Jude\u021bean pentru Conservarea \u0219i Promovarea Culturii Tradi\u021bionale V\u00e2lcea, Prim\u0103ria Ora\u0219ului C\u0103lim\u0103ne\u0219ti, Casa de Cultur\u0103 \u201eFlorin Zamfirescu\u201d, Biblioteca Or\u0103\u0219eneasc\u0103 \u201eA.E. Baconsky\u201d \u0219i Centrul Na\u021bional de Informare \u0219i Promovare Turistic\u0103 din C\u0103lim\u0103ne\u0219ti, cu binecuv\u00e2ntarea M\u0103n\u0103stirii Cozia.<\/p>\n<p>\u00cen cei 58 de ani de existen\u021b\u0103, festivalul a p\u0103strat leg\u0103tura dintre jude\u021bele a\u0219ezate de-a lungul Oltului.\u00a0 \u00a0 Genera\u021biile de dansatori \u0219i interpre\u021bi s-au schimbat, \u00eens\u0103 c\u00e2ntecele, costumele \u0219i jocurile aduse la C\u0103lim\u0103ne\u0219ti continu\u0103 s\u0103 arate c\u00e2t de diferite sunt zonele traversate de acela\u0219i r\u00e2u.<\/p>\n<\/div>\n<\/div>\n<\/div>\n<div class=\"news-content editor-content-entry\">\n<p>Festivalul Na\u021bional de Folclor \u201eC\u00e2ntecele Oltului\u201d ajunge la edi\u021bia a 58-a \u0219i aduce la C\u0103lim\u0103ne\u0219ti ansambluri din Harghita, Covasna, Bra\u0219ov, Sibiu, Olt, Teleorman \u0219i V\u00e2lcea. Timp de trei zile, \u00eentre 21 \u0219i 23 august 2026, ora\u0219ul va g\u0103zdui spectacole, concursuri, o lansare de carte, parada portului popular, un colocviu despre formarea tinerilor \u0219i gala laurea\u021bilor. Programul se va \u00eencheia cu un concert sus\u021binut de Aurora \u0219i S\u0103ndel Mihai.<\/p>\n<p><strong><u>O istorie \u00eenceput\u0103 la F\u0103g\u0103ra\u0219<\/u><\/strong><\/p>\n<p>Povestea Festivalului \u201eC\u00e2ntecele Oltului\u201d a \u00eenceput \u00een vara anului 1969. Prima edi\u021bie s-a desf\u0103\u0219urat la F\u0103g\u0103ra\u0219, \u00eentre 1 \u0219i 3 august, cu participarea forma\u021biilor din jude\u021bele V\u00e2lcea, Harghita, Covasna, Sibiu, Olt \u0219i Bra\u0219ov.<\/p>\n<p>Manifestarea fusese g\u00e2ndit\u0103 pentru zonele a\u0219ezate de-a lungul Oltului, fiecare dintre ele av\u00e2nd propriile c\u00e2ntece, jocuri, costume \u0219i obiceiuri. R\u00e2ul a oferit numele festivalului \u0219i leg\u0103tura dintre jude\u021be, de la izvoarele sale p\u00e2n\u0103 \u00een sudul \u021b\u0103rii.<\/p>\n<p>Din 1970, festivalul s-a mutat la C\u0103lim\u0103ne\u0219ti. Parcul Ostrov a oferit atunci un decor potrivit pentru spectacolele \u00een aer liber \u0219i pentru \u00eent\u00e2lnirea forma\u021biilor sosite de pe \u00eentregul curs al Oltului. Ora\u0219ul a devenit gazda manifest\u0103rii, iar luna august a r\u0103mas legat\u0103 de c\u00e2ntecele, dansurile \u0219i costumele aduse de participan\u021bi.<\/p>\n<p><em>Aceste informa\u021bii apar \u00een prezentarea istoric\u0103 publicat\u0103 de Prim\u0103ria C\u0103lim\u0103ne\u0219ti, potrivit c\u0103reia \u201dfestivalul urm\u0103re\u0219te exprimarea autentic\u0103 a folclorului din zonele str\u0103b\u0103tute de Olt\u201d<\/em>.<\/p>\n<p><strong>Festivalul care a unit jude\u021bele de pe cursul Oltului<\/strong><\/p>\n<p>\u00cen 1971, edi\u021bia a treia s-a desf\u0103\u0219urat \u00een mai multe localit\u0103\u021bi v\u00e2lcene, cu spectacole, \u00eent\u00e2lniri de specialitate, concursul \u201eFrumoasa Oltului\u201d \u0219i gala \u201eRapsodia Oltului\u201d. Tot atunci a ap\u0103rut primul ziar \u201eC\u00e2ntecele Oltului\u201d.<\/p>\n<p><strong><u>Parada care deschide ora\u0219ul c\u0103tre festival<\/u><\/strong><\/p>\n<p>Unul dintre cele mai a\u0219teptate momente a r\u0103mas parada portului popular. <strong><u>S\u00e2mb\u0103t\u0103, 22 august, de la ora 16.00,<\/u><\/strong> participan\u021bii vor porni din fa\u021ba Prim\u0103riei c\u0103tre Parcul Central C\u0103lim\u0103ne\u0219ti, \u00een acordurile Fanfarei Jude\u021bene \u201eConstantin Br\u00e2ncoveanu\u201d.<\/p>\n<p>Pe traseu vor putea fi v\u0103zute costume din toate cele \u0219apte jude\u021be participante. Fiecare zon\u0103 vine cu propriile croieli, cus\u0103turi, culori \u0219i podoabe, purtate de membrii ansamblurilor care vor urca apoi pe scen\u0103.<\/p>\n<p>Pe traseul paradei, publicul poate admira \u00eendeaproape costumele \u0219i elementele specifice fiec\u0103rei zone etnografice. Portul din Harghita nu seam\u0103n\u0103 cu cel din Olt, costumul din M\u0103rginimea Sibiului are alte elemente dec\u00e2t cel din Teleorman, iar V\u00e2lcea vine cu modelele p\u0103strate \u00een satele sale.<\/p>\n<p>De-a lungul edi\u021biilor, parada a devenit unul dintre cele mai a\u0219teptate momente ale festivalului.. Localnicii \u0219i turi\u0219tii se a\u0219az\u0103 pe traseu, ansamblurile danseaz\u0103 sau c\u00e2nt\u0103, iar centrul ora\u0219ului se transform\u0103 pentru c\u00e2teva minute \u00eentr-o scen\u0103 \u00een aer liber.<\/p>\n<p><strong><u>\u0218apte jude\u021be se \u00eent\u00e2lnesc la C\u0103lim\u0103ne\u0219ti<\/u><\/strong><\/p>\n<p>Edi\u021bia din 2026 reune\u0219te forma\u021bii din toate jude\u021bele riverane Oltului. <strong><u>Harghita<\/u><\/strong> va fi reprezentat\u0103 de ansamblurile reunite \u201eRapsozii V\u0103ii Mure\u0219ului Superior\u201d \u0219i C\u0103minul Cultural Vo\u0219l\u0103beni, care vor prezenta \u201eC\u00e2ntece \u0219i jocuri populare\u201d. Din <strong><u>M\u0103d\u0103ra\u0219-Ciuc<\/u><\/strong> va participa Ansamblul Folcloric de P\u0103strare a Tradi\u021biilor, cu spectacolul \u201eLa \u0219ez\u0103toare\u201d.<\/p>\n<p><strong><u>Din Covasna<\/u><\/strong> vine Ansamblul \u201eCununa Carpa\u021bilor\u201d al C\u0103minului Cultural din Sita Buz\u0103ului, cu un tablou coregrafic de dansuri populare<strong><u>. Bra\u0219ovul<\/u><\/strong> va fi reprezentat de \u201eJunii \u021a\u0103rii B\u00e2rsei\u201d din Dumbr\u0103vi\u021ba, satul Vl\u0103deni, cu spectacolul \u201eJocul c\u0103tanelor din Vl\u0103deni\u201d.<\/p>\n<p><strong><u>Ansamblul \u201eDorule\u021b<\/u><\/strong>\u201d din Racovi\u021ba va aduce la C\u0103lim\u0103ne\u0219ti obiceiurile Sibiului prin spectacolul \u201eAzi e nunt\u0103 mare-n sat\u201d. Din jude\u021bul Olt va sosi Ansamblul \u201ePlai de dor\u201d din <strong><u>\u0218erb\u0103ne\u0219ti,<\/u><\/strong> care va prezenta c\u00e2ntece \u0219i dansuri oltene\u0219ti.<\/p>\n<p><strong><u>Teleormanul<\/u><\/strong> va intra \u00een concurs cu Ansamblul \u201eDatina\u201d, format \u0219i din tineri din Bragadiru \u0219i Putineiu. Programul acestora se nume\u0219te \u201eCa la noi \u00een Teleorman\u201d.<\/p>\n<p><strong><u>V\u00e2lcea <\/u><\/strong>va fi reprezentat\u0103 de Ansamblul \u201eMiori\u021ba\u201d al Prim\u0103riei Vaideeni. Forma\u021bia va prezenta \u201eObiceiuri \u0219i dansuri din vatra satului\u201d, sub conducerea muzical\u0103 a profesorului \u0218tefan S\u0103voiu. Scenariul \u0219i coregrafia sunt semnate de Cristina Tu\u021b\u0103 Irimescu.<\/p>\n<p><strong><u>Prima zi, rezervat\u0103 c\u0103r\u021bii \u0219i interpre\u021bilor v\u00e2lceni<\/u><\/strong><\/p>\n<p>Festivalul va \u00eencepe <strong><u>vineri, 21 august<\/u><\/strong>, la ora 17.00, la Centrul Multifunc\u021bional C\u0103lim\u0103ne\u0219ti. Aici va fi lansat volumul al doilea al c\u0103r\u021bii \u201eCorabia salvatoare\u201d, de Elena Stoica, ap\u0103rut la Editura Patrimoniu a CJCPCT V\u00e2lcea \u0219i la Editura F\u00e2nt\u00e2na lui Manole.<\/p>\n<p>De la ora 17.30, programul se mut\u0103 la Teatrul de Var\u0103 al Casei de Cultur\u0103 \u201eFlorin Zamfirescu\u201d. Spectacolul \u201ePe plaiuri v\u00e2lcene\u201d va aduce \u00een fa\u021ba publicului tineri interpre\u021bi de folclor \u0219i Orchestra de Muzic\u0103 Popular\u0103 \u201eRapsodia V\u00e2lcean\u0103\u201d a CJCPCT V\u00e2lcea, dirijat\u0103 de Nicolae Caliu.<\/p>\n<p><strong><u>Parada va fi urmat\u0103 de deschiderea oficial\u0103<\/u><\/strong><\/p>\n<p><strong><u>S\u00e2mb\u0103t\u0103,<\/u><\/strong> dup\u0103 sosirea paradei \u00een Parcul Central, va \u00eencepe festivitatea de deschidere a edi\u021biei a 58-a. Primarul ora\u0219ului C\u0103lim\u0103ne\u0219ti, Florinel Constantinescu, managerul CJCPCT V\u00e2lcea, Alin Pavelescu, \u0219i pre\u0219edintele juriului, Elena Stoica, vor adresa mesaje participan\u021bilor \u0219i publicului.<\/p>\n<p>Ansamblurile vor prezenta c\u00e2te un scurt program, oferind spectatorilor o prim\u0103 imagine asupra repertoriilor preg\u0103tite pentru concurs.<\/p>\n<p>De la ora 18.00, la Teatrul de Var\u0103 \u201eFlorin Zamfirescu\u201d, va \u00eencepe spectacolul-concurs. Evolu\u021bia ansamblurilor va fi completat\u0103 de probele individuale care au devenit cunoscute publicului: <strong><em><u>concursul de interpretare \u201eDoina Oltului\u201d, concursul purt\u0103torilor de costume populare \u0219i \u201eFrumoasa Oltului\u201d.<\/u><\/em><\/strong><\/p>\n<p><strong><u>Programul de duminic\u0103<\/u><\/strong><\/p>\n<p>Duminic\u0103, juriul va stabili c\u00e2\u0219tig\u0103torii, apoi va avea loc un colocviu despre atragerea tinerilor c\u0103tre ansamblurile populare. Dup\u0103-amiaz\u0103 sunt programate premierea \u0219i spectacolul de gal\u0103, iar festivalul se va \u00eencheia cu un concert sus\u021binut de Aurora \u0219i S\u0103ndel Mihai.<\/p>\n<p><strong><u>C\u0103lim\u0103ne\u0219tiul, gazda unei \u00eent\u00e2lniri care dureaz\u0103 de peste jum\u0103tate de secol<\/u><\/strong><\/p>\n<p>Cea de-a 58-a edi\u021bie este organizat\u0103 de Consiliul Jude\u021bean V\u00e2lcea, Centrul Jude\u021bean pentru Conservarea \u0219i Promovarea Culturii Tradi\u021bionale V\u00e2lcea, Prim\u0103ria Ora\u0219ului C\u0103lim\u0103ne\u0219ti, Casa de Cultur\u0103 \u201eFlorin Zamfirescu\u201d, Biblioteca Or\u0103\u0219eneasc\u0103 \u201eA.E. Baconsky\u201d \u0219i Centrul Na\u021bional de Informare \u0219i Promovare Turistic\u0103 din C\u0103lim\u0103ne\u0219ti, cu binecuv\u00e2ntarea M\u0103n\u0103stirii Cozia.<\/p>\n<p>\u00cen cei 58 de ani de existen\u021b\u0103, festivalul a p\u0103strat leg\u0103tura dintre jude\u021bele a\u0219ezate de-a lungul Oltului.\u00a0 \u00a0 Genera\u021biile de dansatori \u0219i interpre\u021bi s-au schimbat, \u00eens\u0103 c\u00e2ntecele, costumele \u0219i jocurile aduse la C\u0103lim\u0103ne\u0219ti continu\u0103 s\u0103 arate c\u00e2t de diferite sunt zonele traversate de acela\u0219i r\u00e2u.<\/p>\n<\/div>\n<div class=\"news-content editor-content-entry\">\n<p>Festivalul Na\u021bional de Folclor \u201eC\u00e2ntecele Oltului\u201d ajunge la edi\u021bia a 58-a \u0219i aduce la C\u0103lim\u0103ne\u0219ti ansambluri din Harghita, Covasna, Bra\u0219ov, Sibiu, Olt, Teleorman \u0219i V\u00e2lcea. Timp de trei zile, \u00eentre 21 \u0219i 23 august 2026, ora\u0219ul va g\u0103zdui spectacole, concursuri, o lansare de carte, parada portului popular, un colocviu despre formarea tinerilor \u0219i gala laurea\u021bilor. Programul se va \u00eencheia cu un concert sus\u021binut de Aurora \u0219i S\u0103ndel Mihai.<\/p>\n<p><strong><u>O istorie \u00eenceput\u0103 la F\u0103g\u0103ra\u0219<\/u><\/strong><\/p>\n<p>Povestea Festivalului \u201eC\u00e2ntecele Oltului\u201d a \u00eenceput \u00een vara anului 1969. Prima edi\u021bie s-a desf\u0103\u0219urat la F\u0103g\u0103ra\u0219, \u00eentre 1 \u0219i 3 august, cu participarea forma\u021biilor din jude\u021bele V\u00e2lcea, Harghita, Covasna, Sibiu, Olt \u0219i Bra\u0219ov.<\/p>\n<p>Manifestarea fusese g\u00e2ndit\u0103 pentru zonele a\u0219ezate de-a lungul Oltului, fiecare dintre ele av\u00e2nd propriile c\u00e2ntece, jocuri, costume \u0219i obiceiuri. R\u00e2ul a oferit numele festivalului \u0219i leg\u0103tura dintre jude\u021be, de la izvoarele sale p\u00e2n\u0103 \u00een sudul \u021b\u0103rii.<\/p>\n<p>Din 1970, festivalul s-a mutat la C\u0103lim\u0103ne\u0219ti. Parcul Ostrov a oferit atunci un decor potrivit pentru spectacolele \u00een aer liber \u0219i pentru \u00eent\u00e2lnirea forma\u021biilor sosite de pe \u00eentregul curs al Oltului. Ora\u0219ul a devenit gazda manifest\u0103rii, iar luna august a r\u0103mas legat\u0103 de c\u00e2ntecele, dansurile \u0219i costumele aduse de participan\u021bi.<\/p>\n<p><em>Aceste informa\u021bii apar \u00een prezentarea istoric\u0103 publicat\u0103 de Prim\u0103ria C\u0103lim\u0103ne\u0219ti, potrivit c\u0103reia \u201dfestivalul urm\u0103re\u0219te exprimarea autentic\u0103 a folclorului din zonele str\u0103b\u0103tute de Olt\u201d<\/em>.<\/p>\n<p><strong>Festivalul care a unit jude\u021bele de pe cursul Oltului<\/strong><\/p>\n<p>\u00cen 1971, edi\u021bia a treia s-a desf\u0103\u0219urat \u00een mai multe localit\u0103\u021bi v\u00e2lcene, cu spectacole, \u00eent\u00e2lniri de specialitate, concursul \u201eFrumoasa Oltului\u201d \u0219i gala \u201eRapsodia Oltului\u201d. Tot atunci a ap\u0103rut primul ziar \u201eC\u00e2ntecele Oltului\u201d.<\/p>\n<p><strong><u>Parada care deschide ora\u0219ul c\u0103tre festival<\/u><\/strong><\/p>\n<p>Unul dintre cele mai a\u0219teptate momente a r\u0103mas parada portului popular. <strong><u>S\u00e2mb\u0103t\u0103, 22 august, de la ora 16.00,<\/u><\/strong> participan\u021bii vor porni din fa\u021ba Prim\u0103riei c\u0103tre Parcul Central C\u0103lim\u0103ne\u0219ti, \u00een acordurile Fanfarei Jude\u021bene \u201eConstantin Br\u00e2ncoveanu\u201d.<\/p>\n<p>Pe traseu vor putea fi v\u0103zute costume din toate cele \u0219apte jude\u021be participante. Fiecare zon\u0103 vine cu propriile croieli, cus\u0103turi, culori \u0219i podoabe, purtate de membrii ansamblurilor care vor urca apoi pe scen\u0103.<\/p>\n<p>Pe traseul paradei, publicul poate admira \u00eendeaproape costumele \u0219i elementele specifice fiec\u0103rei zone etnografice. Portul din Harghita nu seam\u0103n\u0103 cu cel din Olt, costumul din M\u0103rginimea Sibiului are alte elemente dec\u00e2t cel din Teleorman, iar V\u00e2lcea vine cu modelele p\u0103strate \u00een satele sale.<\/p>\n<p>De-a lungul edi\u021biilor, parada a devenit unul dintre cele mai a\u0219teptate momente ale festivalului.. Localnicii \u0219i turi\u0219tii se a\u0219az\u0103 pe traseu, ansamblurile danseaz\u0103 sau c\u00e2nt\u0103, iar centrul ora\u0219ului se transform\u0103 pentru c\u00e2teva minute \u00eentr-o scen\u0103 \u00een aer liber.<\/p>\n<p><strong><u>\u0218apte jude\u021be se \u00eent\u00e2lnesc la C\u0103lim\u0103ne\u0219ti<\/u><\/strong><\/p>\n<p>Edi\u021bia din 2026 reune\u0219te forma\u021bii din toate jude\u021bele riverane Oltului. <strong><u>Harghita<\/u><\/strong> va fi reprezentat\u0103 de ansamblurile reunite \u201eRapsozii V\u0103ii Mure\u0219ului Superior\u201d \u0219i C\u0103minul Cultural Vo\u0219l\u0103beni, care vor prezenta \u201eC\u00e2ntece \u0219i jocuri populare\u201d. Din <strong><u>M\u0103d\u0103ra\u0219-Ciuc<\/u><\/strong> va participa Ansamblul Folcloric de P\u0103strare a Tradi\u021biilor, cu spectacolul \u201eLa \u0219ez\u0103toare\u201d.<\/p>\n<p><strong><u>Din Covasna<\/u><\/strong> vine Ansamblul \u201eCununa Carpa\u021bilor\u201d al C\u0103minului Cultural din Sita Buz\u0103ului, cu un tablou coregrafic de dansuri populare<strong><u>. Bra\u0219ovul<\/u><\/strong> va fi reprezentat de \u201eJunii \u021a\u0103rii B\u00e2rsei\u201d din Dumbr\u0103vi\u021ba, satul Vl\u0103deni, cu spectacolul \u201eJocul c\u0103tanelor din Vl\u0103deni\u201d.<\/p>\n<p><strong><u>Ansamblul \u201eDorule\u021b<\/u><\/strong>\u201d din Racovi\u021ba va aduce la C\u0103lim\u0103ne\u0219ti obiceiurile Sibiului prin spectacolul \u201eAzi e nunt\u0103 mare-n sat\u201d. Din jude\u021bul Olt va sosi Ansamblul \u201ePlai de dor\u201d din <strong><u>\u0218erb\u0103ne\u0219ti,<\/u><\/strong> care va prezenta c\u00e2ntece \u0219i dansuri oltene\u0219ti.<\/p>\n<p><strong><u>Teleormanul<\/u><\/strong> va intra \u00een concurs cu Ansamblul \u201eDatina\u201d, format \u0219i din tineri din Bragadiru \u0219i Putineiu. Programul acestora se nume\u0219te \u201eCa la noi \u00een Teleorman\u201d.<\/p>\n<p><strong><u>V\u00e2lcea <\/u><\/strong>va fi reprezentat\u0103 de Ansamblul \u201eMiori\u021ba\u201d al Prim\u0103riei Vaideeni. Forma\u021bia va prezenta \u201eObiceiuri \u0219i dansuri din vatra satului\u201d, sub conducerea muzical\u0103 a profesorului \u0218tefan S\u0103voiu. Scenariul \u0219i coregrafia sunt semnate de Cristina Tu\u021b\u0103 Irimescu.<\/p>\n<p><strong><u>Prima zi, rezervat\u0103 c\u0103r\u021bii \u0219i interpre\u021bilor v\u00e2lceni<\/u><\/strong><\/p>\n<p>Festivalul va \u00eencepe <strong><u>vineri, 21 august<\/u><\/strong>, la ora 17.00, la Centrul Multifunc\u021bional C\u0103lim\u0103ne\u0219ti. Aici va fi lansat volumul al doilea al c\u0103r\u021bii \u201eCorabia salvatoare\u201d, de Elena Stoica, ap\u0103rut la Editura Patrimoniu a CJCPCT V\u00e2lcea \u0219i la Editura F\u00e2nt\u00e2na lui Manole.<\/p>\n<p>De la ora 17.30, programul se mut\u0103 la Teatrul de Var\u0103 al Casei de Cultur\u0103 \u201eFlorin Zamfirescu\u201d. Spectacolul \u201ePe plaiuri v\u00e2lcene\u201d va aduce \u00een fa\u021ba publicului tineri interpre\u021bi de folclor \u0219i Orchestra de Muzic\u0103 Popular\u0103 \u201eRapsodia V\u00e2lcean\u0103\u201d a CJCPCT V\u00e2lcea, dirijat\u0103 de Nicolae Caliu.<\/p>\n<p><strong><u>Parada va fi urmat\u0103 de deschiderea oficial\u0103<\/u><\/strong><\/p>\n<p><strong><u>S\u00e2mb\u0103t\u0103,<\/u><\/strong> dup\u0103 sosirea paradei \u00een Parcul Central, va \u00eencepe festivitatea de deschidere a edi\u021biei a 58-a. Primarul ora\u0219ului C\u0103lim\u0103ne\u0219ti, Florinel Constantinescu, managerul CJCPCT V\u00e2lcea, Alin Pavelescu, \u0219i pre\u0219edintele juriului, Elena Stoica, vor adresa mesaje participan\u021bilor \u0219i publicului.<\/p>\n<p>Ansamblurile vor prezenta c\u00e2te un scurt program, oferind spectatorilor o prim\u0103 imagine asupra repertoriilor preg\u0103tite pentru concurs.<\/p>\n<p>De la ora 18.00, la Teatrul de Var\u0103 \u201eFlorin Zamfirescu\u201d, va \u00eencepe spectacolul-concurs. Evolu\u021bia ansamblurilor va fi completat\u0103 de probele individuale care au devenit cunoscute publicului: <strong><em><u>concursul de interpretare \u201eDoina Oltului\u201d, concursul purt\u0103torilor de costume populare \u0219i \u201eFrumoasa Oltului\u201d.<\/u><\/em><\/strong><\/p>\n<p><strong><u>Programul de duminic\u0103<\/u><\/strong><\/p>\n<p>Duminic\u0103, juriul va stabili c\u00e2\u0219tig\u0103torii, apoi va avea loc un colocviu despre atragerea tinerilor c\u0103tre ansamblurile populare. Dup\u0103-amiaz\u0103 sunt programate premierea \u0219i spectacolul de gal\u0103, iar festivalul se va \u00eencheia cu un concert sus\u021binut de Aurora \u0219i S\u0103ndel Mihai.<\/p>\n<p><strong><u>C\u0103lim\u0103ne\u0219tiul, gazda unei \u00eent\u00e2lniri care dureaz\u0103 de peste jum\u0103tate de secol<\/u><\/strong><\/p>\n<p>Cea de-a 58-a edi\u021bie este organizat\u0103 de Consiliul Jude\u021bean V\u00e2lcea, Centrul Jude\u021bean pentru Conservarea \u0219i Promovarea Culturii Tradi\u021bionale V\u00e2lcea, Prim\u0103ria Ora\u0219ului C\u0103lim\u0103ne\u0219ti, Casa de Cultur\u0103 \u201eFlorin Zamfirescu\u201d, Biblioteca Or\u0103\u0219eneasc\u0103 \u201eA.E. Baconsky\u201d \u0219i Centrul Na\u021bional de Informare \u0219i Promovare Turistic\u0103 din C\u0103lim\u0103ne\u0219ti, cu binecuv\u00e2ntarea M\u0103n\u0103stirii Cozia.<\/p>\n<p>\u00cen cei 58 de ani de existen\u021b\u0103, festivalul a p\u0103strat leg\u0103tura dintre jude\u021bele a\u0219ezate de-a lungul Oltului.\u00a0 \u00a0 Genera\u021biile de dansatori \u0219i interpre\u021bi s-au schimbat, \u00eens\u0103 c\u00e2ntecele, costumele \u0219i jocurile aduse la C\u0103lim\u0103ne\u0219ti continu\u0103 s\u0103 arate c\u00e2t de diferite sunt zonele traversate de acela\u0219i r\u00e2u.<\/p>\n<\/div>\n<p>[analyse_source url=&#8221;https:\/\/www.impactreal.ro\/2026\/08\/13\/de-la-fagaras-la-calimanesti-o-poveste-inceputa-in-1969-cantecele-oltului-aduce-parada-portului-popular-ansambluri-din-sapte-judete-si-o-mare-gala-folclorica\/&#8221;]<\/p>\n","protected":false},"excerpt":{"rendered":"<p>[analyse_image type=&#8221;featured&#8221; src=&#8221;https:\/\/www.impactreal.ro\/wp-content\/uploads\/2026\/08\/calimanesti-4-1024&#215;576.png&#8221;] 13 august 202613 august 2026Claudia SchiopuActualAdministra\u0163ieCalimanesti Festivalul Na\u021bional de Folclor \u201eC\u00e2ntecele Oltului\u201d ajunge la edi\u021bia a 58-a \u0219i aduce la C\u0103lim\u0103ne\u0219ti ansambluri din Harghita, Covasna, Bra\u0219ov, Sibiu, Olt, Teleorman \u0219i V\u00e2lcea. Timp de trei zile, \u00eentre 21 \u0219i 23 august 2026, ora\u0219ul va g\u0103zdui spectacole, concursuri, o lansare de carte, parada portului [&hellip;]<\/p>\n","protected":false},"author":1,"featured_media":0,"comment_status":"open","ping_status":"","sticky":false,"template":"","format":"standard","meta":{"footnotes":""},"categories":[89],"tags":[226,212],"class_list":["post-2092004","post","type-post","status-publish","format-standard","hentry","category-romania","tag-crawlmanager","tag-impactreal-ro"],"_links":{"self":[{"href":"https:\/\/analyse.optim.biz\/index.php?rest_route=\/wp\/v2\/posts\/2092004","targetHints":{"allow":["GET"]}}],"collection":[{"href":"https:\/\/analyse.optim.biz\/index.php?rest_route=\/wp\/v2\/posts"}],"about":[{"href":"https:\/\/analyse.optim.biz\/index.php?rest_route=\/wp\/v2\/types\/post"}],"author":[{"embeddable":true,"href":"https:\/\/analyse.optim.biz\/index.php?rest_route=\/wp\/v2\/users\/1"}],"replies":[{"embeddable":true,"href":"https:\/\/analyse.optim.biz\/index.php?rest_route=%2Fwp%2Fv2%2Fcomments&post=2092004"}],"version-history":[{"count":0,"href":"https:\/\/analyse.optim.biz\/index.php?rest_route=\/wp\/v2\/posts\/2092004\/revisions"}],"wp:attachment":[{"href":"https:\/\/analyse.optim.biz\/index.php?rest_route=%2Fwp%2Fv2%2Fmedia&parent=2092004"}],"wp:term":[{"taxonomy":"category","embeddable":true,"href":"https:\/\/analyse.optim.biz\/index.php?rest_route=%2Fwp%2Fv2%2Fcategories&post=2092004"},{"taxonomy":"post_tag","embeddable":true,"href":"https:\/\/analyse.optim.biz\/index.php?rest_route=%2Fwp%2Fv2%2Ftags&post=2092004"}],"curies":[{"name":"wp","href":"https:\/\/api.w.org\/{rel}","templated":true}]}}