{"id":2091997,"date":"2026-08-12T20:33:22","date_gmt":"2026-08-12T17:33:22","guid":{"rendered":"https:\/\/analyse.optim.biz\/?p=2091997"},"modified":"2026-08-12T20:33:22","modified_gmt":"2026-08-12T17:33:22","slug":"david-popovici-din-nou-campion-european-al-treilea-aur-consecutiv-la-100-m-liber-video","status":"publish","type":"post","link":"https:\/\/analyse.optim.biz\/?p=2091997","title":{"rendered":"David Popovici, din nou campion european! Al treilea aur consecutiv la 100 m liber (video)"},"content":{"rendered":"<p>[analyse_image type=&#8221;featured&#8221; src=&#8221;https:\/\/orasul-timisoara.ro\/wp-content\/uploads\/2026\/08\/david-popovici-aur.jpg&#8221;]<\/p>\n<article id=\"post-40246\" class=\"td-post-template-7 post-40246 post type-post status-publish format-standard has-post-thumbnail category-featured category-stiri-nationale-si-internationale tag-100-metri-liber tag-aur-european tag-campion-european tag-campionatele-europene-de-natatie tag-david-popovici tag-egor-kornev tag-inot-2 tag-kristof-milak tag-natatie tag-paris-2026 tag-record-european tag-romania-2 td-container-wrap\">\n<div class=\"td-full-screen-header-image-wrap\">\n<div class=\"td-container td-post-header\">\n<div class=\"td-crumb-container\">\n<div class=\"entry-crumbs\"><span><a title=\"Vede\u021bi toate articolele \u00een \u0218tiri na\u021bionale \u0219i interna\u021bionale\" class=\"entry-crumb\" href=\"https:\/\/orasul-timisoara.ro\/local-category\/stiri-nationale-si-internationale\/\">\u0218tiri na\u021bionale \u0219i interna\u021bionale<\/a><\/span><span class=\"td-bred-no-url-last\">David Popovici, din nou campion european! Al treilea aur consecutiv la 100&#8230;<\/span><\/div>\n<\/div>\n<div class=\"td-post-header-holder\">\n<div class=\"td-parallax-header\">\n<header class=\"td-post-title\">\n<ul class=\"td-category\">\n<li class=\"entry-category\"><a href=\"https:\/\/orasul-timisoara.ro\/local-category\/stiri-nationale-si-internationale\/\">\u0218tiri na\u021bionale \u0219i interna\u021bionale<\/a><\/li>\n<\/ul>\n<h1 class=\"entry-title\">David Popovici, din nou campion european! Al treilea aur consecutiv la 100 m liber (video)<\/h1>\n<div class=\"td-module-meta-info\">\n<div class=\"td-post-author-name\">\n<div class=\"td-author-by\">De c\u0103tre<\/div>\n<p><a href=\"https:\/\/orasul-timisoara.ro\/author\/timisoara\/\">redactia<\/a><\/p>\n<div class=\"td-author-line\"> &#8211; <\/div>\n<\/div>\n<p><span class=\"td-post-date\"><time class=\"entry-date updated td-module-date\" datetime=\"2026-08-12T23:33:22+03:00\">12\/08\/2026<\/time><\/span><\/div>\n<\/header>\n<\/div>\n<\/div>\n<\/div>\n<div id=\"td-full-screen-header-image\" class=\"td-image-gradient-style7\"><img decoding=\"async\" class=\"td-backstretch\" src=\"https:\/\/orasul-timisoara.ro\/wp-content\/uploads\/2026\/08\/david-popovici-aur.jpg\"><\/div>\n<\/div>\n<div class=\"td-container\">\n<div class=\"td-pb-row\">\n<div class=\"td-pb-span8 td-main-content\" role=\"main\">\n<div class=\"td-ss-main-content\">\n<div class=\"td-post-sharing-top\">\n<div class=\"td-post-sharing-classic\"><iframe title=\"topFacebookLike\" frameborder src=\"https:\/\/www.facebook.com\/plugins\/like.php?href=https:\/\/orasul-timisoara.ro\/local-40246\/&amp;layout=button_count&amp;show_faces=false&amp;width=105&amp;action=like&amp;colorscheme=light&amp;height=21\"><\/iframe><\/div>\n<div id=\"td_social_sharing_article_top\" class=\"td-post-sharing td-ps-bg td-ps-notext td-post-sharing-style1 \">\n<div class=\"td-post-sharing-visible\"><a class=\"td-social-sharing-button td-social-sharing-button-js td-social-network td-social-facebook\" href=\"https:\/\/www.facebook.com\/sharer.php?u=https%3A%2F%2Forasul-timisoara.ro%2Flocal-40246%2F\" title=\"Facebook\"><\/p>\n<div class=\"td-social-but-text\">Facebook<\/div>\n<p><\/a><a class=\"td-social-sharing-button td-social-sharing-button-js td-social-network td-social-twitter\" href=\"https:\/\/twitter.com\/intent\/tweet?text=David+Popovici%2C+din+nou+campion+european%21+Al+treilea+aur+consecutiv+la+100+m+liber+%28video%29&amp;url=https%3A%2F%2Forasul-timisoara.ro%2Flocal-40246%2F&amp;via=orasultm\" title=\"Twitter\"><\/p>\n<div class=\"td-social-but-text\">Twitter<\/div>\n<p><\/a><a class=\"td-social-sharing-button td-social-sharing-button-js td-social-network td-social-whatsapp\" href=\"https:\/\/api.whatsapp.com\/send?text=David+Popovici%2C+din+nou+campion+european%21+Al+treilea+aur+consecutiv+la+100+m+liber+%28video%29%20%0A%0A%20https:\/\/orasul-timisoara.ro\/local-40246\/\" title=\"WhatsApp\"><\/p>\n<div class=\"td-social-but-text\">WhatsApp<\/div>\n<p><\/a><a class=\"td-social-sharing-button td-social-sharing-button-js td-social-network td-social-linkedin\" href=\"https:\/\/www.linkedin.com\/shareArticle?mini=true&amp;url=https:\/\/orasul-timisoara.ro\/local-40246\/&amp;title=David+Popovici%2C+din+nou+campion+european%21+Al+treilea+aur+consecutiv+la+100+m+liber+%28video%29\" title=\"Linkedin\"><\/p>\n<div class=\"td-social-but-text\">Linkedin<\/div>\n<p><\/a><a class=\"td-social-sharing-button td-social-sharing-button-js td-social-network td-social-reddit\" href=\"https:\/\/reddit.com\/submit?url=https:\/\/orasul-timisoara.ro\/local-40246\/&amp;title=David+Popovici%2C+din+nou+campion+european%21+Al+treilea+aur+consecutiv+la+100+m+liber+%28video%29\" title=\"ReddIt\"><\/p>\n<div class=\"td-social-but-text\">ReddIt<\/div>\n<p><\/a><a class=\"td-social-sharing-button td-social-sharing-button-js td-social-network td-social-mail\" href=\"mailto:?subject=David%20Popovici,%20din%20nou%20campion%20european!%20Al%20treilea%20aur%20consecutiv%20la%20100%20m%20liber%20(video)&amp;body=https:\/\/orasul-timisoara.ro\/local-40246\/\" title=\"Email\"><\/p>\n<div class=\"td-social-but-text\">Email<\/div>\n<p><\/a><a class=\"td-social-sharing-button td-social-sharing-button-js td-social-network td-social-print\" href=\"https:\/\/orasul-timisoara.ro\/local-40246\/\" title=\"Imprimare\"><\/p>\n<div class=\"td-social-but-text\">Imprimare<\/div>\n<p><\/a><\/div>\n<\/div>\n<\/div>\n<div class=\"td-post-content tagdiv-type\">\n<p class=\"wp-block-paragraph\">David Popovici, din nou regele probei regine! Rom\u00e2nul a c\u00e2\u0219tigat al treilea aur european consecutiv la 100 de metri liber<\/p>\n<p class=\"wp-block-paragraph\">David Popovici a cucerit miercuri sear\u0103, la Paris, al treilea titlu european consecutiv \u00een proba de 100 de metri liber, dup\u0103 o revenire spectaculoas\u0103 \u00een final\u0103. \u00cenot\u0103torul rom\u00e2n a oprit cronometrul \u00een 46,56 secunde, stabilind totodat\u0103 un nou record al Campionatelor Europene.<\/p>\n<p class=\"wp-block-paragraph\">Popovici nu a avut cel mai bun start \u00een finala probei regine. La jum\u0103tatea cursei, rom\u00e2nul era \u00een urma rusului Egor Kornev, \u00eens\u0103 a recuperat spectaculos \u00een ultimii 50 de metri \u0219i a trecut primul linia de sosire.<\/p>\n<p class=\"wp-block-paragraph\">Kornev a \u00eencheiat pe locul al doilea, cu 46,74 secunde, \u00een timp ce medalia de bronz i-a revenit maghiarului Kristof Milak, cronometrat \u00een 46,87 secunde.<\/p>\n<h2 class=\"wp-block-heading\">Al treilea titlu european consecutiv<\/h2>\n<p class=\"wp-block-paragraph\">Succesul de la Paris \u00eei aduce lui David Popovici al treilea titlu european consecutiv la 100 de metri liber, dup\u0103 triumfurile ob\u021binute la edi\u021biile precedente.<\/p>\n<p class=\"wp-block-paragraph\">Performan\u021ba \u00eel plaseaz\u0103 \u00eentr-o companie select\u0103 a marilor speciali\u0219ti ai probei. Popovici este doar al doilea \u00eenot\u0103tor din istorie care reu\u0219e\u0219te s\u0103 c\u00e2\u0219tige de trei ori consecutiv aurul european la 100 de metri liber, dup\u0103 legendarul Aleksandr Popov, campion european de patru ori consecutiv \u00een perioada 1991\u20131997.<\/p>\n<figure class=\"wp-block-embed is-type-video is-provider-youtube wp-block-embed-youtube wp-embed-aspect-16-9 wp-has-aspect-ratio\">\n<div class=\"wp-block-embed__wrapper\">\n<iframe loading=\"lazy\" title=\"AUUUUR! David Popovici a c\u00e2\u015ftigat proba de 100 m liber de la CE de Nata\u0163ie 2026!\" width=\"696\" height=\"392\" src=\"https:\/\/www.youtube.com\/embed\/M2UbzLQPTzM?feature=oembed\" frameborder allow=\"accelerometer; autoplay; clipboard-write; encrypted-media; gyroscope; picture-in-picture; web-share\" referrerpolicy=\"strict-origin-when-cross-origin\" allowfullscreen><\/iframe>\n<\/div>\n<\/figure>\n<h2 class=\"wp-block-heading\">Popovici, cel mai rapid \u00eenc\u0103 din serii<\/h2>\n<p class=\"wp-block-paragraph\">Drumul c\u0103tre noul titlu european a \u00eenceput mar\u021bi diminea\u021b\u0103, \u00een seriile probei.<\/p>\n<p class=\"wp-block-paragraph\">David Popovici a ob\u021binut cel mai bun timp \u0219i a intrat \u00een istoria competi\u021biei, devenind primul \u00eenot\u0103tor care a cobor\u00e2t sub pragul de 47,20 secunde \u00een seriile unui Campionat European.<\/p>\n<p class=\"wp-block-paragraph\">\u00cen semifinale, rom\u00e2nul a fost din nou cel mai rapid, cu 46,72 secunde, timp care reprezenta atunci un nou record al competi\u021biei.<\/p>\n<p class=\"wp-block-paragraph\">\u00cen final\u0103, Popovici a mers \u0219i mai repede \u0219i a cobor\u00e2t la 46,56 secunde, stabilind un nou record al Campionatelor Europene.<\/p>\n<h2 class=\"wp-block-heading\">Urmeaz\u0103 proba de 200 de metri liber<\/h2>\n<p class=\"wp-block-paragraph\">Pentru David Popovici competi\u021bia de la Paris nu s-a \u00eencheiat \u00eens\u0103 cu finala de la 100 de metri liber.<\/p>\n<p class=\"wp-block-paragraph\">\u00cenot\u0103torul rom\u00e2n este a\u0219teptat s\u0103 ia startul \u0219i \u00een proba de 200 de metri liber, urm\u00e2nd s\u0103 concureze mai \u00eent\u00e2i \u00een serii, iar apoi, \u00een func\u021bie de rezultat, \u00een semifinalele programate \u00een reuniunea de sear\u0103.<\/p>\n<p class=\"wp-block-paragraph\">Victoria de miercuri confirm\u0103 \u00eenc\u0103 o dat\u0103 statutul lui Popovici \u00een proba regin\u0103 a nata\u021biei europene. La doar 21 de ani, rom\u00e2nul continu\u0103 s\u0103 domine una dintre cele mai disputate probe din programul marilor competi\u021bii interna\u021bionale.<\/p>\n<\/div>\n<footer>\n<div class=\"td-post-source-tags\">\n<ul class=\"td-tags td-post-small-box clearfix\">\n<li><span>ETICHETE<\/span><\/li>\n<li><a href=\"https:\/\/orasul-timisoara.ro\/local-tag\/100-metri-liber\/\">100 metri liber<\/a><\/li>\n<li><a href=\"https:\/\/orasul-timisoara.ro\/local-tag\/aur-european\/\">aur european<\/a><\/li>\n<li><a href=\"https:\/\/orasul-timisoara.ro\/local-tag\/campion-european\/\">campion european<\/a><\/li>\n<li><a href=\"https:\/\/orasul-timisoara.ro\/local-tag\/campionatele-europene-de-natatie\/\">Campionatele Europene de nata\u021bie<\/a><\/li>\n<li><a href=\"https:\/\/orasul-timisoara.ro\/local-tag\/david-popovici\/\">david popovici<\/a><\/li>\n<li><a href=\"https:\/\/orasul-timisoara.ro\/local-tag\/egor-kornev\/\">Egor Kornev<\/a><\/li>\n<li><a href=\"https:\/\/orasul-timisoara.ro\/local-tag\/inot-2\/\">\u00eenot<\/a><\/li>\n<li><a href=\"https:\/\/orasul-timisoara.ro\/local-tag\/kristof-milak\/\">Kristof Milak<\/a><\/li>\n<li><a href=\"https:\/\/orasul-timisoara.ro\/local-tag\/natatie\/\">nata\u021bie<\/a><\/li>\n<li><a href=\"https:\/\/orasul-timisoara.ro\/local-tag\/paris-2026\/\">Paris 2026<\/a><\/li>\n<li><a href=\"https:\/\/orasul-timisoara.ro\/local-tag\/record-european\/\">record european<\/a><\/li>\n<li><a href=\"https:\/\/orasul-timisoara.ro\/local-tag\/romania-2\/\">rom\u00e2nia<\/a><\/li>\n<\/ul>\n<\/div>\n<div class=\"td-post-sharing-bottom\">\n<div class=\"td-post-sharing-classic\"><iframe title=\"bottomFacebookLike\" frameborder src=\"https:\/\/www.facebook.com\/plugins\/like.php?href=https:\/\/orasul-timisoara.ro\/local-40246\/&amp;layout=button_count&amp;show_faces=false&amp;width=105&amp;action=like&amp;colorscheme=light&amp;height=21\"><\/iframe><\/div>\n<div id=\"td_social_sharing_article_bottom\" class=\"td-post-sharing td-ps-bg td-ps-notext td-post-sharing-style1 \">\n<div class=\"td-post-sharing-visible\"><a class=\"td-social-sharing-button td-social-sharing-button-js td-social-network td-social-facebook\" href=\"https:\/\/www.facebook.com\/sharer.php?u=https%3A%2F%2Forasul-timisoara.ro%2Flocal-40246%2F\" title=\"Facebook\"><\/p>\n<div class=\"td-social-but-text\">Facebook<\/div>\n<p><\/a><a class=\"td-social-sharing-button td-social-sharing-button-js td-social-network td-social-twitter\" href=\"https:\/\/twitter.com\/intent\/tweet?text=David+Popovici%2C+din+nou+campion+european%21+Al+treilea+aur+consecutiv+la+100+m+liber+%28video%29&amp;url=https%3A%2F%2Forasul-timisoara.ro%2Flocal-40246%2F&amp;via=orasultm\" title=\"Twitter\"><\/p>\n<div class=\"td-social-but-text\">Twitter<\/div>\n<p><\/a><a class=\"td-social-sharing-button td-social-sharing-button-js td-social-network td-social-whatsapp\" href=\"https:\/\/api.whatsapp.com\/send?text=David+Popovici%2C+din+nou+campion+european%21+Al+treilea+aur+consecutiv+la+100+m+liber+%28video%29%20%0A%0A%20https:\/\/orasul-timisoara.ro\/local-40246\/\" title=\"WhatsApp\"><\/p>\n<div class=\"td-social-but-text\">WhatsApp<\/div>\n<p><\/a><a class=\"td-social-sharing-button td-social-sharing-button-js td-social-network td-social-linkedin\" href=\"https:\/\/www.linkedin.com\/shareArticle?mini=true&amp;url=https:\/\/orasul-timisoara.ro\/local-40246\/&amp;title=David+Popovici%2C+din+nou+campion+european%21+Al+treilea+aur+consecutiv+la+100+m+liber+%28video%29\" title=\"Linkedin\"><\/p>\n<div class=\"td-social-but-text\">Linkedin<\/div>\n<p><\/a><a class=\"td-social-sharing-button td-social-sharing-button-js td-social-network td-social-reddit\" href=\"https:\/\/reddit.com\/submit?url=https:\/\/orasul-timisoara.ro\/local-40246\/&amp;title=David+Popovici%2C+din+nou+campion+european%21+Al+treilea+aur+consecutiv+la+100+m+liber+%28video%29\" title=\"ReddIt\"><\/p>\n<div class=\"td-social-but-text\">ReddIt<\/div>\n<p><\/a><a class=\"td-social-sharing-button td-social-sharing-button-js td-social-network td-social-mail\" href=\"mailto:?subject=David%20Popovici,%20din%20nou%20campion%20european!%20Al%20treilea%20aur%20consecutiv%20la%20100%20m%20liber%20(video)&amp;body=https:\/\/orasul-timisoara.ro\/local-40246\/\" title=\"Email\"><\/p>\n<div class=\"td-social-but-text\">Email<\/div>\n<p><\/a><a class=\"td-social-sharing-button td-social-sharing-button-js td-social-network td-social-print\" href=\"https:\/\/orasul-timisoara.ro\/local-40246\/\" title=\"Imprimare\"><\/p>\n<div class=\"td-social-but-text\">Imprimare<\/div>\n<p><\/a><\/div>\n<\/div>\n<\/div>\n<div class=\"td-block-row td-post-next-prev\">\n<div class=\"td-block-span6 td-post-prev-post\">\n<div class=\"td-post-next-prev-content\"><span>Articolul precedent<\/span><a href=\"https:\/\/orasul-timisoara.ro\/local-40243\/\">Po\u021bi construi la sat case \u0219i anexe f\u0103r\u0103 autoriza\u021bie, f\u0103r\u0103 a\u0219tept\u0103ri inutile dup\u0103 acte de la diverse institu\u021bii! Ce schimb\u0103 Codul Urbanismului din 25 august<\/a><\/div>\n<\/div>\n<div class=\"td-block-span6 td-post-next-post\">\n<div class=\"td-post-next-prev-content\"><span>Articolul urm\u0103tor<\/span><a href=\"https:\/\/orasul-timisoara.ro\/local-40250\/\">\u0218coala din Dude\u0219tii Noi intr\u0103 \u00een noul an \u0219colar complet modernizat\u0103<\/a><\/div>\n<\/div>\n<\/div>\n<div class=\"td-author-name vcard author\"><span class=\"fn\"><a href=\"https:\/\/orasul-timisoara.ro\/author\/timisoara\/\">redactia<\/a><\/span><\/div>\n<p><span class=\"td-page-meta\"><\/span><span class=\"td-page-meta\"><span class=\"td-page-meta\"><\/span><\/span><span class=\"td-page-meta\"><\/span><\/footer>\n<div class=\"td_block_wrap td_block_related_posts tdi_3 td_with_ajax_pagination td-pb-border-top td_block_template_8\" data-td-block-uid=\"tdi_3\">\n<h4 class=\"td-related-title td-block-title\"><a id=\"tdi_4\" class=\"td-related-left td-cur-simple-item\" data-td_filter_value data-td_block_id=\"tdi_3\" href=\"https:\/\/orasul-timisoara.ro\/local-40246\/\">ARTICOLE SIMILARE<\/a><a id=\"tdi_5\" class=\"td-related-right\" data-td_filter_value=\"td_related_more_from_author\" data-td_block_id=\"tdi_3\" href=\"https:\/\/orasul-timisoara.ro\/local-40246\/\">DE LA ACELA\u0218I AUTOR<\/a><\/h4>\n<div id=\"tdi_3\" class=\"td_block_inner\">\n<div class=\"td-related-row\">\n<div class=\"td-related-span4\">\n<div class=\"td_module_related_posts td-animation-stack td_mod_related_posts\">\n<div class=\"td-module-image\">\n<div class=\"td-module-thumb\"><a href=\"https:\/\/orasul-timisoara.ro\/local-38394\/\" rel=\"bookmark\" class=\"td-image-wrap \" title=\"David Popovici, sportivul anului 2025 \u00een nata\u021bia rom\u00e2neasc\u0103\"><img loading=\"lazy\" decoding=\"async\" class=\"entry-thumb\" src=\"https:\/\/orasul-timisoara.ro\/wp-content\/uploads\/2026\/04\/david-popovici-436x300.jpg\" alt title=\"David Popovici, sportivul anului 2025 \u00een nata\u021bia rom\u00e2neasc\u0103\" width=\"218\" height=\"150\"><\/a><\/div>\n<\/div>\n<div class=\"item-details\">\n<h3 class=\"entry-title td-module-title\"><a href=\"https:\/\/orasul-timisoara.ro\/local-38394\/\" rel=\"bookmark\" title=\"David Popovici, sportivul anului 2025 \u00een nata\u021bia rom\u00e2neasc\u0103\">David Popovici, sportivul anului 2025 \u00een nata\u021bia rom\u00e2neasc\u0103<\/a><\/h3>\n<\/div>\n<\/div>\n<\/div>\n<div class=\"td-related-span4\">\n<div class=\"td_module_related_posts td-animation-stack td_mod_related_posts\">\n<div class=\"td-module-image\">\n<div class=\"td-module-thumb\"><a href=\"https:\/\/orasul-timisoara.ro\/local-35139\/\" rel=\"bookmark\" class=\"td-image-wrap \" title=\"Emeric Ienei, legenda fotbalului rom\u00e2nesc, a plecat s\u0103 antreneze \u00een ceruri\"><img loading=\"lazy\" decoding=\"async\" class=\"entry-thumb\" src=\"https:\/\/orasul-timisoara.ro\/wp-content\/uploads\/2025\/11\/emeric-ienei-stirileprotv-436x300.jpg\" alt title=\"Emeric Ienei, legenda fotbalului rom\u00e2nesc, a plecat s\u0103 antreneze \u00een ceruri\" width=\"218\" height=\"150\"><\/a><\/div>\n<\/div>\n<div class=\"item-details\">\n<h3 class=\"entry-title td-module-title\"><a href=\"https:\/\/orasul-timisoara.ro\/local-35139\/\" rel=\"bookmark\" title=\"Emeric Ienei, legenda fotbalului rom\u00e2nesc, a plecat s\u0103 antreneze \u00een ceruri\">Emeric Ienei, legenda fotbalului rom\u00e2nesc, a plecat s\u0103 antreneze \u00een ceruri<\/a><\/h3>\n<\/div>\n<\/div>\n<\/div>\n<div class=\"td-related-span4\">\n<div class=\"td_module_related_posts td-animation-stack td_mod_related_posts\">\n<div class=\"td-module-image\">\n<div class=\"td-module-thumb\"><a href=\"https:\/\/orasul-timisoara.ro\/local-33348\/\" rel=\"bookmark\" class=\"td-image-wrap \" title=\"David Popovici rescrie istoria nata\u021biei: o nou\u0103 medalie de aur la 100 m liber \u00een 46.51 secunde \u0219i nou record european\"><img loading=\"lazy\" decoding=\"async\" class=\"entry-thumb\" src=\"https:\/\/orasul-timisoara.ro\/wp-content\/uploads\/2022\/06\/david-popovici-01.jpg\" alt title=\"David Popovici rescrie istoria nata\u021biei: o nou\u0103 medalie de aur la 100 m liber \u00een 46.51 secunde \u0219i nou record european\" width=\"218\" height=\"150\"><\/a><\/div>\n<\/div>\n<div class=\"item-details\">\n<h3 class=\"entry-title td-module-title\"><a href=\"https:\/\/orasul-timisoara.ro\/local-33348\/\" rel=\"bookmark\" title=\"David Popovici rescrie istoria nata\u021biei: o nou\u0103 medalie de aur la 100 m liber \u00een 46.51 secunde \u0219i nou record european\">David Popovici rescrie istoria nata\u021biei: o nou\u0103 medalie de aur la 100 m liber \u00een 46.51 secunde \u0219i nou record european<\/a><\/h3>\n<\/div>\n<\/div>\n<\/div>\n<\/div>\n<\/div>\n<\/div>\n<div class=\"comments\" id=\"comments\">\n<div id=\"respond\" class=\"comment-respond\">\n<h3 id=\"reply-title\" class=\"comment-reply-title\">L\u0102SA\u021aI UN MESAJ<\/h3>\n<div class=\"comment-form-input-wrap td-form-comment\">\n<div class=\"td-warning-comment\">V\u0103 rug\u0103m s\u0103 introduce\u021bi comentariul dvs.!<\/div>\n<\/div>\n<div class=\"comment-form-input-wrap td-form-author\">\n<div class=\"td-warning-author\">Introduce\u021bi aici numele dvs.<\/div>\n<\/div>\n<div class=\"comment-form-input-wrap td-form-email\">\n<div class=\"td-warning-email-error\">A\u021bi introdus o adres\u0103 de e-mail incorect\u0103!<\/div>\n<div class=\"td-warning-email\">V\u0103 rug\u0103m s\u0103 introduce\u021bi adresa dvs. de e-mail aici<\/div>\n<\/div>\n<\/div>\n<p class=\"akismet_comment_form_privacy_notice\">Acest site folose\u0219te Akismet pentru a reduce spamul. <a href=\"https:\/\/akismet.com\/privacy\/\" target=\"_blank\" rel=\"nofollow noopener\">Afl\u0103 cum sunt procesate datele comentariilor tale<\/a>.<\/p>\n<\/div>\n<\/div>\n<\/div>\n<div class=\"td-pb-span4 td-main-sidebar\" role=\"complementary\">\n<div class=\"td-ss-main-sidebar\">\n<aside id=\"block-4\" class=\"td_block_template_8 widget block-4 widget_block widget_media_image\">\n<figure class=\"wp-block-image size-full\"><img loading=\"lazy\" decoding=\"async\" width=\"336\" height=\"280\" src=\"https:\/\/orasul-timisoara.ro\/wp-content\/uploads\/2024\/11\/ReTIM-Abonamentul-Verde-Google-Ads-336x280px.gif\" alt class=\"wp-image-29257\"><\/figure>\n<\/aside>\n<div class=\"td_block_wrap td_block_social_counter td_block_widget tdi_6 td-social-style5 td-social-boxed td-pb-border-top td_block_template_8\">\n<div class=\"td-block-title-wrap\">\n<h4 class=\"td-block-title\"><span>Urm\u0103re\u0219te-ne pe Social Media<\/span><\/h4>\n<\/div>\n<div class=\"td-social-list\">\n<div class=\"td_social_type td-pb-margin-side td_social_facebook\">\n<div class=\"td-social-box\"><span class=\"td_social_info td_social_info_counter\">344,595<\/span><span class=\"td_social_info td_social_info_name\">Fani<\/span><span class=\"td_social_button\"><a href=\"https:\/\/www.facebook.com\/247timisoara\" target=\"_blank\" rel=\"nofollow\">\u00cemi place<\/a><\/span><\/div>\n<\/div>\n<div class=\"td_social_type td-pb-margin-side td_social_instagram\">\n<div class=\"td-social-box\"><span class=\"td_social_info td_social_info_counter\">4,416<\/span><span class=\"td_social_info td_social_info_name\">Cititori<\/span><span class=\"td_social_button\"><a href=\"https:\/\/instagram.com\/orasultimisoararo\/\" target=\"_blank\" rel=\"nofollow\">Conecta\u021bi-v\u0103<\/a><\/span><\/div>\n<\/div>\n<div class=\"td_social_type td-pb-margin-side td_social_rss\">\n<div class=\"td-social-box\"><span class=\"td_social_info td_social_info_counter\">12,506<\/span><span class=\"td_social_info td_social_info_name\">Cititori<\/span><span class=\"td_social_button\"><a href=\"https:\/\/orasul-timisoara.ro\/feed\/\" target=\"_blank\" rel=\"nofollow\">Conecta\u021bi-v\u0103<\/a><\/span><\/div>\n<\/div>\n<div class=\"td_social_type td-pb-margin-side td_social_tiktok\">\n<div class=\"td-social-box\"><span class=\"td_social_info td_social_info_counter\">1,500<\/span><span class=\"td_social_info td_social_info_name\">Cititori<\/span><span class=\"td_social_button\"><a href=\"https:\/\/www.tiktok.com\/@orasultimisoara\" target=\"_blank\" rel=\"nofollow\">Conecta\u021bi-v\u0103<\/a><\/span><\/div>\n<\/div>\n<div class=\"td_social_type td-pb-margin-side td_social_twitter\">\n<div class=\"td-social-box\"><span class=\"td_social_info td_social_info_counter\">1,595<\/span><span class=\"td_social_info td_social_info_name\">Cititori<\/span><span class=\"td_social_button\"><a href=\"https:\/\/twitter.com\/orasultm\" target=\"_blank\" rel=\"nofollow\">Conecta\u021bi-v\u0103<\/a><\/span><\/div>\n<\/div>\n<div class=\"td_social_type td-pb-margin-side td_social_youtube\">\n<div class=\"td-social-box\"><span class=\"td_social_info td_social_info_counter\">3,506<\/span><span class=\"td_social_info td_social_info_name\">Abona\u021bi<\/span><span class=\"td_social_button\"><a href=\"https:\/\/www.youtube.com\/channel\/UCQNsQvs2XCSIm1Z-AHRturw?sub_confirmation=1\" target=\"_blank\" rel=\"nofollow\">Abona\u021bi-v\u0103<\/a><\/span><\/div>\n<\/div>\n<\/div>\n<\/div>\n<aside id=\"text-7\" class=\"td_block_template_8 widget text-7 widget_text\">\n<h4 class=\"td-block-title\"><span>C\u0103ut\u0103ri populare pe OTM<\/span><\/h4>\n<div class=\"textwidget\"><a href=\"https:\/\/orasul-timisoara.ro\/?s=timisoara\"><span>Timisoara<\/span><\/a><a href=\"https:\/\/orasul-timisoara.ro\/?s=calin+dobra\"><span>Calin Dobra<\/span><\/a><a href=\"https:\/\/orasul-timisoara.ro\/?s=primaria+timisoara\"><span>Primaria Timisoara<\/span><\/a><a href=\"https:\/\/orasul-timisoara.ro\/?s=dominic+fritz\"><span>Dominic Fritz<\/span><\/a><a href=\"https:\/\/orasul-timisoara.ro\/?s=nicolae+robu\"><span>Nicolae Robu<\/span><\/a><a href=\"https:\/\/orasul-timisoara.ro\/?s=consiliul+local+timisoara\">Consiliul Local Timisoara<\/a><a href=\"https:\/\/orasul-timisoara.ro\/?s=consiliul+judetean+timis\"><span>Consiliul Judetean Timis<\/span><\/a><a href=\"https:\/\/orasul-timisoara.ro\/?s=cjt\"><span>CJT<\/span><\/a><a href=\"https:\/\/orasul-timisoara.ro\/?s=Alfred+Simonis\"><span>Alfred Simonis<\/span><\/a><a href=\"https:\/\/orasul-timisoara.ro\/?s=PNL\"><span>PNL<\/span><\/a><a href=\"https:\/\/orasul-timisoara.ro\/?s=coronavirus\"><span>coronavirus<\/span><\/a><a href=\"https:\/\/orasul-timisoara.ro\/?s=teatru+timisoara\">teatru Timisoara<\/a><a href=\"https:\/\/orasul-timisoara.ro\/?s=restaurante\"><span>restaurante Timisoara<\/span><\/a><a href=\"https:\/\/orasul-timisoara.ro\/?s=diskoteka\"><span>Diskoteka<\/span><\/a><a href=\"https:\/\/orasul-timisoara.ro\/?s=iulius+town\"><span>Iulius Town<\/span><\/a><a href=\"https:\/\/orasul-timisoara.ro\/?s=iulius+mall\"><span>Iulius Mall<\/span><\/a><a href=\"https:\/\/orasul-timisoara.ro\/?s=stpt\"><span>STPT<\/span><\/a><a href=\"https:\/\/orasul-timisoara.ro\/?s=alin+nica\"><span>Alin Nica<\/span><\/a><a href=\"https:\/\/orasul-timisoara.ro\/?s=psd\"><span>PSD<\/span><\/a><a href=\"https:\/\/orasul-timisoara.ro\/?s=aeroport\"><span>Aeroportul International Timisoara<\/span><\/a><a href=\"https:\/\/orasul-timisoara.ro\/?s=babes\"><span>Spitalul Victor Babes Timisoara<\/span><\/a><a href=\"https:\/\/orasul-timisoara.ro\/?s=poli\"><span>Poli Timi\u0219oara<\/span><\/a><a href=\"https:\/\/orasul-timisoara.ro\/?s=carantina\"><span>carantina<\/span><\/a><a href=\"https:\/\/orasul-timisoara.ro\/?s=aquatim\"><span>Aquatim<\/span><\/a><a href=\"https:\/\/orasul-timisoara.ro\/local-category\/stiri-timisoara\/\"><span>Stiri Timisoara<\/span><\/a><a href=\"https:\/\/orasul-timisoara.ro\/local-category\/investitii-in-timisoara\/\"><span>Investi\u021bii in Timi\u0219oara<\/span><\/a><a href=\"https:\/\/orasul-timisoara.ro\/local-9463\/\"><span>shaorma<\/span><\/a><a href=\"https:\/\/orasul-timisoara.ro\/?s=trafic\"><span>trafic rutier<\/span><\/a><a href=\"https:\/\/orasul-timisoara.ro\/?s=politia\"><span>politia locala timisoara<\/span><\/a><a href=\"https:\/\/orasul-timisoara.ro\/?s=roxana\"><span>Roxana Iliescu<\/span><\/a><a href=\"https:\/\/orasul-timisoara.ro\/?s=colterm\"><span>Colterm<\/span><\/a><a href=\"https:\/\/orasul-timisoara.ro\/?s=latcau\"><span>Ruben La\u021bc\u0103u<\/span><\/a><a href=\"https:\/\/orasul-timisoara.ro\/?s=timis\"><span>\u0218tiri din Timi\u0219<\/span><\/a><a href=\"https:\/\/orasul-timisoara.ro\/?s=spital\"><span>Spitale din Timi\u0219oara<\/span><\/a><a href=\"https:\/\/orasul-timisoara.ro\/?s=tabara\"><span>Cosmin Tab\u0103r\u0103<\/span><\/a><\/div>\n<\/aside>\n<aside id=\"rss-2\" class=\"td_block_template_8 widget rss-2 widget_rss\">\n<h4 class=\"td-block-title\"><span><a class=\"rsswidget rss-widget-feed\" href=\"https:\/\/fashionfridays.ro\/feed\"><img decoding=\"async\" class=\"rss-widget-icon\" width=\"14\" height=\"14\" src=\"https:\/\/orasul-timisoara.ro\/wp-includes\/images\/rss.png\" alt=\"RSS\" loading=\"lazy\"><\/a><a class=\"rsswidget rss-widget-title\" href=\"https:\/\/fashionfridays.ro\/\">Fashion Fridays<\/a><\/span><\/h4>\n<ul>\n<li><a class=\"rsswidget\" href=\"https:\/\/fashionfridays.ro\/romania-devine-a-29-a-piata-vogue-o-noua-era-pentru-industria-locala-de-moda\/\">Rom\u00e2nia devine a 29-a pia\u021b\u0103 Vogue: o nou\u0103 er\u0103 pentru industria local\u0103 de mod\u0103<\/a>\n<div class=\"rssSummary\">Revista Vogue \u00ee\u0219i extinde prezen\u021ba global\u0103 \u0219i va fi lansat\u0103 oficial \u00een Rom\u00e2nia \u00een prim\u0103vara anului 2027, marc\u00e2nd intrarea pe cea de-a 29-a pia\u021b\u0103 interna\u021bional\u0103. Proiectul este realizat \u00een parteneriat cu AEMME Publishing, o companie media recent \u00eenfiin\u021bat\u0103, care va publica edi\u021bia local\u0103 sub licen\u021b\u0103. Noua edi\u021bie, Vogue Rom\u00e2nia, \u00ee\u0219i propune s\u0103 combine autoritatea global\u0103 [\u2026]<\/div>\n<\/li>\n<\/ul>\n<\/aside>\n<aside id=\"rss-4\" class=\"td_block_template_8 widget rss-4 widget_rss\">\n<h4 class=\"td-block-title\"><span><a class=\"rsswidget rss-widget-feed\" href=\"https:\/\/emasini.ro\/feed\"><img decoding=\"async\" class=\"rss-widget-icon\" width=\"14\" height=\"14\" src=\"https:\/\/orasul-timisoara.ro\/wp-includes\/images\/rss.png\" alt=\"RSS\" loading=\"lazy\"><\/a><a class=\"rsswidget rss-widget-title\" href=\"https:\/\/emasini.ro\/\">eMasini<\/a><\/span><\/h4>\n<ul>\n<li><a class=\"rsswidget\" href=\"https:\/\/emasini.ro\/bmw-testeaza-noul-i4-convertible-primul-cabrio-electric-accesibil-al-marcii\/\">BMW testeaz\u0103 noul i4 Convertible, primul cabrio electric accesibil al m\u0103rcii<\/a>\n<div class=\"rssSummary\">BMW accelereaz\u0103 dezvoltarea noii genera\u021bii de modele electrice bazate pe platforma Neue Klasse, iar unul dintre cele mai interesante proiecte aflate \u00een teste este viitorul BMW i4 Convertible. Prototipul camuflat a fost surprins pe \u0219osele, confirm\u00e2nd c\u0103 produc\u0103torul german preg\u0103te\u0219te o decapotabil\u0103 electric\u0103 destinat\u0103 unui segment \u00een care oferta este, \u00een prezent, extrem de limitat\u0103. [\u2026]<\/div>\n<\/li>\n<\/ul>\n<\/aside>\n<\/div>\n<\/div>\n<\/div>\n<\/div>\n<\/article>\n<div class=\"td-post-content tagdiv-type\">\n<p class=\"wp-block-paragraph\">David Popovici, din nou regele probei regine! Rom\u00e2nul a c\u00e2\u0219tigat al treilea aur european consecutiv la 100 de metri liber<\/p>\n<p class=\"wp-block-paragraph\">David Popovici a cucerit miercuri sear\u0103, la Paris, al treilea titlu european consecutiv \u00een proba de 100 de metri liber, dup\u0103 o revenire spectaculoas\u0103 \u00een final\u0103. \u00cenot\u0103torul rom\u00e2n a oprit cronometrul \u00een 46,56 secunde, stabilind totodat\u0103 un nou record al Campionatelor Europene.<\/p>\n<p class=\"wp-block-paragraph\">Popovici nu a avut cel mai bun start \u00een finala probei regine. La jum\u0103tatea cursei, rom\u00e2nul era \u00een urma rusului Egor Kornev, \u00eens\u0103 a recuperat spectaculos \u00een ultimii 50 de metri \u0219i a trecut primul linia de sosire.<\/p>\n<p class=\"wp-block-paragraph\">Kornev a \u00eencheiat pe locul al doilea, cu 46,74 secunde, \u00een timp ce medalia de bronz i-a revenit maghiarului Kristof Milak, cronometrat \u00een 46,87 secunde.<\/p>\n<h2 class=\"wp-block-heading\">Al treilea titlu european consecutiv<\/h2>\n<p class=\"wp-block-paragraph\">Succesul de la Paris \u00eei aduce lui David Popovici al treilea titlu european consecutiv la 100 de metri liber, dup\u0103 triumfurile ob\u021binute la edi\u021biile precedente.<\/p>\n<p class=\"wp-block-paragraph\">Performan\u021ba \u00eel plaseaz\u0103 \u00eentr-o companie select\u0103 a marilor speciali\u0219ti ai probei. Popovici este doar al doilea \u00eenot\u0103tor din istorie care reu\u0219e\u0219te s\u0103 c\u00e2\u0219tige de trei ori consecutiv aurul european la 100 de metri liber, dup\u0103 legendarul Aleksandr Popov, campion european de patru ori consecutiv \u00een perioada 1991\u20131997.<\/p>\n<figure class=\"wp-block-embed is-type-video is-provider-youtube wp-block-embed-youtube wp-embed-aspect-16-9 wp-has-aspect-ratio\">\n<div class=\"wp-block-embed__wrapper\">\n<iframe loading=\"lazy\" title=\"AUUUUR! David Popovici a c\u00e2\u015ftigat proba de 100 m liber de la CE de Nata\u0163ie 2026!\" width=\"696\" height=\"392\" src=\"https:\/\/www.youtube.com\/embed\/M2UbzLQPTzM?feature=oembed\" frameborder allow=\"accelerometer; autoplay; clipboard-write; encrypted-media; gyroscope; picture-in-picture; web-share\" referrerpolicy=\"strict-origin-when-cross-origin\" allowfullscreen><\/iframe>\n<\/div>\n<\/figure>\n<h2 class=\"wp-block-heading\">Popovici, cel mai rapid \u00eenc\u0103 din serii<\/h2>\n<p class=\"wp-block-paragraph\">Drumul c\u0103tre noul titlu european a \u00eenceput mar\u021bi diminea\u021b\u0103, \u00een seriile probei.<\/p>\n<p class=\"wp-block-paragraph\">David Popovici a ob\u021binut cel mai bun timp \u0219i a intrat \u00een istoria competi\u021biei, devenind primul \u00eenot\u0103tor care a cobor\u00e2t sub pragul de 47,20 secunde \u00een seriile unui Campionat European.<\/p>\n<p class=\"wp-block-paragraph\">\u00cen semifinale, rom\u00e2nul a fost din nou cel mai rapid, cu 46,72 secunde, timp care reprezenta atunci un nou record al competi\u021biei.<\/p>\n<p class=\"wp-block-paragraph\">\u00cen final\u0103, Popovici a mers \u0219i mai repede \u0219i a cobor\u00e2t la 46,56 secunde, stabilind un nou record al Campionatelor Europene.<\/p>\n<h2 class=\"wp-block-heading\">Urmeaz\u0103 proba de 200 de metri liber<\/h2>\n<p class=\"wp-block-paragraph\">Pentru David Popovici competi\u021bia de la Paris nu s-a \u00eencheiat \u00eens\u0103 cu finala de la 100 de metri liber.<\/p>\n<p class=\"wp-block-paragraph\">\u00cenot\u0103torul rom\u00e2n este a\u0219teptat s\u0103 ia startul \u0219i \u00een proba de 200 de metri liber, urm\u00e2nd s\u0103 concureze mai \u00eent\u00e2i \u00een serii, iar apoi, \u00een func\u021bie de rezultat, \u00een semifinalele programate \u00een reuniunea de sear\u0103.<\/p>\n<p class=\"wp-block-paragraph\">Victoria de miercuri confirm\u0103 \u00eenc\u0103 o dat\u0103 statutul lui Popovici \u00een proba regin\u0103 a nata\u021biei europene. La doar 21 de ani, rom\u00e2nul continu\u0103 s\u0103 domine una dintre cele mai disputate probe din programul marilor competi\u021bii interna\u021bionale.<\/p>\n<\/div>\n<p>[analyse_source url=&#8221;https:\/\/orasul-timisoara.ro\/local-40246\/&#8221;]<\/p>\n","protected":false},"excerpt":{"rendered":"<p>[analyse_image type=&#8221;featured&#8221; src=&#8221;https:\/\/orasul-timisoara.ro\/wp-content\/uploads\/2026\/08\/david-popovici-aur.jpg&#8221;] \u0218tiri na\u021bionale \u0219i interna\u021bionaleDavid Popovici, din nou campion european! Al treilea aur consecutiv la 100&#8230; \u0218tiri na\u021bionale \u0219i interna\u021bionale David Popovici, din nou campion european! Al treilea aur consecutiv la 100 m liber (video) De c\u0103tre redactia &#8211; 12\/08\/2026 Facebook Twitter WhatsApp Linkedin ReddIt Email Imprimare David Popovici, din nou regele probei [&hellip;]<\/p>\n","protected":false},"author":1,"featured_media":0,"comment_status":"open","ping_status":"","sticky":false,"template":"","format":"standard","meta":{"footnotes":""},"categories":[89],"tags":[226,189],"class_list":["post-2091997","post","type-post","status-publish","format-standard","hentry","category-romania","tag-crawlmanager","tag-orasul-timisoara-ro"],"_links":{"self":[{"href":"https:\/\/analyse.optim.biz\/index.php?rest_route=\/wp\/v2\/posts\/2091997","targetHints":{"allow":["GET"]}}],"collection":[{"href":"https:\/\/analyse.optim.biz\/index.php?rest_route=\/wp\/v2\/posts"}],"about":[{"href":"https:\/\/analyse.optim.biz\/index.php?rest_route=\/wp\/v2\/types\/post"}],"author":[{"embeddable":true,"href":"https:\/\/analyse.optim.biz\/index.php?rest_route=\/wp\/v2\/users\/1"}],"replies":[{"embeddable":true,"href":"https:\/\/analyse.optim.biz\/index.php?rest_route=%2Fwp%2Fv2%2Fcomments&post=2091997"}],"version-history":[{"count":0,"href":"https:\/\/analyse.optim.biz\/index.php?rest_route=\/wp\/v2\/posts\/2091997\/revisions"}],"wp:attachment":[{"href":"https:\/\/analyse.optim.biz\/index.php?rest_route=%2Fwp%2Fv2%2Fmedia&parent=2091997"}],"wp:term":[{"taxonomy":"category","embeddable":true,"href":"https:\/\/analyse.optim.biz\/index.php?rest_route=%2Fwp%2Fv2%2Fcategories&post=2091997"},{"taxonomy":"post_tag","embeddable":true,"href":"https:\/\/analyse.optim.biz\/index.php?rest_route=%2Fwp%2Fv2%2Ftags&post=2091997"}],"curies":[{"name":"wp","href":"https:\/\/api.w.org\/{rel}","templated":true}]}}