{"id":2091996,"date":"2026-08-12T01:22:16","date_gmt":"2026-08-11T22:22:16","guid":{"rendered":"https:\/\/analyse.optim.biz\/?p=2091996"},"modified":"2026-08-12T01:22:16","modified_gmt":"2026-08-11T22:22:16","slug":"eclipsele-totale-de-soare-din-zona-timisoarei-din-anul-840-pana-in-2081","status":"publish","type":"post","link":"https:\/\/analyse.optim.biz\/?p=2091996","title":{"rendered":"Eclipsele totale de Soare din zona Timi\u0219oarei: din anul 840 p\u00e2n\u0103 \u00een 2081"},"content":{"rendered":"<p>[analyse_image type=&#8221;featured&#8221; src=&#8221;https:\/\/orasul-timisoara.ro\/wp-content\/uploads\/2026\/08\/piata-unirii-eclipsa.jpg&#8221;]<\/p>\n<article id=\"post-40223\" class=\"td-post-template-7 post-40223 post type-post status-publish format-standard has-post-thumbnail category-stiri-timisoara category-stiri-nationale-si-internationale tag-11-august-1999 tag-12-februarie-1431 tag-19-iulie-939 tag-3-septembrie-2081 tag-5-mai-840 tag-7-aprilie-1540 tag-astronomie tag-eclipsa-totala tag-eclipse-totale-de-soare tag-fenomene-astronomice tag-luna-2 tag-soare tag-timisoara-2 td-container-wrap\">\n<div class=\"td-full-screen-header-image-wrap\">\n<div class=\"td-container td-post-header\">\n<div class=\"td-crumb-container\">\n<div class=\"entry-crumbs\"><span><a title=\"Vede\u021bi toate articolele \u00een \u0218tiri Locale\" class=\"entry-crumb\" href=\"https:\/\/orasul-timisoara.ro\/local-category\/stiri-timisoara\/\">\u0218tiri Locale<\/a><\/span><span class=\"td-bred-no-url-last\">Eclipsele totale de Soare din zona Timi\u0219oarei: din anul 840 p\u00e2n\u0103 \u00een&#8230;<\/span><\/div>\n<\/div>\n<div class=\"td-post-header-holder\">\n<div class=\"td-parallax-header\">\n<header class=\"td-post-title\">\n<ul class=\"td-category\">\n<li class=\"entry-category\"><a href=\"https:\/\/orasul-timisoara.ro\/local-category\/stiri-timisoara\/\">\u0218tiri Locale<\/a><\/li>\n<li class=\"entry-category\"><a href=\"https:\/\/orasul-timisoara.ro\/local-category\/stiri-nationale-si-internationale\/\">\u0218tiri na\u021bionale \u0219i interna\u021bionale<\/a><\/li>\n<\/ul>\n<h1 class=\"entry-title\">Eclipsele totale de Soare din zona Timi\u0219oarei: din anul 840 p\u00e2n\u0103 \u00een 2081<\/h1>\n<div class=\"td-module-meta-info\">\n<div class=\"td-post-author-name\">\n<div class=\"td-author-by\">De c\u0103tre<\/div>\n<p><a href=\"https:\/\/orasul-timisoara.ro\/author\/timisoara\/\">redactia<\/a><\/p>\n<div class=\"td-author-line\"> &#8211; <\/div>\n<\/div>\n<p><span class=\"td-post-date\"><time class=\"entry-date updated td-module-date\" datetime=\"2026-08-12T04:22:16+03:00\">12\/08\/2026<\/time><\/span><\/div>\n<\/header>\n<\/div>\n<\/div>\n<\/div>\n<div id=\"td-full-screen-header-image\" class=\"td-image-gradient-style7\"><img decoding=\"async\" class=\"td-backstretch\" src=\"https:\/\/orasul-timisoara.ro\/wp-content\/uploads\/2026\/08\/piata-unirii-eclipsa.jpg\"><\/div>\n<\/div>\n<div class=\"td-container\">\n<div class=\"td-pb-row\">\n<div class=\"td-pb-span8 td-main-content\" role=\"main\">\n<div class=\"td-ss-main-content\">\n<div class=\"td-post-sharing-top\">\n<div class=\"td-post-sharing-classic\"><iframe title=\"topFacebookLike\" frameborder src=\"https:\/\/www.facebook.com\/plugins\/like.php?href=https:\/\/orasul-timisoara.ro\/local-40223\/&amp;layout=button_count&amp;show_faces=false&amp;width=105&amp;action=like&amp;colorscheme=light&amp;height=21\"><\/iframe><\/div>\n<div id=\"td_social_sharing_article_top\" class=\"td-post-sharing td-ps-bg td-ps-notext td-post-sharing-style1 \">\n<div class=\"td-post-sharing-visible\"><a class=\"td-social-sharing-button td-social-sharing-button-js td-social-network td-social-facebook\" href=\"https:\/\/www.facebook.com\/sharer.php?u=https%3A%2F%2Forasul-timisoara.ro%2Flocal-40223%2F\" title=\"Facebook\"><\/p>\n<div class=\"td-social-but-text\">Facebook<\/div>\n<p><\/a><a class=\"td-social-sharing-button td-social-sharing-button-js td-social-network td-social-twitter\" href=\"https:\/\/twitter.com\/intent\/tweet?text=Eclipsele+totale+de+Soare+din+zona+Timi%C8%99oarei%3A+din+anul+840+p%C3%A2n%C4%83+%C3%AEn+2081&amp;url=https%3A%2F%2Forasul-timisoara.ro%2Flocal-40223%2F&amp;via=orasultm\" title=\"Twitter\"><\/p>\n<div class=\"td-social-but-text\">Twitter<\/div>\n<p><\/a><a class=\"td-social-sharing-button td-social-sharing-button-js td-social-network td-social-whatsapp\" href=\"https:\/\/api.whatsapp.com\/send?text=Eclipsele+totale+de+Soare+din+zona+Timi%C8%99oarei%3A+din+anul+840+p%C3%A2n%C4%83+%C3%AEn+2081%20%0A%0A%20https:\/\/orasul-timisoara.ro\/local-40223\/\" title=\"WhatsApp\"><\/p>\n<div class=\"td-social-but-text\">WhatsApp<\/div>\n<p><\/a><a class=\"td-social-sharing-button td-social-sharing-button-js td-social-network td-social-linkedin\" href=\"https:\/\/www.linkedin.com\/shareArticle?mini=true&amp;url=https:\/\/orasul-timisoara.ro\/local-40223\/&amp;title=Eclipsele+totale+de+Soare+din+zona+Timi%C8%99oarei%3A+din+anul+840+p%C3%A2n%C4%83+%C3%AEn+2081\" title=\"Linkedin\"><\/p>\n<div class=\"td-social-but-text\">Linkedin<\/div>\n<p><\/a><a class=\"td-social-sharing-button td-social-sharing-button-js td-social-network td-social-reddit\" href=\"https:\/\/reddit.com\/submit?url=https:\/\/orasul-timisoara.ro\/local-40223\/&amp;title=Eclipsele+totale+de+Soare+din+zona+Timi%C8%99oarei%3A+din+anul+840+p%C3%A2n%C4%83+%C3%AEn+2081\" title=\"ReddIt\"><\/p>\n<div class=\"td-social-but-text\">ReddIt<\/div>\n<p><\/a><a class=\"td-social-sharing-button td-social-sharing-button-js td-social-network td-social-mail\" href=\"mailto:?subject=Eclipsele%20totale%20de%20Soare%20din%20zona%20Timi%C8%99oarei:%20din%20anul%20840%20p%C3%A2n%C4%83%20%C3%AEn%202081&amp;body=https:\/\/orasul-timisoara.ro\/local-40223\/\" title=\"Email\"><\/p>\n<div class=\"td-social-but-text\">Email<\/div>\n<p><\/a><a class=\"td-social-sharing-button td-social-sharing-button-js td-social-network td-social-print\" href=\"https:\/\/orasul-timisoara.ro\/local-40223\/\" title=\"Imprimare\"><\/p>\n<div class=\"td-social-but-text\">Imprimare<\/div>\n<p><\/a><\/div>\n<\/div>\n<\/div>\n<div class=\"td-post-content tagdiv-type\">\n<p class=\"wp-block-paragraph\">Timi\u0219oara are o istorie astronomic\u0103 mai veche dec\u00e2t documentele care \u00eei atest\u0103 existen\u021ba. \u00cenainte ca localitatea s\u0103 fie men\u021bionat\u0103 \u00een documentele medievale, pe teritoriul unde se afl\u0103 ast\u0103zi municipiul au putut fi observate mai multe eclipse totale de Soare. Din punct de vedere istoric, data primei atest\u0103ri documentare a Timi\u0219oarei este disputat\u0103: anul 1212 este folosit \u00een unele surse, \u00een timp ce numero\u0219i istorici consider\u0103 1266 drept prima men\u021biune sigur\u0103 a cet\u0103\u021bii Tymes. Din acest motiv, pentru eclipsele mai vechi este mai corect s\u0103 vorbim despre \u201ezona actual\u0103 a Timi\u0219oarei\u201d, nu despre Timi\u0219oara ca ora\u0219 medieval \u00een sensul de ast\u0103zi.<\/p>\n<p class=\"wp-block-paragraph\">Ultima eclips\u0103 total\u0103 de Soare care a putut fi v\u0103zut\u0103 la Timi\u0219oara a avut loc la 11 august 1999 \u0219i a r\u0103mas unul dintre cele mai spectaculoase fenomene astronomice observate \u00een Rom\u00e2nia \u00een epoca modern\u0103. Urm\u0103toarea eclips\u0103 total\u0103 vizibil\u0103 din municipiu este programat\u0103 pentru 3 septembrie 2081, ceea ce \u00eenseamn\u0103 c\u0103 \u00eentre cele dou\u0103 evenimente se \u00eentinde o perioad\u0103 de peste opt decenii.<\/p>\n<h2 class=\"wp-block-heading\">11 august 1999 \u2013 ultima eclips\u0103 total\u0103 v\u0103zut\u0103 la Timi\u0219oara<\/h2>\n<p class=\"wp-block-paragraph\">Eclipsa din 11 august 1999 este singura eclips\u0103 total\u0103 de Soare din aceast\u0103 serie pe care genera\u021biile contemporane au putut-o urm\u0103ri la Timi\u0219oara.<\/p>\n<p class=\"wp-block-paragraph\">Banda de totalitate a traversat Rom\u00e2nia pe direc\u021bia Timi\u0219oara \u2013 Petro\u0219ani \u2013 R\u00e2mnicu V\u00e2lcea \u2013 Bucure\u0219ti \u2013 Mangalia, iar zona de umbr\u0103 a Lunii a trecut direct peste vestul \u021b\u0103rii. AGERPRES consemneaz\u0103 c\u0103 fenomenul a ajuns \u00een Rom\u00e2nia dup\u0103 traversarea Ungariei \u0219i a trecut apoi peste o mare parte a teritoriului \u021b\u0103rii.<\/p>\n<p class=\"wp-block-paragraph\">La Timi\u0219oara, Soarele a fost acoperit complet pentru o perioad\u0103 scurt\u0103, iar lumina zilei s-a modificat radical \u00een timpul totalit\u0103\u021bii. Pentru cei care au urm\u0103rit fenomenul, 11 august 1999 a r\u0103mas un reper greu de egalat \u00een istoria observa\u021biilor astronomice din ora\u0219.<\/p>\n<h2 class=\"wp-block-heading\">7 aprilie 1540 \u2013 eclips\u0103 total\u0103 \u00een zona actual\u0103 a Timi\u0219oarei<\/h2>\n<p class=\"wp-block-paragraph\">Cu aproximativ 460 de ani \u00eenaintea eclipsei din 1999, o eclips\u0103 total\u0103 de Soare a traversat zona geografic\u0103 \u00een care se afl\u0103 ast\u0103zi Timi\u0219oara.<\/p>\n<p class=\"wp-block-paragraph\">La acea dat\u0103, Timi\u0219oara nu trebuie confundat\u0103 cu ora\u0219ul modern \u0219i nici cu grani\u021bele administrative actuale. Vorbim despre o reconstruc\u021bie astronomic\u0103 realizat\u0103 prin raportarea traseului eclipsei la coordonatele geografice ale municipiului de ast\u0103zi.<\/p>\n<p class=\"wp-block-paragraph\">Eclipsa din 7 aprilie 1540 este inclus\u0103 \u00een cataloagele astronomice drept eclips\u0103 total\u0103 \u0219i a traversat o parte din Europa Central\u0103 \u0219i de Est. Pentru zona actual\u0103 a Timi\u0219oarei, calculele indic\u0103 trecerea \u00een banda de totalitate.<\/p>\n<h2 class=\"wp-block-heading\">12 februarie 1431 \u2013 Soarele disp\u0103rut complet \u00een zona Timi\u0219oarei de ast\u0103zi<\/h2>\n<p class=\"wp-block-paragraph\">La 12 februarie 1431, o alt\u0103 eclips\u0103 total\u0103 de Soare a traversat regiunea \u00een care se afl\u0103 ast\u0103zi municipiul Timi\u0219oara.<\/p>\n<p class=\"wp-block-paragraph\">\u0218i acest eveniment este anterior primei men\u021biuni documentare certe a Timi\u0219oarei. Din aceast\u0103 cauz\u0103, este mai corect s\u0103 spunem c\u0103 eclipsa a fost total\u0103 \u00een zona geografic\u0103 a actualului ora\u0219, nu c\u0103 \u201etimi\u0219orenii\u201d au urm\u0103rit-o \u00een sensul \u00een care \u00een\u021belegem ast\u0103zi comunitatea ora\u0219ului.<\/p>\n<p class=\"wp-block-paragraph\">Fenomenul din 1431 face parte dintr-o perioad\u0103 cu o frecven\u021b\u0103 neobi\u0219nuit\u0103 a eclipselor totale vizibile \u00een spa\u021biul rom\u00e2nesc. Sursele istorice privind eclipsele arat\u0103 c\u0103 secolul al XV-lea a fost deosebit de bogat \u00een asemenea evenimente pentru teritoriul Rom\u00e2niei actuale. <\/p>\n<h2 class=\"wp-block-heading\">19 iulie 939 \u2013 o eclips\u0103 total\u0103 \u00een spa\u021biul actual al Banatului<\/h2>\n<p class=\"wp-block-paragraph\">Cu aproape un mileniu \u00een urm\u0103, la 19 iulie 939, traseul unei eclipse totale de Soare a trecut prin zona geografic\u0103 a actualei Timi\u0219oare.<\/p>\n<p class=\"wp-block-paragraph\">Evident, \u00een secolul al X-lea nu exista Timi\u0219oara ca ora\u0219 \u00een forma pe care o cunoa\u0219tem ast\u0103zi. Totu\u0219i, geometria astronomic\u0103 permite identificarea locului unde eclipsa a fost total\u0103 prin raportarea traseului umbrei Lunii la coordonatele actuale.<\/p>\n<p class=\"wp-block-paragraph\">Pentru omul medieval, un asemenea fenomen trebuie privit \u00een contextul unui univers \u00een care mi\u0219c\u0103rile astrelor erau explicate \u00een primul r\u00e2nd prin credin\u021be religioase \u0219i reprezent\u0103ri cosmologice. \u00centunecarea Soarelui \u00een mijlocul zilei era un eveniment ie\u0219it din comun, f\u0103r\u0103 explica\u021bia \u0219tiin\u021bific\u0103 pe care o avem ast\u0103zi.<\/p>\n<h2 class=\"wp-block-heading\">5 mai 840 \u2013 cea mai veche eclips\u0103 total\u0103 din aceast\u0103 serie<\/h2>\n<p class=\"wp-block-paragraph\">Cea mai veche dintre cele cinci eclipse totale asociate geografic cu zona actual\u0103 a Timi\u0219oarei dateaz\u0103 din 5 mai 840.<\/p>\n<p class=\"wp-block-paragraph\">La acea vreme nu exista nici ora\u0219ul medieval Timi\u0219oara, nici o entitate urban\u0103 care s\u0103 poat\u0103 fi identificat\u0103 f\u0103r\u0103 echivoc cu municipiul actual. Vorbim despre teritoriul geografic pe care \u00eel ocup\u0103 ast\u0103zi ora\u0219ul \u0219i despre traseul calculat al umbrei Lunii \u00een timpul eclipsei.<\/p>\n<p class=\"wp-block-paragraph\">Evenimentul este consemnat \u00een cataloagele astronomice moderne ca eclips\u0103 total\u0103 de Soare. \u00cen acest caz, la fel ca pentru eclipsa din 939, 1431 \u0219i 1540, formularea corect\u0103 este aceea c\u0103 totalitatea a fost vizibil\u0103 \u00een zona corespunz\u0103toare actualei Timi\u0219oare.<\/p>\n<h2 class=\"wp-block-heading\">De ce apar eclipse totale \u00een locuri care nici nu existau ca ora\u0219e<\/h2>\n<p class=\"wp-block-paragraph\">O eclips\u0103 de Soare nu \u021bine cont de grani\u021be, localit\u0103\u021bi sau administra\u021bii. Traseul totalit\u0103\u021bii este determinat exclusiv de geometria dintre Soare, Lun\u0103 \u0219i P\u0103m\u00e2nt \u0219i de mi\u0219carea umbrei Lunii pe suprafa\u021ba Terrei.<\/p>\n<p class=\"wp-block-paragraph\">Din acest motiv, astronomii pot calcula cu precizie unde a fost vizibil\u0103 o eclips\u0103 total\u0103 chiar \u0219i \u00een urm\u0103 cu sute sau mii de ani. C\u00e2nd suprapunem aceste trasee peste h\u0103r\u021bile moderne, putem identifica locurile unde ast\u0103zi se afl\u0103 ora\u0219e precum Timi\u0219oara.<\/p>\n<p class=\"wp-block-paragraph\">Tocmai aceast\u0103 perspectiv\u0103 trebuie folosit\u0103 \u00een cazul eclipselor din 840, 939, 1431 \u0219i 1540. Ele nu sunt \u201eeclipsele Timi\u0219oarei\u201d \u00een sens istoric, deoarece ora\u0219ul nu exista \u00eenc\u0103 \u00een forma sa documentat\u0103, ci eclipse totale care au traversat teritoriul pe care se afl\u0103 ast\u0103zi municipiul.<\/p>\n<h2 class=\"wp-block-heading\">Timi\u0219oara a fost atestat\u0103 documentar mult mai t\u00e2rziu<\/h2>\n<p class=\"wp-block-paragraph\">Istoria documentar\u0103 a Timi\u0219oarei \u00eencepe mult dup\u0103 primele dintre aceste eclipse. Anul 1212 este folosit \u00een unele surse pentru atestarea localit\u0103\u021bii sau a cet\u0103\u021bii, \u00eens\u0103 data este controversat\u0103. O parte important\u0103 a istoricilor consider\u0103 c\u0103 1266 este prima atestare sigur\u0103 a cet\u0103\u021bii<\/p>\n<p class=\"wp-block-paragraph\">Repertoriul Arheologic Na\u021bional men\u021bioneaz\u0103, de asemenea, atestarea cet\u0103\u021bii Timi\u0219oara \u00een anul 1212 sub denumirea \u201ecastrum regium Themes\u201d, \u00een timp ce alte lucr\u0103ri de sintez\u0103 subliniaz\u0103 controversa dintre 1212 \u0219i 1266. :<\/p>\n<p class=\"wp-block-paragraph\">Prin urmare, articolul despre eclipsele vechi trebuie citit ca o istorie astronomic\u0103 a locului \u00een care se afl\u0103 ast\u0103zi Timi\u0219oara, nu ca o cronologie a unor fenomene observate de un ora\u0219 deja constituit.<\/p>\n<h2 class=\"wp-block-heading\">11 august 1999 r\u0103m\u00e2ne reperul pentru Timi\u0219oara modern\u0103<\/h2>\n<p class=\"wp-block-paragraph\">Dac\u0103 l\u0103s\u0103m \u00een urm\u0103 documentele medievale \u0219i privim strict c\u0103tre Timi\u0219oara modern\u0103, eclipsa din 11 august 1999 este evenimentul care domin\u0103 memoria colectiv\u0103.<\/p>\n<p class=\"wp-block-paragraph\">A fost o eclips\u0103 total\u0103 vizibil\u0103 \u00een Rom\u00e2nia, iar umbra Lunii a traversat inclusiv direc\u021bia Timi\u0219oara. Evenimentul a fost urm\u0103rit de sute de mii de oameni din \u021bar\u0103, iar imaginile de atunci au r\u0103mas asociate cu una dintre cele mai spectaculoase manifest\u0103ri astronomice ale sf\u00e2r\u0219itului de secol XX. <\/p>\n<p class=\"wp-block-paragraph\">Pentru Timi\u0219oara, importan\u021ba eclipsei a fost amplificat\u0103 de faptul c\u0103 ora\u0219ul s-a aflat foarte aproape de traseul totalit\u0103\u021bii \u0219i a putut experimenta schimbarea brusc\u0103 a luminii \u00een timpul fenomenului.<\/p>\n<h2 class=\"wp-block-heading\">Urm\u0103toarea eclips\u0103 total\u0103 va fi pe 3 septembrie 2081<\/h2>\n<p class=\"wp-block-paragraph\">Timi\u0219oara nu va mai avea o eclips\u0103 total\u0103 de Soare \u00een urm\u0103toarele decenii. Conform calendarelor astronomice pentru municipiu, urm\u0103toarea va avea loc la 3 septembrie 2081. Timeanddate indic\u0103 aceast\u0103 dat\u0103 drept urm\u0103toarea eclips\u0103 total\u0103 de Soare vizibil\u0103 din zona Timi\u0219oarei. Este un interval impresionant: \u00eentre 11 august 1999 \u0219i 3 septembrie 2081 sunt mai bine de 82 de ani. Pentru compara\u021bie, \u00eentre 1540 \u0219i 1999 au trecut aproximativ 459 de ani f\u0103r\u0103 ca totalitatea s\u0103 mai treac\u0103 peste zona actual\u0103 a ora\u0219ului.<\/p>\n<p class=\"wp-block-paragraph\">Eclipsa din 2081 va traversa din nou sud-vestul Rom\u00e2niei, iar banda de totalitate va include zona Timi\u0219oarei. Fenomenul este deja calculat astronomic, chiar dac\u0103 atunci ora\u0219ul va fi, evident, foarte diferit de cel pe care \u00eel cunoa\u0219tem ast\u0103zi. <\/p>\n<h2 class=\"wp-block-heading\">Cinci eclipse totale, peste 1.200 de ani de istorie astronomic\u0103<\/h2>\n<p class=\"wp-block-paragraph\">Privite \u00eempreun\u0103, cele cinci date spun o poveste impresionant\u0103: 5 mai 840, 19 iulie 939, 12 februarie 1431, 7 aprilie 1540 \u0219i 11 august 1999.<\/p>\n<p class=\"wp-block-paragraph\">Prima dintre ele s-a produs \u00eentr-o lume medieval\u0103 aflat\u0103 cu mai bine de trei secole \u00eenainte de primele men\u021biuni documentare ale Timi\u0219oarei. Ultima a avut loc \u00eentr-un ora\u0219 modern, urm\u0103rit\u0103 de milioane de oameni prin televiziune \u0219i de sute de mii direct de pe traseul totalit\u0103\u021bii.<\/p>\n<p class=\"wp-block-paragraph\">Iar urm\u0103toarea born\u0103 este deja \u00eenscris\u0103 \u00een calendarele astronomice: 3 septembrie 2081.<\/p>\n<p class=\"wp-block-paragraph\">Pentru Timi\u0219oara, aceste date nu reprezint\u0103 doar o list\u0103 de fenomene astronomice. Ele arat\u0103 c\u00e2t de rar este traseul unei eclipse totale asupra aceluia\u0219i punct de pe P\u0103m\u00e2nt \u0219i c\u00e2t de mult timp poate trece \u00eentre dou\u0103 asemenea evenimente.<\/p>\n<p class=\"wp-block-paragraph\">\u00cen 1999, o genera\u021bie \u00eentreag\u0103 a privit Soarele disp\u0103r\u00e2nd pentru c\u00e2teva minute. \u00cen 2081, o alt\u0103 genera\u021bie va avea aceea\u0219i \u0219ans\u0103. Iar eclipsele din 840, 939, 1431 \u0219i 1540 r\u0103m\u00e2n, pentru noi, o m\u0103rturie calculat\u0103 matematic despre ceea ce s-a \u00eent\u00e2mplat pe cer deasupra locului \u00een care se afl\u0103 ast\u0103zi Timi\u0219oara.<\/p>\n<p class=\"wp-block-paragraph\"><em>Surse astronomice \u0219i istorice: <\/em><br \/>\u2013 <em>NASA\/GSFC Eclipse Catalog, <\/em><br \/>\u2013 <em>Timeanddate \u2013 eclipse vizibile din Timi\u0219oara, <\/em><br \/>\u2013 <em>AGERPRES \u2013 eclipsa din 11 august 1999, <\/em><br \/>\u2013 <em>HotNews \u2013 cronologia eclipselor totale vizibile din Rom\u00e2nia, <\/em><br \/><em>Repertoriul Arheologic Na\u021bional \u0219i surse istorice privind atestarea Timi\u0219oarei.<\/em><\/p>\n<\/div>\n<footer>\n<div class=\"td-post-source-tags\">\n<ul class=\"td-tags td-post-small-box clearfix\">\n<li><span>ETICHETE<\/span><\/li>\n<li><a href=\"https:\/\/orasul-timisoara.ro\/local-tag\/11-august-1999\/\">11 august 1999<\/a><\/li>\n<li><a href=\"https:\/\/orasul-timisoara.ro\/local-tag\/12-februarie-1431\/\">12 februarie 1431<\/a><\/li>\n<li><a href=\"https:\/\/orasul-timisoara.ro\/local-tag\/19-iulie-939\/\">19 iulie 939<\/a><\/li>\n<li><a href=\"https:\/\/orasul-timisoara.ro\/local-tag\/3-septembrie-2081\/\">3 septembrie 2081<\/a><\/li>\n<li><a href=\"https:\/\/orasul-timisoara.ro\/local-tag\/5-mai-840\/\">5 mai 840<\/a><\/li>\n<li><a href=\"https:\/\/orasul-timisoara.ro\/local-tag\/7-aprilie-1540\/\">7 aprilie 1540<\/a><\/li>\n<li><a href=\"https:\/\/orasul-timisoara.ro\/local-tag\/astronomie\/\">astronomie<\/a><\/li>\n<li><a href=\"https:\/\/orasul-timisoara.ro\/local-tag\/eclipsa-totala\/\">eclips\u0103 total\u0103<\/a><\/li>\n<li><a href=\"https:\/\/orasul-timisoara.ro\/local-tag\/eclipse-totale-de-soare\/\">eclipse totale de Soare<\/a><\/li>\n<li><a href=\"https:\/\/orasul-timisoara.ro\/local-tag\/fenomene-astronomice\/\">fenomene astronomice<\/a><\/li>\n<li><a href=\"https:\/\/orasul-timisoara.ro\/local-tag\/luna-2\/\">Lun\u0103<\/a><\/li>\n<li><a href=\"https:\/\/orasul-timisoara.ro\/local-tag\/soare\/\">soare<\/a><\/li>\n<li><a href=\"https:\/\/orasul-timisoara.ro\/local-tag\/timisoara-2\/\">timi\u0219oara<\/a><\/li>\n<\/ul>\n<\/div>\n<div class=\"td-post-sharing-bottom\">\n<div class=\"td-post-sharing-classic\"><iframe title=\"bottomFacebookLike\" frameborder src=\"https:\/\/www.facebook.com\/plugins\/like.php?href=https:\/\/orasul-timisoara.ro\/local-40223\/&amp;layout=button_count&amp;show_faces=false&amp;width=105&amp;action=like&amp;colorscheme=light&amp;height=21\"><\/iframe><\/div>\n<div id=\"td_social_sharing_article_bottom\" class=\"td-post-sharing td-ps-bg td-ps-notext td-post-sharing-style1 \">\n<div class=\"td-post-sharing-visible\"><a class=\"td-social-sharing-button td-social-sharing-button-js td-social-network td-social-facebook\" href=\"https:\/\/www.facebook.com\/sharer.php?u=https%3A%2F%2Forasul-timisoara.ro%2Flocal-40223%2F\" title=\"Facebook\"><\/p>\n<div class=\"td-social-but-text\">Facebook<\/div>\n<p><\/a><a class=\"td-social-sharing-button td-social-sharing-button-js td-social-network td-social-twitter\" href=\"https:\/\/twitter.com\/intent\/tweet?text=Eclipsele+totale+de+Soare+din+zona+Timi%C8%99oarei%3A+din+anul+840+p%C3%A2n%C4%83+%C3%AEn+2081&amp;url=https%3A%2F%2Forasul-timisoara.ro%2Flocal-40223%2F&amp;via=orasultm\" title=\"Twitter\"><\/p>\n<div class=\"td-social-but-text\">Twitter<\/div>\n<p><\/a><a class=\"td-social-sharing-button td-social-sharing-button-js td-social-network td-social-whatsapp\" href=\"https:\/\/api.whatsapp.com\/send?text=Eclipsele+totale+de+Soare+din+zona+Timi%C8%99oarei%3A+din+anul+840+p%C3%A2n%C4%83+%C3%AEn+2081%20%0A%0A%20https:\/\/orasul-timisoara.ro\/local-40223\/\" title=\"WhatsApp\"><\/p>\n<div class=\"td-social-but-text\">WhatsApp<\/div>\n<p><\/a><a class=\"td-social-sharing-button td-social-sharing-button-js td-social-network td-social-linkedin\" href=\"https:\/\/www.linkedin.com\/shareArticle?mini=true&amp;url=https:\/\/orasul-timisoara.ro\/local-40223\/&amp;title=Eclipsele+totale+de+Soare+din+zona+Timi%C8%99oarei%3A+din+anul+840+p%C3%A2n%C4%83+%C3%AEn+2081\" title=\"Linkedin\"><\/p>\n<div class=\"td-social-but-text\">Linkedin<\/div>\n<p><\/a><a class=\"td-social-sharing-button td-social-sharing-button-js td-social-network td-social-reddit\" href=\"https:\/\/reddit.com\/submit?url=https:\/\/orasul-timisoara.ro\/local-40223\/&amp;title=Eclipsele+totale+de+Soare+din+zona+Timi%C8%99oarei%3A+din+anul+840+p%C3%A2n%C4%83+%C3%AEn+2081\" title=\"ReddIt\"><\/p>\n<div class=\"td-social-but-text\">ReddIt<\/div>\n<p><\/a><a class=\"td-social-sharing-button td-social-sharing-button-js td-social-network td-social-mail\" href=\"mailto:?subject=Eclipsele%20totale%20de%20Soare%20din%20zona%20Timi%C8%99oarei:%20din%20anul%20840%20p%C3%A2n%C4%83%20%C3%AEn%202081&amp;body=https:\/\/orasul-timisoara.ro\/local-40223\/\" title=\"Email\"><\/p>\n<div class=\"td-social-but-text\">Email<\/div>\n<p><\/a><a class=\"td-social-sharing-button td-social-sharing-button-js td-social-network td-social-print\" href=\"https:\/\/orasul-timisoara.ro\/local-40223\/\" title=\"Imprimare\"><\/p>\n<div class=\"td-social-but-text\">Imprimare<\/div>\n<p><\/a><\/div>\n<\/div>\n<\/div>\n<div class=\"td-block-row td-post-next-prev\">\n<div class=\"td-block-span6 td-post-prev-post\">\n<div class=\"td-post-next-prev-content\"><span>Articolul precedent<\/span><a href=\"https:\/\/orasul-timisoara.ro\/local-40220\/\">Eclipsele de Soare la Timi\u0219oara: c\u00e2nd au fost \u0219i c\u00e2nd urmeaz\u0103<\/a><\/div>\n<\/div>\n<div class=\"td-block-span6 td-post-next-post\">\n<div class=\"td-post-next-prev-content\"><span>Articolul urm\u0103tor<\/span><a href=\"https:\/\/orasul-timisoara.ro\/local-40226\/\">Medicul oftalmolog Alexandra Preda avertizeaz\u0103: Nu privi\u021bi eclipsa de Soare cu ochiul liber<\/a><\/div>\n<\/div>\n<\/div>\n<div class=\"td-author-name vcard author\"><span class=\"fn\"><a href=\"https:\/\/orasul-timisoara.ro\/author\/timisoara\/\">redactia<\/a><\/span><\/div>\n<p><span class=\"td-page-meta\"><\/span><span class=\"td-page-meta\"><span class=\"td-page-meta\"><\/span><\/span><span class=\"td-page-meta\"><\/span><\/footer>\n<div class=\"comments\" id=\"comments\">\n<div id=\"respond\" class=\"comment-respond\">\n<h3 id=\"reply-title\" class=\"comment-reply-title\">L\u0102SA\u021aI UN MESAJ<\/h3>\n<div class=\"comment-form-input-wrap td-form-comment\">\n<div class=\"td-warning-comment\">V\u0103 rug\u0103m s\u0103 introduce\u021bi comentariul dvs.!<\/div>\n<\/div>\n<div class=\"comment-form-input-wrap td-form-author\">\n<div class=\"td-warning-author\">Introduce\u021bi aici numele dvs.<\/div>\n<\/div>\n<div class=\"comment-form-input-wrap td-form-email\">\n<div class=\"td-warning-email-error\">A\u021bi introdus o adres\u0103 de e-mail incorect\u0103!<\/div>\n<div class=\"td-warning-email\">V\u0103 rug\u0103m s\u0103 introduce\u021bi adresa dvs. de e-mail aici<\/div>\n<\/div>\n<\/div>\n<p class=\"akismet_comment_form_privacy_notice\">Acest site folose\u0219te Akismet pentru a reduce spamul. <a href=\"https:\/\/akismet.com\/privacy\/\" target=\"_blank\" rel=\"nofollow noopener\">Afl\u0103 cum sunt procesate datele comentariilor tale<\/a>.<\/p>\n<\/div>\n<\/div>\n<\/div>\n<div class=\"td-pb-span4 td-main-sidebar\" role=\"complementary\">\n<div class=\"td-ss-main-sidebar\">\n<aside id=\"block-4\" class=\"td_block_template_8 widget block-4 widget_block widget_media_image\">\n<figure class=\"wp-block-image size-full\"><img loading=\"lazy\" decoding=\"async\" width=\"336\" height=\"280\" src=\"https:\/\/orasul-timisoara.ro\/wp-content\/uploads\/2024\/11\/ReTIM-Abonamentul-Verde-Google-Ads-336x280px.gif\" alt class=\"wp-image-29257\"><\/figure>\n<\/aside>\n<div class=\"td_block_wrap td_block_social_counter td_block_widget tdi_4 td-social-style5 td-social-boxed td-pb-border-top td_block_template_8\">\n<div class=\"td-block-title-wrap\">\n<h4 class=\"td-block-title\"><span>Urm\u0103re\u0219te-ne pe Social Media<\/span><\/h4>\n<\/div>\n<div class=\"td-social-list\">\n<div class=\"td_social_type td-pb-margin-side td_social_facebook\">\n<div class=\"td-social-box\"><span class=\"td_social_info td_social_info_counter\">344,595<\/span><span class=\"td_social_info td_social_info_name\">Fani<\/span><span class=\"td_social_button\"><a href=\"https:\/\/www.facebook.com\/247timisoara\" target=\"_blank\" rel=\"nofollow\">\u00cemi place<\/a><\/span><\/div>\n<\/div>\n<div class=\"td_social_type td-pb-margin-side td_social_instagram\">\n<div class=\"td-social-box\"><span class=\"td_social_info td_social_info_counter\">4,416<\/span><span class=\"td_social_info td_social_info_name\">Cititori<\/span><span class=\"td_social_button\"><a href=\"https:\/\/instagram.com\/orasultimisoararo\/\" target=\"_blank\" rel=\"nofollow\">Conecta\u021bi-v\u0103<\/a><\/span><\/div>\n<\/div>\n<div class=\"td_social_type td-pb-margin-side td_social_rss\">\n<div class=\"td-social-box\"><span class=\"td_social_info td_social_info_counter\">12,506<\/span><span class=\"td_social_info td_social_info_name\">Cititori<\/span><span class=\"td_social_button\"><a href=\"https:\/\/orasul-timisoara.ro\/feed\/\" target=\"_blank\" rel=\"nofollow\">Conecta\u021bi-v\u0103<\/a><\/span><\/div>\n<\/div>\n<div class=\"td_social_type td-pb-margin-side td_social_tiktok\">\n<div class=\"td-social-box\"><span class=\"td_social_info td_social_info_counter\">1,500<\/span><span class=\"td_social_info td_social_info_name\">Cititori<\/span><span class=\"td_social_button\"><a href=\"https:\/\/www.tiktok.com\/@orasultimisoara\" target=\"_blank\" rel=\"nofollow\">Conecta\u021bi-v\u0103<\/a><\/span><\/div>\n<\/div>\n<div class=\"td_social_type td-pb-margin-side td_social_twitter\">\n<div class=\"td-social-box\"><span class=\"td_social_info td_social_info_counter\">1,595<\/span><span class=\"td_social_info td_social_info_name\">Cititori<\/span><span class=\"td_social_button\"><a href=\"https:\/\/twitter.com\/orasultm\" target=\"_blank\" rel=\"nofollow\">Conecta\u021bi-v\u0103<\/a><\/span><\/div>\n<\/div>\n<div class=\"td_social_type td-pb-margin-side td_social_youtube\">\n<div class=\"td-social-box\"><span class=\"td_social_info td_social_info_counter\">3,506<\/span><span class=\"td_social_info td_social_info_name\">Abona\u021bi<\/span><span class=\"td_social_button\"><a href=\"https:\/\/www.youtube.com\/channel\/UCQNsQvs2XCSIm1Z-AHRturw?sub_confirmation=1\" target=\"_blank\" rel=\"nofollow\">Abona\u021bi-v\u0103<\/a><\/span><\/div>\n<\/div>\n<\/div>\n<\/div>\n<aside id=\"text-7\" class=\"td_block_template_8 widget text-7 widget_text\">\n<h4 class=\"td-block-title\"><span>C\u0103ut\u0103ri populare pe OTM<\/span><\/h4>\n<div class=\"textwidget\"><a href=\"https:\/\/orasul-timisoara.ro\/?s=timisoara\"><span>Timisoara<\/span><\/a><a href=\"https:\/\/orasul-timisoara.ro\/?s=calin+dobra\"><span>Calin Dobra<\/span><\/a><a href=\"https:\/\/orasul-timisoara.ro\/?s=primaria+timisoara\"><span>Primaria Timisoara<\/span><\/a><a href=\"https:\/\/orasul-timisoara.ro\/?s=dominic+fritz\"><span>Dominic Fritz<\/span><\/a><a href=\"https:\/\/orasul-timisoara.ro\/?s=nicolae+robu\"><span>Nicolae Robu<\/span><\/a><a href=\"https:\/\/orasul-timisoara.ro\/?s=consiliul+local+timisoara\">Consiliul Local Timisoara<\/a><a href=\"https:\/\/orasul-timisoara.ro\/?s=consiliul+judetean+timis\"><span>Consiliul Judetean Timis<\/span><\/a><a href=\"https:\/\/orasul-timisoara.ro\/?s=cjt\"><span>CJT<\/span><\/a><a href=\"https:\/\/orasul-timisoara.ro\/?s=Alfred+Simonis\"><span>Alfred Simonis<\/span><\/a><a href=\"https:\/\/orasul-timisoara.ro\/?s=PNL\"><span>PNL<\/span><\/a><a href=\"https:\/\/orasul-timisoara.ro\/?s=coronavirus\"><span>coronavirus<\/span><\/a><a href=\"https:\/\/orasul-timisoara.ro\/?s=teatru+timisoara\">teatru Timisoara<\/a><a href=\"https:\/\/orasul-timisoara.ro\/?s=restaurante\"><span>restaurante Timisoara<\/span><\/a><a href=\"https:\/\/orasul-timisoara.ro\/?s=diskoteka\"><span>Diskoteka<\/span><\/a><a href=\"https:\/\/orasul-timisoara.ro\/?s=iulius+town\"><span>Iulius Town<\/span><\/a><a href=\"https:\/\/orasul-timisoara.ro\/?s=iulius+mall\"><span>Iulius Mall<\/span><\/a><a href=\"https:\/\/orasul-timisoara.ro\/?s=stpt\"><span>STPT<\/span><\/a><a href=\"https:\/\/orasul-timisoara.ro\/?s=alin+nica\"><span>Alin Nica<\/span><\/a><a href=\"https:\/\/orasul-timisoara.ro\/?s=psd\"><span>PSD<\/span><\/a><a href=\"https:\/\/orasul-timisoara.ro\/?s=aeroport\"><span>Aeroportul International Timisoara<\/span><\/a><a href=\"https:\/\/orasul-timisoara.ro\/?s=babes\"><span>Spitalul Victor Babes Timisoara<\/span><\/a><a href=\"https:\/\/orasul-timisoara.ro\/?s=poli\"><span>Poli Timi\u0219oara<\/span><\/a><a href=\"https:\/\/orasul-timisoara.ro\/?s=carantina\"><span>carantina<\/span><\/a><a href=\"https:\/\/orasul-timisoara.ro\/?s=aquatim\"><span>Aquatim<\/span><\/a><a href=\"https:\/\/orasul-timisoara.ro\/local-category\/stiri-timisoara\/\"><span>Stiri Timisoara<\/span><\/a><a href=\"https:\/\/orasul-timisoara.ro\/local-category\/investitii-in-timisoara\/\"><span>Investi\u021bii in Timi\u0219oara<\/span><\/a><a href=\"https:\/\/orasul-timisoara.ro\/local-9463\/\"><span>shaorma<\/span><\/a><a href=\"https:\/\/orasul-timisoara.ro\/?s=trafic\"><span>trafic rutier<\/span><\/a><a href=\"https:\/\/orasul-timisoara.ro\/?s=politia\"><span>politia locala timisoara<\/span><\/a><a href=\"https:\/\/orasul-timisoara.ro\/?s=roxana\"><span>Roxana Iliescu<\/span><\/a><a href=\"https:\/\/orasul-timisoara.ro\/?s=colterm\"><span>Colterm<\/span><\/a><a href=\"https:\/\/orasul-timisoara.ro\/?s=latcau\"><span>Ruben La\u021bc\u0103u<\/span><\/a><a href=\"https:\/\/orasul-timisoara.ro\/?s=timis\"><span>\u0218tiri din Timi\u0219<\/span><\/a><a href=\"https:\/\/orasul-timisoara.ro\/?s=spital\"><span>Spitale din Timi\u0219oara<\/span><\/a><a href=\"https:\/\/orasul-timisoara.ro\/?s=tabara\"><span>Cosmin Tab\u0103r\u0103<\/span><\/a><\/div>\n<\/aside>\n<aside id=\"rss-2\" class=\"td_block_template_8 widget rss-2 widget_rss\">\n<h4 class=\"td-block-title\"><span><a class=\"rsswidget rss-widget-feed\" href=\"https:\/\/fashionfridays.ro\/feed\"><img decoding=\"async\" class=\"rss-widget-icon\" width=\"14\" height=\"14\" src=\"https:\/\/orasul-timisoara.ro\/wp-includes\/images\/rss.png\" alt=\"RSS\" loading=\"lazy\"><\/a><a class=\"rsswidget rss-widget-title\" href=\"https:\/\/fashionfridays.ro\/\">Fashion Fridays<\/a><\/span><\/h4>\n<ul>\n<li><a class=\"rsswidget\" href=\"https:\/\/fashionfridays.ro\/romania-devine-a-29-a-piata-vogue-o-noua-era-pentru-industria-locala-de-moda\/\">Rom\u00e2nia devine a 29-a pia\u021b\u0103 Vogue: o nou\u0103 er\u0103 pentru industria local\u0103 de mod\u0103<\/a>\n<div class=\"rssSummary\">Revista Vogue \u00ee\u0219i extinde prezen\u021ba global\u0103 \u0219i va fi lansat\u0103 oficial \u00een Rom\u00e2nia \u00een prim\u0103vara anului 2027, marc\u00e2nd intrarea pe cea de-a 29-a pia\u021b\u0103 interna\u021bional\u0103. Proiectul este realizat \u00een parteneriat cu AEMME Publishing, o companie media recent \u00eenfiin\u021bat\u0103, care va publica edi\u021bia local\u0103 sub licen\u021b\u0103. Noua edi\u021bie, Vogue Rom\u00e2nia, \u00ee\u0219i propune s\u0103 combine autoritatea global\u0103 [\u2026]<\/div>\n<\/li>\n<\/ul>\n<\/aside>\n<aside id=\"rss-4\" class=\"td_block_template_8 widget rss-4 widget_rss\">\n<h4 class=\"td-block-title\"><span><a class=\"rsswidget rss-widget-feed\" href=\"https:\/\/emasini.ro\/feed\"><img decoding=\"async\" class=\"rss-widget-icon\" width=\"14\" height=\"14\" src=\"https:\/\/orasul-timisoara.ro\/wp-includes\/images\/rss.png\" alt=\"RSS\" loading=\"lazy\"><\/a><a class=\"rsswidget rss-widget-title\" href=\"https:\/\/emasini.ro\/\">eMasini<\/a><\/span><\/h4>\n<ul>\n<li><a class=\"rsswidget\" href=\"https:\/\/emasini.ro\/bmw-testeaza-noul-i4-convertible-primul-cabrio-electric-accesibil-al-marcii\/\">BMW testeaz\u0103 noul i4 Convertible, primul cabrio electric accesibil al m\u0103rcii<\/a>\n<div class=\"rssSummary\">BMW accelereaz\u0103 dezvoltarea noii genera\u021bii de modele electrice bazate pe platforma Neue Klasse, iar unul dintre cele mai interesante proiecte aflate \u00een teste este viitorul BMW i4 Convertible. Prototipul camuflat a fost surprins pe \u0219osele, confirm\u00e2nd c\u0103 produc\u0103torul german preg\u0103te\u0219te o decapotabil\u0103 electric\u0103 destinat\u0103 unui segment \u00een care oferta este, \u00een prezent, extrem de limitat\u0103. [\u2026]<\/div>\n<\/li>\n<\/ul>\n<\/aside>\n<\/div>\n<\/div>\n<\/div>\n<\/div>\n<\/article>\n<div class=\"td-post-content tagdiv-type\">\n<p class=\"wp-block-paragraph\">Timi\u0219oara are o istorie astronomic\u0103 mai veche dec\u00e2t documentele care \u00eei atest\u0103 existen\u021ba. \u00cenainte ca localitatea s\u0103 fie men\u021bionat\u0103 \u00een documentele medievale, pe teritoriul unde se afl\u0103 ast\u0103zi municipiul au putut fi observate mai multe eclipse totale de Soare. Din punct de vedere istoric, data primei atest\u0103ri documentare a Timi\u0219oarei este disputat\u0103: anul 1212 este folosit \u00een unele surse, \u00een timp ce numero\u0219i istorici consider\u0103 1266 drept prima men\u021biune sigur\u0103 a cet\u0103\u021bii Tymes. Din acest motiv, pentru eclipsele mai vechi este mai corect s\u0103 vorbim despre \u201ezona actual\u0103 a Timi\u0219oarei\u201d, nu despre Timi\u0219oara ca ora\u0219 medieval \u00een sensul de ast\u0103zi.<\/p>\n<p class=\"wp-block-paragraph\">Ultima eclips\u0103 total\u0103 de Soare care a putut fi v\u0103zut\u0103 la Timi\u0219oara a avut loc la 11 august 1999 \u0219i a r\u0103mas unul dintre cele mai spectaculoase fenomene astronomice observate \u00een Rom\u00e2nia \u00een epoca modern\u0103. Urm\u0103toarea eclips\u0103 total\u0103 vizibil\u0103 din municipiu este programat\u0103 pentru 3 septembrie 2081, ceea ce \u00eenseamn\u0103 c\u0103 \u00eentre cele dou\u0103 evenimente se \u00eentinde o perioad\u0103 de peste opt decenii.<\/p>\n<h2 class=\"wp-block-heading\">11 august 1999 \u2013 ultima eclips\u0103 total\u0103 v\u0103zut\u0103 la Timi\u0219oara<\/h2>\n<p class=\"wp-block-paragraph\">Eclipsa din 11 august 1999 este singura eclips\u0103 total\u0103 de Soare din aceast\u0103 serie pe care genera\u021biile contemporane au putut-o urm\u0103ri la Timi\u0219oara.<\/p>\n<p class=\"wp-block-paragraph\">Banda de totalitate a traversat Rom\u00e2nia pe direc\u021bia Timi\u0219oara \u2013 Petro\u0219ani \u2013 R\u00e2mnicu V\u00e2lcea \u2013 Bucure\u0219ti \u2013 Mangalia, iar zona de umbr\u0103 a Lunii a trecut direct peste vestul \u021b\u0103rii. AGERPRES consemneaz\u0103 c\u0103 fenomenul a ajuns \u00een Rom\u00e2nia dup\u0103 traversarea Ungariei \u0219i a trecut apoi peste o mare parte a teritoriului \u021b\u0103rii.<\/p>\n<p class=\"wp-block-paragraph\">La Timi\u0219oara, Soarele a fost acoperit complet pentru o perioad\u0103 scurt\u0103, iar lumina zilei s-a modificat radical \u00een timpul totalit\u0103\u021bii. Pentru cei care au urm\u0103rit fenomenul, 11 august 1999 a r\u0103mas un reper greu de egalat \u00een istoria observa\u021biilor astronomice din ora\u0219.<\/p>\n<h2 class=\"wp-block-heading\">7 aprilie 1540 \u2013 eclips\u0103 total\u0103 \u00een zona actual\u0103 a Timi\u0219oarei<\/h2>\n<p class=\"wp-block-paragraph\">Cu aproximativ 460 de ani \u00eenaintea eclipsei din 1999, o eclips\u0103 total\u0103 de Soare a traversat zona geografic\u0103 \u00een care se afl\u0103 ast\u0103zi Timi\u0219oara.<\/p>\n<p class=\"wp-block-paragraph\">La acea dat\u0103, Timi\u0219oara nu trebuie confundat\u0103 cu ora\u0219ul modern \u0219i nici cu grani\u021bele administrative actuale. Vorbim despre o reconstruc\u021bie astronomic\u0103 realizat\u0103 prin raportarea traseului eclipsei la coordonatele geografice ale municipiului de ast\u0103zi.<\/p>\n<p class=\"wp-block-paragraph\">Eclipsa din 7 aprilie 1540 este inclus\u0103 \u00een cataloagele astronomice drept eclips\u0103 total\u0103 \u0219i a traversat o parte din Europa Central\u0103 \u0219i de Est. Pentru zona actual\u0103 a Timi\u0219oarei, calculele indic\u0103 trecerea \u00een banda de totalitate.<\/p>\n<h2 class=\"wp-block-heading\">12 februarie 1431 \u2013 Soarele disp\u0103rut complet \u00een zona Timi\u0219oarei de ast\u0103zi<\/h2>\n<p class=\"wp-block-paragraph\">La 12 februarie 1431, o alt\u0103 eclips\u0103 total\u0103 de Soare a traversat regiunea \u00een care se afl\u0103 ast\u0103zi municipiul Timi\u0219oara.<\/p>\n<p class=\"wp-block-paragraph\">\u0218i acest eveniment este anterior primei men\u021biuni documentare certe a Timi\u0219oarei. Din aceast\u0103 cauz\u0103, este mai corect s\u0103 spunem c\u0103 eclipsa a fost total\u0103 \u00een zona geografic\u0103 a actualului ora\u0219, nu c\u0103 \u201etimi\u0219orenii\u201d au urm\u0103rit-o \u00een sensul \u00een care \u00een\u021belegem ast\u0103zi comunitatea ora\u0219ului.<\/p>\n<p class=\"wp-block-paragraph\">Fenomenul din 1431 face parte dintr-o perioad\u0103 cu o frecven\u021b\u0103 neobi\u0219nuit\u0103 a eclipselor totale vizibile \u00een spa\u021biul rom\u00e2nesc. Sursele istorice privind eclipsele arat\u0103 c\u0103 secolul al XV-lea a fost deosebit de bogat \u00een asemenea evenimente pentru teritoriul Rom\u00e2niei actuale. <\/p>\n<h2 class=\"wp-block-heading\">19 iulie 939 \u2013 o eclips\u0103 total\u0103 \u00een spa\u021biul actual al Banatului<\/h2>\n<p class=\"wp-block-paragraph\">Cu aproape un mileniu \u00een urm\u0103, la 19 iulie 939, traseul unei eclipse totale de Soare a trecut prin zona geografic\u0103 a actualei Timi\u0219oare.<\/p>\n<p class=\"wp-block-paragraph\">Evident, \u00een secolul al X-lea nu exista Timi\u0219oara ca ora\u0219 \u00een forma pe care o cunoa\u0219tem ast\u0103zi. Totu\u0219i, geometria astronomic\u0103 permite identificarea locului unde eclipsa a fost total\u0103 prin raportarea traseului umbrei Lunii la coordonatele actuale.<\/p>\n<p class=\"wp-block-paragraph\">Pentru omul medieval, un asemenea fenomen trebuie privit \u00een contextul unui univers \u00een care mi\u0219c\u0103rile astrelor erau explicate \u00een primul r\u00e2nd prin credin\u021be religioase \u0219i reprezent\u0103ri cosmologice. \u00centunecarea Soarelui \u00een mijlocul zilei era un eveniment ie\u0219it din comun, f\u0103r\u0103 explica\u021bia \u0219tiin\u021bific\u0103 pe care o avem ast\u0103zi.<\/p>\n<h2 class=\"wp-block-heading\">5 mai 840 \u2013 cea mai veche eclips\u0103 total\u0103 din aceast\u0103 serie<\/h2>\n<p class=\"wp-block-paragraph\">Cea mai veche dintre cele cinci eclipse totale asociate geografic cu zona actual\u0103 a Timi\u0219oarei dateaz\u0103 din 5 mai 840.<\/p>\n<p class=\"wp-block-paragraph\">La acea vreme nu exista nici ora\u0219ul medieval Timi\u0219oara, nici o entitate urban\u0103 care s\u0103 poat\u0103 fi identificat\u0103 f\u0103r\u0103 echivoc cu municipiul actual. Vorbim despre teritoriul geografic pe care \u00eel ocup\u0103 ast\u0103zi ora\u0219ul \u0219i despre traseul calculat al umbrei Lunii \u00een timpul eclipsei.<\/p>\n<p class=\"wp-block-paragraph\">Evenimentul este consemnat \u00een cataloagele astronomice moderne ca eclips\u0103 total\u0103 de Soare. \u00cen acest caz, la fel ca pentru eclipsa din 939, 1431 \u0219i 1540, formularea corect\u0103 este aceea c\u0103 totalitatea a fost vizibil\u0103 \u00een zona corespunz\u0103toare actualei Timi\u0219oare.<\/p>\n<h2 class=\"wp-block-heading\">De ce apar eclipse totale \u00een locuri care nici nu existau ca ora\u0219e<\/h2>\n<p class=\"wp-block-paragraph\">O eclips\u0103 de Soare nu \u021bine cont de grani\u021be, localit\u0103\u021bi sau administra\u021bii. Traseul totalit\u0103\u021bii este determinat exclusiv de geometria dintre Soare, Lun\u0103 \u0219i P\u0103m\u00e2nt \u0219i de mi\u0219carea umbrei Lunii pe suprafa\u021ba Terrei.<\/p>\n<p class=\"wp-block-paragraph\">Din acest motiv, astronomii pot calcula cu precizie unde a fost vizibil\u0103 o eclips\u0103 total\u0103 chiar \u0219i \u00een urm\u0103 cu sute sau mii de ani. C\u00e2nd suprapunem aceste trasee peste h\u0103r\u021bile moderne, putem identifica locurile unde ast\u0103zi se afl\u0103 ora\u0219e precum Timi\u0219oara.<\/p>\n<p class=\"wp-block-paragraph\">Tocmai aceast\u0103 perspectiv\u0103 trebuie folosit\u0103 \u00een cazul eclipselor din 840, 939, 1431 \u0219i 1540. Ele nu sunt \u201eeclipsele Timi\u0219oarei\u201d \u00een sens istoric, deoarece ora\u0219ul nu exista \u00eenc\u0103 \u00een forma sa documentat\u0103, ci eclipse totale care au traversat teritoriul pe care se afl\u0103 ast\u0103zi municipiul.<\/p>\n<h2 class=\"wp-block-heading\">Timi\u0219oara a fost atestat\u0103 documentar mult mai t\u00e2rziu<\/h2>\n<p class=\"wp-block-paragraph\">Istoria documentar\u0103 a Timi\u0219oarei \u00eencepe mult dup\u0103 primele dintre aceste eclipse. Anul 1212 este folosit \u00een unele surse pentru atestarea localit\u0103\u021bii sau a cet\u0103\u021bii, \u00eens\u0103 data este controversat\u0103. O parte important\u0103 a istoricilor consider\u0103 c\u0103 1266 este prima atestare sigur\u0103 a cet\u0103\u021bii<\/p>\n<p class=\"wp-block-paragraph\">Repertoriul Arheologic Na\u021bional men\u021bioneaz\u0103, de asemenea, atestarea cet\u0103\u021bii Timi\u0219oara \u00een anul 1212 sub denumirea \u201ecastrum regium Themes\u201d, \u00een timp ce alte lucr\u0103ri de sintez\u0103 subliniaz\u0103 controversa dintre 1212 \u0219i 1266. :<\/p>\n<p class=\"wp-block-paragraph\">Prin urmare, articolul despre eclipsele vechi trebuie citit ca o istorie astronomic\u0103 a locului \u00een care se afl\u0103 ast\u0103zi Timi\u0219oara, nu ca o cronologie a unor fenomene observate de un ora\u0219 deja constituit.<\/p>\n<h2 class=\"wp-block-heading\">11 august 1999 r\u0103m\u00e2ne reperul pentru Timi\u0219oara modern\u0103<\/h2>\n<p class=\"wp-block-paragraph\">Dac\u0103 l\u0103s\u0103m \u00een urm\u0103 documentele medievale \u0219i privim strict c\u0103tre Timi\u0219oara modern\u0103, eclipsa din 11 august 1999 este evenimentul care domin\u0103 memoria colectiv\u0103.<\/p>\n<p class=\"wp-block-paragraph\">A fost o eclips\u0103 total\u0103 vizibil\u0103 \u00een Rom\u00e2nia, iar umbra Lunii a traversat inclusiv direc\u021bia Timi\u0219oara. Evenimentul a fost urm\u0103rit de sute de mii de oameni din \u021bar\u0103, iar imaginile de atunci au r\u0103mas asociate cu una dintre cele mai spectaculoase manifest\u0103ri astronomice ale sf\u00e2r\u0219itului de secol XX. <\/p>\n<p class=\"wp-block-paragraph\">Pentru Timi\u0219oara, importan\u021ba eclipsei a fost amplificat\u0103 de faptul c\u0103 ora\u0219ul s-a aflat foarte aproape de traseul totalit\u0103\u021bii \u0219i a putut experimenta schimbarea brusc\u0103 a luminii \u00een timpul fenomenului.<\/p>\n<h2 class=\"wp-block-heading\">Urm\u0103toarea eclips\u0103 total\u0103 va fi pe 3 septembrie 2081<\/h2>\n<p class=\"wp-block-paragraph\">Timi\u0219oara nu va mai avea o eclips\u0103 total\u0103 de Soare \u00een urm\u0103toarele decenii. Conform calendarelor astronomice pentru municipiu, urm\u0103toarea va avea loc la 3 septembrie 2081. Timeanddate indic\u0103 aceast\u0103 dat\u0103 drept urm\u0103toarea eclips\u0103 total\u0103 de Soare vizibil\u0103 din zona Timi\u0219oarei. Este un interval impresionant: \u00eentre 11 august 1999 \u0219i 3 septembrie 2081 sunt mai bine de 82 de ani. Pentru compara\u021bie, \u00eentre 1540 \u0219i 1999 au trecut aproximativ 459 de ani f\u0103r\u0103 ca totalitatea s\u0103 mai treac\u0103 peste zona actual\u0103 a ora\u0219ului.<\/p>\n<p class=\"wp-block-paragraph\">Eclipsa din 2081 va traversa din nou sud-vestul Rom\u00e2niei, iar banda de totalitate va include zona Timi\u0219oarei. Fenomenul este deja calculat astronomic, chiar dac\u0103 atunci ora\u0219ul va fi, evident, foarte diferit de cel pe care \u00eel cunoa\u0219tem ast\u0103zi. <\/p>\n<h2 class=\"wp-block-heading\">Cinci eclipse totale, peste 1.200 de ani de istorie astronomic\u0103<\/h2>\n<p class=\"wp-block-paragraph\">Privite \u00eempreun\u0103, cele cinci date spun o poveste impresionant\u0103: 5 mai 840, 19 iulie 939, 12 februarie 1431, 7 aprilie 1540 \u0219i 11 august 1999.<\/p>\n<p class=\"wp-block-paragraph\">Prima dintre ele s-a produs \u00eentr-o lume medieval\u0103 aflat\u0103 cu mai bine de trei secole \u00eenainte de primele men\u021biuni documentare ale Timi\u0219oarei. Ultima a avut loc \u00eentr-un ora\u0219 modern, urm\u0103rit\u0103 de milioane de oameni prin televiziune \u0219i de sute de mii direct de pe traseul totalit\u0103\u021bii.<\/p>\n<p class=\"wp-block-paragraph\">Iar urm\u0103toarea born\u0103 este deja \u00eenscris\u0103 \u00een calendarele astronomice: 3 septembrie 2081.<\/p>\n<p class=\"wp-block-paragraph\">Pentru Timi\u0219oara, aceste date nu reprezint\u0103 doar o list\u0103 de fenomene astronomice. Ele arat\u0103 c\u00e2t de rar este traseul unei eclipse totale asupra aceluia\u0219i punct de pe P\u0103m\u00e2nt \u0219i c\u00e2t de mult timp poate trece \u00eentre dou\u0103 asemenea evenimente.<\/p>\n<p class=\"wp-block-paragraph\">\u00cen 1999, o genera\u021bie \u00eentreag\u0103 a privit Soarele disp\u0103r\u00e2nd pentru c\u00e2teva minute. \u00cen 2081, o alt\u0103 genera\u021bie va avea aceea\u0219i \u0219ans\u0103. Iar eclipsele din 840, 939, 1431 \u0219i 1540 r\u0103m\u00e2n, pentru noi, o m\u0103rturie calculat\u0103 matematic despre ceea ce s-a \u00eent\u00e2mplat pe cer deasupra locului \u00een care se afl\u0103 ast\u0103zi Timi\u0219oara.<\/p>\n<p class=\"wp-block-paragraph\"><em>Surse astronomice \u0219i istorice: <\/em><br \/>\u2013 <em>NASA\/GSFC Eclipse Catalog, <\/em><br \/>\u2013 <em>Timeanddate \u2013 eclipse vizibile din Timi\u0219oara, <\/em><br \/>\u2013 <em>AGERPRES \u2013 eclipsa din 11 august 1999, <\/em><br \/>\u2013 <em>HotNews \u2013 cronologia eclipselor totale vizibile din Rom\u00e2nia, <\/em><br \/><em>Repertoriul Arheologic Na\u021bional \u0219i surse istorice privind atestarea Timi\u0219oarei.<\/em><\/p>\n<\/div>\n<p>[analyse_source url=&#8221;https:\/\/orasul-timisoara.ro\/local-40223\/&#8221;]<\/p>\n","protected":false},"excerpt":{"rendered":"<p>[analyse_image type=&#8221;featured&#8221; src=&#8221;https:\/\/orasul-timisoara.ro\/wp-content\/uploads\/2026\/08\/piata-unirii-eclipsa.jpg&#8221;] \u0218tiri LocaleEclipsele totale de Soare din zona Timi\u0219oarei: din anul 840 p\u00e2n\u0103 \u00een&#8230; \u0218tiri Locale \u0218tiri na\u021bionale \u0219i interna\u021bionale Eclipsele totale de Soare din zona Timi\u0219oarei: din anul 840 p\u00e2n\u0103 \u00een 2081 De c\u0103tre redactia &#8211; 12\/08\/2026 Facebook Twitter WhatsApp Linkedin ReddIt Email Imprimare Timi\u0219oara are o istorie astronomic\u0103 mai veche dec\u00e2t [&hellip;]<\/p>\n","protected":false},"author":1,"featured_media":0,"comment_status":"open","ping_status":"","sticky":false,"template":"","format":"standard","meta":{"footnotes":""},"categories":[89],"tags":[226,189],"class_list":["post-2091996","post","type-post","status-publish","format-standard","hentry","category-romania","tag-crawlmanager","tag-orasul-timisoara-ro"],"_links":{"self":[{"href":"https:\/\/analyse.optim.biz\/index.php?rest_route=\/wp\/v2\/posts\/2091996","targetHints":{"allow":["GET"]}}],"collection":[{"href":"https:\/\/analyse.optim.biz\/index.php?rest_route=\/wp\/v2\/posts"}],"about":[{"href":"https:\/\/analyse.optim.biz\/index.php?rest_route=\/wp\/v2\/types\/post"}],"author":[{"embeddable":true,"href":"https:\/\/analyse.optim.biz\/index.php?rest_route=\/wp\/v2\/users\/1"}],"replies":[{"embeddable":true,"href":"https:\/\/analyse.optim.biz\/index.php?rest_route=%2Fwp%2Fv2%2Fcomments&post=2091996"}],"version-history":[{"count":0,"href":"https:\/\/analyse.optim.biz\/index.php?rest_route=\/wp\/v2\/posts\/2091996\/revisions"}],"wp:attachment":[{"href":"https:\/\/analyse.optim.biz\/index.php?rest_route=%2Fwp%2Fv2%2Fmedia&parent=2091996"}],"wp:term":[{"taxonomy":"category","embeddable":true,"href":"https:\/\/analyse.optim.biz\/index.php?rest_route=%2Fwp%2Fv2%2Fcategories&post=2091996"},{"taxonomy":"post_tag","embeddable":true,"href":"https:\/\/analyse.optim.biz\/index.php?rest_route=%2Fwp%2Fv2%2Ftags&post=2091996"}],"curies":[{"name":"wp","href":"https:\/\/api.w.org\/{rel}","templated":true}]}}