{"id":2091995,"date":"2026-08-12T01:02:36","date_gmt":"2026-08-11T22:02:36","guid":{"rendered":"https:\/\/analyse.optim.biz\/?p=2091995"},"modified":"2026-08-12T01:02:36","modified_gmt":"2026-08-11T22:02:36","slug":"eclipsele-de-soare-la-timisoara-cand-au-fost-si-cand-urmeaza","status":"publish","type":"post","link":"https:\/\/analyse.optim.biz\/?p=2091995","title":{"rendered":"Eclipsele de Soare la Timi\u0219oara: c\u00e2nd au fost \u0219i c\u00e2nd urmeaz\u0103"},"content":{"rendered":"<p>[analyse_image type=&#8221;featured&#8221; src=&#8221;https:\/\/orasul-timisoara.ro\/wp-content\/uploads\/2026\/08\/cer-timisorean-cu-eclipse.jpg&#8221;]<\/p>\n<article id=\"post-40220\" class=\"td-post-template-7 post-40220 post type-post status-publish format-standard has-post-thumbnail category-stiri-timisoara category-stiri-nationale-si-internationale tag-17414 tag-17417 tag-17416 tag-17415 tag-17419 tag-17413 tag-17418 tag-astronomie tag-eclipsa-de-soare tag-eclipsa-partiala tag-eclipsa-totala tag-eclipse-timisoara tag-fenomene-astronomice tag-timisoara-2 td-container-wrap\">\n<div class=\"td-full-screen-header-image-wrap\">\n<div class=\"td-container td-post-header\">\n<div class=\"td-crumb-container\">\n<div class=\"entry-crumbs\"><span><a title=\"Vede\u021bi toate articolele \u00een \u0218tiri Locale\" class=\"entry-crumb\" href=\"https:\/\/orasul-timisoara.ro\/local-category\/stiri-timisoara\/\">\u0218tiri Locale<\/a><\/span><span class=\"td-bred-no-url-last\">Eclipsele de Soare la Timi\u0219oara: c\u00e2nd au fost \u0219i c\u00e2nd urmeaz\u0103<\/span><\/div>\n<\/div>\n<div class=\"td-post-header-holder\">\n<div class=\"td-parallax-header\">\n<header class=\"td-post-title\">\n<ul class=\"td-category\">\n<li class=\"entry-category\"><a href=\"https:\/\/orasul-timisoara.ro\/local-category\/stiri-timisoara\/\">\u0218tiri Locale<\/a><\/li>\n<li class=\"entry-category\"><a href=\"https:\/\/orasul-timisoara.ro\/local-category\/stiri-nationale-si-internationale\/\">\u0218tiri na\u021bionale \u0219i interna\u021bionale<\/a><\/li>\n<\/ul>\n<h1 class=\"entry-title\">Eclipsele de Soare la Timi\u0219oara: c\u00e2nd au fost \u0219i c\u00e2nd urmeaz\u0103<\/h1>\n<div class=\"td-module-meta-info\">\n<div class=\"td-post-author-name\">\n<div class=\"td-author-by\">De c\u0103tre<\/div>\n<p><a href=\"https:\/\/orasul-timisoara.ro\/author\/timisoara\/\">redactia<\/a><\/p>\n<div class=\"td-author-line\"> &#8211; <\/div>\n<\/div>\n<p><span class=\"td-post-date\"><time class=\"entry-date updated td-module-date\" datetime=\"2026-08-12T04:02:36+03:00\">12\/08\/2026<\/time><\/span><\/div>\n<\/header>\n<\/div>\n<\/div>\n<\/div>\n<div id=\"td-full-screen-header-image\" class=\"td-image-gradient-style7\"><img decoding=\"async\" class=\"td-backstretch\" src=\"https:\/\/orasul-timisoara.ro\/wp-content\/uploads\/2026\/08\/cer-timisorean-cu-eclipse.jpg\"><\/div>\n<\/div>\n<div class=\"td-container\">\n<div class=\"td-pb-row\">\n<div class=\"td-pb-span8 td-main-content\" role=\"main\">\n<div class=\"td-ss-main-content\">\n<div class=\"td-post-sharing-top\">\n<div class=\"td-post-sharing-classic\"><iframe title=\"topFacebookLike\" frameborder src=\"https:\/\/www.facebook.com\/plugins\/like.php?href=https:\/\/orasul-timisoara.ro\/local-40220\/&amp;layout=button_count&amp;show_faces=false&amp;width=105&amp;action=like&amp;colorscheme=light&amp;height=21\"><\/iframe><\/div>\n<div id=\"td_social_sharing_article_top\" class=\"td-post-sharing td-ps-bg td-ps-notext td-post-sharing-style1 \">\n<div class=\"td-post-sharing-visible\"><a class=\"td-social-sharing-button td-social-sharing-button-js td-social-network td-social-facebook\" href=\"https:\/\/www.facebook.com\/sharer.php?u=https%3A%2F%2Forasul-timisoara.ro%2Flocal-40220%2F\" title=\"Facebook\"><\/p>\n<div class=\"td-social-but-text\">Facebook<\/div>\n<p><\/a><a class=\"td-social-sharing-button td-social-sharing-button-js td-social-network td-social-twitter\" href=\"https:\/\/twitter.com\/intent\/tweet?text=Eclipsele+de+Soare+la+Timi%C8%99oara%3A+c%C3%A2nd+au+fost+%C8%99i+c%C3%A2nd+urmeaz%C4%83&amp;url=https%3A%2F%2Forasul-timisoara.ro%2Flocal-40220%2F&amp;via=orasultm\" title=\"Twitter\"><\/p>\n<div class=\"td-social-but-text\">Twitter<\/div>\n<p><\/a><a class=\"td-social-sharing-button td-social-sharing-button-js td-social-network td-social-whatsapp\" href=\"https:\/\/api.whatsapp.com\/send?text=Eclipsele+de+Soare+la+Timi%C8%99oara%3A+c%C3%A2nd+au+fost+%C8%99i+c%C3%A2nd+urmeaz%C4%83%20%0A%0A%20https:\/\/orasul-timisoara.ro\/local-40220\/\" title=\"WhatsApp\"><\/p>\n<div class=\"td-social-but-text\">WhatsApp<\/div>\n<p><\/a><a class=\"td-social-sharing-button td-social-sharing-button-js td-social-network td-social-linkedin\" href=\"https:\/\/www.linkedin.com\/shareArticle?mini=true&amp;url=https:\/\/orasul-timisoara.ro\/local-40220\/&amp;title=Eclipsele+de+Soare+la+Timi%C8%99oara%3A+c%C3%A2nd+au+fost+%C8%99i+c%C3%A2nd+urmeaz%C4%83\" title=\"Linkedin\"><\/p>\n<div class=\"td-social-but-text\">Linkedin<\/div>\n<p><\/a><a class=\"td-social-sharing-button td-social-sharing-button-js td-social-network td-social-reddit\" href=\"https:\/\/reddit.com\/submit?url=https:\/\/orasul-timisoara.ro\/local-40220\/&amp;title=Eclipsele+de+Soare+la+Timi%C8%99oara%3A+c%C3%A2nd+au+fost+%C8%99i+c%C3%A2nd+urmeaz%C4%83\" title=\"ReddIt\"><\/p>\n<div class=\"td-social-but-text\">ReddIt<\/div>\n<p><\/a><a class=\"td-social-sharing-button td-social-sharing-button-js td-social-network td-social-mail\" href=\"mailto:?subject=Eclipsele%20de%20Soare%20la%20Timi%C8%99oara:%20c%C3%A2nd%20au%20fost%20%C8%99i%20c%C3%A2nd%20urmeaz%C4%83&amp;body=https:\/\/orasul-timisoara.ro\/local-40220\/\" title=\"Email\"><\/p>\n<div class=\"td-social-but-text\">Email<\/div>\n<p><\/a><a class=\"td-social-sharing-button td-social-sharing-button-js td-social-network td-social-print\" href=\"https:\/\/orasul-timisoara.ro\/local-40220\/\" title=\"Imprimare\"><\/p>\n<div class=\"td-social-but-text\">Imprimare<\/div>\n<p><\/a><\/div>\n<\/div>\n<\/div>\n<div class=\"td-post-content tagdiv-type\">\n<p class=\"wp-block-paragraph\">Timi\u0219oara a avut parte de mai multe eclipse de Soare \u00een ultimele decenii, \u00eens\u0103 cele mai multe au fost par\u021biale. De la eclipsa din 1984 \u0219i p\u00e2n\u0103 la cea din 29 martie 2025, ora\u0219ul a fost martor la 15 astfel de fenomene, iar \u00eentr-un singur caz, pe 11 august 1999, eclipsa a fost total\u0103. Urm\u0103toarele cinci eclipse care vor putea fi observate din Timi\u0219oara se vor produce \u00eentre 2027 \u0219i 2036. Tabelele astronomice pentru Timi\u0219oara confirm\u0103 succesiunea acestor evenimente, iar calculele pentru orele locale sunt raportate la fusul orar al Rom\u00e2niei.<\/p>\n<p class=\"wp-block-paragraph\">Pentru un observator din Timi\u0219oara, ora de \u00eenceput, momentul maxim \u0219i finalul unei eclipse pot fi diferite de cele raportate pentru alte ora\u0219e, chiar din aceea\u0219i \u021bar\u0103. \u00cen unele cazuri, fenomenul \u00eencepe \u00eenainte de r\u0103s\u0103rit sau se termin\u0103 dup\u0103 apus, astfel c\u0103 intervalul efectiv \u00een care eclipsa este vizibil\u0103 din ora\u0219 este mai scurt dec\u00e2t durata astronomic\u0103 total\u0103.<\/p>\n<h2 class=\"wp-block-heading\">Ultimele 15 eclipse de Soare vizibile la Timi\u0219oara<\/h2>\n<p class=\"wp-block-paragraph\"><strong>29 martie 2025<\/strong> \u2013 s\u00e2mb\u0103t\u0103. A fost o eclips\u0103 par\u021bial\u0103 de Soare. La Timi\u0219oara, fenomenul a fost vizibil \u00eentre aproximativ 13:08 \u0219i 13:34, cu maximul la 13:21. A fost una dintre cele mai recente eclipse observabile din ora\u0219, \u00eens\u0103 acoperirea Soarelui a fost redus\u0103.<\/p>\n<p class=\"wp-block-paragraph\"><strong>25 octombrie 2022 <\/strong>\u2013 mar\u021bi. Eclipsa a fost par\u021bial\u0103 \u0219i a avut loc \u00een intervalul aproximativ 12:21\u201314:39, cu maximul la 13:30. Fenomenul a fost vizibil la o altitudine bun\u0103 deasupra orizontului \u0219i a fost una dintre eclipsele par\u021biale mai pronun\u021bate din ultimii ani.<\/p>\n<p class=\"wp-block-paragraph\"><strong>10 iunie 2021<\/strong> \u2013 joi. Timi\u0219orenii au putut observa o eclips\u0103 par\u021bial\u0103 \u00eentre aproximativ 13:28 \u0219i 14:12, cu maximul la 13:50. Gradul de acoperire a discului solar a fost \u00eens\u0103 foarte mic, astfel c\u0103 fenomenul a fost discret.<\/p>\n<p class=\"wp-block-paragraph\"><strong>21 iunie 2020<\/strong> \u2013 duminic\u0103. Eclipsa par\u021bial\u0103 a fost vizibil\u0103 la Timi\u0219oara diminea\u021ba, aproximativ \u00eentre 08:20 \u0219i 09:00, iar maximul s-a produs \u00een jurul orei 08:40. Fenomenul a avut o amplitudine redus\u0103 \u00een vestul Rom\u00e2niei.<\/p>\n<p class=\"wp-block-paragraph\"><strong>20 martie 2015 <\/strong>\u2013 vineri. Aceasta a fost una dintre cele mai spectaculoase eclipse par\u021biale vizibile din Timi\u0219oara \u00een perioada recent\u0103. Fenomenul s-a desf\u0103\u0219urat aproximativ \u00eentre 10:41 \u0219i 13:00, cu maximul \u00een jurul orei 11:50, iar mai mult de jum\u0103tate din discul solar a fost acoperit la momentul maxim.<\/p>\n<p class=\"wp-block-paragraph\"><strong>4 ianuarie 2011<\/strong> \u2013 mar\u021bi. Eclipsa par\u021bial\u0103 a fost vizibil\u0103 \u00eentre aproximativ 09:04 \u0219i 12:00, cu maximul la 10:29. A fost o eclips\u0103 foarte bine observabil\u0103 din Timi\u0219oara, cu o acoperire deosebit de mare a discului solar.<\/p>\n<p class=\"wp-block-paragraph\"><strong>15 ianuarie 2010 <\/strong>\u2013 vineri. Eclipsa a \u00eenceput astronomic \u00eenainte ca Soarele s\u0103 fie suficient de sus pe cer, astfel c\u0103 din Timi\u0219oara a devenit efectiv vizibil\u0103 \u00een jurul orei 08:16, foarte aproape de r\u0103s\u0103rit. Maximul a fost tot \u00een jurul orei 08:16, iar fenomenul a putut fi urm\u0103rit p\u00e2n\u0103 aproximativ la 08:51.<\/p>\n<p class=\"wp-block-paragraph\"><strong>1 august 2008 <\/strong>\u2013 vineri. Eclipsa par\u021bial\u0103 a fost vizibil\u0103 aproximativ \u00eentre 12:11 \u0219i 13:41, cu maximul la 12:56. Fenomenul a avut o acoperire relativ redus\u0103 a discului solar.<\/p>\n<p class=\"wp-block-paragraph\"><strong>29 martie 2006<\/strong> \u2013 miercuri. A fost o eclips\u0103 par\u021bial\u0103 important\u0103 pentru Timi\u0219oara, vizibil\u0103 aproximativ \u00eentre 12:43 \u0219i 15:02. Maximul s-a produs \u00een jurul orei 13:52, c\u00e2nd aproximativ dou\u0103 treimi din diametrul aparent al Soarelui se aflau \u00een spatele Lunii.<\/p>\n<p class=\"wp-block-paragraph\"><strong>3 octombrie 2005<\/strong> \u2013 luni. Eclipsa par\u021bial\u0103 a fost observabil\u0103 \u00een Timi\u0219oara \u00eentre aproximativ 11:07 \u0219i 13:45, iar maximul a fost la 12:24. A fost un fenomen destul de pronun\u021bat, cu peste jum\u0103tate din diametrul discului solar acoperit la maximum.<\/p>\n<p class=\"wp-block-paragraph\"><strong>31 mai 2003<\/strong> \u2013 s\u00e2mb\u0103t\u0103. Eclipsa par\u021bial\u0103 a \u00eenceput astronomic \u00eenainte de r\u0103s\u0103rit, astfel c\u0103 din Timi\u0219oara a devenit vizibil\u0103 dup\u0103 r\u0103s\u0103rit, \u00een jurul orei 05:53. Maximul a fost la aproximativ 06:14, iar fenomenul a putut fi urm\u0103rit p\u00e2n\u0103 \u00een jurul orei 07:12.<\/p>\n<p class=\"wp-block-paragraph\"><strong>11 august 1999<\/strong> \u2013 miercuri. Aceasta a fost cea mai spectaculoas\u0103 eclips\u0103 din aceast\u0103 perioad\u0103 pentru Timi\u0219oara \u0219i ultima eclips\u0103 total\u0103 de Soare vizibil\u0103 din ora\u0219. Fenomenul a \u00eenceput \u00een jurul orei 12:32, totalitatea a \u00eenceput la aproximativ 13:56, maximul s-a produs la 13:57, totalitatea s-a \u00eencheiat dup\u0103 aproximativ dou\u0103 minute, iar eclipsa s-a terminat \u00een jurul orei 15:20.<\/p>\n<p class=\"wp-block-paragraph\"><strong>12 octombrie 1996<\/strong> \u2013 s\u00e2mb\u0103t\u0103. A fost o eclips\u0103 par\u021bial\u0103, vizibil\u0103 \u00een Timi\u0219oara din a doua parte a dup\u0103-amiezii. Fenomenul a \u00eenceput \u00een jurul orei 16:37, maximul a fost atins la aproximativ 17:48, iar ultima parte a eclipsei a fost vizibil\u0103 p\u00e2n\u0103 \u00een jurul orei 18:52.<\/p>\n<p class=\"wp-block-paragraph\"><strong>10 mai 1994 <\/strong>\u2013 mar\u021bi. O eclips\u0103 par\u021bial\u0103 de intensitate redus\u0103 a fost vizibil\u0103 la Timi\u0219oara \u00een cursul serii. Fenomenul a \u00eenceput aproximativ la 20:42, maximul s-a produs la 20:50, foarte aproape de apus, iar dup\u0103 acest moment Soarele a cobor\u00e2t sub orizont.<\/p>\n<p class=\"wp-block-paragraph\"><strong>30 mai 1984 <\/strong>\u2013 miercuri. A fost o eclips\u0103 par\u021bial\u0103 vizibil\u0103 seara, foarte aproape de apus. Fenomenul a \u00eenceput la aproximativ 20:24, maximul a fost \u00een jurul orei 21:10, iar observarea din Timi\u0219oara a fost posibil\u0103 p\u00e2n\u0103 \u00een jurul orei 21:12, momentul apusului. Restul fazei astronomice s-a produs sub orizont.<\/p>\n<h2 class=\"wp-block-heading\">11 august 1999, eclipsa care a transformat Timi\u0219oara \u00eentr-un punct de observa\u021bie<\/h2>\n<p class=\"wp-block-paragraph\">Dintre ultimele 15 eclipse de Soare vizibile din Timi\u0219oara, cea din 11 august 1999 r\u0103m\u00e2ne cu totul aparte. A fost singura eclips\u0103 total\u0103 din aceast\u0103 perioad\u0103, iar ora\u0219ul s-a aflat \u00een zona \u00een care Luna a acoperit complet discul solar.<\/p>\n<p class=\"wp-block-paragraph\">Totalitatea a durat aproximativ dou\u0103 minute, suficient pentru ca lumina zilei s\u0103 se schimbe radical, iar coroana solar\u0103 s\u0103 devin\u0103 vizibil\u0103. Pentru genera\u021bia care a urm\u0103rit fenomenul, eclipsa din 1999 a r\u0103mas unul dintre cele mai importante evenimente astronomice observate \u00een Rom\u00e2nia la sf\u00e2r\u0219itul secolului trecut.<\/p>\n<h2 class=\"wp-block-heading\">Ce urmeaz\u0103 dup\u0103 eclipsa din 2026<\/h2>\n<p class=\"wp-block-paragraph\">Dac\u0103 lu\u0103m ca punct de plecare eclipsa de Soare din 12 august 2026, urm\u0103toarele cinci eclipse vizibile din Timi\u0219oara vor fi toate par\u021biale. Timi\u0219oara nu va mai avea o eclips\u0103 total\u0103 \u00een viitorul apropiat; urm\u0103toarea eclips\u0103 total\u0103 de Soare vizibil\u0103 din ora\u0219 este indicat\u0103 pentru 3 septembrie 2081.<\/p>\n<p class=\"wp-block-paragraph\"><strong>2 august 2027<\/strong> \u2013 luni. Eclipsa par\u021bial\u0103 va fi vizibil\u0103 \u00een prima parte a zilei, aproximativ \u00eentre 11:18 \u0219i 13:32, cu maximul \u00een jurul orei 12:24. Spre deosebire de eclipsa din 2026, aceasta va putea fi urm\u0103rit\u0103 pe o perioad\u0103 mult mai lung\u0103 \u0219i la o altitudine bun\u0103 pe cer.<\/p>\n<p class=\"wp-block-paragraph\"><strong>12 iunie 2029<\/strong> \u2013 mar\u021bi. Eclipsa va fi foarte aproape de r\u0103s\u0103rit. Astronomic, prima faz\u0103 \u00eencepe \u00eenainte ca Soarele s\u0103 apar\u0103 deasupra orizontului, astfel c\u0103 din Timi\u0219oara observa\u021bia efectiv\u0103 va \u00eencepe \u00een jurul orei 05:48. Maximul este tot \u00een jurul orei 05:48, iar fenomenul se \u00eencheie \u00een jurul orei 05:59. Va fi una dintre cele mai dificile eclipse de observat, at\u00e2t din cauza orei foarte matinale, c\u00e2t \u0219i a acoperirii reduse.<\/p>\n<p class=\"wp-block-paragraph\"><strong>1 iunie 2030<\/strong> \u2013 s\u00e2mb\u0103t\u0103. O eclips\u0103 par\u021bial\u0103 va traversa cerul Timi\u0219oarei diminea\u021ba, aproximativ \u00eentre 07:05 \u0219i 09:24. Maximul va fi \u00een jurul orei 08:11. Aceasta va fi una dintre cele mai bine observabile eclipse ale urm\u0103torului deceniu pentru ora\u0219, at\u00e2t ca durat\u0103, c\u00e2t \u0219i ca pozi\u021bie a Soarelui deasupra orizontului.<\/p>\n<p class=\"wp-block-paragraph\"><strong>20 martie 2034<\/strong> \u2013 luni. Eclipsa par\u021bial\u0103 va fi vizibil\u0103 la pr\u00e2nz, aproximativ \u00eentre 11:53 \u0219i 13:41, iar maximul va fi atins \u00een jurul orei 12:47. Este o eclips\u0103 care se va produce la o altitudine bun\u0103 a Soarelui \u0219i va putea fi urm\u0103rit\u0103 f\u0103r\u0103 probleme de orizont, dac\u0103 cerul este senin.<\/p>\n<p class=\"wp-block-paragraph\"><strong>21 august 2036<\/strong> \u2013 joi. Aceasta va fi din nou o eclips\u0103 de sear\u0103, foarte aproape de apus. Fenomenul \u00eencepe la aproximativ 20:23, maximul este \u00een jurul orei 20:29, iar Soarele apune practic \u00een acela\u0219i moment. Din acest motiv, intervalul efectiv de observare din Timi\u0219oara va fi de doar c\u00e2teva minute.<\/p>\n<h2 class=\"wp-block-heading\">Care dintre urm\u0103toarele eclipse va fi cea mai u\u0219or de v\u0103zut<\/h2>\n<p class=\"wp-block-paragraph\">Dintre cele cinci eclipse care urmeaz\u0103 dup\u0103 2026, cea din 2 august 2027 va avea avantajul unui interval lung de observa\u021bie, \u00eentre aproximativ 11:18 \u0219i 13:32. Eclipsa din 1 iunie 2030 va fi, de asemenea, favorabil\u0103, deoarece se desf\u0103\u0219oar\u0103 pe parcursul unei perioade lungi, diminea\u021ba, cu Soarele suficient de sus pe cer.<\/p>\n<p class=\"wp-block-paragraph\">\u00cen schimb, eclipsele din 12 iunie 2029 \u0219i 21 august 2036 vor fi mult mai dificile. Prima are loc \u00een apropierea r\u0103s\u0103ritului, iar cea de-a doua aproape de apus, ceea ce face ca orizontul liber s\u0103 fie esen\u021bial.<\/p>\n<h2 class=\"wp-block-heading\">C\u00e2nd va mai vedea Timi\u0219oara o eclips\u0103 total\u0103 de Soare<\/h2>\n<p class=\"wp-block-paragraph\">Dup\u0103 eclipsa total\u0103 din 11 august 1999, Timi\u0219oara va trebui s\u0103 a\u0219tepte multe decenii pentru un fenomen similar. Conform calendarului astronomic local, urm\u0103toarea eclips\u0103 total\u0103 de Soare vizibil\u0103 din Timi\u0219oara este programat\u0103 pentru 3 septembrie 2081.<\/p>\n<p class=\"wp-block-paragraph\">Asta \u00eenseamn\u0103 c\u0103 niciuna dintre cele cinci eclipse care urmeaz\u0103 dup\u0103 12 august 2026 nu va fi total\u0103 \u00een Timi\u0219oara. Toate vor fi eclipse par\u021biale, iar diferen\u021bele dintre ele vor \u021bine mai ales de momentul zilei, durata vizibil\u0103 \u0219i gradul de acoperire a discului solar.<\/p>\n<h2 class=\"wp-block-heading\">Eclipsele care au marcat cerul Timi\u0219oarei<\/h2>\n<p class=\"wp-block-paragraph\">Privit\u0103 \u00een ansamblu, seria ultimelor 15 eclipse arat\u0103 c\u00e2t de diferite pot fi aceste fenomene chiar pentru acela\u0219i ora\u0219. Timi\u0219oara a avut eclipse par\u021biale foarte scurte, eclipse care au durat mai mult de dou\u0103 ore, evenimente care au \u00eenceput \u00eenainte de r\u0103s\u0103rit sau s-au \u00eencheiat la apus, dar \u0219i un moment excep\u021bional de totalitate \u00een 1999.<\/p>\n<p class=\"wp-block-paragraph\">Pentru urm\u0103torii zece ani, calendarul este deja cunoscut: 2 august 2027, 12 iunie 2029, 1 iunie 2030, 20 martie 2034 \u0219i 21 august 2036. Pentru fiecare dintre aceste date, condi\u021biile meteo \u0219i un orizont liber vor fi decisive, \u00eens\u0103 orele sunt calculate cu mult timp \u00eenainte, astfel \u00eenc\u00e2t pasiona\u021bii de astronomie \u00ee\u0219i pot planifica din timp observa\u021biile.<\/p>\n<\/div>\n<footer>\n<div class=\"td-post-source-tags\">\n<ul class=\"td-tags td-post-small-box clearfix\">\n<li><span>ETICHETE<\/span><\/li>\n<li><a href=\"https:\/\/orasul-timisoara.ro\/local-tag\/1999\/\">1999<\/a><\/li>\n<li><a href=\"https:\/\/orasul-timisoara.ro\/local-tag\/2026\/\">2026<\/a><\/li>\n<li><a href=\"https:\/\/orasul-timisoara.ro\/local-tag\/2027\/\">2027<\/a><\/li>\n<li><a href=\"https:\/\/orasul-timisoara.ro\/local-tag\/2029\/\">2029<\/a><\/li>\n<li><a href=\"https:\/\/orasul-timisoara.ro\/local-tag\/2030\/\">2030<\/a><\/li>\n<li><a href=\"https:\/\/orasul-timisoara.ro\/local-tag\/2034\/\">2034<\/a><\/li>\n<li><a href=\"https:\/\/orasul-timisoara.ro\/local-tag\/2036\/\">2036<\/a><\/li>\n<li><a href=\"https:\/\/orasul-timisoara.ro\/local-tag\/astronomie\/\">astronomie<\/a><\/li>\n<li><a href=\"https:\/\/orasul-timisoara.ro\/local-tag\/eclipsa-de-soare\/\">eclips\u0103 de Soare<\/a><\/li>\n<li><a href=\"https:\/\/orasul-timisoara.ro\/local-tag\/eclipsa-partiala\/\">eclips\u0103 par\u021bial\u0103<\/a><\/li>\n<li><a href=\"https:\/\/orasul-timisoara.ro\/local-tag\/eclipsa-totala\/\">eclips\u0103 total\u0103<\/a><\/li>\n<li><a href=\"https:\/\/orasul-timisoara.ro\/local-tag\/eclipse-timisoara\/\">eclipse Timi\u0219oara<\/a><\/li>\n<li><a href=\"https:\/\/orasul-timisoara.ro\/local-tag\/fenomene-astronomice\/\">fenomene astronomice<\/a><\/li>\n<li><a href=\"https:\/\/orasul-timisoara.ro\/local-tag\/timisoara-2\/\">timi\u0219oara<\/a><\/li>\n<\/ul>\n<\/div>\n<div class=\"td-post-sharing-bottom\">\n<div class=\"td-post-sharing-classic\"><iframe title=\"bottomFacebookLike\" frameborder src=\"https:\/\/www.facebook.com\/plugins\/like.php?href=https:\/\/orasul-timisoara.ro\/local-40220\/&amp;layout=button_count&amp;show_faces=false&amp;width=105&amp;action=like&amp;colorscheme=light&amp;height=21\"><\/iframe><\/div>\n<div id=\"td_social_sharing_article_bottom\" class=\"td-post-sharing td-ps-bg td-ps-notext td-post-sharing-style1 \">\n<div class=\"td-post-sharing-visible\"><a class=\"td-social-sharing-button td-social-sharing-button-js td-social-network td-social-facebook\" href=\"https:\/\/www.facebook.com\/sharer.php?u=https%3A%2F%2Forasul-timisoara.ro%2Flocal-40220%2F\" title=\"Facebook\"><\/p>\n<div class=\"td-social-but-text\">Facebook<\/div>\n<p><\/a><a class=\"td-social-sharing-button td-social-sharing-button-js td-social-network td-social-twitter\" href=\"https:\/\/twitter.com\/intent\/tweet?text=Eclipsele+de+Soare+la+Timi%C8%99oara%3A+c%C3%A2nd+au+fost+%C8%99i+c%C3%A2nd+urmeaz%C4%83&amp;url=https%3A%2F%2Forasul-timisoara.ro%2Flocal-40220%2F&amp;via=orasultm\" title=\"Twitter\"><\/p>\n<div class=\"td-social-but-text\">Twitter<\/div>\n<p><\/a><a class=\"td-social-sharing-button td-social-sharing-button-js td-social-network td-social-whatsapp\" href=\"https:\/\/api.whatsapp.com\/send?text=Eclipsele+de+Soare+la+Timi%C8%99oara%3A+c%C3%A2nd+au+fost+%C8%99i+c%C3%A2nd+urmeaz%C4%83%20%0A%0A%20https:\/\/orasul-timisoara.ro\/local-40220\/\" title=\"WhatsApp\"><\/p>\n<div class=\"td-social-but-text\">WhatsApp<\/div>\n<p><\/a><a class=\"td-social-sharing-button td-social-sharing-button-js td-social-network td-social-linkedin\" href=\"https:\/\/www.linkedin.com\/shareArticle?mini=true&amp;url=https:\/\/orasul-timisoara.ro\/local-40220\/&amp;title=Eclipsele+de+Soare+la+Timi%C8%99oara%3A+c%C3%A2nd+au+fost+%C8%99i+c%C3%A2nd+urmeaz%C4%83\" title=\"Linkedin\"><\/p>\n<div class=\"td-social-but-text\">Linkedin<\/div>\n<p><\/a><a class=\"td-social-sharing-button td-social-sharing-button-js td-social-network td-social-reddit\" href=\"https:\/\/reddit.com\/submit?url=https:\/\/orasul-timisoara.ro\/local-40220\/&amp;title=Eclipsele+de+Soare+la+Timi%C8%99oara%3A+c%C3%A2nd+au+fost+%C8%99i+c%C3%A2nd+urmeaz%C4%83\" title=\"ReddIt\"><\/p>\n<div class=\"td-social-but-text\">ReddIt<\/div>\n<p><\/a><a class=\"td-social-sharing-button td-social-sharing-button-js td-social-network td-social-mail\" href=\"mailto:?subject=Eclipsele%20de%20Soare%20la%20Timi%C8%99oara:%20c%C3%A2nd%20au%20fost%20%C8%99i%20c%C3%A2nd%20urmeaz%C4%83&amp;body=https:\/\/orasul-timisoara.ro\/local-40220\/\" title=\"Email\"><\/p>\n<div class=\"td-social-but-text\">Email<\/div>\n<p><\/a><a class=\"td-social-sharing-button td-social-sharing-button-js td-social-network td-social-print\" href=\"https:\/\/orasul-timisoara.ro\/local-40220\/\" title=\"Imprimare\"><\/p>\n<div class=\"td-social-but-text\">Imprimare<\/div>\n<p><\/a><\/div>\n<\/div>\n<\/div>\n<div class=\"td-block-row td-post-next-prev\">\n<div class=\"td-block-span6 td-post-prev-post\">\n<div class=\"td-post-next-prev-content\"><span>Articolul precedent<\/span><a href=\"https:\/\/orasul-timisoara.ro\/local-40215\/\">Eclipsa de Soare \u00een tradi\u021bia rom\u00e2neasc\u0103: ce credeau oamenii din Banat<\/a><\/div>\n<\/div>\n<div class=\"td-block-span6 td-post-next-post\">\n<div class=\"td-post-next-prev-content\"><span>Articolul urm\u0103tor<\/span><a href=\"https:\/\/orasul-timisoara.ro\/local-40223\/\">Eclipsele totale de Soare din zona Timi\u0219oarei: din anul 840 p\u00e2n\u0103 \u00een 2081<\/a><\/div>\n<\/div>\n<\/div>\n<div class=\"td-author-name vcard author\"><span class=\"fn\"><a href=\"https:\/\/orasul-timisoara.ro\/author\/timisoara\/\">redactia<\/a><\/span><\/div>\n<p><span class=\"td-page-meta\"><\/span><span class=\"td-page-meta\"><span class=\"td-page-meta\"><\/span><\/span><span class=\"td-page-meta\"><\/span><\/footer>\n<div class=\"comments\" id=\"comments\">\n<div id=\"respond\" class=\"comment-respond\">\n<h3 id=\"reply-title\" class=\"comment-reply-title\">L\u0102SA\u021aI UN MESAJ<\/h3>\n<div class=\"comment-form-input-wrap td-form-comment\">\n<div class=\"td-warning-comment\">V\u0103 rug\u0103m s\u0103 introduce\u021bi comentariul dvs.!<\/div>\n<\/div>\n<div class=\"comment-form-input-wrap td-form-author\">\n<div class=\"td-warning-author\">Introduce\u021bi aici numele dvs.<\/div>\n<\/div>\n<div class=\"comment-form-input-wrap td-form-email\">\n<div class=\"td-warning-email-error\">A\u021bi introdus o adres\u0103 de e-mail incorect\u0103!<\/div>\n<div class=\"td-warning-email\">V\u0103 rug\u0103m s\u0103 introduce\u021bi adresa dvs. de e-mail aici<\/div>\n<\/div>\n<\/div>\n<p class=\"akismet_comment_form_privacy_notice\">Acest site folose\u0219te Akismet pentru a reduce spamul. <a href=\"https:\/\/akismet.com\/privacy\/\" target=\"_blank\" rel=\"nofollow noopener\">Afl\u0103 cum sunt procesate datele comentariilor tale<\/a>.<\/p>\n<\/div>\n<\/div>\n<\/div>\n<div class=\"td-pb-span4 td-main-sidebar\" role=\"complementary\">\n<div class=\"td-ss-main-sidebar\">\n<aside id=\"block-4\" class=\"td_block_template_8 widget block-4 widget_block widget_media_image\">\n<figure class=\"wp-block-image size-full\"><img loading=\"lazy\" decoding=\"async\" width=\"336\" height=\"280\" src=\"https:\/\/orasul-timisoara.ro\/wp-content\/uploads\/2024\/11\/ReTIM-Abonamentul-Verde-Google-Ads-336x280px.gif\" alt class=\"wp-image-29257\"><\/figure>\n<\/aside>\n<div class=\"td_block_wrap td_block_social_counter td_block_widget tdi_4 td-social-style5 td-social-boxed td-pb-border-top td_block_template_8\">\n<div class=\"td-block-title-wrap\">\n<h4 class=\"td-block-title\"><span>Urm\u0103re\u0219te-ne pe Social Media<\/span><\/h4>\n<\/div>\n<div class=\"td-social-list\">\n<div class=\"td_social_type td-pb-margin-side td_social_facebook\">\n<div class=\"td-social-box\"><span class=\"td_social_info td_social_info_counter\">344,595<\/span><span class=\"td_social_info td_social_info_name\">Fani<\/span><span class=\"td_social_button\"><a href=\"https:\/\/www.facebook.com\/247timisoara\" target=\"_blank\" rel=\"nofollow\">\u00cemi place<\/a><\/span><\/div>\n<\/div>\n<div class=\"td_social_type td-pb-margin-side td_social_instagram\">\n<div class=\"td-social-box\"><span class=\"td_social_info td_social_info_counter\">4,416<\/span><span class=\"td_social_info td_social_info_name\">Cititori<\/span><span class=\"td_social_button\"><a href=\"https:\/\/instagram.com\/orasultimisoararo\/\" target=\"_blank\" rel=\"nofollow\">Conecta\u021bi-v\u0103<\/a><\/span><\/div>\n<\/div>\n<div class=\"td_social_type td-pb-margin-side td_social_rss\">\n<div class=\"td-social-box\"><span class=\"td_social_info td_social_info_counter\">12,506<\/span><span class=\"td_social_info td_social_info_name\">Cititori<\/span><span class=\"td_social_button\"><a href=\"https:\/\/orasul-timisoara.ro\/feed\/\" target=\"_blank\" rel=\"nofollow\">Conecta\u021bi-v\u0103<\/a><\/span><\/div>\n<\/div>\n<div class=\"td_social_type td-pb-margin-side td_social_tiktok\">\n<div class=\"td-social-box\"><span class=\"td_social_info td_social_info_counter\">1,500<\/span><span class=\"td_social_info td_social_info_name\">Cititori<\/span><span class=\"td_social_button\"><a href=\"https:\/\/www.tiktok.com\/@orasultimisoara\" target=\"_blank\" rel=\"nofollow\">Conecta\u021bi-v\u0103<\/a><\/span><\/div>\n<\/div>\n<div class=\"td_social_type td-pb-margin-side td_social_twitter\">\n<div class=\"td-social-box\"><span class=\"td_social_info td_social_info_counter\">1,595<\/span><span class=\"td_social_info td_social_info_name\">Cititori<\/span><span class=\"td_social_button\"><a href=\"https:\/\/twitter.com\/orasultm\" target=\"_blank\" rel=\"nofollow\">Conecta\u021bi-v\u0103<\/a><\/span><\/div>\n<\/div>\n<div class=\"td_social_type td-pb-margin-side td_social_youtube\">\n<div class=\"td-social-box\"><span class=\"td_social_info td_social_info_counter\">3,506<\/span><span class=\"td_social_info td_social_info_name\">Abona\u021bi<\/span><span class=\"td_social_button\"><a href=\"https:\/\/www.youtube.com\/channel\/UCQNsQvs2XCSIm1Z-AHRturw?sub_confirmation=1\" target=\"_blank\" rel=\"nofollow\">Abona\u021bi-v\u0103<\/a><\/span><\/div>\n<\/div>\n<\/div>\n<\/div>\n<aside id=\"text-7\" class=\"td_block_template_8 widget text-7 widget_text\">\n<h4 class=\"td-block-title\"><span>C\u0103ut\u0103ri populare pe OTM<\/span><\/h4>\n<div class=\"textwidget\"><a href=\"https:\/\/orasul-timisoara.ro\/?s=timisoara\"><span>Timisoara<\/span><\/a><a href=\"https:\/\/orasul-timisoara.ro\/?s=calin+dobra\"><span>Calin Dobra<\/span><\/a><a href=\"https:\/\/orasul-timisoara.ro\/?s=primaria+timisoara\"><span>Primaria Timisoara<\/span><\/a><a href=\"https:\/\/orasul-timisoara.ro\/?s=dominic+fritz\"><span>Dominic Fritz<\/span><\/a><a href=\"https:\/\/orasul-timisoara.ro\/?s=nicolae+robu\"><span>Nicolae Robu<\/span><\/a><a href=\"https:\/\/orasul-timisoara.ro\/?s=consiliul+local+timisoara\">Consiliul Local Timisoara<\/a><a href=\"https:\/\/orasul-timisoara.ro\/?s=consiliul+judetean+timis\"><span>Consiliul Judetean Timis<\/span><\/a><a href=\"https:\/\/orasul-timisoara.ro\/?s=cjt\"><span>CJT<\/span><\/a><a href=\"https:\/\/orasul-timisoara.ro\/?s=Alfred+Simonis\"><span>Alfred Simonis<\/span><\/a><a href=\"https:\/\/orasul-timisoara.ro\/?s=PNL\"><span>PNL<\/span><\/a><a href=\"https:\/\/orasul-timisoara.ro\/?s=coronavirus\"><span>coronavirus<\/span><\/a><a href=\"https:\/\/orasul-timisoara.ro\/?s=teatru+timisoara\">teatru Timisoara<\/a><a href=\"https:\/\/orasul-timisoara.ro\/?s=restaurante\"><span>restaurante Timisoara<\/span><\/a><a href=\"https:\/\/orasul-timisoara.ro\/?s=diskoteka\"><span>Diskoteka<\/span><\/a><a href=\"https:\/\/orasul-timisoara.ro\/?s=iulius+town\"><span>Iulius Town<\/span><\/a><a href=\"https:\/\/orasul-timisoara.ro\/?s=iulius+mall\"><span>Iulius Mall<\/span><\/a><a href=\"https:\/\/orasul-timisoara.ro\/?s=stpt\"><span>STPT<\/span><\/a><a href=\"https:\/\/orasul-timisoara.ro\/?s=alin+nica\"><span>Alin Nica<\/span><\/a><a href=\"https:\/\/orasul-timisoara.ro\/?s=psd\"><span>PSD<\/span><\/a><a href=\"https:\/\/orasul-timisoara.ro\/?s=aeroport\"><span>Aeroportul International Timisoara<\/span><\/a><a href=\"https:\/\/orasul-timisoara.ro\/?s=babes\"><span>Spitalul Victor Babes Timisoara<\/span><\/a><a href=\"https:\/\/orasul-timisoara.ro\/?s=poli\"><span>Poli Timi\u0219oara<\/span><\/a><a href=\"https:\/\/orasul-timisoara.ro\/?s=carantina\"><span>carantina<\/span><\/a><a href=\"https:\/\/orasul-timisoara.ro\/?s=aquatim\"><span>Aquatim<\/span><\/a><a href=\"https:\/\/orasul-timisoara.ro\/local-category\/stiri-timisoara\/\"><span>Stiri Timisoara<\/span><\/a><a href=\"https:\/\/orasul-timisoara.ro\/local-category\/investitii-in-timisoara\/\"><span>Investi\u021bii in Timi\u0219oara<\/span><\/a><a href=\"https:\/\/orasul-timisoara.ro\/local-9463\/\"><span>shaorma<\/span><\/a><a href=\"https:\/\/orasul-timisoara.ro\/?s=trafic\"><span>trafic rutier<\/span><\/a><a href=\"https:\/\/orasul-timisoara.ro\/?s=politia\"><span>politia locala timisoara<\/span><\/a><a href=\"https:\/\/orasul-timisoara.ro\/?s=roxana\"><span>Roxana Iliescu<\/span><\/a><a href=\"https:\/\/orasul-timisoara.ro\/?s=colterm\"><span>Colterm<\/span><\/a><a href=\"https:\/\/orasul-timisoara.ro\/?s=latcau\"><span>Ruben La\u021bc\u0103u<\/span><\/a><a href=\"https:\/\/orasul-timisoara.ro\/?s=timis\"><span>\u0218tiri din Timi\u0219<\/span><\/a><a href=\"https:\/\/orasul-timisoara.ro\/?s=spital\"><span>Spitale din Timi\u0219oara<\/span><\/a><a href=\"https:\/\/orasul-timisoara.ro\/?s=tabara\"><span>Cosmin Tab\u0103r\u0103<\/span><\/a><\/div>\n<\/aside>\n<aside id=\"rss-2\" class=\"td_block_template_8 widget rss-2 widget_rss\">\n<h4 class=\"td-block-title\"><span><a class=\"rsswidget rss-widget-feed\" href=\"https:\/\/fashionfridays.ro\/feed\"><img decoding=\"async\" class=\"rss-widget-icon\" width=\"14\" height=\"14\" src=\"https:\/\/orasul-timisoara.ro\/wp-includes\/images\/rss.png\" alt=\"RSS\" loading=\"lazy\"><\/a><a class=\"rsswidget rss-widget-title\" href=\"https:\/\/fashionfridays.ro\/\">Fashion Fridays<\/a><\/span><\/h4>\n<ul>\n<li><a class=\"rsswidget\" href=\"https:\/\/fashionfridays.ro\/romania-devine-a-29-a-piata-vogue-o-noua-era-pentru-industria-locala-de-moda\/\">Rom\u00e2nia devine a 29-a pia\u021b\u0103 Vogue: o nou\u0103 er\u0103 pentru industria local\u0103 de mod\u0103<\/a>\n<div class=\"rssSummary\">Revista Vogue \u00ee\u0219i extinde prezen\u021ba global\u0103 \u0219i va fi lansat\u0103 oficial \u00een Rom\u00e2nia \u00een prim\u0103vara anului 2027, marc\u00e2nd intrarea pe cea de-a 29-a pia\u021b\u0103 interna\u021bional\u0103. Proiectul este realizat \u00een parteneriat cu AEMME Publishing, o companie media recent \u00eenfiin\u021bat\u0103, care va publica edi\u021bia local\u0103 sub licen\u021b\u0103. Noua edi\u021bie, Vogue Rom\u00e2nia, \u00ee\u0219i propune s\u0103 combine autoritatea global\u0103 [\u2026]<\/div>\n<\/li>\n<\/ul>\n<\/aside>\n<aside id=\"rss-4\" class=\"td_block_template_8 widget rss-4 widget_rss\">\n<h4 class=\"td-block-title\"><span><a class=\"rsswidget rss-widget-feed\" href=\"https:\/\/emasini.ro\/feed\"><img decoding=\"async\" class=\"rss-widget-icon\" width=\"14\" height=\"14\" src=\"https:\/\/orasul-timisoara.ro\/wp-includes\/images\/rss.png\" alt=\"RSS\" loading=\"lazy\"><\/a><a class=\"rsswidget rss-widget-title\" href=\"https:\/\/emasini.ro\/\">eMasini<\/a><\/span><\/h4>\n<ul>\n<li><a class=\"rsswidget\" href=\"https:\/\/emasini.ro\/bmw-testeaza-noul-i4-convertible-primul-cabrio-electric-accesibil-al-marcii\/\">BMW testeaz\u0103 noul i4 Convertible, primul cabrio electric accesibil al m\u0103rcii<\/a>\n<div class=\"rssSummary\">BMW accelereaz\u0103 dezvoltarea noii genera\u021bii de modele electrice bazate pe platforma Neue Klasse, iar unul dintre cele mai interesante proiecte aflate \u00een teste este viitorul BMW i4 Convertible. Prototipul camuflat a fost surprins pe \u0219osele, confirm\u00e2nd c\u0103 produc\u0103torul german preg\u0103te\u0219te o decapotabil\u0103 electric\u0103 destinat\u0103 unui segment \u00een care oferta este, \u00een prezent, extrem de limitat\u0103. [\u2026]<\/div>\n<\/li>\n<\/ul>\n<\/aside>\n<\/div>\n<\/div>\n<\/div>\n<\/div>\n<\/article>\n<div class=\"td-post-content tagdiv-type\">\n<p class=\"wp-block-paragraph\">Timi\u0219oara a avut parte de mai multe eclipse de Soare \u00een ultimele decenii, \u00eens\u0103 cele mai multe au fost par\u021biale. De la eclipsa din 1984 \u0219i p\u00e2n\u0103 la cea din 29 martie 2025, ora\u0219ul a fost martor la 15 astfel de fenomene, iar \u00eentr-un singur caz, pe 11 august 1999, eclipsa a fost total\u0103. Urm\u0103toarele cinci eclipse care vor putea fi observate din Timi\u0219oara se vor produce \u00eentre 2027 \u0219i 2036. Tabelele astronomice pentru Timi\u0219oara confirm\u0103 succesiunea acestor evenimente, iar calculele pentru orele locale sunt raportate la fusul orar al Rom\u00e2niei.<\/p>\n<p class=\"wp-block-paragraph\">Pentru un observator din Timi\u0219oara, ora de \u00eenceput, momentul maxim \u0219i finalul unei eclipse pot fi diferite de cele raportate pentru alte ora\u0219e, chiar din aceea\u0219i \u021bar\u0103. \u00cen unele cazuri, fenomenul \u00eencepe \u00eenainte de r\u0103s\u0103rit sau se termin\u0103 dup\u0103 apus, astfel c\u0103 intervalul efectiv \u00een care eclipsa este vizibil\u0103 din ora\u0219 este mai scurt dec\u00e2t durata astronomic\u0103 total\u0103.<\/p>\n<h2 class=\"wp-block-heading\">Ultimele 15 eclipse de Soare vizibile la Timi\u0219oara<\/h2>\n<p class=\"wp-block-paragraph\"><strong>29 martie 2025<\/strong> \u2013 s\u00e2mb\u0103t\u0103. A fost o eclips\u0103 par\u021bial\u0103 de Soare. La Timi\u0219oara, fenomenul a fost vizibil \u00eentre aproximativ 13:08 \u0219i 13:34, cu maximul la 13:21. A fost una dintre cele mai recente eclipse observabile din ora\u0219, \u00eens\u0103 acoperirea Soarelui a fost redus\u0103.<\/p>\n<p class=\"wp-block-paragraph\"><strong>25 octombrie 2022 <\/strong>\u2013 mar\u021bi. Eclipsa a fost par\u021bial\u0103 \u0219i a avut loc \u00een intervalul aproximativ 12:21\u201314:39, cu maximul la 13:30. Fenomenul a fost vizibil la o altitudine bun\u0103 deasupra orizontului \u0219i a fost una dintre eclipsele par\u021biale mai pronun\u021bate din ultimii ani.<\/p>\n<p class=\"wp-block-paragraph\"><strong>10 iunie 2021<\/strong> \u2013 joi. Timi\u0219orenii au putut observa o eclips\u0103 par\u021bial\u0103 \u00eentre aproximativ 13:28 \u0219i 14:12, cu maximul la 13:50. Gradul de acoperire a discului solar a fost \u00eens\u0103 foarte mic, astfel c\u0103 fenomenul a fost discret.<\/p>\n<p class=\"wp-block-paragraph\"><strong>21 iunie 2020<\/strong> \u2013 duminic\u0103. Eclipsa par\u021bial\u0103 a fost vizibil\u0103 la Timi\u0219oara diminea\u021ba, aproximativ \u00eentre 08:20 \u0219i 09:00, iar maximul s-a produs \u00een jurul orei 08:40. Fenomenul a avut o amplitudine redus\u0103 \u00een vestul Rom\u00e2niei.<\/p>\n<p class=\"wp-block-paragraph\"><strong>20 martie 2015 <\/strong>\u2013 vineri. Aceasta a fost una dintre cele mai spectaculoase eclipse par\u021biale vizibile din Timi\u0219oara \u00een perioada recent\u0103. Fenomenul s-a desf\u0103\u0219urat aproximativ \u00eentre 10:41 \u0219i 13:00, cu maximul \u00een jurul orei 11:50, iar mai mult de jum\u0103tate din discul solar a fost acoperit la momentul maxim.<\/p>\n<p class=\"wp-block-paragraph\"><strong>4 ianuarie 2011<\/strong> \u2013 mar\u021bi. Eclipsa par\u021bial\u0103 a fost vizibil\u0103 \u00eentre aproximativ 09:04 \u0219i 12:00, cu maximul la 10:29. A fost o eclips\u0103 foarte bine observabil\u0103 din Timi\u0219oara, cu o acoperire deosebit de mare a discului solar.<\/p>\n<p class=\"wp-block-paragraph\"><strong>15 ianuarie 2010 <\/strong>\u2013 vineri. Eclipsa a \u00eenceput astronomic \u00eenainte ca Soarele s\u0103 fie suficient de sus pe cer, astfel c\u0103 din Timi\u0219oara a devenit efectiv vizibil\u0103 \u00een jurul orei 08:16, foarte aproape de r\u0103s\u0103rit. Maximul a fost tot \u00een jurul orei 08:16, iar fenomenul a putut fi urm\u0103rit p\u00e2n\u0103 aproximativ la 08:51.<\/p>\n<p class=\"wp-block-paragraph\"><strong>1 august 2008 <\/strong>\u2013 vineri. Eclipsa par\u021bial\u0103 a fost vizibil\u0103 aproximativ \u00eentre 12:11 \u0219i 13:41, cu maximul la 12:56. Fenomenul a avut o acoperire relativ redus\u0103 a discului solar.<\/p>\n<p class=\"wp-block-paragraph\"><strong>29 martie 2006<\/strong> \u2013 miercuri. A fost o eclips\u0103 par\u021bial\u0103 important\u0103 pentru Timi\u0219oara, vizibil\u0103 aproximativ \u00eentre 12:43 \u0219i 15:02. Maximul s-a produs \u00een jurul orei 13:52, c\u00e2nd aproximativ dou\u0103 treimi din diametrul aparent al Soarelui se aflau \u00een spatele Lunii.<\/p>\n<p class=\"wp-block-paragraph\"><strong>3 octombrie 2005<\/strong> \u2013 luni. Eclipsa par\u021bial\u0103 a fost observabil\u0103 \u00een Timi\u0219oara \u00eentre aproximativ 11:07 \u0219i 13:45, iar maximul a fost la 12:24. A fost un fenomen destul de pronun\u021bat, cu peste jum\u0103tate din diametrul discului solar acoperit la maximum.<\/p>\n<p class=\"wp-block-paragraph\"><strong>31 mai 2003<\/strong> \u2013 s\u00e2mb\u0103t\u0103. Eclipsa par\u021bial\u0103 a \u00eenceput astronomic \u00eenainte de r\u0103s\u0103rit, astfel c\u0103 din Timi\u0219oara a devenit vizibil\u0103 dup\u0103 r\u0103s\u0103rit, \u00een jurul orei 05:53. Maximul a fost la aproximativ 06:14, iar fenomenul a putut fi urm\u0103rit p\u00e2n\u0103 \u00een jurul orei 07:12.<\/p>\n<p class=\"wp-block-paragraph\"><strong>11 august 1999<\/strong> \u2013 miercuri. Aceasta a fost cea mai spectaculoas\u0103 eclips\u0103 din aceast\u0103 perioad\u0103 pentru Timi\u0219oara \u0219i ultima eclips\u0103 total\u0103 de Soare vizibil\u0103 din ora\u0219. Fenomenul a \u00eenceput \u00een jurul orei 12:32, totalitatea a \u00eenceput la aproximativ 13:56, maximul s-a produs la 13:57, totalitatea s-a \u00eencheiat dup\u0103 aproximativ dou\u0103 minute, iar eclipsa s-a terminat \u00een jurul orei 15:20.<\/p>\n<p class=\"wp-block-paragraph\"><strong>12 octombrie 1996<\/strong> \u2013 s\u00e2mb\u0103t\u0103. A fost o eclips\u0103 par\u021bial\u0103, vizibil\u0103 \u00een Timi\u0219oara din a doua parte a dup\u0103-amiezii. Fenomenul a \u00eenceput \u00een jurul orei 16:37, maximul a fost atins la aproximativ 17:48, iar ultima parte a eclipsei a fost vizibil\u0103 p\u00e2n\u0103 \u00een jurul orei 18:52.<\/p>\n<p class=\"wp-block-paragraph\"><strong>10 mai 1994 <\/strong>\u2013 mar\u021bi. O eclips\u0103 par\u021bial\u0103 de intensitate redus\u0103 a fost vizibil\u0103 la Timi\u0219oara \u00een cursul serii. Fenomenul a \u00eenceput aproximativ la 20:42, maximul s-a produs la 20:50, foarte aproape de apus, iar dup\u0103 acest moment Soarele a cobor\u00e2t sub orizont.<\/p>\n<p class=\"wp-block-paragraph\"><strong>30 mai 1984 <\/strong>\u2013 miercuri. A fost o eclips\u0103 par\u021bial\u0103 vizibil\u0103 seara, foarte aproape de apus. Fenomenul a \u00eenceput la aproximativ 20:24, maximul a fost \u00een jurul orei 21:10, iar observarea din Timi\u0219oara a fost posibil\u0103 p\u00e2n\u0103 \u00een jurul orei 21:12, momentul apusului. Restul fazei astronomice s-a produs sub orizont.<\/p>\n<h2 class=\"wp-block-heading\">11 august 1999, eclipsa care a transformat Timi\u0219oara \u00eentr-un punct de observa\u021bie<\/h2>\n<p class=\"wp-block-paragraph\">Dintre ultimele 15 eclipse de Soare vizibile din Timi\u0219oara, cea din 11 august 1999 r\u0103m\u00e2ne cu totul aparte. A fost singura eclips\u0103 total\u0103 din aceast\u0103 perioad\u0103, iar ora\u0219ul s-a aflat \u00een zona \u00een care Luna a acoperit complet discul solar.<\/p>\n<p class=\"wp-block-paragraph\">Totalitatea a durat aproximativ dou\u0103 minute, suficient pentru ca lumina zilei s\u0103 se schimbe radical, iar coroana solar\u0103 s\u0103 devin\u0103 vizibil\u0103. Pentru genera\u021bia care a urm\u0103rit fenomenul, eclipsa din 1999 a r\u0103mas unul dintre cele mai importante evenimente astronomice observate \u00een Rom\u00e2nia la sf\u00e2r\u0219itul secolului trecut.<\/p>\n<h2 class=\"wp-block-heading\">Ce urmeaz\u0103 dup\u0103 eclipsa din 2026<\/h2>\n<p class=\"wp-block-paragraph\">Dac\u0103 lu\u0103m ca punct de plecare eclipsa de Soare din 12 august 2026, urm\u0103toarele cinci eclipse vizibile din Timi\u0219oara vor fi toate par\u021biale. Timi\u0219oara nu va mai avea o eclips\u0103 total\u0103 \u00een viitorul apropiat; urm\u0103toarea eclips\u0103 total\u0103 de Soare vizibil\u0103 din ora\u0219 este indicat\u0103 pentru 3 septembrie 2081.<\/p>\n<p class=\"wp-block-paragraph\"><strong>2 august 2027<\/strong> \u2013 luni. Eclipsa par\u021bial\u0103 va fi vizibil\u0103 \u00een prima parte a zilei, aproximativ \u00eentre 11:18 \u0219i 13:32, cu maximul \u00een jurul orei 12:24. Spre deosebire de eclipsa din 2026, aceasta va putea fi urm\u0103rit\u0103 pe o perioad\u0103 mult mai lung\u0103 \u0219i la o altitudine bun\u0103 pe cer.<\/p>\n<p class=\"wp-block-paragraph\"><strong>12 iunie 2029<\/strong> \u2013 mar\u021bi. Eclipsa va fi foarte aproape de r\u0103s\u0103rit. Astronomic, prima faz\u0103 \u00eencepe \u00eenainte ca Soarele s\u0103 apar\u0103 deasupra orizontului, astfel c\u0103 din Timi\u0219oara observa\u021bia efectiv\u0103 va \u00eencepe \u00een jurul orei 05:48. Maximul este tot \u00een jurul orei 05:48, iar fenomenul se \u00eencheie \u00een jurul orei 05:59. Va fi una dintre cele mai dificile eclipse de observat, at\u00e2t din cauza orei foarte matinale, c\u00e2t \u0219i a acoperirii reduse.<\/p>\n<p class=\"wp-block-paragraph\"><strong>1 iunie 2030<\/strong> \u2013 s\u00e2mb\u0103t\u0103. O eclips\u0103 par\u021bial\u0103 va traversa cerul Timi\u0219oarei diminea\u021ba, aproximativ \u00eentre 07:05 \u0219i 09:24. Maximul va fi \u00een jurul orei 08:11. Aceasta va fi una dintre cele mai bine observabile eclipse ale urm\u0103torului deceniu pentru ora\u0219, at\u00e2t ca durat\u0103, c\u00e2t \u0219i ca pozi\u021bie a Soarelui deasupra orizontului.<\/p>\n<p class=\"wp-block-paragraph\"><strong>20 martie 2034<\/strong> \u2013 luni. Eclipsa par\u021bial\u0103 va fi vizibil\u0103 la pr\u00e2nz, aproximativ \u00eentre 11:53 \u0219i 13:41, iar maximul va fi atins \u00een jurul orei 12:47. Este o eclips\u0103 care se va produce la o altitudine bun\u0103 a Soarelui \u0219i va putea fi urm\u0103rit\u0103 f\u0103r\u0103 probleme de orizont, dac\u0103 cerul este senin.<\/p>\n<p class=\"wp-block-paragraph\"><strong>21 august 2036<\/strong> \u2013 joi. Aceasta va fi din nou o eclips\u0103 de sear\u0103, foarte aproape de apus. Fenomenul \u00eencepe la aproximativ 20:23, maximul este \u00een jurul orei 20:29, iar Soarele apune practic \u00een acela\u0219i moment. Din acest motiv, intervalul efectiv de observare din Timi\u0219oara va fi de doar c\u00e2teva minute.<\/p>\n<h2 class=\"wp-block-heading\">Care dintre urm\u0103toarele eclipse va fi cea mai u\u0219or de v\u0103zut<\/h2>\n<p class=\"wp-block-paragraph\">Dintre cele cinci eclipse care urmeaz\u0103 dup\u0103 2026, cea din 2 august 2027 va avea avantajul unui interval lung de observa\u021bie, \u00eentre aproximativ 11:18 \u0219i 13:32. Eclipsa din 1 iunie 2030 va fi, de asemenea, favorabil\u0103, deoarece se desf\u0103\u0219oar\u0103 pe parcursul unei perioade lungi, diminea\u021ba, cu Soarele suficient de sus pe cer.<\/p>\n<p class=\"wp-block-paragraph\">\u00cen schimb, eclipsele din 12 iunie 2029 \u0219i 21 august 2036 vor fi mult mai dificile. Prima are loc \u00een apropierea r\u0103s\u0103ritului, iar cea de-a doua aproape de apus, ceea ce face ca orizontul liber s\u0103 fie esen\u021bial.<\/p>\n<h2 class=\"wp-block-heading\">C\u00e2nd va mai vedea Timi\u0219oara o eclips\u0103 total\u0103 de Soare<\/h2>\n<p class=\"wp-block-paragraph\">Dup\u0103 eclipsa total\u0103 din 11 august 1999, Timi\u0219oara va trebui s\u0103 a\u0219tepte multe decenii pentru un fenomen similar. Conform calendarului astronomic local, urm\u0103toarea eclips\u0103 total\u0103 de Soare vizibil\u0103 din Timi\u0219oara este programat\u0103 pentru 3 septembrie 2081.<\/p>\n<p class=\"wp-block-paragraph\">Asta \u00eenseamn\u0103 c\u0103 niciuna dintre cele cinci eclipse care urmeaz\u0103 dup\u0103 12 august 2026 nu va fi total\u0103 \u00een Timi\u0219oara. Toate vor fi eclipse par\u021biale, iar diferen\u021bele dintre ele vor \u021bine mai ales de momentul zilei, durata vizibil\u0103 \u0219i gradul de acoperire a discului solar.<\/p>\n<h2 class=\"wp-block-heading\">Eclipsele care au marcat cerul Timi\u0219oarei<\/h2>\n<p class=\"wp-block-paragraph\">Privit\u0103 \u00een ansamblu, seria ultimelor 15 eclipse arat\u0103 c\u00e2t de diferite pot fi aceste fenomene chiar pentru acela\u0219i ora\u0219. Timi\u0219oara a avut eclipse par\u021biale foarte scurte, eclipse care au durat mai mult de dou\u0103 ore, evenimente care au \u00eenceput \u00eenainte de r\u0103s\u0103rit sau s-au \u00eencheiat la apus, dar \u0219i un moment excep\u021bional de totalitate \u00een 1999.<\/p>\n<p class=\"wp-block-paragraph\">Pentru urm\u0103torii zece ani, calendarul este deja cunoscut: 2 august 2027, 12 iunie 2029, 1 iunie 2030, 20 martie 2034 \u0219i 21 august 2036. Pentru fiecare dintre aceste date, condi\u021biile meteo \u0219i un orizont liber vor fi decisive, \u00eens\u0103 orele sunt calculate cu mult timp \u00eenainte, astfel \u00eenc\u00e2t pasiona\u021bii de astronomie \u00ee\u0219i pot planifica din timp observa\u021biile.<\/p>\n<\/div>\n<p>[analyse_source url=&#8221;https:\/\/orasul-timisoara.ro\/local-40220\/&#8221;]<\/p>\n","protected":false},"excerpt":{"rendered":"<p>[analyse_image type=&#8221;featured&#8221; src=&#8221;https:\/\/orasul-timisoara.ro\/wp-content\/uploads\/2026\/08\/cer-timisorean-cu-eclipse.jpg&#8221;] \u0218tiri LocaleEclipsele de Soare la Timi\u0219oara: c\u00e2nd au fost \u0219i c\u00e2nd urmeaz\u0103 \u0218tiri Locale \u0218tiri na\u021bionale \u0219i interna\u021bionale Eclipsele de Soare la Timi\u0219oara: c\u00e2nd au fost \u0219i c\u00e2nd urmeaz\u0103 De c\u0103tre redactia &#8211; 12\/08\/2026 Facebook Twitter WhatsApp Linkedin ReddIt Email Imprimare Timi\u0219oara a avut parte de mai multe eclipse de Soare \u00een [&hellip;]<\/p>\n","protected":false},"author":1,"featured_media":0,"comment_status":"open","ping_status":"","sticky":false,"template":"","format":"standard","meta":{"footnotes":""},"categories":[89],"tags":[226,189],"class_list":["post-2091995","post","type-post","status-publish","format-standard","hentry","category-romania","tag-crawlmanager","tag-orasul-timisoara-ro"],"_links":{"self":[{"href":"https:\/\/analyse.optim.biz\/index.php?rest_route=\/wp\/v2\/posts\/2091995","targetHints":{"allow":["GET"]}}],"collection":[{"href":"https:\/\/analyse.optim.biz\/index.php?rest_route=\/wp\/v2\/posts"}],"about":[{"href":"https:\/\/analyse.optim.biz\/index.php?rest_route=\/wp\/v2\/types\/post"}],"author":[{"embeddable":true,"href":"https:\/\/analyse.optim.biz\/index.php?rest_route=\/wp\/v2\/users\/1"}],"replies":[{"embeddable":true,"href":"https:\/\/analyse.optim.biz\/index.php?rest_route=%2Fwp%2Fv2%2Fcomments&post=2091995"}],"version-history":[{"count":0,"href":"https:\/\/analyse.optim.biz\/index.php?rest_route=\/wp\/v2\/posts\/2091995\/revisions"}],"wp:attachment":[{"href":"https:\/\/analyse.optim.biz\/index.php?rest_route=%2Fwp%2Fv2%2Fmedia&parent=2091995"}],"wp:term":[{"taxonomy":"category","embeddable":true,"href":"https:\/\/analyse.optim.biz\/index.php?rest_route=%2Fwp%2Fv2%2Fcategories&post=2091995"},{"taxonomy":"post_tag","embeddable":true,"href":"https:\/\/analyse.optim.biz\/index.php?rest_route=%2Fwp%2Fv2%2Ftags&post=2091995"}],"curies":[{"name":"wp","href":"https:\/\/api.w.org\/{rel}","templated":true}]}}