{"id":2091993,"date":"2026-08-12T00:44:20","date_gmt":"2026-08-11T21:44:20","guid":{"rendered":"https:\/\/analyse.optim.biz\/?p=2091993"},"modified":"2026-08-12T00:44:20","modified_gmt":"2026-08-11T21:44:20","slug":"spectacol-pe-cer-la-timisoara-eclipsa-de-soare-incepe-la-2024","status":"publish","type":"post","link":"https:\/\/analyse.optim.biz\/?p=2091993","title":{"rendered":"Spectacol pe cer la Timi\u0219oara. Eclipsa de Soare \u00eencepe la 20:24"},"content":{"rendered":"<p>[analyse_image type=&#8221;featured&#8221; src=&#8221;https:\/\/orasul-timisoara.ro\/wp-content\/uploads\/2026\/08\/eclipsa-tm-1.jpg&#8221;]<\/p>\n<article id=\"post-40210\" class=\"td-post-template-7 post-40210 post type-post status-publish format-standard has-post-thumbnail category-featured category-stiri-timisoara category-stiri-nationale-si-internationale tag-astronomie tag-eclipsa-12-august-2026 tag-eclipsa-de-soare tag-eclipsa-timisoara tag-fenomene-astronomice tag-luna-2 tag-observatorul-astronomic tag-perseide tag-soare tag-timis-2 tag-timisoara-2 tag-uvt td-container-wrap\">\n<div class=\"td-full-screen-header-image-wrap\">\n<div class=\"td-container td-post-header\">\n<div class=\"td-crumb-container\">\n<div class=\"entry-crumbs\"><span><a title=\"Vede\u021bi toate articolele \u00een \u0218tiri Locale\" class=\"entry-crumb\" href=\"https:\/\/orasul-timisoara.ro\/local-category\/stiri-timisoara\/\">\u0218tiri Locale<\/a><\/span><span class=\"td-bred-no-url-last\">Spectacol pe cer la Timi\u0219oara. Eclipsa de Soare \u00eencepe la 20:24<\/span><\/div>\n<\/div>\n<div class=\"td-post-header-holder\">\n<div class=\"td-parallax-header\">\n<header class=\"td-post-title\">\n<ul class=\"td-category\">\n<li class=\"entry-category\"><a href=\"https:\/\/orasul-timisoara.ro\/local-category\/stiri-timisoara\/\">\u0218tiri Locale<\/a><\/li>\n<li class=\"entry-category\"><a href=\"https:\/\/orasul-timisoara.ro\/local-category\/stiri-nationale-si-internationale\/\">\u0218tiri na\u021bionale \u0219i interna\u021bionale<\/a><\/li>\n<\/ul>\n<h1 class=\"entry-title\">Spectacol pe cer la Timi\u0219oara. Eclipsa de Soare \u00eencepe la 20:24<\/h1>\n<div class=\"td-module-meta-info\">\n<div class=\"td-post-author-name\">\n<div class=\"td-author-by\">De c\u0103tre<\/div>\n<p><a href=\"https:\/\/orasul-timisoara.ro\/author\/timisoara\/\">redactia<\/a><\/p>\n<div class=\"td-author-line\"> &#8211; <\/div>\n<\/div>\n<p><span class=\"td-post-date\"><time class=\"entry-date updated td-module-date\" datetime=\"2026-08-12T03:44:20+03:00\">12\/08\/2026<\/time><\/span><\/div>\n<\/header>\n<\/div>\n<\/div>\n<\/div>\n<div id=\"td-full-screen-header-image\" class=\"td-image-gradient-style7\"><img decoding=\"async\" class=\"td-backstretch\" src=\"https:\/\/orasul-timisoara.ro\/wp-content\/uploads\/2026\/08\/eclipsa-tm-1.jpg\"><\/div>\n<\/div>\n<div class=\"td-container\">\n<div class=\"td-pb-row\">\n<div class=\"td-pb-span8 td-main-content\" role=\"main\">\n<div class=\"td-ss-main-content\">\n<div class=\"td-post-sharing-top\">\n<div class=\"td-post-sharing-classic\"><iframe title=\"topFacebookLike\" frameborder src=\"https:\/\/www.facebook.com\/plugins\/like.php?href=https:\/\/orasul-timisoara.ro\/local-40210\/&amp;layout=button_count&amp;show_faces=false&amp;width=105&amp;action=like&amp;colorscheme=light&amp;height=21\"><\/iframe><\/div>\n<div id=\"td_social_sharing_article_top\" class=\"td-post-sharing td-ps-bg td-ps-notext td-post-sharing-style1 \">\n<div class=\"td-post-sharing-visible\"><a class=\"td-social-sharing-button td-social-sharing-button-js td-social-network td-social-facebook\" href=\"https:\/\/www.facebook.com\/sharer.php?u=https%3A%2F%2Forasul-timisoara.ro%2Flocal-40210%2F\" title=\"Facebook\"><\/p>\n<div class=\"td-social-but-text\">Facebook<\/div>\n<p><\/a><a class=\"td-social-sharing-button td-social-sharing-button-js td-social-network td-social-twitter\" href=\"https:\/\/twitter.com\/intent\/tweet?text=Spectacol+pe+cer+la+Timi%C8%99oara.+Eclipsa+de+Soare+%C3%AEncepe+la+20%3A24&amp;url=https%3A%2F%2Forasul-timisoara.ro%2Flocal-40210%2F&amp;via=orasultm\" title=\"Twitter\"><\/p>\n<div class=\"td-social-but-text\">Twitter<\/div>\n<p><\/a><a class=\"td-social-sharing-button td-social-sharing-button-js td-social-network td-social-whatsapp\" href=\"https:\/\/api.whatsapp.com\/send?text=Spectacol+pe+cer+la+Timi%C8%99oara.+Eclipsa+de+Soare+%C3%AEncepe+la+20%3A24%20%0A%0A%20https:\/\/orasul-timisoara.ro\/local-40210\/\" title=\"WhatsApp\"><\/p>\n<div class=\"td-social-but-text\">WhatsApp<\/div>\n<p><\/a><a class=\"td-social-sharing-button td-social-sharing-button-js td-social-network td-social-linkedin\" href=\"https:\/\/www.linkedin.com\/shareArticle?mini=true&amp;url=https:\/\/orasul-timisoara.ro\/local-40210\/&amp;title=Spectacol+pe+cer+la+Timi%C8%99oara.+Eclipsa+de+Soare+%C3%AEncepe+la+20%3A24\" title=\"Linkedin\"><\/p>\n<div class=\"td-social-but-text\">Linkedin<\/div>\n<p><\/a><a class=\"td-social-sharing-button td-social-sharing-button-js td-social-network td-social-reddit\" href=\"https:\/\/reddit.com\/submit?url=https:\/\/orasul-timisoara.ro\/local-40210\/&amp;title=Spectacol+pe+cer+la+Timi%C8%99oara.+Eclipsa+de+Soare+%C3%AEncepe+la+20%3A24\" title=\"ReddIt\"><\/p>\n<div class=\"td-social-but-text\">ReddIt<\/div>\n<p><\/a><a class=\"td-social-sharing-button td-social-sharing-button-js td-social-network td-social-mail\" href=\"mailto:?subject=Spectacol%20pe%20cer%20la%20Timi%C8%99oara.%20Eclipsa%20de%20Soare%20%C3%AEncepe%20la%2020:24&amp;body=https:\/\/orasul-timisoara.ro\/local-40210\/\" title=\"Email\"><\/p>\n<div class=\"td-social-but-text\">Email<\/div>\n<p><\/a><a class=\"td-social-sharing-button td-social-sharing-button-js td-social-network td-social-print\" href=\"https:\/\/orasul-timisoara.ro\/local-40210\/\" title=\"Imprimare\"><\/p>\n<div class=\"td-social-but-text\">Imprimare<\/div>\n<p><\/a><\/div>\n<\/div>\n<\/div>\n<div class=\"td-post-content tagdiv-type\">\n<p class=\"wp-block-paragraph\">O eclips\u0103 par\u021bial\u0103 de Soare va putea fi observat\u0103 ast\u0103zi, 12 august 2026, \u0219i din Timi\u0219oara. Fenomenul astronomic va avea loc \u00een ultimele minute \u00eenainte de apus, iar pentru timi\u0219oreni momentul de \u00eenceput este programat la ora 20:24. Maximul eclipsei va fi atins \u00een jurul orei 20:45, c\u00e2nd Luna va acoperi aproximativ 28,5% din discul solar.<\/p>\n<p class=\"wp-block-paragraph\">Timpul \u00een care fenomenul va putea fi urm\u0103rit din ora\u0219 va fi foarte scurt, deoarece Soarele va apune la Timi\u0219oara \u00een jurul orei 20:48. Practic, cei care vor s\u0103 vad\u0103 eclipsa trebuie s\u0103 aib\u0103 o vedere c\u00e2t mai liber\u0103 spre vest \u0219i s\u0103 fie preg\u0103ti\u021bi \u00eenainte de ora 20:24. :contentReference[oaicite:0]{index=0}<\/p>\n<h2 class=\"wp-block-heading\">Eclipsa de Soare \u00eencepe la Timi\u0219oara la ora 20:24<\/h2>\n<p class=\"wp-block-paragraph\">Pentru Timi\u0219oara, eclipsa par\u021bial\u0103 \u00eencepe \u00een aceast\u0103 sear\u0103 la ora 20:24. Luna va \u00eencepe s\u0103 treac\u0103 prin fa\u021ba discului solar, iar acoperirea va cre\u0219te treptat \u00een urm\u0103toarele minute.<\/p>\n<p class=\"wp-block-paragraph\">Momentul maxim este estimat pentru ora 20:45. Atunci, aproximativ 28,5% din suprafa\u021ba aparent\u0103 a Soarelui va fi acoperit\u0103 de Lun\u0103. La doar c\u00e2teva minute dup\u0103 acest moment, Soarele va cobor\u00ee sub orizont, astfel c\u0103 fenomenul nu va mai putea fi urm\u0103rit din ora\u0219.<\/p>\n<p class=\"wp-block-paragraph\">Pentru observarea eclipsei, alegerea locului este important\u0103. Cl\u0103dirile \u00eenalte, copacii sau alte obstacole aflate \u00een direc\u021bia apusului pot ascunde Soarele exact \u00een intervalul \u00een care eclipsa devine mai spectaculoas\u0103.<\/p>\n<h2 class=\"wp-block-heading\">Timi\u0219oara se afl\u0103 printre ora\u0219ele din vestul Rom\u00e2niei de unde eclipsa este vizibil\u0103<\/h2>\n<p class=\"wp-block-paragraph\">Eclipsa din 12 august este vizibil\u0103 doar par\u021bial din anumite regiuni ale Rom\u00e2niei, iar vestul \u021b\u0103rii se afl\u0103 printre zonele favorizate.<\/p>\n<p class=\"wp-block-paragraph\">\u00cen Timi\u0219oara, acoperirea maxim\u0103 va fi mai mic\u0103 dec\u00e2t \u00een localit\u0103\u021bile aflate mai aproape de extremitatea vestic\u0103 a \u021b\u0103rii. De exemplu, \u00een Beba Veche, \u00een jude\u021bul Timi\u0219, acoperirea discului solar va ajunge la aproximativ 38%, una dintre cele mai mari valori de pe teritoriul Rom\u00e2niei.<\/p>\n<p class=\"wp-block-paragraph\">Pentru timi\u0219oreni \u00eens\u0103, diferen\u021ba nu schimb\u0103 faptul c\u0103 fenomenul poate fi observat din ora\u0219. Condi\u021bia esen\u021bial\u0103 este ca orizontul vestic s\u0103 fie c\u00e2t mai liber \u00een intervalul 20:24\u201320:48. :contentReference[oaicite:1]{index=1}<\/p>\n<h2 class=\"wp-block-heading\">Eclipsa va avea loc aproape de apus<\/h2>\n<p class=\"wp-block-paragraph\">Particularitatea eclipsei vizibile din Timi\u0219oara este apropierea foarte mare de momentul apusului.<\/p>\n<p class=\"wp-block-paragraph\">La ora la care \u00eencepe fenomenul, Soarele va fi deja foarte aproape de orizont. Pe m\u0103sur\u0103 ce Luna va acoperi o parte din discul solar, Soarele va cobor\u00ee rapid, iar timpul efectiv de observa\u021bie va fi limitat.<\/p>\n<p class=\"wp-block-paragraph\">Maximul eclipsei este programat \u00een jurul orei 20:45, cu aproximativ trei minute \u00eenainte de apus. Din acest motiv, un punct de observa\u021bie cu vedere liber\u0103 spre vest poate face diferen\u021ba \u00eentre o observare bun\u0103 a fenomenului \u0219i una \u00een care Soarele este ascuns de cl\u0103diri sau vegeta\u021bie.<\/p>\n<p class=\"wp-block-paragraph\">Speciali\u0219tii recomand\u0103 ca cei interesa\u021bi s\u0103 ajung\u0103 la locul ales \u00eenainte de ora 20:24 \u0219i s\u0103 verifice din timp direc\u021bia \u00een care va apune Soarele.<\/p>\n<h2 class=\"wp-block-heading\">Nu privi\u021bi Soarele direct, nici \u00een timpul eclipsei<\/h2>\n<p class=\"wp-block-paragraph\">Faptul c\u0103 Soarele este par\u021bial acoperit nu \u00eenseamn\u0103 c\u0103 poate fi privit \u00een siguran\u021b\u0103 cu ochiul liber.<\/p>\n<p class=\"wp-block-paragraph\">Observarea eclipsei trebuie f\u0103cut\u0103 folosind ochelari speciali pentru eclipse sau filtre solare certificate, concepute pentru observarea direct\u0103 a Soarelui. Ochelarii de soare obi\u0219nui\u021bi nu ofer\u0103 protec\u021bia necesar\u0103, indiferent de c\u00e2t de \u00eentuneca\u021bi par.<\/p>\n<p class=\"wp-block-paragraph\">Aceea\u0219i regul\u0103 este valabil\u0103 pentru binocluri, aparate foto, camere video sau telescoape. Utilizarea acestora pentru privirea direct\u0103 c\u0103tre Soare f\u0103r\u0103 un filtru solar montat corespunz\u0103tor poate provoca leziuni grave ale ochilor \u0219i poate deteriora echipamentul.<\/p>\n<p class=\"wp-block-paragraph\">Pentru o observa\u021bie sigur\u0103, recomandarea este folosirea exclusiv\u0103 a unor echipamente \u0219i filtre destinate observa\u021biei solare. :contentReference[oaicite:2]{index=2}<\/p>\n<h2 class=\"wp-block-heading\">Ce trebuie s\u0103 \u0219tie timi\u0219orenii \u00eenainte de eclips\u0103<\/h2>\n<p class=\"wp-block-paragraph\">Cei care vor s\u0103 urm\u0103reasc\u0103 fenomenul din Timi\u0219oara nu au nevoie s\u0103 p\u0103r\u0103seasc\u0103 neap\u0103rat ora\u0219ul. Important este ca locul ales s\u0103 ofere o perspectiv\u0103 c\u00e2t mai bun\u0103 c\u0103tre vest, \u00een condi\u021biile \u00een care Soarele va fi foarte jos pe cer.<\/p>\n<p class=\"wp-block-paragraph\">Un balcon, o teras\u0103, o zon\u0103 deschis\u0103 sau un spa\u021biu f\u0103r\u0103 cl\u0103diri \u0219i copaci \u00een direc\u021bia apusului poate oferi o perspectiv\u0103 bun\u0103, cu condi\u021bia respect\u0103rii regulilor de protec\u021bie a ochilor.<\/p>\n<p class=\"wp-block-paragraph\">Pentru fotografii, trebuie \u021binut cont de faptul c\u0103 echipamentele optice necesit\u0103 protec\u021bie solar\u0103 adecvat\u0103. Nu este recomandat\u0103 fotografierea direct\u0103 a Soarelui prin obiectiv f\u0103r\u0103 un filtru special.<\/p>\n<h2 class=\"wp-block-heading\">Eclipsa din Timi\u0219oara, un fenomen de doar c\u00e2teva minute<\/h2>\n<p class=\"wp-block-paragraph\">Din cauza pozi\u021biei geografice a ora\u0219ului \u0219i a momentului \u00een care are loc fenomenul, eclipsa nu va fi un spectacol de lung\u0103 durat\u0103 la Timi\u0219oara.<\/p>\n<p class=\"wp-block-paragraph\">\u00centre ora 20:24, c\u00e2nd \u00eencepe eclipsa, \u0219i ora 20:48, c\u00e2nd Soarele apune, sunt aproximativ 24 de minute. Maximul de la 20:45 va fi foarte aproape de momentul \u00een care discul solar dispare sub orizont.<\/p>\n<p class=\"wp-block-paragraph\">Acesta este \u0219i motivul pentru care observarea eclipsei va depinde foarte mult de condi\u021biile de la orizont. Un cer senin nu este suficient dac\u0103 direc\u021bia spre vest este blocat\u0103 de cl\u0103diri, copaci sau alte obstacole.<\/p>\n<h2 class=\"wp-block-heading\">De ce eclipsa este total\u0103 \u00een Spania, dar doar par\u021bial\u0103 la Timi\u0219oara<\/h2>\n<p class=\"wp-block-paragraph\">Fenomenul din 12 august este o eclips\u0103 total\u0103 de Soare pe traseul principal al umbrei Lunii. Totalitatea va putea fi observat\u0103 \u00een anumite zone din Groenlanda, Islanda \u0219i nordul Spaniei, unde Luna va acoperi complet discul solar.<\/p>\n<p class=\"wp-block-paragraph\">La Timi\u0219oara, ora\u0219ul se afl\u0103 \u00een afara zonei \u00een care umbra Lunii acoper\u0103 complet Soarele. De aceea, din ora\u0219 eclipsa va fi vizibil\u0103 doar ca fenomen par\u021bial, cu aproximativ 28,5% din discul solar acoperit la momentul maxim. :contentReference[oaicite:3]{index=3}<\/p>\n<p class=\"wp-block-paragraph\">Diferen\u021ba dintre cele dou\u0103 situa\u021bii este determinat\u0103 de pozi\u021bia geografic\u0103 a fiec\u0103rui loc fa\u021b\u0103 de banda \u00eengust\u0103 traversat\u0103 de umbra Lunii. Astfel, \u00een Spania, fenomenul poate transforma pentru scurt timp ziua \u00een noapte, \u00een timp ce la Timi\u0219oara va putea fi observat\u0103 doar o por\u021biune acoperit\u0103 a Soarelui.<\/p>\n<h2 class=\"wp-block-heading\">Dup\u0103 eclips\u0103 urmeaz\u0103 Perseidele<\/h2>\n<p class=\"wp-block-paragraph\">Ziua de 12 august aduce pentru pasiona\u021bii de astronomie \u0219i un al doilea fenomen interesant. \u00cen aceast\u0103 perioad\u0103 este activ curentul de meteori Perseide, iar dup\u0103 l\u0103sarea \u00eentunericului pot fi urm\u0103rite \u0219i \u201estelele c\u0103z\u0103toare\u201d.<\/p>\n<p class=\"wp-block-paragraph\">Universitatea de Vest din Timi\u0219oara organizeaz\u0103, \u00een apropierea localit\u0103\u021bii Lucare\u021b, o sesiune de observa\u021bii astronomice care include at\u00e2t eclipsa de Soare, c\u00e2t \u0219i observa\u021bii nocturne ale Perseidelor. Evenimentul este programat s\u0103 continue dup\u0103 l\u0103sarea \u00eentunericului, cu prezent\u0103ri \u0219i observa\u021bii prin telescop. :contentReference[oaicite:4]{index=4}<\/p>\n<p class=\"wp-block-paragraph\">Pentru cei care r\u0103m\u00e2n \u00een Timi\u0219oara, \u00eens\u0103, eclipsa de Soare poate fi urm\u0103rit\u0103 f\u0103r\u0103 deplasare, cu condi\u021bia g\u0103sirii unui punct cu vedere liber\u0103 spre apus \u0219i a folosirii unei protec\u021bii oculare corespunz\u0103toare.<\/p>\n<h2 class=\"wp-block-heading\">Timi\u0219orenii au doar c\u00e2teva minute pentru spectacolul de pe cer<\/h2>\n<p class=\"wp-block-paragraph\">Eclipsa de Soare din 12 august 2026 va fi, pentru Timi\u0219oara, un fenomen scurt, dar neobi\u0219nuit. \u00cencepe la 20:24, ajunge la maximum \u00een jurul orei 20:45, iar Soarele apune la aproximativ 20:48.<\/p>\n<p class=\"wp-block-paragraph\">Pentru cei care vor s\u0103 o vad\u0103, cele mai importante lucruri sunt s\u0103 aleag\u0103 un loc cu orizont liber spre vest, s\u0103 fie acolo \u00eenainte de \u00eenceputul fenomenului \u0219i, mai ales, s\u0103 nu priveasc\u0103 Soarele f\u0103r\u0103 protec\u021bie special\u0103.<\/p>\n<p class=\"wp-block-paragraph\">Chiar dac\u0103 Timi\u0219oara nu se afl\u0103 pe traseul eclipsei totale, aproape o treime din discul solar va fi ascuns temporar de Lun\u0103. Iar pentru un ora\u0219 aflat at\u00e2t de aproape de marginea zonei de vizibilitate, apusul \u0219i eclipsa vor transforma ultimele minute de lumin\u0103 ale zilei \u00eentr-un spectacol astronomic rar.<\/p>\n<\/div>\n<footer>\n<div class=\"td-post-source-tags\">\n<ul class=\"td-tags td-post-small-box clearfix\">\n<li><span>ETICHETE<\/span><\/li>\n<li><a href=\"https:\/\/orasul-timisoara.ro\/local-tag\/astronomie\/\">astronomie<\/a><\/li>\n<li><a href=\"https:\/\/orasul-timisoara.ro\/local-tag\/eclipsa-12-august-2026\/\">eclips\u0103 12 august 2026<\/a><\/li>\n<li><a href=\"https:\/\/orasul-timisoara.ro\/local-tag\/eclipsa-de-soare\/\">eclips\u0103 de Soare<\/a><\/li>\n<li><a href=\"https:\/\/orasul-timisoara.ro\/local-tag\/eclipsa-timisoara\/\">eclips\u0103 Timi\u0219oara<\/a><\/li>\n<li><a href=\"https:\/\/orasul-timisoara.ro\/local-tag\/fenomene-astronomice\/\">fenomene astronomice<\/a><\/li>\n<li><a href=\"https:\/\/orasul-timisoara.ro\/local-tag\/luna-2\/\">Lun\u0103<\/a><\/li>\n<li><a href=\"https:\/\/orasul-timisoara.ro\/local-tag\/observatorul-astronomic\/\">Observatorul Astronomic<\/a><\/li>\n<li><a href=\"https:\/\/orasul-timisoara.ro\/local-tag\/perseide\/\">Perseide<\/a><\/li>\n<li><a href=\"https:\/\/orasul-timisoara.ro\/local-tag\/soare\/\">soare<\/a><\/li>\n<li><a href=\"https:\/\/orasul-timisoara.ro\/local-tag\/timis-2\/\">timi\u0219<\/a><\/li>\n<li><a href=\"https:\/\/orasul-timisoara.ro\/local-tag\/timisoara-2\/\">timi\u0219oara<\/a><\/li>\n<li><a href=\"https:\/\/orasul-timisoara.ro\/local-tag\/uvt\/\">uvt<\/a><\/li>\n<\/ul>\n<\/div>\n<div class=\"td-post-sharing-bottom\">\n<div class=\"td-post-sharing-classic\"><iframe title=\"bottomFacebookLike\" frameborder src=\"https:\/\/www.facebook.com\/plugins\/like.php?href=https:\/\/orasul-timisoara.ro\/local-40210\/&amp;layout=button_count&amp;show_faces=false&amp;width=105&amp;action=like&amp;colorscheme=light&amp;height=21\"><\/iframe><\/div>\n<div id=\"td_social_sharing_article_bottom\" class=\"td-post-sharing td-ps-bg td-ps-notext td-post-sharing-style1 \">\n<div class=\"td-post-sharing-visible\"><a class=\"td-social-sharing-button td-social-sharing-button-js td-social-network td-social-facebook\" href=\"https:\/\/www.facebook.com\/sharer.php?u=https%3A%2F%2Forasul-timisoara.ro%2Flocal-40210%2F\" title=\"Facebook\"><\/p>\n<div class=\"td-social-but-text\">Facebook<\/div>\n<p><\/a><a class=\"td-social-sharing-button td-social-sharing-button-js td-social-network td-social-twitter\" href=\"https:\/\/twitter.com\/intent\/tweet?text=Spectacol+pe+cer+la+Timi%C8%99oara.+Eclipsa+de+Soare+%C3%AEncepe+la+20%3A24&amp;url=https%3A%2F%2Forasul-timisoara.ro%2Flocal-40210%2F&amp;via=orasultm\" title=\"Twitter\"><\/p>\n<div class=\"td-social-but-text\">Twitter<\/div>\n<p><\/a><a class=\"td-social-sharing-button td-social-sharing-button-js td-social-network td-social-whatsapp\" href=\"https:\/\/api.whatsapp.com\/send?text=Spectacol+pe+cer+la+Timi%C8%99oara.+Eclipsa+de+Soare+%C3%AEncepe+la+20%3A24%20%0A%0A%20https:\/\/orasul-timisoara.ro\/local-40210\/\" title=\"WhatsApp\"><\/p>\n<div class=\"td-social-but-text\">WhatsApp<\/div>\n<p><\/a><a class=\"td-social-sharing-button td-social-sharing-button-js td-social-network td-social-linkedin\" href=\"https:\/\/www.linkedin.com\/shareArticle?mini=true&amp;url=https:\/\/orasul-timisoara.ro\/local-40210\/&amp;title=Spectacol+pe+cer+la+Timi%C8%99oara.+Eclipsa+de+Soare+%C3%AEncepe+la+20%3A24\" title=\"Linkedin\"><\/p>\n<div class=\"td-social-but-text\">Linkedin<\/div>\n<p><\/a><a class=\"td-social-sharing-button td-social-sharing-button-js td-social-network td-social-reddit\" href=\"https:\/\/reddit.com\/submit?url=https:\/\/orasul-timisoara.ro\/local-40210\/&amp;title=Spectacol+pe+cer+la+Timi%C8%99oara.+Eclipsa+de+Soare+%C3%AEncepe+la+20%3A24\" title=\"ReddIt\"><\/p>\n<div class=\"td-social-but-text\">ReddIt<\/div>\n<p><\/a><a class=\"td-social-sharing-button td-social-sharing-button-js td-social-network td-social-mail\" href=\"mailto:?subject=Spectacol%20pe%20cer%20la%20Timi%C8%99oara.%20Eclipsa%20de%20Soare%20%C3%AEncepe%20la%2020:24&amp;body=https:\/\/orasul-timisoara.ro\/local-40210\/\" title=\"Email\"><\/p>\n<div class=\"td-social-but-text\">Email<\/div>\n<p><\/a><a class=\"td-social-sharing-button td-social-sharing-button-js td-social-network td-social-print\" href=\"https:\/\/orasul-timisoara.ro\/local-40210\/\" title=\"Imprimare\"><\/p>\n<div class=\"td-social-but-text\">Imprimare<\/div>\n<p><\/a><\/div>\n<\/div>\n<\/div>\n<div class=\"td-block-row td-post-next-prev\">\n<div class=\"td-block-span6 td-post-prev-post\">\n<div class=\"td-post-next-prev-content\"><span>Articolul precedent<\/span><a href=\"https:\/\/orasul-timisoara.ro\/local-40211\/\">Ce este o eclips\u0103 de soare \u0219i cum difer\u0103 cea total\u0103 de cea par\u021bial\u0103<\/a><\/div>\n<\/div>\n<div class=\"td-block-span6 td-post-next-post\">\n<div class=\"td-post-next-prev-content\"><span>Articolul urm\u0103tor<\/span><a href=\"https:\/\/orasul-timisoara.ro\/local-40215\/\">Eclipsa de Soare \u00een tradi\u021bia rom\u00e2neasc\u0103: ce credeau oamenii din Banat<\/a><\/div>\n<\/div>\n<\/div>\n<div class=\"td-author-name vcard author\"><span class=\"fn\"><a href=\"https:\/\/orasul-timisoara.ro\/author\/timisoara\/\">redactia<\/a><\/span><\/div>\n<p><span class=\"td-page-meta\"><\/span><span class=\"td-page-meta\"><span class=\"td-page-meta\"><\/span><\/span><span class=\"td-page-meta\"><\/span><\/footer>\n<div class=\"td_block_wrap td_block_related_posts tdi_3 td_with_ajax_pagination td-pb-border-top td_block_template_8\" data-td-block-uid=\"tdi_3\">\n<h4 class=\"td-related-title td-block-title\"><a id=\"tdi_4\" class=\"td-related-left td-cur-simple-item\" data-td_filter_value data-td_block_id=\"tdi_3\" href=\"https:\/\/orasul-timisoara.ro\/local-40210\/\">ARTICOLE SIMILARE<\/a><a id=\"tdi_5\" class=\"td-related-right\" data-td_filter_value=\"td_related_more_from_author\" data-td_block_id=\"tdi_3\" href=\"https:\/\/orasul-timisoara.ro\/local-40210\/\">DE LA ACELA\u0218I AUTOR<\/a><\/h4>\n<div id=\"tdi_3\" class=\"td_block_inner\">\n<div class=\"td-related-row\">\n<div class=\"td-related-span4\">\n<div class=\"td_module_related_posts td-animation-stack td_mod_related_posts\">\n<div class=\"td-module-image\">\n<div class=\"td-module-thumb\"><a href=\"https:\/\/orasul-timisoara.ro\/local-40226\/\" rel=\"bookmark\" class=\"td-image-wrap \" title=\"Medicul oftalmolog Alexandra Preda avertizeaz\u0103: Nu privi\u021bi eclipsa de Soare cu ochiul liber\"><img loading=\"lazy\" decoding=\"async\" class=\"entry-thumb\" src=\"https:\/\/orasul-timisoara.ro\/wp-content\/uploads\/2026\/08\/slrexandra-preda-catedrala-436x300.jpg\" alt title=\"Medicul oftalmolog Alexandra Preda avertizeaz\u0103: Nu privi\u021bi eclipsa de Soare cu ochiul liber\" width=\"218\" height=\"150\"><\/a><\/div>\n<\/div>\n<div class=\"item-details\">\n<h3 class=\"entry-title td-module-title\"><a href=\"https:\/\/orasul-timisoara.ro\/local-40226\/\" rel=\"bookmark\" title=\"Medicul oftalmolog Alexandra Preda avertizeaz\u0103: Nu privi\u021bi eclipsa de Soare cu ochiul liber\">Medicul oftalmolog Alexandra Preda avertizeaz\u0103: Nu privi\u021bi eclipsa de Soare cu ochiul liber<\/a><\/h3>\n<\/div>\n<\/div>\n<\/div>\n<div class=\"td-related-span4\">\n<div class=\"td_module_related_posts td-animation-stack td_mod_related_posts\">\n<div class=\"td-module-image\">\n<div class=\"td-module-thumb\"><a href=\"https:\/\/orasul-timisoara.ro\/local-40223\/\" rel=\"bookmark\" class=\"td-image-wrap \" title=\"Eclipsele totale de Soare din zona Timi\u0219oarei: din anul 840 p\u00e2n\u0103 \u00een 2081\"><img loading=\"lazy\" decoding=\"async\" class=\"entry-thumb\" src=\"https:\/\/orasul-timisoara.ro\/wp-content\/uploads\/2026\/08\/piata-unirii-eclipsa-436x300.jpg\" alt title=\"Eclipsele totale de Soare din zona Timi\u0219oarei: din anul 840 p\u00e2n\u0103 \u00een 2081\" width=\"218\" height=\"150\"><\/a><\/div>\n<\/div>\n<div class=\"item-details\">\n<h3 class=\"entry-title td-module-title\"><a href=\"https:\/\/orasul-timisoara.ro\/local-40223\/\" rel=\"bookmark\" title=\"Eclipsele totale de Soare din zona Timi\u0219oarei: din anul 840 p\u00e2n\u0103 \u00een 2081\">Eclipsele totale de Soare din zona Timi\u0219oarei: din anul 840 p\u00e2n\u0103 \u00een 2081<\/a><\/h3>\n<\/div>\n<\/div>\n<\/div>\n<div class=\"td-related-span4\">\n<div class=\"td_module_related_posts td-animation-stack td_mod_related_posts\">\n<div class=\"td-module-image\">\n<div class=\"td-module-thumb\"><a href=\"https:\/\/orasul-timisoara.ro\/local-40220\/\" rel=\"bookmark\" class=\"td-image-wrap \" title=\"Eclipsele de Soare la Timi\u0219oara: c\u00e2nd au fost \u0219i c\u00e2nd urmeaz\u0103\"><img loading=\"lazy\" decoding=\"async\" class=\"entry-thumb\" src=\"https:\/\/orasul-timisoara.ro\/wp-content\/uploads\/2026\/08\/cer-timisorean-cu-eclipse-436x300.jpg\" alt title=\"Eclipsele de Soare la Timi\u0219oara: c\u00e2nd au fost \u0219i c\u00e2nd urmeaz\u0103\" width=\"218\" height=\"150\"><\/a><\/div>\n<\/div>\n<div class=\"item-details\">\n<h3 class=\"entry-title td-module-title\"><a href=\"https:\/\/orasul-timisoara.ro\/local-40220\/\" rel=\"bookmark\" title=\"Eclipsele de Soare la Timi\u0219oara: c\u00e2nd au fost \u0219i c\u00e2nd urmeaz\u0103\">Eclipsele de Soare la Timi\u0219oara: c\u00e2nd au fost \u0219i c\u00e2nd urmeaz\u0103<\/a><\/h3>\n<\/div>\n<\/div>\n<\/div>\n<\/div>\n<\/div>\n<\/div>\n<div class=\"comments\" id=\"comments\">\n<div id=\"respond\" class=\"comment-respond\">\n<h3 id=\"reply-title\" class=\"comment-reply-title\">L\u0102SA\u021aI UN MESAJ<\/h3>\n<div class=\"comment-form-input-wrap td-form-comment\">\n<div class=\"td-warning-comment\">V\u0103 rug\u0103m s\u0103 introduce\u021bi comentariul dvs.!<\/div>\n<\/div>\n<div class=\"comment-form-input-wrap td-form-author\">\n<div class=\"td-warning-author\">Introduce\u021bi aici numele dvs.<\/div>\n<\/div>\n<div class=\"comment-form-input-wrap td-form-email\">\n<div class=\"td-warning-email-error\">A\u021bi introdus o adres\u0103 de e-mail incorect\u0103!<\/div>\n<div class=\"td-warning-email\">V\u0103 rug\u0103m s\u0103 introduce\u021bi adresa dvs. de e-mail aici<\/div>\n<\/div>\n<\/div>\n<p class=\"akismet_comment_form_privacy_notice\">Acest site folose\u0219te Akismet pentru a reduce spamul. <a href=\"https:\/\/akismet.com\/privacy\/\" target=\"_blank\" rel=\"nofollow noopener\">Afl\u0103 cum sunt procesate datele comentariilor tale<\/a>.<\/p>\n<\/div>\n<\/div>\n<\/div>\n<div class=\"td-pb-span4 td-main-sidebar\" role=\"complementary\">\n<div class=\"td-ss-main-sidebar\">\n<aside id=\"block-4\" class=\"td_block_template_8 widget block-4 widget_block widget_media_image\">\n<figure class=\"wp-block-image size-full\"><img loading=\"lazy\" decoding=\"async\" width=\"336\" height=\"280\" src=\"https:\/\/orasul-timisoara.ro\/wp-content\/uploads\/2024\/11\/ReTIM-Abonamentul-Verde-Google-Ads-336x280px.gif\" alt class=\"wp-image-29257\"><\/figure>\n<\/aside>\n<div class=\"td_block_wrap td_block_social_counter td_block_widget tdi_6 td-social-style5 td-social-boxed td-pb-border-top td_block_template_8\">\n<div class=\"td-block-title-wrap\">\n<h4 class=\"td-block-title\"><span>Urm\u0103re\u0219te-ne pe Social Media<\/span><\/h4>\n<\/div>\n<div class=\"td-social-list\">\n<div class=\"td_social_type td-pb-margin-side td_social_facebook\">\n<div class=\"td-social-box\"><span class=\"td_social_info td_social_info_counter\">344,595<\/span><span class=\"td_social_info td_social_info_name\">Fani<\/span><span class=\"td_social_button\"><a href=\"https:\/\/www.facebook.com\/247timisoara\" target=\"_blank\" rel=\"nofollow\">\u00cemi place<\/a><\/span><\/div>\n<\/div>\n<div class=\"td_social_type td-pb-margin-side td_social_instagram\">\n<div class=\"td-social-box\"><span class=\"td_social_info td_social_info_counter\">4,416<\/span><span class=\"td_social_info td_social_info_name\">Cititori<\/span><span class=\"td_social_button\"><a href=\"https:\/\/instagram.com\/orasultimisoararo\/\" target=\"_blank\" rel=\"nofollow\">Conecta\u021bi-v\u0103<\/a><\/span><\/div>\n<\/div>\n<div class=\"td_social_type td-pb-margin-side td_social_rss\">\n<div class=\"td-social-box\"><span class=\"td_social_info td_social_info_counter\">12,506<\/span><span class=\"td_social_info td_social_info_name\">Cititori<\/span><span class=\"td_social_button\"><a href=\"https:\/\/orasul-timisoara.ro\/feed\/\" target=\"_blank\" rel=\"nofollow\">Conecta\u021bi-v\u0103<\/a><\/span><\/div>\n<\/div>\n<div class=\"td_social_type td-pb-margin-side td_social_tiktok\">\n<div class=\"td-social-box\"><span class=\"td_social_info td_social_info_counter\">1,500<\/span><span class=\"td_social_info td_social_info_name\">Cititori<\/span><span class=\"td_social_button\"><a href=\"https:\/\/www.tiktok.com\/@orasultimisoara\" target=\"_blank\" rel=\"nofollow\">Conecta\u021bi-v\u0103<\/a><\/span><\/div>\n<\/div>\n<div class=\"td_social_type td-pb-margin-side td_social_twitter\">\n<div class=\"td-social-box\"><span class=\"td_social_info td_social_info_counter\">1,595<\/span><span class=\"td_social_info td_social_info_name\">Cititori<\/span><span class=\"td_social_button\"><a href=\"https:\/\/twitter.com\/orasultm\" target=\"_blank\" rel=\"nofollow\">Conecta\u021bi-v\u0103<\/a><\/span><\/div>\n<\/div>\n<div class=\"td_social_type td-pb-margin-side td_social_youtube\">\n<div class=\"td-social-box\"><span class=\"td_social_info td_social_info_counter\">3,506<\/span><span class=\"td_social_info td_social_info_name\">Abona\u021bi<\/span><span class=\"td_social_button\"><a href=\"https:\/\/www.youtube.com\/channel\/UCQNsQvs2XCSIm1Z-AHRturw?sub_confirmation=1\" target=\"_blank\" rel=\"nofollow\">Abona\u021bi-v\u0103<\/a><\/span><\/div>\n<\/div>\n<\/div>\n<\/div>\n<aside id=\"text-7\" class=\"td_block_template_8 widget text-7 widget_text\">\n<h4 class=\"td-block-title\"><span>C\u0103ut\u0103ri populare pe OTM<\/span><\/h4>\n<div class=\"textwidget\"><a href=\"https:\/\/orasul-timisoara.ro\/?s=timisoara\"><span>Timisoara<\/span><\/a><a href=\"https:\/\/orasul-timisoara.ro\/?s=calin+dobra\"><span>Calin Dobra<\/span><\/a><a href=\"https:\/\/orasul-timisoara.ro\/?s=primaria+timisoara\"><span>Primaria Timisoara<\/span><\/a><a href=\"https:\/\/orasul-timisoara.ro\/?s=dominic+fritz\"><span>Dominic Fritz<\/span><\/a><a href=\"https:\/\/orasul-timisoara.ro\/?s=nicolae+robu\"><span>Nicolae Robu<\/span><\/a><a href=\"https:\/\/orasul-timisoara.ro\/?s=consiliul+local+timisoara\">Consiliul Local Timisoara<\/a><a href=\"https:\/\/orasul-timisoara.ro\/?s=consiliul+judetean+timis\"><span>Consiliul Judetean Timis<\/span><\/a><a href=\"https:\/\/orasul-timisoara.ro\/?s=cjt\"><span>CJT<\/span><\/a><a href=\"https:\/\/orasul-timisoara.ro\/?s=Alfred+Simonis\"><span>Alfred Simonis<\/span><\/a><a href=\"https:\/\/orasul-timisoara.ro\/?s=PNL\"><span>PNL<\/span><\/a><a href=\"https:\/\/orasul-timisoara.ro\/?s=coronavirus\"><span>coronavirus<\/span><\/a><a href=\"https:\/\/orasul-timisoara.ro\/?s=teatru+timisoara\">teatru Timisoara<\/a><a href=\"https:\/\/orasul-timisoara.ro\/?s=restaurante\"><span>restaurante Timisoara<\/span><\/a><a href=\"https:\/\/orasul-timisoara.ro\/?s=diskoteka\"><span>Diskoteka<\/span><\/a><a href=\"https:\/\/orasul-timisoara.ro\/?s=iulius+town\"><span>Iulius Town<\/span><\/a><a href=\"https:\/\/orasul-timisoara.ro\/?s=iulius+mall\"><span>Iulius Mall<\/span><\/a><a href=\"https:\/\/orasul-timisoara.ro\/?s=stpt\"><span>STPT<\/span><\/a><a href=\"https:\/\/orasul-timisoara.ro\/?s=alin+nica\"><span>Alin Nica<\/span><\/a><a href=\"https:\/\/orasul-timisoara.ro\/?s=psd\"><span>PSD<\/span><\/a><a href=\"https:\/\/orasul-timisoara.ro\/?s=aeroport\"><span>Aeroportul International Timisoara<\/span><\/a><a href=\"https:\/\/orasul-timisoara.ro\/?s=babes\"><span>Spitalul Victor Babes Timisoara<\/span><\/a><a href=\"https:\/\/orasul-timisoara.ro\/?s=poli\"><span>Poli Timi\u0219oara<\/span><\/a><a href=\"https:\/\/orasul-timisoara.ro\/?s=carantina\"><span>carantina<\/span><\/a><a href=\"https:\/\/orasul-timisoara.ro\/?s=aquatim\"><span>Aquatim<\/span><\/a><a href=\"https:\/\/orasul-timisoara.ro\/local-category\/stiri-timisoara\/\"><span>Stiri Timisoara<\/span><\/a><a href=\"https:\/\/orasul-timisoara.ro\/local-category\/investitii-in-timisoara\/\"><span>Investi\u021bii in Timi\u0219oara<\/span><\/a><a href=\"https:\/\/orasul-timisoara.ro\/local-9463\/\"><span>shaorma<\/span><\/a><a href=\"https:\/\/orasul-timisoara.ro\/?s=trafic\"><span>trafic rutier<\/span><\/a><a href=\"https:\/\/orasul-timisoara.ro\/?s=politia\"><span>politia locala timisoara<\/span><\/a><a href=\"https:\/\/orasul-timisoara.ro\/?s=roxana\"><span>Roxana Iliescu<\/span><\/a><a href=\"https:\/\/orasul-timisoara.ro\/?s=colterm\"><span>Colterm<\/span><\/a><a href=\"https:\/\/orasul-timisoara.ro\/?s=latcau\"><span>Ruben La\u021bc\u0103u<\/span><\/a><a href=\"https:\/\/orasul-timisoara.ro\/?s=timis\"><span>\u0218tiri din Timi\u0219<\/span><\/a><a href=\"https:\/\/orasul-timisoara.ro\/?s=spital\"><span>Spitale din Timi\u0219oara<\/span><\/a><a href=\"https:\/\/orasul-timisoara.ro\/?s=tabara\"><span>Cosmin Tab\u0103r\u0103<\/span><\/a><\/div>\n<\/aside>\n<aside id=\"rss-2\" class=\"td_block_template_8 widget rss-2 widget_rss\">\n<h4 class=\"td-block-title\"><span><a class=\"rsswidget rss-widget-feed\" href=\"https:\/\/fashionfridays.ro\/feed\"><img decoding=\"async\" class=\"rss-widget-icon\" width=\"14\" height=\"14\" src=\"https:\/\/orasul-timisoara.ro\/wp-includes\/images\/rss.png\" alt=\"RSS\" loading=\"lazy\"><\/a><a class=\"rsswidget rss-widget-title\" href=\"https:\/\/fashionfridays.ro\/\">Fashion Fridays<\/a><\/span><\/h4>\n<ul>\n<li><a class=\"rsswidget\" href=\"https:\/\/fashionfridays.ro\/romania-devine-a-29-a-piata-vogue-o-noua-era-pentru-industria-locala-de-moda\/\">Rom\u00e2nia devine a 29-a pia\u021b\u0103 Vogue: o nou\u0103 er\u0103 pentru industria local\u0103 de mod\u0103<\/a>\n<div class=\"rssSummary\">Revista Vogue \u00ee\u0219i extinde prezen\u021ba global\u0103 \u0219i va fi lansat\u0103 oficial \u00een Rom\u00e2nia \u00een prim\u0103vara anului 2027, marc\u00e2nd intrarea pe cea de-a 29-a pia\u021b\u0103 interna\u021bional\u0103. Proiectul este realizat \u00een parteneriat cu AEMME Publishing, o companie media recent \u00eenfiin\u021bat\u0103, care va publica edi\u021bia local\u0103 sub licen\u021b\u0103. Noua edi\u021bie, Vogue Rom\u00e2nia, \u00ee\u0219i propune s\u0103 combine autoritatea global\u0103 [\u2026]<\/div>\n<\/li>\n<\/ul>\n<\/aside>\n<aside id=\"rss-4\" class=\"td_block_template_8 widget rss-4 widget_rss\">\n<h4 class=\"td-block-title\"><span><a class=\"rsswidget rss-widget-feed\" href=\"https:\/\/emasini.ro\/feed\"><img decoding=\"async\" class=\"rss-widget-icon\" width=\"14\" height=\"14\" src=\"https:\/\/orasul-timisoara.ro\/wp-includes\/images\/rss.png\" alt=\"RSS\" loading=\"lazy\"><\/a><a class=\"rsswidget rss-widget-title\" href=\"https:\/\/emasini.ro\/\">eMasini<\/a><\/span><\/h4>\n<ul>\n<li><a class=\"rsswidget\" href=\"https:\/\/emasini.ro\/bmw-testeaza-noul-i4-convertible-primul-cabrio-electric-accesibil-al-marcii\/\">BMW testeaz\u0103 noul i4 Convertible, primul cabrio electric accesibil al m\u0103rcii<\/a>\n<div class=\"rssSummary\">BMW accelereaz\u0103 dezvoltarea noii genera\u021bii de modele electrice bazate pe platforma Neue Klasse, iar unul dintre cele mai interesante proiecte aflate \u00een teste este viitorul BMW i4 Convertible. Prototipul camuflat a fost surprins pe \u0219osele, confirm\u00e2nd c\u0103 produc\u0103torul german preg\u0103te\u0219te o decapotabil\u0103 electric\u0103 destinat\u0103 unui segment \u00een care oferta este, \u00een prezent, extrem de limitat\u0103. [\u2026]<\/div>\n<\/li>\n<\/ul>\n<\/aside>\n<\/div>\n<\/div>\n<\/div>\n<\/div>\n<\/article>\n<div class=\"td-post-content tagdiv-type\">\n<p class=\"wp-block-paragraph\">O eclips\u0103 par\u021bial\u0103 de Soare va putea fi observat\u0103 ast\u0103zi, 12 august 2026, \u0219i din Timi\u0219oara. Fenomenul astronomic va avea loc \u00een ultimele minute \u00eenainte de apus, iar pentru timi\u0219oreni momentul de \u00eenceput este programat la ora 20:24. Maximul eclipsei va fi atins \u00een jurul orei 20:45, c\u00e2nd Luna va acoperi aproximativ 28,5% din discul solar.<\/p>\n<p class=\"wp-block-paragraph\">Timpul \u00een care fenomenul va putea fi urm\u0103rit din ora\u0219 va fi foarte scurt, deoarece Soarele va apune la Timi\u0219oara \u00een jurul orei 20:48. Practic, cei care vor s\u0103 vad\u0103 eclipsa trebuie s\u0103 aib\u0103 o vedere c\u00e2t mai liber\u0103 spre vest \u0219i s\u0103 fie preg\u0103ti\u021bi \u00eenainte de ora 20:24. :contentReference[oaicite:0]{index=0}<\/p>\n<h2 class=\"wp-block-heading\">Eclipsa de Soare \u00eencepe la Timi\u0219oara la ora 20:24<\/h2>\n<p class=\"wp-block-paragraph\">Pentru Timi\u0219oara, eclipsa par\u021bial\u0103 \u00eencepe \u00een aceast\u0103 sear\u0103 la ora 20:24. Luna va \u00eencepe s\u0103 treac\u0103 prin fa\u021ba discului solar, iar acoperirea va cre\u0219te treptat \u00een urm\u0103toarele minute.<\/p>\n<p class=\"wp-block-paragraph\">Momentul maxim este estimat pentru ora 20:45. Atunci, aproximativ 28,5% din suprafa\u021ba aparent\u0103 a Soarelui va fi acoperit\u0103 de Lun\u0103. La doar c\u00e2teva minute dup\u0103 acest moment, Soarele va cobor\u00ee sub orizont, astfel c\u0103 fenomenul nu va mai putea fi urm\u0103rit din ora\u0219.<\/p>\n<p class=\"wp-block-paragraph\">Pentru observarea eclipsei, alegerea locului este important\u0103. Cl\u0103dirile \u00eenalte, copacii sau alte obstacole aflate \u00een direc\u021bia apusului pot ascunde Soarele exact \u00een intervalul \u00een care eclipsa devine mai spectaculoas\u0103.<\/p>\n<h2 class=\"wp-block-heading\">Timi\u0219oara se afl\u0103 printre ora\u0219ele din vestul Rom\u00e2niei de unde eclipsa este vizibil\u0103<\/h2>\n<p class=\"wp-block-paragraph\">Eclipsa din 12 august este vizibil\u0103 doar par\u021bial din anumite regiuni ale Rom\u00e2niei, iar vestul \u021b\u0103rii se afl\u0103 printre zonele favorizate.<\/p>\n<p class=\"wp-block-paragraph\">\u00cen Timi\u0219oara, acoperirea maxim\u0103 va fi mai mic\u0103 dec\u00e2t \u00een localit\u0103\u021bile aflate mai aproape de extremitatea vestic\u0103 a \u021b\u0103rii. De exemplu, \u00een Beba Veche, \u00een jude\u021bul Timi\u0219, acoperirea discului solar va ajunge la aproximativ 38%, una dintre cele mai mari valori de pe teritoriul Rom\u00e2niei.<\/p>\n<p class=\"wp-block-paragraph\">Pentru timi\u0219oreni \u00eens\u0103, diferen\u021ba nu schimb\u0103 faptul c\u0103 fenomenul poate fi observat din ora\u0219. Condi\u021bia esen\u021bial\u0103 este ca orizontul vestic s\u0103 fie c\u00e2t mai liber \u00een intervalul 20:24\u201320:48. :contentReference[oaicite:1]{index=1}<\/p>\n<h2 class=\"wp-block-heading\">Eclipsa va avea loc aproape de apus<\/h2>\n<p class=\"wp-block-paragraph\">Particularitatea eclipsei vizibile din Timi\u0219oara este apropierea foarte mare de momentul apusului.<\/p>\n<p class=\"wp-block-paragraph\">La ora la care \u00eencepe fenomenul, Soarele va fi deja foarte aproape de orizont. Pe m\u0103sur\u0103 ce Luna va acoperi o parte din discul solar, Soarele va cobor\u00ee rapid, iar timpul efectiv de observa\u021bie va fi limitat.<\/p>\n<p class=\"wp-block-paragraph\">Maximul eclipsei este programat \u00een jurul orei 20:45, cu aproximativ trei minute \u00eenainte de apus. Din acest motiv, un punct de observa\u021bie cu vedere liber\u0103 spre vest poate face diferen\u021ba \u00eentre o observare bun\u0103 a fenomenului \u0219i una \u00een care Soarele este ascuns de cl\u0103diri sau vegeta\u021bie.<\/p>\n<p class=\"wp-block-paragraph\">Speciali\u0219tii recomand\u0103 ca cei interesa\u021bi s\u0103 ajung\u0103 la locul ales \u00eenainte de ora 20:24 \u0219i s\u0103 verifice din timp direc\u021bia \u00een care va apune Soarele.<\/p>\n<h2 class=\"wp-block-heading\">Nu privi\u021bi Soarele direct, nici \u00een timpul eclipsei<\/h2>\n<p class=\"wp-block-paragraph\">Faptul c\u0103 Soarele este par\u021bial acoperit nu \u00eenseamn\u0103 c\u0103 poate fi privit \u00een siguran\u021b\u0103 cu ochiul liber.<\/p>\n<p class=\"wp-block-paragraph\">Observarea eclipsei trebuie f\u0103cut\u0103 folosind ochelari speciali pentru eclipse sau filtre solare certificate, concepute pentru observarea direct\u0103 a Soarelui. Ochelarii de soare obi\u0219nui\u021bi nu ofer\u0103 protec\u021bia necesar\u0103, indiferent de c\u00e2t de \u00eentuneca\u021bi par.<\/p>\n<p class=\"wp-block-paragraph\">Aceea\u0219i regul\u0103 este valabil\u0103 pentru binocluri, aparate foto, camere video sau telescoape. Utilizarea acestora pentru privirea direct\u0103 c\u0103tre Soare f\u0103r\u0103 un filtru solar montat corespunz\u0103tor poate provoca leziuni grave ale ochilor \u0219i poate deteriora echipamentul.<\/p>\n<p class=\"wp-block-paragraph\">Pentru o observa\u021bie sigur\u0103, recomandarea este folosirea exclusiv\u0103 a unor echipamente \u0219i filtre destinate observa\u021biei solare. :contentReference[oaicite:2]{index=2}<\/p>\n<h2 class=\"wp-block-heading\">Ce trebuie s\u0103 \u0219tie timi\u0219orenii \u00eenainte de eclips\u0103<\/h2>\n<p class=\"wp-block-paragraph\">Cei care vor s\u0103 urm\u0103reasc\u0103 fenomenul din Timi\u0219oara nu au nevoie s\u0103 p\u0103r\u0103seasc\u0103 neap\u0103rat ora\u0219ul. Important este ca locul ales s\u0103 ofere o perspectiv\u0103 c\u00e2t mai bun\u0103 c\u0103tre vest, \u00een condi\u021biile \u00een care Soarele va fi foarte jos pe cer.<\/p>\n<p class=\"wp-block-paragraph\">Un balcon, o teras\u0103, o zon\u0103 deschis\u0103 sau un spa\u021biu f\u0103r\u0103 cl\u0103diri \u0219i copaci \u00een direc\u021bia apusului poate oferi o perspectiv\u0103 bun\u0103, cu condi\u021bia respect\u0103rii regulilor de protec\u021bie a ochilor.<\/p>\n<p class=\"wp-block-paragraph\">Pentru fotografii, trebuie \u021binut cont de faptul c\u0103 echipamentele optice necesit\u0103 protec\u021bie solar\u0103 adecvat\u0103. Nu este recomandat\u0103 fotografierea direct\u0103 a Soarelui prin obiectiv f\u0103r\u0103 un filtru special.<\/p>\n<h2 class=\"wp-block-heading\">Eclipsa din Timi\u0219oara, un fenomen de doar c\u00e2teva minute<\/h2>\n<p class=\"wp-block-paragraph\">Din cauza pozi\u021biei geografice a ora\u0219ului \u0219i a momentului \u00een care are loc fenomenul, eclipsa nu va fi un spectacol de lung\u0103 durat\u0103 la Timi\u0219oara.<\/p>\n<p class=\"wp-block-paragraph\">\u00centre ora 20:24, c\u00e2nd \u00eencepe eclipsa, \u0219i ora 20:48, c\u00e2nd Soarele apune, sunt aproximativ 24 de minute. Maximul de la 20:45 va fi foarte aproape de momentul \u00een care discul solar dispare sub orizont.<\/p>\n<p class=\"wp-block-paragraph\">Acesta este \u0219i motivul pentru care observarea eclipsei va depinde foarte mult de condi\u021biile de la orizont. Un cer senin nu este suficient dac\u0103 direc\u021bia spre vest este blocat\u0103 de cl\u0103diri, copaci sau alte obstacole.<\/p>\n<h2 class=\"wp-block-heading\">De ce eclipsa este total\u0103 \u00een Spania, dar doar par\u021bial\u0103 la Timi\u0219oara<\/h2>\n<p class=\"wp-block-paragraph\">Fenomenul din 12 august este o eclips\u0103 total\u0103 de Soare pe traseul principal al umbrei Lunii. Totalitatea va putea fi observat\u0103 \u00een anumite zone din Groenlanda, Islanda \u0219i nordul Spaniei, unde Luna va acoperi complet discul solar.<\/p>\n<p class=\"wp-block-paragraph\">La Timi\u0219oara, ora\u0219ul se afl\u0103 \u00een afara zonei \u00een care umbra Lunii acoper\u0103 complet Soarele. De aceea, din ora\u0219 eclipsa va fi vizibil\u0103 doar ca fenomen par\u021bial, cu aproximativ 28,5% din discul solar acoperit la momentul maxim. :contentReference[oaicite:3]{index=3}<\/p>\n<p class=\"wp-block-paragraph\">Diferen\u021ba dintre cele dou\u0103 situa\u021bii este determinat\u0103 de pozi\u021bia geografic\u0103 a fiec\u0103rui loc fa\u021b\u0103 de banda \u00eengust\u0103 traversat\u0103 de umbra Lunii. Astfel, \u00een Spania, fenomenul poate transforma pentru scurt timp ziua \u00een noapte, \u00een timp ce la Timi\u0219oara va putea fi observat\u0103 doar o por\u021biune acoperit\u0103 a Soarelui.<\/p>\n<h2 class=\"wp-block-heading\">Dup\u0103 eclips\u0103 urmeaz\u0103 Perseidele<\/h2>\n<p class=\"wp-block-paragraph\">Ziua de 12 august aduce pentru pasiona\u021bii de astronomie \u0219i un al doilea fenomen interesant. \u00cen aceast\u0103 perioad\u0103 este activ curentul de meteori Perseide, iar dup\u0103 l\u0103sarea \u00eentunericului pot fi urm\u0103rite \u0219i \u201estelele c\u0103z\u0103toare\u201d.<\/p>\n<p class=\"wp-block-paragraph\">Universitatea de Vest din Timi\u0219oara organizeaz\u0103, \u00een apropierea localit\u0103\u021bii Lucare\u021b, o sesiune de observa\u021bii astronomice care include at\u00e2t eclipsa de Soare, c\u00e2t \u0219i observa\u021bii nocturne ale Perseidelor. Evenimentul este programat s\u0103 continue dup\u0103 l\u0103sarea \u00eentunericului, cu prezent\u0103ri \u0219i observa\u021bii prin telescop. :contentReference[oaicite:4]{index=4}<\/p>\n<p class=\"wp-block-paragraph\">Pentru cei care r\u0103m\u00e2n \u00een Timi\u0219oara, \u00eens\u0103, eclipsa de Soare poate fi urm\u0103rit\u0103 f\u0103r\u0103 deplasare, cu condi\u021bia g\u0103sirii unui punct cu vedere liber\u0103 spre apus \u0219i a folosirii unei protec\u021bii oculare corespunz\u0103toare.<\/p>\n<h2 class=\"wp-block-heading\">Timi\u0219orenii au doar c\u00e2teva minute pentru spectacolul de pe cer<\/h2>\n<p class=\"wp-block-paragraph\">Eclipsa de Soare din 12 august 2026 va fi, pentru Timi\u0219oara, un fenomen scurt, dar neobi\u0219nuit. \u00cencepe la 20:24, ajunge la maximum \u00een jurul orei 20:45, iar Soarele apune la aproximativ 20:48.<\/p>\n<p class=\"wp-block-paragraph\">Pentru cei care vor s\u0103 o vad\u0103, cele mai importante lucruri sunt s\u0103 aleag\u0103 un loc cu orizont liber spre vest, s\u0103 fie acolo \u00eenainte de \u00eenceputul fenomenului \u0219i, mai ales, s\u0103 nu priveasc\u0103 Soarele f\u0103r\u0103 protec\u021bie special\u0103.<\/p>\n<p class=\"wp-block-paragraph\">Chiar dac\u0103 Timi\u0219oara nu se afl\u0103 pe traseul eclipsei totale, aproape o treime din discul solar va fi ascuns temporar de Lun\u0103. Iar pentru un ora\u0219 aflat at\u00e2t de aproape de marginea zonei de vizibilitate, apusul \u0219i eclipsa vor transforma ultimele minute de lumin\u0103 ale zilei \u00eentr-un spectacol astronomic rar.<\/p>\n<\/div>\n<p>[analyse_source url=&#8221;https:\/\/orasul-timisoara.ro\/local-40210\/&#8221;]<\/p>\n","protected":false},"excerpt":{"rendered":"<p>[analyse_image type=&#8221;featured&#8221; src=&#8221;https:\/\/orasul-timisoara.ro\/wp-content\/uploads\/2026\/08\/eclipsa-tm-1.jpg&#8221;] \u0218tiri LocaleSpectacol pe cer la Timi\u0219oara. Eclipsa de Soare \u00eencepe la 20:24 \u0218tiri Locale \u0218tiri na\u021bionale \u0219i interna\u021bionale Spectacol pe cer la Timi\u0219oara. Eclipsa de Soare \u00eencepe la 20:24 De c\u0103tre redactia &#8211; 12\/08\/2026 Facebook Twitter WhatsApp Linkedin ReddIt Email Imprimare O eclips\u0103 par\u021bial\u0103 de Soare va putea fi observat\u0103 ast\u0103zi, 12 [&hellip;]<\/p>\n","protected":false},"author":1,"featured_media":0,"comment_status":"open","ping_status":"","sticky":false,"template":"","format":"standard","meta":{"footnotes":""},"categories":[89],"tags":[226,189],"class_list":["post-2091993","post","type-post","status-publish","format-standard","hentry","category-romania","tag-crawlmanager","tag-orasul-timisoara-ro"],"_links":{"self":[{"href":"https:\/\/analyse.optim.biz\/index.php?rest_route=\/wp\/v2\/posts\/2091993","targetHints":{"allow":["GET"]}}],"collection":[{"href":"https:\/\/analyse.optim.biz\/index.php?rest_route=\/wp\/v2\/posts"}],"about":[{"href":"https:\/\/analyse.optim.biz\/index.php?rest_route=\/wp\/v2\/types\/post"}],"author":[{"embeddable":true,"href":"https:\/\/analyse.optim.biz\/index.php?rest_route=\/wp\/v2\/users\/1"}],"replies":[{"embeddable":true,"href":"https:\/\/analyse.optim.biz\/index.php?rest_route=%2Fwp%2Fv2%2Fcomments&post=2091993"}],"version-history":[{"count":0,"href":"https:\/\/analyse.optim.biz\/index.php?rest_route=\/wp\/v2\/posts\/2091993\/revisions"}],"wp:attachment":[{"href":"https:\/\/analyse.optim.biz\/index.php?rest_route=%2Fwp%2Fv2%2Fmedia&parent=2091993"}],"wp:term":[{"taxonomy":"category","embeddable":true,"href":"https:\/\/analyse.optim.biz\/index.php?rest_route=%2Fwp%2Fv2%2Fcategories&post=2091993"},{"taxonomy":"post_tag","embeddable":true,"href":"https:\/\/analyse.optim.biz\/index.php?rest_route=%2Fwp%2Fv2%2Ftags&post=2091993"}],"curies":[{"name":"wp","href":"https:\/\/api.w.org\/{rel}","templated":true}]}}