{"id":2091991,"date":"2026-08-12T00:44:03","date_gmt":"2026-08-11T21:44:03","guid":{"rendered":"https:\/\/analyse.optim.biz\/?p=2091991"},"modified":"2026-08-12T00:44:03","modified_gmt":"2026-08-11T21:44:03","slug":"ce-este-o-eclipsa-de-soare-si-cum-difera-cea-totala-de-cea-partiala","status":"publish","type":"post","link":"https:\/\/analyse.optim.biz\/?p=2091991","title":{"rendered":"Ce este o eclips\u0103 de soare \u0219i cum difer\u0103 cea total\u0103 de cea par\u021bial\u0103"},"content":{"rendered":"<p>[analyse_image type=&#8221;featured&#8221; src=&#8221;https:\/\/orasul-timisoara.ro\/wp-content\/uploads\/2026\/08\/eclipsa-totala-vs-eclipsa-partiala.jpg&#8221;]<\/p>\n<article id=\"post-40211\" class=\"td-post-template-7 post-40211 post type-post status-publish format-standard has-post-thumbnail category-featured category-stiri-nationale-si-internationale tag-astronomie tag-eclipsa-de-soare tag-eclipsa-din-2026 tag-eclipsa-inelara tag-eclipsa-partiala tag-eclipsa-totala tag-fenomene-astronomice tag-luna-2 tag-observatii-astronomice tag-pamant-2 tag-soare tag-stiinta td-container-wrap\">\n<div class=\"td-full-screen-header-image-wrap\">\n<div class=\"td-container td-post-header\">\n<div class=\"td-crumb-container\">\n<div class=\"entry-crumbs\"><span><a title=\"Vede\u021bi toate articolele \u00een \u0218tiri na\u021bionale \u0219i interna\u021bionale\" class=\"entry-crumb\" href=\"https:\/\/orasul-timisoara.ro\/local-category\/stiri-nationale-si-internationale\/\">\u0218tiri na\u021bionale \u0219i interna\u021bionale<\/a><\/span><span class=\"td-bred-no-url-last\">Ce este o eclips\u0103 de soare \u0219i cum difer\u0103 cea total\u0103 de&#8230;<\/span><\/div>\n<\/div>\n<div class=\"td-post-header-holder\">\n<div class=\"td-parallax-header\">\n<header class=\"td-post-title\">\n<ul class=\"td-category\">\n<li class=\"entry-category\"><a href=\"https:\/\/orasul-timisoara.ro\/local-category\/stiri-nationale-si-internationale\/\">\u0218tiri na\u021bionale \u0219i interna\u021bionale<\/a><\/li>\n<\/ul>\n<h1 class=\"entry-title\">Ce este o eclips\u0103 de soare \u0219i cum difer\u0103 cea total\u0103 de cea par\u021bial\u0103<\/h1>\n<div class=\"td-module-meta-info\">\n<div class=\"td-post-author-name\">\n<div class=\"td-author-by\">De c\u0103tre<\/div>\n<p><a href=\"https:\/\/orasul-timisoara.ro\/author\/timisoara\/\">redactia<\/a><\/p>\n<div class=\"td-author-line\"> &#8211; <\/div>\n<\/div>\n<p><span class=\"td-post-date\"><time class=\"entry-date updated td-module-date\" datetime=\"2026-08-12T03:44:03+03:00\">12\/08\/2026<\/time><\/span><\/div>\n<\/header>\n<\/div>\n<\/div>\n<\/div>\n<div id=\"td-full-screen-header-image\" class=\"td-image-gradient-style7\"><img decoding=\"async\" class=\"td-backstretch\" src=\"https:\/\/orasul-timisoara.ro\/wp-content\/uploads\/2026\/08\/eclipsa-totala-vs-eclipsa-partiala.jpg\"><\/div>\n<\/div>\n<div class=\"td-container\">\n<div class=\"td-pb-row\">\n<div class=\"td-pb-span8 td-main-content\" role=\"main\">\n<div class=\"td-ss-main-content\">\n<div class=\"td-post-sharing-top\">\n<div class=\"td-post-sharing-classic\"><iframe title=\"topFacebookLike\" frameborder src=\"https:\/\/www.facebook.com\/plugins\/like.php?href=https:\/\/orasul-timisoara.ro\/local-40211\/&amp;layout=button_count&amp;show_faces=false&amp;width=105&amp;action=like&amp;colorscheme=light&amp;height=21\"><\/iframe><\/div>\n<div id=\"td_social_sharing_article_top\" class=\"td-post-sharing td-ps-bg td-ps-notext td-post-sharing-style1 \">\n<div class=\"td-post-sharing-visible\"><a class=\"td-social-sharing-button td-social-sharing-button-js td-social-network td-social-facebook\" href=\"https:\/\/www.facebook.com\/sharer.php?u=https%3A%2F%2Forasul-timisoara.ro%2Flocal-40211%2F\" title=\"Facebook\"><\/p>\n<div class=\"td-social-but-text\">Facebook<\/div>\n<p><\/a><a class=\"td-social-sharing-button td-social-sharing-button-js td-social-network td-social-twitter\" href=\"https:\/\/twitter.com\/intent\/tweet?text=Ce+este+o+eclips%C4%83+de+soare+%C8%99i+cum+difer%C4%83+cea+total%C4%83+de+cea+par%C8%9Bial%C4%83&amp;url=https%3A%2F%2Forasul-timisoara.ro%2Flocal-40211%2F&amp;via=orasultm\" title=\"Twitter\"><\/p>\n<div class=\"td-social-but-text\">Twitter<\/div>\n<p><\/a><a class=\"td-social-sharing-button td-social-sharing-button-js td-social-network td-social-whatsapp\" href=\"https:\/\/api.whatsapp.com\/send?text=Ce+este+o+eclips%C4%83+de+soare+%C8%99i+cum+difer%C4%83+cea+total%C4%83+de+cea+par%C8%9Bial%C4%83%20%0A%0A%20https:\/\/orasul-timisoara.ro\/local-40211\/\" title=\"WhatsApp\"><\/p>\n<div class=\"td-social-but-text\">WhatsApp<\/div>\n<p><\/a><a class=\"td-social-sharing-button td-social-sharing-button-js td-social-network td-social-linkedin\" href=\"https:\/\/www.linkedin.com\/shareArticle?mini=true&amp;url=https:\/\/orasul-timisoara.ro\/local-40211\/&amp;title=Ce+este+o+eclips%C4%83+de+soare+%C8%99i+cum+difer%C4%83+cea+total%C4%83+de+cea+par%C8%9Bial%C4%83\" title=\"Linkedin\"><\/p>\n<div class=\"td-social-but-text\">Linkedin<\/div>\n<p><\/a><a class=\"td-social-sharing-button td-social-sharing-button-js td-social-network td-social-reddit\" href=\"https:\/\/reddit.com\/submit?url=https:\/\/orasul-timisoara.ro\/local-40211\/&amp;title=Ce+este+o+eclips%C4%83+de+soare+%C8%99i+cum+difer%C4%83+cea+total%C4%83+de+cea+par%C8%9Bial%C4%83\" title=\"ReddIt\"><\/p>\n<div class=\"td-social-but-text\">ReddIt<\/div>\n<p><\/a><a class=\"td-social-sharing-button td-social-sharing-button-js td-social-network td-social-mail\" href=\"mailto:?subject=Ce%20este%20o%20eclips%C4%83%20de%20soare%20%C8%99i%20cum%20difer%C4%83%20cea%20total%C4%83%20de%20cea%20par%C8%9Bial%C4%83&amp;body=https:\/\/orasul-timisoara.ro\/local-40211\/\" title=\"Email\"><\/p>\n<div class=\"td-social-but-text\">Email<\/div>\n<p><\/a><a class=\"td-social-sharing-button td-social-sharing-button-js td-social-network td-social-print\" href=\"https:\/\/orasul-timisoara.ro\/local-40211\/\" title=\"Imprimare\"><\/p>\n<div class=\"td-social-but-text\">Imprimare<\/div>\n<p><\/a><\/div>\n<\/div>\n<\/div>\n<div class=\"td-post-content tagdiv-type\">\n<p class=\"wp-block-paragraph\">O eclips\u0103 de soare este unul dintre cele mai spectaculoase fenomene astronomice \u0219i apare atunci c\u00e2nd Luna trece \u00eentre Soare \u0219i P\u0103m\u00e2nt, bloc\u00e2nd total sau par\u021bial lumina solar\u0103 pentru anumite zone de pe suprafa\u021ba Terrei. Fenomenul are loc numai \u00een apropierea fazei de Lun\u0103 nou\u0103, atunci c\u00e2nd Soarele, Luna \u0219i P\u0103m\u00e2ntul ajung suficient de bine aliniate.<\/p>\n<p class=\"wp-block-paragraph\">Diferen\u021ba dintre o eclips\u0103 total\u0103 \u0219i una par\u021bial\u0103 este dat\u0103 de pozi\u021bia observatorului fa\u021b\u0103 de umbra Lunii. \u00cen timpul unei eclipse totale, discul Soarelui este acoperit complet pentru cei afla\u021bi pe traseul umbrei centrale, \u00een timp ce la o eclips\u0103 par\u021bial\u0103 Luna acoper\u0103 doar o parte din discul solar. NASA clasific\u0103 eclipsele de Soare \u00een patru categorii: totale, par\u021biale, inelare \u0219i hibride. :contentReference[oaicite:0]{index=0}<\/p>\n<h2 class=\"wp-block-heading\">Cum se produce o eclips\u0103 de soare<\/h2>\n<p class=\"wp-block-paragraph\">O eclips\u0103 de soare apare atunci c\u00e2nd Luna se pozi\u021bioneaz\u0103 \u00eentre Soare \u0219i P\u0103m\u00e2nt. Luna proiecteaz\u0103 \u00een acel moment o umbr\u0103 asupra suprafe\u021bei Terrei, iar oamenii afla\u021bi \u00een diferite zone ale acestei umbre pot vedea fenomene diferite.<\/p>\n<p class=\"wp-block-paragraph\">Umbra Lunii are dou\u0103 componente importante. Umbra central\u0103, numit\u0103 umbr\u0103 sau \u201eumbra\u201d propriu-zis\u0103, este zona \u00een care Soarele poate fi ascuns complet. \u00cen exterior se afl\u0103 penumbra, unde doar o parte din discul solar este acoperit\u0103. :contentReference[oaicite:1]{index=1}<\/p>\n<p class=\"wp-block-paragraph\">Alinierea perfect\u0103 nu se produce la fiecare Lun\u0103 nou\u0103. Orbita Lunii \u00een jurul P\u0103m\u00e2ntului este \u00eenclinat\u0103 fa\u021b\u0103 de planul \u00een care P\u0103m\u00e2ntul se deplaseaz\u0103 \u00een jurul Soarelui, astfel c\u0103, \u00een cea mai mare parte a lunilor, umbra Lunii trece pe l\u00e2ng\u0103 P\u0103m\u00e2nt.<\/p>\n<p class=\"wp-block-paragraph\">Perioadele \u00een care Soarele, Luna \u0219i P\u0103m\u00e2ntul ajung \u00eentr-o configura\u021bie favorabil\u0103 producerii eclipselor sunt cunoscute drept sezoane de eclipse. Acestea apar de dou\u0103 ori pe an.<\/p>\n<h2 class=\"wp-block-heading\">Ce este o eclips\u0103 total\u0103 de soare<\/h2>\n<p class=\"wp-block-paragraph\">Eclipsa total\u0103 de soare este situa\u021bia \u00een care Luna acoper\u0103 complet discul luminos al Soarelui pentru observatorii afla\u021bi pe traseul umbrei centrale a Lunii.<\/p>\n<p class=\"wp-block-paragraph\">\u00cen acele c\u00e2teva momente, partea str\u0103lucitoare a Soarelui este ascuns\u0103, iar atmosfera exterioar\u0103 a stelei, cunoscut\u0103 sub numele de coroan\u0103 solar\u0103, poate deveni vizibil\u0103. \u00cen mod normal, luminozitatea suprafe\u021bei Soarelui este at\u00e2t de mare \u00eenc\u00e2t coroana nu poate fi observat\u0103 cu ochiul liber. :contentReference[oaicite:2]{index=2}<\/p>\n<p class=\"wp-block-paragraph\">Cerul se \u00eentunec\u0103 rapid, temperatura poate sc\u0103dea, iar lumina ambiental\u0103 cap\u0103t\u0103 un aspect neobi\u0219nuit. Fenomenul este \u00eens\u0103 foarte localizat: traseul totalit\u0103\u021bii este o band\u0103 \u00eengust\u0103 pe suprafa\u021ba P\u0103m\u00e2ntului.<\/p>\n<p class=\"wp-block-paragraph\">Pentru observatorii afla\u021bi \u00een afara acestei benzi, chiar dac\u0103 eclipsa este vizibil\u0103 \u00een aceea\u0219i regiune a lumii, Soarele nu va fi acoperit complet.<\/p>\n<h2 class=\"wp-block-heading\">Ce este o eclips\u0103 par\u021bial\u0103 de soare<\/h2>\n<p class=\"wp-block-paragraph\">La o eclips\u0103 par\u021bial\u0103, Soarele, Luna \u0219i P\u0103m\u00e2ntul nu sunt perfect aliniate din perspectiva observatorului, iar Luna acoper\u0103 doar o parte din discul solar.<\/p>\n<p class=\"wp-block-paragraph\">Din aceast\u0103 cauz\u0103, Soarele poate p\u0103rea c\u0103 are o \u201emu\u0219c\u0103tur\u0103\u201d \u00eentunecat\u0103 pe una dintre margini. Pe m\u0103sur\u0103 ce Luna se deplaseaz\u0103 \u00een fa\u021ba Soarelui, partea acoperit\u0103 cre\u0219te, atinge un maximum \u0219i apoi \u00eencepe s\u0103 scad\u0103.<\/p>\n<p class=\"wp-block-paragraph\">O eclips\u0103 par\u021bial\u0103 poate fi observat\u0103 de pe o suprafa\u021b\u0103 mult mai mare dec\u00e2t o eclips\u0103 total\u0103, deoarece penumbra Lunii se \u00eentinde pe o zon\u0103 mult mai larg\u0103. Tocmai de aceea, acela\u0219i eveniment astronomic poate fi total \u00eentr-o anumit\u0103 \u021bar\u0103 \u0219i doar par\u021bial \u00eentr-o alt\u0103 zon\u0103 aflat\u0103 la sute sau chiar mii de kilometri distan\u021b\u0103. :contentReference[oaicite:3]{index=3}<\/p>\n<h2 class=\"wp-block-heading\">Diferen\u021ba esen\u021bial\u0103 dintre eclipsa total\u0103 \u0219i cea par\u021bial\u0103<\/h2>\n<p class=\"wp-block-paragraph\">Cea mai simpl\u0103 diferen\u021b\u0103 este cantitatea din discul solar acoperit\u0103 de Lun\u0103.<\/p>\n<p class=\"wp-block-paragraph\">La eclipsa total\u0103, Luna ajunge s\u0103 acopere \u00eentregul disc solar pentru observatorii afla\u021bi \u00een calea totalit\u0103\u021bii. La eclipsa par\u021bial\u0103, o parte din Soare r\u0103m\u00e2ne permanent vizibil\u0103 pe durata fenomenului.<\/p>\n<p class=\"wp-block-paragraph\">Aceast\u0103 diferen\u021b\u0103 schimb\u0103 radical aspectul fenomenului. \u00cen timpul totalit\u0103\u021bii, cerul se poate \u00eentuneca vizibil \u0219i coroana solar\u0103 poate fi observat\u0103. \u00cen cazul unei eclipse par\u021biale, lumina zilei nu dispare \u00een acela\u0219i mod, deoarece o parte a suprafe\u021bei luminoase a Soarelui r\u0103m\u00e2ne vizibil\u0103.<\/p>\n<p class=\"wp-block-paragraph\">Exist\u0103 \u0219i alte dou\u0103 tipuri de eclipse solare. Eclipsa inelar\u0103 apare atunci c\u00e2nd Luna se afl\u0103 la o distan\u021b\u0103 suficient de mare de P\u0103m\u00e2nt \u00eenc\u00e2t discul s\u0103u aparent s\u0103 fie mai mic dec\u00e2t cel al Soarelui, l\u0103s\u00e2nd vizibil un inel luminos \u00een jurul Lunii. Eclipsa hibrid\u0103 este un caz rar \u00een care fenomenul poate fi total \u00een anumite zone \u0219i inelar \u00een altele. :contentReference[oaicite:4]{index=4}<\/p>\n<h2 class=\"wp-block-heading\">De ce Luna poate acoperi Soarele<\/h2>\n<p class=\"wp-block-paragraph\">De\u0219i Soarele este enorm mai mare dec\u00e2t Luna, cele dou\u0103 corpuri pot avea pe cer dimensiuni aparente comparabile.<\/p>\n<p class=\"wp-block-paragraph\">Motivul este distan\u021ba foarte mare p\u00e2n\u0103 la Soare, comparativ cu distan\u021ba dintre P\u0103m\u00e2nt \u0219i Lun\u0103. Soarele este mult mai mare, dar se afl\u0103 \u0219i mult mai departe, \u00een timp ce Luna este mult mai mic\u0103 \u0219i mult mai apropiat\u0103 de noi.<\/p>\n<p class=\"wp-block-paragraph\">Aceast\u0103 coinciden\u021b\u0103 de dimensiuni aparente permite Lunii s\u0103 acopere discul solar \u00een timpul unei eclipse totale. Dac\u0103 Luna ar fi fost mult mai mic\u0103 pe cer, nu am fi avut eclipse totale de soare, ci doar eclipse par\u021biale sau inelare.<\/p>\n<p class=\"wp-block-paragraph\">Distan\u021ba dintre Lun\u0103 \u0219i P\u0103m\u00e2nt se schimb\u0103 \u00eens\u0103 pe parcursul orbitei Lunii, motiv pentru care dimensiunea aparent\u0103 a Lunii poate influen\u021ba tipul eclipsei. :contentReference[oaicite:5]{index=5}<\/p>\n<h2 class=\"wp-block-heading\">Eclipsa total\u0103 nu \u00eenseamn\u0103 c\u0103 fenomenul este vizibil de oriunde<\/h2>\n<p class=\"wp-block-paragraph\">O concep\u021bie gre\u0219it\u0103 frecvent\u0103 este c\u0103, atunci c\u00e2nd are loc o eclips\u0103 total\u0103, aceasta poate fi v\u0103zut\u0103 ca fiind total\u0103 de pe \u00eentregul teritoriu unde este zi.<\/p>\n<p class=\"wp-block-paragraph\">\u00cen realitate, totalitatea este vizibil\u0103 doar dintr-o band\u0103 relativ \u00eengust\u0103, numit\u0103 traseul totalit\u0103\u021bii. \u00cen afara acestei zone, observatorii pot vedea o eclips\u0103 par\u021bial\u0103 sau, \u00een func\u021bie de pozi\u021bia lor, este posibil ca fenomenul s\u0103 nu fie vizibil deloc.<\/p>\n<p class=\"wp-block-paragraph\">Eclipsa din 12 august 2026 este un exemplu foarte bun. Ea este total\u0103 pe un traseu care traverseaz\u0103 Groenlanda, Islanda, nordul Rusiei, Oceanul Atlantic \u0219i Spania, precum \u0219i o mic\u0103 zon\u0103 din Portugalia. \u00cen multe alte regiuni ale Europei, fenomenul este vizibil doar par\u021bial. :contentReference[oaicite:6]{index=6}<\/p>\n<h2 class=\"wp-block-heading\">De ce o eclips\u0103 par\u021bial\u0103 trebuie observat\u0103 cu protec\u021bie<\/h2>\n<p class=\"wp-block-paragraph\">Faptul c\u0103 Soarele este acoperit par\u021bial nu \u00eel face sigur pentru privire direct\u0103.<\/p>\n<p class=\"wp-block-paragraph\">\u00cen timpul unei eclipse par\u021biale, o parte din suprafa\u021ba str\u0103lucitoare a Soarelui r\u0103m\u00e2ne vizibil\u0103, iar privirea direct\u0103 f\u0103r\u0103 protec\u021bie special\u0103 poate produce leziuni grave ale ochilor. Ochelarii de soare obi\u0219nui\u021bi nu sunt suficien\u021bi.<\/p>\n<p class=\"wp-block-paragraph\">Pentru observarea direct\u0103 sunt necesare filtre solare sau ochelari speciali pentru eclipse, destina\u021bi acestui scop \u0219i conformi cu standardele de siguran\u021b\u0103 relevante. De asemenea, nu trebuie privit Soarele printr-un aparat foto, binoclu sau telescop f\u0103r\u0103 un filtru solar special montat corespunz\u0103tor pe partea frontal\u0103 a instrumentului. :contentReference[oaicite:7]{index=7}<\/p>\n<p class=\"wp-block-paragraph\">Exist\u0103 \u0219i metode indirecte de observare, precum proiectarea imaginii Soarelui printr-un dispozitiv de tip \u201epinhole\u201d, care permit urm\u0103rirea formei eclipsei f\u0103r\u0103 privirea direct\u0103 c\u0103tre Soare.<\/p>\n<h2 class=\"wp-block-heading\">Un fenomen astronomic rar, dar nu imposibil de \u00eent\u00e2lnit<\/h2>\n<p class=\"wp-block-paragraph\">Eclipsele de soare nu sunt evenimente extrem de rare la nivelul \u00eentregului P\u0103m\u00e2nt. Problema este c\u0103 o anumit\u0103 localitate poate a\u0219tepta foarte mult p\u00e2n\u0103 c\u00e2nd o eclips\u0103 interesant\u0103 devine vizibil\u0103 acolo.<\/p>\n<p class=\"wp-block-paragraph\">O eclips\u0103 total\u0103 este vizibil\u0103 doar de-a lungul traseului \u00eengust al umbrei Lunii, iar acest traseu se schimb\u0103 de la un eveniment la altul. Astfel, pentru un observator dintr-un anumit ora\u0219, trecerea de la o eclips\u0103 par\u021bial\u0103 la una total\u0103 poate reprezenta o diferen\u021b\u0103 de zeci de ani sau chiar mai mult.<\/p>\n<p class=\"wp-block-paragraph\">\u00cen cazul eclipsei din 12 august 2026, cea mai mare parte a Europei va vedea fenomenul par\u021bial, \u00een timp ce doar anumite zone se vor afla pe traseul totalit\u0103\u021bii. :contentReference[oaicite:8]{index=8}<\/p>\n<h2 class=\"wp-block-heading\">Eclipsa de soare, explicat\u0103 simplu<\/h2>\n<p class=\"wp-block-paragraph\">Pe scurt, o eclips\u0103 de soare apare atunci c\u00e2nd Luna trece \u00eentre Soare \u0219i P\u0103m\u00e2nt \u0219i blocheaz\u0103 lumina solar\u0103 pentru o anumit\u0103 zon\u0103 a planetei.<\/p>\n<p class=\"wp-block-paragraph\">Dac\u0103 Luna acoper\u0103 complet Soarele pentru observatorii afla\u021bi \u00een umbra central\u0103, avem o eclips\u0103 total\u0103. Dac\u0103 acoper\u0103 doar o parte din discul solar, avem o eclips\u0103 par\u021bial\u0103. Dac\u0103 Luna pare prea mic\u0103 pentru a acoperi complet Soarele \u0219i r\u0103m\u00e2ne vizibil un inel luminos, fenomenul este o eclips\u0103 inelar\u0103.<\/p>\n<p class=\"wp-block-paragraph\">Diferen\u021ba nu \u021bine, a\u0219adar, de existen\u021ba unor eclipse \u201emai puternice\u201d sau \u201emai slabe\u201d, ci \u00een primul r\u00e2nd de geometria precis\u0103 a sistemului Soare\u2013Lun\u0103\u2013P\u0103m\u00e2nt \u0219i de locul de pe P\u0103m\u00e2nt din care fenomenul este observat.<\/p>\n<\/div>\n<footer>\n<div class=\"td-post-source-tags\">\n<ul class=\"td-tags td-post-small-box clearfix\">\n<li><span>ETICHETE<\/span><\/li>\n<li><a href=\"https:\/\/orasul-timisoara.ro\/local-tag\/astronomie\/\">astronomie<\/a><\/li>\n<li><a href=\"https:\/\/orasul-timisoara.ro\/local-tag\/eclipsa-de-soare\/\">eclips\u0103 de Soare<\/a><\/li>\n<li><a href=\"https:\/\/orasul-timisoara.ro\/local-tag\/eclipsa-din-2026\/\">eclipsa din 2026<\/a><\/li>\n<li><a href=\"https:\/\/orasul-timisoara.ro\/local-tag\/eclipsa-inelara\/\">eclips\u0103 inelar\u0103<\/a><\/li>\n<li><a href=\"https:\/\/orasul-timisoara.ro\/local-tag\/eclipsa-partiala\/\">eclips\u0103 par\u021bial\u0103<\/a><\/li>\n<li><a href=\"https:\/\/orasul-timisoara.ro\/local-tag\/eclipsa-totala\/\">eclips\u0103 total\u0103<\/a><\/li>\n<li><a href=\"https:\/\/orasul-timisoara.ro\/local-tag\/fenomene-astronomice\/\">fenomene astronomice<\/a><\/li>\n<li><a href=\"https:\/\/orasul-timisoara.ro\/local-tag\/luna-2\/\">Lun\u0103<\/a><\/li>\n<li><a href=\"https:\/\/orasul-timisoara.ro\/local-tag\/observatii-astronomice\/\">observa\u021bii astronomice<\/a><\/li>\n<li><a href=\"https:\/\/orasul-timisoara.ro\/local-tag\/pamant-2\/\">P\u0103m\u00e2nt<\/a><\/li>\n<li><a href=\"https:\/\/orasul-timisoara.ro\/local-tag\/soare\/\">soare<\/a><\/li>\n<li><a href=\"https:\/\/orasul-timisoara.ro\/local-tag\/stiinta\/\">\u0219tiin\u021b\u0103<\/a><\/li>\n<\/ul>\n<\/div>\n<div class=\"td-post-sharing-bottom\">\n<div class=\"td-post-sharing-classic\"><iframe title=\"bottomFacebookLike\" frameborder src=\"https:\/\/www.facebook.com\/plugins\/like.php?href=https:\/\/orasul-timisoara.ro\/local-40211\/&amp;layout=button_count&amp;show_faces=false&amp;width=105&amp;action=like&amp;colorscheme=light&amp;height=21\"><\/iframe><\/div>\n<div id=\"td_social_sharing_article_bottom\" class=\"td-post-sharing td-ps-bg td-ps-notext td-post-sharing-style1 \">\n<div class=\"td-post-sharing-visible\"><a class=\"td-social-sharing-button td-social-sharing-button-js td-social-network td-social-facebook\" href=\"https:\/\/www.facebook.com\/sharer.php?u=https%3A%2F%2Forasul-timisoara.ro%2Flocal-40211%2F\" title=\"Facebook\"><\/p>\n<div class=\"td-social-but-text\">Facebook<\/div>\n<p><\/a><a class=\"td-social-sharing-button td-social-sharing-button-js td-social-network td-social-twitter\" href=\"https:\/\/twitter.com\/intent\/tweet?text=Ce+este+o+eclips%C4%83+de+soare+%C8%99i+cum+difer%C4%83+cea+total%C4%83+de+cea+par%C8%9Bial%C4%83&amp;url=https%3A%2F%2Forasul-timisoara.ro%2Flocal-40211%2F&amp;via=orasultm\" title=\"Twitter\"><\/p>\n<div class=\"td-social-but-text\">Twitter<\/div>\n<p><\/a><a class=\"td-social-sharing-button td-social-sharing-button-js td-social-network td-social-whatsapp\" href=\"https:\/\/api.whatsapp.com\/send?text=Ce+este+o+eclips%C4%83+de+soare+%C8%99i+cum+difer%C4%83+cea+total%C4%83+de+cea+par%C8%9Bial%C4%83%20%0A%0A%20https:\/\/orasul-timisoara.ro\/local-40211\/\" title=\"WhatsApp\"><\/p>\n<div class=\"td-social-but-text\">WhatsApp<\/div>\n<p><\/a><a class=\"td-social-sharing-button td-social-sharing-button-js td-social-network td-social-linkedin\" href=\"https:\/\/www.linkedin.com\/shareArticle?mini=true&amp;url=https:\/\/orasul-timisoara.ro\/local-40211\/&amp;title=Ce+este+o+eclips%C4%83+de+soare+%C8%99i+cum+difer%C4%83+cea+total%C4%83+de+cea+par%C8%9Bial%C4%83\" title=\"Linkedin\"><\/p>\n<div class=\"td-social-but-text\">Linkedin<\/div>\n<p><\/a><a class=\"td-social-sharing-button td-social-sharing-button-js td-social-network td-social-reddit\" href=\"https:\/\/reddit.com\/submit?url=https:\/\/orasul-timisoara.ro\/local-40211\/&amp;title=Ce+este+o+eclips%C4%83+de+soare+%C8%99i+cum+difer%C4%83+cea+total%C4%83+de+cea+par%C8%9Bial%C4%83\" title=\"ReddIt\"><\/p>\n<div class=\"td-social-but-text\">ReddIt<\/div>\n<p><\/a><a class=\"td-social-sharing-button td-social-sharing-button-js td-social-network td-social-mail\" href=\"mailto:?subject=Ce%20este%20o%20eclips%C4%83%20de%20soare%20%C8%99i%20cum%20difer%C4%83%20cea%20total%C4%83%20de%20cea%20par%C8%9Bial%C4%83&amp;body=https:\/\/orasul-timisoara.ro\/local-40211\/\" title=\"Email\"><\/p>\n<div class=\"td-social-but-text\">Email<\/div>\n<p><\/a><a class=\"td-social-sharing-button td-social-sharing-button-js td-social-network td-social-print\" href=\"https:\/\/orasul-timisoara.ro\/local-40211\/\" title=\"Imprimare\"><\/p>\n<div class=\"td-social-but-text\">Imprimare<\/div>\n<p><\/a><\/div>\n<\/div>\n<\/div>\n<div class=\"td-block-row td-post-next-prev\">\n<div class=\"td-block-span6 td-post-prev-post\">\n<div class=\"td-post-next-prev-content\"><span>Articolul precedent<\/span><a href=\"https:\/\/orasul-timisoara.ro\/local-40207\/\">Peste 600.000 de euro pentru utilit\u0103\u021bi \u00eentr-o zon\u0103 agricol\u0103 din S\u00e2nandrei. \u201eDe ce aici \u0219i de ce acum?\u201d, \u00eentreab\u0103 un consilier local<\/a><\/div>\n<\/div>\n<div class=\"td-block-span6 td-post-next-post\">\n<div class=\"td-post-next-prev-content\"><span>Articolul urm\u0103tor<\/span><a href=\"https:\/\/orasul-timisoara.ro\/local-40210\/\">Spectacol pe cer la Timi\u0219oara. Eclipsa de Soare \u00eencepe la 20:24<\/a><\/div>\n<\/div>\n<\/div>\n<div class=\"td-author-name vcard author\"><span class=\"fn\"><a href=\"https:\/\/orasul-timisoara.ro\/author\/timisoara\/\">redactia<\/a><\/span><\/div>\n<p><span class=\"td-page-meta\"><\/span><span class=\"td-page-meta\"><span class=\"td-page-meta\"><\/span><\/span><span class=\"td-page-meta\"><\/span><\/footer>\n<div class=\"td_block_wrap td_block_related_posts tdi_3 td_with_ajax_pagination td-pb-border-top td_block_template_8\" data-td-block-uid=\"tdi_3\">\n<h4 class=\"td-related-title td-block-title\"><a id=\"tdi_4\" class=\"td-related-left td-cur-simple-item\" data-td_filter_value data-td_block_id=\"tdi_3\" href=\"https:\/\/orasul-timisoara.ro\/local-40211\/\">ARTICOLE SIMILARE<\/a><a id=\"tdi_5\" class=\"td-related-right\" data-td_filter_value=\"td_related_more_from_author\" data-td_block_id=\"tdi_3\" href=\"https:\/\/orasul-timisoara.ro\/local-40211\/\">DE LA ACELA\u0218I AUTOR<\/a><\/h4>\n<div id=\"tdi_3\" class=\"td_block_inner\">\n<div class=\"td-related-row\">\n<div class=\"td-related-span4\">\n<div class=\"td_module_related_posts td-animation-stack td_mod_related_posts\">\n<div class=\"td-module-image\">\n<div class=\"td-module-thumb\"><a href=\"https:\/\/orasul-timisoara.ro\/local-40226\/\" rel=\"bookmark\" class=\"td-image-wrap \" title=\"Medicul oftalmolog Alexandra Preda avertizeaz\u0103: Nu privi\u021bi eclipsa de Soare cu ochiul liber\"><img loading=\"lazy\" decoding=\"async\" class=\"entry-thumb\" src=\"https:\/\/orasul-timisoara.ro\/wp-content\/uploads\/2026\/08\/slrexandra-preda-catedrala-436x300.jpg\" alt title=\"Medicul oftalmolog Alexandra Preda avertizeaz\u0103: Nu privi\u021bi eclipsa de Soare cu ochiul liber\" width=\"218\" height=\"150\"><\/a><\/div>\n<\/div>\n<div class=\"item-details\">\n<h3 class=\"entry-title td-module-title\"><a href=\"https:\/\/orasul-timisoara.ro\/local-40226\/\" rel=\"bookmark\" title=\"Medicul oftalmolog Alexandra Preda avertizeaz\u0103: Nu privi\u021bi eclipsa de Soare cu ochiul liber\">Medicul oftalmolog Alexandra Preda avertizeaz\u0103: Nu privi\u021bi eclipsa de Soare cu ochiul liber<\/a><\/h3>\n<\/div>\n<\/div>\n<\/div>\n<div class=\"td-related-span4\">\n<div class=\"td_module_related_posts td-animation-stack td_mod_related_posts\">\n<div class=\"td-module-image\">\n<div class=\"td-module-thumb\"><a href=\"https:\/\/orasul-timisoara.ro\/local-40223\/\" rel=\"bookmark\" class=\"td-image-wrap \" title=\"Eclipsele totale de Soare din zona Timi\u0219oarei: din anul 840 p\u00e2n\u0103 \u00een 2081\"><img loading=\"lazy\" decoding=\"async\" class=\"entry-thumb\" src=\"https:\/\/orasul-timisoara.ro\/wp-content\/uploads\/2026\/08\/piata-unirii-eclipsa-436x300.jpg\" alt title=\"Eclipsele totale de Soare din zona Timi\u0219oarei: din anul 840 p\u00e2n\u0103 \u00een 2081\" width=\"218\" height=\"150\"><\/a><\/div>\n<\/div>\n<div class=\"item-details\">\n<h3 class=\"entry-title td-module-title\"><a href=\"https:\/\/orasul-timisoara.ro\/local-40223\/\" rel=\"bookmark\" title=\"Eclipsele totale de Soare din zona Timi\u0219oarei: din anul 840 p\u00e2n\u0103 \u00een 2081\">Eclipsele totale de Soare din zona Timi\u0219oarei: din anul 840 p\u00e2n\u0103 \u00een 2081<\/a><\/h3>\n<\/div>\n<\/div>\n<\/div>\n<div class=\"td-related-span4\">\n<div class=\"td_module_related_posts td-animation-stack td_mod_related_posts\">\n<div class=\"td-module-image\">\n<div class=\"td-module-thumb\"><a href=\"https:\/\/orasul-timisoara.ro\/local-40220\/\" rel=\"bookmark\" class=\"td-image-wrap \" title=\"Eclipsele de Soare la Timi\u0219oara: c\u00e2nd au fost \u0219i c\u00e2nd urmeaz\u0103\"><img loading=\"lazy\" decoding=\"async\" class=\"entry-thumb\" src=\"https:\/\/orasul-timisoara.ro\/wp-content\/uploads\/2026\/08\/cer-timisorean-cu-eclipse-436x300.jpg\" alt title=\"Eclipsele de Soare la Timi\u0219oara: c\u00e2nd au fost \u0219i c\u00e2nd urmeaz\u0103\" width=\"218\" height=\"150\"><\/a><\/div>\n<\/div>\n<div class=\"item-details\">\n<h3 class=\"entry-title td-module-title\"><a href=\"https:\/\/orasul-timisoara.ro\/local-40220\/\" rel=\"bookmark\" title=\"Eclipsele de Soare la Timi\u0219oara: c\u00e2nd au fost \u0219i c\u00e2nd urmeaz\u0103\">Eclipsele de Soare la Timi\u0219oara: c\u00e2nd au fost \u0219i c\u00e2nd urmeaz\u0103<\/a><\/h3>\n<\/div>\n<\/div>\n<\/div>\n<\/div>\n<\/div>\n<\/div>\n<div class=\"comments\" id=\"comments\">\n<div id=\"respond\" class=\"comment-respond\">\n<h3 id=\"reply-title\" class=\"comment-reply-title\">L\u0102SA\u021aI UN MESAJ<\/h3>\n<div class=\"comment-form-input-wrap td-form-comment\">\n<div class=\"td-warning-comment\">V\u0103 rug\u0103m s\u0103 introduce\u021bi comentariul dvs.!<\/div>\n<\/div>\n<div class=\"comment-form-input-wrap td-form-author\">\n<div class=\"td-warning-author\">Introduce\u021bi aici numele dvs.<\/div>\n<\/div>\n<div class=\"comment-form-input-wrap td-form-email\">\n<div class=\"td-warning-email-error\">A\u021bi introdus o adres\u0103 de e-mail incorect\u0103!<\/div>\n<div class=\"td-warning-email\">V\u0103 rug\u0103m s\u0103 introduce\u021bi adresa dvs. de e-mail aici<\/div>\n<\/div>\n<\/div>\n<p class=\"akismet_comment_form_privacy_notice\">Acest site folose\u0219te Akismet pentru a reduce spamul. <a href=\"https:\/\/akismet.com\/privacy\/\" target=\"_blank\" rel=\"nofollow noopener\">Afl\u0103 cum sunt procesate datele comentariilor tale<\/a>.<\/p>\n<\/div>\n<\/div>\n<\/div>\n<div class=\"td-pb-span4 td-main-sidebar\" role=\"complementary\">\n<div class=\"td-ss-main-sidebar\">\n<aside id=\"block-4\" class=\"td_block_template_8 widget block-4 widget_block widget_media_image\">\n<figure class=\"wp-block-image size-full\"><img loading=\"lazy\" decoding=\"async\" width=\"336\" height=\"280\" src=\"https:\/\/orasul-timisoara.ro\/wp-content\/uploads\/2024\/11\/ReTIM-Abonamentul-Verde-Google-Ads-336x280px.gif\" alt class=\"wp-image-29257\"><\/figure>\n<\/aside>\n<div class=\"td_block_wrap td_block_social_counter td_block_widget tdi_6 td-social-style5 td-social-boxed td-pb-border-top td_block_template_8\">\n<div class=\"td-block-title-wrap\">\n<h4 class=\"td-block-title\"><span>Urm\u0103re\u0219te-ne pe Social Media<\/span><\/h4>\n<\/div>\n<div class=\"td-social-list\">\n<div class=\"td_social_type td-pb-margin-side td_social_facebook\">\n<div class=\"td-social-box\"><span class=\"td_social_info td_social_info_counter\">344,595<\/span><span class=\"td_social_info td_social_info_name\">Fani<\/span><span class=\"td_social_button\"><a href=\"https:\/\/www.facebook.com\/247timisoara\" target=\"_blank\" rel=\"nofollow\">\u00cemi place<\/a><\/span><\/div>\n<\/div>\n<div class=\"td_social_type td-pb-margin-side td_social_instagram\">\n<div class=\"td-social-box\"><span class=\"td_social_info td_social_info_counter\">4,416<\/span><span class=\"td_social_info td_social_info_name\">Cititori<\/span><span class=\"td_social_button\"><a href=\"https:\/\/instagram.com\/orasultimisoararo\/\" target=\"_blank\" rel=\"nofollow\">Conecta\u021bi-v\u0103<\/a><\/span><\/div>\n<\/div>\n<div class=\"td_social_type td-pb-margin-side td_social_rss\">\n<div class=\"td-social-box\"><span class=\"td_social_info td_social_info_counter\">12,506<\/span><span class=\"td_social_info td_social_info_name\">Cititori<\/span><span class=\"td_social_button\"><a href=\"https:\/\/orasul-timisoara.ro\/feed\/\" target=\"_blank\" rel=\"nofollow\">Conecta\u021bi-v\u0103<\/a><\/span><\/div>\n<\/div>\n<div class=\"td_social_type td-pb-margin-side td_social_tiktok\">\n<div class=\"td-social-box\"><span class=\"td_social_info td_social_info_counter\">1,500<\/span><span class=\"td_social_info td_social_info_name\">Cititori<\/span><span class=\"td_social_button\"><a href=\"https:\/\/www.tiktok.com\/@orasultimisoara\" target=\"_blank\" rel=\"nofollow\">Conecta\u021bi-v\u0103<\/a><\/span><\/div>\n<\/div>\n<div class=\"td_social_type td-pb-margin-side td_social_twitter\">\n<div class=\"td-social-box\"><span class=\"td_social_info td_social_info_counter\">1,595<\/span><span class=\"td_social_info td_social_info_name\">Cititori<\/span><span class=\"td_social_button\"><a href=\"https:\/\/twitter.com\/orasultm\" target=\"_blank\" rel=\"nofollow\">Conecta\u021bi-v\u0103<\/a><\/span><\/div>\n<\/div>\n<div class=\"td_social_type td-pb-margin-side td_social_youtube\">\n<div class=\"td-social-box\"><span class=\"td_social_info td_social_info_counter\">3,506<\/span><span class=\"td_social_info td_social_info_name\">Abona\u021bi<\/span><span class=\"td_social_button\"><a href=\"https:\/\/www.youtube.com\/channel\/UCQNsQvs2XCSIm1Z-AHRturw?sub_confirmation=1\" target=\"_blank\" rel=\"nofollow\">Abona\u021bi-v\u0103<\/a><\/span><\/div>\n<\/div>\n<\/div>\n<\/div>\n<aside id=\"text-7\" class=\"td_block_template_8 widget text-7 widget_text\">\n<h4 class=\"td-block-title\"><span>C\u0103ut\u0103ri populare pe OTM<\/span><\/h4>\n<div class=\"textwidget\"><a href=\"https:\/\/orasul-timisoara.ro\/?s=timisoara\"><span>Timisoara<\/span><\/a><a href=\"https:\/\/orasul-timisoara.ro\/?s=calin+dobra\"><span>Calin Dobra<\/span><\/a><a href=\"https:\/\/orasul-timisoara.ro\/?s=primaria+timisoara\"><span>Primaria Timisoara<\/span><\/a><a href=\"https:\/\/orasul-timisoara.ro\/?s=dominic+fritz\"><span>Dominic Fritz<\/span><\/a><a href=\"https:\/\/orasul-timisoara.ro\/?s=nicolae+robu\"><span>Nicolae Robu<\/span><\/a><a href=\"https:\/\/orasul-timisoara.ro\/?s=consiliul+local+timisoara\">Consiliul Local Timisoara<\/a><a href=\"https:\/\/orasul-timisoara.ro\/?s=consiliul+judetean+timis\"><span>Consiliul Judetean Timis<\/span><\/a><a href=\"https:\/\/orasul-timisoara.ro\/?s=cjt\"><span>CJT<\/span><\/a><a href=\"https:\/\/orasul-timisoara.ro\/?s=Alfred+Simonis\"><span>Alfred Simonis<\/span><\/a><a href=\"https:\/\/orasul-timisoara.ro\/?s=PNL\"><span>PNL<\/span><\/a><a href=\"https:\/\/orasul-timisoara.ro\/?s=coronavirus\"><span>coronavirus<\/span><\/a><a href=\"https:\/\/orasul-timisoara.ro\/?s=teatru+timisoara\">teatru Timisoara<\/a><a href=\"https:\/\/orasul-timisoara.ro\/?s=restaurante\"><span>restaurante Timisoara<\/span><\/a><a href=\"https:\/\/orasul-timisoara.ro\/?s=diskoteka\"><span>Diskoteka<\/span><\/a><a href=\"https:\/\/orasul-timisoara.ro\/?s=iulius+town\"><span>Iulius Town<\/span><\/a><a href=\"https:\/\/orasul-timisoara.ro\/?s=iulius+mall\"><span>Iulius Mall<\/span><\/a><a href=\"https:\/\/orasul-timisoara.ro\/?s=stpt\"><span>STPT<\/span><\/a><a href=\"https:\/\/orasul-timisoara.ro\/?s=alin+nica\"><span>Alin Nica<\/span><\/a><a href=\"https:\/\/orasul-timisoara.ro\/?s=psd\"><span>PSD<\/span><\/a><a href=\"https:\/\/orasul-timisoara.ro\/?s=aeroport\"><span>Aeroportul International Timisoara<\/span><\/a><a href=\"https:\/\/orasul-timisoara.ro\/?s=babes\"><span>Spitalul Victor Babes Timisoara<\/span><\/a><a href=\"https:\/\/orasul-timisoara.ro\/?s=poli\"><span>Poli Timi\u0219oara<\/span><\/a><a href=\"https:\/\/orasul-timisoara.ro\/?s=carantina\"><span>carantina<\/span><\/a><a href=\"https:\/\/orasul-timisoara.ro\/?s=aquatim\"><span>Aquatim<\/span><\/a><a href=\"https:\/\/orasul-timisoara.ro\/local-category\/stiri-timisoara\/\"><span>Stiri Timisoara<\/span><\/a><a href=\"https:\/\/orasul-timisoara.ro\/local-category\/investitii-in-timisoara\/\"><span>Investi\u021bii in Timi\u0219oara<\/span><\/a><a href=\"https:\/\/orasul-timisoara.ro\/local-9463\/\"><span>shaorma<\/span><\/a><a href=\"https:\/\/orasul-timisoara.ro\/?s=trafic\"><span>trafic rutier<\/span><\/a><a href=\"https:\/\/orasul-timisoara.ro\/?s=politia\"><span>politia locala timisoara<\/span><\/a><a href=\"https:\/\/orasul-timisoara.ro\/?s=roxana\"><span>Roxana Iliescu<\/span><\/a><a href=\"https:\/\/orasul-timisoara.ro\/?s=colterm\"><span>Colterm<\/span><\/a><a href=\"https:\/\/orasul-timisoara.ro\/?s=latcau\"><span>Ruben La\u021bc\u0103u<\/span><\/a><a href=\"https:\/\/orasul-timisoara.ro\/?s=timis\"><span>\u0218tiri din Timi\u0219<\/span><\/a><a href=\"https:\/\/orasul-timisoara.ro\/?s=spital\"><span>Spitale din Timi\u0219oara<\/span><\/a><a href=\"https:\/\/orasul-timisoara.ro\/?s=tabara\"><span>Cosmin Tab\u0103r\u0103<\/span><\/a><\/div>\n<\/aside>\n<aside id=\"rss-2\" class=\"td_block_template_8 widget rss-2 widget_rss\">\n<h4 class=\"td-block-title\"><span><a class=\"rsswidget rss-widget-feed\" href=\"https:\/\/fashionfridays.ro\/feed\"><img decoding=\"async\" class=\"rss-widget-icon\" width=\"14\" height=\"14\" src=\"https:\/\/orasul-timisoara.ro\/wp-includes\/images\/rss.png\" alt=\"RSS\" loading=\"lazy\"><\/a><a class=\"rsswidget rss-widget-title\" href=\"https:\/\/fashionfridays.ro\/\">Fashion Fridays<\/a><\/span><\/h4>\n<ul>\n<li><a class=\"rsswidget\" href=\"https:\/\/fashionfridays.ro\/romania-devine-a-29-a-piata-vogue-o-noua-era-pentru-industria-locala-de-moda\/\">Rom\u00e2nia devine a 29-a pia\u021b\u0103 Vogue: o nou\u0103 er\u0103 pentru industria local\u0103 de mod\u0103<\/a>\n<div class=\"rssSummary\">Revista Vogue \u00ee\u0219i extinde prezen\u021ba global\u0103 \u0219i va fi lansat\u0103 oficial \u00een Rom\u00e2nia \u00een prim\u0103vara anului 2027, marc\u00e2nd intrarea pe cea de-a 29-a pia\u021b\u0103 interna\u021bional\u0103. Proiectul este realizat \u00een parteneriat cu AEMME Publishing, o companie media recent \u00eenfiin\u021bat\u0103, care va publica edi\u021bia local\u0103 sub licen\u021b\u0103. Noua edi\u021bie, Vogue Rom\u00e2nia, \u00ee\u0219i propune s\u0103 combine autoritatea global\u0103 [\u2026]<\/div>\n<\/li>\n<\/ul>\n<\/aside>\n<aside id=\"rss-4\" class=\"td_block_template_8 widget rss-4 widget_rss\">\n<h4 class=\"td-block-title\"><span><a class=\"rsswidget rss-widget-feed\" href=\"https:\/\/emasini.ro\/feed\"><img decoding=\"async\" class=\"rss-widget-icon\" width=\"14\" height=\"14\" src=\"https:\/\/orasul-timisoara.ro\/wp-includes\/images\/rss.png\" alt=\"RSS\" loading=\"lazy\"><\/a><a class=\"rsswidget rss-widget-title\" href=\"https:\/\/emasini.ro\/\">eMasini<\/a><\/span><\/h4>\n<ul>\n<li><a class=\"rsswidget\" href=\"https:\/\/emasini.ro\/bmw-testeaza-noul-i4-convertible-primul-cabrio-electric-accesibil-al-marcii\/\">BMW testeaz\u0103 noul i4 Convertible, primul cabrio electric accesibil al m\u0103rcii<\/a>\n<div class=\"rssSummary\">BMW accelereaz\u0103 dezvoltarea noii genera\u021bii de modele electrice bazate pe platforma Neue Klasse, iar unul dintre cele mai interesante proiecte aflate \u00een teste este viitorul BMW i4 Convertible. Prototipul camuflat a fost surprins pe \u0219osele, confirm\u00e2nd c\u0103 produc\u0103torul german preg\u0103te\u0219te o decapotabil\u0103 electric\u0103 destinat\u0103 unui segment \u00een care oferta este, \u00een prezent, extrem de limitat\u0103. [\u2026]<\/div>\n<\/li>\n<\/ul>\n<\/aside>\n<\/div>\n<\/div>\n<\/div>\n<\/div>\n<\/article>\n<div class=\"td-post-content tagdiv-type\">\n<p class=\"wp-block-paragraph\">O eclips\u0103 de soare este unul dintre cele mai spectaculoase fenomene astronomice \u0219i apare atunci c\u00e2nd Luna trece \u00eentre Soare \u0219i P\u0103m\u00e2nt, bloc\u00e2nd total sau par\u021bial lumina solar\u0103 pentru anumite zone de pe suprafa\u021ba Terrei. Fenomenul are loc numai \u00een apropierea fazei de Lun\u0103 nou\u0103, atunci c\u00e2nd Soarele, Luna \u0219i P\u0103m\u00e2ntul ajung suficient de bine aliniate.<\/p>\n<p class=\"wp-block-paragraph\">Diferen\u021ba dintre o eclips\u0103 total\u0103 \u0219i una par\u021bial\u0103 este dat\u0103 de pozi\u021bia observatorului fa\u021b\u0103 de umbra Lunii. \u00cen timpul unei eclipse totale, discul Soarelui este acoperit complet pentru cei afla\u021bi pe traseul umbrei centrale, \u00een timp ce la o eclips\u0103 par\u021bial\u0103 Luna acoper\u0103 doar o parte din discul solar. NASA clasific\u0103 eclipsele de Soare \u00een patru categorii: totale, par\u021biale, inelare \u0219i hibride. :contentReference[oaicite:0]{index=0}<\/p>\n<h2 class=\"wp-block-heading\">Cum se produce o eclips\u0103 de soare<\/h2>\n<p class=\"wp-block-paragraph\">O eclips\u0103 de soare apare atunci c\u00e2nd Luna se pozi\u021bioneaz\u0103 \u00eentre Soare \u0219i P\u0103m\u00e2nt. Luna proiecteaz\u0103 \u00een acel moment o umbr\u0103 asupra suprafe\u021bei Terrei, iar oamenii afla\u021bi \u00een diferite zone ale acestei umbre pot vedea fenomene diferite.<\/p>\n<p class=\"wp-block-paragraph\">Umbra Lunii are dou\u0103 componente importante. Umbra central\u0103, numit\u0103 umbr\u0103 sau \u201eumbra\u201d propriu-zis\u0103, este zona \u00een care Soarele poate fi ascuns complet. \u00cen exterior se afl\u0103 penumbra, unde doar o parte din discul solar este acoperit\u0103. :contentReference[oaicite:1]{index=1}<\/p>\n<p class=\"wp-block-paragraph\">Alinierea perfect\u0103 nu se produce la fiecare Lun\u0103 nou\u0103. Orbita Lunii \u00een jurul P\u0103m\u00e2ntului este \u00eenclinat\u0103 fa\u021b\u0103 de planul \u00een care P\u0103m\u00e2ntul se deplaseaz\u0103 \u00een jurul Soarelui, astfel c\u0103, \u00een cea mai mare parte a lunilor, umbra Lunii trece pe l\u00e2ng\u0103 P\u0103m\u00e2nt.<\/p>\n<p class=\"wp-block-paragraph\">Perioadele \u00een care Soarele, Luna \u0219i P\u0103m\u00e2ntul ajung \u00eentr-o configura\u021bie favorabil\u0103 producerii eclipselor sunt cunoscute drept sezoane de eclipse. Acestea apar de dou\u0103 ori pe an.<\/p>\n<h2 class=\"wp-block-heading\">Ce este o eclips\u0103 total\u0103 de soare<\/h2>\n<p class=\"wp-block-paragraph\">Eclipsa total\u0103 de soare este situa\u021bia \u00een care Luna acoper\u0103 complet discul luminos al Soarelui pentru observatorii afla\u021bi pe traseul umbrei centrale a Lunii.<\/p>\n<p class=\"wp-block-paragraph\">\u00cen acele c\u00e2teva momente, partea str\u0103lucitoare a Soarelui este ascuns\u0103, iar atmosfera exterioar\u0103 a stelei, cunoscut\u0103 sub numele de coroan\u0103 solar\u0103, poate deveni vizibil\u0103. \u00cen mod normal, luminozitatea suprafe\u021bei Soarelui este at\u00e2t de mare \u00eenc\u00e2t coroana nu poate fi observat\u0103 cu ochiul liber. :contentReference[oaicite:2]{index=2}<\/p>\n<p class=\"wp-block-paragraph\">Cerul se \u00eentunec\u0103 rapid, temperatura poate sc\u0103dea, iar lumina ambiental\u0103 cap\u0103t\u0103 un aspect neobi\u0219nuit. Fenomenul este \u00eens\u0103 foarte localizat: traseul totalit\u0103\u021bii este o band\u0103 \u00eengust\u0103 pe suprafa\u021ba P\u0103m\u00e2ntului.<\/p>\n<p class=\"wp-block-paragraph\">Pentru observatorii afla\u021bi \u00een afara acestei benzi, chiar dac\u0103 eclipsa este vizibil\u0103 \u00een aceea\u0219i regiune a lumii, Soarele nu va fi acoperit complet.<\/p>\n<h2 class=\"wp-block-heading\">Ce este o eclips\u0103 par\u021bial\u0103 de soare<\/h2>\n<p class=\"wp-block-paragraph\">La o eclips\u0103 par\u021bial\u0103, Soarele, Luna \u0219i P\u0103m\u00e2ntul nu sunt perfect aliniate din perspectiva observatorului, iar Luna acoper\u0103 doar o parte din discul solar.<\/p>\n<p class=\"wp-block-paragraph\">Din aceast\u0103 cauz\u0103, Soarele poate p\u0103rea c\u0103 are o \u201emu\u0219c\u0103tur\u0103\u201d \u00eentunecat\u0103 pe una dintre margini. Pe m\u0103sur\u0103 ce Luna se deplaseaz\u0103 \u00een fa\u021ba Soarelui, partea acoperit\u0103 cre\u0219te, atinge un maximum \u0219i apoi \u00eencepe s\u0103 scad\u0103.<\/p>\n<p class=\"wp-block-paragraph\">O eclips\u0103 par\u021bial\u0103 poate fi observat\u0103 de pe o suprafa\u021b\u0103 mult mai mare dec\u00e2t o eclips\u0103 total\u0103, deoarece penumbra Lunii se \u00eentinde pe o zon\u0103 mult mai larg\u0103. Tocmai de aceea, acela\u0219i eveniment astronomic poate fi total \u00eentr-o anumit\u0103 \u021bar\u0103 \u0219i doar par\u021bial \u00eentr-o alt\u0103 zon\u0103 aflat\u0103 la sute sau chiar mii de kilometri distan\u021b\u0103. :contentReference[oaicite:3]{index=3}<\/p>\n<h2 class=\"wp-block-heading\">Diferen\u021ba esen\u021bial\u0103 dintre eclipsa total\u0103 \u0219i cea par\u021bial\u0103<\/h2>\n<p class=\"wp-block-paragraph\">Cea mai simpl\u0103 diferen\u021b\u0103 este cantitatea din discul solar acoperit\u0103 de Lun\u0103.<\/p>\n<p class=\"wp-block-paragraph\">La eclipsa total\u0103, Luna ajunge s\u0103 acopere \u00eentregul disc solar pentru observatorii afla\u021bi \u00een calea totalit\u0103\u021bii. La eclipsa par\u021bial\u0103, o parte din Soare r\u0103m\u00e2ne permanent vizibil\u0103 pe durata fenomenului.<\/p>\n<p class=\"wp-block-paragraph\">Aceast\u0103 diferen\u021b\u0103 schimb\u0103 radical aspectul fenomenului. \u00cen timpul totalit\u0103\u021bii, cerul se poate \u00eentuneca vizibil \u0219i coroana solar\u0103 poate fi observat\u0103. \u00cen cazul unei eclipse par\u021biale, lumina zilei nu dispare \u00een acela\u0219i mod, deoarece o parte a suprafe\u021bei luminoase a Soarelui r\u0103m\u00e2ne vizibil\u0103.<\/p>\n<p class=\"wp-block-paragraph\">Exist\u0103 \u0219i alte dou\u0103 tipuri de eclipse solare. Eclipsa inelar\u0103 apare atunci c\u00e2nd Luna se afl\u0103 la o distan\u021b\u0103 suficient de mare de P\u0103m\u00e2nt \u00eenc\u00e2t discul s\u0103u aparent s\u0103 fie mai mic dec\u00e2t cel al Soarelui, l\u0103s\u00e2nd vizibil un inel luminos \u00een jurul Lunii. Eclipsa hibrid\u0103 este un caz rar \u00een care fenomenul poate fi total \u00een anumite zone \u0219i inelar \u00een altele. :contentReference[oaicite:4]{index=4}<\/p>\n<h2 class=\"wp-block-heading\">De ce Luna poate acoperi Soarele<\/h2>\n<p class=\"wp-block-paragraph\">De\u0219i Soarele este enorm mai mare dec\u00e2t Luna, cele dou\u0103 corpuri pot avea pe cer dimensiuni aparente comparabile.<\/p>\n<p class=\"wp-block-paragraph\">Motivul este distan\u021ba foarte mare p\u00e2n\u0103 la Soare, comparativ cu distan\u021ba dintre P\u0103m\u00e2nt \u0219i Lun\u0103. Soarele este mult mai mare, dar se afl\u0103 \u0219i mult mai departe, \u00een timp ce Luna este mult mai mic\u0103 \u0219i mult mai apropiat\u0103 de noi.<\/p>\n<p class=\"wp-block-paragraph\">Aceast\u0103 coinciden\u021b\u0103 de dimensiuni aparente permite Lunii s\u0103 acopere discul solar \u00een timpul unei eclipse totale. Dac\u0103 Luna ar fi fost mult mai mic\u0103 pe cer, nu am fi avut eclipse totale de soare, ci doar eclipse par\u021biale sau inelare.<\/p>\n<p class=\"wp-block-paragraph\">Distan\u021ba dintre Lun\u0103 \u0219i P\u0103m\u00e2nt se schimb\u0103 \u00eens\u0103 pe parcursul orbitei Lunii, motiv pentru care dimensiunea aparent\u0103 a Lunii poate influen\u021ba tipul eclipsei. :contentReference[oaicite:5]{index=5}<\/p>\n<h2 class=\"wp-block-heading\">Eclipsa total\u0103 nu \u00eenseamn\u0103 c\u0103 fenomenul este vizibil de oriunde<\/h2>\n<p class=\"wp-block-paragraph\">O concep\u021bie gre\u0219it\u0103 frecvent\u0103 este c\u0103, atunci c\u00e2nd are loc o eclips\u0103 total\u0103, aceasta poate fi v\u0103zut\u0103 ca fiind total\u0103 de pe \u00eentregul teritoriu unde este zi.<\/p>\n<p class=\"wp-block-paragraph\">\u00cen realitate, totalitatea este vizibil\u0103 doar dintr-o band\u0103 relativ \u00eengust\u0103, numit\u0103 traseul totalit\u0103\u021bii. \u00cen afara acestei zone, observatorii pot vedea o eclips\u0103 par\u021bial\u0103 sau, \u00een func\u021bie de pozi\u021bia lor, este posibil ca fenomenul s\u0103 nu fie vizibil deloc.<\/p>\n<p class=\"wp-block-paragraph\">Eclipsa din 12 august 2026 este un exemplu foarte bun. Ea este total\u0103 pe un traseu care traverseaz\u0103 Groenlanda, Islanda, nordul Rusiei, Oceanul Atlantic \u0219i Spania, precum \u0219i o mic\u0103 zon\u0103 din Portugalia. \u00cen multe alte regiuni ale Europei, fenomenul este vizibil doar par\u021bial. :contentReference[oaicite:6]{index=6}<\/p>\n<h2 class=\"wp-block-heading\">De ce o eclips\u0103 par\u021bial\u0103 trebuie observat\u0103 cu protec\u021bie<\/h2>\n<p class=\"wp-block-paragraph\">Faptul c\u0103 Soarele este acoperit par\u021bial nu \u00eel face sigur pentru privire direct\u0103.<\/p>\n<p class=\"wp-block-paragraph\">\u00cen timpul unei eclipse par\u021biale, o parte din suprafa\u021ba str\u0103lucitoare a Soarelui r\u0103m\u00e2ne vizibil\u0103, iar privirea direct\u0103 f\u0103r\u0103 protec\u021bie special\u0103 poate produce leziuni grave ale ochilor. Ochelarii de soare obi\u0219nui\u021bi nu sunt suficien\u021bi.<\/p>\n<p class=\"wp-block-paragraph\">Pentru observarea direct\u0103 sunt necesare filtre solare sau ochelari speciali pentru eclipse, destina\u021bi acestui scop \u0219i conformi cu standardele de siguran\u021b\u0103 relevante. De asemenea, nu trebuie privit Soarele printr-un aparat foto, binoclu sau telescop f\u0103r\u0103 un filtru solar special montat corespunz\u0103tor pe partea frontal\u0103 a instrumentului. :contentReference[oaicite:7]{index=7}<\/p>\n<p class=\"wp-block-paragraph\">Exist\u0103 \u0219i metode indirecte de observare, precum proiectarea imaginii Soarelui printr-un dispozitiv de tip \u201epinhole\u201d, care permit urm\u0103rirea formei eclipsei f\u0103r\u0103 privirea direct\u0103 c\u0103tre Soare.<\/p>\n<h2 class=\"wp-block-heading\">Un fenomen astronomic rar, dar nu imposibil de \u00eent\u00e2lnit<\/h2>\n<p class=\"wp-block-paragraph\">Eclipsele de soare nu sunt evenimente extrem de rare la nivelul \u00eentregului P\u0103m\u00e2nt. Problema este c\u0103 o anumit\u0103 localitate poate a\u0219tepta foarte mult p\u00e2n\u0103 c\u00e2nd o eclips\u0103 interesant\u0103 devine vizibil\u0103 acolo.<\/p>\n<p class=\"wp-block-paragraph\">O eclips\u0103 total\u0103 este vizibil\u0103 doar de-a lungul traseului \u00eengust al umbrei Lunii, iar acest traseu se schimb\u0103 de la un eveniment la altul. Astfel, pentru un observator dintr-un anumit ora\u0219, trecerea de la o eclips\u0103 par\u021bial\u0103 la una total\u0103 poate reprezenta o diferen\u021b\u0103 de zeci de ani sau chiar mai mult.<\/p>\n<p class=\"wp-block-paragraph\">\u00cen cazul eclipsei din 12 august 2026, cea mai mare parte a Europei va vedea fenomenul par\u021bial, \u00een timp ce doar anumite zone se vor afla pe traseul totalit\u0103\u021bii. :contentReference[oaicite:8]{index=8}<\/p>\n<h2 class=\"wp-block-heading\">Eclipsa de soare, explicat\u0103 simplu<\/h2>\n<p class=\"wp-block-paragraph\">Pe scurt, o eclips\u0103 de soare apare atunci c\u00e2nd Luna trece \u00eentre Soare \u0219i P\u0103m\u00e2nt \u0219i blocheaz\u0103 lumina solar\u0103 pentru o anumit\u0103 zon\u0103 a planetei.<\/p>\n<p class=\"wp-block-paragraph\">Dac\u0103 Luna acoper\u0103 complet Soarele pentru observatorii afla\u021bi \u00een umbra central\u0103, avem o eclips\u0103 total\u0103. Dac\u0103 acoper\u0103 doar o parte din discul solar, avem o eclips\u0103 par\u021bial\u0103. Dac\u0103 Luna pare prea mic\u0103 pentru a acoperi complet Soarele \u0219i r\u0103m\u00e2ne vizibil un inel luminos, fenomenul este o eclips\u0103 inelar\u0103.<\/p>\n<p class=\"wp-block-paragraph\">Diferen\u021ba nu \u021bine, a\u0219adar, de existen\u021ba unor eclipse \u201emai puternice\u201d sau \u201emai slabe\u201d, ci \u00een primul r\u00e2nd de geometria precis\u0103 a sistemului Soare\u2013Lun\u0103\u2013P\u0103m\u00e2nt \u0219i de locul de pe P\u0103m\u00e2nt din care fenomenul este observat.<\/p>\n<\/div>\n<p>[analyse_source url=&#8221;https:\/\/orasul-timisoara.ro\/local-40211\/&#8221;]<\/p>\n","protected":false},"excerpt":{"rendered":"<p>[analyse_image type=&#8221;featured&#8221; src=&#8221;https:\/\/orasul-timisoara.ro\/wp-content\/uploads\/2026\/08\/eclipsa-totala-vs-eclipsa-partiala.jpg&#8221;] \u0218tiri na\u021bionale \u0219i interna\u021bionaleCe este o eclips\u0103 de soare \u0219i cum difer\u0103 cea total\u0103 de&#8230; \u0218tiri na\u021bionale \u0219i interna\u021bionale Ce este o eclips\u0103 de soare \u0219i cum difer\u0103 cea total\u0103 de cea par\u021bial\u0103 De c\u0103tre redactia &#8211; 12\/08\/2026 Facebook Twitter WhatsApp Linkedin ReddIt Email Imprimare O eclips\u0103 de soare este unul dintre [&hellip;]<\/p>\n","protected":false},"author":1,"featured_media":0,"comment_status":"open","ping_status":"","sticky":false,"template":"","format":"standard","meta":{"footnotes":""},"categories":[89],"tags":[226,189],"class_list":["post-2091991","post","type-post","status-publish","format-standard","hentry","category-romania","tag-crawlmanager","tag-orasul-timisoara-ro"],"_links":{"self":[{"href":"https:\/\/analyse.optim.biz\/index.php?rest_route=\/wp\/v2\/posts\/2091991","targetHints":{"allow":["GET"]}}],"collection":[{"href":"https:\/\/analyse.optim.biz\/index.php?rest_route=\/wp\/v2\/posts"}],"about":[{"href":"https:\/\/analyse.optim.biz\/index.php?rest_route=\/wp\/v2\/types\/post"}],"author":[{"embeddable":true,"href":"https:\/\/analyse.optim.biz\/index.php?rest_route=\/wp\/v2\/users\/1"}],"replies":[{"embeddable":true,"href":"https:\/\/analyse.optim.biz\/index.php?rest_route=%2Fwp%2Fv2%2Fcomments&post=2091991"}],"version-history":[{"count":0,"href":"https:\/\/analyse.optim.biz\/index.php?rest_route=\/wp\/v2\/posts\/2091991\/revisions"}],"wp:attachment":[{"href":"https:\/\/analyse.optim.biz\/index.php?rest_route=%2Fwp%2Fv2%2Fmedia&parent=2091991"}],"wp:term":[{"taxonomy":"category","embeddable":true,"href":"https:\/\/analyse.optim.biz\/index.php?rest_route=%2Fwp%2Fv2%2Fcategories&post=2091991"},{"taxonomy":"post_tag","embeddable":true,"href":"https:\/\/analyse.optim.biz\/index.php?rest_route=%2Fwp%2Fv2%2Ftags&post=2091991"}],"curies":[{"name":"wp","href":"https:\/\/api.w.org\/{rel}","templated":true}]}}