{"id":2091989,"date":"2026-08-11T12:37:58","date_gmt":"2026-08-11T09:37:58","guid":{"rendered":"https:\/\/analyse.optim.biz\/?p=2091989"},"modified":"2026-08-11T12:37:58","modified_gmt":"2026-08-11T09:37:58","slug":"unitatea-2-de-la-cernavoda-pregatita-pentru-oprire-din-cauza-secetei","status":"publish","type":"post","link":"https:\/\/analyse.optim.biz\/?p=2091989","title":{"rendered":"Unitatea 2 de la Cernavod\u0103, preg\u0103tit\u0103 pentru oprire din cauza secetei"},"content":{"rendered":"<p>[analyse_image type=&#8221;featured&#8221; src=&#8221;https:\/\/orasul-timisoara.ro\/wp-content\/uploads\/2026\/08\/cernavoda-reactor-2-1.jpg&#8221;]<\/p>\n<article id=\"post-40173\" class=\"td-post-template-7 post-40173 post type-post status-publish format-standard has-post-thumbnail category-featured category-stiri-nationale-si-internationale tag-cernavoda tag-complexul-energetic-oltenia tag-dunarea tag-energie-electrica-2 tag-forta-majora-2 tag-hidroelectrica tag-ministerul-energiei tag-nuclearelectrica tag-romania-2 tag-rovinari tag-seceta-2 tag-sistemul-electroenergetic-national tag-transelectrica tag-unitatea-2-cernavoda td-container-wrap\">\n<div class=\"td-full-screen-header-image-wrap\">\n<div class=\"td-container td-post-header\">\n<div class=\"td-crumb-container\">\n<div class=\"entry-crumbs\"><span><a title=\"Vede\u021bi toate articolele \u00een \u0218tiri na\u021bionale \u0219i interna\u021bionale\" class=\"entry-crumb\" href=\"https:\/\/orasul-timisoara.ro\/local-category\/stiri-nationale-si-internationale\/\">\u0218tiri na\u021bionale \u0219i interna\u021bionale<\/a><\/span><span class=\"td-bred-no-url-last\">Unitatea 2 de la Cernavod\u0103, preg\u0103tit\u0103 pentru oprire din cauza secetei<\/span><\/div>\n<\/div>\n<div class=\"td-post-header-holder\">\n<div class=\"td-parallax-header\">\n<header class=\"td-post-title\">\n<ul class=\"td-category\">\n<li class=\"entry-category\"><a href=\"https:\/\/orasul-timisoara.ro\/local-category\/stiri-nationale-si-internationale\/\">\u0218tiri na\u021bionale \u0219i interna\u021bionale<\/a><\/li>\n<\/ul>\n<h1 class=\"entry-title\">Unitatea 2 de la Cernavod\u0103, preg\u0103tit\u0103 pentru oprire din cauza secetei<\/h1>\n<div class=\"td-module-meta-info\">\n<div class=\"td-post-author-name\">\n<div class=\"td-author-by\">De c\u0103tre<\/div>\n<p><a href=\"https:\/\/orasul-timisoara.ro\/author\/timisoara\/\">redactia<\/a><\/p>\n<div class=\"td-author-line\"> &#8211; <\/div>\n<\/div>\n<p><span class=\"td-post-date\"><time class=\"entry-date updated td-module-date\" datetime=\"2026-08-11T15:37:58+03:00\">11\/08\/2026<\/time><\/span><\/div>\n<\/header>\n<\/div>\n<\/div>\n<\/div>\n<div id=\"td-full-screen-header-image\" class=\"td-image-gradient-style7\"><img decoding=\"async\" class=\"td-backstretch\" src=\"https:\/\/orasul-timisoara.ro\/wp-content\/uploads\/2026\/08\/cernavoda-reactor-2-1.jpg\"><\/div>\n<\/div>\n<div class=\"td-container\">\n<div class=\"td-pb-row\">\n<div class=\"td-pb-span8 td-main-content\" role=\"main\">\n<div class=\"td-ss-main-content\">\n<div class=\"td-post-sharing-top\">\n<div class=\"td-post-sharing-classic\"><iframe title=\"topFacebookLike\" frameborder src=\"https:\/\/www.facebook.com\/plugins\/like.php?href=https:\/\/orasul-timisoara.ro\/local-40173\/&amp;layout=button_count&amp;show_faces=false&amp;width=105&amp;action=like&amp;colorscheme=light&amp;height=21\"><\/iframe><\/div>\n<div id=\"td_social_sharing_article_top\" class=\"td-post-sharing td-ps-bg td-ps-notext td-post-sharing-style1 \">\n<div class=\"td-post-sharing-visible\"><a class=\"td-social-sharing-button td-social-sharing-button-js td-social-network td-social-facebook\" href=\"https:\/\/www.facebook.com\/sharer.php?u=https%3A%2F%2Forasul-timisoara.ro%2Flocal-40173%2F\" title=\"Facebook\"><\/p>\n<div class=\"td-social-but-text\">Facebook<\/div>\n<p><\/a><a class=\"td-social-sharing-button td-social-sharing-button-js td-social-network td-social-twitter\" href=\"https:\/\/twitter.com\/intent\/tweet?text=Unitatea+2+de+la+Cernavod%C4%83%2C+preg%C4%83tit%C4%83+pentru+oprire+din+cauza+secetei&amp;url=https%3A%2F%2Forasul-timisoara.ro%2Flocal-40173%2F&amp;via=orasultm\" title=\"Twitter\"><\/p>\n<div class=\"td-social-but-text\">Twitter<\/div>\n<p><\/a><a class=\"td-social-sharing-button td-social-sharing-button-js td-social-network td-social-whatsapp\" href=\"https:\/\/api.whatsapp.com\/send?text=Unitatea+2+de+la+Cernavod%C4%83%2C+preg%C4%83tit%C4%83+pentru+oprire+din+cauza+secetei%20%0A%0A%20https:\/\/orasul-timisoara.ro\/local-40173\/\" title=\"WhatsApp\"><\/p>\n<div class=\"td-social-but-text\">WhatsApp<\/div>\n<p><\/a><a class=\"td-social-sharing-button td-social-sharing-button-js td-social-network td-social-linkedin\" href=\"https:\/\/www.linkedin.com\/shareArticle?mini=true&amp;url=https:\/\/orasul-timisoara.ro\/local-40173\/&amp;title=Unitatea+2+de+la+Cernavod%C4%83%2C+preg%C4%83tit%C4%83+pentru+oprire+din+cauza+secetei\" title=\"Linkedin\"><\/p>\n<div class=\"td-social-but-text\">Linkedin<\/div>\n<p><\/a><a class=\"td-social-sharing-button td-social-sharing-button-js td-social-network td-social-reddit\" href=\"https:\/\/reddit.com\/submit?url=https:\/\/orasul-timisoara.ro\/local-40173\/&amp;title=Unitatea+2+de+la+Cernavod%C4%83%2C+preg%C4%83tit%C4%83+pentru+oprire+din+cauza+secetei\" title=\"ReddIt\"><\/p>\n<div class=\"td-social-but-text\">ReddIt<\/div>\n<p><\/a><a class=\"td-social-sharing-button td-social-sharing-button-js td-social-network td-social-mail\" href=\"mailto:?subject=Unitatea%202%20de%20la%20Cernavod%C4%83,%20preg%C4%83tit%C4%83%20pentru%20oprire%20din%20cauza%20secetei&amp;body=https:\/\/orasul-timisoara.ro\/local-40173\/\" title=\"Email\"><\/p>\n<div class=\"td-social-but-text\">Email<\/div>\n<p><\/a><a class=\"td-social-sharing-button td-social-sharing-button-js td-social-network td-social-print\" href=\"https:\/\/orasul-timisoara.ro\/local-40173\/\" title=\"Imprimare\"><\/p>\n<div class=\"td-social-but-text\">Imprimare<\/div>\n<p><\/a><\/div>\n<\/div>\n<\/div>\n<div class=\"td-post-content tagdiv-type\">\n<p class=\"wp-block-paragraph\">Centrala Nuclearoelectric\u0103 de la Cernavod\u0103 a ini\u021biat procedurile tehnice necesare pentru oprirea controlat\u0103 a Unit\u0103\u021bii 2, pe fondul debitului foarte sc\u0103zut al Dun\u0103rii \u0219i al evolu\u021biei nivelului apei \u00een zona de aspira\u021bie a pompelor de r\u0103cire. Ministerul Energiei anun\u021b\u0103 c\u0103 oprirea este a\u0219teptat\u0103 \u00een cursul acestei s\u0103pt\u0103m\u00e2ni, \u00een cazul \u00een care prognozele privind debitul fluviului r\u0103m\u00e2n nefavorabile.<\/p>\n<p class=\"wp-block-paragraph\">Pentru compensarea energiei care nu va mai fi produs\u0103 de reactor, autorit\u0103\u021bile au preg\u0103tit mai multe solu\u021bii, printre care utilizarea importurilor de energie \u0219i activarea unor capacit\u0103\u021bi suplimentare de produc\u021bie din Rom\u00e2nia. Complexul Energetic Oltenia poate pune \u00een func\u021biune, \u00een aproximativ opt ore, grupul energetic Rovinari 4, cu o capacitate de circa 330 MW.<\/p>\n<h2 class=\"wp-block-heading\">Unitatea 2 de la Cernavod\u0103 ar putea fi oprit\u0103 din cauza nivelului Dun\u0103rii<\/h2>\n<p class=\"wp-block-paragraph\">Decizia de preg\u0103tire a opririi controlate vine \u00een contextul secetei hidrologice severe \u0219i al sc\u0103derii continue a debitului Dun\u0103rii. Evolu\u021bia nivelului apei este urm\u0103rit\u0103 atent \u00een zona \u00een care sunt amplasate sistemele de aspira\u021bie pentru apa utilizat\u0103 la r\u0103cirea instala\u021biilor.<\/p>\n<p class=\"wp-block-paragraph\">Ministerul Energiei precizeaz\u0103 c\u0103, dac\u0103 prognoza privind debitul fluviului se men\u021bine nefavorabil\u0103, oprirea controlat\u0103 a Unit\u0103\u021bii 2 este a\u0219teptat\u0103 \u00een cursul acestei s\u0103pt\u0103m\u00e2ni. M\u0103sura este una tehnic\u0103 \u0219i preventiv\u0103, fiind determinat\u0103 de condi\u021biile hidrologice care influen\u021beaz\u0103 disponibilitatea resursei de ap\u0103 necesare func\u021bion\u0103rii centralei.<\/p>\n<h2 class=\"wp-block-heading\">Rovinari 4 poate furniza p\u00e2n\u0103 la 330 MW<\/h2>\n<p class=\"wp-block-paragraph\">\u00cen paralel cu preg\u0103tirile de la Cernavod\u0103, autorit\u0103\u021bile au identificat capacit\u0103\u021bi suplimentare care pot fi introduse \u00een sistem pentru compensarea produc\u021biei pierdute.<\/p>\n<p class=\"wp-block-paragraph\">Complexul Energetic Oltenia anun\u021b\u0103 c\u0103 grupul energetic Rovinari 4 poate fi opera\u021bionalizat \u00een aproximativ opt ore \u0219i pus la dispozi\u021bia Sistemului Electroenergetic Na\u021bional. Capacitatea de produc\u021bie este de aproximativ 330 MW, ceea ce poate acoperi o parte important\u0103 din energia care nu va mai fi furnizat\u0103 de Unitatea 2.<\/p>\n<p class=\"wp-block-paragraph\">Potrivit purt\u0103torului de cuv\u00e2nt al CEO, Sorin Hasna, Sucursala Electrocentrale Rovinari dispune de stocurile de c\u0103rbune necesare pentru func\u021bionarea continu\u0103 a cel pu\u021bin dou\u0103 grupuri energetice aflate \u00een exploatare. \u00cen caz de necesitate, compania sus\u021bine c\u0103 poate asigura func\u021bionarea chiar \u0219i a trei grupuri, cu sprijinul produc\u021biei zilnice din carierele miniere proprii.<\/p>\n<h2 class=\"wp-block-heading\">Importurile \u0219i produc\u021bia suplimentar\u0103, principalele solu\u021bii pentru compensare<\/h2>\n<p class=\"wp-block-paragraph\">Ministerul Energiei \u0219i Dispecerul Energetic Na\u021bional au preg\u0103tit m\u0103surile necesare pentru men\u021binerea echilibrului dintre produc\u021bia \u0219i consumul de energie electric\u0103.<\/p>\n<p class=\"wp-block-paragraph\">Necesarul suplimentar urmeaz\u0103 s\u0103 fie acoperit, \u00een func\u021bie de situa\u021bia din sistem, prin utilizarea capacit\u0103\u021bilor de import disponibile \u00een sistemele energetice regionale \u0219i europene, precum \u0219i prin activarea unor resurse suplimentare de produc\u021bie din Rom\u00e2nia.<\/p>\n<p class=\"wp-block-paragraph\">Pe l\u00e2ng\u0103 grupul Rovinari 4, autorit\u0103\u021bile au \u00een vedere \u0219i utilizarea, \u00een limitele tehnice \u0219i \u00een func\u021bie de resursele de ap\u0103 disponibile, a capacit\u0103\u021bii suplimentare de produc\u021bie a Hidroelectrica.<\/p>\n<h2 class=\"wp-block-heading\">Dispecerul Energetic Na\u021bional monitorizeaz\u0103 permanent sistemul<\/h2>\n<p class=\"wp-block-paragraph\">Dispecerul Energetic Na\u021bional urm\u0103re\u0219te \u00een timp real produc\u021bia, consumul, rezervele disponibile \u0219i posibilit\u0103\u021bile de schimb de energie cu sistemele din statele vecine.<\/p>\n<p class=\"wp-block-paragraph\">M\u0103surile de echilibrare urmeaz\u0103 s\u0103 fie activate gradual, \u00een func\u021bie de necesit\u0103\u021bile reale ale Sistemului Electroenergetic Na\u021bional. Ministerul Energiei, Transelectrica, Nuclearelectrica, Hidroelectrica \u0219i ceilal\u021bi operatori implica\u021bi evalueaz\u0103 permanent evolu\u021bia situa\u021biei.<\/p>\n<h2 class=\"wp-block-heading\">Marii consumatori industriali ar putea fi limita\u021bi doar ca ultim\u0103 solu\u021bie<\/h2>\n<p class=\"wp-block-paragraph\">Autorit\u0103\u021bile precizeaz\u0103 c\u0103 limitarea consumului nu reprezint\u0103 prima m\u0103sur\u0103 avut\u0103 \u00een vedere pentru men\u021binerea echilibrului energetic.<\/p>\n<p class=\"wp-block-paragraph\">\u00cen cazul \u00een care evolu\u021bia sistemului o va impune, iar celelalte solu\u021bii nu vor fi suficiente, consumul unor mari consumatori industriali ar putea fi limitat \u00een intervalul 19:00-23:00. Ministerul Energiei subliniaz\u0103 \u00eens\u0103 c\u0103 aceast\u0103 m\u0103sur\u0103 este ultima \u00een ordinea de prioritate \u0219i c\u0103 nu \u00eei vizeaz\u0103 pe consumatorii casnici.<\/p>\n<h2 class=\"wp-block-heading\">Nuclearelectrica a activat mecanismul de for\u021b\u0103 major\u0103<\/h2>\n<p class=\"wp-block-paragraph\">\u00cen contextul efectelor secetei asupra produc\u021biei, Nuclearelectrica a activat contractual mecanismul de for\u021b\u0103 major\u0103 pentru contractele de v\u00e2nzare a energiei electrice.<\/p>\n<p class=\"wp-block-paragraph\">Compania explic\u0103 faptul c\u0103 situa\u021bia este determinat\u0103 de un eveniment extern, excep\u021bional \u0219i independent de voin\u021ba sa, care afecteaz\u0103 posibilitatea de a produce \u0219i livra integral energia contractat\u0103.<\/p>\n<p class=\"wp-block-paragraph\">Camera de Comer\u021b, Industrie, Naviga\u021bie \u0219i Agricultur\u0103 Constan\u021ba a emis, la 10 august 2026, avize de existen\u021b\u0103 a cazului de for\u021b\u0103 major\u0103 pentru contractele de livrare a energiei electrice ale Nuclearelectrica.<\/p>\n<h2 class=\"wp-block-heading\">Seceta hidrologic\u0103 afecteaz\u0103 direct produc\u021bia de la Cernavod\u0103<\/h2>\n<p class=\"wp-block-paragraph\">Potrivit Nuclearelectrica, avizele au fost emise \u00een contextul secetei hidrologice severe din bazinul Dun\u0103rii, care a determinat sc\u0103derea excep\u021bional\u0103 a debitului \u0219i a nivelului fluviului sub valorile necesare asigur\u0103rii, \u00een condi\u021bii de securitate nuclear\u0103, a sursei de ap\u0103 tehnologic\u0103 \u0219i de r\u0103cire a CNE Cernavod\u0103.<\/p>\n<p class=\"wp-block-paragraph\">Aceast\u0103 situa\u021bie a dus deja la oprirea controlat\u0103 a Unit\u0103\u021bii 1 \u0219i, implicit, la imposibilitatea companiei de a-\u0219i \u00eendeplini integral, din propria produc\u021bie, obliga\u021biile contractuale asumate fa\u021b\u0103 de partenerii comerciali, \u00eencep\u00e2nd cu 27 iulie 2026 \u0219i pe perioada \u00een care se men\u021bin efectele cazului de for\u021b\u0103 major\u0103.<\/p>\n<p class=\"wp-block-paragraph\">\u00cen acela\u0219i timp, prognozele privind evolu\u021bia nivelului Dun\u0103rii au determinat Nuclearelectrica s\u0103 ia \u00een calcul \u0219i oprirea controlat\u0103 a Unit\u0103\u021bii 2.<\/p>\n<h2 class=\"wp-block-heading\">For\u021ba major\u0103 nu \u00eenseamn\u0103 automat anularea obliga\u021biilor contractuale<\/h2>\n<p class=\"wp-block-paragraph\">Activarea mecanismului de for\u021b\u0103 major\u0103 nu \u00eenseamn\u0103 c\u0103 Nuclearelectrica este automat scutit\u0103 de toate obliga\u021biile asumate prin contractele de v\u00e2nzare a energiei.<\/p>\n<p class=\"wp-block-paragraph\">Avizele emise de CCINA au rolul de a constata existen\u021ba situa\u021biei de for\u021b\u0103 major\u0103, \u00een timp ce efectele concrete asupra fiec\u0103rui contract depind de prevederile contractuale aplicabile. Compania trebuie s\u0103 \u00ee\u0219i informeze partenerii cu privire la evolu\u021bia situa\u021biei \u0219i s\u0103 depun\u0103 eforturi rezonabile pentru limitarea efectelor produse de evenimentul excep\u021bional.<\/p>\n<p class=\"wp-block-paragraph\">Nuclearelectrica a anun\u021bat c\u0103 va transmite partenerilor contractuali estim\u0103ri privind perioada \u00een care nu \u00ee\u0219i poate \u00eendeplini obliga\u021biile, \u00een m\u0103sura \u00een care aceste informa\u021bii vor fi disponibile, \u0219i va comunica actualiz\u0103ri pe durata men\u021binerii situa\u021biei.<\/p>\n<h2 class=\"wp-block-heading\">Rom\u00e2nia intr\u0103 \u00eentr-o perioad\u0103 dificil\u0103 pentru sistemul energetic<\/h2>\n<p class=\"wp-block-paragraph\">Oprirea Unit\u0103\u021bii 2 ar reduce suplimentar produc\u021bia de energie nuclear\u0103 disponibil\u0103 pentru Sistemul Electroenergetic Na\u021bional, \u00eentr-un moment \u00een care seceta afecteaz\u0103 \u0219i produc\u021bia hidro \u0219i \u00een care temperaturile ridicate men\u021bin presiunea asupra consumului de electricitate.<\/p>\n<p class=\"wp-block-paragraph\">Pentru limitarea efectelor, autorit\u0103\u021bile se bazeaz\u0103 pe combina\u021bia dintre importuri, capacit\u0103\u021bi termoenergetice disponibile \u0219i produc\u021bia hidro care poate fi asigurat\u0103 \u00een condi\u021biile resurselor de ap\u0103 existente.<\/p>\n<p class=\"wp-block-paragraph\">Ministerul Energiei face, totodat\u0103, apel la popula\u021bie, institu\u021biile publice \u0219i operatorii economici s\u0103 utilizeze energia electric\u0103 \u00een mod responsabil, \u00een special \u00een intervalul 19:00-23:00. Reducerea voluntar\u0103 a consumului \u00een orele de v\u00e2rf poate contribui la diminuarea presiunii asupra sistemului \u0219i la men\u021binerea func\u021bion\u0103rii acestuia \u00een condi\u021bii de siguran\u021b\u0103.<\/p>\n<\/div>\n<footer>\n<div class=\"td-post-source-tags\">\n<ul class=\"td-tags td-post-small-box clearfix\">\n<li><span>ETICHETE<\/span><\/li>\n<li><a href=\"https:\/\/orasul-timisoara.ro\/local-tag\/cernavoda\/\">Cernavod\u0103<\/a><\/li>\n<li><a href=\"https:\/\/orasul-timisoara.ro\/local-tag\/complexul-energetic-oltenia\/\">Complexul Energetic Oltenia<\/a><\/li>\n<li><a href=\"https:\/\/orasul-timisoara.ro\/local-tag\/dunarea\/\">Dun\u0103rea<\/a><\/li>\n<li><a href=\"https:\/\/orasul-timisoara.ro\/local-tag\/energie-electrica-2\/\">energie electric\u0103<\/a><\/li>\n<li><a href=\"https:\/\/orasul-timisoara.ro\/local-tag\/forta-majora-2\/\">for\u021b\u0103 major\u0103<\/a><\/li>\n<li><a href=\"https:\/\/orasul-timisoara.ro\/local-tag\/hidroelectrica\/\">Hidroelectrica<\/a><\/li>\n<li><a href=\"https:\/\/orasul-timisoara.ro\/local-tag\/ministerul-energiei\/\">Ministerul Energiei<\/a><\/li>\n<li><a href=\"https:\/\/orasul-timisoara.ro\/local-tag\/nuclearelectrica\/\">Nuclearelectrica<\/a><\/li>\n<li><a href=\"https:\/\/orasul-timisoara.ro\/local-tag\/romania-2\/\">rom\u00e2nia<\/a><\/li>\n<li><a href=\"https:\/\/orasul-timisoara.ro\/local-tag\/rovinari\/\">Rovinari<\/a><\/li>\n<li><a href=\"https:\/\/orasul-timisoara.ro\/local-tag\/seceta-2\/\">secet\u0103<\/a><\/li>\n<li><a href=\"https:\/\/orasul-timisoara.ro\/local-tag\/sistemul-electroenergetic-national\/\">Sistemul Electroenergetic Na\u021bional<\/a><\/li>\n<li><a href=\"https:\/\/orasul-timisoara.ro\/local-tag\/transelectrica\/\">Transelectrica<\/a><\/li>\n<li><a href=\"https:\/\/orasul-timisoara.ro\/local-tag\/unitatea-2-cernavoda\/\">Unitatea 2 Cernavod\u0103<\/a><\/li>\n<\/ul>\n<\/div>\n<div class=\"td-post-sharing-bottom\">\n<div class=\"td-post-sharing-classic\"><iframe title=\"bottomFacebookLike\" frameborder src=\"https:\/\/www.facebook.com\/plugins\/like.php?href=https:\/\/orasul-timisoara.ro\/local-40173\/&amp;layout=button_count&amp;show_faces=false&amp;width=105&amp;action=like&amp;colorscheme=light&amp;height=21\"><\/iframe><\/div>\n<div id=\"td_social_sharing_article_bottom\" class=\"td-post-sharing td-ps-bg td-ps-notext td-post-sharing-style1 \">\n<div class=\"td-post-sharing-visible\"><a class=\"td-social-sharing-button td-social-sharing-button-js td-social-network td-social-facebook\" href=\"https:\/\/www.facebook.com\/sharer.php?u=https%3A%2F%2Forasul-timisoara.ro%2Flocal-40173%2F\" title=\"Facebook\"><\/p>\n<div class=\"td-social-but-text\">Facebook<\/div>\n<p><\/a><a class=\"td-social-sharing-button td-social-sharing-button-js td-social-network td-social-twitter\" href=\"https:\/\/twitter.com\/intent\/tweet?text=Unitatea+2+de+la+Cernavod%C4%83%2C+preg%C4%83tit%C4%83+pentru+oprire+din+cauza+secetei&amp;url=https%3A%2F%2Forasul-timisoara.ro%2Flocal-40173%2F&amp;via=orasultm\" title=\"Twitter\"><\/p>\n<div class=\"td-social-but-text\">Twitter<\/div>\n<p><\/a><a class=\"td-social-sharing-button td-social-sharing-button-js td-social-network td-social-whatsapp\" href=\"https:\/\/api.whatsapp.com\/send?text=Unitatea+2+de+la+Cernavod%C4%83%2C+preg%C4%83tit%C4%83+pentru+oprire+din+cauza+secetei%20%0A%0A%20https:\/\/orasul-timisoara.ro\/local-40173\/\" title=\"WhatsApp\"><\/p>\n<div class=\"td-social-but-text\">WhatsApp<\/div>\n<p><\/a><a class=\"td-social-sharing-button td-social-sharing-button-js td-social-network td-social-linkedin\" href=\"https:\/\/www.linkedin.com\/shareArticle?mini=true&amp;url=https:\/\/orasul-timisoara.ro\/local-40173\/&amp;title=Unitatea+2+de+la+Cernavod%C4%83%2C+preg%C4%83tit%C4%83+pentru+oprire+din+cauza+secetei\" title=\"Linkedin\"><\/p>\n<div class=\"td-social-but-text\">Linkedin<\/div>\n<p><\/a><a class=\"td-social-sharing-button td-social-sharing-button-js td-social-network td-social-reddit\" href=\"https:\/\/reddit.com\/submit?url=https:\/\/orasul-timisoara.ro\/local-40173\/&amp;title=Unitatea+2+de+la+Cernavod%C4%83%2C+preg%C4%83tit%C4%83+pentru+oprire+din+cauza+secetei\" title=\"ReddIt\"><\/p>\n<div class=\"td-social-but-text\">ReddIt<\/div>\n<p><\/a><a class=\"td-social-sharing-button td-social-sharing-button-js td-social-network td-social-mail\" href=\"mailto:?subject=Unitatea%202%20de%20la%20Cernavod%C4%83,%20preg%C4%83tit%C4%83%20pentru%20oprire%20din%20cauza%20secetei&amp;body=https:\/\/orasul-timisoara.ro\/local-40173\/\" title=\"Email\"><\/p>\n<div class=\"td-social-but-text\">Email<\/div>\n<p><\/a><a class=\"td-social-sharing-button td-social-sharing-button-js td-social-network td-social-print\" href=\"https:\/\/orasul-timisoara.ro\/local-40173\/\" title=\"Imprimare\"><\/p>\n<div class=\"td-social-but-text\">Imprimare<\/div>\n<p><\/a><\/div>\n<\/div>\n<\/div>\n<div class=\"td-block-row td-post-next-prev\">\n<div class=\"td-block-span6 td-post-prev-post\">\n<div class=\"td-post-next-prev-content\"><span>Articolul precedent<\/span><a href=\"https:\/\/orasul-timisoara.ro\/local-40170\/\">Timi\u0219orenii aleg Sculptura Anului 2026. Patru lucr\u0103ri sunt \u00een final\u0103<\/a><\/div>\n<\/div>\n<div class=\"td-block-span6 td-post-next-post\">\n<div class=\"td-post-next-prev-content\"><span>Articolul urm\u0103tor<\/span><a href=\"https:\/\/orasul-timisoara.ro\/local-40176\/\">\u0218antierul Centurii Timi\u0219oara Vest a ajuns la 13%. Lucr\u0103rile avanseaz\u0103 pe mai multe fronturi (foto)<\/a><\/div>\n<\/div>\n<\/div>\n<div class=\"td-author-name vcard author\"><span class=\"fn\"><a href=\"https:\/\/orasul-timisoara.ro\/author\/timisoara\/\">redactia<\/a><\/span><\/div>\n<p><span class=\"td-page-meta\"><\/span><span class=\"td-page-meta\"><span class=\"td-page-meta\"><\/span><\/span><span class=\"td-page-meta\"><\/span><\/footer>\n<div class=\"td_block_wrap td_block_related_posts tdi_3 td_with_ajax_pagination td-pb-border-top td_block_template_8\" data-td-block-uid=\"tdi_3\">\n<h4 class=\"td-related-title td-block-title\"><a id=\"tdi_4\" class=\"td-related-left td-cur-simple-item\" data-td_filter_value data-td_block_id=\"tdi_3\" href=\"https:\/\/orasul-timisoara.ro\/local-40173\/\">ARTICOLE SIMILARE<\/a><a id=\"tdi_5\" class=\"td-related-right\" data-td_filter_value=\"td_related_more_from_author\" data-td_block_id=\"tdi_3\" href=\"https:\/\/orasul-timisoara.ro\/local-40173\/\">DE LA ACELA\u0218I AUTOR<\/a><\/h4>\n<div id=\"tdi_3\" class=\"td_block_inner\">\n<div class=\"td-related-row\">\n<div class=\"td-related-span4\">\n<div class=\"td_module_related_posts td-animation-stack td_mod_related_posts\">\n<div class=\"td-module-image\">\n<div class=\"td-module-thumb\"><a href=\"https:\/\/orasul-timisoara.ro\/local-40038\/\" rel=\"bookmark\" class=\"td-image-wrap \" title=\"ISU Timi\u0219 controleaz\u0103 spitalele dup\u0103 instituirea st\u0103rii de alert\u0103 \u0219i Codul Ro\u0219u de canicul\u0103\"><img loading=\"lazy\" decoding=\"async\" class=\"entry-thumb\" src=\"https:\/\/orasul-timisoara.ro\/wp-content\/uploads\/2026\/08\/cdfdf9c4-433e-47f1-8ada-8c72398f92dd-436x300.jpg\" alt title=\"ISU Timi\u0219 controleaz\u0103 spitalele dup\u0103 instituirea st\u0103rii de alert\u0103 \u0219i Codul Ro\u0219u de canicul\u0103\" width=\"218\" height=\"150\"><\/a><\/div>\n<\/div>\n<div class=\"item-details\">\n<h3 class=\"entry-title td-module-title\"><a href=\"https:\/\/orasul-timisoara.ro\/local-40038\/\" rel=\"bookmark\" title=\"ISU Timi\u0219 controleaz\u0103 spitalele dup\u0103 instituirea st\u0103rii de alert\u0103 \u0219i Codul Ro\u0219u de canicul\u0103\">ISU Timi\u0219 controleaz\u0103 spitalele dup\u0103 instituirea st\u0103rii de alert\u0103 \u0219i Codul Ro\u0219u de canicul\u0103<\/a><\/h3>\n<\/div>\n<\/div>\n<\/div>\n<div class=\"td-related-span4\">\n<div class=\"td_module_related_posts td-animation-stack td_mod_related_posts\">\n<div class=\"td-module-image\">\n<div class=\"td-module-thumb\"><a href=\"https:\/\/orasul-timisoara.ro\/local-39965\/\" rel=\"bookmark\" class=\"td-image-wrap \" title=\"Ilie Bolojan anun\u021b\u0103 m\u0103suri pentru reducerea consumului de energie \u0219i preg\u0103te\u0219te un mecanism de limitare pentru marii consumatori\"><img loading=\"lazy\" decoding=\"async\" class=\"entry-thumb\" src=\"https:\/\/orasul-timisoara.ro\/wp-content\/uploads\/2025\/07\/ilie-bolojan-iulie-2025-436x300.jpg\" alt title=\"Ilie Bolojan anun\u021b\u0103 m\u0103suri pentru reducerea consumului de energie \u0219i preg\u0103te\u0219te un mecanism de limitare pentru marii consumatori\" width=\"218\" height=\"150\"><\/a><\/div>\n<\/div>\n<div class=\"item-details\">\n<h3 class=\"entry-title td-module-title\"><a href=\"https:\/\/orasul-timisoara.ro\/local-39965\/\" rel=\"bookmark\" title=\"Ilie Bolojan anun\u021b\u0103 m\u0103suri pentru reducerea consumului de energie \u0219i preg\u0103te\u0219te un mecanism de limitare pentru marii consumatori\">Ilie Bolojan anun\u021b\u0103 m\u0103suri pentru reducerea consumului de energie \u0219i preg\u0103te\u0219te un mecanism de limitare pentru marii consumatori<\/a><\/h3>\n<\/div>\n<\/div>\n<\/div>\n<div class=\"td-related-span4\">\n<div class=\"td_module_related_posts td-animation-stack td_mod_related_posts\">\n<div class=\"td-module-image\">\n<div class=\"td-module-thumb\"><a href=\"https:\/\/orasul-timisoara.ro\/local-39498\/\" rel=\"bookmark\" class=\"td-image-wrap \" title=\"\u201eDanube Revisited\u201d, o nou\u0103 expozi\u021bie de art\u0103 contemporan\u0103 la Muzeul Apei din Timi\u0219oara\"><img loading=\"lazy\" decoding=\"async\" class=\"entry-thumb\" src=\"https:\/\/orasul-timisoara.ro\/wp-content\/uploads\/2026\/07\/Danube-Revisited_01-436x300.jpg\" alt title=\"\u201eDanube Revisited\u201d, o nou\u0103 expozi\u021bie de art\u0103 contemporan\u0103 la Muzeul Apei din Timi\u0219oara\" width=\"218\" height=\"150\"><\/a><\/div>\n<\/div>\n<div class=\"item-details\">\n<h3 class=\"entry-title td-module-title\"><a href=\"https:\/\/orasul-timisoara.ro\/local-39498\/\" rel=\"bookmark\" title=\"\u201eDanube Revisited\u201d, o nou\u0103 expozi\u021bie de art\u0103 contemporan\u0103 la Muzeul Apei din Timi\u0219oara\">\u201eDanube Revisited\u201d, o nou\u0103 expozi\u021bie de art\u0103 contemporan\u0103 la Muzeul Apei din Timi\u0219oara<\/a><\/h3>\n<\/div>\n<\/div>\n<\/div>\n<\/div>\n<\/div>\n<\/div>\n<div class=\"comments\" id=\"comments\">\n<div id=\"respond\" class=\"comment-respond\">\n<h3 id=\"reply-title\" class=\"comment-reply-title\">L\u0102SA\u021aI UN MESAJ<\/h3>\n<div class=\"comment-form-input-wrap td-form-comment\">\n<div class=\"td-warning-comment\">V\u0103 rug\u0103m s\u0103 introduce\u021bi comentariul dvs.!<\/div>\n<\/div>\n<div class=\"comment-form-input-wrap td-form-author\">\n<div class=\"td-warning-author\">Introduce\u021bi aici numele dvs.<\/div>\n<\/div>\n<div class=\"comment-form-input-wrap td-form-email\">\n<div class=\"td-warning-email-error\">A\u021bi introdus o adres\u0103 de e-mail incorect\u0103!<\/div>\n<div class=\"td-warning-email\">V\u0103 rug\u0103m s\u0103 introduce\u021bi adresa dvs. de e-mail aici<\/div>\n<\/div>\n<\/div>\n<p class=\"akismet_comment_form_privacy_notice\">Acest site folose\u0219te Akismet pentru a reduce spamul. <a href=\"https:\/\/akismet.com\/privacy\/\" target=\"_blank\" rel=\"nofollow noopener\">Afl\u0103 cum sunt procesate datele comentariilor tale<\/a>.<\/p>\n<\/div>\n<\/div>\n<\/div>\n<div class=\"td-pb-span4 td-main-sidebar\" role=\"complementary\">\n<div class=\"td-ss-main-sidebar\">\n<aside id=\"block-4\" class=\"td_block_template_8 widget block-4 widget_block widget_media_image\">\n<figure class=\"wp-block-image size-full\"><img loading=\"lazy\" decoding=\"async\" width=\"336\" height=\"280\" src=\"https:\/\/orasul-timisoara.ro\/wp-content\/uploads\/2024\/11\/ReTIM-Abonamentul-Verde-Google-Ads-336x280px.gif\" alt class=\"wp-image-29257\"><\/figure>\n<\/aside>\n<div class=\"td_block_wrap td_block_social_counter td_block_widget tdi_6 td-social-style5 td-social-boxed td-pb-border-top td_block_template_8\">\n<div class=\"td-block-title-wrap\">\n<h4 class=\"td-block-title\"><span>Urm\u0103re\u0219te-ne pe Social Media<\/span><\/h4>\n<\/div>\n<div class=\"td-social-list\">\n<div class=\"td_social_type td-pb-margin-side td_social_facebook\">\n<div class=\"td-social-box\"><span class=\"td_social_info td_social_info_counter\">344,595<\/span><span class=\"td_social_info td_social_info_name\">Fani<\/span><span class=\"td_social_button\"><a href=\"https:\/\/www.facebook.com\/247timisoara\" target=\"_blank\" rel=\"nofollow\">\u00cemi place<\/a><\/span><\/div>\n<\/div>\n<div class=\"td_social_type td-pb-margin-side td_social_instagram\">\n<div class=\"td-social-box\"><span class=\"td_social_info td_social_info_counter\">4,416<\/span><span class=\"td_social_info td_social_info_name\">Cititori<\/span><span class=\"td_social_button\"><a href=\"https:\/\/instagram.com\/orasultimisoararo\/\" target=\"_blank\" rel=\"nofollow\">Conecta\u021bi-v\u0103<\/a><\/span><\/div>\n<\/div>\n<div class=\"td_social_type td-pb-margin-side td_social_rss\">\n<div class=\"td-social-box\"><span class=\"td_social_info td_social_info_counter\">12,506<\/span><span class=\"td_social_info td_social_info_name\">Cititori<\/span><span class=\"td_social_button\"><a href=\"https:\/\/orasul-timisoara.ro\/feed\/\" target=\"_blank\" rel=\"nofollow\">Conecta\u021bi-v\u0103<\/a><\/span><\/div>\n<\/div>\n<div class=\"td_social_type td-pb-margin-side td_social_tiktok\">\n<div class=\"td-social-box\"><span class=\"td_social_info td_social_info_counter\">1,500<\/span><span class=\"td_social_info td_social_info_name\">Cititori<\/span><span class=\"td_social_button\"><a href=\"https:\/\/www.tiktok.com\/@orasultimisoara\" target=\"_blank\" rel=\"nofollow\">Conecta\u021bi-v\u0103<\/a><\/span><\/div>\n<\/div>\n<div class=\"td_social_type td-pb-margin-side td_social_twitter\">\n<div class=\"td-social-box\"><span class=\"td_social_info td_social_info_counter\">1,595<\/span><span class=\"td_social_info td_social_info_name\">Cititori<\/span><span class=\"td_social_button\"><a href=\"https:\/\/twitter.com\/orasultm\" target=\"_blank\" rel=\"nofollow\">Conecta\u021bi-v\u0103<\/a><\/span><\/div>\n<\/div>\n<div class=\"td_social_type td-pb-margin-side td_social_youtube\">\n<div class=\"td-social-box\"><span class=\"td_social_info td_social_info_counter\">3,506<\/span><span class=\"td_social_info td_social_info_name\">Abona\u021bi<\/span><span class=\"td_social_button\"><a href=\"https:\/\/www.youtube.com\/channel\/UCQNsQvs2XCSIm1Z-AHRturw?sub_confirmation=1\" target=\"_blank\" rel=\"nofollow\">Abona\u021bi-v\u0103<\/a><\/span><\/div>\n<\/div>\n<\/div>\n<\/div>\n<aside id=\"text-7\" class=\"td_block_template_8 widget text-7 widget_text\">\n<h4 class=\"td-block-title\"><span>C\u0103ut\u0103ri populare pe OTM<\/span><\/h4>\n<div class=\"textwidget\"><a href=\"https:\/\/orasul-timisoara.ro\/?s=timisoara\"><span>Timisoara<\/span><\/a><a href=\"https:\/\/orasul-timisoara.ro\/?s=calin+dobra\"><span>Calin Dobra<\/span><\/a><a href=\"https:\/\/orasul-timisoara.ro\/?s=primaria+timisoara\"><span>Primaria Timisoara<\/span><\/a><a href=\"https:\/\/orasul-timisoara.ro\/?s=dominic+fritz\"><span>Dominic Fritz<\/span><\/a><a href=\"https:\/\/orasul-timisoara.ro\/?s=nicolae+robu\"><span>Nicolae Robu<\/span><\/a><a href=\"https:\/\/orasul-timisoara.ro\/?s=consiliul+local+timisoara\">Consiliul Local Timisoara<\/a><a href=\"https:\/\/orasul-timisoara.ro\/?s=consiliul+judetean+timis\"><span>Consiliul Judetean Timis<\/span><\/a><a href=\"https:\/\/orasul-timisoara.ro\/?s=cjt\"><span>CJT<\/span><\/a><a href=\"https:\/\/orasul-timisoara.ro\/?s=Alfred+Simonis\"><span>Alfred Simonis<\/span><\/a><a href=\"https:\/\/orasul-timisoara.ro\/?s=PNL\"><span>PNL<\/span><\/a><a href=\"https:\/\/orasul-timisoara.ro\/?s=coronavirus\"><span>coronavirus<\/span><\/a><a href=\"https:\/\/orasul-timisoara.ro\/?s=teatru+timisoara\">teatru Timisoara<\/a><a href=\"https:\/\/orasul-timisoara.ro\/?s=restaurante\"><span>restaurante Timisoara<\/span><\/a><a href=\"https:\/\/orasul-timisoara.ro\/?s=diskoteka\"><span>Diskoteka<\/span><\/a><a href=\"https:\/\/orasul-timisoara.ro\/?s=iulius+town\"><span>Iulius Town<\/span><\/a><a href=\"https:\/\/orasul-timisoara.ro\/?s=iulius+mall\"><span>Iulius Mall<\/span><\/a><a href=\"https:\/\/orasul-timisoara.ro\/?s=stpt\"><span>STPT<\/span><\/a><a href=\"https:\/\/orasul-timisoara.ro\/?s=alin+nica\"><span>Alin Nica<\/span><\/a><a href=\"https:\/\/orasul-timisoara.ro\/?s=psd\"><span>PSD<\/span><\/a><a href=\"https:\/\/orasul-timisoara.ro\/?s=aeroport\"><span>Aeroportul International Timisoara<\/span><\/a><a href=\"https:\/\/orasul-timisoara.ro\/?s=babes\"><span>Spitalul Victor Babes Timisoara<\/span><\/a><a href=\"https:\/\/orasul-timisoara.ro\/?s=poli\"><span>Poli Timi\u0219oara<\/span><\/a><a href=\"https:\/\/orasul-timisoara.ro\/?s=carantina\"><span>carantina<\/span><\/a><a href=\"https:\/\/orasul-timisoara.ro\/?s=aquatim\"><span>Aquatim<\/span><\/a><a href=\"https:\/\/orasul-timisoara.ro\/local-category\/stiri-timisoara\/\"><span>Stiri Timisoara<\/span><\/a><a href=\"https:\/\/orasul-timisoara.ro\/local-category\/investitii-in-timisoara\/\"><span>Investi\u021bii in Timi\u0219oara<\/span><\/a><a href=\"https:\/\/orasul-timisoara.ro\/local-9463\/\"><span>shaorma<\/span><\/a><a href=\"https:\/\/orasul-timisoara.ro\/?s=trafic\"><span>trafic rutier<\/span><\/a><a href=\"https:\/\/orasul-timisoara.ro\/?s=politia\"><span>politia locala timisoara<\/span><\/a><a href=\"https:\/\/orasul-timisoara.ro\/?s=roxana\"><span>Roxana Iliescu<\/span><\/a><a href=\"https:\/\/orasul-timisoara.ro\/?s=colterm\"><span>Colterm<\/span><\/a><a href=\"https:\/\/orasul-timisoara.ro\/?s=latcau\"><span>Ruben La\u021bc\u0103u<\/span><\/a><a href=\"https:\/\/orasul-timisoara.ro\/?s=timis\"><span>\u0218tiri din Timi\u0219<\/span><\/a><a href=\"https:\/\/orasul-timisoara.ro\/?s=spital\"><span>Spitale din Timi\u0219oara<\/span><\/a><a href=\"https:\/\/orasul-timisoara.ro\/?s=tabara\"><span>Cosmin Tab\u0103r\u0103<\/span><\/a><\/div>\n<\/aside>\n<aside id=\"rss-2\" class=\"td_block_template_8 widget rss-2 widget_rss\">\n<h4 class=\"td-block-title\"><span><a class=\"rsswidget rss-widget-feed\" href=\"https:\/\/fashionfridays.ro\/feed\"><img decoding=\"async\" class=\"rss-widget-icon\" width=\"14\" height=\"14\" src=\"https:\/\/orasul-timisoara.ro\/wp-includes\/images\/rss.png\" alt=\"RSS\" loading=\"lazy\"><\/a><a class=\"rsswidget rss-widget-title\" href=\"https:\/\/fashionfridays.ro\/\">Fashion Fridays<\/a><\/span><\/h4>\n<ul>\n<li><a class=\"rsswidget\" href=\"https:\/\/fashionfridays.ro\/romania-devine-a-29-a-piata-vogue-o-noua-era-pentru-industria-locala-de-moda\/\">Rom\u00e2nia devine a 29-a pia\u021b\u0103 Vogue: o nou\u0103 er\u0103 pentru industria local\u0103 de mod\u0103<\/a>\n<div class=\"rssSummary\">Revista Vogue \u00ee\u0219i extinde prezen\u021ba global\u0103 \u0219i va fi lansat\u0103 oficial \u00een Rom\u00e2nia \u00een prim\u0103vara anului 2027, marc\u00e2nd intrarea pe cea de-a 29-a pia\u021b\u0103 interna\u021bional\u0103. Proiectul este realizat \u00een parteneriat cu AEMME Publishing, o companie media recent \u00eenfiin\u021bat\u0103, care va publica edi\u021bia local\u0103 sub licen\u021b\u0103. Noua edi\u021bie, Vogue Rom\u00e2nia, \u00ee\u0219i propune s\u0103 combine autoritatea global\u0103 [\u2026]<\/div>\n<\/li>\n<\/ul>\n<\/aside>\n<aside id=\"rss-4\" class=\"td_block_template_8 widget rss-4 widget_rss\">\n<h4 class=\"td-block-title\"><span><a class=\"rsswidget rss-widget-feed\" href=\"https:\/\/emasini.ro\/feed\"><img decoding=\"async\" class=\"rss-widget-icon\" width=\"14\" height=\"14\" src=\"https:\/\/orasul-timisoara.ro\/wp-includes\/images\/rss.png\" alt=\"RSS\" loading=\"lazy\"><\/a><a class=\"rsswidget rss-widget-title\" href=\"https:\/\/emasini.ro\/\">eMasini<\/a><\/span><\/h4>\n<ul>\n<li><a class=\"rsswidget\" href=\"https:\/\/emasini.ro\/bmw-testeaza-noul-i4-convertible-primul-cabrio-electric-accesibil-al-marcii\/\">BMW testeaz\u0103 noul i4 Convertible, primul cabrio electric accesibil al m\u0103rcii<\/a>\n<div class=\"rssSummary\">BMW accelereaz\u0103 dezvoltarea noii genera\u021bii de modele electrice bazate pe platforma Neue Klasse, iar unul dintre cele mai interesante proiecte aflate \u00een teste este viitorul BMW i4 Convertible. Prototipul camuflat a fost surprins pe \u0219osele, confirm\u00e2nd c\u0103 produc\u0103torul german preg\u0103te\u0219te o decapotabil\u0103 electric\u0103 destinat\u0103 unui segment \u00een care oferta este, \u00een prezent, extrem de limitat\u0103. [\u2026]<\/div>\n<\/li>\n<\/ul>\n<\/aside>\n<\/div>\n<\/div>\n<\/div>\n<\/div>\n<\/article>\n<div class=\"td-post-content tagdiv-type\">\n<p class=\"wp-block-paragraph\">Centrala Nuclearoelectric\u0103 de la Cernavod\u0103 a ini\u021biat procedurile tehnice necesare pentru oprirea controlat\u0103 a Unit\u0103\u021bii 2, pe fondul debitului foarte sc\u0103zut al Dun\u0103rii \u0219i al evolu\u021biei nivelului apei \u00een zona de aspira\u021bie a pompelor de r\u0103cire. Ministerul Energiei anun\u021b\u0103 c\u0103 oprirea este a\u0219teptat\u0103 \u00een cursul acestei s\u0103pt\u0103m\u00e2ni, \u00een cazul \u00een care prognozele privind debitul fluviului r\u0103m\u00e2n nefavorabile.<\/p>\n<p class=\"wp-block-paragraph\">Pentru compensarea energiei care nu va mai fi produs\u0103 de reactor, autorit\u0103\u021bile au preg\u0103tit mai multe solu\u021bii, printre care utilizarea importurilor de energie \u0219i activarea unor capacit\u0103\u021bi suplimentare de produc\u021bie din Rom\u00e2nia. Complexul Energetic Oltenia poate pune \u00een func\u021biune, \u00een aproximativ opt ore, grupul energetic Rovinari 4, cu o capacitate de circa 330 MW.<\/p>\n<h2 class=\"wp-block-heading\">Unitatea 2 de la Cernavod\u0103 ar putea fi oprit\u0103 din cauza nivelului Dun\u0103rii<\/h2>\n<p class=\"wp-block-paragraph\">Decizia de preg\u0103tire a opririi controlate vine \u00een contextul secetei hidrologice severe \u0219i al sc\u0103derii continue a debitului Dun\u0103rii. Evolu\u021bia nivelului apei este urm\u0103rit\u0103 atent \u00een zona \u00een care sunt amplasate sistemele de aspira\u021bie pentru apa utilizat\u0103 la r\u0103cirea instala\u021biilor.<\/p>\n<p class=\"wp-block-paragraph\">Ministerul Energiei precizeaz\u0103 c\u0103, dac\u0103 prognoza privind debitul fluviului se men\u021bine nefavorabil\u0103, oprirea controlat\u0103 a Unit\u0103\u021bii 2 este a\u0219teptat\u0103 \u00een cursul acestei s\u0103pt\u0103m\u00e2ni. M\u0103sura este una tehnic\u0103 \u0219i preventiv\u0103, fiind determinat\u0103 de condi\u021biile hidrologice care influen\u021beaz\u0103 disponibilitatea resursei de ap\u0103 necesare func\u021bion\u0103rii centralei.<\/p>\n<h2 class=\"wp-block-heading\">Rovinari 4 poate furniza p\u00e2n\u0103 la 330 MW<\/h2>\n<p class=\"wp-block-paragraph\">\u00cen paralel cu preg\u0103tirile de la Cernavod\u0103, autorit\u0103\u021bile au identificat capacit\u0103\u021bi suplimentare care pot fi introduse \u00een sistem pentru compensarea produc\u021biei pierdute.<\/p>\n<p class=\"wp-block-paragraph\">Complexul Energetic Oltenia anun\u021b\u0103 c\u0103 grupul energetic Rovinari 4 poate fi opera\u021bionalizat \u00een aproximativ opt ore \u0219i pus la dispozi\u021bia Sistemului Electroenergetic Na\u021bional. Capacitatea de produc\u021bie este de aproximativ 330 MW, ceea ce poate acoperi o parte important\u0103 din energia care nu va mai fi furnizat\u0103 de Unitatea 2.<\/p>\n<p class=\"wp-block-paragraph\">Potrivit purt\u0103torului de cuv\u00e2nt al CEO, Sorin Hasna, Sucursala Electrocentrale Rovinari dispune de stocurile de c\u0103rbune necesare pentru func\u021bionarea continu\u0103 a cel pu\u021bin dou\u0103 grupuri energetice aflate \u00een exploatare. \u00cen caz de necesitate, compania sus\u021bine c\u0103 poate asigura func\u021bionarea chiar \u0219i a trei grupuri, cu sprijinul produc\u021biei zilnice din carierele miniere proprii.<\/p>\n<h2 class=\"wp-block-heading\">Importurile \u0219i produc\u021bia suplimentar\u0103, principalele solu\u021bii pentru compensare<\/h2>\n<p class=\"wp-block-paragraph\">Ministerul Energiei \u0219i Dispecerul Energetic Na\u021bional au preg\u0103tit m\u0103surile necesare pentru men\u021binerea echilibrului dintre produc\u021bia \u0219i consumul de energie electric\u0103.<\/p>\n<p class=\"wp-block-paragraph\">Necesarul suplimentar urmeaz\u0103 s\u0103 fie acoperit, \u00een func\u021bie de situa\u021bia din sistem, prin utilizarea capacit\u0103\u021bilor de import disponibile \u00een sistemele energetice regionale \u0219i europene, precum \u0219i prin activarea unor resurse suplimentare de produc\u021bie din Rom\u00e2nia.<\/p>\n<p class=\"wp-block-paragraph\">Pe l\u00e2ng\u0103 grupul Rovinari 4, autorit\u0103\u021bile au \u00een vedere \u0219i utilizarea, \u00een limitele tehnice \u0219i \u00een func\u021bie de resursele de ap\u0103 disponibile, a capacit\u0103\u021bii suplimentare de produc\u021bie a Hidroelectrica.<\/p>\n<h2 class=\"wp-block-heading\">Dispecerul Energetic Na\u021bional monitorizeaz\u0103 permanent sistemul<\/h2>\n<p class=\"wp-block-paragraph\">Dispecerul Energetic Na\u021bional urm\u0103re\u0219te \u00een timp real produc\u021bia, consumul, rezervele disponibile \u0219i posibilit\u0103\u021bile de schimb de energie cu sistemele din statele vecine.<\/p>\n<p class=\"wp-block-paragraph\">M\u0103surile de echilibrare urmeaz\u0103 s\u0103 fie activate gradual, \u00een func\u021bie de necesit\u0103\u021bile reale ale Sistemului Electroenergetic Na\u021bional. Ministerul Energiei, Transelectrica, Nuclearelectrica, Hidroelectrica \u0219i ceilal\u021bi operatori implica\u021bi evalueaz\u0103 permanent evolu\u021bia situa\u021biei.<\/p>\n<h2 class=\"wp-block-heading\">Marii consumatori industriali ar putea fi limita\u021bi doar ca ultim\u0103 solu\u021bie<\/h2>\n<p class=\"wp-block-paragraph\">Autorit\u0103\u021bile precizeaz\u0103 c\u0103 limitarea consumului nu reprezint\u0103 prima m\u0103sur\u0103 avut\u0103 \u00een vedere pentru men\u021binerea echilibrului energetic.<\/p>\n<p class=\"wp-block-paragraph\">\u00cen cazul \u00een care evolu\u021bia sistemului o va impune, iar celelalte solu\u021bii nu vor fi suficiente, consumul unor mari consumatori industriali ar putea fi limitat \u00een intervalul 19:00-23:00. Ministerul Energiei subliniaz\u0103 \u00eens\u0103 c\u0103 aceast\u0103 m\u0103sur\u0103 este ultima \u00een ordinea de prioritate \u0219i c\u0103 nu \u00eei vizeaz\u0103 pe consumatorii casnici.<\/p>\n<h2 class=\"wp-block-heading\">Nuclearelectrica a activat mecanismul de for\u021b\u0103 major\u0103<\/h2>\n<p class=\"wp-block-paragraph\">\u00cen contextul efectelor secetei asupra produc\u021biei, Nuclearelectrica a activat contractual mecanismul de for\u021b\u0103 major\u0103 pentru contractele de v\u00e2nzare a energiei electrice.<\/p>\n<p class=\"wp-block-paragraph\">Compania explic\u0103 faptul c\u0103 situa\u021bia este determinat\u0103 de un eveniment extern, excep\u021bional \u0219i independent de voin\u021ba sa, care afecteaz\u0103 posibilitatea de a produce \u0219i livra integral energia contractat\u0103.<\/p>\n<p class=\"wp-block-paragraph\">Camera de Comer\u021b, Industrie, Naviga\u021bie \u0219i Agricultur\u0103 Constan\u021ba a emis, la 10 august 2026, avize de existen\u021b\u0103 a cazului de for\u021b\u0103 major\u0103 pentru contractele de livrare a energiei electrice ale Nuclearelectrica.<\/p>\n<h2 class=\"wp-block-heading\">Seceta hidrologic\u0103 afecteaz\u0103 direct produc\u021bia de la Cernavod\u0103<\/h2>\n<p class=\"wp-block-paragraph\">Potrivit Nuclearelectrica, avizele au fost emise \u00een contextul secetei hidrologice severe din bazinul Dun\u0103rii, care a determinat sc\u0103derea excep\u021bional\u0103 a debitului \u0219i a nivelului fluviului sub valorile necesare asigur\u0103rii, \u00een condi\u021bii de securitate nuclear\u0103, a sursei de ap\u0103 tehnologic\u0103 \u0219i de r\u0103cire a CNE Cernavod\u0103.<\/p>\n<p class=\"wp-block-paragraph\">Aceast\u0103 situa\u021bie a dus deja la oprirea controlat\u0103 a Unit\u0103\u021bii 1 \u0219i, implicit, la imposibilitatea companiei de a-\u0219i \u00eendeplini integral, din propria produc\u021bie, obliga\u021biile contractuale asumate fa\u021b\u0103 de partenerii comerciali, \u00eencep\u00e2nd cu 27 iulie 2026 \u0219i pe perioada \u00een care se men\u021bin efectele cazului de for\u021b\u0103 major\u0103.<\/p>\n<p class=\"wp-block-paragraph\">\u00cen acela\u0219i timp, prognozele privind evolu\u021bia nivelului Dun\u0103rii au determinat Nuclearelectrica s\u0103 ia \u00een calcul \u0219i oprirea controlat\u0103 a Unit\u0103\u021bii 2.<\/p>\n<h2 class=\"wp-block-heading\">For\u021ba major\u0103 nu \u00eenseamn\u0103 automat anularea obliga\u021biilor contractuale<\/h2>\n<p class=\"wp-block-paragraph\">Activarea mecanismului de for\u021b\u0103 major\u0103 nu \u00eenseamn\u0103 c\u0103 Nuclearelectrica este automat scutit\u0103 de toate obliga\u021biile asumate prin contractele de v\u00e2nzare a energiei.<\/p>\n<p class=\"wp-block-paragraph\">Avizele emise de CCINA au rolul de a constata existen\u021ba situa\u021biei de for\u021b\u0103 major\u0103, \u00een timp ce efectele concrete asupra fiec\u0103rui contract depind de prevederile contractuale aplicabile. Compania trebuie s\u0103 \u00ee\u0219i informeze partenerii cu privire la evolu\u021bia situa\u021biei \u0219i s\u0103 depun\u0103 eforturi rezonabile pentru limitarea efectelor produse de evenimentul excep\u021bional.<\/p>\n<p class=\"wp-block-paragraph\">Nuclearelectrica a anun\u021bat c\u0103 va transmite partenerilor contractuali estim\u0103ri privind perioada \u00een care nu \u00ee\u0219i poate \u00eendeplini obliga\u021biile, \u00een m\u0103sura \u00een care aceste informa\u021bii vor fi disponibile, \u0219i va comunica actualiz\u0103ri pe durata men\u021binerii situa\u021biei.<\/p>\n<h2 class=\"wp-block-heading\">Rom\u00e2nia intr\u0103 \u00eentr-o perioad\u0103 dificil\u0103 pentru sistemul energetic<\/h2>\n<p class=\"wp-block-paragraph\">Oprirea Unit\u0103\u021bii 2 ar reduce suplimentar produc\u021bia de energie nuclear\u0103 disponibil\u0103 pentru Sistemul Electroenergetic Na\u021bional, \u00eentr-un moment \u00een care seceta afecteaz\u0103 \u0219i produc\u021bia hidro \u0219i \u00een care temperaturile ridicate men\u021bin presiunea asupra consumului de electricitate.<\/p>\n<p class=\"wp-block-paragraph\">Pentru limitarea efectelor, autorit\u0103\u021bile se bazeaz\u0103 pe combina\u021bia dintre importuri, capacit\u0103\u021bi termoenergetice disponibile \u0219i produc\u021bia hidro care poate fi asigurat\u0103 \u00een condi\u021biile resurselor de ap\u0103 existente.<\/p>\n<p class=\"wp-block-paragraph\">Ministerul Energiei face, totodat\u0103, apel la popula\u021bie, institu\u021biile publice \u0219i operatorii economici s\u0103 utilizeze energia electric\u0103 \u00een mod responsabil, \u00een special \u00een intervalul 19:00-23:00. Reducerea voluntar\u0103 a consumului \u00een orele de v\u00e2rf poate contribui la diminuarea presiunii asupra sistemului \u0219i la men\u021binerea func\u021bion\u0103rii acestuia \u00een condi\u021bii de siguran\u021b\u0103.<\/p>\n<\/div>\n<p>[analyse_source url=&#8221;https:\/\/orasul-timisoara.ro\/local-40173\/&#8221;]<\/p>\n","protected":false},"excerpt":{"rendered":"<p>[analyse_image type=&#8221;featured&#8221; src=&#8221;https:\/\/orasul-timisoara.ro\/wp-content\/uploads\/2026\/08\/cernavoda-reactor-2-1.jpg&#8221;] \u0218tiri na\u021bionale \u0219i interna\u021bionaleUnitatea 2 de la Cernavod\u0103, preg\u0103tit\u0103 pentru oprire din cauza secetei \u0218tiri na\u021bionale \u0219i interna\u021bionale Unitatea 2 de la Cernavod\u0103, preg\u0103tit\u0103 pentru oprire din cauza secetei De c\u0103tre redactia &#8211; 11\/08\/2026 Facebook Twitter WhatsApp Linkedin ReddIt Email Imprimare Centrala Nuclearoelectric\u0103 de la Cernavod\u0103 a ini\u021biat procedurile tehnice necesare pentru [&hellip;]<\/p>\n","protected":false},"author":1,"featured_media":0,"comment_status":"open","ping_status":"","sticky":false,"template":"","format":"standard","meta":{"footnotes":""},"categories":[89],"tags":[226,189],"class_list":["post-2091989","post","type-post","status-publish","format-standard","hentry","category-romania","tag-crawlmanager","tag-orasul-timisoara-ro"],"_links":{"self":[{"href":"https:\/\/analyse.optim.biz\/index.php?rest_route=\/wp\/v2\/posts\/2091989","targetHints":{"allow":["GET"]}}],"collection":[{"href":"https:\/\/analyse.optim.biz\/index.php?rest_route=\/wp\/v2\/posts"}],"about":[{"href":"https:\/\/analyse.optim.biz\/index.php?rest_route=\/wp\/v2\/types\/post"}],"author":[{"embeddable":true,"href":"https:\/\/analyse.optim.biz\/index.php?rest_route=\/wp\/v2\/users\/1"}],"replies":[{"embeddable":true,"href":"https:\/\/analyse.optim.biz\/index.php?rest_route=%2Fwp%2Fv2%2Fcomments&post=2091989"}],"version-history":[{"count":0,"href":"https:\/\/analyse.optim.biz\/index.php?rest_route=\/wp\/v2\/posts\/2091989\/revisions"}],"wp:attachment":[{"href":"https:\/\/analyse.optim.biz\/index.php?rest_route=%2Fwp%2Fv2%2Fmedia&parent=2091989"}],"wp:term":[{"taxonomy":"category","embeddable":true,"href":"https:\/\/analyse.optim.biz\/index.php?rest_route=%2Fwp%2Fv2%2Fcategories&post=2091989"},{"taxonomy":"post_tag","embeddable":true,"href":"https:\/\/analyse.optim.biz\/index.php?rest_route=%2Fwp%2Fv2%2Ftags&post=2091989"}],"curies":[{"name":"wp","href":"https:\/\/api.w.org\/{rel}","templated":true}]}}