{"id":2091978,"date":"2026-08-13T16:48:44","date_gmt":"2026-08-13T13:48:44","guid":{"rendered":"https:\/\/analyse.optim.biz\/?p=2091978"},"modified":"2026-08-13T16:48:44","modified_gmt":"2026-08-13T13:48:44","slug":"isarescu-n-avem-niciun-criteriu-indeplinit-pentru-a-intra-in-zona-euro","status":"publish","type":"post","link":"https:\/\/analyse.optim.biz\/?p=2091978","title":{"rendered":"Is\u0103rescu: N-avem niciun criteriu \u00eendeplinit pentru a intra \u00een zona euro"},"content":{"rendered":"<p>[analyse_image type=&#8221;featured&#8221; src=&#8221;https:\/\/ziardesuceava.ro\/wp-content\/uploads\/2026\/08\/79762-1024&#215;683.jpg&#8221;]<\/p>\n<div class=\"post-content clearfix\">\n<div class=\"blog-post-thumb\"><img loading=\"lazy\" decoding=\"async\" width=\"1140\" height=\"694\" src=\"https:\/\/ziardesuceava.ro\/wp-content\/uploads\/2026\/08\/79762-1140x694.jpg\" class=\"attachment-inhype-blog-thumb size-inhype-blog-thumb wp-post-image\" alt><\/div>\n<div class=\"entry-content\">\n<div>\n<p class=\"fara-orfani lead\">BNR a sprijinit \u0219i \u00een trecut aderarea la euro, dar \u00een momentul actual Rom\u00e2nia nu \u00eendepline\u0219te niciun criteriu, spune Mugur Is\u0103rescu, amintind c\u0103 \u00een 2014 \u00eendeplineam criteriile, pentru ca apoi s\u0103 apar\u0103 \u201dcursa\u201d reducerii TVA.<\/p>\n<div class=\"continut-articol\">\n<p>\u201dNoi am ajuns atunci, \u00een discu\u021biile 2011-2012, am ajuns \u0219i la detaliu: pe unde s\u0103 intre ma\u0219inile cu numerar \u00een \u021bar\u0103 \u0219i care s\u0103 fie sucursalele care au \u2026 depozite mari \u0219i unde s\u0103 a\u0219ez\u0103m stocul de numerar\u201d, a explicat Is\u0103rescu, ad\u0103ug\u00e2nd c\u0103 pre\u0219edintele Traian B\u0103sescu a avut proiectul 2014 \u0219i atunci s-au \u00eendeplinit criteriile.<\/p>\n<p>Doar c\u0103 atunci contextul extern nu a fost favorabil, urmare a crizei Greciei \u0219i a zonei euro.<\/p>\n<p> Pe plan intern, din 2015 a \u00eenceput \u201do curs\u0103 care reduce mai mult TVA-ul\u201d. \u201dA fost chiar o formulare: s\u0103 d\u0103m \u00eenapoi rom\u00e2nilor banii pe care i-a luat B\u0103sescu prin majorarea TVA\u201d.<\/p>\n<p>S-a ajuns din nou la deficit mare, iar apoi a intervenit pandemia, r\u0103zboiul \u0219i s-au creat alte priorit\u0103\u021bi. <\/p>\n<p>Is\u0103rescu a avertizat c\u0103 trecerea la euro nu este un schimb facil de moned\u0103, ci un proces politic, complicat.<\/p>\n<p>Pe de alt\u0103 parte, Rom\u00e2nia nu are\u00a0 alt\u0103 alternativ\u0103: \u201d\u00cen momentul \u00een care am semnat tratatul de aderare, este trecut c\u0103 vom trece la euro c\u00e2nd condi\u021biile vor fi cele necesare. C\u00e2nd vom \u00eendeplini condi\u021biile. Nu avem statutul pe care l-a avut, de exemplu, Anglia sau Danemarca, s\u0103 ne p\u0103str\u0103m moneda na\u021bional\u0103\u201d. <\/p>\n<p>\u00cen momentul actual, prioritatea este \u201ds\u0103 facem aceast\u0103 corec\u021bie fiscal\u0103, s\u0103 rezist\u0103m, s\u0103 o p\u0103str\u0103m, pentru c\u0103 experien\u021ba din 2014 ne arat\u0103 c\u0103, dac\u0103 nu o p\u0103str\u0103m, nici nu putem s\u0103 intr\u0103m \u00een mecanismul cursurilor de schimb. Acolo se spune clar, \u00eendepline\u0219ti criteriile de performan\u021b\u0103 \u0219i, pe urm\u0103 stai a\u0219a drep\u021bi, dou\u0103 ani de zile cel pu\u021bin, \u00een mecanismul cursului de schimb \u0219i nu se schimb\u0103 nimic\u201d.<\/p>\n<p>Un alt avertisment: Nimeni nu ne disciplineaz\u0103 \u00een zona euro.<\/p>\n<p>Trecerea la euro a ajuns din nou \u00een aten\u021bia public\u0103, dup\u0103 ce pre\u0219edintele Nicu\u0219or Dan a invocat existen\u021ba unui acord de principiu al partidelor ca Rom\u00e2nia s\u0103 revin\u0103 la o asumare concret\u0103 a obiectivului ader\u0103rii la aceast\u0103 moned\u0103.<\/p>\n<\/div>\n<\/div>\n<\/div>\n<div class=\"inhype-social-share-fixed sidebar-position-right\">\n<div class=\"post-social-wrapper\">\n<div class=\"post-social-title\"><span class=\"post-social-title-text\">Share<\/span><\/div>\n<\/div>\n<\/div>\n<\/div>\n<p>[analyse_source url=&#8221;https:\/\/ziardesuceava.ro\/isarescu-n-avem-niciun-criteriu-indeplinit-pentru-a-intra-in-zona-euro\/&#8221;]<\/p>\n","protected":false},"excerpt":{"rendered":"<p>[analyse_image type=&#8221;featured&#8221; src=&#8221;https:\/\/ziardesuceava.ro\/wp-content\/uploads\/2026\/08\/79762-1024&#215;683.jpg&#8221;] BNR a sprijinit \u0219i \u00een trecut aderarea la euro, dar \u00een momentul actual Rom\u00e2nia nu \u00eendepline\u0219te niciun criteriu, spune Mugur Is\u0103rescu, amintind c\u0103 \u00een 2014 \u00eendeplineam criteriile, pentru ca apoi s\u0103 apar\u0103 \u201dcursa\u201d reducerii TVA. \u201dNoi am ajuns atunci, \u00een discu\u021biile 2011-2012, am ajuns \u0219i la detaliu: pe unde s\u0103 intre ma\u0219inile [&hellip;]<\/p>\n","protected":false},"author":1,"featured_media":0,"comment_status":"open","ping_status":"","sticky":false,"template":"","format":"standard","meta":{"footnotes":""},"categories":[89],"tags":[226,171],"class_list":["post-2091978","post","type-post","status-publish","format-standard","hentry","category-romania","tag-crawlmanager","tag-ziardesuceava-ro"],"_links":{"self":[{"href":"https:\/\/analyse.optim.biz\/index.php?rest_route=\/wp\/v2\/posts\/2091978","targetHints":{"allow":["GET"]}}],"collection":[{"href":"https:\/\/analyse.optim.biz\/index.php?rest_route=\/wp\/v2\/posts"}],"about":[{"href":"https:\/\/analyse.optim.biz\/index.php?rest_route=\/wp\/v2\/types\/post"}],"author":[{"embeddable":true,"href":"https:\/\/analyse.optim.biz\/index.php?rest_route=\/wp\/v2\/users\/1"}],"replies":[{"embeddable":true,"href":"https:\/\/analyse.optim.biz\/index.php?rest_route=%2Fwp%2Fv2%2Fcomments&post=2091978"}],"version-history":[{"count":0,"href":"https:\/\/analyse.optim.biz\/index.php?rest_route=\/wp\/v2\/posts\/2091978\/revisions"}],"wp:attachment":[{"href":"https:\/\/analyse.optim.biz\/index.php?rest_route=%2Fwp%2Fv2%2Fmedia&parent=2091978"}],"wp:term":[{"taxonomy":"category","embeddable":true,"href":"https:\/\/analyse.optim.biz\/index.php?rest_route=%2Fwp%2Fv2%2Fcategories&post=2091978"},{"taxonomy":"post_tag","embeddable":true,"href":"https:\/\/analyse.optim.biz\/index.php?rest_route=%2Fwp%2Fv2%2Ftags&post=2091978"}],"curies":[{"name":"wp","href":"https:\/\/api.w.org\/{rel}","templated":true}]}}