{"id":2091976,"date":"2026-08-13T09:38:30","date_gmt":"2026-08-13T06:38:30","guid":{"rendered":"https:\/\/analyse.optim.biz\/?p=2091976"},"modified":"2026-08-13T09:38:30","modified_gmt":"2026-08-13T06:38:30","slug":"grindeanu-esec-epic-al-acestui-guvern-ilegal-economia-romaniei-a-scazut-cu-11-in-primul-trimestru-al-anului-fata-de-aceeasi-perioada-din-2025","status":"publish","type":"post","link":"https:\/\/analyse.optim.biz\/?p=2091976","title":{"rendered":"Grindeanu: E\u015fec epic al acestui guvern ilegal. Economia Rom\u00e2niei a sc\u0103zut cu 1,1% \u00een primul trimestru al anului fa\u0163\u0103 de aceea\u015fi perioad\u0103 din 2025"},"content":{"rendered":"<p>[analyse_image type=&#8221;featured&#8221; src=&#8221;https:\/\/ziardesuceava.ro\/wp-content\/uploads\/2025\/08\/grindeanu-10-iun-25-2.jpg&#8221;]<\/p>\n<div class=\"post-content clearfix\">\n<div class=\"blog-post-thumb\"><img loading=\"lazy\" decoding=\"async\" width=\"820\" height=\"666\" src=\"https:\/\/ziardesuceava.ro\/wp-content\/uploads\/2025\/08\/grindeanu-10-iun-25-2.jpg\" class=\"attachment-inhype-blog-thumb size-inhype-blog-thumb wp-post-image\" alt><\/div>\n<div class=\"entry-content\">\n<p class=\"first-paragraph\">Pre\u015fedintele PSD, Sorin Grindeanu, a afirmat, joi, c\u0103 \u201dcifrele nu mint \u015fi nu pot cosmetizate de propagand\u0103\u201d, ad\u0103ug\u00e2nd c\u0103 acestea arat\u0103 un \u201de\u015fec epic al acestui guvern ilegal \u015fi lipsit de orice legitimitate democratic\u0103\u201d. Grindeanu a precizat c\u0103 economia Rom\u00e2nia a sc\u0103zut cu 1,1% \u00een primul trimestru din 2026 fa\u0163\u0103 de aceea\u015fi perioad\u0103 a anului trecut, \u00een timp ce vecinii \u0163\u0103rii noastre \u00eenregistreaz\u0103 cre\u015fteri economice.<\/p>\n<p>Grindeanu a prezentat, joi, \u00eentr-o conferin\u0163\u0103 de pres\u0103, \u201dfactura economic\u0103 \u015fi social\u0103\u201d dup\u0103 100 de zile de la demiterea oficial\u0103 a guvernului condus de Ilie Bolojan.<\/p>\n<p>\u201dCifrele nu mint \u015fi nu pot fi cosmetizate de propagand\u0103. Iar cifrele arat\u0103 un e\u015fec EPIC al acestui guvern ilegal \u015fi lipsit de orice legitimitate democratic\u0103.\u00a0 Economia Rom\u00e2niei a sc\u0103zut cu 1.1% \u00een primul trimestru al anului fa\u0163\u0103 de aceea\u015fi perioad\u0103 din 2025. Este al treilea trimestru consecutiv de stagnare sau c\u0103dere sub comanda lui Bolojan. \u00cen acela\u015fi timp, vecinii no\u015ftri cresc. Polonia cre\u015fte cu +3,5%, Bulgaria cu +3,1%, Cehia cu +2,2% \u015fi Ungaria cu +1,7%\u201d, a afirmat Grindeanu.<\/p>\n<p>El a subliniat c\u0103 produc\u0163ia industrial\u0103 \u00eenregistreaz\u0103 a cincea lun\u0103 consecutiv\u0103 de sc\u0103dere, plas\u00e2nd Rom\u00e2nia pe locul 2 \u00een topul negativ la nivelul Uniunii Europene, iar capitalul autohton este distrus \u00een condi\u0163iile \u00een care \u00een numai patru luni, aproape 8.300 de firme au intrat \u00een faliment sau insolven\u0163\u0103 ceea ce \u00eenseamn\u0103 c\u0103 69 de firme dispar \u00een fiecare zi.<\/p>\n<p>\u201dSectoarele Horeca \u015fi turismul sunt \u00eengenuncheate. Trei sferturi din pensiuni sunt \u00eenchise sau f\u0103r\u0103 clien\u0163i, iar cifra de afaceri din turism a \u00eenregistrat un minus de 13% \u00een primele 5 luni ale anului, conform ultimelor date INS. De asemenea, asist\u0103m la o pr\u0103bu\u015fire a investi\u0163iilor str\u0103ine \u2013 25%. De la 2,9 miliarde de euro \u00een ianuarie-mai 2025, la 2.1 miliarde de euro \u00een aceea\u015fi perioad\u0103 din 2026. Este o lips\u0103 total\u0103 de credibilitate pentru acest Guvern interimar \u015fi demis Bolojan\u201d, a mai declarat liderul PSD.<\/p>\n<p>El a ad\u0103ugat c\u0103 toate aceste lucruri au un efect asupra angaja\u0163ilor, iar 173 de rom\u00e2ni \u00ee\u015fi pierd locul de munc\u0103 \u00een fiecare zi, trei din patru fiind din industrie, iar \u00een privin\u0163a consumului sunt 11 luni de sc\u0103dere.<\/p>\n<p>\u201dA\u0163i spune c\u0103 o veste bun\u0103 este c\u0103 totu\u015fi a sc\u0103zut infla\u0163ia. Asta e ca centimetrii lui Miru\u0163\u0103, a sc\u0103zut marginal dup\u0103 ce guvernul Bolojan o dublase.\u00a0 \u00cen tot acest timp, premierul demis Bolojan se \u00eemprumut\u0103 cu 1.000 de euro pe secund\u0103 \u2013 adic\u0103 434 de milioane de lei \u00een plus la datoria Rom\u00e2niei pe zi, f\u0103r\u0103 s\u0103 se vad\u0103 nicio investi\u0163ie palpabil\u0103 \u00een economie. Datoria public\u0103 a s\u0103rit de 60% din PIB.\u00a0 Ca s\u0103 ave\u0163i o compara\u0163ie, \u00een 2024 guvernul Ciolacu s-a \u00eemprumutat cu 252 de miliarde de lei, iar anul acesta Bolojan se va \u00eemprumuta cu 275 de miliarde de lei. Un dezastru!\u201d, a mai transmis Sorin Grindeanu.<\/p>\n<p>El a men\u0163ionat c\u0103 \u00een func\u0163ie de deciziile CCR pe cele dou\u0103 legi contestate este preg\u0103tit s\u0103 convoace din nou Parlamentul.<\/p>\n<p>Grindeanu a mai adeclarat c\u0103 social-democra\u0163ii vor depune eforturile pentru ca Rom\u00e2nia s\u0103 nu se scufunde.<\/p>\n<p>\u201dPSD \u015fi eu personal vom depune toate eforturile pentru ca Rom\u00e2nia s\u0103 nu se scufunde din cauza faptului c\u0103 Ilie Bolojan \u015fi USR se \u00eenc\u0103p\u0103\u0163\u00e2neaz\u0103 s\u0103 se \u0163in\u0103 de scaune.<\/p>\n<p>Dar, vreau s\u0103 fiu foarte clar: \u00eencep\u00e2nd cu sesiunea ordinar\u0103 a Parlamentului, la 1 septembrie, avem nevoie de un guvern cu puteri depline. Nu ne mai permitem o secund\u0103 \u00een plus ca Bolojan \u015fi camarila sa userist\u0103 s\u0103 r\u0103m\u00e2n\u0103 la Palatul Victoria. E\u015fecul economic \u015fi social al guvernului Bolojan trebuie stopat. \u015ei PSD este preg\u0103tit s\u0103 \u00ee\u015fi asume pe deplin s\u0103 fie parte din solu\u0163ie.\u201d, a mai afirmat pre\u015fedintele PSD.<\/p>\n<\/div>\n<div class=\"inhype-social-share-fixed sidebar-position-right\">\n<div class=\"post-social-wrapper\">\n<div class=\"post-social-title\"><span class=\"post-social-title-text\">Share<\/span><\/div>\n<\/div>\n<\/div>\n<\/div>\n<p>[analyse_source url=&#8221;https:\/\/ziardesuceava.ro\/grindeanu-esec-epic-al-acestui-guvern-ilegal-economia-romaniei-a-scazut-cu-11-in-primul-trimestru-al-anului-fata-de-aceeasi-perioada-din-2025\/&#8221;]<\/p>\n","protected":false},"excerpt":{"rendered":"<p>[analyse_image type=&#8221;featured&#8221; src=&#8221;https:\/\/ziardesuceava.ro\/wp-content\/uploads\/2025\/08\/grindeanu-10-iun-25-2.jpg&#8221;] Pre\u015fedintele PSD, Sorin Grindeanu, a afirmat, joi, c\u0103 \u201dcifrele nu mint \u015fi nu pot cosmetizate de propagand\u0103\u201d, ad\u0103ug\u00e2nd c\u0103 acestea arat\u0103 un \u201de\u015fec epic al acestui guvern ilegal \u015fi lipsit de orice legitimitate democratic\u0103\u201d. Grindeanu a precizat c\u0103 economia Rom\u00e2nia a sc\u0103zut cu 1,1% \u00een primul trimestru din 2026 fa\u0163\u0103 de aceea\u015fi [&hellip;]<\/p>\n","protected":false},"author":1,"featured_media":0,"comment_status":"open","ping_status":"","sticky":false,"template":"","format":"standard","meta":{"footnotes":""},"categories":[89],"tags":[226,171],"class_list":["post-2091976","post","type-post","status-publish","format-standard","hentry","category-romania","tag-crawlmanager","tag-ziardesuceava-ro"],"_links":{"self":[{"href":"https:\/\/analyse.optim.biz\/index.php?rest_route=\/wp\/v2\/posts\/2091976","targetHints":{"allow":["GET"]}}],"collection":[{"href":"https:\/\/analyse.optim.biz\/index.php?rest_route=\/wp\/v2\/posts"}],"about":[{"href":"https:\/\/analyse.optim.biz\/index.php?rest_route=\/wp\/v2\/types\/post"}],"author":[{"embeddable":true,"href":"https:\/\/analyse.optim.biz\/index.php?rest_route=\/wp\/v2\/users\/1"}],"replies":[{"embeddable":true,"href":"https:\/\/analyse.optim.biz\/index.php?rest_route=%2Fwp%2Fv2%2Fcomments&post=2091976"}],"version-history":[{"count":0,"href":"https:\/\/analyse.optim.biz\/index.php?rest_route=\/wp\/v2\/posts\/2091976\/revisions"}],"wp:attachment":[{"href":"https:\/\/analyse.optim.biz\/index.php?rest_route=%2Fwp%2Fv2%2Fmedia&parent=2091976"}],"wp:term":[{"taxonomy":"category","embeddable":true,"href":"https:\/\/analyse.optim.biz\/index.php?rest_route=%2Fwp%2Fv2%2Fcategories&post=2091976"},{"taxonomy":"post_tag","embeddable":true,"href":"https:\/\/analyse.optim.biz\/index.php?rest_route=%2Fwp%2Fv2%2Ftags&post=2091976"}],"curies":[{"name":"wp","href":"https:\/\/api.w.org\/{rel}","templated":true}]}}