{"id":2091939,"date":"2026-08-10T19:36:44","date_gmt":"2026-08-10T16:36:44","guid":{"rendered":"https:\/\/analyse.optim.biz\/?p=2091939"},"modified":"2026-08-10T19:36:44","modified_gmt":"2026-08-10T16:36:44","slug":"buzaul-va-avea-pana-la-finalul-anului-acces-catre-un-drum-expres","status":"publish","type":"post","link":"https:\/\/analyse.optim.biz\/?p=2091939","title":{"rendered":"Buz\u0103ul va avea p\u00e2n\u0103 la finalul anului acces c\u0103tre un drum expres"},"content":{"rendered":"<p>[analyse_image type=&#8221;featured&#8221; src=&#8221;https:\/\/www.tvbuzau.ro\/wp-content\/uploads\/2026\/08\/hqdefault-10.jpghttps:\/\/www.tvbuzau.ro\/wp-content\/uploads\/2026\/08\/hqdefault-10.jpg&#8221;]<\/p>\n<div class=\"td-ss-main-content\">\n<article id=\"post-119975\" class=\"post-119975 post type-post status-publish format-video has-post-thumbnail hentry category-actualitate post_format-post-format-video\">\n<div class=\"td-post-header\">\n<ul class=\"td-category\">\n<li class=\"entry-category\"><a href=\"https:\/\/www.tvbuzau.ro\/category\/actualitate\/\">Actualitate<\/a><\/li>\n<\/ul>\n<header class=\"td-post-title\">\n<h1 class=\"entry-title\">Buz\u0103ul va avea p\u00e2n\u0103 la finalul anului acces c\u0103tre un drum expres<\/h1>\n<div class=\"td-module-meta-info\">\n<div class=\"td-post-author-name\">De c\u0103tre <a href=\"https:\/\/www.tvbuzau.ro\/author\/mihai-vasilescu\/\">TV Buz\u0103u<\/a> &#8211; <\/div>\n<p><span class=\"td-post-date\"><time class=\"entry-date updated td-module-date\" datetime=\"2026-08-10T19:36:44+00:00\">august 10, 2026<\/time><\/span><\/p>\n<div class=\"td-post-comments\"><a href=\"https:\/\/www.tvbuzau.ro\/buzaul-va-avea-pana-la-finalul-anului-acces-catre-un-drum-expres\/#respond\">0<\/a><\/div>\n<div class=\"td-post-views\"><span class=\"td-nr-views-119975\">31<\/span><\/div>\n<\/div>\n<\/header>\n<\/div>\n<div class=\"td-post-sharing td-post-sharing-top td-with-like\">\n<div class=\"td-default-sharing\"><a class=\"td-social-sharing-buttons td-social-facebook\" href=\"http:\/\/www.facebook.com\/sharer.php?u=https%3A%2F%2Fwww.tvbuzau.ro%2Fbuzaul-va-avea-pana-la-finalul-anului-acces-catre-un-drum-expres%2F\"><\/p>\n<div class=\"td-social-but-text\">Distribui\u021bi pe Facebook<\/div>\n<p><\/a><a class=\"td-social-sharing-buttons td-social-twitter\" href=\"https:\/\/twitter.com\/intent\/tweet?text=Buz%C4%83ul+va+avea+p%C3%A2n%C4%83+la+finalul+anului+acces+c%C4%83tre+un+drum+expres&amp;url=https%3A%2F%2Fwww.tvbuzau.ro%2Fbuzaul-va-avea-pana-la-finalul-anului-acces-catre-un-drum-expres%2F&amp;via=TV+Buz%C4%83u\"><\/p>\n<div class=\"td-social-but-text\">Distribui\u021bi pe Twitter<\/div>\n<p><\/a><\/div>\n<div class=\"td-classic-sharing\">\n<ul>\n<li class=\"td-classic-facebook\"><iframe frameborder src=\"https:\/\/www.facebook.com\/plugins\/like.php?href=https:\/\/www.tvbuzau.ro\/buzaul-va-avea-pana-la-finalul-anului-acces-catre-un-drum-expres\/&amp;layout=button_count&amp;show_faces=false&amp;width=105&amp;action=like&amp;colorscheme=light&amp;height=21\"><\/iframe><\/li>\n<li class=\"td-classic-twitter\"><a href=\"https:\/\/twitter.com\/share\" class=\"twitter-share-button\" data-url=\"https:\/\/www.tvbuzau.ro\/buzaul-va-avea-pana-la-finalul-anului-acces-catre-un-drum-expres\/\" data-text=\"Buz\u0103ul va avea p\u00e2n\u0103 la finalul anului acces c\u0103tre un drum expres\" data-via data-lang=\"en\">tweet<\/a><\/li>\n<\/ul>\n<\/div>\n<\/div>\n<div class=\"td-post-content\">\n<div class=\"td-featured-image-rec\">\n<div class=\"wpb_video_wrapper\">\n                    <iframe loading=\"lazy\" id=\"td_youtube_player\" width=\"600\" height=\"560\" src=\"https:\/\/www.youtube.com\/embed\/-mYC8TJ6Zq4?enablejsapi=1&amp;feature=oembed&amp;wmode=opaque&amp;vq=hd720\" frameborder allowfullscreen><\/iframe><\/p><\/div>\n<\/div>\n<p>Circula\u021bia pe noul drum expres Br\u0103ila \u2013 Gala\u021bi trebuie deschis\u0103 p\u00e2n\u0103 la finalul acestui an<br \/>\nDirectorul Companiei Na\u0163ionale de Administrare a Infrastructurii Rutiere, Cristian Pistol a precizat recent c\u0103 a fost ridicat \u0219i pozi\u021bionat \u00eenc\u0103 un segment al tablierului podului peste r\u00e2ul Siret, pe drumul expres Br\u0103ila-Gala\u0163i.<\/p>\n<p>\u201cAu fost finalizate \u0219i lucr\u0103rile de montare a hobanelor pentru faza 6 \u0219i au fost dezafectate funda\u021biile provizorii de la tablier (pilone\u021bi), folosite \u00een etapa de montare a tablierului anterior. Stadiul fizic al lucr\u0103rilor a dep\u0103\u0219it 97%, iar podul peste Siret este ultimul obiectiv din \u0219antier care a r\u0103mas de finalizat\u201d, a anun\u0163at directorul CAIR, Cristian Pistol.<br \/>\nAmbianta<br \/>\nContractul pentru construc\u021bia drumului de mare vitez\u0103 care se \u00eentinde pe o lungime de 10,76 km, \u00een valoare de 449,42 milioane lei f\u0103r\u0103 TVA, este finan\u021bat prin Programul Transport  2021-2027.<\/p>\n<p>\u201eCircula\u021bia pe noul drum expres Br\u0103ila \u2013 Gala\u021bi trebuie deschis\u0103 p\u00e2n\u0103 la finalul acestui an (2026). DEx6 este un nou drum modern, care contribuie direct la dezvoltarea economic\u0103 a regiunilor istorice Moldova \u0219i Muntenia, iar, prin extensie, la cre\u0219terea oportunit\u0103\u021bilor de dezvoltare ale Dobrogei\u201d, a explicat Cristian Pistol.<br \/>\nAmbianta<\/p>\n<p>Druumul va facilita totodat\u0103 leg\u0103tura jude\u0163ului Buz\u0103u cu Br\u0103ila \u015fi Gala\u0163i.<\/p>\n<div class=\"post-views post-119975 entry-meta\"><span class=\"post-views-label\">Post Views: <\/span><span class=\"post-views-count\">208<\/span><\/div>\n<\/div>\n<footer>\n<div class=\"td-post-sharing td-post-sharing-bottom td-with-like\"><span class=\"td-post-share-title\">DISTRIBUI\u021aI<\/span><\/p>\n<div class=\"td-default-sharing\"><a class=\"td-social-sharing-buttons td-social-facebook\" href=\"http:\/\/www.facebook.com\/sharer.php?u=https%3A%2F%2Fwww.tvbuzau.ro%2Fbuzaul-va-avea-pana-la-finalul-anului-acces-catre-un-drum-expres%2F\"><\/p>\n<div class=\"td-social-but-text\">Facebook<\/div>\n<p><\/a><a class=\"td-social-sharing-buttons td-social-twitter\" href=\"https:\/\/twitter.com\/intent\/tweet?text=Buz%C4%83ul+va+avea+p%C3%A2n%C4%83+la+finalul+anului+acces+c%C4%83tre+un+drum+expres&amp;url=https%3A%2F%2Fwww.tvbuzau.ro%2Fbuzaul-va-avea-pana-la-finalul-anului-acces-catre-un-drum-expres%2F&amp;via=TV+Buz%C4%83u\"><\/p>\n<div class=\"td-social-but-text\">Twitter<\/div>\n<p><\/a><\/div>\n<div class=\"td-classic-sharing\">\n<ul>\n<li class=\"td-classic-facebook\"><iframe frameborder src=\"https:\/\/www.facebook.com\/plugins\/like.php?href=https:\/\/www.tvbuzau.ro\/buzaul-va-avea-pana-la-finalul-anului-acces-catre-un-drum-expres\/&amp;layout=button_count&amp;show_faces=false&amp;width=105&amp;action=like&amp;colorscheme=light&amp;height=21\"><\/iframe><\/li>\n<li class=\"td-classic-twitter\"><a href=\"https:\/\/twitter.com\/share\" class=\"twitter-share-button\" data-url=\"https:\/\/www.tvbuzau.ro\/buzaul-va-avea-pana-la-finalul-anului-acces-catre-un-drum-expres\/\" data-text=\"Buz\u0103ul va avea p\u00e2n\u0103 la finalul anului acces c\u0103tre un drum expres\" data-via data-lang=\"en\">tweet<\/a><\/li>\n<\/ul>\n<\/div>\n<\/div>\n<div class=\"td-author-name vcard author\"><span class=\"fn\"><a href=\"https:\/\/www.tvbuzau.ro\/author\/mihai-vasilescu\/\">TV Buz\u0103u<\/a><\/span><\/div>\n<p><span><\/span><span><span><\/span><\/span><span><\/span><\/footer>\n<\/article>\n<div class=\"td_block_wrap td_block_related_posts td_uid_1_6a7e089f0c967_rand td_with_ajax_pagination td-pb-border-top\" data-td-block-uid=\"td_uid_1_6a7e089f0c967\">\n<h4 class=\"td-related-title\"><a id=\"td_uid_2_6a7e089f11ea6\" class=\"td-related-left td-cur-simple-item\" data-td_filter_value data-td_block_id=\"td_uid_1_6a7e089f0c967\" href=\"https:\/\/www.tvbuzau.ro\/buzaul-va-avea-pana-la-finalul-anului-acces-catre-un-drum-expres\/\">ARTICOLE SIMILARE<\/a><a id=\"td_uid_3_6a7e089f11ee1\" class=\"td-related-right\" data-td_filter_value=\"td_related_more_from_author\" data-td_block_id=\"td_uid_1_6a7e089f0c967\" href=\"https:\/\/www.tvbuzau.ro\/buzaul-va-avea-pana-la-finalul-anului-acces-catre-un-drum-expres\/\">DE LA ACELA\u0218I AUTOR<\/a><\/h4>\n<div id=\"td_uid_1_6a7e089f0c967\" class=\"td_block_inner\">\n<div class=\"td-related-row\">\n<div class=\"td-related-span4\">\n<div class=\"td_module_related_posts td-animation-stack td_mod_related_posts\">\n<div class=\"td-module-image\">\n<div class=\"td-module-thumb\"><a href=\"https:\/\/www.tvbuzau.ro\/sute-de-buzoieni-au-mers-sa-vada-perseidele-2\/\" rel=\"bookmark\" title=\"Sute de buzoieni au mers s\u0103 vad\u0103 Perseidele\"><img loading=\"lazy\" decoding=\"async\" width=\"218\" height=\"150\" class=\"entry-thumb\" src=\"https:\/\/www.tvbuzau.ro\/wp-content\/uploads\/2026\/08\/maxresdefault-2-218x150.jpg\" alt title=\"Sute de buzoieni au mers s\u0103 vad\u0103 Perseidele\"><span class=\"td-video-play-ico\"><img loading=\"lazy\" decoding=\"async\" width=\"40\" height=\"40\" class=\"td-retina\" src=\"https:\/\/www.tvbuzau.ro\/wp-content\/themes\/Newspaper\/images\/icons\/ico-video-large.png\" alt=\"video\"><\/span><\/a><\/div>\n<p><a href=\"https:\/\/www.tvbuzau.ro\/category\/actualitate\/\" class=\"td-post-category\">Actualitate<\/a><\/div>\n<div class=\"item-details\">\n<h3 class=\"entry-title td-module-title\"><a href=\"https:\/\/www.tvbuzau.ro\/sute-de-buzoieni-au-mers-sa-vada-perseidele-2\/\" rel=\"bookmark\" title=\"Sute de buzoieni au mers s\u0103 vad\u0103 Perseidele\">Sute de buzoieni au mers s\u0103 vad\u0103 Perseidele<\/a><\/h3>\n<\/div>\n<\/div>\n<\/div>\n<div class=\"td-related-span4\">\n<div class=\"td_module_related_posts td-animation-stack td_mod_related_posts\">\n<div class=\"td-module-image\">\n<div class=\"td-module-thumb\"><a href=\"https:\/\/www.tvbuzau.ro\/sute-de-buzoieni-au-mers-sa-vada-perseidele\/\" rel=\"bookmark\" title=\"La Maternitatea Buz\u0103u al\u0103ptarea este sus\u021binut\u0103 de \u00eentreg colectivul de medici\"><img loading=\"lazy\" decoding=\"async\" width=\"218\" height=\"150\" class=\"entry-thumb\" src=\"https:\/\/www.tvbuzau.ro\/wp-content\/uploads\/2026\/08\/sddefault-30-218x150.jpg\" alt title=\"La Maternitatea Buz\u0103u al\u0103ptarea este sus\u021binut\u0103 de \u00eentreg colectivul de medici\"><span class=\"td-video-play-ico\"><img loading=\"lazy\" decoding=\"async\" width=\"40\" height=\"40\" class=\"td-retina\" src=\"https:\/\/www.tvbuzau.ro\/wp-content\/themes\/Newspaper\/images\/icons\/ico-video-large.png\" alt=\"video\"><\/span><\/a><\/div>\n<p><a href=\"https:\/\/www.tvbuzau.ro\/category\/actualitate\/\" class=\"td-post-category\">Actualitate<\/a><\/div>\n<div class=\"item-details\">\n<h3 class=\"entry-title td-module-title\"><a href=\"https:\/\/www.tvbuzau.ro\/sute-de-buzoieni-au-mers-sa-vada-perseidele\/\" rel=\"bookmark\" title=\"La Maternitatea Buz\u0103u al\u0103ptarea este sus\u021binut\u0103 de \u00eentreg colectivul de medici\">La Maternitatea Buz\u0103u al\u0103ptarea este sus\u021binut\u0103 de \u00eentreg colectivul de medici<\/a><\/h3>\n<\/div>\n<\/div>\n<\/div>\n<div class=\"td-related-span4\">\n<div class=\"td_module_related_posts td-animation-stack td_mod_related_posts\">\n<div class=\"td-module-image\">\n<div class=\"td-module-thumb\"><a href=\"https:\/\/www.tvbuzau.ro\/divizia-2-infanterie-getica-la-ceas-aniversar\/\" rel=\"bookmark\" title=\"Divizia 2 Infanterie \u201eGetica\u201d  la ceas aniversar\"><img loading=\"lazy\" decoding=\"async\" width=\"218\" height=\"150\" class=\"entry-thumb\" src=\"https:\/\/www.tvbuzau.ro\/wp-content\/uploads\/2026\/08\/maxresdefault-1-218x150.jpg\" alt title=\"Divizia 2 Infanterie \u201eGetica\u201d  la ceas aniversar\"><span class=\"td-video-play-ico\"><img loading=\"lazy\" decoding=\"async\" width=\"40\" height=\"40\" class=\"td-retina\" src=\"https:\/\/www.tvbuzau.ro\/wp-content\/themes\/Newspaper\/images\/icons\/ico-video-large.png\" alt=\"video\"><\/span><\/a><\/div>\n<p><a href=\"https:\/\/www.tvbuzau.ro\/category\/actualitate\/\" class=\"td-post-category\">Actualitate<\/a><\/div>\n<div class=\"item-details\">\n<h3 class=\"entry-title td-module-title\"><a href=\"https:\/\/www.tvbuzau.ro\/divizia-2-infanterie-getica-la-ceas-aniversar\/\" rel=\"bookmark\" title=\"Divizia 2 Infanterie \u201eGetica\u201d  la ceas aniversar\">Divizia 2 Infanterie \u201eGetica\u201d  la ceas aniversar<\/a><\/h3>\n<\/div>\n<\/div>\n<\/div>\n<\/div>\n<div class=\"td-related-row\">\n<div class=\"td-related-span4\">\n<div class=\"td_module_related_posts td-animation-stack td_mod_related_posts\">\n<div class=\"td-module-image\">\n<div class=\"td-module-thumb\"><a href=\"https:\/\/www.tvbuzau.ro\/cate-persoane-s-au-trezit-cu-popriri-de-la-finante\/\" rel=\"bookmark\" title=\"C\u00e2te persoane s-au trezit cu popriri de la Finan\u0163e\"><img loading=\"lazy\" decoding=\"async\" width=\"218\" height=\"150\" class=\"entry-thumb\" src=\"https:\/\/www.tvbuzau.ro\/wp-content\/uploads\/2026\/08\/hqdefault-16-218x150.jpg\" alt title=\"C\u00e2te persoane s-au trezit cu popriri de la Finan\u0163e\"><span class=\"td-video-play-ico\"><img loading=\"lazy\" decoding=\"async\" width=\"40\" height=\"40\" class=\"td-retina\" src=\"https:\/\/www.tvbuzau.ro\/wp-content\/themes\/Newspaper\/images\/icons\/ico-video-large.png\" alt=\"video\"><\/span><\/a><\/div>\n<p><a href=\"https:\/\/www.tvbuzau.ro\/category\/actualitate\/\" class=\"td-post-category\">Actualitate<\/a><\/div>\n<div class=\"item-details\">\n<h3 class=\"entry-title td-module-title\"><a href=\"https:\/\/www.tvbuzau.ro\/cate-persoane-s-au-trezit-cu-popriri-de-la-finante\/\" rel=\"bookmark\" title=\"C\u00e2te persoane s-au trezit cu popriri de la Finan\u0163e\">C\u00e2te persoane s-au trezit cu popriri de la Finan\u0163e<\/a><\/h3>\n<\/div>\n<\/div>\n<\/div>\n<div class=\"td-related-span4\">\n<div class=\"td_module_related_posts td-animation-stack td_mod_related_posts\">\n<div class=\"td-module-image\">\n<div class=\"td-module-thumb\"><a href=\"https:\/\/www.tvbuzau.ro\/semnal-de-alarma-tras-la-primarie-in-legatura-colegiul-mihai-emiescu\/\" rel=\"bookmark\" title=\"Semnal de alarm\u0103 tras la Prim\u0103rie \u00een leg\u0103tur\u0103 Colegiul \u201cMihai Emiescu\u201d\"><img loading=\"lazy\" decoding=\"async\" width=\"218\" height=\"150\" class=\"entry-thumb\" src=\"https:\/\/www.tvbuzau.ro\/wp-content\/uploads\/2026\/08\/maxresdefault-218x150.jpg\" alt title=\"Semnal de alarm\u0103 tras la Prim\u0103rie \u00een leg\u0103tur\u0103 Colegiul \u201cMihai Emiescu\u201d\"><span class=\"td-video-play-ico\"><img loading=\"lazy\" decoding=\"async\" width=\"40\" height=\"40\" class=\"td-retina\" src=\"https:\/\/www.tvbuzau.ro\/wp-content\/themes\/Newspaper\/images\/icons\/ico-video-large.png\" alt=\"video\"><\/span><\/a><\/div>\n<p><a href=\"https:\/\/www.tvbuzau.ro\/category\/actualitate\/\" class=\"td-post-category\">Actualitate<\/a><\/div>\n<div class=\"item-details\">\n<h3 class=\"entry-title td-module-title\"><a href=\"https:\/\/www.tvbuzau.ro\/semnal-de-alarma-tras-la-primarie-in-legatura-colegiul-mihai-emiescu\/\" rel=\"bookmark\" title=\"Semnal de alarm\u0103 tras la Prim\u0103rie \u00een leg\u0103tur\u0103 Colegiul \u201cMihai Emiescu\u201d\">Semnal de alarm\u0103 tras la Prim\u0103rie \u00een leg\u0103tur\u0103 Colegiul \u201cMihai Emiescu\u201d<\/a><\/h3>\n<\/div>\n<\/div>\n<\/div>\n<div class=\"td-related-span4\">\n<div class=\"td_module_related_posts td-animation-stack td_mod_related_posts\">\n<div class=\"td-module-image\">\n<div class=\"td-module-thumb\"><a href=\"https:\/\/www.tvbuzau.ro\/face-marcel-ciolacu-economie-la-curentul-electric\/\" rel=\"bookmark\" title=\"Face Marcel Ciolacu economie la curentul electric?\"><img loading=\"lazy\" decoding=\"async\" width=\"218\" height=\"150\" class=\"entry-thumb\" src=\"https:\/\/www.tvbuzau.ro\/wp-content\/uploads\/2026\/08\/hqdefault-15-218x150.jpg\" alt title=\"Face Marcel Ciolacu economie la curentul electric?\"><span class=\"td-video-play-ico\"><img loading=\"lazy\" decoding=\"async\" width=\"40\" height=\"40\" class=\"td-retina\" src=\"https:\/\/www.tvbuzau.ro\/wp-content\/themes\/Newspaper\/images\/icons\/ico-video-large.png\" alt=\"video\"><\/span><\/a><\/div>\n<p><a href=\"https:\/\/www.tvbuzau.ro\/category\/actualitate\/\" class=\"td-post-category\">Actualitate<\/a><\/div>\n<div class=\"item-details\">\n<h3 class=\"entry-title td-module-title\"><a href=\"https:\/\/www.tvbuzau.ro\/face-marcel-ciolacu-economie-la-curentul-electric\/\" rel=\"bookmark\" title=\"Face Marcel Ciolacu economie la curentul electric?\">Face Marcel Ciolacu economie la curentul electric?<\/a><\/h3>\n<\/div>\n<\/div>\n<\/div>\n<\/div>\n<\/div>\n<\/div>\n<div class=\"comments\" id=\"comments\">\n<div id=\"respond\" class=\"comment-respond\">\n<h3 id=\"reply-title\" class=\"comment-reply-title\">L\u0102SA\u021aI UN MESAJ <small><a rel=\"nofollow\" id=\"cancel-comment-reply-link\" href=\"https:\/\/www.tvbuzau.ro\/buzaul-va-avea-pana-la-finalul-anului-acces-catre-un-drum-expres\/#respond\">Renun\u021ba\u021bi la r\u0103spuns<\/a><\/small><\/h3>\n<\/div>\n<\/div>\n<\/div>\n<div class=\"td-post-content\">\n<div class=\"td-featured-image-rec\">\n<div class=\"wpb_video_wrapper\">\n                    <iframe loading=\"lazy\" id=\"td_youtube_player\" width=\"600\" height=\"560\" src=\"https:\/\/www.youtube.com\/embed\/-mYC8TJ6Zq4?enablejsapi=1&amp;feature=oembed&amp;wmode=opaque&amp;vq=hd720\" frameborder allowfullscreen><\/iframe><\/p><\/div>\n<\/div>\n<p>Circula\u021bia pe noul drum expres Br\u0103ila \u2013 Gala\u021bi trebuie deschis\u0103 p\u00e2n\u0103 la finalul acestui an<br \/>\nDirectorul Companiei Na\u0163ionale de Administrare a Infrastructurii Rutiere, Cristian Pistol a precizat recent c\u0103 a fost ridicat \u0219i pozi\u021bionat \u00eenc\u0103 un segment al tablierului podului peste r\u00e2ul Siret, pe drumul expres Br\u0103ila-Gala\u0163i.<\/p>\n<p>\u201cAu fost finalizate \u0219i lucr\u0103rile de montare a hobanelor pentru faza 6 \u0219i au fost dezafectate funda\u021biile provizorii de la tablier (pilone\u021bi), folosite \u00een etapa de montare a tablierului anterior. Stadiul fizic al lucr\u0103rilor a dep\u0103\u0219it 97%, iar podul peste Siret este ultimul obiectiv din \u0219antier care a r\u0103mas de finalizat\u201d, a anun\u0163at directorul CAIR, Cristian Pistol.<br \/>\nAmbianta<br \/>\nContractul pentru construc\u021bia drumului de mare vitez\u0103 care se \u00eentinde pe o lungime de 10,76 km, \u00een valoare de 449,42 milioane lei f\u0103r\u0103 TVA, este finan\u021bat prin Programul Transport  2021-2027.<\/p>\n<p>\u201eCircula\u021bia pe noul drum expres Br\u0103ila \u2013 Gala\u021bi trebuie deschis\u0103 p\u00e2n\u0103 la finalul acestui an (2026). DEx6 este un nou drum modern, care contribuie direct la dezvoltarea economic\u0103 a regiunilor istorice Moldova \u0219i Muntenia, iar, prin extensie, la cre\u0219terea oportunit\u0103\u021bilor de dezvoltare ale Dobrogei\u201d, a explicat Cristian Pistol.<br \/>\nAmbianta<\/p>\n<p>Druumul va facilita totodat\u0103 leg\u0103tura jude\u0163ului Buz\u0103u cu Br\u0103ila \u015fi Gala\u0163i.<\/p>\n<div class=\"post-views post-119975 entry-meta\"><span class=\"post-views-label\">Post Views: <\/span><span class=\"post-views-count\">208<\/span><\/div>\n<\/div>\n<p>[analyse_source url=&#8221;https:\/\/www.tvbuzau.ro\/buzaul-va-avea-pana-la-finalul-anului-acces-catre-un-drum-expres\/&#8221;]<\/p>\n","protected":false},"excerpt":{"rendered":"<p>[analyse_image type=&#8221;featured&#8221; src=&#8221;https:\/\/www.tvbuzau.ro\/wp-content\/uploads\/2026\/08\/hqdefault-10.jpghttps:\/\/www.tvbuzau.ro\/wp-content\/uploads\/2026\/08\/hqdefault-10.jpg&#8221;] Actualitate Buz\u0103ul va avea p\u00e2n\u0103 la finalul anului acces c\u0103tre un drum expres De c\u0103tre TV Buz\u0103u &#8211; august 10, 2026 0 31 Distribui\u021bi pe Facebook Distribui\u021bi pe Twitter tweet Circula\u021bia pe noul drum expres Br\u0103ila \u2013 Gala\u021bi trebuie deschis\u0103 p\u00e2n\u0103 la finalul acestui an Directorul Companiei Na\u0163ionale de Administrare a Infrastructurii [&hellip;]<\/p>\n","protected":false},"author":1,"featured_media":0,"comment_status":"open","ping_status":"","sticky":false,"template":"","format":"standard","meta":{"footnotes":""},"categories":[2],"tags":[226,116],"class_list":["post-2091939","post","type-post","status-publish","format-standard","hentry","category-politics","tag-crawlmanager","tag-tvbuzau-ro"],"_links":{"self":[{"href":"https:\/\/analyse.optim.biz\/index.php?rest_route=\/wp\/v2\/posts\/2091939","targetHints":{"allow":["GET"]}}],"collection":[{"href":"https:\/\/analyse.optim.biz\/index.php?rest_route=\/wp\/v2\/posts"}],"about":[{"href":"https:\/\/analyse.optim.biz\/index.php?rest_route=\/wp\/v2\/types\/post"}],"author":[{"embeddable":true,"href":"https:\/\/analyse.optim.biz\/index.php?rest_route=\/wp\/v2\/users\/1"}],"replies":[{"embeddable":true,"href":"https:\/\/analyse.optim.biz\/index.php?rest_route=%2Fwp%2Fv2%2Fcomments&post=2091939"}],"version-history":[{"count":0,"href":"https:\/\/analyse.optim.biz\/index.php?rest_route=\/wp\/v2\/posts\/2091939\/revisions"}],"wp:attachment":[{"href":"https:\/\/analyse.optim.biz\/index.php?rest_route=%2Fwp%2Fv2%2Fmedia&parent=2091939"}],"wp:term":[{"taxonomy":"category","embeddable":true,"href":"https:\/\/analyse.optim.biz\/index.php?rest_route=%2Fwp%2Fv2%2Fcategories&post=2091939"},{"taxonomy":"post_tag","embeddable":true,"href":"https:\/\/analyse.optim.biz\/index.php?rest_route=%2Fwp%2Fv2%2Ftags&post=2091939"}],"curies":[{"name":"wp","href":"https:\/\/api.w.org\/{rel}","templated":true}]}}