{"id":2091934,"date":"2026-08-10T19:34:54","date_gmt":"2026-08-10T16:34:54","guid":{"rendered":"https:\/\/analyse.optim.biz\/?p=2091934"},"modified":"2026-08-10T19:34:54","modified_gmt":"2026-08-10T16:34:54","slug":"concurs-al-serviciilor-voluntare-de-pompieri-desfasurat-la-buzau","status":"publish","type":"post","link":"https:\/\/analyse.optim.biz\/?p=2091934","title":{"rendered":"Concurs al serviciilor voluntare de pompieri desf\u0103\u015furat la Buz\u0103u"},"content":{"rendered":"<p>[analyse_image type=&#8221;featured&#8221; src=&#8221;https:\/\/www.tvbuzau.ro\/wp-content\/uploads\/2026\/08\/hqdefault-9.jpghttps:\/\/www.tvbuzau.ro\/wp-content\/uploads\/2026\/08\/hqdefault-9.jpg&#8221;]<\/p>\n<div class=\"td-ss-main-content\">\n<article id=\"post-119972\" class=\"post-119972 post type-post status-publish format-video has-post-thumbnail hentry category-actualitate post_format-post-format-video\">\n<div class=\"td-post-header\">\n<ul class=\"td-category\">\n<li class=\"entry-category\"><a href=\"https:\/\/www.tvbuzau.ro\/category\/actualitate\/\">Actualitate<\/a><\/li>\n<\/ul>\n<header class=\"td-post-title\">\n<h1 class=\"entry-title\">Concurs al serviciilor voluntare de pompieri desf\u0103\u015furat la Buz\u0103u<\/h1>\n<div class=\"td-module-meta-info\">\n<div class=\"td-post-author-name\">De c\u0103tre <a href=\"https:\/\/www.tvbuzau.ro\/author\/mihai-vasilescu\/\">TV Buz\u0103u<\/a> &#8211; <\/div>\n<p><span class=\"td-post-date\"><time class=\"entry-date updated td-module-date\" datetime=\"2026-08-10T19:34:54+00:00\">august 10, 2026<\/time><\/span><\/p>\n<div class=\"td-post-comments\"><a href=\"https:\/\/www.tvbuzau.ro\/concurs-al-serviciilor-voluntare-de-pompieri-desfasurat-la-buzau\/#respond\">0<\/a><\/div>\n<div class=\"td-post-views\"><span class=\"td-nr-views-119972\">12<\/span><\/div>\n<\/div>\n<\/header>\n<\/div>\n<div class=\"td-post-sharing td-post-sharing-top td-with-like\">\n<div class=\"td-default-sharing\"><a class=\"td-social-sharing-buttons td-social-facebook\" href=\"http:\/\/www.facebook.com\/sharer.php?u=https%3A%2F%2Fwww.tvbuzau.ro%2Fconcurs-al-serviciilor-voluntare-de-pompieri-desfasurat-la-buzau%2F\"><\/p>\n<div class=\"td-social-but-text\">Distribui\u021bi pe Facebook<\/div>\n<p><\/a><a class=\"td-social-sharing-buttons td-social-twitter\" href=\"https:\/\/twitter.com\/intent\/tweet?text=Concurs+al+serviciilor+voluntare+de+pompieri+desf%C4%83%C5%9Furat+la+Buz%C4%83u&amp;url=https%3A%2F%2Fwww.tvbuzau.ro%2Fconcurs-al-serviciilor-voluntare-de-pompieri-desfasurat-la-buzau%2F&amp;via=TV+Buz%C4%83u\"><\/p>\n<div class=\"td-social-but-text\">Distribui\u021bi pe Twitter<\/div>\n<p><\/a><\/div>\n<div class=\"td-classic-sharing\">\n<ul>\n<li class=\"td-classic-facebook\"><iframe frameborder src=\"https:\/\/www.facebook.com\/plugins\/like.php?href=https:\/\/www.tvbuzau.ro\/concurs-al-serviciilor-voluntare-de-pompieri-desfasurat-la-buzau\/&amp;layout=button_count&amp;show_faces=false&amp;width=105&amp;action=like&amp;colorscheme=light&amp;height=21\"><\/iframe><\/li>\n<li class=\"td-classic-twitter\"><a href=\"https:\/\/twitter.com\/share\" class=\"twitter-share-button\" data-url=\"https:\/\/www.tvbuzau.ro\/concurs-al-serviciilor-voluntare-de-pompieri-desfasurat-la-buzau\/\" data-text=\"Concurs al serviciilor voluntare de pompieri desf\u0103\u015furat la Buz\u0103u\" data-via data-lang=\"en\">tweet<\/a><\/li>\n<\/ul>\n<\/div>\n<\/div>\n<div class=\"td-post-content\">\n<div class=\"td-featured-image-rec\">\n<div class=\"wpb_video_wrapper\">\n                    <iframe loading=\"lazy\" id=\"td_youtube_player\" width=\"600\" height=\"560\" src=\"https:\/\/www.youtube.com\/embed\/PUh_yemY2oY?enablejsapi=1&amp;feature=oembed&amp;wmode=opaque&amp;vq=hd720\" frameborder allowfullscreen><\/iframe><\/p><\/div>\n<\/div>\n<p>Cine au fost c\u00e2\u015ftig\u0103torii?<br \/>\n\u00cen perioada 03 \u2013 05 august 2026, municipiul Buz\u0103u a g\u0103zduit etapa na\u021bional\u0103 a concursurilor profesionale ale serviciilor voluntare \u0219i private pentru situa\u021bii de urgen\u021b\u0103, desf\u0103\u0219urat\u0103 pe Stadionul de Atletism, competi\u021bie la care au participat peste 160 de concuren\u021bi.<br \/>\nPe parcursul celor trei zile de concurs, cele 16 loturi reprezentative din jude\u021bele Vaslui, Br\u0103ila, Arge\u0219, Olt, Bistri\u021ba-N\u0103s\u0103ud, Timi\u0219, Maramure\u0219, Buz\u0103u, Neam\u021b, Gorj, Sibiu, Satu Mare \u0219i Constan\u021ba \u0219i-au demonstrat preg\u0103tirea, spiritul de echip\u0103 \u0219i deprinderile specifice necesare desf\u0103\u0219ur\u0103rii interven\u021biilor \u00een situa\u021bii de urgen\u021b\u0103.<br \/>\nCompeti\u021bia a cuprins trei probe tehnico-aplicative: \u201ePista cu obstacole pe 100 m\u201d, \u201e\u0218tafeta 4\u00d7100 m\u201d \u0219i \u201eDispozitivul de interven\u021bie la motopomp\u0103\u201d, \u00een cadrul c\u0103rora participan\u021bii \u0219i-au pus \u00een valoare \u00eendem\u00e2narea, viteza de reac\u021bie \u0219i experien\u021ba acumulat\u0103. <\/p>\n<p>\u201cLa finalul celor trei zile de \u00eentreceri, clasamentele au fost urm\u0103toarele:<br \/>\n Serviciile Voluntare pentru Situa\u021bii de Urgen\u021b\u0103 (SVSU) \u2013 clasament general<br \/>\nSVSU comuna Recea, jude\u021bul Maramure\u0219;<br \/>\n SVSU ora\u0219 Jimbolia, jude\u021bul Timi\u0219;<br \/>\nSVSU comuna Domne\u0219ti, jude\u021bul Arge\u0219.<br \/>\nDiploma Fair-Play \u2013 SVSU ora\u0219 Bistri\u021ba, jude\u021bul Bistri\u021ba-N\u0103s\u0103ud.<br \/>\n Serviciile Private pentru Situa\u021bii de Urgen\u021b\u0103 (SPSU) \u2013 clasament general<br \/>\nSPSU S.C. Dedeman S.R.L., jude\u021bul Sibiu;<br \/>\nSPSU S.C. Minprest Serv S.A., jude\u021bul Gorj;<br \/>\n SPSU Vard Shipyards Rom\u00e2nia, jude\u021bul Br\u0103ila.<\/p>\n<p>Diploma Fair-Play \u2013 SPSU OMV Petrom Energy Solutions, jude\u021bul Buz\u0103u\u201d, a anun\u0163at ISU Buz\u0103u.<br \/>\nFestivitatea de premiere s-a bucurat de prezen\u021ba prim-adjunctului inspectorului general al IGSU, general de brigad\u0103 dr. ing. Constantin Florea, care le-a mul\u021bumit participan\u021bilor pentru implicarea, seriozitatea \u0219i efortul depus pe durata \u00eentrecerii, subliniind c\u0103 astfel de competi\u021bii reprezint\u0103 un prilej valoros de perfec\u021bionare, schimb de experien\u021b\u0103 \u0219i consolidare a cooper\u0103rii \u00eentre structurile implicate \u00een gestionarea situa\u021biilor de urgen\u021b\u0103.<\/p>\n<div class=\"post-views post-119972 entry-meta\"><span class=\"post-views-label\">Post Views: <\/span><span class=\"post-views-count\">191<\/span><\/div>\n<\/div>\n<footer>\n<div class=\"td-post-sharing td-post-sharing-bottom td-with-like\"><span class=\"td-post-share-title\">DISTRIBUI\u021aI<\/span><\/p>\n<div class=\"td-default-sharing\"><a class=\"td-social-sharing-buttons td-social-facebook\" href=\"http:\/\/www.facebook.com\/sharer.php?u=https%3A%2F%2Fwww.tvbuzau.ro%2Fconcurs-al-serviciilor-voluntare-de-pompieri-desfasurat-la-buzau%2F\"><\/p>\n<div class=\"td-social-but-text\">Facebook<\/div>\n<p><\/a><a class=\"td-social-sharing-buttons td-social-twitter\" href=\"https:\/\/twitter.com\/intent\/tweet?text=Concurs+al+serviciilor+voluntare+de+pompieri+desf%C4%83%C5%9Furat+la+Buz%C4%83u&amp;url=https%3A%2F%2Fwww.tvbuzau.ro%2Fconcurs-al-serviciilor-voluntare-de-pompieri-desfasurat-la-buzau%2F&amp;via=TV+Buz%C4%83u\"><\/p>\n<div class=\"td-social-but-text\">Twitter<\/div>\n<p><\/a><\/div>\n<div class=\"td-classic-sharing\">\n<ul>\n<li class=\"td-classic-facebook\"><iframe frameborder src=\"https:\/\/www.facebook.com\/plugins\/like.php?href=https:\/\/www.tvbuzau.ro\/concurs-al-serviciilor-voluntare-de-pompieri-desfasurat-la-buzau\/&amp;layout=button_count&amp;show_faces=false&amp;width=105&amp;action=like&amp;colorscheme=light&amp;height=21\"><\/iframe><\/li>\n<li class=\"td-classic-twitter\"><a href=\"https:\/\/twitter.com\/share\" class=\"twitter-share-button\" data-url=\"https:\/\/www.tvbuzau.ro\/concurs-al-serviciilor-voluntare-de-pompieri-desfasurat-la-buzau\/\" data-text=\"Concurs al serviciilor voluntare de pompieri desf\u0103\u015furat la Buz\u0103u\" data-via data-lang=\"en\">tweet<\/a><\/li>\n<\/ul>\n<\/div>\n<\/div>\n<div class=\"td-author-name vcard author\"><span class=\"fn\"><a href=\"https:\/\/www.tvbuzau.ro\/author\/mihai-vasilescu\/\">TV Buz\u0103u<\/a><\/span><\/div>\n<p><span><\/span><span><span><\/span><\/span><span><\/span><\/footer>\n<\/article>\n<div class=\"td_block_wrap td_block_related_posts td_uid_1_6a7e0846ec3d4_rand td_with_ajax_pagination td-pb-border-top\" data-td-block-uid=\"td_uid_1_6a7e0846ec3d4\">\n<h4 class=\"td-related-title\"><a id=\"td_uid_2_6a7e0846f1baa\" class=\"td-related-left td-cur-simple-item\" data-td_filter_value data-td_block_id=\"td_uid_1_6a7e0846ec3d4\" href=\"https:\/\/www.tvbuzau.ro\/concurs-al-serviciilor-voluntare-de-pompieri-desfasurat-la-buzau\/\">ARTICOLE SIMILARE<\/a><a id=\"td_uid_3_6a7e0846f1be4\" class=\"td-related-right\" data-td_filter_value=\"td_related_more_from_author\" data-td_block_id=\"td_uid_1_6a7e0846ec3d4\" href=\"https:\/\/www.tvbuzau.ro\/concurs-al-serviciilor-voluntare-de-pompieri-desfasurat-la-buzau\/\">DE LA ACELA\u0218I AUTOR<\/a><\/h4>\n<div id=\"td_uid_1_6a7e0846ec3d4\" class=\"td_block_inner\">\n<div class=\"td-related-row\">\n<div class=\"td-related-span4\">\n<div class=\"td_module_related_posts td-animation-stack td_mod_related_posts\">\n<div class=\"td-module-image\">\n<div class=\"td-module-thumb\"><a href=\"https:\/\/www.tvbuzau.ro\/sute-de-buzoieni-au-mers-sa-vada-perseidele-2\/\" rel=\"bookmark\" title=\"Sute de buzoieni au mers s\u0103 vad\u0103 Perseidele\"><img loading=\"lazy\" decoding=\"async\" width=\"218\" height=\"150\" class=\"entry-thumb\" src=\"https:\/\/www.tvbuzau.ro\/wp-content\/uploads\/2026\/08\/maxresdefault-2-218x150.jpg\" alt title=\"Sute de buzoieni au mers s\u0103 vad\u0103 Perseidele\"><span class=\"td-video-play-ico\"><img loading=\"lazy\" decoding=\"async\" width=\"40\" height=\"40\" class=\"td-retina\" src=\"https:\/\/www.tvbuzau.ro\/wp-content\/themes\/Newspaper\/images\/icons\/ico-video-large.png\" alt=\"video\"><\/span><\/a><\/div>\n<p><a href=\"https:\/\/www.tvbuzau.ro\/category\/actualitate\/\" class=\"td-post-category\">Actualitate<\/a><\/div>\n<div class=\"item-details\">\n<h3 class=\"entry-title td-module-title\"><a href=\"https:\/\/www.tvbuzau.ro\/sute-de-buzoieni-au-mers-sa-vada-perseidele-2\/\" rel=\"bookmark\" title=\"Sute de buzoieni au mers s\u0103 vad\u0103 Perseidele\">Sute de buzoieni au mers s\u0103 vad\u0103 Perseidele<\/a><\/h3>\n<\/div>\n<\/div>\n<\/div>\n<div class=\"td-related-span4\">\n<div class=\"td_module_related_posts td-animation-stack td_mod_related_posts\">\n<div class=\"td-module-image\">\n<div class=\"td-module-thumb\"><a href=\"https:\/\/www.tvbuzau.ro\/sute-de-buzoieni-au-mers-sa-vada-perseidele\/\" rel=\"bookmark\" title=\"La Maternitatea Buz\u0103u al\u0103ptarea este sus\u021binut\u0103 de \u00eentreg colectivul de medici\"><img loading=\"lazy\" decoding=\"async\" width=\"218\" height=\"150\" class=\"entry-thumb\" src=\"https:\/\/www.tvbuzau.ro\/wp-content\/uploads\/2026\/08\/sddefault-30-218x150.jpg\" alt title=\"La Maternitatea Buz\u0103u al\u0103ptarea este sus\u021binut\u0103 de \u00eentreg colectivul de medici\"><span class=\"td-video-play-ico\"><img loading=\"lazy\" decoding=\"async\" width=\"40\" height=\"40\" class=\"td-retina\" src=\"https:\/\/www.tvbuzau.ro\/wp-content\/themes\/Newspaper\/images\/icons\/ico-video-large.png\" alt=\"video\"><\/span><\/a><\/div>\n<p><a href=\"https:\/\/www.tvbuzau.ro\/category\/actualitate\/\" class=\"td-post-category\">Actualitate<\/a><\/div>\n<div class=\"item-details\">\n<h3 class=\"entry-title td-module-title\"><a href=\"https:\/\/www.tvbuzau.ro\/sute-de-buzoieni-au-mers-sa-vada-perseidele\/\" rel=\"bookmark\" title=\"La Maternitatea Buz\u0103u al\u0103ptarea este sus\u021binut\u0103 de \u00eentreg colectivul de medici\">La Maternitatea Buz\u0103u al\u0103ptarea este sus\u021binut\u0103 de \u00eentreg colectivul de medici<\/a><\/h3>\n<\/div>\n<\/div>\n<\/div>\n<div class=\"td-related-span4\">\n<div class=\"td_module_related_posts td-animation-stack td_mod_related_posts\">\n<div class=\"td-module-image\">\n<div class=\"td-module-thumb\"><a href=\"https:\/\/www.tvbuzau.ro\/divizia-2-infanterie-getica-la-ceas-aniversar\/\" rel=\"bookmark\" title=\"Divizia 2 Infanterie \u201eGetica\u201d  la ceas aniversar\"><img loading=\"lazy\" decoding=\"async\" width=\"218\" height=\"150\" class=\"entry-thumb\" src=\"https:\/\/www.tvbuzau.ro\/wp-content\/uploads\/2026\/08\/maxresdefault-1-218x150.jpg\" alt title=\"Divizia 2 Infanterie \u201eGetica\u201d  la ceas aniversar\"><span class=\"td-video-play-ico\"><img loading=\"lazy\" decoding=\"async\" width=\"40\" height=\"40\" class=\"td-retina\" src=\"https:\/\/www.tvbuzau.ro\/wp-content\/themes\/Newspaper\/images\/icons\/ico-video-large.png\" alt=\"video\"><\/span><\/a><\/div>\n<p><a href=\"https:\/\/www.tvbuzau.ro\/category\/actualitate\/\" class=\"td-post-category\">Actualitate<\/a><\/div>\n<div class=\"item-details\">\n<h3 class=\"entry-title td-module-title\"><a href=\"https:\/\/www.tvbuzau.ro\/divizia-2-infanterie-getica-la-ceas-aniversar\/\" rel=\"bookmark\" title=\"Divizia 2 Infanterie \u201eGetica\u201d  la ceas aniversar\">Divizia 2 Infanterie \u201eGetica\u201d  la ceas aniversar<\/a><\/h3>\n<\/div>\n<\/div>\n<\/div>\n<\/div>\n<div class=\"td-related-row\">\n<div class=\"td-related-span4\">\n<div class=\"td_module_related_posts td-animation-stack td_mod_related_posts\">\n<div class=\"td-module-image\">\n<div class=\"td-module-thumb\"><a href=\"https:\/\/www.tvbuzau.ro\/cate-persoane-s-au-trezit-cu-popriri-de-la-finante\/\" rel=\"bookmark\" title=\"C\u00e2te persoane s-au trezit cu popriri de la Finan\u0163e\"><img loading=\"lazy\" decoding=\"async\" width=\"218\" height=\"150\" class=\"entry-thumb\" src=\"https:\/\/www.tvbuzau.ro\/wp-content\/uploads\/2026\/08\/hqdefault-16-218x150.jpg\" alt title=\"C\u00e2te persoane s-au trezit cu popriri de la Finan\u0163e\"><span class=\"td-video-play-ico\"><img loading=\"lazy\" decoding=\"async\" width=\"40\" height=\"40\" class=\"td-retina\" src=\"https:\/\/www.tvbuzau.ro\/wp-content\/themes\/Newspaper\/images\/icons\/ico-video-large.png\" alt=\"video\"><\/span><\/a><\/div>\n<p><a href=\"https:\/\/www.tvbuzau.ro\/category\/actualitate\/\" class=\"td-post-category\">Actualitate<\/a><\/div>\n<div class=\"item-details\">\n<h3 class=\"entry-title td-module-title\"><a href=\"https:\/\/www.tvbuzau.ro\/cate-persoane-s-au-trezit-cu-popriri-de-la-finante\/\" rel=\"bookmark\" title=\"C\u00e2te persoane s-au trezit cu popriri de la Finan\u0163e\">C\u00e2te persoane s-au trezit cu popriri de la Finan\u0163e<\/a><\/h3>\n<\/div>\n<\/div>\n<\/div>\n<div class=\"td-related-span4\">\n<div class=\"td_module_related_posts td-animation-stack td_mod_related_posts\">\n<div class=\"td-module-image\">\n<div class=\"td-module-thumb\"><a href=\"https:\/\/www.tvbuzau.ro\/semnal-de-alarma-tras-la-primarie-in-legatura-colegiul-mihai-emiescu\/\" rel=\"bookmark\" title=\"Semnal de alarm\u0103 tras la Prim\u0103rie \u00een leg\u0103tur\u0103 Colegiul \u201cMihai Emiescu\u201d\"><img loading=\"lazy\" decoding=\"async\" width=\"218\" height=\"150\" class=\"entry-thumb\" src=\"https:\/\/www.tvbuzau.ro\/wp-content\/uploads\/2026\/08\/maxresdefault-218x150.jpg\" alt title=\"Semnal de alarm\u0103 tras la Prim\u0103rie \u00een leg\u0103tur\u0103 Colegiul \u201cMihai Emiescu\u201d\"><span class=\"td-video-play-ico\"><img loading=\"lazy\" decoding=\"async\" width=\"40\" height=\"40\" class=\"td-retina\" src=\"https:\/\/www.tvbuzau.ro\/wp-content\/themes\/Newspaper\/images\/icons\/ico-video-large.png\" alt=\"video\"><\/span><\/a><\/div>\n<p><a href=\"https:\/\/www.tvbuzau.ro\/category\/actualitate\/\" class=\"td-post-category\">Actualitate<\/a><\/div>\n<div class=\"item-details\">\n<h3 class=\"entry-title td-module-title\"><a href=\"https:\/\/www.tvbuzau.ro\/semnal-de-alarma-tras-la-primarie-in-legatura-colegiul-mihai-emiescu\/\" rel=\"bookmark\" title=\"Semnal de alarm\u0103 tras la Prim\u0103rie \u00een leg\u0103tur\u0103 Colegiul \u201cMihai Emiescu\u201d\">Semnal de alarm\u0103 tras la Prim\u0103rie \u00een leg\u0103tur\u0103 Colegiul \u201cMihai Emiescu\u201d<\/a><\/h3>\n<\/div>\n<\/div>\n<\/div>\n<div class=\"td-related-span4\">\n<div class=\"td_module_related_posts td-animation-stack td_mod_related_posts\">\n<div class=\"td-module-image\">\n<div class=\"td-module-thumb\"><a href=\"https:\/\/www.tvbuzau.ro\/face-marcel-ciolacu-economie-la-curentul-electric\/\" rel=\"bookmark\" title=\"Face Marcel Ciolacu economie la curentul electric?\"><img loading=\"lazy\" decoding=\"async\" width=\"218\" height=\"150\" class=\"entry-thumb\" src=\"https:\/\/www.tvbuzau.ro\/wp-content\/uploads\/2026\/08\/hqdefault-15-218x150.jpg\" alt title=\"Face Marcel Ciolacu economie la curentul electric?\"><span class=\"td-video-play-ico\"><img loading=\"lazy\" decoding=\"async\" width=\"40\" height=\"40\" class=\"td-retina\" src=\"https:\/\/www.tvbuzau.ro\/wp-content\/themes\/Newspaper\/images\/icons\/ico-video-large.png\" alt=\"video\"><\/span><\/a><\/div>\n<p><a href=\"https:\/\/www.tvbuzau.ro\/category\/actualitate\/\" class=\"td-post-category\">Actualitate<\/a><\/div>\n<div class=\"item-details\">\n<h3 class=\"entry-title td-module-title\"><a href=\"https:\/\/www.tvbuzau.ro\/face-marcel-ciolacu-economie-la-curentul-electric\/\" rel=\"bookmark\" title=\"Face Marcel Ciolacu economie la curentul electric?\">Face Marcel Ciolacu economie la curentul electric?<\/a><\/h3>\n<\/div>\n<\/div>\n<\/div>\n<\/div>\n<\/div>\n<\/div>\n<div class=\"comments\" id=\"comments\">\n<div id=\"respond\" class=\"comment-respond\">\n<h3 id=\"reply-title\" class=\"comment-reply-title\">L\u0102SA\u021aI UN MESAJ <small><a rel=\"nofollow\" id=\"cancel-comment-reply-link\" href=\"https:\/\/www.tvbuzau.ro\/concurs-al-serviciilor-voluntare-de-pompieri-desfasurat-la-buzau\/#respond\">Renun\u021ba\u021bi la r\u0103spuns<\/a><\/small><\/h3>\n<\/div>\n<\/div>\n<\/div>\n<div class=\"td-post-content\">\n<div class=\"td-featured-image-rec\">\n<div class=\"wpb_video_wrapper\">\n                    <iframe loading=\"lazy\" id=\"td_youtube_player\" width=\"600\" height=\"560\" src=\"https:\/\/www.youtube.com\/embed\/PUh_yemY2oY?enablejsapi=1&amp;feature=oembed&amp;wmode=opaque&amp;vq=hd720\" frameborder allowfullscreen><\/iframe><\/p><\/div>\n<\/div>\n<p>Cine au fost c\u00e2\u015ftig\u0103torii?<br \/>\n\u00cen perioada 03 \u2013 05 august 2026, municipiul Buz\u0103u a g\u0103zduit etapa na\u021bional\u0103 a concursurilor profesionale ale serviciilor voluntare \u0219i private pentru situa\u021bii de urgen\u021b\u0103, desf\u0103\u0219urat\u0103 pe Stadionul de Atletism, competi\u021bie la care au participat peste 160 de concuren\u021bi.<br \/>\nPe parcursul celor trei zile de concurs, cele 16 loturi reprezentative din jude\u021bele Vaslui, Br\u0103ila, Arge\u0219, Olt, Bistri\u021ba-N\u0103s\u0103ud, Timi\u0219, Maramure\u0219, Buz\u0103u, Neam\u021b, Gorj, Sibiu, Satu Mare \u0219i Constan\u021ba \u0219i-au demonstrat preg\u0103tirea, spiritul de echip\u0103 \u0219i deprinderile specifice necesare desf\u0103\u0219ur\u0103rii interven\u021biilor \u00een situa\u021bii de urgen\u021b\u0103.<br \/>\nCompeti\u021bia a cuprins trei probe tehnico-aplicative: \u201ePista cu obstacole pe 100 m\u201d, \u201e\u0218tafeta 4\u00d7100 m\u201d \u0219i \u201eDispozitivul de interven\u021bie la motopomp\u0103\u201d, \u00een cadrul c\u0103rora participan\u021bii \u0219i-au pus \u00een valoare \u00eendem\u00e2narea, viteza de reac\u021bie \u0219i experien\u021ba acumulat\u0103. <\/p>\n<p>\u201cLa finalul celor trei zile de \u00eentreceri, clasamentele au fost urm\u0103toarele:<br \/>\n Serviciile Voluntare pentru Situa\u021bii de Urgen\u021b\u0103 (SVSU) \u2013 clasament general<br \/>\nSVSU comuna Recea, jude\u021bul Maramure\u0219;<br \/>\n SVSU ora\u0219 Jimbolia, jude\u021bul Timi\u0219;<br \/>\nSVSU comuna Domne\u0219ti, jude\u021bul Arge\u0219.<br \/>\nDiploma Fair-Play \u2013 SVSU ora\u0219 Bistri\u021ba, jude\u021bul Bistri\u021ba-N\u0103s\u0103ud.<br \/>\n Serviciile Private pentru Situa\u021bii de Urgen\u021b\u0103 (SPSU) \u2013 clasament general<br \/>\nSPSU S.C. Dedeman S.R.L., jude\u021bul Sibiu;<br \/>\nSPSU S.C. Minprest Serv S.A., jude\u021bul Gorj;<br \/>\n SPSU Vard Shipyards Rom\u00e2nia, jude\u021bul Br\u0103ila.<\/p>\n<p>Diploma Fair-Play \u2013 SPSU OMV Petrom Energy Solutions, jude\u021bul Buz\u0103u\u201d, a anun\u0163at ISU Buz\u0103u.<br \/>\nFestivitatea de premiere s-a bucurat de prezen\u021ba prim-adjunctului inspectorului general al IGSU, general de brigad\u0103 dr. ing. Constantin Florea, care le-a mul\u021bumit participan\u021bilor pentru implicarea, seriozitatea \u0219i efortul depus pe durata \u00eentrecerii, subliniind c\u0103 astfel de competi\u021bii reprezint\u0103 un prilej valoros de perfec\u021bionare, schimb de experien\u021b\u0103 \u0219i consolidare a cooper\u0103rii \u00eentre structurile implicate \u00een gestionarea situa\u021biilor de urgen\u021b\u0103.<\/p>\n<div class=\"post-views post-119972 entry-meta\"><span class=\"post-views-label\">Post Views: <\/span><span class=\"post-views-count\">191<\/span><\/div>\n<\/div>\n<p>[analyse_source url=&#8221;https:\/\/www.tvbuzau.ro\/concurs-al-serviciilor-voluntare-de-pompieri-desfasurat-la-buzau\/&#8221;]<\/p>\n","protected":false},"excerpt":{"rendered":"<p>[analyse_image type=&#8221;featured&#8221; src=&#8221;https:\/\/www.tvbuzau.ro\/wp-content\/uploads\/2026\/08\/hqdefault-9.jpghttps:\/\/www.tvbuzau.ro\/wp-content\/uploads\/2026\/08\/hqdefault-9.jpg&#8221;] Actualitate Concurs al serviciilor voluntare de pompieri desf\u0103\u015furat la Buz\u0103u De c\u0103tre TV Buz\u0103u &#8211; august 10, 2026 0 12 Distribui\u021bi pe Facebook Distribui\u021bi pe Twitter tweet Cine au fost c\u00e2\u015ftig\u0103torii? \u00cen perioada 03 \u2013 05 august 2026, municipiul Buz\u0103u a g\u0103zduit etapa na\u021bional\u0103 a concursurilor profesionale ale serviciilor voluntare \u0219i private [&hellip;]<\/p>\n","protected":false},"author":1,"featured_media":0,"comment_status":"open","ping_status":"","sticky":false,"template":"","format":"standard","meta":{"footnotes":""},"categories":[2],"tags":[226,116],"class_list":["post-2091934","post","type-post","status-publish","format-standard","hentry","category-politics","tag-crawlmanager","tag-tvbuzau-ro"],"_links":{"self":[{"href":"https:\/\/analyse.optim.biz\/index.php?rest_route=\/wp\/v2\/posts\/2091934","targetHints":{"allow":["GET"]}}],"collection":[{"href":"https:\/\/analyse.optim.biz\/index.php?rest_route=\/wp\/v2\/posts"}],"about":[{"href":"https:\/\/analyse.optim.biz\/index.php?rest_route=\/wp\/v2\/types\/post"}],"author":[{"embeddable":true,"href":"https:\/\/analyse.optim.biz\/index.php?rest_route=\/wp\/v2\/users\/1"}],"replies":[{"embeddable":true,"href":"https:\/\/analyse.optim.biz\/index.php?rest_route=%2Fwp%2Fv2%2Fcomments&post=2091934"}],"version-history":[{"count":0,"href":"https:\/\/analyse.optim.biz\/index.php?rest_route=\/wp\/v2\/posts\/2091934\/revisions"}],"wp:attachment":[{"href":"https:\/\/analyse.optim.biz\/index.php?rest_route=%2Fwp%2Fv2%2Fmedia&parent=2091934"}],"wp:term":[{"taxonomy":"category","embeddable":true,"href":"https:\/\/analyse.optim.biz\/index.php?rest_route=%2Fwp%2Fv2%2Fcategories&post=2091934"},{"taxonomy":"post_tag","embeddable":true,"href":"https:\/\/analyse.optim.biz\/index.php?rest_route=%2Fwp%2Fv2%2Ftags&post=2091934"}],"curies":[{"name":"wp","href":"https:\/\/api.w.org\/{rel}","templated":true}]}}