{"id":2091928,"date":"2026-08-10T19:43:15","date_gmt":"2026-08-10T16:43:15","guid":{"rendered":"https:\/\/analyse.optim.biz\/?p=2091928"},"modified":"2026-08-10T19:43:15","modified_gmt":"2026-08-10T16:43:15","slug":"topul-domeniilor-cu-evaziune-fiscala","status":"publish","type":"post","link":"https:\/\/analyse.optim.biz\/?p=2091928","title":{"rendered":"Topul domeniilor cu evaziune fiscal\u0103"},"content":{"rendered":"<p>[analyse_image type=&#8221;featured&#8221; src=&#8221;https:\/\/www.tvbuzau.ro\/wp-content\/uploads\/2026\/08\/bscap0000.jpghttps:\/\/www.tvbuzau.ro\/wp-content\/uploads\/2026\/08\/bscap0000.jpg&#8221;]<\/p>\n<div class=\"td-ss-main-content\">\n<article id=\"post-119978\" class=\"post-119978 post type-post status-publish format-video has-post-thumbnail hentry category-actualitate post_format-post-format-video\">\n<div class=\"td-post-header\">\n<ul class=\"td-category\">\n<li class=\"entry-category\"><a href=\"https:\/\/www.tvbuzau.ro\/category\/actualitate\/\">Actualitate<\/a><\/li>\n<\/ul>\n<header class=\"td-post-title\">\n<h1 class=\"entry-title\">Topul domeniilor cu evaziune fiscal\u0103<\/h1>\n<div class=\"td-module-meta-info\">\n<div class=\"td-post-author-name\">De c\u0103tre <a href=\"https:\/\/www.tvbuzau.ro\/author\/mihai-vasilescu\/\">TV Buz\u0103u<\/a> &#8211; <\/div>\n<p><span class=\"td-post-date\"><time class=\"entry-date updated td-module-date\" datetime=\"2026-08-10T19:43:15+00:00\">august 10, 2026<\/time><\/span><\/p>\n<div class=\"td-post-comments\"><a href=\"https:\/\/www.tvbuzau.ro\/topul-domeniilor-cu-evaziune-fiscala\/#respond\">0<\/a><\/div>\n<div class=\"td-post-views\"><span class=\"td-nr-views-119978\">15<\/span><\/div>\n<\/div>\n<\/header>\n<\/div>\n<div class=\"td-post-sharing td-post-sharing-top td-with-like\">\n<div class=\"td-default-sharing\"><a class=\"td-social-sharing-buttons td-social-facebook\" href=\"http:\/\/www.facebook.com\/sharer.php?u=https%3A%2F%2Fwww.tvbuzau.ro%2Ftopul-domeniilor-cu-evaziune-fiscala%2F\"><\/p>\n<div class=\"td-social-but-text\">Distribui\u021bi pe Facebook<\/div>\n<p><\/a><a class=\"td-social-sharing-buttons td-social-twitter\" href=\"https:\/\/twitter.com\/intent\/tweet?text=Topul+domeniilor+cu+evaziune+fiscal%C4%83&amp;url=https%3A%2F%2Fwww.tvbuzau.ro%2Ftopul-domeniilor-cu-evaziune-fiscala%2F&amp;via=TV+Buz%C4%83u\"><\/p>\n<div class=\"td-social-but-text\">Distribui\u021bi pe Twitter<\/div>\n<p><\/a><\/div>\n<div class=\"td-classic-sharing\">\n<ul>\n<li class=\"td-classic-facebook\"><iframe frameborder src=\"https:\/\/www.facebook.com\/plugins\/like.php?href=https:\/\/www.tvbuzau.ro\/topul-domeniilor-cu-evaziune-fiscala\/&amp;layout=button_count&amp;show_faces=false&amp;width=105&amp;action=like&amp;colorscheme=light&amp;height=21\"><\/iframe><\/li>\n<li class=\"td-classic-twitter\"><a href=\"https:\/\/twitter.com\/share\" class=\"twitter-share-button\" data-url=\"https:\/\/www.tvbuzau.ro\/topul-domeniilor-cu-evaziune-fiscala\/\" data-text=\"Topul domeniilor cu evaziune fiscal\u0103\" data-via data-lang=\"en\">tweet<\/a><\/li>\n<\/ul>\n<\/div>\n<\/div>\n<div class=\"td-post-content\">\n<div class=\"td-featured-image-rec\">\n<div class=\"wpb_video_wrapper\">\n                    <iframe loading=\"lazy\" id=\"td_youtube_player\" width=\"600\" height=\"560\" src=\"https:\/\/www.youtube.com\/embed\/PMdr6IRj74k?enablejsapi=1&amp;feature=oembed&amp;wmode=opaque&amp;vq=hd720\" frameborder allowfullscreen><\/iframe><\/p><\/div>\n<\/div>\n<p>Ce spune conducerea Finan\u0163elor Publice la nivelul jude\u0163ului Buz\u0103u<br \/>\nEvaziunea fiscal\u0103, sustragerea ilegal\u0103, \u00een \u00eentregime sau \u00een parte, de la plata impozitelor, taxelor \u015fi a altor obliga\u0163ii datorate bugetului de stat de c\u0103tre persoane fizice sau juridice reprezint\u0103 un fenomen care aduce mari prejudicii bugetului de stat \u015fi economiei. \u00cen cadrul \u015fedin\u0163ei Colegiului Prefectural, prefectul jude\u0163ului a \u00eentrebat conducerea Administra\u0163ieo Jude\u0163eane a Finan\u0163elor Publice Buz\u0103u care este situ\u0163ia la nivelul jude\u0163ului \u015fi domeniile \u00een care se constat\u0103 probleme legate de evaziunea fiscal\u0103.<br \/>\nPe de alt\u0103 parte, administra\u0163ia financiar\u0103 a anun\u0163at c\u0103 gradul de \u00eencas\u0103ri la nivelul jude\u0163ului a fost realizat \u00een propor\u0163ie de 100%.<br \/>\nViziunea A.N.A.F. cu privire la serviciile oferite, au explicat speciali\u015ftii institu\u0163iei, urm\u0103re\u015fte dezvoltarea unui parteneriat \u00eentre A.N.A.F. \u015fi contribuabil, o administra\u0163ie fiscal\u0103 apropriat\u0103 de cet\u0103\u0163eni \u015fi mediul de afaceri, prin plasarea contribuabilului \u00een centrul sistemului, pentru ca acesta s\u0103 \u00een\u0163eleag\u0103 sarcinile fiscale pe care le are, s\u0103 con\u015ftientizeze importan\u0163a declar\u0103rii corecte \u015fi a pl\u0103\u0163ii impozitelor \u015fi taxelor datorate bugetului de stat pentru ca statul, la r\u00e2ndul s\u0103u, s\u0103 poat\u0103 oferi cet\u0103\u0163enilor servicii de calitate.<\/p>\n<div class=\"post-views post-119978 entry-meta\"><span class=\"post-views-label\">Post Views: <\/span><span class=\"post-views-count\">260<\/span><\/div>\n<\/div>\n<footer>\n<div class=\"td-post-sharing td-post-sharing-bottom td-with-like\"><span class=\"td-post-share-title\">DISTRIBUI\u021aI<\/span><\/p>\n<div class=\"td-default-sharing\"><a class=\"td-social-sharing-buttons td-social-facebook\" href=\"http:\/\/www.facebook.com\/sharer.php?u=https%3A%2F%2Fwww.tvbuzau.ro%2Ftopul-domeniilor-cu-evaziune-fiscala%2F\"><\/p>\n<div class=\"td-social-but-text\">Facebook<\/div>\n<p><\/a><a class=\"td-social-sharing-buttons td-social-twitter\" href=\"https:\/\/twitter.com\/intent\/tweet?text=Topul+domeniilor+cu+evaziune+fiscal%C4%83&amp;url=https%3A%2F%2Fwww.tvbuzau.ro%2Ftopul-domeniilor-cu-evaziune-fiscala%2F&amp;via=TV+Buz%C4%83u\"><\/p>\n<div class=\"td-social-but-text\">Twitter<\/div>\n<p><\/a><\/div>\n<div class=\"td-classic-sharing\">\n<ul>\n<li class=\"td-classic-facebook\"><iframe frameborder src=\"https:\/\/www.facebook.com\/plugins\/like.php?href=https:\/\/www.tvbuzau.ro\/topul-domeniilor-cu-evaziune-fiscala\/&amp;layout=button_count&amp;show_faces=false&amp;width=105&amp;action=like&amp;colorscheme=light&amp;height=21\"><\/iframe><\/li>\n<li class=\"td-classic-twitter\"><a href=\"https:\/\/twitter.com\/share\" class=\"twitter-share-button\" data-url=\"https:\/\/www.tvbuzau.ro\/topul-domeniilor-cu-evaziune-fiscala\/\" data-text=\"Topul domeniilor cu evaziune fiscal\u0103\" data-via data-lang=\"en\">tweet<\/a><\/li>\n<\/ul>\n<\/div>\n<\/div>\n<div class=\"td-author-name vcard author\"><span class=\"fn\"><a href=\"https:\/\/www.tvbuzau.ro\/author\/mihai-vasilescu\/\">TV Buz\u0103u<\/a><\/span><\/div>\n<p><span><\/span><span><span><\/span><\/span><span><\/span><\/footer>\n<\/article>\n<div class=\"td_block_wrap td_block_related_posts td_uid_1_6a7e07eb96c4f_rand td_with_ajax_pagination td-pb-border-top\" data-td-block-uid=\"td_uid_1_6a7e07eb96c4f\">\n<h4 class=\"td-related-title\"><a id=\"td_uid_2_6a7e07eb9c12e\" class=\"td-related-left td-cur-simple-item\" data-td_filter_value data-td_block_id=\"td_uid_1_6a7e07eb96c4f\" href=\"https:\/\/www.tvbuzau.ro\/topul-domeniilor-cu-evaziune-fiscala\/\">ARTICOLE SIMILARE<\/a><a id=\"td_uid_3_6a7e07eb9c169\" class=\"td-related-right\" data-td_filter_value=\"td_related_more_from_author\" data-td_block_id=\"td_uid_1_6a7e07eb96c4f\" href=\"https:\/\/www.tvbuzau.ro\/topul-domeniilor-cu-evaziune-fiscala\/\">DE LA ACELA\u0218I AUTOR<\/a><\/h4>\n<div id=\"td_uid_1_6a7e07eb96c4f\" class=\"td_block_inner\">\n<div class=\"td-related-row\">\n<div class=\"td-related-span4\">\n<div class=\"td_module_related_posts td-animation-stack td_mod_related_posts\">\n<div class=\"td-module-image\">\n<div class=\"td-module-thumb\"><a href=\"https:\/\/www.tvbuzau.ro\/sute-de-buzoieni-au-mers-sa-vada-perseidele-2\/\" rel=\"bookmark\" title=\"Sute de buzoieni au mers s\u0103 vad\u0103 Perseidele\"><img loading=\"lazy\" decoding=\"async\" width=\"218\" height=\"150\" class=\"entry-thumb\" src=\"https:\/\/www.tvbuzau.ro\/wp-content\/uploads\/2026\/08\/maxresdefault-2-218x150.jpg\" alt title=\"Sute de buzoieni au mers s\u0103 vad\u0103 Perseidele\"><span class=\"td-video-play-ico\"><img loading=\"lazy\" decoding=\"async\" width=\"40\" height=\"40\" class=\"td-retina\" src=\"https:\/\/www.tvbuzau.ro\/wp-content\/themes\/Newspaper\/images\/icons\/ico-video-large.png\" alt=\"video\"><\/span><\/a><\/div>\n<p><a href=\"https:\/\/www.tvbuzau.ro\/category\/actualitate\/\" class=\"td-post-category\">Actualitate<\/a><\/div>\n<div class=\"item-details\">\n<h3 class=\"entry-title td-module-title\"><a href=\"https:\/\/www.tvbuzau.ro\/sute-de-buzoieni-au-mers-sa-vada-perseidele-2\/\" rel=\"bookmark\" title=\"Sute de buzoieni au mers s\u0103 vad\u0103 Perseidele\">Sute de buzoieni au mers s\u0103 vad\u0103 Perseidele<\/a><\/h3>\n<\/div>\n<\/div>\n<\/div>\n<div class=\"td-related-span4\">\n<div class=\"td_module_related_posts td-animation-stack td_mod_related_posts\">\n<div class=\"td-module-image\">\n<div class=\"td-module-thumb\"><a href=\"https:\/\/www.tvbuzau.ro\/sute-de-buzoieni-au-mers-sa-vada-perseidele\/\" rel=\"bookmark\" title=\"La Maternitatea Buz\u0103u al\u0103ptarea este sus\u021binut\u0103 de \u00eentreg colectivul de medici\"><img loading=\"lazy\" decoding=\"async\" width=\"218\" height=\"150\" class=\"entry-thumb\" src=\"https:\/\/www.tvbuzau.ro\/wp-content\/uploads\/2026\/08\/sddefault-30-218x150.jpg\" alt title=\"La Maternitatea Buz\u0103u al\u0103ptarea este sus\u021binut\u0103 de \u00eentreg colectivul de medici\"><span class=\"td-video-play-ico\"><img loading=\"lazy\" decoding=\"async\" width=\"40\" height=\"40\" class=\"td-retina\" src=\"https:\/\/www.tvbuzau.ro\/wp-content\/themes\/Newspaper\/images\/icons\/ico-video-large.png\" alt=\"video\"><\/span><\/a><\/div>\n<p><a href=\"https:\/\/www.tvbuzau.ro\/category\/actualitate\/\" class=\"td-post-category\">Actualitate<\/a><\/div>\n<div class=\"item-details\">\n<h3 class=\"entry-title td-module-title\"><a href=\"https:\/\/www.tvbuzau.ro\/sute-de-buzoieni-au-mers-sa-vada-perseidele\/\" rel=\"bookmark\" title=\"La Maternitatea Buz\u0103u al\u0103ptarea este sus\u021binut\u0103 de \u00eentreg colectivul de medici\">La Maternitatea Buz\u0103u al\u0103ptarea este sus\u021binut\u0103 de \u00eentreg colectivul de medici<\/a><\/h3>\n<\/div>\n<\/div>\n<\/div>\n<div class=\"td-related-span4\">\n<div class=\"td_module_related_posts td-animation-stack td_mod_related_posts\">\n<div class=\"td-module-image\">\n<div class=\"td-module-thumb\"><a href=\"https:\/\/www.tvbuzau.ro\/divizia-2-infanterie-getica-la-ceas-aniversar\/\" rel=\"bookmark\" title=\"Divizia 2 Infanterie \u201eGetica\u201d  la ceas aniversar\"><img loading=\"lazy\" decoding=\"async\" width=\"218\" height=\"150\" class=\"entry-thumb\" src=\"https:\/\/www.tvbuzau.ro\/wp-content\/uploads\/2026\/08\/maxresdefault-1-218x150.jpg\" alt title=\"Divizia 2 Infanterie \u201eGetica\u201d  la ceas aniversar\"><span class=\"td-video-play-ico\"><img loading=\"lazy\" decoding=\"async\" width=\"40\" height=\"40\" class=\"td-retina\" src=\"https:\/\/www.tvbuzau.ro\/wp-content\/themes\/Newspaper\/images\/icons\/ico-video-large.png\" alt=\"video\"><\/span><\/a><\/div>\n<p><a href=\"https:\/\/www.tvbuzau.ro\/category\/actualitate\/\" class=\"td-post-category\">Actualitate<\/a><\/div>\n<div class=\"item-details\">\n<h3 class=\"entry-title td-module-title\"><a href=\"https:\/\/www.tvbuzau.ro\/divizia-2-infanterie-getica-la-ceas-aniversar\/\" rel=\"bookmark\" title=\"Divizia 2 Infanterie \u201eGetica\u201d  la ceas aniversar\">Divizia 2 Infanterie \u201eGetica\u201d  la ceas aniversar<\/a><\/h3>\n<\/div>\n<\/div>\n<\/div>\n<\/div>\n<div class=\"td-related-row\">\n<div class=\"td-related-span4\">\n<div class=\"td_module_related_posts td-animation-stack td_mod_related_posts\">\n<div class=\"td-module-image\">\n<div class=\"td-module-thumb\"><a href=\"https:\/\/www.tvbuzau.ro\/cate-persoane-s-au-trezit-cu-popriri-de-la-finante\/\" rel=\"bookmark\" title=\"C\u00e2te persoane s-au trezit cu popriri de la Finan\u0163e\"><img loading=\"lazy\" decoding=\"async\" width=\"218\" height=\"150\" class=\"entry-thumb\" src=\"https:\/\/www.tvbuzau.ro\/wp-content\/uploads\/2026\/08\/hqdefault-16-218x150.jpg\" alt title=\"C\u00e2te persoane s-au trezit cu popriri de la Finan\u0163e\"><span class=\"td-video-play-ico\"><img loading=\"lazy\" decoding=\"async\" width=\"40\" height=\"40\" class=\"td-retina\" src=\"https:\/\/www.tvbuzau.ro\/wp-content\/themes\/Newspaper\/images\/icons\/ico-video-large.png\" alt=\"video\"><\/span><\/a><\/div>\n<p><a href=\"https:\/\/www.tvbuzau.ro\/category\/actualitate\/\" class=\"td-post-category\">Actualitate<\/a><\/div>\n<div class=\"item-details\">\n<h3 class=\"entry-title td-module-title\"><a href=\"https:\/\/www.tvbuzau.ro\/cate-persoane-s-au-trezit-cu-popriri-de-la-finante\/\" rel=\"bookmark\" title=\"C\u00e2te persoane s-au trezit cu popriri de la Finan\u0163e\">C\u00e2te persoane s-au trezit cu popriri de la Finan\u0163e<\/a><\/h3>\n<\/div>\n<\/div>\n<\/div>\n<div class=\"td-related-span4\">\n<div class=\"td_module_related_posts td-animation-stack td_mod_related_posts\">\n<div class=\"td-module-image\">\n<div class=\"td-module-thumb\"><a href=\"https:\/\/www.tvbuzau.ro\/semnal-de-alarma-tras-la-primarie-in-legatura-colegiul-mihai-emiescu\/\" rel=\"bookmark\" title=\"Semnal de alarm\u0103 tras la Prim\u0103rie \u00een leg\u0103tur\u0103 Colegiul \u201cMihai Emiescu\u201d\"><img loading=\"lazy\" decoding=\"async\" width=\"218\" height=\"150\" class=\"entry-thumb\" src=\"https:\/\/www.tvbuzau.ro\/wp-content\/uploads\/2026\/08\/maxresdefault-218x150.jpg\" alt title=\"Semnal de alarm\u0103 tras la Prim\u0103rie \u00een leg\u0103tur\u0103 Colegiul \u201cMihai Emiescu\u201d\"><span class=\"td-video-play-ico\"><img loading=\"lazy\" decoding=\"async\" width=\"40\" height=\"40\" class=\"td-retina\" src=\"https:\/\/www.tvbuzau.ro\/wp-content\/themes\/Newspaper\/images\/icons\/ico-video-large.png\" alt=\"video\"><\/span><\/a><\/div>\n<p><a href=\"https:\/\/www.tvbuzau.ro\/category\/actualitate\/\" class=\"td-post-category\">Actualitate<\/a><\/div>\n<div class=\"item-details\">\n<h3 class=\"entry-title td-module-title\"><a href=\"https:\/\/www.tvbuzau.ro\/semnal-de-alarma-tras-la-primarie-in-legatura-colegiul-mihai-emiescu\/\" rel=\"bookmark\" title=\"Semnal de alarm\u0103 tras la Prim\u0103rie \u00een leg\u0103tur\u0103 Colegiul \u201cMihai Emiescu\u201d\">Semnal de alarm\u0103 tras la Prim\u0103rie \u00een leg\u0103tur\u0103 Colegiul \u201cMihai Emiescu\u201d<\/a><\/h3>\n<\/div>\n<\/div>\n<\/div>\n<div class=\"td-related-span4\">\n<div class=\"td_module_related_posts td-animation-stack td_mod_related_posts\">\n<div class=\"td-module-image\">\n<div class=\"td-module-thumb\"><a href=\"https:\/\/www.tvbuzau.ro\/face-marcel-ciolacu-economie-la-curentul-electric\/\" rel=\"bookmark\" title=\"Face Marcel Ciolacu economie la curentul electric?\"><img loading=\"lazy\" decoding=\"async\" width=\"218\" height=\"150\" class=\"entry-thumb\" src=\"https:\/\/www.tvbuzau.ro\/wp-content\/uploads\/2026\/08\/hqdefault-15-218x150.jpg\" alt title=\"Face Marcel Ciolacu economie la curentul electric?\"><span class=\"td-video-play-ico\"><img loading=\"lazy\" decoding=\"async\" width=\"40\" height=\"40\" class=\"td-retina\" src=\"https:\/\/www.tvbuzau.ro\/wp-content\/themes\/Newspaper\/images\/icons\/ico-video-large.png\" alt=\"video\"><\/span><\/a><\/div>\n<p><a href=\"https:\/\/www.tvbuzau.ro\/category\/actualitate\/\" class=\"td-post-category\">Actualitate<\/a><\/div>\n<div class=\"item-details\">\n<h3 class=\"entry-title td-module-title\"><a href=\"https:\/\/www.tvbuzau.ro\/face-marcel-ciolacu-economie-la-curentul-electric\/\" rel=\"bookmark\" title=\"Face Marcel Ciolacu economie la curentul electric?\">Face Marcel Ciolacu economie la curentul electric?<\/a><\/h3>\n<\/div>\n<\/div>\n<\/div>\n<\/div>\n<\/div>\n<\/div>\n<div class=\"comments\" id=\"comments\">\n<div id=\"respond\" class=\"comment-respond\">\n<h3 id=\"reply-title\" class=\"comment-reply-title\">L\u0102SA\u021aI UN MESAJ <small><a rel=\"nofollow\" id=\"cancel-comment-reply-link\" href=\"https:\/\/www.tvbuzau.ro\/topul-domeniilor-cu-evaziune-fiscala\/#respond\">Renun\u021ba\u021bi la r\u0103spuns<\/a><\/small><\/h3>\n<\/div>\n<\/div>\n<\/div>\n<div class=\"td-post-content\">\n<div class=\"td-featured-image-rec\">\n<div class=\"wpb_video_wrapper\">\n                    <iframe loading=\"lazy\" id=\"td_youtube_player\" width=\"600\" height=\"560\" src=\"https:\/\/www.youtube.com\/embed\/PMdr6IRj74k?enablejsapi=1&amp;feature=oembed&amp;wmode=opaque&amp;vq=hd720\" frameborder allowfullscreen><\/iframe><\/p><\/div>\n<\/div>\n<p>Ce spune conducerea Finan\u0163elor Publice la nivelul jude\u0163ului Buz\u0103u<br \/>\nEvaziunea fiscal\u0103, sustragerea ilegal\u0103, \u00een \u00eentregime sau \u00een parte, de la plata impozitelor, taxelor \u015fi a altor obliga\u0163ii datorate bugetului de stat de c\u0103tre persoane fizice sau juridice reprezint\u0103 un fenomen care aduce mari prejudicii bugetului de stat \u015fi economiei. \u00cen cadrul \u015fedin\u0163ei Colegiului Prefectural, prefectul jude\u0163ului a \u00eentrebat conducerea Administra\u0163ieo Jude\u0163eane a Finan\u0163elor Publice Buz\u0103u care este situ\u0163ia la nivelul jude\u0163ului \u015fi domeniile \u00een care se constat\u0103 probleme legate de evaziunea fiscal\u0103.<br \/>\nPe de alt\u0103 parte, administra\u0163ia financiar\u0103 a anun\u0163at c\u0103 gradul de \u00eencas\u0103ri la nivelul jude\u0163ului a fost realizat \u00een propor\u0163ie de 100%.<br \/>\nViziunea A.N.A.F. cu privire la serviciile oferite, au explicat speciali\u015ftii institu\u0163iei, urm\u0103re\u015fte dezvoltarea unui parteneriat \u00eentre A.N.A.F. \u015fi contribuabil, o administra\u0163ie fiscal\u0103 apropriat\u0103 de cet\u0103\u0163eni \u015fi mediul de afaceri, prin plasarea contribuabilului \u00een centrul sistemului, pentru ca acesta s\u0103 \u00een\u0163eleag\u0103 sarcinile fiscale pe care le are, s\u0103 con\u015ftientizeze importan\u0163a declar\u0103rii corecte \u015fi a pl\u0103\u0163ii impozitelor \u015fi taxelor datorate bugetului de stat pentru ca statul, la r\u00e2ndul s\u0103u, s\u0103 poat\u0103 oferi cet\u0103\u0163enilor servicii de calitate.<\/p>\n<div class=\"post-views post-119978 entry-meta\"><span class=\"post-views-label\">Post Views: <\/span><span class=\"post-views-count\">260<\/span><\/div>\n<\/div>\n<p>[analyse_source url=&#8221;https:\/\/www.tvbuzau.ro\/topul-domeniilor-cu-evaziune-fiscala\/&#8221;]<\/p>\n","protected":false},"excerpt":{"rendered":"<p>[analyse_image type=&#8221;featured&#8221; src=&#8221;https:\/\/www.tvbuzau.ro\/wp-content\/uploads\/2026\/08\/bscap0000.jpghttps:\/\/www.tvbuzau.ro\/wp-content\/uploads\/2026\/08\/bscap0000.jpg&#8221;] Actualitate Topul domeniilor cu evaziune fiscal\u0103 De c\u0103tre TV Buz\u0103u &#8211; august 10, 2026 0 15 Distribui\u021bi pe Facebook Distribui\u021bi pe Twitter tweet Ce spune conducerea Finan\u0163elor Publice la nivelul jude\u0163ului Buz\u0103u Evaziunea fiscal\u0103, sustragerea ilegal\u0103, \u00een \u00eentregime sau \u00een parte, de la plata impozitelor, taxelor \u015fi a altor obliga\u0163ii datorate bugetului [&hellip;]<\/p>\n","protected":false},"author":1,"featured_media":0,"comment_status":"open","ping_status":"","sticky":false,"template":"","format":"standard","meta":{"footnotes":""},"categories":[2],"tags":[226,116],"class_list":["post-2091928","post","type-post","status-publish","format-standard","hentry","category-politics","tag-crawlmanager","tag-tvbuzau-ro"],"_links":{"self":[{"href":"https:\/\/analyse.optim.biz\/index.php?rest_route=\/wp\/v2\/posts\/2091928","targetHints":{"allow":["GET"]}}],"collection":[{"href":"https:\/\/analyse.optim.biz\/index.php?rest_route=\/wp\/v2\/posts"}],"about":[{"href":"https:\/\/analyse.optim.biz\/index.php?rest_route=\/wp\/v2\/types\/post"}],"author":[{"embeddable":true,"href":"https:\/\/analyse.optim.biz\/index.php?rest_route=\/wp\/v2\/users\/1"}],"replies":[{"embeddable":true,"href":"https:\/\/analyse.optim.biz\/index.php?rest_route=%2Fwp%2Fv2%2Fcomments&post=2091928"}],"version-history":[{"count":0,"href":"https:\/\/analyse.optim.biz\/index.php?rest_route=\/wp\/v2\/posts\/2091928\/revisions"}],"wp:attachment":[{"href":"https:\/\/analyse.optim.biz\/index.php?rest_route=%2Fwp%2Fv2%2Fmedia&parent=2091928"}],"wp:term":[{"taxonomy":"category","embeddable":true,"href":"https:\/\/analyse.optim.biz\/index.php?rest_route=%2Fwp%2Fv2%2Fcategories&post=2091928"},{"taxonomy":"post_tag","embeddable":true,"href":"https:\/\/analyse.optim.biz\/index.php?rest_route=%2Fwp%2Fv2%2Ftags&post=2091928"}],"curies":[{"name":"wp","href":"https:\/\/api.w.org\/{rel}","templated":true}]}}