{"id":2091726,"date":"2026-08-13T11:11:59","date_gmt":"2026-08-13T08:11:59","guid":{"rendered":"https:\/\/analyse.optim.biz\/?p=2091726"},"modified":"2026-08-13T11:11:59","modified_gmt":"2026-08-13T08:11:59","slug":"primarul-vasile-borascu-ii-invita-pe-localnici-si-nu-numai-la-ziua-comunei-costesti-spectacole-pe-platoul-stog-si-nunta-de-aur-pentru-11-cupluri","status":"publish","type":"post","link":"https:\/\/analyse.optim.biz\/?p=2091726","title":{"rendered":"Primarul Vasile Bor\u0103scu \u00eei invit\u0103 pe localnici \u0219i nu numai la Ziua Comunei Coste\u0219ti: spectacole pe Platoul Stog \u0219i nunta de aur pentru 11 cupluri"},"content":{"rendered":"<p>[analyse_image type=&#8221;featured&#8221; src=&#8221;https:\/\/www.impactreal.ro\/wp-content\/uploads\/2026\/08\/COSTESTI-69-1024&#215;576.png&#8221;]<\/p>\n<div class=\"single-news-content\">\n<div class=\"news-image\"><img loading=\"lazy\" decoding=\"async\" width=\"1672\" height=\"941\" src=\"https:\/\/www.impactreal.ro\/wp-content\/uploads\/2026\/08\/COSTESTI-69.png\" class=\"img-responsive wp-post-image\" alt=\"Primarul Vasile Bor\u0103scu \u00eei invit\u0103 pe localnici \u0219i nu numai la Ziua Comunei Coste\u0219ti: spectacole pe Platoul Stog \u0219i nunta de aur pentru 11 cupluri\"><\/div>\n<div class=\"news-detail clearfix\">\n<div class=\"entry-meta\"><span class=\"posted-date\"><a href=\"https:\/\/www.impactreal.ro\/2026\/08\/13\/primarul-vasile-borascu-ii-invita-pe-localnici-si-nu-numai-la-zilele-comunei-costesti-spectacole-pe-platoul-stog-si-nunta-de-aur-pentru-11-cupluri\/\" rel=\"bookmark\"><time class=\"entry-date published\" datetime=\"2026-08-13T14:11:59+03:00\">13 august 2026<\/time><time class=\"updated\" datetime=\"2026-08-13T18:05:12+03:00\">13 august 2026<\/time><\/a><\/span><span class=\"author vcard\"><a href=\"https:\/\/www.impactreal.ro\/author\/claudia-schiopu\/\">Claudia Schiopu<\/a><\/span><span class=\"cat-links\"><a href=\"https:\/\/www.impactreal.ro\/category\/actualitate\/\" rel=\"category tag\">Actual<\/a><a href=\"https:\/\/www.impactreal.ro\/category\/administratie\/\" rel=\"category tag\">Administra\u0163ie<\/a><a href=\"https:\/\/www.impactreal.ro\/category\/costesti\/\" rel=\"category tag\">Costesti<\/a><\/span><\/div>\n<div class=\"news-content editor-content-entry\">\n<p>Unsprezece cupluri din Coste\u0219ti, care au \u00eemplinit 50 de ani de c\u0103s\u0103torie, vor fi s\u0103rb\u0103torite duminic\u0103, 16 august 2026, de la ora 12.00, la Biserica Parohiei Coste\u0219ti. So\u021bii vor veni al\u0103turi de copii, nepo\u021bi \u0219i, acolo unde familia num\u0103r\u0103 deja patru genera\u021bii, de str\u0103nepo\u021bi. Primarul Vasile Bor\u0103scu le va oferi flori, diplome \u0219i premii \u00een bani, dup\u0103 modelul ceremoniei organizate anul trecut.<\/p>\n<p><strong><u>Cincizeci de ani, s\u0103rb\u0103tori\u021bi al\u0103turi de familie<\/u><\/strong><\/p>\n<p>Ceremonia dedicat\u0103 nun\u021bii de aur va aduna 11 familii care au trecut \u00eempreun\u0103 prin bucurii, greut\u0103\u021bi \u0219i schimb\u0103rile aduse de cinci decenii de c\u0103snicie. Pentru fiecare cuplu, ziua va avea o \u00eensemn\u0103tate aparte, deoarece al\u0103turi se vor afla oamenii care le cunosc cel mai bine povestea.<\/p>\n<p>Copiii \u0219i nepo\u021bii vor avea ocazia s\u0103 \u00eei vad\u0103 din nou ca \u00een ziua \u00een care \u0219i-au unit destinele. Fotografiile f\u0103cute la biseric\u0103 vor completa albumele de familie \u0219i vor p\u0103stra amintirea acestei \u00eent\u00e2lniri.<\/p>\n<p><strong><u>Ceremonia deschide programul s\u0103 s\u0103rb\u0103torii<\/u><\/strong><\/p>\n<p>S\u0103rb\u0103torirea celor 11 cupluri face parte din cea de-a XIX-a edi\u021bie a Zilei Comunei Coste\u0219ti, organizat\u0103 sub numele \u201eLa ob\u00e2r\u0219ie, la izvoare\u201d, duminic\u0103, 16 august 2026.<\/p>\n<p>Dup\u0103 ceremonia de la Biserica Parohiei Coste\u0219ti, programul va continua, de la ora 14.00, pe Platoul Stog. Pe scen\u0103 vor urca Ionu\u021b Cobz\u0103raru, Ansamblul Floricica din Coste\u0219ti, Ansamblul Nedei\u021ba din Tom\u0219ani, Nelu Bi\u021b\u00een\u0103, Elisabeta Vasile, Victori\u021ba L\u0103c\u0103tu\u0219u, Bogdan Cioranu, Emil Badea \u0219i Ilie Dur\u0103.<\/p>\n<p><strong><u>O zi de spectacol pe Platoul Stog<\/u><\/strong><\/p>\n<p>A\u0219adar, duminic\u0103, 16 august, de la ora 14.00, pe scena \u00een aer liber vor c\u00e2nta interpre\u021bi \u00eendr\u0103gi\u021bi. Programul artistic se va \u00eencheia la ora 22.00.<\/p>\n<p><em><u>Ziua Comunei Coste\u0219ti este organizat\u0103 de Consiliul Local Coste\u0219ti, Prim\u0103ria Coste\u0219ti \u0219i C\u0103minul Cultural \u201eConstantin Popian\u201d.<\/u><\/em><\/p>\n<p><strong><u>Intrarea la spectacole este liber\u0103.<\/u><\/strong><\/p>\n<p>\u00a0<\/p>\n<p>\u00a0<\/p>\n<p>\u00a0<\/p>\n<p>\u00a0<\/p>\n<p>\u00a0<\/p>\n<p>\u00a0<\/p>\n<p>\u00a0<\/p>\n<p>\u00a0<\/p>\n<p>\u00a0<\/p>\n<\/div>\n<\/div>\n<\/div>\n<div class=\"news-content editor-content-entry\">\n<p>Unsprezece cupluri din Coste\u0219ti, care au \u00eemplinit 50 de ani de c\u0103s\u0103torie, vor fi s\u0103rb\u0103torite duminic\u0103, 16 august 2026, de la ora 12.00, la Biserica Parohiei Coste\u0219ti. So\u021bii vor veni al\u0103turi de copii, nepo\u021bi \u0219i, acolo unde familia num\u0103r\u0103 deja patru genera\u021bii, de str\u0103nepo\u021bi. Primarul Vasile Bor\u0103scu le va oferi flori, diplome \u0219i premii \u00een bani, dup\u0103 modelul ceremoniei organizate anul trecut.<\/p>\n<p><strong><u>Cincizeci de ani, s\u0103rb\u0103tori\u021bi al\u0103turi de familie<\/u><\/strong><\/p>\n<p>Ceremonia dedicat\u0103 nun\u021bii de aur va aduna 11 familii care au trecut \u00eempreun\u0103 prin bucurii, greut\u0103\u021bi \u0219i schimb\u0103rile aduse de cinci decenii de c\u0103snicie. Pentru fiecare cuplu, ziua va avea o \u00eensemn\u0103tate aparte, deoarece al\u0103turi se vor afla oamenii care le cunosc cel mai bine povestea.<\/p>\n<p>Copiii \u0219i nepo\u021bii vor avea ocazia s\u0103 \u00eei vad\u0103 din nou ca \u00een ziua \u00een care \u0219i-au unit destinele. Fotografiile f\u0103cute la biseric\u0103 vor completa albumele de familie \u0219i vor p\u0103stra amintirea acestei \u00eent\u00e2lniri.<\/p>\n<p><strong><u>Ceremonia deschide programul s\u0103 s\u0103rb\u0103torii<\/u><\/strong><\/p>\n<p>S\u0103rb\u0103torirea celor 11 cupluri face parte din cea de-a XIX-a edi\u021bie a Zilei Comunei Coste\u0219ti, organizat\u0103 sub numele \u201eLa ob\u00e2r\u0219ie, la izvoare\u201d, duminic\u0103, 16 august 2026.<\/p>\n<p>Dup\u0103 ceremonia de la Biserica Parohiei Coste\u0219ti, programul va continua, de la ora 14.00, pe Platoul Stog. Pe scen\u0103 vor urca Ionu\u021b Cobz\u0103raru, Ansamblul Floricica din Coste\u0219ti, Ansamblul Nedei\u021ba din Tom\u0219ani, Nelu Bi\u021b\u00een\u0103, Elisabeta Vasile, Victori\u021ba L\u0103c\u0103tu\u0219u, Bogdan Cioranu, Emil Badea \u0219i Ilie Dur\u0103.<\/p>\n<p><strong><u>O zi de spectacol pe Platoul Stog<\/u><\/strong><\/p>\n<p>A\u0219adar, duminic\u0103, 16 august, de la ora 14.00, pe scena \u00een aer liber vor c\u00e2nta interpre\u021bi \u00eendr\u0103gi\u021bi. Programul artistic se va \u00eencheia la ora 22.00.<\/p>\n<p><em><u>Ziua Comunei Coste\u0219ti este organizat\u0103 de Consiliul Local Coste\u0219ti, Prim\u0103ria Coste\u0219ti \u0219i C\u0103minul Cultural \u201eConstantin Popian\u201d.<\/u><\/em><\/p>\n<p><strong><u>Intrarea la spectacole este liber\u0103.<\/u><\/strong><\/p>\n<p>\u00a0<\/p>\n<p>\u00a0<\/p>\n<p>\u00a0<\/p>\n<p>\u00a0<\/p>\n<p>\u00a0<\/p>\n<p>\u00a0<\/p>\n<p>\u00a0<\/p>\n<p>\u00a0<\/p>\n<p>\u00a0<\/p>\n<\/div>\n<div class=\"news-content editor-content-entry\">\n<p>Unsprezece cupluri din Coste\u0219ti, care au \u00eemplinit 50 de ani de c\u0103s\u0103torie, vor fi s\u0103rb\u0103torite duminic\u0103, 16 august 2026, de la ora 12.00, la Biserica Parohiei Coste\u0219ti. So\u021bii vor veni al\u0103turi de copii, nepo\u021bi \u0219i, acolo unde familia num\u0103r\u0103 deja patru genera\u021bii, de str\u0103nepo\u021bi. Primarul Vasile Bor\u0103scu le va oferi flori, diplome \u0219i premii \u00een bani, dup\u0103 modelul ceremoniei organizate anul trecut.<\/p>\n<p><strong><u>Cincizeci de ani, s\u0103rb\u0103tori\u021bi al\u0103turi de familie<\/u><\/strong><\/p>\n<p>Ceremonia dedicat\u0103 nun\u021bii de aur va aduna 11 familii care au trecut \u00eempreun\u0103 prin bucurii, greut\u0103\u021bi \u0219i schimb\u0103rile aduse de cinci decenii de c\u0103snicie. Pentru fiecare cuplu, ziua va avea o \u00eensemn\u0103tate aparte, deoarece al\u0103turi se vor afla oamenii care le cunosc cel mai bine povestea.<\/p>\n<p>Copiii \u0219i nepo\u021bii vor avea ocazia s\u0103 \u00eei vad\u0103 din nou ca \u00een ziua \u00een care \u0219i-au unit destinele. Fotografiile f\u0103cute la biseric\u0103 vor completa albumele de familie \u0219i vor p\u0103stra amintirea acestei \u00eent\u00e2lniri.<\/p>\n<p><strong><u>Ceremonia deschide programul s\u0103 s\u0103rb\u0103torii<\/u><\/strong><\/p>\n<p>S\u0103rb\u0103torirea celor 11 cupluri face parte din cea de-a XIX-a edi\u021bie a Zilei Comunei Coste\u0219ti, organizat\u0103 sub numele \u201eLa ob\u00e2r\u0219ie, la izvoare\u201d, duminic\u0103, 16 august 2026.<\/p>\n<p>Dup\u0103 ceremonia de la Biserica Parohiei Coste\u0219ti, programul va continua, de la ora 14.00, pe Platoul Stog. Pe scen\u0103 vor urca Ionu\u021b Cobz\u0103raru, Ansamblul Floricica din Coste\u0219ti, Ansamblul Nedei\u021ba din Tom\u0219ani, Nelu Bi\u021b\u00een\u0103, Elisabeta Vasile, Victori\u021ba L\u0103c\u0103tu\u0219u, Bogdan Cioranu, Emil Badea \u0219i Ilie Dur\u0103.<\/p>\n<p><strong><u>O zi de spectacol pe Platoul Stog<\/u><\/strong><\/p>\n<p>A\u0219adar, duminic\u0103, 16 august, de la ora 14.00, pe scena \u00een aer liber vor c\u00e2nta interpre\u021bi \u00eendr\u0103gi\u021bi. Programul artistic se va \u00eencheia la ora 22.00.<\/p>\n<p><em><u>Ziua Comunei Coste\u0219ti este organizat\u0103 de Consiliul Local Coste\u0219ti, Prim\u0103ria Coste\u0219ti \u0219i C\u0103minul Cultural \u201eConstantin Popian\u201d.<\/u><\/em><\/p>\n<p><strong><u>Intrarea la spectacole este liber\u0103.<\/u><\/strong><\/p>\n<p>\u00a0<\/p>\n<p>\u00a0<\/p>\n<p>\u00a0<\/p>\n<p>\u00a0<\/p>\n<p>\u00a0<\/p>\n<p>\u00a0<\/p>\n<p>\u00a0<\/p>\n<p>\u00a0<\/p>\n<p>\u00a0<\/p>\n<\/div>\n<p>[analyse_source url=&#8221;https:\/\/www.impactreal.ro\/2026\/08\/13\/primarul-vasile-borascu-ii-invita-pe-localnici-si-nu-numai-la-zilele-comunei-costesti-spectacole-pe-platoul-stog-si-nunta-de-aur-pentru-11-cupluri\/&#8221;]<\/p>\n","protected":false},"excerpt":{"rendered":"<p>[analyse_image type=&#8221;featured&#8221; src=&#8221;https:\/\/www.impactreal.ro\/wp-content\/uploads\/2026\/08\/COSTESTI-69-1024&#215;576.png&#8221;] 13 august 202613 august 2026Claudia SchiopuActualAdministra\u0163ieCostesti Unsprezece cupluri din Coste\u0219ti, care au \u00eemplinit 50 de ani de c\u0103s\u0103torie, vor fi s\u0103rb\u0103torite duminic\u0103, 16 august 2026, de la ora 12.00, la Biserica Parohiei Coste\u0219ti. So\u021bii vor veni al\u0103turi de copii, nepo\u021bi \u0219i, acolo unde familia num\u0103r\u0103 deja patru genera\u021bii, de str\u0103nepo\u021bi. Primarul Vasile [&hellip;]<\/p>\n","protected":false},"author":1,"featured_media":0,"comment_status":"open","ping_status":"","sticky":false,"template":"","format":"standard","meta":{"footnotes":""},"categories":[89],"tags":[226,212],"class_list":["post-2091726","post","type-post","status-publish","format-standard","hentry","category-romania","tag-crawlmanager","tag-impactreal-ro"],"_links":{"self":[{"href":"https:\/\/analyse.optim.biz\/index.php?rest_route=\/wp\/v2\/posts\/2091726","targetHints":{"allow":["GET"]}}],"collection":[{"href":"https:\/\/analyse.optim.biz\/index.php?rest_route=\/wp\/v2\/posts"}],"about":[{"href":"https:\/\/analyse.optim.biz\/index.php?rest_route=\/wp\/v2\/types\/post"}],"author":[{"embeddable":true,"href":"https:\/\/analyse.optim.biz\/index.php?rest_route=\/wp\/v2\/users\/1"}],"replies":[{"embeddable":true,"href":"https:\/\/analyse.optim.biz\/index.php?rest_route=%2Fwp%2Fv2%2Fcomments&post=2091726"}],"version-history":[{"count":0,"href":"https:\/\/analyse.optim.biz\/index.php?rest_route=\/wp\/v2\/posts\/2091726\/revisions"}],"wp:attachment":[{"href":"https:\/\/analyse.optim.biz\/index.php?rest_route=%2Fwp%2Fv2%2Fmedia&parent=2091726"}],"wp:term":[{"taxonomy":"category","embeddable":true,"href":"https:\/\/analyse.optim.biz\/index.php?rest_route=%2Fwp%2Fv2%2Fcategories&post=2091726"},{"taxonomy":"post_tag","embeddable":true,"href":"https:\/\/analyse.optim.biz\/index.php?rest_route=%2Fwp%2Fv2%2Ftags&post=2091726"}],"curies":[{"name":"wp","href":"https:\/\/api.w.org\/{rel}","templated":true}]}}