{"id":2091724,"date":"2026-08-13T08:26:03","date_gmt":"2026-08-13T05:26:03","guid":{"rendered":"https:\/\/analyse.optim.biz\/?p=2091724"},"modified":"2026-08-13T08:26:03","modified_gmt":"2026-08-13T05:26:03","slug":"de-la-zlatarei-pana-in-centrul-orasului-dragasaniul-intra-intr-un-amplu-proces-de-modernizare-cu-santiere-deschise-si-investitii-in-drumuri-educatie-utilitati-sport-dar-si-siguranta-publica","status":"publish","type":"post","link":"https:\/\/analyse.optim.biz\/?p=2091724","title":{"rendered":"De la Zl\u0103t\u0103rei p\u00e2n\u0103 \u00een centrul ora\u0219ului, Dr\u0103g\u0103\u0219aniul intr\u0103 \u00eentr-un amplu proces de modernizare, cu \u0219antiere deschise \u0219i investi\u021bii \u00een drumuri, educa\u021bie, utilit\u0103\u021bi, sport, dar \u0219i siguran\u021b\u0103 public\u0103"},"content":{"rendered":"<p>[analyse_image type=&#8221;featured&#8221; src=&#8221;https:\/\/www.impactreal.ro\/wp-content\/uploads\/2026\/08\/DRAGASANI-2026-1024&#215;619.png&#8221;]<\/p>\n<div class=\"single-news-content\">\n<div class=\"news-image\"><img loading=\"lazy\" decoding=\"async\" width=\"1612\" height=\"975\" src=\"https:\/\/www.impactreal.ro\/wp-content\/uploads\/2026\/08\/DRAGASANI-2026.png\" class=\"img-responsive wp-post-image\" alt=\"De la Zl\u0103t\u0103rei p\u00e2n\u0103 \u00een centrul ora\u0219ului, Dr\u0103g\u0103\u0219aniul intr\u0103 \u00eentr-un amplu proces de modernizare, cu \u0219antiere deschise \u0219i investi\u021bii \u00een drumuri, educa\u021bie, utilit\u0103\u021bi, sport, dar \u0219i siguran\u021b\u0103 public\u0103\"><\/div>\n<div class=\"news-detail clearfix\">\n<div class=\"entry-meta\"><span class=\"posted-date\"><a href=\"https:\/\/www.impactreal.ro\/2026\/08\/13\/de-la-zlatarei-pana-in-centrul-orasului-dragasaniul-intra-intr-un-amplu-proces-de-modernizare-cu-santiere-deschise-si-investitii-in-drumuri-educatie-utilitati-sport-dar-si-siguranta-publica\/\" rel=\"bookmark\"><time class=\"entry-date published\" datetime=\"2026-08-13T11:26:03+03:00\">13 august 2026<\/time><time class=\"updated\" datetime=\"2026-08-13T13:50:24+03:00\">13 august 2026<\/time><\/a><\/span><span class=\"author vcard\"><a href=\"https:\/\/www.impactreal.ro\/author\/claudia-schiopu\/\">Claudia Schiopu<\/a><\/span><span class=\"cat-links\"><a href=\"https:\/\/www.impactreal.ro\/category\/administratie\/\" rel=\"category tag\">Administra\u0163ie<\/a><a href=\"https:\/\/www.impactreal.ro\/category\/dragasani\/\" rel=\"category tag\">Dragasani<\/a><\/span><\/div>\n<div class=\"news-content editor-content-entry\">\n<p>La Dr\u0103g\u0103\u0219ani, mai multe investi\u021bii finan\u021bate din fonduri europene, prin Programul \u201eAnghel Saligny\u201d \u0219i din bugetul local au ajuns pe \u0219antier sau se afl\u0103 \u00een preg\u0103tire. Cele mai mari sume sunt alocate pentru modernizarea str\u0103zilor din cartierul Zl\u0103t\u0103rei \u0219i pentru reabilitarea \u0218colii Gimnaziale \u201eNicolae B\u0103lcescu\u201d. Lista cuprinde lucr\u0103ri la re\u021belele de ap\u0103 \u0219i gaze, refacerea promenadei, amenajarea unei parc\u0103ri l\u00e2ng\u0103 Ambulatoriul Spitalului Municipal, asfaltarea aleilor din Cimitirul Eternitatea \u0219i acoperirea tribunei estice a stadionului.<\/p>\n<p><strong><u>9 str\u0103zi au intrat \u00een lucru la Zl\u0103t\u0103rei<\/u><\/strong><\/p>\n<p>\u00cen cartierul Zl\u0103t\u0103rei, amplasamentele au fost predate constructorului pe 3 august, iar lucr\u0103rile au \u00eenceput \u00een ziua urm\u0103toare. Proiectul are o valoare total\u0103 de 19.039.615,27 lei, din care 14.111.700 de lei reprezint\u0103 finan\u021bare nerambursabil\u0103 prin Programul \u201eAnghel Saligny\u201d. Diferen\u021ba de 4.927.915,27 lei va fi asigurat\u0103 din bugetul local.<\/p>\n<p>Vor fi modernizate str\u0103zile Progresului, Sadina, Deleanca, Zl\u0103t\u0103reilor, Aleea Morii, F\u00e2nt\u00e2nii, \u0218colii, Vi\u0219inilor \u0219i Avram Iancu. Cele 9 str\u0103zi au \u00eempreun\u0103 o lungime de 10.347,60 metri.<\/p>\n<p>Constructorul va reface structura drumurilor \u0219i va turna asfalt. \u0218an\u021burile \u0219i rigolele vor fi reabilitate, vor fi realizate lucr\u0103ri pentru colectarea apelor pluviale, apoi vor fi aplicate marcajele \u0219i montate indicatoarele rutiere.<\/p>\n<p><strong><u>Aproape 9 milioane de lei din fonduri europene pentru o \u0219coal\u0103<\/u><\/strong><\/p>\n<p>Un alt proiect important vizeaz\u0103 \u0218coala Gimnazial\u0103 \u201eNicolae B\u0103lcescu\u201d. Contractul de finan\u021bare are o valoare total\u0103 de 9.209.564,92 lei, din care 8.990.003,58 lei reprezint\u0103 fonduri europene nerambursabile, ob\u021binute prin Programul Regional Sud-Vest Oltenia.<\/p>\n<p>Cl\u0103direa va fi izolat\u0103 la exterior, inclusiv la nivelul acoperi\u0219ului \u0219i plan\u0219eului, t\u00e2mpl\u0103ria va fi \u00eenlocuit\u0103, iar sistemul de \u00eenc\u0103lzire va fi modernizat. Vor fi instalate panouri fotovoltaice, corpuri de iluminat LED \u0219i sisteme pentru detectarea \u0219i semnalizarea incendiilor. Documenta\u021bia proiectului arat\u0103 c\u0103 necesarul de energie ar urma s\u0103 scad\u0103 semnificativ cu peste 89,5%.<\/p>\n<p><strong><u>Conducte noi pe strada Tudor Vladimirescu<\/u><\/strong><\/p>\n<p>Pe strada Tudor Vladimirescu a fost emis, la 22 iulie, ordinul de \u00eencepere a lucr\u0103rilor pentru reabilitarea re\u021belei de alimentare cu ap\u0103. Conductele vechi vor fi \u00eenlocuite pe o lungime de aproximativ 1,6 kilometri.<\/p>\n<p>Investi\u021bia, estimat\u0103 la 1,27 milioane de lei, urm\u0103re\u0219te reducerea avariilor \u0219i asigurarea unei aliment\u0103ri mai sigure pentru locuitorii din zon\u0103.<\/p>\n<p>\u201e<strong><em>Continu\u0103m s\u0103 moderniz\u0103m infrastructura municipiului Dr\u0103g\u0103\u0219ani prin investi\u021bii concrete, necesare \u0219i realizate \u00eentr-un ritm sus\u021binut. Le mul\u021bumesc cet\u0103\u021benilor pentru r\u0103bdarea \u0219i \u00een\u021belegerea de care vor da dovad\u0103 pe durata execut\u0103rii lucr\u0103rilo<\/em><\/strong>r\u201d, a transmis primarul municipiului Dr\u0103g\u0103\u0219ani, Costinel Stoica.<\/p>\n<p><strong><u>Re\u021beaua de gaze a ajuns \u00een Valea Caselor<\/u><\/strong><\/p>\n<p>\u00cen Valea Caselor a fost finalizat\u0103 extinderea re\u021belei de gaze naturale. Lucrarea a costat 431.000 de lei \u0219i a cuprins instalarea a doi kilometri de conduct\u0103.<\/p>\n<p>Proprietarii se vor putea racorda dup\u0103 parcurgerea procedurilor \u0219i ob\u021binerea documentelor necesare pentru fiecare imobil.<\/p>\n<p><strong><u>Promenada \u201eGib Mih\u0103escu\u201d va fi ref\u0103cut\u0103<\/u><\/strong><\/p>\n<p>Zona pietonal\u0103 \u201eGib Mih\u0103escu\u201d, cuprins\u0103 \u00eentre str\u0103zile Pia\u021ba Pandurilor \u0219i Tudor Vladimirescu, urmeaz\u0103 s\u0103 fie modernizat\u0103 pe o suprafa\u021b\u0103 de aproape 6.000 de metri p\u0103tra\u021bi.<\/p>\n<p>Pavelele \u0219i bordurile vor fi \u00eenlocuite, vor fi montate b\u0103nci \u0219i co\u0219uri de gunoi noi, iar spa\u021biile verzi vor fi ref\u0103cute. Proiectul include o f\u00e2nt\u00e2n\u0103 artezian\u0103 \u00eengropat\u0103 \u0219i o band\u0103 pentru circula\u021bia ma\u0219inilor, lat\u0103 de 3,5 metri. Accesul auto va fi controlat prin st\u00e2lpi retractabili.<\/p>\n<p>Lucr\u0103rile sunt estimate la 1,8 milioane de lei, sum\u0103 care va fi asigurat\u0103 din bugetul local.<\/p>\n<p><strong><u>Parcare nou\u0103 l\u00e2ng\u0103 Ambulatoriul Spitalului<\/u><\/strong><\/p>\n<p>\u00cen apropierea Ambulatoriului Spitalului Municipal va fi amenajat\u0103 o parcare. Odat\u0103 cu aceasta, trotuarele din zon\u0103 vor fi reorganizate \u0219i ref\u0103cute pentru a se potrivi cu noua configura\u021bie a terenului.<\/p>\n<p>Proiectul are o valoare de 100.000 de lei, iar termenul anun\u021bat pentru realizarea lucr\u0103rilor este de 60 de zile.<\/p>\n<p><strong><u>Acoperi\u0219 pentru tribuna estic\u0103<\/u><\/strong><\/p>\n<p>Stadionul Municipal va primi un acoperi\u0219 deasupra tribunei estice. Prim\u0103ria inten\u021bioneaz\u0103 s\u0103 realizeze lucrarea p\u00e2n\u0103 la sf\u00e2r\u0219itul anului 2026, cu bani din bugetul local.<\/p>\n<p>Noua structur\u0103 \u00eei va proteja pe spectatori de ploaie, v\u00e2nt \u0219i soare puternic \u0219i va \u00eembun\u0103t\u0103\u021bi condi\u021biile oferite la competi\u021biile \u0219i evenimentele sportive organizate la Dr\u0103g\u0103\u0219ani.<\/p>\n<p><strong><u>Alei asfaltate \u00een Cimitirul Eternitatea<\/u><\/strong><\/p>\n<p>Dup\u0103 extinderea Cimitirului Eternitatea pe latura sudic\u0103 \u0219i amenajarea unor noi locuri de veci, vor fi realizate aleile de acces. Terenul va fi nivelat, va fi a\u0219ezat un strat de balast compactat, vor fi montate borduri, apoi suprafa\u021ba va fi asfaltat\u0103.<\/p>\n<p>Investi\u021bia are o valoare de 258.000 de lei \u0219i este finan\u021bat\u0103 din bugetul local. Lucr\u0103rile vor fi executate de S.C. UVS Drum Construct S.R.L.<\/p>\n<p><strong><u>Autoturism nou pentru Poli\u021bia Local\u0103<\/u><\/strong><\/p>\n<p>Prim\u0103ria a cump\u0103rat un autoturism pentru Poli\u021bia Local\u0103 Dr\u0103g\u0103\u0219ani, care va fi folosit la patrulare \u0219i la interven\u021biile desf\u0103\u0219urate pe raza municipiului. Ma\u0219ina este echipat\u0103 pentru misiunile specifice \u0219i a costat 174.995,87 lei, f\u0103r\u0103 TVA. Banii provin din bugetul local.<\/p>\n<p>\u201e<strong><em>Pentru a sprijini activitatea Poli\u021biei Locale Dr\u0103g\u0103\u0219ani, am achizi\u021bionat un nou autoturism care va fi folosit \u00een misiunile de patrulare \u0219i interven\u021bie desf\u0103\u0219urate pe raza municipiului Dr\u0103g\u0103\u0219ani. Ne dorim o Poli\u021bie Local\u0103 vizibil\u0103 \u0219i activ\u0103, care s\u0103 contribuie zi de zi la men\u021binerea ordinii \u0219i siguran\u021bei<\/em><\/strong>\u201d, a declarat primarul Costinel Stoica.<\/p>\n<p><img loading=\"lazy\" decoding=\"async\" class=\"alignnone size-medium wp-image-58177\" src=\"https:\/\/www.impactreal.ro\/wp-content\/uploads\/2026\/08\/dragasani-1-210x300.jpg\" alt width=\"210\" height=\"300\"><img loading=\"lazy\" decoding=\"async\" class=\"alignnone size-medium wp-image-58178\" src=\"https:\/\/www.impactreal.ro\/wp-content\/uploads\/2026\/08\/dragasani-2-204x300.jpg\" alt width=\"204\" height=\"300\"><img decoding=\"async\" loading=\"lazy\" class=\"alignnone size-medium wp-image-58179\" src=\"https:\/\/www.impactreal.ro\/wp-content\/uploads\/2026\/08\/dragasani-3-300x274.jpg\" alt width=\"300\" height=\"274\"><img decoding=\"async\" loading=\"lazy\" class=\"alignnone size-medium wp-image-58180\" src=\"https:\/\/www.impactreal.ro\/wp-content\/uploads\/2026\/08\/dragasani-4-300x277.jpg\" alt width=\"300\" height=\"277\"><img decoding=\"async\" loading=\"lazy\" class=\"alignnone size-medium wp-image-58181\" src=\"https:\/\/www.impactreal.ro\/wp-content\/uploads\/2026\/08\/dragasani-5-300x161.jpg\" alt width=\"300\" height=\"161\"><img decoding=\"async\" loading=\"lazy\" class=\"alignnone size-medium wp-image-58182\" src=\"https:\/\/www.impactreal.ro\/wp-content\/uploads\/2026\/08\/dragasani-6-300x283.jpg\" alt width=\"300\" height=\"283\"><\/p>\n<\/div>\n<\/div>\n<\/div>\n<div class=\"news-content editor-content-entry\">\n<p>La Dr\u0103g\u0103\u0219ani, mai multe investi\u021bii finan\u021bate din fonduri europene, prin Programul \u201eAnghel Saligny\u201d \u0219i din bugetul local au ajuns pe \u0219antier sau se afl\u0103 \u00een preg\u0103tire. Cele mai mari sume sunt alocate pentru modernizarea str\u0103zilor din cartierul Zl\u0103t\u0103rei \u0219i pentru reabilitarea \u0218colii Gimnaziale \u201eNicolae B\u0103lcescu\u201d. Lista cuprinde lucr\u0103ri la re\u021belele de ap\u0103 \u0219i gaze, refacerea promenadei, amenajarea unei parc\u0103ri l\u00e2ng\u0103 Ambulatoriul Spitalului Municipal, asfaltarea aleilor din Cimitirul Eternitatea \u0219i acoperirea tribunei estice a stadionului.<\/p>\n<p><strong><u>9 str\u0103zi au intrat \u00een lucru la Zl\u0103t\u0103rei<\/u><\/strong><\/p>\n<p>\u00cen cartierul Zl\u0103t\u0103rei, amplasamentele au fost predate constructorului pe 3 august, iar lucr\u0103rile au \u00eenceput \u00een ziua urm\u0103toare. Proiectul are o valoare total\u0103 de 19.039.615,27 lei, din care 14.111.700 de lei reprezint\u0103 finan\u021bare nerambursabil\u0103 prin Programul \u201eAnghel Saligny\u201d. Diferen\u021ba de 4.927.915,27 lei va fi asigurat\u0103 din bugetul local.<\/p>\n<p>Vor fi modernizate str\u0103zile Progresului, Sadina, Deleanca, Zl\u0103t\u0103reilor, Aleea Morii, F\u00e2nt\u00e2nii, \u0218colii, Vi\u0219inilor \u0219i Avram Iancu. Cele 9 str\u0103zi au \u00eempreun\u0103 o lungime de 10.347,60 metri.<\/p>\n<p>Constructorul va reface structura drumurilor \u0219i va turna asfalt. \u0218an\u021burile \u0219i rigolele vor fi reabilitate, vor fi realizate lucr\u0103ri pentru colectarea apelor pluviale, apoi vor fi aplicate marcajele \u0219i montate indicatoarele rutiere.<\/p>\n<p><strong><u>Aproape 9 milioane de lei din fonduri europene pentru o \u0219coal\u0103<\/u><\/strong><\/p>\n<p>Un alt proiect important vizeaz\u0103 \u0218coala Gimnazial\u0103 \u201eNicolae B\u0103lcescu\u201d. Contractul de finan\u021bare are o valoare total\u0103 de 9.209.564,92 lei, din care 8.990.003,58 lei reprezint\u0103 fonduri europene nerambursabile, ob\u021binute prin Programul Regional Sud-Vest Oltenia.<\/p>\n<p>Cl\u0103direa va fi izolat\u0103 la exterior, inclusiv la nivelul acoperi\u0219ului \u0219i plan\u0219eului, t\u00e2mpl\u0103ria va fi \u00eenlocuit\u0103, iar sistemul de \u00eenc\u0103lzire va fi modernizat. Vor fi instalate panouri fotovoltaice, corpuri de iluminat LED \u0219i sisteme pentru detectarea \u0219i semnalizarea incendiilor. Documenta\u021bia proiectului arat\u0103 c\u0103 necesarul de energie ar urma s\u0103 scad\u0103 semnificativ cu peste 89,5%.<\/p>\n<p><strong><u>Conducte noi pe strada Tudor Vladimirescu<\/u><\/strong><\/p>\n<p>Pe strada Tudor Vladimirescu a fost emis, la 22 iulie, ordinul de \u00eencepere a lucr\u0103rilor pentru reabilitarea re\u021belei de alimentare cu ap\u0103. Conductele vechi vor fi \u00eenlocuite pe o lungime de aproximativ 1,6 kilometri.<\/p>\n<p>Investi\u021bia, estimat\u0103 la 1,27 milioane de lei, urm\u0103re\u0219te reducerea avariilor \u0219i asigurarea unei aliment\u0103ri mai sigure pentru locuitorii din zon\u0103.<\/p>\n<p>\u201e<strong><em>Continu\u0103m s\u0103 moderniz\u0103m infrastructura municipiului Dr\u0103g\u0103\u0219ani prin investi\u021bii concrete, necesare \u0219i realizate \u00eentr-un ritm sus\u021binut. Le mul\u021bumesc cet\u0103\u021benilor pentru r\u0103bdarea \u0219i \u00een\u021belegerea de care vor da dovad\u0103 pe durata execut\u0103rii lucr\u0103rilo<\/em><\/strong>r\u201d, a transmis primarul municipiului Dr\u0103g\u0103\u0219ani, Costinel Stoica.<\/p>\n<p><strong><u>Re\u021beaua de gaze a ajuns \u00een Valea Caselor<\/u><\/strong><\/p>\n<p>\u00cen Valea Caselor a fost finalizat\u0103 extinderea re\u021belei de gaze naturale. Lucrarea a costat 431.000 de lei \u0219i a cuprins instalarea a doi kilometri de conduct\u0103.<\/p>\n<p>Proprietarii se vor putea racorda dup\u0103 parcurgerea procedurilor \u0219i ob\u021binerea documentelor necesare pentru fiecare imobil.<\/p>\n<p><strong><u>Promenada \u201eGib Mih\u0103escu\u201d va fi ref\u0103cut\u0103<\/u><\/strong><\/p>\n<p>Zona pietonal\u0103 \u201eGib Mih\u0103escu\u201d, cuprins\u0103 \u00eentre str\u0103zile Pia\u021ba Pandurilor \u0219i Tudor Vladimirescu, urmeaz\u0103 s\u0103 fie modernizat\u0103 pe o suprafa\u021b\u0103 de aproape 6.000 de metri p\u0103tra\u021bi.<\/p>\n<p>Pavelele \u0219i bordurile vor fi \u00eenlocuite, vor fi montate b\u0103nci \u0219i co\u0219uri de gunoi noi, iar spa\u021biile verzi vor fi ref\u0103cute. Proiectul include o f\u00e2nt\u00e2n\u0103 artezian\u0103 \u00eengropat\u0103 \u0219i o band\u0103 pentru circula\u021bia ma\u0219inilor, lat\u0103 de 3,5 metri. Accesul auto va fi controlat prin st\u00e2lpi retractabili.<\/p>\n<p>Lucr\u0103rile sunt estimate la 1,8 milioane de lei, sum\u0103 care va fi asigurat\u0103 din bugetul local.<\/p>\n<p><strong><u>Parcare nou\u0103 l\u00e2ng\u0103 Ambulatoriul Spitalului<\/u><\/strong><\/p>\n<p>\u00cen apropierea Ambulatoriului Spitalului Municipal va fi amenajat\u0103 o parcare. Odat\u0103 cu aceasta, trotuarele din zon\u0103 vor fi reorganizate \u0219i ref\u0103cute pentru a se potrivi cu noua configura\u021bie a terenului.<\/p>\n<p>Proiectul are o valoare de 100.000 de lei, iar termenul anun\u021bat pentru realizarea lucr\u0103rilor este de 60 de zile.<\/p>\n<p><strong><u>Acoperi\u0219 pentru tribuna estic\u0103<\/u><\/strong><\/p>\n<p>Stadionul Municipal va primi un acoperi\u0219 deasupra tribunei estice. Prim\u0103ria inten\u021bioneaz\u0103 s\u0103 realizeze lucrarea p\u00e2n\u0103 la sf\u00e2r\u0219itul anului 2026, cu bani din bugetul local.<\/p>\n<p>Noua structur\u0103 \u00eei va proteja pe spectatori de ploaie, v\u00e2nt \u0219i soare puternic \u0219i va \u00eembun\u0103t\u0103\u021bi condi\u021biile oferite la competi\u021biile \u0219i evenimentele sportive organizate la Dr\u0103g\u0103\u0219ani.<\/p>\n<p><strong><u>Alei asfaltate \u00een Cimitirul Eternitatea<\/u><\/strong><\/p>\n<p>Dup\u0103 extinderea Cimitirului Eternitatea pe latura sudic\u0103 \u0219i amenajarea unor noi locuri de veci, vor fi realizate aleile de acces. Terenul va fi nivelat, va fi a\u0219ezat un strat de balast compactat, vor fi montate borduri, apoi suprafa\u021ba va fi asfaltat\u0103.<\/p>\n<p>Investi\u021bia are o valoare de 258.000 de lei \u0219i este finan\u021bat\u0103 din bugetul local. Lucr\u0103rile vor fi executate de S.C. UVS Drum Construct S.R.L.<\/p>\n<p><strong><u>Autoturism nou pentru Poli\u021bia Local\u0103<\/u><\/strong><\/p>\n<p>Prim\u0103ria a cump\u0103rat un autoturism pentru Poli\u021bia Local\u0103 Dr\u0103g\u0103\u0219ani, care va fi folosit la patrulare \u0219i la interven\u021biile desf\u0103\u0219urate pe raza municipiului. Ma\u0219ina este echipat\u0103 pentru misiunile specifice \u0219i a costat 174.995,87 lei, f\u0103r\u0103 TVA. Banii provin din bugetul local.<\/p>\n<p>\u201e<strong><em>Pentru a sprijini activitatea Poli\u021biei Locale Dr\u0103g\u0103\u0219ani, am achizi\u021bionat un nou autoturism care va fi folosit \u00een misiunile de patrulare \u0219i interven\u021bie desf\u0103\u0219urate pe raza municipiului Dr\u0103g\u0103\u0219ani. Ne dorim o Poli\u021bie Local\u0103 vizibil\u0103 \u0219i activ\u0103, care s\u0103 contribuie zi de zi la men\u021binerea ordinii \u0219i siguran\u021bei<\/em><\/strong>\u201d, a declarat primarul Costinel Stoica.<\/p>\n<p><img loading=\"lazy\" decoding=\"async\" class=\"alignnone size-medium wp-image-58177\" src=\"https:\/\/www.impactreal.ro\/wp-content\/uploads\/2026\/08\/dragasani-1-210x300.jpg\" alt width=\"210\" height=\"300\"><img loading=\"lazy\" decoding=\"async\" class=\"alignnone size-medium wp-image-58178\" src=\"https:\/\/www.impactreal.ro\/wp-content\/uploads\/2026\/08\/dragasani-2-204x300.jpg\" alt width=\"204\" height=\"300\"><img decoding=\"async\" loading=\"lazy\" class=\"alignnone size-medium wp-image-58179\" src=\"https:\/\/www.impactreal.ro\/wp-content\/uploads\/2026\/08\/dragasani-3-300x274.jpg\" alt width=\"300\" height=\"274\"><img decoding=\"async\" loading=\"lazy\" class=\"alignnone size-medium wp-image-58180\" src=\"https:\/\/www.impactreal.ro\/wp-content\/uploads\/2026\/08\/dragasani-4-300x277.jpg\" alt width=\"300\" height=\"277\"><img decoding=\"async\" loading=\"lazy\" class=\"alignnone size-medium wp-image-58181\" src=\"https:\/\/www.impactreal.ro\/wp-content\/uploads\/2026\/08\/dragasani-5-300x161.jpg\" alt width=\"300\" height=\"161\"><img decoding=\"async\" loading=\"lazy\" class=\"alignnone size-medium wp-image-58182\" src=\"https:\/\/www.impactreal.ro\/wp-content\/uploads\/2026\/08\/dragasani-6-300x283.jpg\" alt width=\"300\" height=\"283\"><\/p>\n<\/div>\n<div class=\"news-content editor-content-entry\">\n<p>La Dr\u0103g\u0103\u0219ani, mai multe investi\u021bii finan\u021bate din fonduri europene, prin Programul \u201eAnghel Saligny\u201d \u0219i din bugetul local au ajuns pe \u0219antier sau se afl\u0103 \u00een preg\u0103tire. Cele mai mari sume sunt alocate pentru modernizarea str\u0103zilor din cartierul Zl\u0103t\u0103rei \u0219i pentru reabilitarea \u0218colii Gimnaziale \u201eNicolae B\u0103lcescu\u201d. Lista cuprinde lucr\u0103ri la re\u021belele de ap\u0103 \u0219i gaze, refacerea promenadei, amenajarea unei parc\u0103ri l\u00e2ng\u0103 Ambulatoriul Spitalului Municipal, asfaltarea aleilor din Cimitirul Eternitatea \u0219i acoperirea tribunei estice a stadionului.<\/p>\n<p><strong><u>9 str\u0103zi au intrat \u00een lucru la Zl\u0103t\u0103rei<\/u><\/strong><\/p>\n<p>\u00cen cartierul Zl\u0103t\u0103rei, amplasamentele au fost predate constructorului pe 3 august, iar lucr\u0103rile au \u00eenceput \u00een ziua urm\u0103toare. Proiectul are o valoare total\u0103 de 19.039.615,27 lei, din care 14.111.700 de lei reprezint\u0103 finan\u021bare nerambursabil\u0103 prin Programul \u201eAnghel Saligny\u201d. Diferen\u021ba de 4.927.915,27 lei va fi asigurat\u0103 din bugetul local.<\/p>\n<p>Vor fi modernizate str\u0103zile Progresului, Sadina, Deleanca, Zl\u0103t\u0103reilor, Aleea Morii, F\u00e2nt\u00e2nii, \u0218colii, Vi\u0219inilor \u0219i Avram Iancu. Cele 9 str\u0103zi au \u00eempreun\u0103 o lungime de 10.347,60 metri.<\/p>\n<p>Constructorul va reface structura drumurilor \u0219i va turna asfalt. \u0218an\u021burile \u0219i rigolele vor fi reabilitate, vor fi realizate lucr\u0103ri pentru colectarea apelor pluviale, apoi vor fi aplicate marcajele \u0219i montate indicatoarele rutiere.<\/p>\n<p><strong><u>Aproape 9 milioane de lei din fonduri europene pentru o \u0219coal\u0103<\/u><\/strong><\/p>\n<p>Un alt proiect important vizeaz\u0103 \u0218coala Gimnazial\u0103 \u201eNicolae B\u0103lcescu\u201d. Contractul de finan\u021bare are o valoare total\u0103 de 9.209.564,92 lei, din care 8.990.003,58 lei reprezint\u0103 fonduri europene nerambursabile, ob\u021binute prin Programul Regional Sud-Vest Oltenia.<\/p>\n<p>Cl\u0103direa va fi izolat\u0103 la exterior, inclusiv la nivelul acoperi\u0219ului \u0219i plan\u0219eului, t\u00e2mpl\u0103ria va fi \u00eenlocuit\u0103, iar sistemul de \u00eenc\u0103lzire va fi modernizat. Vor fi instalate panouri fotovoltaice, corpuri de iluminat LED \u0219i sisteme pentru detectarea \u0219i semnalizarea incendiilor. Documenta\u021bia proiectului arat\u0103 c\u0103 necesarul de energie ar urma s\u0103 scad\u0103 semnificativ cu peste 89,5%.<\/p>\n<p><strong><u>Conducte noi pe strada Tudor Vladimirescu<\/u><\/strong><\/p>\n<p>Pe strada Tudor Vladimirescu a fost emis, la 22 iulie, ordinul de \u00eencepere a lucr\u0103rilor pentru reabilitarea re\u021belei de alimentare cu ap\u0103. Conductele vechi vor fi \u00eenlocuite pe o lungime de aproximativ 1,6 kilometri.<\/p>\n<p>Investi\u021bia, estimat\u0103 la 1,27 milioane de lei, urm\u0103re\u0219te reducerea avariilor \u0219i asigurarea unei aliment\u0103ri mai sigure pentru locuitorii din zon\u0103.<\/p>\n<p>\u201e<strong><em>Continu\u0103m s\u0103 moderniz\u0103m infrastructura municipiului Dr\u0103g\u0103\u0219ani prin investi\u021bii concrete, necesare \u0219i realizate \u00eentr-un ritm sus\u021binut. Le mul\u021bumesc cet\u0103\u021benilor pentru r\u0103bdarea \u0219i \u00een\u021belegerea de care vor da dovad\u0103 pe durata execut\u0103rii lucr\u0103rilo<\/em><\/strong>r\u201d, a transmis primarul municipiului Dr\u0103g\u0103\u0219ani, Costinel Stoica.<\/p>\n<p><strong><u>Re\u021beaua de gaze a ajuns \u00een Valea Caselor<\/u><\/strong><\/p>\n<p>\u00cen Valea Caselor a fost finalizat\u0103 extinderea re\u021belei de gaze naturale. Lucrarea a costat 431.000 de lei \u0219i a cuprins instalarea a doi kilometri de conduct\u0103.<\/p>\n<p>Proprietarii se vor putea racorda dup\u0103 parcurgerea procedurilor \u0219i ob\u021binerea documentelor necesare pentru fiecare imobil.<\/p>\n<p><strong><u>Promenada \u201eGib Mih\u0103escu\u201d va fi ref\u0103cut\u0103<\/u><\/strong><\/p>\n<p>Zona pietonal\u0103 \u201eGib Mih\u0103escu\u201d, cuprins\u0103 \u00eentre str\u0103zile Pia\u021ba Pandurilor \u0219i Tudor Vladimirescu, urmeaz\u0103 s\u0103 fie modernizat\u0103 pe o suprafa\u021b\u0103 de aproape 6.000 de metri p\u0103tra\u021bi.<\/p>\n<p>Pavelele \u0219i bordurile vor fi \u00eenlocuite, vor fi montate b\u0103nci \u0219i co\u0219uri de gunoi noi, iar spa\u021biile verzi vor fi ref\u0103cute. Proiectul include o f\u00e2nt\u00e2n\u0103 artezian\u0103 \u00eengropat\u0103 \u0219i o band\u0103 pentru circula\u021bia ma\u0219inilor, lat\u0103 de 3,5 metri. Accesul auto va fi controlat prin st\u00e2lpi retractabili.<\/p>\n<p>Lucr\u0103rile sunt estimate la 1,8 milioane de lei, sum\u0103 care va fi asigurat\u0103 din bugetul local.<\/p>\n<p><strong><u>Parcare nou\u0103 l\u00e2ng\u0103 Ambulatoriul Spitalului<\/u><\/strong><\/p>\n<p>\u00cen apropierea Ambulatoriului Spitalului Municipal va fi amenajat\u0103 o parcare. Odat\u0103 cu aceasta, trotuarele din zon\u0103 vor fi reorganizate \u0219i ref\u0103cute pentru a se potrivi cu noua configura\u021bie a terenului.<\/p>\n<p>Proiectul are o valoare de 100.000 de lei, iar termenul anun\u021bat pentru realizarea lucr\u0103rilor este de 60 de zile.<\/p>\n<p><strong><u>Acoperi\u0219 pentru tribuna estic\u0103<\/u><\/strong><\/p>\n<p>Stadionul Municipal va primi un acoperi\u0219 deasupra tribunei estice. Prim\u0103ria inten\u021bioneaz\u0103 s\u0103 realizeze lucrarea p\u00e2n\u0103 la sf\u00e2r\u0219itul anului 2026, cu bani din bugetul local.<\/p>\n<p>Noua structur\u0103 \u00eei va proteja pe spectatori de ploaie, v\u00e2nt \u0219i soare puternic \u0219i va \u00eembun\u0103t\u0103\u021bi condi\u021biile oferite la competi\u021biile \u0219i evenimentele sportive organizate la Dr\u0103g\u0103\u0219ani.<\/p>\n<p><strong><u>Alei asfaltate \u00een Cimitirul Eternitatea<\/u><\/strong><\/p>\n<p>Dup\u0103 extinderea Cimitirului Eternitatea pe latura sudic\u0103 \u0219i amenajarea unor noi locuri de veci, vor fi realizate aleile de acces. Terenul va fi nivelat, va fi a\u0219ezat un strat de balast compactat, vor fi montate borduri, apoi suprafa\u021ba va fi asfaltat\u0103.<\/p>\n<p>Investi\u021bia are o valoare de 258.000 de lei \u0219i este finan\u021bat\u0103 din bugetul local. Lucr\u0103rile vor fi executate de S.C. UVS Drum Construct S.R.L.<\/p>\n<p><strong><u>Autoturism nou pentru Poli\u021bia Local\u0103<\/u><\/strong><\/p>\n<p>Prim\u0103ria a cump\u0103rat un autoturism pentru Poli\u021bia Local\u0103 Dr\u0103g\u0103\u0219ani, care va fi folosit la patrulare \u0219i la interven\u021biile desf\u0103\u0219urate pe raza municipiului. Ma\u0219ina este echipat\u0103 pentru misiunile specifice \u0219i a costat 174.995,87 lei, f\u0103r\u0103 TVA. Banii provin din bugetul local.<\/p>\n<p>\u201e<strong><em>Pentru a sprijini activitatea Poli\u021biei Locale Dr\u0103g\u0103\u0219ani, am achizi\u021bionat un nou autoturism care va fi folosit \u00een misiunile de patrulare \u0219i interven\u021bie desf\u0103\u0219urate pe raza municipiului Dr\u0103g\u0103\u0219ani. Ne dorim o Poli\u021bie Local\u0103 vizibil\u0103 \u0219i activ\u0103, care s\u0103 contribuie zi de zi la men\u021binerea ordinii \u0219i siguran\u021bei<\/em><\/strong>\u201d, a declarat primarul Costinel Stoica.<\/p>\n<p><img loading=\"lazy\" decoding=\"async\" class=\"alignnone size-medium wp-image-58177\" src=\"https:\/\/www.impactreal.ro\/wp-content\/uploads\/2026\/08\/dragasani-1-210x300.jpg\" alt width=\"210\" height=\"300\"><img loading=\"lazy\" decoding=\"async\" class=\"alignnone size-medium wp-image-58178\" src=\"https:\/\/www.impactreal.ro\/wp-content\/uploads\/2026\/08\/dragasani-2-204x300.jpg\" alt width=\"204\" height=\"300\"><img decoding=\"async\" loading=\"lazy\" class=\"alignnone size-medium wp-image-58179\" src=\"https:\/\/www.impactreal.ro\/wp-content\/uploads\/2026\/08\/dragasani-3-300x274.jpg\" alt width=\"300\" height=\"274\"><img decoding=\"async\" loading=\"lazy\" class=\"alignnone size-medium wp-image-58180\" src=\"https:\/\/www.impactreal.ro\/wp-content\/uploads\/2026\/08\/dragasani-4-300x277.jpg\" alt width=\"300\" height=\"277\"><img decoding=\"async\" loading=\"lazy\" class=\"alignnone size-medium wp-image-58181\" src=\"https:\/\/www.impactreal.ro\/wp-content\/uploads\/2026\/08\/dragasani-5-300x161.jpg\" alt width=\"300\" height=\"161\"><img decoding=\"async\" loading=\"lazy\" class=\"alignnone size-medium wp-image-58182\" src=\"https:\/\/www.impactreal.ro\/wp-content\/uploads\/2026\/08\/dragasani-6-300x283.jpg\" alt width=\"300\" height=\"283\"><\/p>\n<\/div>\n<p>[analyse_source url=&#8221;https:\/\/www.impactreal.ro\/2026\/08\/13\/de-la-zlatarei-pana-in-centrul-orasului-dragasaniul-intra-intr-un-amplu-proces-de-modernizare-cu-santiere-deschise-si-investitii-in-drumuri-educatie-utilitati-sport-dar-si-siguranta-publica\/&#8221;]<\/p>\n","protected":false},"excerpt":{"rendered":"<p>[analyse_image type=&#8221;featured&#8221; src=&#8221;https:\/\/www.impactreal.ro\/wp-content\/uploads\/2026\/08\/DRAGASANI-2026-1024&#215;619.png&#8221;] 13 august 202613 august 2026Claudia SchiopuAdministra\u0163ieDragasani La Dr\u0103g\u0103\u0219ani, mai multe investi\u021bii finan\u021bate din fonduri europene, prin Programul \u201eAnghel Saligny\u201d \u0219i din bugetul local au ajuns pe \u0219antier sau se afl\u0103 \u00een preg\u0103tire. Cele mai mari sume sunt alocate pentru modernizarea str\u0103zilor din cartierul Zl\u0103t\u0103rei \u0219i pentru reabilitarea \u0218colii Gimnaziale \u201eNicolae B\u0103lcescu\u201d. Lista [&hellip;]<\/p>\n","protected":false},"author":1,"featured_media":0,"comment_status":"open","ping_status":"","sticky":false,"template":"","format":"standard","meta":{"footnotes":""},"categories":[89],"tags":[226,212],"class_list":["post-2091724","post","type-post","status-publish","format-standard","hentry","category-romania","tag-crawlmanager","tag-impactreal-ro"],"_links":{"self":[{"href":"https:\/\/analyse.optim.biz\/index.php?rest_route=\/wp\/v2\/posts\/2091724","targetHints":{"allow":["GET"]}}],"collection":[{"href":"https:\/\/analyse.optim.biz\/index.php?rest_route=\/wp\/v2\/posts"}],"about":[{"href":"https:\/\/analyse.optim.biz\/index.php?rest_route=\/wp\/v2\/types\/post"}],"author":[{"embeddable":true,"href":"https:\/\/analyse.optim.biz\/index.php?rest_route=\/wp\/v2\/users\/1"}],"replies":[{"embeddable":true,"href":"https:\/\/analyse.optim.biz\/index.php?rest_route=%2Fwp%2Fv2%2Fcomments&post=2091724"}],"version-history":[{"count":0,"href":"https:\/\/analyse.optim.biz\/index.php?rest_route=\/wp\/v2\/posts\/2091724\/revisions"}],"wp:attachment":[{"href":"https:\/\/analyse.optim.biz\/index.php?rest_route=%2Fwp%2Fv2%2Fmedia&parent=2091724"}],"wp:term":[{"taxonomy":"category","embeddable":true,"href":"https:\/\/analyse.optim.biz\/index.php?rest_route=%2Fwp%2Fv2%2Fcategories&post=2091724"},{"taxonomy":"post_tag","embeddable":true,"href":"https:\/\/analyse.optim.biz\/index.php?rest_route=%2Fwp%2Fv2%2Ftags&post=2091724"}],"curies":[{"name":"wp","href":"https:\/\/api.w.org\/{rel}","templated":true}]}}