{"id":2091707,"date":"2026-08-12T00:00:00","date_gmt":"2026-08-11T21:00:00","guid":{"rendered":"https:\/\/analyse.optim.biz\/?p=2091707"},"modified":"2026-08-12T00:00:00","modified_gmt":"2026-08-11T21:00:00","slug":"rezultatele-festivalului-concurs-international-de-folclor-pestisorul-de-aur-editia-a-xxxii-a","status":"publish","type":"post","link":"https:\/\/analyse.optim.biz\/?p=2091707","title":{"rendered":"REZULTATELE FESTIVALULUI \u2013 CONCURS INTERNA\u021aIONAL DE FOLCLOR \u201ePE\u0218TI\u0218ORUL DE AUR\u201d, EDI\u021aIA A XXXII-A"},"content":{"rendered":"<p>[analyse_image type=&#8221;featured&#8221; src=&#8221;https:\/\/ziaruldetulcea.ro\/wp-content\/uploads\/2026\/08\/FB_IMG_1786520390087-640&#215;300.jpg&#8221;]<\/p>\n<div class=\"post\">\n<p><img loading=\"lazy\" decoding=\"async\" class=\"alignleft size-full wp-image-44005\" src=\"https:\/\/ziaruldetulcea.ro\/wp-content\/uploads\/2026\/08\/FB_IMG_1786520390087.jpg\" alt width=\"2048\" height=\"1536\">\u00a0JURIUL EDI\u021aIEI A XXXII-A<\/p>\n<p>\ud83d\udd39 Pre\u0219edinte:<\/p>\n<p>1\ufe0f\u20e3 PETRE \u0218U\u0218U \u2013 maestru coregraf \u0219i manager al Ansamblului Artistic Profesionist \u201eConstantin Arvinte\u201d \u2013 CJ Ia\u0219i<\/p>\n<p>\ud83d\udd39 Membri:<\/p>\n<p>2\ufe0f\u20e3 LAURA FELEA \u2013 director al Palatului Copiilor Tulcea<\/p>\n<p>3\ufe0f\u20e3 IOAN SIMIONCA \u2013 maestru coregraf, specialist \u00een comunicare \u2013 Bistri\u021ba<\/p>\n<p>4\ufe0f\u20e3 LILIANA MARIA VLASE \u2013 manager al Ansamblului Folcloric Profesionist \u201eBusuiocul\u201d \u2013 Bac\u0103u<\/p>\n<p>5\ufe0f\u20e3 IONEL GAROAF\u0102 \u2013 \u0219ef sec\u021bie al Ansamblului de Dans Popular \u201eMaria T\u0103nase\u201d din cadrul Centrului Jude\u021bean de Cultur\u0103 \u0219i Art\u0103 Dolj<\/p>\n<p>\ud83c\udfc6 MARELE PREMIU \u0218I TROFEUL FESTIVALULUI<\/p>\n<p>\u2022 Ansamblul Folcloric \u201eFiricel de Busuioc\u201d \u2013 Bac\u0103u, jud. Bac\u0103u<\/p>\n<p>\ud83d\udc83 ANSAMBLURI FOLCLORICE<\/p>\n<p>\ud83e\udd47 Premiul I<\/p>\n<p>\u2022 Ansamblul Folcloric \u201eFiricel de Busuioc\u201d \u2013 Bac\u0103u, jud. Bac\u0103u<\/p>\n<p>\u2022 Ansamblul Folcloric \u201eFlorile Moldovei\u201d \u2013 Ia\u0219i, jud. Ia\u0219i<\/p>\n<p>\u2022 Ansamblul Folcloric \u201eMo\u0219tenirea\u201d \u2013 Baciu, jud. Cluj<\/p>\n<p>\u2022 Ansamblul Folcloric \u201eGhiocel de la Luncavi\u021ba\u201d \u2013 Luncavi\u021ba, jud. Tulcea<\/p>\n<p>\ud83e\udd48 Premiul II<\/p>\n<p>\u2022 Ansamblul Folcloric \u201ePoieni\u021ba\u201d \u2013 Bra\u0219ov, jud. Bra\u0219ov<\/p>\n<p>\u2022 Ansamblul Folcloric \u201eCri\u0219ana\u201d \u2013 Oradea, jud. Bihor<\/p>\n<p>\ud83e\udd49 Premiul III<\/p>\n<p>\u2022 Ansamblul Folcloric \u201eCiob\u0103na\u0219ul\u201d \u2013 R\u0103d\u0103u\u021bi, jud. Suceava<\/p>\n<p>\ud83c\udfb6 FORMA\u021aII DE C\u00c2NTECE \u0218I DANSURI<\/p>\n<p>\ud83e\udd47 Premiul I<\/p>\n<p>\u2022 Ansamblul Folcloric \u201eAlti\u021be Dobrogene\u201d \u2013 Jijila, jud. Tulcea<\/p>\n<p>\u2022 Ansamblul Folcloric \u201eDanubius\u201d \u2013 Tulcea, jud. Tulcea<\/p>\n<p>\u2022 Ansamblul Folcloric \u201eMugura\u0219ul\u201d \u2013 Br\u0103ila, jud. Br\u0103ila<\/p>\n<p>\u2022 Ansamblul Folcloric \u201eDorule\u021bul\u201d \u2013 Tulcea, jud. Tulcea<\/p>\n<p>\ud83e\udd48 Premiul II<\/p>\n<p>\u2022 Ansamblul Folcloric \u201eConstantin Condruz\u201d \u2013 Gemenele, jud. Br\u0103ila<\/p>\n<p>\u2022 Ansamblul Folcloric \u201ePlai de Dor\u201d \u2013 Niculi\u021bel, jud. Tulcea<\/p>\n<p>\ud83e\udd49 Premiul III<\/p>\n<p>\u2022 Ansamblul Folcloric \u201eFlori de Cimbri\u0219or\u201d \u2013 Isaccea, jud. Tulcea<\/p>\n<p>\ud83d\udc83 FORMA\u021aII DE DANSURI<\/p>\n<p>\ud83e\udd47 Premiul I<\/p>\n<p>\u2022 Ansamblul Folcloric \u201ePlaiurile S\u00e2mbure\u0219tiului\u201d \u2013 S\u00e2mbure\u0219ti, jud. Olt<\/p>\n<p>\ud83e\udd49 Premiul III<\/p>\n<p>\u2022 Ansamblul Folcloric \u201ePoiana\u201d \u2013 Arge\u0219, jud. Arge\u0219<\/p>\n<p>\ud83c\udfa4 PREMII SOLI\u0218TI VOCALI<\/p>\n<p>\ud83e\udd47 Premiul I<\/p>\n<p>\u2022 Sara Maria Munteanu \u2013 solist vocal al Ansamblului Folcloric \u201eConstantin Condruz\u201d, Gemenele, jud. Br\u0103ila<\/p>\n<p>\u2022 Giulia Or\u0103\u0219anu \u2013 solist vocal al Ansamblului Folcloric \u201eMugura\u0219ul\u201d, Br\u0103ila, jud. Br\u0103ila<\/p>\n<p>\u2022 Maria Tucan \u2013 solist vocal al Ansamblului Folcloric \u201eFlorile Moldovei\u201d, Ia\u0219i, jud. Ia\u0219i<\/p>\n<p>\u2022 Alondra Ursache \u2013 solist vocal al Ansamblului Folcloric \u201eFlorile Moldovei\u201d, Ia\u0219i, jud. Ia\u0219i<\/p>\n<p>\u2022 Daria Macsim \u2013 solist vocal al Ansamblului Folcloric \u201eFiricel de Busuioc\u201d, Bac\u0103u, jud. Bac\u0103u<\/p>\n<p>\u2022 Andreea \u0218tefania Iure\u0219 \u2013 solist vocal al Ansamblului Folcloric \u201eGhiocel de la Luncavi\u021ba\u201d, Luncavi\u021ba, jud. Tulcea<\/p>\n<p>\u2022 Antonia Dan \u2013 solist vocal al Ansamblului Folcloric \u201eFlori de Cimbri\u0219or\u201d, Isaccea, jud. Tulcea<\/p>\n<p>\u2022 Raluca Sava \u2013 solist vocal al Ansamblului Folcloric \u201eFlori de Cimbri\u0219or\u201d, Isaccea, jud. Tulcea<\/p>\n<p>\ud83e\udd48 Premiul II<\/p>\n<p>\u2022 Alexandra Luchian \u2013 solist vocal al Ansamblului Folcloric \u201eMo\u0219tenirea\u201d, Baciu, jud. Cluj<\/p>\n<p>\u2022 Medeea Trombi\u021ba\u0219 \u2013 solist vocal al Ansamblului Folcloric \u201eMo\u0219tenirea\u201d, Baciu, jud. Cluj<\/p>\n<p>\u2022 Alexia Ioana Tacea \u2013 solist vocal al Ansamblului Folcloric \u201ePoieni\u021ba\u201d, Bra\u0219ov, jud. Bra\u0219ov<\/p>\n<p>\u2022 Gabriela Chira \u2013 solist vocal al Ansamblului Folcloric \u201eCiob\u0103na\u0219ul\u201d, R\u0103d\u0103u\u021bi, jud. Suceava<\/p>\n<p>\u2022 Elisabeta Gale\u0219 \u2013 solist vocal al Ansamblului Folcloric \u201eCiob\u0103na\u0219ul\u201d, R\u0103d\u0103u\u021bi, jud. Suceava<\/p>\n<p>\u2022 Sofia-Isabela Sfichi \u2013 solist vocal al Ansamblului Folcloric \u201eCiob\u0103na\u0219ul\u201d, R\u0103d\u0103u\u021bi, jud. Suceava<\/p>\n<p>\u2022 Valeria Maria Chiriac \u2013 solist vocal al Ansamblului Folcloric \u201eAlti\u021be Dobrogene\u201d, Jijila, jud. Tulcea<\/p>\n<p>\ud83c\udfbc PREMII GRUPURI VOCALE<\/p>\n<p>Sec\u021biunea duet \u2013 Premiul I<\/p>\n<p>\u2022 David B\u0103b\u0103ianu \u2013 solist vocal al Ansamblului \u201ePlai de Dor\u201d, Niculi\u021bel, jud. Tulcea<\/p>\n<p>\u2022 Cristina Radu \u2013 solist vocal al Ansamblului Folcloric \u201eDanubius\u201d, Tulcea, jud. Tulcea<\/p>\n<p>\u2022 Gabriela G\u0103l\u0103\u021beanu \u2013 solist vocal al Ansamblului \u201eDanubius\u201d, Tulcea, jud. Tulcea<\/p>\n<p>Sec\u021biunea grup vocal \u2013 Premiul II<\/p>\n<p>\u2022 Grup vocal Ansamblul Folcloric \u201eDorule\u021bul\u201d \u2013 Tulcea, jud. Tulcea<\/p>\n<p>\u2022 Carla Leonte \u2013 solist vocal<\/p>\n<p>\u2022 Nicolas Bra\u0219oveanu \u2013 solist vocal<\/p>\n<p>\u2022 Andreea Pu\u0219ca\u0219u \u2013 solist vocal<\/p>\n<p>\u2022 Teodora B\u0103iceanu \u2013 solist vocal<\/p>\n<p>\ud83c\udfbb PREMII SOLI\u0218TI INSTRUMENTI\u0218TI<\/p>\n<p>\u2022 Emilia Valeriu \u2013 solist instrumentist (nai), Ansamblul Folcloric \u201ePoieni\u021ba\u201d, Bra\u0219ov, jud. Bra\u0219ov<\/p>\n<p>\u2022 Raul Hotin \u2013 solist instrumentist (vioar\u0103), Ansamblul Folcloric \u201eFlorile Moldovei\u201d, Ia\u0219i, jud. Ia\u0219i<\/p>\n<p>\u2022 Miriam Ferariu \u2013 solist instrumentist (vioar\u0103), Ansamblul Folcloric \u201eFlorile Moldovei\u201d, Ia\u0219i, jud. Ia\u0219i<\/p>\n<p>\u2022 Ianis Tudor \u2013 solist instrumentist (trompet\u0103), Ansamblul Folcloric \u201eFlorile Moldovei\u201d, Ia\u0219i, jud. Ia\u0219i<\/p>\n<p>\ud83c\udf0d PREMII DE EXCELEN\u021a\u0102 \u2013 ANSAMBLURI DIN STR\u0102IN\u0102TATE<\/p>\n<p>\ud83c\udfc5 Premiul de excelen\u021b\u0103 pentru creativitate coregrafic\u0103<\/p>\n<p>\u2022 Ansamblul Folcloric \u201eSONECHKO\u201d \u2013 Ucraina<\/p>\n<p>\ud83c\udfc5 Premiul de excelen\u021b\u0103 pentru interpretare scenic\u0103<\/p>\n<p>\u2022 Ansamblul Folcloric \u201eTECNIART DANCE STUDIO\u201d \u2013 Mexic<\/p>\n<p>\ud83c\udfc5 Premiul de excelen\u021b\u0103 pentru transpunere scenic\u0103 a folclorului rom\u00e2nesc<\/p>\n<p>\u2022 Ansamblul Folcloric \u201eLOZIOARA\u201d \u2013 Republica Moldova<\/p>\n<p>\ud83c\udfc5 Premiul de excelen\u021b\u0103 pentru valorificarea scenic\u0103 a folclorului coregrafic tradi\u021bional<\/p>\n<p>\u2022 Ansamblul Folcloric \u201eKUD FOLKLORNA NIZA\u201d \u2013 Macedonia de Nord<\/p>\n<p>\ud83c\udfc5 Premiul de excelen\u021b\u0103 pentru popularitate<\/p>\n<p>\u2022 Ansamblul Folcloric \u201eESCOLA DE BALL DE BOT CALABRUIX\u201d \u2013 Spania<\/p>\n<p>\ud83c\udfc5 Premiul de excelen\u021b\u0103 pentru expresivitate scenic\u0103<\/p>\n<p>\u2022 Ansamblul Folcloric \u201ePOLATLI BELEDIYESI HALK DANSLARI TOPLULUGU\u201d \u2013 Turcia<\/p>\n<p>\ud83c\udfc5 Premiul de excelen\u021b\u0103 pentru virtuozitate<\/p>\n<p>\u2022 Ansamblul Folcloric \u201eMEZDRA-JUNIOR\u201d \u2013 Bulgaria<\/p>\n<p>\ud83c\udfb5 DIPLOM\u0102 DE INTERPRETARE MUZICAL\u0102<\/p>\n<p>\u2022 Creola Stanciu \u2013 solist vocal al Ansamblului Folcloric \u201eDoina Arge\u0219ului\u201d, Arge\u0219, jud. Arge\u0219<\/p>\n<p>\ud83c\udf1f DIPLOM\u0102 DE EXCELEN\u021a\u0102<\/p>\n<p>\u2022 Fanfara \u201eRotaria\u201d \u2013 Palatul Copiilor Vaslui<\/p>\n<p>\u2022 C\u0103t\u0103lin Iancu Jr. \u2013 solist instrumentist al Ansamblului Folcloric \u201eDoina Arge\u0219ului\u201d, Arge\u0219, jud. Arge\u0219<\/p>\n<p>\u2022 Cornel Borza \u2013 solist vocal al Ansamblului Folcloric \u201eCri\u0219ana\u201d, Oradea, jud. Bihor<\/p>\n<p>\ud83d\udc4f Felicit\u0103ri tuturor c\u00e2\u0219tig\u0103torilor \u0219i tuturor participan\u021bilor la cea de-a XXXII-a edi\u021bie a Festivalului \u2013 Concurs Interna\u021bional de Folclor \u201ePe\u0219ti\u0219orul de Aur\u201d!<\/p>\n<p>\ud83d\ude4f\ud83c\udffcV\u0103 mul\u021bumim pentru talent, pasiune \u0219i pentru bucuria cu care duce\u021bi mai departe c\u00e2ntecul, dansul \u0219i tradi\u021biile populare! \u2764\ufe0f<\/p>\n<\/div>\n<p>[analyse_source url=&#8221;https:\/\/ziaruldetulcea.ro\/rezultatele-festivalului-concurs-international-de-folclor-pestisorul-de-aur-editia-a-xxxii-a\/&#8221;]<\/p>\n","protected":false},"excerpt":{"rendered":"<p>[analyse_image type=&#8221;featured&#8221; src=&#8221;https:\/\/ziaruldetulcea.ro\/wp-content\/uploads\/2026\/08\/FB_IMG_1786520390087-640&#215;300.jpg&#8221;] \u00a0JURIUL EDI\u021aIEI A XXXII-A \ud83d\udd39 Pre\u0219edinte: 1\ufe0f\u20e3 PETRE \u0218U\u0218U \u2013 maestru coregraf \u0219i manager al Ansamblului Artistic Profesionist \u201eConstantin Arvinte\u201d \u2013 CJ Ia\u0219i \ud83d\udd39 Membri: 2\ufe0f\u20e3 LAURA FELEA \u2013 director al Palatului Copiilor Tulcea 3\ufe0f\u20e3 IOAN SIMIONCA \u2013 maestru coregraf, specialist \u00een comunicare \u2013 Bistri\u021ba 4\ufe0f\u20e3 LILIANA MARIA VLASE \u2013 manager al [&hellip;]<\/p>\n","protected":false},"author":1,"featured_media":0,"comment_status":"open","ping_status":"","sticky":false,"template":"","format":"standard","meta":{"footnotes":""},"categories":[89],"tags":[226,205],"class_list":["post-2091707","post","type-post","status-publish","format-standard","hentry","category-romania","tag-crawlmanager","tag-ziaruldetulcea-ro"],"_links":{"self":[{"href":"https:\/\/analyse.optim.biz\/index.php?rest_route=\/wp\/v2\/posts\/2091707","targetHints":{"allow":["GET"]}}],"collection":[{"href":"https:\/\/analyse.optim.biz\/index.php?rest_route=\/wp\/v2\/posts"}],"about":[{"href":"https:\/\/analyse.optim.biz\/index.php?rest_route=\/wp\/v2\/types\/post"}],"author":[{"embeddable":true,"href":"https:\/\/analyse.optim.biz\/index.php?rest_route=\/wp\/v2\/users\/1"}],"replies":[{"embeddable":true,"href":"https:\/\/analyse.optim.biz\/index.php?rest_route=%2Fwp%2Fv2%2Fcomments&post=2091707"}],"version-history":[{"count":0,"href":"https:\/\/analyse.optim.biz\/index.php?rest_route=\/wp\/v2\/posts\/2091707\/revisions"}],"wp:attachment":[{"href":"https:\/\/analyse.optim.biz\/index.php?rest_route=%2Fwp%2Fv2%2Fmedia&parent=2091707"}],"wp:term":[{"taxonomy":"category","embeddable":true,"href":"https:\/\/analyse.optim.biz\/index.php?rest_route=%2Fwp%2Fv2%2Fcategories&post=2091707"},{"taxonomy":"post_tag","embeddable":true,"href":"https:\/\/analyse.optim.biz\/index.php?rest_route=%2Fwp%2Fv2%2Ftags&post=2091707"}],"curies":[{"name":"wp","href":"https:\/\/api.w.org\/{rel}","templated":true}]}}